{"id":8401,"date":"2025-06-27T03:19:03","date_gmt":"2025-06-27T01:19:03","guid":{"rendered":"https:\/\/vieassociative.be\/actualites\/lecran-bleu-de-la-mort-est-mort\/"},"modified":"2025-06-27T03:19:03","modified_gmt":"2025-06-27T01:19:03","slug":"lecran-bleu-de-la-mort-est-mort","status":"publish","type":"post","link":"https:\/\/vieassociative.be\/actualites\/lecran-bleu-de-la-mort-est-mort\/","title":{"rendered":"L&rsquo;\u00e9cran bleu de la mort est mort"},"content":{"rendered":"<div class=\"mt-4 leading-6 md:mb-8\">L&rsquo;\u00e9cran d&rsquo;erreur embl\u00e9matique de Microsoft obtient un nouveau look.<\/div>\n<p><\/p>\n<p>L&#8217;embl\u00e9matique \u00e9cran bleu de la mort de Microsoft (BSOD) est mort apr\u00e8s 40 ans. Riper \u00e0 l&rsquo;\u00e9cran le plus paniqu\u00e9 qu&rsquo;un utilisateur de Windows peut rencontrer. Maintenant, pr\u00e9parez-vous \u00e0 craindre l&rsquo;\u00e9cran noir de la mort.<\/p>\n<p>Dans un article de blog sur son site Web aujourd&rsquo;hui, la soci\u00e9t\u00e9 a r\u00e9v\u00e9l\u00e9 qu&rsquo;elle \u00e9tait pr\u00eate \u00e0 aller en ligne avec une refonte d&rsquo;\u00e9cran d&rsquo;erreur qu&rsquo;elle a \u00e9t\u00e9 test\u00e9e depuis mars. Dans une mise \u00e0 jour de tous les appareils Windows 11, version 24H2 \u00e0 venir \u00ab\u00a0plus tard cet \u00e9t\u00e9\u00a0\u00bb, le BSOD sera enfin sorti de sa mis\u00e8re.<\/p>\n<p>Il s&rsquo;agit probablement d&rsquo;un moment doux-amer pour les utilisateurs de Windows, qui auront sans aucun doute des sentiments mitig\u00e9s sur le sort de l&rsquo;avertissement. Malgr\u00e9 son nom inqui\u00e9tant, obtenir un BSOD n&rsquo;a pas toujours \u00e9t\u00e9 aussi grave qu&rsquo;il semblait &#8211; un simple crash pourrait le d\u00e9clencher, et le red\u00e9marrage pourrait facilement le r\u00e9parer. Cela pourrait \u00eatre pire que cela aussi, mais dans de nombreux cas, l&rsquo;ancien BSOD a simplement ajout\u00e9 un peu de personnalit\u00e9 aux interruptions les plus ennuyeuses \u00e0 votre flux de travail. Surtout ces derni\u00e8res ann\u00e9es, lorsque vous verriez une \u00e9motic\u00f4ne fron\u00e7ant les sourcils lat\u00e9rale \u00e0 c\u00f4t\u00e9 de votre message d&rsquo;erreur.<\/p>\n<p>Mais parfois, la personnalit\u00e9 n&rsquo;est pas ce dont vous avez besoin, surtout lorsque vous \u00eates d\u00e9j\u00e0 stress\u00e9 par votre ordinateur pour rencontrer une grave erreur. Les entreprises et les voyageurs ont \u00e9t\u00e9 bombard\u00e9s d&rsquo;un \u00e9cran bleu de d\u00e9c\u00e8s particuli\u00e8rement insoluble lors de la panne de crowdsstrike de l&rsquo;ann\u00e9e derni\u00e8re, il est donc logique que Microsoft veuille s&rsquo;\u00e9loigner de toute association avec elle. <\/p>\n<div class=\"eloquent-imagery-image\">\n<div class=\"flex justify-center\">\n                    <img decoding=\"async\" class=\"border border-gray-100\" src=\"https:\/\/vieassociative.be\/actualites\/wp-content\/uploads\/2025\/06\/Lecran-bleu-de-la-mort-est-mort.png\" alt=\"\u00c9cran noir de la mort\" width=\"2000\" height=\"1125\" loading=\"lazy\"  >\n            <\/div>\n<\/p><\/div>\n<p>Entrez le nouvel \u00e9cran noir de la mort. En ressemblant davantage \u00e0 d&rsquo;autres messages d&rsquo;erreur Windows, il s&rsquo;agit d&rsquo;un \u00e9cran noir simple qui dit, en texte blanc, que \u00ab\u00a0votre appareil a rencontr\u00e9 un probl\u00e8me et doit red\u00e9marrer\u00a0\u00bb. Ci-dessous, un compteur de progr\u00e8s, parall\u00e8lement \u00e0 votre code d&rsquo;erreur et quel processus l&rsquo;a d\u00e9clench\u00e9.<\/p>\n<p>\u00ab\u00a0L&rsquo;interface utilisateur mise \u00e0 jour am\u00e9liore la lisibilit\u00e9 et s&rsquo;aligne mieux avec les principes de conception de Windows 11\u00a0\u00bb, a d\u00e9clar\u00e9 le vice-pr\u00e9sident de Microsoft de l&rsquo;Enterprise et de la s\u00e9curit\u00e9 du syst\u00e8me d&rsquo;exploitation David Weston dans le billet de blog d&rsquo;aujourd&rsquo;hui.<\/p>\n<div class=\"pogoClear relative my-10 border-b-(1.5px) border-t-(1.5px) border-dashed border-black py-5 sm:my-14 sm:border-0 sm:py-0\" data-ga-click data-ga-template=\"News\" data-ga-module=\"openweb_widget\" data-ga-element=\"openweb_scroll\" data-ga-item=\"openweb_scroll_midpage\" x-data=\"{\n         commentsCount: null,\n         hasComments: false,\n         async fetchCommentsCount() {\n             try {\n                 if (window.openweb &amp;&amp; typeof window.openweb.getMessagesCount === 'function') {\n                     this.commentsCount = await window.openweb.getMessagesCount('01JYPSY4D5Q7YVE212278HKG37');\n                     this.hasComments = this.commentsCount !== null &amp;&amp; this.commentsCount &gt; 0;\n                 }\n             } catch (e) {\n                 console.warn('Failed to fetch comment count:', e);\n             }\n         }\n     }\" x-init=\"fetchCommentsCount()\" x-cloak><\/p>\n<div class=\"absolute top-1\/2 hidden w-full -translate-y-1\/2 border-t-(1.5px) border-dashed border-black sm:block\"><\/div>\n<div class=\"relative flex justify-center\">\n<div class=\"flex max-w-fit items-center gap-x-3 bg-white px-5\">\n<div class=\"relative\">\n                <span class=\"absolute left-1\/2 top-1\/2 -translate-x-1\/2 -translate-y-1\/2 font-akshar text-sm font-medium text-black\" aria-live=\"polite\" x-show=\"hasComments\" x-text=\"commentsCount\"><\/span><\/p>\n<p>                <svg class=\"h-8 w-8 text-black\" role=\"img\" aria-hidden=\"true\">\n                    <use href=\"http:\/\/lifehacker.com\/images\/icons\/spritemap.svg#sprite-chat-bubble\"><\/use>\n                <\/svg>\n            <\/div>\n<p>            <span class=\"text-sm font-medium text-black\"><\/p>\n<p>                Que pensez-vous jusqu&rsquo;\u00e0 pr\u00e9sent?<br \/>\n                <button class=\"ml-1 font-semibold text-brand-green underline hover:text-brand-green-700\" type=\"button\" aria-label=\"Comment section trigger\" onclick=\"window.openweb.scrollToComments('01JYPSY4D5Q7YVE212278HKG37')\" x-text=\"hasComments ? 'Post a comment.' : 'Be the first to post a comment.'\"><\/button><br \/>\n            <\/span>\n        <\/div>\n<\/p><\/div>\n<\/div>\n<p>Je conviendrai qu&rsquo;il est sans doute un peu moins inqui\u00e9tant que le BSOD actuel, qui d\u00e9pense beaucoup d&rsquo;espace d&rsquo;\u00e9cran sur cette grande \u00e9motic\u00f4ne fron\u00e7ant les sourcils, et a utilis\u00e9 pour dire \u00ab\u00a0votre PC a rencontr\u00e9 un probl\u00e8me qu&rsquo;il ne pouvait pas g\u00e9rer\u00a0\u00bb avant rien d&rsquo;autre. Personnellement, je pense que la nouvelle approche pourrait mieux refl\u00e9ter la plupart des situations qui pourraient d\u00e9clencher un BSOD &#8211; elles ne sont g\u00e9n\u00e9ralement pas aussi effrayantes qu&rsquo;elles le semblent. De plus, l&rsquo;ancien \u00e9cran d&rsquo;erreur ne vous a pas r\u00e9ellement indiqu\u00e9 quel processus a \u00e9chou\u00e9, donc voir que sur son remplacement est un bon bonus (il afficherait parfois un code QR, mais je ne pouvais souvent pas le faire scanner avant que mon ordinateur ne red\u00e9marre).<\/p>\n<p>Pourtant, une partie de moi manquera le vieux \u00e9cran bleu de la mort, de la m\u00eame mani\u00e8re que l&rsquo;anneau rouge de la mort a manqu\u00e9 ma premi\u00e8re Xbox 360. Syndrome de Stockholm, je suppose?<\/p>\n<p>En tout cas, Microsoft dit que lorsqu&rsquo;il lib\u00e8re le nouvel \u00e9cran noir de la mort (pas le nom officiel du message d&rsquo;erreur, mais pas l&rsquo;un ni l&rsquo;autre \u00ab\u00a0\u00c9cran bleu de la mort\u00a0\u00bb), il publiera \u00e9galement une nouvelle fonctionnalit\u00e9 de r\u00e9cup\u00e9ration rapide, qui vous aidera \u00e0 acc\u00e9der aux PC qui ne peuvent pas red\u00e9marrer normalement. En d&rsquo;autres termes, l&rsquo;entreprise essaie de s&rsquo;assurer que nous n&rsquo;obtiendrons pas un autre incident de crowdsstrike de sit\u00f4t. Et si nous le faisons, cela nous fera nous sentir un peu moins bleu.<\/p>\n","protected":false},"excerpt":{"rendered":"<p>L&rsquo;\u00e9cran d&rsquo;erreur embl\u00e9matique de Microsoft obtient un nouveau look. L&#8217;embl\u00e9matique \u00e9cran bleu de la mort de Microsoft (BSOD) est mort apr\u00e8s 40 ans. Riper \u00e0<\/p>\n","protected":false},"author":1,"featured_media":8402,"comment_status":"","ping_status":"","sticky":false,"template":"","format":"standard","meta":{"footnotes":""},"categories":[13],"tags":[1474,76,4182,1717],"class_list":["post-8401","post","type-post","status-publish","format-standard","has-post-thumbnail","hentry","category-technologie","tag-bleu","tag-est","tag-lecran","tag-mort","generate-columns","tablet-grid-50","mobile-grid-100","grid-parent","grid-33"],"yoast_head":"<!-- This site is optimized with the Yoast SEO plugin v24.0 - https:\/\/yoast.com\/wordpress\/plugins\/seo\/ -->\n<title>L&#039;\u00e9cran bleu de la mort est mort | Vie Associative<\/title>\n<meta name=\"robots\" content=\"index, follow, max-snippet:-1, max-image-preview:large, max-video-preview:-1\" \/>\n<link rel=\"canonical\" href=\"https:\/\/vieassociative.be\/actualites\/lecran-bleu-de-la-mort-est-mort\/\" \/>\n<meta property=\"og:locale\" content=\"fr_FR\" \/>\n<meta property=\"og:type\" content=\"article\" \/>\n<meta property=\"og:title\" content=\"L&#039;\u00e9cran bleu de la mort est mort | Vie Associative\" \/>\n<meta property=\"og:description\" content=\"L&rsquo;\u00e9cran d&rsquo;erreur embl\u00e9matique de Microsoft obtient un nouveau look. L&#8217;embl\u00e9matique \u00e9cran bleu de la mort de Microsoft (BSOD) est mort apr\u00e8s 40 ans. Riper \u00e0\" \/>\n<meta property=\"og:url\" content=\"https:\/\/vieassociative.be\/actualites\/lecran-bleu-de-la-mort-est-mort\/\" \/>\n<meta property=\"og:site_name\" content=\"Vie Associative\" \/>\n<meta property=\"article:published_time\" content=\"2025-06-27T01:19:03+00:00\" \/>\n<meta property=\"og:image\" content=\"https:\/\/vieassociative.be\/actualites\/wp-content\/uploads\/2025\/06\/Lecran-bleu-de-la-mort-est-mort.png\" \/>\n<meta name=\"author\" content=\"Julien\" \/>\n<meta name=\"twitter:card\" content=\"summary_large_image\" \/>\n<meta name=\"twitter:label1\" content=\"\u00c9crit par\" \/>\n\t<meta name=\"twitter:data1\" content=\"Julien\" \/>\n\t<meta name=\"twitter:label2\" content=\"Dur\u00e9e de lecture est.\" \/>\n\t<meta name=\"twitter:data2\" content=\"3 minutes\" \/>\n<script type=\"application\/ld+json\" class=\"yoast-schema-graph\">{\"@context\":\"https:\/\/schema.org\",\"@graph\":[{\"@type\":\"Article\",\"@id\":\"https:\/\/vieassociative.be\/actualites\/lecran-bleu-de-la-mort-est-mort\/#article\",\"isPartOf\":{\"@id\":\"https:\/\/vieassociative.be\/actualites\/lecran-bleu-de-la-mort-est-mort\/\"},\"author\":{\"name\":\"Julien\",\"@id\":\"https:\/\/vieassociative.be\/actualites\/#\/schema\/person\/b87ac4f82f9d4e7b7cec7395b679edc4\"},\"headline\":\"L&rsquo;\u00e9cran bleu de la mort est mort\",\"datePublished\":\"2025-06-27T01:19:03+00:00\",\"dateModified\":\"2025-06-27T01:19:03+00:00\",\"mainEntityOfPage\":{\"@id\":\"https:\/\/vieassociative.be\/actualites\/lecran-bleu-de-la-mort-est-mort\/\"},\"wordCount\":711,\"publisher\":{\"@id\":\"https:\/\/vieassociative.be\/actualites\/#organization\"},\"image\":{\"@id\":\"https:\/\/vieassociative.be\/actualites\/lecran-bleu-de-la-mort-est-mort\/#primaryimage\"},\"thumbnailUrl\":\"https:\/\/vieassociative.be\/actualites\/wp-content\/uploads\/2025\/06\/1750987144_Lecran-bleu-de-la-mort-est-mort.png\",\"keywords\":[\"bleu\",\"est\",\"l\u00e9cran\",\"mort\"],\"articleSection\":[\"Technologie\"],\"inLanguage\":\"fr-BE\"},{\"@type\":\"WebPage\",\"@id\":\"https:\/\/vieassociative.be\/actualites\/lecran-bleu-de-la-mort-est-mort\/\",\"url\":\"https:\/\/vieassociative.be\/actualites\/lecran-bleu-de-la-mort-est-mort\/\",\"name\":\"L'\u00e9cran bleu de la mort est mort | Vie Associative\",\"isPartOf\":{\"@id\":\"https:\/\/vieassociative.be\/actualites\/#website\"},\"primaryImageOfPage\":{\"@id\":\"https:\/\/vieassociative.be\/actualites\/lecran-bleu-de-la-mort-est-mort\/#primaryimage\"},\"image\":{\"@id\":\"https:\/\/vieassociative.be\/actualites\/lecran-bleu-de-la-mort-est-mort\/#primaryimage\"},\"thumbnailUrl\":\"https:\/\/vieassociative.be\/actualites\/wp-content\/uploads\/2025\/06\/1750987144_Lecran-bleu-de-la-mort-est-mort.png\",\"datePublished\":\"2025-06-27T01:19:03+00:00\",\"dateModified\":\"2025-06-27T01:19:03+00:00\",\"breadcrumb\":{\"@id\":\"https:\/\/vieassociative.be\/actualites\/lecran-bleu-de-la-mort-est-mort\/#breadcrumb\"},\"inLanguage\":\"fr-BE\",\"potentialAction\":[{\"@type\":\"ReadAction\",\"target\":[\"https:\/\/vieassociative.be\/actualites\/lecran-bleu-de-la-mort-est-mort\/\"]}]},{\"@type\":\"ImageObject\",\"inLanguage\":\"fr-BE\",\"@id\":\"https:\/\/vieassociative.be\/actualites\/lecran-bleu-de-la-mort-est-mort\/#primaryimage\",\"url\":\"https:\/\/vieassociative.be\/actualites\/wp-content\/uploads\/2025\/06\/1750987144_Lecran-bleu-de-la-mort-est-mort.png\",\"contentUrl\":\"https:\/\/vieassociative.be\/actualites\/wp-content\/uploads\/2025\/06\/1750987144_Lecran-bleu-de-la-mort-est-mort.png\",\"width\":1200,\"height\":675,\"caption\":\"L'\u00e9cran bleu de la mort est mort\"},{\"@type\":\"BreadcrumbList\",\"@id\":\"https:\/\/vieassociative.be\/actualites\/lecran-bleu-de-la-mort-est-mort\/#breadcrumb\",\"itemListElement\":[{\"@type\":\"ListItem\",\"position\":1,\"name\":\"Accueil\",\"item\":\"https:\/\/vieassociative.be\/actualites\/\"},{\"@type\":\"ListItem\",\"position\":2,\"name\":\"L&rsquo;\u00e9cran bleu de la mort est mort\"}]},{\"@type\":\"WebSite\",\"@id\":\"https:\/\/vieassociative.be\/actualites\/#website\",\"url\":\"https:\/\/vieassociative.be\/actualites\/\",\"name\":\"Vie Associative\",\"description\":\"\",\"publisher\":{\"@id\":\"https:\/\/vieassociative.be\/actualites\/#organization\"},\"potentialAction\":[{\"@type\":\"SearchAction\",\"target\":{\"@type\":\"EntryPoint\",\"urlTemplate\":\"https:\/\/vieassociative.be\/actualites\/?s={search_term_string}\"},\"query-input\":{\"@type\":\"PropertyValueSpecification\",\"valueRequired\":true,\"valueName\":\"search_term_string\"}}],\"inLanguage\":\"fr-BE\"},{\"@type\":\"Organization\",\"@id\":\"https:\/\/vieassociative.be\/actualites\/#organization\",\"name\":\"Vie Associative\",\"url\":\"https:\/\/vieassociative.be\/actualites\/\",\"logo\":{\"@type\":\"ImageObject\",\"inLanguage\":\"fr-BE\",\"@id\":\"https:\/\/vieassociative.be\/actualites\/#\/schema\/logo\/image\/\",\"url\":\"https:\/\/vieassociative.be\/actualites\/wp-content\/uploads\/2024\/09\/cropped-vieassociative_favicon.ico.png\",\"contentUrl\":\"https:\/\/vieassociative.be\/actualites\/wp-content\/uploads\/2024\/09\/cropped-vieassociative_favicon.ico.png\",\"width\":512,\"height\":512,\"caption\":\"Vie Associative\"},\"image\":{\"@id\":\"https:\/\/vieassociative.be\/actualites\/#\/schema\/logo\/image\/\"}},{\"@type\":\"Person\",\"@id\":\"https:\/\/vieassociative.be\/actualites\/#\/schema\/person\/b87ac4f82f9d4e7b7cec7395b679edc4\",\"name\":\"Julien\",\"image\":{\"@type\":\"ImageObject\",\"inLanguage\":\"fr-BE\",\"@id\":\"https:\/\/vieassociative.be\/actualites\/#\/schema\/person\/image\/\",\"url\":\"https:\/\/vieassociative.be\/actualites\/wp-content\/uploads\/2024\/09\/vie-associative-1-150x150.jpg\",\"contentUrl\":\"https:\/\/vieassociative.be\/actualites\/wp-content\/uploads\/2024\/09\/vie-associative-1-150x150.jpg\",\"caption\":\"Julien\"},\"description\":\"Je suis Julien, r\u00e9dacteur pour Vie Associative. Passionn\u00e9 par le monde associatif depuis plus de 10 ans, j'ai \u00e0 c\u0153ur de partager des histoires inspirantes et de mettre en lumi\u00e8re les initiatives locales. Mon objectif est de sensibiliser et d'encourager l'engagement communautaire \u00e0 travers mes articles.\",\"sameAs\":[\"https:\/\/vieassociative.be\/\"]}]}<\/script>\n<!-- \/ Yoast SEO plugin. -->","yoast_head_json":{"title":"L'\u00e9cran bleu de la mort est mort | Vie Associative","robots":{"index":"index","follow":"follow","max-snippet":"max-snippet:-1","max-image-preview":"max-image-preview:large","max-video-preview":"max-video-preview:-1"},"canonical":"https:\/\/vieassociative.be\/actualites\/lecran-bleu-de-la-mort-est-mort\/","og_locale":"fr_FR","og_type":"article","og_title":"L'\u00e9cran bleu de la mort est mort | Vie Associative","og_description":"L&rsquo;\u00e9cran d&rsquo;erreur embl\u00e9matique de Microsoft obtient un nouveau look. L&#8217;embl\u00e9matique \u00e9cran bleu de la mort de Microsoft (BSOD) est mort apr\u00e8s 40 ans. Riper \u00e0","og_url":"https:\/\/vieassociative.be\/actualites\/lecran-bleu-de-la-mort-est-mort\/","og_site_name":"Vie Associative","article_published_time":"2025-06-27T01:19:03+00:00","og_image":[{"url":"https:\/\/vieassociative.be\/actualites\/wp-content\/uploads\/2025\/06\/Lecran-bleu-de-la-mort-est-mort.png","type":"","width":"","height":""}],"author":"Julien","twitter_card":"summary_large_image","twitter_misc":{"\u00c9crit par":"Julien","Dur\u00e9e de lecture est.":"3 minutes"},"schema":{"@context":"https:\/\/schema.org","@graph":[{"@type":"Article","@id":"https:\/\/vieassociative.be\/actualites\/lecran-bleu-de-la-mort-est-mort\/#article","isPartOf":{"@id":"https:\/\/vieassociative.be\/actualites\/lecran-bleu-de-la-mort-est-mort\/"},"author":{"name":"Julien","@id":"https:\/\/vieassociative.be\/actualites\/#\/schema\/person\/b87ac4f82f9d4e7b7cec7395b679edc4"},"headline":"L&rsquo;\u00e9cran bleu de la mort est mort","datePublished":"2025-06-27T01:19:03+00:00","dateModified":"2025-06-27T01:19:03+00:00","mainEntityOfPage":{"@id":"https:\/\/vieassociative.be\/actualites\/lecran-bleu-de-la-mort-est-mort\/"},"wordCount":711,"publisher":{"@id":"https:\/\/vieassociative.be\/actualites\/#organization"},"image":{"@id":"https:\/\/vieassociative.be\/actualites\/lecran-bleu-de-la-mort-est-mort\/#primaryimage"},"thumbnailUrl":"https:\/\/vieassociative.be\/actualites\/wp-content\/uploads\/2025\/06\/1750987144_Lecran-bleu-de-la-mort-est-mort.png","keywords":["bleu","est","l\u00e9cran","mort"],"articleSection":["Technologie"],"inLanguage":"fr-BE"},{"@type":"WebPage","@id":"https:\/\/vieassociative.be\/actualites\/lecran-bleu-de-la-mort-est-mort\/","url":"https:\/\/vieassociative.be\/actualites\/lecran-bleu-de-la-mort-est-mort\/","name":"L'\u00e9cran bleu de la mort est mort | Vie Associative","isPartOf":{"@id":"https:\/\/vieassociative.be\/actualites\/#website"},"primaryImageOfPage":{"@id":"https:\/\/vieassociative.be\/actualites\/lecran-bleu-de-la-mort-est-mort\/#primaryimage"},"image":{"@id":"https:\/\/vieassociative.be\/actualites\/lecran-bleu-de-la-mort-est-mort\/#primaryimage"},"thumbnailUrl":"https:\/\/vieassociative.be\/actualites\/wp-content\/uploads\/2025\/06\/1750987144_Lecran-bleu-de-la-mort-est-mort.png","datePublished":"2025-06-27T01:19:03+00:00","dateModified":"2025-06-27T01:19:03+00:00","breadcrumb":{"@id":"https:\/\/vieassociative.be\/actualites\/lecran-bleu-de-la-mort-est-mort\/#breadcrumb"},"inLanguage":"fr-BE","potentialAction":[{"@type":"ReadAction","target":["https:\/\/vieassociative.be\/actualites\/lecran-bleu-de-la-mort-est-mort\/"]}]},{"@type":"ImageObject","inLanguage":"fr-BE","@id":"https:\/\/vieassociative.be\/actualites\/lecran-bleu-de-la-mort-est-mort\/#primaryimage","url":"https:\/\/vieassociative.be\/actualites\/wp-content\/uploads\/2025\/06\/1750987144_Lecran-bleu-de-la-mort-est-mort.png","contentUrl":"https:\/\/vieassociative.be\/actualites\/wp-content\/uploads\/2025\/06\/1750987144_Lecran-bleu-de-la-mort-est-mort.png","width":1200,"height":675,"caption":"L'\u00e9cran bleu de la mort est mort"},{"@type":"BreadcrumbList","@id":"https:\/\/vieassociative.be\/actualites\/lecran-bleu-de-la-mort-est-mort\/#breadcrumb","itemListElement":[{"@type":"ListItem","position":1,"name":"Accueil","item":"https:\/\/vieassociative.be\/actualites\/"},{"@type":"ListItem","position":2,"name":"L&rsquo;\u00e9cran bleu de la mort est mort"}]},{"@type":"WebSite","@id":"https:\/\/vieassociative.be\/actualites\/#website","url":"https:\/\/vieassociative.be\/actualites\/","name":"Vie Associative","description":"","publisher":{"@id":"https:\/\/vieassociative.be\/actualites\/#organization"},"potentialAction":[{"@type":"SearchAction","target":{"@type":"EntryPoint","urlTemplate":"https:\/\/vieassociative.be\/actualites\/?s={search_term_string}"},"query-input":{"@type":"PropertyValueSpecification","valueRequired":true,"valueName":"search_term_string"}}],"inLanguage":"fr-BE"},{"@type":"Organization","@id":"https:\/\/vieassociative.be\/actualites\/#organization","name":"Vie Associative","url":"https:\/\/vieassociative.be\/actualites\/","logo":{"@type":"ImageObject","inLanguage":"fr-BE","@id":"https:\/\/vieassociative.be\/actualites\/#\/schema\/logo\/image\/","url":"https:\/\/vieassociative.be\/actualites\/wp-content\/uploads\/2024\/09\/cropped-vieassociative_favicon.ico.png","contentUrl":"https:\/\/vieassociative.be\/actualites\/wp-content\/uploads\/2024\/09\/cropped-vieassociative_favicon.ico.png","width":512,"height":512,"caption":"Vie Associative"},"image":{"@id":"https:\/\/vieassociative.be\/actualites\/#\/schema\/logo\/image\/"}},{"@type":"Person","@id":"https:\/\/vieassociative.be\/actualites\/#\/schema\/person\/b87ac4f82f9d4e7b7cec7395b679edc4","name":"Julien","image":{"@type":"ImageObject","inLanguage":"fr-BE","@id":"https:\/\/vieassociative.be\/actualites\/#\/schema\/person\/image\/","url":"https:\/\/vieassociative.be\/actualites\/wp-content\/uploads\/2024\/09\/vie-associative-1-150x150.jpg","contentUrl":"https:\/\/vieassociative.be\/actualites\/wp-content\/uploads\/2024\/09\/vie-associative-1-150x150.jpg","caption":"Julien"},"description":"Je suis Julien, r\u00e9dacteur pour Vie Associative. Passionn\u00e9 par le monde associatif depuis plus de 10 ans, j'ai \u00e0 c\u0153ur de partager des histoires inspirantes et de mettre en lumi\u00e8re les initiatives locales. Mon objectif est de sensibiliser et d'encourager l'engagement communautaire \u00e0 travers mes articles.","sameAs":["https:\/\/vieassociative.be\/"]}]}},"_links":{"self":[{"href":"https:\/\/vieassociative.be\/actualites\/wp-json\/wp\/v2\/posts\/8401"}],"collection":[{"href":"https:\/\/vieassociative.be\/actualites\/wp-json\/wp\/v2\/posts"}],"about":[{"href":"https:\/\/vieassociative.be\/actualites\/wp-json\/wp\/v2\/types\/post"}],"author":[{"embeddable":true,"href":"https:\/\/vieassociative.be\/actualites\/wp-json\/wp\/v2\/users\/1"}],"replies":[{"embeddable":true,"href":"https:\/\/vieassociative.be\/actualites\/wp-json\/wp\/v2\/comments?post=8401"}],"version-history":[{"count":0,"href":"https:\/\/vieassociative.be\/actualites\/wp-json\/wp\/v2\/posts\/8401\/revisions"}],"wp:featuredmedia":[{"embeddable":true,"href":"https:\/\/vieassociative.be\/actualites\/wp-json\/wp\/v2\/media\/8402"}],"wp:attachment":[{"href":"https:\/\/vieassociative.be\/actualites\/wp-json\/wp\/v2\/media?parent=8401"}],"wp:term":[{"taxonomy":"category","embeddable":true,"href":"https:\/\/vieassociative.be\/actualites\/wp-json\/wp\/v2\/categories?post=8401"},{"taxonomy":"post_tag","embeddable":true,"href":"https:\/\/vieassociative.be\/actualites\/wp-json\/wp\/v2\/tags?post=8401"}],"curies":[{"name":"wp","href":"https:\/\/api.w.org\/{rel}","templated":true}]}}