{"id":8399,"date":"2025-06-26T22:18:45","date_gmt":"2025-06-26T20:18:45","guid":{"rendered":"https:\/\/vieassociative.be\/actualites\/hitzesommer-et-plus-probablement-les-meteorologues-attendent-de-35-a-40-degres-pour-la-semaine-a-venir\/"},"modified":"2025-06-26T22:18:45","modified_gmt":"2025-06-26T20:18:45","slug":"hitzesommer-et-plus-probablement-les-meteorologues-attendent-de-35-a-40-degres-pour-la-semaine-a-venir","status":"publish","type":"post","link":"https:\/\/vieassociative.be\/actualites\/hitzesommer-et-plus-probablement-les-meteorologues-attendent-de-35-a-40-degres-pour-la-semaine-a-venir\/","title":{"rendered":"Hitzesommer et plus probablement: les m\u00e9t\u00e9orologues attendent de 35 \u00e0 40 degr\u00e9s pour la semaine \u00e0 venir"},"content":{"rendered":"<p><strong>Selon les pr\u00e9dictions du KGL. Les institutions m\u00e9t\u00e9orologiques (KMI) augmenteront consid\u00e9rablement les temp\u00e9ratures de samedi. La premi\u00e8re semaine de juillet, lorsque les vacances scolaires ont commenc\u00e9 en Belgique orientale, promet de devenir tr\u00e8s chaude.<\/strong><\/p>\n<p><span id=\"more-418669\"><\/span>Selon les m\u00e9t\u00e9orologues, il ne fait aucun doute que la premi\u00e8re vague de chaleur utilisera ce week-end. Ensuite, une zone de pression \u00e9lev\u00e9e est \u00e9tablie sur l&rsquo;Europe centrale et fait beaucoup de sueur en Belgique.<\/p>\n<p>Pour rappel: le KMI parle d&rsquo;une vague de chaleur nationale lorsque les temp\u00e9ratures maximales \u00e0 l&rsquo;UCCLE atteignent au moins 25 degr\u00e9s sur au moins cinq jours cons\u00e9cutifs, le seuil de 30 \u00e9tant d\u00e9pass\u00e9 sur au moins trois jours.<\/p>\n<div id=\"attachment_361748\" class=\"wp-caption alignleft\" style=\"max-width: 300px\"><img fetchpriority=\"high\" decoding=\"async\" class=\"wp-image-361748 size-medium\" src=\"https:\/\/vieassociative.be\/actualites\/wp-content\/uploads\/2025\/06\/Hitzesommer-et-plus-probablement-les-meteorologues-attendent-de-35-a.jpg\" alt=\"\" width=\"300\" height=\"200\"><\/p>\n<p class=\"wp-caption-text\">Un thermom\u00e8tre ext\u00e9rieur dans un jardin d&rsquo;attribution montre la temp\u00e9rature de pr\u00e8s de 40 degr\u00e9s. Il pourrait \u00eatre si chaud avec nous la semaine prochaine. Photo: Jens B\u00fcttner \/ DPA<\/p>\n<\/div>\n<p>En Belgique, le point culminant de la temp\u00e9rature est pr\u00e9vu pour mardi prochain: \u00ab\u00a0Je m&rsquo;attends \u00e0 35 degr\u00e9s, mais certains mod\u00e8les m\u00e9t\u00e9orologiques pr\u00e9disent m\u00eame jusqu&rsquo;\u00e0 40 degr\u00e9s\u00a0\u00bb, avertit Ruben Weytens, m\u00e9t\u00e9orologue, au journal quotidien flamand \u00ab\u00a0Het Belang Van Limburg\u00a0\u00bb.<\/p>\n<p>\u00ab\u00a0De samedi, tous les mod\u00e8les m\u00e9t\u00e9orologiques montrent 30 degr\u00e9s. Si cela est confirm\u00e9, la vague de chaleur est in\u00e9vitable\u00a0\u00bb, explique le m\u00e9t\u00e9orologue. \u00ab\u00a0Je m&rsquo;attends \u00e0 35 degr\u00e9s en ce moment, mais certains mod\u00e8les montrent 39\/40 degr\u00e9s. La th\u00e9orie est possible. Et \u00e0 l&rsquo;avenir, elle sera r\u00e9p\u00e9t\u00e9e. La M\u00e9diterran\u00e9e est d\u00e9j\u00e0 plus chaude qu&rsquo;auparavant. Et en raison d&rsquo;une zone \u00e0 haute pression sur l&rsquo;Europe occidentale, l&rsquo;air chaud de l&rsquo;Afrique nous arrive. Ce ph\u00e9nom\u00e8ne n&rsquo;est pas nouveau. De cette fa\u00e7on, nous ressentons le r\u00e9chauffement climatique avec nous.\u00a0\u00bb<\/p>\n<p>La journ\u00e9e la plus chaude jamais mesur\u00e9e en Belgique \u00e9tait le 25 juillet 2019. Ce jour-l\u00e0, 40,7 degr\u00e9s ont \u00e9t\u00e9 mesur\u00e9s \u00e0 Kleine-Brogel. Weytens pense qu&rsquo;il est tr\u00e8s probable que nous conna\u00eetrons plusieurs vagues de chaleur cet \u00e9t\u00e9. (Cre)<\/p>\n","protected":false},"excerpt":{"rendered":"<p>Selon les pr\u00e9dictions du KGL. Les institutions m\u00e9t\u00e9orologiques (KMI) augmenteront consid\u00e9rablement les temp\u00e9ratures de samedi. La premi\u00e8re semaine de juillet, lorsque les vacances scolaires ont<\/p>\n","protected":false},"author":1,"featured_media":8400,"comment_status":"","ping_status":"","sticky":false,"template":"","format":"standard","meta":{"footnotes":""},"categories":[298],"tags":[5932,1739,7543,14,7029,81,419,1348,593],"class_list":["post-8399","post","type-post","status-publish","format-standard","has-post-thumbnail","hentry","category-belgique","tag-attendent","tag-degres","tag-hitzesommer","tag-les","tag-meteorologues","tag-pour","tag-probablement","tag-semaine","tag-venir","generate-columns","tablet-grid-50","mobile-grid-100","grid-parent","grid-33"],"yoast_head":"<!-- This site is optimized with the Yoast SEO plugin v24.0 - https:\/\/yoast.com\/wordpress\/plugins\/seo\/ -->\n<title>Hitzesommer et plus probablement: les m\u00e9t\u00e9orologues attendent de 35 \u00e0 40 degr\u00e9s pour la semaine \u00e0 venir | Vie Associative<\/title>\n<meta name=\"robots\" content=\"index, follow, max-snippet:-1, max-image-preview:large, max-video-preview:-1\" \/>\n<link rel=\"canonical\" href=\"https:\/\/vieassociative.be\/actualites\/hitzesommer-et-plus-probablement-les-meteorologues-attendent-de-35-a-40-degres-pour-la-semaine-a-venir\/\" \/>\n<meta property=\"og:locale\" content=\"fr_FR\" \/>\n<meta property=\"og:type\" content=\"article\" \/>\n<meta property=\"og:title\" content=\"Hitzesommer et plus probablement: les m\u00e9t\u00e9orologues attendent de 35 \u00e0 40 degr\u00e9s pour la semaine \u00e0 venir | Vie Associative\" \/>\n<meta property=\"og:description\" content=\"Selon les pr\u00e9dictions du KGL. Les institutions m\u00e9t\u00e9orologiques (KMI) augmenteront consid\u00e9rablement les temp\u00e9ratures de samedi. La premi\u00e8re semaine de juillet, lorsque les vacances scolaires ont\" \/>\n<meta property=\"og:url\" content=\"https:\/\/vieassociative.be\/actualites\/hitzesommer-et-plus-probablement-les-meteorologues-attendent-de-35-a-40-degres-pour-la-semaine-a-venir\/\" \/>\n<meta property=\"og:site_name\" content=\"Vie Associative\" \/>\n<meta property=\"article:published_time\" content=\"2025-06-26T20:18:45+00:00\" \/>\n<meta property=\"og:image\" content=\"https:\/\/vieassociative.be\/actualites\/wp-content\/uploads\/2024\/09\/header_backgroundk-01-e1726694325946.png\" \/>\n\t<meta property=\"og:image:width\" content=\"279\" \/>\n\t<meta property=\"og:image:height\" content=\"92\" \/>\n\t<meta property=\"og:image:type\" content=\"image\/png\" \/>\n<meta name=\"author\" content=\"Julien\" \/>\n<meta name=\"twitter:card\" content=\"summary_large_image\" \/>\n<meta name=\"twitter:label1\" content=\"\u00c9crit par\" \/>\n\t<meta name=\"twitter:data1\" content=\"Julien\" \/>\n\t<meta name=\"twitter:label2\" content=\"Dur\u00e9e de lecture est.\" \/>\n\t<meta name=\"twitter:data2\" content=\"2 minutes\" \/>\n<script type=\"application\/ld+json\" class=\"yoast-schema-graph\">{\"@context\":\"https:\/\/schema.org\",\"@graph\":[{\"@type\":\"Article\",\"@id\":\"https:\/\/vieassociative.be\/actualites\/hitzesommer-et-plus-probablement-les-meteorologues-attendent-de-35-a-40-degres-pour-la-semaine-a-venir\/#article\",\"isPartOf\":{\"@id\":\"https:\/\/vieassociative.be\/actualites\/hitzesommer-et-plus-probablement-les-meteorologues-attendent-de-35-a-40-degres-pour-la-semaine-a-venir\/\"},\"author\":{\"name\":\"Julien\",\"@id\":\"https:\/\/vieassociative.be\/actualites\/#\/schema\/person\/b87ac4f82f9d4e7b7cec7395b679edc4\"},\"headline\":\"Hitzesommer et plus probablement: les m\u00e9t\u00e9orologues attendent de 35 \u00e0 40 degr\u00e9s pour la semaine \u00e0 venir\",\"datePublished\":\"2025-06-26T20:18:45+00:00\",\"dateModified\":\"2025-06-26T20:18:45+00:00\",\"mainEntityOfPage\":{\"@id\":\"https:\/\/vieassociative.be\/actualites\/hitzesommer-et-plus-probablement-les-meteorologues-attendent-de-35-a-40-degres-pour-la-semaine-a-venir\/\"},\"wordCount\":371,\"publisher\":{\"@id\":\"https:\/\/vieassociative.be\/actualites\/#organization\"},\"image\":{\"@id\":\"https:\/\/vieassociative.be\/actualites\/hitzesommer-et-plus-probablement-les-meteorologues-attendent-de-35-a-40-degres-pour-la-semaine-a-venir\/#primaryimage\"},\"thumbnailUrl\":\"https:\/\/vieassociative.be\/actualites\/wp-content\/uploads\/2025\/06\/1750969125_Hitzesommer-et-plus-probablement-les-meteorologues-attendent-de-35-a.jpg\",\"keywords\":[\"attendent\",\"degr\u00e9s\",\"Hitzesommer\",\"Les\",\"m\u00e9t\u00e9orologues\",\"pour\",\"probablement\",\"semaine\",\"venir\"],\"articleSection\":[\"Belgique\"],\"inLanguage\":\"fr-BE\"},{\"@type\":\"WebPage\",\"@id\":\"https:\/\/vieassociative.be\/actualites\/hitzesommer-et-plus-probablement-les-meteorologues-attendent-de-35-a-40-degres-pour-la-semaine-a-venir\/\",\"url\":\"https:\/\/vieassociative.be\/actualites\/hitzesommer-et-plus-probablement-les-meteorologues-attendent-de-35-a-40-degres-pour-la-semaine-a-venir\/\",\"name\":\"Hitzesommer et plus probablement: les m\u00e9t\u00e9orologues attendent de 35 \u00e0 40 degr\u00e9s pour la semaine \u00e0 venir | Vie Associative\",\"isPartOf\":{\"@id\":\"https:\/\/vieassociative.be\/actualites\/#website\"},\"primaryImageOfPage\":{\"@id\":\"https:\/\/vieassociative.be\/actualites\/hitzesommer-et-plus-probablement-les-meteorologues-attendent-de-35-a-40-degres-pour-la-semaine-a-venir\/#primaryimage\"},\"image\":{\"@id\":\"https:\/\/vieassociative.be\/actualites\/hitzesommer-et-plus-probablement-les-meteorologues-attendent-de-35-a-40-degres-pour-la-semaine-a-venir\/#primaryimage\"},\"thumbnailUrl\":\"https:\/\/vieassociative.be\/actualites\/wp-content\/uploads\/2025\/06\/1750969125_Hitzesommer-et-plus-probablement-les-meteorologues-attendent-de-35-a.jpg\",\"datePublished\":\"2025-06-26T20:18:45+00:00\",\"dateModified\":\"2025-06-26T20:18:45+00:00\",\"breadcrumb\":{\"@id\":\"https:\/\/vieassociative.be\/actualites\/hitzesommer-et-plus-probablement-les-meteorologues-attendent-de-35-a-40-degres-pour-la-semaine-a-venir\/#breadcrumb\"},\"inLanguage\":\"fr-BE\",\"potentialAction\":[{\"@type\":\"ReadAction\",\"target\":[\"https:\/\/vieassociative.be\/actualites\/hitzesommer-et-plus-probablement-les-meteorologues-attendent-de-35-a-40-degres-pour-la-semaine-a-venir\/\"]}]},{\"@type\":\"ImageObject\",\"inLanguage\":\"fr-BE\",\"@id\":\"https:\/\/vieassociative.be\/actualites\/hitzesommer-et-plus-probablement-les-meteorologues-attendent-de-35-a-40-degres-pour-la-semaine-a-venir\/#primaryimage\",\"url\":\"https:\/\/vieassociative.be\/actualites\/wp-content\/uploads\/2025\/06\/1750969125_Hitzesommer-et-plus-probablement-les-meteorologues-attendent-de-35-a.jpg\",\"contentUrl\":\"https:\/\/vieassociative.be\/actualites\/wp-content\/uploads\/2025\/06\/1750969125_Hitzesommer-et-plus-probablement-les-meteorologues-attendent-de-35-a.jpg\",\"width\":1200,\"height\":800,\"caption\":\"Hitzesommer et plus probablement: les m\u00e9t\u00e9orologues attendent de 35 \u00e0 40 degr\u00e9s pour la semaine \u00e0 venir\"},{\"@type\":\"BreadcrumbList\",\"@id\":\"https:\/\/vieassociative.be\/actualites\/hitzesommer-et-plus-probablement-les-meteorologues-attendent-de-35-a-40-degres-pour-la-semaine-a-venir\/#breadcrumb\",\"itemListElement\":[{\"@type\":\"ListItem\",\"position\":1,\"name\":\"Accueil\",\"item\":\"https:\/\/vieassociative.be\/actualites\/\"},{\"@type\":\"ListItem\",\"position\":2,\"name\":\"Hitzesommer et plus probablement: les m\u00e9t\u00e9orologues attendent de 35 \u00e0 40 degr\u00e9s pour la semaine \u00e0 venir\"}]},{\"@type\":\"WebSite\",\"@id\":\"https:\/\/vieassociative.be\/actualites\/#website\",\"url\":\"https:\/\/vieassociative.be\/actualites\/\",\"name\":\"Vie Associative\",\"description\":\"\",\"publisher\":{\"@id\":\"https:\/\/vieassociative.be\/actualites\/#organization\"},\"potentialAction\":[{\"@type\":\"SearchAction\",\"target\":{\"@type\":\"EntryPoint\",\"urlTemplate\":\"https:\/\/vieassociative.be\/actualites\/?s={search_term_string}\"},\"query-input\":{\"@type\":\"PropertyValueSpecification\",\"valueRequired\":true,\"valueName\":\"search_term_string\"}}],\"inLanguage\":\"fr-BE\"},{\"@type\":\"Organization\",\"@id\":\"https:\/\/vieassociative.be\/actualites\/#organization\",\"name\":\"Vie Associative\",\"url\":\"https:\/\/vieassociative.be\/actualites\/\",\"logo\":{\"@type\":\"ImageObject\",\"inLanguage\":\"fr-BE\",\"@id\":\"https:\/\/vieassociative.be\/actualites\/#\/schema\/logo\/image\/\",\"url\":\"https:\/\/vieassociative.be\/actualites\/wp-content\/uploads\/2024\/09\/cropped-vieassociative_favicon.ico.png\",\"contentUrl\":\"https:\/\/vieassociative.be\/actualites\/wp-content\/uploads\/2024\/09\/cropped-vieassociative_favicon.ico.png\",\"width\":512,\"height\":512,\"caption\":\"Vie Associative\"},\"image\":{\"@id\":\"https:\/\/vieassociative.be\/actualites\/#\/schema\/logo\/image\/\"}},{\"@type\":\"Person\",\"@id\":\"https:\/\/vieassociative.be\/actualites\/#\/schema\/person\/b87ac4f82f9d4e7b7cec7395b679edc4\",\"name\":\"Julien\",\"image\":{\"@type\":\"ImageObject\",\"inLanguage\":\"fr-BE\",\"@id\":\"https:\/\/vieassociative.be\/actualites\/#\/schema\/person\/image\/\",\"url\":\"https:\/\/vieassociative.be\/actualites\/wp-content\/uploads\/2024\/09\/vie-associative-1-150x150.jpg\",\"contentUrl\":\"https:\/\/vieassociative.be\/actualites\/wp-content\/uploads\/2024\/09\/vie-associative-1-150x150.jpg\",\"caption\":\"Julien\"},\"description\":\"Je suis Julien, r\u00e9dacteur pour Vie Associative. Passionn\u00e9 par le monde associatif depuis plus de 10 ans, j'ai \u00e0 c\u0153ur de partager des histoires inspirantes et de mettre en lumi\u00e8re les initiatives locales. Mon objectif est de sensibiliser et d'encourager l'engagement communautaire \u00e0 travers mes articles.\",\"sameAs\":[\"https:\/\/vieassociative.be\/\"]}]}<\/script>\n<!-- \/ Yoast SEO plugin. -->","yoast_head_json":{"title":"Hitzesommer et plus probablement: les m\u00e9t\u00e9orologues attendent de 35 \u00e0 40 degr\u00e9s pour la semaine \u00e0 venir | Vie Associative","robots":{"index":"index","follow":"follow","max-snippet":"max-snippet:-1","max-image-preview":"max-image-preview:large","max-video-preview":"max-video-preview:-1"},"canonical":"https:\/\/vieassociative.be\/actualites\/hitzesommer-et-plus-probablement-les-meteorologues-attendent-de-35-a-40-degres-pour-la-semaine-a-venir\/","og_locale":"fr_FR","og_type":"article","og_title":"Hitzesommer et plus probablement: les m\u00e9t\u00e9orologues attendent de 35 \u00e0 40 degr\u00e9s pour la semaine \u00e0 venir | Vie Associative","og_description":"Selon les pr\u00e9dictions du KGL. Les institutions m\u00e9t\u00e9orologiques (KMI) augmenteront consid\u00e9rablement les temp\u00e9ratures de samedi. La premi\u00e8re semaine de juillet, lorsque les vacances scolaires ont","og_url":"https:\/\/vieassociative.be\/actualites\/hitzesommer-et-plus-probablement-les-meteorologues-attendent-de-35-a-40-degres-pour-la-semaine-a-venir\/","og_site_name":"Vie Associative","article_published_time":"2025-06-26T20:18:45+00:00","og_image":[{"width":279,"height":92,"url":"https:\/\/vieassociative.be\/actualites\/wp-content\/uploads\/2024\/09\/header_backgroundk-01-e1726694325946.png","type":"image\/png"}],"author":"Julien","twitter_card":"summary_large_image","twitter_misc":{"\u00c9crit par":"Julien","Dur\u00e9e de lecture est.":"2 minutes"},"schema":{"@context":"https:\/\/schema.org","@graph":[{"@type":"Article","@id":"https:\/\/vieassociative.be\/actualites\/hitzesommer-et-plus-probablement-les-meteorologues-attendent-de-35-a-40-degres-pour-la-semaine-a-venir\/#article","isPartOf":{"@id":"https:\/\/vieassociative.be\/actualites\/hitzesommer-et-plus-probablement-les-meteorologues-attendent-de-35-a-40-degres-pour-la-semaine-a-venir\/"},"author":{"name":"Julien","@id":"https:\/\/vieassociative.be\/actualites\/#\/schema\/person\/b87ac4f82f9d4e7b7cec7395b679edc4"},"headline":"Hitzesommer et plus probablement: les m\u00e9t\u00e9orologues attendent de 35 \u00e0 40 degr\u00e9s pour la semaine \u00e0 venir","datePublished":"2025-06-26T20:18:45+00:00","dateModified":"2025-06-26T20:18:45+00:00","mainEntityOfPage":{"@id":"https:\/\/vieassociative.be\/actualites\/hitzesommer-et-plus-probablement-les-meteorologues-attendent-de-35-a-40-degres-pour-la-semaine-a-venir\/"},"wordCount":371,"publisher":{"@id":"https:\/\/vieassociative.be\/actualites\/#organization"},"image":{"@id":"https:\/\/vieassociative.be\/actualites\/hitzesommer-et-plus-probablement-les-meteorologues-attendent-de-35-a-40-degres-pour-la-semaine-a-venir\/#primaryimage"},"thumbnailUrl":"https:\/\/vieassociative.be\/actualites\/wp-content\/uploads\/2025\/06\/1750969125_Hitzesommer-et-plus-probablement-les-meteorologues-attendent-de-35-a.jpg","keywords":["attendent","degr\u00e9s","Hitzesommer","Les","m\u00e9t\u00e9orologues","pour","probablement","semaine","venir"],"articleSection":["Belgique"],"inLanguage":"fr-BE"},{"@type":"WebPage","@id":"https:\/\/vieassociative.be\/actualites\/hitzesommer-et-plus-probablement-les-meteorologues-attendent-de-35-a-40-degres-pour-la-semaine-a-venir\/","url":"https:\/\/vieassociative.be\/actualites\/hitzesommer-et-plus-probablement-les-meteorologues-attendent-de-35-a-40-degres-pour-la-semaine-a-venir\/","name":"Hitzesommer et plus probablement: les m\u00e9t\u00e9orologues attendent de 35 \u00e0 40 degr\u00e9s pour la semaine \u00e0 venir | Vie Associative","isPartOf":{"@id":"https:\/\/vieassociative.be\/actualites\/#website"},"primaryImageOfPage":{"@id":"https:\/\/vieassociative.be\/actualites\/hitzesommer-et-plus-probablement-les-meteorologues-attendent-de-35-a-40-degres-pour-la-semaine-a-venir\/#primaryimage"},"image":{"@id":"https:\/\/vieassociative.be\/actualites\/hitzesommer-et-plus-probablement-les-meteorologues-attendent-de-35-a-40-degres-pour-la-semaine-a-venir\/#primaryimage"},"thumbnailUrl":"https:\/\/vieassociative.be\/actualites\/wp-content\/uploads\/2025\/06\/1750969125_Hitzesommer-et-plus-probablement-les-meteorologues-attendent-de-35-a.jpg","datePublished":"2025-06-26T20:18:45+00:00","dateModified":"2025-06-26T20:18:45+00:00","breadcrumb":{"@id":"https:\/\/vieassociative.be\/actualites\/hitzesommer-et-plus-probablement-les-meteorologues-attendent-de-35-a-40-degres-pour-la-semaine-a-venir\/#breadcrumb"},"inLanguage":"fr-BE","potentialAction":[{"@type":"ReadAction","target":["https:\/\/vieassociative.be\/actualites\/hitzesommer-et-plus-probablement-les-meteorologues-attendent-de-35-a-40-degres-pour-la-semaine-a-venir\/"]}]},{"@type":"ImageObject","inLanguage":"fr-BE","@id":"https:\/\/vieassociative.be\/actualites\/hitzesommer-et-plus-probablement-les-meteorologues-attendent-de-35-a-40-degres-pour-la-semaine-a-venir\/#primaryimage","url":"https:\/\/vieassociative.be\/actualites\/wp-content\/uploads\/2025\/06\/1750969125_Hitzesommer-et-plus-probablement-les-meteorologues-attendent-de-35-a.jpg","contentUrl":"https:\/\/vieassociative.be\/actualites\/wp-content\/uploads\/2025\/06\/1750969125_Hitzesommer-et-plus-probablement-les-meteorologues-attendent-de-35-a.jpg","width":1200,"height":800,"caption":"Hitzesommer et plus probablement: les m\u00e9t\u00e9orologues attendent de 35 \u00e0 40 degr\u00e9s pour la semaine \u00e0 venir"},{"@type":"BreadcrumbList","@id":"https:\/\/vieassociative.be\/actualites\/hitzesommer-et-plus-probablement-les-meteorologues-attendent-de-35-a-40-degres-pour-la-semaine-a-venir\/#breadcrumb","itemListElement":[{"@type":"ListItem","position":1,"name":"Accueil","item":"https:\/\/vieassociative.be\/actualites\/"},{"@type":"ListItem","position":2,"name":"Hitzesommer et plus probablement: les m\u00e9t\u00e9orologues attendent de 35 \u00e0 40 degr\u00e9s pour la semaine \u00e0 venir"}]},{"@type":"WebSite","@id":"https:\/\/vieassociative.be\/actualites\/#website","url":"https:\/\/vieassociative.be\/actualites\/","name":"Vie Associative","description":"","publisher":{"@id":"https:\/\/vieassociative.be\/actualites\/#organization"},"potentialAction":[{"@type":"SearchAction","target":{"@type":"EntryPoint","urlTemplate":"https:\/\/vieassociative.be\/actualites\/?s={search_term_string}"},"query-input":{"@type":"PropertyValueSpecification","valueRequired":true,"valueName":"search_term_string"}}],"inLanguage":"fr-BE"},{"@type":"Organization","@id":"https:\/\/vieassociative.be\/actualites\/#organization","name":"Vie Associative","url":"https:\/\/vieassociative.be\/actualites\/","logo":{"@type":"ImageObject","inLanguage":"fr-BE","@id":"https:\/\/vieassociative.be\/actualites\/#\/schema\/logo\/image\/","url":"https:\/\/vieassociative.be\/actualites\/wp-content\/uploads\/2024\/09\/cropped-vieassociative_favicon.ico.png","contentUrl":"https:\/\/vieassociative.be\/actualites\/wp-content\/uploads\/2024\/09\/cropped-vieassociative_favicon.ico.png","width":512,"height":512,"caption":"Vie Associative"},"image":{"@id":"https:\/\/vieassociative.be\/actualites\/#\/schema\/logo\/image\/"}},{"@type":"Person","@id":"https:\/\/vieassociative.be\/actualites\/#\/schema\/person\/b87ac4f82f9d4e7b7cec7395b679edc4","name":"Julien","image":{"@type":"ImageObject","inLanguage":"fr-BE","@id":"https:\/\/vieassociative.be\/actualites\/#\/schema\/person\/image\/","url":"https:\/\/vieassociative.be\/actualites\/wp-content\/uploads\/2024\/09\/vie-associative-1-150x150.jpg","contentUrl":"https:\/\/vieassociative.be\/actualites\/wp-content\/uploads\/2024\/09\/vie-associative-1-150x150.jpg","caption":"Julien"},"description":"Je suis Julien, r\u00e9dacteur pour Vie Associative. Passionn\u00e9 par le monde associatif depuis plus de 10 ans, j'ai \u00e0 c\u0153ur de partager des histoires inspirantes et de mettre en lumi\u00e8re les initiatives locales. Mon objectif est de sensibiliser et d'encourager l'engagement communautaire \u00e0 travers mes articles.","sameAs":["https:\/\/vieassociative.be\/"]}]}},"_links":{"self":[{"href":"https:\/\/vieassociative.be\/actualites\/wp-json\/wp\/v2\/posts\/8399"}],"collection":[{"href":"https:\/\/vieassociative.be\/actualites\/wp-json\/wp\/v2\/posts"}],"about":[{"href":"https:\/\/vieassociative.be\/actualites\/wp-json\/wp\/v2\/types\/post"}],"author":[{"embeddable":true,"href":"https:\/\/vieassociative.be\/actualites\/wp-json\/wp\/v2\/users\/1"}],"replies":[{"embeddable":true,"href":"https:\/\/vieassociative.be\/actualites\/wp-json\/wp\/v2\/comments?post=8399"}],"version-history":[{"count":0,"href":"https:\/\/vieassociative.be\/actualites\/wp-json\/wp\/v2\/posts\/8399\/revisions"}],"wp:featuredmedia":[{"embeddable":true,"href":"https:\/\/vieassociative.be\/actualites\/wp-json\/wp\/v2\/media\/8400"}],"wp:attachment":[{"href":"https:\/\/vieassociative.be\/actualites\/wp-json\/wp\/v2\/media?parent=8399"}],"wp:term":[{"taxonomy":"category","embeddable":true,"href":"https:\/\/vieassociative.be\/actualites\/wp-json\/wp\/v2\/categories?post=8399"},{"taxonomy":"post_tag","embeddable":true,"href":"https:\/\/vieassociative.be\/actualites\/wp-json\/wp\/v2\/tags?post=8399"}],"curies":[{"name":"wp","href":"https:\/\/api.w.org\/{rel}","templated":true}]}}