{"id":8395,"date":"2025-06-26T20:17:55","date_gmt":"2025-06-26T18:17:55","guid":{"rendered":"https:\/\/vieassociative.be\/actualites\/il-y-a-de-nouvelles-raisons-de-ne-jamais-garder-des-captures-decran-dinformations-privees-sur-votre-telephone\/"},"modified":"2025-06-26T20:17:55","modified_gmt":"2025-06-26T18:17:55","slug":"il-y-a-de-nouvelles-raisons-de-ne-jamais-garder-des-captures-decran-dinformations-privees-sur-votre-telephone","status":"publish","type":"post","link":"https:\/\/vieassociative.be\/actualites\/il-y-a-de-nouvelles-raisons-de-ne-jamais-garder-des-captures-decran-dinformations-privees-sur-votre-telephone\/","title":{"rendered":"Il y a de nouvelles raisons de ne jamais garder des captures d&rsquo;\u00e9cran d&rsquo;informations priv\u00e9es sur votre t\u00e9l\u00e9phone"},"content":{"rendered":"<div class=\"mt-4 leading-6 md:mb-8\">Les campagnes spyware peuvent num\u00e9riser votre galerie de photos pour des donn\u00e9es sensibles.<\/div>\n<p><\/p>\n<p>Si vous conservez des captures d&rsquo;\u00e9cran des informations d&rsquo;identification de connexion ou des phrases de graines de crypto-monnaie &#8211; ou tout contenu sensible, vraiment &#8211; dans la galerie de photos de votre t\u00e9l\u00e9phone, vous devriez les passer et les supprimer. Une campagne spyware ciblant les images se propage via des applications trouv\u00e9es sur l&rsquo;application Apple et les magasins Google Play ainsi que des sources tierces. <\/p>\n<p>Identifi\u00e9e par Kaspersky et rapport\u00e9e par Bleeping Computer, Sparkkitty MALWORE a acc\u00e8s aux galeries de photos sur iOS et Android, ce qui lui permet d&rsquo;exfiltrer des images ou des donn\u00e9es contenues, peut-\u00eatre dans le but de voler les actifs cryptographiques des victimes ainsi que d&rsquo;autres informations de compromis. <\/p>\n<h2 id=\"sparkkitty-steals-images-and-screenshots\">Sparkkitty vole des images et des captures d&rsquo;\u00e9cran<\/h2>\n<p>Si Sparkkitty infecte votre appareil iOS, il demande l&rsquo;autorisation d&rsquo;acc\u00e9der \u00e0 votre galerie de photos qui, si elle est accord\u00e9e, permettra au programme de surveiller et d&rsquo;exfiltrer de nouvelles images. Sur Android, Sparkkitty demande des autorisations de stockage pour acc\u00e9der aux images afin qu&rsquo;elle puisse t\u00e9l\u00e9charger des images avec des identificateurs de p\u00e9riph\u00e9rique et des m\u00e9tadonn\u00e9es. Il peut \u00e9galement utiliser la reconnaissance des caract\u00e8res optiques de Google ML Kit (OCR) pour cibler sp\u00e9cifiquement des images comme des captures d&rsquo;\u00e9cran contenant du texte. <\/p>\n<p>Sparkkitty se propage \u00e0 travers des applications malveillantes qui ont \u00e9t\u00e9 trouv\u00e9es (puis supprim\u00e9es) sur l&rsquo;App Store d&rsquo;Apple et Google Play Store. Kaspersky a \u00e9galement d\u00e9couvert les logiciels malveillants dans les clones Tiktok &#8211; distribu\u00e9s via des plates-formes non officielles &#8211; qui int\u00e9grent diverses fausses applications, y compris les magasins de crypto-monnaie et les applications de jeu et de casino. <\/p>\n<p>Sparkkitty est peut-\u00eatre une it\u00e9ration de SparkCat, un logiciel malveillant photo qui a \u00e9t\u00e9 identifi\u00e9 pour la premi\u00e8re fois plus t\u00f4t cette ann\u00e9e mais qui circulait probablement depuis un certain temps. Alors que SparkCAT a sp\u00e9cifiquement cibl\u00e9 les portefeuilles cryptographiques \u00e0 l&rsquo;aide de l&rsquo;OCR pour identifier les mots cl\u00e9s de texte, Sparkkitty semble voler sans discernement des images de galeries compromises. \u00c9tant donn\u00e9 que certains vecteurs de livraison de Sparkkitty ont \u00e9t\u00e9 sur le th\u00e8me des crypto, les chercheurs de Kaspersky croient que le vol cryptographique soit toujours l&rsquo;objectif principal, bien que la possibilit\u00e9 d&rsquo;un autre contenu sensible soit utilis\u00e9 avec malveillance &#8211; l&rsquo;extorsion, par exemple &#8211; le reste. <\/p>\n<h2 id=\"what-you-need-to-do\">Ce que vous devez faire<\/h2>\n<p>Les utilisateurs iOS et Android peuvent prendre des mesures \u00e0 la fois pour minimiser ou prot\u00e9ger les donn\u00e9es sensibles stock\u00e9es sur leurs appareils ainsi que pour limiter le risque de baisser les logiciels espions comme Sparkkitty en premier lieu. <\/p>\n<div class=\"pogoClear relative my-10 border-b-(1.5px) border-t-(1.5px) border-dashed border-black py-5 sm:my-14 sm:border-0 sm:py-0\" data-ga-click data-ga-template=\"News\" data-ga-module=\"openweb_widget\" data-ga-element=\"openweb_scroll\" data-ga-item=\"openweb_scroll_midpage\" x-data=\"{\n         commentsCount: null,\n         hasComments: false,\n         async fetchCommentsCount() {\n             try {\n                 if (window.openweb &amp;&amp; typeof window.openweb.getMessagesCount === 'function') {\n                     this.commentsCount = await window.openweb.getMessagesCount('01JYF37B0G3GCXJX0GFEA6CSH0');\n                     this.hasComments = this.commentsCount !== null &amp;&amp; this.commentsCount &gt; 0;\n                 }\n             } catch (e) {\n                 console.warn('Failed to fetch comment count:', e);\n             }\n         }\n     }\" x-init=\"fetchCommentsCount()\" x-cloak><\/p>\n<div class=\"absolute top-1\/2 hidden w-full -translate-y-1\/2 border-t-(1.5px) border-dashed border-black sm:block\"><\/div>\n<div class=\"relative flex justify-center\">\n<div class=\"flex max-w-fit items-center gap-x-3 bg-white px-5\">\n<div class=\"relative\">\n                <span class=\"absolute left-1\/2 top-1\/2 -translate-x-1\/2 -translate-y-1\/2 font-akshar text-sm font-medium text-black\" aria-live=\"polite\" x-show=\"hasComments\" x-text=\"commentsCount\"><\/span><\/p>\n<p>                <svg class=\"h-8 w-8 text-black\" role=\"img\" aria-hidden=\"true\">\n                    <use href=\"http:\/\/lifehacker.com\/images\/icons\/spritemap.svg#sprite-chat-bubble\"><\/use>\n                <\/svg>\n            <\/div>\n<p>            <span class=\"text-sm font-medium text-black\"><\/p>\n<p>                Que pensez-vous jusqu&rsquo;\u00e0 pr\u00e9sent?<br \/>\n                <button class=\"ml-1 font-semibold text-brand-green underline hover:text-brand-green-700\" type=\"button\" aria-label=\"Comment section trigger\" onclick=\"window.openweb.scrollToComments('01JYF37B0G3GCXJX0GFEA6CSH0')\" x-text=\"hasComments ? 'Post a comment.' : 'Be the first to post a comment.'\"><\/button><br \/>\n            <\/span>\n        <\/div>\n<\/p><\/div>\n<\/div>\n<p>D&rsquo;abord et avant tout, ne gardez pas des photos ou des captures d&rsquo;\u00e9cran de votre phrase de graines de cryptographie, des informations d&rsquo;identification de connexion ou du contenu sensible de toute nature dans votre galerie de photos. Cela met vos comptes en danger si votre appareil est compromis de quelque mani\u00e8re que ce soit, que ce soit par malware ou vol physique. Les connexions r\u00e9guli\u00e8res peuvent \u00eatre verrouill\u00e9es dans un gestionnaire de mots de passe derri\u00e8re plusieurs couches de s\u00e9curit\u00e9. Votre phrase de graines de cryptographie peut \u00eatre la plus s\u00fbre en sections et stock\u00e9es hors ligne. <\/p>\n<p>Vous devez \u00e9galement faire preuve de prudence lors du t\u00e9l\u00e9chargement des applications sur votre appareil, que ce soit \u00e0 partir des magasins Google Play et Apple ou des sources non officielles. Malheureusement, vous ne pouvez pas faire confiance \u00e0 tout ce que vous trouvez, m\u00eame sur les plateformes v\u00e9rifi\u00e9es. Recherchez les drapeaux rouges: consultez l&rsquo;historique du d\u00e9veloppeur et examinez les critiques, surtout s&rsquo;il y a beaucoup de critiques \u00e9logieuses par rapport au nombre de t\u00e9l\u00e9chargements. M\u00e9fiez-vous des demandes d&rsquo;acc\u00e8s \u00e0 votre galerie de photos, surtout si ces autorisations ne sont pas li\u00e9es \u00e0 la fonctionnalit\u00e9 de l&rsquo;application. En fait, vous devez pr\u00eater une attention particuli\u00e8re aux autorisations demand\u00e9es chaque fois que vous installez une nouvelle application &#8211; ne les autorisez pas aveugl\u00e9ment. <\/p>\n<p>Enfin, assurez-vous que Google Play Protect, qui a une d\u00e9tection des menaces en direct, est actif sur Android et gardez un \u0153il sur les signes d&rsquo;avertissement d&rsquo;une infection malveillante sur votre appareil. <\/p>\n","protected":false},"excerpt":{"rendered":"<p>Les campagnes spyware peuvent num\u00e9riser votre galerie de photos pour des donn\u00e9es sensibles. Si vous conservez des captures d&rsquo;\u00e9cran des informations d&rsquo;identification de connexion ou<\/p>\n","protected":false},"author":1,"featured_media":8396,"comment_status":"","ping_status":"","sticky":false,"template":"","format":"standard","meta":{"footnotes":""},"categories":[13],"tags":[944,945,29,5098,263,851,1215,7542,2692,33,542,8],"class_list":["post-8395","post","type-post","status-publish","format-standard","has-post-thumbnail","hentry","category-technologie","tag-captures","tag-decran","tag-des","tag-dinformations","tag-garder","tag-jamais","tag-nouvelles","tag-privees","tag-raisons","tag-sur","tag-telephone","tag-votre","generate-columns","tablet-grid-50","mobile-grid-100","grid-parent","grid-33"],"yoast_head":"<!-- This site is optimized with the Yoast SEO plugin v24.0 - https:\/\/yoast.com\/wordpress\/plugins\/seo\/ -->\n<title>Il y a de nouvelles raisons de ne jamais garder des captures d&#039;\u00e9cran d&#039;informations priv\u00e9es sur votre t\u00e9l\u00e9phone | Vie Associative<\/title>\n<meta name=\"robots\" content=\"index, follow, max-snippet:-1, max-image-preview:large, max-video-preview:-1\" \/>\n<link rel=\"canonical\" href=\"https:\/\/vieassociative.be\/actualites\/il-y-a-de-nouvelles-raisons-de-ne-jamais-garder-des-captures-decran-dinformations-privees-sur-votre-telephone\/\" \/>\n<meta property=\"og:locale\" content=\"fr_FR\" \/>\n<meta property=\"og:type\" content=\"article\" \/>\n<meta property=\"og:title\" content=\"Il y a de nouvelles raisons de ne jamais garder des captures d&#039;\u00e9cran d&#039;informations priv\u00e9es sur votre t\u00e9l\u00e9phone | Vie Associative\" \/>\n<meta property=\"og:description\" content=\"Les campagnes spyware peuvent num\u00e9riser votre galerie de photos pour des donn\u00e9es sensibles. Si vous conservez des captures d&rsquo;\u00e9cran des informations d&rsquo;identification de connexion ou\" \/>\n<meta property=\"og:url\" content=\"https:\/\/vieassociative.be\/actualites\/il-y-a-de-nouvelles-raisons-de-ne-jamais-garder-des-captures-decran-dinformations-privees-sur-votre-telephone\/\" \/>\n<meta property=\"og:site_name\" content=\"Vie Associative\" \/>\n<meta property=\"article:published_time\" content=\"2025-06-26T18:17:55+00:00\" \/>\n<meta property=\"og:image\" content=\"https:\/\/vieassociative.be\/actualites\/wp-content\/uploads\/2024\/09\/header_backgroundk-01-e1726694325946.png\" \/>\n\t<meta property=\"og:image:width\" content=\"279\" \/>\n\t<meta property=\"og:image:height\" content=\"92\" \/>\n\t<meta property=\"og:image:type\" content=\"image\/png\" \/>\n<meta name=\"author\" content=\"Julien\" \/>\n<meta name=\"twitter:card\" content=\"summary_large_image\" \/>\n<meta name=\"twitter:label1\" content=\"\u00c9crit par\" \/>\n\t<meta name=\"twitter:data1\" content=\"Julien\" \/>\n\t<meta name=\"twitter:label2\" content=\"Dur\u00e9e de lecture est.\" \/>\n\t<meta name=\"twitter:data2\" content=\"4 minutes\" \/>\n<script type=\"application\/ld+json\" class=\"yoast-schema-graph\">{\"@context\":\"https:\/\/schema.org\",\"@graph\":[{\"@type\":\"Article\",\"@id\":\"https:\/\/vieassociative.be\/actualites\/il-y-a-de-nouvelles-raisons-de-ne-jamais-garder-des-captures-decran-dinformations-privees-sur-votre-telephone\/#article\",\"isPartOf\":{\"@id\":\"https:\/\/vieassociative.be\/actualites\/il-y-a-de-nouvelles-raisons-de-ne-jamais-garder-des-captures-decran-dinformations-privees-sur-votre-telephone\/\"},\"author\":{\"name\":\"Julien\",\"@id\":\"https:\/\/vieassociative.be\/actualites\/#\/schema\/person\/b87ac4f82f9d4e7b7cec7395b679edc4\"},\"headline\":\"Il y a de nouvelles raisons de ne jamais garder des captures d&rsquo;\u00e9cran d&rsquo;informations priv\u00e9es sur votre t\u00e9l\u00e9phone\",\"datePublished\":\"2025-06-26T18:17:55+00:00\",\"dateModified\":\"2025-06-26T18:17:55+00:00\",\"mainEntityOfPage\":{\"@id\":\"https:\/\/vieassociative.be\/actualites\/il-y-a-de-nouvelles-raisons-de-ne-jamais-garder-des-captures-decran-dinformations-privees-sur-votre-telephone\/\"},\"wordCount\":788,\"publisher\":{\"@id\":\"https:\/\/vieassociative.be\/actualites\/#organization\"},\"image\":{\"@id\":\"https:\/\/vieassociative.be\/actualites\/il-y-a-de-nouvelles-raisons-de-ne-jamais-garder-des-captures-decran-dinformations-privees-sur-votre-telephone\/#primaryimage\"},\"thumbnailUrl\":\"https:\/\/vieassociative.be\/actualites\/wp-content\/uploads\/2025\/06\/Il-y-a-de-nouvelles-raisons-de-ne-jamais-garder.jpg\",\"keywords\":[\"captures\",\"d\u00e9cran\",\"Des\",\"dinformations\",\"garder\",\"jamais\",\"nouvelles\",\"priv\u00e9es\",\"raisons\",\"sur\",\"t\u00e9l\u00e9phone\",\"votre\"],\"articleSection\":[\"Technologie\"],\"inLanguage\":\"fr-BE\"},{\"@type\":\"WebPage\",\"@id\":\"https:\/\/vieassociative.be\/actualites\/il-y-a-de-nouvelles-raisons-de-ne-jamais-garder-des-captures-decran-dinformations-privees-sur-votre-telephone\/\",\"url\":\"https:\/\/vieassociative.be\/actualites\/il-y-a-de-nouvelles-raisons-de-ne-jamais-garder-des-captures-decran-dinformations-privees-sur-votre-telephone\/\",\"name\":\"Il y a de nouvelles raisons de ne jamais garder des captures d'\u00e9cran d'informations priv\u00e9es sur votre t\u00e9l\u00e9phone | Vie Associative\",\"isPartOf\":{\"@id\":\"https:\/\/vieassociative.be\/actualites\/#website\"},\"primaryImageOfPage\":{\"@id\":\"https:\/\/vieassociative.be\/actualites\/il-y-a-de-nouvelles-raisons-de-ne-jamais-garder-des-captures-decran-dinformations-privees-sur-votre-telephone\/#primaryimage\"},\"image\":{\"@id\":\"https:\/\/vieassociative.be\/actualites\/il-y-a-de-nouvelles-raisons-de-ne-jamais-garder-des-captures-decran-dinformations-privees-sur-votre-telephone\/#primaryimage\"},\"thumbnailUrl\":\"https:\/\/vieassociative.be\/actualites\/wp-content\/uploads\/2025\/06\/Il-y-a-de-nouvelles-raisons-de-ne-jamais-garder.jpg\",\"datePublished\":\"2025-06-26T18:17:55+00:00\",\"dateModified\":\"2025-06-26T18:17:55+00:00\",\"breadcrumb\":{\"@id\":\"https:\/\/vieassociative.be\/actualites\/il-y-a-de-nouvelles-raisons-de-ne-jamais-garder-des-captures-decran-dinformations-privees-sur-votre-telephone\/#breadcrumb\"},\"inLanguage\":\"fr-BE\",\"potentialAction\":[{\"@type\":\"ReadAction\",\"target\":[\"https:\/\/vieassociative.be\/actualites\/il-y-a-de-nouvelles-raisons-de-ne-jamais-garder-des-captures-decran-dinformations-privees-sur-votre-telephone\/\"]}]},{\"@type\":\"ImageObject\",\"inLanguage\":\"fr-BE\",\"@id\":\"https:\/\/vieassociative.be\/actualites\/il-y-a-de-nouvelles-raisons-de-ne-jamais-garder-des-captures-decran-dinformations-privees-sur-votre-telephone\/#primaryimage\",\"url\":\"https:\/\/vieassociative.be\/actualites\/wp-content\/uploads\/2025\/06\/Il-y-a-de-nouvelles-raisons-de-ne-jamais-garder.jpg\",\"contentUrl\":\"https:\/\/vieassociative.be\/actualites\/wp-content\/uploads\/2025\/06\/Il-y-a-de-nouvelles-raisons-de-ne-jamais-garder.jpg\",\"width\":1199,\"height\":675,\"caption\":\"Il y a de nouvelles raisons de ne jamais garder des captures d'\u00e9cran d'informations priv\u00e9es sur votre t\u00e9l\u00e9phone\"},{\"@type\":\"BreadcrumbList\",\"@id\":\"https:\/\/vieassociative.be\/actualites\/il-y-a-de-nouvelles-raisons-de-ne-jamais-garder-des-captures-decran-dinformations-privees-sur-votre-telephone\/#breadcrumb\",\"itemListElement\":[{\"@type\":\"ListItem\",\"position\":1,\"name\":\"Accueil\",\"item\":\"https:\/\/vieassociative.be\/actualites\/\"},{\"@type\":\"ListItem\",\"position\":2,\"name\":\"Il y a de nouvelles raisons de ne jamais garder des captures d&rsquo;\u00e9cran d&rsquo;informations priv\u00e9es sur votre t\u00e9l\u00e9phone\"}]},{\"@type\":\"WebSite\",\"@id\":\"https:\/\/vieassociative.be\/actualites\/#website\",\"url\":\"https:\/\/vieassociative.be\/actualites\/\",\"name\":\"Vie Associative\",\"description\":\"\",\"publisher\":{\"@id\":\"https:\/\/vieassociative.be\/actualites\/#organization\"},\"potentialAction\":[{\"@type\":\"SearchAction\",\"target\":{\"@type\":\"EntryPoint\",\"urlTemplate\":\"https:\/\/vieassociative.be\/actualites\/?s={search_term_string}\"},\"query-input\":{\"@type\":\"PropertyValueSpecification\",\"valueRequired\":true,\"valueName\":\"search_term_string\"}}],\"inLanguage\":\"fr-BE\"},{\"@type\":\"Organization\",\"@id\":\"https:\/\/vieassociative.be\/actualites\/#organization\",\"name\":\"Vie Associative\",\"url\":\"https:\/\/vieassociative.be\/actualites\/\",\"logo\":{\"@type\":\"ImageObject\",\"inLanguage\":\"fr-BE\",\"@id\":\"https:\/\/vieassociative.be\/actualites\/#\/schema\/logo\/image\/\",\"url\":\"https:\/\/vieassociative.be\/actualites\/wp-content\/uploads\/2024\/09\/cropped-vieassociative_favicon.ico.png\",\"contentUrl\":\"https:\/\/vieassociative.be\/actualites\/wp-content\/uploads\/2024\/09\/cropped-vieassociative_favicon.ico.png\",\"width\":512,\"height\":512,\"caption\":\"Vie Associative\"},\"image\":{\"@id\":\"https:\/\/vieassociative.be\/actualites\/#\/schema\/logo\/image\/\"}},{\"@type\":\"Person\",\"@id\":\"https:\/\/vieassociative.be\/actualites\/#\/schema\/person\/b87ac4f82f9d4e7b7cec7395b679edc4\",\"name\":\"Julien\",\"image\":{\"@type\":\"ImageObject\",\"inLanguage\":\"fr-BE\",\"@id\":\"https:\/\/vieassociative.be\/actualites\/#\/schema\/person\/image\/\",\"url\":\"https:\/\/vieassociative.be\/actualites\/wp-content\/uploads\/2024\/09\/vie-associative-1-150x150.jpg\",\"contentUrl\":\"https:\/\/vieassociative.be\/actualites\/wp-content\/uploads\/2024\/09\/vie-associative-1-150x150.jpg\",\"caption\":\"Julien\"},\"description\":\"Je suis Julien, r\u00e9dacteur pour Vie Associative. Passionn\u00e9 par le monde associatif depuis plus de 10 ans, j'ai \u00e0 c\u0153ur de partager des histoires inspirantes et de mettre en lumi\u00e8re les initiatives locales. Mon objectif est de sensibiliser et d'encourager l'engagement communautaire \u00e0 travers mes articles.\",\"sameAs\":[\"https:\/\/vieassociative.be\/\"]}]}<\/script>\n<!-- \/ Yoast SEO plugin. -->","yoast_head_json":{"title":"Il y a de nouvelles raisons de ne jamais garder des captures d'\u00e9cran d'informations priv\u00e9es sur votre t\u00e9l\u00e9phone | Vie Associative","robots":{"index":"index","follow":"follow","max-snippet":"max-snippet:-1","max-image-preview":"max-image-preview:large","max-video-preview":"max-video-preview:-1"},"canonical":"https:\/\/vieassociative.be\/actualites\/il-y-a-de-nouvelles-raisons-de-ne-jamais-garder-des-captures-decran-dinformations-privees-sur-votre-telephone\/","og_locale":"fr_FR","og_type":"article","og_title":"Il y a de nouvelles raisons de ne jamais garder des captures d'\u00e9cran d'informations priv\u00e9es sur votre t\u00e9l\u00e9phone | Vie Associative","og_description":"Les campagnes spyware peuvent num\u00e9riser votre galerie de photos pour des donn\u00e9es sensibles. Si vous conservez des captures d&rsquo;\u00e9cran des informations d&rsquo;identification de connexion ou","og_url":"https:\/\/vieassociative.be\/actualites\/il-y-a-de-nouvelles-raisons-de-ne-jamais-garder-des-captures-decran-dinformations-privees-sur-votre-telephone\/","og_site_name":"Vie Associative","article_published_time":"2025-06-26T18:17:55+00:00","og_image":[{"width":279,"height":92,"url":"https:\/\/vieassociative.be\/actualites\/wp-content\/uploads\/2024\/09\/header_backgroundk-01-e1726694325946.png","type":"image\/png"}],"author":"Julien","twitter_card":"summary_large_image","twitter_misc":{"\u00c9crit par":"Julien","Dur\u00e9e de lecture est.":"4 minutes"},"schema":{"@context":"https:\/\/schema.org","@graph":[{"@type":"Article","@id":"https:\/\/vieassociative.be\/actualites\/il-y-a-de-nouvelles-raisons-de-ne-jamais-garder-des-captures-decran-dinformations-privees-sur-votre-telephone\/#article","isPartOf":{"@id":"https:\/\/vieassociative.be\/actualites\/il-y-a-de-nouvelles-raisons-de-ne-jamais-garder-des-captures-decran-dinformations-privees-sur-votre-telephone\/"},"author":{"name":"Julien","@id":"https:\/\/vieassociative.be\/actualites\/#\/schema\/person\/b87ac4f82f9d4e7b7cec7395b679edc4"},"headline":"Il y a de nouvelles raisons de ne jamais garder des captures d&rsquo;\u00e9cran d&rsquo;informations priv\u00e9es sur votre t\u00e9l\u00e9phone","datePublished":"2025-06-26T18:17:55+00:00","dateModified":"2025-06-26T18:17:55+00:00","mainEntityOfPage":{"@id":"https:\/\/vieassociative.be\/actualites\/il-y-a-de-nouvelles-raisons-de-ne-jamais-garder-des-captures-decran-dinformations-privees-sur-votre-telephone\/"},"wordCount":788,"publisher":{"@id":"https:\/\/vieassociative.be\/actualites\/#organization"},"image":{"@id":"https:\/\/vieassociative.be\/actualites\/il-y-a-de-nouvelles-raisons-de-ne-jamais-garder-des-captures-decran-dinformations-privees-sur-votre-telephone\/#primaryimage"},"thumbnailUrl":"https:\/\/vieassociative.be\/actualites\/wp-content\/uploads\/2025\/06\/Il-y-a-de-nouvelles-raisons-de-ne-jamais-garder.jpg","keywords":["captures","d\u00e9cran","Des","dinformations","garder","jamais","nouvelles","priv\u00e9es","raisons","sur","t\u00e9l\u00e9phone","votre"],"articleSection":["Technologie"],"inLanguage":"fr-BE"},{"@type":"WebPage","@id":"https:\/\/vieassociative.be\/actualites\/il-y-a-de-nouvelles-raisons-de-ne-jamais-garder-des-captures-decran-dinformations-privees-sur-votre-telephone\/","url":"https:\/\/vieassociative.be\/actualites\/il-y-a-de-nouvelles-raisons-de-ne-jamais-garder-des-captures-decran-dinformations-privees-sur-votre-telephone\/","name":"Il y a de nouvelles raisons de ne jamais garder des captures d'\u00e9cran d'informations priv\u00e9es sur votre t\u00e9l\u00e9phone | Vie Associative","isPartOf":{"@id":"https:\/\/vieassociative.be\/actualites\/#website"},"primaryImageOfPage":{"@id":"https:\/\/vieassociative.be\/actualites\/il-y-a-de-nouvelles-raisons-de-ne-jamais-garder-des-captures-decran-dinformations-privees-sur-votre-telephone\/#primaryimage"},"image":{"@id":"https:\/\/vieassociative.be\/actualites\/il-y-a-de-nouvelles-raisons-de-ne-jamais-garder-des-captures-decran-dinformations-privees-sur-votre-telephone\/#primaryimage"},"thumbnailUrl":"https:\/\/vieassociative.be\/actualites\/wp-content\/uploads\/2025\/06\/Il-y-a-de-nouvelles-raisons-de-ne-jamais-garder.jpg","datePublished":"2025-06-26T18:17:55+00:00","dateModified":"2025-06-26T18:17:55+00:00","breadcrumb":{"@id":"https:\/\/vieassociative.be\/actualites\/il-y-a-de-nouvelles-raisons-de-ne-jamais-garder-des-captures-decran-dinformations-privees-sur-votre-telephone\/#breadcrumb"},"inLanguage":"fr-BE","potentialAction":[{"@type":"ReadAction","target":["https:\/\/vieassociative.be\/actualites\/il-y-a-de-nouvelles-raisons-de-ne-jamais-garder-des-captures-decran-dinformations-privees-sur-votre-telephone\/"]}]},{"@type":"ImageObject","inLanguage":"fr-BE","@id":"https:\/\/vieassociative.be\/actualites\/il-y-a-de-nouvelles-raisons-de-ne-jamais-garder-des-captures-decran-dinformations-privees-sur-votre-telephone\/#primaryimage","url":"https:\/\/vieassociative.be\/actualites\/wp-content\/uploads\/2025\/06\/Il-y-a-de-nouvelles-raisons-de-ne-jamais-garder.jpg","contentUrl":"https:\/\/vieassociative.be\/actualites\/wp-content\/uploads\/2025\/06\/Il-y-a-de-nouvelles-raisons-de-ne-jamais-garder.jpg","width":1199,"height":675,"caption":"Il y a de nouvelles raisons de ne jamais garder des captures d'\u00e9cran d'informations priv\u00e9es sur votre t\u00e9l\u00e9phone"},{"@type":"BreadcrumbList","@id":"https:\/\/vieassociative.be\/actualites\/il-y-a-de-nouvelles-raisons-de-ne-jamais-garder-des-captures-decran-dinformations-privees-sur-votre-telephone\/#breadcrumb","itemListElement":[{"@type":"ListItem","position":1,"name":"Accueil","item":"https:\/\/vieassociative.be\/actualites\/"},{"@type":"ListItem","position":2,"name":"Il y a de nouvelles raisons de ne jamais garder des captures d&rsquo;\u00e9cran d&rsquo;informations priv\u00e9es sur votre t\u00e9l\u00e9phone"}]},{"@type":"WebSite","@id":"https:\/\/vieassociative.be\/actualites\/#website","url":"https:\/\/vieassociative.be\/actualites\/","name":"Vie Associative","description":"","publisher":{"@id":"https:\/\/vieassociative.be\/actualites\/#organization"},"potentialAction":[{"@type":"SearchAction","target":{"@type":"EntryPoint","urlTemplate":"https:\/\/vieassociative.be\/actualites\/?s={search_term_string}"},"query-input":{"@type":"PropertyValueSpecification","valueRequired":true,"valueName":"search_term_string"}}],"inLanguage":"fr-BE"},{"@type":"Organization","@id":"https:\/\/vieassociative.be\/actualites\/#organization","name":"Vie Associative","url":"https:\/\/vieassociative.be\/actualites\/","logo":{"@type":"ImageObject","inLanguage":"fr-BE","@id":"https:\/\/vieassociative.be\/actualites\/#\/schema\/logo\/image\/","url":"https:\/\/vieassociative.be\/actualites\/wp-content\/uploads\/2024\/09\/cropped-vieassociative_favicon.ico.png","contentUrl":"https:\/\/vieassociative.be\/actualites\/wp-content\/uploads\/2024\/09\/cropped-vieassociative_favicon.ico.png","width":512,"height":512,"caption":"Vie Associative"},"image":{"@id":"https:\/\/vieassociative.be\/actualites\/#\/schema\/logo\/image\/"}},{"@type":"Person","@id":"https:\/\/vieassociative.be\/actualites\/#\/schema\/person\/b87ac4f82f9d4e7b7cec7395b679edc4","name":"Julien","image":{"@type":"ImageObject","inLanguage":"fr-BE","@id":"https:\/\/vieassociative.be\/actualites\/#\/schema\/person\/image\/","url":"https:\/\/vieassociative.be\/actualites\/wp-content\/uploads\/2024\/09\/vie-associative-1-150x150.jpg","contentUrl":"https:\/\/vieassociative.be\/actualites\/wp-content\/uploads\/2024\/09\/vie-associative-1-150x150.jpg","caption":"Julien"},"description":"Je suis Julien, r\u00e9dacteur pour Vie Associative. Passionn\u00e9 par le monde associatif depuis plus de 10 ans, j'ai \u00e0 c\u0153ur de partager des histoires inspirantes et de mettre en lumi\u00e8re les initiatives locales. Mon objectif est de sensibiliser et d'encourager l'engagement communautaire \u00e0 travers mes articles.","sameAs":["https:\/\/vieassociative.be\/"]}]}},"_links":{"self":[{"href":"https:\/\/vieassociative.be\/actualites\/wp-json\/wp\/v2\/posts\/8395"}],"collection":[{"href":"https:\/\/vieassociative.be\/actualites\/wp-json\/wp\/v2\/posts"}],"about":[{"href":"https:\/\/vieassociative.be\/actualites\/wp-json\/wp\/v2\/types\/post"}],"author":[{"embeddable":true,"href":"https:\/\/vieassociative.be\/actualites\/wp-json\/wp\/v2\/users\/1"}],"replies":[{"embeddable":true,"href":"https:\/\/vieassociative.be\/actualites\/wp-json\/wp\/v2\/comments?post=8395"}],"version-history":[{"count":0,"href":"https:\/\/vieassociative.be\/actualites\/wp-json\/wp\/v2\/posts\/8395\/revisions"}],"wp:featuredmedia":[{"embeddable":true,"href":"https:\/\/vieassociative.be\/actualites\/wp-json\/wp\/v2\/media\/8396"}],"wp:attachment":[{"href":"https:\/\/vieassociative.be\/actualites\/wp-json\/wp\/v2\/media?parent=8395"}],"wp:term":[{"taxonomy":"category","embeddable":true,"href":"https:\/\/vieassociative.be\/actualites\/wp-json\/wp\/v2\/categories?post=8395"},{"taxonomy":"post_tag","embeddable":true,"href":"https:\/\/vieassociative.be\/actualites\/wp-json\/wp\/v2\/tags?post=8395"}],"curies":[{"name":"wp","href":"https:\/\/api.w.org\/{rel}","templated":true}]}}