{"id":8391,"date":"2025-06-26T15:26:55","date_gmt":"2025-06-26T13:26:55","guid":{"rendered":"https:\/\/vieassociative.be\/actualites\/ces-lunettes-intelligentes-solos-pourraient-me-faire-abandonner-mes-metas-ray-ban\/"},"modified":"2025-06-26T15:26:55","modified_gmt":"2025-06-26T13:26:55","slug":"ces-lunettes-intelligentes-solos-pourraient-me-faire-abandonner-mes-metas-ray-ban","status":"publish","type":"post","link":"https:\/\/vieassociative.be\/actualites\/ces-lunettes-intelligentes-solos-pourraient-me-faire-abandonner-mes-metas-ray-ban\/","title":{"rendered":"Ces lunettes intelligentes solos pourraient me faire abandonner mes m\u00e9tas Ray Ban"},"content":{"rendered":"<div class=\"mt-4 leading-6 md:mb-8\">Ces lunettes intelligentes sont l\u00e9g\u00e8res sur des gadgets, lourds sur la convivialit\u00e9.<\/div>\n<p><\/p>\n<p>Smart Glasses Company Solos a annonc\u00e9 aujourd&rsquo;hui deux nouvelles entr\u00e9es dans l&rsquo;espace technologique portable: l&rsquo;Airgo A5 et Airgo V2. Solos dit que sa mission est de \u00ab\u00a0rendre l&rsquo;IA portable plus intuitif, accessible et int\u00e9gr\u00e9 dans la vie quotidienne\u00a0\u00bb, donc l&rsquo;id\u00e9e derri\u00e8re ces nouveaux lunettes est d&rsquo;abandonner les gadgets en faveur de la portabilit\u00e9 et des caract\u00e9ristiques que les gens utiliseront r\u00e9ellement. <\/p>\n<p>Voici une ventilation sur ce \u00e0 quoi nous pouvons nous attendre lorsque ces lunettes ont frapp\u00e9 le march\u00e9 plus tard cette ann\u00e9e.<\/p>\n<h2 id=\"solos-airgo-a5\">Solos Airgo A5<\/h2>\n<div class=\"eloquent-imagery-image\">\n<div class=\"flex justify-center\">\n                    <img decoding=\"async\" class=\"border border-gray-100\" src=\"https:\/\/vieassociative.be\/actualites\/wp-content\/uploads\/2025\/06\/Ces-lunettes-intelligentes-solos-pourraient-me-faire-abandonner-mes-metas.jpg\" alt=\"Solos Airgo A5\" width=\"2000\" height=\"1125\" loading=\"lazy\"  >\n            <\/div>\n<\/p><\/div>\n<p>L&rsquo;Airgo A5 est audio et aux lunettes intelligentes l\u00e9g\u00e8res con\u00e7ues pour les personnes qui veulent des lunettes de tous les jours avec intelligence et audio, mais sans la majeure partie ou la distraction de certains portables.<\/p>\n<p>Le co\u00fbt moins cher d&rsquo;Airgo A5 que les m\u00e9tas Ray-Ban dirigeant l&rsquo;industrie, et sont les plus remarquables pour manquer d&rsquo;une cam\u00e9ra. Cela permet un poids inf\u00e9rieur et signifie \u00e9galement que vos sp\u00e9cifications ressemblent plus \u00e0 des lunettes normales. L&rsquo;inconv\u00e9nient est \u00e9vident: pas de photos.<\/p>\n<p>Voici une ventilation des fonctionnalit\u00e9s de l&rsquo;A5:<\/p>\n<ul>\n<li>\n<p>Op\u00e9ration mains libres<\/p>\n<\/li>\n<li>\n<p>Agent SOLOSCHAT int\u00e9gr\u00e9<\/p>\n<\/li>\n<li>\n<p>Audio directionnel qui minimise les fuites du son<\/p>\n<\/li>\n<li>\n<p>Basse am\u00e9lior\u00e9e et audio de haute qualit\u00e9<\/p>\n<\/li>\n<li>\n<p>Prix \u200b\u200bde liste: \u00e0 partir de 249 $<\/p>\n<\/li>\n<li>\n<p>Disponible troisi\u00e8me 2025<\/p>\n<\/li>\n<\/ul>\n<p>Il y a quelque chose \u00e0 dire pour les lunettes qui ne font que les choses que vous voulez qu&rsquo;ils fassent au lieu d&rsquo;essayer de tout faire. Je suis tr\u00e8s int\u00e9ress\u00e9 par la qualit\u00e9 audio et le confort de ces lunettes. S&rsquo;ils semblent appr\u00e9ciables mieux que Ray Ban Metas et qu&rsquo;ils sont assez confortables pour porter tous les jours, ils seraient un choix solide pour de nombreux utilisateurs de lunettes intelligentes. <\/p>\n<p>Si vous souhaitez un appareil photo, l&rsquo;Airgo V2 pourrait \u00eatre votre style.<\/p>\n<div class=\"pogoClear relative my-10 border-b-(1.5px) border-t-(1.5px) border-dashed border-black py-5 sm:my-14 sm:border-0 sm:py-0\" data-ga-click data-ga-template=\"News\" data-ga-module=\"openweb_widget\" data-ga-element=\"openweb_scroll\" data-ga-item=\"openweb_scroll_midpage\" x-data=\"{\n         commentsCount: null,\n         hasComments: false,\n         async fetchCommentsCount() {\n             try {\n                 if (window.openweb &amp;&amp; typeof window.openweb.getMessagesCount === 'function') {\n                     this.commentsCount = await window.openweb.getMessagesCount('01JYM33251BXYSDMAE54X4KDZ8');\n                     this.hasComments = this.commentsCount !== null &amp;&amp; this.commentsCount &gt; 0;\n                 }\n             } catch (e) {\n                 console.warn('Failed to fetch comment count:', e);\n             }\n         }\n     }\" x-init=\"fetchCommentsCount()\" x-cloak><\/p>\n<div class=\"absolute top-1\/2 hidden w-full -translate-y-1\/2 border-t-(1.5px) border-dashed border-black sm:block\"><\/div>\n<div class=\"relative flex justify-center\">\n<div class=\"flex max-w-fit items-center gap-x-3 bg-white px-5\">\n<div class=\"relative\">\n                <span class=\"absolute left-1\/2 top-1\/2 -translate-x-1\/2 -translate-y-1\/2 font-akshar text-sm font-medium text-black\" aria-live=\"polite\" x-show=\"hasComments\" x-text=\"commentsCount\"><\/span><\/p>\n<p>                <svg class=\"h-8 w-8 text-black\" role=\"img\" aria-hidden=\"true\">\n                    <use href=\"http:\/\/lifehacker.com\/images\/icons\/spritemap.svg#sprite-chat-bubble\"><\/use>\n                <\/svg>\n            <\/div>\n<p>            <span class=\"text-sm font-medium text-black\"><\/p>\n<p>                Que pensez-vous jusqu&rsquo;\u00e0 pr\u00e9sent?<br \/>\n                <button class=\"ml-1 font-semibold text-brand-green underline hover:text-brand-green-700\" type=\"button\" aria-label=\"Comment section trigger\" onclick=\"window.openweb.scrollToComments('01JYM33251BXYSDMAE54X4KDZ8')\" x-text=\"hasComments ? 'Post a comment.' : 'Be the first to post a comment.'\"><\/button><br \/>\n            <\/span>\n        <\/div>\n<\/p><\/div>\n<\/div>\n<h2 id=\"solos-airgo-v2\">Solos Airgo V2<\/h2>\n<div class=\"eloquent-imagery-image\">\n<div class=\"flex justify-center\">\n                    <img decoding=\"async\" class=\"border border-gray-100\" src=\"https:\/\/vieassociative.be\/actualites\/wp-content\/uploads\/2025\/06\/1750944415_343_Ces-lunettes-intelligentes-solos-pourraient-me-faire-abandonner-mes-metas.jpg\" alt=\"Solos Airgo V2\" width=\"2000\" height=\"1125\" loading=\"lazy\"  >\n            <\/div>\n<\/p><\/div>\n<p>V2 sont des lunettes intelligentes d&rsquo;abord en cam\u00e9ra, destin\u00e9es aux \u00abvoyageurs, aux cr\u00e9ateurs de contenu et \u00e0 toute personne souhaitant documenter et partager la vie dans l&rsquo;instant\u00bb, selon Solos. Le partage de vie est gracieuset\u00e9 d&rsquo;une cam\u00e9ra 16MP stabilis\u00e9e \u00e0 l&rsquo;image capable de tourner une vid\u00e9o HD. V2 est \u00e9galement \u00e9quip\u00e9 de Soloschat 3.0 AI, qui utilise Chatgpt, Claude, Gemini et Deepseek. Toute cette technologie est un syst\u00e8me modulaire solos contenu qui permet aux utilisateurs d&rsquo;\u00e9changer des fronts de trame \u00e0 volont\u00e9.<\/p>\n<p>  Voici une ventilation des fonctionnalit\u00e9s du V2:<\/p>\n<ul>\n<li>\n<p>Cam\u00e9ra 16MP La soci\u00e9t\u00e9 dit \u00ab\u00a0la plus mince du monde\u00a0\u00bb.<\/p>\n<\/li>\n<li>\n<p>Stabilisation \u00e9lectronique de l&rsquo;image <\/p>\n<\/li>\n<li>\n<p>WiFi \u00e0 faible puissance pour \u00e9conomiser une utilisation de la batterie<\/p>\n<\/li>\n<li>\n<p>Soloschat 3.0 AI qui peut identifier les objets, traduire des signes et obtenir des r\u00e9ponses de plusieurs mod\u00e8les d&rsquo;IA.<\/p>\n<\/li>\n<li>\n<p>Audio directionnel fait pour minimiser les fuites du son<\/p>\n<\/li>\n<li>\n<p>Audio de haute qualit\u00e9, avec des basses am\u00e9lior\u00e9es <\/p>\n<\/li>\n<li>\n<p>Batterie swappable<\/p>\n<\/li>\n<li>\n<p>Prix \u200b\u200bde liste: \u00e0 partir de 299 $.<\/p>\n<\/li>\n<li>\n<p>Disponible T4 2025<\/p>\n<\/li>\n<\/ul>\n<p>Je testerai ces lunettes intelligentes dans des conditions r\u00e9elles, ainsi que les comparer aux interdictions de m\u00e9ta-ray \u00e0 prix similaire, dans un avenir proche, alors revenez pour une couverture approfondie. <\/p>\n","protected":false},"excerpt":{"rendered":"<p>Ces lunettes intelligentes sont l\u00e9g\u00e8res sur des gadgets, lourds sur la convivialit\u00e9. Smart Glasses Company Solos a annonc\u00e9 aujourd&rsquo;hui deux nouvelles entr\u00e9es dans l&rsquo;espace technologique<\/p>\n","protected":false},"author":1,"featured_media":8392,"comment_status":"","ping_status":"","sticky":false,"template":"","format":"standard","meta":{"footnotes":""},"categories":[13],"tags":[5362,7541,248,127,2170,3912,87,7539,1168,7540,7538],"class_list":["post-8391","post","type-post","status-publish","format-standard","has-post-thumbnail","hentry","category-technologie","tag-abandonner","tag-ban","tag-ces","tag-faire","tag-intelligentes","tag-lunettes","tag-mes","tag-metas","tag-pourraient","tag-ray","tag-solos","generate-columns","tablet-grid-50","mobile-grid-100","grid-parent","grid-33"],"yoast_head":"<!-- This site is optimized with the Yoast SEO plugin v24.0 - https:\/\/yoast.com\/wordpress\/plugins\/seo\/ -->\n<title>Ces lunettes intelligentes solos pourraient me faire abandonner mes m\u00e9tas Ray Ban | Vie Associative<\/title>\n<meta name=\"robots\" content=\"index, follow, max-snippet:-1, max-image-preview:large, max-video-preview:-1\" \/>\n<link rel=\"canonical\" href=\"https:\/\/vieassociative.be\/actualites\/ces-lunettes-intelligentes-solos-pourraient-me-faire-abandonner-mes-metas-ray-ban\/\" \/>\n<meta property=\"og:locale\" content=\"fr_FR\" \/>\n<meta property=\"og:type\" content=\"article\" \/>\n<meta property=\"og:title\" content=\"Ces lunettes intelligentes solos pourraient me faire abandonner mes m\u00e9tas Ray Ban | Vie Associative\" \/>\n<meta property=\"og:description\" content=\"Ces lunettes intelligentes sont l\u00e9g\u00e8res sur des gadgets, lourds sur la convivialit\u00e9. Smart Glasses Company Solos a annonc\u00e9 aujourd&rsquo;hui deux nouvelles entr\u00e9es dans l&rsquo;espace technologique\" \/>\n<meta property=\"og:url\" content=\"https:\/\/vieassociative.be\/actualites\/ces-lunettes-intelligentes-solos-pourraient-me-faire-abandonner-mes-metas-ray-ban\/\" \/>\n<meta property=\"og:site_name\" content=\"Vie Associative\" \/>\n<meta property=\"article:published_time\" content=\"2025-06-26T13:26:55+00:00\" \/>\n<meta property=\"og:image\" content=\"https:\/\/vieassociative.be\/actualites\/wp-content\/uploads\/2025\/06\/Ces-lunettes-intelligentes-solos-pourraient-me-faire-abandonner-mes-metas.jpg\" \/>\n<meta name=\"author\" content=\"Julien\" \/>\n<meta name=\"twitter:card\" content=\"summary_large_image\" \/>\n<meta name=\"twitter:label1\" content=\"\u00c9crit par\" \/>\n\t<meta name=\"twitter:data1\" content=\"Julien\" \/>\n\t<meta name=\"twitter:label2\" content=\"Dur\u00e9e de lecture est.\" \/>\n\t<meta name=\"twitter:data2\" content=\"3 minutes\" \/>\n<script type=\"application\/ld+json\" class=\"yoast-schema-graph\">{\"@context\":\"https:\/\/schema.org\",\"@graph\":[{\"@type\":\"Article\",\"@id\":\"https:\/\/vieassociative.be\/actualites\/ces-lunettes-intelligentes-solos-pourraient-me-faire-abandonner-mes-metas-ray-ban\/#article\",\"isPartOf\":{\"@id\":\"https:\/\/vieassociative.be\/actualites\/ces-lunettes-intelligentes-solos-pourraient-me-faire-abandonner-mes-metas-ray-ban\/\"},\"author\":{\"name\":\"Julien\",\"@id\":\"https:\/\/vieassociative.be\/actualites\/#\/schema\/person\/b87ac4f82f9d4e7b7cec7395b679edc4\"},\"headline\":\"Ces lunettes intelligentes solos pourraient me faire abandonner mes m\u00e9tas Ray Ban\",\"datePublished\":\"2025-06-26T13:26:55+00:00\",\"dateModified\":\"2025-06-26T13:26:55+00:00\",\"mainEntityOfPage\":{\"@id\":\"https:\/\/vieassociative.be\/actualites\/ces-lunettes-intelligentes-solos-pourraient-me-faire-abandonner-mes-metas-ray-ban\/\"},\"wordCount\":563,\"publisher\":{\"@id\":\"https:\/\/vieassociative.be\/actualites\/#organization\"},\"image\":{\"@id\":\"https:\/\/vieassociative.be\/actualites\/ces-lunettes-intelligentes-solos-pourraient-me-faire-abandonner-mes-metas-ray-ban\/#primaryimage\"},\"thumbnailUrl\":\"https:\/\/vieassociative.be\/actualites\/wp-content\/uploads\/2025\/06\/1750944415_Ces-lunettes-intelligentes-solos-pourraient-me-faire-abandonner-mes-metas.jpg\",\"keywords\":[\"abandonner\",\"Ban\",\"ces\",\"faire\",\"intelligentes\",\"lunettes\",\"Mes\",\"m\u00e9tas\",\"pourraient\",\"Ray\",\"solos\"],\"articleSection\":[\"Technologie\"],\"inLanguage\":\"fr-BE\"},{\"@type\":\"WebPage\",\"@id\":\"https:\/\/vieassociative.be\/actualites\/ces-lunettes-intelligentes-solos-pourraient-me-faire-abandonner-mes-metas-ray-ban\/\",\"url\":\"https:\/\/vieassociative.be\/actualites\/ces-lunettes-intelligentes-solos-pourraient-me-faire-abandonner-mes-metas-ray-ban\/\",\"name\":\"Ces lunettes intelligentes solos pourraient me faire abandonner mes m\u00e9tas Ray Ban | Vie Associative\",\"isPartOf\":{\"@id\":\"https:\/\/vieassociative.be\/actualites\/#website\"},\"primaryImageOfPage\":{\"@id\":\"https:\/\/vieassociative.be\/actualites\/ces-lunettes-intelligentes-solos-pourraient-me-faire-abandonner-mes-metas-ray-ban\/#primaryimage\"},\"image\":{\"@id\":\"https:\/\/vieassociative.be\/actualites\/ces-lunettes-intelligentes-solos-pourraient-me-faire-abandonner-mes-metas-ray-ban\/#primaryimage\"},\"thumbnailUrl\":\"https:\/\/vieassociative.be\/actualites\/wp-content\/uploads\/2025\/06\/1750944415_Ces-lunettes-intelligentes-solos-pourraient-me-faire-abandonner-mes-metas.jpg\",\"datePublished\":\"2025-06-26T13:26:55+00:00\",\"dateModified\":\"2025-06-26T13:26:55+00:00\",\"breadcrumb\":{\"@id\":\"https:\/\/vieassociative.be\/actualites\/ces-lunettes-intelligentes-solos-pourraient-me-faire-abandonner-mes-metas-ray-ban\/#breadcrumb\"},\"inLanguage\":\"fr-BE\",\"potentialAction\":[{\"@type\":\"ReadAction\",\"target\":[\"https:\/\/vieassociative.be\/actualites\/ces-lunettes-intelligentes-solos-pourraient-me-faire-abandonner-mes-metas-ray-ban\/\"]}]},{\"@type\":\"ImageObject\",\"inLanguage\":\"fr-BE\",\"@id\":\"https:\/\/vieassociative.be\/actualites\/ces-lunettes-intelligentes-solos-pourraient-me-faire-abandonner-mes-metas-ray-ban\/#primaryimage\",\"url\":\"https:\/\/vieassociative.be\/actualites\/wp-content\/uploads\/2025\/06\/1750944415_Ces-lunettes-intelligentes-solos-pourraient-me-faire-abandonner-mes-metas.jpg\",\"contentUrl\":\"https:\/\/vieassociative.be\/actualites\/wp-content\/uploads\/2025\/06\/1750944415_Ces-lunettes-intelligentes-solos-pourraient-me-faire-abandonner-mes-metas.jpg\",\"width\":1200,\"height\":675,\"caption\":\"Ces lunettes intelligentes solos pourraient me faire abandonner mes m\u00e9tas Ray Ban\"},{\"@type\":\"BreadcrumbList\",\"@id\":\"https:\/\/vieassociative.be\/actualites\/ces-lunettes-intelligentes-solos-pourraient-me-faire-abandonner-mes-metas-ray-ban\/#breadcrumb\",\"itemListElement\":[{\"@type\":\"ListItem\",\"position\":1,\"name\":\"Accueil\",\"item\":\"https:\/\/vieassociative.be\/actualites\/\"},{\"@type\":\"ListItem\",\"position\":2,\"name\":\"Ces lunettes intelligentes solos pourraient me faire abandonner mes m\u00e9tas Ray Ban\"}]},{\"@type\":\"WebSite\",\"@id\":\"https:\/\/vieassociative.be\/actualites\/#website\",\"url\":\"https:\/\/vieassociative.be\/actualites\/\",\"name\":\"Vie Associative\",\"description\":\"\",\"publisher\":{\"@id\":\"https:\/\/vieassociative.be\/actualites\/#organization\"},\"potentialAction\":[{\"@type\":\"SearchAction\",\"target\":{\"@type\":\"EntryPoint\",\"urlTemplate\":\"https:\/\/vieassociative.be\/actualites\/?s={search_term_string}\"},\"query-input\":{\"@type\":\"PropertyValueSpecification\",\"valueRequired\":true,\"valueName\":\"search_term_string\"}}],\"inLanguage\":\"fr-BE\"},{\"@type\":\"Organization\",\"@id\":\"https:\/\/vieassociative.be\/actualites\/#organization\",\"name\":\"Vie Associative\",\"url\":\"https:\/\/vieassociative.be\/actualites\/\",\"logo\":{\"@type\":\"ImageObject\",\"inLanguage\":\"fr-BE\",\"@id\":\"https:\/\/vieassociative.be\/actualites\/#\/schema\/logo\/image\/\",\"url\":\"https:\/\/vieassociative.be\/actualites\/wp-content\/uploads\/2024\/09\/cropped-vieassociative_favicon.ico.png\",\"contentUrl\":\"https:\/\/vieassociative.be\/actualites\/wp-content\/uploads\/2024\/09\/cropped-vieassociative_favicon.ico.png\",\"width\":512,\"height\":512,\"caption\":\"Vie Associative\"},\"image\":{\"@id\":\"https:\/\/vieassociative.be\/actualites\/#\/schema\/logo\/image\/\"}},{\"@type\":\"Person\",\"@id\":\"https:\/\/vieassociative.be\/actualites\/#\/schema\/person\/b87ac4f82f9d4e7b7cec7395b679edc4\",\"name\":\"Julien\",\"image\":{\"@type\":\"ImageObject\",\"inLanguage\":\"fr-BE\",\"@id\":\"https:\/\/vieassociative.be\/actualites\/#\/schema\/person\/image\/\",\"url\":\"https:\/\/vieassociative.be\/actualites\/wp-content\/uploads\/2024\/09\/vie-associative-1-150x150.jpg\",\"contentUrl\":\"https:\/\/vieassociative.be\/actualites\/wp-content\/uploads\/2024\/09\/vie-associative-1-150x150.jpg\",\"caption\":\"Julien\"},\"description\":\"Je suis Julien, r\u00e9dacteur pour Vie Associative. Passionn\u00e9 par le monde associatif depuis plus de 10 ans, j'ai \u00e0 c\u0153ur de partager des histoires inspirantes et de mettre en lumi\u00e8re les initiatives locales. Mon objectif est de sensibiliser et d'encourager l'engagement communautaire \u00e0 travers mes articles.\",\"sameAs\":[\"https:\/\/vieassociative.be\/\"]}]}<\/script>\n<!-- \/ Yoast SEO plugin. -->","yoast_head_json":{"title":"Ces lunettes intelligentes solos pourraient me faire abandonner mes m\u00e9tas Ray Ban | Vie Associative","robots":{"index":"index","follow":"follow","max-snippet":"max-snippet:-1","max-image-preview":"max-image-preview:large","max-video-preview":"max-video-preview:-1"},"canonical":"https:\/\/vieassociative.be\/actualites\/ces-lunettes-intelligentes-solos-pourraient-me-faire-abandonner-mes-metas-ray-ban\/","og_locale":"fr_FR","og_type":"article","og_title":"Ces lunettes intelligentes solos pourraient me faire abandonner mes m\u00e9tas Ray Ban | Vie Associative","og_description":"Ces lunettes intelligentes sont l\u00e9g\u00e8res sur des gadgets, lourds sur la convivialit\u00e9. Smart Glasses Company Solos a annonc\u00e9 aujourd&rsquo;hui deux nouvelles entr\u00e9es dans l&rsquo;espace technologique","og_url":"https:\/\/vieassociative.be\/actualites\/ces-lunettes-intelligentes-solos-pourraient-me-faire-abandonner-mes-metas-ray-ban\/","og_site_name":"Vie Associative","article_published_time":"2025-06-26T13:26:55+00:00","og_image":[{"url":"https:\/\/vieassociative.be\/actualites\/wp-content\/uploads\/2025\/06\/Ces-lunettes-intelligentes-solos-pourraient-me-faire-abandonner-mes-metas.jpg","type":"","width":"","height":""}],"author":"Julien","twitter_card":"summary_large_image","twitter_misc":{"\u00c9crit par":"Julien","Dur\u00e9e de lecture est.":"3 minutes"},"schema":{"@context":"https:\/\/schema.org","@graph":[{"@type":"Article","@id":"https:\/\/vieassociative.be\/actualites\/ces-lunettes-intelligentes-solos-pourraient-me-faire-abandonner-mes-metas-ray-ban\/#article","isPartOf":{"@id":"https:\/\/vieassociative.be\/actualites\/ces-lunettes-intelligentes-solos-pourraient-me-faire-abandonner-mes-metas-ray-ban\/"},"author":{"name":"Julien","@id":"https:\/\/vieassociative.be\/actualites\/#\/schema\/person\/b87ac4f82f9d4e7b7cec7395b679edc4"},"headline":"Ces lunettes intelligentes solos pourraient me faire abandonner mes m\u00e9tas Ray Ban","datePublished":"2025-06-26T13:26:55+00:00","dateModified":"2025-06-26T13:26:55+00:00","mainEntityOfPage":{"@id":"https:\/\/vieassociative.be\/actualites\/ces-lunettes-intelligentes-solos-pourraient-me-faire-abandonner-mes-metas-ray-ban\/"},"wordCount":563,"publisher":{"@id":"https:\/\/vieassociative.be\/actualites\/#organization"},"image":{"@id":"https:\/\/vieassociative.be\/actualites\/ces-lunettes-intelligentes-solos-pourraient-me-faire-abandonner-mes-metas-ray-ban\/#primaryimage"},"thumbnailUrl":"https:\/\/vieassociative.be\/actualites\/wp-content\/uploads\/2025\/06\/1750944415_Ces-lunettes-intelligentes-solos-pourraient-me-faire-abandonner-mes-metas.jpg","keywords":["abandonner","Ban","ces","faire","intelligentes","lunettes","Mes","m\u00e9tas","pourraient","Ray","solos"],"articleSection":["Technologie"],"inLanguage":"fr-BE"},{"@type":"WebPage","@id":"https:\/\/vieassociative.be\/actualites\/ces-lunettes-intelligentes-solos-pourraient-me-faire-abandonner-mes-metas-ray-ban\/","url":"https:\/\/vieassociative.be\/actualites\/ces-lunettes-intelligentes-solos-pourraient-me-faire-abandonner-mes-metas-ray-ban\/","name":"Ces lunettes intelligentes solos pourraient me faire abandonner mes m\u00e9tas Ray Ban | Vie Associative","isPartOf":{"@id":"https:\/\/vieassociative.be\/actualites\/#website"},"primaryImageOfPage":{"@id":"https:\/\/vieassociative.be\/actualites\/ces-lunettes-intelligentes-solos-pourraient-me-faire-abandonner-mes-metas-ray-ban\/#primaryimage"},"image":{"@id":"https:\/\/vieassociative.be\/actualites\/ces-lunettes-intelligentes-solos-pourraient-me-faire-abandonner-mes-metas-ray-ban\/#primaryimage"},"thumbnailUrl":"https:\/\/vieassociative.be\/actualites\/wp-content\/uploads\/2025\/06\/1750944415_Ces-lunettes-intelligentes-solos-pourraient-me-faire-abandonner-mes-metas.jpg","datePublished":"2025-06-26T13:26:55+00:00","dateModified":"2025-06-26T13:26:55+00:00","breadcrumb":{"@id":"https:\/\/vieassociative.be\/actualites\/ces-lunettes-intelligentes-solos-pourraient-me-faire-abandonner-mes-metas-ray-ban\/#breadcrumb"},"inLanguage":"fr-BE","potentialAction":[{"@type":"ReadAction","target":["https:\/\/vieassociative.be\/actualites\/ces-lunettes-intelligentes-solos-pourraient-me-faire-abandonner-mes-metas-ray-ban\/"]}]},{"@type":"ImageObject","inLanguage":"fr-BE","@id":"https:\/\/vieassociative.be\/actualites\/ces-lunettes-intelligentes-solos-pourraient-me-faire-abandonner-mes-metas-ray-ban\/#primaryimage","url":"https:\/\/vieassociative.be\/actualites\/wp-content\/uploads\/2025\/06\/1750944415_Ces-lunettes-intelligentes-solos-pourraient-me-faire-abandonner-mes-metas.jpg","contentUrl":"https:\/\/vieassociative.be\/actualites\/wp-content\/uploads\/2025\/06\/1750944415_Ces-lunettes-intelligentes-solos-pourraient-me-faire-abandonner-mes-metas.jpg","width":1200,"height":675,"caption":"Ces lunettes intelligentes solos pourraient me faire abandonner mes m\u00e9tas Ray Ban"},{"@type":"BreadcrumbList","@id":"https:\/\/vieassociative.be\/actualites\/ces-lunettes-intelligentes-solos-pourraient-me-faire-abandonner-mes-metas-ray-ban\/#breadcrumb","itemListElement":[{"@type":"ListItem","position":1,"name":"Accueil","item":"https:\/\/vieassociative.be\/actualites\/"},{"@type":"ListItem","position":2,"name":"Ces lunettes intelligentes solos pourraient me faire abandonner mes m\u00e9tas Ray Ban"}]},{"@type":"WebSite","@id":"https:\/\/vieassociative.be\/actualites\/#website","url":"https:\/\/vieassociative.be\/actualites\/","name":"Vie Associative","description":"","publisher":{"@id":"https:\/\/vieassociative.be\/actualites\/#organization"},"potentialAction":[{"@type":"SearchAction","target":{"@type":"EntryPoint","urlTemplate":"https:\/\/vieassociative.be\/actualites\/?s={search_term_string}"},"query-input":{"@type":"PropertyValueSpecification","valueRequired":true,"valueName":"search_term_string"}}],"inLanguage":"fr-BE"},{"@type":"Organization","@id":"https:\/\/vieassociative.be\/actualites\/#organization","name":"Vie Associative","url":"https:\/\/vieassociative.be\/actualites\/","logo":{"@type":"ImageObject","inLanguage":"fr-BE","@id":"https:\/\/vieassociative.be\/actualites\/#\/schema\/logo\/image\/","url":"https:\/\/vieassociative.be\/actualites\/wp-content\/uploads\/2024\/09\/cropped-vieassociative_favicon.ico.png","contentUrl":"https:\/\/vieassociative.be\/actualites\/wp-content\/uploads\/2024\/09\/cropped-vieassociative_favicon.ico.png","width":512,"height":512,"caption":"Vie Associative"},"image":{"@id":"https:\/\/vieassociative.be\/actualites\/#\/schema\/logo\/image\/"}},{"@type":"Person","@id":"https:\/\/vieassociative.be\/actualites\/#\/schema\/person\/b87ac4f82f9d4e7b7cec7395b679edc4","name":"Julien","image":{"@type":"ImageObject","inLanguage":"fr-BE","@id":"https:\/\/vieassociative.be\/actualites\/#\/schema\/person\/image\/","url":"https:\/\/vieassociative.be\/actualites\/wp-content\/uploads\/2024\/09\/vie-associative-1-150x150.jpg","contentUrl":"https:\/\/vieassociative.be\/actualites\/wp-content\/uploads\/2024\/09\/vie-associative-1-150x150.jpg","caption":"Julien"},"description":"Je suis Julien, r\u00e9dacteur pour Vie Associative. Passionn\u00e9 par le monde associatif depuis plus de 10 ans, j'ai \u00e0 c\u0153ur de partager des histoires inspirantes et de mettre en lumi\u00e8re les initiatives locales. Mon objectif est de sensibiliser et d'encourager l'engagement communautaire \u00e0 travers mes articles.","sameAs":["https:\/\/vieassociative.be\/"]}]}},"_links":{"self":[{"href":"https:\/\/vieassociative.be\/actualites\/wp-json\/wp\/v2\/posts\/8391"}],"collection":[{"href":"https:\/\/vieassociative.be\/actualites\/wp-json\/wp\/v2\/posts"}],"about":[{"href":"https:\/\/vieassociative.be\/actualites\/wp-json\/wp\/v2\/types\/post"}],"author":[{"embeddable":true,"href":"https:\/\/vieassociative.be\/actualites\/wp-json\/wp\/v2\/users\/1"}],"replies":[{"embeddable":true,"href":"https:\/\/vieassociative.be\/actualites\/wp-json\/wp\/v2\/comments?post=8391"}],"version-history":[{"count":0,"href":"https:\/\/vieassociative.be\/actualites\/wp-json\/wp\/v2\/posts\/8391\/revisions"}],"wp:featuredmedia":[{"embeddable":true,"href":"https:\/\/vieassociative.be\/actualites\/wp-json\/wp\/v2\/media\/8392"}],"wp:attachment":[{"href":"https:\/\/vieassociative.be\/actualites\/wp-json\/wp\/v2\/media?parent=8391"}],"wp:term":[{"taxonomy":"category","embeddable":true,"href":"https:\/\/vieassociative.be\/actualites\/wp-json\/wp\/v2\/categories?post=8391"},{"taxonomy":"post_tag","embeddable":true,"href":"https:\/\/vieassociative.be\/actualites\/wp-json\/wp\/v2\/tags?post=8391"}],"curies":[{"name":"wp","href":"https:\/\/api.w.org\/{rel}","templated":true}]}}