{"id":8382,"date":"2025-06-26T04:18:48","date_gmt":"2025-06-26T02:18:48","guid":{"rendered":"https:\/\/vieassociative.be\/actualites\/lotan-suit-trump-la-destination-de-cinq-pourcentage-a-decide\/"},"modified":"2025-06-26T04:18:48","modified_gmt":"2025-06-26T02:18:48","slug":"lotan-suit-trump-la-destination-de-cinq-pourcentage-a-decide","status":"publish","type":"post","link":"https:\/\/vieassociative.be\/actualites\/lotan-suit-trump-la-destination-de-cinq-pourcentage-a-decide\/","title":{"rendered":"L&rsquo;OTAN suit Trump: la destination de cinq pourcentage a d\u00e9cid\u00e9"},"content":{"rendered":"<p><strong>Trump a pr\u00e9valu: les 31 autres patrons des pays de l&rsquo;OTAN sont invit\u00e9s \u00e0 augmenter consid\u00e9rablement les d\u00e9penses de d\u00e9fense. La coh\u00e9sion de l&rsquo;alliance a des limites.<\/strong><\/p>\n<p><span id=\"more-418644\"><\/span>Sous l&rsquo;impression de la guerre d&rsquo;agression de la Russie contre l&rsquo;Ukraine et, \u00e0 la demande du pr\u00e9sident am\u00e9ricain Donald Trump, l&rsquo;OTAN s&rsquo;est engag\u00e9e \u00e0 augmenter les d\u00e9penses de d\u00e9fense sans pr\u00e9c\u00e9dent.<\/p>\n<p>Dans la d\u00e9claration finale de leur sommet dans le HAAG, les Alli\u00e9s ont d\u00e9cid\u00e9 d&rsquo;investir cinq pour cent du produit int\u00e9rieur brut pour la d\u00e9fense et la s\u00e9curit\u00e9 chaque ann\u00e9e au plus tard \u00e0 partir de 2035 &#8211; autant que depuis la guerre froide. Jusqu&rsquo;\u00e0 pr\u00e9sent, l&rsquo;objectif \u00e9tait de deux pour cent.<\/p>\n<\/p>\n<div id=\"attachment_418648\" class=\"wp-caption alignleft\" style=\"max-width: 300px\"><img fetchpriority=\"high\" decoding=\"async\" class=\"wp-image-418648 size-medium\" src=\"https:\/\/vieassociative.be\/actualites\/wp-content\/uploads\/2025\/06\/LOTAN-suit-Trump-la-destination-de-cinq-pourcentage-a-decide.jpg\" alt=\"\" width=\"300\" height=\"200\"><\/p>\n<p class=\"wp-caption-text\">25\/06\/2025, Pays-Bas, La Haye: le pr\u00e9sident am\u00e9ricain Donald Trump parle \u00e0 un sommet de l&rsquo;OTAN \u00e0 La Haye lors de son arriv\u00e9e lors d&rsquo;une r\u00e9union avec le secr\u00e9taire g\u00e9n\u00e9ral de l&rsquo;OTAN, Mark Rutte. Photo: Piroschka Van de Wouw \/ Pool Reuters \/ AP \/ DPA<\/p>\n<\/div>\n<p><strong>-Trump est soudainement un fan du sommet:<\/strong><br \/>\n Une d\u00e9rive de l&rsquo;alliance, redout\u00e9e par beaucoup redout\u00e9e apr\u00e8s la victoire \u00e9lectorale, est donc \u00e9vit\u00e9. Le pr\u00e9sident am\u00e9ricain, qui est tout sauf un fan des r\u00e9unions internationales et pr\u00e9f\u00e8re r\u00e9glementer les choses sur les transactions pour deux, a exprim\u00e9 l&rsquo;euphorique que jamais par un sommet. Il a parl\u00e9 d&rsquo;une \u00ab\u00a0victoire monumentale pour les \u00c9tats-Unis\u00a0\u00bb, mais aussi d&rsquo;une \u00ab\u00a0grande victoire\u00a0\u00bb pour l&rsquo;Europe et la civilisation occidentale.<\/p>\n<p><strong>&#8211; Merz appelle les r\u00e9sultats \u00ab\u00a0historiques\u00a0\u00bb:<\/strong> Le chancelier allemand Friedrich Merz a \u00e9galement appel\u00e9 les r\u00e9sultats du sommet \u00ab\u00a0historiquement\u00a0\u00bb. En \u00e9change de la promesse de cinq pour cent, les Alli\u00e9s s&rsquo;attendent maintenant \u00e0 ce que Trump ne laisse aucun doute que les \u00c9tats-Unis seront \u00e9galement sous sa direction pour obtenir de l&rsquo;aide conform\u00e9ment \u00e0 l&rsquo;article 5 du contrat de l&rsquo;OTAN. Ainsi, \u00e0 l&rsquo;accord, un alli\u00e9 peut compter sur le soutien des alli\u00e9s en cas d&rsquo;attaque et qu&rsquo;une attaque contre un membre est \u00e9valu\u00e9e comme une attaque contre tout le monde.<\/p>\n<p>Trump a maintenant assur\u00e9 les partenaires europ\u00e9ens. \u00c0 l&rsquo;avenir, cela fonctionnera \u00ab\u00a0parce qu&rsquo;ils paient maintenant beaucoup plus\u00a0\u00bb, a-t-il dit \u00e0 propos de la relation avec les partenaires. \u00ab\u00a0Nous sommes l\u00e0 pour vous aider \u00e0 prot\u00e9ger votre pays.\u00a0\u00bb Dans le pass\u00e9, Trump avait suscit\u00e9 \u00e0 plusieurs reprises des doutes quant \u00e0 savoir si les \u00c9tats-Unis \u00e9taient toujours sur l&rsquo;accord de base du contrat de l&rsquo;OTAN &#8211; m\u00eame avant le sommet.<\/p>\n<div id=\"attachment_418649\" class=\"wp-caption alignleft\" style=\"max-width: 300px\"><img decoding=\"async\" class=\"wp-image-418649 size-medium\" src=\"https:\/\/vieassociative.be\/actualites\/wp-content\/uploads\/2025\/06\/1750904328_322_LOTAN-suit-Trump-la-destination-de-cinq-pourcentage-a-decide.jpg\" alt=\"\" width=\"300\" height=\"145\"><\/p>\n<p class=\"wp-caption-text\">25.06.2025, Pays-Bas, The Haye: le Premier ministre britannique Keir Strandmer (LR), le Premier ministre italien Giorgia Meloni, le pr\u00e9sident ukrainien Wolodymyr Selenskyj, le secr\u00e9taire g\u00e9n\u00e9ral de l&rsquo;OTAN, Mark Rutte avec les chefs d&rsquo;\u00c9tat et le gouvernement du groupe E5 au bord du sommet de l&rsquo;OTAN. Photo: Ben Stansall \/ Pool AFP \/ AP \/ DPA<\/p>\n<\/div>\n<p>La d\u00e9claration du sommet dit: \u00ab\u00a0Nous, les chefs d&rsquo;\u00c9tat et le gouvernement de l&rsquo;Alliance de l&rsquo;Atlantique Nord, nous sommes r\u00e9unis \u00e0 La Haye afin de r\u00e9affirmer notre engagement envers l&rsquo;OTAN, l&rsquo;alliance la plus forte de l&rsquo;histoire et le gouvernement f\u00e9d\u00e9ral transatlantique.\u00a0\u00bb Vous restez uni et d\u00e9termin\u00e9 \u00e0 prot\u00e9ger un milliard de citoyens de l&rsquo;alliance.<\/p>\n<p><strong>&#8211; 3,5% pour le domaine central de la d\u00e9fense:<\/strong> L&rsquo;accord sur les d\u00e9penses de d\u00e9fense pr\u00e9voit sp\u00e9cifiquement que chaque \u00c9tat membre devra payer un montant d&rsquo;au moins 3,5% du PIB afin de \u00ab\u00a0couvrir les exigences de base dans la zone de d\u00e9fense et d&rsquo;atteindre les objectifs de capacit\u00e9 de l&rsquo;OTAN\u00a0\u00bb. De plus, les d\u00e9penses de lutte contre le terrorisme et les infrastructures militairement utilisables seront \u00e9galement cr\u00e9dit\u00e9es. Il pourrait s&rsquo;agir d&rsquo;investissements dans des lignes de chemin de fer, des ponts compatibles avec des r\u00e9servoirs et des ports \u00e9tendus.<\/p>\n<p><strong>-Spain scores et att\u00e9nue l&rsquo;euphorie du sommet:<\/strong> Le secr\u00e9taire g\u00e9n\u00e9ral de l&rsquo;OTAN, Mark Rutte, a f\u00e9licit\u00e9 Trump dans les tons les plus \u00e9lev\u00e9s. Cela r\u00e9alise quelque chose qu&rsquo;aucun pr\u00e9sident am\u00e9ricain n&rsquo;a atteint depuis des d\u00e9cennies \u00ab\u00a0, a-t-il fait l&rsquo;\u00e9loge du r\u00e9publicain.<\/p>\n<p>Cependant, le sommet Euphoria a \u00e9t\u00e9 assombri par une d\u00e9viation: le chef du gouvernement de l&rsquo;Espagne Pedro S\u00e1nchez. Il a clairement indiqu\u00e9 que son pays peut r\u00e9pondre aux besoins de l&rsquo;OTAN, m\u00eame sans d\u00e9penses de d\u00e9fense de cinq pour cent de la production \u00e9conomique. L&rsquo;Espagne a 2,1% du PIB cette ann\u00e9e et peut ainsi r\u00e9pondre \u00e0 toutes les exigences.<\/p>\n<p>Trump a ensuite menac\u00e9 Sanchez de tarifs punitifs. \u00ab\u00a0Savez-vous ce que nous ferons? Nous n\u00e9gocions avec l&rsquo;Espagne sur un accord commercial. Nous les aurons pay\u00e9s deux fois plus\u00a0\u00bb, a-t-il d\u00e9clar\u00e9. En fait, les \u00c9tats-Unis ne peuvent n\u00e9gocier des tarifs qu&rsquo;avec toute l&rsquo;Union europ\u00e9enne. Dans le litige actuel avec les \u00c9tats-Unis, la Commission de l&rsquo;UE parle pour la communaut\u00e9.<\/p>\n<div id=\"attachment_418650\" class=\"wp-caption alignleft\" style=\"max-width: 300px\"><img decoding=\"async\" class=\"wp-image-418650 size-medium\" src=\"https:\/\/vieassociative.be\/actualites\/wp-content\/uploads\/2025\/06\/1750904328_509_LOTAN-suit-Trump-la-destination-de-cinq-pourcentage-a-decide.jpg\" alt=\"\" width=\"300\" height=\"200\"><\/p>\n<p class=\"wp-caption-text\">25\/06\/2025, Pays-Bas, La Haye: le pr\u00e9sident am\u00e9ricain Donald Trump (R) secoue la main du pr\u00e9sident ukrainien Wolodymyr Selenskyj lors de sa r\u00e9union au bord du sommet de l&rsquo;OTAN. Photo: Pr\u00e9sidence ukrainienne \/ Planet Pix via Zum Press Wire \/ DPA<\/p>\n<\/div>\n<p><strong>&#8211; Selenskyj uniquement dans un r\u00f4le de soutien:<\/strong> Le fait que la coh\u00e9sion de l&rsquo;alliance ait des limites a \u00e9galement \u00e9t\u00e9 \u00e9vidente en ce qui concerne la guerre de l&rsquo;Ukraine. Presque tous les Europ\u00e9ens de l&rsquo;OTAN sont fermement du c\u00f4t\u00e9 de l&rsquo;Ukraine et veulent augmenter la pression sur la Russie. Trump ne veut pas y participer si clairement et pense que les sanctions des pr\u00e9judices de sa propre \u00e9conomie. Merz a de nouveau essay\u00e9 au bord du sommet dans une conversation \u00e0 un \u00e0 la n\u00e9cessit\u00e9 de mesures punitives.<\/p>\n<p>Cependant, il n&rsquo;y a eu aucune autre session de travail pour la guerre d&rsquo;attaque russe contre l&rsquo;Ukraine au sommet, contrairement aux ann\u00e9es pr\u00e9c\u00e9dentes. Le pr\u00e9sident ukrainien Wolodymyr Selenskyj, qui \u00e9tait l\u00e0 en tant qu&rsquo;invit\u00e9, n&rsquo;a eu qu&rsquo;un r\u00f4le de soutien cette fois. Dans la d\u00e9claration du sommet, la solidarit\u00e9 avec l&rsquo;Ukraine est limit\u00e9e \u00e0 la vague phrase: \u00ab\u00a0Les Alli\u00e9s r\u00e9affirment leurs engagements nationaux permanents \u00e0 soutenir l&rsquo;Ukraine, dont la s\u00e9curit\u00e9 contribue \u00e0 notre s\u00e9curit\u00e9.\u00a0\u00bb<\/p>\n<p><strong>&#8211; \u00abchemin irr\u00e9versible\u00bb de l&rsquo;Ukraine dans l&rsquo;OTAN:<\/strong> En tant que petit succ\u00e8s, Selenskyj peut r\u00e9server qu&rsquo;il a \u00e9t\u00e9 indiqu\u00e9 par \u00e9crit que les pays de l&rsquo;OTAN peuvent avoir un soutien militaire \u00e0 son pays cr\u00e9dit\u00e9 de ses d\u00e9penses de d\u00e9fense. Il a \u00e9t\u00e9 r\u00e9cemment g\u00e9r\u00e9 de cette mani\u00e8re, mais l&rsquo;Ukraine craignait que cela ne change \u00e0 cause de la politique de Trump.<\/p>\n<p>L&rsquo;ann\u00e9e derni\u00e8re, l&rsquo;OTAN d&rsquo;Ukraine avait donn\u00e9 l&rsquo;approbation de 40 milliards d&rsquo;euros et a promis de les soutenir sur le \u00ab\u00a0chemin irr\u00e9versible\u00a0\u00bb pour l&rsquo;adh\u00e9sion \u00e0 l&rsquo;OTAN. Ce dernier libell\u00e9, qui est extr\u00eamement important pour l&rsquo;Ukraine, a maintenant \u00e9t\u00e9 omis sans remplacement. (DPA)<\/p>\n","protected":false},"excerpt":{"rendered":"<p>Trump a pr\u00e9valu: les 31 autres patrons des pays de l&rsquo;OTAN sont invit\u00e9s \u00e0 augmenter consid\u00e9rablement les d\u00e9penses de d\u00e9fense. La coh\u00e9sion de l&rsquo;alliance a<\/p>\n","protected":false},"author":1,"featured_media":8383,"comment_status":"","ping_status":"","sticky":false,"template":"","format":"standard","meta":{"footnotes":""},"categories":[298],"tags":[317,2884,7536,4225,7537,5258,2425],"class_list":["post-8382","post","type-post","status-publish","format-standard","has-post-thumbnail","hentry","category-belgique","tag-cinq","tag-decide","tag-destination","tag-lotan","tag-pourcentage","tag-suit","tag-trump","generate-columns","tablet-grid-50","mobile-grid-100","grid-parent","grid-33"],"yoast_head":"<!-- This site is optimized with the Yoast SEO plugin v24.0 - https:\/\/yoast.com\/wordpress\/plugins\/seo\/ -->\n<title>L&#039;OTAN suit Trump: la destination de cinq pourcentage a d\u00e9cid\u00e9 | Vie Associative<\/title>\n<meta name=\"robots\" content=\"index, follow, max-snippet:-1, max-image-preview:large, max-video-preview:-1\" \/>\n<link rel=\"canonical\" href=\"https:\/\/vieassociative.be\/actualites\/lotan-suit-trump-la-destination-de-cinq-pourcentage-a-decide\/\" \/>\n<meta property=\"og:locale\" content=\"fr_FR\" \/>\n<meta property=\"og:type\" content=\"article\" \/>\n<meta property=\"og:title\" content=\"L&#039;OTAN suit Trump: la destination de cinq pourcentage a d\u00e9cid\u00e9 | Vie Associative\" \/>\n<meta property=\"og:description\" content=\"Trump a pr\u00e9valu: les 31 autres patrons des pays de l&rsquo;OTAN sont invit\u00e9s \u00e0 augmenter consid\u00e9rablement les d\u00e9penses de d\u00e9fense. La coh\u00e9sion de l&rsquo;alliance a\" \/>\n<meta property=\"og:url\" content=\"https:\/\/vieassociative.be\/actualites\/lotan-suit-trump-la-destination-de-cinq-pourcentage-a-decide\/\" \/>\n<meta property=\"og:site_name\" content=\"Vie Associative\" \/>\n<meta property=\"article:published_time\" content=\"2025-06-26T02:18:48+00:00\" \/>\n<meta property=\"og:image\" content=\"https:\/\/vieassociative.be\/actualites\/wp-content\/uploads\/2024\/09\/header_backgroundk-01-e1726694325946.png\" \/>\n\t<meta property=\"og:image:width\" content=\"279\" \/>\n\t<meta property=\"og:image:height\" content=\"92\" \/>\n\t<meta property=\"og:image:type\" content=\"image\/png\" \/>\n<meta name=\"author\" content=\"Julien\" \/>\n<meta name=\"twitter:card\" content=\"summary_large_image\" \/>\n<meta name=\"twitter:label1\" content=\"\u00c9crit par\" \/>\n\t<meta name=\"twitter:data1\" content=\"Julien\" \/>\n\t<meta name=\"twitter:label2\" content=\"Dur\u00e9e de lecture est.\" \/>\n\t<meta name=\"twitter:data2\" content=\"6 minutes\" \/>\n<script type=\"application\/ld+json\" class=\"yoast-schema-graph\">{\"@context\":\"https:\/\/schema.org\",\"@graph\":[{\"@type\":\"Article\",\"@id\":\"https:\/\/vieassociative.be\/actualites\/lotan-suit-trump-la-destination-de-cinq-pourcentage-a-decide\/#article\",\"isPartOf\":{\"@id\":\"https:\/\/vieassociative.be\/actualites\/lotan-suit-trump-la-destination-de-cinq-pourcentage-a-decide\/\"},\"author\":{\"name\":\"Julien\",\"@id\":\"https:\/\/vieassociative.be\/actualites\/#\/schema\/person\/b87ac4f82f9d4e7b7cec7395b679edc4\"},\"headline\":\"L&rsquo;OTAN suit Trump: la destination de cinq pourcentage a d\u00e9cid\u00e9\",\"datePublished\":\"2025-06-26T02:18:48+00:00\",\"dateModified\":\"2025-06-26T02:18:48+00:00\",\"mainEntityOfPage\":{\"@id\":\"https:\/\/vieassociative.be\/actualites\/lotan-suit-trump-la-destination-de-cinq-pourcentage-a-decide\/\"},\"wordCount\":1225,\"publisher\":{\"@id\":\"https:\/\/vieassociative.be\/actualites\/#organization\"},\"image\":{\"@id\":\"https:\/\/vieassociative.be\/actualites\/lotan-suit-trump-la-destination-de-cinq-pourcentage-a-decide\/#primaryimage\"},\"thumbnailUrl\":\"https:\/\/vieassociative.be\/actualites\/wp-content\/uploads\/2025\/06\/1750904328_LOTAN-suit-Trump-la-destination-de-cinq-pourcentage-a-decide.jpg\",\"keywords\":[\"Cinq\",\"d\u00e9cide\",\"destination\",\"lOTAN\",\"pourcentage\",\"suit\",\"Trump\"],\"articleSection\":[\"Belgique\"],\"inLanguage\":\"fr-BE\"},{\"@type\":\"WebPage\",\"@id\":\"https:\/\/vieassociative.be\/actualites\/lotan-suit-trump-la-destination-de-cinq-pourcentage-a-decide\/\",\"url\":\"https:\/\/vieassociative.be\/actualites\/lotan-suit-trump-la-destination-de-cinq-pourcentage-a-decide\/\",\"name\":\"L'OTAN suit Trump: la destination de cinq pourcentage a d\u00e9cid\u00e9 | Vie Associative\",\"isPartOf\":{\"@id\":\"https:\/\/vieassociative.be\/actualites\/#website\"},\"primaryImageOfPage\":{\"@id\":\"https:\/\/vieassociative.be\/actualites\/lotan-suit-trump-la-destination-de-cinq-pourcentage-a-decide\/#primaryimage\"},\"image\":{\"@id\":\"https:\/\/vieassociative.be\/actualites\/lotan-suit-trump-la-destination-de-cinq-pourcentage-a-decide\/#primaryimage\"},\"thumbnailUrl\":\"https:\/\/vieassociative.be\/actualites\/wp-content\/uploads\/2025\/06\/1750904328_LOTAN-suit-Trump-la-destination-de-cinq-pourcentage-a-decide.jpg\",\"datePublished\":\"2025-06-26T02:18:48+00:00\",\"dateModified\":\"2025-06-26T02:18:48+00:00\",\"breadcrumb\":{\"@id\":\"https:\/\/vieassociative.be\/actualites\/lotan-suit-trump-la-destination-de-cinq-pourcentage-a-decide\/#breadcrumb\"},\"inLanguage\":\"fr-BE\",\"potentialAction\":[{\"@type\":\"ReadAction\",\"target\":[\"https:\/\/vieassociative.be\/actualites\/lotan-suit-trump-la-destination-de-cinq-pourcentage-a-decide\/\"]}]},{\"@type\":\"ImageObject\",\"inLanguage\":\"fr-BE\",\"@id\":\"https:\/\/vieassociative.be\/actualites\/lotan-suit-trump-la-destination-de-cinq-pourcentage-a-decide\/#primaryimage\",\"url\":\"https:\/\/vieassociative.be\/actualites\/wp-content\/uploads\/2025\/06\/1750904328_LOTAN-suit-Trump-la-destination-de-cinq-pourcentage-a-decide.jpg\",\"contentUrl\":\"https:\/\/vieassociative.be\/actualites\/wp-content\/uploads\/2025\/06\/1750904328_LOTAN-suit-Trump-la-destination-de-cinq-pourcentage-a-decide.jpg\",\"width\":1200,\"height\":800,\"caption\":\"L'OTAN suit Trump: la destination de cinq pourcentage a d\u00e9cid\u00e9\"},{\"@type\":\"BreadcrumbList\",\"@id\":\"https:\/\/vieassociative.be\/actualites\/lotan-suit-trump-la-destination-de-cinq-pourcentage-a-decide\/#breadcrumb\",\"itemListElement\":[{\"@type\":\"ListItem\",\"position\":1,\"name\":\"Accueil\",\"item\":\"https:\/\/vieassociative.be\/actualites\/\"},{\"@type\":\"ListItem\",\"position\":2,\"name\":\"L&rsquo;OTAN suit Trump: la destination de cinq pourcentage a d\u00e9cid\u00e9\"}]},{\"@type\":\"WebSite\",\"@id\":\"https:\/\/vieassociative.be\/actualites\/#website\",\"url\":\"https:\/\/vieassociative.be\/actualites\/\",\"name\":\"Vie Associative\",\"description\":\"\",\"publisher\":{\"@id\":\"https:\/\/vieassociative.be\/actualites\/#organization\"},\"potentialAction\":[{\"@type\":\"SearchAction\",\"target\":{\"@type\":\"EntryPoint\",\"urlTemplate\":\"https:\/\/vieassociative.be\/actualites\/?s={search_term_string}\"},\"query-input\":{\"@type\":\"PropertyValueSpecification\",\"valueRequired\":true,\"valueName\":\"search_term_string\"}}],\"inLanguage\":\"fr-BE\"},{\"@type\":\"Organization\",\"@id\":\"https:\/\/vieassociative.be\/actualites\/#organization\",\"name\":\"Vie Associative\",\"url\":\"https:\/\/vieassociative.be\/actualites\/\",\"logo\":{\"@type\":\"ImageObject\",\"inLanguage\":\"fr-BE\",\"@id\":\"https:\/\/vieassociative.be\/actualites\/#\/schema\/logo\/image\/\",\"url\":\"https:\/\/vieassociative.be\/actualites\/wp-content\/uploads\/2024\/09\/cropped-vieassociative_favicon.ico.png\",\"contentUrl\":\"https:\/\/vieassociative.be\/actualites\/wp-content\/uploads\/2024\/09\/cropped-vieassociative_favicon.ico.png\",\"width\":512,\"height\":512,\"caption\":\"Vie Associative\"},\"image\":{\"@id\":\"https:\/\/vieassociative.be\/actualites\/#\/schema\/logo\/image\/\"}},{\"@type\":\"Person\",\"@id\":\"https:\/\/vieassociative.be\/actualites\/#\/schema\/person\/b87ac4f82f9d4e7b7cec7395b679edc4\",\"name\":\"Julien\",\"image\":{\"@type\":\"ImageObject\",\"inLanguage\":\"fr-BE\",\"@id\":\"https:\/\/vieassociative.be\/actualites\/#\/schema\/person\/image\/\",\"url\":\"https:\/\/vieassociative.be\/actualites\/wp-content\/uploads\/2024\/09\/vie-associative-1-150x150.jpg\",\"contentUrl\":\"https:\/\/vieassociative.be\/actualites\/wp-content\/uploads\/2024\/09\/vie-associative-1-150x150.jpg\",\"caption\":\"Julien\"},\"description\":\"Je suis Julien, r\u00e9dacteur pour Vie Associative. Passionn\u00e9 par le monde associatif depuis plus de 10 ans, j'ai \u00e0 c\u0153ur de partager des histoires inspirantes et de mettre en lumi\u00e8re les initiatives locales. Mon objectif est de sensibiliser et d'encourager l'engagement communautaire \u00e0 travers mes articles.\",\"sameAs\":[\"https:\/\/vieassociative.be\/\"]}]}<\/script>\n<!-- \/ Yoast SEO plugin. -->","yoast_head_json":{"title":"L'OTAN suit Trump: la destination de cinq pourcentage a d\u00e9cid\u00e9 | Vie Associative","robots":{"index":"index","follow":"follow","max-snippet":"max-snippet:-1","max-image-preview":"max-image-preview:large","max-video-preview":"max-video-preview:-1"},"canonical":"https:\/\/vieassociative.be\/actualites\/lotan-suit-trump-la-destination-de-cinq-pourcentage-a-decide\/","og_locale":"fr_FR","og_type":"article","og_title":"L'OTAN suit Trump: la destination de cinq pourcentage a d\u00e9cid\u00e9 | Vie Associative","og_description":"Trump a pr\u00e9valu: les 31 autres patrons des pays de l&rsquo;OTAN sont invit\u00e9s \u00e0 augmenter consid\u00e9rablement les d\u00e9penses de d\u00e9fense. La coh\u00e9sion de l&rsquo;alliance a","og_url":"https:\/\/vieassociative.be\/actualites\/lotan-suit-trump-la-destination-de-cinq-pourcentage-a-decide\/","og_site_name":"Vie Associative","article_published_time":"2025-06-26T02:18:48+00:00","og_image":[{"width":279,"height":92,"url":"https:\/\/vieassociative.be\/actualites\/wp-content\/uploads\/2024\/09\/header_backgroundk-01-e1726694325946.png","type":"image\/png"}],"author":"Julien","twitter_card":"summary_large_image","twitter_misc":{"\u00c9crit par":"Julien","Dur\u00e9e de lecture est.":"6 minutes"},"schema":{"@context":"https:\/\/schema.org","@graph":[{"@type":"Article","@id":"https:\/\/vieassociative.be\/actualites\/lotan-suit-trump-la-destination-de-cinq-pourcentage-a-decide\/#article","isPartOf":{"@id":"https:\/\/vieassociative.be\/actualites\/lotan-suit-trump-la-destination-de-cinq-pourcentage-a-decide\/"},"author":{"name":"Julien","@id":"https:\/\/vieassociative.be\/actualites\/#\/schema\/person\/b87ac4f82f9d4e7b7cec7395b679edc4"},"headline":"L&rsquo;OTAN suit Trump: la destination de cinq pourcentage a d\u00e9cid\u00e9","datePublished":"2025-06-26T02:18:48+00:00","dateModified":"2025-06-26T02:18:48+00:00","mainEntityOfPage":{"@id":"https:\/\/vieassociative.be\/actualites\/lotan-suit-trump-la-destination-de-cinq-pourcentage-a-decide\/"},"wordCount":1225,"publisher":{"@id":"https:\/\/vieassociative.be\/actualites\/#organization"},"image":{"@id":"https:\/\/vieassociative.be\/actualites\/lotan-suit-trump-la-destination-de-cinq-pourcentage-a-decide\/#primaryimage"},"thumbnailUrl":"https:\/\/vieassociative.be\/actualites\/wp-content\/uploads\/2025\/06\/1750904328_LOTAN-suit-Trump-la-destination-de-cinq-pourcentage-a-decide.jpg","keywords":["Cinq","d\u00e9cide","destination","lOTAN","pourcentage","suit","Trump"],"articleSection":["Belgique"],"inLanguage":"fr-BE"},{"@type":"WebPage","@id":"https:\/\/vieassociative.be\/actualites\/lotan-suit-trump-la-destination-de-cinq-pourcentage-a-decide\/","url":"https:\/\/vieassociative.be\/actualites\/lotan-suit-trump-la-destination-de-cinq-pourcentage-a-decide\/","name":"L'OTAN suit Trump: la destination de cinq pourcentage a d\u00e9cid\u00e9 | Vie Associative","isPartOf":{"@id":"https:\/\/vieassociative.be\/actualites\/#website"},"primaryImageOfPage":{"@id":"https:\/\/vieassociative.be\/actualites\/lotan-suit-trump-la-destination-de-cinq-pourcentage-a-decide\/#primaryimage"},"image":{"@id":"https:\/\/vieassociative.be\/actualites\/lotan-suit-trump-la-destination-de-cinq-pourcentage-a-decide\/#primaryimage"},"thumbnailUrl":"https:\/\/vieassociative.be\/actualites\/wp-content\/uploads\/2025\/06\/1750904328_LOTAN-suit-Trump-la-destination-de-cinq-pourcentage-a-decide.jpg","datePublished":"2025-06-26T02:18:48+00:00","dateModified":"2025-06-26T02:18:48+00:00","breadcrumb":{"@id":"https:\/\/vieassociative.be\/actualites\/lotan-suit-trump-la-destination-de-cinq-pourcentage-a-decide\/#breadcrumb"},"inLanguage":"fr-BE","potentialAction":[{"@type":"ReadAction","target":["https:\/\/vieassociative.be\/actualites\/lotan-suit-trump-la-destination-de-cinq-pourcentage-a-decide\/"]}]},{"@type":"ImageObject","inLanguage":"fr-BE","@id":"https:\/\/vieassociative.be\/actualites\/lotan-suit-trump-la-destination-de-cinq-pourcentage-a-decide\/#primaryimage","url":"https:\/\/vieassociative.be\/actualites\/wp-content\/uploads\/2025\/06\/1750904328_LOTAN-suit-Trump-la-destination-de-cinq-pourcentage-a-decide.jpg","contentUrl":"https:\/\/vieassociative.be\/actualites\/wp-content\/uploads\/2025\/06\/1750904328_LOTAN-suit-Trump-la-destination-de-cinq-pourcentage-a-decide.jpg","width":1200,"height":800,"caption":"L'OTAN suit Trump: la destination de cinq pourcentage a d\u00e9cid\u00e9"},{"@type":"BreadcrumbList","@id":"https:\/\/vieassociative.be\/actualites\/lotan-suit-trump-la-destination-de-cinq-pourcentage-a-decide\/#breadcrumb","itemListElement":[{"@type":"ListItem","position":1,"name":"Accueil","item":"https:\/\/vieassociative.be\/actualites\/"},{"@type":"ListItem","position":2,"name":"L&rsquo;OTAN suit Trump: la destination de cinq pourcentage a d\u00e9cid\u00e9"}]},{"@type":"WebSite","@id":"https:\/\/vieassociative.be\/actualites\/#website","url":"https:\/\/vieassociative.be\/actualites\/","name":"Vie Associative","description":"","publisher":{"@id":"https:\/\/vieassociative.be\/actualites\/#organization"},"potentialAction":[{"@type":"SearchAction","target":{"@type":"EntryPoint","urlTemplate":"https:\/\/vieassociative.be\/actualites\/?s={search_term_string}"},"query-input":{"@type":"PropertyValueSpecification","valueRequired":true,"valueName":"search_term_string"}}],"inLanguage":"fr-BE"},{"@type":"Organization","@id":"https:\/\/vieassociative.be\/actualites\/#organization","name":"Vie Associative","url":"https:\/\/vieassociative.be\/actualites\/","logo":{"@type":"ImageObject","inLanguage":"fr-BE","@id":"https:\/\/vieassociative.be\/actualites\/#\/schema\/logo\/image\/","url":"https:\/\/vieassociative.be\/actualites\/wp-content\/uploads\/2024\/09\/cropped-vieassociative_favicon.ico.png","contentUrl":"https:\/\/vieassociative.be\/actualites\/wp-content\/uploads\/2024\/09\/cropped-vieassociative_favicon.ico.png","width":512,"height":512,"caption":"Vie Associative"},"image":{"@id":"https:\/\/vieassociative.be\/actualites\/#\/schema\/logo\/image\/"}},{"@type":"Person","@id":"https:\/\/vieassociative.be\/actualites\/#\/schema\/person\/b87ac4f82f9d4e7b7cec7395b679edc4","name":"Julien","image":{"@type":"ImageObject","inLanguage":"fr-BE","@id":"https:\/\/vieassociative.be\/actualites\/#\/schema\/person\/image\/","url":"https:\/\/vieassociative.be\/actualites\/wp-content\/uploads\/2024\/09\/vie-associative-1-150x150.jpg","contentUrl":"https:\/\/vieassociative.be\/actualites\/wp-content\/uploads\/2024\/09\/vie-associative-1-150x150.jpg","caption":"Julien"},"description":"Je suis Julien, r\u00e9dacteur pour Vie Associative. Passionn\u00e9 par le monde associatif depuis plus de 10 ans, j'ai \u00e0 c\u0153ur de partager des histoires inspirantes et de mettre en lumi\u00e8re les initiatives locales. Mon objectif est de sensibiliser et d'encourager l'engagement communautaire \u00e0 travers mes articles.","sameAs":["https:\/\/vieassociative.be\/"]}]}},"_links":{"self":[{"href":"https:\/\/vieassociative.be\/actualites\/wp-json\/wp\/v2\/posts\/8382"}],"collection":[{"href":"https:\/\/vieassociative.be\/actualites\/wp-json\/wp\/v2\/posts"}],"about":[{"href":"https:\/\/vieassociative.be\/actualites\/wp-json\/wp\/v2\/types\/post"}],"author":[{"embeddable":true,"href":"https:\/\/vieassociative.be\/actualites\/wp-json\/wp\/v2\/users\/1"}],"replies":[{"embeddable":true,"href":"https:\/\/vieassociative.be\/actualites\/wp-json\/wp\/v2\/comments?post=8382"}],"version-history":[{"count":0,"href":"https:\/\/vieassociative.be\/actualites\/wp-json\/wp\/v2\/posts\/8382\/revisions"}],"wp:featuredmedia":[{"embeddable":true,"href":"https:\/\/vieassociative.be\/actualites\/wp-json\/wp\/v2\/media\/8383"}],"wp:attachment":[{"href":"https:\/\/vieassociative.be\/actualites\/wp-json\/wp\/v2\/media?parent=8382"}],"wp:term":[{"taxonomy":"category","embeddable":true,"href":"https:\/\/vieassociative.be\/actualites\/wp-json\/wp\/v2\/categories?post=8382"},{"taxonomy":"post_tag","embeddable":true,"href":"https:\/\/vieassociative.be\/actualites\/wp-json\/wp\/v2\/tags?post=8382"}],"curies":[{"name":"wp","href":"https:\/\/api.w.org\/{rel}","templated":true}]}}