{"id":8380,"date":"2025-06-26T03:17:31","date_gmt":"2025-06-26T01:17:31","guid":{"rendered":"https:\/\/vieassociative.be\/actualites\/samsung-propose-quelques-avantages-a-ceux-qui-sinscrivent-pour-precommander-ses-nouveaux-pliables\/"},"modified":"2025-06-26T03:17:31","modified_gmt":"2025-06-26T01:17:31","slug":"samsung-propose-quelques-avantages-a-ceux-qui-sinscrivent-pour-precommander-ses-nouveaux-pliables","status":"publish","type":"post","link":"https:\/\/vieassociative.be\/actualites\/samsung-propose-quelques-avantages-a-ceux-qui-sinscrivent-pour-precommander-ses-nouveaux-pliables\/","title":{"rendered":"Samsung propose quelques avantages \u00e0 ceux qui s&rsquo;inscrivent pour pr\u00e9commander ses nouveaux pliables"},"content":{"rendered":"<div class=\"mt-4 leading-6 md:mb-8\">Vous pouvez \u00e9galement obtenir jusqu&rsquo;\u00e0 1 150 $ vers un nouveau t\u00e9l\u00e9phone lorsque vous \u00e9changez un autre appareil.<\/div>\n<p><\/p>\n<p>Samsung a confirm\u00e9 que son \u00e9v\u00e9nement, Galaxy, d\u00e9ball\u00e9 en juillet 2025<strong>, <\/strong>aura lieu le 9 juillet. (Un choix int\u00e9ressant pour le faire pendant la premi\u00e8re journ\u00e9e.) L&rsquo;\u00e9v\u00e9nement se concentrera sur ses nouveaux t\u00e9l\u00e9phones pliables, y compris le Galaxy Z Fold 7 et Z Flip 7, tous deux que vous pouvez pr\u00e9commander maintenant.<\/p>\n<p>Les personnes qui se renseignent et finissent par acheter l&rsquo;un des t\u00e9l\u00e9phones <strong>Cr\u00e9dit de 50 $<\/strong>que vous pouvez utiliser sur des accessoires comme des \u00e9tuis ou des protecteurs d&rsquo;\u00e9cran sur Samsung.com ou dans l&rsquo;application Samsung Shop. <\/p>\n<p>Samsung propose \u00e9galement <strong>1 150 $ <\/strong>en cr\u00e9dits de commerce lorsque vous remettez un appareil de qualification via le programme de commerce Samsung. Vous pourrez ensuite utiliser ce cr\u00e9dit pour votre achat du Galaxy Z Fold 7 ou Z Flip 7.<\/p>\n<p>Ces deux transactions sont temporaires, sans aucun d\u00e9tail sur la fin de leur fin. Gardez \u00e0 l&rsquo;esprit qu&rsquo;en d\u00e9pensant votre nom en ce moment, vous ne vous engagez pas \u00e0 acheter les t\u00e9l\u00e9phones; Vous placez simplement une r\u00e9servation pour pr\u00e9commander les t\u00e9l\u00e9phones plus tard, vous pouvez donc toujours reculer. Si vous \u00eates s\u00fbr que vous achetez l&rsquo;un de ces t\u00e9l\u00e9phones, il est pr\u00e9f\u00e9rable de d\u00e9poser votre nom plut\u00f4t que d&rsquo;attendre la version. Le processus entre \u00e9galement automatiquement dans un concours de cr\u00e9dit Samsung de 5 000 $.<\/p>\n<div class=\"pogoClear relative my-10 border-b-(1.5px) border-t-(1.5px) border-dashed border-black py-5 sm:my-14 sm:border-0 sm:py-0\" data-ga-click data-ga-template=\"Deals\" data-ga-module=\"openweb_widget\" data-ga-element=\"openweb_scroll\" data-ga-item=\"openweb_scroll_midpage\" x-data=\"{\n         commentsCount: null,\n         hasComments: false,\n         async fetchCommentsCount() {\n             try {\n                 if (window.openweb &amp;&amp; typeof window.openweb.getMessagesCount === 'function') {\n                     this.commentsCount = await window.openweb.getMessagesCount('01JYMB886ES893QSA4A59JCRZQ');\n                     this.hasComments = this.commentsCount !== null &amp;&amp; this.commentsCount &gt; 0;\n                 }\n             } catch (e) {\n                 console.warn('Failed to fetch comment count:', e);\n             }\n         }\n     }\" x-init=\"fetchCommentsCount()\" x-cloak><\/p>\n<div class=\"absolute top-1\/2 hidden w-full -translate-y-1\/2 border-t-(1.5px) border-dashed border-black sm:block\"><\/div>\n<div class=\"relative flex justify-center\">\n<div class=\"flex max-w-fit items-center gap-x-3 bg-white px-5\">\n<div class=\"relative\">\n                <span class=\"absolute left-1\/2 top-1\/2 -translate-x-1\/2 -translate-y-1\/2 font-akshar text-sm font-medium text-black\" aria-live=\"polite\" x-show=\"hasComments\" x-text=\"commentsCount\"><\/span><\/p>\n<p>                <svg class=\"h-8 w-8 text-black\" role=\"img\" aria-hidden=\"true\">\n                    <use href=\"http:\/\/lifehacker.com\/images\/icons\/spritemap.svg#sprite-chat-bubble\"><\/use>\n                <\/svg>\n            <\/div>\n<p>            <span class=\"text-sm font-medium text-black\"><\/p>\n<p>                Que pensez-vous jusqu&rsquo;\u00e0 pr\u00e9sent?<br \/>\n                <button class=\"ml-1 font-semibold text-brand-green underline hover:text-brand-green-700\" type=\"button\" aria-label=\"Comment section trigger\" onclick=\"window.openweb.scrollToComments('01JYMB886ES893QSA4A59JCRZQ')\" x-text=\"hasComments ? 'Post a comment.' : 'Be the first to post a comment.'\"><\/button><br \/>\n            <\/span>\n        <\/div>\n<\/p><\/div>\n<\/div>\n<p>Samsung vous enverra ensuite un e-mail avec des informations sur la fa\u00e7on de racheter l&rsquo;accord pendant la fen\u00eatre de pr\u00e9commande. Il n&rsquo;est pas n\u00e9cessaire de r\u00e9duire les informations de carte de cr\u00e9dit lorsque vous vous inscrivez.<\/p>\n<p>Je ne serais pas surpris si Samsung finit \u00e9galement par offrir une mise \u00e0 niveau gratuite vers le prochain niveau de stockage (probablement 512 Go) avec la pr\u00e9commande, une fois disponible. Il y aura tr\u00e8s probablement des offres concurrentes d&rsquo;Amazon et des op\u00e9rateurs de t\u00e9l\u00e9phone, mais encore une fois, vous ne perdez rien en vous inscrivant \u00e0 celui-ci.<\/p>\n","protected":false},"excerpt":{"rendered":"<p>Vous pouvez \u00e9galement obtenir jusqu&rsquo;\u00e0 1 150 $ vers un nouveau t\u00e9l\u00e9phone lorsque vous \u00e9changez un autre appareil. Samsung a confirm\u00e9 que son \u00e9v\u00e9nement, Galaxy,<\/p>\n","protected":false},"author":1,"featured_media":8381,"comment_status":"","ping_status":"","sticky":false,"template":"","format":"standard","meta":{"footnotes":""},"categories":[13],"tags":[65,1238,2052,7535,81,873,1546,5658,99,1878,1055,7534],"class_list":["post-8380","post","type-post","status-publish","format-standard","has-post-thumbnail","hentry","category-technologie","tag-avantages","tag-ceux","tag-nouveaux","tag-pliables","tag-pour","tag-precommander","tag-propose","tag-quelques","tag-qui","tag-samsung","tag-ses","tag-sinscrivent","generate-columns","tablet-grid-50","mobile-grid-100","grid-parent","grid-33"],"yoast_head":"<!-- This site is optimized with the Yoast SEO plugin v24.0 - https:\/\/yoast.com\/wordpress\/plugins\/seo\/ -->\n<title>Samsung propose quelques avantages \u00e0 ceux qui s&#039;inscrivent pour pr\u00e9commander ses nouveaux pliables | Vie Associative<\/title>\n<meta name=\"robots\" content=\"index, follow, max-snippet:-1, max-image-preview:large, max-video-preview:-1\" \/>\n<link rel=\"canonical\" href=\"https:\/\/vieassociative.be\/actualites\/samsung-propose-quelques-avantages-a-ceux-qui-sinscrivent-pour-precommander-ses-nouveaux-pliables\/\" \/>\n<meta property=\"og:locale\" content=\"fr_FR\" \/>\n<meta property=\"og:type\" content=\"article\" \/>\n<meta property=\"og:title\" content=\"Samsung propose quelques avantages \u00e0 ceux qui s&#039;inscrivent pour pr\u00e9commander ses nouveaux pliables | Vie Associative\" \/>\n<meta property=\"og:description\" content=\"Vous pouvez \u00e9galement obtenir jusqu&rsquo;\u00e0 1 150 $ vers un nouveau t\u00e9l\u00e9phone lorsque vous \u00e9changez un autre appareil. Samsung a confirm\u00e9 que son \u00e9v\u00e9nement, Galaxy,\" \/>\n<meta property=\"og:url\" content=\"https:\/\/vieassociative.be\/actualites\/samsung-propose-quelques-avantages-a-ceux-qui-sinscrivent-pour-precommander-ses-nouveaux-pliables\/\" \/>\n<meta property=\"og:site_name\" content=\"Vie Associative\" \/>\n<meta property=\"article:published_time\" content=\"2025-06-26T01:17:31+00:00\" \/>\n<meta property=\"og:image\" content=\"https:\/\/vieassociative.be\/actualites\/wp-content\/uploads\/2024\/09\/header_backgroundk-01-e1726694325946.png\" \/>\n\t<meta property=\"og:image:width\" content=\"279\" \/>\n\t<meta property=\"og:image:height\" content=\"92\" \/>\n\t<meta property=\"og:image:type\" content=\"image\/png\" \/>\n<meta name=\"author\" content=\"Julien\" \/>\n<meta name=\"twitter:card\" content=\"summary_large_image\" \/>\n<meta name=\"twitter:label1\" content=\"\u00c9crit par\" \/>\n\t<meta name=\"twitter:data1\" content=\"Julien\" \/>\n\t<meta name=\"twitter:label2\" content=\"Dur\u00e9e de lecture est.\" \/>\n\t<meta name=\"twitter:data2\" content=\"2 minutes\" \/>\n<script type=\"application\/ld+json\" class=\"yoast-schema-graph\">{\"@context\":\"https:\/\/schema.org\",\"@graph\":[{\"@type\":\"Article\",\"@id\":\"https:\/\/vieassociative.be\/actualites\/samsung-propose-quelques-avantages-a-ceux-qui-sinscrivent-pour-precommander-ses-nouveaux-pliables\/#article\",\"isPartOf\":{\"@id\":\"https:\/\/vieassociative.be\/actualites\/samsung-propose-quelques-avantages-a-ceux-qui-sinscrivent-pour-precommander-ses-nouveaux-pliables\/\"},\"author\":{\"name\":\"Julien\",\"@id\":\"https:\/\/vieassociative.be\/actualites\/#\/schema\/person\/b87ac4f82f9d4e7b7cec7395b679edc4\"},\"headline\":\"Samsung propose quelques avantages \u00e0 ceux qui s&rsquo;inscrivent pour pr\u00e9commander ses nouveaux pliables\",\"datePublished\":\"2025-06-26T01:17:31+00:00\",\"dateModified\":\"2025-06-26T01:17:31+00:00\",\"mainEntityOfPage\":{\"@id\":\"https:\/\/vieassociative.be\/actualites\/samsung-propose-quelques-avantages-a-ceux-qui-sinscrivent-pour-precommander-ses-nouveaux-pliables\/\"},\"wordCount\":381,\"publisher\":{\"@id\":\"https:\/\/vieassociative.be\/actualites\/#organization\"},\"image\":{\"@id\":\"https:\/\/vieassociative.be\/actualites\/samsung-propose-quelques-avantages-a-ceux-qui-sinscrivent-pour-precommander-ses-nouveaux-pliables\/#primaryimage\"},\"thumbnailUrl\":\"https:\/\/vieassociative.be\/actualites\/wp-content\/uploads\/2025\/06\/Samsung-propose-quelques-avantages-a-ceux-qui-sinscrivent-pour-precommander.png\",\"keywords\":[\"avantages\",\"ceux\",\"nouveaux\",\"pliables\",\"pour\",\"pr\u00e9commander\",\"propose\",\"quelques\",\"qui\",\"Samsung\",\"ses\",\"sinscrivent\"],\"articleSection\":[\"Technologie\"],\"inLanguage\":\"fr-BE\"},{\"@type\":\"WebPage\",\"@id\":\"https:\/\/vieassociative.be\/actualites\/samsung-propose-quelques-avantages-a-ceux-qui-sinscrivent-pour-precommander-ses-nouveaux-pliables\/\",\"url\":\"https:\/\/vieassociative.be\/actualites\/samsung-propose-quelques-avantages-a-ceux-qui-sinscrivent-pour-precommander-ses-nouveaux-pliables\/\",\"name\":\"Samsung propose quelques avantages \u00e0 ceux qui s'inscrivent pour pr\u00e9commander ses nouveaux pliables | Vie Associative\",\"isPartOf\":{\"@id\":\"https:\/\/vieassociative.be\/actualites\/#website\"},\"primaryImageOfPage\":{\"@id\":\"https:\/\/vieassociative.be\/actualites\/samsung-propose-quelques-avantages-a-ceux-qui-sinscrivent-pour-precommander-ses-nouveaux-pliables\/#primaryimage\"},\"image\":{\"@id\":\"https:\/\/vieassociative.be\/actualites\/samsung-propose-quelques-avantages-a-ceux-qui-sinscrivent-pour-precommander-ses-nouveaux-pliables\/#primaryimage\"},\"thumbnailUrl\":\"https:\/\/vieassociative.be\/actualites\/wp-content\/uploads\/2025\/06\/Samsung-propose-quelques-avantages-a-ceux-qui-sinscrivent-pour-precommander.png\",\"datePublished\":\"2025-06-26T01:17:31+00:00\",\"dateModified\":\"2025-06-26T01:17:31+00:00\",\"breadcrumb\":{\"@id\":\"https:\/\/vieassociative.be\/actualites\/samsung-propose-quelques-avantages-a-ceux-qui-sinscrivent-pour-precommander-ses-nouveaux-pliables\/#breadcrumb\"},\"inLanguage\":\"fr-BE\",\"potentialAction\":[{\"@type\":\"ReadAction\",\"target\":[\"https:\/\/vieassociative.be\/actualites\/samsung-propose-quelques-avantages-a-ceux-qui-sinscrivent-pour-precommander-ses-nouveaux-pliables\/\"]}]},{\"@type\":\"ImageObject\",\"inLanguage\":\"fr-BE\",\"@id\":\"https:\/\/vieassociative.be\/actualites\/samsung-propose-quelques-avantages-a-ceux-qui-sinscrivent-pour-precommander-ses-nouveaux-pliables\/#primaryimage\",\"url\":\"https:\/\/vieassociative.be\/actualites\/wp-content\/uploads\/2025\/06\/Samsung-propose-quelques-avantages-a-ceux-qui-sinscrivent-pour-precommander.png\",\"contentUrl\":\"https:\/\/vieassociative.be\/actualites\/wp-content\/uploads\/2025\/06\/Samsung-propose-quelques-avantages-a-ceux-qui-sinscrivent-pour-precommander.png\",\"width\":1200,\"height\":675,\"caption\":\"Samsung propose quelques avantages \u00e0 ceux qui s'inscrivent pour pr\u00e9commander ses nouveaux pliables\"},{\"@type\":\"BreadcrumbList\",\"@id\":\"https:\/\/vieassociative.be\/actualites\/samsung-propose-quelques-avantages-a-ceux-qui-sinscrivent-pour-precommander-ses-nouveaux-pliables\/#breadcrumb\",\"itemListElement\":[{\"@type\":\"ListItem\",\"position\":1,\"name\":\"Accueil\",\"item\":\"https:\/\/vieassociative.be\/actualites\/\"},{\"@type\":\"ListItem\",\"position\":2,\"name\":\"Samsung propose quelques avantages \u00e0 ceux qui s&rsquo;inscrivent pour pr\u00e9commander ses nouveaux pliables\"}]},{\"@type\":\"WebSite\",\"@id\":\"https:\/\/vieassociative.be\/actualites\/#website\",\"url\":\"https:\/\/vieassociative.be\/actualites\/\",\"name\":\"Vie Associative\",\"description\":\"\",\"publisher\":{\"@id\":\"https:\/\/vieassociative.be\/actualites\/#organization\"},\"potentialAction\":[{\"@type\":\"SearchAction\",\"target\":{\"@type\":\"EntryPoint\",\"urlTemplate\":\"https:\/\/vieassociative.be\/actualites\/?s={search_term_string}\"},\"query-input\":{\"@type\":\"PropertyValueSpecification\",\"valueRequired\":true,\"valueName\":\"search_term_string\"}}],\"inLanguage\":\"fr-BE\"},{\"@type\":\"Organization\",\"@id\":\"https:\/\/vieassociative.be\/actualites\/#organization\",\"name\":\"Vie Associative\",\"url\":\"https:\/\/vieassociative.be\/actualites\/\",\"logo\":{\"@type\":\"ImageObject\",\"inLanguage\":\"fr-BE\",\"@id\":\"https:\/\/vieassociative.be\/actualites\/#\/schema\/logo\/image\/\",\"url\":\"https:\/\/vieassociative.be\/actualites\/wp-content\/uploads\/2024\/09\/cropped-vieassociative_favicon.ico.png\",\"contentUrl\":\"https:\/\/vieassociative.be\/actualites\/wp-content\/uploads\/2024\/09\/cropped-vieassociative_favicon.ico.png\",\"width\":512,\"height\":512,\"caption\":\"Vie Associative\"},\"image\":{\"@id\":\"https:\/\/vieassociative.be\/actualites\/#\/schema\/logo\/image\/\"}},{\"@type\":\"Person\",\"@id\":\"https:\/\/vieassociative.be\/actualites\/#\/schema\/person\/b87ac4f82f9d4e7b7cec7395b679edc4\",\"name\":\"Julien\",\"image\":{\"@type\":\"ImageObject\",\"inLanguage\":\"fr-BE\",\"@id\":\"https:\/\/vieassociative.be\/actualites\/#\/schema\/person\/image\/\",\"url\":\"https:\/\/vieassociative.be\/actualites\/wp-content\/uploads\/2024\/09\/vie-associative-1-150x150.jpg\",\"contentUrl\":\"https:\/\/vieassociative.be\/actualites\/wp-content\/uploads\/2024\/09\/vie-associative-1-150x150.jpg\",\"caption\":\"Julien\"},\"description\":\"Je suis Julien, r\u00e9dacteur pour Vie Associative. Passionn\u00e9 par le monde associatif depuis plus de 10 ans, j'ai \u00e0 c\u0153ur de partager des histoires inspirantes et de mettre en lumi\u00e8re les initiatives locales. Mon objectif est de sensibiliser et d'encourager l'engagement communautaire \u00e0 travers mes articles.\",\"sameAs\":[\"https:\/\/vieassociative.be\/\"]}]}<\/script>\n<!-- \/ Yoast SEO plugin. -->","yoast_head_json":{"title":"Samsung propose quelques avantages \u00e0 ceux qui s'inscrivent pour pr\u00e9commander ses nouveaux pliables | Vie Associative","robots":{"index":"index","follow":"follow","max-snippet":"max-snippet:-1","max-image-preview":"max-image-preview:large","max-video-preview":"max-video-preview:-1"},"canonical":"https:\/\/vieassociative.be\/actualites\/samsung-propose-quelques-avantages-a-ceux-qui-sinscrivent-pour-precommander-ses-nouveaux-pliables\/","og_locale":"fr_FR","og_type":"article","og_title":"Samsung propose quelques avantages \u00e0 ceux qui s'inscrivent pour pr\u00e9commander ses nouveaux pliables | Vie Associative","og_description":"Vous pouvez \u00e9galement obtenir jusqu&rsquo;\u00e0 1 150 $ vers un nouveau t\u00e9l\u00e9phone lorsque vous \u00e9changez un autre appareil. Samsung a confirm\u00e9 que son \u00e9v\u00e9nement, Galaxy,","og_url":"https:\/\/vieassociative.be\/actualites\/samsung-propose-quelques-avantages-a-ceux-qui-sinscrivent-pour-precommander-ses-nouveaux-pliables\/","og_site_name":"Vie Associative","article_published_time":"2025-06-26T01:17:31+00:00","og_image":[{"width":279,"height":92,"url":"https:\/\/vieassociative.be\/actualites\/wp-content\/uploads\/2024\/09\/header_backgroundk-01-e1726694325946.png","type":"image\/png"}],"author":"Julien","twitter_card":"summary_large_image","twitter_misc":{"\u00c9crit par":"Julien","Dur\u00e9e de lecture est.":"2 minutes"},"schema":{"@context":"https:\/\/schema.org","@graph":[{"@type":"Article","@id":"https:\/\/vieassociative.be\/actualites\/samsung-propose-quelques-avantages-a-ceux-qui-sinscrivent-pour-precommander-ses-nouveaux-pliables\/#article","isPartOf":{"@id":"https:\/\/vieassociative.be\/actualites\/samsung-propose-quelques-avantages-a-ceux-qui-sinscrivent-pour-precommander-ses-nouveaux-pliables\/"},"author":{"name":"Julien","@id":"https:\/\/vieassociative.be\/actualites\/#\/schema\/person\/b87ac4f82f9d4e7b7cec7395b679edc4"},"headline":"Samsung propose quelques avantages \u00e0 ceux qui s&rsquo;inscrivent pour pr\u00e9commander ses nouveaux pliables","datePublished":"2025-06-26T01:17:31+00:00","dateModified":"2025-06-26T01:17:31+00:00","mainEntityOfPage":{"@id":"https:\/\/vieassociative.be\/actualites\/samsung-propose-quelques-avantages-a-ceux-qui-sinscrivent-pour-precommander-ses-nouveaux-pliables\/"},"wordCount":381,"publisher":{"@id":"https:\/\/vieassociative.be\/actualites\/#organization"},"image":{"@id":"https:\/\/vieassociative.be\/actualites\/samsung-propose-quelques-avantages-a-ceux-qui-sinscrivent-pour-precommander-ses-nouveaux-pliables\/#primaryimage"},"thumbnailUrl":"https:\/\/vieassociative.be\/actualites\/wp-content\/uploads\/2025\/06\/Samsung-propose-quelques-avantages-a-ceux-qui-sinscrivent-pour-precommander.png","keywords":["avantages","ceux","nouveaux","pliables","pour","pr\u00e9commander","propose","quelques","qui","Samsung","ses","sinscrivent"],"articleSection":["Technologie"],"inLanguage":"fr-BE"},{"@type":"WebPage","@id":"https:\/\/vieassociative.be\/actualites\/samsung-propose-quelques-avantages-a-ceux-qui-sinscrivent-pour-precommander-ses-nouveaux-pliables\/","url":"https:\/\/vieassociative.be\/actualites\/samsung-propose-quelques-avantages-a-ceux-qui-sinscrivent-pour-precommander-ses-nouveaux-pliables\/","name":"Samsung propose quelques avantages \u00e0 ceux qui s'inscrivent pour pr\u00e9commander ses nouveaux pliables | Vie Associative","isPartOf":{"@id":"https:\/\/vieassociative.be\/actualites\/#website"},"primaryImageOfPage":{"@id":"https:\/\/vieassociative.be\/actualites\/samsung-propose-quelques-avantages-a-ceux-qui-sinscrivent-pour-precommander-ses-nouveaux-pliables\/#primaryimage"},"image":{"@id":"https:\/\/vieassociative.be\/actualites\/samsung-propose-quelques-avantages-a-ceux-qui-sinscrivent-pour-precommander-ses-nouveaux-pliables\/#primaryimage"},"thumbnailUrl":"https:\/\/vieassociative.be\/actualites\/wp-content\/uploads\/2025\/06\/Samsung-propose-quelques-avantages-a-ceux-qui-sinscrivent-pour-precommander.png","datePublished":"2025-06-26T01:17:31+00:00","dateModified":"2025-06-26T01:17:31+00:00","breadcrumb":{"@id":"https:\/\/vieassociative.be\/actualites\/samsung-propose-quelques-avantages-a-ceux-qui-sinscrivent-pour-precommander-ses-nouveaux-pliables\/#breadcrumb"},"inLanguage":"fr-BE","potentialAction":[{"@type":"ReadAction","target":["https:\/\/vieassociative.be\/actualites\/samsung-propose-quelques-avantages-a-ceux-qui-sinscrivent-pour-precommander-ses-nouveaux-pliables\/"]}]},{"@type":"ImageObject","inLanguage":"fr-BE","@id":"https:\/\/vieassociative.be\/actualites\/samsung-propose-quelques-avantages-a-ceux-qui-sinscrivent-pour-precommander-ses-nouveaux-pliables\/#primaryimage","url":"https:\/\/vieassociative.be\/actualites\/wp-content\/uploads\/2025\/06\/Samsung-propose-quelques-avantages-a-ceux-qui-sinscrivent-pour-precommander.png","contentUrl":"https:\/\/vieassociative.be\/actualites\/wp-content\/uploads\/2025\/06\/Samsung-propose-quelques-avantages-a-ceux-qui-sinscrivent-pour-precommander.png","width":1200,"height":675,"caption":"Samsung propose quelques avantages \u00e0 ceux qui s'inscrivent pour pr\u00e9commander ses nouveaux pliables"},{"@type":"BreadcrumbList","@id":"https:\/\/vieassociative.be\/actualites\/samsung-propose-quelques-avantages-a-ceux-qui-sinscrivent-pour-precommander-ses-nouveaux-pliables\/#breadcrumb","itemListElement":[{"@type":"ListItem","position":1,"name":"Accueil","item":"https:\/\/vieassociative.be\/actualites\/"},{"@type":"ListItem","position":2,"name":"Samsung propose quelques avantages \u00e0 ceux qui s&rsquo;inscrivent pour pr\u00e9commander ses nouveaux pliables"}]},{"@type":"WebSite","@id":"https:\/\/vieassociative.be\/actualites\/#website","url":"https:\/\/vieassociative.be\/actualites\/","name":"Vie Associative","description":"","publisher":{"@id":"https:\/\/vieassociative.be\/actualites\/#organization"},"potentialAction":[{"@type":"SearchAction","target":{"@type":"EntryPoint","urlTemplate":"https:\/\/vieassociative.be\/actualites\/?s={search_term_string}"},"query-input":{"@type":"PropertyValueSpecification","valueRequired":true,"valueName":"search_term_string"}}],"inLanguage":"fr-BE"},{"@type":"Organization","@id":"https:\/\/vieassociative.be\/actualites\/#organization","name":"Vie Associative","url":"https:\/\/vieassociative.be\/actualites\/","logo":{"@type":"ImageObject","inLanguage":"fr-BE","@id":"https:\/\/vieassociative.be\/actualites\/#\/schema\/logo\/image\/","url":"https:\/\/vieassociative.be\/actualites\/wp-content\/uploads\/2024\/09\/cropped-vieassociative_favicon.ico.png","contentUrl":"https:\/\/vieassociative.be\/actualites\/wp-content\/uploads\/2024\/09\/cropped-vieassociative_favicon.ico.png","width":512,"height":512,"caption":"Vie Associative"},"image":{"@id":"https:\/\/vieassociative.be\/actualites\/#\/schema\/logo\/image\/"}},{"@type":"Person","@id":"https:\/\/vieassociative.be\/actualites\/#\/schema\/person\/b87ac4f82f9d4e7b7cec7395b679edc4","name":"Julien","image":{"@type":"ImageObject","inLanguage":"fr-BE","@id":"https:\/\/vieassociative.be\/actualites\/#\/schema\/person\/image\/","url":"https:\/\/vieassociative.be\/actualites\/wp-content\/uploads\/2024\/09\/vie-associative-1-150x150.jpg","contentUrl":"https:\/\/vieassociative.be\/actualites\/wp-content\/uploads\/2024\/09\/vie-associative-1-150x150.jpg","caption":"Julien"},"description":"Je suis Julien, r\u00e9dacteur pour Vie Associative. Passionn\u00e9 par le monde associatif depuis plus de 10 ans, j'ai \u00e0 c\u0153ur de partager des histoires inspirantes et de mettre en lumi\u00e8re les initiatives locales. Mon objectif est de sensibiliser et d'encourager l'engagement communautaire \u00e0 travers mes articles.","sameAs":["https:\/\/vieassociative.be\/"]}]}},"_links":{"self":[{"href":"https:\/\/vieassociative.be\/actualites\/wp-json\/wp\/v2\/posts\/8380"}],"collection":[{"href":"https:\/\/vieassociative.be\/actualites\/wp-json\/wp\/v2\/posts"}],"about":[{"href":"https:\/\/vieassociative.be\/actualites\/wp-json\/wp\/v2\/types\/post"}],"author":[{"embeddable":true,"href":"https:\/\/vieassociative.be\/actualites\/wp-json\/wp\/v2\/users\/1"}],"replies":[{"embeddable":true,"href":"https:\/\/vieassociative.be\/actualites\/wp-json\/wp\/v2\/comments?post=8380"}],"version-history":[{"count":0,"href":"https:\/\/vieassociative.be\/actualites\/wp-json\/wp\/v2\/posts\/8380\/revisions"}],"wp:featuredmedia":[{"embeddable":true,"href":"https:\/\/vieassociative.be\/actualites\/wp-json\/wp\/v2\/media\/8381"}],"wp:attachment":[{"href":"https:\/\/vieassociative.be\/actualites\/wp-json\/wp\/v2\/media?parent=8380"}],"wp:term":[{"taxonomy":"category","embeddable":true,"href":"https:\/\/vieassociative.be\/actualites\/wp-json\/wp\/v2\/categories?post=8380"},{"taxonomy":"post_tag","embeddable":true,"href":"https:\/\/vieassociative.be\/actualites\/wp-json\/wp\/v2\/tags?post=8380"}],"curies":[{"name":"wp","href":"https:\/\/api.w.org\/{rel}","templated":true}]}}