{"id":838,"date":"2024-10-04T13:18:26","date_gmt":"2024-10-04T11:18:26","guid":{"rendered":"https:\/\/vieassociative.be\/actualites\/ces-antennes-de-television-numerique-interieure-pourraient-fonctionner-reellement\/"},"modified":"2024-10-04T13:18:26","modified_gmt":"2024-10-04T11:18:26","slug":"ces-antennes-de-television-numerique-interieure-pourraient-fonctionner-reellement","status":"publish","type":"post","link":"https:\/\/vieassociative.be\/actualites\/ces-antennes-de-television-numerique-interieure-pourraient-fonctionner-reellement\/","title":{"rendered":"Ces antennes de t\u00e9l\u00e9vision num\u00e9rique int\u00e9rieure (pourraient) fonctionner r\u00e9ellement"},"content":{"rendered":"<div class=\"mt-4 leading-6 md:mb-8\">Si vous \u00eates d\u00e9sesp\u00e9r\u00e9 de couper le cordon mais que vous souhaitez quand m\u00eame acc\u00e9der aux cha\u00eenes locales, OTA vaut la peine d&rsquo;essayer, mais les r\u00e9sultats varient.<\/div>\n<p><\/p>\n<p>Personne plus que moi n\u2019a envie de bousiller les c\u00e2blodistributeurs. Lorsque Comcast a presque doubl\u00e9 mon tarif il y a quelques ann\u00e9es, j&rsquo;ai d\u00e9cid\u00e9 qu&rsquo;il \u00e9tait temps d&rsquo;abandonner le bo\u00eetier et d&rsquo;essayer autre chose, ce qui m&rsquo;a conduit aux antennes num\u00e9riques. <\/p>\n<p>Le principe d\u2019une antenne num\u00e9rique sonne bien. Vous dites adieu \u00e0 une facture mensuelle et, gr\u00e2ce \u00e0 ce qui \u00e9quivaut \u00e0 un petit bo\u00eetier, acc\u00e9dez aux diffusions OTA (over the air) qui transmettent en haute d\u00e9finition (1080). Si vous cherchez simplement \u00e0 acc\u00e9der aux r\u00e9seaux locaux et aux actualit\u00e9s, cela semble probablement \u00e9tonnant. Si vous avez grandi avec une vraie antenne de t\u00e9l\u00e9vision (c\u2019est mon cas), le num\u00e9rique promet une exp\u00e9rience diff\u00e9rente. Mais promesses et r\u00e9alit\u00e9 ne sont pas la m\u00eame chose.<\/p>\n<h2 id=\"do-digital-tv-antennas-really-work\">Les antennes de t\u00e9l\u00e9vision num\u00e9rique fonctionnent-elles vraiment ?<\/h2>\n<p>Ehhh. Alors que les anciennes antennes analogiques pouvaient fonctionner dans une certaine mesure (m\u00eame si cela signifiait une image floue et remplie d&rsquo;\u00e9lectricit\u00e9 statique), les signaux num\u00e9riques sont essentiellement du tout (image HD cristalline) ou rien (une image fixe saccad\u00e9e et pix\u00e9lis\u00e9e ou juste un \u00e9cran noir). Ce qui est clair, c&rsquo;est que quelques facteurs sont requis si vous souhaitez que votre antenne fonctionne r\u00e9ellement de mani\u00e8re fiable. Une bonne antenne avec une grande port\u00e9e aide, conna\u00eetre un peu l&rsquo;\u00e9talonnage aide, mais dans une certaine mesure, vous vivez l\u00e0 o\u00f9 vous vivez et la ligne de mire d&rsquo;une tour de diffusion n&rsquo;est pas quelque chose que vous pouvez vraiment changer. La plupart des personnes qui utilisent des antennes num\u00e9riques connaissent diff\u00e9rents niveaux de r\u00e9ussite. <\/p>\n<p>Personnellement, j&rsquo;ai essay\u00e9 une progression d&rsquo;antennes de plus en plus ch\u00e8res et toutes sortes d&rsquo;amplificateurs avant de d\u00e9cider que je n&rsquo;\u00e9tais pas pr\u00eat \u00e0 m&rsquo;ajuster constamment au milieu du Super Bowl ou de la finale de la saison de mon \u00e9mission de t\u00e9l\u00e9vision pr\u00e9f\u00e9r\u00e9e. (Heureusement, nous avons d\u00e9sormais plus d&rsquo;options pour regarder la t\u00e9l\u00e9vision en direct, vous n&rsquo;\u00eates donc pas absolument coinc\u00e9 avec votre c\u00e2blodistributeur.)<\/p>\n<p>Cela dit, si vous souhaitez essayer les signaux de diffusion gratuits, voici ce qu\u2019il faut rechercher.<\/p>\n<h2 id=\"what-to-expect-from-the-best-digital-antennae\">\u00c0 quoi s&rsquo;attendre des meilleures antennes num\u00e9riques<\/h2>\n<p>  Si vous envisagez d&rsquo;essayer la voie OTA, les experts semblent s&rsquo;entendre sur quelques conseils\u00a0: votre antenne ne peut pas \u00eatre cach\u00e9e derri\u00e8re une biblioth\u00e8que, il est pr\u00e9f\u00e9rable de la placer pr\u00e8s d&rsquo;une fen\u00eatre ou \u00e0 l&rsquo;ext\u00e9rieur, et vous devriez pr\u00e9voir de d\u00e9penser plus. pour obtenir la meilleure antenne possible, de pr\u00e9f\u00e9rence une avec une fonction d&rsquo;amplification. Combien de plus ? Eh bien, m\u00eame les antennes les plus ch\u00e8res co\u00fbtent moins de 150 $. En voici quelques-uns \u00e0 consid\u00e9rer.<\/p>\n<h2 id=\"antennas-direct-clearstream-eclipse-tv-antenna\">Antennes Direct ClearStream Eclipse Antenne TV<\/h2>\n<p>Il s&rsquo;agit d&rsquo;une antenne \u00e0 d\u00e9coller et \u00e0 coller, et vous pouvez choisir le noir ou le blanc pour ne pas avoir de point noir g\u00e9ant sur votre fen\u00eatre. Elle a une port\u00e9e plus courte que les autres antennes, mais de bonnes notes et est beaucoup moins ch\u00e8re. Les critiques notent que la forme de cette antenne (circulaire) lui permet de recevoir de meilleurs signaux UHF.<\/p>\n<p>Prix \u200b\u200b: 39,99 $<br \/>Port\u00e9e maximale\u00a0: 35\u00a0miles<br \/>Amplifi\u00e9 : oui<br \/>Taille: 10,1x 8,6x 0,04 pouces<\/p>\n<p>Achetez l&rsquo;antenne ClearStream Eclipse sur Amazon <strong>(40$)<\/strong><\/p>\n<h2 id=\"winegard-flatwave-amped-pro-hdtv-indoor-antenna\">Antenne int\u00e9rieure Winegard Flatwave Amped Pro HDTV<\/h2>\n<p>D\u2019apr\u00e8s chaque examen, Winegard semble poss\u00e9der l\u2019espace d\u2019antenne, et deux de leurs mod\u00e8les sont en t\u00eate des recommandations. Bien qu\u2019ils aient des r\u00e9sultats similaires, je recommande l\u2019Amped Pro TH-3000. Bien qu&rsquo;il soit un peu plus cher que le mod\u00e8le comparable ci-dessous, il dispose de fonctionnalit\u00e9s intelligentes suppl\u00e9mentaires et le v\u00e9ritable avantage est que l&rsquo;application vous aide \u00e0 configurer et \u00e0 calibrer l&rsquo;antenne. En tant que personne ayant essay\u00e9 d&rsquo;obtenir un signal solide, vous appr\u00e9cierez vraiment cet avantage. <\/p>\n<p>Prix \u200b\u200b: 109,99 $<br \/>Nombre de canaux : 36<br \/>Port\u00e9e maximale\u00a0: 60\u00a0miles<br \/>Amplifi\u00e9 : oui<br \/>Taille: 12x06x13 pouces<\/p>\n<p>Achetez le Winegard Flatwave Amped Pro sur Amazon <strong>(109$)<\/strong><\/p>\n<h2 id=\"winegard-fl5500a-flatwave-amped-digital-hd-indoor-amplified-tv-antenna\">Winegard FL5500A FlatWave Amped Digital HD Antenne TV amplifi\u00e9e int\u00e9rieure<\/h2>\n<p>Ce mod\u00e8le Winegard, comme son fr\u00e8re plus cher, est fin comme du papier, ce qui signifie qu&rsquo;il se monte facilement. Sa port\u00e9e est l\u00e9g\u00e8rement plus courte, ce qui peut affecter le nombre de cha\u00eenes que vous recevrez r\u00e9ellement, mais \u00e9tant donn\u00e9 qu&rsquo;il co\u00fbte la moiti\u00e9 du prix du mod\u00e8le intelligent, vous ne vous en soucierez peut-\u00eatre pas. <\/p>\n<p>Prix \u200b\u200b: 59,99 $<br \/>Nombre de canaux : 36<br \/>Port\u00e9e maximale\u00a0: 50\u00a0miles<br \/>Amplifi\u00e9 : oui<br \/>Taille: 12x06x13 pouces<\/p>\n<p>Achetez l&rsquo;antenne TV amplifi\u00e9e Winegard FL5500A <strong>(60$)<\/strong><\/p>\n","protected":false},"excerpt":{"rendered":"<p>Si vous \u00eates d\u00e9sesp\u00e9r\u00e9 de couper le cordon mais que vous souhaitez quand m\u00eame acc\u00e9der aux cha\u00eenes locales, OTA vaut la peine d&rsquo;essayer, mais les<\/p>\n","protected":false},"author":1,"featured_media":839,"comment_status":"","ping_status":"","sticky":false,"template":"","format":"standard","meta":{"footnotes":""},"categories":[13],"tags":[1315,248,1318,1317,651,1168,85,1316],"class_list":["post-838","post","type-post","status-publish","format-standard","has-post-thumbnail","hentry","category-technologie","tag-antennes","tag-ces","tag-fonctionner","tag-interieure","tag-numerique","tag-pourraient","tag-reellement","tag-television","generate-columns","tablet-grid-50","mobile-grid-100","grid-parent","grid-33"],"yoast_head":"<!-- This site is optimized with the Yoast SEO plugin v24.0 - https:\/\/yoast.com\/wordpress\/plugins\/seo\/ -->\n<title>Ces antennes de t\u00e9l\u00e9vision num\u00e9rique int\u00e9rieure (pourraient) fonctionner r\u00e9ellement | Vie Associative<\/title>\n<meta name=\"robots\" content=\"index, follow, max-snippet:-1, max-image-preview:large, max-video-preview:-1\" \/>\n<link rel=\"canonical\" href=\"https:\/\/vieassociative.be\/actualites\/ces-antennes-de-television-numerique-interieure-pourraient-fonctionner-reellement\/\" \/>\n<meta property=\"og:locale\" content=\"fr_FR\" \/>\n<meta property=\"og:type\" content=\"article\" \/>\n<meta property=\"og:title\" content=\"Ces antennes de t\u00e9l\u00e9vision num\u00e9rique int\u00e9rieure (pourraient) fonctionner r\u00e9ellement | Vie Associative\" \/>\n<meta property=\"og:description\" content=\"Si vous \u00eates d\u00e9sesp\u00e9r\u00e9 de couper le cordon mais que vous souhaitez quand m\u00eame acc\u00e9der aux cha\u00eenes locales, OTA vaut la peine d&rsquo;essayer, mais les\" \/>\n<meta property=\"og:url\" content=\"https:\/\/vieassociative.be\/actualites\/ces-antennes-de-television-numerique-interieure-pourraient-fonctionner-reellement\/\" \/>\n<meta property=\"og:site_name\" content=\"Vie Associative\" \/>\n<meta property=\"article:published_time\" content=\"2024-10-04T11:18:26+00:00\" \/>\n<meta property=\"og:image\" content=\"https:\/\/vieassociative.be\/actualites\/wp-content\/uploads\/2024\/09\/header_backgroundk-01-e1726694325946.png\" \/>\n\t<meta property=\"og:image:width\" content=\"279\" \/>\n\t<meta property=\"og:image:height\" content=\"92\" \/>\n\t<meta property=\"og:image:type\" content=\"image\/png\" \/>\n<meta name=\"author\" content=\"Julien\" \/>\n<meta name=\"twitter:card\" content=\"summary_large_image\" \/>\n<meta name=\"twitter:label1\" content=\"\u00c9crit par\" \/>\n\t<meta name=\"twitter:data1\" content=\"Julien\" \/>\n\t<meta name=\"twitter:label2\" content=\"Dur\u00e9e de lecture est.\" \/>\n\t<meta name=\"twitter:data2\" content=\"4 minutes\" \/>\n<script type=\"application\/ld+json\" class=\"yoast-schema-graph\">{\"@context\":\"https:\/\/schema.org\",\"@graph\":[{\"@type\":\"Article\",\"@id\":\"https:\/\/vieassociative.be\/actualites\/ces-antennes-de-television-numerique-interieure-pourraient-fonctionner-reellement\/#article\",\"isPartOf\":{\"@id\":\"https:\/\/vieassociative.be\/actualites\/ces-antennes-de-television-numerique-interieure-pourraient-fonctionner-reellement\/\"},\"author\":{\"name\":\"Julien\",\"@id\":\"https:\/\/vieassociative.be\/actualites\/#\/schema\/person\/b87ac4f82f9d4e7b7cec7395b679edc4\"},\"headline\":\"Ces antennes de t\u00e9l\u00e9vision num\u00e9rique int\u00e9rieure (pourraient) fonctionner r\u00e9ellement\",\"datePublished\":\"2024-10-04T11:18:26+00:00\",\"dateModified\":\"2024-10-04T11:18:26+00:00\",\"mainEntityOfPage\":{\"@id\":\"https:\/\/vieassociative.be\/actualites\/ces-antennes-de-television-numerique-interieure-pourraient-fonctionner-reellement\/\"},\"wordCount\":865,\"publisher\":{\"@id\":\"https:\/\/vieassociative.be\/actualites\/#organization\"},\"image\":{\"@id\":\"https:\/\/vieassociative.be\/actualites\/ces-antennes-de-television-numerique-interieure-pourraient-fonctionner-reellement\/#primaryimage\"},\"thumbnailUrl\":\"https:\/\/vieassociative.be\/actualites\/wp-content\/uploads\/2024\/10\/Ces-antennes-de-television-numerique-interieure-pourraient-fonctionner-reellement.png\",\"keywords\":[\"antennes\",\"ces\",\"fonctionner\",\"int\u00e9rieure\",\"num\u00e9rique\",\"pourraient\",\"r\u00e9ellement\",\"t\u00e9l\u00e9vision\"],\"articleSection\":[\"Technologie\"],\"inLanguage\":\"fr-BE\"},{\"@type\":\"WebPage\",\"@id\":\"https:\/\/vieassociative.be\/actualites\/ces-antennes-de-television-numerique-interieure-pourraient-fonctionner-reellement\/\",\"url\":\"https:\/\/vieassociative.be\/actualites\/ces-antennes-de-television-numerique-interieure-pourraient-fonctionner-reellement\/\",\"name\":\"Ces antennes de t\u00e9l\u00e9vision num\u00e9rique int\u00e9rieure (pourraient) fonctionner r\u00e9ellement | Vie Associative\",\"isPartOf\":{\"@id\":\"https:\/\/vieassociative.be\/actualites\/#website\"},\"primaryImageOfPage\":{\"@id\":\"https:\/\/vieassociative.be\/actualites\/ces-antennes-de-television-numerique-interieure-pourraient-fonctionner-reellement\/#primaryimage\"},\"image\":{\"@id\":\"https:\/\/vieassociative.be\/actualites\/ces-antennes-de-television-numerique-interieure-pourraient-fonctionner-reellement\/#primaryimage\"},\"thumbnailUrl\":\"https:\/\/vieassociative.be\/actualites\/wp-content\/uploads\/2024\/10\/Ces-antennes-de-television-numerique-interieure-pourraient-fonctionner-reellement.png\",\"datePublished\":\"2024-10-04T11:18:26+00:00\",\"dateModified\":\"2024-10-04T11:18:26+00:00\",\"breadcrumb\":{\"@id\":\"https:\/\/vieassociative.be\/actualites\/ces-antennes-de-television-numerique-interieure-pourraient-fonctionner-reellement\/#breadcrumb\"},\"inLanguage\":\"fr-BE\",\"potentialAction\":[{\"@type\":\"ReadAction\",\"target\":[\"https:\/\/vieassociative.be\/actualites\/ces-antennes-de-television-numerique-interieure-pourraient-fonctionner-reellement\/\"]}]},{\"@type\":\"ImageObject\",\"inLanguage\":\"fr-BE\",\"@id\":\"https:\/\/vieassociative.be\/actualites\/ces-antennes-de-television-numerique-interieure-pourraient-fonctionner-reellement\/#primaryimage\",\"url\":\"https:\/\/vieassociative.be\/actualites\/wp-content\/uploads\/2024\/10\/Ces-antennes-de-television-numerique-interieure-pourraient-fonctionner-reellement.png\",\"contentUrl\":\"https:\/\/vieassociative.be\/actualites\/wp-content\/uploads\/2024\/10\/Ces-antennes-de-television-numerique-interieure-pourraient-fonctionner-reellement.png\",\"width\":1200,\"height\":675,\"caption\":\"Ces antennes de t\u00e9l\u00e9vision num\u00e9rique int\u00e9rieure (pourraient) fonctionner r\u00e9ellement\"},{\"@type\":\"BreadcrumbList\",\"@id\":\"https:\/\/vieassociative.be\/actualites\/ces-antennes-de-television-numerique-interieure-pourraient-fonctionner-reellement\/#breadcrumb\",\"itemListElement\":[{\"@type\":\"ListItem\",\"position\":1,\"name\":\"Accueil\",\"item\":\"https:\/\/vieassociative.be\/actualites\/\"},{\"@type\":\"ListItem\",\"position\":2,\"name\":\"Ces antennes de t\u00e9l\u00e9vision num\u00e9rique int\u00e9rieure (pourraient) fonctionner r\u00e9ellement\"}]},{\"@type\":\"WebSite\",\"@id\":\"https:\/\/vieassociative.be\/actualites\/#website\",\"url\":\"https:\/\/vieassociative.be\/actualites\/\",\"name\":\"Vie Associative\",\"description\":\"\",\"publisher\":{\"@id\":\"https:\/\/vieassociative.be\/actualites\/#organization\"},\"potentialAction\":[{\"@type\":\"SearchAction\",\"target\":{\"@type\":\"EntryPoint\",\"urlTemplate\":\"https:\/\/vieassociative.be\/actualites\/?s={search_term_string}\"},\"query-input\":{\"@type\":\"PropertyValueSpecification\",\"valueRequired\":true,\"valueName\":\"search_term_string\"}}],\"inLanguage\":\"fr-BE\"},{\"@type\":\"Organization\",\"@id\":\"https:\/\/vieassociative.be\/actualites\/#organization\",\"name\":\"Vie Associative\",\"url\":\"https:\/\/vieassociative.be\/actualites\/\",\"logo\":{\"@type\":\"ImageObject\",\"inLanguage\":\"fr-BE\",\"@id\":\"https:\/\/vieassociative.be\/actualites\/#\/schema\/logo\/image\/\",\"url\":\"https:\/\/vieassociative.be\/actualites\/wp-content\/uploads\/2024\/09\/cropped-vieassociative_favicon.ico.png\",\"contentUrl\":\"https:\/\/vieassociative.be\/actualites\/wp-content\/uploads\/2024\/09\/cropped-vieassociative_favicon.ico.png\",\"width\":512,\"height\":512,\"caption\":\"Vie Associative\"},\"image\":{\"@id\":\"https:\/\/vieassociative.be\/actualites\/#\/schema\/logo\/image\/\"}},{\"@type\":\"Person\",\"@id\":\"https:\/\/vieassociative.be\/actualites\/#\/schema\/person\/b87ac4f82f9d4e7b7cec7395b679edc4\",\"name\":\"Julien\",\"image\":{\"@type\":\"ImageObject\",\"inLanguage\":\"fr-BE\",\"@id\":\"https:\/\/vieassociative.be\/actualites\/#\/schema\/person\/image\/\",\"url\":\"https:\/\/vieassociative.be\/actualites\/wp-content\/uploads\/2024\/09\/vie-associative-1-150x150.jpg\",\"contentUrl\":\"https:\/\/vieassociative.be\/actualites\/wp-content\/uploads\/2024\/09\/vie-associative-1-150x150.jpg\",\"caption\":\"Julien\"},\"description\":\"Je suis Julien, r\u00e9dacteur pour Vie Associative. Passionn\u00e9 par le monde associatif depuis plus de 10 ans, j'ai \u00e0 c\u0153ur de partager des histoires inspirantes et de mettre en lumi\u00e8re les initiatives locales. Mon objectif est de sensibiliser et d'encourager l'engagement communautaire \u00e0 travers mes articles.\",\"sameAs\":[\"https:\/\/vieassociative.be\/\"]}]}<\/script>\n<!-- \/ Yoast SEO plugin. -->","yoast_head_json":{"title":"Ces antennes de t\u00e9l\u00e9vision num\u00e9rique int\u00e9rieure (pourraient) fonctionner r\u00e9ellement | Vie Associative","robots":{"index":"index","follow":"follow","max-snippet":"max-snippet:-1","max-image-preview":"max-image-preview:large","max-video-preview":"max-video-preview:-1"},"canonical":"https:\/\/vieassociative.be\/actualites\/ces-antennes-de-television-numerique-interieure-pourraient-fonctionner-reellement\/","og_locale":"fr_FR","og_type":"article","og_title":"Ces antennes de t\u00e9l\u00e9vision num\u00e9rique int\u00e9rieure (pourraient) fonctionner r\u00e9ellement | Vie Associative","og_description":"Si vous \u00eates d\u00e9sesp\u00e9r\u00e9 de couper le cordon mais que vous souhaitez quand m\u00eame acc\u00e9der aux cha\u00eenes locales, OTA vaut la peine d&rsquo;essayer, mais les","og_url":"https:\/\/vieassociative.be\/actualites\/ces-antennes-de-television-numerique-interieure-pourraient-fonctionner-reellement\/","og_site_name":"Vie Associative","article_published_time":"2024-10-04T11:18:26+00:00","og_image":[{"width":279,"height":92,"url":"https:\/\/vieassociative.be\/actualites\/wp-content\/uploads\/2024\/09\/header_backgroundk-01-e1726694325946.png","type":"image\/png"}],"author":"Julien","twitter_card":"summary_large_image","twitter_misc":{"\u00c9crit par":"Julien","Dur\u00e9e de lecture est.":"4 minutes"},"schema":{"@context":"https:\/\/schema.org","@graph":[{"@type":"Article","@id":"https:\/\/vieassociative.be\/actualites\/ces-antennes-de-television-numerique-interieure-pourraient-fonctionner-reellement\/#article","isPartOf":{"@id":"https:\/\/vieassociative.be\/actualites\/ces-antennes-de-television-numerique-interieure-pourraient-fonctionner-reellement\/"},"author":{"name":"Julien","@id":"https:\/\/vieassociative.be\/actualites\/#\/schema\/person\/b87ac4f82f9d4e7b7cec7395b679edc4"},"headline":"Ces antennes de t\u00e9l\u00e9vision num\u00e9rique int\u00e9rieure (pourraient) fonctionner r\u00e9ellement","datePublished":"2024-10-04T11:18:26+00:00","dateModified":"2024-10-04T11:18:26+00:00","mainEntityOfPage":{"@id":"https:\/\/vieassociative.be\/actualites\/ces-antennes-de-television-numerique-interieure-pourraient-fonctionner-reellement\/"},"wordCount":865,"publisher":{"@id":"https:\/\/vieassociative.be\/actualites\/#organization"},"image":{"@id":"https:\/\/vieassociative.be\/actualites\/ces-antennes-de-television-numerique-interieure-pourraient-fonctionner-reellement\/#primaryimage"},"thumbnailUrl":"https:\/\/vieassociative.be\/actualites\/wp-content\/uploads\/2024\/10\/Ces-antennes-de-television-numerique-interieure-pourraient-fonctionner-reellement.png","keywords":["antennes","ces","fonctionner","int\u00e9rieure","num\u00e9rique","pourraient","r\u00e9ellement","t\u00e9l\u00e9vision"],"articleSection":["Technologie"],"inLanguage":"fr-BE"},{"@type":"WebPage","@id":"https:\/\/vieassociative.be\/actualites\/ces-antennes-de-television-numerique-interieure-pourraient-fonctionner-reellement\/","url":"https:\/\/vieassociative.be\/actualites\/ces-antennes-de-television-numerique-interieure-pourraient-fonctionner-reellement\/","name":"Ces antennes de t\u00e9l\u00e9vision num\u00e9rique int\u00e9rieure (pourraient) fonctionner r\u00e9ellement | Vie Associative","isPartOf":{"@id":"https:\/\/vieassociative.be\/actualites\/#website"},"primaryImageOfPage":{"@id":"https:\/\/vieassociative.be\/actualites\/ces-antennes-de-television-numerique-interieure-pourraient-fonctionner-reellement\/#primaryimage"},"image":{"@id":"https:\/\/vieassociative.be\/actualites\/ces-antennes-de-television-numerique-interieure-pourraient-fonctionner-reellement\/#primaryimage"},"thumbnailUrl":"https:\/\/vieassociative.be\/actualites\/wp-content\/uploads\/2024\/10\/Ces-antennes-de-television-numerique-interieure-pourraient-fonctionner-reellement.png","datePublished":"2024-10-04T11:18:26+00:00","dateModified":"2024-10-04T11:18:26+00:00","breadcrumb":{"@id":"https:\/\/vieassociative.be\/actualites\/ces-antennes-de-television-numerique-interieure-pourraient-fonctionner-reellement\/#breadcrumb"},"inLanguage":"fr-BE","potentialAction":[{"@type":"ReadAction","target":["https:\/\/vieassociative.be\/actualites\/ces-antennes-de-television-numerique-interieure-pourraient-fonctionner-reellement\/"]}]},{"@type":"ImageObject","inLanguage":"fr-BE","@id":"https:\/\/vieassociative.be\/actualites\/ces-antennes-de-television-numerique-interieure-pourraient-fonctionner-reellement\/#primaryimage","url":"https:\/\/vieassociative.be\/actualites\/wp-content\/uploads\/2024\/10\/Ces-antennes-de-television-numerique-interieure-pourraient-fonctionner-reellement.png","contentUrl":"https:\/\/vieassociative.be\/actualites\/wp-content\/uploads\/2024\/10\/Ces-antennes-de-television-numerique-interieure-pourraient-fonctionner-reellement.png","width":1200,"height":675,"caption":"Ces antennes de t\u00e9l\u00e9vision num\u00e9rique int\u00e9rieure (pourraient) fonctionner r\u00e9ellement"},{"@type":"BreadcrumbList","@id":"https:\/\/vieassociative.be\/actualites\/ces-antennes-de-television-numerique-interieure-pourraient-fonctionner-reellement\/#breadcrumb","itemListElement":[{"@type":"ListItem","position":1,"name":"Accueil","item":"https:\/\/vieassociative.be\/actualites\/"},{"@type":"ListItem","position":2,"name":"Ces antennes de t\u00e9l\u00e9vision num\u00e9rique int\u00e9rieure (pourraient) fonctionner r\u00e9ellement"}]},{"@type":"WebSite","@id":"https:\/\/vieassociative.be\/actualites\/#website","url":"https:\/\/vieassociative.be\/actualites\/","name":"Vie Associative","description":"","publisher":{"@id":"https:\/\/vieassociative.be\/actualites\/#organization"},"potentialAction":[{"@type":"SearchAction","target":{"@type":"EntryPoint","urlTemplate":"https:\/\/vieassociative.be\/actualites\/?s={search_term_string}"},"query-input":{"@type":"PropertyValueSpecification","valueRequired":true,"valueName":"search_term_string"}}],"inLanguage":"fr-BE"},{"@type":"Organization","@id":"https:\/\/vieassociative.be\/actualites\/#organization","name":"Vie Associative","url":"https:\/\/vieassociative.be\/actualites\/","logo":{"@type":"ImageObject","inLanguage":"fr-BE","@id":"https:\/\/vieassociative.be\/actualites\/#\/schema\/logo\/image\/","url":"https:\/\/vieassociative.be\/actualites\/wp-content\/uploads\/2024\/09\/cropped-vieassociative_favicon.ico.png","contentUrl":"https:\/\/vieassociative.be\/actualites\/wp-content\/uploads\/2024\/09\/cropped-vieassociative_favicon.ico.png","width":512,"height":512,"caption":"Vie Associative"},"image":{"@id":"https:\/\/vieassociative.be\/actualites\/#\/schema\/logo\/image\/"}},{"@type":"Person","@id":"https:\/\/vieassociative.be\/actualites\/#\/schema\/person\/b87ac4f82f9d4e7b7cec7395b679edc4","name":"Julien","image":{"@type":"ImageObject","inLanguage":"fr-BE","@id":"https:\/\/vieassociative.be\/actualites\/#\/schema\/person\/image\/","url":"https:\/\/vieassociative.be\/actualites\/wp-content\/uploads\/2024\/09\/vie-associative-1-150x150.jpg","contentUrl":"https:\/\/vieassociative.be\/actualites\/wp-content\/uploads\/2024\/09\/vie-associative-1-150x150.jpg","caption":"Julien"},"description":"Je suis Julien, r\u00e9dacteur pour Vie Associative. Passionn\u00e9 par le monde associatif depuis plus de 10 ans, j'ai \u00e0 c\u0153ur de partager des histoires inspirantes et de mettre en lumi\u00e8re les initiatives locales. Mon objectif est de sensibiliser et d'encourager l'engagement communautaire \u00e0 travers mes articles.","sameAs":["https:\/\/vieassociative.be\/"]}]}},"_links":{"self":[{"href":"https:\/\/vieassociative.be\/actualites\/wp-json\/wp\/v2\/posts\/838"}],"collection":[{"href":"https:\/\/vieassociative.be\/actualites\/wp-json\/wp\/v2\/posts"}],"about":[{"href":"https:\/\/vieassociative.be\/actualites\/wp-json\/wp\/v2\/types\/post"}],"author":[{"embeddable":true,"href":"https:\/\/vieassociative.be\/actualites\/wp-json\/wp\/v2\/users\/1"}],"replies":[{"embeddable":true,"href":"https:\/\/vieassociative.be\/actualites\/wp-json\/wp\/v2\/comments?post=838"}],"version-history":[{"count":0,"href":"https:\/\/vieassociative.be\/actualites\/wp-json\/wp\/v2\/posts\/838\/revisions"}],"wp:featuredmedia":[{"embeddable":true,"href":"https:\/\/vieassociative.be\/actualites\/wp-json\/wp\/v2\/media\/839"}],"wp:attachment":[{"href":"https:\/\/vieassociative.be\/actualites\/wp-json\/wp\/v2\/media?parent=838"}],"wp:term":[{"taxonomy":"category","embeddable":true,"href":"https:\/\/vieassociative.be\/actualites\/wp-json\/wp\/v2\/categories?post=838"},{"taxonomy":"post_tag","embeddable":true,"href":"https:\/\/vieassociative.be\/actualites\/wp-json\/wp\/v2\/tags?post=838"}],"curies":[{"name":"wp","href":"https:\/\/api.w.org\/{rel}","templated":true}]}}