{"id":8377,"date":"2025-06-25T22:17:15","date_gmt":"2025-06-25T20:17:15","guid":{"rendered":"https:\/\/vieassociative.be\/actualites\/mariage-de-protz-de-bezos-multi-ilarche-a-venise-le-mariage-le-plus-cher-de-lannee-peut-probablement-commencer\/"},"modified":"2025-06-25T22:17:15","modified_gmt":"2025-06-25T20:17:15","slug":"mariage-de-protz-de-bezos-multi-ilarche-a-venise-le-mariage-le-plus-cher-de-lannee-peut-probablement-commencer","status":"publish","type":"post","link":"https:\/\/vieassociative.be\/actualites\/mariage-de-protz-de-bezos-multi-ilarche-a-venise-le-mariage-le-plus-cher-de-lannee-peut-probablement-commencer\/","title":{"rendered":"Mariage de protz de Bezos multi-ilarche \u00e0 Venise: Le mariage le plus cher de l&rsquo;ann\u00e9e peut probablement commencer"},"content":{"rendered":"<p><strong>Mise \u00e0 jour d&rsquo;argent, beaucoup de pro\u00e9minence: le milliardaire am\u00e9ricain Jeff Bezos veut c\u00e9l\u00e9brer tr\u00e8s grand son deuxi\u00e8me mariage. Cependant, la situation mondiale l&rsquo;a contrecarr\u00e9.<\/strong><\/p>\n<p><span id=\"more-418520\"><\/span>Le mariage le plus cher de l&rsquo;ann\u00e9e peut commencer: le fondateur du d\u00e9taillant en ligne Amazon, Jeff Bezos, et sa future \u00e9pouse Lauren S\u00e1nchez se sont retrouv\u00e9s \u00e0 Venise. Pour des raisons de s\u00e9curit\u00e9, cependant, le couple a d\u00fb se passer du voyage pr\u00e9vu avec le super yacht de Bezos.<\/p>\n<p>Les deux volaient maintenant avec un centre priv\u00e9 avant d&rsquo;aller au centre avec un bateau au-dessus du lagon. Le mariage r\u00e9el devrait avoir lieu vendredi en pr\u00e9sence de 200 invit\u00e9s, y compris beaucoup d&rsquo;importance.<\/p>\n<div id=\"attachment_418534\" class=\"wp-caption alignleft\" style=\"max-width: 300px\"><img fetchpriority=\"high\" decoding=\"async\" class=\"wp-image-418534 size-medium\" src=\"https:\/\/vieassociative.be\/actualites\/wp-content\/uploads\/2025\/06\/Mariage-de-protz-de-Bezos-multi-ilarche-a-Venise-Le-mariage.jpg\" alt=\"\" width=\"300\" height=\"200\"><\/p>\n<p class=\"wp-caption-text\">12.06.2025, Italie, Venise: Une affiche de protestation avec l&rsquo;inscription \u00ab\u00a0No Place for Bezos\u00a0\u00bb est attach\u00e9e \u00e0 un mur. Photo: Luca Bruno \/ AP \/ DPA<\/p>\n<\/div>\n<p>La fille pr\u00e9sidentielle am\u00e9ricaine Ivanka Trump a \u00e9t\u00e9 l&rsquo;une des premi\u00e8res \u00e0 se rendre \u00e0 la ville, qui a ensuite imm\u00e9diatement fait une tourn\u00e9e commerciale. Les Jets priv\u00e9s se retrouvent d\u00e9sormais toutes les heures \u00e0 l&rsquo;a\u00e9roport de Marco-Polo. Vendredi, plus de 100 vols sp\u00e9ciaux sont attendus. Devant la toile de fond du monde de Venise, il y a d\u00e9j\u00e0 plusieurs yachts d&rsquo;une valeur de plusieurs millions d&rsquo;euros, bien que les autorit\u00e9s soient pr\u00e9occup\u00e9es par les attaques: certaines personnes sont tr\u00e8s r\u00e9ticentes \u00e0 afficher leur richesse.<\/p>\n<p>En raison du mariage du deuxi\u00e8me ou du tiers du monde au monde &#8211; personne ne conna\u00eet exactement environ 220 milliards de dollars avec un actif estim\u00e9 &#8211; avec l&rsquo;ancien pr\u00e9sentateur de t\u00e9l\u00e9vision, Venise est \u00e0 la limite. En plus des plus de 100 000 touristes chaque jour, le couple de c\u00e9l\u00e9brit\u00e9s avec tous ses invit\u00e9s de f\u00eate soi-disant super importants est ajout\u00e9 au week-end: Bezos apporte beaucoup d&rsquo;argent dans la ville.<\/p>\n<p><strong>&#8211; Beaucoup de policiers et militaires dans la ville:<\/strong> Compte tenu de la guerre au Moyen-Orient, les inqui\u00e9tudes concernant les attaques terroristes sont \u00e0 nouveau excellentes. Dans le quartier juif de la ville, il y a maintenant presque tous les coins de la police et des militaires. Les Sagitters doivent \u00e9galement \u00eatre affich\u00e9s sur certains toits. Et dans les pens\u00e9es des terroristes, la c\u00e9l\u00e9bration de l&rsquo;un des capitalistes les plus connus du monde, maintenant \u00e9galement parrain du pr\u00e9sident am\u00e9ricain Donald Trump, serait un objectif int\u00e9ressant.<\/p>\n<div id=\"attachment_418531\" class=\"wp-caption alignleft\" style=\"max-width: 300px\"><img decoding=\"async\" class=\"wp-image-418531 size-medium\" src=\"https:\/\/vieassociative.be\/actualites\/wp-content\/uploads\/2025\/06\/1750882635_529_Mariage-de-protz-de-Bezos-multi-ilarche-a-Venise-Le-mariage.jpg\" alt=\"\" width=\"300\" height=\"200\"><\/p>\n<p class=\"wp-caption-text\">23\/06\/2025, Italie, Venise: Cette photo publi\u00e9e par Greenpeace via AP montre une grande banni\u00e8re contre le mariage pr\u00e9vu du fondateur d&rsquo;Amazon Jeff Bezos sur Markusplatz \u00e0 Venise. Le transparent est \u00e9crit: \u00ab\u00a0Si vous pouvez louer Venise pour votre mariage, vous pouvez payer plus d&rsquo;imp\u00f4ts.\u00a0\u00bb Photo: Greenpeace \/ Greenpeace \/ AP \/ DPA<\/p>\n<\/div>\n<p>Par cons\u00e9quent, Bezos et S\u00e1nchez &#8211; tous deux devaient se marier, sept enfants des premiers mariages &#8211; changent pratiquement le programme \u00e0 la demande des autorit\u00e9s italiennes \u00e0 la derni\u00e8re minute, bien que les organisateurs de mariage tr\u00e8s bien pay\u00e9s y aient travaill\u00e9 pendant des mois. Les festivit\u00e9s jusqu&rsquo;\u00e0 dimanche sont toujours distribu\u00e9es dans divers lieux de la ville. Mais maintenant sur les autres.<\/p>\n<p><strong>&#8211; La c\u00e9r\u00e9monie de mariage aurait lieu sur l&rsquo;\u00eele de San Giorgio Maggiore;<\/strong> Le mariage doit continuer sur l&rsquo;\u00eele de San Giorgio Maggiore, directement en face du Markusplatz, dans le jardin d&rsquo;un ancien monast\u00e8re b\u00e9n\u00e9dictin. L&rsquo;acc\u00e8s au site qui appartient \u00e0 une fondation aujourd&rsquo;hui est d\u00e9j\u00e0 boucl\u00e9. Personne ne peut passer sans une pi\u00e8ce d&rsquo;identit\u00e9 sp\u00e9ciale. Cependant, la r\u00e9ception des invit\u00e9s jeudi soir a \u00e9t\u00e9 d\u00e9plac\u00e9e par le City Beach Lido au monast\u00e8re de Madonna Dell&rsquo;orto. On ne sait toujours pas ce qui devient les grands feux d&rsquo;artifice.<\/p>\n<p>La grande finale de samedi soir doit avoir lieu dans un vieux chantier naval dans le district d&rsquo;Arsenale. Les salles peuvent \u00eatre mieux surveill\u00e9es que l&#8217;emplacement de l&rsquo;\u00e9v\u00e9nement pr\u00e9c\u00e9demment planifi\u00e9 Scuola Grande della Misericordia. L&rsquo;acc\u00e8s avec les taxis d&rsquo;eau et les yachts priv\u00e9s est \u00e9galement plus facile \u00e0 contr\u00f4ler l\u00e0-bas. M\u00eame le super yacht de Bezos \u00ab\u00a0Koru\u00a0\u00bb passerait juste par l&rsquo;entr\u00e9e du port.<\/p>\n<p><strong>&#8211; Super Yacht \u00ab\u00a0Koru\u00a0\u00bb ne devrait pas venir \u00e0 Venise:<\/strong> Pour le moment, cependant, il semble que le fondateur d&rsquo;Amazon ait d\u00fb s&rsquo;en passer. Les autorit\u00e9s italiennes ont clairement indiqu\u00e9 \u00e0 l&rsquo;Am\u00e9ricain que ces jours-ci, ce ne serait pas une bonne id\u00e9e d&rsquo;aller \u00e0 Anker avec son navire de 500 millions de dollars \u00e0 Venise. Non seulement en raison du risque de terrorisme, \u00e9galement parce que diff\u00e9rents groupes mobiles sous la devise \u00ab\u00a0pas d&rsquo;espace pour Bezos\u00a0\u00bb (\u00ab\u00a0pas de place pour Bezos\u00a0\u00bb). Vous c\u00e9l\u00e9brez d\u00e9j\u00e0 les changements de programme comme un succ\u00e8s.<\/p>\n<div id=\"attachment_418635\" class=\"wp-caption alignleft\" style=\"max-width: 300px\"><img decoding=\"async\" class=\"wp-image-418635 size-medium\" src=\"https:\/\/vieassociative.be\/actualites\/wp-content\/uploads\/2025\/06\/1750882635_848_Mariage-de-protz-de-Bezos-multi-ilarche-a-Venise-Le-mariage.jpg\" alt=\"\" width=\"300\" height=\"200\"><\/p>\n<p class=\"wp-caption-text\">25\/06\/2025, Italie, Venise: Le Yacht Arence est situ\u00e9 devant le Markusplatz \u00e0 Venise, avant les c\u00e9l\u00e9brations de la Lagoon City, qui seraient li\u00e9es au mariage de Jeff Bezos et Lauren S\u00e1nchez. Photo: Luca Bruno \/ AP \/ DPA<\/p>\n<\/div>\n<p>Les opinions sont partag\u00e9es entre la population. Certains sont heureux de toutes les c\u00e9l\u00e9brit\u00e9s et du revenu suppl\u00e9mentaire pour la ville. Le pr\u00e9sident de la r\u00e9gion, Luca Zaia, m\u00eame fabriqu\u00e9 \u00e0 partir d&rsquo;un gain d&rsquo;image d&rsquo;une valeur de 2,5 milliards d&rsquo;euros sur la feuille locale \u00ab\u00a0Il Gazzettino\u00a0\u00bb. D&rsquo;autres sont tr\u00e8s ennuy\u00e9s. \u00ab\u00a0Personne ne doit \u00eatre surpris si l&rsquo;impression se fait passer pour que Venise soit disponible\u00a0\u00bb, explique Grazia Borgobello, l&rsquo;un des 50 000 habitants. \u00ab\u00a0Nous traitons la ville comme si c&rsquo;\u00e9tait Disneyland.\u00a0\u00bb<\/p>\n<p><strong>&#8211; Barbra Streisand, Oprah Winfrey, Kylie Jenner probablement parmi les invit\u00e9s:<\/strong> Selon les m\u00e9dias, Barbra Streisand, Oprah Winfrey, Kylie Jenner, Kim Kardashian, Leonardo DiCaprio et Orlando Bloom figurent sur la liste des invit\u00e9s. Entre autres choses, Bill Gates (Microsoft) et Eric Schmidt (Google) devraient \u00eatre inclus dans le monde des affaires. Il y a aussi des sp\u00e9culations sur les apparences de Lady Gaga, Elton John et Mick Jagger.<\/p>\n<p>Selon les m\u00e9dias, les deux personnages principaux seront h\u00e9berg\u00e9s dans l&rsquo;h\u00f4tel cinq \u00e9toiles \u00ab\u00a0Aman\u00a0\u00bb sur le Grand Canal. Il y a quelques ann\u00e9es, la star d&rsquo;Hollywood George Clooney et l&rsquo;avocat des droits de l&rsquo;homme Amal Alamuddin ont pass\u00e9 la nuit des noces.<\/p>\n<p>Les derni\u00e8res photos de Bezos et S\u00e1nchez \u00e0 l&rsquo;ext\u00e9rieur ont montr\u00e9 aux deux \u00e0 bord un yacht comment ils c\u00e9l\u00e8brent une f\u00eate en mousse: les premi\u00e8res c\u00e9l\u00e9brations se d\u00e9roulent \u00e9videmment. Pour le mariage r\u00e9el, divis\u00e9 en trois jours, selon les rapports des m\u00e9dias pour S\u00e1nchez, pas moins de 27 robes devraient \u00eatre disponibles. Les co\u00fbts totaux pour les c\u00e9l\u00e9brations sont estim\u00e9s par les journaux italiens \u00e0 15 \u00e0 30 millions d&rsquo;euros. (DPA)<\/p>\n","protected":false},"excerpt":{"rendered":"<p>Mise \u00e0 jour d&rsquo;argent, beaucoup de pro\u00e9minence: le milliardaire am\u00e9ricain Jeff Bezos veut c\u00e9l\u00e9brer tr\u00e8s grand son deuxi\u00e8me mariage. Cependant, la situation mondiale l&rsquo;a contrecarr\u00e9.<\/p>\n","protected":false},"author":1,"featured_media":8378,"comment_status":"","ping_status":"","sticky":false,"template":"","format":"standard","meta":{"footnotes":""},"categories":[298],"tags":[4770,657,1323,396,2039,7532,22,419,7531,7533],"class_list":["post-8377","post","type-post","status-publish","format-standard","has-post-thumbnail","hentry","category-belgique","tag-bezos","tag-cher","tag-commencer","tag-lannee","tag-mariage","tag-multiilarche","tag-peut","tag-probablement","tag-protz","tag-venise","generate-columns","tablet-grid-50","mobile-grid-100","grid-parent","grid-33"],"yoast_head":"<!-- This site is optimized with the Yoast SEO plugin v24.0 - https:\/\/yoast.com\/wordpress\/plugins\/seo\/ -->\n<title>Mariage de protz de Bezos multi-ilarche \u00e0 Venise: Le mariage le plus cher de l&#039;ann\u00e9e peut probablement commencer | Vie Associative<\/title>\n<meta name=\"robots\" content=\"index, follow, max-snippet:-1, max-image-preview:large, max-video-preview:-1\" \/>\n<link rel=\"canonical\" href=\"https:\/\/vieassociative.be\/actualites\/mariage-de-protz-de-bezos-multi-ilarche-a-venise-le-mariage-le-plus-cher-de-lannee-peut-probablement-commencer\/\" \/>\n<meta property=\"og:locale\" content=\"fr_FR\" \/>\n<meta property=\"og:type\" content=\"article\" \/>\n<meta property=\"og:title\" content=\"Mariage de protz de Bezos multi-ilarche \u00e0 Venise: Le mariage le plus cher de l&#039;ann\u00e9e peut probablement commencer | Vie Associative\" \/>\n<meta property=\"og:description\" content=\"Mise \u00e0 jour d&rsquo;argent, beaucoup de pro\u00e9minence: le milliardaire am\u00e9ricain Jeff Bezos veut c\u00e9l\u00e9brer tr\u00e8s grand son deuxi\u00e8me mariage. Cependant, la situation mondiale l&rsquo;a contrecarr\u00e9.\" \/>\n<meta property=\"og:url\" content=\"https:\/\/vieassociative.be\/actualites\/mariage-de-protz-de-bezos-multi-ilarche-a-venise-le-mariage-le-plus-cher-de-lannee-peut-probablement-commencer\/\" \/>\n<meta property=\"og:site_name\" content=\"Vie Associative\" \/>\n<meta property=\"article:published_time\" content=\"2025-06-25T20:17:15+00:00\" \/>\n<meta property=\"og:image\" content=\"https:\/\/vieassociative.be\/actualites\/wp-content\/uploads\/2024\/09\/header_backgroundk-01-e1726694325946.png\" \/>\n\t<meta property=\"og:image:width\" content=\"279\" \/>\n\t<meta property=\"og:image:height\" content=\"92\" \/>\n\t<meta property=\"og:image:type\" content=\"image\/png\" \/>\n<meta name=\"author\" content=\"Julien\" \/>\n<meta name=\"twitter:card\" content=\"summary_large_image\" \/>\n<meta name=\"twitter:label1\" content=\"\u00c9crit par\" \/>\n\t<meta name=\"twitter:data1\" content=\"Julien\" \/>\n\t<meta name=\"twitter:label2\" content=\"Dur\u00e9e de lecture est.\" \/>\n\t<meta name=\"twitter:data2\" content=\"6 minutes\" \/>\n<script type=\"application\/ld+json\" class=\"yoast-schema-graph\">{\"@context\":\"https:\/\/schema.org\",\"@graph\":[{\"@type\":\"Article\",\"@id\":\"https:\/\/vieassociative.be\/actualites\/mariage-de-protz-de-bezos-multi-ilarche-a-venise-le-mariage-le-plus-cher-de-lannee-peut-probablement-commencer\/#article\",\"isPartOf\":{\"@id\":\"https:\/\/vieassociative.be\/actualites\/mariage-de-protz-de-bezos-multi-ilarche-a-venise-le-mariage-le-plus-cher-de-lannee-peut-probablement-commencer\/\"},\"author\":{\"name\":\"Julien\",\"@id\":\"https:\/\/vieassociative.be\/actualites\/#\/schema\/person\/b87ac4f82f9d4e7b7cec7395b679edc4\"},\"headline\":\"Mariage de protz de Bezos multi-ilarche \u00e0 Venise: Le mariage le plus cher de l&rsquo;ann\u00e9e peut probablement commencer\",\"datePublished\":\"2025-06-25T20:17:15+00:00\",\"dateModified\":\"2025-06-25T20:17:15+00:00\",\"mainEntityOfPage\":{\"@id\":\"https:\/\/vieassociative.be\/actualites\/mariage-de-protz-de-bezos-multi-ilarche-a-venise-le-mariage-le-plus-cher-de-lannee-peut-probablement-commencer\/\"},\"wordCount\":1190,\"publisher\":{\"@id\":\"https:\/\/vieassociative.be\/actualites\/#organization\"},\"image\":{\"@id\":\"https:\/\/vieassociative.be\/actualites\/mariage-de-protz-de-bezos-multi-ilarche-a-venise-le-mariage-le-plus-cher-de-lannee-peut-probablement-commencer\/#primaryimage\"},\"thumbnailUrl\":\"https:\/\/vieassociative.be\/actualites\/wp-content\/uploads\/2025\/06\/1750882636_Mariage-de-protz-de-Bezos-multi-ilarche-a-Venise-Le-mariage.jpg\",\"keywords\":[\"Bezos\",\"cher\",\"commencer\",\"lann\u00e9e\",\"mariage\",\"multiilarche\",\"peut\",\"probablement\",\"protz\",\"Venise\"],\"articleSection\":[\"Belgique\"],\"inLanguage\":\"fr-BE\"},{\"@type\":\"WebPage\",\"@id\":\"https:\/\/vieassociative.be\/actualites\/mariage-de-protz-de-bezos-multi-ilarche-a-venise-le-mariage-le-plus-cher-de-lannee-peut-probablement-commencer\/\",\"url\":\"https:\/\/vieassociative.be\/actualites\/mariage-de-protz-de-bezos-multi-ilarche-a-venise-le-mariage-le-plus-cher-de-lannee-peut-probablement-commencer\/\",\"name\":\"Mariage de protz de Bezos multi-ilarche \u00e0 Venise: Le mariage le plus cher de l'ann\u00e9e peut probablement commencer | Vie Associative\",\"isPartOf\":{\"@id\":\"https:\/\/vieassociative.be\/actualites\/#website\"},\"primaryImageOfPage\":{\"@id\":\"https:\/\/vieassociative.be\/actualites\/mariage-de-protz-de-bezos-multi-ilarche-a-venise-le-mariage-le-plus-cher-de-lannee-peut-probablement-commencer\/#primaryimage\"},\"image\":{\"@id\":\"https:\/\/vieassociative.be\/actualites\/mariage-de-protz-de-bezos-multi-ilarche-a-venise-le-mariage-le-plus-cher-de-lannee-peut-probablement-commencer\/#primaryimage\"},\"thumbnailUrl\":\"https:\/\/vieassociative.be\/actualites\/wp-content\/uploads\/2025\/06\/1750882636_Mariage-de-protz-de-Bezos-multi-ilarche-a-Venise-Le-mariage.jpg\",\"datePublished\":\"2025-06-25T20:17:15+00:00\",\"dateModified\":\"2025-06-25T20:17:15+00:00\",\"breadcrumb\":{\"@id\":\"https:\/\/vieassociative.be\/actualites\/mariage-de-protz-de-bezos-multi-ilarche-a-venise-le-mariage-le-plus-cher-de-lannee-peut-probablement-commencer\/#breadcrumb\"},\"inLanguage\":\"fr-BE\",\"potentialAction\":[{\"@type\":\"ReadAction\",\"target\":[\"https:\/\/vieassociative.be\/actualites\/mariage-de-protz-de-bezos-multi-ilarche-a-venise-le-mariage-le-plus-cher-de-lannee-peut-probablement-commencer\/\"]}]},{\"@type\":\"ImageObject\",\"inLanguage\":\"fr-BE\",\"@id\":\"https:\/\/vieassociative.be\/actualites\/mariage-de-protz-de-bezos-multi-ilarche-a-venise-le-mariage-le-plus-cher-de-lannee-peut-probablement-commencer\/#primaryimage\",\"url\":\"https:\/\/vieassociative.be\/actualites\/wp-content\/uploads\/2025\/06\/1750882636_Mariage-de-protz-de-Bezos-multi-ilarche-a-Venise-Le-mariage.jpg\",\"contentUrl\":\"https:\/\/vieassociative.be\/actualites\/wp-content\/uploads\/2025\/06\/1750882636_Mariage-de-protz-de-Bezos-multi-ilarche-a-Venise-Le-mariage.jpg\",\"width\":1200,\"height\":800,\"caption\":\"Mariage de protz de Bezos multi-ilarche \u00e0 Venise: Le mariage le plus cher de l'ann\u00e9e peut probablement commencer\"},{\"@type\":\"BreadcrumbList\",\"@id\":\"https:\/\/vieassociative.be\/actualites\/mariage-de-protz-de-bezos-multi-ilarche-a-venise-le-mariage-le-plus-cher-de-lannee-peut-probablement-commencer\/#breadcrumb\",\"itemListElement\":[{\"@type\":\"ListItem\",\"position\":1,\"name\":\"Accueil\",\"item\":\"https:\/\/vieassociative.be\/actualites\/\"},{\"@type\":\"ListItem\",\"position\":2,\"name\":\"Mariage de protz de Bezos multi-ilarche \u00e0 Venise: Le mariage le plus cher de l&rsquo;ann\u00e9e peut probablement commencer\"}]},{\"@type\":\"WebSite\",\"@id\":\"https:\/\/vieassociative.be\/actualites\/#website\",\"url\":\"https:\/\/vieassociative.be\/actualites\/\",\"name\":\"Vie Associative\",\"description\":\"\",\"publisher\":{\"@id\":\"https:\/\/vieassociative.be\/actualites\/#organization\"},\"potentialAction\":[{\"@type\":\"SearchAction\",\"target\":{\"@type\":\"EntryPoint\",\"urlTemplate\":\"https:\/\/vieassociative.be\/actualites\/?s={search_term_string}\"},\"query-input\":{\"@type\":\"PropertyValueSpecification\",\"valueRequired\":true,\"valueName\":\"search_term_string\"}}],\"inLanguage\":\"fr-BE\"},{\"@type\":\"Organization\",\"@id\":\"https:\/\/vieassociative.be\/actualites\/#organization\",\"name\":\"Vie Associative\",\"url\":\"https:\/\/vieassociative.be\/actualites\/\",\"logo\":{\"@type\":\"ImageObject\",\"inLanguage\":\"fr-BE\",\"@id\":\"https:\/\/vieassociative.be\/actualites\/#\/schema\/logo\/image\/\",\"url\":\"https:\/\/vieassociative.be\/actualites\/wp-content\/uploads\/2024\/09\/cropped-vieassociative_favicon.ico.png\",\"contentUrl\":\"https:\/\/vieassociative.be\/actualites\/wp-content\/uploads\/2024\/09\/cropped-vieassociative_favicon.ico.png\",\"width\":512,\"height\":512,\"caption\":\"Vie Associative\"},\"image\":{\"@id\":\"https:\/\/vieassociative.be\/actualites\/#\/schema\/logo\/image\/\"}},{\"@type\":\"Person\",\"@id\":\"https:\/\/vieassociative.be\/actualites\/#\/schema\/person\/b87ac4f82f9d4e7b7cec7395b679edc4\",\"name\":\"Julien\",\"image\":{\"@type\":\"ImageObject\",\"inLanguage\":\"fr-BE\",\"@id\":\"https:\/\/vieassociative.be\/actualites\/#\/schema\/person\/image\/\",\"url\":\"https:\/\/vieassociative.be\/actualites\/wp-content\/uploads\/2024\/09\/vie-associative-1-150x150.jpg\",\"contentUrl\":\"https:\/\/vieassociative.be\/actualites\/wp-content\/uploads\/2024\/09\/vie-associative-1-150x150.jpg\",\"caption\":\"Julien\"},\"description\":\"Je suis Julien, r\u00e9dacteur pour Vie Associative. Passionn\u00e9 par le monde associatif depuis plus de 10 ans, j'ai \u00e0 c\u0153ur de partager des histoires inspirantes et de mettre en lumi\u00e8re les initiatives locales. Mon objectif est de sensibiliser et d'encourager l'engagement communautaire \u00e0 travers mes articles.\",\"sameAs\":[\"https:\/\/vieassociative.be\/\"]}]}<\/script>\n<!-- \/ Yoast SEO plugin. -->","yoast_head_json":{"title":"Mariage de protz de Bezos multi-ilarche \u00e0 Venise: Le mariage le plus cher de l'ann\u00e9e peut probablement commencer | Vie Associative","robots":{"index":"index","follow":"follow","max-snippet":"max-snippet:-1","max-image-preview":"max-image-preview:large","max-video-preview":"max-video-preview:-1"},"canonical":"https:\/\/vieassociative.be\/actualites\/mariage-de-protz-de-bezos-multi-ilarche-a-venise-le-mariage-le-plus-cher-de-lannee-peut-probablement-commencer\/","og_locale":"fr_FR","og_type":"article","og_title":"Mariage de protz de Bezos multi-ilarche \u00e0 Venise: Le mariage le plus cher de l'ann\u00e9e peut probablement commencer | Vie Associative","og_description":"Mise \u00e0 jour d&rsquo;argent, beaucoup de pro\u00e9minence: le milliardaire am\u00e9ricain Jeff Bezos veut c\u00e9l\u00e9brer tr\u00e8s grand son deuxi\u00e8me mariage. Cependant, la situation mondiale l&rsquo;a contrecarr\u00e9.","og_url":"https:\/\/vieassociative.be\/actualites\/mariage-de-protz-de-bezos-multi-ilarche-a-venise-le-mariage-le-plus-cher-de-lannee-peut-probablement-commencer\/","og_site_name":"Vie Associative","article_published_time":"2025-06-25T20:17:15+00:00","og_image":[{"width":279,"height":92,"url":"https:\/\/vieassociative.be\/actualites\/wp-content\/uploads\/2024\/09\/header_backgroundk-01-e1726694325946.png","type":"image\/png"}],"author":"Julien","twitter_card":"summary_large_image","twitter_misc":{"\u00c9crit par":"Julien","Dur\u00e9e de lecture est.":"6 minutes"},"schema":{"@context":"https:\/\/schema.org","@graph":[{"@type":"Article","@id":"https:\/\/vieassociative.be\/actualites\/mariage-de-protz-de-bezos-multi-ilarche-a-venise-le-mariage-le-plus-cher-de-lannee-peut-probablement-commencer\/#article","isPartOf":{"@id":"https:\/\/vieassociative.be\/actualites\/mariage-de-protz-de-bezos-multi-ilarche-a-venise-le-mariage-le-plus-cher-de-lannee-peut-probablement-commencer\/"},"author":{"name":"Julien","@id":"https:\/\/vieassociative.be\/actualites\/#\/schema\/person\/b87ac4f82f9d4e7b7cec7395b679edc4"},"headline":"Mariage de protz de Bezos multi-ilarche \u00e0 Venise: Le mariage le plus cher de l&rsquo;ann\u00e9e peut probablement commencer","datePublished":"2025-06-25T20:17:15+00:00","dateModified":"2025-06-25T20:17:15+00:00","mainEntityOfPage":{"@id":"https:\/\/vieassociative.be\/actualites\/mariage-de-protz-de-bezos-multi-ilarche-a-venise-le-mariage-le-plus-cher-de-lannee-peut-probablement-commencer\/"},"wordCount":1190,"publisher":{"@id":"https:\/\/vieassociative.be\/actualites\/#organization"},"image":{"@id":"https:\/\/vieassociative.be\/actualites\/mariage-de-protz-de-bezos-multi-ilarche-a-venise-le-mariage-le-plus-cher-de-lannee-peut-probablement-commencer\/#primaryimage"},"thumbnailUrl":"https:\/\/vieassociative.be\/actualites\/wp-content\/uploads\/2025\/06\/1750882636_Mariage-de-protz-de-Bezos-multi-ilarche-a-Venise-Le-mariage.jpg","keywords":["Bezos","cher","commencer","lann\u00e9e","mariage","multiilarche","peut","probablement","protz","Venise"],"articleSection":["Belgique"],"inLanguage":"fr-BE"},{"@type":"WebPage","@id":"https:\/\/vieassociative.be\/actualites\/mariage-de-protz-de-bezos-multi-ilarche-a-venise-le-mariage-le-plus-cher-de-lannee-peut-probablement-commencer\/","url":"https:\/\/vieassociative.be\/actualites\/mariage-de-protz-de-bezos-multi-ilarche-a-venise-le-mariage-le-plus-cher-de-lannee-peut-probablement-commencer\/","name":"Mariage de protz de Bezos multi-ilarche \u00e0 Venise: Le mariage le plus cher de l'ann\u00e9e peut probablement commencer | Vie Associative","isPartOf":{"@id":"https:\/\/vieassociative.be\/actualites\/#website"},"primaryImageOfPage":{"@id":"https:\/\/vieassociative.be\/actualites\/mariage-de-protz-de-bezos-multi-ilarche-a-venise-le-mariage-le-plus-cher-de-lannee-peut-probablement-commencer\/#primaryimage"},"image":{"@id":"https:\/\/vieassociative.be\/actualites\/mariage-de-protz-de-bezos-multi-ilarche-a-venise-le-mariage-le-plus-cher-de-lannee-peut-probablement-commencer\/#primaryimage"},"thumbnailUrl":"https:\/\/vieassociative.be\/actualites\/wp-content\/uploads\/2025\/06\/1750882636_Mariage-de-protz-de-Bezos-multi-ilarche-a-Venise-Le-mariage.jpg","datePublished":"2025-06-25T20:17:15+00:00","dateModified":"2025-06-25T20:17:15+00:00","breadcrumb":{"@id":"https:\/\/vieassociative.be\/actualites\/mariage-de-protz-de-bezos-multi-ilarche-a-venise-le-mariage-le-plus-cher-de-lannee-peut-probablement-commencer\/#breadcrumb"},"inLanguage":"fr-BE","potentialAction":[{"@type":"ReadAction","target":["https:\/\/vieassociative.be\/actualites\/mariage-de-protz-de-bezos-multi-ilarche-a-venise-le-mariage-le-plus-cher-de-lannee-peut-probablement-commencer\/"]}]},{"@type":"ImageObject","inLanguage":"fr-BE","@id":"https:\/\/vieassociative.be\/actualites\/mariage-de-protz-de-bezos-multi-ilarche-a-venise-le-mariage-le-plus-cher-de-lannee-peut-probablement-commencer\/#primaryimage","url":"https:\/\/vieassociative.be\/actualites\/wp-content\/uploads\/2025\/06\/1750882636_Mariage-de-protz-de-Bezos-multi-ilarche-a-Venise-Le-mariage.jpg","contentUrl":"https:\/\/vieassociative.be\/actualites\/wp-content\/uploads\/2025\/06\/1750882636_Mariage-de-protz-de-Bezos-multi-ilarche-a-Venise-Le-mariage.jpg","width":1200,"height":800,"caption":"Mariage de protz de Bezos multi-ilarche \u00e0 Venise: Le mariage le plus cher de l'ann\u00e9e peut probablement commencer"},{"@type":"BreadcrumbList","@id":"https:\/\/vieassociative.be\/actualites\/mariage-de-protz-de-bezos-multi-ilarche-a-venise-le-mariage-le-plus-cher-de-lannee-peut-probablement-commencer\/#breadcrumb","itemListElement":[{"@type":"ListItem","position":1,"name":"Accueil","item":"https:\/\/vieassociative.be\/actualites\/"},{"@type":"ListItem","position":2,"name":"Mariage de protz de Bezos multi-ilarche \u00e0 Venise: Le mariage le plus cher de l&rsquo;ann\u00e9e peut probablement commencer"}]},{"@type":"WebSite","@id":"https:\/\/vieassociative.be\/actualites\/#website","url":"https:\/\/vieassociative.be\/actualites\/","name":"Vie Associative","description":"","publisher":{"@id":"https:\/\/vieassociative.be\/actualites\/#organization"},"potentialAction":[{"@type":"SearchAction","target":{"@type":"EntryPoint","urlTemplate":"https:\/\/vieassociative.be\/actualites\/?s={search_term_string}"},"query-input":{"@type":"PropertyValueSpecification","valueRequired":true,"valueName":"search_term_string"}}],"inLanguage":"fr-BE"},{"@type":"Organization","@id":"https:\/\/vieassociative.be\/actualites\/#organization","name":"Vie Associative","url":"https:\/\/vieassociative.be\/actualites\/","logo":{"@type":"ImageObject","inLanguage":"fr-BE","@id":"https:\/\/vieassociative.be\/actualites\/#\/schema\/logo\/image\/","url":"https:\/\/vieassociative.be\/actualites\/wp-content\/uploads\/2024\/09\/cropped-vieassociative_favicon.ico.png","contentUrl":"https:\/\/vieassociative.be\/actualites\/wp-content\/uploads\/2024\/09\/cropped-vieassociative_favicon.ico.png","width":512,"height":512,"caption":"Vie Associative"},"image":{"@id":"https:\/\/vieassociative.be\/actualites\/#\/schema\/logo\/image\/"}},{"@type":"Person","@id":"https:\/\/vieassociative.be\/actualites\/#\/schema\/person\/b87ac4f82f9d4e7b7cec7395b679edc4","name":"Julien","image":{"@type":"ImageObject","inLanguage":"fr-BE","@id":"https:\/\/vieassociative.be\/actualites\/#\/schema\/person\/image\/","url":"https:\/\/vieassociative.be\/actualites\/wp-content\/uploads\/2024\/09\/vie-associative-1-150x150.jpg","contentUrl":"https:\/\/vieassociative.be\/actualites\/wp-content\/uploads\/2024\/09\/vie-associative-1-150x150.jpg","caption":"Julien"},"description":"Je suis Julien, r\u00e9dacteur pour Vie Associative. Passionn\u00e9 par le monde associatif depuis plus de 10 ans, j'ai \u00e0 c\u0153ur de partager des histoires inspirantes et de mettre en lumi\u00e8re les initiatives locales. Mon objectif est de sensibiliser et d'encourager l'engagement communautaire \u00e0 travers mes articles.","sameAs":["https:\/\/vieassociative.be\/"]}]}},"_links":{"self":[{"href":"https:\/\/vieassociative.be\/actualites\/wp-json\/wp\/v2\/posts\/8377"}],"collection":[{"href":"https:\/\/vieassociative.be\/actualites\/wp-json\/wp\/v2\/posts"}],"about":[{"href":"https:\/\/vieassociative.be\/actualites\/wp-json\/wp\/v2\/types\/post"}],"author":[{"embeddable":true,"href":"https:\/\/vieassociative.be\/actualites\/wp-json\/wp\/v2\/users\/1"}],"replies":[{"embeddable":true,"href":"https:\/\/vieassociative.be\/actualites\/wp-json\/wp\/v2\/comments?post=8377"}],"version-history":[{"count":0,"href":"https:\/\/vieassociative.be\/actualites\/wp-json\/wp\/v2\/posts\/8377\/revisions"}],"wp:featuredmedia":[{"embeddable":true,"href":"https:\/\/vieassociative.be\/actualites\/wp-json\/wp\/v2\/media\/8378"}],"wp:attachment":[{"href":"https:\/\/vieassociative.be\/actualites\/wp-json\/wp\/v2\/media?parent=8377"}],"wp:term":[{"taxonomy":"category","embeddable":true,"href":"https:\/\/vieassociative.be\/actualites\/wp-json\/wp\/v2\/categories?post=8377"},{"taxonomy":"post_tag","embeddable":true,"href":"https:\/\/vieassociative.be\/actualites\/wp-json\/wp\/v2\/tags?post=8377"}],"curies":[{"name":"wp","href":"https:\/\/api.w.org\/{rel}","templated":true}]}}