{"id":8373,"date":"2025-06-25T16:18:35","date_gmt":"2025-06-25T14:18:35","guid":{"rendered":"https:\/\/vieassociative.be\/actualites\/lentraineur-en-chef-bruno-pinheiro-dirige-sa-premiere-formation-le-as-eupen-continue-tabula-rasa-galerie-de-photos\/"},"modified":"2025-06-25T16:18:35","modified_gmt":"2025-06-25T14:18:35","slug":"lentraineur-en-chef-bruno-pinheiro-dirige-sa-premiere-formation-le-as-eupen-continue-tabula-rasa-galerie-de-photos","status":"publish","type":"post","link":"https:\/\/vieassociative.be\/actualites\/lentraineur-en-chef-bruno-pinheiro-dirige-sa-premiere-formation-le-as-eupen-continue-tabula-rasa-galerie-de-photos\/","title":{"rendered":"L&rsquo;entra\u00eeneur en chef Bruno Pinheiro dirige sa premi\u00e8re formation &#8211; Le As Eupen continue Tabula Rasa (galerie de photos)"},"content":{"rendered":"<p><strong>Pr\u00e8s d&rsquo;un mois et demi avant le d\u00e9but du championnat dans la Challenger Pro League, la premi\u00e8re formation publique de la deuxi\u00e8me division en tant qu&rsquo;Eupen a eu lieu mercredi sur le terrain du stade Kehrweg. Ce fut \u00e9galement la premi\u00e8re session de formation sous le nouvel entra\u00eeneur-chef Bruno Pinheiro.<\/strong><\/p>\n<p><span id=\"more-418551\"><\/span>Le Portugais est le successeur de Mersad Selimbegovic, qui a men\u00e9 le noir et blanc \u00e0 un endroit d\u00e9cevant dans le tableau de la saison 2024\/2025. Pinheiro est le 11e entra\u00eeneur en chef de l&rsquo;AS Eupen depuis l&rsquo;hypoth\u00e8se de l&rsquo;association par les Qataris d&rsquo;Aspire.<\/p>\n<div id=\"attachment_418567\" class=\"wp-caption alignleft\" style=\"max-width: 300px\"><img fetchpriority=\"high\" decoding=\"async\" class=\"wp-image-418567 size-medium\" src=\"https:\/\/vieassociative.be\/actualites\/wp-content\/uploads\/2025\/06\/Lentraineur-en-chef-Bruno-Pinheiro-dirige-sa-premiere-formation.jpg\" alt=\"\" width=\"300\" height=\"200\"  ><\/p>\n<p class=\"wp-caption-text\">L&rsquo;entra\u00eeneur-chef Bruno Pinheiro (\u00e0 l&rsquo;extr\u00eame gauche) fournit les premi\u00e8res instructions dans la formation publique de l&rsquo;AS Eupen mercredi. Photo: Patrick von Staufenberg<\/p>\n<\/div>\n<p>Personne ne sait vraiment ce que la saison \u00e0 venir promet. Apr\u00e8s avoir \u00e9t\u00e9 connu auparavant que Yentl Van Genecht et Wedingo \u00e9taient rest\u00e9s et que le contrat de Jan Gorenc n&rsquo;a pas \u00e9t\u00e9 prolong\u00e9, comme annonc\u00e9 mercredi que huit professionnels seront laiss\u00e9s le club le 1er juillet. Ce sont Teddy Alloh, Brandon Baiye, Reagan Charles-Cook, J\u00e9r\u00f4me Deom, Philip Ejike, Renaud Emond, Emerehan Gedikli et Milos Pantovic.<\/p>\n<p>Les contrats d&rsquo;Igor Plastun, Gaetan Hendrickx, Tom Rouffosse et Isaac Nuhu se terminent \u00e9galement le 30 juin. Ils peuvent \u00eatre \u00e9tendus &#8211; ou non.<\/p>\n<p>Premi\u00e8re conclusion interm\u00e9diaire: au moins actuellement, il semble que Tabula Rasa se r\u00e9v\u00e8le une fois de plus sur l&rsquo;Eupener Kehrweg. (Cre)<\/p>\n<p><em><strong>Vous trouverez ci-dessous une galerie de photos avec des photos du photographe Patrick von Staufenberg de la premi\u00e8re formation publique de l&rsquo;AS Eupen mercredi sous le nouvel entra\u00eeneur Bruno Pinheiro (cliquez pour l&rsquo;\u00e9largissement):<\/strong><\/em><\/p>\n<div class=\"wp-gallery row\">\n<figure class=\"column small-6 medium-3 end\"><img decoding=\"async\" src=\"https:\/\/vieassociative.be\/actualites\/wp-content\/uploads\/2025\/06\/1750861112_65_Lentraineur-en-chef-Bruno-Pinheiro-dirige-sa-premiere-formation.jpg\" width=\"159\" height=\"159\" alt=\"\"><\/figure>\n<figure class=\"column small-6 medium-3 end\"><img decoding=\"async\" src=\"https:\/\/vieassociative.be\/actualites\/wp-content\/uploads\/2025\/06\/1750861112_664_Lentraineur-en-chef-Bruno-Pinheiro-dirige-sa-premiere-formation.jpg\" width=\"159\" height=\"159\" alt=\"\"><\/figure>\n<figure class=\"column small-6 medium-3 end\"><img loading=\"lazy\" decoding=\"async\" src=\"https:\/\/vieassociative.be\/actualites\/wp-content\/uploads\/2025\/06\/1750861112_92_Lentraineur-en-chef-Bruno-Pinheiro-dirige-sa-premiere-formation.jpg\" width=\"159\" height=\"159\" alt=\"\"><\/figure>\n<figure class=\"column small-6 medium-3 end\"><img loading=\"lazy\" decoding=\"async\" src=\"https:\/\/vieassociative.be\/actualites\/wp-content\/uploads\/2025\/06\/1750861112_815_Lentraineur-en-chef-Bruno-Pinheiro-dirige-sa-premiere-formation.jpg\" width=\"159\" height=\"159\" alt=\"\"><\/figure>\n<figure class=\"column small-6 medium-3 end\"><img loading=\"lazy\" decoding=\"async\" src=\"https:\/\/vieassociative.be\/actualites\/wp-content\/uploads\/2025\/06\/1750861112_635_Lentraineur-en-chef-Bruno-Pinheiro-dirige-sa-premiere-formation.jpg\" width=\"159\" height=\"159\" alt=\"\"><\/figure>\n<figure class=\"column small-6 medium-3 end\"><img loading=\"lazy\" decoding=\"async\" src=\"https:\/\/vieassociative.be\/actualites\/wp-content\/uploads\/2025\/06\/1750861113_421_Lentraineur-en-chef-Bruno-Pinheiro-dirige-sa-premiere-formation.jpg\" width=\"159\" height=\"159\" alt=\"\"><\/figure>\n<figure class=\"column small-6 medium-3 end\"><img loading=\"lazy\" decoding=\"async\" src=\"https:\/\/vieassociative.be\/actualites\/wp-content\/uploads\/2025\/06\/1750861113_625_Lentraineur-en-chef-Bruno-Pinheiro-dirige-sa-premiere-formation.jpg\" width=\"159\" height=\"159\" alt=\"\"><\/figure>\n<figure class=\"column small-6 medium-3 end\"><img loading=\"lazy\" decoding=\"async\" src=\"https:\/\/vieassociative.be\/actualites\/wp-content\/uploads\/2025\/06\/1750861113_852_Lentraineur-en-chef-Bruno-Pinheiro-dirige-sa-premiere-formation.jpg\" width=\"159\" height=\"159\" alt=\"\"><\/figure>\n<figure class=\"column small-6 medium-3 end\"><img loading=\"lazy\" decoding=\"async\" src=\"https:\/\/vieassociative.be\/actualites\/wp-content\/uploads\/2025\/06\/1750861113_320_Lentraineur-en-chef-Bruno-Pinheiro-dirige-sa-premiere-formation.jpg\" width=\"159\" height=\"159\" alt=\"\"><\/figure>\n<figure class=\"column small-6 medium-3 end\"><img loading=\"lazy\" decoding=\"async\" src=\"https:\/\/vieassociative.be\/actualites\/wp-content\/uploads\/2025\/06\/1750861113_897_Lentraineur-en-chef-Bruno-Pinheiro-dirige-sa-premiere-formation.jpg\" width=\"159\" height=\"159\" alt=\"\"><\/figure>\n<figure class=\"column small-6 medium-3 end\"><img loading=\"lazy\" decoding=\"async\" src=\"https:\/\/vieassociative.be\/actualites\/wp-content\/uploads\/2025\/06\/1750861113_570_Lentraineur-en-chef-Bruno-Pinheiro-dirige-sa-premiere-formation.jpg\" width=\"159\" height=\"159\" alt=\"\"><\/figure>\n<figure class=\"column small-6 medium-3 end\"><img loading=\"lazy\" decoding=\"async\" src=\"https:\/\/vieassociative.be\/actualites\/wp-content\/uploads\/2025\/06\/1750861113_993_Lentraineur-en-chef-Bruno-Pinheiro-dirige-sa-premiere-formation.jpg\" width=\"159\" height=\"159\" alt=\"\"><\/figure>\n<figure class=\"column small-6 medium-3 end\"><img loading=\"lazy\" decoding=\"async\" src=\"https:\/\/vieassociative.be\/actualites\/wp-content\/uploads\/2025\/06\/1750861113_989_Lentraineur-en-chef-Bruno-Pinheiro-dirige-sa-premiere-formation.jpg\" width=\"159\" height=\"159\" alt=\"\"><\/figure>\n<figure class=\"column small-6 medium-3 end\"><img loading=\"lazy\" decoding=\"async\" src=\"https:\/\/vieassociative.be\/actualites\/wp-content\/uploads\/2025\/06\/1750861113_316_Lentraineur-en-chef-Bruno-Pinheiro-dirige-sa-premiere-formation.jpg\" width=\"159\" height=\"159\" alt=\"\"><\/figure>\n<figure class=\"column small-6 medium-3 end\"><img loading=\"lazy\" decoding=\"async\" src=\"https:\/\/vieassociative.be\/actualites\/wp-content\/uploads\/2025\/06\/1750861113_654_Lentraineur-en-chef-Bruno-Pinheiro-dirige-sa-premiere-formation.jpg\" width=\"159\" height=\"159\" alt=\"\"><\/figure>\n<figure class=\"column small-6 medium-3 end\"><img loading=\"lazy\" decoding=\"async\" src=\"https:\/\/vieassociative.be\/actualites\/wp-content\/uploads\/2025\/06\/1750861113_732_Lentraineur-en-chef-Bruno-Pinheiro-dirige-sa-premiere-formation.jpg\" width=\"159\" height=\"159\" alt=\"\"><\/figure>\n<figure class=\"column small-6 medium-3 end\"><img loading=\"lazy\" decoding=\"async\" src=\"https:\/\/vieassociative.be\/actualites\/wp-content\/uploads\/2025\/06\/1750861113_62_Lentraineur-en-chef-Bruno-Pinheiro-dirige-sa-premiere-formation.jpg\" width=\"159\" height=\"159\" alt=\"\"><\/figure>\n<figure class=\"column small-6 medium-3 end\"><img loading=\"lazy\" decoding=\"async\" src=\"https:\/\/vieassociative.be\/actualites\/wp-content\/uploads\/2025\/06\/1750861113_344_Lentraineur-en-chef-Bruno-Pinheiro-dirige-sa-premiere-formation.jpg\" width=\"159\" height=\"159\" alt=\"\"><\/figure>\n<figure class=\"column small-6 medium-3 end\"><img loading=\"lazy\" decoding=\"async\" src=\"https:\/\/vieassociative.be\/actualites\/wp-content\/uploads\/2025\/06\/1750861113_712_Lentraineur-en-chef-Bruno-Pinheiro-dirige-sa-premiere-formation.jpg\" width=\"159\" height=\"159\" alt=\"\"><\/figure>\n<figure class=\"column small-6 medium-3 end\"><img loading=\"lazy\" decoding=\"async\" src=\"https:\/\/vieassociative.be\/actualites\/wp-content\/uploads\/2025\/06\/1750861113_465_Lentraineur-en-chef-Bruno-Pinheiro-dirige-sa-premiere-formation.jpg\" width=\"159\" height=\"159\" alt=\"\"><\/figure>\n<figure class=\"column small-6 medium-3 end\"><img loading=\"lazy\" decoding=\"async\" src=\"https:\/\/vieassociative.be\/actualites\/wp-content\/uploads\/2025\/06\/1750861113_13_Lentraineur-en-chef-Bruno-Pinheiro-dirige-sa-premiere-formation.jpg\" width=\"159\" height=\"159\" alt=\"\"><\/figure>\n<figure class=\"column small-6 medium-3 end\"><img loading=\"lazy\" decoding=\"async\" src=\"https:\/\/vieassociative.be\/actualites\/wp-content\/uploads\/2025\/06\/1750861113_777_Lentraineur-en-chef-Bruno-Pinheiro-dirige-sa-premiere-formation.jpg\" width=\"159\" height=\"159\" alt=\"\"><\/figure>\n<figure class=\"column small-6 medium-3 end\"><img loading=\"lazy\" decoding=\"async\" src=\"https:\/\/vieassociative.be\/actualites\/wp-content\/uploads\/2025\/06\/1750861113_952_Lentraineur-en-chef-Bruno-Pinheiro-dirige-sa-premiere-formation.jpg\" width=\"159\" height=\"159\" alt=\"\"><\/figure>\n<figure class=\"column small-6 medium-3 end\"><img loading=\"lazy\" decoding=\"async\" src=\"https:\/\/vieassociative.be\/actualites\/wp-content\/uploads\/2025\/06\/1750861114_717_Lentraineur-en-chef-Bruno-Pinheiro-dirige-sa-premiere-formation.jpg\" width=\"159\" height=\"159\" alt=\"\"><\/figure>\n<figure class=\"column small-6 medium-3 end\"><img loading=\"lazy\" decoding=\"async\" src=\"https:\/\/vieassociative.be\/actualites\/wp-content\/uploads\/2025\/06\/1750861114_763_Lentraineur-en-chef-Bruno-Pinheiro-dirige-sa-premiere-formation.jpg\" width=\"159\" height=\"159\" alt=\"\"><\/figure>\n<figure class=\"column small-6 medium-3 end\"><img loading=\"lazy\" decoding=\"async\" src=\"https:\/\/vieassociative.be\/actualites\/wp-content\/uploads\/2025\/06\/1750861114_892_Lentraineur-en-chef-Bruno-Pinheiro-dirige-sa-premiere-formation.jpg\" width=\"159\" height=\"159\" alt=\"\"><\/figure>\n<figure class=\"column small-6 medium-3 end\"><img loading=\"lazy\" decoding=\"async\" src=\"https:\/\/vieassociative.be\/actualites\/wp-content\/uploads\/2025\/06\/1750861114_287_Lentraineur-en-chef-Bruno-Pinheiro-dirige-sa-premiere-formation.jpg\" width=\"159\" height=\"159\" alt=\"\"><\/figure>\n<figure class=\"column small-6 medium-3 end\"><img loading=\"lazy\" decoding=\"async\" src=\"https:\/\/vieassociative.be\/actualites\/wp-content\/uploads\/2025\/06\/1750861114_628_Lentraineur-en-chef-Bruno-Pinheiro-dirige-sa-premiere-formation.jpg\" width=\"159\" height=\"159\" alt=\"\"><\/figure>\n<figure class=\"column small-6 medium-3 end\"><img loading=\"lazy\" decoding=\"async\" src=\"https:\/\/vieassociative.be\/actualites\/wp-content\/uploads\/2025\/06\/1750861114_117_Lentraineur-en-chef-Bruno-Pinheiro-dirige-sa-premiere-formation.jpg\" width=\"159\" height=\"159\" alt=\"\"><\/figure>\n<figure class=\"column small-6 medium-3 end\"><img loading=\"lazy\" decoding=\"async\" src=\"https:\/\/vieassociative.be\/actualites\/wp-content\/uploads\/2025\/06\/1750861114_0_Lentraineur-en-chef-Bruno-Pinheiro-dirige-sa-premiere-formation.jpg\" width=\"159\" height=\"159\" alt=\"\"><\/figure>\n<figure class=\"column small-6 medium-3 end\"><img loading=\"lazy\" decoding=\"async\" src=\"https:\/\/vieassociative.be\/actualites\/wp-content\/uploads\/2025\/06\/1750861114_35_Lentraineur-en-chef-Bruno-Pinheiro-dirige-sa-premiere-formation.jpg\" width=\"159\" height=\"159\" alt=\"\"><\/figure>\n<figure class=\"column small-6 medium-3 end\"><img loading=\"lazy\" decoding=\"async\" src=\"https:\/\/vieassociative.be\/actualites\/wp-content\/uploads\/2025\/06\/1750861114_117_Lentraineur-en-chef-Bruno-Pinheiro-dirige-sa-premiere-formation.jpg\" width=\"159\" height=\"159\" alt=\"\"><\/figure>\n<figure class=\"column small-6 medium-3 end\"><img loading=\"lazy\" decoding=\"async\" src=\"https:\/\/vieassociative.be\/actualites\/wp-content\/uploads\/2025\/06\/1750861114_527_Lentraineur-en-chef-Bruno-Pinheiro-dirige-sa-premiere-formation.jpg\" width=\"159\" height=\"159\" alt=\"\"><\/figure>\n<figure class=\"column small-6 medium-3 end\"><img loading=\"lazy\" decoding=\"async\" src=\"https:\/\/vieassociative.be\/actualites\/wp-content\/uploads\/2025\/06\/1750861114_946_Lentraineur-en-chef-Bruno-Pinheiro-dirige-sa-premiere-formation.jpg\" width=\"159\" height=\"159\" alt=\"\"><\/figure>\n<figure class=\"column small-6 medium-3 end\"><img loading=\"lazy\" decoding=\"async\" src=\"https:\/\/vieassociative.be\/actualites\/wp-content\/uploads\/2025\/06\/1750861114_443_Lentraineur-en-chef-Bruno-Pinheiro-dirige-sa-premiere-formation.jpg\" width=\"159\" height=\"159\" alt=\"\"><\/figure>\n<figure class=\"column small-6 medium-3 end\"><img loading=\"lazy\" decoding=\"async\" src=\"https:\/\/vieassociative.be\/actualites\/wp-content\/uploads\/2025\/06\/1750861114_917_Lentraineur-en-chef-Bruno-Pinheiro-dirige-sa-premiere-formation.jpg\" width=\"159\" height=\"159\" alt=\"\"><\/figure>\n<figure class=\"column small-6 medium-3 end\"><img loading=\"lazy\" decoding=\"async\" src=\"https:\/\/vieassociative.be\/actualites\/wp-content\/uploads\/2025\/06\/1750861114_522_Lentraineur-en-chef-Bruno-Pinheiro-dirige-sa-premiere-formation.jpg\" width=\"159\" height=\"159\" alt=\"\"><\/figure>\n<figure class=\"column small-6 medium-3 end\"><img loading=\"lazy\" decoding=\"async\" src=\"https:\/\/vieassociative.be\/actualites\/wp-content\/uploads\/2025\/06\/1750861114_498_Lentraineur-en-chef-Bruno-Pinheiro-dirige-sa-premiere-formation.jpg\" width=\"159\" height=\"159\" alt=\"\"><\/figure>\n<figure class=\"column small-6 medium-3 end\"><img loading=\"lazy\" decoding=\"async\" src=\"https:\/\/vieassociative.be\/actualites\/wp-content\/uploads\/2025\/06\/1750861114_713_Lentraineur-en-chef-Bruno-Pinheiro-dirige-sa-premiere-formation.jpg\" width=\"159\" height=\"159\" alt=\"\"><\/figure>\n<figure class=\"column small-6 medium-3 end\"><img loading=\"lazy\" decoding=\"async\" src=\"https:\/\/vieassociative.be\/actualites\/wp-content\/uploads\/2025\/06\/1750861114_756_Lentraineur-en-chef-Bruno-Pinheiro-dirige-sa-premiere-formation.jpg\" width=\"159\" height=\"159\" alt=\"\"><\/figure>\n<figure class=\"column small-6 medium-3 end\"><img loading=\"lazy\" decoding=\"async\" src=\"https:\/\/vieassociative.be\/actualites\/wp-content\/uploads\/2025\/06\/1750861115_445_Lentraineur-en-chef-Bruno-Pinheiro-dirige-sa-premiere-formation.jpg\" width=\"159\" height=\"159\" alt=\"\"><\/figure>\n<figure class=\"column small-6 medium-3 end\"><img loading=\"lazy\" decoding=\"async\" src=\"https:\/\/vieassociative.be\/actualites\/wp-content\/uploads\/2025\/06\/1750861115_91_Lentraineur-en-chef-Bruno-Pinheiro-dirige-sa-premiere-formation.jpg\" width=\"159\" height=\"159\" alt=\"\"><\/figure>\n<figure class=\"column small-6 medium-3 end\"><img loading=\"lazy\" decoding=\"async\" src=\"https:\/\/vieassociative.be\/actualites\/wp-content\/uploads\/2025\/06\/1750861115_156_Lentraineur-en-chef-Bruno-Pinheiro-dirige-sa-premiere-formation.jpg\" width=\"159\" height=\"159\" alt=\"\"><\/figure>\n<figure class=\"column small-6 medium-3 end\"><img loading=\"lazy\" decoding=\"async\" src=\"https:\/\/vieassociative.be\/actualites\/wp-content\/uploads\/2025\/06\/1750861115_375_Lentraineur-en-chef-Bruno-Pinheiro-dirige-sa-premiere-formation.jpg\" width=\"159\" height=\"159\" alt=\"\"><\/figure>\n<figure class=\"column small-6 medium-3 end\"><img loading=\"lazy\" decoding=\"async\" src=\"https:\/\/vieassociative.be\/actualites\/wp-content\/uploads\/2025\/06\/1750861115_255_Lentraineur-en-chef-Bruno-Pinheiro-dirige-sa-premiere-formation.jpg\" width=\"159\" height=\"159\" alt=\"\"><\/figure>\n<figure class=\"column small-6 medium-3 end\"><img loading=\"lazy\" decoding=\"async\" src=\"https:\/\/vieassociative.be\/actualites\/wp-content\/uploads\/2025\/06\/1750861115_741_Lentraineur-en-chef-Bruno-Pinheiro-dirige-sa-premiere-formation.jpg\" width=\"159\" height=\"159\" alt=\"\"><\/figure>\n<figure class=\"column small-6 medium-3 end\"><img loading=\"lazy\" decoding=\"async\" src=\"https:\/\/vieassociative.be\/actualites\/wp-content\/uploads\/2025\/06\/1750861115_380_Lentraineur-en-chef-Bruno-Pinheiro-dirige-sa-premiere-formation.jpg\" width=\"159\" height=\"159\" alt=\"\"><\/figure>\n<figure class=\"column small-6 medium-3 end\"><img loading=\"lazy\" decoding=\"async\" src=\"https:\/\/vieassociative.be\/actualites\/wp-content\/uploads\/2025\/06\/1750861115_700_Lentraineur-en-chef-Bruno-Pinheiro-dirige-sa-premiere-formation.jpg\" width=\"159\" height=\"159\" alt=\"\"><\/figure>\n<\/div>\n","protected":false},"excerpt":{"rendered":"<p>Pr\u00e8s d&rsquo;un mois et demi avant le d\u00e9but du championnat dans la Challenger Pro League, la premi\u00e8re formation publique de la deuxi\u00e8me division en tant<\/p>\n","protected":false},"author":1,"featured_media":8374,"comment_status":"","ping_status":"","sticky":false,"template":"","format":"standard","meta":{"footnotes":""},"categories":[298],"tags":[7473,4619,2426,5087,2329,3245,3257,3314,283,7474,610,7529,7528],"class_list":["post-8373","post","type-post","status-publish","format-standard","has-post-thumbnail","hentry","category-belgique","tag-bruno","tag-chef","tag-continue","tag-dirige","tag-eupen","tag-formation","tag-galerie","tag-lentraineur","tag-photos","tag-pinheiro","tag-premiere","tag-rasa","tag-tabula","generate-columns","tablet-grid-50","mobile-grid-100","grid-parent","grid-33"],"yoast_head":"<!-- This site is optimized with the Yoast SEO plugin v24.0 - https:\/\/yoast.com\/wordpress\/plugins\/seo\/ -->\n<title>L&#039;entra\u00eeneur en chef Bruno Pinheiro dirige sa premi\u00e8re formation - Le As Eupen continue Tabula Rasa (galerie de photos) | Vie Associative<\/title>\n<meta name=\"robots\" content=\"index, follow, max-snippet:-1, max-image-preview:large, max-video-preview:-1\" \/>\n<link rel=\"canonical\" href=\"https:\/\/vieassociative.be\/actualites\/lentraineur-en-chef-bruno-pinheiro-dirige-sa-premiere-formation-le-as-eupen-continue-tabula-rasa-galerie-de-photos\/\" \/>\n<meta property=\"og:locale\" content=\"fr_FR\" \/>\n<meta property=\"og:type\" content=\"article\" \/>\n<meta property=\"og:title\" content=\"L&#039;entra\u00eeneur en chef Bruno Pinheiro dirige sa premi\u00e8re formation - Le As Eupen continue Tabula Rasa (galerie de photos) | Vie Associative\" \/>\n<meta property=\"og:description\" content=\"Pr\u00e8s d&rsquo;un mois et demi avant le d\u00e9but du championnat dans la Challenger Pro League, la premi\u00e8re formation publique de la deuxi\u00e8me division en tant\" \/>\n<meta property=\"og:url\" content=\"https:\/\/vieassociative.be\/actualites\/lentraineur-en-chef-bruno-pinheiro-dirige-sa-premiere-formation-le-as-eupen-continue-tabula-rasa-galerie-de-photos\/\" \/>\n<meta property=\"og:site_name\" content=\"Vie Associative\" \/>\n<meta property=\"article:published_time\" content=\"2025-06-25T14:18:35+00:00\" \/>\n<meta property=\"og:image\" content=\"https:\/\/vieassociative.be\/actualites\/wp-content\/uploads\/2024\/09\/header_backgroundk-01-e1726694325946.png\" \/>\n\t<meta property=\"og:image:width\" content=\"279\" \/>\n\t<meta property=\"og:image:height\" content=\"92\" \/>\n\t<meta property=\"og:image:type\" content=\"image\/png\" \/>\n<meta name=\"author\" content=\"Julien\" \/>\n<meta name=\"twitter:card\" content=\"summary_large_image\" \/>\n<meta name=\"twitter:label1\" content=\"\u00c9crit par\" \/>\n\t<meta name=\"twitter:data1\" content=\"Julien\" \/>\n\t<meta name=\"twitter:label2\" content=\"Dur\u00e9e de lecture est.\" \/>\n\t<meta name=\"twitter:data2\" content=\"1 minute\" \/>\n<script type=\"application\/ld+json\" class=\"yoast-schema-graph\">{\"@context\":\"https:\/\/schema.org\",\"@graph\":[{\"@type\":\"Article\",\"@id\":\"https:\/\/vieassociative.be\/actualites\/lentraineur-en-chef-bruno-pinheiro-dirige-sa-premiere-formation-le-as-eupen-continue-tabula-rasa-galerie-de-photos\/#article\",\"isPartOf\":{\"@id\":\"https:\/\/vieassociative.be\/actualites\/lentraineur-en-chef-bruno-pinheiro-dirige-sa-premiere-formation-le-as-eupen-continue-tabula-rasa-galerie-de-photos\/\"},\"author\":{\"name\":\"Julien\",\"@id\":\"https:\/\/vieassociative.be\/actualites\/#\/schema\/person\/b87ac4f82f9d4e7b7cec7395b679edc4\"},\"headline\":\"L&rsquo;entra\u00eeneur en chef Bruno Pinheiro dirige sa premi\u00e8re formation &#8211; Le As Eupen continue Tabula Rasa (galerie de photos)\",\"datePublished\":\"2025-06-25T14:18:35+00:00\",\"dateModified\":\"2025-06-25T14:18:35+00:00\",\"mainEntityOfPage\":{\"@id\":\"https:\/\/vieassociative.be\/actualites\/lentraineur-en-chef-bruno-pinheiro-dirige-sa-premiere-formation-le-as-eupen-continue-tabula-rasa-galerie-de-photos\/\"},\"wordCount\":315,\"publisher\":{\"@id\":\"https:\/\/vieassociative.be\/actualites\/#organization\"},\"image\":{\"@id\":\"https:\/\/vieassociative.be\/actualites\/lentraineur-en-chef-bruno-pinheiro-dirige-sa-premiere-formation-le-as-eupen-continue-tabula-rasa-galerie-de-photos\/#primaryimage\"},\"thumbnailUrl\":\"https:\/\/vieassociative.be\/actualites\/wp-content\/uploads\/2025\/06\/1750861118_Lentraineur-en-chef-Bruno-Pinheiro-dirige-sa-premiere-formation.jpg\",\"keywords\":[\"Bruno\",\"chef\",\"continue\",\"dirig\u00e9\",\"Eupen\",\"formation\",\"galerie\",\"lentra\u00eeneur\",\"Photos\",\"Pinheiro\",\"premi\u00e8re\",\"Rasa\",\"Tabula\"],\"articleSection\":[\"Belgique\"],\"inLanguage\":\"fr-BE\"},{\"@type\":\"WebPage\",\"@id\":\"https:\/\/vieassociative.be\/actualites\/lentraineur-en-chef-bruno-pinheiro-dirige-sa-premiere-formation-le-as-eupen-continue-tabula-rasa-galerie-de-photos\/\",\"url\":\"https:\/\/vieassociative.be\/actualites\/lentraineur-en-chef-bruno-pinheiro-dirige-sa-premiere-formation-le-as-eupen-continue-tabula-rasa-galerie-de-photos\/\",\"name\":\"L'entra\u00eeneur en chef Bruno Pinheiro dirige sa premi\u00e8re formation - Le As Eupen continue Tabula Rasa (galerie de photos) | Vie Associative\",\"isPartOf\":{\"@id\":\"https:\/\/vieassociative.be\/actualites\/#website\"},\"primaryImageOfPage\":{\"@id\":\"https:\/\/vieassociative.be\/actualites\/lentraineur-en-chef-bruno-pinheiro-dirige-sa-premiere-formation-le-as-eupen-continue-tabula-rasa-galerie-de-photos\/#primaryimage\"},\"image\":{\"@id\":\"https:\/\/vieassociative.be\/actualites\/lentraineur-en-chef-bruno-pinheiro-dirige-sa-premiere-formation-le-as-eupen-continue-tabula-rasa-galerie-de-photos\/#primaryimage\"},\"thumbnailUrl\":\"https:\/\/vieassociative.be\/actualites\/wp-content\/uploads\/2025\/06\/1750861118_Lentraineur-en-chef-Bruno-Pinheiro-dirige-sa-premiere-formation.jpg\",\"datePublished\":\"2025-06-25T14:18:35+00:00\",\"dateModified\":\"2025-06-25T14:18:35+00:00\",\"breadcrumb\":{\"@id\":\"https:\/\/vieassociative.be\/actualites\/lentraineur-en-chef-bruno-pinheiro-dirige-sa-premiere-formation-le-as-eupen-continue-tabula-rasa-galerie-de-photos\/#breadcrumb\"},\"inLanguage\":\"fr-BE\",\"potentialAction\":[{\"@type\":\"ReadAction\",\"target\":[\"https:\/\/vieassociative.be\/actualites\/lentraineur-en-chef-bruno-pinheiro-dirige-sa-premiere-formation-le-as-eupen-continue-tabula-rasa-galerie-de-photos\/\"]}]},{\"@type\":\"ImageObject\",\"inLanguage\":\"fr-BE\",\"@id\":\"https:\/\/vieassociative.be\/actualites\/lentraineur-en-chef-bruno-pinheiro-dirige-sa-premiere-formation-le-as-eupen-continue-tabula-rasa-galerie-de-photos\/#primaryimage\",\"url\":\"https:\/\/vieassociative.be\/actualites\/wp-content\/uploads\/2025\/06\/1750861118_Lentraineur-en-chef-Bruno-Pinheiro-dirige-sa-premiere-formation.jpg\",\"contentUrl\":\"https:\/\/vieassociative.be\/actualites\/wp-content\/uploads\/2025\/06\/1750861118_Lentraineur-en-chef-Bruno-Pinheiro-dirige-sa-premiere-formation.jpg\",\"width\":1200,\"height\":800,\"caption\":\"L'entra\u00eeneur en chef Bruno Pinheiro dirige sa premi\u00e8re formation - Le As Eupen continue Tabula Rasa (galerie de photos)\"},{\"@type\":\"BreadcrumbList\",\"@id\":\"https:\/\/vieassociative.be\/actualites\/lentraineur-en-chef-bruno-pinheiro-dirige-sa-premiere-formation-le-as-eupen-continue-tabula-rasa-galerie-de-photos\/#breadcrumb\",\"itemListElement\":[{\"@type\":\"ListItem\",\"position\":1,\"name\":\"Accueil\",\"item\":\"https:\/\/vieassociative.be\/actualites\/\"},{\"@type\":\"ListItem\",\"position\":2,\"name\":\"L&rsquo;entra\u00eeneur en chef Bruno Pinheiro dirige sa premi\u00e8re formation &#8211; Le As Eupen continue Tabula Rasa (galerie de photos)\"}]},{\"@type\":\"WebSite\",\"@id\":\"https:\/\/vieassociative.be\/actualites\/#website\",\"url\":\"https:\/\/vieassociative.be\/actualites\/\",\"name\":\"Vie Associative\",\"description\":\"\",\"publisher\":{\"@id\":\"https:\/\/vieassociative.be\/actualites\/#organization\"},\"potentialAction\":[{\"@type\":\"SearchAction\",\"target\":{\"@type\":\"EntryPoint\",\"urlTemplate\":\"https:\/\/vieassociative.be\/actualites\/?s={search_term_string}\"},\"query-input\":{\"@type\":\"PropertyValueSpecification\",\"valueRequired\":true,\"valueName\":\"search_term_string\"}}],\"inLanguage\":\"fr-BE\"},{\"@type\":\"Organization\",\"@id\":\"https:\/\/vieassociative.be\/actualites\/#organization\",\"name\":\"Vie Associative\",\"url\":\"https:\/\/vieassociative.be\/actualites\/\",\"logo\":{\"@type\":\"ImageObject\",\"inLanguage\":\"fr-BE\",\"@id\":\"https:\/\/vieassociative.be\/actualites\/#\/schema\/logo\/image\/\",\"url\":\"https:\/\/vieassociative.be\/actualites\/wp-content\/uploads\/2024\/09\/cropped-vieassociative_favicon.ico.png\",\"contentUrl\":\"https:\/\/vieassociative.be\/actualites\/wp-content\/uploads\/2024\/09\/cropped-vieassociative_favicon.ico.png\",\"width\":512,\"height\":512,\"caption\":\"Vie Associative\"},\"image\":{\"@id\":\"https:\/\/vieassociative.be\/actualites\/#\/schema\/logo\/image\/\"}},{\"@type\":\"Person\",\"@id\":\"https:\/\/vieassociative.be\/actualites\/#\/schema\/person\/b87ac4f82f9d4e7b7cec7395b679edc4\",\"name\":\"Julien\",\"image\":{\"@type\":\"ImageObject\",\"inLanguage\":\"fr-BE\",\"@id\":\"https:\/\/vieassociative.be\/actualites\/#\/schema\/person\/image\/\",\"url\":\"https:\/\/vieassociative.be\/actualites\/wp-content\/uploads\/2024\/09\/vie-associative-1-150x150.jpg\",\"contentUrl\":\"https:\/\/vieassociative.be\/actualites\/wp-content\/uploads\/2024\/09\/vie-associative-1-150x150.jpg\",\"caption\":\"Julien\"},\"description\":\"Je suis Julien, r\u00e9dacteur pour Vie Associative. Passionn\u00e9 par le monde associatif depuis plus de 10 ans, j'ai \u00e0 c\u0153ur de partager des histoires inspirantes et de mettre en lumi\u00e8re les initiatives locales. Mon objectif est de sensibiliser et d'encourager l'engagement communautaire \u00e0 travers mes articles.\",\"sameAs\":[\"https:\/\/vieassociative.be\/\"]}]}<\/script>\n<!-- \/ Yoast SEO plugin. -->","yoast_head_json":{"title":"L'entra\u00eeneur en chef Bruno Pinheiro dirige sa premi\u00e8re formation - Le As Eupen continue Tabula Rasa (galerie de photos) | Vie Associative","robots":{"index":"index","follow":"follow","max-snippet":"max-snippet:-1","max-image-preview":"max-image-preview:large","max-video-preview":"max-video-preview:-1"},"canonical":"https:\/\/vieassociative.be\/actualites\/lentraineur-en-chef-bruno-pinheiro-dirige-sa-premiere-formation-le-as-eupen-continue-tabula-rasa-galerie-de-photos\/","og_locale":"fr_FR","og_type":"article","og_title":"L'entra\u00eeneur en chef Bruno Pinheiro dirige sa premi\u00e8re formation - Le As Eupen continue Tabula Rasa (galerie de photos) | Vie Associative","og_description":"Pr\u00e8s d&rsquo;un mois et demi avant le d\u00e9but du championnat dans la Challenger Pro League, la premi\u00e8re formation publique de la deuxi\u00e8me division en tant","og_url":"https:\/\/vieassociative.be\/actualites\/lentraineur-en-chef-bruno-pinheiro-dirige-sa-premiere-formation-le-as-eupen-continue-tabula-rasa-galerie-de-photos\/","og_site_name":"Vie Associative","article_published_time":"2025-06-25T14:18:35+00:00","og_image":[{"width":279,"height":92,"url":"https:\/\/vieassociative.be\/actualites\/wp-content\/uploads\/2024\/09\/header_backgroundk-01-e1726694325946.png","type":"image\/png"}],"author":"Julien","twitter_card":"summary_large_image","twitter_misc":{"\u00c9crit par":"Julien","Dur\u00e9e de lecture est.":"1 minute"},"schema":{"@context":"https:\/\/schema.org","@graph":[{"@type":"Article","@id":"https:\/\/vieassociative.be\/actualites\/lentraineur-en-chef-bruno-pinheiro-dirige-sa-premiere-formation-le-as-eupen-continue-tabula-rasa-galerie-de-photos\/#article","isPartOf":{"@id":"https:\/\/vieassociative.be\/actualites\/lentraineur-en-chef-bruno-pinheiro-dirige-sa-premiere-formation-le-as-eupen-continue-tabula-rasa-galerie-de-photos\/"},"author":{"name":"Julien","@id":"https:\/\/vieassociative.be\/actualites\/#\/schema\/person\/b87ac4f82f9d4e7b7cec7395b679edc4"},"headline":"L&rsquo;entra\u00eeneur en chef Bruno Pinheiro dirige sa premi\u00e8re formation &#8211; Le As Eupen continue Tabula Rasa (galerie de photos)","datePublished":"2025-06-25T14:18:35+00:00","dateModified":"2025-06-25T14:18:35+00:00","mainEntityOfPage":{"@id":"https:\/\/vieassociative.be\/actualites\/lentraineur-en-chef-bruno-pinheiro-dirige-sa-premiere-formation-le-as-eupen-continue-tabula-rasa-galerie-de-photos\/"},"wordCount":315,"publisher":{"@id":"https:\/\/vieassociative.be\/actualites\/#organization"},"image":{"@id":"https:\/\/vieassociative.be\/actualites\/lentraineur-en-chef-bruno-pinheiro-dirige-sa-premiere-formation-le-as-eupen-continue-tabula-rasa-galerie-de-photos\/#primaryimage"},"thumbnailUrl":"https:\/\/vieassociative.be\/actualites\/wp-content\/uploads\/2025\/06\/1750861118_Lentraineur-en-chef-Bruno-Pinheiro-dirige-sa-premiere-formation.jpg","keywords":["Bruno","chef","continue","dirig\u00e9","Eupen","formation","galerie","lentra\u00eeneur","Photos","Pinheiro","premi\u00e8re","Rasa","Tabula"],"articleSection":["Belgique"],"inLanguage":"fr-BE"},{"@type":"WebPage","@id":"https:\/\/vieassociative.be\/actualites\/lentraineur-en-chef-bruno-pinheiro-dirige-sa-premiere-formation-le-as-eupen-continue-tabula-rasa-galerie-de-photos\/","url":"https:\/\/vieassociative.be\/actualites\/lentraineur-en-chef-bruno-pinheiro-dirige-sa-premiere-formation-le-as-eupen-continue-tabula-rasa-galerie-de-photos\/","name":"L'entra\u00eeneur en chef Bruno Pinheiro dirige sa premi\u00e8re formation - Le As Eupen continue Tabula Rasa (galerie de photos) | Vie Associative","isPartOf":{"@id":"https:\/\/vieassociative.be\/actualites\/#website"},"primaryImageOfPage":{"@id":"https:\/\/vieassociative.be\/actualites\/lentraineur-en-chef-bruno-pinheiro-dirige-sa-premiere-formation-le-as-eupen-continue-tabula-rasa-galerie-de-photos\/#primaryimage"},"image":{"@id":"https:\/\/vieassociative.be\/actualites\/lentraineur-en-chef-bruno-pinheiro-dirige-sa-premiere-formation-le-as-eupen-continue-tabula-rasa-galerie-de-photos\/#primaryimage"},"thumbnailUrl":"https:\/\/vieassociative.be\/actualites\/wp-content\/uploads\/2025\/06\/1750861118_Lentraineur-en-chef-Bruno-Pinheiro-dirige-sa-premiere-formation.jpg","datePublished":"2025-06-25T14:18:35+00:00","dateModified":"2025-06-25T14:18:35+00:00","breadcrumb":{"@id":"https:\/\/vieassociative.be\/actualites\/lentraineur-en-chef-bruno-pinheiro-dirige-sa-premiere-formation-le-as-eupen-continue-tabula-rasa-galerie-de-photos\/#breadcrumb"},"inLanguage":"fr-BE","potentialAction":[{"@type":"ReadAction","target":["https:\/\/vieassociative.be\/actualites\/lentraineur-en-chef-bruno-pinheiro-dirige-sa-premiere-formation-le-as-eupen-continue-tabula-rasa-galerie-de-photos\/"]}]},{"@type":"ImageObject","inLanguage":"fr-BE","@id":"https:\/\/vieassociative.be\/actualites\/lentraineur-en-chef-bruno-pinheiro-dirige-sa-premiere-formation-le-as-eupen-continue-tabula-rasa-galerie-de-photos\/#primaryimage","url":"https:\/\/vieassociative.be\/actualites\/wp-content\/uploads\/2025\/06\/1750861118_Lentraineur-en-chef-Bruno-Pinheiro-dirige-sa-premiere-formation.jpg","contentUrl":"https:\/\/vieassociative.be\/actualites\/wp-content\/uploads\/2025\/06\/1750861118_Lentraineur-en-chef-Bruno-Pinheiro-dirige-sa-premiere-formation.jpg","width":1200,"height":800,"caption":"L'entra\u00eeneur en chef Bruno Pinheiro dirige sa premi\u00e8re formation - Le As Eupen continue Tabula Rasa (galerie de photos)"},{"@type":"BreadcrumbList","@id":"https:\/\/vieassociative.be\/actualites\/lentraineur-en-chef-bruno-pinheiro-dirige-sa-premiere-formation-le-as-eupen-continue-tabula-rasa-galerie-de-photos\/#breadcrumb","itemListElement":[{"@type":"ListItem","position":1,"name":"Accueil","item":"https:\/\/vieassociative.be\/actualites\/"},{"@type":"ListItem","position":2,"name":"L&rsquo;entra\u00eeneur en chef Bruno Pinheiro dirige sa premi\u00e8re formation &#8211; Le As Eupen continue Tabula Rasa (galerie de photos)"}]},{"@type":"WebSite","@id":"https:\/\/vieassociative.be\/actualites\/#website","url":"https:\/\/vieassociative.be\/actualites\/","name":"Vie Associative","description":"","publisher":{"@id":"https:\/\/vieassociative.be\/actualites\/#organization"},"potentialAction":[{"@type":"SearchAction","target":{"@type":"EntryPoint","urlTemplate":"https:\/\/vieassociative.be\/actualites\/?s={search_term_string}"},"query-input":{"@type":"PropertyValueSpecification","valueRequired":true,"valueName":"search_term_string"}}],"inLanguage":"fr-BE"},{"@type":"Organization","@id":"https:\/\/vieassociative.be\/actualites\/#organization","name":"Vie Associative","url":"https:\/\/vieassociative.be\/actualites\/","logo":{"@type":"ImageObject","inLanguage":"fr-BE","@id":"https:\/\/vieassociative.be\/actualites\/#\/schema\/logo\/image\/","url":"https:\/\/vieassociative.be\/actualites\/wp-content\/uploads\/2024\/09\/cropped-vieassociative_favicon.ico.png","contentUrl":"https:\/\/vieassociative.be\/actualites\/wp-content\/uploads\/2024\/09\/cropped-vieassociative_favicon.ico.png","width":512,"height":512,"caption":"Vie Associative"},"image":{"@id":"https:\/\/vieassociative.be\/actualites\/#\/schema\/logo\/image\/"}},{"@type":"Person","@id":"https:\/\/vieassociative.be\/actualites\/#\/schema\/person\/b87ac4f82f9d4e7b7cec7395b679edc4","name":"Julien","image":{"@type":"ImageObject","inLanguage":"fr-BE","@id":"https:\/\/vieassociative.be\/actualites\/#\/schema\/person\/image\/","url":"https:\/\/vieassociative.be\/actualites\/wp-content\/uploads\/2024\/09\/vie-associative-1-150x150.jpg","contentUrl":"https:\/\/vieassociative.be\/actualites\/wp-content\/uploads\/2024\/09\/vie-associative-1-150x150.jpg","caption":"Julien"},"description":"Je suis Julien, r\u00e9dacteur pour Vie Associative. Passionn\u00e9 par le monde associatif depuis plus de 10 ans, j'ai \u00e0 c\u0153ur de partager des histoires inspirantes et de mettre en lumi\u00e8re les initiatives locales. Mon objectif est de sensibiliser et d'encourager l'engagement communautaire \u00e0 travers mes articles.","sameAs":["https:\/\/vieassociative.be\/"]}]}},"_links":{"self":[{"href":"https:\/\/vieassociative.be\/actualites\/wp-json\/wp\/v2\/posts\/8373"}],"collection":[{"href":"https:\/\/vieassociative.be\/actualites\/wp-json\/wp\/v2\/posts"}],"about":[{"href":"https:\/\/vieassociative.be\/actualites\/wp-json\/wp\/v2\/types\/post"}],"author":[{"embeddable":true,"href":"https:\/\/vieassociative.be\/actualites\/wp-json\/wp\/v2\/users\/1"}],"replies":[{"embeddable":true,"href":"https:\/\/vieassociative.be\/actualites\/wp-json\/wp\/v2\/comments?post=8373"}],"version-history":[{"count":0,"href":"https:\/\/vieassociative.be\/actualites\/wp-json\/wp\/v2\/posts\/8373\/revisions"}],"wp:featuredmedia":[{"embeddable":true,"href":"https:\/\/vieassociative.be\/actualites\/wp-json\/wp\/v2\/media\/8374"}],"wp:attachment":[{"href":"https:\/\/vieassociative.be\/actualites\/wp-json\/wp\/v2\/media?parent=8373"}],"wp:term":[{"taxonomy":"category","embeddable":true,"href":"https:\/\/vieassociative.be\/actualites\/wp-json\/wp\/v2\/categories?post=8373"},{"taxonomy":"post_tag","embeddable":true,"href":"https:\/\/vieassociative.be\/actualites\/wp-json\/wp\/v2\/tags?post=8373"}],"curies":[{"name":"wp","href":"https:\/\/api.w.org\/{rel}","templated":true}]}}