{"id":8371,"date":"2025-06-25T15:17:36","date_gmt":"2025-06-25T13:17:36","guid":{"rendered":"https:\/\/vieassociative.be\/actualites\/voici-ce-que-jai-appris-apres-sept-mois-de-port-de-lunettes-intelligentes-ray-ban\/"},"modified":"2025-06-25T15:17:36","modified_gmt":"2025-06-25T13:17:36","slug":"voici-ce-que-jai-appris-apres-sept-mois-de-port-de-lunettes-intelligentes-ray-ban","status":"publish","type":"post","link":"https:\/\/vieassociative.be\/actualites\/voici-ce-que-jai-appris-apres-sept-mois-de-port-de-lunettes-intelligentes-ray-ban\/","title":{"rendered":"Voici ce que j&rsquo;ai appris apr\u00e8s sept mois de port de lunettes intelligentes Ray-Ban"},"content":{"rendered":"<div class=\"mt-4 leading-6 md:mb-8\">Comment les lunettes intelligentes phares de Meta se cachent-elles apr\u00e8s un demi-ann\u00e9e?<\/div>\n<p><\/p>\n<p>Meta a r\u00e9cemment annonc\u00e9 qu&rsquo;il publiait une ligne de lunettes de soleil Oakley propuls\u00e9es par AI pour \u00eatre vendues aux c\u00f4t\u00e9s de Ray-Ban Metas. Selon l&rsquo;entreprise, les nouvelles lunettes intelligentes ont les m\u00eames fonctions de base que l&rsquo;ancienne, mais les Oakleys ont une cam\u00e9ra \u00e0 r\u00e9solution plus \u00e9lev\u00e9e (3k vs 1080p) et une batterie qui dure deux fois plus longtemps que les rayons de rayons. <\/p>\n<p>Il y a sept mois, j&rsquo;ai pass\u00e9 en revue les lunettes intelligentes Ray-Ban Meta. Ces sp\u00e9cifications ont une cam\u00e9ra, des haut-parleurs ouverts, des microphones et une m\u00e9ta-ai-activ\u00e9e par la voix dans une paire de cadres de style Wayfarer, de sorte que ce sont essentiellement des lunettes de science-fiction qui semblent normales. Je les ai tellement aim\u00e9s, j&rsquo;avais des lentilles de prescription et je leur ai fait partie de ma charge quotidienne. Mais il est facile d&rsquo;aimer un produit technologique quand il est nouveau et brillant; Le vrai test est de savoir comment le Ray-Ban Metas Fair apr\u00e8s leur passage de la nouveaut\u00e9 \u00e0 une autre putain de chose dont je dois me rappeler. Conclusion: je les aime vraiment apr\u00e8s plus d&rsquo;un demi-ann\u00e9e de les porter tout en travaillant, assis, faire du v\u00e9lo, faire des courses et vivre g\u00e9n\u00e9ralement ma vie ennuyeuse. Mais je les aime d&rsquo;une mani\u00e8re plus nuanc\u00e9e.<\/p>\n<div class=\"pogoClear mb-12 mt-10 rounded-md border-2 border-gray-100 py-7 shadow-xl md:py-6\">\n<div class=\"flex flex-wrap justify-between px-7 text-black no-underline md:flex-nowrap md:px-8\">\n<div class=\"order-1 mx-auto flex flex-col justify-center md:order-2 md:ml-4 md:w-full md:grow\">\n<div class=\"block cursor-pointer text-center font-akshar text-2xl font-medium leading-7 text-brand-green duration-200 ease-in-out hover:text-brand-green-700 md:text-left md:text-xl md:leading-6\">Ray-Ban Meta Smart Lunes\n                <\/div>\n<div class=\"mt-4 hidden md:flex md:justify-between\">\n<div class=\"self-end\">\n<div class=\"mb-0 h-11 md:flex md:flex-col md:justify-center\">\n<div class=\" font-sans leading-4 text-black\">\n<div class=\"flex flex-wrap items-center justify-center gap-x-1 md:justify-start\">\n        <span class=\"font-bold\"><\/p>\n<p>            263,00 $<br \/>\n                            <span class=\"font-medium\">\u00e0 Best Buy<\/span><br \/>\n                    <\/span>\n            <\/div>\n<\/p><\/div>\n<\/p><\/div>\n<\/p><\/div>\n<div class=\"w-44 self-end\">\n                            <button class=\"flex justify-center items-center w-full bg-brand-green text-white text-base font-sans font-medium rounded-md hover:bg-brand-green-700 hover:cursor-pointer md:text-sm h-11\"><\/p>\n<p>    Apprendre encore plus<br \/>\n<\/button>\n                        <\/div>\n<\/p><\/div>\n<\/p><\/div>\n<div class=\"order-2 mt-5 h-auto w-full md:order-1 md:mt-0 md:hidden\">\n<div class=\"flex aspect-video items-center justify-center\">\n                                            <img decoding=\"async\" class=\"m-0 max-h-full max-w-full rounded-md\" src=\"https:\/\/vieassociative.be\/actualites\/wp-content\/uploads\/2025\/05\/Voici-ce-que-jai-appris-apres-six-mois-de-port.jpg\" alt=\"Ray-Ban Meta - Wayfarer grandes lunettes avec m\u00e9ta-ai, audio, photo, compatibilit\u00e9 vid\u00e9o - Lentille gradient polaris\u00e9e (r\u00e9nov\u00e9) - noir mat\" width=\"auto\" height=\"auto\" loading=\"lazy\">\n                                    <\/div>\n<\/p><\/div>\n<div class=\"order-2 ml-2 hidden w-32 shrink-0 items-center md:order-1 md:ml-0 md:flex\">\n<div class=\"flex aspect-video items-center justify-center\">\n                                            <img decoding=\"async\" class=\"m-0 max-h-full max-w-full rounded-md\" src=\"https:\/\/vieassociative.be\/actualites\/wp-content\/uploads\/2025\/05\/Voici-ce-que-jai-appris-apres-six-mois-de-port.jpg\" alt=\"Ray-Ban Meta - Wayfarer grandes lunettes avec m\u00e9ta-ai, audio, photo, compatibilit\u00e9 vid\u00e9o - Lentille gradient polaris\u00e9e (r\u00e9nov\u00e9) - noir mat\" width=\"auto\" height=\"auto\" loading=\"lazy\">\n                                    <\/div>\n<\/p><\/div>\n<div class=\"order-3 flex grow flex-wrap md:hidden md:grow-0\">\n<div class=\"mt-4 w-full\">\n                        <button class=\"flex justify-center items-center w-full bg-brand-green text-white text-base font-sans font-medium rounded-md hover:bg-brand-green-700 hover:cursor-pointer md:text-sm h-11\"><\/p>\n<p>    Apprendre encore plus<br \/>\n<\/button>\n                    <\/div>\n<div class=\"mx-2 mt-4 w-full\">\n<div class=\" font-sans leading-4 text-black\">\n<div class=\"flex flex-wrap items-center justify-center gap-x-1 md:justify-start\">\n        <span class=\"font-bold\"><\/p>\n<p>            263,00 $<br \/>\n                            <span class=\"font-medium\">\u00e0 Best Buy<\/span><br \/>\n                    <\/span>\n            <\/div>\n<\/p><\/div>\n<\/p><\/div>\n<\/p><\/div>\n<\/p><\/div>\n<\/div>\n<h2 id=\"not-quite-everyday-glasses\">Pas tout \u00e0 fait des lunettes de tous les jours<\/h2>\n<p>Apr\u00e8s que la ru\u00e9e initiale du sucre ait disparu, j&rsquo;ai commenc\u00e9 \u00e0 remarquer le poids des m\u00e9tas Ray-Ban. Ils sont \u00e0 environ 49 grammes de la bo\u00eete, assez lourds pour les lunettes de soleil, mais les objectifs de prescription ont augment\u00e9 le poids jusqu&rsquo;\u00e0 54 grammes. Mes sp\u00e9cifications r\u00e9guli\u00e8res sont assez tases et p\u00e8sent 39 grammes, et la diff\u00e9rence est perceptible. Ils sont l\u00e9g\u00e8rement mal \u00e0 l&rsquo;aise pour une utilisation prolong\u00e9e. Je me suis retrouv\u00e9 \u00e0 porter des lunettes r\u00e9guli\u00e8res quand je ne m&rsquo;attendais pas \u00e0 utiliser des fonctionnalit\u00e9s intelligentes et \u00e0 retourner dans les rayons de rayons si je voulais prendre des photos, enregistrer une vid\u00e9o ou aller de la main. Le principal inconv\u00e9nient \u00e9tait d&rsquo;oublier la paire que je portais et disais \u00abHey Meta\u00bb \u00e0 mes lunettes stupides. (Mais c&rsquo;est un probl\u00e8me me.)<\/p>\n<h2 id=\"build-quality-durability-and-style-no-complaints\">Construire la qualit\u00e9, la durabilit\u00e9 et le style: aucune plainte<\/h2>\n<p>Je dois f\u00e9liciter Ray-Ban, Meta et quelle que soit l&rsquo;usine qui a physiquement construit ces lunettes, car ils ont r\u00e9sist\u00e9 parfaitement. La technologie fonctionne aussi bien maintenant que lorsque je les ai obtenues, et les cadres eux-m\u00eames ont \u00e9galement r\u00e9sist\u00e9: pas de d\u00e9formation, d&rsquo;armes courtis\u00e9es ou d&rsquo;autres dysfonctionnements. (Je ne les ai pas n\u00e9cessairement pour les b\u00e9b\u00e9s ni ne prennent particuli\u00e8rement soin d&rsquo;eux.) Ils ne sont pas sortis au cours des six derniers mois non plus, car le design Wayfarer est intemporel. S&rsquo;ils sont assez bons pour James Dean, ils sont assez bons pour moi.<\/p>\n<h2 id=\"battery-life-could-be-better\">La dur\u00e9e de vie de la batterie pourrait \u00eatre meilleure<\/h2>\n<p>Meta dit que leurs lunettes intelligentes ont une dur\u00e9e de vie de la batterie de \u00ab\u00a0jusqu&rsquo;\u00e0 quatre heures\u00a0\u00bb, ce qui est l\u00e9g\u00e8rement optimiste &#8211; ces choses doivent \u00eatre charg\u00e9es souvent. La solution pour avoir un chargeur int\u00e9gr\u00e9 dans le cas des lunettes est acceptable la plupart du temps car la fonction principale des lunettes (en veillant \u00e0 ce que je peux voir les choses) fonctionne m\u00eame lorsque les batteries s&rsquo;\u00e9puisent. Mais des sorties plus longues o\u00f9 je voulais prendre beaucoup de photos ou de vid\u00e9os \u00e9taient p\u00e9nibles. Vos choix sont d&rsquo;avoir uniquement des photos de la premi\u00e8re moiti\u00e9 de la c\u00e9r\u00e9monie de remise des dipl\u00f4mes, ou d&#8217;emballer une paire de lunettes de secours afin que vous puissiez charger \u00e0 la vol\u00e9e. <\/p>\n<p>Une autre g\u00eane li\u00e9e \u00e0 la batterie: vous ne pouvez pas d\u00e9sactiver la faible notification de la batterie sans d\u00e9sactiver toutes les notifications. Bien que ce soit le cas pour de nombreux produits technologiques, ce serait formidable d&rsquo;avoir la possibilit\u00e9 de le d\u00e9sactiver pour ces lunettes.<\/p>\n<h2 id=\"the-social-factor-being-seen-isnt-always-the-best\">Le facteur social: \u00eatre vu n&rsquo;est pas toujours le meilleur<\/h2>\n<p>Quand j&rsquo;ai commenc\u00e9 \u00e0 porter les m\u00e9tas Ray-Ban Daily, ils ont \u00e0 peu pr\u00e8s vol\u00e9 sous les radars des gens, mais \u00e0 mesure que la conscience populaire du produit a augment\u00e9, les gens qui ont remarqu\u00e9 que je les portais. Plus d&rsquo;une personne a demand\u00e9: \u00abTu prends des photos de moi? Et je n&rsquo;aimais pas que mes lunettes d\u00e9clenchent des conversations sur la surveillance ou les motifs de Meta, mais je comprends pourquoi certaines personnes se m\u00e9fient. Ils brouillent la fronti\u00e8re entre la mode et la technologie d&rsquo;une mani\u00e8re qui est encore nouvelle, et beaucoup de gens les trouvent rebutants.<\/p>\n<h2 id=\"ray-bans-many-features-ranked-and-rated\">Les nombreuses fonctionnalit\u00e9s de Ray-Ban, class\u00e9es et \u00e9valu\u00e9es<\/h2>\n<div class=\"eloquent-imagery-image\">\n<div class=\"flex justify-center\">\n                    <img decoding=\"async\" class=\"border border-gray-100\" src=\"https:\/\/vieassociative.be\/actualites\/wp-content\/uploads\/2025\/05\/1746638399_953_Voici-ce-que-jai-appris-apres-six-mois-de-port.jpg\" alt=\"Meta-lunettes Ray-Ban\" width=\"2000\" height=\"1500\" loading=\"lazy\"  >\n            <\/div>\n<\/p><\/div>\n<p>Les m\u00e9ta-lunettes Ray-Ban ont une tonne de fonctionnalit\u00e9s, et elles ne sont pas tout aussi utiles, donc voici une liste de fonctionnalit\u00e9s rapides, organis\u00e9e \u00e0 partir de celles que j&rsquo;ai utilis\u00e9es le plus que j&rsquo;ai utilis\u00e9es:<\/p>\n<p><strong>La cam\u00e9ra: <\/strong>La caract\u00e9ristique essentielle de Ray-Ban Metas pour moi est la cam\u00e9ra. C&rsquo;est bizarre de penser \u00e0 une cam\u00e9ra de t\u00e9l\u00e9phone intelligent comme \u00e9tant g\u00eanante, mais d&rsquo;atteindre dans votre poche, de d\u00e9verrouiller l&rsquo;\u00e9cran, de cliquer sur une application et de le mettre sur votre visage est de nombreuses \u00e9tapes par rapport \u00e0 pincer le bras de vos lunettes. L&rsquo;autre fa\u00e7on d&rsquo;allumer la cam\u00e9ra, en disant \u00abHey me m\u00e9ta, prenez une photo\u00bb ou \u00abHey meta, prenez la vid\u00e9o\u00bb, peut \u00e9galement \u00eatre incroyablement utile, car cela vous permet de prendre des vid\u00e9os tout en faisant du v\u00e9lo et en \u00e9coutant Hawkwind, comme ainsi: <\/p>\n<blockquote class=\"tiktokEmbed tiktok-embed\" data-video-id=\"7501573873637330218\" style=\"max-width: 605px;min-width: 325px;\">\n<section><\/section>\n<\/blockquote>\n<p>Bien que j&rsquo;ai trouv\u00e9 que la qualit\u00e9 des photos \u00e9tait \u00e9tonnamment bonne, ces lunettes sont les meilleures pour les clich\u00e9s d\u00e9contract\u00e9s. Il n&rsquo;y a pas de viseur, et si vous optez pour une grande qualit\u00e9 ou si vous voulez tirer dans des situations \u00e0 faible luminosit\u00e9, ils ne remplaceront pas une \u00ab\u00a0vraie\u00a0\u00bb cam\u00e9ra. <\/p>\n<p><strong>SMS et appels:<\/strong> Obtenir un SMS et r\u00e9pondre par la voix est super lorsque vos mains sont pleines. Lancer ou r\u00e9pondre aux textes pendant la conduite est incroyable et sauvera probablement la vie de certaines personnes. La qualit\u00e9 des appels est solide et la reconnaissance vocale est excellente, m\u00eame dans le trafic ou la foule. C&rsquo;est facile \u00e0 utiliser aussi, car vous pouvez simplement dire \u00ab\u00a0H\u00e9 Meta, comment puis-je envoyer un SMS?\u00a0\u00bb Si vous oubliez.<\/p>\n<p><strong>Musique<\/strong>: \u00c0 mi-chemin, la liste est le moment id\u00e9al pour parler de la musique et de l&rsquo;audio de la m\u00e9ta de Ray-Ban. Il est au milieu. La qualit\u00e9 sonore n&rsquo;est pas terrible, mais c&rsquo;est un niveau de cuisson au podcast. Si vous \u00eates dans la musique, vous vous lasserez rapidement des sons minuscules des m\u00e9ta-lunettes Ray-Ban et jetez des buts. Du c\u00f4t\u00e9 positif, la possibilit\u00e9 de contr\u00f4ler Spotify, Apple Music ou Amazon Music avec juste votre voix est super. Dire \u00abHey Meta, jouez du funk\u00bb et avoir les compteurs qui commencent \u00e0 jouer est cool. <\/p>\n<p><strong>Traduction linguistique: <\/strong>Meta a r\u00e9cemment d\u00e9ploy\u00e9 la capacit\u00e9 de traduire de l&rsquo;espagnol, du fran\u00e7ais et de l&rsquo;italien en anglais, et vice-versa. Ma r\u00e9action initiale \u00e0 le tester avec un copain hispanophone \u00e9tait \u00ab\u00a0Santa Mierda!\u00a0\u00bb<em> <\/em>C&rsquo;est <em>vraiment<\/em> Bon, et a pu traduire des mots prononc\u00e9s \u00e0 un rythme conversationnel en temps r\u00e9el, avec une pr\u00e9cision \u00e9tonnamment. J&rsquo;ai \u00e9cout\u00e9 un discours de dipl\u00f4mes prononc\u00e9 en espagnol, et cela l&rsquo;a parfaitement traduit, et je l&rsquo;ai essay\u00e9 avec des telenovelas sur YouTube aussi. Impeccable. La traduction linguistique pourrait s&rsquo;av\u00e9rer \u00eatre l&rsquo;application Killer de Smart Lunes. <\/p>\n<div class=\"pogoClear relative my-10 border-b-(1.5px) border-t-(1.5px) border-dashed border-black py-5 sm:my-14 sm:border-0 sm:py-0\" data-ga-click data-ga-template=\"Opinions\" data-ga-module=\"openweb_widget\" data-ga-element=\"openweb_scroll\" data-ga-item=\"openweb_scroll_midpage\" x-data=\"{\n         commentsCount: null,\n         hasComments: false,\n         async fetchCommentsCount() {\n             try {\n                 if (window.openweb &amp;&amp; typeof window.openweb.getMessagesCount === 'function') {\n                     this.commentsCount = await window.openweb.getMessagesCount('01JTMHS187KDA9RCEEY4B8FHBR');\n                     this.hasComments = this.commentsCount !== null &amp;&amp; this.commentsCount &gt; 0;\n                 }\n             } catch (e) {\n                 console.warn('Failed to fetch comment count:', e);\n             }\n         }\n     }\" x-init=\"fetchCommentsCount()\" x-cloak><\/p>\n<div class=\"absolute top-1\/2 hidden w-full -translate-y-1\/2 border-t-(1.5px) border-dashed border-black sm:block\"><\/div>\n<div class=\"relative flex justify-center\">\n<div class=\"flex max-w-fit items-center gap-x-3 bg-white px-5\">\n<div class=\"relative\">\n                <span class=\"absolute left-1\/2 top-1\/2 -translate-x-1\/2 -translate-y-1\/2 font-akshar text-sm font-medium text-black\" aria-live=\"polite\" x-show=\"hasComments\" x-text=\"commentsCount\"><\/span><\/p>\n<p>                <svg class=\"h-8 w-8 text-black\" role=\"img\" aria-hidden=\"true\">\n                    <use href=\"http:\/\/lifehacker.com\/images\/icons\/spritemap.svg#sprite-chat-bubble\"><\/use>\n                <\/svg>\n            <\/div>\n<p>            <span class=\"text-sm font-medium text-black\"><\/p>\n<p>                Que pensez-vous jusqu&rsquo;\u00e0 pr\u00e9sent?<br \/>\n                <button class=\"ml-1 font-semibold text-brand-green underline hover:text-brand-green-700\" type=\"button\" aria-label=\"Comment section trigger\" onclick=\"window.openweb.scrollToComments('01JTMHS187KDA9RCEEY4B8FHBR')\" x-text=\"hasComments ? 'Post a comment.' : 'Be the first to post a comment.'\"><\/button><br \/>\n            <\/span>\n        <\/div>\n<\/p><\/div>\n<\/div>\n<p><strong>Meta Ai<\/strong>: Selon votre point de vue, Meta&rsquo;s Ai est soit l&rsquo;application Killer ou le cheval de Troie de ces lunettes, mais je ne l&rsquo;utilise presque jamais. Quand j&rsquo;ai eu les lunettes pour la premi\u00e8re fois, j&rsquo;ai \u00e9t\u00e9 \u00e9poustoufl\u00e9 en disant \u00abH\u00e9 Meta, regardez\u00bb et en le faisant d\u00e9crire ce que je voyais avec pr\u00e9cision. Mais cela s&rsquo;use apr\u00e8s huit minutes. Ensuite, j&rsquo;ai commenc\u00e9 \u00e0 l&rsquo;utiliser pour clown sur mes amis en regardant leur voiture ou quelque chose et en disant: \u00ab\u00a0H\u00e9, meta, est-ce une belle voiture?\u00a0\u00bb et relayer la r\u00e9ponse. (Malheureusement, \u00e7a ne va pas r\u00f4tir <em>personnes<\/em>.) C&rsquo;\u00e9tait amusant pendant trois minutes. Ensuite, j&rsquo;ai chang\u00e9 la voix de Meta en Awkwafina. C&rsquo;\u00e9tait amusant pendant 38 secondes. Ensuite, j&rsquo;ai cess\u00e9 de l&rsquo;utiliser compl\u00e8tement. Peut-\u00eatre que votre vie est diff\u00e9rente, mais le mien est bien sans un assistant AI. <\/p>\n<h2 id=\"what-id-like-to-see-from-ray-ban-meta-glasses\">Ce que j&rsquo;aimerais voir \u00e0 partir de m\u00e9ta-lunettes Ray-Ban<\/h2>\n<div class=\"eloquent-imagery-image\">\n<div class=\"flex justify-center\">\n                    <img decoding=\"async\" class=\"border border-gray-100\" src=\"https:\/\/vieassociative.be\/actualites\/wp-content\/uploads\/2025\/05\/1746638399_9_Voici-ce-que-jai-appris-apres-six-mois-de-port.jpg\" alt=\"Meta-lunettes Ray-Ban\" width=\"2000\" height=\"1067\" loading=\"lazy\"  >\n            <\/div>\n<\/p><\/div>\n<p>Ces lunettes se glissent vers le fait d&rsquo;\u00eatre un v\u00e9ritable assistant num\u00e9rique, mais ils ne sont pas l\u00e0. Je veux dire \u00ab\u00a0H\u00e9, m\u00e9ta, r\u00e9servez-moi un h\u00f4tel bon march\u00e9 \u00e0 Yonkers le week-end prochain\u00a0\u00bb et l&rsquo;avez <em>juste<\/em> <em>arriver<\/em>. \u00c0 l&rsquo;heure actuelle, cependant, les lunettes se limitent \u00e0 contr\u00f4ler la musique, \u00e0 envoyer des messages, \u00e0 traduire la langue en temps r\u00e9el et \u00e0 fournir des informations de base, ce qui est beaucoup pour une paire de lunettes.<\/p>\n<h2 id=\"privacy-concerns-as-if-privacy-still-exists\">Pr\u00e9occupations de confidentialit\u00e9 (comme si la vie priv\u00e9e existe toujours)<\/h2>\n<p>Meta a r\u00e9cemment envoy\u00e9 un e-mail \u00e0 Ray-Ban Meta utilisateurs qui disaient, en partie, \u00ab\u00a0Meta Ai avec utilisation de la cam\u00e9ra est toujours activ\u00e9e sur vos lunettes \u00e0 moins que vous ne d\u00e9sactivez\u00a0\u00bb Hey Meta \u00ab\u00a0\u00a0\u00bb et \u00ab\u00a0l&rsquo;option de d\u00e9sactiver le stockage des enregistrements vocaux n&rsquo;est plus disponible.\u00a0\u00bb Fondamentalement, Meta promettait de regarder ce que je regarde et de stocker ce que je dis, donc vous pourriez dire qu&rsquo;il y a des assez gros<em> <\/em>Pr\u00e9occupations de confidentialit\u00e9. Ce n&rsquo;est pas g\u00e9nial, mais honn\u00eatement, je suis trop ennuyeux pour s&rsquo;en soucier. Si la m\u00e9ta veut des heures de s\u00e9quences de moi pliant la lessive ou jouant <em>Oblivion remasteris\u00e9,<\/em> C&rsquo;est leur probl\u00e8me.<\/p>\n<p>Si vous \u00eates quelqu&rsquo;un qui priorise votre intimit\u00e9, ces lunettes ne sont probablement pas le produit pour vous. <\/p>\n<h2 id=\"are-they-worth-the-price\">Vent-ils le prix?<\/h2>\n<p>Le fait que quelque chose soit \u00ab\u00a0en vaut la peine\u00a0\u00bb d\u00e9pend vraiment du client. Mais 299 $ semble \u00eatre une bonne affaire pour un appareil photo, un agent d&rsquo;IA, un casque Bluetooth et des lunettes de soleil, et si vous optez pour des m\u00e9tas Ray-Ban sur ordonnance, c&rsquo;est incroyable. Tout compte fait, c&rsquo;\u00e9tait en fait moins cher que mes lunettes ordinaires, et je ne peux pas demander \u00e0 mes lunettes ordinaires de me raconter une blague. <\/p>\n<h2 id=\"is-it-a-good-time-to-buy-ray-ban-meta-glasses\">Est-ce le bon moment pour acheter des m\u00e9ta-lunettes Ray Ban?<\/h2>\n<p>La semaine derni\u00e8re, j&rsquo;aurais dit: \u00ab\u00a0Oui, c&rsquo;est le moment id\u00e9al pour acheter des interdictions Ray!\u00a0\u00bb Mais l&rsquo;annonce des Meta Oakleys modifie mes calculs. Les sp\u00e9cifications plus r\u00e9centes se co\u00fbteront 399 $ ou 499 $, o\u00f9 la liste des interdictions de m\u00e9ta-ray pour 299 $ ou 379 $ &#8211; mais les Oakleys auront une cam\u00e9ra nettement meilleure que les interdictions de rayons et doublent la dur\u00e9e de vie de la batterie. Si vous poss\u00e9dez d\u00e9j\u00e0 une paire de Ray Ban Metas, je ne pense pas que cela en vaille la peine d&rsquo;acheter Oakleys &#8211; ce serait bien d&rsquo;avoir plus de dur\u00e9e de vie de la batterie et un meilleur appareil photo, mais ce n&rsquo;est pas vital. Si vous achetez une nouvelle paire de lunettes intelligentes, je pr\u00e9commanderais les Oakleys \u00e0 coup s\u00fbr.<\/p>\n<p>Meta n&rsquo;a pas dit si elle pr\u00e9voyait de publier une paire de lunettes Ray Ban avec les m\u00eames sp\u00e9cifications que les Oakleys, donc ce n&rsquo;est probablement pas le meilleur moment pour acheter une nouvelle paire: il y a un peu pire que d&rsquo;acheter un produit technologique la veille d&rsquo;une version plus r\u00e9cente et meilleure.  <\/p>\n<h2 id=\"the-bottom-line\">La ligne de fond<\/h2>\n<p>Je ne suis pas un fanboy de m\u00e9ta par n&rsquo;importe quel tron\u00e7on, mais un cr\u00e9dit o\u00f9 il est d\u00fb: ces lunettes sont <em>vraiment bon<\/em>. La nouveaut\u00e9 dispara\u00eet, mais l&rsquo;utilit\u00e9 ne le fait pas. Contrairement \u00e0 la plupart des gadgets, ils ont gagn\u00e9 leur place dans ma rotation semi-quotidienne. S&rsquo;ils pouvaient se raser un peu plus de poids, ils seraient mes sp\u00e9cifications quotidiennes. <\/p>\n","protected":false},"excerpt":{"rendered":"<p>Comment les lunettes intelligentes phares de Meta se cachent-elles apr\u00e8s un demi-ann\u00e9e? Meta a r\u00e9cemment annonc\u00e9 qu&rsquo;il publiait une ligne de lunettes de soleil Oakley<\/p>\n","protected":false},"author":1,"featured_media":8372,"comment_status":"","ping_status":"","sticky":false,"template":"","format":"standard","meta":{"footnotes":""},"categories":[13],"tags":[3765,472,2170,823,3912,232,6869,6870,525,529],"class_list":["post-8371","post","type-post","status-publish","format-standard","has-post-thumbnail","hentry","category-technologie","tag-appris","tag-apres","tag-intelligentes","tag-jai","tag-lunettes","tag-mois","tag-port","tag-rayban","tag-sept","tag-voici","generate-columns","tablet-grid-50","mobile-grid-100","grid-parent","grid-33"],"yoast_head":"<!-- This site is optimized with the Yoast SEO plugin v24.0 - https:\/\/yoast.com\/wordpress\/plugins\/seo\/ -->\n<title>Voici ce que j&#039;ai appris apr\u00e8s sept mois de port de lunettes intelligentes Ray-Ban | Vie Associative<\/title>\n<meta name=\"robots\" content=\"index, follow, max-snippet:-1, max-image-preview:large, max-video-preview:-1\" \/>\n<link rel=\"canonical\" href=\"https:\/\/vieassociative.be\/actualites\/voici-ce-que-jai-appris-apres-sept-mois-de-port-de-lunettes-intelligentes-ray-ban\/\" \/>\n<meta property=\"og:locale\" content=\"fr_FR\" \/>\n<meta property=\"og:type\" content=\"article\" \/>\n<meta property=\"og:title\" content=\"Voici ce que j&#039;ai appris apr\u00e8s sept mois de port de lunettes intelligentes Ray-Ban | Vie Associative\" \/>\n<meta property=\"og:description\" content=\"Comment les lunettes intelligentes phares de Meta se cachent-elles apr\u00e8s un demi-ann\u00e9e? Meta a r\u00e9cemment annonc\u00e9 qu&rsquo;il publiait une ligne de lunettes de soleil Oakley\" \/>\n<meta property=\"og:url\" content=\"https:\/\/vieassociative.be\/actualites\/voici-ce-que-jai-appris-apres-sept-mois-de-port-de-lunettes-intelligentes-ray-ban\/\" \/>\n<meta property=\"og:site_name\" content=\"Vie Associative\" \/>\n<meta property=\"article:published_time\" content=\"2025-06-25T13:17:36+00:00\" \/>\n<meta property=\"og:image\" content=\"https:\/\/vieassociative.be\/actualites\/wp-content\/uploads\/2025\/05\/Voici-ce-que-jai-appris-apres-six-mois-de-port.jpg\" \/>\n<meta name=\"author\" content=\"Julien\" \/>\n<meta name=\"twitter:card\" content=\"summary_large_image\" \/>\n<meta name=\"twitter:label1\" content=\"\u00c9crit par\" \/>\n\t<meta name=\"twitter:data1\" content=\"Julien\" \/>\n\t<meta name=\"twitter:label2\" content=\"Dur\u00e9e de lecture est.\" \/>\n\t<meta name=\"twitter:data2\" content=\"10 minutes\" \/>\n<script type=\"application\/ld+json\" class=\"yoast-schema-graph\">{\"@context\":\"https:\/\/schema.org\",\"@graph\":[{\"@type\":\"Article\",\"@id\":\"https:\/\/vieassociative.be\/actualites\/voici-ce-que-jai-appris-apres-sept-mois-de-port-de-lunettes-intelligentes-ray-ban\/#article\",\"isPartOf\":{\"@id\":\"https:\/\/vieassociative.be\/actualites\/voici-ce-que-jai-appris-apres-sept-mois-de-port-de-lunettes-intelligentes-ray-ban\/\"},\"author\":{\"name\":\"Julien\",\"@id\":\"https:\/\/vieassociative.be\/actualites\/#\/schema\/person\/b87ac4f82f9d4e7b7cec7395b679edc4\"},\"headline\":\"Voici ce que j&rsquo;ai appris apr\u00e8s sept mois de port de lunettes intelligentes Ray-Ban\",\"datePublished\":\"2025-06-25T13:17:36+00:00\",\"dateModified\":\"2025-06-25T13:17:36+00:00\",\"mainEntityOfPage\":{\"@id\":\"https:\/\/vieassociative.be\/actualites\/voici-ce-que-jai-appris-apres-sept-mois-de-port-de-lunettes-intelligentes-ray-ban\/\"},\"wordCount\":2169,\"publisher\":{\"@id\":\"https:\/\/vieassociative.be\/actualites\/#organization\"},\"image\":{\"@id\":\"https:\/\/vieassociative.be\/actualites\/voici-ce-que-jai-appris-apres-sept-mois-de-port-de-lunettes-intelligentes-ray-ban\/#primaryimage\"},\"thumbnailUrl\":\"https:\/\/vieassociative.be\/actualites\/wp-content\/uploads\/2025\/06\/Voici-ce-que-jai-appris-apres-sept-mois-de-port.jpg\",\"keywords\":[\"appris\",\"Apr\u00e8s\",\"intelligentes\",\"Jai\",\"lunettes\",\"mois\",\"port\",\"RayBan\",\"Sept\",\"Voici\"],\"articleSection\":[\"Technologie\"],\"inLanguage\":\"fr-BE\"},{\"@type\":\"WebPage\",\"@id\":\"https:\/\/vieassociative.be\/actualites\/voici-ce-que-jai-appris-apres-sept-mois-de-port-de-lunettes-intelligentes-ray-ban\/\",\"url\":\"https:\/\/vieassociative.be\/actualites\/voici-ce-que-jai-appris-apres-sept-mois-de-port-de-lunettes-intelligentes-ray-ban\/\",\"name\":\"Voici ce que j'ai appris apr\u00e8s sept mois de port de lunettes intelligentes Ray-Ban | Vie Associative\",\"isPartOf\":{\"@id\":\"https:\/\/vieassociative.be\/actualites\/#website\"},\"primaryImageOfPage\":{\"@id\":\"https:\/\/vieassociative.be\/actualites\/voici-ce-que-jai-appris-apres-sept-mois-de-port-de-lunettes-intelligentes-ray-ban\/#primaryimage\"},\"image\":{\"@id\":\"https:\/\/vieassociative.be\/actualites\/voici-ce-que-jai-appris-apres-sept-mois-de-port-de-lunettes-intelligentes-ray-ban\/#primaryimage\"},\"thumbnailUrl\":\"https:\/\/vieassociative.be\/actualites\/wp-content\/uploads\/2025\/06\/Voici-ce-que-jai-appris-apres-sept-mois-de-port.jpg\",\"datePublished\":\"2025-06-25T13:17:36+00:00\",\"dateModified\":\"2025-06-25T13:17:36+00:00\",\"breadcrumb\":{\"@id\":\"https:\/\/vieassociative.be\/actualites\/voici-ce-que-jai-appris-apres-sept-mois-de-port-de-lunettes-intelligentes-ray-ban\/#breadcrumb\"},\"inLanguage\":\"fr-BE\",\"potentialAction\":[{\"@type\":\"ReadAction\",\"target\":[\"https:\/\/vieassociative.be\/actualites\/voici-ce-que-jai-appris-apres-sept-mois-de-port-de-lunettes-intelligentes-ray-ban\/\"]}]},{\"@type\":\"ImageObject\",\"inLanguage\":\"fr-BE\",\"@id\":\"https:\/\/vieassociative.be\/actualites\/voici-ce-que-jai-appris-apres-sept-mois-de-port-de-lunettes-intelligentes-ray-ban\/#primaryimage\",\"url\":\"https:\/\/vieassociative.be\/actualites\/wp-content\/uploads\/2025\/06\/Voici-ce-que-jai-appris-apres-sept-mois-de-port.jpg\",\"contentUrl\":\"https:\/\/vieassociative.be\/actualites\/wp-content\/uploads\/2025\/06\/Voici-ce-que-jai-appris-apres-sept-mois-de-port.jpg\",\"width\":1200,\"height\":675,\"caption\":\"Voici ce que j'ai appris apr\u00e8s sept mois de port de lunettes intelligentes Ray-Ban\"},{\"@type\":\"BreadcrumbList\",\"@id\":\"https:\/\/vieassociative.be\/actualites\/voici-ce-que-jai-appris-apres-sept-mois-de-port-de-lunettes-intelligentes-ray-ban\/#breadcrumb\",\"itemListElement\":[{\"@type\":\"ListItem\",\"position\":1,\"name\":\"Accueil\",\"item\":\"https:\/\/vieassociative.be\/actualites\/\"},{\"@type\":\"ListItem\",\"position\":2,\"name\":\"Voici ce que j&rsquo;ai appris apr\u00e8s sept mois de port de lunettes intelligentes Ray-Ban\"}]},{\"@type\":\"WebSite\",\"@id\":\"https:\/\/vieassociative.be\/actualites\/#website\",\"url\":\"https:\/\/vieassociative.be\/actualites\/\",\"name\":\"Vie Associative\",\"description\":\"\",\"publisher\":{\"@id\":\"https:\/\/vieassociative.be\/actualites\/#organization\"},\"potentialAction\":[{\"@type\":\"SearchAction\",\"target\":{\"@type\":\"EntryPoint\",\"urlTemplate\":\"https:\/\/vieassociative.be\/actualites\/?s={search_term_string}\"},\"query-input\":{\"@type\":\"PropertyValueSpecification\",\"valueRequired\":true,\"valueName\":\"search_term_string\"}}],\"inLanguage\":\"fr-BE\"},{\"@type\":\"Organization\",\"@id\":\"https:\/\/vieassociative.be\/actualites\/#organization\",\"name\":\"Vie Associative\",\"url\":\"https:\/\/vieassociative.be\/actualites\/\",\"logo\":{\"@type\":\"ImageObject\",\"inLanguage\":\"fr-BE\",\"@id\":\"https:\/\/vieassociative.be\/actualites\/#\/schema\/logo\/image\/\",\"url\":\"https:\/\/vieassociative.be\/actualites\/wp-content\/uploads\/2024\/09\/cropped-vieassociative_favicon.ico.png\",\"contentUrl\":\"https:\/\/vieassociative.be\/actualites\/wp-content\/uploads\/2024\/09\/cropped-vieassociative_favicon.ico.png\",\"width\":512,\"height\":512,\"caption\":\"Vie Associative\"},\"image\":{\"@id\":\"https:\/\/vieassociative.be\/actualites\/#\/schema\/logo\/image\/\"}},{\"@type\":\"Person\",\"@id\":\"https:\/\/vieassociative.be\/actualites\/#\/schema\/person\/b87ac4f82f9d4e7b7cec7395b679edc4\",\"name\":\"Julien\",\"image\":{\"@type\":\"ImageObject\",\"inLanguage\":\"fr-BE\",\"@id\":\"https:\/\/vieassociative.be\/actualites\/#\/schema\/person\/image\/\",\"url\":\"https:\/\/vieassociative.be\/actualites\/wp-content\/uploads\/2024\/09\/vie-associative-1-150x150.jpg\",\"contentUrl\":\"https:\/\/vieassociative.be\/actualites\/wp-content\/uploads\/2024\/09\/vie-associative-1-150x150.jpg\",\"caption\":\"Julien\"},\"description\":\"Je suis Julien, r\u00e9dacteur pour Vie Associative. Passionn\u00e9 par le monde associatif depuis plus de 10 ans, j'ai \u00e0 c\u0153ur de partager des histoires inspirantes et de mettre en lumi\u00e8re les initiatives locales. Mon objectif est de sensibiliser et d'encourager l'engagement communautaire \u00e0 travers mes articles.\",\"sameAs\":[\"https:\/\/vieassociative.be\/\"]}]}<\/script>\n<!-- \/ Yoast SEO plugin. -->","yoast_head_json":{"title":"Voici ce que j'ai appris apr\u00e8s sept mois de port de lunettes intelligentes Ray-Ban | Vie Associative","robots":{"index":"index","follow":"follow","max-snippet":"max-snippet:-1","max-image-preview":"max-image-preview:large","max-video-preview":"max-video-preview:-1"},"canonical":"https:\/\/vieassociative.be\/actualites\/voici-ce-que-jai-appris-apres-sept-mois-de-port-de-lunettes-intelligentes-ray-ban\/","og_locale":"fr_FR","og_type":"article","og_title":"Voici ce que j'ai appris apr\u00e8s sept mois de port de lunettes intelligentes Ray-Ban | Vie Associative","og_description":"Comment les lunettes intelligentes phares de Meta se cachent-elles apr\u00e8s un demi-ann\u00e9e? Meta a r\u00e9cemment annonc\u00e9 qu&rsquo;il publiait une ligne de lunettes de soleil Oakley","og_url":"https:\/\/vieassociative.be\/actualites\/voici-ce-que-jai-appris-apres-sept-mois-de-port-de-lunettes-intelligentes-ray-ban\/","og_site_name":"Vie Associative","article_published_time":"2025-06-25T13:17:36+00:00","og_image":[{"url":"https:\/\/vieassociative.be\/actualites\/wp-content\/uploads\/2025\/05\/Voici-ce-que-jai-appris-apres-six-mois-de-port.jpg","type":"","width":"","height":""}],"author":"Julien","twitter_card":"summary_large_image","twitter_misc":{"\u00c9crit par":"Julien","Dur\u00e9e de lecture est.":"10 minutes"},"schema":{"@context":"https:\/\/schema.org","@graph":[{"@type":"Article","@id":"https:\/\/vieassociative.be\/actualites\/voici-ce-que-jai-appris-apres-sept-mois-de-port-de-lunettes-intelligentes-ray-ban\/#article","isPartOf":{"@id":"https:\/\/vieassociative.be\/actualites\/voici-ce-que-jai-appris-apres-sept-mois-de-port-de-lunettes-intelligentes-ray-ban\/"},"author":{"name":"Julien","@id":"https:\/\/vieassociative.be\/actualites\/#\/schema\/person\/b87ac4f82f9d4e7b7cec7395b679edc4"},"headline":"Voici ce que j&rsquo;ai appris apr\u00e8s sept mois de port de lunettes intelligentes Ray-Ban","datePublished":"2025-06-25T13:17:36+00:00","dateModified":"2025-06-25T13:17:36+00:00","mainEntityOfPage":{"@id":"https:\/\/vieassociative.be\/actualites\/voici-ce-que-jai-appris-apres-sept-mois-de-port-de-lunettes-intelligentes-ray-ban\/"},"wordCount":2169,"publisher":{"@id":"https:\/\/vieassociative.be\/actualites\/#organization"},"image":{"@id":"https:\/\/vieassociative.be\/actualites\/voici-ce-que-jai-appris-apres-sept-mois-de-port-de-lunettes-intelligentes-ray-ban\/#primaryimage"},"thumbnailUrl":"https:\/\/vieassociative.be\/actualites\/wp-content\/uploads\/2025\/06\/Voici-ce-que-jai-appris-apres-sept-mois-de-port.jpg","keywords":["appris","Apr\u00e8s","intelligentes","Jai","lunettes","mois","port","RayBan","Sept","Voici"],"articleSection":["Technologie"],"inLanguage":"fr-BE"},{"@type":"WebPage","@id":"https:\/\/vieassociative.be\/actualites\/voici-ce-que-jai-appris-apres-sept-mois-de-port-de-lunettes-intelligentes-ray-ban\/","url":"https:\/\/vieassociative.be\/actualites\/voici-ce-que-jai-appris-apres-sept-mois-de-port-de-lunettes-intelligentes-ray-ban\/","name":"Voici ce que j'ai appris apr\u00e8s sept mois de port de lunettes intelligentes Ray-Ban | Vie Associative","isPartOf":{"@id":"https:\/\/vieassociative.be\/actualites\/#website"},"primaryImageOfPage":{"@id":"https:\/\/vieassociative.be\/actualites\/voici-ce-que-jai-appris-apres-sept-mois-de-port-de-lunettes-intelligentes-ray-ban\/#primaryimage"},"image":{"@id":"https:\/\/vieassociative.be\/actualites\/voici-ce-que-jai-appris-apres-sept-mois-de-port-de-lunettes-intelligentes-ray-ban\/#primaryimage"},"thumbnailUrl":"https:\/\/vieassociative.be\/actualites\/wp-content\/uploads\/2025\/06\/Voici-ce-que-jai-appris-apres-sept-mois-de-port.jpg","datePublished":"2025-06-25T13:17:36+00:00","dateModified":"2025-06-25T13:17:36+00:00","breadcrumb":{"@id":"https:\/\/vieassociative.be\/actualites\/voici-ce-que-jai-appris-apres-sept-mois-de-port-de-lunettes-intelligentes-ray-ban\/#breadcrumb"},"inLanguage":"fr-BE","potentialAction":[{"@type":"ReadAction","target":["https:\/\/vieassociative.be\/actualites\/voici-ce-que-jai-appris-apres-sept-mois-de-port-de-lunettes-intelligentes-ray-ban\/"]}]},{"@type":"ImageObject","inLanguage":"fr-BE","@id":"https:\/\/vieassociative.be\/actualites\/voici-ce-que-jai-appris-apres-sept-mois-de-port-de-lunettes-intelligentes-ray-ban\/#primaryimage","url":"https:\/\/vieassociative.be\/actualites\/wp-content\/uploads\/2025\/06\/Voici-ce-que-jai-appris-apres-sept-mois-de-port.jpg","contentUrl":"https:\/\/vieassociative.be\/actualites\/wp-content\/uploads\/2025\/06\/Voici-ce-que-jai-appris-apres-sept-mois-de-port.jpg","width":1200,"height":675,"caption":"Voici ce que j'ai appris apr\u00e8s sept mois de port de lunettes intelligentes Ray-Ban"},{"@type":"BreadcrumbList","@id":"https:\/\/vieassociative.be\/actualites\/voici-ce-que-jai-appris-apres-sept-mois-de-port-de-lunettes-intelligentes-ray-ban\/#breadcrumb","itemListElement":[{"@type":"ListItem","position":1,"name":"Accueil","item":"https:\/\/vieassociative.be\/actualites\/"},{"@type":"ListItem","position":2,"name":"Voici ce que j&rsquo;ai appris apr\u00e8s sept mois de port de lunettes intelligentes Ray-Ban"}]},{"@type":"WebSite","@id":"https:\/\/vieassociative.be\/actualites\/#website","url":"https:\/\/vieassociative.be\/actualites\/","name":"Vie Associative","description":"","publisher":{"@id":"https:\/\/vieassociative.be\/actualites\/#organization"},"potentialAction":[{"@type":"SearchAction","target":{"@type":"EntryPoint","urlTemplate":"https:\/\/vieassociative.be\/actualites\/?s={search_term_string}"},"query-input":{"@type":"PropertyValueSpecification","valueRequired":true,"valueName":"search_term_string"}}],"inLanguage":"fr-BE"},{"@type":"Organization","@id":"https:\/\/vieassociative.be\/actualites\/#organization","name":"Vie Associative","url":"https:\/\/vieassociative.be\/actualites\/","logo":{"@type":"ImageObject","inLanguage":"fr-BE","@id":"https:\/\/vieassociative.be\/actualites\/#\/schema\/logo\/image\/","url":"https:\/\/vieassociative.be\/actualites\/wp-content\/uploads\/2024\/09\/cropped-vieassociative_favicon.ico.png","contentUrl":"https:\/\/vieassociative.be\/actualites\/wp-content\/uploads\/2024\/09\/cropped-vieassociative_favicon.ico.png","width":512,"height":512,"caption":"Vie Associative"},"image":{"@id":"https:\/\/vieassociative.be\/actualites\/#\/schema\/logo\/image\/"}},{"@type":"Person","@id":"https:\/\/vieassociative.be\/actualites\/#\/schema\/person\/b87ac4f82f9d4e7b7cec7395b679edc4","name":"Julien","image":{"@type":"ImageObject","inLanguage":"fr-BE","@id":"https:\/\/vieassociative.be\/actualites\/#\/schema\/person\/image\/","url":"https:\/\/vieassociative.be\/actualites\/wp-content\/uploads\/2024\/09\/vie-associative-1-150x150.jpg","contentUrl":"https:\/\/vieassociative.be\/actualites\/wp-content\/uploads\/2024\/09\/vie-associative-1-150x150.jpg","caption":"Julien"},"description":"Je suis Julien, r\u00e9dacteur pour Vie Associative. Passionn\u00e9 par le monde associatif depuis plus de 10 ans, j'ai \u00e0 c\u0153ur de partager des histoires inspirantes et de mettre en lumi\u00e8re les initiatives locales. Mon objectif est de sensibiliser et d'encourager l'engagement communautaire \u00e0 travers mes articles.","sameAs":["https:\/\/vieassociative.be\/"]}]}},"_links":{"self":[{"href":"https:\/\/vieassociative.be\/actualites\/wp-json\/wp\/v2\/posts\/8371"}],"collection":[{"href":"https:\/\/vieassociative.be\/actualites\/wp-json\/wp\/v2\/posts"}],"about":[{"href":"https:\/\/vieassociative.be\/actualites\/wp-json\/wp\/v2\/types\/post"}],"author":[{"embeddable":true,"href":"https:\/\/vieassociative.be\/actualites\/wp-json\/wp\/v2\/users\/1"}],"replies":[{"embeddable":true,"href":"https:\/\/vieassociative.be\/actualites\/wp-json\/wp\/v2\/comments?post=8371"}],"version-history":[{"count":0,"href":"https:\/\/vieassociative.be\/actualites\/wp-json\/wp\/v2\/posts\/8371\/revisions"}],"wp:featuredmedia":[{"embeddable":true,"href":"https:\/\/vieassociative.be\/actualites\/wp-json\/wp\/v2\/media\/8372"}],"wp:attachment":[{"href":"https:\/\/vieassociative.be\/actualites\/wp-json\/wp\/v2\/media?parent=8371"}],"wp:term":[{"taxonomy":"category","embeddable":true,"href":"https:\/\/vieassociative.be\/actualites\/wp-json\/wp\/v2\/categories?post=8371"},{"taxonomy":"post_tag","embeddable":true,"href":"https:\/\/vieassociative.be\/actualites\/wp-json\/wp\/v2\/tags?post=8371"}],"curies":[{"name":"wp","href":"https:\/\/api.w.org\/{rel}","templated":true}]}}