{"id":8362,"date":"2025-06-24T22:18:50","date_gmt":"2025-06-24T20:18:50","guid":{"rendered":"https:\/\/vieassociative.be\/actualites\/grazie-san-marco-la-bonne-chambre-deupen-ne-brille-plus-une-necrologie-pour-un-restaurant-legendaire\/"},"modified":"2025-06-24T22:18:50","modified_gmt":"2025-06-24T20:18:50","slug":"grazie-san-marco-la-bonne-chambre-deupen-ne-brille-plus-une-necrologie-pour-un-restaurant-legendaire","status":"publish","type":"post","link":"https:\/\/vieassociative.be\/actualites\/grazie-san-marco-la-bonne-chambre-deupen-ne-brille-plus-une-necrologie-pour-un-restaurant-legendaire\/","title":{"rendered":"\u00ab\u00a0Grazie, San Marco\u00a0\u00bb: la bonne chambre d&rsquo;Eupen ne brille plus &#8211; une n\u00e9crologie pour un restaurant l\u00e9gendaire"},"content":{"rendered":"<p><strong>Longtemps apr\u00e8s la fermeture, l&rsquo;op\u00e9rateur du l\u00e9gendaire restaurant d&rsquo;Eupen \u00ab\u00a0San Marco\u00a0\u00bb a rompu son silence sur Aachener Strasse. Apr\u00e8s lui, selon sa propre repr\u00e9sentation, il a eu du mal avec lui depuis longtemps parce que \u00ab\u00a0la douleur, la tristesse et le sentiment d&rsquo;\u00e9chec \u00e9taient si grands\u00a0\u00bb, a expliqu\u00e9 Giancarlo Ianni ce mardi \u00e0 l&rsquo;\u00e9cho de la fronti\u00e8re qu&rsquo;il a d\u00fb fermer son restaurant avec un c\u0153ur lourd.<\/strong><\/p>\n<p><span id=\"more-418496\"><\/span>\u00ab\u00a0Je n&rsquo;ai pas ferm\u00e9 parce que je le voulais, mais parce que je n&rsquo;avais pas d&rsquo;autre choix\u00a0\u00bb, a d\u00e9clar\u00e9 Ianni, dont le p\u00e8re Francesco a ouvert le \u00ab\u00a0San Marco\u00a0\u00bb en 1970 apr\u00e8s avoir travaill\u00e9 \u00e0 Li\u00e8ge en tant que m\u00e9canicien de voiture.<\/p>\n<p>Le p\u00e8re Francesco est d\u00e9c\u00e9d\u00e9 en 2021. Lorsque le cuisinier et un serveur ont pris leur retraite plus tard, Giancarlo a voulu construire une nouvelle \u00e9quipe, mais il n&rsquo;a pas r\u00e9ussi.<\/p>\n<p>De nombreux souvenirs d&rsquo;un restaurant restent en retard, dans lesquels d&rsquo;innombrables invit\u00e9s ont toujours \u00e9t\u00e9 accueillis &#8211; le temps n&rsquo;avait pas du tout d&rsquo;importance. Pendant des ann\u00e9es, vous pouviez m\u00eame aller au restaurant \u00e0 minuit, vous \u00e9tiez toujours les bienvenus. Rien de \u00ab\u00a0\u00e9quilibre entre vie professionnelle et vie priv\u00e9e\u00a0\u00bb! Quand j&rsquo;ai demand\u00e9 \u00e0 Giancarlo comment il allait, il a r\u00e9pondu avec rayonnement: \u00ab\u00a0Je vais bien, j&rsquo;ai du travail, que voulez-vous de plus?\u00a0\u00bb<\/p>\n<\/p>\n<div id=\"attachment_418512\" class=\"wp-caption alignnone\" style=\"max-width: 300px\"><img fetchpriority=\"high\" decoding=\"async\" src=\"https:\/\/vieassociative.be\/actualites\/wp-content\/uploads\/2025\/06\/Grazie-San-Marco-la-bonne-chambre-dEupen-ne-brille-plus.jpg\" alt=\"\" width=\"300\" height=\"200\" class=\"size-medium wp-image-418512\"  ><\/p>\n<p class=\"wp-caption-text\">Un Escalope ou un \u00ab\u00a0chiffon\u00a0\u00bb \u00e0 \u00ab\u00a0San Marco\u00a0\u00bb \u00e0 une heure tardive. C&rsquo;\u00e9tait encore des temps. Photo: Facebook<\/p>\n<\/div>\n<p>Le \u00ab\u00a0San Marco\u00a0\u00bb \u00e9tait la bonne chambre d&rsquo;Eupen. Qu&rsquo;il s&rsquo;agisse de Pasticcio, Spaghetti Al Forno ou Escalope, \u00ab\u00a0San Marco\u00a0\u00bb avait quelque chose \u00e0 offrir pour chaque go\u00fbt. Et si vous \u00e9tiez sympathique, Giancarlo a \u00e9galement obtenu un bol de frites.<\/p>\n<p>En parlant d&rsquo;Escalope: un invit\u00e9 a appel\u00e9 le Schnitzel \u00e0 la \u00ab\u00a0San Marco\u00a0\u00bb avec amour un \u00ab\u00a0chiffon\u00a0\u00bb parce qu&rsquo;il \u00e9tait souvent si grand qu&rsquo;il se d\u00e9marquait au-dessus de la bo\u00eete.<\/p>\n<p>En conversation avec le Border Echo, Giancarlo Ianni remercie les nombreux clients qui sont rest\u00e9s fid\u00e8les \u00e0 son restaurant pendant des d\u00e9cennies: \u00ab\u00a0Le\u00a0\u00bb San Marco \u00ab\u00a0\u00e9tait plus qu&rsquo;un travail pour nous, c&rsquo;\u00e9tait toujours comme une famille.\u00a0\u00bb<\/p>\n<p>En r\u00e9alit\u00e9, les clients de la famille Ianni de Calabre devraient remercier pour le merveilleux moment de la maison dans laquelle la lumi\u00e8re n&rsquo;a jamais sembl\u00e9 sortir. C&rsquo;est pourquoi de nombreux Eupeners sont accomplis par Melancholy aujourd&rsquo;hui lorsqu&rsquo;ils passent devant le \u00ab\u00a0San Marco\u00a0\u00bb et le signe de n\u00e9on qui brillait autrement dans les couleurs nationales italiennes reste sombre. (Cre)<\/p>\n","protected":false},"excerpt":{"rendered":"<p>Longtemps apr\u00e8s la fermeture, l&rsquo;op\u00e9rateur du l\u00e9gendaire restaurant d&rsquo;Eupen \u00ab\u00a0San Marco\u00a0\u00bb a rompu son silence sur Aachener Strasse. Apr\u00e8s lui, selon sa propre repr\u00e9sentation, il<\/p>\n","protected":false},"author":1,"featured_media":8363,"comment_status":"","ping_status":"","sticky":false,"template":"","format":"standard","meta":{"footnotes":""},"categories":[298],"tags":[680,7523,1014,2403,7521,7525,7522,7524,81,3620,6447,110],"class_list":["post-8362","post","type-post","status-publish","format-standard","has-post-thumbnail","hentry","category-belgique","tag-bonne","tag-brille","tag-chambre","tag-deupen","tag-grazie","tag-legendaire","tag-marco","tag-necrologie","tag-pour","tag-restaurant","tag-san","tag-une","generate-columns","tablet-grid-50","mobile-grid-100","grid-parent","grid-33"],"yoast_head":"<!-- This site is optimized with the Yoast SEO plugin v24.0 - https:\/\/yoast.com\/wordpress\/plugins\/seo\/ -->\n<title>&quot;Grazie, San Marco&quot;: la bonne chambre d&#039;Eupen ne brille plus - une n\u00e9crologie pour un restaurant l\u00e9gendaire | Vie Associative<\/title>\n<meta name=\"robots\" content=\"index, follow, max-snippet:-1, max-image-preview:large, max-video-preview:-1\" \/>\n<link rel=\"canonical\" href=\"https:\/\/vieassociative.be\/actualites\/grazie-san-marco-la-bonne-chambre-deupen-ne-brille-plus-une-necrologie-pour-un-restaurant-legendaire\/\" \/>\n<meta property=\"og:locale\" content=\"fr_FR\" \/>\n<meta property=\"og:type\" content=\"article\" \/>\n<meta property=\"og:title\" content=\"&quot;Grazie, San Marco&quot;: la bonne chambre d&#039;Eupen ne brille plus - une n\u00e9crologie pour un restaurant l\u00e9gendaire | Vie Associative\" \/>\n<meta property=\"og:description\" content=\"Longtemps apr\u00e8s la fermeture, l&rsquo;op\u00e9rateur du l\u00e9gendaire restaurant d&rsquo;Eupen \u00ab\u00a0San Marco\u00a0\u00bb a rompu son silence sur Aachener Strasse. Apr\u00e8s lui, selon sa propre repr\u00e9sentation, il\" \/>\n<meta property=\"og:url\" content=\"https:\/\/vieassociative.be\/actualites\/grazie-san-marco-la-bonne-chambre-deupen-ne-brille-plus-une-necrologie-pour-un-restaurant-legendaire\/\" \/>\n<meta property=\"og:site_name\" content=\"Vie Associative\" \/>\n<meta property=\"article:published_time\" content=\"2025-06-24T20:18:50+00:00\" \/>\n<meta property=\"og:image\" content=\"https:\/\/vieassociative.be\/actualites\/wp-content\/uploads\/2024\/09\/header_backgroundk-01-e1726694325946.png\" \/>\n\t<meta property=\"og:image:width\" content=\"279\" \/>\n\t<meta property=\"og:image:height\" content=\"92\" \/>\n\t<meta property=\"og:image:type\" content=\"image\/png\" \/>\n<meta name=\"author\" content=\"Julien\" \/>\n<meta name=\"twitter:card\" content=\"summary_large_image\" \/>\n<meta name=\"twitter:label1\" content=\"\u00c9crit par\" \/>\n\t<meta name=\"twitter:data1\" content=\"Julien\" \/>\n\t<meta name=\"twitter:label2\" content=\"Dur\u00e9e de lecture est.\" \/>\n\t<meta name=\"twitter:data2\" content=\"2 minutes\" \/>\n<script type=\"application\/ld+json\" class=\"yoast-schema-graph\">{\"@context\":\"https:\/\/schema.org\",\"@graph\":[{\"@type\":\"Article\",\"@id\":\"https:\/\/vieassociative.be\/actualites\/grazie-san-marco-la-bonne-chambre-deupen-ne-brille-plus-une-necrologie-pour-un-restaurant-legendaire\/#article\",\"isPartOf\":{\"@id\":\"https:\/\/vieassociative.be\/actualites\/grazie-san-marco-la-bonne-chambre-deupen-ne-brille-plus-une-necrologie-pour-un-restaurant-legendaire\/\"},\"author\":{\"name\":\"Julien\",\"@id\":\"https:\/\/vieassociative.be\/actualites\/#\/schema\/person\/b87ac4f82f9d4e7b7cec7395b679edc4\"},\"headline\":\"\u00ab\u00a0Grazie, San Marco\u00a0\u00bb: la bonne chambre d&rsquo;Eupen ne brille plus &#8211; une n\u00e9crologie pour un restaurant l\u00e9gendaire\",\"datePublished\":\"2025-06-24T20:18:50+00:00\",\"dateModified\":\"2025-06-24T20:18:50+00:00\",\"mainEntityOfPage\":{\"@id\":\"https:\/\/vieassociative.be\/actualites\/grazie-san-marco-la-bonne-chambre-deupen-ne-brille-plus-une-necrologie-pour-un-restaurant-legendaire\/\"},\"wordCount\":462,\"publisher\":{\"@id\":\"https:\/\/vieassociative.be\/actualites\/#organization\"},\"image\":{\"@id\":\"https:\/\/vieassociative.be\/actualites\/grazie-san-marco-la-bonne-chambre-deupen-ne-brille-plus-une-necrologie-pour-un-restaurant-legendaire\/#primaryimage\"},\"thumbnailUrl\":\"https:\/\/vieassociative.be\/actualites\/wp-content\/uploads\/2025\/06\/1750796331_Grazie-San-Marco-la-bonne-chambre-dEupen-ne-brille-plus.jpg\",\"keywords\":[\"bonne\",\"brille\",\"chambre\",\"dEupen\",\"Grazie\",\"l\u00e9gendaire\",\"Marco\",\"n\u00e9crologie\",\"pour\",\"restaurant\",\"San\",\"une\"],\"articleSection\":[\"Belgique\"],\"inLanguage\":\"fr-BE\"},{\"@type\":\"WebPage\",\"@id\":\"https:\/\/vieassociative.be\/actualites\/grazie-san-marco-la-bonne-chambre-deupen-ne-brille-plus-une-necrologie-pour-un-restaurant-legendaire\/\",\"url\":\"https:\/\/vieassociative.be\/actualites\/grazie-san-marco-la-bonne-chambre-deupen-ne-brille-plus-une-necrologie-pour-un-restaurant-legendaire\/\",\"name\":\"\\\"Grazie, San Marco\\\": la bonne chambre d'Eupen ne brille plus - une n\u00e9crologie pour un restaurant l\u00e9gendaire | Vie Associative\",\"isPartOf\":{\"@id\":\"https:\/\/vieassociative.be\/actualites\/#website\"},\"primaryImageOfPage\":{\"@id\":\"https:\/\/vieassociative.be\/actualites\/grazie-san-marco-la-bonne-chambre-deupen-ne-brille-plus-une-necrologie-pour-un-restaurant-legendaire\/#primaryimage\"},\"image\":{\"@id\":\"https:\/\/vieassociative.be\/actualites\/grazie-san-marco-la-bonne-chambre-deupen-ne-brille-plus-une-necrologie-pour-un-restaurant-legendaire\/#primaryimage\"},\"thumbnailUrl\":\"https:\/\/vieassociative.be\/actualites\/wp-content\/uploads\/2025\/06\/1750796331_Grazie-San-Marco-la-bonne-chambre-dEupen-ne-brille-plus.jpg\",\"datePublished\":\"2025-06-24T20:18:50+00:00\",\"dateModified\":\"2025-06-24T20:18:50+00:00\",\"breadcrumb\":{\"@id\":\"https:\/\/vieassociative.be\/actualites\/grazie-san-marco-la-bonne-chambre-deupen-ne-brille-plus-une-necrologie-pour-un-restaurant-legendaire\/#breadcrumb\"},\"inLanguage\":\"fr-BE\",\"potentialAction\":[{\"@type\":\"ReadAction\",\"target\":[\"https:\/\/vieassociative.be\/actualites\/grazie-san-marco-la-bonne-chambre-deupen-ne-brille-plus-une-necrologie-pour-un-restaurant-legendaire\/\"]}]},{\"@type\":\"ImageObject\",\"inLanguage\":\"fr-BE\",\"@id\":\"https:\/\/vieassociative.be\/actualites\/grazie-san-marco-la-bonne-chambre-deupen-ne-brille-plus-une-necrologie-pour-un-restaurant-legendaire\/#primaryimage\",\"url\":\"https:\/\/vieassociative.be\/actualites\/wp-content\/uploads\/2025\/06\/1750796331_Grazie-San-Marco-la-bonne-chambre-dEupen-ne-brille-plus.jpg\",\"contentUrl\":\"https:\/\/vieassociative.be\/actualites\/wp-content\/uploads\/2025\/06\/1750796331_Grazie-San-Marco-la-bonne-chambre-dEupen-ne-brille-plus.jpg\",\"width\":1200,\"height\":900,\"caption\":\"\\\"Grazie, San Marco\\\": la bonne chambre d'Eupen ne brille plus - une n\u00e9crologie pour un restaurant l\u00e9gendaire\"},{\"@type\":\"BreadcrumbList\",\"@id\":\"https:\/\/vieassociative.be\/actualites\/grazie-san-marco-la-bonne-chambre-deupen-ne-brille-plus-une-necrologie-pour-un-restaurant-legendaire\/#breadcrumb\",\"itemListElement\":[{\"@type\":\"ListItem\",\"position\":1,\"name\":\"Accueil\",\"item\":\"https:\/\/vieassociative.be\/actualites\/\"},{\"@type\":\"ListItem\",\"position\":2,\"name\":\"\u00ab\u00a0Grazie, San Marco\u00a0\u00bb: la bonne chambre d&rsquo;Eupen ne brille plus &#8211; une n\u00e9crologie pour un restaurant l\u00e9gendaire\"}]},{\"@type\":\"WebSite\",\"@id\":\"https:\/\/vieassociative.be\/actualites\/#website\",\"url\":\"https:\/\/vieassociative.be\/actualites\/\",\"name\":\"Vie Associative\",\"description\":\"\",\"publisher\":{\"@id\":\"https:\/\/vieassociative.be\/actualites\/#organization\"},\"potentialAction\":[{\"@type\":\"SearchAction\",\"target\":{\"@type\":\"EntryPoint\",\"urlTemplate\":\"https:\/\/vieassociative.be\/actualites\/?s={search_term_string}\"},\"query-input\":{\"@type\":\"PropertyValueSpecification\",\"valueRequired\":true,\"valueName\":\"search_term_string\"}}],\"inLanguage\":\"fr-BE\"},{\"@type\":\"Organization\",\"@id\":\"https:\/\/vieassociative.be\/actualites\/#organization\",\"name\":\"Vie Associative\",\"url\":\"https:\/\/vieassociative.be\/actualites\/\",\"logo\":{\"@type\":\"ImageObject\",\"inLanguage\":\"fr-BE\",\"@id\":\"https:\/\/vieassociative.be\/actualites\/#\/schema\/logo\/image\/\",\"url\":\"https:\/\/vieassociative.be\/actualites\/wp-content\/uploads\/2024\/09\/cropped-vieassociative_favicon.ico.png\",\"contentUrl\":\"https:\/\/vieassociative.be\/actualites\/wp-content\/uploads\/2024\/09\/cropped-vieassociative_favicon.ico.png\",\"width\":512,\"height\":512,\"caption\":\"Vie Associative\"},\"image\":{\"@id\":\"https:\/\/vieassociative.be\/actualites\/#\/schema\/logo\/image\/\"}},{\"@type\":\"Person\",\"@id\":\"https:\/\/vieassociative.be\/actualites\/#\/schema\/person\/b87ac4f82f9d4e7b7cec7395b679edc4\",\"name\":\"Julien\",\"image\":{\"@type\":\"ImageObject\",\"inLanguage\":\"fr-BE\",\"@id\":\"https:\/\/vieassociative.be\/actualites\/#\/schema\/person\/image\/\",\"url\":\"https:\/\/vieassociative.be\/actualites\/wp-content\/uploads\/2024\/09\/vie-associative-1-150x150.jpg\",\"contentUrl\":\"https:\/\/vieassociative.be\/actualites\/wp-content\/uploads\/2024\/09\/vie-associative-1-150x150.jpg\",\"caption\":\"Julien\"},\"description\":\"Je suis Julien, r\u00e9dacteur pour Vie Associative. Passionn\u00e9 par le monde associatif depuis plus de 10 ans, j'ai \u00e0 c\u0153ur de partager des histoires inspirantes et de mettre en lumi\u00e8re les initiatives locales. Mon objectif est de sensibiliser et d'encourager l'engagement communautaire \u00e0 travers mes articles.\",\"sameAs\":[\"https:\/\/vieassociative.be\/\"]}]}<\/script>\n<!-- \/ Yoast SEO plugin. -->","yoast_head_json":{"title":"\"Grazie, San Marco\": la bonne chambre d'Eupen ne brille plus - une n\u00e9crologie pour un restaurant l\u00e9gendaire | Vie Associative","robots":{"index":"index","follow":"follow","max-snippet":"max-snippet:-1","max-image-preview":"max-image-preview:large","max-video-preview":"max-video-preview:-1"},"canonical":"https:\/\/vieassociative.be\/actualites\/grazie-san-marco-la-bonne-chambre-deupen-ne-brille-plus-une-necrologie-pour-un-restaurant-legendaire\/","og_locale":"fr_FR","og_type":"article","og_title":"\"Grazie, San Marco\": la bonne chambre d'Eupen ne brille plus - une n\u00e9crologie pour un restaurant l\u00e9gendaire | Vie Associative","og_description":"Longtemps apr\u00e8s la fermeture, l&rsquo;op\u00e9rateur du l\u00e9gendaire restaurant d&rsquo;Eupen \u00ab\u00a0San Marco\u00a0\u00bb a rompu son silence sur Aachener Strasse. Apr\u00e8s lui, selon sa propre repr\u00e9sentation, il","og_url":"https:\/\/vieassociative.be\/actualites\/grazie-san-marco-la-bonne-chambre-deupen-ne-brille-plus-une-necrologie-pour-un-restaurant-legendaire\/","og_site_name":"Vie Associative","article_published_time":"2025-06-24T20:18:50+00:00","og_image":[{"width":279,"height":92,"url":"https:\/\/vieassociative.be\/actualites\/wp-content\/uploads\/2024\/09\/header_backgroundk-01-e1726694325946.png","type":"image\/png"}],"author":"Julien","twitter_card":"summary_large_image","twitter_misc":{"\u00c9crit par":"Julien","Dur\u00e9e de lecture est.":"2 minutes"},"schema":{"@context":"https:\/\/schema.org","@graph":[{"@type":"Article","@id":"https:\/\/vieassociative.be\/actualites\/grazie-san-marco-la-bonne-chambre-deupen-ne-brille-plus-une-necrologie-pour-un-restaurant-legendaire\/#article","isPartOf":{"@id":"https:\/\/vieassociative.be\/actualites\/grazie-san-marco-la-bonne-chambre-deupen-ne-brille-plus-une-necrologie-pour-un-restaurant-legendaire\/"},"author":{"name":"Julien","@id":"https:\/\/vieassociative.be\/actualites\/#\/schema\/person\/b87ac4f82f9d4e7b7cec7395b679edc4"},"headline":"\u00ab\u00a0Grazie, San Marco\u00a0\u00bb: la bonne chambre d&rsquo;Eupen ne brille plus &#8211; une n\u00e9crologie pour un restaurant l\u00e9gendaire","datePublished":"2025-06-24T20:18:50+00:00","dateModified":"2025-06-24T20:18:50+00:00","mainEntityOfPage":{"@id":"https:\/\/vieassociative.be\/actualites\/grazie-san-marco-la-bonne-chambre-deupen-ne-brille-plus-une-necrologie-pour-un-restaurant-legendaire\/"},"wordCount":462,"publisher":{"@id":"https:\/\/vieassociative.be\/actualites\/#organization"},"image":{"@id":"https:\/\/vieassociative.be\/actualites\/grazie-san-marco-la-bonne-chambre-deupen-ne-brille-plus-une-necrologie-pour-un-restaurant-legendaire\/#primaryimage"},"thumbnailUrl":"https:\/\/vieassociative.be\/actualites\/wp-content\/uploads\/2025\/06\/1750796331_Grazie-San-Marco-la-bonne-chambre-dEupen-ne-brille-plus.jpg","keywords":["bonne","brille","chambre","dEupen","Grazie","l\u00e9gendaire","Marco","n\u00e9crologie","pour","restaurant","San","une"],"articleSection":["Belgique"],"inLanguage":"fr-BE"},{"@type":"WebPage","@id":"https:\/\/vieassociative.be\/actualites\/grazie-san-marco-la-bonne-chambre-deupen-ne-brille-plus-une-necrologie-pour-un-restaurant-legendaire\/","url":"https:\/\/vieassociative.be\/actualites\/grazie-san-marco-la-bonne-chambre-deupen-ne-brille-plus-une-necrologie-pour-un-restaurant-legendaire\/","name":"\"Grazie, San Marco\": la bonne chambre d'Eupen ne brille plus - une n\u00e9crologie pour un restaurant l\u00e9gendaire | Vie Associative","isPartOf":{"@id":"https:\/\/vieassociative.be\/actualites\/#website"},"primaryImageOfPage":{"@id":"https:\/\/vieassociative.be\/actualites\/grazie-san-marco-la-bonne-chambre-deupen-ne-brille-plus-une-necrologie-pour-un-restaurant-legendaire\/#primaryimage"},"image":{"@id":"https:\/\/vieassociative.be\/actualites\/grazie-san-marco-la-bonne-chambre-deupen-ne-brille-plus-une-necrologie-pour-un-restaurant-legendaire\/#primaryimage"},"thumbnailUrl":"https:\/\/vieassociative.be\/actualites\/wp-content\/uploads\/2025\/06\/1750796331_Grazie-San-Marco-la-bonne-chambre-dEupen-ne-brille-plus.jpg","datePublished":"2025-06-24T20:18:50+00:00","dateModified":"2025-06-24T20:18:50+00:00","breadcrumb":{"@id":"https:\/\/vieassociative.be\/actualites\/grazie-san-marco-la-bonne-chambre-deupen-ne-brille-plus-une-necrologie-pour-un-restaurant-legendaire\/#breadcrumb"},"inLanguage":"fr-BE","potentialAction":[{"@type":"ReadAction","target":["https:\/\/vieassociative.be\/actualites\/grazie-san-marco-la-bonne-chambre-deupen-ne-brille-plus-une-necrologie-pour-un-restaurant-legendaire\/"]}]},{"@type":"ImageObject","inLanguage":"fr-BE","@id":"https:\/\/vieassociative.be\/actualites\/grazie-san-marco-la-bonne-chambre-deupen-ne-brille-plus-une-necrologie-pour-un-restaurant-legendaire\/#primaryimage","url":"https:\/\/vieassociative.be\/actualites\/wp-content\/uploads\/2025\/06\/1750796331_Grazie-San-Marco-la-bonne-chambre-dEupen-ne-brille-plus.jpg","contentUrl":"https:\/\/vieassociative.be\/actualites\/wp-content\/uploads\/2025\/06\/1750796331_Grazie-San-Marco-la-bonne-chambre-dEupen-ne-brille-plus.jpg","width":1200,"height":900,"caption":"\"Grazie, San Marco\": la bonne chambre d'Eupen ne brille plus - une n\u00e9crologie pour un restaurant l\u00e9gendaire"},{"@type":"BreadcrumbList","@id":"https:\/\/vieassociative.be\/actualites\/grazie-san-marco-la-bonne-chambre-deupen-ne-brille-plus-une-necrologie-pour-un-restaurant-legendaire\/#breadcrumb","itemListElement":[{"@type":"ListItem","position":1,"name":"Accueil","item":"https:\/\/vieassociative.be\/actualites\/"},{"@type":"ListItem","position":2,"name":"\u00ab\u00a0Grazie, San Marco\u00a0\u00bb: la bonne chambre d&rsquo;Eupen ne brille plus &#8211; une n\u00e9crologie pour un restaurant l\u00e9gendaire"}]},{"@type":"WebSite","@id":"https:\/\/vieassociative.be\/actualites\/#website","url":"https:\/\/vieassociative.be\/actualites\/","name":"Vie Associative","description":"","publisher":{"@id":"https:\/\/vieassociative.be\/actualites\/#organization"},"potentialAction":[{"@type":"SearchAction","target":{"@type":"EntryPoint","urlTemplate":"https:\/\/vieassociative.be\/actualites\/?s={search_term_string}"},"query-input":{"@type":"PropertyValueSpecification","valueRequired":true,"valueName":"search_term_string"}}],"inLanguage":"fr-BE"},{"@type":"Organization","@id":"https:\/\/vieassociative.be\/actualites\/#organization","name":"Vie Associative","url":"https:\/\/vieassociative.be\/actualites\/","logo":{"@type":"ImageObject","inLanguage":"fr-BE","@id":"https:\/\/vieassociative.be\/actualites\/#\/schema\/logo\/image\/","url":"https:\/\/vieassociative.be\/actualites\/wp-content\/uploads\/2024\/09\/cropped-vieassociative_favicon.ico.png","contentUrl":"https:\/\/vieassociative.be\/actualites\/wp-content\/uploads\/2024\/09\/cropped-vieassociative_favicon.ico.png","width":512,"height":512,"caption":"Vie Associative"},"image":{"@id":"https:\/\/vieassociative.be\/actualites\/#\/schema\/logo\/image\/"}},{"@type":"Person","@id":"https:\/\/vieassociative.be\/actualites\/#\/schema\/person\/b87ac4f82f9d4e7b7cec7395b679edc4","name":"Julien","image":{"@type":"ImageObject","inLanguage":"fr-BE","@id":"https:\/\/vieassociative.be\/actualites\/#\/schema\/person\/image\/","url":"https:\/\/vieassociative.be\/actualites\/wp-content\/uploads\/2024\/09\/vie-associative-1-150x150.jpg","contentUrl":"https:\/\/vieassociative.be\/actualites\/wp-content\/uploads\/2024\/09\/vie-associative-1-150x150.jpg","caption":"Julien"},"description":"Je suis Julien, r\u00e9dacteur pour Vie Associative. Passionn\u00e9 par le monde associatif depuis plus de 10 ans, j'ai \u00e0 c\u0153ur de partager des histoires inspirantes et de mettre en lumi\u00e8re les initiatives locales. Mon objectif est de sensibiliser et d'encourager l'engagement communautaire \u00e0 travers mes articles.","sameAs":["https:\/\/vieassociative.be\/"]}]}},"_links":{"self":[{"href":"https:\/\/vieassociative.be\/actualites\/wp-json\/wp\/v2\/posts\/8362"}],"collection":[{"href":"https:\/\/vieassociative.be\/actualites\/wp-json\/wp\/v2\/posts"}],"about":[{"href":"https:\/\/vieassociative.be\/actualites\/wp-json\/wp\/v2\/types\/post"}],"author":[{"embeddable":true,"href":"https:\/\/vieassociative.be\/actualites\/wp-json\/wp\/v2\/users\/1"}],"replies":[{"embeddable":true,"href":"https:\/\/vieassociative.be\/actualites\/wp-json\/wp\/v2\/comments?post=8362"}],"version-history":[{"count":0,"href":"https:\/\/vieassociative.be\/actualites\/wp-json\/wp\/v2\/posts\/8362\/revisions"}],"wp:featuredmedia":[{"embeddable":true,"href":"https:\/\/vieassociative.be\/actualites\/wp-json\/wp\/v2\/media\/8363"}],"wp:attachment":[{"href":"https:\/\/vieassociative.be\/actualites\/wp-json\/wp\/v2\/media?parent=8362"}],"wp:term":[{"taxonomy":"category","embeddable":true,"href":"https:\/\/vieassociative.be\/actualites\/wp-json\/wp\/v2\/categories?post=8362"},{"taxonomy":"post_tag","embeddable":true,"href":"https:\/\/vieassociative.be\/actualites\/wp-json\/wp\/v2\/tags?post=8362"}],"curies":[{"name":"wp","href":"https:\/\/api.w.org\/{rel}","templated":true}]}}