{"id":8360,"date":"2025-06-24T21:19:07","date_gmt":"2025-06-24T19:19:07","guid":{"rendered":"https:\/\/vieassociative.be\/actualites\/mes-huit-nouvelles-fonctionnalites-et-changements-preferes-dans-la-deuxieme-version-beta-dios-26\/"},"modified":"2025-06-24T21:19:07","modified_gmt":"2025-06-24T19:19:07","slug":"mes-huit-nouvelles-fonctionnalites-et-changements-preferes-dans-la-deuxieme-version-beta-dios-26","status":"publish","type":"post","link":"https:\/\/vieassociative.be\/actualites\/mes-huit-nouvelles-fonctionnalites-et-changements-preferes-dans-la-deuxieme-version-beta-dios-26\/","title":{"rendered":"Mes huit nouvelles fonctionnalit\u00e9s et changements pr\u00e9f\u00e9r\u00e9s dans la deuxi\u00e8me version b\u00eata d&rsquo;iOS 26"},"content":{"rendered":"<div class=\"mt-4 leading-6 md:mb-8\">Un nouveau look pour le centre de contr\u00f4le et une nouvelle sonnerie pour votre iPhone.<\/div>\n<p><\/p>\n<p>Lundi, Apple a publi\u00e9 son deuxi\u00e8me d\u00e9veloppeur b\u00eata pour iOS 26. Bien que la mise \u00e0 jour soit principalement l\u00e0 pour corriger les bogues et les p\u00e9pins trouv\u00e9s dans la premi\u00e8re version b\u00eata, Apple a profit\u00e9 de l&rsquo;occasion pour inclure de nouvelles fonctionnalit\u00e9s et changements qui n&rsquo;\u00e9taient pas pr\u00eats pour la b\u00eata 1 &#8211; au moins huit, en fait.<\/p>\n<p>Pour \u00eatre clair, iOS 26 est actuellement en b\u00eata et n&rsquo;est g\u00e9n\u00e9ralement pas encore disponible pour le public. De plus, c&rsquo;est le d\u00e9veloppeur b\u00eata, qui est destin\u00e9 aux d\u00e9veloppeurs de logiciels pour tester leurs applications dans le nouveau syst\u00e8me d&rsquo;exploitation d&rsquo;Apple. Bien que n&rsquo;importe qui puisse installer la version b\u00eata sur ses iPhones, je ne le recommande pas, car il est encore trop instable. Vous pouvez trouver votre iPhone inutilisable ou perdre des donn\u00e9es si vous d\u00e9sinstallez la version b\u00eata sans sauvegarde appropri\u00e9e. <\/p>\n<p>Que vous dirigeiez la version b\u00eata ou que vous soyez juste curieux de savoir ce qui est nouveau, voici huit de mes fonctionnalit\u00e9s et modifications pr\u00e9f\u00e9r\u00e9es que j&rsquo;ai vues dans la deuxi\u00e8me version b\u00eata de l&rsquo;Apple iOS 26. <\/p>\n<h2 id=\"control-centers-liquid-glass-effect\">Effet de verre liquide du centre de contr\u00f4le  <\/h2>\n<p>La premi\u00e8re chose que vous remarquerez probablement lorsque vous installez iOS 26 sur votre iPhone (ou l&rsquo;une des prochaines mises \u00e0 jour d&rsquo;Apple, vraiment) est la nouvelle conception de verre liquide. Il est difficile de manquer: tous les \u00e9l\u00e9ments de l&rsquo;interface utilisateur &#8211; y compris les barres de menu, les fen\u00eatres et les boutons &#8211; prennent maintenant un effet \u00ab\u00a0vitreux\u00a0\u00bb qui montre les \u00e9l\u00e9ments derri\u00e8re eux, bien que floues et d\u00e9form\u00e9s. <\/p>\n<p>Bien qu&rsquo;il y ait beaucoup d&rsquo;opinions sur cette refonte, je pense que c&rsquo;est assez cool, et il est rafra\u00eechissant de voir Apple m\u00e9langer sa conception de mani\u00e8re majeure pour la premi\u00e8re fois en plus d&rsquo;une d\u00e9cennie. Cela dit, la conception initiale qui a \u00e9t\u00e9 d\u00e9ploy\u00e9e avec la premi\u00e8re version b\u00eata iOS 26 n&rsquo;\u00e9tait pas parfaite. Le centre de contr\u00f4le, en particulier, \u00e9tait un peu en d\u00e9sordre: comme d&rsquo;habitude, il pr\u00e9sente une grille de carreaux, mais maintenant ils sont faits de \u00abverre\u00bb, laissant trop de fond. C&rsquo;est difficile \u00e0 voir; C&rsquo;est d\u00e9sordonn\u00e9; Ce n&rsquo;est tout simplement pas tr\u00e8s pomme. <\/p>\n<p>L&rsquo;entreprise est clairement retourn\u00e9e \u00e0 la planche \u00e0 dessin pour Beta 2, car le centre de contr\u00f4le semble maintenant tr\u00e8s diff\u00e9rent. Apple a consid\u00e9rablement r\u00e9duit l&rsquo;effet de transparence, au point o\u00f9 je ne vous bl\u00e2merais pas de penser que rien n&rsquo;avait chang\u00e9 d&rsquo;iOS 18. <\/p>\n<blockquote class=\"twitterEmbed twitter-tweet\"><p>\n    <a rel=\"nofollow noopener\" class=\"text-gray-600\" href=\"https:\/\/twitter.com\/MacRumors\/status\/1937208791080304816\" title=\"open in a new window\" target=\"_blank\"><\/p>\n<p>        Ce tweet n&rsquo;est actuellement pas disponible. Il peut \u00eatre charg\u00e9 ou a \u00e9t\u00e9 supprim\u00e9.<br \/>\n    <\/a>\n<\/p><\/blockquote>\n<p>Il est objectivement plus facile de voir les carreaux maintenant, mais je me demande si Apple pourrait trouver un meilleur \u00e9quilibre ici. J&rsquo;appr\u00e9cie le besoin de visibilit\u00e9 et de simplicit\u00e9, mais j&rsquo;aime le nouveau look vitreux, et ce serait dommage si cette conception \u00e9tait compromise par la n\u00e9cessit\u00e9 de r\u00e9duire l&rsquo;effet trop souvent. Il est encore plus t\u00f4t, donc nous verrons o\u00f9 liquide le verre se retrouve \u00e0 la fin des tests b\u00eata.<\/p>\n<h2 id=\"the-transparency-can-be-reduced-even-more\">La transparence peut \u00eatre encore plus r\u00e9duite <\/h2>\n<p>Avant l&rsquo;effet de verre liquide du Centre de contr\u00f4le att\u00e9nu\u00e9 en pomme en b\u00eata 2, les b\u00eata-testeurs cherchaient des moyens de r\u00e9duire l&rsquo;effet par eux-m\u00eames. En l&rsquo;occurrence, \u00abR\u00e9duire la transparence\u00bb, une fonctionnalit\u00e9 d&rsquo;accessibilit\u00e9 existante, fait le travail, r\u00e9duisant les effets transparents \u00e0 travers iOS. <\/p>\n<p>Avec la derni\u00e8re version b\u00eata, Apple a encore renforc\u00e9 les effets de la transparence. Il semble que ce sera la solution de contournement officielle pour limiter le nouveau design d&rsquo;Apple, au moins \u00e0 ce stade.      <\/p>\n<h2 id=\"a-new-ringtone\">Une nouvelle sonnerie<\/h2>\n<p>Apple a mis \u00e0 jour pour la derni\u00e8re fois sa s\u00e9lection de sonneries avec iOS 17 en 2023. <\/p>\n<p>La r\u00e9flexion est d\u00e9sormais la sonnerie par d\u00e9faut sur tous les iPhones, et bien que vous puissiez le modifier par l&rsquo;un des autres tons d&rsquo;Apple (ou m\u00eame l&rsquo;un des v\u00f4tres), la soci\u00e9t\u00e9 pr\u00e9f\u00e9rera que vous avez une autre version de Reflection pour travailler. Avec Beta 2, Apple a ajout\u00e9 Alt 1 comme option sous r\u00e9flexion, la sonnerie d&rsquo;origine d\u00e9sormais \u00e9tiquet\u00e9e comme \u00ab\u00a0par d\u00e9faut\u00a0\u00bb. En l&rsquo;occurrence, la nouvelle sonnerie a \u00e9t\u00e9 rep\u00e9r\u00e9e dans le fichier IPSW de la premi\u00e8re version b\u00eata, mais Apple l&rsquo;a seulement ajout\u00e9 aux param\u00e8tres de sonnerie avec cette derni\u00e8re mise \u00e0 jour. <\/p>\n<p>Vous pouvez entendre la nouvelle sonnerie ci-dessous. Je pense que c&rsquo;est plut\u00f4t g\u00e9nial, bien que je ne sache pas pourquoi Apple \u00e9tait mort en appelant cela une version alternative de la r\u00e9flexion. Cela me semble suffisamment diff\u00e9rent pour que cela ait pu \u00eatre sa propre sonnerie. <\/p>\n<blockquote class=\"twitterEmbed twitter-tweet\"><p>\n    <a rel=\"nofollow noopener\" class=\"text-gray-600\" href=\"https:\/\/twitter.com\/8810cfw\/status\/1935248131157049700\" title=\"open in a new window\" target=\"_blank\"><\/p>\n<p>        Ce tweet n&rsquo;est actuellement pas disponible. Il peut \u00eatre charg\u00e9 ou a \u00e9t\u00e9 supprim\u00e9.<br \/>\n    <\/a>\n<\/p><\/blockquote>\n<h2 id=\"a-new-live-radio-widget\">Un nouveau widget \u00ab\u00a0en direct\u00a0\u00bb<\/h2>\n<p>Apple Music a un nouveau widget d&rsquo;\u00e9cran d&rsquo;accueil: la radio en direct. Si vous \u00e9coutez fr\u00e9quemment les diff\u00e9rentes stations de radio d&rsquo;Apple Music, vous pouvez ajouter ce widget \u00e0 l&rsquo;\u00e9cran d&rsquo;accueil de votre iPhone pour s\u00e9lectionner une station sans avoir besoin d&rsquo;ouvrir d&rsquo;abord Apple Music.<\/p>\n<div class=\"pogoClear relative my-10 border-b-(1.5px) border-t-(1.5px) border-dashed border-black py-5 sm:my-14 sm:border-0 sm:py-0\" data-ga-click data-ga-template=\"News\" data-ga-module=\"openweb_widget\" data-ga-element=\"openweb_scroll\" data-ga-item=\"openweb_scroll_midpage\" x-data=\"{\n         commentsCount: null,\n         hasComments: false,\n         async fetchCommentsCount() {\n             try {\n                 if (window.openweb &amp;&amp; typeof window.openweb.getMessagesCount === 'function') {\n                     this.commentsCount = await window.openweb.getMessagesCount('01JYHAXDENEJY7PZY3DW4JD8WS');\n                     this.hasComments = this.commentsCount !== null &amp;&amp; this.commentsCount &gt; 0;\n                 }\n             } catch (e) {\n                 console.warn('Failed to fetch comment count:', e);\n             }\n         }\n     }\" x-init=\"fetchCommentsCount()\" x-cloak><\/p>\n<div class=\"absolute top-1\/2 hidden w-full -translate-y-1\/2 border-t-(1.5px) border-dashed border-black sm:block\"><\/div>\n<div class=\"relative flex justify-center\">\n<div class=\"flex max-w-fit items-center gap-x-3 bg-white px-5\">\n<div class=\"relative\">\n                <span class=\"absolute left-1\/2 top-1\/2 -translate-x-1\/2 -translate-y-1\/2 font-akshar text-sm font-medium text-black\" aria-live=\"polite\" x-show=\"hasComments\" x-text=\"commentsCount\"><\/span><\/p>\n<p>                <svg class=\"h-8 w-8 text-black\" role=\"img\" aria-hidden=\"true\">\n                    <use href=\"http:\/\/lifehacker.com\/images\/icons\/spritemap.svg#sprite-chat-bubble\"><\/use>\n                <\/svg>\n            <\/div>\n<p>            <span class=\"text-sm font-medium text-black\"><\/p>\n<p>                Que pensez-vous jusqu&rsquo;\u00e0 pr\u00e9sent?<br \/>\n                <button class=\"ml-1 font-semibold text-brand-green underline hover:text-brand-green-700\" type=\"button\" aria-label=\"Comment section trigger\" onclick=\"window.openweb.scrollToComments('01JYHAXDENEJY7PZY3DW4JD8WS')\" x-text=\"hasComments ? 'Post a comment.' : 'Be the first to post a comment.'\"><\/button><br \/>\n            <\/span>\n        <\/div>\n<\/p><\/div>\n<\/div>\n<h2 id=\"safaris-tab-options-are-back\">Les options d&rsquo;onglet de Safari sont de retour<\/h2>\n<p>Avec la premi\u00e8re version b\u00eata iOS 26, le safari redessin\u00e9 d&rsquo;Apple a \u00e9galement d\u00e9plac\u00e9 le placement des boutons d&rsquo;onglet. Si vous utilisez un iPhone avec iOS 18, vous \u00eates probablement habitu\u00e9 \u00e0 ce que ces options soient en bas de l&rsquo;\u00e9cran. Ce n&rsquo;est pas le cas avec iOS 26, car Apple les a d\u00e9plac\u00e9s vers le sommet.<\/p>\n<p>Peut-\u00eatre qu&rsquo;Apple a re\u00e7u une trop de plaintes de b\u00eata-testeurs dont les souvenirs musculaires les ont \u00e9chou\u00e9 lors de la navigation sur le Web, car ces boutons sont maintenant de retour en bas. <\/p>\n<h2 id=\"we-now-know-what-low-power-mode-really-does\">Nous savons maintenant ce que fait vraiment le mode \u00e0 faible puissance<\/h2>\n<p>Vous pouvez utiliser le mode basse puissance pour \u00e9liminer autant de temps que possible lorsque la batterie de votre iPhone commence \u00e0 mourir, mais savez-vous vraiment ce que fait la fonctionnalit\u00e9?<\/p>\n<p>Nous n&rsquo;avons pu sp\u00e9culer que jusqu&rsquo;\u00e0 ce point, car la description actuelle de iOS 18 dit: \u00ab\u00a0Le mode de faible puissance r\u00e9duit temporairement l&rsquo;activit\u00e9 de fond comme les t\u00e9l\u00e9chargements et le courrier fetch jusqu&rsquo;\u00e0 ce que vous puissiez charger compl\u00e8tement votre iPhone.\u00a0\u00bb Mais il fait clairement plus que cela, car toute personne ayant un taux de rafra\u00eechissement \u00e9lev\u00e9 peut attester que le mode de puissance faible r\u00e9duit le taux de rafra\u00eechissement de 120 Hz \u00e0 60 Hz.  <\/p>\n<p>iOS 26 Beta 2 nous donne <em>beaucoup <\/em>Plus de d\u00e9tails, par macrumors. La description se lit maintenant: \u00ab\u00a0L&rsquo;iPhone r\u00e9duira temporairement certaines activit\u00e9s de fond, le traitement de la vitesse de traitement, affichera le taux de rafra\u00eechissement et la luminosit\u00e9, et limitera certaines fonctionnalit\u00e9s telles que la 5G, la synchronisation iCloud, la r\u00e9cup\u00e9ration du courrier, etc.<\/p>\n<p>Bien que cela puisse toujours ne pas couvrir toutes les bases, Apple confirme maintenant que le mode de faible puissance emp\u00eache non seulement les applications de fonctionner en arri\u00e8re-plan, mais fait \u00e9galement des choses comme r\u00e9duire la vitesse de traitement et limiter les connexions cellulaires exigeantes. <\/p>\n<h2 id=\"order-tracking-in-apple-wallet-is-now-live\">Le suivi des commandes dans Apple Wallet est maintenant en direct<\/h2>\n<p>Apple a initialement annonc\u00e9 la possibilit\u00e9 de suivre vos commandes dans Apple Wallet pendant la WWDC, mais en tant que Beta 2, la fonctionnalit\u00e9 est maintenant en direct. Lorsque vous mettez \u00e0 jour, vous verrez une option pour scanner l&rsquo;application de messagerie pour les commandes des entreprises, qui appara\u00eetront ensuite dans Wallet. Vous pouvez voir quelles commandes ont \u00e9t\u00e9 pass\u00e9es, qui ont \u00e9t\u00e9 exp\u00e9di\u00e9es et lesquelles sont disponibles pour la livraison. <\/p>\n<h2 id=\"apple-confirms-you-can-restore-your-iphone-without-a-mac-or-pc\">Apple confirme que vous pouvez restaurer votre iPhone sans Mac ou PC<\/h2>\n<p>Comme le rapporte Macrumors, la version b\u00eata initiale de iOS 26 contenait la possibilit\u00e9 de restaurer votre iPhone sans ordinateur s\u00e9par\u00e9 &#8211; un premier pour Apple. Mais avec Beta 2, Apple a confirm\u00e9 le changement dans ses notes de publication, disant: \u00ab\u00a0L&rsquo;assistant de r\u00e9cup\u00e9ration est une nouvelle fa\u00e7on de r\u00e9cup\u00e9rer votre appareil s&rsquo;il ne d\u00e9marre pas normalement. Il peut rechercher des probl\u00e8mes et tenter de les r\u00e9soudre si elle est trouv\u00e9e.\u00a0\u00bb  <\/p>\n<p><script async src=\"https:\/\/platform.twitter.com\/widgets.js\" charset=\"utf-8\"><\/script><\/p>\n","protected":false},"excerpt":{"rendered":"<p>Un nouveau look pour le centre de contr\u00f4le et une nouvelle sonnerie pour votre iPhone. Lundi, Apple a publi\u00e9 son deuxi\u00e8me d\u00e9veloppeur b\u00eata pour iOS<\/p>\n","protected":false},"author":1,"featured_media":8361,"comment_status":"","ping_status":"","sticky":false,"template":"","format":"standard","meta":{"footnotes":""},"categories":[13],"tags":[4813,6797,166,2525,285,1216,78,87,1215,89,2376],"class_list":["post-8360","post","type-post","status-publish","format-standard","has-post-thumbnail","hentry","category-technologie","tag-beta","tag-changements","tag-dans","tag-deuxieme","tag-dios","tag-fonctionnalites","tag-huit","tag-mes","tag-nouvelles","tag-preferes","tag-version","generate-columns","tablet-grid-50","mobile-grid-100","grid-parent","grid-33"],"yoast_head":"<!-- This site is optimized with the Yoast SEO plugin v24.0 - https:\/\/yoast.com\/wordpress\/plugins\/seo\/ -->\n<title>Mes huit nouvelles fonctionnalit\u00e9s et changements pr\u00e9f\u00e9r\u00e9s dans la deuxi\u00e8me version b\u00eata d&#039;iOS 26 | Vie Associative<\/title>\n<meta name=\"robots\" content=\"index, follow, max-snippet:-1, max-image-preview:large, max-video-preview:-1\" \/>\n<link rel=\"canonical\" href=\"https:\/\/vieassociative.be\/actualites\/mes-huit-nouvelles-fonctionnalites-et-changements-preferes-dans-la-deuxieme-version-beta-dios-26\/\" \/>\n<meta property=\"og:locale\" content=\"fr_FR\" \/>\n<meta property=\"og:type\" content=\"article\" \/>\n<meta property=\"og:title\" content=\"Mes huit nouvelles fonctionnalit\u00e9s et changements pr\u00e9f\u00e9r\u00e9s dans la deuxi\u00e8me version b\u00eata d&#039;iOS 26 | Vie Associative\" \/>\n<meta property=\"og:description\" content=\"Un nouveau look pour le centre de contr\u00f4le et une nouvelle sonnerie pour votre iPhone. Lundi, Apple a publi\u00e9 son deuxi\u00e8me d\u00e9veloppeur b\u00eata pour iOS\" \/>\n<meta property=\"og:url\" content=\"https:\/\/vieassociative.be\/actualites\/mes-huit-nouvelles-fonctionnalites-et-changements-preferes-dans-la-deuxieme-version-beta-dios-26\/\" \/>\n<meta property=\"og:site_name\" content=\"Vie Associative\" \/>\n<meta property=\"article:published_time\" content=\"2025-06-24T19:19:07+00:00\" \/>\n<meta property=\"og:image\" content=\"https:\/\/vieassociative.be\/actualites\/wp-content\/uploads\/2024\/09\/header_backgroundk-01-e1726694325946.png\" \/>\n\t<meta property=\"og:image:width\" content=\"279\" \/>\n\t<meta property=\"og:image:height\" content=\"92\" \/>\n\t<meta property=\"og:image:type\" content=\"image\/png\" \/>\n<meta name=\"author\" content=\"Julien\" \/>\n<meta name=\"twitter:card\" content=\"summary_large_image\" \/>\n<meta name=\"twitter:label1\" content=\"\u00c9crit par\" \/>\n\t<meta name=\"twitter:data1\" content=\"Julien\" \/>\n\t<meta name=\"twitter:label2\" content=\"Dur\u00e9e de lecture est.\" \/>\n\t<meta name=\"twitter:data2\" content=\"7 minutes\" \/>\n<script type=\"application\/ld+json\" class=\"yoast-schema-graph\">{\"@context\":\"https:\/\/schema.org\",\"@graph\":[{\"@type\":\"Article\",\"@id\":\"https:\/\/vieassociative.be\/actualites\/mes-huit-nouvelles-fonctionnalites-et-changements-preferes-dans-la-deuxieme-version-beta-dios-26\/#article\",\"isPartOf\":{\"@id\":\"https:\/\/vieassociative.be\/actualites\/mes-huit-nouvelles-fonctionnalites-et-changements-preferes-dans-la-deuxieme-version-beta-dios-26\/\"},\"author\":{\"name\":\"Julien\",\"@id\":\"https:\/\/vieassociative.be\/actualites\/#\/schema\/person\/b87ac4f82f9d4e7b7cec7395b679edc4\"},\"headline\":\"Mes huit nouvelles fonctionnalit\u00e9s et changements pr\u00e9f\u00e9r\u00e9s dans la deuxi\u00e8me version b\u00eata d&rsquo;iOS 26\",\"datePublished\":\"2025-06-24T19:19:07+00:00\",\"dateModified\":\"2025-06-24T19:19:07+00:00\",\"mainEntityOfPage\":{\"@id\":\"https:\/\/vieassociative.be\/actualites\/mes-huit-nouvelles-fonctionnalites-et-changements-preferes-dans-la-deuxieme-version-beta-dios-26\/\"},\"wordCount\":1488,\"publisher\":{\"@id\":\"https:\/\/vieassociative.be\/actualites\/#organization\"},\"image\":{\"@id\":\"https:\/\/vieassociative.be\/actualites\/mes-huit-nouvelles-fonctionnalites-et-changements-preferes-dans-la-deuxieme-version-beta-dios-26\/#primaryimage\"},\"thumbnailUrl\":\"https:\/\/vieassociative.be\/actualites\/wp-content\/uploads\/2025\/06\/Mes-huit-nouvelles-fonctionnalites-et-changements-preferes-dans-la-deuxieme.jpg\",\"keywords\":[\"b\u00eata\",\"changements\",\"dans\",\"deuxi\u00e8me\",\"diOS\",\"fonctionnalit\u00e9s\",\"Huit\",\"Mes\",\"nouvelles\",\"pr\u00e9f\u00e9r\u00e9s\",\"version\"],\"articleSection\":[\"Technologie\"],\"inLanguage\":\"fr-BE\"},{\"@type\":\"WebPage\",\"@id\":\"https:\/\/vieassociative.be\/actualites\/mes-huit-nouvelles-fonctionnalites-et-changements-preferes-dans-la-deuxieme-version-beta-dios-26\/\",\"url\":\"https:\/\/vieassociative.be\/actualites\/mes-huit-nouvelles-fonctionnalites-et-changements-preferes-dans-la-deuxieme-version-beta-dios-26\/\",\"name\":\"Mes huit nouvelles fonctionnalit\u00e9s et changements pr\u00e9f\u00e9r\u00e9s dans la deuxi\u00e8me version b\u00eata d'iOS 26 | Vie Associative\",\"isPartOf\":{\"@id\":\"https:\/\/vieassociative.be\/actualites\/#website\"},\"primaryImageOfPage\":{\"@id\":\"https:\/\/vieassociative.be\/actualites\/mes-huit-nouvelles-fonctionnalites-et-changements-preferes-dans-la-deuxieme-version-beta-dios-26\/#primaryimage\"},\"image\":{\"@id\":\"https:\/\/vieassociative.be\/actualites\/mes-huit-nouvelles-fonctionnalites-et-changements-preferes-dans-la-deuxieme-version-beta-dios-26\/#primaryimage\"},\"thumbnailUrl\":\"https:\/\/vieassociative.be\/actualites\/wp-content\/uploads\/2025\/06\/Mes-huit-nouvelles-fonctionnalites-et-changements-preferes-dans-la-deuxieme.jpg\",\"datePublished\":\"2025-06-24T19:19:07+00:00\",\"dateModified\":\"2025-06-24T19:19:07+00:00\",\"breadcrumb\":{\"@id\":\"https:\/\/vieassociative.be\/actualites\/mes-huit-nouvelles-fonctionnalites-et-changements-preferes-dans-la-deuxieme-version-beta-dios-26\/#breadcrumb\"},\"inLanguage\":\"fr-BE\",\"potentialAction\":[{\"@type\":\"ReadAction\",\"target\":[\"https:\/\/vieassociative.be\/actualites\/mes-huit-nouvelles-fonctionnalites-et-changements-preferes-dans-la-deuxieme-version-beta-dios-26\/\"]}]},{\"@type\":\"ImageObject\",\"inLanguage\":\"fr-BE\",\"@id\":\"https:\/\/vieassociative.be\/actualites\/mes-huit-nouvelles-fonctionnalites-et-changements-preferes-dans-la-deuxieme-version-beta-dios-26\/#primaryimage\",\"url\":\"https:\/\/vieassociative.be\/actualites\/wp-content\/uploads\/2025\/06\/Mes-huit-nouvelles-fonctionnalites-et-changements-preferes-dans-la-deuxieme.jpg\",\"contentUrl\":\"https:\/\/vieassociative.be\/actualites\/wp-content\/uploads\/2025\/06\/Mes-huit-nouvelles-fonctionnalites-et-changements-preferes-dans-la-deuxieme.jpg\",\"width\":1200,\"height\":675,\"caption\":\"Mes huit nouvelles fonctionnalit\u00e9s et changements pr\u00e9f\u00e9r\u00e9s dans la deuxi\u00e8me version b\u00eata d'iOS 26\"},{\"@type\":\"BreadcrumbList\",\"@id\":\"https:\/\/vieassociative.be\/actualites\/mes-huit-nouvelles-fonctionnalites-et-changements-preferes-dans-la-deuxieme-version-beta-dios-26\/#breadcrumb\",\"itemListElement\":[{\"@type\":\"ListItem\",\"position\":1,\"name\":\"Accueil\",\"item\":\"https:\/\/vieassociative.be\/actualites\/\"},{\"@type\":\"ListItem\",\"position\":2,\"name\":\"Mes huit nouvelles fonctionnalit\u00e9s et changements pr\u00e9f\u00e9r\u00e9s dans la deuxi\u00e8me version b\u00eata d&rsquo;iOS 26\"}]},{\"@type\":\"WebSite\",\"@id\":\"https:\/\/vieassociative.be\/actualites\/#website\",\"url\":\"https:\/\/vieassociative.be\/actualites\/\",\"name\":\"Vie Associative\",\"description\":\"\",\"publisher\":{\"@id\":\"https:\/\/vieassociative.be\/actualites\/#organization\"},\"potentialAction\":[{\"@type\":\"SearchAction\",\"target\":{\"@type\":\"EntryPoint\",\"urlTemplate\":\"https:\/\/vieassociative.be\/actualites\/?s={search_term_string}\"},\"query-input\":{\"@type\":\"PropertyValueSpecification\",\"valueRequired\":true,\"valueName\":\"search_term_string\"}}],\"inLanguage\":\"fr-BE\"},{\"@type\":\"Organization\",\"@id\":\"https:\/\/vieassociative.be\/actualites\/#organization\",\"name\":\"Vie Associative\",\"url\":\"https:\/\/vieassociative.be\/actualites\/\",\"logo\":{\"@type\":\"ImageObject\",\"inLanguage\":\"fr-BE\",\"@id\":\"https:\/\/vieassociative.be\/actualites\/#\/schema\/logo\/image\/\",\"url\":\"https:\/\/vieassociative.be\/actualites\/wp-content\/uploads\/2024\/09\/cropped-vieassociative_favicon.ico.png\",\"contentUrl\":\"https:\/\/vieassociative.be\/actualites\/wp-content\/uploads\/2024\/09\/cropped-vieassociative_favicon.ico.png\",\"width\":512,\"height\":512,\"caption\":\"Vie Associative\"},\"image\":{\"@id\":\"https:\/\/vieassociative.be\/actualites\/#\/schema\/logo\/image\/\"}},{\"@type\":\"Person\",\"@id\":\"https:\/\/vieassociative.be\/actualites\/#\/schema\/person\/b87ac4f82f9d4e7b7cec7395b679edc4\",\"name\":\"Julien\",\"image\":{\"@type\":\"ImageObject\",\"inLanguage\":\"fr-BE\",\"@id\":\"https:\/\/vieassociative.be\/actualites\/#\/schema\/person\/image\/\",\"url\":\"https:\/\/vieassociative.be\/actualites\/wp-content\/uploads\/2024\/09\/vie-associative-1-150x150.jpg\",\"contentUrl\":\"https:\/\/vieassociative.be\/actualites\/wp-content\/uploads\/2024\/09\/vie-associative-1-150x150.jpg\",\"caption\":\"Julien\"},\"description\":\"Je suis Julien, r\u00e9dacteur pour Vie Associative. Passionn\u00e9 par le monde associatif depuis plus de 10 ans, j'ai \u00e0 c\u0153ur de partager des histoires inspirantes et de mettre en lumi\u00e8re les initiatives locales. Mon objectif est de sensibiliser et d'encourager l'engagement communautaire \u00e0 travers mes articles.\",\"sameAs\":[\"https:\/\/vieassociative.be\/\"]}]}<\/script>\n<!-- \/ Yoast SEO plugin. -->","yoast_head_json":{"title":"Mes huit nouvelles fonctionnalit\u00e9s et changements pr\u00e9f\u00e9r\u00e9s dans la deuxi\u00e8me version b\u00eata d'iOS 26 | Vie Associative","robots":{"index":"index","follow":"follow","max-snippet":"max-snippet:-1","max-image-preview":"max-image-preview:large","max-video-preview":"max-video-preview:-1"},"canonical":"https:\/\/vieassociative.be\/actualites\/mes-huit-nouvelles-fonctionnalites-et-changements-preferes-dans-la-deuxieme-version-beta-dios-26\/","og_locale":"fr_FR","og_type":"article","og_title":"Mes huit nouvelles fonctionnalit\u00e9s et changements pr\u00e9f\u00e9r\u00e9s dans la deuxi\u00e8me version b\u00eata d'iOS 26 | Vie Associative","og_description":"Un nouveau look pour le centre de contr\u00f4le et une nouvelle sonnerie pour votre iPhone. Lundi, Apple a publi\u00e9 son deuxi\u00e8me d\u00e9veloppeur b\u00eata pour iOS","og_url":"https:\/\/vieassociative.be\/actualites\/mes-huit-nouvelles-fonctionnalites-et-changements-preferes-dans-la-deuxieme-version-beta-dios-26\/","og_site_name":"Vie Associative","article_published_time":"2025-06-24T19:19:07+00:00","og_image":[{"width":279,"height":92,"url":"https:\/\/vieassociative.be\/actualites\/wp-content\/uploads\/2024\/09\/header_backgroundk-01-e1726694325946.png","type":"image\/png"}],"author":"Julien","twitter_card":"summary_large_image","twitter_misc":{"\u00c9crit par":"Julien","Dur\u00e9e de lecture est.":"7 minutes"},"schema":{"@context":"https:\/\/schema.org","@graph":[{"@type":"Article","@id":"https:\/\/vieassociative.be\/actualites\/mes-huit-nouvelles-fonctionnalites-et-changements-preferes-dans-la-deuxieme-version-beta-dios-26\/#article","isPartOf":{"@id":"https:\/\/vieassociative.be\/actualites\/mes-huit-nouvelles-fonctionnalites-et-changements-preferes-dans-la-deuxieme-version-beta-dios-26\/"},"author":{"name":"Julien","@id":"https:\/\/vieassociative.be\/actualites\/#\/schema\/person\/b87ac4f82f9d4e7b7cec7395b679edc4"},"headline":"Mes huit nouvelles fonctionnalit\u00e9s et changements pr\u00e9f\u00e9r\u00e9s dans la deuxi\u00e8me version b\u00eata d&rsquo;iOS 26","datePublished":"2025-06-24T19:19:07+00:00","dateModified":"2025-06-24T19:19:07+00:00","mainEntityOfPage":{"@id":"https:\/\/vieassociative.be\/actualites\/mes-huit-nouvelles-fonctionnalites-et-changements-preferes-dans-la-deuxieme-version-beta-dios-26\/"},"wordCount":1488,"publisher":{"@id":"https:\/\/vieassociative.be\/actualites\/#organization"},"image":{"@id":"https:\/\/vieassociative.be\/actualites\/mes-huit-nouvelles-fonctionnalites-et-changements-preferes-dans-la-deuxieme-version-beta-dios-26\/#primaryimage"},"thumbnailUrl":"https:\/\/vieassociative.be\/actualites\/wp-content\/uploads\/2025\/06\/Mes-huit-nouvelles-fonctionnalites-et-changements-preferes-dans-la-deuxieme.jpg","keywords":["b\u00eata","changements","dans","deuxi\u00e8me","diOS","fonctionnalit\u00e9s","Huit","Mes","nouvelles","pr\u00e9f\u00e9r\u00e9s","version"],"articleSection":["Technologie"],"inLanguage":"fr-BE"},{"@type":"WebPage","@id":"https:\/\/vieassociative.be\/actualites\/mes-huit-nouvelles-fonctionnalites-et-changements-preferes-dans-la-deuxieme-version-beta-dios-26\/","url":"https:\/\/vieassociative.be\/actualites\/mes-huit-nouvelles-fonctionnalites-et-changements-preferes-dans-la-deuxieme-version-beta-dios-26\/","name":"Mes huit nouvelles fonctionnalit\u00e9s et changements pr\u00e9f\u00e9r\u00e9s dans la deuxi\u00e8me version b\u00eata d'iOS 26 | Vie Associative","isPartOf":{"@id":"https:\/\/vieassociative.be\/actualites\/#website"},"primaryImageOfPage":{"@id":"https:\/\/vieassociative.be\/actualites\/mes-huit-nouvelles-fonctionnalites-et-changements-preferes-dans-la-deuxieme-version-beta-dios-26\/#primaryimage"},"image":{"@id":"https:\/\/vieassociative.be\/actualites\/mes-huit-nouvelles-fonctionnalites-et-changements-preferes-dans-la-deuxieme-version-beta-dios-26\/#primaryimage"},"thumbnailUrl":"https:\/\/vieassociative.be\/actualites\/wp-content\/uploads\/2025\/06\/Mes-huit-nouvelles-fonctionnalites-et-changements-preferes-dans-la-deuxieme.jpg","datePublished":"2025-06-24T19:19:07+00:00","dateModified":"2025-06-24T19:19:07+00:00","breadcrumb":{"@id":"https:\/\/vieassociative.be\/actualites\/mes-huit-nouvelles-fonctionnalites-et-changements-preferes-dans-la-deuxieme-version-beta-dios-26\/#breadcrumb"},"inLanguage":"fr-BE","potentialAction":[{"@type":"ReadAction","target":["https:\/\/vieassociative.be\/actualites\/mes-huit-nouvelles-fonctionnalites-et-changements-preferes-dans-la-deuxieme-version-beta-dios-26\/"]}]},{"@type":"ImageObject","inLanguage":"fr-BE","@id":"https:\/\/vieassociative.be\/actualites\/mes-huit-nouvelles-fonctionnalites-et-changements-preferes-dans-la-deuxieme-version-beta-dios-26\/#primaryimage","url":"https:\/\/vieassociative.be\/actualites\/wp-content\/uploads\/2025\/06\/Mes-huit-nouvelles-fonctionnalites-et-changements-preferes-dans-la-deuxieme.jpg","contentUrl":"https:\/\/vieassociative.be\/actualites\/wp-content\/uploads\/2025\/06\/Mes-huit-nouvelles-fonctionnalites-et-changements-preferes-dans-la-deuxieme.jpg","width":1200,"height":675,"caption":"Mes huit nouvelles fonctionnalit\u00e9s et changements pr\u00e9f\u00e9r\u00e9s dans la deuxi\u00e8me version b\u00eata d'iOS 26"},{"@type":"BreadcrumbList","@id":"https:\/\/vieassociative.be\/actualites\/mes-huit-nouvelles-fonctionnalites-et-changements-preferes-dans-la-deuxieme-version-beta-dios-26\/#breadcrumb","itemListElement":[{"@type":"ListItem","position":1,"name":"Accueil","item":"https:\/\/vieassociative.be\/actualites\/"},{"@type":"ListItem","position":2,"name":"Mes huit nouvelles fonctionnalit\u00e9s et changements pr\u00e9f\u00e9r\u00e9s dans la deuxi\u00e8me version b\u00eata d&rsquo;iOS 26"}]},{"@type":"WebSite","@id":"https:\/\/vieassociative.be\/actualites\/#website","url":"https:\/\/vieassociative.be\/actualites\/","name":"Vie Associative","description":"","publisher":{"@id":"https:\/\/vieassociative.be\/actualites\/#organization"},"potentialAction":[{"@type":"SearchAction","target":{"@type":"EntryPoint","urlTemplate":"https:\/\/vieassociative.be\/actualites\/?s={search_term_string}"},"query-input":{"@type":"PropertyValueSpecification","valueRequired":true,"valueName":"search_term_string"}}],"inLanguage":"fr-BE"},{"@type":"Organization","@id":"https:\/\/vieassociative.be\/actualites\/#organization","name":"Vie Associative","url":"https:\/\/vieassociative.be\/actualites\/","logo":{"@type":"ImageObject","inLanguage":"fr-BE","@id":"https:\/\/vieassociative.be\/actualites\/#\/schema\/logo\/image\/","url":"https:\/\/vieassociative.be\/actualites\/wp-content\/uploads\/2024\/09\/cropped-vieassociative_favicon.ico.png","contentUrl":"https:\/\/vieassociative.be\/actualites\/wp-content\/uploads\/2024\/09\/cropped-vieassociative_favicon.ico.png","width":512,"height":512,"caption":"Vie Associative"},"image":{"@id":"https:\/\/vieassociative.be\/actualites\/#\/schema\/logo\/image\/"}},{"@type":"Person","@id":"https:\/\/vieassociative.be\/actualites\/#\/schema\/person\/b87ac4f82f9d4e7b7cec7395b679edc4","name":"Julien","image":{"@type":"ImageObject","inLanguage":"fr-BE","@id":"https:\/\/vieassociative.be\/actualites\/#\/schema\/person\/image\/","url":"https:\/\/vieassociative.be\/actualites\/wp-content\/uploads\/2024\/09\/vie-associative-1-150x150.jpg","contentUrl":"https:\/\/vieassociative.be\/actualites\/wp-content\/uploads\/2024\/09\/vie-associative-1-150x150.jpg","caption":"Julien"},"description":"Je suis Julien, r\u00e9dacteur pour Vie Associative. Passionn\u00e9 par le monde associatif depuis plus de 10 ans, j'ai \u00e0 c\u0153ur de partager des histoires inspirantes et de mettre en lumi\u00e8re les initiatives locales. Mon objectif est de sensibiliser et d'encourager l'engagement communautaire \u00e0 travers mes articles.","sameAs":["https:\/\/vieassociative.be\/"]}]}},"_links":{"self":[{"href":"https:\/\/vieassociative.be\/actualites\/wp-json\/wp\/v2\/posts\/8360"}],"collection":[{"href":"https:\/\/vieassociative.be\/actualites\/wp-json\/wp\/v2\/posts"}],"about":[{"href":"https:\/\/vieassociative.be\/actualites\/wp-json\/wp\/v2\/types\/post"}],"author":[{"embeddable":true,"href":"https:\/\/vieassociative.be\/actualites\/wp-json\/wp\/v2\/users\/1"}],"replies":[{"embeddable":true,"href":"https:\/\/vieassociative.be\/actualites\/wp-json\/wp\/v2\/comments?post=8360"}],"version-history":[{"count":0,"href":"https:\/\/vieassociative.be\/actualites\/wp-json\/wp\/v2\/posts\/8360\/revisions"}],"wp:featuredmedia":[{"embeddable":true,"href":"https:\/\/vieassociative.be\/actualites\/wp-json\/wp\/v2\/media\/8361"}],"wp:attachment":[{"href":"https:\/\/vieassociative.be\/actualites\/wp-json\/wp\/v2\/media?parent=8360"}],"wp:term":[{"taxonomy":"category","embeddable":true,"href":"https:\/\/vieassociative.be\/actualites\/wp-json\/wp\/v2\/categories?post=8360"},{"taxonomy":"post_tag","embeddable":true,"href":"https:\/\/vieassociative.be\/actualites\/wp-json\/wp\/v2\/tags?post=8360"}],"curies":[{"name":"wp","href":"https:\/\/api.w.org\/{rel}","templated":true}]}}