{"id":8356,"date":"2025-06-24T16:18:39","date_gmt":"2025-06-24T14:18:39","guid":{"rendered":"https:\/\/vieassociative.be\/actualites\/la-premier-league-et-la-bundesliga-seront-visibles-a-partir-de-maintenant-les-droits-de-diffusion-pour-pro-league-ne-sont-toujours-pas-claires\/"},"modified":"2025-06-24T16:18:39","modified_gmt":"2025-06-24T14:18:39","slug":"la-premier-league-et-la-bundesliga-seront-visibles-a-partir-de-maintenant-les-droits-de-diffusion-pour-pro-league-ne-sont-toujours-pas-claires","status":"publish","type":"post","link":"https:\/\/vieassociative.be\/actualites\/la-premier-league-et-la-bundesliga-seront-visibles-a-partir-de-maintenant-les-droits-de-diffusion-pour-pro-league-ne-sont-toujours-pas-claires\/","title":{"rendered":"La Premier League et la Bundesliga seront visibles \u00e0 partir de maintenant &#8211; les droits de diffusion pour Pro League ne sont toujours pas claires"},"content":{"rendered":"<p><strong>De grands changements pour les fans de football belge \u00e0 la t\u00e9l\u00e9vision: apr\u00e8s que VOO ait eu les droits de transmission pour le football anglais pendant des ann\u00e9es (\u00e0 l&rsquo;exception de la FA Cup et de la Coupe EFL), les matchs de la Premier League seront diffus\u00e9s sur Proximus de la nouvelle saison. La Bundesliga traverse \u00e9galement Proximus \u00e0 partir de l\u00e0.<\/strong><\/p>\n<p><span id=\"more-418473\"><\/span>\u00ab\u00a0Gr\u00e2ce \u00e0 un accord avec le groupe Telenet de la saison 2025-2026, Proximus renforcera son offre sportive internationale avec la Premier League \u00e0 partir d&rsquo;ao\u00fbt. Les meilleurs matchs de la Bundesliga feront \u00e9galement partie de l&rsquo;offre. Gr\u00e2ce aux nouveaux difficult\u00e9s, les fans de football peuvent suivre les services de presse les plus excitants.<\/p>\n<div id=\"attachment_415720\" class=\"wp-caption alignleft\" style=\"max-width: 300px\"><img fetchpriority=\"high\" decoding=\"async\" class=\"wp-image-415720 size-medium\" src=\"https:\/\/vieassociative.be\/actualites\/wp-content\/uploads\/2025\/06\/La-Premier-League-et-la-Bundesliga-seront-visibles-a-partir.jpg\" alt=\"\" width=\"300\" height=\"200\"><\/p>\n<p class=\"wp-caption-text\">17 mai 2025, Belgique, Anan Khalaili, Anouar Ait El Hadj, Franjo Ivanovic et Ousseynou Niang Niang par Meister Union Saint-Gilloise c\u00e9l\u00e9brant un hit 0: 3 dans le stade de Bosuil. Photo: Belga<\/p>\n<\/div>\n<p>Proximus ou Pickx Sport continuera d&rsquo;envoyer les matchs de la Ligue des champions \u00e0 l&rsquo;avenir.<\/p>\n<p>En ce qui concerne le transfert du championnat belge (Jupiler Pro League du 25 juillet et Challenger Pro League \u00e0 partir du 8 ao\u00fbt) ainsi que Serie A (Italie) et Laliga (Espagne), il y a encore de l&rsquo;incertitude \u00e0 cet \u00e9gard. Les n\u00e9gociations entre Dazn, le titulaire des droits et les diff\u00e9rents canaux semblent tr\u00e8s compliqu\u00e9s. Vous ne pouvez \u00eatre d&rsquo;accord qu&rsquo;\u00e0 la derni\u00e8re minute.<\/p>\n<p>Depuis plusieurs jours, Telenet a inform\u00e9 ses abonn\u00e9s qu&rsquo;ils pourraient ne plus avoir acc\u00e8s \u00e0 la Pro ligue \u00e0 partir du 1er juillet. Proximus n&rsquo;a pas non plus conclu un accord avec Dazn, afin que ses abonn\u00e9s ne puissent plus voir un championnat belge de la saison prochaine.<\/p>\n<p>\u00c0 la fin de la saison 2024\/2025, les fans de football ont pu regarder les matchs de championnat de la prolague belge en direct sur Proximus, Voo ou Orange, tandis que le RTBF et le VRT avaient droit \u00e0 des r\u00e9sum\u00e9s ainsi qu&rsquo;\u00e0 des photos pour les deux vall\u00e9es \u00ab\u00a0La Tribune\u00a0\u00bb et \u00ab\u00a0extratime\u00a0\u00bb. RTL avait obtenu les droits des matchs de la Coupe (Croky Cup). (Cre)<\/p>\n","protected":false},"excerpt":{"rendered":"<p>De grands changements pour les fans de football belge \u00e0 la t\u00e9l\u00e9vision: apr\u00e8s que VOO ait eu les droits de transmission pour le football anglais<\/p>\n","protected":false},"author":1,"featured_media":8357,"comment_status":"","ping_status":"","sticky":false,"template":"","format":"standard","meta":{"footnotes":""},"categories":[298],"tags":[3644,7520,7519,779,3950,14,233,1591,126,81,443,630,2099,18,572,7518],"class_list":["post-8356","post","type-post","status-publish","format-standard","has-post-thumbnail","hentry","category-belgique","tag-bundesliga","tag-claires","tag-diffusion","tag-droits","tag-league","tag-les","tag-maintenant","tag-partir","tag-pas","tag-pour","tag-premier","tag-pro","tag-seront","tag-sont","tag-toujours","tag-visibles","generate-columns","tablet-grid-50","mobile-grid-100","grid-parent","grid-33"],"yoast_head":"<!-- This site is optimized with the Yoast SEO plugin v24.0 - https:\/\/yoast.com\/wordpress\/plugins\/seo\/ -->\n<title>La Premier League et la Bundesliga seront visibles \u00e0 partir de maintenant - les droits de diffusion pour Pro League ne sont toujours pas claires | Vie Associative<\/title>\n<meta name=\"robots\" content=\"index, follow, max-snippet:-1, max-image-preview:large, max-video-preview:-1\" \/>\n<link rel=\"canonical\" href=\"https:\/\/vieassociative.be\/actualites\/la-premier-league-et-la-bundesliga-seront-visibles-a-partir-de-maintenant-les-droits-de-diffusion-pour-pro-league-ne-sont-toujours-pas-claires\/\" \/>\n<meta property=\"og:locale\" content=\"fr_FR\" \/>\n<meta property=\"og:type\" content=\"article\" \/>\n<meta property=\"og:title\" content=\"La Premier League et la Bundesliga seront visibles \u00e0 partir de maintenant - les droits de diffusion pour Pro League ne sont toujours pas claires | Vie Associative\" \/>\n<meta property=\"og:description\" content=\"De grands changements pour les fans de football belge \u00e0 la t\u00e9l\u00e9vision: apr\u00e8s que VOO ait eu les droits de transmission pour le football anglais\" \/>\n<meta property=\"og:url\" content=\"https:\/\/vieassociative.be\/actualites\/la-premier-league-et-la-bundesliga-seront-visibles-a-partir-de-maintenant-les-droits-de-diffusion-pour-pro-league-ne-sont-toujours-pas-claires\/\" \/>\n<meta property=\"og:site_name\" content=\"Vie Associative\" \/>\n<meta property=\"article:published_time\" content=\"2025-06-24T14:18:39+00:00\" \/>\n<meta property=\"og:image\" content=\"https:\/\/vieassociative.be\/actualites\/wp-content\/uploads\/2024\/09\/header_backgroundk-01-e1726694325946.png\" \/>\n\t<meta property=\"og:image:width\" content=\"279\" \/>\n\t<meta property=\"og:image:height\" content=\"92\" \/>\n\t<meta property=\"og:image:type\" content=\"image\/png\" \/>\n<meta name=\"author\" content=\"Julien\" \/>\n<meta name=\"twitter:card\" content=\"summary_large_image\" \/>\n<meta name=\"twitter:label1\" content=\"\u00c9crit par\" \/>\n\t<meta name=\"twitter:data1\" content=\"Julien\" \/>\n\t<meta name=\"twitter:label2\" content=\"Dur\u00e9e de lecture est.\" \/>\n\t<meta name=\"twitter:data2\" content=\"2 minutes\" \/>\n<script type=\"application\/ld+json\" class=\"yoast-schema-graph\">{\"@context\":\"https:\/\/schema.org\",\"@graph\":[{\"@type\":\"Article\",\"@id\":\"https:\/\/vieassociative.be\/actualites\/la-premier-league-et-la-bundesliga-seront-visibles-a-partir-de-maintenant-les-droits-de-diffusion-pour-pro-league-ne-sont-toujours-pas-claires\/#article\",\"isPartOf\":{\"@id\":\"https:\/\/vieassociative.be\/actualites\/la-premier-league-et-la-bundesliga-seront-visibles-a-partir-de-maintenant-les-droits-de-diffusion-pour-pro-league-ne-sont-toujours-pas-claires\/\"},\"author\":{\"name\":\"Julien\",\"@id\":\"https:\/\/vieassociative.be\/actualites\/#\/schema\/person\/b87ac4f82f9d4e7b7cec7395b679edc4\"},\"headline\":\"La Premier League et la Bundesliga seront visibles \u00e0 partir de maintenant &#8211; les droits de diffusion pour Pro League ne sont toujours pas claires\",\"datePublished\":\"2025-06-24T14:18:39+00:00\",\"dateModified\":\"2025-06-24T14:18:39+00:00\",\"mainEntityOfPage\":{\"@id\":\"https:\/\/vieassociative.be\/actualites\/la-premier-league-et-la-bundesliga-seront-visibles-a-partir-de-maintenant-les-droits-de-diffusion-pour-pro-league-ne-sont-toujours-pas-claires\/\"},\"wordCount\":378,\"publisher\":{\"@id\":\"https:\/\/vieassociative.be\/actualites\/#organization\"},\"image\":{\"@id\":\"https:\/\/vieassociative.be\/actualites\/la-premier-league-et-la-bundesliga-seront-visibles-a-partir-de-maintenant-les-droits-de-diffusion-pour-pro-league-ne-sont-toujours-pas-claires\/#primaryimage\"},\"thumbnailUrl\":\"https:\/\/vieassociative.be\/actualites\/wp-content\/uploads\/2025\/06\/1750774719_La-Premier-League-et-la-Bundesliga-seront-visibles-a-partir.jpg\",\"keywords\":[\"Bundesliga\",\"claires\",\"diffusion\",\"droits\",\"League\",\"Les\",\"maintenant\",\"partir\",\"pas\",\"pour\",\"premier\",\"Pro\",\"seront\",\"sont\",\"toujours\",\"visibles\"],\"articleSection\":[\"Belgique\"],\"inLanguage\":\"fr-BE\"},{\"@type\":\"WebPage\",\"@id\":\"https:\/\/vieassociative.be\/actualites\/la-premier-league-et-la-bundesliga-seront-visibles-a-partir-de-maintenant-les-droits-de-diffusion-pour-pro-league-ne-sont-toujours-pas-claires\/\",\"url\":\"https:\/\/vieassociative.be\/actualites\/la-premier-league-et-la-bundesliga-seront-visibles-a-partir-de-maintenant-les-droits-de-diffusion-pour-pro-league-ne-sont-toujours-pas-claires\/\",\"name\":\"La Premier League et la Bundesliga seront visibles \u00e0 partir de maintenant - les droits de diffusion pour Pro League ne sont toujours pas claires | Vie Associative\",\"isPartOf\":{\"@id\":\"https:\/\/vieassociative.be\/actualites\/#website\"},\"primaryImageOfPage\":{\"@id\":\"https:\/\/vieassociative.be\/actualites\/la-premier-league-et-la-bundesliga-seront-visibles-a-partir-de-maintenant-les-droits-de-diffusion-pour-pro-league-ne-sont-toujours-pas-claires\/#primaryimage\"},\"image\":{\"@id\":\"https:\/\/vieassociative.be\/actualites\/la-premier-league-et-la-bundesliga-seront-visibles-a-partir-de-maintenant-les-droits-de-diffusion-pour-pro-league-ne-sont-toujours-pas-claires\/#primaryimage\"},\"thumbnailUrl\":\"https:\/\/vieassociative.be\/actualites\/wp-content\/uploads\/2025\/06\/1750774719_La-Premier-League-et-la-Bundesliga-seront-visibles-a-partir.jpg\",\"datePublished\":\"2025-06-24T14:18:39+00:00\",\"dateModified\":\"2025-06-24T14:18:39+00:00\",\"breadcrumb\":{\"@id\":\"https:\/\/vieassociative.be\/actualites\/la-premier-league-et-la-bundesliga-seront-visibles-a-partir-de-maintenant-les-droits-de-diffusion-pour-pro-league-ne-sont-toujours-pas-claires\/#breadcrumb\"},\"inLanguage\":\"fr-BE\",\"potentialAction\":[{\"@type\":\"ReadAction\",\"target\":[\"https:\/\/vieassociative.be\/actualites\/la-premier-league-et-la-bundesliga-seront-visibles-a-partir-de-maintenant-les-droits-de-diffusion-pour-pro-league-ne-sont-toujours-pas-claires\/\"]}]},{\"@type\":\"ImageObject\",\"inLanguage\":\"fr-BE\",\"@id\":\"https:\/\/vieassociative.be\/actualites\/la-premier-league-et-la-bundesliga-seront-visibles-a-partir-de-maintenant-les-droits-de-diffusion-pour-pro-league-ne-sont-toujours-pas-claires\/#primaryimage\",\"url\":\"https:\/\/vieassociative.be\/actualites\/wp-content\/uploads\/2025\/06\/1750774719_La-Premier-League-et-la-Bundesliga-seront-visibles-a-partir.jpg\",\"contentUrl\":\"https:\/\/vieassociative.be\/actualites\/wp-content\/uploads\/2025\/06\/1750774719_La-Premier-League-et-la-Bundesliga-seront-visibles-a-partir.jpg\",\"width\":1200,\"height\":800,\"caption\":\"La Premier League et la Bundesliga seront visibles \u00e0 partir de maintenant - les droits de diffusion pour Pro League ne sont toujours pas claires\"},{\"@type\":\"BreadcrumbList\",\"@id\":\"https:\/\/vieassociative.be\/actualites\/la-premier-league-et-la-bundesliga-seront-visibles-a-partir-de-maintenant-les-droits-de-diffusion-pour-pro-league-ne-sont-toujours-pas-claires\/#breadcrumb\",\"itemListElement\":[{\"@type\":\"ListItem\",\"position\":1,\"name\":\"Accueil\",\"item\":\"https:\/\/vieassociative.be\/actualites\/\"},{\"@type\":\"ListItem\",\"position\":2,\"name\":\"La Premier League et la Bundesliga seront visibles \u00e0 partir de maintenant &#8211; les droits de diffusion pour Pro League ne sont toujours pas claires\"}]},{\"@type\":\"WebSite\",\"@id\":\"https:\/\/vieassociative.be\/actualites\/#website\",\"url\":\"https:\/\/vieassociative.be\/actualites\/\",\"name\":\"Vie Associative\",\"description\":\"\",\"publisher\":{\"@id\":\"https:\/\/vieassociative.be\/actualites\/#organization\"},\"potentialAction\":[{\"@type\":\"SearchAction\",\"target\":{\"@type\":\"EntryPoint\",\"urlTemplate\":\"https:\/\/vieassociative.be\/actualites\/?s={search_term_string}\"},\"query-input\":{\"@type\":\"PropertyValueSpecification\",\"valueRequired\":true,\"valueName\":\"search_term_string\"}}],\"inLanguage\":\"fr-BE\"},{\"@type\":\"Organization\",\"@id\":\"https:\/\/vieassociative.be\/actualites\/#organization\",\"name\":\"Vie Associative\",\"url\":\"https:\/\/vieassociative.be\/actualites\/\",\"logo\":{\"@type\":\"ImageObject\",\"inLanguage\":\"fr-BE\",\"@id\":\"https:\/\/vieassociative.be\/actualites\/#\/schema\/logo\/image\/\",\"url\":\"https:\/\/vieassociative.be\/actualites\/wp-content\/uploads\/2024\/09\/cropped-vieassociative_favicon.ico.png\",\"contentUrl\":\"https:\/\/vieassociative.be\/actualites\/wp-content\/uploads\/2024\/09\/cropped-vieassociative_favicon.ico.png\",\"width\":512,\"height\":512,\"caption\":\"Vie Associative\"},\"image\":{\"@id\":\"https:\/\/vieassociative.be\/actualites\/#\/schema\/logo\/image\/\"}},{\"@type\":\"Person\",\"@id\":\"https:\/\/vieassociative.be\/actualites\/#\/schema\/person\/b87ac4f82f9d4e7b7cec7395b679edc4\",\"name\":\"Julien\",\"image\":{\"@type\":\"ImageObject\",\"inLanguage\":\"fr-BE\",\"@id\":\"https:\/\/vieassociative.be\/actualites\/#\/schema\/person\/image\/\",\"url\":\"https:\/\/vieassociative.be\/actualites\/wp-content\/uploads\/2024\/09\/vie-associative-1-150x150.jpg\",\"contentUrl\":\"https:\/\/vieassociative.be\/actualites\/wp-content\/uploads\/2024\/09\/vie-associative-1-150x150.jpg\",\"caption\":\"Julien\"},\"description\":\"Je suis Julien, r\u00e9dacteur pour Vie Associative. Passionn\u00e9 par le monde associatif depuis plus de 10 ans, j'ai \u00e0 c\u0153ur de partager des histoires inspirantes et de mettre en lumi\u00e8re les initiatives locales. Mon objectif est de sensibiliser et d'encourager l'engagement communautaire \u00e0 travers mes articles.\",\"sameAs\":[\"https:\/\/vieassociative.be\/\"]}]}<\/script>\n<!-- \/ Yoast SEO plugin. -->","yoast_head_json":{"title":"La Premier League et la Bundesliga seront visibles \u00e0 partir de maintenant - les droits de diffusion pour Pro League ne sont toujours pas claires | Vie Associative","robots":{"index":"index","follow":"follow","max-snippet":"max-snippet:-1","max-image-preview":"max-image-preview:large","max-video-preview":"max-video-preview:-1"},"canonical":"https:\/\/vieassociative.be\/actualites\/la-premier-league-et-la-bundesliga-seront-visibles-a-partir-de-maintenant-les-droits-de-diffusion-pour-pro-league-ne-sont-toujours-pas-claires\/","og_locale":"fr_FR","og_type":"article","og_title":"La Premier League et la Bundesliga seront visibles \u00e0 partir de maintenant - les droits de diffusion pour Pro League ne sont toujours pas claires | Vie Associative","og_description":"De grands changements pour les fans de football belge \u00e0 la t\u00e9l\u00e9vision: apr\u00e8s que VOO ait eu les droits de transmission pour le football anglais","og_url":"https:\/\/vieassociative.be\/actualites\/la-premier-league-et-la-bundesliga-seront-visibles-a-partir-de-maintenant-les-droits-de-diffusion-pour-pro-league-ne-sont-toujours-pas-claires\/","og_site_name":"Vie Associative","article_published_time":"2025-06-24T14:18:39+00:00","og_image":[{"width":279,"height":92,"url":"https:\/\/vieassociative.be\/actualites\/wp-content\/uploads\/2024\/09\/header_backgroundk-01-e1726694325946.png","type":"image\/png"}],"author":"Julien","twitter_card":"summary_large_image","twitter_misc":{"\u00c9crit par":"Julien","Dur\u00e9e de lecture est.":"2 minutes"},"schema":{"@context":"https:\/\/schema.org","@graph":[{"@type":"Article","@id":"https:\/\/vieassociative.be\/actualites\/la-premier-league-et-la-bundesliga-seront-visibles-a-partir-de-maintenant-les-droits-de-diffusion-pour-pro-league-ne-sont-toujours-pas-claires\/#article","isPartOf":{"@id":"https:\/\/vieassociative.be\/actualites\/la-premier-league-et-la-bundesliga-seront-visibles-a-partir-de-maintenant-les-droits-de-diffusion-pour-pro-league-ne-sont-toujours-pas-claires\/"},"author":{"name":"Julien","@id":"https:\/\/vieassociative.be\/actualites\/#\/schema\/person\/b87ac4f82f9d4e7b7cec7395b679edc4"},"headline":"La Premier League et la Bundesliga seront visibles \u00e0 partir de maintenant &#8211; les droits de diffusion pour Pro League ne sont toujours pas claires","datePublished":"2025-06-24T14:18:39+00:00","dateModified":"2025-06-24T14:18:39+00:00","mainEntityOfPage":{"@id":"https:\/\/vieassociative.be\/actualites\/la-premier-league-et-la-bundesliga-seront-visibles-a-partir-de-maintenant-les-droits-de-diffusion-pour-pro-league-ne-sont-toujours-pas-claires\/"},"wordCount":378,"publisher":{"@id":"https:\/\/vieassociative.be\/actualites\/#organization"},"image":{"@id":"https:\/\/vieassociative.be\/actualites\/la-premier-league-et-la-bundesliga-seront-visibles-a-partir-de-maintenant-les-droits-de-diffusion-pour-pro-league-ne-sont-toujours-pas-claires\/#primaryimage"},"thumbnailUrl":"https:\/\/vieassociative.be\/actualites\/wp-content\/uploads\/2025\/06\/1750774719_La-Premier-League-et-la-Bundesliga-seront-visibles-a-partir.jpg","keywords":["Bundesliga","claires","diffusion","droits","League","Les","maintenant","partir","pas","pour","premier","Pro","seront","sont","toujours","visibles"],"articleSection":["Belgique"],"inLanguage":"fr-BE"},{"@type":"WebPage","@id":"https:\/\/vieassociative.be\/actualites\/la-premier-league-et-la-bundesliga-seront-visibles-a-partir-de-maintenant-les-droits-de-diffusion-pour-pro-league-ne-sont-toujours-pas-claires\/","url":"https:\/\/vieassociative.be\/actualites\/la-premier-league-et-la-bundesliga-seront-visibles-a-partir-de-maintenant-les-droits-de-diffusion-pour-pro-league-ne-sont-toujours-pas-claires\/","name":"La Premier League et la Bundesliga seront visibles \u00e0 partir de maintenant - les droits de diffusion pour Pro League ne sont toujours pas claires | Vie Associative","isPartOf":{"@id":"https:\/\/vieassociative.be\/actualites\/#website"},"primaryImageOfPage":{"@id":"https:\/\/vieassociative.be\/actualites\/la-premier-league-et-la-bundesliga-seront-visibles-a-partir-de-maintenant-les-droits-de-diffusion-pour-pro-league-ne-sont-toujours-pas-claires\/#primaryimage"},"image":{"@id":"https:\/\/vieassociative.be\/actualites\/la-premier-league-et-la-bundesliga-seront-visibles-a-partir-de-maintenant-les-droits-de-diffusion-pour-pro-league-ne-sont-toujours-pas-claires\/#primaryimage"},"thumbnailUrl":"https:\/\/vieassociative.be\/actualites\/wp-content\/uploads\/2025\/06\/1750774719_La-Premier-League-et-la-Bundesliga-seront-visibles-a-partir.jpg","datePublished":"2025-06-24T14:18:39+00:00","dateModified":"2025-06-24T14:18:39+00:00","breadcrumb":{"@id":"https:\/\/vieassociative.be\/actualites\/la-premier-league-et-la-bundesliga-seront-visibles-a-partir-de-maintenant-les-droits-de-diffusion-pour-pro-league-ne-sont-toujours-pas-claires\/#breadcrumb"},"inLanguage":"fr-BE","potentialAction":[{"@type":"ReadAction","target":["https:\/\/vieassociative.be\/actualites\/la-premier-league-et-la-bundesliga-seront-visibles-a-partir-de-maintenant-les-droits-de-diffusion-pour-pro-league-ne-sont-toujours-pas-claires\/"]}]},{"@type":"ImageObject","inLanguage":"fr-BE","@id":"https:\/\/vieassociative.be\/actualites\/la-premier-league-et-la-bundesliga-seront-visibles-a-partir-de-maintenant-les-droits-de-diffusion-pour-pro-league-ne-sont-toujours-pas-claires\/#primaryimage","url":"https:\/\/vieassociative.be\/actualites\/wp-content\/uploads\/2025\/06\/1750774719_La-Premier-League-et-la-Bundesliga-seront-visibles-a-partir.jpg","contentUrl":"https:\/\/vieassociative.be\/actualites\/wp-content\/uploads\/2025\/06\/1750774719_La-Premier-League-et-la-Bundesliga-seront-visibles-a-partir.jpg","width":1200,"height":800,"caption":"La Premier League et la Bundesliga seront visibles \u00e0 partir de maintenant - les droits de diffusion pour Pro League ne sont toujours pas claires"},{"@type":"BreadcrumbList","@id":"https:\/\/vieassociative.be\/actualites\/la-premier-league-et-la-bundesliga-seront-visibles-a-partir-de-maintenant-les-droits-de-diffusion-pour-pro-league-ne-sont-toujours-pas-claires\/#breadcrumb","itemListElement":[{"@type":"ListItem","position":1,"name":"Accueil","item":"https:\/\/vieassociative.be\/actualites\/"},{"@type":"ListItem","position":2,"name":"La Premier League et la Bundesliga seront visibles \u00e0 partir de maintenant &#8211; les droits de diffusion pour Pro League ne sont toujours pas claires"}]},{"@type":"WebSite","@id":"https:\/\/vieassociative.be\/actualites\/#website","url":"https:\/\/vieassociative.be\/actualites\/","name":"Vie Associative","description":"","publisher":{"@id":"https:\/\/vieassociative.be\/actualites\/#organization"},"potentialAction":[{"@type":"SearchAction","target":{"@type":"EntryPoint","urlTemplate":"https:\/\/vieassociative.be\/actualites\/?s={search_term_string}"},"query-input":{"@type":"PropertyValueSpecification","valueRequired":true,"valueName":"search_term_string"}}],"inLanguage":"fr-BE"},{"@type":"Organization","@id":"https:\/\/vieassociative.be\/actualites\/#organization","name":"Vie Associative","url":"https:\/\/vieassociative.be\/actualites\/","logo":{"@type":"ImageObject","inLanguage":"fr-BE","@id":"https:\/\/vieassociative.be\/actualites\/#\/schema\/logo\/image\/","url":"https:\/\/vieassociative.be\/actualites\/wp-content\/uploads\/2024\/09\/cropped-vieassociative_favicon.ico.png","contentUrl":"https:\/\/vieassociative.be\/actualites\/wp-content\/uploads\/2024\/09\/cropped-vieassociative_favicon.ico.png","width":512,"height":512,"caption":"Vie Associative"},"image":{"@id":"https:\/\/vieassociative.be\/actualites\/#\/schema\/logo\/image\/"}},{"@type":"Person","@id":"https:\/\/vieassociative.be\/actualites\/#\/schema\/person\/b87ac4f82f9d4e7b7cec7395b679edc4","name":"Julien","image":{"@type":"ImageObject","inLanguage":"fr-BE","@id":"https:\/\/vieassociative.be\/actualites\/#\/schema\/person\/image\/","url":"https:\/\/vieassociative.be\/actualites\/wp-content\/uploads\/2024\/09\/vie-associative-1-150x150.jpg","contentUrl":"https:\/\/vieassociative.be\/actualites\/wp-content\/uploads\/2024\/09\/vie-associative-1-150x150.jpg","caption":"Julien"},"description":"Je suis Julien, r\u00e9dacteur pour Vie Associative. Passionn\u00e9 par le monde associatif depuis plus de 10 ans, j'ai \u00e0 c\u0153ur de partager des histoires inspirantes et de mettre en lumi\u00e8re les initiatives locales. Mon objectif est de sensibiliser et d'encourager l'engagement communautaire \u00e0 travers mes articles.","sameAs":["https:\/\/vieassociative.be\/"]}]}},"_links":{"self":[{"href":"https:\/\/vieassociative.be\/actualites\/wp-json\/wp\/v2\/posts\/8356"}],"collection":[{"href":"https:\/\/vieassociative.be\/actualites\/wp-json\/wp\/v2\/posts"}],"about":[{"href":"https:\/\/vieassociative.be\/actualites\/wp-json\/wp\/v2\/types\/post"}],"author":[{"embeddable":true,"href":"https:\/\/vieassociative.be\/actualites\/wp-json\/wp\/v2\/users\/1"}],"replies":[{"embeddable":true,"href":"https:\/\/vieassociative.be\/actualites\/wp-json\/wp\/v2\/comments?post=8356"}],"version-history":[{"count":0,"href":"https:\/\/vieassociative.be\/actualites\/wp-json\/wp\/v2\/posts\/8356\/revisions"}],"wp:featuredmedia":[{"embeddable":true,"href":"https:\/\/vieassociative.be\/actualites\/wp-json\/wp\/v2\/media\/8357"}],"wp:attachment":[{"href":"https:\/\/vieassociative.be\/actualites\/wp-json\/wp\/v2\/media?parent=8356"}],"wp:term":[{"taxonomy":"category","embeddable":true,"href":"https:\/\/vieassociative.be\/actualites\/wp-json\/wp\/v2\/categories?post=8356"},{"taxonomy":"post_tag","embeddable":true,"href":"https:\/\/vieassociative.be\/actualites\/wp-json\/wp\/v2\/tags?post=8356"}],"curies":[{"name":"wp","href":"https:\/\/api.w.org\/{rel}","templated":true}]}}