{"id":8351,"date":"2025-06-24T09:18:10","date_gmt":"2025-06-24T07:18:10","guid":{"rendered":"https:\/\/vieassociative.be\/actualites\/ces-deux-cameras-exterieures-a-energie-solaire-sont-en-vente-pour-200-en-ce-moment\/"},"modified":"2025-06-24T09:18:10","modified_gmt":"2025-06-24T07:18:10","slug":"ces-deux-cameras-exterieures-a-energie-solaire-sont-en-vente-pour-200-en-ce-moment","status":"publish","type":"post","link":"https:\/\/vieassociative.be\/actualites\/ces-deux-cameras-exterieures-a-energie-solaire-sont-en-vente-pour-200-en-ce-moment\/","title":{"rendered":"Ces deux cam\u00e9ras ext\u00e9rieures \u00e0 \u00e9nergie solaire sont en vente pour 200 $ en ce moment"},"content":{"rendered":"<div class=\"mt-4 leading-6 md:mb-8\">Ces cam\u00e9ras autoproclam\u00e9es offrent une surveillance \u00e0 \u00e9nergie solaire sans frais mensuels.<\/div>\n<p><\/p>\n<p>Si vous recherchez une solution de s\u00e9curit\u00e9 ext\u00e9rieure facile \u00e0 installer qui ne s&rsquo;accumulera pas les frais mensuels, le pack Eufy Security Solocam S220 2-CAM est un choix solide, surtout pendant qu&rsquo;il est en vente pour 200 $. Le bundle comprend deux cam\u00e9ras ext\u00e9rieures \u00e0 \u00e9nergie solaire et sans fil qui ont une r\u00e9solution 2K croustillante, une vision nocturne am\u00e9lior\u00e9e par infrarouge dans des param\u00e8tres \u00e0 faible luminosit\u00e9, des options de connexion doubles et une IA int\u00e9gr\u00e9e. Ils s&rsquo;appliquent \u00e0 trois heures de soleil par jour pour fonctionner en continu et ont jusqu&rsquo;\u00e0 une sauvegarde de batterie jusqu&rsquo;\u00e0 trois mois.<\/p>\n<div class=\"pogoClear mb-12 mt-10 rounded-md border-2 border-gray-100 py-7 shadow-xl md:py-6\">\n<div class=\"flex flex-wrap justify-between px-7 text-black no-underline md:flex-nowrap md:px-8\">\n<div class=\"order-1 mx-auto flex flex-col justify-center md:order-2 md:ml-4 md:w-full md:grow\">\n<div class=\"block cursor-pointer text-center font-akshar text-2xl font-medium leading-7 text-brand-green duration-200 ease-in-out hover:text-brand-green-700 md:text-left md:text-xl md:leading-6\">Eufy Security Solocam S220 2-cam pack\n                <\/div>\n<div class=\"mt-4 hidden md:flex md:justify-between\">\n<div class=\"self-end\">\n<div class=\"mb-0 h-11 md:flex md:flex-col md:justify-center\">\n<div class=\" font-sans leading-4 text-black\">\n<div class=\"flex flex-wrap items-center justify-center gap-x-1 md:justify-start\">\n        <span class=\"font-bold\"><\/p>\n<p>            199,00 $<br \/>\n                            <span class=\"font-medium\">\u00e0 Amazon<\/span><br \/>\n                    <\/span>\n            <\/div>\n<div class=\"flex items-center justify-center gap-x-1 font-bold md:justify-start\">\n            <span class=\"text-sm line-through\">229,99 $<\/span><br \/>\n            <span class=\"text-sm text-brand-green\">\u00c9conomisez 30,99 $<\/span>\n        <\/div>\n<\/p><\/div>\n<\/p><\/div>\n<\/p><\/div>\n<div class=\"w-44 self-end\">\n                            <button class=\"flex justify-center items-center w-full bg-brand-green text-white text-base font-sans font-medium rounded-md hover:bg-brand-green-700 hover:cursor-pointer md:text-sm h-11\"><\/p>\n<p>    Conclure un accord<br \/>\n<\/button>\n                        <\/div>\n<\/p><\/div>\n<\/p><\/div>\n<div class=\"order-2 mt-5 h-auto w-full md:order-1 md:mt-0 md:hidden\">\n<div class=\"flex aspect-video items-center justify-center\">\n                                            <img decoding=\"async\" class=\"m-0 max-h-full max-w-full rounded-md\" src=\"https:\/\/vieassociative.be\/actualites\/wp-content\/uploads\/2025\/06\/Ces-deux-cameras-exterieures-a-energie-solaire-sont-en-vente.jpg\" alt=\"Eufy Security Solocam S220 2-cam pack\" width=\"auto\" height=\"auto\" loading=\"lazy\">\n                                    <\/div>\n<\/p><\/div>\n<div class=\"order-2 ml-2 hidden w-32 shrink-0 items-center md:order-1 md:ml-0 md:flex\">\n<div class=\"flex aspect-video items-center justify-center\">\n                                            <img decoding=\"async\" class=\"m-0 max-h-full max-w-full rounded-md\" src=\"https:\/\/vieassociative.be\/actualites\/wp-content\/uploads\/2025\/06\/Ces-deux-cameras-exterieures-a-energie-solaire-sont-en-vente.jpg\" alt=\"Eufy Security Solocam S220 2-cam pack\" width=\"auto\" height=\"auto\" loading=\"lazy\">\n                                    <\/div>\n<\/p><\/div>\n<div class=\"order-3 flex grow flex-wrap md:hidden md:grow-0\">\n<div class=\"mt-4 w-full\">\n                        <button class=\"flex justify-center items-center w-full bg-brand-green text-white text-base font-sans font-medium rounded-md hover:bg-brand-green-700 hover:cursor-pointer md:text-sm h-11\"><\/p>\n<p>    Conclure un accord<br \/>\n<\/button>\n                    <\/div>\n<div class=\"mx-2 mt-4 w-full\">\n<div class=\" font-sans leading-4 text-black\">\n<div class=\"flex flex-wrap items-center justify-center gap-x-1 md:justify-start\">\n        <span class=\"font-bold\"><\/p>\n<p>            199,00 $<br \/>\n                            <span class=\"font-medium\">\u00e0 Amazon<\/span><br \/>\n                    <\/span>\n            <\/div>\n<div class=\"flex items-center justify-center gap-x-1 font-bold md:justify-start\">\n            <span class=\"text-sm line-through\">229,99 $<\/span><br \/>\n            <span class=\"text-sm text-brand-green\">\u00c9conomisez 30,99 $<\/span>\n        <\/div>\n<\/p><\/div>\n<\/p><\/div>\n<\/p><\/div>\n<\/p><\/div>\n<\/div>\n<p>Au-del\u00e0 de la capacit\u00e9 de s&rsquo;auto-responsabiliser, un avantage majeur est qu&rsquo;ils ne n\u00e9cessitent pas un abonnement r\u00e9mun\u00e9r\u00e9 mensuel ou n&rsquo;ont pas de frais mensuels r\u00e9currents. Cette came EUFY enregistre localement avec 8 Go de stockage (environ deux semaines). La fonction d&rsquo;IA est \u00e9galement utile pour minimiser les fausses alarmes du mouvement g\u00e9n\u00e9r\u00e9 par les animaux de compagnie, les voitures ou les arbres, et ne d\u00e9tecte que les humains qui marchent \u00e0 proximit\u00e9. Les examinateurs d&rsquo;Amazon appr\u00e9cient la facilit\u00e9 d&rsquo;installation, la qualit\u00e9 des images \u00e0 toutes les heures et la gamme de signaux longue et puissante.<\/p>\n<p>Ces cam\u00e9ras compactes peuvent \u00eatre utilis\u00e9es ensemble ou s\u00e9par\u00e9ment sous forme d&rsquo;unit\u00e9s autonomes. Comme pour la plupart des cam\u00e9ras de s\u00e9curit\u00e9 en plein air, ce mod\u00e8le a une cote IP67, ce qui le rend 100% \u00e9tanche pour une utilisation toute l&rsquo;ann\u00e9e, ainsi que l&rsquo;audio bidirectionnel qui vous permet de parler aux livraisons ou de repousser les invit\u00e9s ind\u00e9sirables directement de l&rsquo;application Eufy.<\/p>\n<div class=\"pogoClear relative my-10 border-b-(1.5px) border-t-(1.5px) border-dashed border-black py-5 sm:my-14 sm:border-0 sm:py-0\" data-ga-click data-ga-template=\"Deals\" data-ga-module=\"openweb_widget\" data-ga-element=\"openweb_scroll\" data-ga-item=\"openweb_scroll_midpage\" x-data=\"{\n         commentsCount: null,\n         hasComments: false,\n         async fetchCommentsCount() {\n             try {\n                 if (window.openweb &amp;&amp; typeof window.openweb.getMessagesCount === 'function') {\n                     this.commentsCount = await window.openweb.getMessagesCount('01JYF73JGGD8ABRFCMNBNCC9FW');\n                     this.hasComments = this.commentsCount !== null &amp;&amp; this.commentsCount &gt; 0;\n                 }\n             } catch (e) {\n                 console.warn('Failed to fetch comment count:', e);\n             }\n         }\n     }\" x-init=\"fetchCommentsCount()\" x-cloak><\/p>\n<div class=\"absolute top-1\/2 hidden w-full -translate-y-1\/2 border-t-(1.5px) border-dashed border-black sm:block\"><\/div>\n<div class=\"relative flex justify-center\">\n<div class=\"flex max-w-fit items-center gap-x-3 bg-white px-5\">\n<div class=\"relative\">\n                <span class=\"absolute left-1\/2 top-1\/2 -translate-x-1\/2 -translate-y-1\/2 font-akshar text-sm font-medium text-black\" aria-live=\"polite\" x-show=\"hasComments\" x-text=\"commentsCount\"><\/span><\/p>\n<p>                <svg class=\"h-8 w-8 text-black\" role=\"img\" aria-hidden=\"true\">\n                    <use href=\"http:\/\/lifehacker.com\/images\/icons\/spritemap.svg#sprite-chat-bubble\"><\/use>\n                <\/svg>\n            <\/div>\n<p>            <span class=\"text-sm font-medium text-black\"><\/p>\n<p>                Que pensez-vous jusqu&rsquo;\u00e0 pr\u00e9sent?<br \/>\n                <button class=\"ml-1 font-semibold text-brand-green underline hover:text-brand-green-700\" type=\"button\" aria-label=\"Comment section trigger\" onclick=\"window.openweb.scrollToComments('01JYF73JGGD8ABRFCMNBNCC9FW')\" x-text=\"hasComments ? 'Post a comment.' : 'Be the first to post a comment.'\"><\/button><br \/>\n            <\/span>\n        <\/div>\n<\/p><\/div>\n<\/div>\n<p>Cependant, il y a des compromis. La vision nocturne de couleur n&rsquo;est pas disponible, et la cam\u00e9ra fonctionne uniquement sur 2,4 GHz Wi-Fi, ce qui peut \u00eatre un probl\u00e8me sur les r\u00e9seaux bond\u00e9s. Bien qu&rsquo;il prenne techniquement Alexa et Google Assistant, des fonctionnalit\u00e9s telles que la reconnaissance faciale, les sir\u00e8nes int\u00e9gr\u00e9es ou le stockage \u00e9largi n\u00e9cessitent un couple avec un Homebase 3 Homebase 3 s\u00e9par\u00e9. En outre, la modification des r\u00e9seaux WiFi signifie r\u00e9initialiser manuellement l&rsquo;appareil \u00e0 chaque fois. Pourtant, si vous recherchez une surveillance ext\u00e9rieure sans les tracas de la recharge ou des \u00e9changes de batteries et que vous n&rsquo;avez pas besoin des cloches compl\u00e8tes et des sifflets de mod\u00e8les plus avanc\u00e9s comme le PC Mag-Vett\u00e9 Eufy Solocam S340 (c&rsquo;est-\u00e0-dire le panoramique et l&rsquo;inclinaison), il s&rsquo;agit d&rsquo;un choix adapt\u00e9 \u00e0 la valeur \u00e0 13%. <\/p>\n","protected":false},"excerpt":{"rendered":"<p>Ces cam\u00e9ras autoproclam\u00e9es offrent une surveillance \u00e0 \u00e9nergie solaire sans frais mensuels. Si vous recherchez une solution de s\u00e9curit\u00e9 ext\u00e9rieure facile \u00e0 installer qui ne<\/p>\n","protected":false},"author":1,"featured_media":8352,"comment_status":"","ping_status":"","sticky":false,"template":"","format":"standard","meta":{"footnotes":""},"categories":[13],"tags":[3519,248,114,7517,3520,1429,81,1918,18,223],"class_list":["post-8351","post","type-post","status-publish","format-standard","has-post-thumbnail","hentry","category-technologie","tag-cameras","tag-ces","tag-deux","tag-energie","tag-exterieures","tag-moment","tag-pour","tag-solaire","tag-sont","tag-vente","generate-columns","tablet-grid-50","mobile-grid-100","grid-parent","grid-33"],"yoast_head":"<!-- This site is optimized with the Yoast SEO plugin v24.0 - https:\/\/yoast.com\/wordpress\/plugins\/seo\/ -->\n<title>Ces deux cam\u00e9ras ext\u00e9rieures \u00e0 \u00e9nergie solaire sont en vente pour 200 $ en ce moment | Vie Associative<\/title>\n<meta name=\"robots\" content=\"index, follow, max-snippet:-1, max-image-preview:large, max-video-preview:-1\" \/>\n<link rel=\"canonical\" href=\"https:\/\/vieassociative.be\/actualites\/ces-deux-cameras-exterieures-a-energie-solaire-sont-en-vente-pour-200-en-ce-moment\/\" \/>\n<meta property=\"og:locale\" content=\"fr_FR\" \/>\n<meta property=\"og:type\" content=\"article\" \/>\n<meta property=\"og:title\" content=\"Ces deux cam\u00e9ras ext\u00e9rieures \u00e0 \u00e9nergie solaire sont en vente pour 200 $ en ce moment | Vie Associative\" \/>\n<meta property=\"og:description\" content=\"Ces cam\u00e9ras autoproclam\u00e9es offrent une surveillance \u00e0 \u00e9nergie solaire sans frais mensuels. Si vous recherchez une solution de s\u00e9curit\u00e9 ext\u00e9rieure facile \u00e0 installer qui ne\" \/>\n<meta property=\"og:url\" content=\"https:\/\/vieassociative.be\/actualites\/ces-deux-cameras-exterieures-a-energie-solaire-sont-en-vente-pour-200-en-ce-moment\/\" \/>\n<meta property=\"og:site_name\" content=\"Vie Associative\" \/>\n<meta property=\"article:published_time\" content=\"2025-06-24T07:18:10+00:00\" \/>\n<meta property=\"og:image\" content=\"https:\/\/vieassociative.be\/actualites\/wp-content\/uploads\/2025\/06\/Ces-deux-cameras-exterieures-a-energie-solaire-sont-en-vente.jpg\" \/>\n<meta name=\"author\" content=\"Julien\" \/>\n<meta name=\"twitter:card\" content=\"summary_large_image\" \/>\n<meta name=\"twitter:label1\" content=\"\u00c9crit par\" \/>\n\t<meta name=\"twitter:data1\" content=\"Julien\" \/>\n\t<meta name=\"twitter:label2\" content=\"Dur\u00e9e de lecture est.\" \/>\n\t<meta name=\"twitter:data2\" content=\"2 minutes\" \/>\n<script type=\"application\/ld+json\" class=\"yoast-schema-graph\">{\"@context\":\"https:\/\/schema.org\",\"@graph\":[{\"@type\":\"Article\",\"@id\":\"https:\/\/vieassociative.be\/actualites\/ces-deux-cameras-exterieures-a-energie-solaire-sont-en-vente-pour-200-en-ce-moment\/#article\",\"isPartOf\":{\"@id\":\"https:\/\/vieassociative.be\/actualites\/ces-deux-cameras-exterieures-a-energie-solaire-sont-en-vente-pour-200-en-ce-moment\/\"},\"author\":{\"name\":\"Julien\",\"@id\":\"https:\/\/vieassociative.be\/actualites\/#\/schema\/person\/b87ac4f82f9d4e7b7cec7395b679edc4\"},\"headline\":\"Ces deux cam\u00e9ras ext\u00e9rieures \u00e0 \u00e9nergie solaire sont en vente pour 200 $ en ce moment\",\"datePublished\":\"2025-06-24T07:18:10+00:00\",\"dateModified\":\"2025-06-24T07:18:10+00:00\",\"mainEntityOfPage\":{\"@id\":\"https:\/\/vieassociative.be\/actualites\/ces-deux-cameras-exterieures-a-energie-solaire-sont-en-vente-pour-200-en-ce-moment\/\"},\"wordCount\":491,\"publisher\":{\"@id\":\"https:\/\/vieassociative.be\/actualites\/#organization\"},\"image\":{\"@id\":\"https:\/\/vieassociative.be\/actualites\/ces-deux-cameras-exterieures-a-energie-solaire-sont-en-vente-pour-200-en-ce-moment\/#primaryimage\"},\"thumbnailUrl\":\"https:\/\/vieassociative.be\/actualites\/wp-content\/uploads\/2025\/06\/Ces-deux-cameras-exterieures-a-energie-solaire-sont-en-vente.png\",\"keywords\":[\"cam\u00e9ras\",\"ces\",\"deux\",\"\u00e9nergie\",\"ext\u00e9rieures\",\"moment\",\"pour\",\"solaire\",\"sont\",\"vente\"],\"articleSection\":[\"Technologie\"],\"inLanguage\":\"fr-BE\"},{\"@type\":\"WebPage\",\"@id\":\"https:\/\/vieassociative.be\/actualites\/ces-deux-cameras-exterieures-a-energie-solaire-sont-en-vente-pour-200-en-ce-moment\/\",\"url\":\"https:\/\/vieassociative.be\/actualites\/ces-deux-cameras-exterieures-a-energie-solaire-sont-en-vente-pour-200-en-ce-moment\/\",\"name\":\"Ces deux cam\u00e9ras ext\u00e9rieures \u00e0 \u00e9nergie solaire sont en vente pour 200 $ en ce moment | Vie Associative\",\"isPartOf\":{\"@id\":\"https:\/\/vieassociative.be\/actualites\/#website\"},\"primaryImageOfPage\":{\"@id\":\"https:\/\/vieassociative.be\/actualites\/ces-deux-cameras-exterieures-a-energie-solaire-sont-en-vente-pour-200-en-ce-moment\/#primaryimage\"},\"image\":{\"@id\":\"https:\/\/vieassociative.be\/actualites\/ces-deux-cameras-exterieures-a-energie-solaire-sont-en-vente-pour-200-en-ce-moment\/#primaryimage\"},\"thumbnailUrl\":\"https:\/\/vieassociative.be\/actualites\/wp-content\/uploads\/2025\/06\/Ces-deux-cameras-exterieures-a-energie-solaire-sont-en-vente.png\",\"datePublished\":\"2025-06-24T07:18:10+00:00\",\"dateModified\":\"2025-06-24T07:18:10+00:00\",\"breadcrumb\":{\"@id\":\"https:\/\/vieassociative.be\/actualites\/ces-deux-cameras-exterieures-a-energie-solaire-sont-en-vente-pour-200-en-ce-moment\/#breadcrumb\"},\"inLanguage\":\"fr-BE\",\"potentialAction\":[{\"@type\":\"ReadAction\",\"target\":[\"https:\/\/vieassociative.be\/actualites\/ces-deux-cameras-exterieures-a-energie-solaire-sont-en-vente-pour-200-en-ce-moment\/\"]}]},{\"@type\":\"ImageObject\",\"inLanguage\":\"fr-BE\",\"@id\":\"https:\/\/vieassociative.be\/actualites\/ces-deux-cameras-exterieures-a-energie-solaire-sont-en-vente-pour-200-en-ce-moment\/#primaryimage\",\"url\":\"https:\/\/vieassociative.be\/actualites\/wp-content\/uploads\/2025\/06\/Ces-deux-cameras-exterieures-a-energie-solaire-sont-en-vente.png\",\"contentUrl\":\"https:\/\/vieassociative.be\/actualites\/wp-content\/uploads\/2025\/06\/Ces-deux-cameras-exterieures-a-energie-solaire-sont-en-vente.png\",\"width\":1200,\"height\":675,\"caption\":\"Ces deux cam\u00e9ras ext\u00e9rieures \u00e0 \u00e9nergie solaire sont en vente pour 200 $ en ce moment\"},{\"@type\":\"BreadcrumbList\",\"@id\":\"https:\/\/vieassociative.be\/actualites\/ces-deux-cameras-exterieures-a-energie-solaire-sont-en-vente-pour-200-en-ce-moment\/#breadcrumb\",\"itemListElement\":[{\"@type\":\"ListItem\",\"position\":1,\"name\":\"Accueil\",\"item\":\"https:\/\/vieassociative.be\/actualites\/\"},{\"@type\":\"ListItem\",\"position\":2,\"name\":\"Ces deux cam\u00e9ras ext\u00e9rieures \u00e0 \u00e9nergie solaire sont en vente pour 200 $ en ce moment\"}]},{\"@type\":\"WebSite\",\"@id\":\"https:\/\/vieassociative.be\/actualites\/#website\",\"url\":\"https:\/\/vieassociative.be\/actualites\/\",\"name\":\"Vie Associative\",\"description\":\"\",\"publisher\":{\"@id\":\"https:\/\/vieassociative.be\/actualites\/#organization\"},\"potentialAction\":[{\"@type\":\"SearchAction\",\"target\":{\"@type\":\"EntryPoint\",\"urlTemplate\":\"https:\/\/vieassociative.be\/actualites\/?s={search_term_string}\"},\"query-input\":{\"@type\":\"PropertyValueSpecification\",\"valueRequired\":true,\"valueName\":\"search_term_string\"}}],\"inLanguage\":\"fr-BE\"},{\"@type\":\"Organization\",\"@id\":\"https:\/\/vieassociative.be\/actualites\/#organization\",\"name\":\"Vie Associative\",\"url\":\"https:\/\/vieassociative.be\/actualites\/\",\"logo\":{\"@type\":\"ImageObject\",\"inLanguage\":\"fr-BE\",\"@id\":\"https:\/\/vieassociative.be\/actualites\/#\/schema\/logo\/image\/\",\"url\":\"https:\/\/vieassociative.be\/actualites\/wp-content\/uploads\/2024\/09\/cropped-vieassociative_favicon.ico.png\",\"contentUrl\":\"https:\/\/vieassociative.be\/actualites\/wp-content\/uploads\/2024\/09\/cropped-vieassociative_favicon.ico.png\",\"width\":512,\"height\":512,\"caption\":\"Vie Associative\"},\"image\":{\"@id\":\"https:\/\/vieassociative.be\/actualites\/#\/schema\/logo\/image\/\"}},{\"@type\":\"Person\",\"@id\":\"https:\/\/vieassociative.be\/actualites\/#\/schema\/person\/b87ac4f82f9d4e7b7cec7395b679edc4\",\"name\":\"Julien\",\"image\":{\"@type\":\"ImageObject\",\"inLanguage\":\"fr-BE\",\"@id\":\"https:\/\/vieassociative.be\/actualites\/#\/schema\/person\/image\/\",\"url\":\"https:\/\/vieassociative.be\/actualites\/wp-content\/uploads\/2024\/09\/vie-associative-1-150x150.jpg\",\"contentUrl\":\"https:\/\/vieassociative.be\/actualites\/wp-content\/uploads\/2024\/09\/vie-associative-1-150x150.jpg\",\"caption\":\"Julien\"},\"description\":\"Je suis Julien, r\u00e9dacteur pour Vie Associative. Passionn\u00e9 par le monde associatif depuis plus de 10 ans, j'ai \u00e0 c\u0153ur de partager des histoires inspirantes et de mettre en lumi\u00e8re les initiatives locales. Mon objectif est de sensibiliser et d'encourager l'engagement communautaire \u00e0 travers mes articles.\",\"sameAs\":[\"https:\/\/vieassociative.be\/\"]}]}<\/script>\n<!-- \/ Yoast SEO plugin. -->","yoast_head_json":{"title":"Ces deux cam\u00e9ras ext\u00e9rieures \u00e0 \u00e9nergie solaire sont en vente pour 200 $ en ce moment | Vie Associative","robots":{"index":"index","follow":"follow","max-snippet":"max-snippet:-1","max-image-preview":"max-image-preview:large","max-video-preview":"max-video-preview:-1"},"canonical":"https:\/\/vieassociative.be\/actualites\/ces-deux-cameras-exterieures-a-energie-solaire-sont-en-vente-pour-200-en-ce-moment\/","og_locale":"fr_FR","og_type":"article","og_title":"Ces deux cam\u00e9ras ext\u00e9rieures \u00e0 \u00e9nergie solaire sont en vente pour 200 $ en ce moment | Vie Associative","og_description":"Ces cam\u00e9ras autoproclam\u00e9es offrent une surveillance \u00e0 \u00e9nergie solaire sans frais mensuels. Si vous recherchez une solution de s\u00e9curit\u00e9 ext\u00e9rieure facile \u00e0 installer qui ne","og_url":"https:\/\/vieassociative.be\/actualites\/ces-deux-cameras-exterieures-a-energie-solaire-sont-en-vente-pour-200-en-ce-moment\/","og_site_name":"Vie Associative","article_published_time":"2025-06-24T07:18:10+00:00","og_image":[{"url":"https:\/\/vieassociative.be\/actualites\/wp-content\/uploads\/2025\/06\/Ces-deux-cameras-exterieures-a-energie-solaire-sont-en-vente.jpg","type":"","width":"","height":""}],"author":"Julien","twitter_card":"summary_large_image","twitter_misc":{"\u00c9crit par":"Julien","Dur\u00e9e de lecture est.":"2 minutes"},"schema":{"@context":"https:\/\/schema.org","@graph":[{"@type":"Article","@id":"https:\/\/vieassociative.be\/actualites\/ces-deux-cameras-exterieures-a-energie-solaire-sont-en-vente-pour-200-en-ce-moment\/#article","isPartOf":{"@id":"https:\/\/vieassociative.be\/actualites\/ces-deux-cameras-exterieures-a-energie-solaire-sont-en-vente-pour-200-en-ce-moment\/"},"author":{"name":"Julien","@id":"https:\/\/vieassociative.be\/actualites\/#\/schema\/person\/b87ac4f82f9d4e7b7cec7395b679edc4"},"headline":"Ces deux cam\u00e9ras ext\u00e9rieures \u00e0 \u00e9nergie solaire sont en vente pour 200 $ en ce moment","datePublished":"2025-06-24T07:18:10+00:00","dateModified":"2025-06-24T07:18:10+00:00","mainEntityOfPage":{"@id":"https:\/\/vieassociative.be\/actualites\/ces-deux-cameras-exterieures-a-energie-solaire-sont-en-vente-pour-200-en-ce-moment\/"},"wordCount":491,"publisher":{"@id":"https:\/\/vieassociative.be\/actualites\/#organization"},"image":{"@id":"https:\/\/vieassociative.be\/actualites\/ces-deux-cameras-exterieures-a-energie-solaire-sont-en-vente-pour-200-en-ce-moment\/#primaryimage"},"thumbnailUrl":"https:\/\/vieassociative.be\/actualites\/wp-content\/uploads\/2025\/06\/Ces-deux-cameras-exterieures-a-energie-solaire-sont-en-vente.png","keywords":["cam\u00e9ras","ces","deux","\u00e9nergie","ext\u00e9rieures","moment","pour","solaire","sont","vente"],"articleSection":["Technologie"],"inLanguage":"fr-BE"},{"@type":"WebPage","@id":"https:\/\/vieassociative.be\/actualites\/ces-deux-cameras-exterieures-a-energie-solaire-sont-en-vente-pour-200-en-ce-moment\/","url":"https:\/\/vieassociative.be\/actualites\/ces-deux-cameras-exterieures-a-energie-solaire-sont-en-vente-pour-200-en-ce-moment\/","name":"Ces deux cam\u00e9ras ext\u00e9rieures \u00e0 \u00e9nergie solaire sont en vente pour 200 $ en ce moment | Vie Associative","isPartOf":{"@id":"https:\/\/vieassociative.be\/actualites\/#website"},"primaryImageOfPage":{"@id":"https:\/\/vieassociative.be\/actualites\/ces-deux-cameras-exterieures-a-energie-solaire-sont-en-vente-pour-200-en-ce-moment\/#primaryimage"},"image":{"@id":"https:\/\/vieassociative.be\/actualites\/ces-deux-cameras-exterieures-a-energie-solaire-sont-en-vente-pour-200-en-ce-moment\/#primaryimage"},"thumbnailUrl":"https:\/\/vieassociative.be\/actualites\/wp-content\/uploads\/2025\/06\/Ces-deux-cameras-exterieures-a-energie-solaire-sont-en-vente.png","datePublished":"2025-06-24T07:18:10+00:00","dateModified":"2025-06-24T07:18:10+00:00","breadcrumb":{"@id":"https:\/\/vieassociative.be\/actualites\/ces-deux-cameras-exterieures-a-energie-solaire-sont-en-vente-pour-200-en-ce-moment\/#breadcrumb"},"inLanguage":"fr-BE","potentialAction":[{"@type":"ReadAction","target":["https:\/\/vieassociative.be\/actualites\/ces-deux-cameras-exterieures-a-energie-solaire-sont-en-vente-pour-200-en-ce-moment\/"]}]},{"@type":"ImageObject","inLanguage":"fr-BE","@id":"https:\/\/vieassociative.be\/actualites\/ces-deux-cameras-exterieures-a-energie-solaire-sont-en-vente-pour-200-en-ce-moment\/#primaryimage","url":"https:\/\/vieassociative.be\/actualites\/wp-content\/uploads\/2025\/06\/Ces-deux-cameras-exterieures-a-energie-solaire-sont-en-vente.png","contentUrl":"https:\/\/vieassociative.be\/actualites\/wp-content\/uploads\/2025\/06\/Ces-deux-cameras-exterieures-a-energie-solaire-sont-en-vente.png","width":1200,"height":675,"caption":"Ces deux cam\u00e9ras ext\u00e9rieures \u00e0 \u00e9nergie solaire sont en vente pour 200 $ en ce moment"},{"@type":"BreadcrumbList","@id":"https:\/\/vieassociative.be\/actualites\/ces-deux-cameras-exterieures-a-energie-solaire-sont-en-vente-pour-200-en-ce-moment\/#breadcrumb","itemListElement":[{"@type":"ListItem","position":1,"name":"Accueil","item":"https:\/\/vieassociative.be\/actualites\/"},{"@type":"ListItem","position":2,"name":"Ces deux cam\u00e9ras ext\u00e9rieures \u00e0 \u00e9nergie solaire sont en vente pour 200 $ en ce moment"}]},{"@type":"WebSite","@id":"https:\/\/vieassociative.be\/actualites\/#website","url":"https:\/\/vieassociative.be\/actualites\/","name":"Vie Associative","description":"","publisher":{"@id":"https:\/\/vieassociative.be\/actualites\/#organization"},"potentialAction":[{"@type":"SearchAction","target":{"@type":"EntryPoint","urlTemplate":"https:\/\/vieassociative.be\/actualites\/?s={search_term_string}"},"query-input":{"@type":"PropertyValueSpecification","valueRequired":true,"valueName":"search_term_string"}}],"inLanguage":"fr-BE"},{"@type":"Organization","@id":"https:\/\/vieassociative.be\/actualites\/#organization","name":"Vie Associative","url":"https:\/\/vieassociative.be\/actualites\/","logo":{"@type":"ImageObject","inLanguage":"fr-BE","@id":"https:\/\/vieassociative.be\/actualites\/#\/schema\/logo\/image\/","url":"https:\/\/vieassociative.be\/actualites\/wp-content\/uploads\/2024\/09\/cropped-vieassociative_favicon.ico.png","contentUrl":"https:\/\/vieassociative.be\/actualites\/wp-content\/uploads\/2024\/09\/cropped-vieassociative_favicon.ico.png","width":512,"height":512,"caption":"Vie Associative"},"image":{"@id":"https:\/\/vieassociative.be\/actualites\/#\/schema\/logo\/image\/"}},{"@type":"Person","@id":"https:\/\/vieassociative.be\/actualites\/#\/schema\/person\/b87ac4f82f9d4e7b7cec7395b679edc4","name":"Julien","image":{"@type":"ImageObject","inLanguage":"fr-BE","@id":"https:\/\/vieassociative.be\/actualites\/#\/schema\/person\/image\/","url":"https:\/\/vieassociative.be\/actualites\/wp-content\/uploads\/2024\/09\/vie-associative-1-150x150.jpg","contentUrl":"https:\/\/vieassociative.be\/actualites\/wp-content\/uploads\/2024\/09\/vie-associative-1-150x150.jpg","caption":"Julien"},"description":"Je suis Julien, r\u00e9dacteur pour Vie Associative. Passionn\u00e9 par le monde associatif depuis plus de 10 ans, j'ai \u00e0 c\u0153ur de partager des histoires inspirantes et de mettre en lumi\u00e8re les initiatives locales. Mon objectif est de sensibiliser et d'encourager l'engagement communautaire \u00e0 travers mes articles.","sameAs":["https:\/\/vieassociative.be\/"]}]}},"_links":{"self":[{"href":"https:\/\/vieassociative.be\/actualites\/wp-json\/wp\/v2\/posts\/8351"}],"collection":[{"href":"https:\/\/vieassociative.be\/actualites\/wp-json\/wp\/v2\/posts"}],"about":[{"href":"https:\/\/vieassociative.be\/actualites\/wp-json\/wp\/v2\/types\/post"}],"author":[{"embeddable":true,"href":"https:\/\/vieassociative.be\/actualites\/wp-json\/wp\/v2\/users\/1"}],"replies":[{"embeddable":true,"href":"https:\/\/vieassociative.be\/actualites\/wp-json\/wp\/v2\/comments?post=8351"}],"version-history":[{"count":0,"href":"https:\/\/vieassociative.be\/actualites\/wp-json\/wp\/v2\/posts\/8351\/revisions"}],"wp:featuredmedia":[{"embeddable":true,"href":"https:\/\/vieassociative.be\/actualites\/wp-json\/wp\/v2\/media\/8352"}],"wp:attachment":[{"href":"https:\/\/vieassociative.be\/actualites\/wp-json\/wp\/v2\/media?parent=8351"}],"wp:term":[{"taxonomy":"category","embeddable":true,"href":"https:\/\/vieassociative.be\/actualites\/wp-json\/wp\/v2\/categories?post=8351"},{"taxonomy":"post_tag","embeddable":true,"href":"https:\/\/vieassociative.be\/actualites\/wp-json\/wp\/v2\/tags?post=8351"}],"curies":[{"name":"wp","href":"https:\/\/api.w.org\/{rel}","templated":true}]}}