{"id":8349,"date":"2025-06-24T04:17:08","date_gmt":"2025-06-24T02:17:08","guid":{"rendered":"https:\/\/vieassociative.be\/actualites\/vendredi-retrovision-se-presente-a-20-h-au-cinema-a-eupen-en-tant-que-film-souhaite-good-morning-vietnam\/"},"modified":"2025-06-24T04:17:08","modified_gmt":"2025-06-24T02:17:08","slug":"vendredi-retrovision-se-presente-a-20-h-au-cinema-a-eupen-en-tant-que-film-souhaite-good-morning-vietnam","status":"publish","type":"post","link":"https:\/\/vieassociative.be\/actualites\/vendredi-retrovision-se-presente-a-20-h-au-cinema-a-eupen-en-tant-que-film-souhaite-good-morning-vietnam\/","title":{"rendered":"Vendredi, \u00ab\u00a0Retrovision\u00a0\u00bb se pr\u00e9sente \u00e0 20 h. Au cin\u00e9ma \u00e0 Eupen en tant que film souhait\u00e9 \u00ab\u00a0Good Morning, Vietnam\u00a0\u00bb"},"content":{"rendered":"<p><strong>Le projet de cin\u00e9ma \u00ab\u00a0Retrovision\u00a0\u00bb fait reculer sur grand \u00e9cran dans le cin\u00e9ma Eupener depuis juin 2023 en coop\u00e9ration avec Kultkom Film Classics. Ce vendredi 27 juin 2025, \u00e0 20 h, le film \u00ab\u00a0Good Morning, Vietnam\u00a0\u00bb \u00e0 partir de 1987 sera pr\u00e9sent\u00e9 \u00e0 la fin de la saison 2. Comme toujours, le prix d&rsquo;admission pour tous les films Retrovision.<\/strong><\/p>\n<p><span id=\"more-418385\"><\/span>\u00ab\u00a0Bonjour, Vietnam\u00a0\u00bb est consid\u00e9r\u00e9 comme le film souhait\u00e9 du public de \u00ab\u00a0Retrovision\u00a0\u00bb. Il a pr\u00e9valu lors des \u00e9lections contre \u00ab\u00a0Rain Man\u00a0\u00bb et \u00ab\u00a0Interstellar\u00a0\u00bb.<\/p>\n<p>Robin Williams inspire son r\u00f4le de d\u00e9fil\u00e9 en tant que pr\u00e9sentateur radio excentrique Adrian Cronauer, qui a \u00e9t\u00e9 transf\u00e9r\u00e9 \u00e0 Saigon en 1965 pour fournir les troupes de bonne humeur. <\/p>\n<p>Avec son humour non conventionnel, il apporte une bouff\u00e9e d&rsquo;air frais sur les canaux militaires &#8211; beaucoup au m\u00e9contentement de ses sup\u00e9rieurs. Mais derri\u00e8re le rire, il y a aussi les c\u00f4t\u00e9s s\u00e9rieux de la guerre du Vietnam, car le film combine l&rsquo;explosivit\u00e9 politique avec des moments tragicomiques.<\/p>\n<div id=\"attachment_352143\" class=\"wp-caption alignleft\" style=\"max-width: 300px\"><img fetchpriority=\"high\" decoding=\"async\" class=\"wp-image-352143 size-medium\" src=\"https:\/\/vieassociative.be\/actualites\/wp-content\/uploads\/2025\/05\/1746173822_243_Il-y-a-exactement-50-ans-la-guerre-cruelle-du.jpeg\" alt=\"\" width=\"300\" height=\"219\"  ><\/p>\n<p class=\"wp-caption-text\">27\/01\/1973, France, Paris: les deux n\u00e9gociateurs en chef Henry Kissinger (\u00c9tats-Unis, R) et Le Duc Tho (Nordvietnam) dans les n\u00e9gociations de paix au d\u00e9but de Paris au d\u00e9but de 1973. Photo: UPI \/ DPA<\/p>\n<\/div>\n<p><strong>&#8211; La guerre du Vietnam s&rsquo;est termin\u00e9e il y a 50 ans:<\/strong> Le 30 avril il y a 50 ans, la guerre brutale s&rsquo;est termin\u00e9e apr\u00e8s pr\u00e8s de 20 ans avec la conqu\u00eate de la capitale sud-vietnamienne de l&rsquo;\u00e9poque Saigon \u00e0 travers les troupes nord-vietnamiennes. Au Vietnamien, la guerre est appel\u00e9e \u00ab\u00a0guerre am\u00e9ricaine\u00a0\u00bb en raison de l&rsquo;intervention massive des \u00c9tats-Unis. Des troupes des pays voisins de Chine, du Laos et du Cambodge ont \u00e9galement particip\u00e9 au d\u00e9fil\u00e9.<\/p>\n<p>Depuis la fin de la guerre, les communistes r\u00e8gnent dans l&rsquo;\u00c9tat \u00e0 partie. \u00ab\u00a0Apr\u00e8s la fin de la guerre de r\u00e9sistance contre le colonialisme fran\u00e7ais, le peuple vietnamien comme beaucoup d&rsquo;autres peuples du monde voulait une vie paisible, ind\u00e9pendante et libre\u00a0\u00bb, a d\u00e9clar\u00e9 le secr\u00e9taire g\u00e9n\u00e9ral du Parti communiste \u00e0 Lam. \u00ab\u00a0Mais les imp\u00e9rialistes am\u00e9ricains ont rapidement remplac\u00e9 les colonialistes fran\u00e7ais en intervenant au Vietnam et en mettant le plan pour diviser notre pays en pratique.\u00a0\u00bb<\/p>\n<p><strong>&#8211; De quoi a \u00e9t\u00e9 la guerre?<\/strong> La guerre du Vietnam a commenc\u00e9 en France peu de temps apr\u00e8s l&rsquo;ind\u00e9pendance du Vietnam. \u00c0 partir de 1955, il y a eu une guerre entre le nord communiste avec la capitale d&rsquo;aujourd&rsquo;hui Hanoi et l&rsquo;ouest du sud. \u00c0 partir de 1964, les \u00c9tats-Unis sont intervenus dans la guerre civile avec des frappes a\u00e9riennes et des troupes du sol pour repousser le communisme.<\/p>\n<p>Entre autres choses, Washington a utilis\u00e9 l&rsquo;arme de feu de napalm et des produits chimiques hautement toxiques tels que le poison de plantation \u00ab\u00a0agent orange\u00a0\u00bb. Dans les g\u00e9n\u00e9rations suivantes, cela a \u00e9galement conduit \u00e0 de graves malformations chez les enfants, les tumeurs et autres maladies.<\/p>\n<\/p>\n<div id=\"attachment_162666\" class=\"wp-caption alignleft\" style=\"max-width: 300px\"><img decoding=\"async\" class=\"wp-image-162666 size-medium\" src=\"https:\/\/vieassociative.be\/actualites\/wp-content\/uploads\/2025\/06\/Vendredi-Retrovision-se-presente-a-20-h-Au-cinema-a.jpeg\" alt=\"\" width=\"300\" height=\"198\"  ><\/p>\n<p class=\"wp-caption-text\">Des soldats sud-vietnamiens sont le 1er f\u00e9vrier 1968 \u00e0 Saigon \u00e0 c\u00f4t\u00e9 du corps de Nguyen Van Lem, qui a \u00e9t\u00e9 abattu par le chef de la police de Saigon sur la rue Open parce qu&rsquo;il \u00e9tait soup\u00e7onn\u00e9 d&rsquo;\u00eatre officier du Vietcong. Photo: Eddie Adams \/ AP NY \/ DPA<\/p>\n<\/div>\n<p>Apr\u00e8s des manifestations mondiales et des \u00e9checs militaires avec plus de 58 000 soldats am\u00e9ricains morts, les \u00c9tats-Unis se sont retir\u00e9s de la guerre en 1973. Il est toujours consid\u00e9r\u00e9 comme l&rsquo;une des d\u00e9faites militaires les plus graves de l&rsquo;histoire du pays. On estime qu&rsquo;environ trois millions de vietnamiens ont \u00e9t\u00e9 tu\u00e9s pendant la guerre.<\/p>\n<p><strong>&#8211; Le projet \u00abRetrovision\u00bb:<\/strong> \u00ab\u00a0Retrovision\u00a0\u00bb est une initiative d&rsquo;un groupe de cin\u00e9astes et d&rsquo;amateurs de cin\u00e9ma orientaux qui se sont fix\u00e9s le but de ramener Cult Classic sur grand \u00e9cran. En coop\u00e9ration avec Kultkom, le comit\u00e9 culturel de la ville d&rsquo;Eupen et l&rsquo;infrastructure du cin\u00e9ma d&rsquo;Eupen, le projet a \u00e9t\u00e9 lanc\u00e9 au d\u00e9but de l&rsquo;\u00e9t\u00e9 2023.<\/p>\n<p>\u00ab\u00a0Retrovision\u00a0\u00bb veut aborder la nostalgie du public. En particulier, la g\u00e9n\u00e9ration plus \u00e2g\u00e9e a l&rsquo;occasion de pr\u00e9senter de grands films \u00e0 leurs enfants ou petits-enfants sur un grand \u00e9cran.<\/p>\n<p>Le programme de soutien est con\u00e7u de telle mani\u00e8re qu&rsquo;il est relaxant et divertissant pour le public. La musique accompagne les \u00e9v\u00e9nements, que ce soit comme une bande-son r\u00e9frig\u00e9r\u00e9e dans la grande salle ou avec un DJ en direct dans le foyer.<\/p>\n<p>\u00ab\u00a0Retrovision offre aux t\u00e9l\u00e9spectateurs la possibilit\u00e9 de s&rsquo;\u00e9teindre pendant quelques heures, de parler \u00e0 des personnes partageant les m\u00eames id\u00e9es ou simplement de profiter. Les soir\u00e9es r\u00e9unissent des gens int\u00e9ressants qui ne se sont peut-\u00eatre pas vus pendant un certain temps. Le hall de la jeune maison de charni\u00e8re est ouvert \u00e0 chaque soir\u00e9e de r\u00e9trovision et propose de d\u00e9licieuses bi\u00e8res pour une d\u00e9gustation partag\u00e9e\u00a0\u00bb, a d\u00e9clar\u00e9 les auteurs du projet. (CRE \/ DPA)<\/p>\n<p><i>Pour seulement 200 francs belges (5 euros), vous pouvez regarder un excellent film, rencontrer des gens cool et prendre un verre. Plus d&rsquo;informations sous <u>r\u00e9trovision.cinema eupen.be<\/u> et <u>www.kultkom.be<\/u><\/i><\/p>\n","protected":false},"excerpt":{"rendered":"<p>Le projet de cin\u00e9ma \u00ab\u00a0Retrovision\u00a0\u00bb fait reculer sur grand \u00e9cran dans le cin\u00e9ma Eupener depuis juin 2023 en coop\u00e9ration avec Kultkom Film Classics. Ce vendredi<\/p>\n","protected":false},"author":1,"featured_media":8350,"comment_status":"","ping_status":"","sticky":false,"template":"","format":"standard","meta":{"footnotes":""},"categories":[298],"tags":[98,2329,4195,7515,7516,2790,2386,7514,1745,252,6762],"class_list":["post-8349","post","type-post","status-publish","format-standard","has-post-thumbnail","hentry","category-belgique","tag-cinema","tag-eupen","tag-film","tag-good","tag-morning","tag-presente","tag-retrovision","tag-souhaite","tag-tant","tag-vendredi","tag-vietnam","generate-columns","tablet-grid-50","mobile-grid-100","grid-parent","grid-33"],"yoast_head":"<!-- This site is optimized with the Yoast SEO plugin v24.0 - https:\/\/yoast.com\/wordpress\/plugins\/seo\/ -->\n<title>Vendredi, &quot;Retrovision&quot; se pr\u00e9sente \u00e0 20 h. Au cin\u00e9ma \u00e0 Eupen en tant que film souhait\u00e9 &quot;Good Morning, Vietnam&quot; | Vie Associative<\/title>\n<meta name=\"robots\" content=\"index, follow, max-snippet:-1, max-image-preview:large, max-video-preview:-1\" \/>\n<link rel=\"canonical\" href=\"https:\/\/vieassociative.be\/actualites\/vendredi-retrovision-se-presente-a-20-h-au-cinema-a-eupen-en-tant-que-film-souhaite-good-morning-vietnam\/\" \/>\n<meta property=\"og:locale\" content=\"fr_FR\" \/>\n<meta property=\"og:type\" content=\"article\" \/>\n<meta property=\"og:title\" content=\"Vendredi, &quot;Retrovision&quot; se pr\u00e9sente \u00e0 20 h. Au cin\u00e9ma \u00e0 Eupen en tant que film souhait\u00e9 &quot;Good Morning, Vietnam&quot; | Vie Associative\" \/>\n<meta property=\"og:description\" content=\"Le projet de cin\u00e9ma \u00ab\u00a0Retrovision\u00a0\u00bb fait reculer sur grand \u00e9cran dans le cin\u00e9ma Eupener depuis juin 2023 en coop\u00e9ration avec Kultkom Film Classics. Ce vendredi\" \/>\n<meta property=\"og:url\" content=\"https:\/\/vieassociative.be\/actualites\/vendredi-retrovision-se-presente-a-20-h-au-cinema-a-eupen-en-tant-que-film-souhaite-good-morning-vietnam\/\" \/>\n<meta property=\"og:site_name\" content=\"Vie Associative\" \/>\n<meta property=\"article:published_time\" content=\"2025-06-24T02:17:08+00:00\" \/>\n<meta property=\"og:image\" content=\"https:\/\/vieassociative.be\/actualites\/wp-content\/uploads\/2024\/09\/header_backgroundk-01-e1726694325946.png\" \/>\n\t<meta property=\"og:image:width\" content=\"279\" \/>\n\t<meta property=\"og:image:height\" content=\"92\" \/>\n\t<meta property=\"og:image:type\" content=\"image\/png\" \/>\n<meta name=\"author\" content=\"Julien\" \/>\n<meta name=\"twitter:card\" content=\"summary_large_image\" \/>\n<meta name=\"twitter:label1\" content=\"\u00c9crit par\" \/>\n\t<meta name=\"twitter:data1\" content=\"Julien\" \/>\n\t<meta name=\"twitter:label2\" content=\"Dur\u00e9e de lecture est.\" \/>\n\t<meta name=\"twitter:data2\" content=\"4 minutes\" \/>\n<script type=\"application\/ld+json\" class=\"yoast-schema-graph\">{\"@context\":\"https:\/\/schema.org\",\"@graph\":[{\"@type\":\"Article\",\"@id\":\"https:\/\/vieassociative.be\/actualites\/vendredi-retrovision-se-presente-a-20-h-au-cinema-a-eupen-en-tant-que-film-souhaite-good-morning-vietnam\/#article\",\"isPartOf\":{\"@id\":\"https:\/\/vieassociative.be\/actualites\/vendredi-retrovision-se-presente-a-20-h-au-cinema-a-eupen-en-tant-que-film-souhaite-good-morning-vietnam\/\"},\"author\":{\"name\":\"Julien\",\"@id\":\"https:\/\/vieassociative.be\/actualites\/#\/schema\/person\/b87ac4f82f9d4e7b7cec7395b679edc4\"},\"headline\":\"Vendredi, \u00ab\u00a0Retrovision\u00a0\u00bb se pr\u00e9sente \u00e0 20 h. Au cin\u00e9ma \u00e0 Eupen en tant que film souhait\u00e9 \u00ab\u00a0Good Morning, Vietnam\u00a0\u00bb\",\"datePublished\":\"2025-06-24T02:17:08+00:00\",\"dateModified\":\"2025-06-24T02:17:08+00:00\",\"mainEntityOfPage\":{\"@id\":\"https:\/\/vieassociative.be\/actualites\/vendredi-retrovision-se-presente-a-20-h-au-cinema-a-eupen-en-tant-que-film-souhaite-good-morning-vietnam\/\"},\"wordCount\":894,\"publisher\":{\"@id\":\"https:\/\/vieassociative.be\/actualites\/#organization\"},\"image\":{\"@id\":\"https:\/\/vieassociative.be\/actualites\/vendredi-retrovision-se-presente-a-20-h-au-cinema-a-eupen-en-tant-que-film-souhaite-good-morning-vietnam\/#primaryimage\"},\"thumbnailUrl\":\"https:\/\/vieassociative.be\/actualites\/wp-content\/uploads\/2025\/06\/Vendredi-Retrovision-se-presente-a-20-h-Au-cinema-a.jpg\",\"keywords\":[\"cin\u00e9ma\",\"Eupen\",\"film\",\"Good\",\"Morning\",\"pr\u00e9sente\",\"R\u00e9trovision\",\"souhait\u00e9\",\"tant\",\"vendredi\",\"Vietnam\"],\"articleSection\":[\"Belgique\"],\"inLanguage\":\"fr-BE\"},{\"@type\":\"WebPage\",\"@id\":\"https:\/\/vieassociative.be\/actualites\/vendredi-retrovision-se-presente-a-20-h-au-cinema-a-eupen-en-tant-que-film-souhaite-good-morning-vietnam\/\",\"url\":\"https:\/\/vieassociative.be\/actualites\/vendredi-retrovision-se-presente-a-20-h-au-cinema-a-eupen-en-tant-que-film-souhaite-good-morning-vietnam\/\",\"name\":\"Vendredi, \\\"Retrovision\\\" se pr\u00e9sente \u00e0 20 h. Au cin\u00e9ma \u00e0 Eupen en tant que film souhait\u00e9 \\\"Good Morning, Vietnam\\\" | Vie Associative\",\"isPartOf\":{\"@id\":\"https:\/\/vieassociative.be\/actualites\/#website\"},\"primaryImageOfPage\":{\"@id\":\"https:\/\/vieassociative.be\/actualites\/vendredi-retrovision-se-presente-a-20-h-au-cinema-a-eupen-en-tant-que-film-souhaite-good-morning-vietnam\/#primaryimage\"},\"image\":{\"@id\":\"https:\/\/vieassociative.be\/actualites\/vendredi-retrovision-se-presente-a-20-h-au-cinema-a-eupen-en-tant-que-film-souhaite-good-morning-vietnam\/#primaryimage\"},\"thumbnailUrl\":\"https:\/\/vieassociative.be\/actualites\/wp-content\/uploads\/2025\/06\/Vendredi-Retrovision-se-presente-a-20-h-Au-cinema-a.jpg\",\"datePublished\":\"2025-06-24T02:17:08+00:00\",\"dateModified\":\"2025-06-24T02:17:08+00:00\",\"breadcrumb\":{\"@id\":\"https:\/\/vieassociative.be\/actualites\/vendredi-retrovision-se-presente-a-20-h-au-cinema-a-eupen-en-tant-que-film-souhaite-good-morning-vietnam\/#breadcrumb\"},\"inLanguage\":\"fr-BE\",\"potentialAction\":[{\"@type\":\"ReadAction\",\"target\":[\"https:\/\/vieassociative.be\/actualites\/vendredi-retrovision-se-presente-a-20-h-au-cinema-a-eupen-en-tant-que-film-souhaite-good-morning-vietnam\/\"]}]},{\"@type\":\"ImageObject\",\"inLanguage\":\"fr-BE\",\"@id\":\"https:\/\/vieassociative.be\/actualites\/vendredi-retrovision-se-presente-a-20-h-au-cinema-a-eupen-en-tant-que-film-souhaite-good-morning-vietnam\/#primaryimage\",\"url\":\"https:\/\/vieassociative.be\/actualites\/wp-content\/uploads\/2025\/06\/Vendredi-Retrovision-se-presente-a-20-h-Au-cinema-a.jpg\",\"contentUrl\":\"https:\/\/vieassociative.be\/actualites\/wp-content\/uploads\/2025\/06\/Vendredi-Retrovision-se-presente-a-20-h-Au-cinema-a.jpg\",\"width\":1297,\"height\":1246,\"caption\":\"Vendredi, \\\"Retrovision\\\" se pr\u00e9sente \u00e0 20 h. Au cin\u00e9ma \u00e0 Eupen en tant que film souhait\u00e9 \\\"Good Morning, Vietnam\\\"\"},{\"@type\":\"BreadcrumbList\",\"@id\":\"https:\/\/vieassociative.be\/actualites\/vendredi-retrovision-se-presente-a-20-h-au-cinema-a-eupen-en-tant-que-film-souhaite-good-morning-vietnam\/#breadcrumb\",\"itemListElement\":[{\"@type\":\"ListItem\",\"position\":1,\"name\":\"Accueil\",\"item\":\"https:\/\/vieassociative.be\/actualites\/\"},{\"@type\":\"ListItem\",\"position\":2,\"name\":\"Vendredi, \u00ab\u00a0Retrovision\u00a0\u00bb se pr\u00e9sente \u00e0 20 h. Au cin\u00e9ma \u00e0 Eupen en tant que film souhait\u00e9 \u00ab\u00a0Good Morning, Vietnam\u00a0\u00bb\"}]},{\"@type\":\"WebSite\",\"@id\":\"https:\/\/vieassociative.be\/actualites\/#website\",\"url\":\"https:\/\/vieassociative.be\/actualites\/\",\"name\":\"Vie Associative\",\"description\":\"\",\"publisher\":{\"@id\":\"https:\/\/vieassociative.be\/actualites\/#organization\"},\"potentialAction\":[{\"@type\":\"SearchAction\",\"target\":{\"@type\":\"EntryPoint\",\"urlTemplate\":\"https:\/\/vieassociative.be\/actualites\/?s={search_term_string}\"},\"query-input\":{\"@type\":\"PropertyValueSpecification\",\"valueRequired\":true,\"valueName\":\"search_term_string\"}}],\"inLanguage\":\"fr-BE\"},{\"@type\":\"Organization\",\"@id\":\"https:\/\/vieassociative.be\/actualites\/#organization\",\"name\":\"Vie Associative\",\"url\":\"https:\/\/vieassociative.be\/actualites\/\",\"logo\":{\"@type\":\"ImageObject\",\"inLanguage\":\"fr-BE\",\"@id\":\"https:\/\/vieassociative.be\/actualites\/#\/schema\/logo\/image\/\",\"url\":\"https:\/\/vieassociative.be\/actualites\/wp-content\/uploads\/2024\/09\/cropped-vieassociative_favicon.ico.png\",\"contentUrl\":\"https:\/\/vieassociative.be\/actualites\/wp-content\/uploads\/2024\/09\/cropped-vieassociative_favicon.ico.png\",\"width\":512,\"height\":512,\"caption\":\"Vie Associative\"},\"image\":{\"@id\":\"https:\/\/vieassociative.be\/actualites\/#\/schema\/logo\/image\/\"}},{\"@type\":\"Person\",\"@id\":\"https:\/\/vieassociative.be\/actualites\/#\/schema\/person\/b87ac4f82f9d4e7b7cec7395b679edc4\",\"name\":\"Julien\",\"image\":{\"@type\":\"ImageObject\",\"inLanguage\":\"fr-BE\",\"@id\":\"https:\/\/vieassociative.be\/actualites\/#\/schema\/person\/image\/\",\"url\":\"https:\/\/vieassociative.be\/actualites\/wp-content\/uploads\/2024\/09\/vie-associative-1-150x150.jpg\",\"contentUrl\":\"https:\/\/vieassociative.be\/actualites\/wp-content\/uploads\/2024\/09\/vie-associative-1-150x150.jpg\",\"caption\":\"Julien\"},\"description\":\"Je suis Julien, r\u00e9dacteur pour Vie Associative. Passionn\u00e9 par le monde associatif depuis plus de 10 ans, j'ai \u00e0 c\u0153ur de partager des histoires inspirantes et de mettre en lumi\u00e8re les initiatives locales. Mon objectif est de sensibiliser et d'encourager l'engagement communautaire \u00e0 travers mes articles.\",\"sameAs\":[\"https:\/\/vieassociative.be\/\"]}]}<\/script>\n<!-- \/ Yoast SEO plugin. -->","yoast_head_json":{"title":"Vendredi, \"Retrovision\" se pr\u00e9sente \u00e0 20 h. Au cin\u00e9ma \u00e0 Eupen en tant que film souhait\u00e9 \"Good Morning, Vietnam\" | Vie Associative","robots":{"index":"index","follow":"follow","max-snippet":"max-snippet:-1","max-image-preview":"max-image-preview:large","max-video-preview":"max-video-preview:-1"},"canonical":"https:\/\/vieassociative.be\/actualites\/vendredi-retrovision-se-presente-a-20-h-au-cinema-a-eupen-en-tant-que-film-souhaite-good-morning-vietnam\/","og_locale":"fr_FR","og_type":"article","og_title":"Vendredi, \"Retrovision\" se pr\u00e9sente \u00e0 20 h. Au cin\u00e9ma \u00e0 Eupen en tant que film souhait\u00e9 \"Good Morning, Vietnam\" | Vie Associative","og_description":"Le projet de cin\u00e9ma \u00ab\u00a0Retrovision\u00a0\u00bb fait reculer sur grand \u00e9cran dans le cin\u00e9ma Eupener depuis juin 2023 en coop\u00e9ration avec Kultkom Film Classics. Ce vendredi","og_url":"https:\/\/vieassociative.be\/actualites\/vendredi-retrovision-se-presente-a-20-h-au-cinema-a-eupen-en-tant-que-film-souhaite-good-morning-vietnam\/","og_site_name":"Vie Associative","article_published_time":"2025-06-24T02:17:08+00:00","og_image":[{"width":279,"height":92,"url":"https:\/\/vieassociative.be\/actualites\/wp-content\/uploads\/2024\/09\/header_backgroundk-01-e1726694325946.png","type":"image\/png"}],"author":"Julien","twitter_card":"summary_large_image","twitter_misc":{"\u00c9crit par":"Julien","Dur\u00e9e de lecture est.":"4 minutes"},"schema":{"@context":"https:\/\/schema.org","@graph":[{"@type":"Article","@id":"https:\/\/vieassociative.be\/actualites\/vendredi-retrovision-se-presente-a-20-h-au-cinema-a-eupen-en-tant-que-film-souhaite-good-morning-vietnam\/#article","isPartOf":{"@id":"https:\/\/vieassociative.be\/actualites\/vendredi-retrovision-se-presente-a-20-h-au-cinema-a-eupen-en-tant-que-film-souhaite-good-morning-vietnam\/"},"author":{"name":"Julien","@id":"https:\/\/vieassociative.be\/actualites\/#\/schema\/person\/b87ac4f82f9d4e7b7cec7395b679edc4"},"headline":"Vendredi, \u00ab\u00a0Retrovision\u00a0\u00bb se pr\u00e9sente \u00e0 20 h. Au cin\u00e9ma \u00e0 Eupen en tant que film souhait\u00e9 \u00ab\u00a0Good Morning, Vietnam\u00a0\u00bb","datePublished":"2025-06-24T02:17:08+00:00","dateModified":"2025-06-24T02:17:08+00:00","mainEntityOfPage":{"@id":"https:\/\/vieassociative.be\/actualites\/vendredi-retrovision-se-presente-a-20-h-au-cinema-a-eupen-en-tant-que-film-souhaite-good-morning-vietnam\/"},"wordCount":894,"publisher":{"@id":"https:\/\/vieassociative.be\/actualites\/#organization"},"image":{"@id":"https:\/\/vieassociative.be\/actualites\/vendredi-retrovision-se-presente-a-20-h-au-cinema-a-eupen-en-tant-que-film-souhaite-good-morning-vietnam\/#primaryimage"},"thumbnailUrl":"https:\/\/vieassociative.be\/actualites\/wp-content\/uploads\/2025\/06\/Vendredi-Retrovision-se-presente-a-20-h-Au-cinema-a.jpg","keywords":["cin\u00e9ma","Eupen","film","Good","Morning","pr\u00e9sente","R\u00e9trovision","souhait\u00e9","tant","vendredi","Vietnam"],"articleSection":["Belgique"],"inLanguage":"fr-BE"},{"@type":"WebPage","@id":"https:\/\/vieassociative.be\/actualites\/vendredi-retrovision-se-presente-a-20-h-au-cinema-a-eupen-en-tant-que-film-souhaite-good-morning-vietnam\/","url":"https:\/\/vieassociative.be\/actualites\/vendredi-retrovision-se-presente-a-20-h-au-cinema-a-eupen-en-tant-que-film-souhaite-good-morning-vietnam\/","name":"Vendredi, \"Retrovision\" se pr\u00e9sente \u00e0 20 h. Au cin\u00e9ma \u00e0 Eupen en tant que film souhait\u00e9 \"Good Morning, Vietnam\" | Vie Associative","isPartOf":{"@id":"https:\/\/vieassociative.be\/actualites\/#website"},"primaryImageOfPage":{"@id":"https:\/\/vieassociative.be\/actualites\/vendredi-retrovision-se-presente-a-20-h-au-cinema-a-eupen-en-tant-que-film-souhaite-good-morning-vietnam\/#primaryimage"},"image":{"@id":"https:\/\/vieassociative.be\/actualites\/vendredi-retrovision-se-presente-a-20-h-au-cinema-a-eupen-en-tant-que-film-souhaite-good-morning-vietnam\/#primaryimage"},"thumbnailUrl":"https:\/\/vieassociative.be\/actualites\/wp-content\/uploads\/2025\/06\/Vendredi-Retrovision-se-presente-a-20-h-Au-cinema-a.jpg","datePublished":"2025-06-24T02:17:08+00:00","dateModified":"2025-06-24T02:17:08+00:00","breadcrumb":{"@id":"https:\/\/vieassociative.be\/actualites\/vendredi-retrovision-se-presente-a-20-h-au-cinema-a-eupen-en-tant-que-film-souhaite-good-morning-vietnam\/#breadcrumb"},"inLanguage":"fr-BE","potentialAction":[{"@type":"ReadAction","target":["https:\/\/vieassociative.be\/actualites\/vendredi-retrovision-se-presente-a-20-h-au-cinema-a-eupen-en-tant-que-film-souhaite-good-morning-vietnam\/"]}]},{"@type":"ImageObject","inLanguage":"fr-BE","@id":"https:\/\/vieassociative.be\/actualites\/vendredi-retrovision-se-presente-a-20-h-au-cinema-a-eupen-en-tant-que-film-souhaite-good-morning-vietnam\/#primaryimage","url":"https:\/\/vieassociative.be\/actualites\/wp-content\/uploads\/2025\/06\/Vendredi-Retrovision-se-presente-a-20-h-Au-cinema-a.jpg","contentUrl":"https:\/\/vieassociative.be\/actualites\/wp-content\/uploads\/2025\/06\/Vendredi-Retrovision-se-presente-a-20-h-Au-cinema-a.jpg","width":1297,"height":1246,"caption":"Vendredi, \"Retrovision\" se pr\u00e9sente \u00e0 20 h. Au cin\u00e9ma \u00e0 Eupen en tant que film souhait\u00e9 \"Good Morning, Vietnam\""},{"@type":"BreadcrumbList","@id":"https:\/\/vieassociative.be\/actualites\/vendredi-retrovision-se-presente-a-20-h-au-cinema-a-eupen-en-tant-que-film-souhaite-good-morning-vietnam\/#breadcrumb","itemListElement":[{"@type":"ListItem","position":1,"name":"Accueil","item":"https:\/\/vieassociative.be\/actualites\/"},{"@type":"ListItem","position":2,"name":"Vendredi, \u00ab\u00a0Retrovision\u00a0\u00bb se pr\u00e9sente \u00e0 20 h. Au cin\u00e9ma \u00e0 Eupen en tant que film souhait\u00e9 \u00ab\u00a0Good Morning, Vietnam\u00a0\u00bb"}]},{"@type":"WebSite","@id":"https:\/\/vieassociative.be\/actualites\/#website","url":"https:\/\/vieassociative.be\/actualites\/","name":"Vie Associative","description":"","publisher":{"@id":"https:\/\/vieassociative.be\/actualites\/#organization"},"potentialAction":[{"@type":"SearchAction","target":{"@type":"EntryPoint","urlTemplate":"https:\/\/vieassociative.be\/actualites\/?s={search_term_string}"},"query-input":{"@type":"PropertyValueSpecification","valueRequired":true,"valueName":"search_term_string"}}],"inLanguage":"fr-BE"},{"@type":"Organization","@id":"https:\/\/vieassociative.be\/actualites\/#organization","name":"Vie Associative","url":"https:\/\/vieassociative.be\/actualites\/","logo":{"@type":"ImageObject","inLanguage":"fr-BE","@id":"https:\/\/vieassociative.be\/actualites\/#\/schema\/logo\/image\/","url":"https:\/\/vieassociative.be\/actualites\/wp-content\/uploads\/2024\/09\/cropped-vieassociative_favicon.ico.png","contentUrl":"https:\/\/vieassociative.be\/actualites\/wp-content\/uploads\/2024\/09\/cropped-vieassociative_favicon.ico.png","width":512,"height":512,"caption":"Vie Associative"},"image":{"@id":"https:\/\/vieassociative.be\/actualites\/#\/schema\/logo\/image\/"}},{"@type":"Person","@id":"https:\/\/vieassociative.be\/actualites\/#\/schema\/person\/b87ac4f82f9d4e7b7cec7395b679edc4","name":"Julien","image":{"@type":"ImageObject","inLanguage":"fr-BE","@id":"https:\/\/vieassociative.be\/actualites\/#\/schema\/person\/image\/","url":"https:\/\/vieassociative.be\/actualites\/wp-content\/uploads\/2024\/09\/vie-associative-1-150x150.jpg","contentUrl":"https:\/\/vieassociative.be\/actualites\/wp-content\/uploads\/2024\/09\/vie-associative-1-150x150.jpg","caption":"Julien"},"description":"Je suis Julien, r\u00e9dacteur pour Vie Associative. Passionn\u00e9 par le monde associatif depuis plus de 10 ans, j'ai \u00e0 c\u0153ur de partager des histoires inspirantes et de mettre en lumi\u00e8re les initiatives locales. Mon objectif est de sensibiliser et d'encourager l'engagement communautaire \u00e0 travers mes articles.","sameAs":["https:\/\/vieassociative.be\/"]}]}},"_links":{"self":[{"href":"https:\/\/vieassociative.be\/actualites\/wp-json\/wp\/v2\/posts\/8349"}],"collection":[{"href":"https:\/\/vieassociative.be\/actualites\/wp-json\/wp\/v2\/posts"}],"about":[{"href":"https:\/\/vieassociative.be\/actualites\/wp-json\/wp\/v2\/types\/post"}],"author":[{"embeddable":true,"href":"https:\/\/vieassociative.be\/actualites\/wp-json\/wp\/v2\/users\/1"}],"replies":[{"embeddable":true,"href":"https:\/\/vieassociative.be\/actualites\/wp-json\/wp\/v2\/comments?post=8349"}],"version-history":[{"count":0,"href":"https:\/\/vieassociative.be\/actualites\/wp-json\/wp\/v2\/posts\/8349\/revisions"}],"wp:featuredmedia":[{"embeddable":true,"href":"https:\/\/vieassociative.be\/actualites\/wp-json\/wp\/v2\/media\/8350"}],"wp:attachment":[{"href":"https:\/\/vieassociative.be\/actualites\/wp-json\/wp\/v2\/media?parent=8349"}],"wp:term":[{"taxonomy":"category","embeddable":true,"href":"https:\/\/vieassociative.be\/actualites\/wp-json\/wp\/v2\/categories?post=8349"},{"taxonomy":"post_tag","embeddable":true,"href":"https:\/\/vieassociative.be\/actualites\/wp-json\/wp\/v2\/tags?post=8349"}],"curies":[{"name":"wp","href":"https:\/\/api.w.org\/{rel}","templated":true}]}}