{"id":8347,"date":"2025-06-24T03:17:02","date_gmt":"2025-06-24T01:17:02","guid":{"rendered":"https:\/\/vieassociative.be\/actualites\/cette-sonnerie-diphone-classique-a-un-nouveau-son-dans-ios-26\/"},"modified":"2025-06-24T03:17:02","modified_gmt":"2025-06-24T01:17:02","slug":"cette-sonnerie-diphone-classique-a-un-nouveau-son-dans-ios-26","status":"publish","type":"post","link":"https:\/\/vieassociative.be\/actualites\/cette-sonnerie-diphone-classique-a-un-nouveau-son-dans-ios-26\/","title":{"rendered":"Cette sonnerie d&rsquo;iPhone classique a un nouveau son dans iOS 26"},"content":{"rendered":"<div class=\"mt-4 leading-6 md:mb-8\">Vous voulez l&rsquo;entendre t\u00f4t?<\/div>\n<p><\/p>\n<p>Malgr\u00e9 un long kynote WWDC, Apple n&rsquo;a pas eu le temps de faire la publicit\u00e9 de chaque nouvelle fonctionnalit\u00e9 avec iOS 26. En tant que tel, nous continuons \u00e0 en savoir plus sur les nouvelles fonctionnalit\u00e9s et les changements plus petits que les testeurs b\u00eata explorent le nouveau syst\u00e8me d&rsquo;exploitation. Ces testeurs ont renifl\u00e9 un nouvel ajout qui est petit, mais amusant: votre iPhone obtient une nouvelle sonnerie. <\/p>\n<p>Techniquement, il obtient une version diff\u00e9rente d&rsquo;une sonnerie existante. Au moins, c&rsquo;est ainsi qu&rsquo;Apple voit apparemment les choses: apr\u00e8s la sortie d&rsquo;iOS 26 Beta 2, Apple a, pour la premi\u00e8re fois, ajout\u00e9 une version alternative de l&rsquo;une de ses sonneries signature &#8211; en particulier, \u00ab\u00a0Reflection\u00a0\u00bb, la sonnerie iOS par d\u00e9faut qu&rsquo;Apple a initialement introduit avec l&rsquo;iPhone X. Param\u00e8tres de sonneries. Appuyez sur cela et vous verrez deux options: \u00ab\u00a0par d\u00e9faut\u00a0\u00bb, qui est le ton familier, et \u00ab\u00a0Alt 1.\u00a0\u00bb C&rsquo;est votre nouvelle sonnerie. <\/p>\n<p>Ce qui est peut-\u00eatre plus int\u00e9ressant que le ton lui-m\u00eame, c&rsquo;est le fait que les observateurs de Beta Keen l&rsquo;ont trouv\u00e9 enterr\u00e9 dans la premi\u00e8re b\u00eata pour iOS 26: Bien que Alt 1 n&rsquo;\u00e9tait pas une option dans les param\u00e8tres des sonneries, le fichier son lui-m\u00eame <em>\u00e9tait <\/em>Pr\u00e9sent dans le fichier IPSW pour le syst\u00e8me d&rsquo;exploitation, comme cet utilisateur X l&rsquo;a d\u00e9couvert le 18 juin. Vous pouvez entendre la sonnerie elle-m\u00eame dans le post int\u00e9gr\u00e9:<\/p>\n<blockquote class=\"twitterEmbed twitter-tweet\"><p>\n    <a rel=\"nofollow noopener\" class=\"text-gray-600\" href=\"https:\/\/twitter.com\/8810cfw\/status\/1935248131157049700\" title=\"open in a new window\" target=\"_blank\"><\/p>\n<p>        Ce tweet n&rsquo;est actuellement pas disponible. Il peut \u00eatre charg\u00e9 ou a \u00e9t\u00e9 supprim\u00e9.<br \/>\n    <\/a>\n<\/p><\/blockquote>\n<p>J&rsquo;entends des similitudes entre les versions Alt 1 et par d\u00e9faut de la r\u00e9flexion, mais, pour \u00eatre honn\u00eate, Alt 1 semble assez unique \u00e0 mon oreille pour m\u00e9riter sa propre entr\u00e9e. Apple aurait pu appeler cette \u00ab\u00a0rumination\u00a0\u00bb ou \u00ab\u00a0r\u00e9fraction\u00a0\u00bb ou quoi que ce soit vraiment, et je ne pense pas que beaucoup se soient plaints que cela sonnait trop pr\u00e8s de la sonnerie par d\u00e9faut existante. <\/p>\n<div class=\"pogoClear relative my-10 border-b-(1.5px) border-t-(1.5px) border-dashed border-black py-5 sm:my-14 sm:border-0 sm:py-0\" data-ga-click data-ga-template=\"Explainers\" data-ga-module=\"openweb_widget\" data-ga-element=\"openweb_scroll\" data-ga-item=\"openweb_scroll_midpage\" x-data=\"{\n         commentsCount: null,\n         hasComments: false,\n         async fetchCommentsCount() {\n             try {\n                 if (window.openweb &amp;&amp; typeof window.openweb.getMessagesCount === 'function') {\n                     this.commentsCount = await window.openweb.getMessagesCount('01JYF6EE6NARPM9RPF986BHBMJ');\n                     this.hasComments = this.commentsCount !== null &amp;&amp; this.commentsCount &gt; 0;\n                 }\n             } catch (e) {\n                 console.warn('Failed to fetch comment count:', e);\n             }\n         }\n     }\" x-init=\"fetchCommentsCount()\" x-cloak><\/p>\n<div class=\"absolute top-1\/2 hidden w-full -translate-y-1\/2 border-t-(1.5px) border-dashed border-black sm:block\"><\/div>\n<div class=\"relative flex justify-center\">\n<div class=\"flex max-w-fit items-center gap-x-3 bg-white px-5\">\n<div class=\"relative\">\n                <span class=\"absolute left-1\/2 top-1\/2 -translate-x-1\/2 -translate-y-1\/2 font-akshar text-sm font-medium text-black\" aria-live=\"polite\" x-show=\"hasComments\" x-text=\"commentsCount\"><\/span><\/p>\n<p>                <svg class=\"h-8 w-8 text-black\" role=\"img\" aria-hidden=\"true\">\n                    <use href=\"http:\/\/lifehacker.com\/images\/icons\/spritemap.svg#sprite-chat-bubble\"><\/use>\n                <\/svg>\n            <\/div>\n<p>            <span class=\"text-sm font-medium text-black\"><\/p>\n<p>                Que pensez-vous jusqu&rsquo;\u00e0 pr\u00e9sent?<br \/>\n                <button class=\"ml-1 font-semibold text-brand-green underline hover:text-brand-green-700\" type=\"button\" aria-label=\"Comment section trigger\" onclick=\"window.openweb.scrollToComments('01JYF6EE6NARPM9RPF986BHBMJ')\" x-text=\"hasComments ? 'Post a comment.' : 'Be the first to post a comment.'\"><\/button><br \/>\n            <\/span>\n        <\/div>\n<\/p><\/div>\n<\/div>\n<p>Pour \u00eatre juste, cependant, alt 1 <em>est<\/em> Un nom assez cool pour une sonnerie. Et qui sait &#8211; Apple pourrait changer le nom ou en faire une entr\u00e9e s\u00e9par\u00e9e avant que le syst\u00e8me d&rsquo;exploitation ne soit officiellement lib\u00e9r\u00e9. Il pourrait \u00e9galement ajouter plus de tons alternatifs ou supprimer enti\u00e8rement Alt 1. Nous ne saurons pas avant que la version finale d&rsquo;iOS 26 ne d\u00e9ploie cet automne. <\/p>\n<p><script async src=\"https:\/\/platform.twitter.com\/widgets.js\" charset=\"utf-8\"><\/script><\/p>\n","protected":false},"excerpt":{"rendered":"<p>Vous voulez l&rsquo;entendre t\u00f4t? Malgr\u00e9 un long kynote WWDC, Apple n&rsquo;a pas eu le temps de faire la publicit\u00e9 de chaque nouvelle fonctionnalit\u00e9 avec iOS<\/p>\n","protected":false},"author":1,"featured_media":8348,"comment_status":"","ping_status":"","sticky":false,"template":"","format":"standard","meta":{"footnotes":""},"categories":[13],"tags":[206,3642,166,6889,21,553,800,1121],"class_list":["post-8347","post","type-post","status-publish","format-standard","has-post-thumbnail","hentry","category-technologie","tag-cette","tag-classique","tag-dans","tag-diphone","tag-ios","tag-nouveau","tag-son","tag-sonnerie","generate-columns","tablet-grid-50","mobile-grid-100","grid-parent","grid-33"],"yoast_head":"<!-- This site is optimized with the Yoast SEO plugin v24.0 - https:\/\/yoast.com\/wordpress\/plugins\/seo\/ -->\n<title>Cette sonnerie d&#039;iPhone classique a un nouveau son dans iOS 26 | Vie Associative<\/title>\n<meta name=\"robots\" content=\"index, follow, max-snippet:-1, max-image-preview:large, max-video-preview:-1\" \/>\n<link rel=\"canonical\" href=\"https:\/\/vieassociative.be\/actualites\/cette-sonnerie-diphone-classique-a-un-nouveau-son-dans-ios-26\/\" \/>\n<meta property=\"og:locale\" content=\"fr_FR\" \/>\n<meta property=\"og:type\" content=\"article\" \/>\n<meta property=\"og:title\" content=\"Cette sonnerie d&#039;iPhone classique a un nouveau son dans iOS 26 | Vie Associative\" \/>\n<meta property=\"og:description\" content=\"Vous voulez l&rsquo;entendre t\u00f4t? Malgr\u00e9 un long kynote WWDC, Apple n&rsquo;a pas eu le temps de faire la publicit\u00e9 de chaque nouvelle fonctionnalit\u00e9 avec iOS\" \/>\n<meta property=\"og:url\" content=\"https:\/\/vieassociative.be\/actualites\/cette-sonnerie-diphone-classique-a-un-nouveau-son-dans-ios-26\/\" \/>\n<meta property=\"og:site_name\" content=\"Vie Associative\" \/>\n<meta property=\"article:published_time\" content=\"2025-06-24T01:17:02+00:00\" \/>\n<meta property=\"og:image\" content=\"https:\/\/vieassociative.be\/actualites\/wp-content\/uploads\/2024\/09\/header_backgroundk-01-e1726694325946.png\" \/>\n\t<meta property=\"og:image:width\" content=\"279\" \/>\n\t<meta property=\"og:image:height\" content=\"92\" \/>\n\t<meta property=\"og:image:type\" content=\"image\/png\" \/>\n<meta name=\"author\" content=\"Julien\" \/>\n<meta name=\"twitter:card\" content=\"summary_large_image\" \/>\n<meta name=\"twitter:label1\" content=\"\u00c9crit par\" \/>\n\t<meta name=\"twitter:data1\" content=\"Julien\" \/>\n\t<meta name=\"twitter:label2\" content=\"Dur\u00e9e de lecture est.\" \/>\n\t<meta name=\"twitter:data2\" content=\"2 minutes\" \/>\n<script type=\"application\/ld+json\" class=\"yoast-schema-graph\">{\"@context\":\"https:\/\/schema.org\",\"@graph\":[{\"@type\":\"Article\",\"@id\":\"https:\/\/vieassociative.be\/actualites\/cette-sonnerie-diphone-classique-a-un-nouveau-son-dans-ios-26\/#article\",\"isPartOf\":{\"@id\":\"https:\/\/vieassociative.be\/actualites\/cette-sonnerie-diphone-classique-a-un-nouveau-son-dans-ios-26\/\"},\"author\":{\"name\":\"Julien\",\"@id\":\"https:\/\/vieassociative.be\/actualites\/#\/schema\/person\/b87ac4f82f9d4e7b7cec7395b679edc4\"},\"headline\":\"Cette sonnerie d&rsquo;iPhone classique a un nouveau son dans iOS 26\",\"datePublished\":\"2025-06-24T01:17:02+00:00\",\"dateModified\":\"2025-06-24T01:17:02+00:00\",\"mainEntityOfPage\":{\"@id\":\"https:\/\/vieassociative.be\/actualites\/cette-sonnerie-diphone-classique-a-un-nouveau-son-dans-ios-26\/\"},\"wordCount\":434,\"publisher\":{\"@id\":\"https:\/\/vieassociative.be\/actualites\/#organization\"},\"image\":{\"@id\":\"https:\/\/vieassociative.be\/actualites\/cette-sonnerie-diphone-classique-a-un-nouveau-son-dans-ios-26\/#primaryimage\"},\"thumbnailUrl\":\"https:\/\/vieassociative.be\/actualites\/wp-content\/uploads\/2025\/06\/Cette-sonnerie-diPhone-classique-a-un-nouveau-son-dans-iOS.png\",\"keywords\":[\"cette\",\"classique\",\"dans\",\"diPhone\",\"iOS\",\"nouveau\",\"son\",\"sonnerie\"],\"articleSection\":[\"Technologie\"],\"inLanguage\":\"fr-BE\"},{\"@type\":\"WebPage\",\"@id\":\"https:\/\/vieassociative.be\/actualites\/cette-sonnerie-diphone-classique-a-un-nouveau-son-dans-ios-26\/\",\"url\":\"https:\/\/vieassociative.be\/actualites\/cette-sonnerie-diphone-classique-a-un-nouveau-son-dans-ios-26\/\",\"name\":\"Cette sonnerie d'iPhone classique a un nouveau son dans iOS 26 | Vie Associative\",\"isPartOf\":{\"@id\":\"https:\/\/vieassociative.be\/actualites\/#website\"},\"primaryImageOfPage\":{\"@id\":\"https:\/\/vieassociative.be\/actualites\/cette-sonnerie-diphone-classique-a-un-nouveau-son-dans-ios-26\/#primaryimage\"},\"image\":{\"@id\":\"https:\/\/vieassociative.be\/actualites\/cette-sonnerie-diphone-classique-a-un-nouveau-son-dans-ios-26\/#primaryimage\"},\"thumbnailUrl\":\"https:\/\/vieassociative.be\/actualites\/wp-content\/uploads\/2025\/06\/Cette-sonnerie-diPhone-classique-a-un-nouveau-son-dans-iOS.png\",\"datePublished\":\"2025-06-24T01:17:02+00:00\",\"dateModified\":\"2025-06-24T01:17:02+00:00\",\"breadcrumb\":{\"@id\":\"https:\/\/vieassociative.be\/actualites\/cette-sonnerie-diphone-classique-a-un-nouveau-son-dans-ios-26\/#breadcrumb\"},\"inLanguage\":\"fr-BE\",\"potentialAction\":[{\"@type\":\"ReadAction\",\"target\":[\"https:\/\/vieassociative.be\/actualites\/cette-sonnerie-diphone-classique-a-un-nouveau-son-dans-ios-26\/\"]}]},{\"@type\":\"ImageObject\",\"inLanguage\":\"fr-BE\",\"@id\":\"https:\/\/vieassociative.be\/actualites\/cette-sonnerie-diphone-classique-a-un-nouveau-son-dans-ios-26\/#primaryimage\",\"url\":\"https:\/\/vieassociative.be\/actualites\/wp-content\/uploads\/2025\/06\/Cette-sonnerie-diPhone-classique-a-un-nouveau-son-dans-iOS.png\",\"contentUrl\":\"https:\/\/vieassociative.be\/actualites\/wp-content\/uploads\/2025\/06\/Cette-sonnerie-diPhone-classique-a-un-nouveau-son-dans-iOS.png\",\"width\":1200,\"height\":675,\"caption\":\"Cette sonnerie d'iPhone classique a un nouveau son dans iOS 26\"},{\"@type\":\"BreadcrumbList\",\"@id\":\"https:\/\/vieassociative.be\/actualites\/cette-sonnerie-diphone-classique-a-un-nouveau-son-dans-ios-26\/#breadcrumb\",\"itemListElement\":[{\"@type\":\"ListItem\",\"position\":1,\"name\":\"Accueil\",\"item\":\"https:\/\/vieassociative.be\/actualites\/\"},{\"@type\":\"ListItem\",\"position\":2,\"name\":\"Cette sonnerie d&rsquo;iPhone classique a un nouveau son dans iOS 26\"}]},{\"@type\":\"WebSite\",\"@id\":\"https:\/\/vieassociative.be\/actualites\/#website\",\"url\":\"https:\/\/vieassociative.be\/actualites\/\",\"name\":\"Vie Associative\",\"description\":\"\",\"publisher\":{\"@id\":\"https:\/\/vieassociative.be\/actualites\/#organization\"},\"potentialAction\":[{\"@type\":\"SearchAction\",\"target\":{\"@type\":\"EntryPoint\",\"urlTemplate\":\"https:\/\/vieassociative.be\/actualites\/?s={search_term_string}\"},\"query-input\":{\"@type\":\"PropertyValueSpecification\",\"valueRequired\":true,\"valueName\":\"search_term_string\"}}],\"inLanguage\":\"fr-BE\"},{\"@type\":\"Organization\",\"@id\":\"https:\/\/vieassociative.be\/actualites\/#organization\",\"name\":\"Vie Associative\",\"url\":\"https:\/\/vieassociative.be\/actualites\/\",\"logo\":{\"@type\":\"ImageObject\",\"inLanguage\":\"fr-BE\",\"@id\":\"https:\/\/vieassociative.be\/actualites\/#\/schema\/logo\/image\/\",\"url\":\"https:\/\/vieassociative.be\/actualites\/wp-content\/uploads\/2024\/09\/cropped-vieassociative_favicon.ico.png\",\"contentUrl\":\"https:\/\/vieassociative.be\/actualites\/wp-content\/uploads\/2024\/09\/cropped-vieassociative_favicon.ico.png\",\"width\":512,\"height\":512,\"caption\":\"Vie Associative\"},\"image\":{\"@id\":\"https:\/\/vieassociative.be\/actualites\/#\/schema\/logo\/image\/\"}},{\"@type\":\"Person\",\"@id\":\"https:\/\/vieassociative.be\/actualites\/#\/schema\/person\/b87ac4f82f9d4e7b7cec7395b679edc4\",\"name\":\"Julien\",\"image\":{\"@type\":\"ImageObject\",\"inLanguage\":\"fr-BE\",\"@id\":\"https:\/\/vieassociative.be\/actualites\/#\/schema\/person\/image\/\",\"url\":\"https:\/\/vieassociative.be\/actualites\/wp-content\/uploads\/2024\/09\/vie-associative-1-150x150.jpg\",\"contentUrl\":\"https:\/\/vieassociative.be\/actualites\/wp-content\/uploads\/2024\/09\/vie-associative-1-150x150.jpg\",\"caption\":\"Julien\"},\"description\":\"Je suis Julien, r\u00e9dacteur pour Vie Associative. Passionn\u00e9 par le monde associatif depuis plus de 10 ans, j'ai \u00e0 c\u0153ur de partager des histoires inspirantes et de mettre en lumi\u00e8re les initiatives locales. Mon objectif est de sensibiliser et d'encourager l'engagement communautaire \u00e0 travers mes articles.\",\"sameAs\":[\"https:\/\/vieassociative.be\/\"]}]}<\/script>\n<!-- \/ Yoast SEO plugin. -->","yoast_head_json":{"title":"Cette sonnerie d'iPhone classique a un nouveau son dans iOS 26 | Vie Associative","robots":{"index":"index","follow":"follow","max-snippet":"max-snippet:-1","max-image-preview":"max-image-preview:large","max-video-preview":"max-video-preview:-1"},"canonical":"https:\/\/vieassociative.be\/actualites\/cette-sonnerie-diphone-classique-a-un-nouveau-son-dans-ios-26\/","og_locale":"fr_FR","og_type":"article","og_title":"Cette sonnerie d'iPhone classique a un nouveau son dans iOS 26 | Vie Associative","og_description":"Vous voulez l&rsquo;entendre t\u00f4t? Malgr\u00e9 un long kynote WWDC, Apple n&rsquo;a pas eu le temps de faire la publicit\u00e9 de chaque nouvelle fonctionnalit\u00e9 avec iOS","og_url":"https:\/\/vieassociative.be\/actualites\/cette-sonnerie-diphone-classique-a-un-nouveau-son-dans-ios-26\/","og_site_name":"Vie Associative","article_published_time":"2025-06-24T01:17:02+00:00","og_image":[{"width":279,"height":92,"url":"https:\/\/vieassociative.be\/actualites\/wp-content\/uploads\/2024\/09\/header_backgroundk-01-e1726694325946.png","type":"image\/png"}],"author":"Julien","twitter_card":"summary_large_image","twitter_misc":{"\u00c9crit par":"Julien","Dur\u00e9e de lecture est.":"2 minutes"},"schema":{"@context":"https:\/\/schema.org","@graph":[{"@type":"Article","@id":"https:\/\/vieassociative.be\/actualites\/cette-sonnerie-diphone-classique-a-un-nouveau-son-dans-ios-26\/#article","isPartOf":{"@id":"https:\/\/vieassociative.be\/actualites\/cette-sonnerie-diphone-classique-a-un-nouveau-son-dans-ios-26\/"},"author":{"name":"Julien","@id":"https:\/\/vieassociative.be\/actualites\/#\/schema\/person\/b87ac4f82f9d4e7b7cec7395b679edc4"},"headline":"Cette sonnerie d&rsquo;iPhone classique a un nouveau son dans iOS 26","datePublished":"2025-06-24T01:17:02+00:00","dateModified":"2025-06-24T01:17:02+00:00","mainEntityOfPage":{"@id":"https:\/\/vieassociative.be\/actualites\/cette-sonnerie-diphone-classique-a-un-nouveau-son-dans-ios-26\/"},"wordCount":434,"publisher":{"@id":"https:\/\/vieassociative.be\/actualites\/#organization"},"image":{"@id":"https:\/\/vieassociative.be\/actualites\/cette-sonnerie-diphone-classique-a-un-nouveau-son-dans-ios-26\/#primaryimage"},"thumbnailUrl":"https:\/\/vieassociative.be\/actualites\/wp-content\/uploads\/2025\/06\/Cette-sonnerie-diPhone-classique-a-un-nouveau-son-dans-iOS.png","keywords":["cette","classique","dans","diPhone","iOS","nouveau","son","sonnerie"],"articleSection":["Technologie"],"inLanguage":"fr-BE"},{"@type":"WebPage","@id":"https:\/\/vieassociative.be\/actualites\/cette-sonnerie-diphone-classique-a-un-nouveau-son-dans-ios-26\/","url":"https:\/\/vieassociative.be\/actualites\/cette-sonnerie-diphone-classique-a-un-nouveau-son-dans-ios-26\/","name":"Cette sonnerie d'iPhone classique a un nouveau son dans iOS 26 | Vie Associative","isPartOf":{"@id":"https:\/\/vieassociative.be\/actualites\/#website"},"primaryImageOfPage":{"@id":"https:\/\/vieassociative.be\/actualites\/cette-sonnerie-diphone-classique-a-un-nouveau-son-dans-ios-26\/#primaryimage"},"image":{"@id":"https:\/\/vieassociative.be\/actualites\/cette-sonnerie-diphone-classique-a-un-nouveau-son-dans-ios-26\/#primaryimage"},"thumbnailUrl":"https:\/\/vieassociative.be\/actualites\/wp-content\/uploads\/2025\/06\/Cette-sonnerie-diPhone-classique-a-un-nouveau-son-dans-iOS.png","datePublished":"2025-06-24T01:17:02+00:00","dateModified":"2025-06-24T01:17:02+00:00","breadcrumb":{"@id":"https:\/\/vieassociative.be\/actualites\/cette-sonnerie-diphone-classique-a-un-nouveau-son-dans-ios-26\/#breadcrumb"},"inLanguage":"fr-BE","potentialAction":[{"@type":"ReadAction","target":["https:\/\/vieassociative.be\/actualites\/cette-sonnerie-diphone-classique-a-un-nouveau-son-dans-ios-26\/"]}]},{"@type":"ImageObject","inLanguage":"fr-BE","@id":"https:\/\/vieassociative.be\/actualites\/cette-sonnerie-diphone-classique-a-un-nouveau-son-dans-ios-26\/#primaryimage","url":"https:\/\/vieassociative.be\/actualites\/wp-content\/uploads\/2025\/06\/Cette-sonnerie-diPhone-classique-a-un-nouveau-son-dans-iOS.png","contentUrl":"https:\/\/vieassociative.be\/actualites\/wp-content\/uploads\/2025\/06\/Cette-sonnerie-diPhone-classique-a-un-nouveau-son-dans-iOS.png","width":1200,"height":675,"caption":"Cette sonnerie d'iPhone classique a un nouveau son dans iOS 26"},{"@type":"BreadcrumbList","@id":"https:\/\/vieassociative.be\/actualites\/cette-sonnerie-diphone-classique-a-un-nouveau-son-dans-ios-26\/#breadcrumb","itemListElement":[{"@type":"ListItem","position":1,"name":"Accueil","item":"https:\/\/vieassociative.be\/actualites\/"},{"@type":"ListItem","position":2,"name":"Cette sonnerie d&rsquo;iPhone classique a un nouveau son dans iOS 26"}]},{"@type":"WebSite","@id":"https:\/\/vieassociative.be\/actualites\/#website","url":"https:\/\/vieassociative.be\/actualites\/","name":"Vie Associative","description":"","publisher":{"@id":"https:\/\/vieassociative.be\/actualites\/#organization"},"potentialAction":[{"@type":"SearchAction","target":{"@type":"EntryPoint","urlTemplate":"https:\/\/vieassociative.be\/actualites\/?s={search_term_string}"},"query-input":{"@type":"PropertyValueSpecification","valueRequired":true,"valueName":"search_term_string"}}],"inLanguage":"fr-BE"},{"@type":"Organization","@id":"https:\/\/vieassociative.be\/actualites\/#organization","name":"Vie Associative","url":"https:\/\/vieassociative.be\/actualites\/","logo":{"@type":"ImageObject","inLanguage":"fr-BE","@id":"https:\/\/vieassociative.be\/actualites\/#\/schema\/logo\/image\/","url":"https:\/\/vieassociative.be\/actualites\/wp-content\/uploads\/2024\/09\/cropped-vieassociative_favicon.ico.png","contentUrl":"https:\/\/vieassociative.be\/actualites\/wp-content\/uploads\/2024\/09\/cropped-vieassociative_favicon.ico.png","width":512,"height":512,"caption":"Vie Associative"},"image":{"@id":"https:\/\/vieassociative.be\/actualites\/#\/schema\/logo\/image\/"}},{"@type":"Person","@id":"https:\/\/vieassociative.be\/actualites\/#\/schema\/person\/b87ac4f82f9d4e7b7cec7395b679edc4","name":"Julien","image":{"@type":"ImageObject","inLanguage":"fr-BE","@id":"https:\/\/vieassociative.be\/actualites\/#\/schema\/person\/image\/","url":"https:\/\/vieassociative.be\/actualites\/wp-content\/uploads\/2024\/09\/vie-associative-1-150x150.jpg","contentUrl":"https:\/\/vieassociative.be\/actualites\/wp-content\/uploads\/2024\/09\/vie-associative-1-150x150.jpg","caption":"Julien"},"description":"Je suis Julien, r\u00e9dacteur pour Vie Associative. Passionn\u00e9 par le monde associatif depuis plus de 10 ans, j'ai \u00e0 c\u0153ur de partager des histoires inspirantes et de mettre en lumi\u00e8re les initiatives locales. Mon objectif est de sensibiliser et d'encourager l'engagement communautaire \u00e0 travers mes articles.","sameAs":["https:\/\/vieassociative.be\/"]}]}},"_links":{"self":[{"href":"https:\/\/vieassociative.be\/actualites\/wp-json\/wp\/v2\/posts\/8347"}],"collection":[{"href":"https:\/\/vieassociative.be\/actualites\/wp-json\/wp\/v2\/posts"}],"about":[{"href":"https:\/\/vieassociative.be\/actualites\/wp-json\/wp\/v2\/types\/post"}],"author":[{"embeddable":true,"href":"https:\/\/vieassociative.be\/actualites\/wp-json\/wp\/v2\/users\/1"}],"replies":[{"embeddable":true,"href":"https:\/\/vieassociative.be\/actualites\/wp-json\/wp\/v2\/comments?post=8347"}],"version-history":[{"count":0,"href":"https:\/\/vieassociative.be\/actualites\/wp-json\/wp\/v2\/posts\/8347\/revisions"}],"wp:featuredmedia":[{"embeddable":true,"href":"https:\/\/vieassociative.be\/actualites\/wp-json\/wp\/v2\/media\/8348"}],"wp:attachment":[{"href":"https:\/\/vieassociative.be\/actualites\/wp-json\/wp\/v2\/media?parent=8347"}],"wp:term":[{"taxonomy":"category","embeddable":true,"href":"https:\/\/vieassociative.be\/actualites\/wp-json\/wp\/v2\/categories?post=8347"},{"taxonomy":"post_tag","embeddable":true,"href":"https:\/\/vieassociative.be\/actualites\/wp-json\/wp\/v2\/tags?post=8347"}],"curies":[{"name":"wp","href":"https:\/\/api.w.org\/{rel}","templated":true}]}}