{"id":8345,"date":"2025-06-23T22:17:23","date_gmt":"2025-06-23T20:17:23","guid":{"rendered":"https:\/\/vieassociative.be\/actualites\/bonne-nouvelle-tchamba-commence-une-nouvelle-faq-pour-repondre-a-toutes-vos-questions-a-tout-moment\/"},"modified":"2025-06-23T22:17:23","modified_gmt":"2025-06-23T20:17:23","slug":"bonne-nouvelle-tchamba-commence-une-nouvelle-faq-pour-repondre-a-toutes-vos-questions-a-tout-moment","status":"publish","type":"post","link":"https:\/\/vieassociative.be\/actualites\/bonne-nouvelle-tchamba-commence-une-nouvelle-faq-pour-repondre-a-toutes-vos-questions-a-tout-moment\/","title":{"rendered":"Bonne nouvelle: Tchamba commence une nouvelle FAQ pour r\u00e9pondre \u00e0 toutes vos questions \u00e0 tout moment"},"content":{"rendered":"<p><strong>Bonne nouvelle pour les clients de Tchamba Telecom: le fournisseur local vient de publier une toute nouvelle zone FAQ (des questions fr\u00e9quemment pos\u00e9es) sur son site Web.<\/strong><\/p>\n<p><span id=\"more-418440\"><\/span>Objectif: Facile, clair et 24 heures sur 24 pour fournir des r\u00e9ponses aux questions des utilisateurs les plus courantes.<\/p>\n<p>Prenez la connexion Internet avec vous lors du d\u00e9m\u00e9nagement? Activer une nouvelle carte SIM? Changer le tarif? De nombreux abonn\u00e9s connaissent ces situations &#8211; et ils soul\u00e8vent souvent de nombreuses questions.<\/p>\n<div id=\"attachment_398558\" class=\"wp-caption alignleft\" style=\"max-width: 300px\"><img fetchpriority=\"high\" decoding=\"async\" class=\"wp-image-398558 size-medium\" src=\"https:\/\/vieassociative.be\/actualites\/wp-content\/uploads\/2025\/06\/Bonne-nouvelle-Tchamba-commence-une-nouvelle-FAQ-pour-repondre-a.jpg\" alt=\"\" width=\"300\" height=\"225\"><\/p>\n<p class=\"wp-caption-text\">Une vue ext\u00e9rieure de la branche de Tchamba \u00e0 Herbestheer Strasse 321 \u00e0 Eupen.<\/p>\n<\/div>\n<p>Gr\u00e2ce \u00e0 cette FAQ disponible 24h \/ 24, les utilisateurs peuvent d\u00e9sormais s&rsquo;informer ind\u00e9pendamment et \u00e0 leur rythme.<\/p>\n<p>Cette nouvelle offre ne remplace en rien le contact personnel &#8211; au contraire: il compl\u00e8te les soins individuels que Tchamba continue d&rsquo;offrir ses clients. La FAQ sert de premi\u00e8re source d&rsquo;information, en particulier en dehors des heures de bureau.<\/p>\n<p>Sous <u>Tchamba.be\/faq<\/u> Disponible, ce domaine fait partie d&rsquo;une strat\u00e9gie de num\u00e9risation plus compl\u00e8te &#8211; sans renoncer \u00e0 la proximit\u00e9 des clients qui est particuli\u00e8rement importante pour l&rsquo;entreprise.<\/p>\n<p>Un nouvel outil num\u00e9rique qui correspond parfaitement \u00e0 la devise du fournisseur: \u00ab\u00a0Tr\u00e8s proche, tr\u00e8s simple.\u00a0\u00bb<\/p>\n<p><strong>Plus d&rsquo;informations sous <u>Tchamba.be\/faq<\/u><\/strong><\/p>\n","protected":false},"excerpt":{"rendered":"<p>Bonne nouvelle pour les clients de Tchamba Telecom: le fournisseur local vient de publier une toute nouvelle zone FAQ (des questions fr\u00e9quemment pos\u00e9es) sur son<\/p>\n","protected":false},"author":1,"featured_media":7216,"comment_status":"","ping_status":"","sticky":false,"template":"","format":"standard","meta":{"footnotes":""},"categories":[298],"tags":[680,1051,7513,1429,491,81,481,1955,3768,236,62,110,27],"class_list":["post-8345","post","type-post","status-publish","format-standard","has-post-thumbnail","hentry","category-belgique","tag-bonne","tag-commence","tag-faq","tag-moment","tag-nouvelle","tag-pour","tag-questions","tag-repondre","tag-tchamba","tag-tout","tag-toutes","tag-une","tag-vos","generate-columns","tablet-grid-50","mobile-grid-100","grid-parent","grid-33"],"yoast_head":"<!-- This site is optimized with the Yoast SEO plugin v24.0 - https:\/\/yoast.com\/wordpress\/plugins\/seo\/ -->\n<title>Bonne nouvelle: Tchamba commence une nouvelle FAQ pour r\u00e9pondre \u00e0 toutes vos questions \u00e0 tout moment | Vie Associative<\/title>\n<meta name=\"robots\" content=\"index, follow, max-snippet:-1, max-image-preview:large, max-video-preview:-1\" \/>\n<link rel=\"canonical\" href=\"https:\/\/vieassociative.be\/actualites\/bonne-nouvelle-tchamba-commence-une-nouvelle-faq-pour-repondre-a-toutes-vos-questions-a-tout-moment\/\" \/>\n<meta property=\"og:locale\" content=\"fr_FR\" \/>\n<meta property=\"og:type\" content=\"article\" \/>\n<meta property=\"og:title\" content=\"Bonne nouvelle: Tchamba commence une nouvelle FAQ pour r\u00e9pondre \u00e0 toutes vos questions \u00e0 tout moment | Vie Associative\" \/>\n<meta property=\"og:description\" content=\"Bonne nouvelle pour les clients de Tchamba Telecom: le fournisseur local vient de publier une toute nouvelle zone FAQ (des questions fr\u00e9quemment pos\u00e9es) sur son\" \/>\n<meta property=\"og:url\" content=\"https:\/\/vieassociative.be\/actualites\/bonne-nouvelle-tchamba-commence-une-nouvelle-faq-pour-repondre-a-toutes-vos-questions-a-tout-moment\/\" \/>\n<meta property=\"og:site_name\" content=\"Vie Associative\" \/>\n<meta property=\"article:published_time\" content=\"2025-06-23T20:17:23+00:00\" \/>\n<meta property=\"og:image\" content=\"https:\/\/vieassociative.be\/actualites\/wp-content\/uploads\/2024\/09\/header_backgroundk-01-e1726694325946.png\" \/>\n\t<meta property=\"og:image:width\" content=\"279\" \/>\n\t<meta property=\"og:image:height\" content=\"92\" \/>\n\t<meta property=\"og:image:type\" content=\"image\/png\" \/>\n<meta name=\"author\" content=\"Julien\" \/>\n<meta name=\"twitter:card\" content=\"summary_large_image\" \/>\n<meta name=\"twitter:label1\" content=\"\u00c9crit par\" \/>\n\t<meta name=\"twitter:data1\" content=\"Julien\" \/>\n\t<meta name=\"twitter:label2\" content=\"Dur\u00e9e de lecture est.\" \/>\n\t<meta name=\"twitter:data2\" content=\"1 minute\" \/>\n<script type=\"application\/ld+json\" class=\"yoast-schema-graph\">{\"@context\":\"https:\/\/schema.org\",\"@graph\":[{\"@type\":\"Article\",\"@id\":\"https:\/\/vieassociative.be\/actualites\/bonne-nouvelle-tchamba-commence-une-nouvelle-faq-pour-repondre-a-toutes-vos-questions-a-tout-moment\/#article\",\"isPartOf\":{\"@id\":\"https:\/\/vieassociative.be\/actualites\/bonne-nouvelle-tchamba-commence-une-nouvelle-faq-pour-repondre-a-toutes-vos-questions-a-tout-moment\/\"},\"author\":{\"name\":\"Julien\",\"@id\":\"https:\/\/vieassociative.be\/actualites\/#\/schema\/person\/b87ac4f82f9d4e7b7cec7395b679edc4\"},\"headline\":\"Bonne nouvelle: Tchamba commence une nouvelle FAQ pour r\u00e9pondre \u00e0 toutes vos questions \u00e0 tout moment\",\"datePublished\":\"2025-06-23T20:17:23+00:00\",\"dateModified\":\"2025-06-23T20:17:23+00:00\",\"mainEntityOfPage\":{\"@id\":\"https:\/\/vieassociative.be\/actualites\/bonne-nouvelle-tchamba-commence-une-nouvelle-faq-pour-repondre-a-toutes-vos-questions-a-tout-moment\/\"},\"wordCount\":229,\"publisher\":{\"@id\":\"https:\/\/vieassociative.be\/actualites\/#organization\"},\"image\":{\"@id\":\"https:\/\/vieassociative.be\/actualites\/bonne-nouvelle-tchamba-commence-une-nouvelle-faq-pour-repondre-a-toutes-vos-questions-a-tout-moment\/#primaryimage\"},\"thumbnailUrl\":\"https:\/\/vieassociative.be\/actualites\/wp-content\/uploads\/2025\/05\/1746152220_Team-Tchamba-Ce-sont-les-visages-derriere-Tchamba.jpg\",\"keywords\":[\"bonne\",\"commenc\u00e9\",\"FAQ\",\"moment\",\"nouvelle\",\"pour\",\"questions\",\"r\u00e9pondre\",\"TCHAMBA\",\"tout\",\"toutes\",\"une\",\"vos\"],\"articleSection\":[\"Belgique\"],\"inLanguage\":\"fr-BE\"},{\"@type\":\"WebPage\",\"@id\":\"https:\/\/vieassociative.be\/actualites\/bonne-nouvelle-tchamba-commence-une-nouvelle-faq-pour-repondre-a-toutes-vos-questions-a-tout-moment\/\",\"url\":\"https:\/\/vieassociative.be\/actualites\/bonne-nouvelle-tchamba-commence-une-nouvelle-faq-pour-repondre-a-toutes-vos-questions-a-tout-moment\/\",\"name\":\"Bonne nouvelle: Tchamba commence une nouvelle FAQ pour r\u00e9pondre \u00e0 toutes vos questions \u00e0 tout moment | Vie Associative\",\"isPartOf\":{\"@id\":\"https:\/\/vieassociative.be\/actualites\/#website\"},\"primaryImageOfPage\":{\"@id\":\"https:\/\/vieassociative.be\/actualites\/bonne-nouvelle-tchamba-commence-une-nouvelle-faq-pour-repondre-a-toutes-vos-questions-a-tout-moment\/#primaryimage\"},\"image\":{\"@id\":\"https:\/\/vieassociative.be\/actualites\/bonne-nouvelle-tchamba-commence-une-nouvelle-faq-pour-repondre-a-toutes-vos-questions-a-tout-moment\/#primaryimage\"},\"thumbnailUrl\":\"https:\/\/vieassociative.be\/actualites\/wp-content\/uploads\/2025\/05\/1746152220_Team-Tchamba-Ce-sont-les-visages-derriere-Tchamba.jpg\",\"datePublished\":\"2025-06-23T20:17:23+00:00\",\"dateModified\":\"2025-06-23T20:17:23+00:00\",\"breadcrumb\":{\"@id\":\"https:\/\/vieassociative.be\/actualites\/bonne-nouvelle-tchamba-commence-une-nouvelle-faq-pour-repondre-a-toutes-vos-questions-a-tout-moment\/#breadcrumb\"},\"inLanguage\":\"fr-BE\",\"potentialAction\":[{\"@type\":\"ReadAction\",\"target\":[\"https:\/\/vieassociative.be\/actualites\/bonne-nouvelle-tchamba-commence-une-nouvelle-faq-pour-repondre-a-toutes-vos-questions-a-tout-moment\/\"]}]},{\"@type\":\"ImageObject\",\"inLanguage\":\"fr-BE\",\"@id\":\"https:\/\/vieassociative.be\/actualites\/bonne-nouvelle-tchamba-commence-une-nouvelle-faq-pour-repondre-a-toutes-vos-questions-a-tout-moment\/#primaryimage\",\"url\":\"https:\/\/vieassociative.be\/actualites\/wp-content\/uploads\/2025\/05\/1746152220_Team-Tchamba-Ce-sont-les-visages-derriere-Tchamba.jpg\",\"contentUrl\":\"https:\/\/vieassociative.be\/actualites\/wp-content\/uploads\/2025\/05\/1746152220_Team-Tchamba-Ce-sont-les-visages-derriere-Tchamba.jpg\",\"width\":1200,\"height\":800,\"caption\":\"Team Tchamba - Ce sont les visages derri\u00e8re Tchamba\"},{\"@type\":\"BreadcrumbList\",\"@id\":\"https:\/\/vieassociative.be\/actualites\/bonne-nouvelle-tchamba-commence-une-nouvelle-faq-pour-repondre-a-toutes-vos-questions-a-tout-moment\/#breadcrumb\",\"itemListElement\":[{\"@type\":\"ListItem\",\"position\":1,\"name\":\"Accueil\",\"item\":\"https:\/\/vieassociative.be\/actualites\/\"},{\"@type\":\"ListItem\",\"position\":2,\"name\":\"Bonne nouvelle: Tchamba commence une nouvelle FAQ pour r\u00e9pondre \u00e0 toutes vos questions \u00e0 tout moment\"}]},{\"@type\":\"WebSite\",\"@id\":\"https:\/\/vieassociative.be\/actualites\/#website\",\"url\":\"https:\/\/vieassociative.be\/actualites\/\",\"name\":\"Vie Associative\",\"description\":\"\",\"publisher\":{\"@id\":\"https:\/\/vieassociative.be\/actualites\/#organization\"},\"potentialAction\":[{\"@type\":\"SearchAction\",\"target\":{\"@type\":\"EntryPoint\",\"urlTemplate\":\"https:\/\/vieassociative.be\/actualites\/?s={search_term_string}\"},\"query-input\":{\"@type\":\"PropertyValueSpecification\",\"valueRequired\":true,\"valueName\":\"search_term_string\"}}],\"inLanguage\":\"fr-BE\"},{\"@type\":\"Organization\",\"@id\":\"https:\/\/vieassociative.be\/actualites\/#organization\",\"name\":\"Vie Associative\",\"url\":\"https:\/\/vieassociative.be\/actualites\/\",\"logo\":{\"@type\":\"ImageObject\",\"inLanguage\":\"fr-BE\",\"@id\":\"https:\/\/vieassociative.be\/actualites\/#\/schema\/logo\/image\/\",\"url\":\"https:\/\/vieassociative.be\/actualites\/wp-content\/uploads\/2024\/09\/cropped-vieassociative_favicon.ico.png\",\"contentUrl\":\"https:\/\/vieassociative.be\/actualites\/wp-content\/uploads\/2024\/09\/cropped-vieassociative_favicon.ico.png\",\"width\":512,\"height\":512,\"caption\":\"Vie Associative\"},\"image\":{\"@id\":\"https:\/\/vieassociative.be\/actualites\/#\/schema\/logo\/image\/\"}},{\"@type\":\"Person\",\"@id\":\"https:\/\/vieassociative.be\/actualites\/#\/schema\/person\/b87ac4f82f9d4e7b7cec7395b679edc4\",\"name\":\"Julien\",\"image\":{\"@type\":\"ImageObject\",\"inLanguage\":\"fr-BE\",\"@id\":\"https:\/\/vieassociative.be\/actualites\/#\/schema\/person\/image\/\",\"url\":\"https:\/\/vieassociative.be\/actualites\/wp-content\/uploads\/2024\/09\/vie-associative-1-150x150.jpg\",\"contentUrl\":\"https:\/\/vieassociative.be\/actualites\/wp-content\/uploads\/2024\/09\/vie-associative-1-150x150.jpg\",\"caption\":\"Julien\"},\"description\":\"Je suis Julien, r\u00e9dacteur pour Vie Associative. Passionn\u00e9 par le monde associatif depuis plus de 10 ans, j'ai \u00e0 c\u0153ur de partager des histoires inspirantes et de mettre en lumi\u00e8re les initiatives locales. Mon objectif est de sensibiliser et d'encourager l'engagement communautaire \u00e0 travers mes articles.\",\"sameAs\":[\"https:\/\/vieassociative.be\/\"]}]}<\/script>\n<!-- \/ Yoast SEO plugin. -->","yoast_head_json":{"title":"Bonne nouvelle: Tchamba commence une nouvelle FAQ pour r\u00e9pondre \u00e0 toutes vos questions \u00e0 tout moment | Vie Associative","robots":{"index":"index","follow":"follow","max-snippet":"max-snippet:-1","max-image-preview":"max-image-preview:large","max-video-preview":"max-video-preview:-1"},"canonical":"https:\/\/vieassociative.be\/actualites\/bonne-nouvelle-tchamba-commence-une-nouvelle-faq-pour-repondre-a-toutes-vos-questions-a-tout-moment\/","og_locale":"fr_FR","og_type":"article","og_title":"Bonne nouvelle: Tchamba commence une nouvelle FAQ pour r\u00e9pondre \u00e0 toutes vos questions \u00e0 tout moment | Vie Associative","og_description":"Bonne nouvelle pour les clients de Tchamba Telecom: le fournisseur local vient de publier une toute nouvelle zone FAQ (des questions fr\u00e9quemment pos\u00e9es) sur son","og_url":"https:\/\/vieassociative.be\/actualites\/bonne-nouvelle-tchamba-commence-une-nouvelle-faq-pour-repondre-a-toutes-vos-questions-a-tout-moment\/","og_site_name":"Vie Associative","article_published_time":"2025-06-23T20:17:23+00:00","og_image":[{"width":279,"height":92,"url":"https:\/\/vieassociative.be\/actualites\/wp-content\/uploads\/2024\/09\/header_backgroundk-01-e1726694325946.png","type":"image\/png"}],"author":"Julien","twitter_card":"summary_large_image","twitter_misc":{"\u00c9crit par":"Julien","Dur\u00e9e de lecture est.":"1 minute"},"schema":{"@context":"https:\/\/schema.org","@graph":[{"@type":"Article","@id":"https:\/\/vieassociative.be\/actualites\/bonne-nouvelle-tchamba-commence-une-nouvelle-faq-pour-repondre-a-toutes-vos-questions-a-tout-moment\/#article","isPartOf":{"@id":"https:\/\/vieassociative.be\/actualites\/bonne-nouvelle-tchamba-commence-une-nouvelle-faq-pour-repondre-a-toutes-vos-questions-a-tout-moment\/"},"author":{"name":"Julien","@id":"https:\/\/vieassociative.be\/actualites\/#\/schema\/person\/b87ac4f82f9d4e7b7cec7395b679edc4"},"headline":"Bonne nouvelle: Tchamba commence une nouvelle FAQ pour r\u00e9pondre \u00e0 toutes vos questions \u00e0 tout moment","datePublished":"2025-06-23T20:17:23+00:00","dateModified":"2025-06-23T20:17:23+00:00","mainEntityOfPage":{"@id":"https:\/\/vieassociative.be\/actualites\/bonne-nouvelle-tchamba-commence-une-nouvelle-faq-pour-repondre-a-toutes-vos-questions-a-tout-moment\/"},"wordCount":229,"publisher":{"@id":"https:\/\/vieassociative.be\/actualites\/#organization"},"image":{"@id":"https:\/\/vieassociative.be\/actualites\/bonne-nouvelle-tchamba-commence-une-nouvelle-faq-pour-repondre-a-toutes-vos-questions-a-tout-moment\/#primaryimage"},"thumbnailUrl":"https:\/\/vieassociative.be\/actualites\/wp-content\/uploads\/2025\/05\/1746152220_Team-Tchamba-Ce-sont-les-visages-derriere-Tchamba.jpg","keywords":["bonne","commenc\u00e9","FAQ","moment","nouvelle","pour","questions","r\u00e9pondre","TCHAMBA","tout","toutes","une","vos"],"articleSection":["Belgique"],"inLanguage":"fr-BE"},{"@type":"WebPage","@id":"https:\/\/vieassociative.be\/actualites\/bonne-nouvelle-tchamba-commence-une-nouvelle-faq-pour-repondre-a-toutes-vos-questions-a-tout-moment\/","url":"https:\/\/vieassociative.be\/actualites\/bonne-nouvelle-tchamba-commence-une-nouvelle-faq-pour-repondre-a-toutes-vos-questions-a-tout-moment\/","name":"Bonne nouvelle: Tchamba commence une nouvelle FAQ pour r\u00e9pondre \u00e0 toutes vos questions \u00e0 tout moment | Vie Associative","isPartOf":{"@id":"https:\/\/vieassociative.be\/actualites\/#website"},"primaryImageOfPage":{"@id":"https:\/\/vieassociative.be\/actualites\/bonne-nouvelle-tchamba-commence-une-nouvelle-faq-pour-repondre-a-toutes-vos-questions-a-tout-moment\/#primaryimage"},"image":{"@id":"https:\/\/vieassociative.be\/actualites\/bonne-nouvelle-tchamba-commence-une-nouvelle-faq-pour-repondre-a-toutes-vos-questions-a-tout-moment\/#primaryimage"},"thumbnailUrl":"https:\/\/vieassociative.be\/actualites\/wp-content\/uploads\/2025\/05\/1746152220_Team-Tchamba-Ce-sont-les-visages-derriere-Tchamba.jpg","datePublished":"2025-06-23T20:17:23+00:00","dateModified":"2025-06-23T20:17:23+00:00","breadcrumb":{"@id":"https:\/\/vieassociative.be\/actualites\/bonne-nouvelle-tchamba-commence-une-nouvelle-faq-pour-repondre-a-toutes-vos-questions-a-tout-moment\/#breadcrumb"},"inLanguage":"fr-BE","potentialAction":[{"@type":"ReadAction","target":["https:\/\/vieassociative.be\/actualites\/bonne-nouvelle-tchamba-commence-une-nouvelle-faq-pour-repondre-a-toutes-vos-questions-a-tout-moment\/"]}]},{"@type":"ImageObject","inLanguage":"fr-BE","@id":"https:\/\/vieassociative.be\/actualites\/bonne-nouvelle-tchamba-commence-une-nouvelle-faq-pour-repondre-a-toutes-vos-questions-a-tout-moment\/#primaryimage","url":"https:\/\/vieassociative.be\/actualites\/wp-content\/uploads\/2025\/05\/1746152220_Team-Tchamba-Ce-sont-les-visages-derriere-Tchamba.jpg","contentUrl":"https:\/\/vieassociative.be\/actualites\/wp-content\/uploads\/2025\/05\/1746152220_Team-Tchamba-Ce-sont-les-visages-derriere-Tchamba.jpg","width":1200,"height":800,"caption":"Team Tchamba - Ce sont les visages derri\u00e8re Tchamba"},{"@type":"BreadcrumbList","@id":"https:\/\/vieassociative.be\/actualites\/bonne-nouvelle-tchamba-commence-une-nouvelle-faq-pour-repondre-a-toutes-vos-questions-a-tout-moment\/#breadcrumb","itemListElement":[{"@type":"ListItem","position":1,"name":"Accueil","item":"https:\/\/vieassociative.be\/actualites\/"},{"@type":"ListItem","position":2,"name":"Bonne nouvelle: Tchamba commence une nouvelle FAQ pour r\u00e9pondre \u00e0 toutes vos questions \u00e0 tout moment"}]},{"@type":"WebSite","@id":"https:\/\/vieassociative.be\/actualites\/#website","url":"https:\/\/vieassociative.be\/actualites\/","name":"Vie Associative","description":"","publisher":{"@id":"https:\/\/vieassociative.be\/actualites\/#organization"},"potentialAction":[{"@type":"SearchAction","target":{"@type":"EntryPoint","urlTemplate":"https:\/\/vieassociative.be\/actualites\/?s={search_term_string}"},"query-input":{"@type":"PropertyValueSpecification","valueRequired":true,"valueName":"search_term_string"}}],"inLanguage":"fr-BE"},{"@type":"Organization","@id":"https:\/\/vieassociative.be\/actualites\/#organization","name":"Vie Associative","url":"https:\/\/vieassociative.be\/actualites\/","logo":{"@type":"ImageObject","inLanguage":"fr-BE","@id":"https:\/\/vieassociative.be\/actualites\/#\/schema\/logo\/image\/","url":"https:\/\/vieassociative.be\/actualites\/wp-content\/uploads\/2024\/09\/cropped-vieassociative_favicon.ico.png","contentUrl":"https:\/\/vieassociative.be\/actualites\/wp-content\/uploads\/2024\/09\/cropped-vieassociative_favicon.ico.png","width":512,"height":512,"caption":"Vie Associative"},"image":{"@id":"https:\/\/vieassociative.be\/actualites\/#\/schema\/logo\/image\/"}},{"@type":"Person","@id":"https:\/\/vieassociative.be\/actualites\/#\/schema\/person\/b87ac4f82f9d4e7b7cec7395b679edc4","name":"Julien","image":{"@type":"ImageObject","inLanguage":"fr-BE","@id":"https:\/\/vieassociative.be\/actualites\/#\/schema\/person\/image\/","url":"https:\/\/vieassociative.be\/actualites\/wp-content\/uploads\/2024\/09\/vie-associative-1-150x150.jpg","contentUrl":"https:\/\/vieassociative.be\/actualites\/wp-content\/uploads\/2024\/09\/vie-associative-1-150x150.jpg","caption":"Julien"},"description":"Je suis Julien, r\u00e9dacteur pour Vie Associative. Passionn\u00e9 par le monde associatif depuis plus de 10 ans, j'ai \u00e0 c\u0153ur de partager des histoires inspirantes et de mettre en lumi\u00e8re les initiatives locales. Mon objectif est de sensibiliser et d'encourager l'engagement communautaire \u00e0 travers mes articles.","sameAs":["https:\/\/vieassociative.be\/"]}]}},"_links":{"self":[{"href":"https:\/\/vieassociative.be\/actualites\/wp-json\/wp\/v2\/posts\/8345"}],"collection":[{"href":"https:\/\/vieassociative.be\/actualites\/wp-json\/wp\/v2\/posts"}],"about":[{"href":"https:\/\/vieassociative.be\/actualites\/wp-json\/wp\/v2\/types\/post"}],"author":[{"embeddable":true,"href":"https:\/\/vieassociative.be\/actualites\/wp-json\/wp\/v2\/users\/1"}],"replies":[{"embeddable":true,"href":"https:\/\/vieassociative.be\/actualites\/wp-json\/wp\/v2\/comments?post=8345"}],"version-history":[{"count":0,"href":"https:\/\/vieassociative.be\/actualites\/wp-json\/wp\/v2\/posts\/8345\/revisions"}],"wp:featuredmedia":[{"embeddable":true,"href":"https:\/\/vieassociative.be\/actualites\/wp-json\/wp\/v2\/media\/7216"}],"wp:attachment":[{"href":"https:\/\/vieassociative.be\/actualites\/wp-json\/wp\/v2\/media?parent=8345"}],"wp:term":[{"taxonomy":"category","embeddable":true,"href":"https:\/\/vieassociative.be\/actualites\/wp-json\/wp\/v2\/categories?post=8345"},{"taxonomy":"post_tag","embeddable":true,"href":"https:\/\/vieassociative.be\/actualites\/wp-json\/wp\/v2\/tags?post=8345"}],"curies":[{"name":"wp","href":"https:\/\/api.w.org\/{rel}","templated":true}]}}