{"id":8341,"date":"2025-06-23T16:17:59","date_gmt":"2025-06-23T14:17:59","guid":{"rendered":"https:\/\/vieassociative.be\/actualites\/caracteristiques-de-leupen-wetzlarbad-a-deux-employes-des-operateurs-lago\/"},"modified":"2025-06-23T16:17:59","modified_gmt":"2025-06-23T14:17:59","slug":"caracteristiques-de-leupen-wetzlarbad-a-deux-employes-des-operateurs-lago","status":"publish","type":"post","link":"https:\/\/vieassociative.be\/actualites\/caracteristiques-de-leupen-wetzlarbad-a-deux-employes-des-operateurs-lago\/","title":{"rendered":"Caract\u00e9ristiques de l&rsquo;Eupen Wetzlarbad \u00e0 deux employ\u00e9s des op\u00e9rateurs Lago"},"content":{"rendered":"<p><strong>La zone de police de Weser-G\u00f6hl a enregistr\u00e9 plusieurs missions entre le vendredi 20 juin 2025 \u00e0 7 h et le lundi 23 juin 2025.<\/strong><\/p>\n<p><span id=\"more-418404\"><\/span><strong>&#8211; M\u00e9dicaments trouv\u00e9s dans le contr\u00f4le des bus:<\/strong> Le 20\/06 vers 21 h 30, des responsables de la zone de police de Weser-G\u00f6hl ont effectu\u00e9 un contr\u00f4le des bus sur Aachener Strasse \u00e0 Raeren. Un homme d&rsquo;Eupen a \u00e9t\u00e9 trouv\u00e9 3,6 grammes de cannabis et confisqu\u00e9. L&rsquo;homme a re\u00e7u un protocole de possession de drogue.<\/p>\n<p><strong>&#8211; Accident de la circulation avec des bless\u00e9s dans l&rsquo;herbesthale:<\/strong> Le 21\/06 vers 11 h 15, la police et les services d&rsquo;urgence seront appel\u00e9s \u00e0 un accident de la circulation sur Neutralstra\u00dfe dans l&rsquo;herbesthal. Il y avait probablement un affrontement entre une voiture et une moto dans une man\u0153uvre de d\u00e9passement.<\/p>\n<p>Le conducteur de Bleyberg vient d&rsquo;un parking priv\u00e9 et se tourne \u00e0 gauche vers Eupen. Dans le m\u00eame temps, un homme de Verviers conduit sa moto vers le fl\u00e9trissement et d\u00e9passe un v\u00e9hicule. Le motocycliste s&rsquo;\u00e9crase dans le pare-chocs et le capot de l&rsquo;automobiliste. La moto se retrouve et le conducteur est jet\u00e9 environ 5 m\u00e8tres plus loin sur la voie venant en sens inverse.<\/p>\n<div id=\"attachment_147930\" class=\"wp-caption alignleft\" style=\"max-width: 300px\"><img fetchpriority=\"high\" decoding=\"async\" class=\"wp-image-147930 size-medium\" src=\"https:\/\/vieassociative.be\/actualites\/wp-content\/uploads\/2025\/06\/Caracteristiques-de-lEupen-Wetzlarbad-a-deux-employes-des-operateurs-Lago.jpg\" alt=\"\" width=\"300\" height=\"192\"  ><\/p>\n<p class=\"wp-caption-text\">Photo: OD<\/p>\n<\/div>\n<p>La route doit \u00eatre ferm\u00e9e bri\u00e8vement pour la circulation. Le motocycliste est amen\u00e9 aux urgences de l&rsquo;h\u00f4pital Eupen avec une pause sur la jambe et plusieurs traumatismes sur le haut du corps et transport\u00e9s \u00e0 la clinique d&rsquo;Aix-un dans un \u00e9tat stable dans l&rsquo;apr\u00e8s-midi. Le conducteur ne subit aucune blessure.<\/p>\n<p><strong>&#8211; Pr\u00e9vient l&rsquo;Eupen Wetzlarbad: <\/strong>Le 21\/06 \u00e0 14 h 50, un groupe de jeunes sera signal\u00e9 aux services de la zone de police de Weser-G\u00f6hl, qui aurait \u00e9t\u00e9 remarqu\u00e9 n\u00e9gativement en raison d&rsquo;un mauvais comportement et seraient devenus deux employ\u00e9s de Lago. Selon le stress, l&rsquo;un des employ\u00e9s souffre probablement de probl\u00e8mes circulatoires et est ensuite trait\u00e9. Une grande partie des jeunes hommes, principalement de la r\u00e9gion de Verviers, est expuls\u00e9e.<\/p>\n<p><strong>&#8211; Contr\u00f4les de la circulation \u00e0 Eupen et Hauset:<\/strong> Dans la nuit \u00e0 partir du samedi 21\/06, le dimanche 22\/06, des contr\u00f4les de la circulation ont \u00e9t\u00e9 effectu\u00e9s \u00e0 Eupen sur Vervierser Strasse et \u00e0 Hauset sur Aachener Strasse. Un v\u00e9hicule est immobilis\u00e9 en raison d&rsquo;un contr\u00f4le technique expir\u00e9 et d&rsquo;un manque de preuve d&rsquo;assurance et le conducteur est enregistr\u00e9. Deux conducteurs sont interdits de conduire trois heures en raison d&rsquo;un taux d&rsquo;alcool excessif dans le sang et d&rsquo;un protocole. Un autre homme est enregistr\u00e9 car il ne peut pas montrer de permis de conduire.<\/p>\n<p><strong>&#8211; Accident de la circulation avec des blessures \u00e0 Walhorn (Astenet):<\/strong> Le 22\/06 vers 13 h 55, les services de la zone de police de Weser-G\u00f6hl seront signal\u00e9s \u00e0 une personne bless\u00e9e. Un motocycliste roule sur l&rsquo;asteneter Stra\u00dfe en direction d&rsquo;Astenet et veut tourner \u00e0 gauche en Lindenweg dans le rond-point. Une camionnette provient de l&rsquo;asteneter Stra\u00dfe d&rsquo;Astenet et se rend au rond-point, surplombant probablement le motocycliste. Les motos et les camionnettes s&rsquo;effondrent dans le rond-point, ce qui conduit \u00e0 la chute du motocycliste. Ceci est l\u00e9g\u00e8rement bless\u00e9 \u00e0 pied droit et est trait\u00e9 par les services d&rsquo;urgence. L&rsquo;autre conducteur ne subit aucune blessure.<\/p>\n","protected":false},"excerpt":{"rendered":"<p>La zone de police de Weser-G\u00f6hl a enregistr\u00e9 plusieurs missions entre le vendredi 20 juin 2025 \u00e0 7 h et le lundi 23 juin 2025.<\/p>\n","protected":false},"author":1,"featured_media":1939,"comment_status":"","ping_status":"","sticky":false,"template":"","format":"standard","meta":{"footnotes":""},"categories":[298],"tags":[6396,29,114,7512,5099,5407,4230,4722],"class_list":["post-8341","post","type-post","status-publish","format-standard","has-post-thumbnail","hentry","category-belgique","tag-caracteristiques","tag-des","tag-deux","tag-employes","tag-lago","tag-leupen","tag-operateurs","tag-wetzlarbad","generate-columns","tablet-grid-50","mobile-grid-100","grid-parent","grid-33"],"yoast_head":"<!-- This site is optimized with the Yoast SEO plugin v24.0 - https:\/\/yoast.com\/wordpress\/plugins\/seo\/ -->\n<title>Caract\u00e9ristiques de l&#039;Eupen Wetzlarbad \u00e0 deux employ\u00e9s des op\u00e9rateurs Lago | Vie Associative<\/title>\n<meta name=\"robots\" content=\"index, follow, max-snippet:-1, max-image-preview:large, max-video-preview:-1\" \/>\n<link rel=\"canonical\" href=\"https:\/\/vieassociative.be\/actualites\/caracteristiques-de-leupen-wetzlarbad-a-deux-employes-des-operateurs-lago\/\" \/>\n<meta property=\"og:locale\" content=\"fr_FR\" \/>\n<meta property=\"og:type\" content=\"article\" \/>\n<meta property=\"og:title\" content=\"Caract\u00e9ristiques de l&#039;Eupen Wetzlarbad \u00e0 deux employ\u00e9s des op\u00e9rateurs Lago | Vie Associative\" \/>\n<meta property=\"og:description\" content=\"La zone de police de Weser-G\u00f6hl a enregistr\u00e9 plusieurs missions entre le vendredi 20 juin 2025 \u00e0 7 h et le lundi 23 juin 2025.\" \/>\n<meta property=\"og:url\" content=\"https:\/\/vieassociative.be\/actualites\/caracteristiques-de-leupen-wetzlarbad-a-deux-employes-des-operateurs-lago\/\" \/>\n<meta property=\"og:site_name\" content=\"Vie Associative\" \/>\n<meta property=\"article:published_time\" content=\"2025-06-23T14:17:59+00:00\" \/>\n<meta property=\"og:image\" content=\"https:\/\/vieassociative.be\/actualites\/wp-content\/uploads\/2024\/09\/header_backgroundk-01-e1726694325946.png\" \/>\n\t<meta property=\"og:image:width\" content=\"279\" \/>\n\t<meta property=\"og:image:height\" content=\"92\" \/>\n\t<meta property=\"og:image:type\" content=\"image\/png\" \/>\n<meta name=\"author\" content=\"Julien\" \/>\n<meta name=\"twitter:card\" content=\"summary_large_image\" \/>\n<meta name=\"twitter:label1\" content=\"\u00c9crit par\" \/>\n\t<meta name=\"twitter:data1\" content=\"Julien\" \/>\n\t<meta name=\"twitter:label2\" content=\"Dur\u00e9e de lecture est.\" \/>\n\t<meta name=\"twitter:data2\" content=\"3 minutes\" \/>\n<script type=\"application\/ld+json\" class=\"yoast-schema-graph\">{\"@context\":\"https:\/\/schema.org\",\"@graph\":[{\"@type\":\"Article\",\"@id\":\"https:\/\/vieassociative.be\/actualites\/caracteristiques-de-leupen-wetzlarbad-a-deux-employes-des-operateurs-lago\/#article\",\"isPartOf\":{\"@id\":\"https:\/\/vieassociative.be\/actualites\/caracteristiques-de-leupen-wetzlarbad-a-deux-employes-des-operateurs-lago\/\"},\"author\":{\"name\":\"Julien\",\"@id\":\"https:\/\/vieassociative.be\/actualites\/#\/schema\/person\/b87ac4f82f9d4e7b7cec7395b679edc4\"},\"headline\":\"Caract\u00e9ristiques de l&rsquo;Eupen Wetzlarbad \u00e0 deux employ\u00e9s des op\u00e9rateurs Lago\",\"datePublished\":\"2025-06-23T14:17:59+00:00\",\"dateModified\":\"2025-06-23T14:17:59+00:00\",\"mainEntityOfPage\":{\"@id\":\"https:\/\/vieassociative.be\/actualites\/caracteristiques-de-leupen-wetzlarbad-a-deux-employes-des-operateurs-lago\/\"},\"wordCount\":564,\"publisher\":{\"@id\":\"https:\/\/vieassociative.be\/actualites\/#organization\"},\"image\":{\"@id\":\"https:\/\/vieassociative.be\/actualites\/caracteristiques-de-leupen-wetzlarbad-a-deux-employes-des-operateurs-lago\/#primaryimage\"},\"thumbnailUrl\":\"https:\/\/vieassociative.be\/actualites\/wp-content\/uploads\/2024\/11\/Raeren-Le-conducteur-tombe-dans-un-micro-sommeil-a-midi.jpeg\",\"keywords\":[\"caract\u00e9ristiques\",\"Des\",\"deux\",\"employ\u00e9s\",\"Lago\",\"LEupen\",\"op\u00e9rateurs\",\"Wetzlarbad\"],\"articleSection\":[\"Belgique\"],\"inLanguage\":\"fr-BE\"},{\"@type\":\"WebPage\",\"@id\":\"https:\/\/vieassociative.be\/actualites\/caracteristiques-de-leupen-wetzlarbad-a-deux-employes-des-operateurs-lago\/\",\"url\":\"https:\/\/vieassociative.be\/actualites\/caracteristiques-de-leupen-wetzlarbad-a-deux-employes-des-operateurs-lago\/\",\"name\":\"Caract\u00e9ristiques de l'Eupen Wetzlarbad \u00e0 deux employ\u00e9s des op\u00e9rateurs Lago | Vie Associative\",\"isPartOf\":{\"@id\":\"https:\/\/vieassociative.be\/actualites\/#website\"},\"primaryImageOfPage\":{\"@id\":\"https:\/\/vieassociative.be\/actualites\/caracteristiques-de-leupen-wetzlarbad-a-deux-employes-des-operateurs-lago\/#primaryimage\"},\"image\":{\"@id\":\"https:\/\/vieassociative.be\/actualites\/caracteristiques-de-leupen-wetzlarbad-a-deux-employes-des-operateurs-lago\/#primaryimage\"},\"thumbnailUrl\":\"https:\/\/vieassociative.be\/actualites\/wp-content\/uploads\/2024\/11\/Raeren-Le-conducteur-tombe-dans-un-micro-sommeil-a-midi.jpeg\",\"datePublished\":\"2025-06-23T14:17:59+00:00\",\"dateModified\":\"2025-06-23T14:17:59+00:00\",\"breadcrumb\":{\"@id\":\"https:\/\/vieassociative.be\/actualites\/caracteristiques-de-leupen-wetzlarbad-a-deux-employes-des-operateurs-lago\/#breadcrumb\"},\"inLanguage\":\"fr-BE\",\"potentialAction\":[{\"@type\":\"ReadAction\",\"target\":[\"https:\/\/vieassociative.be\/actualites\/caracteristiques-de-leupen-wetzlarbad-a-deux-employes-des-operateurs-lago\/\"]}]},{\"@type\":\"ImageObject\",\"inLanguage\":\"fr-BE\",\"@id\":\"https:\/\/vieassociative.be\/actualites\/caracteristiques-de-leupen-wetzlarbad-a-deux-employes-des-operateurs-lago\/#primaryimage\",\"url\":\"https:\/\/vieassociative.be\/actualites\/wp-content\/uploads\/2024\/11\/Raeren-Le-conducteur-tombe-dans-un-micro-sommeil-a-midi.jpeg\",\"contentUrl\":\"https:\/\/vieassociative.be\/actualites\/wp-content\/uploads\/2024\/11\/Raeren-Le-conducteur-tombe-dans-un-micro-sommeil-a-midi.jpeg\",\"width\":1200,\"height\":800,\"caption\":\"Raeren : Le conducteur tombe dans un micro-sommeil \u00e0 midi\"},{\"@type\":\"BreadcrumbList\",\"@id\":\"https:\/\/vieassociative.be\/actualites\/caracteristiques-de-leupen-wetzlarbad-a-deux-employes-des-operateurs-lago\/#breadcrumb\",\"itemListElement\":[{\"@type\":\"ListItem\",\"position\":1,\"name\":\"Accueil\",\"item\":\"https:\/\/vieassociative.be\/actualites\/\"},{\"@type\":\"ListItem\",\"position\":2,\"name\":\"Caract\u00e9ristiques de l&rsquo;Eupen Wetzlarbad \u00e0 deux employ\u00e9s des op\u00e9rateurs Lago\"}]},{\"@type\":\"WebSite\",\"@id\":\"https:\/\/vieassociative.be\/actualites\/#website\",\"url\":\"https:\/\/vieassociative.be\/actualites\/\",\"name\":\"Vie Associative\",\"description\":\"\",\"publisher\":{\"@id\":\"https:\/\/vieassociative.be\/actualites\/#organization\"},\"potentialAction\":[{\"@type\":\"SearchAction\",\"target\":{\"@type\":\"EntryPoint\",\"urlTemplate\":\"https:\/\/vieassociative.be\/actualites\/?s={search_term_string}\"},\"query-input\":{\"@type\":\"PropertyValueSpecification\",\"valueRequired\":true,\"valueName\":\"search_term_string\"}}],\"inLanguage\":\"fr-BE\"},{\"@type\":\"Organization\",\"@id\":\"https:\/\/vieassociative.be\/actualites\/#organization\",\"name\":\"Vie Associative\",\"url\":\"https:\/\/vieassociative.be\/actualites\/\",\"logo\":{\"@type\":\"ImageObject\",\"inLanguage\":\"fr-BE\",\"@id\":\"https:\/\/vieassociative.be\/actualites\/#\/schema\/logo\/image\/\",\"url\":\"https:\/\/vieassociative.be\/actualites\/wp-content\/uploads\/2024\/09\/cropped-vieassociative_favicon.ico.png\",\"contentUrl\":\"https:\/\/vieassociative.be\/actualites\/wp-content\/uploads\/2024\/09\/cropped-vieassociative_favicon.ico.png\",\"width\":512,\"height\":512,\"caption\":\"Vie Associative\"},\"image\":{\"@id\":\"https:\/\/vieassociative.be\/actualites\/#\/schema\/logo\/image\/\"}},{\"@type\":\"Person\",\"@id\":\"https:\/\/vieassociative.be\/actualites\/#\/schema\/person\/b87ac4f82f9d4e7b7cec7395b679edc4\",\"name\":\"Julien\",\"image\":{\"@type\":\"ImageObject\",\"inLanguage\":\"fr-BE\",\"@id\":\"https:\/\/vieassociative.be\/actualites\/#\/schema\/person\/image\/\",\"url\":\"https:\/\/vieassociative.be\/actualites\/wp-content\/uploads\/2024\/09\/vie-associative-1-150x150.jpg\",\"contentUrl\":\"https:\/\/vieassociative.be\/actualites\/wp-content\/uploads\/2024\/09\/vie-associative-1-150x150.jpg\",\"caption\":\"Julien\"},\"description\":\"Je suis Julien, r\u00e9dacteur pour Vie Associative. Passionn\u00e9 par le monde associatif depuis plus de 10 ans, j'ai \u00e0 c\u0153ur de partager des histoires inspirantes et de mettre en lumi\u00e8re les initiatives locales. Mon objectif est de sensibiliser et d'encourager l'engagement communautaire \u00e0 travers mes articles.\",\"sameAs\":[\"https:\/\/vieassociative.be\/\"]}]}<\/script>\n<!-- \/ Yoast SEO plugin. -->","yoast_head_json":{"title":"Caract\u00e9ristiques de l'Eupen Wetzlarbad \u00e0 deux employ\u00e9s des op\u00e9rateurs Lago | Vie Associative","robots":{"index":"index","follow":"follow","max-snippet":"max-snippet:-1","max-image-preview":"max-image-preview:large","max-video-preview":"max-video-preview:-1"},"canonical":"https:\/\/vieassociative.be\/actualites\/caracteristiques-de-leupen-wetzlarbad-a-deux-employes-des-operateurs-lago\/","og_locale":"fr_FR","og_type":"article","og_title":"Caract\u00e9ristiques de l'Eupen Wetzlarbad \u00e0 deux employ\u00e9s des op\u00e9rateurs Lago | Vie Associative","og_description":"La zone de police de Weser-G\u00f6hl a enregistr\u00e9 plusieurs missions entre le vendredi 20 juin 2025 \u00e0 7 h et le lundi 23 juin 2025.","og_url":"https:\/\/vieassociative.be\/actualites\/caracteristiques-de-leupen-wetzlarbad-a-deux-employes-des-operateurs-lago\/","og_site_name":"Vie Associative","article_published_time":"2025-06-23T14:17:59+00:00","og_image":[{"width":279,"height":92,"url":"https:\/\/vieassociative.be\/actualites\/wp-content\/uploads\/2024\/09\/header_backgroundk-01-e1726694325946.png","type":"image\/png"}],"author":"Julien","twitter_card":"summary_large_image","twitter_misc":{"\u00c9crit par":"Julien","Dur\u00e9e de lecture est.":"3 minutes"},"schema":{"@context":"https:\/\/schema.org","@graph":[{"@type":"Article","@id":"https:\/\/vieassociative.be\/actualites\/caracteristiques-de-leupen-wetzlarbad-a-deux-employes-des-operateurs-lago\/#article","isPartOf":{"@id":"https:\/\/vieassociative.be\/actualites\/caracteristiques-de-leupen-wetzlarbad-a-deux-employes-des-operateurs-lago\/"},"author":{"name":"Julien","@id":"https:\/\/vieassociative.be\/actualites\/#\/schema\/person\/b87ac4f82f9d4e7b7cec7395b679edc4"},"headline":"Caract\u00e9ristiques de l&rsquo;Eupen Wetzlarbad \u00e0 deux employ\u00e9s des op\u00e9rateurs Lago","datePublished":"2025-06-23T14:17:59+00:00","dateModified":"2025-06-23T14:17:59+00:00","mainEntityOfPage":{"@id":"https:\/\/vieassociative.be\/actualites\/caracteristiques-de-leupen-wetzlarbad-a-deux-employes-des-operateurs-lago\/"},"wordCount":564,"publisher":{"@id":"https:\/\/vieassociative.be\/actualites\/#organization"},"image":{"@id":"https:\/\/vieassociative.be\/actualites\/caracteristiques-de-leupen-wetzlarbad-a-deux-employes-des-operateurs-lago\/#primaryimage"},"thumbnailUrl":"https:\/\/vieassociative.be\/actualites\/wp-content\/uploads\/2024\/11\/Raeren-Le-conducteur-tombe-dans-un-micro-sommeil-a-midi.jpeg","keywords":["caract\u00e9ristiques","Des","deux","employ\u00e9s","Lago","LEupen","op\u00e9rateurs","Wetzlarbad"],"articleSection":["Belgique"],"inLanguage":"fr-BE"},{"@type":"WebPage","@id":"https:\/\/vieassociative.be\/actualites\/caracteristiques-de-leupen-wetzlarbad-a-deux-employes-des-operateurs-lago\/","url":"https:\/\/vieassociative.be\/actualites\/caracteristiques-de-leupen-wetzlarbad-a-deux-employes-des-operateurs-lago\/","name":"Caract\u00e9ristiques de l'Eupen Wetzlarbad \u00e0 deux employ\u00e9s des op\u00e9rateurs Lago | Vie Associative","isPartOf":{"@id":"https:\/\/vieassociative.be\/actualites\/#website"},"primaryImageOfPage":{"@id":"https:\/\/vieassociative.be\/actualites\/caracteristiques-de-leupen-wetzlarbad-a-deux-employes-des-operateurs-lago\/#primaryimage"},"image":{"@id":"https:\/\/vieassociative.be\/actualites\/caracteristiques-de-leupen-wetzlarbad-a-deux-employes-des-operateurs-lago\/#primaryimage"},"thumbnailUrl":"https:\/\/vieassociative.be\/actualites\/wp-content\/uploads\/2024\/11\/Raeren-Le-conducteur-tombe-dans-un-micro-sommeil-a-midi.jpeg","datePublished":"2025-06-23T14:17:59+00:00","dateModified":"2025-06-23T14:17:59+00:00","breadcrumb":{"@id":"https:\/\/vieassociative.be\/actualites\/caracteristiques-de-leupen-wetzlarbad-a-deux-employes-des-operateurs-lago\/#breadcrumb"},"inLanguage":"fr-BE","potentialAction":[{"@type":"ReadAction","target":["https:\/\/vieassociative.be\/actualites\/caracteristiques-de-leupen-wetzlarbad-a-deux-employes-des-operateurs-lago\/"]}]},{"@type":"ImageObject","inLanguage":"fr-BE","@id":"https:\/\/vieassociative.be\/actualites\/caracteristiques-de-leupen-wetzlarbad-a-deux-employes-des-operateurs-lago\/#primaryimage","url":"https:\/\/vieassociative.be\/actualites\/wp-content\/uploads\/2024\/11\/Raeren-Le-conducteur-tombe-dans-un-micro-sommeil-a-midi.jpeg","contentUrl":"https:\/\/vieassociative.be\/actualites\/wp-content\/uploads\/2024\/11\/Raeren-Le-conducteur-tombe-dans-un-micro-sommeil-a-midi.jpeg","width":1200,"height":800,"caption":"Raeren : Le conducteur tombe dans un micro-sommeil \u00e0 midi"},{"@type":"BreadcrumbList","@id":"https:\/\/vieassociative.be\/actualites\/caracteristiques-de-leupen-wetzlarbad-a-deux-employes-des-operateurs-lago\/#breadcrumb","itemListElement":[{"@type":"ListItem","position":1,"name":"Accueil","item":"https:\/\/vieassociative.be\/actualites\/"},{"@type":"ListItem","position":2,"name":"Caract\u00e9ristiques de l&rsquo;Eupen Wetzlarbad \u00e0 deux employ\u00e9s des op\u00e9rateurs Lago"}]},{"@type":"WebSite","@id":"https:\/\/vieassociative.be\/actualites\/#website","url":"https:\/\/vieassociative.be\/actualites\/","name":"Vie Associative","description":"","publisher":{"@id":"https:\/\/vieassociative.be\/actualites\/#organization"},"potentialAction":[{"@type":"SearchAction","target":{"@type":"EntryPoint","urlTemplate":"https:\/\/vieassociative.be\/actualites\/?s={search_term_string}"},"query-input":{"@type":"PropertyValueSpecification","valueRequired":true,"valueName":"search_term_string"}}],"inLanguage":"fr-BE"},{"@type":"Organization","@id":"https:\/\/vieassociative.be\/actualites\/#organization","name":"Vie Associative","url":"https:\/\/vieassociative.be\/actualites\/","logo":{"@type":"ImageObject","inLanguage":"fr-BE","@id":"https:\/\/vieassociative.be\/actualites\/#\/schema\/logo\/image\/","url":"https:\/\/vieassociative.be\/actualites\/wp-content\/uploads\/2024\/09\/cropped-vieassociative_favicon.ico.png","contentUrl":"https:\/\/vieassociative.be\/actualites\/wp-content\/uploads\/2024\/09\/cropped-vieassociative_favicon.ico.png","width":512,"height":512,"caption":"Vie Associative"},"image":{"@id":"https:\/\/vieassociative.be\/actualites\/#\/schema\/logo\/image\/"}},{"@type":"Person","@id":"https:\/\/vieassociative.be\/actualites\/#\/schema\/person\/b87ac4f82f9d4e7b7cec7395b679edc4","name":"Julien","image":{"@type":"ImageObject","inLanguage":"fr-BE","@id":"https:\/\/vieassociative.be\/actualites\/#\/schema\/person\/image\/","url":"https:\/\/vieassociative.be\/actualites\/wp-content\/uploads\/2024\/09\/vie-associative-1-150x150.jpg","contentUrl":"https:\/\/vieassociative.be\/actualites\/wp-content\/uploads\/2024\/09\/vie-associative-1-150x150.jpg","caption":"Julien"},"description":"Je suis Julien, r\u00e9dacteur pour Vie Associative. Passionn\u00e9 par le monde associatif depuis plus de 10 ans, j'ai \u00e0 c\u0153ur de partager des histoires inspirantes et de mettre en lumi\u00e8re les initiatives locales. Mon objectif est de sensibiliser et d'encourager l'engagement communautaire \u00e0 travers mes articles.","sameAs":["https:\/\/vieassociative.be\/"]}]}},"_links":{"self":[{"href":"https:\/\/vieassociative.be\/actualites\/wp-json\/wp\/v2\/posts\/8341"}],"collection":[{"href":"https:\/\/vieassociative.be\/actualites\/wp-json\/wp\/v2\/posts"}],"about":[{"href":"https:\/\/vieassociative.be\/actualites\/wp-json\/wp\/v2\/types\/post"}],"author":[{"embeddable":true,"href":"https:\/\/vieassociative.be\/actualites\/wp-json\/wp\/v2\/users\/1"}],"replies":[{"embeddable":true,"href":"https:\/\/vieassociative.be\/actualites\/wp-json\/wp\/v2\/comments?post=8341"}],"version-history":[{"count":0,"href":"https:\/\/vieassociative.be\/actualites\/wp-json\/wp\/v2\/posts\/8341\/revisions"}],"wp:featuredmedia":[{"embeddable":true,"href":"https:\/\/vieassociative.be\/actualites\/wp-json\/wp\/v2\/media\/1939"}],"wp:attachment":[{"href":"https:\/\/vieassociative.be\/actualites\/wp-json\/wp\/v2\/media?parent=8341"}],"wp:term":[{"taxonomy":"category","embeddable":true,"href":"https:\/\/vieassociative.be\/actualites\/wp-json\/wp\/v2\/categories?post=8341"},{"taxonomy":"post_tag","embeddable":true,"href":"https:\/\/vieassociative.be\/actualites\/wp-json\/wp\/v2\/tags?post=8341"}],"curies":[{"name":"wp","href":"https:\/\/api.w.org\/{rel}","templated":true}]}}