{"id":8333,"date":"2025-06-23T04:18:00","date_gmt":"2025-06-23T02:18:00","guid":{"rendered":"https:\/\/vieassociative.be\/actualites\/eupener-kirmes-est-un-vrai-festival-dete-cette-fois-des-photos-de-louverture-et-du-samedi-galerie-de-photos\/"},"modified":"2025-06-23T04:18:00","modified_gmt":"2025-06-23T02:18:00","slug":"eupener-kirmes-est-un-vrai-festival-dete-cette-fois-des-photos-de-louverture-et-du-samedi-galerie-de-photos","status":"publish","type":"post","link":"https:\/\/vieassociative.be\/actualites\/eupener-kirmes-est-un-vrai-festival-dete-cette-fois-des-photos-de-louverture-et-du-samedi-galerie-de-photos\/","title":{"rendered":"Eupener Kirmes est un vrai festival d&rsquo;\u00e9t\u00e9 cette fois &#8211; des photos de l&rsquo;ouverture et du samedi (galerie de photos)"},"content":{"rendered":"<p><strong>Les Nikolauskirmes dans l&rsquo;Oberstadt d&rsquo;Eupener se l\u00e8vent chaque ann\u00e9e. Fi\u00e8vre jeune et vieille. Pour \u00abl&rsquo;est de la Belgique directement\u00bb, les photographes Helmut Koch et Patrick von Staufenberg ont cherch\u00e9 l&rsquo;ouverture officielle vendredi soir et samedi apr\u00e8s-midi. Voici vos photos.<\/strong><\/p>\n<p><span id=\"more-418216\"><\/span>57 Showmen s&rsquo;est annonc\u00e9 pour cette ann\u00e9e. De plus, il existe 16 entreprises de restauration locales, qui font de l&rsquo;Oberst\u00e4dter Kirmes avec des terrasses externes ce qu&rsquo;elle devrait \u00eatre: un \u00e9v\u00e9nement social.<\/p>\n<p>Le signal de d\u00e9part de l&rsquo;Oberst\u00e4dter Kirmes a eu lieu vendredi soir par l&rsquo;Eupen Community College.<\/p>\n<div id=\"attachment_418227\" class=\"wp-caption alignleft\" style=\"max-width: 300px\"><img fetchpriority=\"high\" decoding=\"async\" class=\"wp-image-418227 size-medium\" src=\"https:\/\/vieassociative.be\/actualites\/wp-content\/uploads\/2025\/06\/Eupener-Kirmes-est-un-vrai-festival-dete-cette-fois.jpg\" alt=\"\" width=\"300\" height=\"300\"  ><\/p>\n<p class=\"wp-caption-text\">Les la\u00efcs jugent Joseph Thaeter (L) et Fabrice Paulus (M) avec le maire Thomas Lennertz (R) lors d&rsquo;une visite de l&rsquo;Eupener Kirmes. Photo: Helmut Koch<\/p>\n<\/div>\n<p>Le maire Thomas Lennertz et ses juges la\u00efcs ont eu leur honneur pour la premi\u00e8re fois.<\/p>\n<p>Dans la deuxi\u00e8me plus grande foire de la province de Li\u00e8ge &#8211; apr\u00e8s que le \u00ab\u00a0Foire de Li\u00e8ge\u00a0\u00bb ait lieu en octobre &#8211; la tradition est litt\u00e9ralement tr\u00e8s importante. Presque tous les stands et man\u00e8ges sont presque au m\u00eame endroit que l&rsquo;ann\u00e9e derni\u00e8re, seul un peu de nouveau a \u00e9t\u00e9 ajout\u00e9. Il y a encore une petite diff\u00e9rence, \u00e0 savoir les prix qui augmentent d&rsquo;ann\u00e9e en ann\u00e9e. Oui, la foire amusante n&rsquo;est pas moins pour les familles. Il est tr\u00e8s utile si grand-p\u00e8re, grand-m\u00e8re, parrain et parrain participent \u00e0 l&rsquo;argent de la foire amusante.<\/p>\n<p>Heureusement, les man\u00e8ges sur l&rsquo;Oberst\u00e4dter Kirmes sont gratuits lundi \u00e0 partir de 19 h. \u00e0 19h30 Mardi est \u00e9galement une journ\u00e9e familiale \u00e0 des prix r\u00e9duits.<\/p>\n<div id=\"attachment_418225\" class=\"wp-caption alignleft\" style=\"max-width: 300px\"><img decoding=\"async\" class=\"wp-image-418225 size-medium\" src=\"https:\/\/vieassociative.be\/actualites\/wp-content\/uploads\/2025\/06\/1750645075_529_Eupener-Kirmes-est-un-vrai-festival-dete-cette-fois.jpg\" alt=\"\" width=\"300\" height=\"201\"  ><\/p>\n<p class=\"wp-caption-text\">Il attend avec impatience de bonnes ventes. Photo: Patrick von Staufenberg<\/p>\n<\/div>\n<p>La foire amusante est un plaisir pour les jeunes et les grands. Les plus jeunes sont appel\u00e9s les prix qui sont d\u00e9gag\u00e9s ici et l\u00e0, tandis que les parents et les grands-parents sont sur les innombrables stands de d\u00e9gustation. De la \u00ab\u00a0Fryerie Renomm\u00e9\u00a0\u00bb \u00e0 la \u00ab\u00a0Gourmandise\u00a0\u00bb au stand de hot-dog &#8211; il n&rsquo;y a rien pour l&rsquo;estomac qui n&rsquo;existe pas.<\/p>\n<p>Cette ann\u00e9e, l&rsquo;Oberst\u00e4dter Kirmes est similaire \u00e0 une f\u00eate d&rsquo;\u00e9t\u00e9, car le temps pourrait difficilement \u00eatre meilleur jusqu&rsquo;\u00e0 pr\u00e9sent. Et la s\u00e9curit\u00e9 a \u00e9galement \u00e9t\u00e9 prise en charge, car les ajouts ont \u00e9t\u00e9 barricad\u00e9s avec des \u00e9quipements lourds.<\/p>\n<p>La foire amusante est indispensable du centre-ville d&rsquo;Eupen. Pour cela, l&rsquo;Eupener accepte \u00e9galement les inconv\u00e9nients qui lui sont attendus dans les jours pr\u00e9c\u00e9dents et pendant la foire amusante, en particulier dans la circulation urbaine (voir les articles ailleurs). Eupen est un labyrinthe pendant une semaine. Cependant, poser l&rsquo;Oberst\u00e4dter Kirmes \u00e0 la p\u00e9riph\u00e9rie n&rsquo;est pas une option.<\/p>\n<p><i><b>Vous trouverez ci-dessous une galerie de photos avec des photos du photographe Helmut Koch et Patrick von Staufenberg de l&rsquo;Oberst\u00e4dter Kirmes vendredi soir et samedi apr\u00e8s-midi. (Cliquez sur l&rsquo;image pour agrandir).<\/b><\/i><\/p>\n<div class=\"wp-gallery row\">\n<figure class=\"column small-6 medium-3 end\"><img decoding=\"async\" src=\"https:\/\/vieassociative.be\/actualites\/wp-content\/uploads\/2025\/06\/1750645075_794_Eupener-Kirmes-est-un-vrai-festival-dete-cette-fois.jpg\" width=\"159\" height=\"159\" alt=\"\"><\/figure>\n<figure class=\"column small-6 medium-3 end\"><img loading=\"lazy\" decoding=\"async\" src=\"https:\/\/vieassociative.be\/actualites\/wp-content\/uploads\/2025\/06\/1750645075_205_Eupener-Kirmes-est-un-vrai-festival-dete-cette-fois.jpg\" width=\"159\" height=\"159\" alt=\"\"><\/figure>\n<figure class=\"column small-6 medium-3 end\"><img loading=\"lazy\" decoding=\"async\" src=\"https:\/\/vieassociative.be\/actualites\/wp-content\/uploads\/2025\/06\/1750645075_821_Eupener-Kirmes-est-un-vrai-festival-dete-cette-fois.jpg\" width=\"159\" height=\"159\" alt=\"\"><\/figure>\n<figure class=\"column small-6 medium-3 end\"><img loading=\"lazy\" decoding=\"async\" src=\"https:\/\/vieassociative.be\/actualites\/wp-content\/uploads\/2025\/06\/1750645075_392_Eupener-Kirmes-est-un-vrai-festival-dete-cette-fois.jpg\" width=\"159\" height=\"159\" alt=\"\"><\/figure>\n<figure class=\"column small-6 medium-3 end\"><img loading=\"lazy\" decoding=\"async\" src=\"https:\/\/vieassociative.be\/actualites\/wp-content\/uploads\/2025\/06\/1750645075_370_Eupener-Kirmes-est-un-vrai-festival-dete-cette-fois.jpg\" width=\"159\" height=\"159\" alt=\"\"><\/figure>\n<figure class=\"column small-6 medium-3 end\"><img loading=\"lazy\" decoding=\"async\" src=\"https:\/\/vieassociative.be\/actualites\/wp-content\/uploads\/2025\/06\/1750645075_186_Eupener-Kirmes-est-un-vrai-festival-dete-cette-fois.jpg\" width=\"159\" height=\"159\" alt=\"\"><\/figure>\n<figure class=\"column small-6 medium-3 end\"><img loading=\"lazy\" decoding=\"async\" src=\"https:\/\/vieassociative.be\/actualites\/wp-content\/uploads\/2025\/06\/1750645075_631_Eupener-Kirmes-est-un-vrai-festival-dete-cette-fois.jpg\" width=\"159\" height=\"159\" alt=\"\"><\/figure>\n<figure class=\"column small-6 medium-3 end\"><img loading=\"lazy\" decoding=\"async\" src=\"https:\/\/vieassociative.be\/actualites\/wp-content\/uploads\/2025\/06\/1750645075_555_Eupener-Kirmes-est-un-vrai-festival-dete-cette-fois.jpg\" width=\"159\" height=\"159\" alt=\"\"><\/figure>\n<figure class=\"column small-6 medium-3 end\"><img loading=\"lazy\" decoding=\"async\" src=\"https:\/\/vieassociative.be\/actualites\/wp-content\/uploads\/2025\/06\/1750645075_454_Eupener-Kirmes-est-un-vrai-festival-dete-cette-fois.jpg\" width=\"159\" height=\"159\" alt=\"\"><\/figure>\n<figure class=\"column small-6 medium-3 end\"><img loading=\"lazy\" decoding=\"async\" src=\"https:\/\/vieassociative.be\/actualites\/wp-content\/uploads\/2025\/06\/1750645075_126_Eupener-Kirmes-est-un-vrai-festival-dete-cette-fois.jpg\" width=\"159\" height=\"159\" alt=\"\"><\/figure>\n<figure class=\"column small-6 medium-3 end\"><img loading=\"lazy\" decoding=\"async\" src=\"https:\/\/vieassociative.be\/actualites\/wp-content\/uploads\/2025\/06\/1750645075_173_Eupener-Kirmes-est-un-vrai-festival-dete-cette-fois.jpg\" width=\"159\" height=\"159\" alt=\"\"><\/figure>\n<figure class=\"column small-6 medium-3 end\"><img loading=\"lazy\" decoding=\"async\" src=\"https:\/\/vieassociative.be\/actualites\/wp-content\/uploads\/2025\/06\/1750645075_67_Eupener-Kirmes-est-un-vrai-festival-dete-cette-fois.jpg\" width=\"159\" height=\"159\" alt=\"\"><\/figure>\n<figure class=\"column small-6 medium-3 end\"><img loading=\"lazy\" decoding=\"async\" src=\"https:\/\/vieassociative.be\/actualites\/wp-content\/uploads\/2025\/06\/1750645075_374_Eupener-Kirmes-est-un-vrai-festival-dete-cette-fois.jpg\" width=\"159\" height=\"159\" alt=\"\"><\/figure>\n<figure class=\"column small-6 medium-3 end\"><img loading=\"lazy\" decoding=\"async\" src=\"https:\/\/vieassociative.be\/actualites\/wp-content\/uploads\/2025\/06\/1750645076_840_Eupener-Kirmes-est-un-vrai-festival-dete-cette-fois.jpg\" width=\"159\" height=\"159\" alt=\"\"><\/figure>\n<figure class=\"column small-6 medium-3 end\"><img loading=\"lazy\" decoding=\"async\" src=\"https:\/\/vieassociative.be\/actualites\/wp-content\/uploads\/2025\/06\/1750645076_426_Eupener-Kirmes-est-un-vrai-festival-dete-cette-fois.jpg\" width=\"159\" height=\"159\" alt=\"\"><\/figure>\n<figure class=\"column small-6 medium-3 end\"><img loading=\"lazy\" decoding=\"async\" src=\"https:\/\/vieassociative.be\/actualites\/wp-content\/uploads\/2025\/06\/1750645076_648_Eupener-Kirmes-est-un-vrai-festival-dete-cette-fois.jpg\" width=\"159\" height=\"159\" alt=\"\"><\/figure>\n<figure class=\"column small-6 medium-3 end\"><img loading=\"lazy\" decoding=\"async\" src=\"https:\/\/vieassociative.be\/actualites\/wp-content\/uploads\/2025\/06\/1750645076_983_Eupener-Kirmes-est-un-vrai-festival-dete-cette-fois.jpg\" width=\"159\" height=\"159\" alt=\"\"><\/figure>\n<figure class=\"column small-6 medium-3 end\"><img loading=\"lazy\" decoding=\"async\" src=\"https:\/\/vieassociative.be\/actualites\/wp-content\/uploads\/2025\/06\/1750645076_601_Eupener-Kirmes-est-un-vrai-festival-dete-cette-fois.jpg\" width=\"159\" height=\"159\" alt=\"\"><\/figure>\n<figure class=\"column small-6 medium-3 end\"><img loading=\"lazy\" decoding=\"async\" src=\"https:\/\/vieassociative.be\/actualites\/wp-content\/uploads\/2025\/06\/1750645076_460_Eupener-Kirmes-est-un-vrai-festival-dete-cette-fois.jpg\" width=\"159\" height=\"159\" alt=\"\"><\/figure>\n<figure class=\"column small-6 medium-3 end\"><img loading=\"lazy\" decoding=\"async\" src=\"https:\/\/vieassociative.be\/actualites\/wp-content\/uploads\/2025\/06\/1750645076_590_Eupener-Kirmes-est-un-vrai-festival-dete-cette-fois.jpg\" width=\"159\" height=\"159\" alt=\"\"><\/figure>\n<figure class=\"column small-6 medium-3 end\"><img loading=\"lazy\" decoding=\"async\" src=\"https:\/\/vieassociative.be\/actualites\/wp-content\/uploads\/2025\/06\/1750645076_849_Eupener-Kirmes-est-un-vrai-festival-dete-cette-fois.jpg\" width=\"159\" height=\"159\" alt=\"\"><\/figure>\n<figure class=\"column small-6 medium-3 end\"><img loading=\"lazy\" decoding=\"async\" src=\"https:\/\/vieassociative.be\/actualites\/wp-content\/uploads\/2025\/06\/1750645076_946_Eupener-Kirmes-est-un-vrai-festival-dete-cette-fois.jpg\" width=\"159\" height=\"159\" alt=\"\"><\/figure>\n<figure class=\"column small-6 medium-3 end\"><img loading=\"lazy\" decoding=\"async\" src=\"https:\/\/vieassociative.be\/actualites\/wp-content\/uploads\/2025\/06\/1750645076_713_Eupener-Kirmes-est-un-vrai-festival-dete-cette-fois.jpg\" width=\"159\" height=\"159\" alt=\"\"><\/figure>\n<figure class=\"column small-6 medium-3 end\"><img loading=\"lazy\" decoding=\"async\" src=\"https:\/\/vieassociative.be\/actualites\/wp-content\/uploads\/2025\/06\/1750645076_15_Eupener-Kirmes-est-un-vrai-festival-dete-cette-fois.jpg\" width=\"159\" height=\"159\" alt=\"\"><\/figure>\n<figure class=\"column small-6 medium-3 end\"><img loading=\"lazy\" decoding=\"async\" src=\"https:\/\/vieassociative.be\/actualites\/wp-content\/uploads\/2025\/06\/1750645076_802_Eupener-Kirmes-est-un-vrai-festival-dete-cette-fois.jpg\" width=\"159\" height=\"159\" alt=\"\"><\/figure>\n<figure class=\"column small-6 medium-3 end\"><img loading=\"lazy\" decoding=\"async\" src=\"https:\/\/vieassociative.be\/actualites\/wp-content\/uploads\/2025\/06\/1750645076_472_Eupener-Kirmes-est-un-vrai-festival-dete-cette-fois.jpg\" width=\"159\" height=\"159\" alt=\"\"><\/figure>\n<figure class=\"column small-6 medium-3 end\"><img loading=\"lazy\" decoding=\"async\" src=\"https:\/\/vieassociative.be\/actualites\/wp-content\/uploads\/2025\/06\/1750645076_74_Eupener-Kirmes-est-un-vrai-festival-dete-cette-fois.jpg\" width=\"159\" height=\"159\" alt=\"\"><\/figure>\n<figure class=\"column small-6 medium-3 end\"><img loading=\"lazy\" decoding=\"async\" src=\"https:\/\/vieassociative.be\/actualites\/wp-content\/uploads\/2025\/06\/1750645076_518_Eupener-Kirmes-est-un-vrai-festival-dete-cette-fois.jpg\" width=\"159\" height=\"159\" alt=\"\"><\/figure>\n<figure class=\"column small-6 medium-3 end\"><img loading=\"lazy\" decoding=\"async\" src=\"https:\/\/vieassociative.be\/actualites\/wp-content\/uploads\/2025\/06\/1750645076_32_Eupener-Kirmes-est-un-vrai-festival-dete-cette-fois.jpg\" width=\"159\" height=\"159\" alt=\"\"><\/figure>\n<figure class=\"column small-6 medium-3 end\"><img loading=\"lazy\" decoding=\"async\" src=\"https:\/\/vieassociative.be\/actualites\/wp-content\/uploads\/2025\/06\/1750645076_648_Eupener-Kirmes-est-un-vrai-festival-dete-cette-fois.jpg\" width=\"159\" height=\"159\" alt=\"\"><\/figure>\n<figure class=\"column small-6 medium-3 end\"><img loading=\"lazy\" decoding=\"async\" src=\"https:\/\/vieassociative.be\/actualites\/wp-content\/uploads\/2025\/06\/1750645077_807_Eupener-Kirmes-est-un-vrai-festival-dete-cette-fois.jpg\" width=\"159\" height=\"159\" alt=\"\"><\/figure>\n<figure class=\"column small-6 medium-3 end\"><img loading=\"lazy\" decoding=\"async\" src=\"https:\/\/vieassociative.be\/actualites\/wp-content\/uploads\/2025\/06\/1750645077_641_Eupener-Kirmes-est-un-vrai-festival-dete-cette-fois.jpg\" width=\"159\" height=\"159\" alt=\"\"><\/figure>\n<figure class=\"column small-6 medium-3 end\"><img loading=\"lazy\" decoding=\"async\" src=\"https:\/\/vieassociative.be\/actualites\/wp-content\/uploads\/2025\/06\/1750645077_434_Eupener-Kirmes-est-un-vrai-festival-dete-cette-fois.jpg\" width=\"159\" height=\"159\" alt=\"\"><\/figure>\n<figure class=\"column small-6 medium-3 end\"><img loading=\"lazy\" decoding=\"async\" src=\"https:\/\/vieassociative.be\/actualites\/wp-content\/uploads\/2025\/06\/1750645077_98_Eupener-Kirmes-est-un-vrai-festival-dete-cette-fois.jpg\" width=\"159\" height=\"159\" alt=\"\"><\/figure>\n<figure class=\"column small-6 medium-3 end\"><img loading=\"lazy\" decoding=\"async\" src=\"https:\/\/vieassociative.be\/actualites\/wp-content\/uploads\/2025\/06\/1750645077_308_Eupener-Kirmes-est-un-vrai-festival-dete-cette-fois.jpg\" width=\"159\" height=\"159\" alt=\"\"><\/figure>\n<figure class=\"column small-6 medium-3 end\"><img loading=\"lazy\" decoding=\"async\" src=\"https:\/\/vieassociative.be\/actualites\/wp-content\/uploads\/2025\/06\/1750645077_435_Eupener-Kirmes-est-un-vrai-festival-dete-cette-fois.jpg\" width=\"159\" height=\"159\" alt=\"\"><\/figure>\n<figure class=\"column small-6 medium-3 end\"><img loading=\"lazy\" decoding=\"async\" src=\"https:\/\/vieassociative.be\/actualites\/wp-content\/uploads\/2025\/06\/1750645077_755_Eupener-Kirmes-est-un-vrai-festival-dete-cette-fois.jpg\" width=\"159\" height=\"159\" alt=\"\"><\/figure>\n<figure class=\"column small-6 medium-3 end\"><img loading=\"lazy\" decoding=\"async\" src=\"https:\/\/vieassociative.be\/actualites\/wp-content\/uploads\/2025\/06\/1750645077_399_Eupener-Kirmes-est-un-vrai-festival-dete-cette-fois.jpg\" width=\"159\" height=\"159\" alt=\"\"><\/figure>\n<figure class=\"column small-6 medium-3 end\"><img loading=\"lazy\" decoding=\"async\" src=\"https:\/\/vieassociative.be\/actualites\/wp-content\/uploads\/2025\/06\/1750645077_526_Eupener-Kirmes-est-un-vrai-festival-dete-cette-fois.jpg\" width=\"159\" height=\"159\" alt=\"\"><\/figure>\n<figure class=\"column small-6 medium-3 end\"><img loading=\"lazy\" decoding=\"async\" src=\"https:\/\/vieassociative.be\/actualites\/wp-content\/uploads\/2025\/06\/1750645077_301_Eupener-Kirmes-est-un-vrai-festival-dete-cette-fois.jpg\" width=\"159\" height=\"159\" alt=\"\"><\/figure>\n<figure class=\"column small-6 medium-3 end\"><img loading=\"lazy\" decoding=\"async\" src=\"https:\/\/vieassociative.be\/actualites\/wp-content\/uploads\/2025\/06\/1750645077_306_Eupener-Kirmes-est-un-vrai-festival-dete-cette-fois.jpg\" width=\"159\" height=\"159\" alt=\"\"><\/figure>\n<figure class=\"column small-6 medium-3 end\"><img loading=\"lazy\" decoding=\"async\" src=\"https:\/\/vieassociative.be\/actualites\/wp-content\/uploads\/2025\/06\/1750645077_523_Eupener-Kirmes-est-un-vrai-festival-dete-cette-fois.jpg\" width=\"159\" height=\"159\" alt=\"\"><\/figure>\n<figure class=\"column small-6 medium-3 end\"><img loading=\"lazy\" decoding=\"async\" src=\"https:\/\/vieassociative.be\/actualites\/wp-content\/uploads\/2025\/06\/1750645077_333_Eupener-Kirmes-est-un-vrai-festival-dete-cette-fois.jpg\" width=\"159\" height=\"159\" alt=\"\"><\/figure>\n<figure class=\"column small-6 medium-3 end\"><img loading=\"lazy\" decoding=\"async\" src=\"https:\/\/vieassociative.be\/actualites\/wp-content\/uploads\/2025\/06\/1750645077_409_Eupener-Kirmes-est-un-vrai-festival-dete-cette-fois.jpg\" width=\"159\" height=\"159\" alt=\"\"><\/figure>\n<figure class=\"column small-6 medium-3 end\"><img loading=\"lazy\" decoding=\"async\" src=\"https:\/\/vieassociative.be\/actualites\/wp-content\/uploads\/2025\/06\/1750645077_702_Eupener-Kirmes-est-un-vrai-festival-dete-cette-fois.jpg\" width=\"159\" height=\"159\" alt=\"\"><\/figure>\n<figure class=\"column small-6 medium-3 end\"><img loading=\"lazy\" decoding=\"async\" src=\"https:\/\/vieassociative.be\/actualites\/wp-content\/uploads\/2025\/06\/1750645077_552_Eupener-Kirmes-est-un-vrai-festival-dete-cette-fois.jpg\" width=\"159\" height=\"159\" alt=\"\"><\/figure>\n<figure class=\"column small-6 medium-3 end\"><img loading=\"lazy\" decoding=\"async\" src=\"https:\/\/vieassociative.be\/actualites\/wp-content\/uploads\/2025\/06\/1750645077_914_Eupener-Kirmes-est-un-vrai-festival-dete-cette-fois.jpg\" width=\"159\" height=\"159\" alt=\"\"><\/figure>\n<figure class=\"column small-6 medium-3 end\"><img loading=\"lazy\" decoding=\"async\" src=\"https:\/\/vieassociative.be\/actualites\/wp-content\/uploads\/2025\/06\/1750645077_64_Eupener-Kirmes-est-un-vrai-festival-dete-cette-fois.jpg\" width=\"159\" height=\"159\" alt=\"\"><\/figure>\n<figure class=\"column small-6 medium-3 end\"><img loading=\"lazy\" decoding=\"async\" src=\"https:\/\/vieassociative.be\/actualites\/wp-content\/uploads\/2025\/06\/1750645078_121_Eupener-Kirmes-est-un-vrai-festival-dete-cette-fois.jpg\" width=\"159\" height=\"159\" alt=\"\"><\/figure>\n<figure class=\"column small-6 medium-3 end\"><img loading=\"lazy\" decoding=\"async\" src=\"https:\/\/vieassociative.be\/actualites\/wp-content\/uploads\/2025\/06\/1750645078_291_Eupener-Kirmes-est-un-vrai-festival-dete-cette-fois.jpg\" width=\"159\" height=\"159\" alt=\"\"><\/figure>\n<figure class=\"column small-6 medium-3 end\"><img loading=\"lazy\" decoding=\"async\" src=\"https:\/\/vieassociative.be\/actualites\/wp-content\/uploads\/2025\/06\/1750645078_744_Eupener-Kirmes-est-un-vrai-festival-dete-cette-fois.jpg\" width=\"159\" height=\"159\" alt=\"\"><\/figure>\n<figure class=\"column small-6 medium-3 end\"><img loading=\"lazy\" decoding=\"async\" src=\"https:\/\/vieassociative.be\/actualites\/wp-content\/uploads\/2025\/06\/1750645078_92_Eupener-Kirmes-est-un-vrai-festival-dete-cette-fois.jpg\" width=\"159\" height=\"159\" alt=\"\"><\/figure>\n<figure class=\"column small-6 medium-3 end\"><img loading=\"lazy\" decoding=\"async\" src=\"https:\/\/vieassociative.be\/actualites\/wp-content\/uploads\/2025\/06\/1750645078_719_Eupener-Kirmes-est-un-vrai-festival-dete-cette-fois.jpg\" width=\"159\" height=\"159\" alt=\"\"><\/figure>\n<figure class=\"column small-6 medium-3 end\"><img loading=\"lazy\" decoding=\"async\" src=\"https:\/\/vieassociative.be\/actualites\/wp-content\/uploads\/2025\/06\/1750645078_286_Eupener-Kirmes-est-un-vrai-festival-dete-cette-fois.jpg\" width=\"159\" height=\"159\" alt=\"\"><\/figure>\n<figure class=\"column small-6 medium-3 end\"><img loading=\"lazy\" decoding=\"async\" src=\"https:\/\/vieassociative.be\/actualites\/wp-content\/uploads\/2025\/06\/1750645078_853_Eupener-Kirmes-est-un-vrai-festival-dete-cette-fois.jpg\" width=\"159\" height=\"159\" alt=\"\"><\/figure>\n<figure class=\"column small-6 medium-3 end\"><img loading=\"lazy\" decoding=\"async\" src=\"https:\/\/vieassociative.be\/actualites\/wp-content\/uploads\/2025\/06\/1750645078_609_Eupener-Kirmes-est-un-vrai-festival-dete-cette-fois.jpg\" width=\"159\" height=\"159\" alt=\"\"><\/figure>\n<figure class=\"column small-6 medium-3 end\"><img loading=\"lazy\" decoding=\"async\" src=\"https:\/\/vieassociative.be\/actualites\/wp-content\/uploads\/2025\/06\/1750645078_123_Eupener-Kirmes-est-un-vrai-festival-dete-cette-fois.jpg\" width=\"159\" height=\"159\" alt=\"\"><\/figure>\n<figure class=\"column small-6 medium-3 end\"><img loading=\"lazy\" decoding=\"async\" src=\"https:\/\/vieassociative.be\/actualites\/wp-content\/uploads\/2025\/06\/1750645078_995_Eupener-Kirmes-est-un-vrai-festival-dete-cette-fois.jpg\" width=\"159\" height=\"159\" alt=\"\"><\/figure>\n<figure class=\"column small-6 medium-3 end\"><img loading=\"lazy\" decoding=\"async\" src=\"https:\/\/vieassociative.be\/actualites\/wp-content\/uploads\/2025\/06\/1750645078_246_Eupener-Kirmes-est-un-vrai-festival-dete-cette-fois.jpg\" width=\"159\" height=\"159\" alt=\"\"><\/figure>\n<figure class=\"column small-6 medium-3 end\"><img loading=\"lazy\" decoding=\"async\" src=\"https:\/\/vieassociative.be\/actualites\/wp-content\/uploads\/2025\/06\/1750645078_263_Eupener-Kirmes-est-un-vrai-festival-dete-cette-fois.jpg\" width=\"159\" height=\"159\" alt=\"\"><\/figure>\n<figure class=\"column small-6 medium-3 end\"><img loading=\"lazy\" decoding=\"async\" src=\"https:\/\/vieassociative.be\/actualites\/wp-content\/uploads\/2025\/06\/1750645078_138_Eupener-Kirmes-est-un-vrai-festival-dete-cette-fois.jpg\" width=\"159\" height=\"159\" alt=\"\"><\/figure>\n<figure class=\"column small-6 medium-3 end\"><img loading=\"lazy\" decoding=\"async\" src=\"https:\/\/vieassociative.be\/actualites\/wp-content\/uploads\/2025\/06\/1750645078_625_Eupener-Kirmes-est-un-vrai-festival-dete-cette-fois.jpg\" width=\"159\" height=\"159\" alt=\"\"><\/figure>\n<figure class=\"column small-6 medium-3 end\"><img loading=\"lazy\" decoding=\"async\" src=\"https:\/\/vieassociative.be\/actualites\/wp-content\/uploads\/2025\/06\/1750645078_202_Eupener-Kirmes-est-un-vrai-festival-dete-cette-fois.jpg\" width=\"159\" height=\"159\" alt=\"\"><\/figure>\n<figure class=\"column small-6 medium-3 end\"><img loading=\"lazy\" decoding=\"async\" src=\"https:\/\/vieassociative.be\/actualites\/wp-content\/uploads\/2025\/06\/1750645078_683_Eupener-Kirmes-est-un-vrai-festival-dete-cette-fois.jpg\" width=\"159\" height=\"159\" alt=\"\"><\/figure>\n<figure class=\"column small-6 medium-3 end\"><img loading=\"lazy\" decoding=\"async\" src=\"https:\/\/vieassociative.be\/actualites\/wp-content\/uploads\/2025\/06\/1750645078_740_Eupener-Kirmes-est-un-vrai-festival-dete-cette-fois.jpg\" width=\"159\" height=\"159\" alt=\"\"><\/figure>\n<figure class=\"column small-6 medium-3 end\"><img loading=\"lazy\" decoding=\"async\" src=\"https:\/\/vieassociative.be\/actualites\/wp-content\/uploads\/2025\/06\/1750645079_94_Eupener-Kirmes-est-un-vrai-festival-dete-cette-fois.jpg\" width=\"159\" height=\"159\" alt=\"\"><\/figure>\n<figure class=\"column small-6 medium-3 end\"><img loading=\"lazy\" decoding=\"async\" src=\"https:\/\/vieassociative.be\/actualites\/wp-content\/uploads\/2025\/06\/1750645079_908_Eupener-Kirmes-est-un-vrai-festival-dete-cette-fois.jpg\" width=\"159\" height=\"159\" alt=\"\"><\/figure>\n<figure class=\"column small-6 medium-3 end\"><img loading=\"lazy\" decoding=\"async\" src=\"https:\/\/vieassociative.be\/actualites\/wp-content\/uploads\/2025\/06\/1750645079_269_Eupener-Kirmes-est-un-vrai-festival-dete-cette-fois.jpg\" width=\"159\" height=\"159\" alt=\"\"><\/figure>\n<figure class=\"column small-6 medium-3 end\"><img loading=\"lazy\" decoding=\"async\" src=\"https:\/\/vieassociative.be\/actualites\/wp-content\/uploads\/2025\/06\/1750645079_405_Eupener-Kirmes-est-un-vrai-festival-dete-cette-fois.jpg\" width=\"159\" height=\"159\" alt=\"\"><\/figure>\n<figure class=\"column small-6 medium-3 end\"><img loading=\"lazy\" decoding=\"async\" src=\"https:\/\/vieassociative.be\/actualites\/wp-content\/uploads\/2025\/06\/1750645079_560_Eupener-Kirmes-est-un-vrai-festival-dete-cette-fois.jpg\" width=\"159\" height=\"159\" alt=\"\"><\/figure>\n<figure class=\"column small-6 medium-3 end\"><img loading=\"lazy\" decoding=\"async\" src=\"https:\/\/vieassociative.be\/actualites\/wp-content\/uploads\/2025\/06\/1750645079_338_Eupener-Kirmes-est-un-vrai-festival-dete-cette-fois.jpg\" width=\"159\" height=\"159\" alt=\"\"><\/figure>\n<figure class=\"column small-6 medium-3 end\"><img loading=\"lazy\" decoding=\"async\" src=\"https:\/\/vieassociative.be\/actualites\/wp-content\/uploads\/2025\/06\/1750645079_990_Eupener-Kirmes-est-un-vrai-festival-dete-cette-fois.jpg\" width=\"159\" height=\"159\" alt=\"\"><\/figure>\n<figure class=\"column small-6 medium-3 end\"><img loading=\"lazy\" decoding=\"async\" src=\"https:\/\/vieassociative.be\/actualites\/wp-content\/uploads\/2025\/06\/1750645079_59_Eupener-Kirmes-est-un-vrai-festival-dete-cette-fois.jpg\" width=\"159\" height=\"159\" alt=\"\"><\/figure>\n<figure class=\"column small-6 medium-3 end\"><img loading=\"lazy\" decoding=\"async\" src=\"https:\/\/vieassociative.be\/actualites\/wp-content\/uploads\/2025\/06\/1750645079_883_Eupener-Kirmes-est-un-vrai-festival-dete-cette-fois.jpg\" width=\"159\" height=\"159\" alt=\"\"><\/figure>\n<figure class=\"column small-6 medium-3 end\"><img loading=\"lazy\" decoding=\"async\" src=\"https:\/\/vieassociative.be\/actualites\/wp-content\/uploads\/2025\/06\/1750645079_262_Eupener-Kirmes-est-un-vrai-festival-dete-cette-fois.jpg\" width=\"159\" height=\"159\" alt=\"\"><\/figure>\n<figure class=\"column small-6 medium-3 end\"><img loading=\"lazy\" decoding=\"async\" src=\"https:\/\/vieassociative.be\/actualites\/wp-content\/uploads\/2025\/06\/1750645079_65_Eupener-Kirmes-est-un-vrai-festival-dete-cette-fois.jpg\" width=\"159\" height=\"159\" alt=\"\"><\/figure>\n<figure class=\"column small-6 medium-3 end\"><img loading=\"lazy\" decoding=\"async\" src=\"https:\/\/vieassociative.be\/actualites\/wp-content\/uploads\/2025\/06\/1750645079_252_Eupener-Kirmes-est-un-vrai-festival-dete-cette-fois.jpg\" width=\"159\" height=\"159\" alt=\"\"><\/figure>\n<figure class=\"column small-6 medium-3 end\"><img loading=\"lazy\" decoding=\"async\" src=\"https:\/\/vieassociative.be\/actualites\/wp-content\/uploads\/2025\/06\/1750645079_990_Eupener-Kirmes-est-un-vrai-festival-dete-cette-fois.jpg\" width=\"159\" height=\"159\" alt=\"\"><\/figure>\n<figure class=\"column small-6 medium-3 end\"><img loading=\"lazy\" decoding=\"async\" src=\"https:\/\/vieassociative.be\/actualites\/wp-content\/uploads\/2025\/06\/1750645079_65_Eupener-Kirmes-est-un-vrai-festival-dete-cette-fois.jpg\" width=\"159\" height=\"159\" alt=\"\"><\/figure>\n<figure class=\"column small-6 medium-3 end\"><img loading=\"lazy\" decoding=\"async\" src=\"https:\/\/vieassociative.be\/actualites\/wp-content\/uploads\/2025\/06\/1750645079_568_Eupener-Kirmes-est-un-vrai-festival-dete-cette-fois.jpg\" width=\"159\" height=\"159\" alt=\"\"><\/figure>\n<figure class=\"column small-6 medium-3 end\"><img loading=\"lazy\" decoding=\"async\" src=\"https:\/\/vieassociative.be\/actualites\/wp-content\/uploads\/2025\/06\/1750645079_50_Eupener-Kirmes-est-un-vrai-festival-dete-cette-fois.jpg\" width=\"159\" height=\"159\" alt=\"\"><\/figure>\n<figure class=\"column small-6 medium-3 end\"><img loading=\"lazy\" decoding=\"async\" src=\"https:\/\/vieassociative.be\/actualites\/wp-content\/uploads\/2025\/06\/1750645079_8_Eupener-Kirmes-est-un-vrai-festival-dete-cette-fois.jpg\" width=\"159\" height=\"159\" alt=\"\"><\/figure>\n<figure class=\"column small-6 medium-3 end\"><img loading=\"lazy\" decoding=\"async\" src=\"https:\/\/vieassociative.be\/actualites\/wp-content\/uploads\/2025\/06\/1750645079_160_Eupener-Kirmes-est-un-vrai-festival-dete-cette-fois.jpg\" width=\"159\" height=\"159\" alt=\"\"><\/figure>\n<figure class=\"column small-6 medium-3 end\"><img loading=\"lazy\" decoding=\"async\" src=\"https:\/\/vieassociative.be\/actualites\/wp-content\/uploads\/2025\/06\/1750645080_668_Eupener-Kirmes-est-un-vrai-festival-dete-cette-fois.jpg\" width=\"159\" height=\"159\" alt=\"\"><\/figure>\n<figure class=\"column small-6 medium-3 end\"><img loading=\"lazy\" decoding=\"async\" src=\"https:\/\/vieassociative.be\/actualites\/wp-content\/uploads\/2025\/06\/1750645080_298_Eupener-Kirmes-est-un-vrai-festival-dete-cette-fois.jpg\" width=\"159\" height=\"159\" alt=\"\"><\/figure>\n<figure class=\"column small-6 medium-3 end\"><img loading=\"lazy\" decoding=\"async\" src=\"https:\/\/vieassociative.be\/actualites\/wp-content\/uploads\/2025\/06\/1750645080_768_Eupener-Kirmes-est-un-vrai-festival-dete-cette-fois.jpg\" width=\"159\" height=\"159\" alt=\"\"><\/figure>\n<figure class=\"column small-6 medium-3 end\"><img loading=\"lazy\" decoding=\"async\" src=\"https:\/\/vieassociative.be\/actualites\/wp-content\/uploads\/2025\/06\/1750645080_584_Eupener-Kirmes-est-un-vrai-festival-dete-cette-fois.jpg\" width=\"159\" height=\"159\" alt=\"\"><\/figure>\n<figure class=\"column small-6 medium-3 end\"><img loading=\"lazy\" decoding=\"async\" src=\"https:\/\/vieassociative.be\/actualites\/wp-content\/uploads\/2025\/06\/1750645080_81_Eupener-Kirmes-est-un-vrai-festival-dete-cette-fois.jpg\" width=\"159\" height=\"159\" alt=\"\"><\/figure>\n<\/div>\n","protected":false},"excerpt":{"rendered":"<p>Les Nikolauskirmes dans l&rsquo;Oberstadt d&rsquo;Eupener se l\u00e8vent chaque ann\u00e9e. Fi\u00e8vre jeune et vieille. Pour \u00abl&rsquo;est de la Belgique directement\u00bb, les photographes Helmut Koch et Patrick<\/p>\n","protected":false},"author":1,"featured_media":8334,"comment_status":"","ping_status":"","sticky":false,"template":"","format":"standard","meta":{"footnotes":""},"categories":[298],"tags":[206,29,122,76,5049,557,774,3257,7405,4668,283,355,503],"class_list":["post-8333","post","type-post","status-publish","format-standard","has-post-thumbnail","hentry","category-belgique","tag-cette","tag-des","tag-dete","tag-est","tag-eupener","tag-festival","tag-fois","tag-galerie","tag-kirmes","tag-louverture","tag-photos","tag-samedi","tag-vrai","generate-columns","tablet-grid-50","mobile-grid-100","grid-parent","grid-33"],"yoast_head":"<!-- This site is optimized with the Yoast SEO plugin v24.0 - https:\/\/yoast.com\/wordpress\/plugins\/seo\/ -->\n<title>Eupener Kirmes est un vrai festival d&#039;\u00e9t\u00e9 cette fois - des photos de l&#039;ouverture et du samedi (galerie de photos) | Vie Associative<\/title>\n<meta name=\"robots\" content=\"index, follow, max-snippet:-1, max-image-preview:large, max-video-preview:-1\" \/>\n<link rel=\"canonical\" href=\"https:\/\/vieassociative.be\/actualites\/eupener-kirmes-est-un-vrai-festival-dete-cette-fois-des-photos-de-louverture-et-du-samedi-galerie-de-photos\/\" \/>\n<meta property=\"og:locale\" content=\"fr_FR\" \/>\n<meta property=\"og:type\" content=\"article\" \/>\n<meta property=\"og:title\" content=\"Eupener Kirmes est un vrai festival d&#039;\u00e9t\u00e9 cette fois - des photos de l&#039;ouverture et du samedi (galerie de photos) | Vie Associative\" \/>\n<meta property=\"og:description\" content=\"Les Nikolauskirmes dans l&rsquo;Oberstadt d&rsquo;Eupener se l\u00e8vent chaque ann\u00e9e. Fi\u00e8vre jeune et vieille. Pour \u00abl&rsquo;est de la Belgique directement\u00bb, les photographes Helmut Koch et Patrick\" \/>\n<meta property=\"og:url\" content=\"https:\/\/vieassociative.be\/actualites\/eupener-kirmes-est-un-vrai-festival-dete-cette-fois-des-photos-de-louverture-et-du-samedi-galerie-de-photos\/\" \/>\n<meta property=\"og:site_name\" content=\"Vie Associative\" \/>\n<meta property=\"article:published_time\" content=\"2025-06-23T02:18:00+00:00\" \/>\n<meta property=\"og:image\" content=\"https:\/\/vieassociative.be\/actualites\/wp-content\/uploads\/2024\/09\/header_backgroundk-01-e1726694325946.png\" \/>\n\t<meta property=\"og:image:width\" content=\"279\" \/>\n\t<meta property=\"og:image:height\" content=\"92\" \/>\n\t<meta property=\"og:image:type\" content=\"image\/png\" \/>\n<meta name=\"author\" content=\"Julien\" \/>\n<meta name=\"twitter:card\" content=\"summary_large_image\" \/>\n<meta name=\"twitter:label1\" content=\"\u00c9crit par\" \/>\n\t<meta name=\"twitter:data1\" content=\"Julien\" \/>\n\t<meta name=\"twitter:label2\" content=\"Dur\u00e9e de lecture est.\" \/>\n\t<meta name=\"twitter:data2\" content=\"2 minutes\" \/>\n<script type=\"application\/ld+json\" class=\"yoast-schema-graph\">{\"@context\":\"https:\/\/schema.org\",\"@graph\":[{\"@type\":\"Article\",\"@id\":\"https:\/\/vieassociative.be\/actualites\/eupener-kirmes-est-un-vrai-festival-dete-cette-fois-des-photos-de-louverture-et-du-samedi-galerie-de-photos\/#article\",\"isPartOf\":{\"@id\":\"https:\/\/vieassociative.be\/actualites\/eupener-kirmes-est-un-vrai-festival-dete-cette-fois-des-photos-de-louverture-et-du-samedi-galerie-de-photos\/\"},\"author\":{\"name\":\"Julien\",\"@id\":\"https:\/\/vieassociative.be\/actualites\/#\/schema\/person\/b87ac4f82f9d4e7b7cec7395b679edc4\"},\"headline\":\"Eupener Kirmes est un vrai festival d&rsquo;\u00e9t\u00e9 cette fois &#8211; des photos de l&rsquo;ouverture et du samedi (galerie de photos)\",\"datePublished\":\"2025-06-23T02:18:00+00:00\",\"dateModified\":\"2025-06-23T02:18:00+00:00\",\"mainEntityOfPage\":{\"@id\":\"https:\/\/vieassociative.be\/actualites\/eupener-kirmes-est-un-vrai-festival-dete-cette-fois-des-photos-de-louverture-et-du-samedi-galerie-de-photos\/\"},\"wordCount\":532,\"publisher\":{\"@id\":\"https:\/\/vieassociative.be\/actualites\/#organization\"},\"image\":{\"@id\":\"https:\/\/vieassociative.be\/actualites\/eupener-kirmes-est-un-vrai-festival-dete-cette-fois-des-photos-de-louverture-et-du-samedi-galerie-de-photos\/#primaryimage\"},\"thumbnailUrl\":\"https:\/\/vieassociative.be\/actualites\/wp-content\/uploads\/2025\/06\/1750645085_Eupener-Kirmes-est-un-vrai-festival-dete-cette-fois.jpg\",\"keywords\":[\"cette\",\"Des\",\"d\u00e9t\u00e9\",\"est\",\"Eupener\",\"festival\",\"fois\",\"galerie\",\"Kirmes\",\"louverture\",\"Photos\",\"samedi\",\"vrai\"],\"articleSection\":[\"Belgique\"],\"inLanguage\":\"fr-BE\"},{\"@type\":\"WebPage\",\"@id\":\"https:\/\/vieassociative.be\/actualites\/eupener-kirmes-est-un-vrai-festival-dete-cette-fois-des-photos-de-louverture-et-du-samedi-galerie-de-photos\/\",\"url\":\"https:\/\/vieassociative.be\/actualites\/eupener-kirmes-est-un-vrai-festival-dete-cette-fois-des-photos-de-louverture-et-du-samedi-galerie-de-photos\/\",\"name\":\"Eupener Kirmes est un vrai festival d'\u00e9t\u00e9 cette fois - des photos de l'ouverture et du samedi (galerie de photos) | Vie Associative\",\"isPartOf\":{\"@id\":\"https:\/\/vieassociative.be\/actualites\/#website\"},\"primaryImageOfPage\":{\"@id\":\"https:\/\/vieassociative.be\/actualites\/eupener-kirmes-est-un-vrai-festival-dete-cette-fois-des-photos-de-louverture-et-du-samedi-galerie-de-photos\/#primaryimage\"},\"image\":{\"@id\":\"https:\/\/vieassociative.be\/actualites\/eupener-kirmes-est-un-vrai-festival-dete-cette-fois-des-photos-de-louverture-et-du-samedi-galerie-de-photos\/#primaryimage\"},\"thumbnailUrl\":\"https:\/\/vieassociative.be\/actualites\/wp-content\/uploads\/2025\/06\/1750645085_Eupener-Kirmes-est-un-vrai-festival-dete-cette-fois.jpg\",\"datePublished\":\"2025-06-23T02:18:00+00:00\",\"dateModified\":\"2025-06-23T02:18:00+00:00\",\"breadcrumb\":{\"@id\":\"https:\/\/vieassociative.be\/actualites\/eupener-kirmes-est-un-vrai-festival-dete-cette-fois-des-photos-de-louverture-et-du-samedi-galerie-de-photos\/#breadcrumb\"},\"inLanguage\":\"fr-BE\",\"potentialAction\":[{\"@type\":\"ReadAction\",\"target\":[\"https:\/\/vieassociative.be\/actualites\/eupener-kirmes-est-un-vrai-festival-dete-cette-fois-des-photos-de-louverture-et-du-samedi-galerie-de-photos\/\"]}]},{\"@type\":\"ImageObject\",\"inLanguage\":\"fr-BE\",\"@id\":\"https:\/\/vieassociative.be\/actualites\/eupener-kirmes-est-un-vrai-festival-dete-cette-fois-des-photos-de-louverture-et-du-samedi-galerie-de-photos\/#primaryimage\",\"url\":\"https:\/\/vieassociative.be\/actualites\/wp-content\/uploads\/2025\/06\/1750645085_Eupener-Kirmes-est-un-vrai-festival-dete-cette-fois.jpg\",\"contentUrl\":\"https:\/\/vieassociative.be\/actualites\/wp-content\/uploads\/2025\/06\/1750645085_Eupener-Kirmes-est-un-vrai-festival-dete-cette-fois.jpg\",\"width\":1300,\"height\":869,\"caption\":\"Eupener Kirmes est un vrai festival d'\u00e9t\u00e9 cette fois - des photos de l'ouverture et du samedi (galerie de photos)\"},{\"@type\":\"BreadcrumbList\",\"@id\":\"https:\/\/vieassociative.be\/actualites\/eupener-kirmes-est-un-vrai-festival-dete-cette-fois-des-photos-de-louverture-et-du-samedi-galerie-de-photos\/#breadcrumb\",\"itemListElement\":[{\"@type\":\"ListItem\",\"position\":1,\"name\":\"Accueil\",\"item\":\"https:\/\/vieassociative.be\/actualites\/\"},{\"@type\":\"ListItem\",\"position\":2,\"name\":\"Eupener Kirmes est un vrai festival d&rsquo;\u00e9t\u00e9 cette fois &#8211; des photos de l&rsquo;ouverture et du samedi (galerie de photos)\"}]},{\"@type\":\"WebSite\",\"@id\":\"https:\/\/vieassociative.be\/actualites\/#website\",\"url\":\"https:\/\/vieassociative.be\/actualites\/\",\"name\":\"Vie Associative\",\"description\":\"\",\"publisher\":{\"@id\":\"https:\/\/vieassociative.be\/actualites\/#organization\"},\"potentialAction\":[{\"@type\":\"SearchAction\",\"target\":{\"@type\":\"EntryPoint\",\"urlTemplate\":\"https:\/\/vieassociative.be\/actualites\/?s={search_term_string}\"},\"query-input\":{\"@type\":\"PropertyValueSpecification\",\"valueRequired\":true,\"valueName\":\"search_term_string\"}}],\"inLanguage\":\"fr-BE\"},{\"@type\":\"Organization\",\"@id\":\"https:\/\/vieassociative.be\/actualites\/#organization\",\"name\":\"Vie Associative\",\"url\":\"https:\/\/vieassociative.be\/actualites\/\",\"logo\":{\"@type\":\"ImageObject\",\"inLanguage\":\"fr-BE\",\"@id\":\"https:\/\/vieassociative.be\/actualites\/#\/schema\/logo\/image\/\",\"url\":\"https:\/\/vieassociative.be\/actualites\/wp-content\/uploads\/2024\/09\/cropped-vieassociative_favicon.ico.png\",\"contentUrl\":\"https:\/\/vieassociative.be\/actualites\/wp-content\/uploads\/2024\/09\/cropped-vieassociative_favicon.ico.png\",\"width\":512,\"height\":512,\"caption\":\"Vie Associative\"},\"image\":{\"@id\":\"https:\/\/vieassociative.be\/actualites\/#\/schema\/logo\/image\/\"}},{\"@type\":\"Person\",\"@id\":\"https:\/\/vieassociative.be\/actualites\/#\/schema\/person\/b87ac4f82f9d4e7b7cec7395b679edc4\",\"name\":\"Julien\",\"image\":{\"@type\":\"ImageObject\",\"inLanguage\":\"fr-BE\",\"@id\":\"https:\/\/vieassociative.be\/actualites\/#\/schema\/person\/image\/\",\"url\":\"https:\/\/vieassociative.be\/actualites\/wp-content\/uploads\/2024\/09\/vie-associative-1-150x150.jpg\",\"contentUrl\":\"https:\/\/vieassociative.be\/actualites\/wp-content\/uploads\/2024\/09\/vie-associative-1-150x150.jpg\",\"caption\":\"Julien\"},\"description\":\"Je suis Julien, r\u00e9dacteur pour Vie Associative. Passionn\u00e9 par le monde associatif depuis plus de 10 ans, j'ai \u00e0 c\u0153ur de partager des histoires inspirantes et de mettre en lumi\u00e8re les initiatives locales. Mon objectif est de sensibiliser et d'encourager l'engagement communautaire \u00e0 travers mes articles.\",\"sameAs\":[\"https:\/\/vieassociative.be\/\"]}]}<\/script>\n<!-- \/ Yoast SEO plugin. -->","yoast_head_json":{"title":"Eupener Kirmes est un vrai festival d'\u00e9t\u00e9 cette fois - des photos de l'ouverture et du samedi (galerie de photos) | Vie Associative","robots":{"index":"index","follow":"follow","max-snippet":"max-snippet:-1","max-image-preview":"max-image-preview:large","max-video-preview":"max-video-preview:-1"},"canonical":"https:\/\/vieassociative.be\/actualites\/eupener-kirmes-est-un-vrai-festival-dete-cette-fois-des-photos-de-louverture-et-du-samedi-galerie-de-photos\/","og_locale":"fr_FR","og_type":"article","og_title":"Eupener Kirmes est un vrai festival d'\u00e9t\u00e9 cette fois - des photos de l'ouverture et du samedi (galerie de photos) | Vie Associative","og_description":"Les Nikolauskirmes dans l&rsquo;Oberstadt d&rsquo;Eupener se l\u00e8vent chaque ann\u00e9e. Fi\u00e8vre jeune et vieille. Pour \u00abl&rsquo;est de la Belgique directement\u00bb, les photographes Helmut Koch et Patrick","og_url":"https:\/\/vieassociative.be\/actualites\/eupener-kirmes-est-un-vrai-festival-dete-cette-fois-des-photos-de-louverture-et-du-samedi-galerie-de-photos\/","og_site_name":"Vie Associative","article_published_time":"2025-06-23T02:18:00+00:00","og_image":[{"width":279,"height":92,"url":"https:\/\/vieassociative.be\/actualites\/wp-content\/uploads\/2024\/09\/header_backgroundk-01-e1726694325946.png","type":"image\/png"}],"author":"Julien","twitter_card":"summary_large_image","twitter_misc":{"\u00c9crit par":"Julien","Dur\u00e9e de lecture est.":"2 minutes"},"schema":{"@context":"https:\/\/schema.org","@graph":[{"@type":"Article","@id":"https:\/\/vieassociative.be\/actualites\/eupener-kirmes-est-un-vrai-festival-dete-cette-fois-des-photos-de-louverture-et-du-samedi-galerie-de-photos\/#article","isPartOf":{"@id":"https:\/\/vieassociative.be\/actualites\/eupener-kirmes-est-un-vrai-festival-dete-cette-fois-des-photos-de-louverture-et-du-samedi-galerie-de-photos\/"},"author":{"name":"Julien","@id":"https:\/\/vieassociative.be\/actualites\/#\/schema\/person\/b87ac4f82f9d4e7b7cec7395b679edc4"},"headline":"Eupener Kirmes est un vrai festival d&rsquo;\u00e9t\u00e9 cette fois &#8211; des photos de l&rsquo;ouverture et du samedi (galerie de photos)","datePublished":"2025-06-23T02:18:00+00:00","dateModified":"2025-06-23T02:18:00+00:00","mainEntityOfPage":{"@id":"https:\/\/vieassociative.be\/actualites\/eupener-kirmes-est-un-vrai-festival-dete-cette-fois-des-photos-de-louverture-et-du-samedi-galerie-de-photos\/"},"wordCount":532,"publisher":{"@id":"https:\/\/vieassociative.be\/actualites\/#organization"},"image":{"@id":"https:\/\/vieassociative.be\/actualites\/eupener-kirmes-est-un-vrai-festival-dete-cette-fois-des-photos-de-louverture-et-du-samedi-galerie-de-photos\/#primaryimage"},"thumbnailUrl":"https:\/\/vieassociative.be\/actualites\/wp-content\/uploads\/2025\/06\/1750645085_Eupener-Kirmes-est-un-vrai-festival-dete-cette-fois.jpg","keywords":["cette","Des","d\u00e9t\u00e9","est","Eupener","festival","fois","galerie","Kirmes","louverture","Photos","samedi","vrai"],"articleSection":["Belgique"],"inLanguage":"fr-BE"},{"@type":"WebPage","@id":"https:\/\/vieassociative.be\/actualites\/eupener-kirmes-est-un-vrai-festival-dete-cette-fois-des-photos-de-louverture-et-du-samedi-galerie-de-photos\/","url":"https:\/\/vieassociative.be\/actualites\/eupener-kirmes-est-un-vrai-festival-dete-cette-fois-des-photos-de-louverture-et-du-samedi-galerie-de-photos\/","name":"Eupener Kirmes est un vrai festival d'\u00e9t\u00e9 cette fois - des photos de l'ouverture et du samedi (galerie de photos) | Vie Associative","isPartOf":{"@id":"https:\/\/vieassociative.be\/actualites\/#website"},"primaryImageOfPage":{"@id":"https:\/\/vieassociative.be\/actualites\/eupener-kirmes-est-un-vrai-festival-dete-cette-fois-des-photos-de-louverture-et-du-samedi-galerie-de-photos\/#primaryimage"},"image":{"@id":"https:\/\/vieassociative.be\/actualites\/eupener-kirmes-est-un-vrai-festival-dete-cette-fois-des-photos-de-louverture-et-du-samedi-galerie-de-photos\/#primaryimage"},"thumbnailUrl":"https:\/\/vieassociative.be\/actualites\/wp-content\/uploads\/2025\/06\/1750645085_Eupener-Kirmes-est-un-vrai-festival-dete-cette-fois.jpg","datePublished":"2025-06-23T02:18:00+00:00","dateModified":"2025-06-23T02:18:00+00:00","breadcrumb":{"@id":"https:\/\/vieassociative.be\/actualites\/eupener-kirmes-est-un-vrai-festival-dete-cette-fois-des-photos-de-louverture-et-du-samedi-galerie-de-photos\/#breadcrumb"},"inLanguage":"fr-BE","potentialAction":[{"@type":"ReadAction","target":["https:\/\/vieassociative.be\/actualites\/eupener-kirmes-est-un-vrai-festival-dete-cette-fois-des-photos-de-louverture-et-du-samedi-galerie-de-photos\/"]}]},{"@type":"ImageObject","inLanguage":"fr-BE","@id":"https:\/\/vieassociative.be\/actualites\/eupener-kirmes-est-un-vrai-festival-dete-cette-fois-des-photos-de-louverture-et-du-samedi-galerie-de-photos\/#primaryimage","url":"https:\/\/vieassociative.be\/actualites\/wp-content\/uploads\/2025\/06\/1750645085_Eupener-Kirmes-est-un-vrai-festival-dete-cette-fois.jpg","contentUrl":"https:\/\/vieassociative.be\/actualites\/wp-content\/uploads\/2025\/06\/1750645085_Eupener-Kirmes-est-un-vrai-festival-dete-cette-fois.jpg","width":1300,"height":869,"caption":"Eupener Kirmes est un vrai festival d'\u00e9t\u00e9 cette fois - des photos de l'ouverture et du samedi (galerie de photos)"},{"@type":"BreadcrumbList","@id":"https:\/\/vieassociative.be\/actualites\/eupener-kirmes-est-un-vrai-festival-dete-cette-fois-des-photos-de-louverture-et-du-samedi-galerie-de-photos\/#breadcrumb","itemListElement":[{"@type":"ListItem","position":1,"name":"Accueil","item":"https:\/\/vieassociative.be\/actualites\/"},{"@type":"ListItem","position":2,"name":"Eupener Kirmes est un vrai festival d&rsquo;\u00e9t\u00e9 cette fois &#8211; des photos de l&rsquo;ouverture et du samedi (galerie de photos)"}]},{"@type":"WebSite","@id":"https:\/\/vieassociative.be\/actualites\/#website","url":"https:\/\/vieassociative.be\/actualites\/","name":"Vie Associative","description":"","publisher":{"@id":"https:\/\/vieassociative.be\/actualites\/#organization"},"potentialAction":[{"@type":"SearchAction","target":{"@type":"EntryPoint","urlTemplate":"https:\/\/vieassociative.be\/actualites\/?s={search_term_string}"},"query-input":{"@type":"PropertyValueSpecification","valueRequired":true,"valueName":"search_term_string"}}],"inLanguage":"fr-BE"},{"@type":"Organization","@id":"https:\/\/vieassociative.be\/actualites\/#organization","name":"Vie Associative","url":"https:\/\/vieassociative.be\/actualites\/","logo":{"@type":"ImageObject","inLanguage":"fr-BE","@id":"https:\/\/vieassociative.be\/actualites\/#\/schema\/logo\/image\/","url":"https:\/\/vieassociative.be\/actualites\/wp-content\/uploads\/2024\/09\/cropped-vieassociative_favicon.ico.png","contentUrl":"https:\/\/vieassociative.be\/actualites\/wp-content\/uploads\/2024\/09\/cropped-vieassociative_favicon.ico.png","width":512,"height":512,"caption":"Vie Associative"},"image":{"@id":"https:\/\/vieassociative.be\/actualites\/#\/schema\/logo\/image\/"}},{"@type":"Person","@id":"https:\/\/vieassociative.be\/actualites\/#\/schema\/person\/b87ac4f82f9d4e7b7cec7395b679edc4","name":"Julien","image":{"@type":"ImageObject","inLanguage":"fr-BE","@id":"https:\/\/vieassociative.be\/actualites\/#\/schema\/person\/image\/","url":"https:\/\/vieassociative.be\/actualites\/wp-content\/uploads\/2024\/09\/vie-associative-1-150x150.jpg","contentUrl":"https:\/\/vieassociative.be\/actualites\/wp-content\/uploads\/2024\/09\/vie-associative-1-150x150.jpg","caption":"Julien"},"description":"Je suis Julien, r\u00e9dacteur pour Vie Associative. Passionn\u00e9 par le monde associatif depuis plus de 10 ans, j'ai \u00e0 c\u0153ur de partager des histoires inspirantes et de mettre en lumi\u00e8re les initiatives locales. Mon objectif est de sensibiliser et d'encourager l'engagement communautaire \u00e0 travers mes articles.","sameAs":["https:\/\/vieassociative.be\/"]}]}},"_links":{"self":[{"href":"https:\/\/vieassociative.be\/actualites\/wp-json\/wp\/v2\/posts\/8333"}],"collection":[{"href":"https:\/\/vieassociative.be\/actualites\/wp-json\/wp\/v2\/posts"}],"about":[{"href":"https:\/\/vieassociative.be\/actualites\/wp-json\/wp\/v2\/types\/post"}],"author":[{"embeddable":true,"href":"https:\/\/vieassociative.be\/actualites\/wp-json\/wp\/v2\/users\/1"}],"replies":[{"embeddable":true,"href":"https:\/\/vieassociative.be\/actualites\/wp-json\/wp\/v2\/comments?post=8333"}],"version-history":[{"count":0,"href":"https:\/\/vieassociative.be\/actualites\/wp-json\/wp\/v2\/posts\/8333\/revisions"}],"wp:featuredmedia":[{"embeddable":true,"href":"https:\/\/vieassociative.be\/actualites\/wp-json\/wp\/v2\/media\/8334"}],"wp:attachment":[{"href":"https:\/\/vieassociative.be\/actualites\/wp-json\/wp\/v2\/media?parent=8333"}],"wp:term":[{"taxonomy":"category","embeddable":true,"href":"https:\/\/vieassociative.be\/actualites\/wp-json\/wp\/v2\/categories?post=8333"},{"taxonomy":"post_tag","embeddable":true,"href":"https:\/\/vieassociative.be\/actualites\/wp-json\/wp\/v2\/tags?post=8333"}],"curies":[{"name":"wp","href":"https:\/\/api.w.org\/{rel}","templated":true}]}}