{"id":8331,"date":"2025-06-23T03:19:05","date_gmt":"2025-06-23T01:19:05","guid":{"rendered":"https:\/\/vieassociative.be\/actualites\/mon-affaire-amazon-preferee-de-la-journee-les-ecouteurs-sony-wh-1000xm6-avec-une-carte-cadeau-amazon-de-30\/"},"modified":"2025-06-23T03:19:05","modified_gmt":"2025-06-23T01:19:05","slug":"mon-affaire-amazon-preferee-de-la-journee-les-ecouteurs-sony-wh-1000xm6-avec-une-carte-cadeau-amazon-de-30","status":"publish","type":"post","link":"https:\/\/vieassociative.be\/actualites\/mon-affaire-amazon-preferee-de-la-journee-les-ecouteurs-sony-wh-1000xm6-avec-une-carte-cadeau-amazon-de-30\/","title":{"rendered":"Mon affaire Amazon pr\u00e9f\u00e9r\u00e9e de la journ\u00e9e: les \u00e9couteurs Sony WH-1000XM6 avec une carte-cadeau Amazon de 30 $"},"content":{"rendered":"<div class=\"mt-4 leading-6 md:mb-8\">Vous pouvez obtenir les meilleurs \u00e9couteurs premium de 2025 avec une carte-cadeau Amazon de 30 $ incluse.<\/div>\n<p><\/p>\n<p>Les Sony WH-1000XM6 sont les meilleurs \u00e9couteurs premium de 2025, que j&rsquo;ai pu examiner le mois dernier lors de leur sortie. Et malgr\u00e9 leur r\u00e9cente version, Amazon propose le casque XM6 avec une carte-cadeau Amazon de 30 $ en ce moment. Les \u00e9couteurs sont \u00e0 leur prix complet de 448 $, mais vous ne verrez probablement pas ces \u00e9couteurs baisser de sit\u00f4t (il a fallu six mois au XM5 pour voir sa premi\u00e8re remise sur Amazon), m\u00eame avec une premi\u00e8re journ\u00e9e au coin de la rue. Donc, si vous avez eu les yeux sur le XM6, c&rsquo;est probablement la meilleure chance que vous aurez pendant un certain temps.<\/p>\n<div class=\"pogoClear mb-12 mt-10 rounded-md border-2 border-gray-100 py-7 shadow-xl md:py-6\">\n<div class=\"flex flex-wrap justify-between px-7 text-black no-underline md:flex-nowrap md:px-8\">\n<div class=\"order-1 mx-auto flex flex-col justify-center md:order-2 md:ml-4 md:w-full md:grow\">\n<div class=\"block cursor-pointer text-center font-akshar text-2xl font-medium leading-7 text-brand-green duration-200 ease-in-out hover:text-brand-green-700 md:text-left md:text-xl md:leading-6\">Chef de violation Sony WH-1000XM6\n                <\/div>\n<div class=\"mt-4 hidden md:flex md:justify-between\">\n<div class=\"self-end\">\n<div class=\"mb-0 h-11 md:flex md:flex-col md:justify-center\">\n<div class=\" font-sans leading-4 text-black\">\n<div class=\"flex flex-wrap items-center justify-center gap-x-1 md:justify-start\">\n        <span class=\"font-bold\"><\/p>\n<p>            448,00 $<br \/>\n                            <span class=\"font-medium\">\u00e0 Amazon<\/span><br \/>\n                    <\/span><br \/>\n                    <img decoding=\"async\" class=\"mt-0 h-(15px)\" src=\"https:\/\/vieassociative.be\/actualites\/wp-content\/uploads\/2025\/06\/Mon-affaire-Amazon-preferee-de-la-journee-les-ecouteurs-Sony.svg.svg+xml\" title=\"Amazon Prime\" alt=\"Amazon Prime\">\n            <\/div>\n<div class=\"flex items-center justify-center gap-x-1 font-bold md:justify-start\">\n            <span class=\"text-sm line-through\">479,99 $<\/span><br \/>\n            <span class=\"text-sm text-brand-green\">\u00c9conomisez 31,99 $<\/span>\n        <\/div>\n<\/p><\/div>\n<\/p><\/div>\n<\/p><\/div>\n<div class=\"w-44 self-end\">\n                            <button class=\"flex justify-center items-center w-full bg-brand-green text-white text-base font-sans font-medium rounded-md hover:bg-brand-green-700 hover:cursor-pointer md:text-sm h-11\"><\/p>\n<p>    Conclure un accord<br \/>\n<\/button>\n                        <\/div>\n<\/p><\/div>\n<\/p><\/div>\n<div class=\"order-2 mt-5 h-auto w-full md:order-1 md:mt-0 md:hidden\">\n<div class=\"flex aspect-video items-center justify-center\">\n                                            <img decoding=\"async\" class=\"m-0 max-h-full max-w-full rounded-md\" src=\"https:\/\/vieassociative.be\/actualites\/wp-content\/uploads\/2025\/06\/Mon-affaire-Amazon-preferee-de-la-journee-les-ecouteurs-Sony.jpg\" alt=\"Sony WH-1000XM6 CASHOIR ANNULLAGE DU NOURN\" width=\"auto\" height=\"auto\" loading=\"lazy\">\n                                    <\/div>\n<\/p><\/div>\n<div class=\"order-2 ml-2 hidden w-32 shrink-0 items-center md:order-1 md:ml-0 md:flex\">\n<div class=\"flex aspect-video items-center justify-center\">\n                                            <img decoding=\"async\" class=\"m-0 max-h-full max-w-full rounded-md\" src=\"https:\/\/vieassociative.be\/actualites\/wp-content\/uploads\/2025\/06\/Mon-affaire-Amazon-preferee-de-la-journee-les-ecouteurs-Sony.jpg\" alt=\"Sony WH-1000XM6 CASHOIR ANNULLAGE DU NOURN\" width=\"auto\" height=\"auto\" loading=\"lazy\">\n                                    <\/div>\n<\/p><\/div>\n<div class=\"order-3 flex grow flex-wrap md:hidden md:grow-0\">\n<div class=\"mt-4 w-full\">\n                        <button class=\"flex justify-center items-center w-full bg-brand-green text-white text-base font-sans font-medium rounded-md hover:bg-brand-green-700 hover:cursor-pointer md:text-sm h-11\"><\/p>\n<p>    Conclure un accord<br \/>\n<\/button>\n                    <\/div>\n<div class=\"mx-2 mt-4 w-full\">\n<div class=\" font-sans leading-4 text-black\">\n<div class=\"flex flex-wrap items-center justify-center gap-x-1 md:justify-start\">\n        <span class=\"font-bold\"><\/p>\n<p>            448,00 $<br \/>\n                            <span class=\"font-medium\">\u00e0 Amazon<\/span><br \/>\n                    <\/span><br \/>\n                    <img decoding=\"async\" class=\"mt-0 h-(15px)\" src=\"https:\/\/vieassociative.be\/actualites\/wp-content\/uploads\/2025\/06\/Mon-affaire-Amazon-preferee-de-la-journee-les-ecouteurs-Sony.svg.svg+xml\" title=\"Amazon Prime\" alt=\"Amazon Prime\">\n            <\/div>\n<div class=\"flex items-center justify-center gap-x-1 font-bold md:justify-start\">\n            <span class=\"text-sm line-through\">479,99 $<\/span><br \/>\n            <span class=\"text-sm text-brand-green\">\u00c9conomisez 31,99 $<\/span>\n        <\/div>\n<\/p><\/div>\n<\/p><\/div>\n<\/p><\/div>\n<\/p><\/div>\n<\/div>\n<p>Les \u00e9couteurs XM6 sont sortis trois ans apr\u00e8s le XM5, l&rsquo;\u00e9cart le plus long de la s\u00e9rie WH-1000XM. La version \u00e9tait tr\u00e8s attendue, donc je m&rsquo;attendais \u00e0 plus que pour que Sony ne devienne que ses fonctionnalit\u00e9s et son mat\u00e9riel, mais ils sont toujours les meilleurs \u00e9couteurs premium que vous pouvez obtenir en 2025 (jusqu&rsquo;\u00e0 pr\u00e9sent).<\/p>\n<p>L&rsquo;annulation active du bruit (ANC) sur le XM6 est impressionnante. J&rsquo;ai vol\u00e9 avec eux et cela a r\u00e9ussi \u00e0 annuler 90% du bruit dans un avion (y compris les b\u00e9b\u00e9s en pleurs et le bruit constant de l&rsquo;avion). Avec le codec LDAC, l&rsquo;audio est limpide pour les t\u00e9l\u00e9phones Android, mais ils utilisent le m\u00eame codec AAC que vous trouvez dans les AirPods r\u00e9guliers. Il a 12 microphones (quatre de plus que le XM5), et l&rsquo;audio spatial, la fonction de suppression du bruit d&rsquo;IA, le contr\u00f4le sonore adaptatif et le son ambiant sont bien meilleurs que le XM5. <\/p>\n<div class=\"pogoClear relative my-10 border-b-(1.5px) border-t-(1.5px) border-dashed border-black py-5 sm:my-14 sm:border-0 sm:py-0\" data-ga-click data-ga-template=\"Deals\" data-ga-module=\"openweb_widget\" data-ga-element=\"openweb_scroll\" data-ga-item=\"openweb_scroll_midpage\" x-data=\"{\n         commentsCount: null,\n         hasComments: false,\n         async fetchCommentsCount() {\n             try {\n                 if (window.openweb &amp;&amp; typeof window.openweb.getMessagesCount === 'function') {\n                     this.commentsCount = await window.openweb.getMessagesCount('01JY727B50AW0B4E3J56SPMJ3C');\n                     this.hasComments = this.commentsCount !== null &amp;&amp; this.commentsCount &gt; 0;\n                 }\n             } catch (e) {\n                 console.warn('Failed to fetch comment count:', e);\n             }\n         }\n     }\" x-init=\"fetchCommentsCount()\" x-cloak><\/p>\n<div class=\"absolute top-1\/2 hidden w-full -translate-y-1\/2 border-t-(1.5px) border-dashed border-black sm:block\"><\/div>\n<div class=\"relative flex justify-center\">\n<div class=\"flex max-w-fit items-center gap-x-3 bg-white px-5\">\n<div class=\"relative\">\n                <span class=\"absolute left-1\/2 top-1\/2 -translate-x-1\/2 -translate-y-1\/2 font-akshar text-sm font-medium text-black\" aria-live=\"polite\" x-show=\"hasComments\" x-text=\"commentsCount\"><\/span><\/p>\n<p>                <svg class=\"h-8 w-8 text-black\" role=\"img\" aria-hidden=\"true\">\n                    <use href=\"http:\/\/lifehacker.com\/images\/icons\/spritemap.svg#sprite-chat-bubble\"><\/use>\n                <\/svg>\n            <\/div>\n<p>            <span class=\"text-sm font-medium text-black\"><\/p>\n<p>                Que pensez-vous jusqu&rsquo;\u00e0 pr\u00e9sent?<br \/>\n                <button class=\"ml-1 font-semibold text-brand-green underline hover:text-brand-green-700\" type=\"button\" aria-label=\"Comment section trigger\" onclick=\"window.openweb.scrollToComments('01JY727B50AW0B4E3J56SPMJ3C')\" x-text=\"hasComments ? 'Post a comment.' : 'Be the first to post a comment.'\"><\/button><br \/>\n            <\/span>\n        <\/div>\n<\/p><\/div>\n<\/div>\n<p>Le XM6 peut d\u00e9sormais se replier en eux, ce qui les rend beaucoup plus faciles \u00e0 jeter dans un sac \u00e0 dos et \u00e0 rendre le cas de transport plus compact. J&rsquo;adore que vous puissiez charger et \u00e9couter les \u00e9couteurs en m\u00eame temps aussi. Si vous voulez les meilleurs \u00e9couteurs premium de 2025, profitez de cette offre pendant que vous le pouvez.<\/p>\n","protected":false},"excerpt":{"rendered":"<p>Vous pouvez obtenir les meilleurs \u00e9couteurs premium de 2025 avec une carte-cadeau Amazon de 30 $ incluse. Les Sony WH-1000XM6 sont les meilleurs \u00e9couteurs premium<\/p>\n","protected":false},"author":1,"featured_media":8332,"comment_status":"","ping_status":"","sticky":false,"template":"","format":"standard","meta":{"footnotes":""},"categories":[13],"tags":[1547,51,61,1224,1537,2877,14,49,52,2243,110,7509],"class_list":["post-8331","post","type-post","status-publish","format-standard","has-post-thumbnail","hentry","category-technologie","tag-affaire","tag-amazon","tag-avec","tag-cartecadeau","tag-ecouteurs","tag-journee","tag-les","tag-mon","tag-preferee","tag-sony","tag-une","tag-wh1000xm6","generate-columns","tablet-grid-50","mobile-grid-100","grid-parent","grid-33"],"yoast_head":"<!-- This site is optimized with the Yoast SEO plugin v24.0 - https:\/\/yoast.com\/wordpress\/plugins\/seo\/ -->\n<title>Mon affaire Amazon pr\u00e9f\u00e9r\u00e9e de la journ\u00e9e: les \u00e9couteurs Sony WH-1000XM6 avec une carte-cadeau Amazon de 30 $ | Vie Associative<\/title>\n<meta name=\"robots\" content=\"index, follow, max-snippet:-1, max-image-preview:large, max-video-preview:-1\" \/>\n<link rel=\"canonical\" href=\"https:\/\/vieassociative.be\/actualites\/mon-affaire-amazon-preferee-de-la-journee-les-ecouteurs-sony-wh-1000xm6-avec-une-carte-cadeau-amazon-de-30\/\" \/>\n<meta property=\"og:locale\" content=\"fr_FR\" \/>\n<meta property=\"og:type\" content=\"article\" \/>\n<meta property=\"og:title\" content=\"Mon affaire Amazon pr\u00e9f\u00e9r\u00e9e de la journ\u00e9e: les \u00e9couteurs Sony WH-1000XM6 avec une carte-cadeau Amazon de 30 $ | Vie Associative\" \/>\n<meta property=\"og:description\" content=\"Vous pouvez obtenir les meilleurs \u00e9couteurs premium de 2025 avec une carte-cadeau Amazon de 30 $ incluse. Les Sony WH-1000XM6 sont les meilleurs \u00e9couteurs premium\" \/>\n<meta property=\"og:url\" content=\"https:\/\/vieassociative.be\/actualites\/mon-affaire-amazon-preferee-de-la-journee-les-ecouteurs-sony-wh-1000xm6-avec-une-carte-cadeau-amazon-de-30\/\" \/>\n<meta property=\"og:site_name\" content=\"Vie Associative\" \/>\n<meta property=\"article:published_time\" content=\"2025-06-23T01:19:05+00:00\" \/>\n<meta property=\"og:image\" content=\"https:\/\/vieassociative.be\/actualites\/wp-content\/uploads\/2025\/06\/Mon-affaire-Amazon-preferee-de-la-journee-les-ecouteurs-Sony.svg.svg+xml\" \/>\n<meta name=\"author\" content=\"Julien\" \/>\n<meta name=\"twitter:card\" content=\"summary_large_image\" \/>\n<meta name=\"twitter:label1\" content=\"\u00c9crit par\" \/>\n\t<meta name=\"twitter:data1\" content=\"Julien\" \/>\n\t<meta name=\"twitter:label2\" content=\"Dur\u00e9e de lecture est.\" \/>\n\t<meta name=\"twitter:data2\" content=\"2 minutes\" \/>\n<script type=\"application\/ld+json\" class=\"yoast-schema-graph\">{\"@context\":\"https:\/\/schema.org\",\"@graph\":[{\"@type\":\"Article\",\"@id\":\"https:\/\/vieassociative.be\/actualites\/mon-affaire-amazon-preferee-de-la-journee-les-ecouteurs-sony-wh-1000xm6-avec-une-carte-cadeau-amazon-de-30\/#article\",\"isPartOf\":{\"@id\":\"https:\/\/vieassociative.be\/actualites\/mon-affaire-amazon-preferee-de-la-journee-les-ecouteurs-sony-wh-1000xm6-avec-une-carte-cadeau-amazon-de-30\/\"},\"author\":{\"name\":\"Julien\",\"@id\":\"https:\/\/vieassociative.be\/actualites\/#\/schema\/person\/b87ac4f82f9d4e7b7cec7395b679edc4\"},\"headline\":\"Mon affaire Amazon pr\u00e9f\u00e9r\u00e9e de la journ\u00e9e: les \u00e9couteurs Sony WH-1000XM6 avec une carte-cadeau Amazon de 30 $\",\"datePublished\":\"2025-06-23T01:19:05+00:00\",\"dateModified\":\"2025-06-23T01:19:05+00:00\",\"mainEntityOfPage\":{\"@id\":\"https:\/\/vieassociative.be\/actualites\/mon-affaire-amazon-preferee-de-la-journee-les-ecouteurs-sony-wh-1000xm6-avec-une-carte-cadeau-amazon-de-30\/\"},\"wordCount\":399,\"publisher\":{\"@id\":\"https:\/\/vieassociative.be\/actualites\/#organization\"},\"image\":{\"@id\":\"https:\/\/vieassociative.be\/actualites\/mon-affaire-amazon-preferee-de-la-journee-les-ecouteurs-sony-wh-1000xm6-avec-une-carte-cadeau-amazon-de-30\/#primaryimage\"},\"thumbnailUrl\":\"https:\/\/vieassociative.be\/actualites\/wp-content\/uploads\/2025\/06\/Mon-affaire-Amazon-preferee-de-la-journee-les-ecouteurs-Sony.png\",\"keywords\":[\"affaire\",\"Amazon\",\"avec\",\"cartecadeau\",\"\u00e9couteurs\",\"journ\u00e9e\",\"Les\",\"Mon\",\"pr\u00e9f\u00e9r\u00e9e\",\"Sony\",\"une\",\"WH1000XM6\"],\"articleSection\":[\"Technologie\"],\"inLanguage\":\"fr-BE\"},{\"@type\":\"WebPage\",\"@id\":\"https:\/\/vieassociative.be\/actualites\/mon-affaire-amazon-preferee-de-la-journee-les-ecouteurs-sony-wh-1000xm6-avec-une-carte-cadeau-amazon-de-30\/\",\"url\":\"https:\/\/vieassociative.be\/actualites\/mon-affaire-amazon-preferee-de-la-journee-les-ecouteurs-sony-wh-1000xm6-avec-une-carte-cadeau-amazon-de-30\/\",\"name\":\"Mon affaire Amazon pr\u00e9f\u00e9r\u00e9e de la journ\u00e9e: les \u00e9couteurs Sony WH-1000XM6 avec une carte-cadeau Amazon de 30 $ | Vie Associative\",\"isPartOf\":{\"@id\":\"https:\/\/vieassociative.be\/actualites\/#website\"},\"primaryImageOfPage\":{\"@id\":\"https:\/\/vieassociative.be\/actualites\/mon-affaire-amazon-preferee-de-la-journee-les-ecouteurs-sony-wh-1000xm6-avec-une-carte-cadeau-amazon-de-30\/#primaryimage\"},\"image\":{\"@id\":\"https:\/\/vieassociative.be\/actualites\/mon-affaire-amazon-preferee-de-la-journee-les-ecouteurs-sony-wh-1000xm6-avec-une-carte-cadeau-amazon-de-30\/#primaryimage\"},\"thumbnailUrl\":\"https:\/\/vieassociative.be\/actualites\/wp-content\/uploads\/2025\/06\/Mon-affaire-Amazon-preferee-de-la-journee-les-ecouteurs-Sony.png\",\"datePublished\":\"2025-06-23T01:19:05+00:00\",\"dateModified\":\"2025-06-23T01:19:05+00:00\",\"breadcrumb\":{\"@id\":\"https:\/\/vieassociative.be\/actualites\/mon-affaire-amazon-preferee-de-la-journee-les-ecouteurs-sony-wh-1000xm6-avec-une-carte-cadeau-amazon-de-30\/#breadcrumb\"},\"inLanguage\":\"fr-BE\",\"potentialAction\":[{\"@type\":\"ReadAction\",\"target\":[\"https:\/\/vieassociative.be\/actualites\/mon-affaire-amazon-preferee-de-la-journee-les-ecouteurs-sony-wh-1000xm6-avec-une-carte-cadeau-amazon-de-30\/\"]}]},{\"@type\":\"ImageObject\",\"inLanguage\":\"fr-BE\",\"@id\":\"https:\/\/vieassociative.be\/actualites\/mon-affaire-amazon-preferee-de-la-journee-les-ecouteurs-sony-wh-1000xm6-avec-une-carte-cadeau-amazon-de-30\/#primaryimage\",\"url\":\"https:\/\/vieassociative.be\/actualites\/wp-content\/uploads\/2025\/06\/Mon-affaire-Amazon-preferee-de-la-journee-les-ecouteurs-Sony.png\",\"contentUrl\":\"https:\/\/vieassociative.be\/actualites\/wp-content\/uploads\/2025\/06\/Mon-affaire-Amazon-preferee-de-la-journee-les-ecouteurs-Sony.png\",\"width\":1200,\"height\":675,\"caption\":\"Mon affaire Amazon pr\u00e9f\u00e9r\u00e9e de la journ\u00e9e: les \u00e9couteurs Sony WH-1000XM6 avec une carte-cadeau Amazon de 30 $\"},{\"@type\":\"BreadcrumbList\",\"@id\":\"https:\/\/vieassociative.be\/actualites\/mon-affaire-amazon-preferee-de-la-journee-les-ecouteurs-sony-wh-1000xm6-avec-une-carte-cadeau-amazon-de-30\/#breadcrumb\",\"itemListElement\":[{\"@type\":\"ListItem\",\"position\":1,\"name\":\"Accueil\",\"item\":\"https:\/\/vieassociative.be\/actualites\/\"},{\"@type\":\"ListItem\",\"position\":2,\"name\":\"Mon affaire Amazon pr\u00e9f\u00e9r\u00e9e de la journ\u00e9e: les \u00e9couteurs Sony WH-1000XM6 avec une carte-cadeau Amazon de 30 $\"}]},{\"@type\":\"WebSite\",\"@id\":\"https:\/\/vieassociative.be\/actualites\/#website\",\"url\":\"https:\/\/vieassociative.be\/actualites\/\",\"name\":\"Vie Associative\",\"description\":\"\",\"publisher\":{\"@id\":\"https:\/\/vieassociative.be\/actualites\/#organization\"},\"potentialAction\":[{\"@type\":\"SearchAction\",\"target\":{\"@type\":\"EntryPoint\",\"urlTemplate\":\"https:\/\/vieassociative.be\/actualites\/?s={search_term_string}\"},\"query-input\":{\"@type\":\"PropertyValueSpecification\",\"valueRequired\":true,\"valueName\":\"search_term_string\"}}],\"inLanguage\":\"fr-BE\"},{\"@type\":\"Organization\",\"@id\":\"https:\/\/vieassociative.be\/actualites\/#organization\",\"name\":\"Vie Associative\",\"url\":\"https:\/\/vieassociative.be\/actualites\/\",\"logo\":{\"@type\":\"ImageObject\",\"inLanguage\":\"fr-BE\",\"@id\":\"https:\/\/vieassociative.be\/actualites\/#\/schema\/logo\/image\/\",\"url\":\"https:\/\/vieassociative.be\/actualites\/wp-content\/uploads\/2024\/09\/cropped-vieassociative_favicon.ico.png\",\"contentUrl\":\"https:\/\/vieassociative.be\/actualites\/wp-content\/uploads\/2024\/09\/cropped-vieassociative_favicon.ico.png\",\"width\":512,\"height\":512,\"caption\":\"Vie Associative\"},\"image\":{\"@id\":\"https:\/\/vieassociative.be\/actualites\/#\/schema\/logo\/image\/\"}},{\"@type\":\"Person\",\"@id\":\"https:\/\/vieassociative.be\/actualites\/#\/schema\/person\/b87ac4f82f9d4e7b7cec7395b679edc4\",\"name\":\"Julien\",\"image\":{\"@type\":\"ImageObject\",\"inLanguage\":\"fr-BE\",\"@id\":\"https:\/\/vieassociative.be\/actualites\/#\/schema\/person\/image\/\",\"url\":\"https:\/\/vieassociative.be\/actualites\/wp-content\/uploads\/2024\/09\/vie-associative-1-150x150.jpg\",\"contentUrl\":\"https:\/\/vieassociative.be\/actualites\/wp-content\/uploads\/2024\/09\/vie-associative-1-150x150.jpg\",\"caption\":\"Julien\"},\"description\":\"Je suis Julien, r\u00e9dacteur pour Vie Associative. Passionn\u00e9 par le monde associatif depuis plus de 10 ans, j'ai \u00e0 c\u0153ur de partager des histoires inspirantes et de mettre en lumi\u00e8re les initiatives locales. Mon objectif est de sensibiliser et d'encourager l'engagement communautaire \u00e0 travers mes articles.\",\"sameAs\":[\"https:\/\/vieassociative.be\/\"]}]}<\/script>\n<!-- \/ Yoast SEO plugin. -->","yoast_head_json":{"title":"Mon affaire Amazon pr\u00e9f\u00e9r\u00e9e de la journ\u00e9e: les \u00e9couteurs Sony WH-1000XM6 avec une carte-cadeau Amazon de 30 $ | Vie Associative","robots":{"index":"index","follow":"follow","max-snippet":"max-snippet:-1","max-image-preview":"max-image-preview:large","max-video-preview":"max-video-preview:-1"},"canonical":"https:\/\/vieassociative.be\/actualites\/mon-affaire-amazon-preferee-de-la-journee-les-ecouteurs-sony-wh-1000xm6-avec-une-carte-cadeau-amazon-de-30\/","og_locale":"fr_FR","og_type":"article","og_title":"Mon affaire Amazon pr\u00e9f\u00e9r\u00e9e de la journ\u00e9e: les \u00e9couteurs Sony WH-1000XM6 avec une carte-cadeau Amazon de 30 $ | Vie Associative","og_description":"Vous pouvez obtenir les meilleurs \u00e9couteurs premium de 2025 avec une carte-cadeau Amazon de 30 $ incluse. Les Sony WH-1000XM6 sont les meilleurs \u00e9couteurs premium","og_url":"https:\/\/vieassociative.be\/actualites\/mon-affaire-amazon-preferee-de-la-journee-les-ecouteurs-sony-wh-1000xm6-avec-une-carte-cadeau-amazon-de-30\/","og_site_name":"Vie Associative","article_published_time":"2025-06-23T01:19:05+00:00","og_image":[{"url":"https:\/\/vieassociative.be\/actualites\/wp-content\/uploads\/2025\/06\/Mon-affaire-Amazon-preferee-de-la-journee-les-ecouteurs-Sony.svg.svg+xml","type":"","width":"","height":""}],"author":"Julien","twitter_card":"summary_large_image","twitter_misc":{"\u00c9crit par":"Julien","Dur\u00e9e de lecture est.":"2 minutes"},"schema":{"@context":"https:\/\/schema.org","@graph":[{"@type":"Article","@id":"https:\/\/vieassociative.be\/actualites\/mon-affaire-amazon-preferee-de-la-journee-les-ecouteurs-sony-wh-1000xm6-avec-une-carte-cadeau-amazon-de-30\/#article","isPartOf":{"@id":"https:\/\/vieassociative.be\/actualites\/mon-affaire-amazon-preferee-de-la-journee-les-ecouteurs-sony-wh-1000xm6-avec-une-carte-cadeau-amazon-de-30\/"},"author":{"name":"Julien","@id":"https:\/\/vieassociative.be\/actualites\/#\/schema\/person\/b87ac4f82f9d4e7b7cec7395b679edc4"},"headline":"Mon affaire Amazon pr\u00e9f\u00e9r\u00e9e de la journ\u00e9e: les \u00e9couteurs Sony WH-1000XM6 avec une carte-cadeau Amazon de 30 $","datePublished":"2025-06-23T01:19:05+00:00","dateModified":"2025-06-23T01:19:05+00:00","mainEntityOfPage":{"@id":"https:\/\/vieassociative.be\/actualites\/mon-affaire-amazon-preferee-de-la-journee-les-ecouteurs-sony-wh-1000xm6-avec-une-carte-cadeau-amazon-de-30\/"},"wordCount":399,"publisher":{"@id":"https:\/\/vieassociative.be\/actualites\/#organization"},"image":{"@id":"https:\/\/vieassociative.be\/actualites\/mon-affaire-amazon-preferee-de-la-journee-les-ecouteurs-sony-wh-1000xm6-avec-une-carte-cadeau-amazon-de-30\/#primaryimage"},"thumbnailUrl":"https:\/\/vieassociative.be\/actualites\/wp-content\/uploads\/2025\/06\/Mon-affaire-Amazon-preferee-de-la-journee-les-ecouteurs-Sony.png","keywords":["affaire","Amazon","avec","cartecadeau","\u00e9couteurs","journ\u00e9e","Les","Mon","pr\u00e9f\u00e9r\u00e9e","Sony","une","WH1000XM6"],"articleSection":["Technologie"],"inLanguage":"fr-BE"},{"@type":"WebPage","@id":"https:\/\/vieassociative.be\/actualites\/mon-affaire-amazon-preferee-de-la-journee-les-ecouteurs-sony-wh-1000xm6-avec-une-carte-cadeau-amazon-de-30\/","url":"https:\/\/vieassociative.be\/actualites\/mon-affaire-amazon-preferee-de-la-journee-les-ecouteurs-sony-wh-1000xm6-avec-une-carte-cadeau-amazon-de-30\/","name":"Mon affaire Amazon pr\u00e9f\u00e9r\u00e9e de la journ\u00e9e: les \u00e9couteurs Sony WH-1000XM6 avec une carte-cadeau Amazon de 30 $ | Vie Associative","isPartOf":{"@id":"https:\/\/vieassociative.be\/actualites\/#website"},"primaryImageOfPage":{"@id":"https:\/\/vieassociative.be\/actualites\/mon-affaire-amazon-preferee-de-la-journee-les-ecouteurs-sony-wh-1000xm6-avec-une-carte-cadeau-amazon-de-30\/#primaryimage"},"image":{"@id":"https:\/\/vieassociative.be\/actualites\/mon-affaire-amazon-preferee-de-la-journee-les-ecouteurs-sony-wh-1000xm6-avec-une-carte-cadeau-amazon-de-30\/#primaryimage"},"thumbnailUrl":"https:\/\/vieassociative.be\/actualites\/wp-content\/uploads\/2025\/06\/Mon-affaire-Amazon-preferee-de-la-journee-les-ecouteurs-Sony.png","datePublished":"2025-06-23T01:19:05+00:00","dateModified":"2025-06-23T01:19:05+00:00","breadcrumb":{"@id":"https:\/\/vieassociative.be\/actualites\/mon-affaire-amazon-preferee-de-la-journee-les-ecouteurs-sony-wh-1000xm6-avec-une-carte-cadeau-amazon-de-30\/#breadcrumb"},"inLanguage":"fr-BE","potentialAction":[{"@type":"ReadAction","target":["https:\/\/vieassociative.be\/actualites\/mon-affaire-amazon-preferee-de-la-journee-les-ecouteurs-sony-wh-1000xm6-avec-une-carte-cadeau-amazon-de-30\/"]}]},{"@type":"ImageObject","inLanguage":"fr-BE","@id":"https:\/\/vieassociative.be\/actualites\/mon-affaire-amazon-preferee-de-la-journee-les-ecouteurs-sony-wh-1000xm6-avec-une-carte-cadeau-amazon-de-30\/#primaryimage","url":"https:\/\/vieassociative.be\/actualites\/wp-content\/uploads\/2025\/06\/Mon-affaire-Amazon-preferee-de-la-journee-les-ecouteurs-Sony.png","contentUrl":"https:\/\/vieassociative.be\/actualites\/wp-content\/uploads\/2025\/06\/Mon-affaire-Amazon-preferee-de-la-journee-les-ecouteurs-Sony.png","width":1200,"height":675,"caption":"Mon affaire Amazon pr\u00e9f\u00e9r\u00e9e de la journ\u00e9e: les \u00e9couteurs Sony WH-1000XM6 avec une carte-cadeau Amazon de 30 $"},{"@type":"BreadcrumbList","@id":"https:\/\/vieassociative.be\/actualites\/mon-affaire-amazon-preferee-de-la-journee-les-ecouteurs-sony-wh-1000xm6-avec-une-carte-cadeau-amazon-de-30\/#breadcrumb","itemListElement":[{"@type":"ListItem","position":1,"name":"Accueil","item":"https:\/\/vieassociative.be\/actualites\/"},{"@type":"ListItem","position":2,"name":"Mon affaire Amazon pr\u00e9f\u00e9r\u00e9e de la journ\u00e9e: les \u00e9couteurs Sony WH-1000XM6 avec une carte-cadeau Amazon de 30 $"}]},{"@type":"WebSite","@id":"https:\/\/vieassociative.be\/actualites\/#website","url":"https:\/\/vieassociative.be\/actualites\/","name":"Vie Associative","description":"","publisher":{"@id":"https:\/\/vieassociative.be\/actualites\/#organization"},"potentialAction":[{"@type":"SearchAction","target":{"@type":"EntryPoint","urlTemplate":"https:\/\/vieassociative.be\/actualites\/?s={search_term_string}"},"query-input":{"@type":"PropertyValueSpecification","valueRequired":true,"valueName":"search_term_string"}}],"inLanguage":"fr-BE"},{"@type":"Organization","@id":"https:\/\/vieassociative.be\/actualites\/#organization","name":"Vie Associative","url":"https:\/\/vieassociative.be\/actualites\/","logo":{"@type":"ImageObject","inLanguage":"fr-BE","@id":"https:\/\/vieassociative.be\/actualites\/#\/schema\/logo\/image\/","url":"https:\/\/vieassociative.be\/actualites\/wp-content\/uploads\/2024\/09\/cropped-vieassociative_favicon.ico.png","contentUrl":"https:\/\/vieassociative.be\/actualites\/wp-content\/uploads\/2024\/09\/cropped-vieassociative_favicon.ico.png","width":512,"height":512,"caption":"Vie Associative"},"image":{"@id":"https:\/\/vieassociative.be\/actualites\/#\/schema\/logo\/image\/"}},{"@type":"Person","@id":"https:\/\/vieassociative.be\/actualites\/#\/schema\/person\/b87ac4f82f9d4e7b7cec7395b679edc4","name":"Julien","image":{"@type":"ImageObject","inLanguage":"fr-BE","@id":"https:\/\/vieassociative.be\/actualites\/#\/schema\/person\/image\/","url":"https:\/\/vieassociative.be\/actualites\/wp-content\/uploads\/2024\/09\/vie-associative-1-150x150.jpg","contentUrl":"https:\/\/vieassociative.be\/actualites\/wp-content\/uploads\/2024\/09\/vie-associative-1-150x150.jpg","caption":"Julien"},"description":"Je suis Julien, r\u00e9dacteur pour Vie Associative. Passionn\u00e9 par le monde associatif depuis plus de 10 ans, j'ai \u00e0 c\u0153ur de partager des histoires inspirantes et de mettre en lumi\u00e8re les initiatives locales. Mon objectif est de sensibiliser et d'encourager l'engagement communautaire \u00e0 travers mes articles.","sameAs":["https:\/\/vieassociative.be\/"]}]}},"_links":{"self":[{"href":"https:\/\/vieassociative.be\/actualites\/wp-json\/wp\/v2\/posts\/8331"}],"collection":[{"href":"https:\/\/vieassociative.be\/actualites\/wp-json\/wp\/v2\/posts"}],"about":[{"href":"https:\/\/vieassociative.be\/actualites\/wp-json\/wp\/v2\/types\/post"}],"author":[{"embeddable":true,"href":"https:\/\/vieassociative.be\/actualites\/wp-json\/wp\/v2\/users\/1"}],"replies":[{"embeddable":true,"href":"https:\/\/vieassociative.be\/actualites\/wp-json\/wp\/v2\/comments?post=8331"}],"version-history":[{"count":0,"href":"https:\/\/vieassociative.be\/actualites\/wp-json\/wp\/v2\/posts\/8331\/revisions"}],"wp:featuredmedia":[{"embeddable":true,"href":"https:\/\/vieassociative.be\/actualites\/wp-json\/wp\/v2\/media\/8332"}],"wp:attachment":[{"href":"https:\/\/vieassociative.be\/actualites\/wp-json\/wp\/v2\/media?parent=8331"}],"wp:term":[{"taxonomy":"category","embeddable":true,"href":"https:\/\/vieassociative.be\/actualites\/wp-json\/wp\/v2\/categories?post=8331"},{"taxonomy":"post_tag","embeddable":true,"href":"https:\/\/vieassociative.be\/actualites\/wp-json\/wp\/v2\/tags?post=8331"}],"curies":[{"name":"wp","href":"https:\/\/api.w.org\/{rel}","templated":true}]}}