{"id":8329,"date":"2025-06-22T22:17:35","date_gmt":"2025-06-22T20:17:35","guid":{"rendered":"https:\/\/vieassociative.be\/actualites\/dance-sports-club-dance-feet-kelmis-recoit-laiguille-sportive-argentee-de-la-communaute-pour-le-joueur-de-25-ans-lors-du-gala-anniversaire\/"},"modified":"2025-06-22T22:17:35","modified_gmt":"2025-06-22T20:17:35","slug":"dance-sports-club-dance-feet-kelmis-recoit-laiguille-sportive-argentee-de-la-communaute-pour-le-joueur-de-25-ans-lors-du-gala-anniversaire","status":"publish","type":"post","link":"https:\/\/vieassociative.be\/actualites\/dance-sports-club-dance-feet-kelmis-recoit-laiguille-sportive-argentee-de-la-communaute-pour-le-joueur-de-25-ans-lors-du-gala-anniversaire\/","title":{"rendered":"Dance Sports Club Dance Feet Kelmis re\u00e7oit l&rsquo;aiguille sportive argent\u00e9e de la communaut\u00e9 pour le joueur de 25 ans lors du gala anniversaire"},"content":{"rendered":"<p><strong>Samedi soir, le TSC Dance Feet Kelmis Dance Sports Club a c\u00e9l\u00e9br\u00e9 son 25e anniversaire dans le cadre d&rsquo;un gala d&rsquo;anniversaire festif.<\/strong><\/p>\n<p><span id=\"more-418354\"><\/span>Pendant un quart de si\u00e8cle, l&rsquo;association a enrichi la vie sportive et culturelle \u00e0 Kelmis &#8211; avec des chor\u00e9graphies impressionnantes, de nombreux succ\u00e8s dans les comp\u00e9titions et un engagement exemplaire dans les jeunes talents.<\/p>\n<p>En reconnaissance de ce travail de longue date, la municipalit\u00e9 de Kelmis a pr\u00e9sent\u00e9 l&rsquo;association l&rsquo;aiguille de sports d&rsquo;argent dans un cadre solennel.<\/p>\n<p>Bj\u00f6rn Klinkenberg, le premier juge la\u00efque de la municipalit\u00e9 de Kelmis, a salu\u00e9 l&rsquo;engagement de l&rsquo;association dans son discours: \u00ab\u00a0TSC Dance Feet signifie une passion, l&rsquo;esprit d&rsquo;\u00e9quipe et la pers\u00e9v\u00e9rance &#8211; sur et hors de la piste de danse. Depuis 25 ans, le club est une t\u00eate de figure pour les sports de danse dans notre communaut\u00e9 et loin.<\/p>\n","protected":false},"excerpt":{"rendered":"<p>Samedi soir, le TSC Dance Feet Kelmis Dance Sports Club a c\u00e9l\u00e9br\u00e9 son 25e anniversaire dans le cadre d&rsquo;un gala d&rsquo;anniversaire festif. Pendant un quart<\/p>\n","protected":false},"author":1,"featured_media":8330,"comment_status":"","ping_status":"","sticky":false,"template":"","format":"standard","meta":{"footnotes":""},"categories":[298],"tags":[4086,584,7508,269,5889,7504,7505,4075,915,3719,7506,353,81,4129,7507,5207],"class_list":["post-8329","post","type-post","status-publish","format-standard","has-post-thumbnail","hentry","category-belgique","tag-anniversaire","tag-ans","tag-argentee","tag-club","tag-communaute","tag-dance","tag-feet","tag-gala","tag-joueur","tag-kelmis","tag-laiguille","tag-lors","tag-pour","tag-recoit","tag-sportive","tag-sports","generate-columns","tablet-grid-50","mobile-grid-100","grid-parent","grid-33"],"yoast_head":"<!-- This site is optimized with the Yoast SEO plugin v24.0 - https:\/\/yoast.com\/wordpress\/plugins\/seo\/ -->\n<title>Dance Sports Club Dance Feet Kelmis re\u00e7oit l&#039;aiguille sportive argent\u00e9e de la communaut\u00e9 pour le joueur de 25 ans lors du gala anniversaire | Vie Associative<\/title>\n<meta name=\"robots\" content=\"index, follow, max-snippet:-1, max-image-preview:large, max-video-preview:-1\" \/>\n<link rel=\"canonical\" href=\"https:\/\/vieassociative.be\/actualites\/dance-sports-club-dance-feet-kelmis-recoit-laiguille-sportive-argentee-de-la-communaute-pour-le-joueur-de-25-ans-lors-du-gala-anniversaire\/\" \/>\n<meta property=\"og:locale\" content=\"fr_FR\" \/>\n<meta property=\"og:type\" content=\"article\" \/>\n<meta property=\"og:title\" content=\"Dance Sports Club Dance Feet Kelmis re\u00e7oit l&#039;aiguille sportive argent\u00e9e de la communaut\u00e9 pour le joueur de 25 ans lors du gala anniversaire | Vie Associative\" \/>\n<meta property=\"og:description\" content=\"Samedi soir, le TSC Dance Feet Kelmis Dance Sports Club a c\u00e9l\u00e9br\u00e9 son 25e anniversaire dans le cadre d&rsquo;un gala d&rsquo;anniversaire festif. Pendant un quart\" \/>\n<meta property=\"og:url\" content=\"https:\/\/vieassociative.be\/actualites\/dance-sports-club-dance-feet-kelmis-recoit-laiguille-sportive-argentee-de-la-communaute-pour-le-joueur-de-25-ans-lors-du-gala-anniversaire\/\" \/>\n<meta property=\"og:site_name\" content=\"Vie Associative\" \/>\n<meta property=\"article:published_time\" content=\"2025-06-22T20:17:35+00:00\" \/>\n<meta property=\"og:image\" content=\"https:\/\/vieassociative.be\/actualites\/wp-content\/uploads\/2024\/09\/header_backgroundk-01-e1726694325946.png\" \/>\n\t<meta property=\"og:image:width\" content=\"279\" \/>\n\t<meta property=\"og:image:height\" content=\"92\" \/>\n\t<meta property=\"og:image:type\" content=\"image\/png\" \/>\n<meta name=\"author\" content=\"Julien\" \/>\n<meta name=\"twitter:card\" content=\"summary_large_image\" \/>\n<meta name=\"twitter:label1\" content=\"\u00c9crit par\" \/>\n\t<meta name=\"twitter:data1\" content=\"Julien\" \/>\n\t<meta name=\"twitter:label2\" content=\"Dur\u00e9e de lecture est.\" \/>\n\t<meta name=\"twitter:data2\" content=\"1 minute\" \/>\n<script type=\"application\/ld+json\" class=\"yoast-schema-graph\">{\"@context\":\"https:\/\/schema.org\",\"@graph\":[{\"@type\":\"Article\",\"@id\":\"https:\/\/vieassociative.be\/actualites\/dance-sports-club-dance-feet-kelmis-recoit-laiguille-sportive-argentee-de-la-communaute-pour-le-joueur-de-25-ans-lors-du-gala-anniversaire\/#article\",\"isPartOf\":{\"@id\":\"https:\/\/vieassociative.be\/actualites\/dance-sports-club-dance-feet-kelmis-recoit-laiguille-sportive-argentee-de-la-communaute-pour-le-joueur-de-25-ans-lors-du-gala-anniversaire\/\"},\"author\":{\"name\":\"Julien\",\"@id\":\"https:\/\/vieassociative.be\/actualites\/#\/schema\/person\/b87ac4f82f9d4e7b7cec7395b679edc4\"},\"headline\":\"Dance Sports Club Dance Feet Kelmis re\u00e7oit l&rsquo;aiguille sportive argent\u00e9e de la communaut\u00e9 pour le joueur de 25 ans lors du gala anniversaire\",\"datePublished\":\"2025-06-22T20:17:35+00:00\",\"dateModified\":\"2025-06-22T20:17:35+00:00\",\"mainEntityOfPage\":{\"@id\":\"https:\/\/vieassociative.be\/actualites\/dance-sports-club-dance-feet-kelmis-recoit-laiguille-sportive-argentee-de-la-communaute-pour-le-joueur-de-25-ans-lors-du-gala-anniversaire\/\"},\"wordCount\":183,\"publisher\":{\"@id\":\"https:\/\/vieassociative.be\/actualites\/#organization\"},\"image\":{\"@id\":\"https:\/\/vieassociative.be\/actualites\/dance-sports-club-dance-feet-kelmis-recoit-laiguille-sportive-argentee-de-la-communaute-pour-le-joueur-de-25-ans-lors-du-gala-anniversaire\/#primaryimage\"},\"thumbnailUrl\":\"https:\/\/vieassociative.be\/actualites\/wp-content\/uploads\/2025\/06\/Dance-Sports-Club-Dance-Feet-Kelmis-recoit-laiguille-sportive-argentee.jpg\",\"keywords\":[\"anniversaire\",\"ans\",\"argent\u00e9e\",\"Club\",\"communaut\u00e9\",\"Dance\",\"Feet\",\"Gala\",\"joueur\",\"Kelmis\",\"laiguille\",\"lors\",\"pour\",\"re\u00e7oit\",\"sportive\",\"sports\"],\"articleSection\":[\"Belgique\"],\"inLanguage\":\"fr-BE\"},{\"@type\":\"WebPage\",\"@id\":\"https:\/\/vieassociative.be\/actualites\/dance-sports-club-dance-feet-kelmis-recoit-laiguille-sportive-argentee-de-la-communaute-pour-le-joueur-de-25-ans-lors-du-gala-anniversaire\/\",\"url\":\"https:\/\/vieassociative.be\/actualites\/dance-sports-club-dance-feet-kelmis-recoit-laiguille-sportive-argentee-de-la-communaute-pour-le-joueur-de-25-ans-lors-du-gala-anniversaire\/\",\"name\":\"Dance Sports Club Dance Feet Kelmis re\u00e7oit l'aiguille sportive argent\u00e9e de la communaut\u00e9 pour le joueur de 25 ans lors du gala anniversaire | Vie Associative\",\"isPartOf\":{\"@id\":\"https:\/\/vieassociative.be\/actualites\/#website\"},\"primaryImageOfPage\":{\"@id\":\"https:\/\/vieassociative.be\/actualites\/dance-sports-club-dance-feet-kelmis-recoit-laiguille-sportive-argentee-de-la-communaute-pour-le-joueur-de-25-ans-lors-du-gala-anniversaire\/#primaryimage\"},\"image\":{\"@id\":\"https:\/\/vieassociative.be\/actualites\/dance-sports-club-dance-feet-kelmis-recoit-laiguille-sportive-argentee-de-la-communaute-pour-le-joueur-de-25-ans-lors-du-gala-anniversaire\/#primaryimage\"},\"thumbnailUrl\":\"https:\/\/vieassociative.be\/actualites\/wp-content\/uploads\/2025\/06\/Dance-Sports-Club-Dance-Feet-Kelmis-recoit-laiguille-sportive-argentee.jpg\",\"datePublished\":\"2025-06-22T20:17:35+00:00\",\"dateModified\":\"2025-06-22T20:17:35+00:00\",\"breadcrumb\":{\"@id\":\"https:\/\/vieassociative.be\/actualites\/dance-sports-club-dance-feet-kelmis-recoit-laiguille-sportive-argentee-de-la-communaute-pour-le-joueur-de-25-ans-lors-du-gala-anniversaire\/#breadcrumb\"},\"inLanguage\":\"fr-BE\",\"potentialAction\":[{\"@type\":\"ReadAction\",\"target\":[\"https:\/\/vieassociative.be\/actualites\/dance-sports-club-dance-feet-kelmis-recoit-laiguille-sportive-argentee-de-la-communaute-pour-le-joueur-de-25-ans-lors-du-gala-anniversaire\/\"]}]},{\"@type\":\"ImageObject\",\"inLanguage\":\"fr-BE\",\"@id\":\"https:\/\/vieassociative.be\/actualites\/dance-sports-club-dance-feet-kelmis-recoit-laiguille-sportive-argentee-de-la-communaute-pour-le-joueur-de-25-ans-lors-du-gala-anniversaire\/#primaryimage\",\"url\":\"https:\/\/vieassociative.be\/actualites\/wp-content\/uploads\/2025\/06\/Dance-Sports-Club-Dance-Feet-Kelmis-recoit-laiguille-sportive-argentee.jpg\",\"contentUrl\":\"https:\/\/vieassociative.be\/actualites\/wp-content\/uploads\/2025\/06\/Dance-Sports-Club-Dance-Feet-Kelmis-recoit-laiguille-sportive-argentee.jpg\",\"width\":1200,\"height\":800,\"caption\":\"Dance Sports Club Dance Feet Kelmis re\u00e7oit l'aiguille sportive argent\u00e9e de la communaut\u00e9 pour le joueur de 25 ans lors du gala anniversaire\"},{\"@type\":\"BreadcrumbList\",\"@id\":\"https:\/\/vieassociative.be\/actualites\/dance-sports-club-dance-feet-kelmis-recoit-laiguille-sportive-argentee-de-la-communaute-pour-le-joueur-de-25-ans-lors-du-gala-anniversaire\/#breadcrumb\",\"itemListElement\":[{\"@type\":\"ListItem\",\"position\":1,\"name\":\"Accueil\",\"item\":\"https:\/\/vieassociative.be\/actualites\/\"},{\"@type\":\"ListItem\",\"position\":2,\"name\":\"Dance Sports Club Dance Feet Kelmis re\u00e7oit l&rsquo;aiguille sportive argent\u00e9e de la communaut\u00e9 pour le joueur de 25 ans lors du gala anniversaire\"}]},{\"@type\":\"WebSite\",\"@id\":\"https:\/\/vieassociative.be\/actualites\/#website\",\"url\":\"https:\/\/vieassociative.be\/actualites\/\",\"name\":\"Vie Associative\",\"description\":\"\",\"publisher\":{\"@id\":\"https:\/\/vieassociative.be\/actualites\/#organization\"},\"potentialAction\":[{\"@type\":\"SearchAction\",\"target\":{\"@type\":\"EntryPoint\",\"urlTemplate\":\"https:\/\/vieassociative.be\/actualites\/?s={search_term_string}\"},\"query-input\":{\"@type\":\"PropertyValueSpecification\",\"valueRequired\":true,\"valueName\":\"search_term_string\"}}],\"inLanguage\":\"fr-BE\"},{\"@type\":\"Organization\",\"@id\":\"https:\/\/vieassociative.be\/actualites\/#organization\",\"name\":\"Vie Associative\",\"url\":\"https:\/\/vieassociative.be\/actualites\/\",\"logo\":{\"@type\":\"ImageObject\",\"inLanguage\":\"fr-BE\",\"@id\":\"https:\/\/vieassociative.be\/actualites\/#\/schema\/logo\/image\/\",\"url\":\"https:\/\/vieassociative.be\/actualites\/wp-content\/uploads\/2024\/09\/cropped-vieassociative_favicon.ico.png\",\"contentUrl\":\"https:\/\/vieassociative.be\/actualites\/wp-content\/uploads\/2024\/09\/cropped-vieassociative_favicon.ico.png\",\"width\":512,\"height\":512,\"caption\":\"Vie Associative\"},\"image\":{\"@id\":\"https:\/\/vieassociative.be\/actualites\/#\/schema\/logo\/image\/\"}},{\"@type\":\"Person\",\"@id\":\"https:\/\/vieassociative.be\/actualites\/#\/schema\/person\/b87ac4f82f9d4e7b7cec7395b679edc4\",\"name\":\"Julien\",\"image\":{\"@type\":\"ImageObject\",\"inLanguage\":\"fr-BE\",\"@id\":\"https:\/\/vieassociative.be\/actualites\/#\/schema\/person\/image\/\",\"url\":\"https:\/\/vieassociative.be\/actualites\/wp-content\/uploads\/2024\/09\/vie-associative-1-150x150.jpg\",\"contentUrl\":\"https:\/\/vieassociative.be\/actualites\/wp-content\/uploads\/2024\/09\/vie-associative-1-150x150.jpg\",\"caption\":\"Julien\"},\"description\":\"Je suis Julien, r\u00e9dacteur pour Vie Associative. Passionn\u00e9 par le monde associatif depuis plus de 10 ans, j'ai \u00e0 c\u0153ur de partager des histoires inspirantes et de mettre en lumi\u00e8re les initiatives locales. Mon objectif est de sensibiliser et d'encourager l'engagement communautaire \u00e0 travers mes articles.\",\"sameAs\":[\"https:\/\/vieassociative.be\/\"]}]}<\/script>\n<!-- \/ Yoast SEO plugin. -->","yoast_head_json":{"title":"Dance Sports Club Dance Feet Kelmis re\u00e7oit l'aiguille sportive argent\u00e9e de la communaut\u00e9 pour le joueur de 25 ans lors du gala anniversaire | Vie Associative","robots":{"index":"index","follow":"follow","max-snippet":"max-snippet:-1","max-image-preview":"max-image-preview:large","max-video-preview":"max-video-preview:-1"},"canonical":"https:\/\/vieassociative.be\/actualites\/dance-sports-club-dance-feet-kelmis-recoit-laiguille-sportive-argentee-de-la-communaute-pour-le-joueur-de-25-ans-lors-du-gala-anniversaire\/","og_locale":"fr_FR","og_type":"article","og_title":"Dance Sports Club Dance Feet Kelmis re\u00e7oit l'aiguille sportive argent\u00e9e de la communaut\u00e9 pour le joueur de 25 ans lors du gala anniversaire | Vie Associative","og_description":"Samedi soir, le TSC Dance Feet Kelmis Dance Sports Club a c\u00e9l\u00e9br\u00e9 son 25e anniversaire dans le cadre d&rsquo;un gala d&rsquo;anniversaire festif. Pendant un quart","og_url":"https:\/\/vieassociative.be\/actualites\/dance-sports-club-dance-feet-kelmis-recoit-laiguille-sportive-argentee-de-la-communaute-pour-le-joueur-de-25-ans-lors-du-gala-anniversaire\/","og_site_name":"Vie Associative","article_published_time":"2025-06-22T20:17:35+00:00","og_image":[{"width":279,"height":92,"url":"https:\/\/vieassociative.be\/actualites\/wp-content\/uploads\/2024\/09\/header_backgroundk-01-e1726694325946.png","type":"image\/png"}],"author":"Julien","twitter_card":"summary_large_image","twitter_misc":{"\u00c9crit par":"Julien","Dur\u00e9e de lecture est.":"1 minute"},"schema":{"@context":"https:\/\/schema.org","@graph":[{"@type":"Article","@id":"https:\/\/vieassociative.be\/actualites\/dance-sports-club-dance-feet-kelmis-recoit-laiguille-sportive-argentee-de-la-communaute-pour-le-joueur-de-25-ans-lors-du-gala-anniversaire\/#article","isPartOf":{"@id":"https:\/\/vieassociative.be\/actualites\/dance-sports-club-dance-feet-kelmis-recoit-laiguille-sportive-argentee-de-la-communaute-pour-le-joueur-de-25-ans-lors-du-gala-anniversaire\/"},"author":{"name":"Julien","@id":"https:\/\/vieassociative.be\/actualites\/#\/schema\/person\/b87ac4f82f9d4e7b7cec7395b679edc4"},"headline":"Dance Sports Club Dance Feet Kelmis re\u00e7oit l&rsquo;aiguille sportive argent\u00e9e de la communaut\u00e9 pour le joueur de 25 ans lors du gala anniversaire","datePublished":"2025-06-22T20:17:35+00:00","dateModified":"2025-06-22T20:17:35+00:00","mainEntityOfPage":{"@id":"https:\/\/vieassociative.be\/actualites\/dance-sports-club-dance-feet-kelmis-recoit-laiguille-sportive-argentee-de-la-communaute-pour-le-joueur-de-25-ans-lors-du-gala-anniversaire\/"},"wordCount":183,"publisher":{"@id":"https:\/\/vieassociative.be\/actualites\/#organization"},"image":{"@id":"https:\/\/vieassociative.be\/actualites\/dance-sports-club-dance-feet-kelmis-recoit-laiguille-sportive-argentee-de-la-communaute-pour-le-joueur-de-25-ans-lors-du-gala-anniversaire\/#primaryimage"},"thumbnailUrl":"https:\/\/vieassociative.be\/actualites\/wp-content\/uploads\/2025\/06\/Dance-Sports-Club-Dance-Feet-Kelmis-recoit-laiguille-sportive-argentee.jpg","keywords":["anniversaire","ans","argent\u00e9e","Club","communaut\u00e9","Dance","Feet","Gala","joueur","Kelmis","laiguille","lors","pour","re\u00e7oit","sportive","sports"],"articleSection":["Belgique"],"inLanguage":"fr-BE"},{"@type":"WebPage","@id":"https:\/\/vieassociative.be\/actualites\/dance-sports-club-dance-feet-kelmis-recoit-laiguille-sportive-argentee-de-la-communaute-pour-le-joueur-de-25-ans-lors-du-gala-anniversaire\/","url":"https:\/\/vieassociative.be\/actualites\/dance-sports-club-dance-feet-kelmis-recoit-laiguille-sportive-argentee-de-la-communaute-pour-le-joueur-de-25-ans-lors-du-gala-anniversaire\/","name":"Dance Sports Club Dance Feet Kelmis re\u00e7oit l'aiguille sportive argent\u00e9e de la communaut\u00e9 pour le joueur de 25 ans lors du gala anniversaire | Vie Associative","isPartOf":{"@id":"https:\/\/vieassociative.be\/actualites\/#website"},"primaryImageOfPage":{"@id":"https:\/\/vieassociative.be\/actualites\/dance-sports-club-dance-feet-kelmis-recoit-laiguille-sportive-argentee-de-la-communaute-pour-le-joueur-de-25-ans-lors-du-gala-anniversaire\/#primaryimage"},"image":{"@id":"https:\/\/vieassociative.be\/actualites\/dance-sports-club-dance-feet-kelmis-recoit-laiguille-sportive-argentee-de-la-communaute-pour-le-joueur-de-25-ans-lors-du-gala-anniversaire\/#primaryimage"},"thumbnailUrl":"https:\/\/vieassociative.be\/actualites\/wp-content\/uploads\/2025\/06\/Dance-Sports-Club-Dance-Feet-Kelmis-recoit-laiguille-sportive-argentee.jpg","datePublished":"2025-06-22T20:17:35+00:00","dateModified":"2025-06-22T20:17:35+00:00","breadcrumb":{"@id":"https:\/\/vieassociative.be\/actualites\/dance-sports-club-dance-feet-kelmis-recoit-laiguille-sportive-argentee-de-la-communaute-pour-le-joueur-de-25-ans-lors-du-gala-anniversaire\/#breadcrumb"},"inLanguage":"fr-BE","potentialAction":[{"@type":"ReadAction","target":["https:\/\/vieassociative.be\/actualites\/dance-sports-club-dance-feet-kelmis-recoit-laiguille-sportive-argentee-de-la-communaute-pour-le-joueur-de-25-ans-lors-du-gala-anniversaire\/"]}]},{"@type":"ImageObject","inLanguage":"fr-BE","@id":"https:\/\/vieassociative.be\/actualites\/dance-sports-club-dance-feet-kelmis-recoit-laiguille-sportive-argentee-de-la-communaute-pour-le-joueur-de-25-ans-lors-du-gala-anniversaire\/#primaryimage","url":"https:\/\/vieassociative.be\/actualites\/wp-content\/uploads\/2025\/06\/Dance-Sports-Club-Dance-Feet-Kelmis-recoit-laiguille-sportive-argentee.jpg","contentUrl":"https:\/\/vieassociative.be\/actualites\/wp-content\/uploads\/2025\/06\/Dance-Sports-Club-Dance-Feet-Kelmis-recoit-laiguille-sportive-argentee.jpg","width":1200,"height":800,"caption":"Dance Sports Club Dance Feet Kelmis re\u00e7oit l'aiguille sportive argent\u00e9e de la communaut\u00e9 pour le joueur de 25 ans lors du gala anniversaire"},{"@type":"BreadcrumbList","@id":"https:\/\/vieassociative.be\/actualites\/dance-sports-club-dance-feet-kelmis-recoit-laiguille-sportive-argentee-de-la-communaute-pour-le-joueur-de-25-ans-lors-du-gala-anniversaire\/#breadcrumb","itemListElement":[{"@type":"ListItem","position":1,"name":"Accueil","item":"https:\/\/vieassociative.be\/actualites\/"},{"@type":"ListItem","position":2,"name":"Dance Sports Club Dance Feet Kelmis re\u00e7oit l&rsquo;aiguille sportive argent\u00e9e de la communaut\u00e9 pour le joueur de 25 ans lors du gala anniversaire"}]},{"@type":"WebSite","@id":"https:\/\/vieassociative.be\/actualites\/#website","url":"https:\/\/vieassociative.be\/actualites\/","name":"Vie Associative","description":"","publisher":{"@id":"https:\/\/vieassociative.be\/actualites\/#organization"},"potentialAction":[{"@type":"SearchAction","target":{"@type":"EntryPoint","urlTemplate":"https:\/\/vieassociative.be\/actualites\/?s={search_term_string}"},"query-input":{"@type":"PropertyValueSpecification","valueRequired":true,"valueName":"search_term_string"}}],"inLanguage":"fr-BE"},{"@type":"Organization","@id":"https:\/\/vieassociative.be\/actualites\/#organization","name":"Vie Associative","url":"https:\/\/vieassociative.be\/actualites\/","logo":{"@type":"ImageObject","inLanguage":"fr-BE","@id":"https:\/\/vieassociative.be\/actualites\/#\/schema\/logo\/image\/","url":"https:\/\/vieassociative.be\/actualites\/wp-content\/uploads\/2024\/09\/cropped-vieassociative_favicon.ico.png","contentUrl":"https:\/\/vieassociative.be\/actualites\/wp-content\/uploads\/2024\/09\/cropped-vieassociative_favicon.ico.png","width":512,"height":512,"caption":"Vie Associative"},"image":{"@id":"https:\/\/vieassociative.be\/actualites\/#\/schema\/logo\/image\/"}},{"@type":"Person","@id":"https:\/\/vieassociative.be\/actualites\/#\/schema\/person\/b87ac4f82f9d4e7b7cec7395b679edc4","name":"Julien","image":{"@type":"ImageObject","inLanguage":"fr-BE","@id":"https:\/\/vieassociative.be\/actualites\/#\/schema\/person\/image\/","url":"https:\/\/vieassociative.be\/actualites\/wp-content\/uploads\/2024\/09\/vie-associative-1-150x150.jpg","contentUrl":"https:\/\/vieassociative.be\/actualites\/wp-content\/uploads\/2024\/09\/vie-associative-1-150x150.jpg","caption":"Julien"},"description":"Je suis Julien, r\u00e9dacteur pour Vie Associative. Passionn\u00e9 par le monde associatif depuis plus de 10 ans, j'ai \u00e0 c\u0153ur de partager des histoires inspirantes et de mettre en lumi\u00e8re les initiatives locales. Mon objectif est de sensibiliser et d'encourager l'engagement communautaire \u00e0 travers mes articles.","sameAs":["https:\/\/vieassociative.be\/"]}]}},"_links":{"self":[{"href":"https:\/\/vieassociative.be\/actualites\/wp-json\/wp\/v2\/posts\/8329"}],"collection":[{"href":"https:\/\/vieassociative.be\/actualites\/wp-json\/wp\/v2\/posts"}],"about":[{"href":"https:\/\/vieassociative.be\/actualites\/wp-json\/wp\/v2\/types\/post"}],"author":[{"embeddable":true,"href":"https:\/\/vieassociative.be\/actualites\/wp-json\/wp\/v2\/users\/1"}],"replies":[{"embeddable":true,"href":"https:\/\/vieassociative.be\/actualites\/wp-json\/wp\/v2\/comments?post=8329"}],"version-history":[{"count":0,"href":"https:\/\/vieassociative.be\/actualites\/wp-json\/wp\/v2\/posts\/8329\/revisions"}],"wp:featuredmedia":[{"embeddable":true,"href":"https:\/\/vieassociative.be\/actualites\/wp-json\/wp\/v2\/media\/8330"}],"wp:attachment":[{"href":"https:\/\/vieassociative.be\/actualites\/wp-json\/wp\/v2\/media?parent=8329"}],"wp:term":[{"taxonomy":"category","embeddable":true,"href":"https:\/\/vieassociative.be\/actualites\/wp-json\/wp\/v2\/categories?post=8329"},{"taxonomy":"post_tag","embeddable":true,"href":"https:\/\/vieassociative.be\/actualites\/wp-json\/wp\/v2\/tags?post=8329"}],"curies":[{"name":"wp","href":"https:\/\/api.w.org\/{rel}","templated":true}]}}