{"id":8324,"date":"2025-06-22T16:18:06","date_gmt":"2025-06-22T14:18:06","guid":{"rendered":"https:\/\/vieassociative.be\/actualites\/dans-la-randonnee-du-soir-sur-le-chemin-de-sculpture-walhorn-le-rotsch-au-coucher-du-soleil\/"},"modified":"2025-06-22T16:18:06","modified_gmt":"2025-06-22T14:18:06","slug":"dans-la-randonnee-du-soir-sur-le-chemin-de-sculpture-walhorn-le-rotsch-au-coucher-du-soleil","status":"publish","type":"post","link":"https:\/\/vieassociative.be\/actualites\/dans-la-randonnee-du-soir-sur-le-chemin-de-sculpture-walhorn-le-rotsch-au-coucher-du-soleil\/","title":{"rendered":"Dans la randonn\u00e9e du soir sur le chemin de sculpture Walhorn &#8211; le Rotsch au coucher du soleil"},"content":{"rendered":"<p><strong>Le groupe de travail Skulpturenweg Walhorn vous invite \u00e0 une randonn\u00e9e sp\u00e9ciale en soir\u00e9e le long du Walhorner Skulpturenweg le vendredi 27 juin 2025.<\/strong><\/p>\n<p><span id=\"more-418341\"><\/span>Sous le titre \u00ab\u00a0Dans les traces des pierres\u00a0\u00bb, le sculpteur local Sandro Dudenhausen dirige l&rsquo;art-love, les familles, les amis de randonn\u00e9e et curieux \u00e0 travers l&rsquo;impressionnante galerie ouverte -air, qui a \u00e9t\u00e9 cr\u00e9\u00e9e au Symposium international 2021.<\/p>\n<p>Les sculptures de Blown local refl\u00e8tent des sujets tels que l&rsquo;histoire r\u00e9gionale, l&rsquo;identit\u00e9 europ\u00e9enne et la diversit\u00e9 culturelle.<\/p>\n<div id=\"attachment_418346\" class=\"wp-caption alignleft\" style=\"max-width: 300px\"><img fetchpriority=\"high\" decoding=\"async\" class=\"wp-image-418346 size-medium\" src=\"https:\/\/vieassociative.be\/actualites\/wp-content\/uploads\/2025\/06\/Dans-la-randonnee-du-soir-sur-le-chemin-de-sculpture.jpg\" alt=\"\" width=\"300\" height=\"200\"  ><\/p>\n<p class=\"wp-caption-text\">Photo: chemin de sculpture walhorn<\/p>\n<\/div>\n<p>Au cours de la tourn\u00e9e d&rsquo;environ 1,5 heure, Dudenhausen explique le contexte des \u0153uvres et des rapports sur les artistes qu&rsquo;ils ont cr\u00e9\u00e9s.<\/p>\n<p>La tourn\u00e9e offre non seulement des informations passionnantes sur le chemin de sculpture existant, mais aussi une perspective sur le prochain grand \u00e9v\u00e9nement: du 22 septembre au 4 octobre 2025, le quartier du Rotsch sera \u00e0 nouveau le cadre du deuxi\u00e8me symposium international du sculpteur Walhorner. Six artistes de quatre pays cr\u00e9eront de nouvelles sculptures sous la devise \u00ab\u00a0Visions pour l&rsquo;Europe\u00a0\u00bb, qui \u00e9largira le chemin \u00e0 l&rsquo;avenir.<\/p>\n<p>Apr\u00e8s la randonn\u00e9e, l&rsquo;\u00e9quipe de l&rsquo;organisation vous invite \u00e0 une petite boisson sur le site de la soci\u00e9t\u00e9 Monolithique. Le produit ainsi que les dons volontaires b\u00e9n\u00e9ficieront \u00e0 la pr\u00e9paration et \u00e0 la mise en \u0153uvre du prochain symposium.<\/p>\n<p><em><strong>Plus d&rsquo;informations <u>www.walhorn.org<\/u><\/strong><\/em><\/p>\n","protected":false},"excerpt":{"rendered":"<p>Le groupe de travail Skulpturenweg Walhorn vous invite \u00e0 une randonn\u00e9e sp\u00e9ciale en soir\u00e9e le long du Walhorner Skulpturenweg le vendredi 27 juin 2025. Sous<\/p>\n","protected":false},"author":1,"featured_media":8325,"comment_status":"","ping_status":"","sticky":false,"template":"","format":"standard","meta":{"footnotes":""},"categories":[298],"tags":[5447,807,166,7345,7501,5036,1795,5635,33,5458],"class_list":["post-8324","post","type-post","status-publish","format-standard","has-post-thumbnail","hentry","category-belgique","tag-chemin","tag-coucher","tag-dans","tag-randonnee","tag-rotsch","tag-sculpture","tag-soir","tag-soleil","tag-sur","tag-walhorn","generate-columns","tablet-grid-50","mobile-grid-100","grid-parent","grid-33"],"yoast_head":"<!-- This site is optimized with the Yoast SEO plugin v24.0 - https:\/\/yoast.com\/wordpress\/plugins\/seo\/ -->\n<title>Dans la randonn\u00e9e du soir sur le chemin de sculpture Walhorn - le Rotsch au coucher du soleil | Vie Associative<\/title>\n<meta name=\"robots\" content=\"index, follow, max-snippet:-1, max-image-preview:large, max-video-preview:-1\" \/>\n<link rel=\"canonical\" href=\"https:\/\/vieassociative.be\/actualites\/dans-la-randonnee-du-soir-sur-le-chemin-de-sculpture-walhorn-le-rotsch-au-coucher-du-soleil\/\" \/>\n<meta property=\"og:locale\" content=\"fr_FR\" \/>\n<meta property=\"og:type\" content=\"article\" \/>\n<meta property=\"og:title\" content=\"Dans la randonn\u00e9e du soir sur le chemin de sculpture Walhorn - le Rotsch au coucher du soleil | Vie Associative\" \/>\n<meta property=\"og:description\" content=\"Le groupe de travail Skulpturenweg Walhorn vous invite \u00e0 une randonn\u00e9e sp\u00e9ciale en soir\u00e9e le long du Walhorner Skulpturenweg le vendredi 27 juin 2025. Sous\" \/>\n<meta property=\"og:url\" content=\"https:\/\/vieassociative.be\/actualites\/dans-la-randonnee-du-soir-sur-le-chemin-de-sculpture-walhorn-le-rotsch-au-coucher-du-soleil\/\" \/>\n<meta property=\"og:site_name\" content=\"Vie Associative\" \/>\n<meta property=\"article:published_time\" content=\"2025-06-22T14:18:06+00:00\" \/>\n<meta property=\"og:image\" content=\"https:\/\/vieassociative.be\/actualites\/wp-content\/uploads\/2024\/09\/header_backgroundk-01-e1726694325946.png\" \/>\n\t<meta property=\"og:image:width\" content=\"279\" \/>\n\t<meta property=\"og:image:height\" content=\"92\" \/>\n\t<meta property=\"og:image:type\" content=\"image\/png\" \/>\n<meta name=\"author\" content=\"Julien\" \/>\n<meta name=\"twitter:card\" content=\"summary_large_image\" \/>\n<meta name=\"twitter:label1\" content=\"\u00c9crit par\" \/>\n\t<meta name=\"twitter:data1\" content=\"Julien\" \/>\n\t<meta name=\"twitter:label2\" content=\"Dur\u00e9e de lecture est.\" \/>\n\t<meta name=\"twitter:data2\" content=\"1 minute\" \/>\n<script type=\"application\/ld+json\" class=\"yoast-schema-graph\">{\"@context\":\"https:\/\/schema.org\",\"@graph\":[{\"@type\":\"Article\",\"@id\":\"https:\/\/vieassociative.be\/actualites\/dans-la-randonnee-du-soir-sur-le-chemin-de-sculpture-walhorn-le-rotsch-au-coucher-du-soleil\/#article\",\"isPartOf\":{\"@id\":\"https:\/\/vieassociative.be\/actualites\/dans-la-randonnee-du-soir-sur-le-chemin-de-sculpture-walhorn-le-rotsch-au-coucher-du-soleil\/\"},\"author\":{\"name\":\"Julien\",\"@id\":\"https:\/\/vieassociative.be\/actualites\/#\/schema\/person\/b87ac4f82f9d4e7b7cec7395b679edc4\"},\"headline\":\"Dans la randonn\u00e9e du soir sur le chemin de sculpture Walhorn &#8211; le Rotsch au coucher du soleil\",\"datePublished\":\"2025-06-22T14:18:06+00:00\",\"dateModified\":\"2025-06-22T14:18:06+00:00\",\"mainEntityOfPage\":{\"@id\":\"https:\/\/vieassociative.be\/actualites\/dans-la-randonnee-du-soir-sur-le-chemin-de-sculpture-walhorn-le-rotsch-au-coucher-du-soleil\/\"},\"wordCount\":254,\"publisher\":{\"@id\":\"https:\/\/vieassociative.be\/actualites\/#organization\"},\"image\":{\"@id\":\"https:\/\/vieassociative.be\/actualites\/dans-la-randonnee-du-soir-sur-le-chemin-de-sculpture-walhorn-le-rotsch-au-coucher-du-soleil\/#primaryimage\"},\"thumbnailUrl\":\"https:\/\/vieassociative.be\/actualites\/wp-content\/uploads\/2025\/06\/1750601887_Dans-la-randonnee-du-soir-sur-le-chemin-de-sculpture.jpg\",\"keywords\":[\"chemin\",\"coucher\",\"dans\",\"randonn\u00e9e\",\"Rotsch\",\"sculpture\",\"soir\",\"soleil\",\"sur\",\"Walhorn\"],\"articleSection\":[\"Belgique\"],\"inLanguage\":\"fr-BE\"},{\"@type\":\"WebPage\",\"@id\":\"https:\/\/vieassociative.be\/actualites\/dans-la-randonnee-du-soir-sur-le-chemin-de-sculpture-walhorn-le-rotsch-au-coucher-du-soleil\/\",\"url\":\"https:\/\/vieassociative.be\/actualites\/dans-la-randonnee-du-soir-sur-le-chemin-de-sculpture-walhorn-le-rotsch-au-coucher-du-soleil\/\",\"name\":\"Dans la randonn\u00e9e du soir sur le chemin de sculpture Walhorn - le Rotsch au coucher du soleil | Vie Associative\",\"isPartOf\":{\"@id\":\"https:\/\/vieassociative.be\/actualites\/#website\"},\"primaryImageOfPage\":{\"@id\":\"https:\/\/vieassociative.be\/actualites\/dans-la-randonnee-du-soir-sur-le-chemin-de-sculpture-walhorn-le-rotsch-au-coucher-du-soleil\/#primaryimage\"},\"image\":{\"@id\":\"https:\/\/vieassociative.be\/actualites\/dans-la-randonnee-du-soir-sur-le-chemin-de-sculpture-walhorn-le-rotsch-au-coucher-du-soleil\/#primaryimage\"},\"thumbnailUrl\":\"https:\/\/vieassociative.be\/actualites\/wp-content\/uploads\/2025\/06\/1750601887_Dans-la-randonnee-du-soir-sur-le-chemin-de-sculpture.jpg\",\"datePublished\":\"2025-06-22T14:18:06+00:00\",\"dateModified\":\"2025-06-22T14:18:06+00:00\",\"breadcrumb\":{\"@id\":\"https:\/\/vieassociative.be\/actualites\/dans-la-randonnee-du-soir-sur-le-chemin-de-sculpture-walhorn-le-rotsch-au-coucher-du-soleil\/#breadcrumb\"},\"inLanguage\":\"fr-BE\",\"potentialAction\":[{\"@type\":\"ReadAction\",\"target\":[\"https:\/\/vieassociative.be\/actualites\/dans-la-randonnee-du-soir-sur-le-chemin-de-sculpture-walhorn-le-rotsch-au-coucher-du-soleil\/\"]}]},{\"@type\":\"ImageObject\",\"inLanguage\":\"fr-BE\",\"@id\":\"https:\/\/vieassociative.be\/actualites\/dans-la-randonnee-du-soir-sur-le-chemin-de-sculpture-walhorn-le-rotsch-au-coucher-du-soleil\/#primaryimage\",\"url\":\"https:\/\/vieassociative.be\/actualites\/wp-content\/uploads\/2025\/06\/1750601887_Dans-la-randonnee-du-soir-sur-le-chemin-de-sculpture.jpg\",\"contentUrl\":\"https:\/\/vieassociative.be\/actualites\/wp-content\/uploads\/2025\/06\/1750601887_Dans-la-randonnee-du-soir-sur-le-chemin-de-sculpture.jpg\",\"width\":640,\"height\":428,\"caption\":\"Dans la randonn\u00e9e du soir sur le chemin de sculpture Walhorn - le Rotsch au coucher du soleil\"},{\"@type\":\"BreadcrumbList\",\"@id\":\"https:\/\/vieassociative.be\/actualites\/dans-la-randonnee-du-soir-sur-le-chemin-de-sculpture-walhorn-le-rotsch-au-coucher-du-soleil\/#breadcrumb\",\"itemListElement\":[{\"@type\":\"ListItem\",\"position\":1,\"name\":\"Accueil\",\"item\":\"https:\/\/vieassociative.be\/actualites\/\"},{\"@type\":\"ListItem\",\"position\":2,\"name\":\"Dans la randonn\u00e9e du soir sur le chemin de sculpture Walhorn &#8211; le Rotsch au coucher du soleil\"}]},{\"@type\":\"WebSite\",\"@id\":\"https:\/\/vieassociative.be\/actualites\/#website\",\"url\":\"https:\/\/vieassociative.be\/actualites\/\",\"name\":\"Vie Associative\",\"description\":\"\",\"publisher\":{\"@id\":\"https:\/\/vieassociative.be\/actualites\/#organization\"},\"potentialAction\":[{\"@type\":\"SearchAction\",\"target\":{\"@type\":\"EntryPoint\",\"urlTemplate\":\"https:\/\/vieassociative.be\/actualites\/?s={search_term_string}\"},\"query-input\":{\"@type\":\"PropertyValueSpecification\",\"valueRequired\":true,\"valueName\":\"search_term_string\"}}],\"inLanguage\":\"fr-BE\"},{\"@type\":\"Organization\",\"@id\":\"https:\/\/vieassociative.be\/actualites\/#organization\",\"name\":\"Vie Associative\",\"url\":\"https:\/\/vieassociative.be\/actualites\/\",\"logo\":{\"@type\":\"ImageObject\",\"inLanguage\":\"fr-BE\",\"@id\":\"https:\/\/vieassociative.be\/actualites\/#\/schema\/logo\/image\/\",\"url\":\"https:\/\/vieassociative.be\/actualites\/wp-content\/uploads\/2024\/09\/cropped-vieassociative_favicon.ico.png\",\"contentUrl\":\"https:\/\/vieassociative.be\/actualites\/wp-content\/uploads\/2024\/09\/cropped-vieassociative_favicon.ico.png\",\"width\":512,\"height\":512,\"caption\":\"Vie Associative\"},\"image\":{\"@id\":\"https:\/\/vieassociative.be\/actualites\/#\/schema\/logo\/image\/\"}},{\"@type\":\"Person\",\"@id\":\"https:\/\/vieassociative.be\/actualites\/#\/schema\/person\/b87ac4f82f9d4e7b7cec7395b679edc4\",\"name\":\"Julien\",\"image\":{\"@type\":\"ImageObject\",\"inLanguage\":\"fr-BE\",\"@id\":\"https:\/\/vieassociative.be\/actualites\/#\/schema\/person\/image\/\",\"url\":\"https:\/\/vieassociative.be\/actualites\/wp-content\/uploads\/2024\/09\/vie-associative-1-150x150.jpg\",\"contentUrl\":\"https:\/\/vieassociative.be\/actualites\/wp-content\/uploads\/2024\/09\/vie-associative-1-150x150.jpg\",\"caption\":\"Julien\"},\"description\":\"Je suis Julien, r\u00e9dacteur pour Vie Associative. Passionn\u00e9 par le monde associatif depuis plus de 10 ans, j'ai \u00e0 c\u0153ur de partager des histoires inspirantes et de mettre en lumi\u00e8re les initiatives locales. Mon objectif est de sensibiliser et d'encourager l'engagement communautaire \u00e0 travers mes articles.\",\"sameAs\":[\"https:\/\/vieassociative.be\/\"]}]}<\/script>\n<!-- \/ Yoast SEO plugin. -->","yoast_head_json":{"title":"Dans la randonn\u00e9e du soir sur le chemin de sculpture Walhorn - le Rotsch au coucher du soleil | Vie Associative","robots":{"index":"index","follow":"follow","max-snippet":"max-snippet:-1","max-image-preview":"max-image-preview:large","max-video-preview":"max-video-preview:-1"},"canonical":"https:\/\/vieassociative.be\/actualites\/dans-la-randonnee-du-soir-sur-le-chemin-de-sculpture-walhorn-le-rotsch-au-coucher-du-soleil\/","og_locale":"fr_FR","og_type":"article","og_title":"Dans la randonn\u00e9e du soir sur le chemin de sculpture Walhorn - le Rotsch au coucher du soleil | Vie Associative","og_description":"Le groupe de travail Skulpturenweg Walhorn vous invite \u00e0 une randonn\u00e9e sp\u00e9ciale en soir\u00e9e le long du Walhorner Skulpturenweg le vendredi 27 juin 2025. Sous","og_url":"https:\/\/vieassociative.be\/actualites\/dans-la-randonnee-du-soir-sur-le-chemin-de-sculpture-walhorn-le-rotsch-au-coucher-du-soleil\/","og_site_name":"Vie Associative","article_published_time":"2025-06-22T14:18:06+00:00","og_image":[{"width":279,"height":92,"url":"https:\/\/vieassociative.be\/actualites\/wp-content\/uploads\/2024\/09\/header_backgroundk-01-e1726694325946.png","type":"image\/png"}],"author":"Julien","twitter_card":"summary_large_image","twitter_misc":{"\u00c9crit par":"Julien","Dur\u00e9e de lecture est.":"1 minute"},"schema":{"@context":"https:\/\/schema.org","@graph":[{"@type":"Article","@id":"https:\/\/vieassociative.be\/actualites\/dans-la-randonnee-du-soir-sur-le-chemin-de-sculpture-walhorn-le-rotsch-au-coucher-du-soleil\/#article","isPartOf":{"@id":"https:\/\/vieassociative.be\/actualites\/dans-la-randonnee-du-soir-sur-le-chemin-de-sculpture-walhorn-le-rotsch-au-coucher-du-soleil\/"},"author":{"name":"Julien","@id":"https:\/\/vieassociative.be\/actualites\/#\/schema\/person\/b87ac4f82f9d4e7b7cec7395b679edc4"},"headline":"Dans la randonn\u00e9e du soir sur le chemin de sculpture Walhorn &#8211; le Rotsch au coucher du soleil","datePublished":"2025-06-22T14:18:06+00:00","dateModified":"2025-06-22T14:18:06+00:00","mainEntityOfPage":{"@id":"https:\/\/vieassociative.be\/actualites\/dans-la-randonnee-du-soir-sur-le-chemin-de-sculpture-walhorn-le-rotsch-au-coucher-du-soleil\/"},"wordCount":254,"publisher":{"@id":"https:\/\/vieassociative.be\/actualites\/#organization"},"image":{"@id":"https:\/\/vieassociative.be\/actualites\/dans-la-randonnee-du-soir-sur-le-chemin-de-sculpture-walhorn-le-rotsch-au-coucher-du-soleil\/#primaryimage"},"thumbnailUrl":"https:\/\/vieassociative.be\/actualites\/wp-content\/uploads\/2025\/06\/1750601887_Dans-la-randonnee-du-soir-sur-le-chemin-de-sculpture.jpg","keywords":["chemin","coucher","dans","randonn\u00e9e","Rotsch","sculpture","soir","soleil","sur","Walhorn"],"articleSection":["Belgique"],"inLanguage":"fr-BE"},{"@type":"WebPage","@id":"https:\/\/vieassociative.be\/actualites\/dans-la-randonnee-du-soir-sur-le-chemin-de-sculpture-walhorn-le-rotsch-au-coucher-du-soleil\/","url":"https:\/\/vieassociative.be\/actualites\/dans-la-randonnee-du-soir-sur-le-chemin-de-sculpture-walhorn-le-rotsch-au-coucher-du-soleil\/","name":"Dans la randonn\u00e9e du soir sur le chemin de sculpture Walhorn - le Rotsch au coucher du soleil | Vie Associative","isPartOf":{"@id":"https:\/\/vieassociative.be\/actualites\/#website"},"primaryImageOfPage":{"@id":"https:\/\/vieassociative.be\/actualites\/dans-la-randonnee-du-soir-sur-le-chemin-de-sculpture-walhorn-le-rotsch-au-coucher-du-soleil\/#primaryimage"},"image":{"@id":"https:\/\/vieassociative.be\/actualites\/dans-la-randonnee-du-soir-sur-le-chemin-de-sculpture-walhorn-le-rotsch-au-coucher-du-soleil\/#primaryimage"},"thumbnailUrl":"https:\/\/vieassociative.be\/actualites\/wp-content\/uploads\/2025\/06\/1750601887_Dans-la-randonnee-du-soir-sur-le-chemin-de-sculpture.jpg","datePublished":"2025-06-22T14:18:06+00:00","dateModified":"2025-06-22T14:18:06+00:00","breadcrumb":{"@id":"https:\/\/vieassociative.be\/actualites\/dans-la-randonnee-du-soir-sur-le-chemin-de-sculpture-walhorn-le-rotsch-au-coucher-du-soleil\/#breadcrumb"},"inLanguage":"fr-BE","potentialAction":[{"@type":"ReadAction","target":["https:\/\/vieassociative.be\/actualites\/dans-la-randonnee-du-soir-sur-le-chemin-de-sculpture-walhorn-le-rotsch-au-coucher-du-soleil\/"]}]},{"@type":"ImageObject","inLanguage":"fr-BE","@id":"https:\/\/vieassociative.be\/actualites\/dans-la-randonnee-du-soir-sur-le-chemin-de-sculpture-walhorn-le-rotsch-au-coucher-du-soleil\/#primaryimage","url":"https:\/\/vieassociative.be\/actualites\/wp-content\/uploads\/2025\/06\/1750601887_Dans-la-randonnee-du-soir-sur-le-chemin-de-sculpture.jpg","contentUrl":"https:\/\/vieassociative.be\/actualites\/wp-content\/uploads\/2025\/06\/1750601887_Dans-la-randonnee-du-soir-sur-le-chemin-de-sculpture.jpg","width":640,"height":428,"caption":"Dans la randonn\u00e9e du soir sur le chemin de sculpture Walhorn - le Rotsch au coucher du soleil"},{"@type":"BreadcrumbList","@id":"https:\/\/vieassociative.be\/actualites\/dans-la-randonnee-du-soir-sur-le-chemin-de-sculpture-walhorn-le-rotsch-au-coucher-du-soleil\/#breadcrumb","itemListElement":[{"@type":"ListItem","position":1,"name":"Accueil","item":"https:\/\/vieassociative.be\/actualites\/"},{"@type":"ListItem","position":2,"name":"Dans la randonn\u00e9e du soir sur le chemin de sculpture Walhorn &#8211; le Rotsch au coucher du soleil"}]},{"@type":"WebSite","@id":"https:\/\/vieassociative.be\/actualites\/#website","url":"https:\/\/vieassociative.be\/actualites\/","name":"Vie Associative","description":"","publisher":{"@id":"https:\/\/vieassociative.be\/actualites\/#organization"},"potentialAction":[{"@type":"SearchAction","target":{"@type":"EntryPoint","urlTemplate":"https:\/\/vieassociative.be\/actualites\/?s={search_term_string}"},"query-input":{"@type":"PropertyValueSpecification","valueRequired":true,"valueName":"search_term_string"}}],"inLanguage":"fr-BE"},{"@type":"Organization","@id":"https:\/\/vieassociative.be\/actualites\/#organization","name":"Vie Associative","url":"https:\/\/vieassociative.be\/actualites\/","logo":{"@type":"ImageObject","inLanguage":"fr-BE","@id":"https:\/\/vieassociative.be\/actualites\/#\/schema\/logo\/image\/","url":"https:\/\/vieassociative.be\/actualites\/wp-content\/uploads\/2024\/09\/cropped-vieassociative_favicon.ico.png","contentUrl":"https:\/\/vieassociative.be\/actualites\/wp-content\/uploads\/2024\/09\/cropped-vieassociative_favicon.ico.png","width":512,"height":512,"caption":"Vie Associative"},"image":{"@id":"https:\/\/vieassociative.be\/actualites\/#\/schema\/logo\/image\/"}},{"@type":"Person","@id":"https:\/\/vieassociative.be\/actualites\/#\/schema\/person\/b87ac4f82f9d4e7b7cec7395b679edc4","name":"Julien","image":{"@type":"ImageObject","inLanguage":"fr-BE","@id":"https:\/\/vieassociative.be\/actualites\/#\/schema\/person\/image\/","url":"https:\/\/vieassociative.be\/actualites\/wp-content\/uploads\/2024\/09\/vie-associative-1-150x150.jpg","contentUrl":"https:\/\/vieassociative.be\/actualites\/wp-content\/uploads\/2024\/09\/vie-associative-1-150x150.jpg","caption":"Julien"},"description":"Je suis Julien, r\u00e9dacteur pour Vie Associative. Passionn\u00e9 par le monde associatif depuis plus de 10 ans, j'ai \u00e0 c\u0153ur de partager des histoires inspirantes et de mettre en lumi\u00e8re les initiatives locales. Mon objectif est de sensibiliser et d'encourager l'engagement communautaire \u00e0 travers mes articles.","sameAs":["https:\/\/vieassociative.be\/"]}]}},"_links":{"self":[{"href":"https:\/\/vieassociative.be\/actualites\/wp-json\/wp\/v2\/posts\/8324"}],"collection":[{"href":"https:\/\/vieassociative.be\/actualites\/wp-json\/wp\/v2\/posts"}],"about":[{"href":"https:\/\/vieassociative.be\/actualites\/wp-json\/wp\/v2\/types\/post"}],"author":[{"embeddable":true,"href":"https:\/\/vieassociative.be\/actualites\/wp-json\/wp\/v2\/users\/1"}],"replies":[{"embeddable":true,"href":"https:\/\/vieassociative.be\/actualites\/wp-json\/wp\/v2\/comments?post=8324"}],"version-history":[{"count":0,"href":"https:\/\/vieassociative.be\/actualites\/wp-json\/wp\/v2\/posts\/8324\/revisions"}],"wp:featuredmedia":[{"embeddable":true,"href":"https:\/\/vieassociative.be\/actualites\/wp-json\/wp\/v2\/media\/8325"}],"wp:attachment":[{"href":"https:\/\/vieassociative.be\/actualites\/wp-json\/wp\/v2\/media?parent=8324"}],"wp:term":[{"taxonomy":"category","embeddable":true,"href":"https:\/\/vieassociative.be\/actualites\/wp-json\/wp\/v2\/categories?post=8324"},{"taxonomy":"post_tag","embeddable":true,"href":"https:\/\/vieassociative.be\/actualites\/wp-json\/wp\/v2\/tags?post=8324"}],"curies":[{"name":"wp","href":"https:\/\/api.w.org\/{rel}","templated":true}]}}