{"id":8322,"date":"2025-06-22T15:23:17","date_gmt":"2025-06-22T13:23:17","guid":{"rendered":"https:\/\/vieassociative.be\/actualites\/trois-endroits-ou-jai-cache-mon-mini-stepper-merach-dans-mon-petit-appartement-et-trois-qui-ont-echoue\/"},"modified":"2025-06-22T15:23:17","modified_gmt":"2025-06-22T13:23:17","slug":"trois-endroits-ou-jai-cache-mon-mini-stepper-merach-dans-mon-petit-appartement-et-trois-qui-ont-echoue","status":"publish","type":"post","link":"https:\/\/vieassociative.be\/actualites\/trois-endroits-ou-jai-cache-mon-mini-stepper-merach-dans-mon-petit-appartement-et-trois-qui-ont-echoue\/","title":{"rendered":"Trois endroits o\u00f9 j&rsquo;ai cach\u00e9 mon mini stepper Merach dans mon petit appartement (et trois qui ont \u00e9chou\u00e9)"},"content":{"rendered":"<div class=\"mt-4 leading-6 md:mb-8\">Parce que personne ne veut une horreur.<\/div>\n<p><\/p>\n<p>Lorsque j&rsquo;ai re\u00e7u le Merach Mini Stepper, j&rsquo;avais des visions d&rsquo;un autre \u00e9quipement d&rsquo;exercice encombrant prenant le contr\u00f4le de mon appartement d\u00e9j\u00e0 exigu\u00eb de Brooklyn. Vous connaissez l&rsquo;exercice &#8211; un autre gadget de fitness \u00ab\u00a0compact\u00a0\u00bb qui parvient toujours \u00e0 devenir le point focal non invit\u00e9 de votre salon, vous jugeant silencieusement du coin.<\/p>\n<p>Comme je l&rsquo;ai \u00e9crit dans ma premi\u00e8re revue du Mini Stepper, je pense que cet appareil est mieux consid\u00e9r\u00e9 comme un \u00aboutil antid\u00e9dentaire\u00bb, plut\u00f4t que comme un \u00e9quipement d&rsquo;exercice l\u00e9gitime &#8211; parfait pour ces objectifs de remise en forme modestes ou quiconque essaie de se faufiler dans un mouvement doux tout au long de la journ\u00e9e. Mais voici la vraie question: cela dispara\u00eet-il dans votre espace de vie sans devenir une horreur? \u00c0 14,57 \u00ab\u00a0L x 13,39\u00a0\u00bb W x 7,28 \u00ab\u00a0H et pesant 14,3 livres, il est certainement suffisamment portable pour se d\u00e9placer. <\/p>\n<p>Apr\u00e8s avoir v\u00e9cu avec ce petit gars pendant plusieurs semaines, je l&rsquo;ai mis au test ultime de petit apartement: trouver des cachettes qui fonctionnent r\u00e9ellement. Si vous allez prendre l&rsquo;un de ces appareils mais que vous ne savez pas s&rsquo;il s&rsquo;int\u00e8gre dans votre espace, cela vous aidera peut-\u00eatre. <\/p>\n<h2 id=\"successful-hiding-spots-for-the-merach-mini-stepper\">Cachette r\u00e9ussie pour le Mini Mini Stepper<\/h2>\n<p>Apr\u00e8s quelques essais et erreurs (plus sur les erreurs ci-dessous), j&rsquo;ai trouv\u00e9 cinq points douces o\u00f9 mon petit appareil pas \u00e0 pas s&rsquo;adapte bien. <\/p>\n<h3>Entre mes meubles de salon<\/h3>\n<div class=\"eloquent-imagery-image\">\n<div class=\"flex justify-center\">\n                    <img decoding=\"async\" class=\"border border-gray-100\" src=\"https:\/\/vieassociative.be\/actualites\/wp-content\/uploads\/2025\/06\/Trois-endroits-ou-jai-cache-mon-mini-stepper-Merach-dans.jpg\" alt=\"Cachez mon mini stepper Merach\" width=\"2000\" height=\"1125\" loading=\"lazy\"  >\n            <\/div>\n<\/p><\/div>\n<p>Le salon s&rsquo;est av\u00e9r\u00e9 \u00eatre ma maison de r\u00e9f\u00e9rence pour ce type. Le Mini Stepper glisse parfaitement dans cet \u00e9cart maladroit entre les meubles qui collecte g\u00e9n\u00e9ralement des lapins de poussi\u00e8re. Il est facilement accessible lorsque je veux obtenir des \u00e9tapes tout en m&rsquo;\u00e9duquant sur certains films classiques. Quand j&rsquo;ai fini, c&rsquo;est \u00e0 l&rsquo;\u00e9cart. Le profil \u00e9troit signifie qu&rsquo;il n&rsquo;interf\u00e8re pas avec la circulation pi\u00e9tonne, et je peux le retirer \u00e0 une main lorsque l&rsquo;ambiance frappe.<\/p>\n<h3>Sous le lit (\u00e9dition de lit de rangement)<\/h3>\n<div class=\"eloquent-imagery-image\">\n<div class=\"flex justify-center\">\n                    <img decoding=\"async\" class=\"border border-gray-100\" src=\"https:\/\/vieassociative.be\/actualites\/wp-content\/uploads\/2025\/06\/1750598596_313_Trois-endroits-ou-jai-cache-mon-mini-stepper-Merach-dans.jpg\" alt=\"Cachez mon mini stepper Merach\" width=\"2000\" height=\"1125\" loading=\"lazy\"  >\n            <\/div>\n<\/p><\/div>\n<p>Mon lit se soul\u00e8ve pour le stockage, donc cela pourrait ne pas fonctionner pour tout le monde. Mais si vous avez un lit de plate-forme ou un d\u00e9gagement d\u00e9cent, le Mini Stepper glisse en dessous \u00e9tonnamment bien. La hauteur de 7,28 pouces signifie qu&rsquo;elle s&rsquo;inscrit sous la plupart des cadres de lit standard avec de la place \u00e0 perdre. Il est compl\u00e8tement hors de vue et facilement r\u00e9cup\u00e9rable en cas de besoin.<\/p>\n<h3>Sous mon bureau<\/h3>\n<div class=\"eloquent-imagery-image\">\n<div class=\"flex justify-center\">\n                    <img decoding=\"async\" class=\"border border-gray-100\" src=\"https:\/\/vieassociative.be\/actualites\/wp-content\/uploads\/2025\/06\/1750598596_63_Trois-endroits-ou-jai-cache-mon-mini-stepper-Merach-dans.jpg\" alt=\"Cachez mon mini stepper Merach\" width=\"2000\" height=\"1125\" loading=\"lazy\"  >\n            <\/div>\n<\/p><\/div>\n<p>C&rsquo;est l\u00e0 que le mini stepper brille vraiment comme un outil adjacent au bureau. Il s&rsquo;adapte parfaitement sous mon bureau, et si j&rsquo;avais un bureau debout, je pouvais r\u00e9ellement l&rsquo;utiliser pendant le travail, bien que je ne recommanderais pas d&rsquo;essayer de taper quoi que ce soit d&rsquo;important pendant le pas. L&#8217;empreinte compacte signifie qu&rsquo;elle n&rsquo;interf\u00e8re pas avec le mouvement de ma chaise de bureau, et c&rsquo;est juste l\u00e0 quand j&rsquo;ai besoin d&rsquo;une pause assis.<\/p>\n<h2 id=\"where-the-mini-stepper-couldnt-hide\">O\u00f9 le mini Stepper ne pouvait pas se cacher<\/h2>\n<p>Quelques-uns des cachettes de mon appartement \u00e9taient prometteurs, mais pas tout \u00e0 fait \u00e0 la hauteur de stocker mon mini Stepper. <\/p>\n<h3>\u00c0 c\u00f4t\u00e9 de la PS4 de mon colocataire<\/h3>\n<div class=\"eloquent-imagery-image\">\n<div class=\"flex justify-center\">\n                    <img decoding=\"async\" class=\"border border-gray-100\" src=\"https:\/\/vieassociative.be\/actualites\/wp-content\/uploads\/2025\/06\/1750598596_663_Trois-endroits-ou-jai-cache-mon-mini-stepper-Merach-dans.jpg\" alt=\"Cachez mon mini stepper Merach\" width=\"2000\" height=\"1125\" loading=\"lazy\"  >\n            <\/div>\n<\/p><\/div>\n<p>J&rsquo;avais de grands espoirs pour celui-ci, mais le mini stepper est un peu trop large et grand pour la plupart des cubbies du centre de divertissement. Il avait l&rsquo;air maladroit et bloqu\u00e9 un acc\u00e8s aux syst\u00e8mes de jeu et aux bo\u00eetes \u00e0 c\u00e2bles. Sauf si vous avez une console multim\u00e9dia inhabituellement spacieuse, sautez enti\u00e8rement cet endroit.<\/p>\n<div class=\"pogoClear relative my-10 border-b-(1.5px) border-t-(1.5px) border-dashed border-black py-5 sm:my-14 sm:border-0 sm:py-0\" data-ga-click data-ga-template=\"Hacks\" data-ga-module=\"openweb_widget\" data-ga-element=\"openweb_scroll\" data-ga-item=\"openweb_scroll_midpage\" x-data=\"{\n         commentsCount: null,\n         hasComments: false,\n         async fetchCommentsCount() {\n             try {\n                 if (window.openweb &amp;&amp; typeof window.openweb.getMessagesCount === 'function') {\n                     this.commentsCount = await window.openweb.getMessagesCount('01JXX5CF25VC5P6EMBZ9BY0JMS');\n                     this.hasComments = this.commentsCount !== null &amp;&amp; this.commentsCount &gt; 0;\n                 }\n             } catch (e) {\n                 console.warn('Failed to fetch comment count:', e);\n             }\n         }\n     }\" x-init=\"fetchCommentsCount()\" x-cloak><\/p>\n<div class=\"absolute top-1\/2 hidden w-full -translate-y-1\/2 border-t-(1.5px) border-dashed border-black sm:block\"><\/div>\n<div class=\"relative flex justify-center\">\n<div class=\"flex max-w-fit items-center gap-x-3 bg-white px-5\">\n<div class=\"relative\">\n                <span class=\"absolute left-1\/2 top-1\/2 -translate-x-1\/2 -translate-y-1\/2 font-akshar text-sm font-medium text-black\" aria-live=\"polite\" x-show=\"hasComments\" x-text=\"commentsCount\"><\/span><\/p>\n<p>                <svg class=\"h-8 w-8 text-black\" role=\"img\" aria-hidden=\"true\">\n                    <use href=\"http:\/\/lifehacker.com\/images\/icons\/spritemap.svg#sprite-chat-bubble\"><\/use>\n                <\/svg>\n            <\/div>\n<p>            <span class=\"text-sm font-medium text-black\"><\/p>\n<p>                Que pensez-vous jusqu&rsquo;\u00e0 pr\u00e9sent?<br \/>\n                <button class=\"ml-1 font-semibold text-brand-green underline hover:text-brand-green-700\" type=\"button\" aria-label=\"Comment section trigger\" onclick=\"window.openweb.scrollToComments('01JXX5CF25VC5P6EMBZ9BY0JMS')\" x-text=\"hasComments ? 'Post a comment.' : 'Be the first to post a comment.'\"><\/button><br \/>\n            <\/span>\n        <\/div>\n<\/p><\/div>\n<\/div>\n<h3>\u00c0 c\u00f4t\u00e9 des chaussures de mon colocataire<\/h3>\n<div class=\"eloquent-imagery-image\">\n<div class=\"flex justify-center\">\n                    <img decoding=\"async\" class=\"border border-gray-100\" src=\"https:\/\/vieassociative.be\/actualites\/wp-content\/uploads\/2025\/06\/1750598597_603_Trois-endroits-ou-jai-cache-mon-mini-stepper-Merach-dans.jpg\" alt=\"Cachez mon mini stepper Merach\" width=\"2000\" height=\"1125\" loading=\"lazy\"  >\n            <\/div>\n<\/p><\/div>\n<p>L&rsquo;id\u00e9e semblait logique &#8211; son \u00e9quipement li\u00e9 au pied, apr\u00e8s tout. Mais la mamelle du Mini Stepper \u00e9tait trop pour mon modeste marie de chaussures. Cela avait \u00e9galement l&rsquo;air un peu ridicule, comme si j&rsquo;essayais d&rsquo;exercer mes chaussures.<\/p>\n<h3>L&rsquo;\u00e9cart myst\u00e9rieux \u00e0 c\u00f4t\u00e9 de mon r\u00e9frig\u00e9rateur<\/h3>\n<div class=\"eloquent-imagery-image\">\n<div class=\"flex justify-center\">\n                    <img decoding=\"async\" class=\"border border-gray-100\" src=\"https:\/\/vieassociative.be\/actualites\/wp-content\/uploads\/2025\/06\/1750598597_10_Trois-endroits-ou-jai-cache-mon-mini-stepper-Merach-dans.jpg\" alt=\"Cachez mon mini stepper Merach\" width=\"2000\" height=\"1125\" loading=\"lazy\"  >\n            <\/div>\n<\/p><\/div>\n<p>Connu sous le nom de \u00abThe Crevasse\u00bb, cet \u00e9cart entre le r\u00e9frig\u00e9rateur et le mur de la cuisine est ma baleine blanche. Ce ruban exasp\u00e9rant d&rsquo;espace semble con\u00e7u pour stocker quelque chose d&rsquo;utile. Ce quelque chose n&rsquo;est pas le Merach Mini Stepper. C&rsquo;est environ deux pouces de trop pour s&rsquo;adapter, si proche, mais jusqu&rsquo;\u00e0 pr\u00e9sent.<\/p>\n<h2 id=\"the-verdict-on-hiding-your-mini-stepper\">Le verdict de cacher votre mini stepper<\/h2>\n<p>Le Merach Mini Stepper est \u00e0 la hauteur de ses promesses d&rsquo;\u00e9conomie d&rsquo;espace. Il est vraiment facile de se d\u00e9placer et de ranger.<\/p>\n<div class=\"pogoClear mb-12 mt-10 rounded-md border-2 border-gray-100 py-7 shadow-xl md:py-6\">\n<div class=\"flex flex-wrap justify-between px-7 text-black no-underline md:flex-nowrap md:px-8\">\n<div class=\"order-1 mx-auto flex flex-col justify-center md:order-2 md:ml-4 md:w-full md:grow\">\n<div class=\"block cursor-pointer text-center font-akshar text-2xl font-medium leading-7 text-brand-green duration-200 ease-in-out hover:text-brand-green-700 md:text-left md:text-xl md:leading-6\">Mini Mini Stepper\n                <\/div>\n<div class=\"mt-4 hidden md:flex md:justify-between\">\n<div class=\"self-end\">\n<div class=\"mb-0 h-11 md:flex md:flex-col md:justify-center\">\n<div class=\" font-sans leading-4 text-black\">\n<div class=\"flex flex-wrap items-center justify-center gap-x-1 md:justify-start\">\n        <span class=\"font-bold\"><\/p>\n<p>            44,99 $<br \/>\n                            <span class=\"font-medium\">\u00e0 Amazon<\/span><br \/>\n                    <\/span>\n            <\/div>\n<div class=\"flex items-center justify-center gap-x-1 font-bold md:justify-start\">\n            <span class=\"text-sm line-through\">59,99 $<\/span><br \/>\n            <span class=\"text-sm text-brand-green\">\u00c9conomisez 15,00 $<\/span>\n        <\/div>\n<\/p><\/div>\n<\/p><\/div>\n<\/p><\/div>\n<div class=\"w-44 self-end\">\n                            <button class=\"flex justify-center items-center w-full bg-brand-green text-white text-base font-sans font-medium rounded-md hover:bg-brand-green-700 hover:cursor-pointer md:text-sm h-11\"><\/p>\n<p>    Faire un magasin maintenant<br \/>\n<\/button>\n                        <\/div>\n<\/p><\/div>\n<\/p><\/div>\n<div class=\"order-2 mt-5 h-auto w-full md:order-1 md:mt-0 md:hidden\">\n<div class=\"flex aspect-video items-center justify-center\">\n                                            <img decoding=\"async\" class=\"m-0 max-h-full max-w-full rounded-md\" src=\"https:\/\/vieassociative.be\/actualites\/wp-content\/uploads\/2025\/06\/1750598597_796_Trois-endroits-ou-jai-cache-mon-mini-stepper-Merach-dans.jpg\" alt=\"Mini Mini Stepper pour l'exercice, Twist Swear Stepper 330lbs Capacit\u00e9, \u00e9quipement d'exercice avec des bandes de r\u00e9sistance pour l'entra\u00eenement complet du corps \u00e0 la maison\" width=\"auto\" height=\"auto\" loading=\"lazy\">\n                                    <\/div>\n<\/p><\/div>\n<div class=\"order-2 ml-2 hidden w-32 shrink-0 items-center md:order-1 md:ml-0 md:flex\">\n<div class=\"flex aspect-video items-center justify-center\">\n                                            <img decoding=\"async\" class=\"m-0 max-h-full max-w-full rounded-md\" src=\"https:\/\/vieassociative.be\/actualites\/wp-content\/uploads\/2025\/06\/1750598597_796_Trois-endroits-ou-jai-cache-mon-mini-stepper-Merach-dans.jpg\" alt=\"Mini Mini Stepper pour l'exercice, Twist Swear Stepper 330lbs Capacit\u00e9, \u00e9quipement d'exercice avec des bandes de r\u00e9sistance pour l'entra\u00eenement complet du corps \u00e0 la maison\" width=\"auto\" height=\"auto\" loading=\"lazy\">\n                                    <\/div>\n<\/p><\/div>\n<div class=\"order-3 flex grow flex-wrap md:hidden md:grow-0\">\n<div class=\"mt-4 w-full\">\n                        <button class=\"flex justify-center items-center w-full bg-brand-green text-white text-base font-sans font-medium rounded-md hover:bg-brand-green-700 hover:cursor-pointer md:text-sm h-11\"><\/p>\n<p>    Faire un magasin maintenant<br \/>\n<\/button>\n                    <\/div>\n<div class=\"mx-2 mt-4 w-full\">\n<div class=\" font-sans leading-4 text-black\">\n<div class=\"flex flex-wrap items-center justify-center gap-x-1 md:justify-start\">\n        <span class=\"font-bold\"><\/p>\n<p>            44,99 $<br \/>\n                            <span class=\"font-medium\">\u00e0 Amazon<\/span><br \/>\n                    <\/span>\n            <\/div>\n<div class=\"flex items-center justify-center gap-x-1 font-bold md:justify-start\">\n            <span class=\"text-sm line-through\">59,99 $<\/span><br \/>\n            <span class=\"text-sm text-brand-green\">\u00c9conomisez 15,00 $<\/span>\n        <\/div>\n<\/p><\/div>\n<\/p><\/div>\n<\/p><\/div>\n<\/p><\/div>\n<\/div>\n<p>Donc, oui, pour le prix de 50 $, il offre la facilit\u00e9 de portabilit\u00e9 et de stockage. N&rsquo;oubliez pas ce que vous obtenez: un outil pour un mouvement doux et antis\u00e9dentaire plut\u00f4t qu&rsquo;un \u00e9quipement d&rsquo;exercice s\u00e9rieux. Si vos objectifs de fitness sont modestes et que vous voulez principalement quelque chose pour contrer une s\u00e9ance prolong\u00e9e, les capacit\u00e9s de cache-cache-etk du mini pourraient justifier l&rsquo;investissement.<\/p>\n<p>Pour toute personne ayant des ambitions de fitness plus substantielles, ce 50 $ pourraient \u00eatre mieux sauv\u00e9s vers des halt\u00e8res r\u00e9glables, des bandes de r\u00e9sistance de qualit\u00e9 ou un abonnement au gymnase d&rsquo;un mois. Mais si vous \u00eates engag\u00e9 dans la Mini Stepper Life, vous savez au moins qu&rsquo;il ne prendra pas compl\u00e8tement le contr\u00f4le de votre petit appartement.<\/p>\n","protected":false},"excerpt":{"rendered":"<p>Parce que personne ne veut une horreur. Lorsque j&rsquo;ai re\u00e7u le Merach Mini Stepper, j&rsquo;avais des visions d&rsquo;un autre \u00e9quipement d&rsquo;exercice encombrant prenant le contr\u00f4le<\/p>\n","protected":false},"author":1,"featured_media":8323,"comment_status":"","ping_status":"","sticky":false,"template":"","format":"standard","meta":{"footnotes":""},"categories":[38],"tags":[7500,2227,166,2978,840,823,919,1529,49,1374,841,2490,99,7499,771],"class_list":["post-8322","post","type-post","status-publish","format-standard","has-post-thumbnail","hentry","category-sante","tag-appartement","tag-cache","tag-dans","tag-echoue","tag-endroits","tag-jai","tag-merach","tag-mini","tag-mon","tag-ont","tag-ou","tag-petit","tag-qui","tag-stepper","tag-trois","generate-columns","tablet-grid-50","mobile-grid-100","grid-parent","grid-33"],"yoast_head":"<!-- This site is optimized with the Yoast SEO plugin v24.0 - https:\/\/yoast.com\/wordpress\/plugins\/seo\/ -->\n<title>Trois endroits o\u00f9 j&#039;ai cach\u00e9 mon mini stepper Merach dans mon petit appartement (et trois qui ont \u00e9chou\u00e9) | Vie Associative<\/title>\n<meta name=\"robots\" content=\"index, follow, max-snippet:-1, max-image-preview:large, max-video-preview:-1\" \/>\n<link rel=\"canonical\" href=\"https:\/\/vieassociative.be\/actualites\/trois-endroits-ou-jai-cache-mon-mini-stepper-merach-dans-mon-petit-appartement-et-trois-qui-ont-echoue\/\" \/>\n<meta property=\"og:locale\" content=\"fr_FR\" \/>\n<meta property=\"og:type\" content=\"article\" \/>\n<meta property=\"og:title\" content=\"Trois endroits o\u00f9 j&#039;ai cach\u00e9 mon mini stepper Merach dans mon petit appartement (et trois qui ont \u00e9chou\u00e9) | Vie Associative\" \/>\n<meta property=\"og:description\" content=\"Parce que personne ne veut une horreur. Lorsque j&rsquo;ai re\u00e7u le Merach Mini Stepper, j&rsquo;avais des visions d&rsquo;un autre \u00e9quipement d&rsquo;exercice encombrant prenant le contr\u00f4le\" \/>\n<meta property=\"og:url\" content=\"https:\/\/vieassociative.be\/actualites\/trois-endroits-ou-jai-cache-mon-mini-stepper-merach-dans-mon-petit-appartement-et-trois-qui-ont-echoue\/\" \/>\n<meta property=\"og:site_name\" content=\"Vie Associative\" \/>\n<meta property=\"article:published_time\" content=\"2025-06-22T13:23:17+00:00\" \/>\n<meta property=\"og:image\" content=\"https:\/\/vieassociative.be\/actualites\/wp-content\/uploads\/2025\/06\/Trois-endroits-ou-jai-cache-mon-mini-stepper-Merach-dans.jpg\" \/>\n<meta name=\"author\" content=\"Julien\" \/>\n<meta name=\"twitter:card\" content=\"summary_large_image\" \/>\n<meta name=\"twitter:label1\" content=\"\u00c9crit par\" \/>\n\t<meta name=\"twitter:data1\" content=\"Julien\" \/>\n\t<meta name=\"twitter:label2\" content=\"Dur\u00e9e de lecture est.\" \/>\n\t<meta name=\"twitter:data2\" content=\"4 minutes\" \/>\n<script type=\"application\/ld+json\" class=\"yoast-schema-graph\">{\"@context\":\"https:\/\/schema.org\",\"@graph\":[{\"@type\":\"Article\",\"@id\":\"https:\/\/vieassociative.be\/actualites\/trois-endroits-ou-jai-cache-mon-mini-stepper-merach-dans-mon-petit-appartement-et-trois-qui-ont-echoue\/#article\",\"isPartOf\":{\"@id\":\"https:\/\/vieassociative.be\/actualites\/trois-endroits-ou-jai-cache-mon-mini-stepper-merach-dans-mon-petit-appartement-et-trois-qui-ont-echoue\/\"},\"author\":{\"name\":\"Julien\",\"@id\":\"https:\/\/vieassociative.be\/actualites\/#\/schema\/person\/b87ac4f82f9d4e7b7cec7395b679edc4\"},\"headline\":\"Trois endroits o\u00f9 j&rsquo;ai cach\u00e9 mon mini stepper Merach dans mon petit appartement (et trois qui ont \u00e9chou\u00e9)\",\"datePublished\":\"2025-06-22T13:23:17+00:00\",\"dateModified\":\"2025-06-22T13:23:17+00:00\",\"mainEntityOfPage\":{\"@id\":\"https:\/\/vieassociative.be\/actualites\/trois-endroits-ou-jai-cache-mon-mini-stepper-merach-dans-mon-petit-appartement-et-trois-qui-ont-echoue\/\"},\"wordCount\":962,\"publisher\":{\"@id\":\"https:\/\/vieassociative.be\/actualites\/#organization\"},\"image\":{\"@id\":\"https:\/\/vieassociative.be\/actualites\/trois-endroits-ou-jai-cache-mon-mini-stepper-merach-dans-mon-petit-appartement-et-trois-qui-ont-echoue\/#primaryimage\"},\"thumbnailUrl\":\"https:\/\/vieassociative.be\/actualites\/wp-content\/uploads\/2025\/06\/Trois-endroits-ou-jai-cache-mon-mini-stepper-Merach-dans.png\",\"keywords\":[\"appartement\",\"cach\u00e9\",\"dans\",\"\u00e9choue\",\"endroits\",\"Jai\",\"Merach\",\"Mini\",\"Mon\",\"ont\",\"o\u00f9\",\"petit\",\"qui\",\"stepper\",\"trois\"],\"articleSection\":[\"Sant\u00e9\"],\"inLanguage\":\"fr-BE\"},{\"@type\":\"WebPage\",\"@id\":\"https:\/\/vieassociative.be\/actualites\/trois-endroits-ou-jai-cache-mon-mini-stepper-merach-dans-mon-petit-appartement-et-trois-qui-ont-echoue\/\",\"url\":\"https:\/\/vieassociative.be\/actualites\/trois-endroits-ou-jai-cache-mon-mini-stepper-merach-dans-mon-petit-appartement-et-trois-qui-ont-echoue\/\",\"name\":\"Trois endroits o\u00f9 j'ai cach\u00e9 mon mini stepper Merach dans mon petit appartement (et trois qui ont \u00e9chou\u00e9) | Vie Associative\",\"isPartOf\":{\"@id\":\"https:\/\/vieassociative.be\/actualites\/#website\"},\"primaryImageOfPage\":{\"@id\":\"https:\/\/vieassociative.be\/actualites\/trois-endroits-ou-jai-cache-mon-mini-stepper-merach-dans-mon-petit-appartement-et-trois-qui-ont-echoue\/#primaryimage\"},\"image\":{\"@id\":\"https:\/\/vieassociative.be\/actualites\/trois-endroits-ou-jai-cache-mon-mini-stepper-merach-dans-mon-petit-appartement-et-trois-qui-ont-echoue\/#primaryimage\"},\"thumbnailUrl\":\"https:\/\/vieassociative.be\/actualites\/wp-content\/uploads\/2025\/06\/Trois-endroits-ou-jai-cache-mon-mini-stepper-Merach-dans.png\",\"datePublished\":\"2025-06-22T13:23:17+00:00\",\"dateModified\":\"2025-06-22T13:23:17+00:00\",\"breadcrumb\":{\"@id\":\"https:\/\/vieassociative.be\/actualites\/trois-endroits-ou-jai-cache-mon-mini-stepper-merach-dans-mon-petit-appartement-et-trois-qui-ont-echoue\/#breadcrumb\"},\"inLanguage\":\"fr-BE\",\"potentialAction\":[{\"@type\":\"ReadAction\",\"target\":[\"https:\/\/vieassociative.be\/actualites\/trois-endroits-ou-jai-cache-mon-mini-stepper-merach-dans-mon-petit-appartement-et-trois-qui-ont-echoue\/\"]}]},{\"@type\":\"ImageObject\",\"inLanguage\":\"fr-BE\",\"@id\":\"https:\/\/vieassociative.be\/actualites\/trois-endroits-ou-jai-cache-mon-mini-stepper-merach-dans-mon-petit-appartement-et-trois-qui-ont-echoue\/#primaryimage\",\"url\":\"https:\/\/vieassociative.be\/actualites\/wp-content\/uploads\/2025\/06\/Trois-endroits-ou-jai-cache-mon-mini-stepper-Merach-dans.png\",\"contentUrl\":\"https:\/\/vieassociative.be\/actualites\/wp-content\/uploads\/2025\/06\/Trois-endroits-ou-jai-cache-mon-mini-stepper-Merach-dans.png\",\"width\":1200,\"height\":675,\"caption\":\"Trois endroits o\u00f9 j'ai cach\u00e9 mon mini stepper Merach dans mon petit appartement (et trois qui ont \u00e9chou\u00e9)\"},{\"@type\":\"BreadcrumbList\",\"@id\":\"https:\/\/vieassociative.be\/actualites\/trois-endroits-ou-jai-cache-mon-mini-stepper-merach-dans-mon-petit-appartement-et-trois-qui-ont-echoue\/#breadcrumb\",\"itemListElement\":[{\"@type\":\"ListItem\",\"position\":1,\"name\":\"Accueil\",\"item\":\"https:\/\/vieassociative.be\/actualites\/\"},{\"@type\":\"ListItem\",\"position\":2,\"name\":\"Trois endroits o\u00f9 j&rsquo;ai cach\u00e9 mon mini stepper Merach dans mon petit appartement (et trois qui ont \u00e9chou\u00e9)\"}]},{\"@type\":\"WebSite\",\"@id\":\"https:\/\/vieassociative.be\/actualites\/#website\",\"url\":\"https:\/\/vieassociative.be\/actualites\/\",\"name\":\"Vie Associative\",\"description\":\"\",\"publisher\":{\"@id\":\"https:\/\/vieassociative.be\/actualites\/#organization\"},\"potentialAction\":[{\"@type\":\"SearchAction\",\"target\":{\"@type\":\"EntryPoint\",\"urlTemplate\":\"https:\/\/vieassociative.be\/actualites\/?s={search_term_string}\"},\"query-input\":{\"@type\":\"PropertyValueSpecification\",\"valueRequired\":true,\"valueName\":\"search_term_string\"}}],\"inLanguage\":\"fr-BE\"},{\"@type\":\"Organization\",\"@id\":\"https:\/\/vieassociative.be\/actualites\/#organization\",\"name\":\"Vie Associative\",\"url\":\"https:\/\/vieassociative.be\/actualites\/\",\"logo\":{\"@type\":\"ImageObject\",\"inLanguage\":\"fr-BE\",\"@id\":\"https:\/\/vieassociative.be\/actualites\/#\/schema\/logo\/image\/\",\"url\":\"https:\/\/vieassociative.be\/actualites\/wp-content\/uploads\/2024\/09\/cropped-vieassociative_favicon.ico.png\",\"contentUrl\":\"https:\/\/vieassociative.be\/actualites\/wp-content\/uploads\/2024\/09\/cropped-vieassociative_favicon.ico.png\",\"width\":512,\"height\":512,\"caption\":\"Vie Associative\"},\"image\":{\"@id\":\"https:\/\/vieassociative.be\/actualites\/#\/schema\/logo\/image\/\"}},{\"@type\":\"Person\",\"@id\":\"https:\/\/vieassociative.be\/actualites\/#\/schema\/person\/b87ac4f82f9d4e7b7cec7395b679edc4\",\"name\":\"Julien\",\"image\":{\"@type\":\"ImageObject\",\"inLanguage\":\"fr-BE\",\"@id\":\"https:\/\/vieassociative.be\/actualites\/#\/schema\/person\/image\/\",\"url\":\"https:\/\/vieassociative.be\/actualites\/wp-content\/uploads\/2024\/09\/vie-associative-1-150x150.jpg\",\"contentUrl\":\"https:\/\/vieassociative.be\/actualites\/wp-content\/uploads\/2024\/09\/vie-associative-1-150x150.jpg\",\"caption\":\"Julien\"},\"description\":\"Je suis Julien, r\u00e9dacteur pour Vie Associative. Passionn\u00e9 par le monde associatif depuis plus de 10 ans, j'ai \u00e0 c\u0153ur de partager des histoires inspirantes et de mettre en lumi\u00e8re les initiatives locales. Mon objectif est de sensibiliser et d'encourager l'engagement communautaire \u00e0 travers mes articles.\",\"sameAs\":[\"https:\/\/vieassociative.be\/\"]}]}<\/script>\n<!-- \/ Yoast SEO plugin. -->","yoast_head_json":{"title":"Trois endroits o\u00f9 j'ai cach\u00e9 mon mini stepper Merach dans mon petit appartement (et trois qui ont \u00e9chou\u00e9) | Vie Associative","robots":{"index":"index","follow":"follow","max-snippet":"max-snippet:-1","max-image-preview":"max-image-preview:large","max-video-preview":"max-video-preview:-1"},"canonical":"https:\/\/vieassociative.be\/actualites\/trois-endroits-ou-jai-cache-mon-mini-stepper-merach-dans-mon-petit-appartement-et-trois-qui-ont-echoue\/","og_locale":"fr_FR","og_type":"article","og_title":"Trois endroits o\u00f9 j'ai cach\u00e9 mon mini stepper Merach dans mon petit appartement (et trois qui ont \u00e9chou\u00e9) | Vie Associative","og_description":"Parce que personne ne veut une horreur. Lorsque j&rsquo;ai re\u00e7u le Merach Mini Stepper, j&rsquo;avais des visions d&rsquo;un autre \u00e9quipement d&rsquo;exercice encombrant prenant le contr\u00f4le","og_url":"https:\/\/vieassociative.be\/actualites\/trois-endroits-ou-jai-cache-mon-mini-stepper-merach-dans-mon-petit-appartement-et-trois-qui-ont-echoue\/","og_site_name":"Vie Associative","article_published_time":"2025-06-22T13:23:17+00:00","og_image":[{"url":"https:\/\/vieassociative.be\/actualites\/wp-content\/uploads\/2025\/06\/Trois-endroits-ou-jai-cache-mon-mini-stepper-Merach-dans.jpg","type":"","width":"","height":""}],"author":"Julien","twitter_card":"summary_large_image","twitter_misc":{"\u00c9crit par":"Julien","Dur\u00e9e de lecture est.":"4 minutes"},"schema":{"@context":"https:\/\/schema.org","@graph":[{"@type":"Article","@id":"https:\/\/vieassociative.be\/actualites\/trois-endroits-ou-jai-cache-mon-mini-stepper-merach-dans-mon-petit-appartement-et-trois-qui-ont-echoue\/#article","isPartOf":{"@id":"https:\/\/vieassociative.be\/actualites\/trois-endroits-ou-jai-cache-mon-mini-stepper-merach-dans-mon-petit-appartement-et-trois-qui-ont-echoue\/"},"author":{"name":"Julien","@id":"https:\/\/vieassociative.be\/actualites\/#\/schema\/person\/b87ac4f82f9d4e7b7cec7395b679edc4"},"headline":"Trois endroits o\u00f9 j&rsquo;ai cach\u00e9 mon mini stepper Merach dans mon petit appartement (et trois qui ont \u00e9chou\u00e9)","datePublished":"2025-06-22T13:23:17+00:00","dateModified":"2025-06-22T13:23:17+00:00","mainEntityOfPage":{"@id":"https:\/\/vieassociative.be\/actualites\/trois-endroits-ou-jai-cache-mon-mini-stepper-merach-dans-mon-petit-appartement-et-trois-qui-ont-echoue\/"},"wordCount":962,"publisher":{"@id":"https:\/\/vieassociative.be\/actualites\/#organization"},"image":{"@id":"https:\/\/vieassociative.be\/actualites\/trois-endroits-ou-jai-cache-mon-mini-stepper-merach-dans-mon-petit-appartement-et-trois-qui-ont-echoue\/#primaryimage"},"thumbnailUrl":"https:\/\/vieassociative.be\/actualites\/wp-content\/uploads\/2025\/06\/Trois-endroits-ou-jai-cache-mon-mini-stepper-Merach-dans.png","keywords":["appartement","cach\u00e9","dans","\u00e9choue","endroits","Jai","Merach","Mini","Mon","ont","o\u00f9","petit","qui","stepper","trois"],"articleSection":["Sant\u00e9"],"inLanguage":"fr-BE"},{"@type":"WebPage","@id":"https:\/\/vieassociative.be\/actualites\/trois-endroits-ou-jai-cache-mon-mini-stepper-merach-dans-mon-petit-appartement-et-trois-qui-ont-echoue\/","url":"https:\/\/vieassociative.be\/actualites\/trois-endroits-ou-jai-cache-mon-mini-stepper-merach-dans-mon-petit-appartement-et-trois-qui-ont-echoue\/","name":"Trois endroits o\u00f9 j'ai cach\u00e9 mon mini stepper Merach dans mon petit appartement (et trois qui ont \u00e9chou\u00e9) | Vie Associative","isPartOf":{"@id":"https:\/\/vieassociative.be\/actualites\/#website"},"primaryImageOfPage":{"@id":"https:\/\/vieassociative.be\/actualites\/trois-endroits-ou-jai-cache-mon-mini-stepper-merach-dans-mon-petit-appartement-et-trois-qui-ont-echoue\/#primaryimage"},"image":{"@id":"https:\/\/vieassociative.be\/actualites\/trois-endroits-ou-jai-cache-mon-mini-stepper-merach-dans-mon-petit-appartement-et-trois-qui-ont-echoue\/#primaryimage"},"thumbnailUrl":"https:\/\/vieassociative.be\/actualites\/wp-content\/uploads\/2025\/06\/Trois-endroits-ou-jai-cache-mon-mini-stepper-Merach-dans.png","datePublished":"2025-06-22T13:23:17+00:00","dateModified":"2025-06-22T13:23:17+00:00","breadcrumb":{"@id":"https:\/\/vieassociative.be\/actualites\/trois-endroits-ou-jai-cache-mon-mini-stepper-merach-dans-mon-petit-appartement-et-trois-qui-ont-echoue\/#breadcrumb"},"inLanguage":"fr-BE","potentialAction":[{"@type":"ReadAction","target":["https:\/\/vieassociative.be\/actualites\/trois-endroits-ou-jai-cache-mon-mini-stepper-merach-dans-mon-petit-appartement-et-trois-qui-ont-echoue\/"]}]},{"@type":"ImageObject","inLanguage":"fr-BE","@id":"https:\/\/vieassociative.be\/actualites\/trois-endroits-ou-jai-cache-mon-mini-stepper-merach-dans-mon-petit-appartement-et-trois-qui-ont-echoue\/#primaryimage","url":"https:\/\/vieassociative.be\/actualites\/wp-content\/uploads\/2025\/06\/Trois-endroits-ou-jai-cache-mon-mini-stepper-Merach-dans.png","contentUrl":"https:\/\/vieassociative.be\/actualites\/wp-content\/uploads\/2025\/06\/Trois-endroits-ou-jai-cache-mon-mini-stepper-Merach-dans.png","width":1200,"height":675,"caption":"Trois endroits o\u00f9 j'ai cach\u00e9 mon mini stepper Merach dans mon petit appartement (et trois qui ont \u00e9chou\u00e9)"},{"@type":"BreadcrumbList","@id":"https:\/\/vieassociative.be\/actualites\/trois-endroits-ou-jai-cache-mon-mini-stepper-merach-dans-mon-petit-appartement-et-trois-qui-ont-echoue\/#breadcrumb","itemListElement":[{"@type":"ListItem","position":1,"name":"Accueil","item":"https:\/\/vieassociative.be\/actualites\/"},{"@type":"ListItem","position":2,"name":"Trois endroits o\u00f9 j&rsquo;ai cach\u00e9 mon mini stepper Merach dans mon petit appartement (et trois qui ont \u00e9chou\u00e9)"}]},{"@type":"WebSite","@id":"https:\/\/vieassociative.be\/actualites\/#website","url":"https:\/\/vieassociative.be\/actualites\/","name":"Vie Associative","description":"","publisher":{"@id":"https:\/\/vieassociative.be\/actualites\/#organization"},"potentialAction":[{"@type":"SearchAction","target":{"@type":"EntryPoint","urlTemplate":"https:\/\/vieassociative.be\/actualites\/?s={search_term_string}"},"query-input":{"@type":"PropertyValueSpecification","valueRequired":true,"valueName":"search_term_string"}}],"inLanguage":"fr-BE"},{"@type":"Organization","@id":"https:\/\/vieassociative.be\/actualites\/#organization","name":"Vie Associative","url":"https:\/\/vieassociative.be\/actualites\/","logo":{"@type":"ImageObject","inLanguage":"fr-BE","@id":"https:\/\/vieassociative.be\/actualites\/#\/schema\/logo\/image\/","url":"https:\/\/vieassociative.be\/actualites\/wp-content\/uploads\/2024\/09\/cropped-vieassociative_favicon.ico.png","contentUrl":"https:\/\/vieassociative.be\/actualites\/wp-content\/uploads\/2024\/09\/cropped-vieassociative_favicon.ico.png","width":512,"height":512,"caption":"Vie Associative"},"image":{"@id":"https:\/\/vieassociative.be\/actualites\/#\/schema\/logo\/image\/"}},{"@type":"Person","@id":"https:\/\/vieassociative.be\/actualites\/#\/schema\/person\/b87ac4f82f9d4e7b7cec7395b679edc4","name":"Julien","image":{"@type":"ImageObject","inLanguage":"fr-BE","@id":"https:\/\/vieassociative.be\/actualites\/#\/schema\/person\/image\/","url":"https:\/\/vieassociative.be\/actualites\/wp-content\/uploads\/2024\/09\/vie-associative-1-150x150.jpg","contentUrl":"https:\/\/vieassociative.be\/actualites\/wp-content\/uploads\/2024\/09\/vie-associative-1-150x150.jpg","caption":"Julien"},"description":"Je suis Julien, r\u00e9dacteur pour Vie Associative. Passionn\u00e9 par le monde associatif depuis plus de 10 ans, j'ai \u00e0 c\u0153ur de partager des histoires inspirantes et de mettre en lumi\u00e8re les initiatives locales. Mon objectif est de sensibiliser et d'encourager l'engagement communautaire \u00e0 travers mes articles.","sameAs":["https:\/\/vieassociative.be\/"]}]}},"_links":{"self":[{"href":"https:\/\/vieassociative.be\/actualites\/wp-json\/wp\/v2\/posts\/8322"}],"collection":[{"href":"https:\/\/vieassociative.be\/actualites\/wp-json\/wp\/v2\/posts"}],"about":[{"href":"https:\/\/vieassociative.be\/actualites\/wp-json\/wp\/v2\/types\/post"}],"author":[{"embeddable":true,"href":"https:\/\/vieassociative.be\/actualites\/wp-json\/wp\/v2\/users\/1"}],"replies":[{"embeddable":true,"href":"https:\/\/vieassociative.be\/actualites\/wp-json\/wp\/v2\/comments?post=8322"}],"version-history":[{"count":0,"href":"https:\/\/vieassociative.be\/actualites\/wp-json\/wp\/v2\/posts\/8322\/revisions"}],"wp:featuredmedia":[{"embeddable":true,"href":"https:\/\/vieassociative.be\/actualites\/wp-json\/wp\/v2\/media\/8323"}],"wp:attachment":[{"href":"https:\/\/vieassociative.be\/actualites\/wp-json\/wp\/v2\/media?parent=8322"}],"wp:term":[{"taxonomy":"category","embeddable":true,"href":"https:\/\/vieassociative.be\/actualites\/wp-json\/wp\/v2\/categories?post=8322"},{"taxonomy":"post_tag","embeddable":true,"href":"https:\/\/vieassociative.be\/actualites\/wp-json\/wp\/v2\/tags?post=8322"}],"curies":[{"name":"wp","href":"https:\/\/api.w.org\/{rel}","templated":true}]}}