{"id":8319,"date":"2025-06-22T10:18:19","date_gmt":"2025-06-22T08:18:19","guid":{"rendered":"https:\/\/vieassociative.be\/actualites\/attaquer-et-detruire-les-installations-nucleaires-de-liran-aux-etats-unis-le-patron-guterres-met-en-garde-contre-les-consequences-catastrophiques\/"},"modified":"2025-06-22T10:18:19","modified_gmt":"2025-06-22T08:18:19","slug":"attaquer-et-detruire-les-installations-nucleaires-de-liran-aux-etats-unis-le-patron-guterres-met-en-garde-contre-les-consequences-catastrophiques","status":"publish","type":"post","link":"https:\/\/vieassociative.be\/actualites\/attaquer-et-detruire-les-installations-nucleaires-de-liran-aux-etats-unis-le-patron-guterres-met-en-garde-contre-les-consequences-catastrophiques\/","title":{"rendered":"Attaquer et d\u00e9truire les installations nucl\u00e9aires de l&rsquo;Iran aux \u00c9tats-Unis &#8211; le patron Guterres met en garde contre les cons\u00e9quences catastrophiques"},"content":{"rendered":"<p><strong>Les \u00c9tats-Unis sont intervenus en Iran du c\u00f4t\u00e9 d&rsquo;Isra\u00ebl et ont attaqu\u00e9 les installations nucl\u00e9aires, selon le pr\u00e9sident am\u00e9ricain Donald Trump. Les \u00ab\u00a0plantes d\u00e9cisives de l&rsquo;Iran pour l&rsquo;enrichissement de l&rsquo;uranium\u00a0\u00bb sont compl\u00e8tement d\u00e9truites, a d\u00e9clar\u00e9 Trump \u00e0 la Maison Blanche.<\/strong><\/p>\n<p><span id=\"more-418198\"><\/span>L&rsquo;\u00e9tablissement d&rsquo;enrichissement souterrain d&rsquo;uranium \u00e0 Fordo et les emplacements de Natan et d&rsquo;Isfahan ont \u00e9t\u00e9 bombard\u00e9s. L&rsquo;Iran doit maintenant choisir la voie de la paix, sinon les futures attaques seraient beaucoup plus importantes, Trump a menac\u00e9. Il reste \u00e0 voir si la R\u00e9publique islamique pratiquera des repr\u00e9sailles contre les bases am\u00e9ricaines dans la r\u00e9gion, quelle que soit cette forte menace.<\/p>\n<p>\u00ab\u00a0Si la paix ne vient pas rapidement, nous attaquerons les autres destinations avec pr\u00e9cision, vitesse et comp\u00e9tences, la plupart d&rsquo;entre elles peuvent \u00eatre \u00e9teintes en quelques minutes\u00a0\u00bb, a averti Trump \u00e0 T\u00e9h\u00e9ran. L&rsquo;objectif des \u00c9tats-Unis \u00e9tait la destruction des capacit\u00e9s iraniennes \u00e0 enrichir et la fin de la menace nucl\u00e9aire du \u00ab\u00a0plus grand sponsor de la terreur dans le monde\u00a0\u00bb, a d\u00e9clar\u00e9 Trump.<\/p>\n<div id=\"attachment_418202\" class=\"wp-caption alignleft\" style=\"max-width: 300px\"><img fetchpriority=\"high\" decoding=\"async\" class=\"wp-image-418202 size-medium\" src=\"https:\/\/vieassociative.be\/actualites\/wp-content\/uploads\/2025\/06\/Attaquer-et-detruire-les-installations-nucleaires-de-lIran-aux-Etats-Unis.jpg\" alt=\"\" width=\"300\" height=\"181\"><\/p>\n<p class=\"wp-caption-text\">19.06.2025, Iran, Fordo: Cette photo de satellite montre des v\u00e9hicules dans le centre d&rsquo;enrichissement Fordo en Iran le vendredi 19 juin 2025. Les \u00c9tats-Unis sont intervenus du c\u00f4t\u00e9 d&rsquo;Isra\u00ebl \u00e0 la guerre contre l&rsquo;Iran et, selon le pr\u00e9sident am\u00e9ricain, a attaqu\u00e9 Rattagen. Photo: Technologies non cr\u00e9dit\u00e9es \/ Maxar via AP \/ DPA<\/p>\n<\/div>\n<p>Selon les m\u00e9dias am\u00e9ricains, un total de 40 000 soldats au total sont stationn\u00e9s sur les bases de l&rsquo;arm\u00e9e am\u00e9ricaine dans l&rsquo;exemple Regipon-For en Irak, au Qatar ou au Kowe\u00eft.<\/p>\n<p>Le Premier ministre isra\u00e9lien Benjamin Netanyahu a parl\u00e9 d&rsquo;une \u00ab\u00a0d\u00e9cision courageuse\u00a0\u00bb par le pr\u00e9sident am\u00e9ricain. \u00ab\u00a0Votre d\u00e9cision courageuse de cibler les syst\u00e8mes nucl\u00e9aires de l&rsquo;Iran avec l&rsquo;\u00e9norme et juste le pouvoir des \u00c9tats-Unis changera l&rsquo;histoire\u00a0\u00bb, a d\u00e9clar\u00e9 Netanyahu dans un message vid\u00e9o. Avant les attaques, Trump avait soulign\u00e9 que l&rsquo;Iran ne devrait jamais entrer en possession d&rsquo;une bombe atomique. En fait, il avait commenc\u00e9 dans le but de ne pas mener les \u00c9tats-Unis dans de nouvelles guerres.<\/p>\n<p>Le secr\u00e9taire g\u00e9n\u00e9ral de l&rsquo;ONU Ant\u00f3nio Guterres s&rsquo;est montr\u00e9 \u00ab\u00a0profond\u00e9ment inquiet\u00a0\u00bb selon les attaques am\u00e9ricaines et a mis en garde contre les cons\u00e9quences catastrophiques pour le monde. \u00ab\u00a0Au cours de cette heure dangereuse, il est crucial d&rsquo;\u00e9viter une spirale de chaos\u00a0\u00bb, a d\u00e9clar\u00e9 Guterres la nuit. Les \u00c9tats membres sont invit\u00e9s \u00e0 respecter leurs obligations de la Charte des Nations Unies. \u00ab\u00a0Il n&rsquo;y a pas de solution militaire. La seule voie \u00e0 suivre est la diplomatie. Le seul espoir est la paix\u00a0\u00bb, a d\u00e9clar\u00e9 Guterres.<\/p>\n<p><strong>&#8211; L&rsquo;Iran confirme les attaques contre les syst\u00e8mes nucl\u00e9aires:<\/strong> L&rsquo;Iran a confirm\u00e9 une attaque contre les installations nucl\u00e9aires du pays. Cependant, l&rsquo;agence de presse de l&rsquo;\u00c9tat IRNA n&rsquo;a indiqu\u00e9 qu&rsquo;une partie de la zone autour du syst\u00e8me d&rsquo;enrichissement en uranium Fordo avait \u00e9t\u00e9 endommag\u00e9e. Elle a cit\u00e9 un porte-parole de la crise de la province touch\u00e9e du Ghom, afin que la situation dans les r\u00e9gions soit \u00e0 nouveau calme. Un agent de s\u00e9curit\u00e9 \u00e9lev\u00e9 de la province d&rsquo;Isfahan a \u00e9galement confirm\u00e9 les attaques \u00ab\u00a0pr\u00e8s\u00a0\u00bb des installations nucl\u00e9aires d&rsquo;Isfahan et de Natans, selon l&rsquo;agence de presse Tasnim connect\u00e9e aux puissants gardes de la r\u00e9volution.<\/p>\n<div id=\"attachment_418212\" class=\"wp-caption alignleft\" style=\"max-width: 300px\"><img decoding=\"async\" class=\"wp-image-418212 size-medium\" src=\"https:\/\/vieassociative.be\/actualites\/wp-content\/uploads\/2025\/06\/1750580299_741_Attaquer-et-detruire-les-installations-nucleaires-de-lIran-aux-Etats-Unis.jpg\" alt=\"\" width=\"300\" height=\"200\"><\/p>\n<p class=\"wp-caption-text\">22\/06\/2025, Isra\u00ebl, Tel Aviv: les pompiers, les secouristes et les militaires se r\u00e9unissent \u00e0 la place d&rsquo;une attaque de fus\u00e9e directe d&rsquo;Iran. Photo: ODED Balilty \/ AP \/ DPA<\/p>\n<\/div>\n<p>Selon une autorit\u00e9 iranienne, il n&rsquo;y a aucun risque apr\u00e8s l&rsquo;attaque am\u00e9ricaine contre Fordo. Il n&rsquo;y avait aucun danger pour la population de Ghom et les environs, a rapport\u00e9 l&rsquo;agence de presse de l&rsquo;\u00c9tat IRNA, citant le centre de gestion de crise de la province touch\u00e9e. Le syst\u00e8me Fordo est \u00e0 environ 100 m\u00e8tres de profondeur sous le sol. Il n&rsquo;est pas clair si le rayonnement radioactif se produit \u00e0 partir du syst\u00e8me avec un bombardement lourd. Pendant ce temps, les images de chaleur des satellites de la NASA ont montr\u00e9 des sources de chaleur frappantes qui indiquent le syst\u00e8me \u00e0 la suite du bombardement.<\/p>\n<p>L&rsquo;Organisation de l&rsquo;\u00e9nergie atomique de l&rsquo;Iran a condamn\u00e9 fortement les attaques am\u00e9ricaines contre leurs syst\u00e8mes nucl\u00e9aires. L&rsquo;organisation a appel\u00e9 la communaut\u00e9 mondiale \u00e0 condamner \u00e9galement les bombardements. Les attaques contre les installations nucl\u00e9aires de Fordo, Natans et Isfahan ont d\u00e9crit l&rsquo;organisation comme une \u00ab\u00a0campagne barbare\u00a0\u00bb, qui viole le droit international.<\/p>\n<p>T\u00e9h\u00e9ran a \u00e9galement reproch\u00e9 l&rsquo;agence internationale de l&rsquo;\u00e9nergie atomique IAEA. Les attaques \u00e9taient \u00ab\u00a0sous l&rsquo;indiff\u00e9rence ou m\u00eame la participation\u00a0\u00bb de l&rsquo;AIEA. L&rsquo;organisation nucl\u00e9aire iranienne a d\u00e9clar\u00e9 que malgr\u00e9 les \u00ab\u00a0complots malins des ennemis\u00a0\u00bb le programme nucl\u00e9aire de l&rsquo;Iran n&rsquo;\u00e9tait pas arr\u00eat\u00e9. (DPA)<\/p>\n","protected":false},"excerpt":{"rendered":"<p>Les \u00c9tats-Unis sont intervenus en Iran du c\u00f4t\u00e9 d&rsquo;Isra\u00ebl et ont attaqu\u00e9 les installations nucl\u00e9aires, selon le pr\u00e9sident am\u00e9ricain Donald Trump. Les \u00ab\u00a0plantes d\u00e9cisives de<\/p>\n","protected":false},"author":1,"featured_media":8320,"comment_status":"","ping_status":"","sticky":false,"template":"","format":"standard","meta":{"footnotes":""},"categories":[298],"tags":[7497,289,3603,1025,796,2658,290,903,7498,6699,14,7426,3593,5479,3953],"class_list":["post-8319","post","type-post","status-publish","format-standard","has-post-thumbnail","hentry","category-belgique","tag-attaquer","tag-aux","tag-catastrophiques","tag-consequences","tag-contre","tag-detruire","tag-etatsunis","tag-garde","tag-guterres","tag-installations","tag-les","tag-liran","tag-met","tag-nucleaires","tag-patron","generate-columns","tablet-grid-50","mobile-grid-100","grid-parent","grid-33"],"yoast_head":"<!-- This site is optimized with the Yoast SEO plugin v24.0 - https:\/\/yoast.com\/wordpress\/plugins\/seo\/ -->\n<title>Attaquer et d\u00e9truire les installations nucl\u00e9aires de l&#039;Iran aux \u00c9tats-Unis - le patron Guterres met en garde contre les cons\u00e9quences catastrophiques | Vie Associative<\/title>\n<meta name=\"robots\" content=\"index, follow, max-snippet:-1, max-image-preview:large, max-video-preview:-1\" \/>\n<link rel=\"canonical\" href=\"https:\/\/vieassociative.be\/actualites\/attaquer-et-detruire-les-installations-nucleaires-de-liran-aux-etats-unis-le-patron-guterres-met-en-garde-contre-les-consequences-catastrophiques\/\" \/>\n<meta property=\"og:locale\" content=\"fr_FR\" \/>\n<meta property=\"og:type\" content=\"article\" \/>\n<meta property=\"og:title\" content=\"Attaquer et d\u00e9truire les installations nucl\u00e9aires de l&#039;Iran aux \u00c9tats-Unis - le patron Guterres met en garde contre les cons\u00e9quences catastrophiques | Vie Associative\" \/>\n<meta property=\"og:description\" content=\"Les \u00c9tats-Unis sont intervenus en Iran du c\u00f4t\u00e9 d&rsquo;Isra\u00ebl et ont attaqu\u00e9 les installations nucl\u00e9aires, selon le pr\u00e9sident am\u00e9ricain Donald Trump. Les \u00ab\u00a0plantes d\u00e9cisives de\" \/>\n<meta property=\"og:url\" content=\"https:\/\/vieassociative.be\/actualites\/attaquer-et-detruire-les-installations-nucleaires-de-liran-aux-etats-unis-le-patron-guterres-met-en-garde-contre-les-consequences-catastrophiques\/\" \/>\n<meta property=\"og:site_name\" content=\"Vie Associative\" \/>\n<meta property=\"article:published_time\" content=\"2025-06-22T08:18:19+00:00\" \/>\n<meta property=\"og:image\" content=\"https:\/\/vieassociative.be\/actualites\/wp-content\/uploads\/2024\/09\/header_backgroundk-01-e1726694325946.png\" \/>\n\t<meta property=\"og:image:width\" content=\"279\" \/>\n\t<meta property=\"og:image:height\" content=\"92\" \/>\n\t<meta property=\"og:image:type\" content=\"image\/png\" \/>\n<meta name=\"author\" content=\"Julien\" \/>\n<meta name=\"twitter:card\" content=\"summary_large_image\" \/>\n<meta name=\"twitter:label1\" content=\"\u00c9crit par\" \/>\n\t<meta name=\"twitter:data1\" content=\"Julien\" \/>\n\t<meta name=\"twitter:label2\" content=\"Dur\u00e9e de lecture est.\" \/>\n\t<meta name=\"twitter:data2\" content=\"4 minutes\" \/>\n<script type=\"application\/ld+json\" class=\"yoast-schema-graph\">{\"@context\":\"https:\/\/schema.org\",\"@graph\":[{\"@type\":\"Article\",\"@id\":\"https:\/\/vieassociative.be\/actualites\/attaquer-et-detruire-les-installations-nucleaires-de-liran-aux-etats-unis-le-patron-guterres-met-en-garde-contre-les-consequences-catastrophiques\/#article\",\"isPartOf\":{\"@id\":\"https:\/\/vieassociative.be\/actualites\/attaquer-et-detruire-les-installations-nucleaires-de-liran-aux-etats-unis-le-patron-guterres-met-en-garde-contre-les-consequences-catastrophiques\/\"},\"author\":{\"name\":\"Julien\",\"@id\":\"https:\/\/vieassociative.be\/actualites\/#\/schema\/person\/b87ac4f82f9d4e7b7cec7395b679edc4\"},\"headline\":\"Attaquer et d\u00e9truire les installations nucl\u00e9aires de l&rsquo;Iran aux \u00c9tats-Unis &#8211; le patron Guterres met en garde contre les cons\u00e9quences catastrophiques\",\"datePublished\":\"2025-06-22T08:18:19+00:00\",\"dateModified\":\"2025-06-22T08:18:19+00:00\",\"mainEntityOfPage\":{\"@id\":\"https:\/\/vieassociative.be\/actualites\/attaquer-et-detruire-les-installations-nucleaires-de-liran-aux-etats-unis-le-patron-guterres-met-en-garde-contre-les-consequences-catastrophiques\/\"},\"wordCount\":880,\"publisher\":{\"@id\":\"https:\/\/vieassociative.be\/actualites\/#organization\"},\"image\":{\"@id\":\"https:\/\/vieassociative.be\/actualites\/attaquer-et-detruire-les-installations-nucleaires-de-liran-aux-etats-unis-le-patron-guterres-met-en-garde-contre-les-consequences-catastrophiques\/#primaryimage\"},\"thumbnailUrl\":\"https:\/\/vieassociative.be\/actualites\/wp-content\/uploads\/2025\/06\/1750580300_Attaquer-et-detruire-les-installations-nucleaires-de-lIran-aux-Etats-Unis.jpg\",\"keywords\":[\"Attaquer\",\"aux\",\"catastrophiques\",\"cons\u00e9quences\",\"contre\",\"d\u00e9truire\",\"\u00c9tatsUnis\",\"garde\",\"Guterres\",\"installations\",\"Les\",\"lIran\",\"met\",\"nucl\u00e9aires\",\"patron\"],\"articleSection\":[\"Belgique\"],\"inLanguage\":\"fr-BE\"},{\"@type\":\"WebPage\",\"@id\":\"https:\/\/vieassociative.be\/actualites\/attaquer-et-detruire-les-installations-nucleaires-de-liran-aux-etats-unis-le-patron-guterres-met-en-garde-contre-les-consequences-catastrophiques\/\",\"url\":\"https:\/\/vieassociative.be\/actualites\/attaquer-et-detruire-les-installations-nucleaires-de-liran-aux-etats-unis-le-patron-guterres-met-en-garde-contre-les-consequences-catastrophiques\/\",\"name\":\"Attaquer et d\u00e9truire les installations nucl\u00e9aires de l'Iran aux \u00c9tats-Unis - le patron Guterres met en garde contre les cons\u00e9quences catastrophiques | Vie Associative\",\"isPartOf\":{\"@id\":\"https:\/\/vieassociative.be\/actualites\/#website\"},\"primaryImageOfPage\":{\"@id\":\"https:\/\/vieassociative.be\/actualites\/attaquer-et-detruire-les-installations-nucleaires-de-liran-aux-etats-unis-le-patron-guterres-met-en-garde-contre-les-consequences-catastrophiques\/#primaryimage\"},\"image\":{\"@id\":\"https:\/\/vieassociative.be\/actualites\/attaquer-et-detruire-les-installations-nucleaires-de-liran-aux-etats-unis-le-patron-guterres-met-en-garde-contre-les-consequences-catastrophiques\/#primaryimage\"},\"thumbnailUrl\":\"https:\/\/vieassociative.be\/actualites\/wp-content\/uploads\/2025\/06\/1750580300_Attaquer-et-detruire-les-installations-nucleaires-de-lIran-aux-Etats-Unis.jpg\",\"datePublished\":\"2025-06-22T08:18:19+00:00\",\"dateModified\":\"2025-06-22T08:18:19+00:00\",\"breadcrumb\":{\"@id\":\"https:\/\/vieassociative.be\/actualites\/attaquer-et-detruire-les-installations-nucleaires-de-liran-aux-etats-unis-le-patron-guterres-met-en-garde-contre-les-consequences-catastrophiques\/#breadcrumb\"},\"inLanguage\":\"fr-BE\",\"potentialAction\":[{\"@type\":\"ReadAction\",\"target\":[\"https:\/\/vieassociative.be\/actualites\/attaquer-et-detruire-les-installations-nucleaires-de-liran-aux-etats-unis-le-patron-guterres-met-en-garde-contre-les-consequences-catastrophiques\/\"]}]},{\"@type\":\"ImageObject\",\"inLanguage\":\"fr-BE\",\"@id\":\"https:\/\/vieassociative.be\/actualites\/attaquer-et-detruire-les-installations-nucleaires-de-liran-aux-etats-unis-le-patron-guterres-met-en-garde-contre-les-consequences-catastrophiques\/#primaryimage\",\"url\":\"https:\/\/vieassociative.be\/actualites\/wp-content\/uploads\/2025\/06\/1750580300_Attaquer-et-detruire-les-installations-nucleaires-de-lIran-aux-Etats-Unis.jpg\",\"contentUrl\":\"https:\/\/vieassociative.be\/actualites\/wp-content\/uploads\/2025\/06\/1750580300_Attaquer-et-detruire-les-installations-nucleaires-de-lIran-aux-Etats-Unis.jpg\",\"width\":1200,\"height\":800,\"caption\":\"Attaquer et d\u00e9truire les installations nucl\u00e9aires de l'Iran aux \u00c9tats-Unis - le patron Guterres met en garde contre les cons\u00e9quences catastrophiques\"},{\"@type\":\"BreadcrumbList\",\"@id\":\"https:\/\/vieassociative.be\/actualites\/attaquer-et-detruire-les-installations-nucleaires-de-liran-aux-etats-unis-le-patron-guterres-met-en-garde-contre-les-consequences-catastrophiques\/#breadcrumb\",\"itemListElement\":[{\"@type\":\"ListItem\",\"position\":1,\"name\":\"Accueil\",\"item\":\"https:\/\/vieassociative.be\/actualites\/\"},{\"@type\":\"ListItem\",\"position\":2,\"name\":\"Attaquer et d\u00e9truire les installations nucl\u00e9aires de l&rsquo;Iran aux \u00c9tats-Unis &#8211; le patron Guterres met en garde contre les cons\u00e9quences catastrophiques\"}]},{\"@type\":\"WebSite\",\"@id\":\"https:\/\/vieassociative.be\/actualites\/#website\",\"url\":\"https:\/\/vieassociative.be\/actualites\/\",\"name\":\"Vie Associative\",\"description\":\"\",\"publisher\":{\"@id\":\"https:\/\/vieassociative.be\/actualites\/#organization\"},\"potentialAction\":[{\"@type\":\"SearchAction\",\"target\":{\"@type\":\"EntryPoint\",\"urlTemplate\":\"https:\/\/vieassociative.be\/actualites\/?s={search_term_string}\"},\"query-input\":{\"@type\":\"PropertyValueSpecification\",\"valueRequired\":true,\"valueName\":\"search_term_string\"}}],\"inLanguage\":\"fr-BE\"},{\"@type\":\"Organization\",\"@id\":\"https:\/\/vieassociative.be\/actualites\/#organization\",\"name\":\"Vie Associative\",\"url\":\"https:\/\/vieassociative.be\/actualites\/\",\"logo\":{\"@type\":\"ImageObject\",\"inLanguage\":\"fr-BE\",\"@id\":\"https:\/\/vieassociative.be\/actualites\/#\/schema\/logo\/image\/\",\"url\":\"https:\/\/vieassociative.be\/actualites\/wp-content\/uploads\/2024\/09\/cropped-vieassociative_favicon.ico.png\",\"contentUrl\":\"https:\/\/vieassociative.be\/actualites\/wp-content\/uploads\/2024\/09\/cropped-vieassociative_favicon.ico.png\",\"width\":512,\"height\":512,\"caption\":\"Vie Associative\"},\"image\":{\"@id\":\"https:\/\/vieassociative.be\/actualites\/#\/schema\/logo\/image\/\"}},{\"@type\":\"Person\",\"@id\":\"https:\/\/vieassociative.be\/actualites\/#\/schema\/person\/b87ac4f82f9d4e7b7cec7395b679edc4\",\"name\":\"Julien\",\"image\":{\"@type\":\"ImageObject\",\"inLanguage\":\"fr-BE\",\"@id\":\"https:\/\/vieassociative.be\/actualites\/#\/schema\/person\/image\/\",\"url\":\"https:\/\/vieassociative.be\/actualites\/wp-content\/uploads\/2024\/09\/vie-associative-1-150x150.jpg\",\"contentUrl\":\"https:\/\/vieassociative.be\/actualites\/wp-content\/uploads\/2024\/09\/vie-associative-1-150x150.jpg\",\"caption\":\"Julien\"},\"description\":\"Je suis Julien, r\u00e9dacteur pour Vie Associative. Passionn\u00e9 par le monde associatif depuis plus de 10 ans, j'ai \u00e0 c\u0153ur de partager des histoires inspirantes et de mettre en lumi\u00e8re les initiatives locales. Mon objectif est de sensibiliser et d'encourager l'engagement communautaire \u00e0 travers mes articles.\",\"sameAs\":[\"https:\/\/vieassociative.be\/\"]}]}<\/script>\n<!-- \/ Yoast SEO plugin. -->","yoast_head_json":{"title":"Attaquer et d\u00e9truire les installations nucl\u00e9aires de l'Iran aux \u00c9tats-Unis - le patron Guterres met en garde contre les cons\u00e9quences catastrophiques | Vie Associative","robots":{"index":"index","follow":"follow","max-snippet":"max-snippet:-1","max-image-preview":"max-image-preview:large","max-video-preview":"max-video-preview:-1"},"canonical":"https:\/\/vieassociative.be\/actualites\/attaquer-et-detruire-les-installations-nucleaires-de-liran-aux-etats-unis-le-patron-guterres-met-en-garde-contre-les-consequences-catastrophiques\/","og_locale":"fr_FR","og_type":"article","og_title":"Attaquer et d\u00e9truire les installations nucl\u00e9aires de l'Iran aux \u00c9tats-Unis - le patron Guterres met en garde contre les cons\u00e9quences catastrophiques | Vie Associative","og_description":"Les \u00c9tats-Unis sont intervenus en Iran du c\u00f4t\u00e9 d&rsquo;Isra\u00ebl et ont attaqu\u00e9 les installations nucl\u00e9aires, selon le pr\u00e9sident am\u00e9ricain Donald Trump. Les \u00ab\u00a0plantes d\u00e9cisives de","og_url":"https:\/\/vieassociative.be\/actualites\/attaquer-et-detruire-les-installations-nucleaires-de-liran-aux-etats-unis-le-patron-guterres-met-en-garde-contre-les-consequences-catastrophiques\/","og_site_name":"Vie Associative","article_published_time":"2025-06-22T08:18:19+00:00","og_image":[{"width":279,"height":92,"url":"https:\/\/vieassociative.be\/actualites\/wp-content\/uploads\/2024\/09\/header_backgroundk-01-e1726694325946.png","type":"image\/png"}],"author":"Julien","twitter_card":"summary_large_image","twitter_misc":{"\u00c9crit par":"Julien","Dur\u00e9e de lecture est.":"4 minutes"},"schema":{"@context":"https:\/\/schema.org","@graph":[{"@type":"Article","@id":"https:\/\/vieassociative.be\/actualites\/attaquer-et-detruire-les-installations-nucleaires-de-liran-aux-etats-unis-le-patron-guterres-met-en-garde-contre-les-consequences-catastrophiques\/#article","isPartOf":{"@id":"https:\/\/vieassociative.be\/actualites\/attaquer-et-detruire-les-installations-nucleaires-de-liran-aux-etats-unis-le-patron-guterres-met-en-garde-contre-les-consequences-catastrophiques\/"},"author":{"name":"Julien","@id":"https:\/\/vieassociative.be\/actualites\/#\/schema\/person\/b87ac4f82f9d4e7b7cec7395b679edc4"},"headline":"Attaquer et d\u00e9truire les installations nucl\u00e9aires de l&rsquo;Iran aux \u00c9tats-Unis &#8211; le patron Guterres met en garde contre les cons\u00e9quences catastrophiques","datePublished":"2025-06-22T08:18:19+00:00","dateModified":"2025-06-22T08:18:19+00:00","mainEntityOfPage":{"@id":"https:\/\/vieassociative.be\/actualites\/attaquer-et-detruire-les-installations-nucleaires-de-liran-aux-etats-unis-le-patron-guterres-met-en-garde-contre-les-consequences-catastrophiques\/"},"wordCount":880,"publisher":{"@id":"https:\/\/vieassociative.be\/actualites\/#organization"},"image":{"@id":"https:\/\/vieassociative.be\/actualites\/attaquer-et-detruire-les-installations-nucleaires-de-liran-aux-etats-unis-le-patron-guterres-met-en-garde-contre-les-consequences-catastrophiques\/#primaryimage"},"thumbnailUrl":"https:\/\/vieassociative.be\/actualites\/wp-content\/uploads\/2025\/06\/1750580300_Attaquer-et-detruire-les-installations-nucleaires-de-lIran-aux-Etats-Unis.jpg","keywords":["Attaquer","aux","catastrophiques","cons\u00e9quences","contre","d\u00e9truire","\u00c9tatsUnis","garde","Guterres","installations","Les","lIran","met","nucl\u00e9aires","patron"],"articleSection":["Belgique"],"inLanguage":"fr-BE"},{"@type":"WebPage","@id":"https:\/\/vieassociative.be\/actualites\/attaquer-et-detruire-les-installations-nucleaires-de-liran-aux-etats-unis-le-patron-guterres-met-en-garde-contre-les-consequences-catastrophiques\/","url":"https:\/\/vieassociative.be\/actualites\/attaquer-et-detruire-les-installations-nucleaires-de-liran-aux-etats-unis-le-patron-guterres-met-en-garde-contre-les-consequences-catastrophiques\/","name":"Attaquer et d\u00e9truire les installations nucl\u00e9aires de l'Iran aux \u00c9tats-Unis - le patron Guterres met en garde contre les cons\u00e9quences catastrophiques | Vie Associative","isPartOf":{"@id":"https:\/\/vieassociative.be\/actualites\/#website"},"primaryImageOfPage":{"@id":"https:\/\/vieassociative.be\/actualites\/attaquer-et-detruire-les-installations-nucleaires-de-liran-aux-etats-unis-le-patron-guterres-met-en-garde-contre-les-consequences-catastrophiques\/#primaryimage"},"image":{"@id":"https:\/\/vieassociative.be\/actualites\/attaquer-et-detruire-les-installations-nucleaires-de-liran-aux-etats-unis-le-patron-guterres-met-en-garde-contre-les-consequences-catastrophiques\/#primaryimage"},"thumbnailUrl":"https:\/\/vieassociative.be\/actualites\/wp-content\/uploads\/2025\/06\/1750580300_Attaquer-et-detruire-les-installations-nucleaires-de-lIran-aux-Etats-Unis.jpg","datePublished":"2025-06-22T08:18:19+00:00","dateModified":"2025-06-22T08:18:19+00:00","breadcrumb":{"@id":"https:\/\/vieassociative.be\/actualites\/attaquer-et-detruire-les-installations-nucleaires-de-liran-aux-etats-unis-le-patron-guterres-met-en-garde-contre-les-consequences-catastrophiques\/#breadcrumb"},"inLanguage":"fr-BE","potentialAction":[{"@type":"ReadAction","target":["https:\/\/vieassociative.be\/actualites\/attaquer-et-detruire-les-installations-nucleaires-de-liran-aux-etats-unis-le-patron-guterres-met-en-garde-contre-les-consequences-catastrophiques\/"]}]},{"@type":"ImageObject","inLanguage":"fr-BE","@id":"https:\/\/vieassociative.be\/actualites\/attaquer-et-detruire-les-installations-nucleaires-de-liran-aux-etats-unis-le-patron-guterres-met-en-garde-contre-les-consequences-catastrophiques\/#primaryimage","url":"https:\/\/vieassociative.be\/actualites\/wp-content\/uploads\/2025\/06\/1750580300_Attaquer-et-detruire-les-installations-nucleaires-de-lIran-aux-Etats-Unis.jpg","contentUrl":"https:\/\/vieassociative.be\/actualites\/wp-content\/uploads\/2025\/06\/1750580300_Attaquer-et-detruire-les-installations-nucleaires-de-lIran-aux-Etats-Unis.jpg","width":1200,"height":800,"caption":"Attaquer et d\u00e9truire les installations nucl\u00e9aires de l'Iran aux \u00c9tats-Unis - le patron Guterres met en garde contre les cons\u00e9quences catastrophiques"},{"@type":"BreadcrumbList","@id":"https:\/\/vieassociative.be\/actualites\/attaquer-et-detruire-les-installations-nucleaires-de-liran-aux-etats-unis-le-patron-guterres-met-en-garde-contre-les-consequences-catastrophiques\/#breadcrumb","itemListElement":[{"@type":"ListItem","position":1,"name":"Accueil","item":"https:\/\/vieassociative.be\/actualites\/"},{"@type":"ListItem","position":2,"name":"Attaquer et d\u00e9truire les installations nucl\u00e9aires de l&rsquo;Iran aux \u00c9tats-Unis &#8211; le patron Guterres met en garde contre les cons\u00e9quences catastrophiques"}]},{"@type":"WebSite","@id":"https:\/\/vieassociative.be\/actualites\/#website","url":"https:\/\/vieassociative.be\/actualites\/","name":"Vie Associative","description":"","publisher":{"@id":"https:\/\/vieassociative.be\/actualites\/#organization"},"potentialAction":[{"@type":"SearchAction","target":{"@type":"EntryPoint","urlTemplate":"https:\/\/vieassociative.be\/actualites\/?s={search_term_string}"},"query-input":{"@type":"PropertyValueSpecification","valueRequired":true,"valueName":"search_term_string"}}],"inLanguage":"fr-BE"},{"@type":"Organization","@id":"https:\/\/vieassociative.be\/actualites\/#organization","name":"Vie Associative","url":"https:\/\/vieassociative.be\/actualites\/","logo":{"@type":"ImageObject","inLanguage":"fr-BE","@id":"https:\/\/vieassociative.be\/actualites\/#\/schema\/logo\/image\/","url":"https:\/\/vieassociative.be\/actualites\/wp-content\/uploads\/2024\/09\/cropped-vieassociative_favicon.ico.png","contentUrl":"https:\/\/vieassociative.be\/actualites\/wp-content\/uploads\/2024\/09\/cropped-vieassociative_favicon.ico.png","width":512,"height":512,"caption":"Vie Associative"},"image":{"@id":"https:\/\/vieassociative.be\/actualites\/#\/schema\/logo\/image\/"}},{"@type":"Person","@id":"https:\/\/vieassociative.be\/actualites\/#\/schema\/person\/b87ac4f82f9d4e7b7cec7395b679edc4","name":"Julien","image":{"@type":"ImageObject","inLanguage":"fr-BE","@id":"https:\/\/vieassociative.be\/actualites\/#\/schema\/person\/image\/","url":"https:\/\/vieassociative.be\/actualites\/wp-content\/uploads\/2024\/09\/vie-associative-1-150x150.jpg","contentUrl":"https:\/\/vieassociative.be\/actualites\/wp-content\/uploads\/2024\/09\/vie-associative-1-150x150.jpg","caption":"Julien"},"description":"Je suis Julien, r\u00e9dacteur pour Vie Associative. Passionn\u00e9 par le monde associatif depuis plus de 10 ans, j'ai \u00e0 c\u0153ur de partager des histoires inspirantes et de mettre en lumi\u00e8re les initiatives locales. Mon objectif est de sensibiliser et d'encourager l'engagement communautaire \u00e0 travers mes articles.","sameAs":["https:\/\/vieassociative.be\/"]}]}},"_links":{"self":[{"href":"https:\/\/vieassociative.be\/actualites\/wp-json\/wp\/v2\/posts\/8319"}],"collection":[{"href":"https:\/\/vieassociative.be\/actualites\/wp-json\/wp\/v2\/posts"}],"about":[{"href":"https:\/\/vieassociative.be\/actualites\/wp-json\/wp\/v2\/types\/post"}],"author":[{"embeddable":true,"href":"https:\/\/vieassociative.be\/actualites\/wp-json\/wp\/v2\/users\/1"}],"replies":[{"embeddable":true,"href":"https:\/\/vieassociative.be\/actualites\/wp-json\/wp\/v2\/comments?post=8319"}],"version-history":[{"count":0,"href":"https:\/\/vieassociative.be\/actualites\/wp-json\/wp\/v2\/posts\/8319\/revisions"}],"wp:featuredmedia":[{"embeddable":true,"href":"https:\/\/vieassociative.be\/actualites\/wp-json\/wp\/v2\/media\/8320"}],"wp:attachment":[{"href":"https:\/\/vieassociative.be\/actualites\/wp-json\/wp\/v2\/media?parent=8319"}],"wp:term":[{"taxonomy":"category","embeddable":true,"href":"https:\/\/vieassociative.be\/actualites\/wp-json\/wp\/v2\/categories?post=8319"},{"taxonomy":"post_tag","embeddable":true,"href":"https:\/\/vieassociative.be\/actualites\/wp-json\/wp\/v2\/tags?post=8319"}],"curies":[{"name":"wp","href":"https:\/\/api.w.org\/{rel}","templated":true}]}}