{"id":8317,"date":"2025-06-22T09:17:37","date_gmt":"2025-06-22T07:17:37","guid":{"rendered":"https:\/\/vieassociative.be\/actualites\/a-quoi-sattendre-de-la-vente-du-black-friday-de-juillet-de-best-buy\/"},"modified":"2025-06-22T09:17:37","modified_gmt":"2025-06-22T07:17:37","slug":"a-quoi-sattendre-de-la-vente-du-black-friday-de-juillet-de-best-buy","status":"publish","type":"post","link":"https:\/\/vieassociative.be\/actualites\/a-quoi-sattendre-de-la-vente-du-black-friday-de-juillet-de-best-buy\/","title":{"rendered":"\u00c0 quoi s&rsquo;attendre de la vente du \u00abBlack Friday de juillet\u00bb de Best Buy"},"content":{"rendered":"<div class=\"mt-4 leading-6 md:mb-8\">La vente de Best Buy durera une semaine enti\u00e8re et aura des offres technologiques sur les t\u00e9l\u00e9viseurs, les ordinateurs portables, les \u00e9couteurs, les jeux vid\u00e9o, les v\u00e9los \u00e9lectriques, etc.<\/div>\n<p><\/p>\n<p>Nous arrivons \u00e0 cette p\u00e9riode de l&rsquo;ann\u00e9e o\u00f9 chaque grand d\u00e9taillant semble avoir une \u00e9norme vente menant \u00e0 l&rsquo;\u00e9t\u00e9. La vente de Prime Day d&rsquo;Amazon est l&rsquo;\u00e9v\u00e9nement principal de l&rsquo;\u00e9t\u00e9, que tous les autres d\u00e9taillants semblent tourner autour. Best Buy appelle sa vente de concours de grande journ\u00e9e \u00ab\u00a0Black Friday en juillet\u00a0\u00bb et dure pr\u00e8s d&rsquo;une semaine. Voici ce \u00e0 quoi vous pouvez vous attendre.<\/p>\n<h2 id=\"when-is-best-buys-black-friday-in-july-sale\">Quand est la vente du \u00abBlack Friday de juillet\u00bb de Best Buy?<\/h2>\n<p>La vente d&rsquo;\u00e9t\u00e9 de Best Buy aura lieu du 7 au 13 juillet. Il se trouve \u00e9galement \u00e0 Overlap Prime Day (probablement pas par co\u00efncidence), qui se d\u00e9roule du 8 au 11 juillet. C&rsquo;est la premi\u00e8re fois que cette vente durera une semaine.<\/p>\n<h2 id=\"what-other-retailers-are-competing-with-amazons-prime-day\">Quels autres d\u00e9taillants sont en concurrence avec la premi\u00e8re journ\u00e9e d&rsquo;Amazon?<\/h2>\n<p>Apr\u00e8s l&rsquo;annonce de la premi\u00e8re journ\u00e9e d&rsquo;Amazon, Target et Best Buy ont annonc\u00e9 le leur. Target a la semaine Circle, qui se d\u00e9roulera du 6 au 12 juillet, et Best Buy a sa vente de Black Friday de juillet. Walmart n&rsquo;a pas encore fait d&rsquo;annonce officielle, mais ce n&rsquo;est s\u00fbrement qu&rsquo;une question de temps avant.<\/p>\n<h2 id=\"do-you-need-to-be-a-member-to-shop-best-buys-sale\">Avez-vous besoin d&rsquo;\u00eatre membre pour acheter la vente de Best Buy?<\/h2>\n<p>Best Buy n&rsquo;a pas publi\u00e9 de d\u00e9tails sur la question de savoir si la vente sera exclusivement pour les membres payants, mais j&rsquo;ai contact\u00e9 plus d&rsquo;informations et je mettrai \u00e0 jour ici. Sur la base de ses ventes pr\u00e9c\u00e9dentes, il est probable que quiconque est abonn\u00e9 \u00e0 l&rsquo;adh\u00e9sion gratuite de Best Buy pourra participer.<\/p>\n<div class=\"pogoClear relative my-10 border-b-(1.5px) border-t-(1.5px) border-dashed border-black py-5 sm:my-14 sm:border-0 sm:py-0\" data-ga-click data-ga-template=\"Deals\" data-ga-module=\"openweb_widget\" data-ga-element=\"openweb_scroll\" data-ga-item=\"openweb_scroll_midpage\" x-data=\"{\n         commentsCount: null,\n         hasComments: false,\n         async fetchCommentsCount() {\n             try {\n                 if (window.openweb &amp;&amp; typeof window.openweb.getMessagesCount === 'function') {\n                     this.commentsCount = await window.openweb.getMessagesCount('01JY7AQF80QQF63YNKS3KQAXHR');\n                     this.hasComments = this.commentsCount !== null &amp;&amp; this.commentsCount &gt; 0;\n                 }\n             } catch (e) {\n                 console.warn('Failed to fetch comment count:', e);\n             }\n         }\n     }\" x-init=\"fetchCommentsCount()\" x-cloak><\/p>\n<div class=\"absolute top-1\/2 hidden w-full -translate-y-1\/2 border-t-(1.5px) border-dashed border-black sm:block\"><\/div>\n<div class=\"relative flex justify-center\">\n<div class=\"flex max-w-fit items-center gap-x-3 bg-white px-5\">\n<div class=\"relative\">\n                <span class=\"absolute left-1\/2 top-1\/2 -translate-x-1\/2 -translate-y-1\/2 font-akshar text-sm font-medium text-black\" aria-live=\"polite\" x-show=\"hasComments\" x-text=\"commentsCount\"><\/span><\/p>\n<p>                <svg class=\"h-8 w-8 text-black\" role=\"img\" aria-hidden=\"true\">\n                    <use href=\"http:\/\/lifehacker.com\/images\/icons\/spritemap.svg#sprite-chat-bubble\"><\/use>\n                <\/svg>\n            <\/div>\n<p>            <span class=\"text-sm font-medium text-black\"><\/p>\n<p>                Que pensez-vous jusqu&rsquo;\u00e0 pr\u00e9sent?<br \/>\n                <button class=\"ml-1 font-semibold text-brand-green underline hover:text-brand-green-700\" type=\"button\" aria-label=\"Comment section trigger\" onclick=\"window.openweb.scrollToComments('01JY7AQF80QQF63YNKS3KQAXHR')\" x-text=\"hasComments ? 'Post a comment.' : 'Be the first to post a comment.'\"><\/button><br \/>\n            <\/span>\n        <\/div>\n<\/p><\/div>\n<\/div>\n<h2 id=\"what-can-i-expect-from-best-buys-black-friday-in-july-sale\">Que puis-je attendre de la vente du Best Buy du Best Buy de juillet?<\/h2>\n<p>Il n&rsquo;y a pas encore de liste officielle d&rsquo;offres de Best Buy, mais dans un e-mail, il a d\u00e9clar\u00e9 que les acheteurs peuvent s&rsquo;attendre \u00e0 des offres sur les t\u00e9l\u00e9viseurs, les ordinateurs portables, les \u00e9couteurs, les jeux vid\u00e9o, les v\u00e9los \u00e9lectriques et \u00ab\u00a0plus\u00a0\u00bb. Il a \u00e9galement d\u00e9clar\u00e9 que vous pourriez obtenir de nouvelles offres chaque jour lors de la vente disponible dans les magasins, sur son site Web et dans l&rsquo;application mobile Best Buy. <\/p>\n","protected":false},"excerpt":{"rendered":"<p>La vente de Best Buy durera une semaine enti\u00e8re et aura des offres technologiques sur les t\u00e9l\u00e9viseurs, les ordinateurs portables, les \u00e9couteurs, les jeux vid\u00e9o,<\/p>\n","protected":false},"author":1,"featured_media":8318,"comment_status":"","ping_status":"","sticky":false,"template":"","format":"standard","meta":{"footnotes":""},"categories":[41],"tags":[73,1256,1255,3153,202,4794,223],"class_list":["post-8317","post","type-post","status-publish","format-standard","has-post-thumbnail","hentry","category-argent","tag-black","tag-buy","tag-friday","tag-juillet","tag-quoi","tag-sattendre","tag-vente","generate-columns","tablet-grid-50","mobile-grid-100","grid-parent","grid-33"],"yoast_head":"<!-- This site is optimized with the Yoast SEO plugin v24.0 - https:\/\/yoast.com\/wordpress\/plugins\/seo\/ -->\n<title>\u00c0 quoi s&#039;attendre de la vente du \u00abBlack Friday de juillet\u00bb de Best Buy | Vie Associative<\/title>\n<meta name=\"robots\" content=\"index, follow, max-snippet:-1, max-image-preview:large, max-video-preview:-1\" \/>\n<link rel=\"canonical\" href=\"https:\/\/vieassociative.be\/actualites\/a-quoi-sattendre-de-la-vente-du-black-friday-de-juillet-de-best-buy\/\" \/>\n<meta property=\"og:locale\" content=\"fr_FR\" \/>\n<meta property=\"og:type\" content=\"article\" \/>\n<meta property=\"og:title\" content=\"\u00c0 quoi s&#039;attendre de la vente du \u00abBlack Friday de juillet\u00bb de Best Buy | Vie Associative\" \/>\n<meta property=\"og:description\" content=\"La vente de Best Buy durera une semaine enti\u00e8re et aura des offres technologiques sur les t\u00e9l\u00e9viseurs, les ordinateurs portables, les \u00e9couteurs, les jeux vid\u00e9o,\" \/>\n<meta property=\"og:url\" content=\"https:\/\/vieassociative.be\/actualites\/a-quoi-sattendre-de-la-vente-du-black-friday-de-juillet-de-best-buy\/\" \/>\n<meta property=\"og:site_name\" content=\"Vie Associative\" \/>\n<meta property=\"article:published_time\" content=\"2025-06-22T07:17:37+00:00\" \/>\n<meta property=\"og:image\" content=\"https:\/\/vieassociative.be\/actualites\/wp-content\/uploads\/2024\/09\/header_backgroundk-01-e1726694325946.png\" \/>\n\t<meta property=\"og:image:width\" content=\"279\" \/>\n\t<meta property=\"og:image:height\" content=\"92\" \/>\n\t<meta property=\"og:image:type\" content=\"image\/png\" \/>\n<meta name=\"author\" content=\"Julien\" \/>\n<meta name=\"twitter:card\" content=\"summary_large_image\" \/>\n<meta name=\"twitter:label1\" content=\"\u00c9crit par\" \/>\n\t<meta name=\"twitter:data1\" content=\"Julien\" \/>\n\t<meta name=\"twitter:label2\" content=\"Dur\u00e9e de lecture est.\" \/>\n\t<meta name=\"twitter:data2\" content=\"2 minutes\" \/>\n<script type=\"application\/ld+json\" class=\"yoast-schema-graph\">{\"@context\":\"https:\/\/schema.org\",\"@graph\":[{\"@type\":\"Article\",\"@id\":\"https:\/\/vieassociative.be\/actualites\/a-quoi-sattendre-de-la-vente-du-black-friday-de-juillet-de-best-buy\/#article\",\"isPartOf\":{\"@id\":\"https:\/\/vieassociative.be\/actualites\/a-quoi-sattendre-de-la-vente-du-black-friday-de-juillet-de-best-buy\/\"},\"author\":{\"name\":\"Julien\",\"@id\":\"https:\/\/vieassociative.be\/actualites\/#\/schema\/person\/b87ac4f82f9d4e7b7cec7395b679edc4\"},\"headline\":\"\u00c0 quoi s&rsquo;attendre de la vente du \u00abBlack Friday de juillet\u00bb de Best Buy\",\"datePublished\":\"2025-06-22T07:17:37+00:00\",\"dateModified\":\"2025-06-22T07:17:37+00:00\",\"mainEntityOfPage\":{\"@id\":\"https:\/\/vieassociative.be\/actualites\/a-quoi-sattendre-de-la-vente-du-black-friday-de-juillet-de-best-buy\/\"},\"wordCount\":431,\"publisher\":{\"@id\":\"https:\/\/vieassociative.be\/actualites\/#organization\"},\"image\":{\"@id\":\"https:\/\/vieassociative.be\/actualites\/a-quoi-sattendre-de-la-vente-du-black-friday-de-juillet-de-best-buy\/#primaryimage\"},\"thumbnailUrl\":\"https:\/\/vieassociative.be\/actualites\/wp-content\/uploads\/2025\/06\/A-quoi-sattendre-de-la-vente-du-Black-Friday-de.png\",\"keywords\":[\"Black\",\"Buy\",\"Friday\",\"juillet\",\"quoi\",\"sattendre\",\"vente\"],\"articleSection\":[\"Argent\"],\"inLanguage\":\"fr-BE\"},{\"@type\":\"WebPage\",\"@id\":\"https:\/\/vieassociative.be\/actualites\/a-quoi-sattendre-de-la-vente-du-black-friday-de-juillet-de-best-buy\/\",\"url\":\"https:\/\/vieassociative.be\/actualites\/a-quoi-sattendre-de-la-vente-du-black-friday-de-juillet-de-best-buy\/\",\"name\":\"\u00c0 quoi s'attendre de la vente du \u00abBlack Friday de juillet\u00bb de Best Buy | Vie Associative\",\"isPartOf\":{\"@id\":\"https:\/\/vieassociative.be\/actualites\/#website\"},\"primaryImageOfPage\":{\"@id\":\"https:\/\/vieassociative.be\/actualites\/a-quoi-sattendre-de-la-vente-du-black-friday-de-juillet-de-best-buy\/#primaryimage\"},\"image\":{\"@id\":\"https:\/\/vieassociative.be\/actualites\/a-quoi-sattendre-de-la-vente-du-black-friday-de-juillet-de-best-buy\/#primaryimage\"},\"thumbnailUrl\":\"https:\/\/vieassociative.be\/actualites\/wp-content\/uploads\/2025\/06\/A-quoi-sattendre-de-la-vente-du-Black-Friday-de.png\",\"datePublished\":\"2025-06-22T07:17:37+00:00\",\"dateModified\":\"2025-06-22T07:17:37+00:00\",\"breadcrumb\":{\"@id\":\"https:\/\/vieassociative.be\/actualites\/a-quoi-sattendre-de-la-vente-du-black-friday-de-juillet-de-best-buy\/#breadcrumb\"},\"inLanguage\":\"fr-BE\",\"potentialAction\":[{\"@type\":\"ReadAction\",\"target\":[\"https:\/\/vieassociative.be\/actualites\/a-quoi-sattendre-de-la-vente-du-black-friday-de-juillet-de-best-buy\/\"]}]},{\"@type\":\"ImageObject\",\"inLanguage\":\"fr-BE\",\"@id\":\"https:\/\/vieassociative.be\/actualites\/a-quoi-sattendre-de-la-vente-du-black-friday-de-juillet-de-best-buy\/#primaryimage\",\"url\":\"https:\/\/vieassociative.be\/actualites\/wp-content\/uploads\/2025\/06\/A-quoi-sattendre-de-la-vente-du-Black-Friday-de.png\",\"contentUrl\":\"https:\/\/vieassociative.be\/actualites\/wp-content\/uploads\/2025\/06\/A-quoi-sattendre-de-la-vente-du-Black-Friday-de.png\",\"width\":1200,\"height\":675,\"caption\":\"\u00c0 quoi s'attendre de la vente du \u00abBlack Friday de juillet\u00bb de Best Buy\"},{\"@type\":\"BreadcrumbList\",\"@id\":\"https:\/\/vieassociative.be\/actualites\/a-quoi-sattendre-de-la-vente-du-black-friday-de-juillet-de-best-buy\/#breadcrumb\",\"itemListElement\":[{\"@type\":\"ListItem\",\"position\":1,\"name\":\"Accueil\",\"item\":\"https:\/\/vieassociative.be\/actualites\/\"},{\"@type\":\"ListItem\",\"position\":2,\"name\":\"\u00c0 quoi s&rsquo;attendre de la vente du \u00abBlack Friday de juillet\u00bb de Best Buy\"}]},{\"@type\":\"WebSite\",\"@id\":\"https:\/\/vieassociative.be\/actualites\/#website\",\"url\":\"https:\/\/vieassociative.be\/actualites\/\",\"name\":\"Vie Associative\",\"description\":\"\",\"publisher\":{\"@id\":\"https:\/\/vieassociative.be\/actualites\/#organization\"},\"potentialAction\":[{\"@type\":\"SearchAction\",\"target\":{\"@type\":\"EntryPoint\",\"urlTemplate\":\"https:\/\/vieassociative.be\/actualites\/?s={search_term_string}\"},\"query-input\":{\"@type\":\"PropertyValueSpecification\",\"valueRequired\":true,\"valueName\":\"search_term_string\"}}],\"inLanguage\":\"fr-BE\"},{\"@type\":\"Organization\",\"@id\":\"https:\/\/vieassociative.be\/actualites\/#organization\",\"name\":\"Vie Associative\",\"url\":\"https:\/\/vieassociative.be\/actualites\/\",\"logo\":{\"@type\":\"ImageObject\",\"inLanguage\":\"fr-BE\",\"@id\":\"https:\/\/vieassociative.be\/actualites\/#\/schema\/logo\/image\/\",\"url\":\"https:\/\/vieassociative.be\/actualites\/wp-content\/uploads\/2024\/09\/cropped-vieassociative_favicon.ico.png\",\"contentUrl\":\"https:\/\/vieassociative.be\/actualites\/wp-content\/uploads\/2024\/09\/cropped-vieassociative_favicon.ico.png\",\"width\":512,\"height\":512,\"caption\":\"Vie Associative\"},\"image\":{\"@id\":\"https:\/\/vieassociative.be\/actualites\/#\/schema\/logo\/image\/\"}},{\"@type\":\"Person\",\"@id\":\"https:\/\/vieassociative.be\/actualites\/#\/schema\/person\/b87ac4f82f9d4e7b7cec7395b679edc4\",\"name\":\"Julien\",\"image\":{\"@type\":\"ImageObject\",\"inLanguage\":\"fr-BE\",\"@id\":\"https:\/\/vieassociative.be\/actualites\/#\/schema\/person\/image\/\",\"url\":\"https:\/\/vieassociative.be\/actualites\/wp-content\/uploads\/2024\/09\/vie-associative-1-150x150.jpg\",\"contentUrl\":\"https:\/\/vieassociative.be\/actualites\/wp-content\/uploads\/2024\/09\/vie-associative-1-150x150.jpg\",\"caption\":\"Julien\"},\"description\":\"Je suis Julien, r\u00e9dacteur pour Vie Associative. Passionn\u00e9 par le monde associatif depuis plus de 10 ans, j'ai \u00e0 c\u0153ur de partager des histoires inspirantes et de mettre en lumi\u00e8re les initiatives locales. Mon objectif est de sensibiliser et d'encourager l'engagement communautaire \u00e0 travers mes articles.\",\"sameAs\":[\"https:\/\/vieassociative.be\/\"]}]}<\/script>\n<!-- \/ Yoast SEO plugin. -->","yoast_head_json":{"title":"\u00c0 quoi s'attendre de la vente du \u00abBlack Friday de juillet\u00bb de Best Buy | Vie Associative","robots":{"index":"index","follow":"follow","max-snippet":"max-snippet:-1","max-image-preview":"max-image-preview:large","max-video-preview":"max-video-preview:-1"},"canonical":"https:\/\/vieassociative.be\/actualites\/a-quoi-sattendre-de-la-vente-du-black-friday-de-juillet-de-best-buy\/","og_locale":"fr_FR","og_type":"article","og_title":"\u00c0 quoi s'attendre de la vente du \u00abBlack Friday de juillet\u00bb de Best Buy | Vie Associative","og_description":"La vente de Best Buy durera une semaine enti\u00e8re et aura des offres technologiques sur les t\u00e9l\u00e9viseurs, les ordinateurs portables, les \u00e9couteurs, les jeux vid\u00e9o,","og_url":"https:\/\/vieassociative.be\/actualites\/a-quoi-sattendre-de-la-vente-du-black-friday-de-juillet-de-best-buy\/","og_site_name":"Vie Associative","article_published_time":"2025-06-22T07:17:37+00:00","og_image":[{"width":279,"height":92,"url":"https:\/\/vieassociative.be\/actualites\/wp-content\/uploads\/2024\/09\/header_backgroundk-01-e1726694325946.png","type":"image\/png"}],"author":"Julien","twitter_card":"summary_large_image","twitter_misc":{"\u00c9crit par":"Julien","Dur\u00e9e de lecture est.":"2 minutes"},"schema":{"@context":"https:\/\/schema.org","@graph":[{"@type":"Article","@id":"https:\/\/vieassociative.be\/actualites\/a-quoi-sattendre-de-la-vente-du-black-friday-de-juillet-de-best-buy\/#article","isPartOf":{"@id":"https:\/\/vieassociative.be\/actualites\/a-quoi-sattendre-de-la-vente-du-black-friday-de-juillet-de-best-buy\/"},"author":{"name":"Julien","@id":"https:\/\/vieassociative.be\/actualites\/#\/schema\/person\/b87ac4f82f9d4e7b7cec7395b679edc4"},"headline":"\u00c0 quoi s&rsquo;attendre de la vente du \u00abBlack Friday de juillet\u00bb de Best Buy","datePublished":"2025-06-22T07:17:37+00:00","dateModified":"2025-06-22T07:17:37+00:00","mainEntityOfPage":{"@id":"https:\/\/vieassociative.be\/actualites\/a-quoi-sattendre-de-la-vente-du-black-friday-de-juillet-de-best-buy\/"},"wordCount":431,"publisher":{"@id":"https:\/\/vieassociative.be\/actualites\/#organization"},"image":{"@id":"https:\/\/vieassociative.be\/actualites\/a-quoi-sattendre-de-la-vente-du-black-friday-de-juillet-de-best-buy\/#primaryimage"},"thumbnailUrl":"https:\/\/vieassociative.be\/actualites\/wp-content\/uploads\/2025\/06\/A-quoi-sattendre-de-la-vente-du-Black-Friday-de.png","keywords":["Black","Buy","Friday","juillet","quoi","sattendre","vente"],"articleSection":["Argent"],"inLanguage":"fr-BE"},{"@type":"WebPage","@id":"https:\/\/vieassociative.be\/actualites\/a-quoi-sattendre-de-la-vente-du-black-friday-de-juillet-de-best-buy\/","url":"https:\/\/vieassociative.be\/actualites\/a-quoi-sattendre-de-la-vente-du-black-friday-de-juillet-de-best-buy\/","name":"\u00c0 quoi s'attendre de la vente du \u00abBlack Friday de juillet\u00bb de Best Buy | Vie Associative","isPartOf":{"@id":"https:\/\/vieassociative.be\/actualites\/#website"},"primaryImageOfPage":{"@id":"https:\/\/vieassociative.be\/actualites\/a-quoi-sattendre-de-la-vente-du-black-friday-de-juillet-de-best-buy\/#primaryimage"},"image":{"@id":"https:\/\/vieassociative.be\/actualites\/a-quoi-sattendre-de-la-vente-du-black-friday-de-juillet-de-best-buy\/#primaryimage"},"thumbnailUrl":"https:\/\/vieassociative.be\/actualites\/wp-content\/uploads\/2025\/06\/A-quoi-sattendre-de-la-vente-du-Black-Friday-de.png","datePublished":"2025-06-22T07:17:37+00:00","dateModified":"2025-06-22T07:17:37+00:00","breadcrumb":{"@id":"https:\/\/vieassociative.be\/actualites\/a-quoi-sattendre-de-la-vente-du-black-friday-de-juillet-de-best-buy\/#breadcrumb"},"inLanguage":"fr-BE","potentialAction":[{"@type":"ReadAction","target":["https:\/\/vieassociative.be\/actualites\/a-quoi-sattendre-de-la-vente-du-black-friday-de-juillet-de-best-buy\/"]}]},{"@type":"ImageObject","inLanguage":"fr-BE","@id":"https:\/\/vieassociative.be\/actualites\/a-quoi-sattendre-de-la-vente-du-black-friday-de-juillet-de-best-buy\/#primaryimage","url":"https:\/\/vieassociative.be\/actualites\/wp-content\/uploads\/2025\/06\/A-quoi-sattendre-de-la-vente-du-Black-Friday-de.png","contentUrl":"https:\/\/vieassociative.be\/actualites\/wp-content\/uploads\/2025\/06\/A-quoi-sattendre-de-la-vente-du-Black-Friday-de.png","width":1200,"height":675,"caption":"\u00c0 quoi s'attendre de la vente du \u00abBlack Friday de juillet\u00bb de Best Buy"},{"@type":"BreadcrumbList","@id":"https:\/\/vieassociative.be\/actualites\/a-quoi-sattendre-de-la-vente-du-black-friday-de-juillet-de-best-buy\/#breadcrumb","itemListElement":[{"@type":"ListItem","position":1,"name":"Accueil","item":"https:\/\/vieassociative.be\/actualites\/"},{"@type":"ListItem","position":2,"name":"\u00c0 quoi s&rsquo;attendre de la vente du \u00abBlack Friday de juillet\u00bb de Best Buy"}]},{"@type":"WebSite","@id":"https:\/\/vieassociative.be\/actualites\/#website","url":"https:\/\/vieassociative.be\/actualites\/","name":"Vie Associative","description":"","publisher":{"@id":"https:\/\/vieassociative.be\/actualites\/#organization"},"potentialAction":[{"@type":"SearchAction","target":{"@type":"EntryPoint","urlTemplate":"https:\/\/vieassociative.be\/actualites\/?s={search_term_string}"},"query-input":{"@type":"PropertyValueSpecification","valueRequired":true,"valueName":"search_term_string"}}],"inLanguage":"fr-BE"},{"@type":"Organization","@id":"https:\/\/vieassociative.be\/actualites\/#organization","name":"Vie Associative","url":"https:\/\/vieassociative.be\/actualites\/","logo":{"@type":"ImageObject","inLanguage":"fr-BE","@id":"https:\/\/vieassociative.be\/actualites\/#\/schema\/logo\/image\/","url":"https:\/\/vieassociative.be\/actualites\/wp-content\/uploads\/2024\/09\/cropped-vieassociative_favicon.ico.png","contentUrl":"https:\/\/vieassociative.be\/actualites\/wp-content\/uploads\/2024\/09\/cropped-vieassociative_favicon.ico.png","width":512,"height":512,"caption":"Vie Associative"},"image":{"@id":"https:\/\/vieassociative.be\/actualites\/#\/schema\/logo\/image\/"}},{"@type":"Person","@id":"https:\/\/vieassociative.be\/actualites\/#\/schema\/person\/b87ac4f82f9d4e7b7cec7395b679edc4","name":"Julien","image":{"@type":"ImageObject","inLanguage":"fr-BE","@id":"https:\/\/vieassociative.be\/actualites\/#\/schema\/person\/image\/","url":"https:\/\/vieassociative.be\/actualites\/wp-content\/uploads\/2024\/09\/vie-associative-1-150x150.jpg","contentUrl":"https:\/\/vieassociative.be\/actualites\/wp-content\/uploads\/2024\/09\/vie-associative-1-150x150.jpg","caption":"Julien"},"description":"Je suis Julien, r\u00e9dacteur pour Vie Associative. Passionn\u00e9 par le monde associatif depuis plus de 10 ans, j'ai \u00e0 c\u0153ur de partager des histoires inspirantes et de mettre en lumi\u00e8re les initiatives locales. Mon objectif est de sensibiliser et d'encourager l'engagement communautaire \u00e0 travers mes articles.","sameAs":["https:\/\/vieassociative.be\/"]}]}},"_links":{"self":[{"href":"https:\/\/vieassociative.be\/actualites\/wp-json\/wp\/v2\/posts\/8317"}],"collection":[{"href":"https:\/\/vieassociative.be\/actualites\/wp-json\/wp\/v2\/posts"}],"about":[{"href":"https:\/\/vieassociative.be\/actualites\/wp-json\/wp\/v2\/types\/post"}],"author":[{"embeddable":true,"href":"https:\/\/vieassociative.be\/actualites\/wp-json\/wp\/v2\/users\/1"}],"replies":[{"embeddable":true,"href":"https:\/\/vieassociative.be\/actualites\/wp-json\/wp\/v2\/comments?post=8317"}],"version-history":[{"count":0,"href":"https:\/\/vieassociative.be\/actualites\/wp-json\/wp\/v2\/posts\/8317\/revisions"}],"wp:featuredmedia":[{"embeddable":true,"href":"https:\/\/vieassociative.be\/actualites\/wp-json\/wp\/v2\/media\/8318"}],"wp:attachment":[{"href":"https:\/\/vieassociative.be\/actualites\/wp-json\/wp\/v2\/media?parent=8317"}],"wp:term":[{"taxonomy":"category","embeddable":true,"href":"https:\/\/vieassociative.be\/actualites\/wp-json\/wp\/v2\/categories?post=8317"},{"taxonomy":"post_tag","embeddable":true,"href":"https:\/\/vieassociative.be\/actualites\/wp-json\/wp\/v2\/tags?post=8317"}],"curies":[{"name":"wp","href":"https:\/\/api.w.org\/{rel}","templated":true}]}}