{"id":8310,"date":"2025-06-21T22:17:05","date_gmt":"2025-06-21T20:17:05","guid":{"rendered":"https:\/\/vieassociative.be\/actualites\/la-journee-la-plus-longue-des-milliers-de-personnes-celebrent-le-solstice-a-stonehenge-comme-un-portail-dans-un-autre-monde\/"},"modified":"2025-06-21T22:17:05","modified_gmt":"2025-06-21T20:17:05","slug":"la-journee-la-plus-longue-des-milliers-de-personnes-celebrent-le-solstice-a-stonehenge-comme-un-portail-dans-un-autre-monde","status":"publish","type":"post","link":"https:\/\/vieassociative.be\/actualites\/la-journee-la-plus-longue-des-milliers-de-personnes-celebrent-le-solstice-a-stonehenge-comme-un-portail-dans-un-autre-monde\/","title":{"rendered":"La journ\u00e9e la plus longue: des milliers de personnes c\u00e9l\u00e8brent le solstice \u00e0 Stonehenge &#8211; \u00ab\u00a0comme un portail dans un autre monde\u00a0\u00bb"},"content":{"rendered":"<p><strong>Maintenant, les jours se raccourcissent \u00e0 nouveau. \u00c0 l&rsquo;anglais Steinkreis Stonehenge, des milliers de personnes ont accueilli le solstice d&rsquo;\u00e9t\u00e9 &#8211; et ont travers\u00e9 la nuit.<\/strong><\/p>\n<p><span id=\"more-418190\"><\/span>Le soleil pousse lentement \u00e0 l&rsquo;horizon. Des milliers de personnes ont c\u00e9l\u00e9br\u00e9 le solstice d&rsquo;\u00e9t\u00e9 sur l&rsquo;un des meilleurs monuments connus de la Grande-Bretagne, le Stonekreis Stonehenge. Habituellement, vous ne pouvez regarder le monument que \u00e0 distance &#8211; mais les visiteurs sont autoris\u00e9s \u00e0 aborder les pierres du solstice.<\/p>\n<p>Sur une prairie, les druides se r\u00e9unissent dans des robes, des femmes avec des couronnes de fleurs et des familles avec des charrettes \u00e0 main. Avec des chaises de camping, des couvertures et un pique-nique, vous pouvez vous d\u00e9marquer la nuit. Ils battent, dansent, dorment. Et lorsque le soleil se pr\u00e9sente vers 5 heures du matin, beaucoup applaudissent et prennent des photos.<\/p>\n<div id=\"attachment_418193\" class=\"wp-caption alignleft\" style=\"max-width: 300px\"><img fetchpriority=\"high\" decoding=\"async\" class=\"wp-image-418193 size-medium\" src=\"https:\/\/vieassociative.be\/actualites\/wp-content\/uploads\/2025\/06\/La-journee-la-plus-longue-des-milliers-de-personnes-celebrent.jpg\" alt=\"\" width=\"300\" height=\"225\"><\/p>\n<p class=\"wp-caption-text\">21\/06\/2025, Grande-Bretagne, Salisbury: Les gens se rassemblent au Stonekreis Stonehenge, Wiltshire, au lever du soleil au solstice d&rsquo;\u00e9t\u00e9, le jour le plus long de l&rsquo;ann\u00e9e. Photo: Zhanna Manukyan \/ Pa Wire \/ DPA<\/p>\n<\/div>\n<p><strong>&#8211; \u00ab\u00a0Je ne me suis jamais senti comme \u00e7a\u00a0\u00bb:<\/strong> Sarah de Londres estime qu&rsquo;elle y c\u00e9l\u00e9bre depuis des milliers d&rsquo;ann\u00e9es. C&rsquo;est une chose incroyable. Peu importe ce qui se passe dans le monde aujourd&rsquo;hui et que vous avez maintenant des technologies comme votre t\u00e9l\u00e9phone portable. \u00ab\u00a0Je ne me suis jamais senti autant comme une personne.\u00a0\u00bb<\/p>\n<p>Stonehenge est l&rsquo;un des meilleurs rep\u00e8res connus de la Grande-Bretagne. La construction d&rsquo;une variante pr\u00e9coce a commenc\u00e9 il y a environ 5 000 ans. Stonehenge est un chef-d&rsquo;\u0153uvre de l&rsquo;ing\u00e9nierie, explique l&rsquo;organisation English Heritage, qui g\u00e8re le monument.<\/p>\n<p>Il n&rsquo;a \u00e9t\u00e9 construit qu&rsquo;avec des outils et des technologies simples. Certaines pierres viennent de loin &#8211; la pierre de l&rsquo;autel, par exemple, est faite d&rsquo;un gr\u00e8s que l&rsquo;on peut trouver au Pays de Galles.<\/p>\n<p><strong>&#8211; Le puzzle sur Stonehenge:<\/strong> Les pierres sont pr\u00e9cis\u00e9ment destin\u00e9es au coucher du soleil du solstice d&rsquo;\u00e9t\u00e9 et d&rsquo;hiver. D\u00e8s le d\u00e9but, il s&rsquo;agissait de spiritualit\u00e9, \u00e9crit l&rsquo;h\u00e9ritage anglais. Les habitants de l&rsquo;\u00e2ge n\u00e9olithique et de l&rsquo;\u00e2ge du bronze avaient fait d&rsquo;\u00e9normes efforts pour construire la structure, bien qu&rsquo;elle n&rsquo;ait pas de fonction pratique connue.<\/p>\n<p>Il existe de nombreuses th\u00e9ories \u00e0 utiliser. Les gens qui avaient construit Stonehenge \u00e9taient des agriculteurs, des bergers et des \u00e9leveurs de b\u00e9tail. Le changement de saisons peut avoir \u00e9t\u00e9 d&rsquo;une \u00e9norme importance pour eux &#8211; \u00e0 la fois d&rsquo;un point de vue pratique et spirituel, \u00e9crit l&rsquo;organisation.<\/p>\n<p>Stonehenge est donc probablement plus qu&rsquo;un simple calendrier. Les morts auraient pu \u00eatre pens\u00e9s ou un dieu solaire \u00e0 propos des virages de l&rsquo;\u00e9t\u00e9. Aujourd&rsquo;hui, chaque guide de voyage pour la Grande-Bretagne mentionne le monument \u00e0 environ deux heures et demie de Londres.<\/p>\n<\/p>\n<div id=\"attachment_418194\" class=\"wp-caption alignleft\" style=\"max-width: 300px\"><img decoding=\"async\" class=\"wp-image-418194 size-medium\" src=\"https:\/\/vieassociative.be\/actualites\/wp-content\/uploads\/2025\/06\/1750537025_594_La-journee-la-plus-longue-des-milliers-de-personnes-celebrent.jpg\" alt=\"\" width=\"300\" height=\"200\"><\/p>\n<p class=\"wp-caption-text\">21\/06\/2025, Grande-Bretagne, North Tyneside: Le soleil s&rsquo;ouvre au solstice d&rsquo;\u00e9t\u00e9, le jour le plus long de l&rsquo;ann\u00e9e, au-dessus de la baie de Cullercoats. Photo: Owen Humphreys \/ PA Wire \/ DPA<\/p>\n<\/div>\n<p><strong>&#8211; Qu&rsquo;est-ce qui fascine les gens dans le spectacle:<\/strong><br \/>\n Un auteur du journal \u00ab\u00a0Financial Times\u00a0\u00bb vient d&rsquo;expliquer pourquoi elle et d&rsquo;autres c\u00e9l\u00e8brent r\u00e9guli\u00e8rement le solstice \u00e0 Stonehenge. \u00ab\u00a0Quelque chose \u00e0 propos de cette entreprise absurde a laiss\u00e9 un sentiment \u00e9lev\u00e9 pour tout le monde, et c&rsquo;est donc devenu un rendez-vous r\u00e9gulier.\u00a0\u00bb Il est difficile d&rsquo;expliquer aux autres pourquoi vous vous levez terriblement t\u00f4t et vous battez pour un parking pour participer \u00e0 un \u00e9v\u00e9nement dans lequel le lever du soleil peut \u00eatre couvert de nuages \u200b\u200bet de bruine.<\/p>\n<p>\u00ab\u00a0L&rsquo;une des raisons pour lesquelles Stonehenge est si populaire est qu&rsquo;elle appartient \u00e0 tout le monde dans un sens religieux ou moral\u00a0\u00bb, le \u00ab\u00a0Financial Times\u00a0\u00bb cite le professeur d&rsquo;histoire Ronald Hutton de l&rsquo;Universit\u00e9 de Bristol. C&rsquo;est un temple du peuple. En raison du beau temps et de la date d&rsquo;un week-end, un nombre particuli\u00e8rement important de personnes \u00e9taient attendues cette fois.<\/p>\n<p>Certains viennent \u00e0 Stonehenge \u00e0 cause des rituels pa\u00efens et recherchent un lien sp\u00e9cial avec la Terre. D&rsquo;autres veulent passer un bon moment et c\u00e9l\u00e9brer, m\u00eame si vous ne pouvez pas apporter de l&rsquo;alcool.<\/p>\n<p>Retour \u00e0 Sarah. Dans le cercle de pierre, elle a rencontr\u00e9 Grant des \u00c9tats-Unis ce soir. Lorsqu&rsquo;on leur a demand\u00e9 s&rsquo;ils c\u00e9l\u00e8brent \u00e0 nouveau le solstice \u00e0 Stonehenge, les deux r\u00e9pondent oui. Grant croit que la joie, lorsque vous voyez le soleil se lever entre les pierres, est unique. \u00ab\u00a0Comme un portail dans un autre monde.\u00a0\u00bb<\/p>\n<p>La lame maintenant kitsch, mais elle est si populaire pour une bonne raison, dit Sarah. Le paysage et le paradis sont jusqu&rsquo;\u00e0 pr\u00e9sent. A-t-elle beaucoup regard\u00e9 sur son t\u00e9l\u00e9phone portable ce soir? \u00ab\u00a0Non,\u00a0\u00bb dit-elle convaincue et doit ensuite rire. \u00ab\u00a0Mais vous n&rsquo;avez pas non plus de r\u00e9ception de toute fa\u00e7on.\u00a0\u00bb (DPA)<\/p>\n","protected":false},"excerpt":{"rendered":"<p>Maintenant, les jours se raccourcissent \u00e0 nouveau. \u00c0 l&rsquo;anglais Steinkreis Stonehenge, des milliers de personnes ont accueilli le solstice d&rsquo;\u00e9t\u00e9 &#8211; et ont travers\u00e9 la<\/p>\n","protected":false},"author":1,"featured_media":8311,"comment_status":"","ping_status":"","sticky":false,"template":"","format":"standard","meta":{"footnotes":""},"categories":[298],"tags":[3090,7489,1254,166,29,2877,1868,4638,237,714,7492,7490,7491],"class_list":["post-8310","post","type-post","status-publish","format-standard","has-post-thumbnail","hentry","category-belgique","tag-autre","tag-celebrent","tag-comme","tag-dans","tag-des","tag-journee","tag-longue","tag-milliers","tag-monde","tag-personnes","tag-portail","tag-solstice","tag-stonehenge","generate-columns","tablet-grid-50","mobile-grid-100","grid-parent","grid-33"],"yoast_head":"<!-- This site is optimized with the Yoast SEO plugin v24.0 - https:\/\/yoast.com\/wordpress\/plugins\/seo\/ -->\n<title>La journ\u00e9e la plus longue: des milliers de personnes c\u00e9l\u00e8brent le solstice \u00e0 Stonehenge - &quot;comme un portail dans un autre monde&quot; | Vie Associative<\/title>\n<meta name=\"robots\" content=\"index, follow, max-snippet:-1, max-image-preview:large, max-video-preview:-1\" \/>\n<link rel=\"canonical\" href=\"https:\/\/vieassociative.be\/actualites\/la-journee-la-plus-longue-des-milliers-de-personnes-celebrent-le-solstice-a-stonehenge-comme-un-portail-dans-un-autre-monde\/\" \/>\n<meta property=\"og:locale\" content=\"fr_FR\" \/>\n<meta property=\"og:type\" content=\"article\" \/>\n<meta property=\"og:title\" content=\"La journ\u00e9e la plus longue: des milliers de personnes c\u00e9l\u00e8brent le solstice \u00e0 Stonehenge - &quot;comme un portail dans un autre monde&quot; | Vie Associative\" \/>\n<meta property=\"og:description\" content=\"Maintenant, les jours se raccourcissent \u00e0 nouveau. \u00c0 l&rsquo;anglais Steinkreis Stonehenge, des milliers de personnes ont accueilli le solstice d&rsquo;\u00e9t\u00e9 &#8211; et ont travers\u00e9 la\" \/>\n<meta property=\"og:url\" content=\"https:\/\/vieassociative.be\/actualites\/la-journee-la-plus-longue-des-milliers-de-personnes-celebrent-le-solstice-a-stonehenge-comme-un-portail-dans-un-autre-monde\/\" \/>\n<meta property=\"og:site_name\" content=\"Vie Associative\" \/>\n<meta property=\"article:published_time\" content=\"2025-06-21T20:17:05+00:00\" \/>\n<meta property=\"og:image\" content=\"https:\/\/vieassociative.be\/actualites\/wp-content\/uploads\/2024\/09\/header_backgroundk-01-e1726694325946.png\" \/>\n\t<meta property=\"og:image:width\" content=\"279\" \/>\n\t<meta property=\"og:image:height\" content=\"92\" \/>\n\t<meta property=\"og:image:type\" content=\"image\/png\" \/>\n<meta name=\"author\" content=\"Julien\" \/>\n<meta name=\"twitter:card\" content=\"summary_large_image\" \/>\n<meta name=\"twitter:label1\" content=\"\u00c9crit par\" \/>\n\t<meta name=\"twitter:data1\" content=\"Julien\" \/>\n\t<meta name=\"twitter:label2\" content=\"Dur\u00e9e de lecture est.\" \/>\n\t<meta name=\"twitter:data2\" content=\"4 minutes\" \/>\n<script type=\"application\/ld+json\" class=\"yoast-schema-graph\">{\"@context\":\"https:\/\/schema.org\",\"@graph\":[{\"@type\":\"Article\",\"@id\":\"https:\/\/vieassociative.be\/actualites\/la-journee-la-plus-longue-des-milliers-de-personnes-celebrent-le-solstice-a-stonehenge-comme-un-portail-dans-un-autre-monde\/#article\",\"isPartOf\":{\"@id\":\"https:\/\/vieassociative.be\/actualites\/la-journee-la-plus-longue-des-milliers-de-personnes-celebrent-le-solstice-a-stonehenge-comme-un-portail-dans-un-autre-monde\/\"},\"author\":{\"name\":\"Julien\",\"@id\":\"https:\/\/vieassociative.be\/actualites\/#\/schema\/person\/b87ac4f82f9d4e7b7cec7395b679edc4\"},\"headline\":\"La journ\u00e9e la plus longue: des milliers de personnes c\u00e9l\u00e8brent le solstice \u00e0 Stonehenge &#8211; \u00ab\u00a0comme un portail dans un autre monde\u00a0\u00bb\",\"datePublished\":\"2025-06-21T20:17:05+00:00\",\"dateModified\":\"2025-06-21T20:17:05+00:00\",\"mainEntityOfPage\":{\"@id\":\"https:\/\/vieassociative.be\/actualites\/la-journee-la-plus-longue-des-milliers-de-personnes-celebrent-le-solstice-a-stonehenge-comme-un-portail-dans-un-autre-monde\/\"},\"wordCount\":865,\"publisher\":{\"@id\":\"https:\/\/vieassociative.be\/actualites\/#organization\"},\"image\":{\"@id\":\"https:\/\/vieassociative.be\/actualites\/la-journee-la-plus-longue-des-milliers-de-personnes-celebrent-le-solstice-a-stonehenge-comme-un-portail-dans-un-autre-monde\/#primaryimage\"},\"thumbnailUrl\":\"https:\/\/vieassociative.be\/actualites\/wp-content\/uploads\/2025\/06\/1750537026_La-journee-la-plus-longue-des-milliers-de-personnes-celebrent.jpg\",\"keywords\":[\"autre\",\"c\u00e9l\u00e8brent\",\"comme\",\"dans\",\"Des\",\"journ\u00e9e\",\"longue\",\"milliers\",\"monde\",\"personnes\",\"portail\",\"solstice\",\"Stonehenge\"],\"articleSection\":[\"Belgique\"],\"inLanguage\":\"fr-BE\"},{\"@type\":\"WebPage\",\"@id\":\"https:\/\/vieassociative.be\/actualites\/la-journee-la-plus-longue-des-milliers-de-personnes-celebrent-le-solstice-a-stonehenge-comme-un-portail-dans-un-autre-monde\/\",\"url\":\"https:\/\/vieassociative.be\/actualites\/la-journee-la-plus-longue-des-milliers-de-personnes-celebrent-le-solstice-a-stonehenge-comme-un-portail-dans-un-autre-monde\/\",\"name\":\"La journ\u00e9e la plus longue: des milliers de personnes c\u00e9l\u00e8brent le solstice \u00e0 Stonehenge - \\\"comme un portail dans un autre monde\\\" | Vie Associative\",\"isPartOf\":{\"@id\":\"https:\/\/vieassociative.be\/actualites\/#website\"},\"primaryImageOfPage\":{\"@id\":\"https:\/\/vieassociative.be\/actualites\/la-journee-la-plus-longue-des-milliers-de-personnes-celebrent-le-solstice-a-stonehenge-comme-un-portail-dans-un-autre-monde\/#primaryimage\"},\"image\":{\"@id\":\"https:\/\/vieassociative.be\/actualites\/la-journee-la-plus-longue-des-milliers-de-personnes-celebrent-le-solstice-a-stonehenge-comme-un-portail-dans-un-autre-monde\/#primaryimage\"},\"thumbnailUrl\":\"https:\/\/vieassociative.be\/actualites\/wp-content\/uploads\/2025\/06\/1750537026_La-journee-la-plus-longue-des-milliers-de-personnes-celebrent.jpg\",\"datePublished\":\"2025-06-21T20:17:05+00:00\",\"dateModified\":\"2025-06-21T20:17:05+00:00\",\"breadcrumb\":{\"@id\":\"https:\/\/vieassociative.be\/actualites\/la-journee-la-plus-longue-des-milliers-de-personnes-celebrent-le-solstice-a-stonehenge-comme-un-portail-dans-un-autre-monde\/#breadcrumb\"},\"inLanguage\":\"fr-BE\",\"potentialAction\":[{\"@type\":\"ReadAction\",\"target\":[\"https:\/\/vieassociative.be\/actualites\/la-journee-la-plus-longue-des-milliers-de-personnes-celebrent-le-solstice-a-stonehenge-comme-un-portail-dans-un-autre-monde\/\"]}]},{\"@type\":\"ImageObject\",\"inLanguage\":\"fr-BE\",\"@id\":\"https:\/\/vieassociative.be\/actualites\/la-journee-la-plus-longue-des-milliers-de-personnes-celebrent-le-solstice-a-stonehenge-comme-un-portail-dans-un-autre-monde\/#primaryimage\",\"url\":\"https:\/\/vieassociative.be\/actualites\/wp-content\/uploads\/2025\/06\/1750537026_La-journee-la-plus-longue-des-milliers-de-personnes-celebrent.jpg\",\"contentUrl\":\"https:\/\/vieassociative.be\/actualites\/wp-content\/uploads\/2025\/06\/1750537026_La-journee-la-plus-longue-des-milliers-de-personnes-celebrent.jpg\",\"width\":1200,\"height\":900,\"caption\":\"La journ\u00e9e la plus longue: des milliers de personnes c\u00e9l\u00e8brent le solstice \u00e0 Stonehenge - \\\"comme un portail dans un autre monde\\\"\"},{\"@type\":\"BreadcrumbList\",\"@id\":\"https:\/\/vieassociative.be\/actualites\/la-journee-la-plus-longue-des-milliers-de-personnes-celebrent-le-solstice-a-stonehenge-comme-un-portail-dans-un-autre-monde\/#breadcrumb\",\"itemListElement\":[{\"@type\":\"ListItem\",\"position\":1,\"name\":\"Accueil\",\"item\":\"https:\/\/vieassociative.be\/actualites\/\"},{\"@type\":\"ListItem\",\"position\":2,\"name\":\"La journ\u00e9e la plus longue: des milliers de personnes c\u00e9l\u00e8brent le solstice \u00e0 Stonehenge &#8211; \u00ab\u00a0comme un portail dans un autre monde\u00a0\u00bb\"}]},{\"@type\":\"WebSite\",\"@id\":\"https:\/\/vieassociative.be\/actualites\/#website\",\"url\":\"https:\/\/vieassociative.be\/actualites\/\",\"name\":\"Vie Associative\",\"description\":\"\",\"publisher\":{\"@id\":\"https:\/\/vieassociative.be\/actualites\/#organization\"},\"potentialAction\":[{\"@type\":\"SearchAction\",\"target\":{\"@type\":\"EntryPoint\",\"urlTemplate\":\"https:\/\/vieassociative.be\/actualites\/?s={search_term_string}\"},\"query-input\":{\"@type\":\"PropertyValueSpecification\",\"valueRequired\":true,\"valueName\":\"search_term_string\"}}],\"inLanguage\":\"fr-BE\"},{\"@type\":\"Organization\",\"@id\":\"https:\/\/vieassociative.be\/actualites\/#organization\",\"name\":\"Vie Associative\",\"url\":\"https:\/\/vieassociative.be\/actualites\/\",\"logo\":{\"@type\":\"ImageObject\",\"inLanguage\":\"fr-BE\",\"@id\":\"https:\/\/vieassociative.be\/actualites\/#\/schema\/logo\/image\/\",\"url\":\"https:\/\/vieassociative.be\/actualites\/wp-content\/uploads\/2024\/09\/cropped-vieassociative_favicon.ico.png\",\"contentUrl\":\"https:\/\/vieassociative.be\/actualites\/wp-content\/uploads\/2024\/09\/cropped-vieassociative_favicon.ico.png\",\"width\":512,\"height\":512,\"caption\":\"Vie Associative\"},\"image\":{\"@id\":\"https:\/\/vieassociative.be\/actualites\/#\/schema\/logo\/image\/\"}},{\"@type\":\"Person\",\"@id\":\"https:\/\/vieassociative.be\/actualites\/#\/schema\/person\/b87ac4f82f9d4e7b7cec7395b679edc4\",\"name\":\"Julien\",\"image\":{\"@type\":\"ImageObject\",\"inLanguage\":\"fr-BE\",\"@id\":\"https:\/\/vieassociative.be\/actualites\/#\/schema\/person\/image\/\",\"url\":\"https:\/\/vieassociative.be\/actualites\/wp-content\/uploads\/2024\/09\/vie-associative-1-150x150.jpg\",\"contentUrl\":\"https:\/\/vieassociative.be\/actualites\/wp-content\/uploads\/2024\/09\/vie-associative-1-150x150.jpg\",\"caption\":\"Julien\"},\"description\":\"Je suis Julien, r\u00e9dacteur pour Vie Associative. Passionn\u00e9 par le monde associatif depuis plus de 10 ans, j'ai \u00e0 c\u0153ur de partager des histoires inspirantes et de mettre en lumi\u00e8re les initiatives locales. Mon objectif est de sensibiliser et d'encourager l'engagement communautaire \u00e0 travers mes articles.\",\"sameAs\":[\"https:\/\/vieassociative.be\/\"]}]}<\/script>\n<!-- \/ Yoast SEO plugin. -->","yoast_head_json":{"title":"La journ\u00e9e la plus longue: des milliers de personnes c\u00e9l\u00e8brent le solstice \u00e0 Stonehenge - \"comme un portail dans un autre monde\" | Vie Associative","robots":{"index":"index","follow":"follow","max-snippet":"max-snippet:-1","max-image-preview":"max-image-preview:large","max-video-preview":"max-video-preview:-1"},"canonical":"https:\/\/vieassociative.be\/actualites\/la-journee-la-plus-longue-des-milliers-de-personnes-celebrent-le-solstice-a-stonehenge-comme-un-portail-dans-un-autre-monde\/","og_locale":"fr_FR","og_type":"article","og_title":"La journ\u00e9e la plus longue: des milliers de personnes c\u00e9l\u00e8brent le solstice \u00e0 Stonehenge - \"comme un portail dans un autre monde\" | Vie Associative","og_description":"Maintenant, les jours se raccourcissent \u00e0 nouveau. \u00c0 l&rsquo;anglais Steinkreis Stonehenge, des milliers de personnes ont accueilli le solstice d&rsquo;\u00e9t\u00e9 &#8211; et ont travers\u00e9 la","og_url":"https:\/\/vieassociative.be\/actualites\/la-journee-la-plus-longue-des-milliers-de-personnes-celebrent-le-solstice-a-stonehenge-comme-un-portail-dans-un-autre-monde\/","og_site_name":"Vie Associative","article_published_time":"2025-06-21T20:17:05+00:00","og_image":[{"width":279,"height":92,"url":"https:\/\/vieassociative.be\/actualites\/wp-content\/uploads\/2024\/09\/header_backgroundk-01-e1726694325946.png","type":"image\/png"}],"author":"Julien","twitter_card":"summary_large_image","twitter_misc":{"\u00c9crit par":"Julien","Dur\u00e9e de lecture est.":"4 minutes"},"schema":{"@context":"https:\/\/schema.org","@graph":[{"@type":"Article","@id":"https:\/\/vieassociative.be\/actualites\/la-journee-la-plus-longue-des-milliers-de-personnes-celebrent-le-solstice-a-stonehenge-comme-un-portail-dans-un-autre-monde\/#article","isPartOf":{"@id":"https:\/\/vieassociative.be\/actualites\/la-journee-la-plus-longue-des-milliers-de-personnes-celebrent-le-solstice-a-stonehenge-comme-un-portail-dans-un-autre-monde\/"},"author":{"name":"Julien","@id":"https:\/\/vieassociative.be\/actualites\/#\/schema\/person\/b87ac4f82f9d4e7b7cec7395b679edc4"},"headline":"La journ\u00e9e la plus longue: des milliers de personnes c\u00e9l\u00e8brent le solstice \u00e0 Stonehenge &#8211; \u00ab\u00a0comme un portail dans un autre monde\u00a0\u00bb","datePublished":"2025-06-21T20:17:05+00:00","dateModified":"2025-06-21T20:17:05+00:00","mainEntityOfPage":{"@id":"https:\/\/vieassociative.be\/actualites\/la-journee-la-plus-longue-des-milliers-de-personnes-celebrent-le-solstice-a-stonehenge-comme-un-portail-dans-un-autre-monde\/"},"wordCount":865,"publisher":{"@id":"https:\/\/vieassociative.be\/actualites\/#organization"},"image":{"@id":"https:\/\/vieassociative.be\/actualites\/la-journee-la-plus-longue-des-milliers-de-personnes-celebrent-le-solstice-a-stonehenge-comme-un-portail-dans-un-autre-monde\/#primaryimage"},"thumbnailUrl":"https:\/\/vieassociative.be\/actualites\/wp-content\/uploads\/2025\/06\/1750537026_La-journee-la-plus-longue-des-milliers-de-personnes-celebrent.jpg","keywords":["autre","c\u00e9l\u00e8brent","comme","dans","Des","journ\u00e9e","longue","milliers","monde","personnes","portail","solstice","Stonehenge"],"articleSection":["Belgique"],"inLanguage":"fr-BE"},{"@type":"WebPage","@id":"https:\/\/vieassociative.be\/actualites\/la-journee-la-plus-longue-des-milliers-de-personnes-celebrent-le-solstice-a-stonehenge-comme-un-portail-dans-un-autre-monde\/","url":"https:\/\/vieassociative.be\/actualites\/la-journee-la-plus-longue-des-milliers-de-personnes-celebrent-le-solstice-a-stonehenge-comme-un-portail-dans-un-autre-monde\/","name":"La journ\u00e9e la plus longue: des milliers de personnes c\u00e9l\u00e8brent le solstice \u00e0 Stonehenge - \"comme un portail dans un autre monde\" | Vie Associative","isPartOf":{"@id":"https:\/\/vieassociative.be\/actualites\/#website"},"primaryImageOfPage":{"@id":"https:\/\/vieassociative.be\/actualites\/la-journee-la-plus-longue-des-milliers-de-personnes-celebrent-le-solstice-a-stonehenge-comme-un-portail-dans-un-autre-monde\/#primaryimage"},"image":{"@id":"https:\/\/vieassociative.be\/actualites\/la-journee-la-plus-longue-des-milliers-de-personnes-celebrent-le-solstice-a-stonehenge-comme-un-portail-dans-un-autre-monde\/#primaryimage"},"thumbnailUrl":"https:\/\/vieassociative.be\/actualites\/wp-content\/uploads\/2025\/06\/1750537026_La-journee-la-plus-longue-des-milliers-de-personnes-celebrent.jpg","datePublished":"2025-06-21T20:17:05+00:00","dateModified":"2025-06-21T20:17:05+00:00","breadcrumb":{"@id":"https:\/\/vieassociative.be\/actualites\/la-journee-la-plus-longue-des-milliers-de-personnes-celebrent-le-solstice-a-stonehenge-comme-un-portail-dans-un-autre-monde\/#breadcrumb"},"inLanguage":"fr-BE","potentialAction":[{"@type":"ReadAction","target":["https:\/\/vieassociative.be\/actualites\/la-journee-la-plus-longue-des-milliers-de-personnes-celebrent-le-solstice-a-stonehenge-comme-un-portail-dans-un-autre-monde\/"]}]},{"@type":"ImageObject","inLanguage":"fr-BE","@id":"https:\/\/vieassociative.be\/actualites\/la-journee-la-plus-longue-des-milliers-de-personnes-celebrent-le-solstice-a-stonehenge-comme-un-portail-dans-un-autre-monde\/#primaryimage","url":"https:\/\/vieassociative.be\/actualites\/wp-content\/uploads\/2025\/06\/1750537026_La-journee-la-plus-longue-des-milliers-de-personnes-celebrent.jpg","contentUrl":"https:\/\/vieassociative.be\/actualites\/wp-content\/uploads\/2025\/06\/1750537026_La-journee-la-plus-longue-des-milliers-de-personnes-celebrent.jpg","width":1200,"height":900,"caption":"La journ\u00e9e la plus longue: des milliers de personnes c\u00e9l\u00e8brent le solstice \u00e0 Stonehenge - \"comme un portail dans un autre monde\""},{"@type":"BreadcrumbList","@id":"https:\/\/vieassociative.be\/actualites\/la-journee-la-plus-longue-des-milliers-de-personnes-celebrent-le-solstice-a-stonehenge-comme-un-portail-dans-un-autre-monde\/#breadcrumb","itemListElement":[{"@type":"ListItem","position":1,"name":"Accueil","item":"https:\/\/vieassociative.be\/actualites\/"},{"@type":"ListItem","position":2,"name":"La journ\u00e9e la plus longue: des milliers de personnes c\u00e9l\u00e8brent le solstice \u00e0 Stonehenge &#8211; \u00ab\u00a0comme un portail dans un autre monde\u00a0\u00bb"}]},{"@type":"WebSite","@id":"https:\/\/vieassociative.be\/actualites\/#website","url":"https:\/\/vieassociative.be\/actualites\/","name":"Vie Associative","description":"","publisher":{"@id":"https:\/\/vieassociative.be\/actualites\/#organization"},"potentialAction":[{"@type":"SearchAction","target":{"@type":"EntryPoint","urlTemplate":"https:\/\/vieassociative.be\/actualites\/?s={search_term_string}"},"query-input":{"@type":"PropertyValueSpecification","valueRequired":true,"valueName":"search_term_string"}}],"inLanguage":"fr-BE"},{"@type":"Organization","@id":"https:\/\/vieassociative.be\/actualites\/#organization","name":"Vie Associative","url":"https:\/\/vieassociative.be\/actualites\/","logo":{"@type":"ImageObject","inLanguage":"fr-BE","@id":"https:\/\/vieassociative.be\/actualites\/#\/schema\/logo\/image\/","url":"https:\/\/vieassociative.be\/actualites\/wp-content\/uploads\/2024\/09\/cropped-vieassociative_favicon.ico.png","contentUrl":"https:\/\/vieassociative.be\/actualites\/wp-content\/uploads\/2024\/09\/cropped-vieassociative_favicon.ico.png","width":512,"height":512,"caption":"Vie Associative"},"image":{"@id":"https:\/\/vieassociative.be\/actualites\/#\/schema\/logo\/image\/"}},{"@type":"Person","@id":"https:\/\/vieassociative.be\/actualites\/#\/schema\/person\/b87ac4f82f9d4e7b7cec7395b679edc4","name":"Julien","image":{"@type":"ImageObject","inLanguage":"fr-BE","@id":"https:\/\/vieassociative.be\/actualites\/#\/schema\/person\/image\/","url":"https:\/\/vieassociative.be\/actualites\/wp-content\/uploads\/2024\/09\/vie-associative-1-150x150.jpg","contentUrl":"https:\/\/vieassociative.be\/actualites\/wp-content\/uploads\/2024\/09\/vie-associative-1-150x150.jpg","caption":"Julien"},"description":"Je suis Julien, r\u00e9dacteur pour Vie Associative. Passionn\u00e9 par le monde associatif depuis plus de 10 ans, j'ai \u00e0 c\u0153ur de partager des histoires inspirantes et de mettre en lumi\u00e8re les initiatives locales. Mon objectif est de sensibiliser et d'encourager l'engagement communautaire \u00e0 travers mes articles.","sameAs":["https:\/\/vieassociative.be\/"]}]}},"_links":{"self":[{"href":"https:\/\/vieassociative.be\/actualites\/wp-json\/wp\/v2\/posts\/8310"}],"collection":[{"href":"https:\/\/vieassociative.be\/actualites\/wp-json\/wp\/v2\/posts"}],"about":[{"href":"https:\/\/vieassociative.be\/actualites\/wp-json\/wp\/v2\/types\/post"}],"author":[{"embeddable":true,"href":"https:\/\/vieassociative.be\/actualites\/wp-json\/wp\/v2\/users\/1"}],"replies":[{"embeddable":true,"href":"https:\/\/vieassociative.be\/actualites\/wp-json\/wp\/v2\/comments?post=8310"}],"version-history":[{"count":0,"href":"https:\/\/vieassociative.be\/actualites\/wp-json\/wp\/v2\/posts\/8310\/revisions"}],"wp:featuredmedia":[{"embeddable":true,"href":"https:\/\/vieassociative.be\/actualites\/wp-json\/wp\/v2\/media\/8311"}],"wp:attachment":[{"href":"https:\/\/vieassociative.be\/actualites\/wp-json\/wp\/v2\/media?parent=8310"}],"wp:term":[{"taxonomy":"category","embeddable":true,"href":"https:\/\/vieassociative.be\/actualites\/wp-json\/wp\/v2\/categories?post=8310"},{"taxonomy":"post_tag","embeddable":true,"href":"https:\/\/vieassociative.be\/actualites\/wp-json\/wp\/v2\/tags?post=8310"}],"curies":[{"name":"wp","href":"https:\/\/api.w.org\/{rel}","templated":true}]}}