{"id":8305,"date":"2025-06-21T16:17:00","date_gmt":"2025-06-21T14:17:00","guid":{"rendered":"https:\/\/vieassociative.be\/actualites\/enquete-qui-des-dix-entraineurs-de-las-eupen-depuis-2012-a-ete-le-meilleur-et-qui-le-pire\/"},"modified":"2025-06-21T16:17:00","modified_gmt":"2025-06-21T14:17:00","slug":"enquete-qui-des-dix-entraineurs-de-las-eupen-depuis-2012-a-ete-le-meilleur-et-qui-le-pire","status":"publish","type":"post","link":"https:\/\/vieassociative.be\/actualites\/enquete-qui-des-dix-entraineurs-de-las-eupen-depuis-2012-a-ete-le-meilleur-et-qui-le-pire\/","title":{"rendered":"Enqu\u00eate &#8211; Qui des dix entra\u00eeneurs de l&rsquo;AS Eupen depuis 2012 a \u00e9t\u00e9 le meilleur et qui le pire?"},"content":{"rendered":"<p><strong>Comme indiqu\u00e9, le portugais Bruno Pinheiro est le nouvel entra\u00eeneur-chef de l&rsquo;Eupener Kehrweg. L&rsquo;homme de 48 ans est donc le successeur de Mersad Selimbegovic, qui n&rsquo;a pas pu atteindre les objectifs que la direction du club avait fix\u00e9s la saison derni\u00e8re. Donc, comme s\u00e9par\u00e9 de lui.<\/strong><\/p>\n<p><span id=\"more-418149\"><\/span>Pinheiro a d\u00e9j\u00e0 \u00e9t\u00e9 le 11e entra\u00eeneur depuis qu&rsquo;Aspire a pris le contr\u00f4le de l&rsquo;AS en 2012. Dans un vote, \u00abl&rsquo;est de la Belgique directement\u00bb demande \u00e0 ses lecteurs qui des 10 entra\u00eeneurs pr\u00e9c\u00e9dents dans leur \u00e9valuation \u00e9taient les meilleurs et qui \u00e9tait le pire.<\/p>\n<p>Voici la liste compl\u00e8te des entra\u00eeneurs-chefs de l&rsquo;AS Eupen depuis la prise de contr\u00f4le d&rsquo;Aspire (Qatar) en 2012:<\/p>\n<div id=\"attachment_101095\" class=\"wp-caption alignleft\" style=\"max-width: 300px\"><img fetchpriority=\"high\" decoding=\"async\" class=\"wp-image-101095 size-medium\" src=\"https:\/\/vieassociative.be\/actualites\/wp-content\/uploads\/2025\/06\/Enquete-Qui-des-dix-entraineurs-de-lAS-Eupen-depuis.jpeg\" alt=\"\" width=\"300\" height=\"199\"  ><\/p>\n<p class=\"wp-caption-text\">Trainer Jordi Condom (\u00e0 gauche) avec le poste de directeur g\u00e9n\u00e9ral Christoph Henkel \u00e0 la f\u00eate de promotion sur le Kehrweg en mai 2016. Photo: OD<\/p>\n<\/div>\n<p>Bartolom\u00e9 Marquez L\u00f3pez (2012-2015), Jordi Condom (2015-2017), Claude Mak\u00e9l\u00e9l\u00e9 (2017-2019), Be\u00f1at San Jos\u00e9 (2019-2021), Stefan Kr\u00e4mer (2021-2022), Michael Valkanis (2021-2022), Bernnd Storck (2022), Edwardis (2021-2022), Bernnd Storck (2022), Edwardis (2021-2022), Bernnd Storck (2022), Edwardis, Edward (2022-2024), Florian Kohfeldt (2023-2024) et Mersad Selimbegovic (2024-2024).<\/p>\n<p>Le pr\u00e9servatif de Jordi a r\u00e9ussi dans la 2e ligue de la Jupiler Pro League en 2016. Seuls quelques entra\u00eeneurs comme Mak\u00e9l\u00e9l\u00e9 ou San Jos\u00e9 pourraient rester plus d&rsquo;une saison; Beaucoup ont quitt\u00e9 le noir et le blanc apr\u00e8s 1 \u00e0 2 ans ou ont \u00e9t\u00e9 pr\u00e9c\u00e9demment remplac\u00e9s. Kristoffer Andersen et Mario Kohnen \u00e9taient des entra\u00eeneurs int\u00e9rieurs entre-temps.<\/p>\n<p>Lors du vote OD, deux questions doivent \u00eatre r\u00e9pondues: quel entra\u00eeneur de l&rsquo;As Eupen \u00e9tait le meilleur pour vous? Et quel entra\u00eeneur a \u00e9t\u00e9 le pire pour vous?<\/p>\n<p><i>Votez maintenant! Attention, il y a deux questions cette fois. D\u00e8s que vous avez d\u00e9cid\u00e9 de r\u00e9pondre, vous devez confirmer votre choix en cliquant sur le champ \u00ab\u00a0Vote\u00a0\u00bb.<\/i><\/p>\n<div id=\"polls-80\" class=\"wp-polls\">\n<form id=\"polls_form_80\" class=\"wp-polls-form\" action=\"\/index.php\" method=\"post\">\n<p style=\"display: none;\"><input type=\"hidden\" id=\"poll_80_nonce\" name=\"wp-polls-nonce\" value=\"95f089d20f\"><\/p>\n<p style=\"display: none;\"><input type=\"hidden\" name=\"poll_id\" value=\"80\"><\/p>\n<h4>Quel entra\u00eeneur de l&rsquo;AS Eupen a \u00e9t\u00e9 le meilleur pour vous depuis que le As a pris le relais par Aspire 2012?<\/h4>\n<div id=\"polls-80-ans\" class=\"wp-polls-ans\">\n<ul class=\"wp-polls-ul\" style=\"margin-top: 10px\">\n<li class=\"poll-question\">\n  <label><br \/>\n      <input type=\"radio\" id=\"poll-answer-473\" name=\"poll_80\" value=\"473\"><br \/>\n      <span><\/p>\n<p>        Bartolom\u00e9 Marquez L\u00f3pez (2012-2015)<br \/>\n      <\/span><br \/>\n  <\/label>\n<\/li>\n<li class=\"poll-question\">\n  <label><br \/>\n      <input type=\"radio\" id=\"poll-answer-474\" name=\"poll_80\" value=\"474\"><br \/>\n      <span><\/p>\n<p>        Jordi Condom (2015-2017)<br \/>\n      <\/span><br \/>\n  <\/label>\n<\/li>\n<li class=\"poll-question\">\n  <label><br \/>\n      <input type=\"radio\" id=\"poll-answer-475\" name=\"poll_80\" value=\"475\"><br \/>\n      <span><\/p>\n<p>        Claude Mak\u00e9l\u00e9l\u00e9 (2017-2019)<br \/>\n      <\/span><br \/>\n  <\/label>\n<\/li>\n<li class=\"poll-question\">\n  <label><br \/>\n      <input type=\"radio\" id=\"poll-answer-476\" name=\"poll_80\" value=\"476\"><br \/>\n      <span><\/p>\n<p>        Be\u00f1at San Jos\u00e9 (2019-2021)<br \/>\n      <\/span><br \/>\n  <\/label>\n<\/li>\n<li class=\"poll-question\">\n  <label><br \/>\n      <input type=\"radio\" id=\"poll-answer-477\" name=\"poll_80\" value=\"477\"><br \/>\n      <span><\/p>\n<p>        Stefan Kr\u00e4mer (2021-2022)<br \/>\n      <\/span><br \/>\n  <\/label>\n<\/li>\n<li class=\"poll-question\">\n  <label><br \/>\n      <input type=\"radio\" id=\"poll-answer-478\" name=\"poll_80\" value=\"478\"><br \/>\n      <span><\/p>\n<p>        Michael Valkanis (2021-2022)<br \/>\n      <\/span><br \/>\n  <\/label>\n<\/li>\n<li class=\"poll-question\">\n  <label><br \/>\n      <input type=\"radio\" id=\"poll-answer-479\" name=\"poll_80\" value=\"479\"><br \/>\n      <span><\/p>\n<p>        Bernd Storck (2022-2023)<br \/>\n      <\/span><br \/>\n  <\/label>\n<\/li>\n<li class=\"poll-question\">\n  <label><br \/>\n      <input type=\"radio\" id=\"poll-answer-480\" name=\"poll_80\" value=\"480\"><br \/>\n      <span><\/p>\n<p>        Edward Still (2022-2023)<br \/>\n      <\/span><br \/>\n  <\/label>\n<\/li>\n<li class=\"poll-question\">\n  <label><br \/>\n      <input type=\"radio\" id=\"poll-answer-481\" name=\"poll_80\" value=\"481\"><br \/>\n      <span><\/p>\n<p>        Florian Kohfeldt (2023-2024)<br \/>\n      <\/span><br \/>\n  <\/label>\n<\/li>\n<li class=\"poll-question\">\n  <label><br \/>\n      <input type=\"radio\" id=\"poll-answer-482\" name=\"poll_80\" value=\"482\"><br \/>\n      <span><\/p>\n<p>        Mersad Seimbegovic (2024-2025)<br \/>\n      <\/span><br \/>\n  <\/label>\n<\/li>\n<\/ul>\n<div class=\"text-center\">\n<input type=\"button\" name=\"vote\" value=\" Abstimmen \" class=\"button\" onclick=\"poll_vote(80);\">\n<\/div>\n<\/div><\/form>\n<\/div>\n<div id=\"polls-80-loading\" class=\"wp-polls-loading\"><img decoding=\"async\" src=\"https:\/\/vieassociative.be\/actualites\/wp-content\/uploads\/2025\/06\/Enquete-Qui-des-dix-entraineurs-de-lAS-Eupen-depuis.gif\" width=\"16\" height=\"16\" alt=\"Est le chargement ...\" title=\"Est le chargement ...\" class=\"wp-polls-image\"> Est le chargement &#8230;<\/div>\n<div id=\"polls-81\" class=\"wp-polls\">\n<form id=\"polls_form_81\" class=\"wp-polls-form\" action=\"\/index.php\" method=\"post\">\n<p style=\"display: none;\"><input type=\"hidden\" id=\"poll_81_nonce\" name=\"wp-polls-nonce\" value=\"0aec6c5b84\"><\/p>\n<p style=\"display: none;\"><input type=\"hidden\" name=\"poll_id\" value=\"81\"><\/p>\n<h4>Qui a \u00e9t\u00e9 le pire entra\u00eeneur pour vous depuis que l&rsquo;Eupen a \u00e9t\u00e9 repris par Aspire. En 2012?<\/h4>\n<div id=\"polls-81-ans\" class=\"wp-polls-ans\">\n<ul class=\"wp-polls-ul\" style=\"margin-top: 10px\">\n<li class=\"poll-question\">\n  <label><br \/>\n      <input type=\"radio\" id=\"poll-answer-483\" name=\"poll_81\" value=\"483\"><br \/>\n      <span><\/p>\n<p>        Bartolom\u00e9 Marquez-Lopez (2012-2015)<br \/>\n      <\/span><br \/>\n  <\/label>\n<\/li>\n<li class=\"poll-question\">\n  <label><br \/>\n      <input type=\"radio\" id=\"poll-answer-484\" name=\"poll_81\" value=\"484\"><br \/>\n      <span><\/p>\n<p>        Jordi Condom (2015-2017)<br \/>\n      <\/span><br \/>\n  <\/label>\n<\/li>\n<li class=\"poll-question\">\n  <label><br \/>\n      <input type=\"radio\" id=\"poll-answer-485\" name=\"poll_81\" value=\"485\"><br \/>\n      <span><\/p>\n<p>        Claude Mak\u00e9l\u00e9l\u00e9 (2017-2019)<br \/>\n      <\/span><br \/>\n  <\/label>\n<\/li>\n<li class=\"poll-question\">\n  <label><br \/>\n      <input type=\"radio\" id=\"poll-answer-486\" name=\"poll_81\" value=\"486\"><br \/>\n      <span><\/p>\n<p>        Be\u00f1at San Jos\u00e9 (2019-2021)<br \/>\n      <\/span><br \/>\n  <\/label>\n<\/li>\n<li class=\"poll-question\">\n  <label><br \/>\n      <input type=\"radio\" id=\"poll-answer-487\" name=\"poll_81\" value=\"487\"><br \/>\n      <span><\/p>\n<p>        Stefan Kr\u00e4mer (2021-2022)<br \/>\n      <\/span><br \/>\n  <\/label>\n<\/li>\n<li class=\"poll-question\">\n  <label><br \/>\n      <input type=\"radio\" id=\"poll-answer-488\" name=\"poll_81\" value=\"488\"><br \/>\n      <span><\/p>\n<p>        Michael Valkanis (2022-2023)<br \/>\n      <\/span><br \/>\n  <\/label>\n<\/li>\n<li class=\"poll-question\">\n  <label><br \/>\n      <input type=\"radio\" id=\"poll-answer-489\" name=\"poll_81\" value=\"489\"><br \/>\n      <span><\/p>\n<p>        Bernd Storck (2022-2023)<br \/>\n      <\/span><br \/>\n  <\/label>\n<\/li>\n<li class=\"poll-question\">\n  <label><br \/>\n      <input type=\"radio\" id=\"poll-answer-490\" name=\"poll_81\" value=\"490\"><br \/>\n      <span><\/p>\n<p>        Edward Still (2023-2024)<br \/>\n      <\/span><br \/>\n  <\/label>\n<\/li>\n<li class=\"poll-question\">\n  <label><br \/>\n      <input type=\"radio\" id=\"poll-answer-491\" name=\"poll_81\" value=\"491\"><br \/>\n      <span><\/p>\n<p>        Florian Kohfeldt (2023-2024)<br \/>\n      <\/span><br \/>\n  <\/label>\n<\/li>\n<li class=\"poll-question\">\n  <label><br \/>\n      <input type=\"radio\" id=\"poll-answer-492\" name=\"poll_81\" value=\"492\"><br \/>\n      <span><\/p>\n<p>        Mersad Seimbegovic (2024-2025)<br \/>\n      <\/span><br \/>\n  <\/label>\n<\/li>\n<\/ul>\n<div class=\"text-center\">\n<input type=\"button\" name=\"vote\" value=\" Abstimmen \" class=\"button\" onclick=\"poll_vote(81);\">\n<\/div>\n<\/div><\/form>\n<\/div>\n<div id=\"polls-81-loading\" class=\"wp-polls-loading\"><img decoding=\"async\" src=\"https:\/\/vieassociative.be\/actualites\/wp-content\/uploads\/2025\/06\/Enquete-Qui-des-dix-entraineurs-de-lAS-Eupen-depuis.gif\" width=\"16\" height=\"16\" alt=\"Est le chargement ...\" title=\"Est le chargement ...\" class=\"wp-polls-image\"> Est le chargement &#8230;<\/div>\n<p><em><strong>Sur le sujet, voir \u00e9galement l&rsquo;article suivant sur OD:<\/strong><\/em><\/p>\n<div class=\"responsive-embed widescreen\">\n<blockquote class=\"wp-embedded-content\" data-secret=\"P9EzcrL0K7\">\n<p>Quelque chose se passe en tant qu&rsquo;Eupen: Portugais Bruno Pinheiro nouvel entra\u00eeneur-chef-Expansion sur le joueur de 80 ans<\/p>\n<\/blockquote>\n<p><iframe loading=\"lazy\" class=\"wp-embedded-content\" sandbox=\"allow-scripts\" security=\"restricted\" style=\"position: absolute; visibility: hidden;\" title=\"\u201eBei AS Eupen tut sich was: Portugiese Bruno Pinheiro neuer Cheftrainer \u2013 Ausstellung zum 80-J\u00e4hrigen\u201c \u2014 Ostbelgien Direkt\" src=\"https:\/\/ostbelgiendirekt.be\/about:blank\" data-secret=\"P9EzcrL0K7\" width=\"500\" height=\"282\" frameborder=\"0\" marginwidth=\"0\" marginheight=\"0\" scrolling=\"no\" data-rocket-lazyload=\"fitvidscompatible\" data-lazy-src=\"https:\/\/ostbelgiendirekt.be\/ausstellung-80-jahre-418010\/embed#?secret=bUoqNe4GhX#?secret=P9EzcrL0K7\"><\/iframe><noscript><iframe class=\"wp-embedded-content\" sandbox=\"allow-scripts\" security=\"restricted\" style=\"position: absolute; visibility: hidden;\" title=\"\u201eBei AS Eupen tut sich was: Portugiese Bruno Pinheiro neuer Cheftrainer \u2013 Ausstellung zum 80-J\u00e4hrigen\u201c \u2014 Ostbelgien Direkt\" src=\"https:\/\/ostbelgiendirekt.be\/ausstellung-80-jahre-418010\/embed#?secret=bUoqNe4GhX#?secret=P9EzcrL0K7\" data-secret=\"P9EzcrL0K7\" width=\"500\" height=\"282\" frameborder=\"0\" marginwidth=\"0\" marginheight=\"0\" scrolling=\"no\"><\/iframe><\/noscript><\/p>\n<\/div>\n","protected":false},"excerpt":{"rendered":"<p>Comme indiqu\u00e9, le portugais Bruno Pinheiro est le nouvel entra\u00eeneur-chef de l&rsquo;Eupener Kehrweg. L&rsquo;homme de 48 ans est donc le successeur de Mersad Selimbegovic, qui<\/p>\n","protected":false},"author":1,"featured_media":8306,"comment_status":"","ping_status":"","sticky":false,"template":"","format":"standard","meta":{"footnotes":""},"categories":[298],"tags":[1824,29,117,3779,3581,217,2329,2353,579,3420,99],"class_list":["post-8305","post","type-post","status-publish","format-standard","has-post-thumbnail","hentry","category-belgique","tag-depuis","tag-des","tag-dix","tag-enquete","tag-entraineurs","tag-ete","tag-eupen","tag-las","tag-meilleur","tag-pire","tag-qui","generate-columns","tablet-grid-50","mobile-grid-100","grid-parent","grid-33"],"yoast_head":"<!-- This site is optimized with the Yoast SEO plugin v24.0 - https:\/\/yoast.com\/wordpress\/plugins\/seo\/ -->\n<title>Enqu\u00eate - Qui des dix entra\u00eeneurs de l&#039;AS Eupen depuis 2012 a \u00e9t\u00e9 le meilleur et qui le pire? | Vie Associative<\/title>\n<meta name=\"robots\" content=\"index, follow, max-snippet:-1, max-image-preview:large, max-video-preview:-1\" \/>\n<link rel=\"canonical\" href=\"https:\/\/vieassociative.be\/actualites\/enquete-qui-des-dix-entraineurs-de-las-eupen-depuis-2012-a-ete-le-meilleur-et-qui-le-pire\/\" \/>\n<meta property=\"og:locale\" content=\"fr_FR\" \/>\n<meta property=\"og:type\" content=\"article\" \/>\n<meta property=\"og:title\" content=\"Enqu\u00eate - Qui des dix entra\u00eeneurs de l&#039;AS Eupen depuis 2012 a \u00e9t\u00e9 le meilleur et qui le pire? | Vie Associative\" \/>\n<meta property=\"og:description\" content=\"Comme indiqu\u00e9, le portugais Bruno Pinheiro est le nouvel entra\u00eeneur-chef de l&rsquo;Eupener Kehrweg. L&rsquo;homme de 48 ans est donc le successeur de Mersad Selimbegovic, qui\" \/>\n<meta property=\"og:url\" content=\"https:\/\/vieassociative.be\/actualites\/enquete-qui-des-dix-entraineurs-de-las-eupen-depuis-2012-a-ete-le-meilleur-et-qui-le-pire\/\" \/>\n<meta property=\"og:site_name\" content=\"Vie Associative\" \/>\n<meta property=\"article:published_time\" content=\"2025-06-21T14:17:00+00:00\" \/>\n<meta property=\"og:image\" content=\"https:\/\/vieassociative.be\/actualites\/wp-content\/uploads\/2024\/09\/header_backgroundk-01-e1726694325946.png\" \/>\n\t<meta property=\"og:image:width\" content=\"279\" \/>\n\t<meta property=\"og:image:height\" content=\"92\" \/>\n\t<meta property=\"og:image:type\" content=\"image\/png\" \/>\n<meta name=\"author\" content=\"Julien\" \/>\n<meta name=\"twitter:card\" content=\"summary_large_image\" \/>\n<meta name=\"twitter:label1\" content=\"\u00c9crit par\" \/>\n\t<meta name=\"twitter:data1\" content=\"Julien\" \/>\n\t<meta name=\"twitter:label2\" content=\"Dur\u00e9e de lecture est.\" \/>\n\t<meta name=\"twitter:data2\" content=\"2 minutes\" \/>\n<script type=\"application\/ld+json\" class=\"yoast-schema-graph\">{\"@context\":\"https:\/\/schema.org\",\"@graph\":[{\"@type\":\"Article\",\"@id\":\"https:\/\/vieassociative.be\/actualites\/enquete-qui-des-dix-entraineurs-de-las-eupen-depuis-2012-a-ete-le-meilleur-et-qui-le-pire\/#article\",\"isPartOf\":{\"@id\":\"https:\/\/vieassociative.be\/actualites\/enquete-qui-des-dix-entraineurs-de-las-eupen-depuis-2012-a-ete-le-meilleur-et-qui-le-pire\/\"},\"author\":{\"name\":\"Julien\",\"@id\":\"https:\/\/vieassociative.be\/actualites\/#\/schema\/person\/b87ac4f82f9d4e7b7cec7395b679edc4\"},\"headline\":\"Enqu\u00eate &#8211; Qui des dix entra\u00eeneurs de l&rsquo;AS Eupen depuis 2012 a \u00e9t\u00e9 le meilleur et qui le pire?\",\"datePublished\":\"2025-06-21T14:17:00+00:00\",\"dateModified\":\"2025-06-21T14:17:00+00:00\",\"mainEntityOfPage\":{\"@id\":\"https:\/\/vieassociative.be\/actualites\/enquete-qui-des-dix-entraineurs-de-las-eupen-depuis-2012-a-ete-le-meilleur-et-qui-le-pire\/\"},\"wordCount\":495,\"publisher\":{\"@id\":\"https:\/\/vieassociative.be\/actualites\/#organization\"},\"image\":{\"@id\":\"https:\/\/vieassociative.be\/actualites\/enquete-qui-des-dix-entraineurs-de-las-eupen-depuis-2012-a-ete-le-meilleur-et-qui-le-pire\/#primaryimage\"},\"thumbnailUrl\":\"https:\/\/vieassociative.be\/actualites\/wp-content\/uploads\/2025\/06\/Enquete-Qui-des-dix-entraineurs-de-lAS-Eupen-depuis.jpg\",\"keywords\":[\"depuis\",\"Des\",\"Dix\",\"enqu\u00eate\",\"entra\u00eeneurs\",\"\u00e9t\u00e9\",\"Eupen\",\"lAS\",\"meilleur\",\"pire\",\"qui\"],\"articleSection\":[\"Belgique\"],\"inLanguage\":\"fr-BE\"},{\"@type\":\"WebPage\",\"@id\":\"https:\/\/vieassociative.be\/actualites\/enquete-qui-des-dix-entraineurs-de-las-eupen-depuis-2012-a-ete-le-meilleur-et-qui-le-pire\/\",\"url\":\"https:\/\/vieassociative.be\/actualites\/enquete-qui-des-dix-entraineurs-de-las-eupen-depuis-2012-a-ete-le-meilleur-et-qui-le-pire\/\",\"name\":\"Enqu\u00eate - Qui des dix entra\u00eeneurs de l'AS Eupen depuis 2012 a \u00e9t\u00e9 le meilleur et qui le pire? | Vie Associative\",\"isPartOf\":{\"@id\":\"https:\/\/vieassociative.be\/actualites\/#website\"},\"primaryImageOfPage\":{\"@id\":\"https:\/\/vieassociative.be\/actualites\/enquete-qui-des-dix-entraineurs-de-las-eupen-depuis-2012-a-ete-le-meilleur-et-qui-le-pire\/#primaryimage\"},\"image\":{\"@id\":\"https:\/\/vieassociative.be\/actualites\/enquete-qui-des-dix-entraineurs-de-las-eupen-depuis-2012-a-ete-le-meilleur-et-qui-le-pire\/#primaryimage\"},\"thumbnailUrl\":\"https:\/\/vieassociative.be\/actualites\/wp-content\/uploads\/2025\/06\/Enquete-Qui-des-dix-entraineurs-de-lAS-Eupen-depuis.jpg\",\"datePublished\":\"2025-06-21T14:17:00+00:00\",\"dateModified\":\"2025-06-21T14:17:00+00:00\",\"breadcrumb\":{\"@id\":\"https:\/\/vieassociative.be\/actualites\/enquete-qui-des-dix-entraineurs-de-las-eupen-depuis-2012-a-ete-le-meilleur-et-qui-le-pire\/#breadcrumb\"},\"inLanguage\":\"fr-BE\",\"potentialAction\":[{\"@type\":\"ReadAction\",\"target\":[\"https:\/\/vieassociative.be\/actualites\/enquete-qui-des-dix-entraineurs-de-las-eupen-depuis-2012-a-ete-le-meilleur-et-qui-le-pire\/\"]}]},{\"@type\":\"ImageObject\",\"inLanguage\":\"fr-BE\",\"@id\":\"https:\/\/vieassociative.be\/actualites\/enquete-qui-des-dix-entraineurs-de-las-eupen-depuis-2012-a-ete-le-meilleur-et-qui-le-pire\/#primaryimage\",\"url\":\"https:\/\/vieassociative.be\/actualites\/wp-content\/uploads\/2025\/06\/Enquete-Qui-des-dix-entraineurs-de-lAS-Eupen-depuis.jpg\",\"contentUrl\":\"https:\/\/vieassociative.be\/actualites\/wp-content\/uploads\/2025\/06\/Enquete-Qui-des-dix-entraineurs-de-lAS-Eupen-depuis.jpg\",\"width\":1200,\"height\":800,\"caption\":\"Enqu\u00eate - Qui des dix entra\u00eeneurs de l'AS Eupen depuis 2012 a \u00e9t\u00e9 le meilleur et qui le pire?\"},{\"@type\":\"BreadcrumbList\",\"@id\":\"https:\/\/vieassociative.be\/actualites\/enquete-qui-des-dix-entraineurs-de-las-eupen-depuis-2012-a-ete-le-meilleur-et-qui-le-pire\/#breadcrumb\",\"itemListElement\":[{\"@type\":\"ListItem\",\"position\":1,\"name\":\"Accueil\",\"item\":\"https:\/\/vieassociative.be\/actualites\/\"},{\"@type\":\"ListItem\",\"position\":2,\"name\":\"Enqu\u00eate &#8211; Qui des dix entra\u00eeneurs de l&rsquo;AS Eupen depuis 2012 a \u00e9t\u00e9 le meilleur et qui le pire?\"}]},{\"@type\":\"WebSite\",\"@id\":\"https:\/\/vieassociative.be\/actualites\/#website\",\"url\":\"https:\/\/vieassociative.be\/actualites\/\",\"name\":\"Vie Associative\",\"description\":\"\",\"publisher\":{\"@id\":\"https:\/\/vieassociative.be\/actualites\/#organization\"},\"potentialAction\":[{\"@type\":\"SearchAction\",\"target\":{\"@type\":\"EntryPoint\",\"urlTemplate\":\"https:\/\/vieassociative.be\/actualites\/?s={search_term_string}\"},\"query-input\":{\"@type\":\"PropertyValueSpecification\",\"valueRequired\":true,\"valueName\":\"search_term_string\"}}],\"inLanguage\":\"fr-BE\"},{\"@type\":\"Organization\",\"@id\":\"https:\/\/vieassociative.be\/actualites\/#organization\",\"name\":\"Vie Associative\",\"url\":\"https:\/\/vieassociative.be\/actualites\/\",\"logo\":{\"@type\":\"ImageObject\",\"inLanguage\":\"fr-BE\",\"@id\":\"https:\/\/vieassociative.be\/actualites\/#\/schema\/logo\/image\/\",\"url\":\"https:\/\/vieassociative.be\/actualites\/wp-content\/uploads\/2024\/09\/cropped-vieassociative_favicon.ico.png\",\"contentUrl\":\"https:\/\/vieassociative.be\/actualites\/wp-content\/uploads\/2024\/09\/cropped-vieassociative_favicon.ico.png\",\"width\":512,\"height\":512,\"caption\":\"Vie Associative\"},\"image\":{\"@id\":\"https:\/\/vieassociative.be\/actualites\/#\/schema\/logo\/image\/\"}},{\"@type\":\"Person\",\"@id\":\"https:\/\/vieassociative.be\/actualites\/#\/schema\/person\/b87ac4f82f9d4e7b7cec7395b679edc4\",\"name\":\"Julien\",\"image\":{\"@type\":\"ImageObject\",\"inLanguage\":\"fr-BE\",\"@id\":\"https:\/\/vieassociative.be\/actualites\/#\/schema\/person\/image\/\",\"url\":\"https:\/\/vieassociative.be\/actualites\/wp-content\/uploads\/2024\/09\/vie-associative-1-150x150.jpg\",\"contentUrl\":\"https:\/\/vieassociative.be\/actualites\/wp-content\/uploads\/2024\/09\/vie-associative-1-150x150.jpg\",\"caption\":\"Julien\"},\"description\":\"Je suis Julien, r\u00e9dacteur pour Vie Associative. Passionn\u00e9 par le monde associatif depuis plus de 10 ans, j'ai \u00e0 c\u0153ur de partager des histoires inspirantes et de mettre en lumi\u00e8re les initiatives locales. Mon objectif est de sensibiliser et d'encourager l'engagement communautaire \u00e0 travers mes articles.\",\"sameAs\":[\"https:\/\/vieassociative.be\/\"]}]}<\/script>\n<!-- \/ Yoast SEO plugin. -->","yoast_head_json":{"title":"Enqu\u00eate - Qui des dix entra\u00eeneurs de l'AS Eupen depuis 2012 a \u00e9t\u00e9 le meilleur et qui le pire? | Vie Associative","robots":{"index":"index","follow":"follow","max-snippet":"max-snippet:-1","max-image-preview":"max-image-preview:large","max-video-preview":"max-video-preview:-1"},"canonical":"https:\/\/vieassociative.be\/actualites\/enquete-qui-des-dix-entraineurs-de-las-eupen-depuis-2012-a-ete-le-meilleur-et-qui-le-pire\/","og_locale":"fr_FR","og_type":"article","og_title":"Enqu\u00eate - Qui des dix entra\u00eeneurs de l'AS Eupen depuis 2012 a \u00e9t\u00e9 le meilleur et qui le pire? | Vie Associative","og_description":"Comme indiqu\u00e9, le portugais Bruno Pinheiro est le nouvel entra\u00eeneur-chef de l&rsquo;Eupener Kehrweg. L&rsquo;homme de 48 ans est donc le successeur de Mersad Selimbegovic, qui","og_url":"https:\/\/vieassociative.be\/actualites\/enquete-qui-des-dix-entraineurs-de-las-eupen-depuis-2012-a-ete-le-meilleur-et-qui-le-pire\/","og_site_name":"Vie Associative","article_published_time":"2025-06-21T14:17:00+00:00","og_image":[{"width":279,"height":92,"url":"https:\/\/vieassociative.be\/actualites\/wp-content\/uploads\/2024\/09\/header_backgroundk-01-e1726694325946.png","type":"image\/png"}],"author":"Julien","twitter_card":"summary_large_image","twitter_misc":{"\u00c9crit par":"Julien","Dur\u00e9e de lecture est.":"2 minutes"},"schema":{"@context":"https:\/\/schema.org","@graph":[{"@type":"Article","@id":"https:\/\/vieassociative.be\/actualites\/enquete-qui-des-dix-entraineurs-de-las-eupen-depuis-2012-a-ete-le-meilleur-et-qui-le-pire\/#article","isPartOf":{"@id":"https:\/\/vieassociative.be\/actualites\/enquete-qui-des-dix-entraineurs-de-las-eupen-depuis-2012-a-ete-le-meilleur-et-qui-le-pire\/"},"author":{"name":"Julien","@id":"https:\/\/vieassociative.be\/actualites\/#\/schema\/person\/b87ac4f82f9d4e7b7cec7395b679edc4"},"headline":"Enqu\u00eate &#8211; Qui des dix entra\u00eeneurs de l&rsquo;AS Eupen depuis 2012 a \u00e9t\u00e9 le meilleur et qui le pire?","datePublished":"2025-06-21T14:17:00+00:00","dateModified":"2025-06-21T14:17:00+00:00","mainEntityOfPage":{"@id":"https:\/\/vieassociative.be\/actualites\/enquete-qui-des-dix-entraineurs-de-las-eupen-depuis-2012-a-ete-le-meilleur-et-qui-le-pire\/"},"wordCount":495,"publisher":{"@id":"https:\/\/vieassociative.be\/actualites\/#organization"},"image":{"@id":"https:\/\/vieassociative.be\/actualites\/enquete-qui-des-dix-entraineurs-de-las-eupen-depuis-2012-a-ete-le-meilleur-et-qui-le-pire\/#primaryimage"},"thumbnailUrl":"https:\/\/vieassociative.be\/actualites\/wp-content\/uploads\/2025\/06\/Enquete-Qui-des-dix-entraineurs-de-lAS-Eupen-depuis.jpg","keywords":["depuis","Des","Dix","enqu\u00eate","entra\u00eeneurs","\u00e9t\u00e9","Eupen","lAS","meilleur","pire","qui"],"articleSection":["Belgique"],"inLanguage":"fr-BE"},{"@type":"WebPage","@id":"https:\/\/vieassociative.be\/actualites\/enquete-qui-des-dix-entraineurs-de-las-eupen-depuis-2012-a-ete-le-meilleur-et-qui-le-pire\/","url":"https:\/\/vieassociative.be\/actualites\/enquete-qui-des-dix-entraineurs-de-las-eupen-depuis-2012-a-ete-le-meilleur-et-qui-le-pire\/","name":"Enqu\u00eate - Qui des dix entra\u00eeneurs de l'AS Eupen depuis 2012 a \u00e9t\u00e9 le meilleur et qui le pire? | Vie Associative","isPartOf":{"@id":"https:\/\/vieassociative.be\/actualites\/#website"},"primaryImageOfPage":{"@id":"https:\/\/vieassociative.be\/actualites\/enquete-qui-des-dix-entraineurs-de-las-eupen-depuis-2012-a-ete-le-meilleur-et-qui-le-pire\/#primaryimage"},"image":{"@id":"https:\/\/vieassociative.be\/actualites\/enquete-qui-des-dix-entraineurs-de-las-eupen-depuis-2012-a-ete-le-meilleur-et-qui-le-pire\/#primaryimage"},"thumbnailUrl":"https:\/\/vieassociative.be\/actualites\/wp-content\/uploads\/2025\/06\/Enquete-Qui-des-dix-entraineurs-de-lAS-Eupen-depuis.jpg","datePublished":"2025-06-21T14:17:00+00:00","dateModified":"2025-06-21T14:17:00+00:00","breadcrumb":{"@id":"https:\/\/vieassociative.be\/actualites\/enquete-qui-des-dix-entraineurs-de-las-eupen-depuis-2012-a-ete-le-meilleur-et-qui-le-pire\/#breadcrumb"},"inLanguage":"fr-BE","potentialAction":[{"@type":"ReadAction","target":["https:\/\/vieassociative.be\/actualites\/enquete-qui-des-dix-entraineurs-de-las-eupen-depuis-2012-a-ete-le-meilleur-et-qui-le-pire\/"]}]},{"@type":"ImageObject","inLanguage":"fr-BE","@id":"https:\/\/vieassociative.be\/actualites\/enquete-qui-des-dix-entraineurs-de-las-eupen-depuis-2012-a-ete-le-meilleur-et-qui-le-pire\/#primaryimage","url":"https:\/\/vieassociative.be\/actualites\/wp-content\/uploads\/2025\/06\/Enquete-Qui-des-dix-entraineurs-de-lAS-Eupen-depuis.jpg","contentUrl":"https:\/\/vieassociative.be\/actualites\/wp-content\/uploads\/2025\/06\/Enquete-Qui-des-dix-entraineurs-de-lAS-Eupen-depuis.jpg","width":1200,"height":800,"caption":"Enqu\u00eate - Qui des dix entra\u00eeneurs de l'AS Eupen depuis 2012 a \u00e9t\u00e9 le meilleur et qui le pire?"},{"@type":"BreadcrumbList","@id":"https:\/\/vieassociative.be\/actualites\/enquete-qui-des-dix-entraineurs-de-las-eupen-depuis-2012-a-ete-le-meilleur-et-qui-le-pire\/#breadcrumb","itemListElement":[{"@type":"ListItem","position":1,"name":"Accueil","item":"https:\/\/vieassociative.be\/actualites\/"},{"@type":"ListItem","position":2,"name":"Enqu\u00eate &#8211; Qui des dix entra\u00eeneurs de l&rsquo;AS Eupen depuis 2012 a \u00e9t\u00e9 le meilleur et qui le pire?"}]},{"@type":"WebSite","@id":"https:\/\/vieassociative.be\/actualites\/#website","url":"https:\/\/vieassociative.be\/actualites\/","name":"Vie Associative","description":"","publisher":{"@id":"https:\/\/vieassociative.be\/actualites\/#organization"},"potentialAction":[{"@type":"SearchAction","target":{"@type":"EntryPoint","urlTemplate":"https:\/\/vieassociative.be\/actualites\/?s={search_term_string}"},"query-input":{"@type":"PropertyValueSpecification","valueRequired":true,"valueName":"search_term_string"}}],"inLanguage":"fr-BE"},{"@type":"Organization","@id":"https:\/\/vieassociative.be\/actualites\/#organization","name":"Vie Associative","url":"https:\/\/vieassociative.be\/actualites\/","logo":{"@type":"ImageObject","inLanguage":"fr-BE","@id":"https:\/\/vieassociative.be\/actualites\/#\/schema\/logo\/image\/","url":"https:\/\/vieassociative.be\/actualites\/wp-content\/uploads\/2024\/09\/cropped-vieassociative_favicon.ico.png","contentUrl":"https:\/\/vieassociative.be\/actualites\/wp-content\/uploads\/2024\/09\/cropped-vieassociative_favicon.ico.png","width":512,"height":512,"caption":"Vie Associative"},"image":{"@id":"https:\/\/vieassociative.be\/actualites\/#\/schema\/logo\/image\/"}},{"@type":"Person","@id":"https:\/\/vieassociative.be\/actualites\/#\/schema\/person\/b87ac4f82f9d4e7b7cec7395b679edc4","name":"Julien","image":{"@type":"ImageObject","inLanguage":"fr-BE","@id":"https:\/\/vieassociative.be\/actualites\/#\/schema\/person\/image\/","url":"https:\/\/vieassociative.be\/actualites\/wp-content\/uploads\/2024\/09\/vie-associative-1-150x150.jpg","contentUrl":"https:\/\/vieassociative.be\/actualites\/wp-content\/uploads\/2024\/09\/vie-associative-1-150x150.jpg","caption":"Julien"},"description":"Je suis Julien, r\u00e9dacteur pour Vie Associative. Passionn\u00e9 par le monde associatif depuis plus de 10 ans, j'ai \u00e0 c\u0153ur de partager des histoires inspirantes et de mettre en lumi\u00e8re les initiatives locales. Mon objectif est de sensibiliser et d'encourager l'engagement communautaire \u00e0 travers mes articles.","sameAs":["https:\/\/vieassociative.be\/"]}]}},"_links":{"self":[{"href":"https:\/\/vieassociative.be\/actualites\/wp-json\/wp\/v2\/posts\/8305"}],"collection":[{"href":"https:\/\/vieassociative.be\/actualites\/wp-json\/wp\/v2\/posts"}],"about":[{"href":"https:\/\/vieassociative.be\/actualites\/wp-json\/wp\/v2\/types\/post"}],"author":[{"embeddable":true,"href":"https:\/\/vieassociative.be\/actualites\/wp-json\/wp\/v2\/users\/1"}],"replies":[{"embeddable":true,"href":"https:\/\/vieassociative.be\/actualites\/wp-json\/wp\/v2\/comments?post=8305"}],"version-history":[{"count":0,"href":"https:\/\/vieassociative.be\/actualites\/wp-json\/wp\/v2\/posts\/8305\/revisions"}],"wp:featuredmedia":[{"embeddable":true,"href":"https:\/\/vieassociative.be\/actualites\/wp-json\/wp\/v2\/media\/8306"}],"wp:attachment":[{"href":"https:\/\/vieassociative.be\/actualites\/wp-json\/wp\/v2\/media?parent=8305"}],"wp:term":[{"taxonomy":"category","embeddable":true,"href":"https:\/\/vieassociative.be\/actualites\/wp-json\/wp\/v2\/categories?post=8305"},{"taxonomy":"post_tag","embeddable":true,"href":"https:\/\/vieassociative.be\/actualites\/wp-json\/wp\/v2\/tags?post=8305"}],"curies":[{"name":"wp","href":"https:\/\/api.w.org\/{rel}","templated":true}]}}