{"id":8303,"date":"2025-06-21T15:17:58","date_gmt":"2025-06-21T13:17:58","guid":{"rendered":"https:\/\/vieassociative.be\/actualites\/le-gouvernement-a-un-nouveau-comite-de-conseil-aux-vaccins-et-je-suis-preoccupe-par-ce-quils-pourraient-faire-la-semaine-prochaine\/"},"modified":"2025-06-21T15:17:58","modified_gmt":"2025-06-21T13:17:58","slug":"le-gouvernement-a-un-nouveau-comite-de-conseil-aux-vaccins-et-je-suis-preoccupe-par-ce-quils-pourraient-faire-la-semaine-prochaine","status":"publish","type":"post","link":"https:\/\/vieassociative.be\/actualites\/le-gouvernement-a-un-nouveau-comite-de-conseil-aux-vaccins-et-je-suis-preoccupe-par-ce-quils-pourraient-faire-la-semaine-prochaine\/","title":{"rendered":"Le gouvernement a un nouveau comit\u00e9 de conseil aux vaccins, et je suis pr\u00e9occup\u00e9 par ce qu&rsquo;ils pourraient faire la semaine prochaine"},"content":{"rendered":"<div class=\"mt-4 leading-6 md:mb-8\">ACIP \u00e9tait un panel impartial de 17 scientifiques respect\u00e9s, mais ces gens sont tous partis maintenant.<\/div>\n<p><\/p>\n<p>Les Centers for Disease Control avaient un panel consultatif vaccinal compos\u00e9 d&rsquo;experts respect\u00e9s. Ce panel, le comit\u00e9 consultatif des pratiques de vaccination (ou ACIP), se r\u00e9unirait pour voter sur les vaccins qui devraient \u00eatre recommand\u00e9s par le gouvernement. Un vote affirmatif de l&rsquo;ACIP signifie que les compagnies d&rsquo;assurance doivent couvrir ce vaccin. Mais les membres du panel ont tous \u00e9t\u00e9 brusquement licenci\u00e9s plus t\u00f4t ce mois-ci, et maintenant leurs remplacements devraient se r\u00e9unir le 25 juin, avec des votes pr\u00e9vus pour le VR, les vaccins contre la grippe et le thim\u00e9rosal avec perplexit\u00e9. <\/p>\n<p>Je vais d\u00e9composer ce que tout cela signifie, pourquoi c&rsquo;est probablement de tr\u00e8s mauvaises nouvelles, et ce qu&rsquo;il faut surveiller lorsque le panel se r\u00e9unira la semaine prochaine. Et en passant, si vous vouliez obtenir des vaccins, je recommanderais de les planifier le plus t\u00f4t possible, alors que nous savons qu&rsquo;ils sont toujours couverts, car on ne sait pas ce qui va se passer.<\/p>\n<h2 id=\"what-is-or-was-acip\">Qu&rsquo;est-ce que (ou \u00e9tait) ACIP? <\/h2>\n<p>L&rsquo;ACIP est le comit\u00e9 consultatif des pratiques de vaccination. Il s&rsquo;agit d&rsquo;un panneau que le CDC s&rsquo;accompagne de temps en temps pour d\u00e9cider de \u00abrecommander\u00bb certains vaccins. Ce n&rsquo;est pas la m\u00eame chose que l&rsquo;approbation de la FDA &#8211; la Food and Drug Administration g\u00e8re cela. C&rsquo;est plut\u00f4t une d\u00e9cision de mettre des vaccins sur une liste des gens <em>devrait<\/em> obtenir. Par exemple, le vaccin contre la grippe est recommand\u00e9 pour presque tous les \u00e2g\u00e9s de 6 mois et plus. <\/p>\n<p>C&rsquo;est ACIP qui a d\u00e9cid\u00e9 que les travailleurs de la sant\u00e9 devraient \u00eatre les premiers \u00e0 obtenir des photos covide. C&rsquo;est ACIP qui met divers vaccins au calendrier des vaccins de routine de l&rsquo;enfance. Les vaccins recommand\u00e9s par l&rsquo;ACIP doivent, par la loi, \u00eatre couverts par presque tous les r\u00e9gimes d&rsquo;assurance sans frais de copaiement ni de frais pour les personnes pour lesquelles ils sont recommand\u00e9s. <\/p>\n<p>Auparavant, les membres de l&rsquo;ACIP comprenaient des experts en science des vaccins, en p\u00e9diatrie, en immunologie, en \u00e9pid\u00e9miologie et en sant\u00e9 publique. Il y a eu un processus de v\u00e9rification approfondi pour les nouveaux membres qui comprenait de sonder les conflits d&rsquo;int\u00e9r\u00eats, et tous les membres qui avaient un conflit relatif \u00e0 un vote sp\u00e9cifique seraient retir\u00e9s de ce vote. <\/p>\n<p>J&rsquo;ai regard\u00e9 pas mal de r\u00e9unions ACIP (ils sont toujours en direct) pour faire rapport sur les vaccins coids et autres. Les r\u00e9unions et les membres ont toujours \u00e9t\u00e9 professionnels, ax\u00e9s sur les faits et sur les bons jugements qui englobaient les effets g\u00e9n\u00e9raux de toutes les d\u00e9cisions qu&rsquo;ils ont fini par prendre. L&rsquo;ACIP \u00e9tait largement respect\u00e9 par les professionnels de la sant\u00e9 et les chercheurs. Cela ne veut pas dire que tout le monde \u00e9tait toujours d&rsquo;accord avec ses d\u00e9cisions, mais il a \u00e9t\u00e9 largement consid\u00e9r\u00e9 comme un syst\u00e8me qui fonctionnait bien et a fait que des millions d&rsquo;Am\u00e9ricains avaient acc\u00e8s aux vaccins dont ils avaient besoin. <\/p>\n<p>Notez soigneusement mon utilisation du pass\u00e9.<\/p>\n<h2 id=\"what-the-hell-is-going-on-with-acip-now\">Qu&rsquo;est-ce qui se passe avec ACIP maintenant? <\/h2>\n<p>C&rsquo;est tout, peut-\u00eatre, dans le pass\u00e9. L&rsquo;actuel secr\u00e9taire \u00e0 la Sant\u00e9 et aux Services sociaux, Robert F. Kennedy, Jr., a fond\u00e9 un groupe de plaidoyer anti-vaccin avant de devenir secr\u00e9taire du HHS. Il a d\u00e9clar\u00e9 dans ses audiences de confirmation qu&rsquo;il n&rsquo;avait pr\u00e9vu de retirer les vaccins de quiconque, et \u00e0 l&rsquo;occasion, il a admis \u00e0 contrec\u0153ur que les vaccins fonctionnent &#8211; g\u00e9n\u00e9ralement \u00e0 c\u00f4t\u00e9 de la propagation ou de l&rsquo;allumage \u00e0 une d\u00e9sinformation sur les vaccins.<\/p>\n<p>Mais Kennedy et les autres personnes nomm\u00e9es politiques qui contr\u00f4lent les branches du gouvernement qui traitent des soins de sant\u00e9 semblent certainement essayer de r\u00e9duire l&rsquo;acc\u00e8s aux vaccins. Kennedy a tent\u00e9 de annuler l&rsquo;ACIP sur les vaccins coiff\u00e9s, et semble maintenant prendre cette strat\u00e9gie plus loin en se d\u00e9barrassant simplement des 17 membres de l&rsquo;ACIP et en remplissant le panneau avec huit rempla\u00e7ants tri\u00e9s sur le volet. Le Centre de recherche et de politique des maladies infectieuses de l&rsquo;Universit\u00e9 du Minnesota poss\u00e8de des informations g\u00e9n\u00e9rales sur les nouveaux choix, dont certains ont d\u00e9j\u00e0 la r\u00e9putation de \u00abcritiques de vaccins\u00bb, pour utiliser le phras\u00e9 de CIDRAP. <\/p>\n<h2 id=\"votes-on-several-vaccines-are-coming-up\">Les votes sur plusieurs vaccins arrivent<\/h2>\n<p>Les r\u00e9unions de l&rsquo;ACIP sont annonc\u00e9es au public, et vous pouvez voir l&rsquo;ordre du jour de la prochaine r\u00e9union ici. Il s&rsquo;agit d&rsquo;une r\u00e9union de deux jours les 25 et 26 juin 2025. Certains des articles de l&rsquo;ordre du jour semblent assez typiques, comme des pr\u00e9sentations qui donnent des mises \u00e0 jour sur la situation actuelle, pour mieux \u00e9clairer toutes les d\u00e9cisions qui pourraient \u00eatre prises plus tard sur les nouveaux vaccins c\u00e8vres. <\/p>\n<div class=\"pogoClear relative my-10 border-b-(1.5px) border-t-(1.5px) border-dashed border-black py-5 sm:my-14 sm:border-0 sm:py-0\" data-ga-click data-ga-template=\"News\" data-ga-module=\"openweb_widget\" data-ga-element=\"openweb_scroll\" data-ga-item=\"openweb_scroll_midpage\" x-data=\"{\n         commentsCount: null,\n         hasComments: false,\n         async fetchCommentsCount() {\n             try {\n                 if (window.openweb &amp;&amp; typeof window.openweb.getMessagesCount === 'function') {\n                     this.commentsCount = await window.openweb.getMessagesCount('01JY7GD6V5Z8FTSZH76Z0J568T');\n                     this.hasComments = this.commentsCount !== null &amp;&amp; this.commentsCount &gt; 0;\n                 }\n             } catch (e) {\n                 console.warn('Failed to fetch comment count:', e);\n             }\n         }\n     }\" x-init=\"fetchCommentsCount()\" x-cloak><\/p>\n<div class=\"absolute top-1\/2 hidden w-full -translate-y-1\/2 border-t-(1.5px) border-dashed border-black sm:block\"><\/div>\n<div class=\"relative flex justify-center\">\n<div class=\"flex max-w-fit items-center gap-x-3 bg-white px-5\">\n<div class=\"relative\">\n                <span class=\"absolute left-1\/2 top-1\/2 -translate-x-1\/2 -translate-y-1\/2 font-akshar text-sm font-medium text-black\" aria-live=\"polite\" x-show=\"hasComments\" x-text=\"commentsCount\"><\/span><\/p>\n<p>                <svg class=\"h-8 w-8 text-black\" role=\"img\" aria-hidden=\"true\">\n                    <use href=\"http:\/\/lifehacker.com\/images\/icons\/spritemap.svg#sprite-chat-bubble\"><\/use>\n                <\/svg>\n            <\/div>\n<p>            <span class=\"text-sm font-medium text-black\"><\/p>\n<p>                Que pensez-vous jusqu&rsquo;\u00e0 pr\u00e9sent?<br \/>\n                <button class=\"ml-1 font-semibold text-brand-green underline hover:text-brand-green-700\" type=\"button\" aria-label=\"Comment section trigger\" onclick=\"window.openweb.scrollToComments('01JY7GD6V5Z8FTSZH76Z0J568T')\" x-text=\"hasComments ? 'Post a comment.' : 'Be the first to post a comment.'\"><\/button><br \/>\n            <\/span>\n        <\/div>\n<\/p><\/div>\n<\/div>\n<p>Mais il y a quelques choses d\u00e9routantes \u00e0 noter. Apr\u00e8s les pr\u00e9sentations covid\u00e9s, il n&rsquo;y a pas de vote sur les vaccins covid\u00e9s. L&rsquo;Associated Press rapporte que quelques autres \u00e9l\u00e9ments d&rsquo;agenda attendus sont manquants &#8211; des propositions de politique sur les vaccins contre le VPH et les vaccins m\u00e9nincoques ne sont pas non plus \u00e0 l&rsquo;ordre du jour. <\/p>\n<p>Les votes pr\u00e9vus se rapportent aux vaccins contre les RSV maternels et p\u00e9diatriques; Les vaccins RSV et le programme Vaccines for Children; vaccins antigrippaux (c&rsquo;est-\u00e0-dire les vaccins contre la grippe); et \u00abThimeralal contenant des recommandations de vaccin contre la grippe\u00bb.<\/p>\n<p>Le RSV est un virus qui peut \u00eatre particuli\u00e8rement dangereux pour les jeunes nourrissons. Il existe un vaccin qui peut \u00eatre donn\u00e9 pendant la grossesse qui prot\u00e8ge le nourrisson pendant quelques mois apr\u00e8s la naissance et un anticorps qui peut \u00eatre donn\u00e9 aux nourrissons. Ceux-ci sont actuellement recommand\u00e9s par l&rsquo;ACIP et couverts par l&rsquo;assurance et par le programme Vaccines for Children. Nous ne savons pas exactement de l&rsquo;ordre du jour de quoi parle le vote, ni si le panel peut essayer de renverser cette recommandation. <\/p>\n<p>Les vaccins contre la grippe sont \u00e9galement actuellement recommand\u00e9s, et un vote sur le vaccin contre la grippe semble faire partie de l&rsquo;ordre du jour de l&rsquo;ACIP (il s&rsquo;agissait de l&rsquo;ordre du jour de la r\u00e9union de juin de l&rsquo;ann\u00e9e derni\u00e8re, par exemple). Normalement, les d\u00e9cisions concernent <em>lequel<\/em> Les vaccins contre la grippe \u00e0 recommander, car les vaccins propos\u00e9s peuvent changer d&rsquo;ann\u00e9e en ann\u00e9e. Esp\u00e9rons que le vote de cette ann\u00e9e est tout aussi simple.<\/p>\n<p>Enfin, il y a ce vote perplexe sur le thim\u00e9rosal dans les vaccins contre la grippe. Le thim\u00e9rosal est un conservateur contenant du mercure qui a \u00e9t\u00e9 bl\u00e2m\u00e9 (sans aucune preuve solide) pour un lien avec l&rsquo;autisme. Par une abondance de prudence, il a \u00e9t\u00e9 retir\u00e9 de la formulation de la plupart des vaccins en 2001. Certains flacons de vaccins multi-doses le contiennent toujours, y compris le vaccin contre la grippe, qui est \u00e9galement disponible en versions \u00e0 dose unique sans conservateur. L&rsquo;\u00e9tude apr\u00e8s l&rsquo;\u00e9tude a montr\u00e9 que le thim\u00e9rosal n&rsquo;est pas li\u00e9 \u00e0 l&rsquo;autisme ou aux probl\u00e8mes neuropsychologiques. Les scientifiques consid\u00e8rent g\u00e9n\u00e9ralement cela comme un cas ferm\u00e9. <\/p>\n<p>Nous pouvons esp\u00e9rer que les votes seront men\u00e9s de mani\u00e8re appropri\u00e9e et conform\u00e9ment \u00e0 la science r\u00e9elle entourant ces vaccins. Mais \u00e9tant donn\u00e9 que cette r\u00e9union suit un remaniement \u00e0 consonance sommaire de l&rsquo;adh\u00e9sion de l&rsquo;ACIP, je ne suis pas tr\u00e8s espoir. <\/p>\n","protected":false},"excerpt":{"rendered":"<p>ACIP \u00e9tait un panel impartial de 17 scientifiques respect\u00e9s, mais ces gens sont tous partis maintenant. Les Centers for Disease Control avaient un panel consultatif<\/p>\n","protected":false},"author":1,"featured_media":8304,"comment_status":"","ping_status":"","sticky":false,"template":"","format":"standard","meta":{"footnotes":""},"categories":[38],"tags":[289,7485,1085,127,615,553,676,1168,7486,773,499,1348,2985,5266],"class_list":["post-8303","post","type-post","status-publish","format-standard","has-post-thumbnail","hentry","category-sante","tag-aux","tag-comite","tag-conseil","tag-faire","tag-gouvernement","tag-nouveau","tag-par","tag-pourraient","tag-preoccupe","tag-prochaine","tag-quils","tag-semaine","tag-suis","tag-vaccins","generate-columns","tablet-grid-50","mobile-grid-100","grid-parent","grid-33"],"yoast_head":"<!-- This site is optimized with the Yoast SEO plugin v24.0 - https:\/\/yoast.com\/wordpress\/plugins\/seo\/ -->\n<title>Le gouvernement a un nouveau comit\u00e9 de conseil aux vaccins, et je suis pr\u00e9occup\u00e9 par ce qu&#039;ils pourraient faire la semaine prochaine | Vie Associative<\/title>\n<meta name=\"robots\" content=\"index, follow, max-snippet:-1, max-image-preview:large, max-video-preview:-1\" \/>\n<link rel=\"canonical\" href=\"https:\/\/vieassociative.be\/actualites\/le-gouvernement-a-un-nouveau-comite-de-conseil-aux-vaccins-et-je-suis-preoccupe-par-ce-quils-pourraient-faire-la-semaine-prochaine\/\" \/>\n<meta property=\"og:locale\" content=\"fr_FR\" \/>\n<meta property=\"og:type\" content=\"article\" \/>\n<meta property=\"og:title\" content=\"Le gouvernement a un nouveau comit\u00e9 de conseil aux vaccins, et je suis pr\u00e9occup\u00e9 par ce qu&#039;ils pourraient faire la semaine prochaine | Vie Associative\" \/>\n<meta property=\"og:description\" content=\"ACIP \u00e9tait un panel impartial de 17 scientifiques respect\u00e9s, mais ces gens sont tous partis maintenant. Les Centers for Disease Control avaient un panel consultatif\" \/>\n<meta property=\"og:url\" content=\"https:\/\/vieassociative.be\/actualites\/le-gouvernement-a-un-nouveau-comite-de-conseil-aux-vaccins-et-je-suis-preoccupe-par-ce-quils-pourraient-faire-la-semaine-prochaine\/\" \/>\n<meta property=\"og:site_name\" content=\"Vie Associative\" \/>\n<meta property=\"article:published_time\" content=\"2025-06-21T13:17:58+00:00\" \/>\n<meta property=\"og:image\" content=\"https:\/\/vieassociative.be\/actualites\/wp-content\/uploads\/2024\/09\/header_backgroundk-01-e1726694325946.png\" \/>\n\t<meta property=\"og:image:width\" content=\"279\" \/>\n\t<meta property=\"og:image:height\" content=\"92\" \/>\n\t<meta property=\"og:image:type\" content=\"image\/png\" \/>\n<meta name=\"author\" content=\"Julien\" \/>\n<meta name=\"twitter:card\" content=\"summary_large_image\" \/>\n<meta name=\"twitter:label1\" content=\"\u00c9crit par\" \/>\n\t<meta name=\"twitter:data1\" content=\"Julien\" \/>\n\t<meta name=\"twitter:label2\" content=\"Dur\u00e9e de lecture est.\" \/>\n\t<meta name=\"twitter:data2\" content=\"6 minutes\" \/>\n<script type=\"application\/ld+json\" class=\"yoast-schema-graph\">{\"@context\":\"https:\/\/schema.org\",\"@graph\":[{\"@type\":\"Article\",\"@id\":\"https:\/\/vieassociative.be\/actualites\/le-gouvernement-a-un-nouveau-comite-de-conseil-aux-vaccins-et-je-suis-preoccupe-par-ce-quils-pourraient-faire-la-semaine-prochaine\/#article\",\"isPartOf\":{\"@id\":\"https:\/\/vieassociative.be\/actualites\/le-gouvernement-a-un-nouveau-comite-de-conseil-aux-vaccins-et-je-suis-preoccupe-par-ce-quils-pourraient-faire-la-semaine-prochaine\/\"},\"author\":{\"name\":\"Julien\",\"@id\":\"https:\/\/vieassociative.be\/actualites\/#\/schema\/person\/b87ac4f82f9d4e7b7cec7395b679edc4\"},\"headline\":\"Le gouvernement a un nouveau comit\u00e9 de conseil aux vaccins, et je suis pr\u00e9occup\u00e9 par ce qu&rsquo;ils pourraient faire la semaine prochaine\",\"datePublished\":\"2025-06-21T13:17:58+00:00\",\"dateModified\":\"2025-06-21T13:17:58+00:00\",\"mainEntityOfPage\":{\"@id\":\"https:\/\/vieassociative.be\/actualites\/le-gouvernement-a-un-nouveau-comite-de-conseil-aux-vaccins-et-je-suis-preoccupe-par-ce-quils-pourraient-faire-la-semaine-prochaine\/\"},\"wordCount\":1357,\"publisher\":{\"@id\":\"https:\/\/vieassociative.be\/actualites\/#organization\"},\"image\":{\"@id\":\"https:\/\/vieassociative.be\/actualites\/le-gouvernement-a-un-nouveau-comite-de-conseil-aux-vaccins-et-je-suis-preoccupe-par-ce-quils-pourraient-faire-la-semaine-prochaine\/#primaryimage\"},\"thumbnailUrl\":\"https:\/\/vieassociative.be\/actualites\/wp-content\/uploads\/2025\/06\/Le-gouvernement-a-un-nouveau-comite-de-conseil-aux-vaccins.png\",\"keywords\":[\"aux\",\"comit\u00e9\",\"conseil\",\"faire\",\"gouvernement\",\"nouveau\",\"par\",\"pourraient\",\"pr\u00e9occup\u00e9\",\"prochaine\",\"quils\",\"semaine\",\"suis\",\"vaccins\"],\"articleSection\":[\"Sant\u00e9\"],\"inLanguage\":\"fr-BE\"},{\"@type\":\"WebPage\",\"@id\":\"https:\/\/vieassociative.be\/actualites\/le-gouvernement-a-un-nouveau-comite-de-conseil-aux-vaccins-et-je-suis-preoccupe-par-ce-quils-pourraient-faire-la-semaine-prochaine\/\",\"url\":\"https:\/\/vieassociative.be\/actualites\/le-gouvernement-a-un-nouveau-comite-de-conseil-aux-vaccins-et-je-suis-preoccupe-par-ce-quils-pourraient-faire-la-semaine-prochaine\/\",\"name\":\"Le gouvernement a un nouveau comit\u00e9 de conseil aux vaccins, et je suis pr\u00e9occup\u00e9 par ce qu'ils pourraient faire la semaine prochaine | Vie Associative\",\"isPartOf\":{\"@id\":\"https:\/\/vieassociative.be\/actualites\/#website\"},\"primaryImageOfPage\":{\"@id\":\"https:\/\/vieassociative.be\/actualites\/le-gouvernement-a-un-nouveau-comite-de-conseil-aux-vaccins-et-je-suis-preoccupe-par-ce-quils-pourraient-faire-la-semaine-prochaine\/#primaryimage\"},\"image\":{\"@id\":\"https:\/\/vieassociative.be\/actualites\/le-gouvernement-a-un-nouveau-comite-de-conseil-aux-vaccins-et-je-suis-preoccupe-par-ce-quils-pourraient-faire-la-semaine-prochaine\/#primaryimage\"},\"thumbnailUrl\":\"https:\/\/vieassociative.be\/actualites\/wp-content\/uploads\/2025\/06\/Le-gouvernement-a-un-nouveau-comite-de-conseil-aux-vaccins.png\",\"datePublished\":\"2025-06-21T13:17:58+00:00\",\"dateModified\":\"2025-06-21T13:17:58+00:00\",\"breadcrumb\":{\"@id\":\"https:\/\/vieassociative.be\/actualites\/le-gouvernement-a-un-nouveau-comite-de-conseil-aux-vaccins-et-je-suis-preoccupe-par-ce-quils-pourraient-faire-la-semaine-prochaine\/#breadcrumb\"},\"inLanguage\":\"fr-BE\",\"potentialAction\":[{\"@type\":\"ReadAction\",\"target\":[\"https:\/\/vieassociative.be\/actualites\/le-gouvernement-a-un-nouveau-comite-de-conseil-aux-vaccins-et-je-suis-preoccupe-par-ce-quils-pourraient-faire-la-semaine-prochaine\/\"]}]},{\"@type\":\"ImageObject\",\"inLanguage\":\"fr-BE\",\"@id\":\"https:\/\/vieassociative.be\/actualites\/le-gouvernement-a-un-nouveau-comite-de-conseil-aux-vaccins-et-je-suis-preoccupe-par-ce-quils-pourraient-faire-la-semaine-prochaine\/#primaryimage\",\"url\":\"https:\/\/vieassociative.be\/actualites\/wp-content\/uploads\/2025\/06\/Le-gouvernement-a-un-nouveau-comite-de-conseil-aux-vaccins.png\",\"contentUrl\":\"https:\/\/vieassociative.be\/actualites\/wp-content\/uploads\/2025\/06\/Le-gouvernement-a-un-nouveau-comite-de-conseil-aux-vaccins.png\",\"width\":1200,\"height\":675,\"caption\":\"Le gouvernement a un nouveau comit\u00e9 de conseil aux vaccins, et je suis pr\u00e9occup\u00e9 par ce qu'ils pourraient faire la semaine prochaine\"},{\"@type\":\"BreadcrumbList\",\"@id\":\"https:\/\/vieassociative.be\/actualites\/le-gouvernement-a-un-nouveau-comite-de-conseil-aux-vaccins-et-je-suis-preoccupe-par-ce-quils-pourraient-faire-la-semaine-prochaine\/#breadcrumb\",\"itemListElement\":[{\"@type\":\"ListItem\",\"position\":1,\"name\":\"Accueil\",\"item\":\"https:\/\/vieassociative.be\/actualites\/\"},{\"@type\":\"ListItem\",\"position\":2,\"name\":\"Le gouvernement a un nouveau comit\u00e9 de conseil aux vaccins, et je suis pr\u00e9occup\u00e9 par ce qu&rsquo;ils pourraient faire la semaine prochaine\"}]},{\"@type\":\"WebSite\",\"@id\":\"https:\/\/vieassociative.be\/actualites\/#website\",\"url\":\"https:\/\/vieassociative.be\/actualites\/\",\"name\":\"Vie Associative\",\"description\":\"\",\"publisher\":{\"@id\":\"https:\/\/vieassociative.be\/actualites\/#organization\"},\"potentialAction\":[{\"@type\":\"SearchAction\",\"target\":{\"@type\":\"EntryPoint\",\"urlTemplate\":\"https:\/\/vieassociative.be\/actualites\/?s={search_term_string}\"},\"query-input\":{\"@type\":\"PropertyValueSpecification\",\"valueRequired\":true,\"valueName\":\"search_term_string\"}}],\"inLanguage\":\"fr-BE\"},{\"@type\":\"Organization\",\"@id\":\"https:\/\/vieassociative.be\/actualites\/#organization\",\"name\":\"Vie Associative\",\"url\":\"https:\/\/vieassociative.be\/actualites\/\",\"logo\":{\"@type\":\"ImageObject\",\"inLanguage\":\"fr-BE\",\"@id\":\"https:\/\/vieassociative.be\/actualites\/#\/schema\/logo\/image\/\",\"url\":\"https:\/\/vieassociative.be\/actualites\/wp-content\/uploads\/2024\/09\/cropped-vieassociative_favicon.ico.png\",\"contentUrl\":\"https:\/\/vieassociative.be\/actualites\/wp-content\/uploads\/2024\/09\/cropped-vieassociative_favicon.ico.png\",\"width\":512,\"height\":512,\"caption\":\"Vie Associative\"},\"image\":{\"@id\":\"https:\/\/vieassociative.be\/actualites\/#\/schema\/logo\/image\/\"}},{\"@type\":\"Person\",\"@id\":\"https:\/\/vieassociative.be\/actualites\/#\/schema\/person\/b87ac4f82f9d4e7b7cec7395b679edc4\",\"name\":\"Julien\",\"image\":{\"@type\":\"ImageObject\",\"inLanguage\":\"fr-BE\",\"@id\":\"https:\/\/vieassociative.be\/actualites\/#\/schema\/person\/image\/\",\"url\":\"https:\/\/vieassociative.be\/actualites\/wp-content\/uploads\/2024\/09\/vie-associative-1-150x150.jpg\",\"contentUrl\":\"https:\/\/vieassociative.be\/actualites\/wp-content\/uploads\/2024\/09\/vie-associative-1-150x150.jpg\",\"caption\":\"Julien\"},\"description\":\"Je suis Julien, r\u00e9dacteur pour Vie Associative. Passionn\u00e9 par le monde associatif depuis plus de 10 ans, j'ai \u00e0 c\u0153ur de partager des histoires inspirantes et de mettre en lumi\u00e8re les initiatives locales. Mon objectif est de sensibiliser et d'encourager l'engagement communautaire \u00e0 travers mes articles.\",\"sameAs\":[\"https:\/\/vieassociative.be\/\"]}]}<\/script>\n<!-- \/ Yoast SEO plugin. -->","yoast_head_json":{"title":"Le gouvernement a un nouveau comit\u00e9 de conseil aux vaccins, et je suis pr\u00e9occup\u00e9 par ce qu'ils pourraient faire la semaine prochaine | Vie Associative","robots":{"index":"index","follow":"follow","max-snippet":"max-snippet:-1","max-image-preview":"max-image-preview:large","max-video-preview":"max-video-preview:-1"},"canonical":"https:\/\/vieassociative.be\/actualites\/le-gouvernement-a-un-nouveau-comite-de-conseil-aux-vaccins-et-je-suis-preoccupe-par-ce-quils-pourraient-faire-la-semaine-prochaine\/","og_locale":"fr_FR","og_type":"article","og_title":"Le gouvernement a un nouveau comit\u00e9 de conseil aux vaccins, et je suis pr\u00e9occup\u00e9 par ce qu'ils pourraient faire la semaine prochaine | Vie Associative","og_description":"ACIP \u00e9tait un panel impartial de 17 scientifiques respect\u00e9s, mais ces gens sont tous partis maintenant. Les Centers for Disease Control avaient un panel consultatif","og_url":"https:\/\/vieassociative.be\/actualites\/le-gouvernement-a-un-nouveau-comite-de-conseil-aux-vaccins-et-je-suis-preoccupe-par-ce-quils-pourraient-faire-la-semaine-prochaine\/","og_site_name":"Vie Associative","article_published_time":"2025-06-21T13:17:58+00:00","og_image":[{"width":279,"height":92,"url":"https:\/\/vieassociative.be\/actualites\/wp-content\/uploads\/2024\/09\/header_backgroundk-01-e1726694325946.png","type":"image\/png"}],"author":"Julien","twitter_card":"summary_large_image","twitter_misc":{"\u00c9crit par":"Julien","Dur\u00e9e de lecture est.":"6 minutes"},"schema":{"@context":"https:\/\/schema.org","@graph":[{"@type":"Article","@id":"https:\/\/vieassociative.be\/actualites\/le-gouvernement-a-un-nouveau-comite-de-conseil-aux-vaccins-et-je-suis-preoccupe-par-ce-quils-pourraient-faire-la-semaine-prochaine\/#article","isPartOf":{"@id":"https:\/\/vieassociative.be\/actualites\/le-gouvernement-a-un-nouveau-comite-de-conseil-aux-vaccins-et-je-suis-preoccupe-par-ce-quils-pourraient-faire-la-semaine-prochaine\/"},"author":{"name":"Julien","@id":"https:\/\/vieassociative.be\/actualites\/#\/schema\/person\/b87ac4f82f9d4e7b7cec7395b679edc4"},"headline":"Le gouvernement a un nouveau comit\u00e9 de conseil aux vaccins, et je suis pr\u00e9occup\u00e9 par ce qu&rsquo;ils pourraient faire la semaine prochaine","datePublished":"2025-06-21T13:17:58+00:00","dateModified":"2025-06-21T13:17:58+00:00","mainEntityOfPage":{"@id":"https:\/\/vieassociative.be\/actualites\/le-gouvernement-a-un-nouveau-comite-de-conseil-aux-vaccins-et-je-suis-preoccupe-par-ce-quils-pourraient-faire-la-semaine-prochaine\/"},"wordCount":1357,"publisher":{"@id":"https:\/\/vieassociative.be\/actualites\/#organization"},"image":{"@id":"https:\/\/vieassociative.be\/actualites\/le-gouvernement-a-un-nouveau-comite-de-conseil-aux-vaccins-et-je-suis-preoccupe-par-ce-quils-pourraient-faire-la-semaine-prochaine\/#primaryimage"},"thumbnailUrl":"https:\/\/vieassociative.be\/actualites\/wp-content\/uploads\/2025\/06\/Le-gouvernement-a-un-nouveau-comite-de-conseil-aux-vaccins.png","keywords":["aux","comit\u00e9","conseil","faire","gouvernement","nouveau","par","pourraient","pr\u00e9occup\u00e9","prochaine","quils","semaine","suis","vaccins"],"articleSection":["Sant\u00e9"],"inLanguage":"fr-BE"},{"@type":"WebPage","@id":"https:\/\/vieassociative.be\/actualites\/le-gouvernement-a-un-nouveau-comite-de-conseil-aux-vaccins-et-je-suis-preoccupe-par-ce-quils-pourraient-faire-la-semaine-prochaine\/","url":"https:\/\/vieassociative.be\/actualites\/le-gouvernement-a-un-nouveau-comite-de-conseil-aux-vaccins-et-je-suis-preoccupe-par-ce-quils-pourraient-faire-la-semaine-prochaine\/","name":"Le gouvernement a un nouveau comit\u00e9 de conseil aux vaccins, et je suis pr\u00e9occup\u00e9 par ce qu'ils pourraient faire la semaine prochaine | Vie Associative","isPartOf":{"@id":"https:\/\/vieassociative.be\/actualites\/#website"},"primaryImageOfPage":{"@id":"https:\/\/vieassociative.be\/actualites\/le-gouvernement-a-un-nouveau-comite-de-conseil-aux-vaccins-et-je-suis-preoccupe-par-ce-quils-pourraient-faire-la-semaine-prochaine\/#primaryimage"},"image":{"@id":"https:\/\/vieassociative.be\/actualites\/le-gouvernement-a-un-nouveau-comite-de-conseil-aux-vaccins-et-je-suis-preoccupe-par-ce-quils-pourraient-faire-la-semaine-prochaine\/#primaryimage"},"thumbnailUrl":"https:\/\/vieassociative.be\/actualites\/wp-content\/uploads\/2025\/06\/Le-gouvernement-a-un-nouveau-comite-de-conseil-aux-vaccins.png","datePublished":"2025-06-21T13:17:58+00:00","dateModified":"2025-06-21T13:17:58+00:00","breadcrumb":{"@id":"https:\/\/vieassociative.be\/actualites\/le-gouvernement-a-un-nouveau-comite-de-conseil-aux-vaccins-et-je-suis-preoccupe-par-ce-quils-pourraient-faire-la-semaine-prochaine\/#breadcrumb"},"inLanguage":"fr-BE","potentialAction":[{"@type":"ReadAction","target":["https:\/\/vieassociative.be\/actualites\/le-gouvernement-a-un-nouveau-comite-de-conseil-aux-vaccins-et-je-suis-preoccupe-par-ce-quils-pourraient-faire-la-semaine-prochaine\/"]}]},{"@type":"ImageObject","inLanguage":"fr-BE","@id":"https:\/\/vieassociative.be\/actualites\/le-gouvernement-a-un-nouveau-comite-de-conseil-aux-vaccins-et-je-suis-preoccupe-par-ce-quils-pourraient-faire-la-semaine-prochaine\/#primaryimage","url":"https:\/\/vieassociative.be\/actualites\/wp-content\/uploads\/2025\/06\/Le-gouvernement-a-un-nouveau-comite-de-conseil-aux-vaccins.png","contentUrl":"https:\/\/vieassociative.be\/actualites\/wp-content\/uploads\/2025\/06\/Le-gouvernement-a-un-nouveau-comite-de-conseil-aux-vaccins.png","width":1200,"height":675,"caption":"Le gouvernement a un nouveau comit\u00e9 de conseil aux vaccins, et je suis pr\u00e9occup\u00e9 par ce qu'ils pourraient faire la semaine prochaine"},{"@type":"BreadcrumbList","@id":"https:\/\/vieassociative.be\/actualites\/le-gouvernement-a-un-nouveau-comite-de-conseil-aux-vaccins-et-je-suis-preoccupe-par-ce-quils-pourraient-faire-la-semaine-prochaine\/#breadcrumb","itemListElement":[{"@type":"ListItem","position":1,"name":"Accueil","item":"https:\/\/vieassociative.be\/actualites\/"},{"@type":"ListItem","position":2,"name":"Le gouvernement a un nouveau comit\u00e9 de conseil aux vaccins, et je suis pr\u00e9occup\u00e9 par ce qu&rsquo;ils pourraient faire la semaine prochaine"}]},{"@type":"WebSite","@id":"https:\/\/vieassociative.be\/actualites\/#website","url":"https:\/\/vieassociative.be\/actualites\/","name":"Vie Associative","description":"","publisher":{"@id":"https:\/\/vieassociative.be\/actualites\/#organization"},"potentialAction":[{"@type":"SearchAction","target":{"@type":"EntryPoint","urlTemplate":"https:\/\/vieassociative.be\/actualites\/?s={search_term_string}"},"query-input":{"@type":"PropertyValueSpecification","valueRequired":true,"valueName":"search_term_string"}}],"inLanguage":"fr-BE"},{"@type":"Organization","@id":"https:\/\/vieassociative.be\/actualites\/#organization","name":"Vie Associative","url":"https:\/\/vieassociative.be\/actualites\/","logo":{"@type":"ImageObject","inLanguage":"fr-BE","@id":"https:\/\/vieassociative.be\/actualites\/#\/schema\/logo\/image\/","url":"https:\/\/vieassociative.be\/actualites\/wp-content\/uploads\/2024\/09\/cropped-vieassociative_favicon.ico.png","contentUrl":"https:\/\/vieassociative.be\/actualites\/wp-content\/uploads\/2024\/09\/cropped-vieassociative_favicon.ico.png","width":512,"height":512,"caption":"Vie Associative"},"image":{"@id":"https:\/\/vieassociative.be\/actualites\/#\/schema\/logo\/image\/"}},{"@type":"Person","@id":"https:\/\/vieassociative.be\/actualites\/#\/schema\/person\/b87ac4f82f9d4e7b7cec7395b679edc4","name":"Julien","image":{"@type":"ImageObject","inLanguage":"fr-BE","@id":"https:\/\/vieassociative.be\/actualites\/#\/schema\/person\/image\/","url":"https:\/\/vieassociative.be\/actualites\/wp-content\/uploads\/2024\/09\/vie-associative-1-150x150.jpg","contentUrl":"https:\/\/vieassociative.be\/actualites\/wp-content\/uploads\/2024\/09\/vie-associative-1-150x150.jpg","caption":"Julien"},"description":"Je suis Julien, r\u00e9dacteur pour Vie Associative. Passionn\u00e9 par le monde associatif depuis plus de 10 ans, j'ai \u00e0 c\u0153ur de partager des histoires inspirantes et de mettre en lumi\u00e8re les initiatives locales. Mon objectif est de sensibiliser et d'encourager l'engagement communautaire \u00e0 travers mes articles.","sameAs":["https:\/\/vieassociative.be\/"]}]}},"_links":{"self":[{"href":"https:\/\/vieassociative.be\/actualites\/wp-json\/wp\/v2\/posts\/8303"}],"collection":[{"href":"https:\/\/vieassociative.be\/actualites\/wp-json\/wp\/v2\/posts"}],"about":[{"href":"https:\/\/vieassociative.be\/actualites\/wp-json\/wp\/v2\/types\/post"}],"author":[{"embeddable":true,"href":"https:\/\/vieassociative.be\/actualites\/wp-json\/wp\/v2\/users\/1"}],"replies":[{"embeddable":true,"href":"https:\/\/vieassociative.be\/actualites\/wp-json\/wp\/v2\/comments?post=8303"}],"version-history":[{"count":0,"href":"https:\/\/vieassociative.be\/actualites\/wp-json\/wp\/v2\/posts\/8303\/revisions"}],"wp:featuredmedia":[{"embeddable":true,"href":"https:\/\/vieassociative.be\/actualites\/wp-json\/wp\/v2\/media\/8304"}],"wp:attachment":[{"href":"https:\/\/vieassociative.be\/actualites\/wp-json\/wp\/v2\/media?parent=8303"}],"wp:term":[{"taxonomy":"category","embeddable":true,"href":"https:\/\/vieassociative.be\/actualites\/wp-json\/wp\/v2\/categories?post=8303"},{"taxonomy":"post_tag","embeddable":true,"href":"https:\/\/vieassociative.be\/actualites\/wp-json\/wp\/v2\/tags?post=8303"}],"curies":[{"name":"wp","href":"https:\/\/api.w.org\/{rel}","templated":true}]}}