{"id":8300,"date":"2025-06-21T09:17:25","date_gmt":"2025-06-21T07:17:25","guid":{"rendered":"https:\/\/vieassociative.be\/actualites\/les-nouveaux-lunettes-intelligentes-a-propulsion-meta-meta-ai-semblent-lisses\/"},"modified":"2025-06-21T09:17:25","modified_gmt":"2025-06-21T07:17:25","slug":"les-nouveaux-lunettes-intelligentes-a-propulsion-meta-meta-ai-semblent-lisses","status":"publish","type":"post","link":"https:\/\/vieassociative.be\/actualites\/les-nouveaux-lunettes-intelligentes-a-propulsion-meta-meta-ai-semblent-lisses\/","title":{"rendered":"Les nouveaux lunettes intelligentes \u00e0 propulsion Meta Meta Ai semblent lisses"},"content":{"rendered":"<div class=\"mt-4 leading-6 md:mb-8\">Ray-Ban vient de recevoir une nouvelle comp\u00e9tition.<\/div>\n<p><\/p>\n<p>Aujourd&rsquo;hui, Meta a annonc\u00e9 une collaboration avec Oakley pour publier des lunettes intelligentes Oakley HSTN en \u00e9dition limit\u00e9e, ainsi que l&rsquo;int\u00e9gration de l&rsquo;IA dans d&rsquo;autres mod\u00e8les d&rsquo;Oakley. Les lunettes Oakley HSTN HSTN (How-StuN \u00ab\u00a0prononc\u00e9es comportent des accents d&rsquo;or et des objectifs Prizm teint\u00e9s d&rsquo;or et des objectifs Prizm Oakley et se vendent de 499 $. Ils seront disponibles pour la pr\u00e9commande le 11 juillet. D&rsquo;autres mod\u00e8les Oakley avec META&rsquo;s AI Tech seront \u00e9galement disponibles \u00e0 399 $ cet \u00e9t\u00e9. <\/p>\n<p>Comme les lunettes intelligentes Ray-Ban Meta de deuxi\u00e8me g\u00e9n\u00e9ration publi\u00e9es \u00e0 l&rsquo;origine en 2023, Oakley Spectacles proposera une cam\u00e9ra frontale, des haut-parleurs ouverts, un microphone et une capacit\u00e9 de m\u00e9ta-IA int\u00e9gr\u00e9e qui permet des descriptions visuelles, des questions g\u00e9n\u00e9rales et une traduction en temps r\u00e9el lorsqu&rsquo;elle est associ\u00e9e \u00e0 votre smartphone. Mais la batterie sur les m\u00e9ta-lunettes d&rsquo;Oakley durera deux fois plus longtemps que les rayons de rayons &#8211; huit heures d&rsquo;utilisation et 19 heures de veille. Le dossier de charge fournira et 48 heures de charge suppl\u00e9mentaires contre 32 des rayons de rayons. Une autre am\u00e9lioration: la cam\u00e9ra int\u00e9gr\u00e9e tirera une vid\u00e9o 3K, par rapport \u00e0 1080p sur des m\u00e9ta-rayons de deuxi\u00e8me g\u00e9n\u00e9ration. <\/p>\n<div class=\"mx-auto mt-8 w-full max-w-4xl aspect-video\">\n<div id=\"video-container-Wr-_neqfirc\"><\/div>\n<\/div>\n<p>Je porte r\u00e9guli\u00e8rement des m\u00e9ta-lunettes Ray-Ban depuis plus de six mois, et, en termes de technologie, les Oakleys sont d\u00e9finitivement une am\u00e9lioration, mais incr\u00e9mentielle au lieu d&rsquo;un changement de jeu. La dur\u00e9e de vie de la batterie plus longue est toujours la bienvenue, tout comme un appareil photo avec trois fois la r\u00e9solution, mais ce n&rsquo;est pas suffisant pour moi de me sentir comme je <em>avoir<\/em> pour changer. Si vous recherchez de nouvelles lunettes, cependant, les Meta Wayfarers de Ray-Ban co\u00fbtent actuellement 379 $ par opposition \u00e0 399 $ pour l&rsquo;\u00e9dition non sp\u00e9ciale Oakleys. Conclusion: uniquement en termes de technologie, les Oakleys sont de meilleurs lunettes intelligentes \u00e0 un prix comparable, mais si cette diff\u00e9rence suffit pour faire un changement est plus un choix personnel.<\/p>\n<p>Compte tenu de l&rsquo;association de la marque Oakley avec les sports, il est un peu surprenant que Oakley Meta Grasses pr\u00e9sente la m\u00eame r\u00e9sistance \u00e0 l&rsquo;eau que les m\u00e9tas Ray-Ban. Les deux paires sont not\u00e9es IPX4, ce qui signifie que vos lunettes seront OK si vous \u00eates pris sous une pluie l\u00e9g\u00e8re. Ce serait bien d&rsquo;avoir des lunettes intelligentes enti\u00e8rement imperm\u00e9ables, IPX7, sauter dans la piscine, mais je suppose que nous devrons attendre cela. <\/p>\n<div class=\"pogoClear relative my-10 border-b-(1.5px) border-t-(1.5px) border-dashed border-black py-5 sm:my-14 sm:border-0 sm:py-0\" data-ga-click data-ga-template=\"News\" data-ga-module=\"openweb_widget\" data-ga-element=\"openweb_scroll\" data-ga-item=\"openweb_scroll_midpage\" x-data=\"{\n         commentsCount: null,\n         hasComments: false,\n         async fetchCommentsCount() {\n             try {\n                 if (window.openweb &amp;&amp; typeof window.openweb.getMessagesCount === 'function') {\n                     this.commentsCount = await window.openweb.getMessagesCount('01JY7ME6QAPV3QYXF5AST4BE5G');\n                     this.hasComments = this.commentsCount !== null &amp;&amp; this.commentsCount &gt; 0;\n                 }\n             } catch (e) {\n                 console.warn('Failed to fetch comment count:', e);\n             }\n         }\n     }\" x-init=\"fetchCommentsCount()\" x-cloak><\/p>\n<div class=\"absolute top-1\/2 hidden w-full -translate-y-1\/2 border-t-(1.5px) border-dashed border-black sm:block\"><\/div>\n<div class=\"relative flex justify-center\">\n<div class=\"flex max-w-fit items-center gap-x-3 bg-white px-5\">\n<div class=\"relative\">\n                <span class=\"absolute left-1\/2 top-1\/2 -translate-x-1\/2 -translate-y-1\/2 font-akshar text-sm font-medium text-black\" aria-live=\"polite\" x-show=\"hasComments\" x-text=\"commentsCount\"><\/span><\/p>\n<p>                <svg class=\"h-8 w-8 text-black\" role=\"img\" aria-hidden=\"true\">\n                    <use href=\"http:\/\/lifehacker.com\/images\/icons\/spritemap.svg#sprite-chat-bubble\"><\/use>\n                <\/svg>\n            <\/div>\n<p>            <span class=\"text-sm font-medium text-black\"><\/p>\n<p>                Que pensez-vous jusqu&rsquo;\u00e0 pr\u00e9sent?<br \/>\n                <button class=\"ml-1 font-semibold text-brand-green underline hover:text-brand-green-700\" type=\"button\" aria-label=\"Comment section trigger\" onclick=\"window.openweb.scrollToComments('01JY7ME6QAPV3QYXF5AST4BE5G')\" x-text=\"hasComments ? 'Post a comment.' : 'Be the first to post a comment.'\"><\/button><br \/>\n            <\/span>\n        <\/div>\n<\/p><\/div>\n<\/div>\n<p>En ce qui concerne les looks, il se trouve que j&rsquo;aime le style classique de mes rayons de rayons, mais le look d&rsquo;Oakley <em>nappe<\/em>. Je veux dire, des cadres teint\u00e9s d&rsquo;or? Viens <em>sur<\/em>. En parlant de la conception, voici les cinq vari\u00e9t\u00e9s de trames HSTN en \u00e9dition limit\u00e9e qui seront disponibles en juillet: <\/p>\n<ul>\n<li>\n<p>Oakley Meta HSTN d\u00e9sert avec des objectifs Ruby Prizm<\/p>\n<\/li>\n<li>\n<p>Oakley Meta HSTN noir avec Prizm Polar Black Lenses<\/p>\n<\/li>\n<li>\n<p>Oakley Meta HSTN Brown brillant avec des objectifs en eau profonde Polar Prizm<\/p>\n<\/li>\n<li>\n<p>Oakley Meta HSTN Black avec des transitions Amethyst Lenses<\/p>\n<\/li>\n<li>\n<p>Oakley Meta HSTN Clear avec des transitions Lenses grises<\/p>\n<\/li>\n<\/ul>\n","protected":false},"excerpt":{"rendered":"<p>Ray-Ban vient de recevoir une nouvelle comp\u00e9tition. Aujourd&rsquo;hui, Meta a annonc\u00e9 une collaboration avec Oakley pour publier des lunettes intelligentes Oakley HSTN en \u00e9dition limit\u00e9e,<\/p>\n","protected":false},"author":1,"featured_media":8301,"comment_status":"","ping_status":"","sticky":false,"template":"","format":"standard","meta":{"footnotes":""},"categories":[13],"tags":[2170,14,7484,3912,487,2052,7483,3485],"class_list":["post-8300","post","type-post","status-publish","format-standard","has-post-thumbnail","hentry","category-technologie","tag-intelligentes","tag-les","tag-lisses","tag-lunettes","tag-meta","tag-nouveaux","tag-propulsion","tag-semblent","generate-columns","tablet-grid-50","mobile-grid-100","grid-parent","grid-33"],"yoast_head":"<!-- This site is optimized with the Yoast SEO plugin v24.0 - https:\/\/yoast.com\/wordpress\/plugins\/seo\/ -->\n<title>Les nouveaux lunettes intelligentes \u00e0 propulsion Meta Meta Ai semblent lisses | Vie Associative<\/title>\n<meta name=\"robots\" content=\"index, follow, max-snippet:-1, max-image-preview:large, max-video-preview:-1\" \/>\n<link rel=\"canonical\" href=\"https:\/\/vieassociative.be\/actualites\/les-nouveaux-lunettes-intelligentes-a-propulsion-meta-meta-ai-semblent-lisses\/\" \/>\n<meta property=\"og:locale\" content=\"fr_FR\" \/>\n<meta property=\"og:type\" content=\"article\" \/>\n<meta property=\"og:title\" content=\"Les nouveaux lunettes intelligentes \u00e0 propulsion Meta Meta Ai semblent lisses | Vie Associative\" \/>\n<meta property=\"og:description\" content=\"Ray-Ban vient de recevoir une nouvelle comp\u00e9tition. Aujourd&rsquo;hui, Meta a annonc\u00e9 une collaboration avec Oakley pour publier des lunettes intelligentes Oakley HSTN en \u00e9dition limit\u00e9e,\" \/>\n<meta property=\"og:url\" content=\"https:\/\/vieassociative.be\/actualites\/les-nouveaux-lunettes-intelligentes-a-propulsion-meta-meta-ai-semblent-lisses\/\" \/>\n<meta property=\"og:site_name\" content=\"Vie Associative\" \/>\n<meta property=\"article:published_time\" content=\"2025-06-21T07:17:25+00:00\" \/>\n<meta property=\"og:image\" content=\"https:\/\/vieassociative.be\/actualites\/wp-content\/uploads\/2024\/09\/header_backgroundk-01-e1726694325946.png\" \/>\n\t<meta property=\"og:image:width\" content=\"279\" \/>\n\t<meta property=\"og:image:height\" content=\"92\" \/>\n\t<meta property=\"og:image:type\" content=\"image\/png\" \/>\n<meta name=\"author\" content=\"Julien\" \/>\n<meta name=\"twitter:card\" content=\"summary_large_image\" \/>\n<meta name=\"twitter:label1\" content=\"\u00c9crit par\" \/>\n\t<meta name=\"twitter:data1\" content=\"Julien\" \/>\n\t<meta name=\"twitter:label2\" content=\"Dur\u00e9e de lecture est.\" \/>\n\t<meta name=\"twitter:data2\" content=\"3 minutes\" \/>\n<script type=\"application\/ld+json\" class=\"yoast-schema-graph\">{\"@context\":\"https:\/\/schema.org\",\"@graph\":[{\"@type\":\"Article\",\"@id\":\"https:\/\/vieassociative.be\/actualites\/les-nouveaux-lunettes-intelligentes-a-propulsion-meta-meta-ai-semblent-lisses\/#article\",\"isPartOf\":{\"@id\":\"https:\/\/vieassociative.be\/actualites\/les-nouveaux-lunettes-intelligentes-a-propulsion-meta-meta-ai-semblent-lisses\/\"},\"author\":{\"name\":\"Julien\",\"@id\":\"https:\/\/vieassociative.be\/actualites\/#\/schema\/person\/b87ac4f82f9d4e7b7cec7395b679edc4\"},\"headline\":\"Les nouveaux lunettes intelligentes \u00e0 propulsion Meta Meta Ai semblent lisses\",\"datePublished\":\"2025-06-21T07:17:25+00:00\",\"dateModified\":\"2025-06-21T07:17:25+00:00\",\"mainEntityOfPage\":{\"@id\":\"https:\/\/vieassociative.be\/actualites\/les-nouveaux-lunettes-intelligentes-a-propulsion-meta-meta-ai-semblent-lisses\/\"},\"wordCount\":574,\"publisher\":{\"@id\":\"https:\/\/vieassociative.be\/actualites\/#organization\"},\"image\":{\"@id\":\"https:\/\/vieassociative.be\/actualites\/les-nouveaux-lunettes-intelligentes-a-propulsion-meta-meta-ai-semblent-lisses\/#primaryimage\"},\"thumbnailUrl\":\"https:\/\/vieassociative.be\/actualites\/wp-content\/uploads\/2025\/06\/Les-nouveaux-lunettes-intelligentes-a-propulsion-Meta-Meta-Ai-semblent.jpg\",\"keywords\":[\"intelligentes\",\"Les\",\"lisses\",\"lunettes\",\"Meta\",\"nouveaux\",\"propulsion\",\"semblent\"],\"articleSection\":[\"Technologie\"],\"inLanguage\":\"fr-BE\"},{\"@type\":\"WebPage\",\"@id\":\"https:\/\/vieassociative.be\/actualites\/les-nouveaux-lunettes-intelligentes-a-propulsion-meta-meta-ai-semblent-lisses\/\",\"url\":\"https:\/\/vieassociative.be\/actualites\/les-nouveaux-lunettes-intelligentes-a-propulsion-meta-meta-ai-semblent-lisses\/\",\"name\":\"Les nouveaux lunettes intelligentes \u00e0 propulsion Meta Meta Ai semblent lisses | Vie Associative\",\"isPartOf\":{\"@id\":\"https:\/\/vieassociative.be\/actualites\/#website\"},\"primaryImageOfPage\":{\"@id\":\"https:\/\/vieassociative.be\/actualites\/les-nouveaux-lunettes-intelligentes-a-propulsion-meta-meta-ai-semblent-lisses\/#primaryimage\"},\"image\":{\"@id\":\"https:\/\/vieassociative.be\/actualites\/les-nouveaux-lunettes-intelligentes-a-propulsion-meta-meta-ai-semblent-lisses\/#primaryimage\"},\"thumbnailUrl\":\"https:\/\/vieassociative.be\/actualites\/wp-content\/uploads\/2025\/06\/Les-nouveaux-lunettes-intelligentes-a-propulsion-Meta-Meta-Ai-semblent.jpg\",\"datePublished\":\"2025-06-21T07:17:25+00:00\",\"dateModified\":\"2025-06-21T07:17:25+00:00\",\"breadcrumb\":{\"@id\":\"https:\/\/vieassociative.be\/actualites\/les-nouveaux-lunettes-intelligentes-a-propulsion-meta-meta-ai-semblent-lisses\/#breadcrumb\"},\"inLanguage\":\"fr-BE\",\"potentialAction\":[{\"@type\":\"ReadAction\",\"target\":[\"https:\/\/vieassociative.be\/actualites\/les-nouveaux-lunettes-intelligentes-a-propulsion-meta-meta-ai-semblent-lisses\/\"]}]},{\"@type\":\"ImageObject\",\"inLanguage\":\"fr-BE\",\"@id\":\"https:\/\/vieassociative.be\/actualites\/les-nouveaux-lunettes-intelligentes-a-propulsion-meta-meta-ai-semblent-lisses\/#primaryimage\",\"url\":\"https:\/\/vieassociative.be\/actualites\/wp-content\/uploads\/2025\/06\/Les-nouveaux-lunettes-intelligentes-a-propulsion-Meta-Meta-Ai-semblent.jpg\",\"contentUrl\":\"https:\/\/vieassociative.be\/actualites\/wp-content\/uploads\/2025\/06\/Les-nouveaux-lunettes-intelligentes-a-propulsion-Meta-Meta-Ai-semblent.jpg\",\"width\":1200,\"height\":675,\"caption\":\"Les nouveaux lunettes intelligentes \u00e0 propulsion Meta Meta Ai semblent lisses\"},{\"@type\":\"BreadcrumbList\",\"@id\":\"https:\/\/vieassociative.be\/actualites\/les-nouveaux-lunettes-intelligentes-a-propulsion-meta-meta-ai-semblent-lisses\/#breadcrumb\",\"itemListElement\":[{\"@type\":\"ListItem\",\"position\":1,\"name\":\"Accueil\",\"item\":\"https:\/\/vieassociative.be\/actualites\/\"},{\"@type\":\"ListItem\",\"position\":2,\"name\":\"Les nouveaux lunettes intelligentes \u00e0 propulsion Meta Meta Ai semblent lisses\"}]},{\"@type\":\"WebSite\",\"@id\":\"https:\/\/vieassociative.be\/actualites\/#website\",\"url\":\"https:\/\/vieassociative.be\/actualites\/\",\"name\":\"Vie Associative\",\"description\":\"\",\"publisher\":{\"@id\":\"https:\/\/vieassociative.be\/actualites\/#organization\"},\"potentialAction\":[{\"@type\":\"SearchAction\",\"target\":{\"@type\":\"EntryPoint\",\"urlTemplate\":\"https:\/\/vieassociative.be\/actualites\/?s={search_term_string}\"},\"query-input\":{\"@type\":\"PropertyValueSpecification\",\"valueRequired\":true,\"valueName\":\"search_term_string\"}}],\"inLanguage\":\"fr-BE\"},{\"@type\":\"Organization\",\"@id\":\"https:\/\/vieassociative.be\/actualites\/#organization\",\"name\":\"Vie Associative\",\"url\":\"https:\/\/vieassociative.be\/actualites\/\",\"logo\":{\"@type\":\"ImageObject\",\"inLanguage\":\"fr-BE\",\"@id\":\"https:\/\/vieassociative.be\/actualites\/#\/schema\/logo\/image\/\",\"url\":\"https:\/\/vieassociative.be\/actualites\/wp-content\/uploads\/2024\/09\/cropped-vieassociative_favicon.ico.png\",\"contentUrl\":\"https:\/\/vieassociative.be\/actualites\/wp-content\/uploads\/2024\/09\/cropped-vieassociative_favicon.ico.png\",\"width\":512,\"height\":512,\"caption\":\"Vie Associative\"},\"image\":{\"@id\":\"https:\/\/vieassociative.be\/actualites\/#\/schema\/logo\/image\/\"}},{\"@type\":\"Person\",\"@id\":\"https:\/\/vieassociative.be\/actualites\/#\/schema\/person\/b87ac4f82f9d4e7b7cec7395b679edc4\",\"name\":\"Julien\",\"image\":{\"@type\":\"ImageObject\",\"inLanguage\":\"fr-BE\",\"@id\":\"https:\/\/vieassociative.be\/actualites\/#\/schema\/person\/image\/\",\"url\":\"https:\/\/vieassociative.be\/actualites\/wp-content\/uploads\/2024\/09\/vie-associative-1-150x150.jpg\",\"contentUrl\":\"https:\/\/vieassociative.be\/actualites\/wp-content\/uploads\/2024\/09\/vie-associative-1-150x150.jpg\",\"caption\":\"Julien\"},\"description\":\"Je suis Julien, r\u00e9dacteur pour Vie Associative. Passionn\u00e9 par le monde associatif depuis plus de 10 ans, j'ai \u00e0 c\u0153ur de partager des histoires inspirantes et de mettre en lumi\u00e8re les initiatives locales. Mon objectif est de sensibiliser et d'encourager l'engagement communautaire \u00e0 travers mes articles.\",\"sameAs\":[\"https:\/\/vieassociative.be\/\"]}]}<\/script>\n<!-- \/ Yoast SEO plugin. -->","yoast_head_json":{"title":"Les nouveaux lunettes intelligentes \u00e0 propulsion Meta Meta Ai semblent lisses | Vie Associative","robots":{"index":"index","follow":"follow","max-snippet":"max-snippet:-1","max-image-preview":"max-image-preview:large","max-video-preview":"max-video-preview:-1"},"canonical":"https:\/\/vieassociative.be\/actualites\/les-nouveaux-lunettes-intelligentes-a-propulsion-meta-meta-ai-semblent-lisses\/","og_locale":"fr_FR","og_type":"article","og_title":"Les nouveaux lunettes intelligentes \u00e0 propulsion Meta Meta Ai semblent lisses | Vie Associative","og_description":"Ray-Ban vient de recevoir une nouvelle comp\u00e9tition. Aujourd&rsquo;hui, Meta a annonc\u00e9 une collaboration avec Oakley pour publier des lunettes intelligentes Oakley HSTN en \u00e9dition limit\u00e9e,","og_url":"https:\/\/vieassociative.be\/actualites\/les-nouveaux-lunettes-intelligentes-a-propulsion-meta-meta-ai-semblent-lisses\/","og_site_name":"Vie Associative","article_published_time":"2025-06-21T07:17:25+00:00","og_image":[{"width":279,"height":92,"url":"https:\/\/vieassociative.be\/actualites\/wp-content\/uploads\/2024\/09\/header_backgroundk-01-e1726694325946.png","type":"image\/png"}],"author":"Julien","twitter_card":"summary_large_image","twitter_misc":{"\u00c9crit par":"Julien","Dur\u00e9e de lecture est.":"3 minutes"},"schema":{"@context":"https:\/\/schema.org","@graph":[{"@type":"Article","@id":"https:\/\/vieassociative.be\/actualites\/les-nouveaux-lunettes-intelligentes-a-propulsion-meta-meta-ai-semblent-lisses\/#article","isPartOf":{"@id":"https:\/\/vieassociative.be\/actualites\/les-nouveaux-lunettes-intelligentes-a-propulsion-meta-meta-ai-semblent-lisses\/"},"author":{"name":"Julien","@id":"https:\/\/vieassociative.be\/actualites\/#\/schema\/person\/b87ac4f82f9d4e7b7cec7395b679edc4"},"headline":"Les nouveaux lunettes intelligentes \u00e0 propulsion Meta Meta Ai semblent lisses","datePublished":"2025-06-21T07:17:25+00:00","dateModified":"2025-06-21T07:17:25+00:00","mainEntityOfPage":{"@id":"https:\/\/vieassociative.be\/actualites\/les-nouveaux-lunettes-intelligentes-a-propulsion-meta-meta-ai-semblent-lisses\/"},"wordCount":574,"publisher":{"@id":"https:\/\/vieassociative.be\/actualites\/#organization"},"image":{"@id":"https:\/\/vieassociative.be\/actualites\/les-nouveaux-lunettes-intelligentes-a-propulsion-meta-meta-ai-semblent-lisses\/#primaryimage"},"thumbnailUrl":"https:\/\/vieassociative.be\/actualites\/wp-content\/uploads\/2025\/06\/Les-nouveaux-lunettes-intelligentes-a-propulsion-Meta-Meta-Ai-semblent.jpg","keywords":["intelligentes","Les","lisses","lunettes","Meta","nouveaux","propulsion","semblent"],"articleSection":["Technologie"],"inLanguage":"fr-BE"},{"@type":"WebPage","@id":"https:\/\/vieassociative.be\/actualites\/les-nouveaux-lunettes-intelligentes-a-propulsion-meta-meta-ai-semblent-lisses\/","url":"https:\/\/vieassociative.be\/actualites\/les-nouveaux-lunettes-intelligentes-a-propulsion-meta-meta-ai-semblent-lisses\/","name":"Les nouveaux lunettes intelligentes \u00e0 propulsion Meta Meta Ai semblent lisses | Vie Associative","isPartOf":{"@id":"https:\/\/vieassociative.be\/actualites\/#website"},"primaryImageOfPage":{"@id":"https:\/\/vieassociative.be\/actualites\/les-nouveaux-lunettes-intelligentes-a-propulsion-meta-meta-ai-semblent-lisses\/#primaryimage"},"image":{"@id":"https:\/\/vieassociative.be\/actualites\/les-nouveaux-lunettes-intelligentes-a-propulsion-meta-meta-ai-semblent-lisses\/#primaryimage"},"thumbnailUrl":"https:\/\/vieassociative.be\/actualites\/wp-content\/uploads\/2025\/06\/Les-nouveaux-lunettes-intelligentes-a-propulsion-Meta-Meta-Ai-semblent.jpg","datePublished":"2025-06-21T07:17:25+00:00","dateModified":"2025-06-21T07:17:25+00:00","breadcrumb":{"@id":"https:\/\/vieassociative.be\/actualites\/les-nouveaux-lunettes-intelligentes-a-propulsion-meta-meta-ai-semblent-lisses\/#breadcrumb"},"inLanguage":"fr-BE","potentialAction":[{"@type":"ReadAction","target":["https:\/\/vieassociative.be\/actualites\/les-nouveaux-lunettes-intelligentes-a-propulsion-meta-meta-ai-semblent-lisses\/"]}]},{"@type":"ImageObject","inLanguage":"fr-BE","@id":"https:\/\/vieassociative.be\/actualites\/les-nouveaux-lunettes-intelligentes-a-propulsion-meta-meta-ai-semblent-lisses\/#primaryimage","url":"https:\/\/vieassociative.be\/actualites\/wp-content\/uploads\/2025\/06\/Les-nouveaux-lunettes-intelligentes-a-propulsion-Meta-Meta-Ai-semblent.jpg","contentUrl":"https:\/\/vieassociative.be\/actualites\/wp-content\/uploads\/2025\/06\/Les-nouveaux-lunettes-intelligentes-a-propulsion-Meta-Meta-Ai-semblent.jpg","width":1200,"height":675,"caption":"Les nouveaux lunettes intelligentes \u00e0 propulsion Meta Meta Ai semblent lisses"},{"@type":"BreadcrumbList","@id":"https:\/\/vieassociative.be\/actualites\/les-nouveaux-lunettes-intelligentes-a-propulsion-meta-meta-ai-semblent-lisses\/#breadcrumb","itemListElement":[{"@type":"ListItem","position":1,"name":"Accueil","item":"https:\/\/vieassociative.be\/actualites\/"},{"@type":"ListItem","position":2,"name":"Les nouveaux lunettes intelligentes \u00e0 propulsion Meta Meta Ai semblent lisses"}]},{"@type":"WebSite","@id":"https:\/\/vieassociative.be\/actualites\/#website","url":"https:\/\/vieassociative.be\/actualites\/","name":"Vie Associative","description":"","publisher":{"@id":"https:\/\/vieassociative.be\/actualites\/#organization"},"potentialAction":[{"@type":"SearchAction","target":{"@type":"EntryPoint","urlTemplate":"https:\/\/vieassociative.be\/actualites\/?s={search_term_string}"},"query-input":{"@type":"PropertyValueSpecification","valueRequired":true,"valueName":"search_term_string"}}],"inLanguage":"fr-BE"},{"@type":"Organization","@id":"https:\/\/vieassociative.be\/actualites\/#organization","name":"Vie Associative","url":"https:\/\/vieassociative.be\/actualites\/","logo":{"@type":"ImageObject","inLanguage":"fr-BE","@id":"https:\/\/vieassociative.be\/actualites\/#\/schema\/logo\/image\/","url":"https:\/\/vieassociative.be\/actualites\/wp-content\/uploads\/2024\/09\/cropped-vieassociative_favicon.ico.png","contentUrl":"https:\/\/vieassociative.be\/actualites\/wp-content\/uploads\/2024\/09\/cropped-vieassociative_favicon.ico.png","width":512,"height":512,"caption":"Vie Associative"},"image":{"@id":"https:\/\/vieassociative.be\/actualites\/#\/schema\/logo\/image\/"}},{"@type":"Person","@id":"https:\/\/vieassociative.be\/actualites\/#\/schema\/person\/b87ac4f82f9d4e7b7cec7395b679edc4","name":"Julien","image":{"@type":"ImageObject","inLanguage":"fr-BE","@id":"https:\/\/vieassociative.be\/actualites\/#\/schema\/person\/image\/","url":"https:\/\/vieassociative.be\/actualites\/wp-content\/uploads\/2024\/09\/vie-associative-1-150x150.jpg","contentUrl":"https:\/\/vieassociative.be\/actualites\/wp-content\/uploads\/2024\/09\/vie-associative-1-150x150.jpg","caption":"Julien"},"description":"Je suis Julien, r\u00e9dacteur pour Vie Associative. Passionn\u00e9 par le monde associatif depuis plus de 10 ans, j'ai \u00e0 c\u0153ur de partager des histoires inspirantes et de mettre en lumi\u00e8re les initiatives locales. Mon objectif est de sensibiliser et d'encourager l'engagement communautaire \u00e0 travers mes articles.","sameAs":["https:\/\/vieassociative.be\/"]}]}},"_links":{"self":[{"href":"https:\/\/vieassociative.be\/actualites\/wp-json\/wp\/v2\/posts\/8300"}],"collection":[{"href":"https:\/\/vieassociative.be\/actualites\/wp-json\/wp\/v2\/posts"}],"about":[{"href":"https:\/\/vieassociative.be\/actualites\/wp-json\/wp\/v2\/types\/post"}],"author":[{"embeddable":true,"href":"https:\/\/vieassociative.be\/actualites\/wp-json\/wp\/v2\/users\/1"}],"replies":[{"embeddable":true,"href":"https:\/\/vieassociative.be\/actualites\/wp-json\/wp\/v2\/comments?post=8300"}],"version-history":[{"count":0,"href":"https:\/\/vieassociative.be\/actualites\/wp-json\/wp\/v2\/posts\/8300\/revisions"}],"wp:featuredmedia":[{"embeddable":true,"href":"https:\/\/vieassociative.be\/actualites\/wp-json\/wp\/v2\/media\/8301"}],"wp:attachment":[{"href":"https:\/\/vieassociative.be\/actualites\/wp-json\/wp\/v2\/media?parent=8300"}],"wp:term":[{"taxonomy":"category","embeddable":true,"href":"https:\/\/vieassociative.be\/actualites\/wp-json\/wp\/v2\/categories?post=8300"},{"taxonomy":"post_tag","embeddable":true,"href":"https:\/\/vieassociative.be\/actualites\/wp-json\/wp\/v2\/tags?post=8300"}],"curies":[{"name":"wp","href":"https:\/\/api.w.org\/{rel}","templated":true}]}}