{"id":8294,"date":"2025-06-20T22:17:15","date_gmt":"2025-06-20T20:17:15","guid":{"rendered":"https:\/\/vieassociative.be\/actualites\/la-vie-ne-doit-pas-etre-un-luxe-owob-a-un-nouveau-conseil-dadministration-michael-scholl-president\/"},"modified":"2025-06-20T22:17:15","modified_gmt":"2025-06-20T20:17:15","slug":"la-vie-ne-doit-pas-etre-un-luxe-owob-a-un-nouveau-conseil-dadministration-michael-scholl-president","status":"publish","type":"post","link":"https:\/\/vieassociative.be\/actualites\/la-vie-ne-doit-pas-etre-un-luxe-owob-a-un-nouveau-conseil-dadministration-michael-scholl-president\/","title":{"rendered":"\u00ab\u00a0La vie ne doit pas \u00eatre un luxe\u00a0\u00bb: \u00d6wob a un nouveau conseil d&rsquo;administration &#8211; Michael Scholl Pr\u00e9sident"},"content":{"rendered":"<p><strong>L&rsquo;Association du logement \u00d6wob a r\u00e9cemment d\u00e9ploy\u00e9 un nouveau conseil d&rsquo;administration du triangle St. Vith. Michael Scholl sera au sommet \u00e0 l&rsquo;avenir.<\/strong><\/p>\n<p><span id=\"more-418112\"><\/span>Les anciens b\u00e2timents d&rsquo;Eupen succ\u00e8dent \u00e0 Denis Barth en tant que pr\u00e9sident. En tant que vice-pr\u00e9sident, Leo Kreins poursuit \u00e9galement le mandat de la nouvelle p\u00e9riode l\u00e9gislative. Apr\u00e8s trois ans, il devrait y avoir un changement ici. Ensuite, St\u00e9phanie Pauels reprendra le mandat.<\/p>\n<p>L&rsquo;ordre de \u00d6wob GmbH est le loyer, l&rsquo;entretien et la cr\u00e9ation d&rsquo;un espace de vie abordable en Belgique oriental. Dans son discours de discussion, Michael Scholl a soulign\u00e9 l&rsquo;importance centrale de la vie en tant que droit fondamental: \u00ab\u00a0La vie ne doit pas \u00eatre un luxe. Notre t\u00e2che est de cr\u00e9er des habitats dans lesquels les familles grandissent, les enfants grandissent et vivent des personnes \u00e2g\u00e9es dans la dignit\u00e9.\u00a0\u00bb<\/p>\n<div id=\"attachment_418116\" class=\"wp-caption alignleft\" style=\"max-width: 300px\"><img fetchpriority=\"high\" decoding=\"async\" class=\"wp-image-418116 size-medium\" src=\"https:\/\/vieassociative.be\/actualites\/wp-content\/uploads\/2025\/06\/La-vie-ne-doit-pas-etre-un-luxe-Owob-a.jpg\" alt=\"\" width=\"300\" height=\"230\"><\/p>\n<p class=\"wp-caption-text\">Le pr\u00e9sident sortant Denis Barth, la directrice g\u00e9n\u00e9rale Annabell Pomm\u00e9 et le nouveau pr\u00e9sident Michael Scholl (de gauche \u00e0 droite). Photo: \u00d6wob<\/p>\n<\/div>\n<p>Le nouveau pr\u00e9sident a annonc\u00e9 que le \u00d6wob voulait d\u00e9velopper \u00ab\u00a0l&rsquo;expertise, le c\u0153ur et la d\u00e9termination\u00a0\u00bb. Scholl a appel\u00e9 \u00e0 plus de courage pour des approches innovantes telles que la construction modulaire, la num\u00e9risation et l&rsquo;approvisionnement en \u00e9nergie durable. Dans le m\u00eame temps, il a appel\u00e9 \u00e0 plus de pr\u00e9voyance dans la planification, des partenariats plus forts avec les communaut\u00e9s et les autorit\u00e9s ainsi qu&rsquo;une compr\u00e9hension plus approfondie des besoins des personnes.<\/p>\n<p>Surtout en p\u00e9riode o\u00f9 le manque d&rsquo;espace de vie abordable devient de plus en plus perceptible, le sujet du logement devient de plus en plus important. \u00d6wob GmbH le voit comme sa t\u00e2che de contrer activement cette tendance et de cr\u00e9er une maison s\u00fbre et abordable pour autant de personnes en Belgique orientale que possible. La soci\u00e9t\u00e9 \u00d6wob a d\u00e9j\u00e0 lou\u00e9 plus de 1 300 unit\u00e9s r\u00e9sidentielles dans la DG. La directrice g\u00e9n\u00e9rale Annabell Pomm\u00e9 a d\u00e9clar\u00e9 que la nouvelle construction d&rsquo;appartements \u00ab\u00a0Am Plei\u00a0\u00bb \u00e0 Raeren serait inaugur\u00e9e fin juin et que d&rsquo;autres projets de construction \u00e9taient pr\u00e9vus.<\/p>\n<p><strong>Le nouveau conseil d&rsquo;administration de \u00d6wob est compos\u00e9 des membres suivants:<\/strong><\/p>\n<ul>\n<li>Michael Scholl (pr\u00e9sident, ville d&rsquo;Eupen)<\/li>\n<li>Leo Kreins (vice-pr\u00e9sident, ville de St. Vith)<\/li>\n<li>Theo Cappaert (ville d&rsquo;Eupen)<\/li>\n<li>V\u00e9ronique Wetzelaer (ville d&rsquo;Eupen)<\/li>\n<li>Serge Emontspohl (Kelmis Municipalit\u00e9)<\/li>\n<li>Guido Henning (municipalit\u00e9 de Kelmis)<\/li>\n<li>Sarah Schopp (municipalit\u00e9 de Kelmis)<\/li>\n<li>Dirk Laschet (municipalit\u00e9 de Lontzen)<\/li>\n<li>Mario Pitz (municipalit\u00e9 de Raeren)<\/li>\n<li>Stephanie Pauels (ville de St. Vith)<\/li>\n<li>Rainer Stoffels (municipalit\u00e9s d&rsquo;Amel, B\u00fcllingen, B\u00fctgenbach, Burg-Reuland)<\/li>\n<li>J\u00fcrgen Mertens (Bame)<\/li>\n<li>Michael Fryns (actionnaire priv\u00e9)<\/li>\n<\/ul>\n<p><strong>Agir en tant que commissaires:<\/strong><\/p>\n<ul>\n<li>Guido Bertes<\/li>\n<li>Joseph Burtscheidt<\/li>\n<\/ul>\n","protected":false},"excerpt":{"rendered":"<p>L&rsquo;Association du logement \u00d6wob a r\u00e9cemment d\u00e9ploy\u00e9 un nouveau conseil d&rsquo;administration du triangle St. Vith. Michael Scholl sera au sommet \u00e0 l&rsquo;avenir. Les anciens b\u00e2timents<\/p>\n","protected":false},"author":1,"featured_media":8295,"comment_status":"","ping_status":"","sticky":false,"template":"","format":"standard","meta":{"footnotes":""},"categories":[298],"tags":[1085,7478,2552,23,7476,3526,553,7477,126,3075,3616,58],"class_list":["post-8294","post","type-post","status-publish","format-standard","has-post-thumbnail","hentry","category-belgique","tag-conseil","tag-dadministration","tag-doit","tag-etre","tag-luxe","tag-michael","tag-nouveau","tag-owob","tag-pas","tag-president","tag-scholl","tag-vie","generate-columns","tablet-grid-50","mobile-grid-100","grid-parent","grid-33"],"yoast_head":"<!-- This site is optimized with the Yoast SEO plugin v24.0 - https:\/\/yoast.com\/wordpress\/plugins\/seo\/ -->\n<title>&quot;La vie ne doit pas \u00eatre un luxe&quot;: \u00d6wob a un nouveau conseil d&#039;administration - Michael Scholl Pr\u00e9sident | Vie Associative<\/title>\n<meta name=\"robots\" content=\"index, follow, max-snippet:-1, max-image-preview:large, max-video-preview:-1\" \/>\n<link rel=\"canonical\" href=\"https:\/\/vieassociative.be\/actualites\/la-vie-ne-doit-pas-etre-un-luxe-owob-a-un-nouveau-conseil-dadministration-michael-scholl-president\/\" \/>\n<meta property=\"og:locale\" content=\"fr_FR\" \/>\n<meta property=\"og:type\" content=\"article\" \/>\n<meta property=\"og:title\" content=\"&quot;La vie ne doit pas \u00eatre un luxe&quot;: \u00d6wob a un nouveau conseil d&#039;administration - Michael Scholl Pr\u00e9sident | Vie Associative\" \/>\n<meta property=\"og:description\" content=\"L&rsquo;Association du logement \u00d6wob a r\u00e9cemment d\u00e9ploy\u00e9 un nouveau conseil d&rsquo;administration du triangle St. Vith. Michael Scholl sera au sommet \u00e0 l&rsquo;avenir. Les anciens b\u00e2timents\" \/>\n<meta property=\"og:url\" content=\"https:\/\/vieassociative.be\/actualites\/la-vie-ne-doit-pas-etre-un-luxe-owob-a-un-nouveau-conseil-dadministration-michael-scholl-president\/\" \/>\n<meta property=\"og:site_name\" content=\"Vie Associative\" \/>\n<meta property=\"article:published_time\" content=\"2025-06-20T20:17:15+00:00\" \/>\n<meta property=\"og:image\" content=\"https:\/\/vieassociative.be\/actualites\/wp-content\/uploads\/2024\/09\/header_backgroundk-01-e1726694325946.png\" \/>\n\t<meta property=\"og:image:width\" content=\"279\" \/>\n\t<meta property=\"og:image:height\" content=\"92\" \/>\n\t<meta property=\"og:image:type\" content=\"image\/png\" \/>\n<meta name=\"author\" content=\"Julien\" \/>\n<meta name=\"twitter:card\" content=\"summary_large_image\" \/>\n<meta name=\"twitter:label1\" content=\"\u00c9crit par\" \/>\n\t<meta name=\"twitter:data1\" content=\"Julien\" \/>\n\t<meta name=\"twitter:label2\" content=\"Dur\u00e9e de lecture est.\" \/>\n\t<meta name=\"twitter:data2\" content=\"2 minutes\" \/>\n<script type=\"application\/ld+json\" class=\"yoast-schema-graph\">{\"@context\":\"https:\/\/schema.org\",\"@graph\":[{\"@type\":\"Article\",\"@id\":\"https:\/\/vieassociative.be\/actualites\/la-vie-ne-doit-pas-etre-un-luxe-owob-a-un-nouveau-conseil-dadministration-michael-scholl-president\/#article\",\"isPartOf\":{\"@id\":\"https:\/\/vieassociative.be\/actualites\/la-vie-ne-doit-pas-etre-un-luxe-owob-a-un-nouveau-conseil-dadministration-michael-scholl-president\/\"},\"author\":{\"name\":\"Julien\",\"@id\":\"https:\/\/vieassociative.be\/actualites\/#\/schema\/person\/b87ac4f82f9d4e7b7cec7395b679edc4\"},\"headline\":\"\u00ab\u00a0La vie ne doit pas \u00eatre un luxe\u00a0\u00bb: \u00d6wob a un nouveau conseil d&rsquo;administration &#8211; Michael Scholl Pr\u00e9sident\",\"datePublished\":\"2025-06-20T20:17:15+00:00\",\"dateModified\":\"2025-06-20T20:17:15+00:00\",\"mainEntityOfPage\":{\"@id\":\"https:\/\/vieassociative.be\/actualites\/la-vie-ne-doit-pas-etre-un-luxe-owob-a-un-nouveau-conseil-dadministration-michael-scholl-president\/\"},\"wordCount\":489,\"publisher\":{\"@id\":\"https:\/\/vieassociative.be\/actualites\/#organization\"},\"image\":{\"@id\":\"https:\/\/vieassociative.be\/actualites\/la-vie-ne-doit-pas-etre-un-luxe-owob-a-un-nouveau-conseil-dadministration-michael-scholl-president\/#primaryimage\"},\"thumbnailUrl\":\"https:\/\/vieassociative.be\/actualites\/wp-content\/uploads\/2025\/06\/1750450635_La-vie-ne-doit-pas-etre-un-luxe-Owob-a.jpg\",\"keywords\":[\"conseil\",\"dadministration\",\"doit\",\"\u00eatre\",\"luxe\",\"Michael\",\"nouveau\",\"\u00d6wob\",\"pas\",\"pr\u00e9sident\",\"Scholl\",\"vie\"],\"articleSection\":[\"Belgique\"],\"inLanguage\":\"fr-BE\"},{\"@type\":\"WebPage\",\"@id\":\"https:\/\/vieassociative.be\/actualites\/la-vie-ne-doit-pas-etre-un-luxe-owob-a-un-nouveau-conseil-dadministration-michael-scholl-president\/\",\"url\":\"https:\/\/vieassociative.be\/actualites\/la-vie-ne-doit-pas-etre-un-luxe-owob-a-un-nouveau-conseil-dadministration-michael-scholl-president\/\",\"name\":\"\\\"La vie ne doit pas \u00eatre un luxe\\\": \u00d6wob a un nouveau conseil d'administration - Michael Scholl Pr\u00e9sident | Vie Associative\",\"isPartOf\":{\"@id\":\"https:\/\/vieassociative.be\/actualites\/#website\"},\"primaryImageOfPage\":{\"@id\":\"https:\/\/vieassociative.be\/actualites\/la-vie-ne-doit-pas-etre-un-luxe-owob-a-un-nouveau-conseil-dadministration-michael-scholl-president\/#primaryimage\"},\"image\":{\"@id\":\"https:\/\/vieassociative.be\/actualites\/la-vie-ne-doit-pas-etre-un-luxe-owob-a-un-nouveau-conseil-dadministration-michael-scholl-president\/#primaryimage\"},\"thumbnailUrl\":\"https:\/\/vieassociative.be\/actualites\/wp-content\/uploads\/2025\/06\/1750450635_La-vie-ne-doit-pas-etre-un-luxe-Owob-a.jpg\",\"datePublished\":\"2025-06-20T20:17:15+00:00\",\"dateModified\":\"2025-06-20T20:17:15+00:00\",\"breadcrumb\":{\"@id\":\"https:\/\/vieassociative.be\/actualites\/la-vie-ne-doit-pas-etre-un-luxe-owob-a-un-nouveau-conseil-dadministration-michael-scholl-president\/#breadcrumb\"},\"inLanguage\":\"fr-BE\",\"potentialAction\":[{\"@type\":\"ReadAction\",\"target\":[\"https:\/\/vieassociative.be\/actualites\/la-vie-ne-doit-pas-etre-un-luxe-owob-a-un-nouveau-conseil-dadministration-michael-scholl-president\/\"]}]},{\"@type\":\"ImageObject\",\"inLanguage\":\"fr-BE\",\"@id\":\"https:\/\/vieassociative.be\/actualites\/la-vie-ne-doit-pas-etre-un-luxe-owob-a-un-nouveau-conseil-dadministration-michael-scholl-president\/#primaryimage\",\"url\":\"https:\/\/vieassociative.be\/actualites\/wp-content\/uploads\/2025\/06\/1750450635_La-vie-ne-doit-pas-etre-un-luxe-Owob-a.jpg\",\"contentUrl\":\"https:\/\/vieassociative.be\/actualites\/wp-content\/uploads\/2025\/06\/1750450635_La-vie-ne-doit-pas-etre-un-luxe-Owob-a.jpg\",\"width\":1200,\"height\":711,\"caption\":\"\\\"La vie ne doit pas \u00eatre un luxe\\\": \u00d6wob a un nouveau conseil d'administration - Michael Scholl Pr\u00e9sident\"},{\"@type\":\"BreadcrumbList\",\"@id\":\"https:\/\/vieassociative.be\/actualites\/la-vie-ne-doit-pas-etre-un-luxe-owob-a-un-nouveau-conseil-dadministration-michael-scholl-president\/#breadcrumb\",\"itemListElement\":[{\"@type\":\"ListItem\",\"position\":1,\"name\":\"Accueil\",\"item\":\"https:\/\/vieassociative.be\/actualites\/\"},{\"@type\":\"ListItem\",\"position\":2,\"name\":\"\u00ab\u00a0La vie ne doit pas \u00eatre un luxe\u00a0\u00bb: \u00d6wob a un nouveau conseil d&rsquo;administration &#8211; Michael Scholl Pr\u00e9sident\"}]},{\"@type\":\"WebSite\",\"@id\":\"https:\/\/vieassociative.be\/actualites\/#website\",\"url\":\"https:\/\/vieassociative.be\/actualites\/\",\"name\":\"Vie Associative\",\"description\":\"\",\"publisher\":{\"@id\":\"https:\/\/vieassociative.be\/actualites\/#organization\"},\"potentialAction\":[{\"@type\":\"SearchAction\",\"target\":{\"@type\":\"EntryPoint\",\"urlTemplate\":\"https:\/\/vieassociative.be\/actualites\/?s={search_term_string}\"},\"query-input\":{\"@type\":\"PropertyValueSpecification\",\"valueRequired\":true,\"valueName\":\"search_term_string\"}}],\"inLanguage\":\"fr-BE\"},{\"@type\":\"Organization\",\"@id\":\"https:\/\/vieassociative.be\/actualites\/#organization\",\"name\":\"Vie Associative\",\"url\":\"https:\/\/vieassociative.be\/actualites\/\",\"logo\":{\"@type\":\"ImageObject\",\"inLanguage\":\"fr-BE\",\"@id\":\"https:\/\/vieassociative.be\/actualites\/#\/schema\/logo\/image\/\",\"url\":\"https:\/\/vieassociative.be\/actualites\/wp-content\/uploads\/2024\/09\/cropped-vieassociative_favicon.ico.png\",\"contentUrl\":\"https:\/\/vieassociative.be\/actualites\/wp-content\/uploads\/2024\/09\/cropped-vieassociative_favicon.ico.png\",\"width\":512,\"height\":512,\"caption\":\"Vie Associative\"},\"image\":{\"@id\":\"https:\/\/vieassociative.be\/actualites\/#\/schema\/logo\/image\/\"}},{\"@type\":\"Person\",\"@id\":\"https:\/\/vieassociative.be\/actualites\/#\/schema\/person\/b87ac4f82f9d4e7b7cec7395b679edc4\",\"name\":\"Julien\",\"image\":{\"@type\":\"ImageObject\",\"inLanguage\":\"fr-BE\",\"@id\":\"https:\/\/vieassociative.be\/actualites\/#\/schema\/person\/image\/\",\"url\":\"https:\/\/vieassociative.be\/actualites\/wp-content\/uploads\/2024\/09\/vie-associative-1-150x150.jpg\",\"contentUrl\":\"https:\/\/vieassociative.be\/actualites\/wp-content\/uploads\/2024\/09\/vie-associative-1-150x150.jpg\",\"caption\":\"Julien\"},\"description\":\"Je suis Julien, r\u00e9dacteur pour Vie Associative. Passionn\u00e9 par le monde associatif depuis plus de 10 ans, j'ai \u00e0 c\u0153ur de partager des histoires inspirantes et de mettre en lumi\u00e8re les initiatives locales. Mon objectif est de sensibiliser et d'encourager l'engagement communautaire \u00e0 travers mes articles.\",\"sameAs\":[\"https:\/\/vieassociative.be\/\"]}]}<\/script>\n<!-- \/ Yoast SEO plugin. -->","yoast_head_json":{"title":"\"La vie ne doit pas \u00eatre un luxe\": \u00d6wob a un nouveau conseil d'administration - Michael Scholl Pr\u00e9sident | Vie Associative","robots":{"index":"index","follow":"follow","max-snippet":"max-snippet:-1","max-image-preview":"max-image-preview:large","max-video-preview":"max-video-preview:-1"},"canonical":"https:\/\/vieassociative.be\/actualites\/la-vie-ne-doit-pas-etre-un-luxe-owob-a-un-nouveau-conseil-dadministration-michael-scholl-president\/","og_locale":"fr_FR","og_type":"article","og_title":"\"La vie ne doit pas \u00eatre un luxe\": \u00d6wob a un nouveau conseil d'administration - Michael Scholl Pr\u00e9sident | Vie Associative","og_description":"L&rsquo;Association du logement \u00d6wob a r\u00e9cemment d\u00e9ploy\u00e9 un nouveau conseil d&rsquo;administration du triangle St. Vith. Michael Scholl sera au sommet \u00e0 l&rsquo;avenir. Les anciens b\u00e2timents","og_url":"https:\/\/vieassociative.be\/actualites\/la-vie-ne-doit-pas-etre-un-luxe-owob-a-un-nouveau-conseil-dadministration-michael-scholl-president\/","og_site_name":"Vie Associative","article_published_time":"2025-06-20T20:17:15+00:00","og_image":[{"width":279,"height":92,"url":"https:\/\/vieassociative.be\/actualites\/wp-content\/uploads\/2024\/09\/header_backgroundk-01-e1726694325946.png","type":"image\/png"}],"author":"Julien","twitter_card":"summary_large_image","twitter_misc":{"\u00c9crit par":"Julien","Dur\u00e9e de lecture est.":"2 minutes"},"schema":{"@context":"https:\/\/schema.org","@graph":[{"@type":"Article","@id":"https:\/\/vieassociative.be\/actualites\/la-vie-ne-doit-pas-etre-un-luxe-owob-a-un-nouveau-conseil-dadministration-michael-scholl-president\/#article","isPartOf":{"@id":"https:\/\/vieassociative.be\/actualites\/la-vie-ne-doit-pas-etre-un-luxe-owob-a-un-nouveau-conseil-dadministration-michael-scholl-president\/"},"author":{"name":"Julien","@id":"https:\/\/vieassociative.be\/actualites\/#\/schema\/person\/b87ac4f82f9d4e7b7cec7395b679edc4"},"headline":"\u00ab\u00a0La vie ne doit pas \u00eatre un luxe\u00a0\u00bb: \u00d6wob a un nouveau conseil d&rsquo;administration &#8211; Michael Scholl Pr\u00e9sident","datePublished":"2025-06-20T20:17:15+00:00","dateModified":"2025-06-20T20:17:15+00:00","mainEntityOfPage":{"@id":"https:\/\/vieassociative.be\/actualites\/la-vie-ne-doit-pas-etre-un-luxe-owob-a-un-nouveau-conseil-dadministration-michael-scholl-president\/"},"wordCount":489,"publisher":{"@id":"https:\/\/vieassociative.be\/actualites\/#organization"},"image":{"@id":"https:\/\/vieassociative.be\/actualites\/la-vie-ne-doit-pas-etre-un-luxe-owob-a-un-nouveau-conseil-dadministration-michael-scholl-president\/#primaryimage"},"thumbnailUrl":"https:\/\/vieassociative.be\/actualites\/wp-content\/uploads\/2025\/06\/1750450635_La-vie-ne-doit-pas-etre-un-luxe-Owob-a.jpg","keywords":["conseil","dadministration","doit","\u00eatre","luxe","Michael","nouveau","\u00d6wob","pas","pr\u00e9sident","Scholl","vie"],"articleSection":["Belgique"],"inLanguage":"fr-BE"},{"@type":"WebPage","@id":"https:\/\/vieassociative.be\/actualites\/la-vie-ne-doit-pas-etre-un-luxe-owob-a-un-nouveau-conseil-dadministration-michael-scholl-president\/","url":"https:\/\/vieassociative.be\/actualites\/la-vie-ne-doit-pas-etre-un-luxe-owob-a-un-nouveau-conseil-dadministration-michael-scholl-president\/","name":"\"La vie ne doit pas \u00eatre un luxe\": \u00d6wob a un nouveau conseil d'administration - Michael Scholl Pr\u00e9sident | Vie Associative","isPartOf":{"@id":"https:\/\/vieassociative.be\/actualites\/#website"},"primaryImageOfPage":{"@id":"https:\/\/vieassociative.be\/actualites\/la-vie-ne-doit-pas-etre-un-luxe-owob-a-un-nouveau-conseil-dadministration-michael-scholl-president\/#primaryimage"},"image":{"@id":"https:\/\/vieassociative.be\/actualites\/la-vie-ne-doit-pas-etre-un-luxe-owob-a-un-nouveau-conseil-dadministration-michael-scholl-president\/#primaryimage"},"thumbnailUrl":"https:\/\/vieassociative.be\/actualites\/wp-content\/uploads\/2025\/06\/1750450635_La-vie-ne-doit-pas-etre-un-luxe-Owob-a.jpg","datePublished":"2025-06-20T20:17:15+00:00","dateModified":"2025-06-20T20:17:15+00:00","breadcrumb":{"@id":"https:\/\/vieassociative.be\/actualites\/la-vie-ne-doit-pas-etre-un-luxe-owob-a-un-nouveau-conseil-dadministration-michael-scholl-president\/#breadcrumb"},"inLanguage":"fr-BE","potentialAction":[{"@type":"ReadAction","target":["https:\/\/vieassociative.be\/actualites\/la-vie-ne-doit-pas-etre-un-luxe-owob-a-un-nouveau-conseil-dadministration-michael-scholl-president\/"]}]},{"@type":"ImageObject","inLanguage":"fr-BE","@id":"https:\/\/vieassociative.be\/actualites\/la-vie-ne-doit-pas-etre-un-luxe-owob-a-un-nouveau-conseil-dadministration-michael-scholl-president\/#primaryimage","url":"https:\/\/vieassociative.be\/actualites\/wp-content\/uploads\/2025\/06\/1750450635_La-vie-ne-doit-pas-etre-un-luxe-Owob-a.jpg","contentUrl":"https:\/\/vieassociative.be\/actualites\/wp-content\/uploads\/2025\/06\/1750450635_La-vie-ne-doit-pas-etre-un-luxe-Owob-a.jpg","width":1200,"height":711,"caption":"\"La vie ne doit pas \u00eatre un luxe\": \u00d6wob a un nouveau conseil d'administration - Michael Scholl Pr\u00e9sident"},{"@type":"BreadcrumbList","@id":"https:\/\/vieassociative.be\/actualites\/la-vie-ne-doit-pas-etre-un-luxe-owob-a-un-nouveau-conseil-dadministration-michael-scholl-president\/#breadcrumb","itemListElement":[{"@type":"ListItem","position":1,"name":"Accueil","item":"https:\/\/vieassociative.be\/actualites\/"},{"@type":"ListItem","position":2,"name":"\u00ab\u00a0La vie ne doit pas \u00eatre un luxe\u00a0\u00bb: \u00d6wob a un nouveau conseil d&rsquo;administration &#8211; Michael Scholl Pr\u00e9sident"}]},{"@type":"WebSite","@id":"https:\/\/vieassociative.be\/actualites\/#website","url":"https:\/\/vieassociative.be\/actualites\/","name":"Vie Associative","description":"","publisher":{"@id":"https:\/\/vieassociative.be\/actualites\/#organization"},"potentialAction":[{"@type":"SearchAction","target":{"@type":"EntryPoint","urlTemplate":"https:\/\/vieassociative.be\/actualites\/?s={search_term_string}"},"query-input":{"@type":"PropertyValueSpecification","valueRequired":true,"valueName":"search_term_string"}}],"inLanguage":"fr-BE"},{"@type":"Organization","@id":"https:\/\/vieassociative.be\/actualites\/#organization","name":"Vie Associative","url":"https:\/\/vieassociative.be\/actualites\/","logo":{"@type":"ImageObject","inLanguage":"fr-BE","@id":"https:\/\/vieassociative.be\/actualites\/#\/schema\/logo\/image\/","url":"https:\/\/vieassociative.be\/actualites\/wp-content\/uploads\/2024\/09\/cropped-vieassociative_favicon.ico.png","contentUrl":"https:\/\/vieassociative.be\/actualites\/wp-content\/uploads\/2024\/09\/cropped-vieassociative_favicon.ico.png","width":512,"height":512,"caption":"Vie Associative"},"image":{"@id":"https:\/\/vieassociative.be\/actualites\/#\/schema\/logo\/image\/"}},{"@type":"Person","@id":"https:\/\/vieassociative.be\/actualites\/#\/schema\/person\/b87ac4f82f9d4e7b7cec7395b679edc4","name":"Julien","image":{"@type":"ImageObject","inLanguage":"fr-BE","@id":"https:\/\/vieassociative.be\/actualites\/#\/schema\/person\/image\/","url":"https:\/\/vieassociative.be\/actualites\/wp-content\/uploads\/2024\/09\/vie-associative-1-150x150.jpg","contentUrl":"https:\/\/vieassociative.be\/actualites\/wp-content\/uploads\/2024\/09\/vie-associative-1-150x150.jpg","caption":"Julien"},"description":"Je suis Julien, r\u00e9dacteur pour Vie Associative. Passionn\u00e9 par le monde associatif depuis plus de 10 ans, j'ai \u00e0 c\u0153ur de partager des histoires inspirantes et de mettre en lumi\u00e8re les initiatives locales. Mon objectif est de sensibiliser et d'encourager l'engagement communautaire \u00e0 travers mes articles.","sameAs":["https:\/\/vieassociative.be\/"]}]}},"_links":{"self":[{"href":"https:\/\/vieassociative.be\/actualites\/wp-json\/wp\/v2\/posts\/8294"}],"collection":[{"href":"https:\/\/vieassociative.be\/actualites\/wp-json\/wp\/v2\/posts"}],"about":[{"href":"https:\/\/vieassociative.be\/actualites\/wp-json\/wp\/v2\/types\/post"}],"author":[{"embeddable":true,"href":"https:\/\/vieassociative.be\/actualites\/wp-json\/wp\/v2\/users\/1"}],"replies":[{"embeddable":true,"href":"https:\/\/vieassociative.be\/actualites\/wp-json\/wp\/v2\/comments?post=8294"}],"version-history":[{"count":0,"href":"https:\/\/vieassociative.be\/actualites\/wp-json\/wp\/v2\/posts\/8294\/revisions"}],"wp:featuredmedia":[{"embeddable":true,"href":"https:\/\/vieassociative.be\/actualites\/wp-json\/wp\/v2\/media\/8295"}],"wp:attachment":[{"href":"https:\/\/vieassociative.be\/actualites\/wp-json\/wp\/v2\/media?parent=8294"}],"wp:term":[{"taxonomy":"category","embeddable":true,"href":"https:\/\/vieassociative.be\/actualites\/wp-json\/wp\/v2\/categories?post=8294"},{"taxonomy":"post_tag","embeddable":true,"href":"https:\/\/vieassociative.be\/actualites\/wp-json\/wp\/v2\/tags?post=8294"}],"curies":[{"name":"wp","href":"https:\/\/api.w.org\/{rel}","templated":true}]}}