{"id":8288,"date":"2025-06-20T16:27:03","date_gmt":"2025-06-20T14:27:03","guid":{"rendered":"https:\/\/vieassociative.be\/actualites\/quelque-chose-se-passe-en-tant-queupen-portugais-bruno-pinheiro-nouvel-entraineur-chef-expansion-sur-le-joueur-de-80-ans\/"},"modified":"2025-06-20T16:27:03","modified_gmt":"2025-06-20T14:27:03","slug":"quelque-chose-se-passe-en-tant-queupen-portugais-bruno-pinheiro-nouvel-entraineur-chef-expansion-sur-le-joueur-de-80-ans","status":"publish","type":"post","link":"https:\/\/vieassociative.be\/actualites\/quelque-chose-se-passe-en-tant-queupen-portugais-bruno-pinheiro-nouvel-entraineur-chef-expansion-sur-le-joueur-de-80-ans\/","title":{"rendered":"Quelque chose se passe en tant qu&rsquo;Eupen: Portugais Bruno Pinheiro nouvel entra\u00eeneur-chef-Expansion sur le joueur de 80 ans"},"content":{"rendered":"<p><strong>Mis \u00e0 jour &#8211; le d\u00e9but de la formation dans l&rsquo;\u00e9quipe de football de la deuxi\u00e8me division, car Eupen sera une session de formation la semaine prochaine. Ce n&rsquo;est que maintenant que les pr\u00e9paratifs de la prochaine saison semblent \u00eatre accept\u00e9s. Le nom d&rsquo;un nouvel entra\u00eeneur-chef a fait le tour vendredi.<\/strong><\/p>\n<p><span id=\"more-418010\"><\/span>Les informations qui avaient \u00e9t\u00e9 faites \u00e0 partir d&rsquo;une source fiable le matin ont \u00e9t\u00e9 officiellement confirm\u00e9es par le midi: le Portugais Bruno Pinheiro devient le nouvel entra\u00eeneur-chef de l&rsquo;Eupener Kehrweg.<\/p>\n<p>L&rsquo;homme de 48 ans a form\u00e9 des \u00e9quipes de jeunes au Portugal avant de d\u00e9m\u00e9nager au Qatar en 2016 et a form\u00e9 la s\u00e9lection des jeunes du pays l\u00e0-bas, y compris \u00e0 la Coupe du monde U-20 de la FIFA 2019.<\/p>\n<p>En deux ans \u00e0 Estoril, il a remport\u00e9 le titre dans la deuxi\u00e8me Ligue portugaise en 2021 et a atteint la neuvi\u00e8me place de la Ligue de Primeira. En tant qu&rsquo;entra\u00eeneur par int\u00e9rim du Qatarien A \u00e9quipe nationale, il a atteint les demi-finales de la Coupe de golf en janvier 2023.<\/p>\n<div id=\"attachment_357948\" class=\"wp-caption alignleft\" style=\"max-width: 300px\"><img fetchpriority=\"high\" decoding=\"async\" class=\"wp-image-357948 size-medium\" src=\"https:\/\/vieassociative.be\/actualites\/wp-content\/uploads\/2025\/02\/En-tant-quEupen-depuis-le-22-novembre-2024-sans-victoire.jpg\" alt=\"\" width=\"300\" height=\"200\"  ><\/p>\n<p class=\"wp-caption-text\">Les As Eupen et Yentl van Genecht (photo) ont accept\u00e9 d&rsquo;\u00e9tendre leur coop\u00e9ration. Le contrat, qui se d\u00e9roulait jusqu&rsquo;au 30 juin 2026, a \u00e9t\u00e9 prolong\u00e9 d&rsquo;une autre ann\u00e9e jusqu&rsquo;en 2027. Photo: Belga<\/p>\n<\/div>\n<p>Pinheiro conna\u00eet le club d&rsquo;un court intermezzo comme dans la saison 2019\/20. Le Portugais est donc le successeur de Mersad Selimbegovic, qui n&rsquo;a pas pu atteindre les objectifs que le verset a \u00e9t\u00e9 fix\u00e9 la saison derni\u00e8re. Donc, comme s\u00e9par\u00e9 de lui.<\/p>\n<p>Comme annonc\u00e9 jeudi que le contrat avec le joueur d\u00e9fensif Yentl Van avait \u00e9t\u00e9 prolong\u00e9. Le d\u00e9fenseur droit, n\u00e9 le 18 ao\u00fbt 2000, est venu \u00e0 Eupen en 2022 de l&rsquo;U21 du KRC Genk et a imm\u00e9diatement conquis une place r\u00e9guli\u00e8re dans l&rsquo;\u00e9quipe AS Eupen. Au cours des trois derni\u00e8res ann\u00e9es, il a disput\u00e9 93 matchs pour le noir et blanc dans la Jupil Pro League et la Challenger Pro League et a marqu\u00e9 six buts et 8 buts.<\/p>\n<p>\u00ab\u00a0J&rsquo;ai d\u00e9lib\u00e9r\u00e9ment choisi la continuation de ma carri\u00e8re pour le Kas Eupen parce que je me sens simplement \u00e0 l&rsquo;aise dans ce club, dans la ville et dans la r\u00e9gion\u00a0\u00bb, a d\u00e9clar\u00e9 Van. \u00ab\u00a0J&rsquo;ai h\u00e2te de jouer ici pendant les deux prochaines ann\u00e9es et de promettre de continuer \u00e0 tout donner pour r\u00e9ussir avec l&rsquo;\u00e9quipe\u00a0\u00bb, a d\u00e9clar\u00e9 le joueur de 24 ans.<\/p>\n<p>Le d\u00e9fenseur central slov\u00e8ne Jan Gorenc, en revanche, ne jouera plus pour Eupen dans la saison \u00e0 venir. Le d\u00e9fenseur de 24 ans n&rsquo;a pas accept\u00e9 d&rsquo;offre pour prolonger son contrat le 30 juin et a d\u00e9cid\u00e9 de retourner dans sa patrie slov\u00e8ne. L\u00e0, il a la chance de participer \u00e0 une comp\u00e9tition europ\u00e9enne avec le champion d&rsquo;\u00c9tat NK Olimpija Ljubljana.<\/p>\n<p>Jan Gorenc est venu \u00e0 Eupen \u00e0 l&rsquo;\u00e9t\u00e9 2022 et \u00e9tait un joueur r\u00e9gulier du club la saison derni\u00e8re avec 22 missions et 4 buts. (Cre)<\/p>\n<h3>Exposition pour le joueur de 80 ans sur deux week-ends<\/h3>\n<p>Les fans et les personnes int\u00e9ress\u00e9es par le football peuvent toujours visiter l&rsquo;exposition pour le 80e anniversaire de l&rsquo;As Eupen dans l&rsquo;ancien abattoir sur le Rotenberg.<\/p>\n<\/p>\n<div id=\"attachment_418077\" class=\"wp-caption alignleft\" style=\"max-width: 300px\"><img decoding=\"async\" class=\"wp-image-418077 size-medium\" src=\"https:\/\/vieassociative.be\/actualites\/wp-content\/uploads\/2025\/06\/Quelque-chose-se-passe-en-tant-quEupen-Portugais-Bruno-Pinheiro.jpg\" alt=\"\" width=\"300\" height=\"199\"  ><\/p>\n<p class=\"wp-caption-text\">L&rsquo;exposition du 80e anniversaire de l&rsquo;AS Eupen est toujours ouverte les samedis et dimanches \u00e0 partir de 14 h. \u00e0 18 h Photo: Helmut Koch<\/p>\n<\/div>\n<p>Apr\u00e8s le Vernissage il y a une semaine (voir la galerie de photos avec des photos de Helmut Koch ci-dessous), l&rsquo;exposition est ouverte les samedis et dimanches de 14 h \u00e0 18 h. Les deux week-ends restants en juin. Le dernier jour de l&rsquo;exposition est le dimanche 29 juin. L&rsquo;entr\u00e9e est gratuite.<\/p>\n<p>Non seulement pour les fans, mais pour toute la population, l&rsquo;exposition avec des photos historiques, des films et des accessoires originaux collect\u00e9s avec amour offre des informations int\u00e9ressantes sur 80 ans d&rsquo;histoire du football de l&rsquo;As Eupen.<\/p>\n<p>It is a nostalgic journey through time of the foundation of the association, which initially called itself \u00ab\u00a0Alliance Sportive\u00a0\u00bb, in 1945 about promotion to the promotion to the promotion in 1961 after a victory in the decision -making game against Amay, the lost playback game for promotion to the 3rd division in Waremme against WitGoor deskel 1968, the march from the 2nd division in the years In 1969 and 1970, the only way to move into the 1st Division en 1974, le tour de promotion 2003, la premi\u00e8re promotion de la 1\u00e8re division 2010 et la nouvelle promotion de Jupiler Pro League 2016 jusqu&rsquo;en 2018 apr\u00e8s un match incroyable contre Excel Mouscron, en tant que Yuta Toyokawa japonaise apr\u00e8s sa substitution avec quatre portes de la rel\u00e9gation la plus \u00e9lev\u00e9e dans la ligue la plus \u00e9lev\u00e9e qui n&rsquo;a pas \u00e9t\u00e9 consid\u00e9r\u00e9e comme possible.<\/p>\n<p>L&rsquo;exposition comm\u00e9more non seulement un grand succ\u00e8s, mais aussi des d\u00e9faites et des d\u00e9ceptions am\u00e8res d&rsquo;un club qui appartient \u00e0 Aspire depuis 2012. Vous n&rsquo;entendez pas grand-chose d&rsquo;un changement aux Investments sportifs du Qatar (QSI), l&rsquo;actionnaire principal du vainqueur de la Ligue des champions Paris Saint-Germain.<\/p>\n<p>Pour la nouvelle saison 2025\/2026, les fans de l&rsquo;espoir que le noir et blanc ne ressentent pas un temps de jeu si d\u00e9cevant que celui de 2024\/2025 et se retrouvent avec des s\u00e9ries \u00e9liminatoires dans le top 6 la saison derni\u00e8re. (Cre)<\/p>\n<p><em><strong>Vous trouverez ci-dessous une galerie de photos avec des photos du photographe Helmut Koch avec des photos du Vernissage de l&rsquo;exposition au 80e anniversaire de l&rsquo;As Eupen dans le centre culturel alter Schlachthof Am Rotenbergplatz \u00e0 Eupen (cliquez pour l&rsquo;\u00e9largissement):<\/strong><\/em><\/p>\n<div class=\"wp-gallery row\">\n<figure class=\"column small-6 medium-3 end\"><img decoding=\"async\" src=\"https:\/\/vieassociative.be\/actualites\/wp-content\/uploads\/2025\/06\/1750429622_376_Quelque-chose-se-passe-en-tant-quEupen-Portugais-Bruno-Pinheiro.jpg\" width=\"159\" height=\"159\" alt=\"\"><\/figure>\n<figure class=\"column small-6 medium-3 end\"><img loading=\"lazy\" decoding=\"async\" src=\"https:\/\/vieassociative.be\/actualites\/wp-content\/uploads\/2025\/06\/1750429622_926_Quelque-chose-se-passe-en-tant-quEupen-Portugais-Bruno-Pinheiro.jpg\" width=\"159\" height=\"159\" alt=\"\"><\/figure>\n<figure class=\"column small-6 medium-3 end\"><img loading=\"lazy\" decoding=\"async\" src=\"https:\/\/vieassociative.be\/actualites\/wp-content\/uploads\/2025\/06\/1750429622_795_Quelque-chose-se-passe-en-tant-quEupen-Portugais-Bruno-Pinheiro.jpg\" width=\"159\" height=\"159\" alt=\"\"><\/figure>\n<figure class=\"column small-6 medium-3 end\"><img loading=\"lazy\" decoding=\"async\" src=\"https:\/\/vieassociative.be\/actualites\/wp-content\/uploads\/2025\/06\/1750429623_890_Quelque-chose-se-passe-en-tant-quEupen-Portugais-Bruno-Pinheiro.jpg\" width=\"159\" height=\"159\" alt=\"\"><\/figure>\n<figure class=\"column small-6 medium-3 end\"><img loading=\"lazy\" decoding=\"async\" src=\"https:\/\/vieassociative.be\/actualites\/wp-content\/uploads\/2025\/06\/1750429623_964_Quelque-chose-se-passe-en-tant-quEupen-Portugais-Bruno-Pinheiro.jpg\" width=\"159\" height=\"159\" alt=\"\"><\/figure>\n<figure class=\"column small-6 medium-3 end\"><img loading=\"lazy\" decoding=\"async\" src=\"https:\/\/vieassociative.be\/actualites\/wp-content\/uploads\/2025\/06\/1750429623_952_Quelque-chose-se-passe-en-tant-quEupen-Portugais-Bruno-Pinheiro.jpg\" width=\"159\" height=\"159\" alt=\"\"><\/figure>\n<figure class=\"column small-6 medium-3 end\"><img loading=\"lazy\" decoding=\"async\" src=\"https:\/\/vieassociative.be\/actualites\/wp-content\/uploads\/2025\/06\/1750429623_300_Quelque-chose-se-passe-en-tant-quEupen-Portugais-Bruno-Pinheiro.jpg\" width=\"159\" height=\"159\" alt=\"\"><\/figure>\n<figure class=\"column small-6 medium-3 end\"><img loading=\"lazy\" decoding=\"async\" src=\"https:\/\/vieassociative.be\/actualites\/wp-content\/uploads\/2025\/06\/1750429623_303_Quelque-chose-se-passe-en-tant-quEupen-Portugais-Bruno-Pinheiro.jpg\" width=\"159\" height=\"159\" alt=\"\"><\/figure>\n<figure class=\"column small-6 medium-3 end\"><img loading=\"lazy\" decoding=\"async\" src=\"https:\/\/vieassociative.be\/actualites\/wp-content\/uploads\/2025\/06\/1750429623_351_Quelque-chose-se-passe-en-tant-quEupen-Portugais-Bruno-Pinheiro.jpg\" width=\"159\" height=\"159\" alt=\"\"><\/figure>\n<figure class=\"column small-6 medium-3 end\"><img loading=\"lazy\" decoding=\"async\" src=\"https:\/\/vieassociative.be\/actualites\/wp-content\/uploads\/2025\/06\/1750429623_905_Quelque-chose-se-passe-en-tant-quEupen-Portugais-Bruno-Pinheiro.jpg\" width=\"159\" height=\"159\" alt=\"\"><\/figure>\n<figure class=\"column small-6 medium-3 end\"><img loading=\"lazy\" decoding=\"async\" src=\"https:\/\/vieassociative.be\/actualites\/wp-content\/uploads\/2025\/06\/1750429623_145_Quelque-chose-se-passe-en-tant-quEupen-Portugais-Bruno-Pinheiro.jpg\" width=\"159\" height=\"159\" alt=\"\"><\/figure>\n<figure class=\"column small-6 medium-3 end\"><img loading=\"lazy\" decoding=\"async\" src=\"https:\/\/vieassociative.be\/actualites\/wp-content\/uploads\/2025\/06\/1750429623_77_Quelque-chose-se-passe-en-tant-quEupen-Portugais-Bruno-Pinheiro.jpg\" width=\"159\" height=\"159\" alt=\"\"><\/figure>\n<figure class=\"column small-6 medium-3 end\"><img loading=\"lazy\" decoding=\"async\" src=\"https:\/\/vieassociative.be\/actualites\/wp-content\/uploads\/2025\/06\/1750429623_15_Quelque-chose-se-passe-en-tant-quEupen-Portugais-Bruno-Pinheiro.jpg\" width=\"159\" height=\"159\" alt=\"\"><\/figure>\n<figure class=\"column small-6 medium-3 end\"><img loading=\"lazy\" decoding=\"async\" src=\"https:\/\/vieassociative.be\/actualites\/wp-content\/uploads\/2025\/06\/1750429623_572_Quelque-chose-se-passe-en-tant-quEupen-Portugais-Bruno-Pinheiro.jpg\" width=\"159\" height=\"159\" alt=\"\"><\/figure>\n<figure class=\"column small-6 medium-3 end\"><img loading=\"lazy\" decoding=\"async\" src=\"https:\/\/vieassociative.be\/actualites\/wp-content\/uploads\/2025\/06\/1750429623_515_Quelque-chose-se-passe-en-tant-quEupen-Portugais-Bruno-Pinheiro.jpg\" width=\"159\" height=\"159\" alt=\"\"><\/figure>\n<figure class=\"column small-6 medium-3 end\"><img loading=\"lazy\" decoding=\"async\" src=\"https:\/\/vieassociative.be\/actualites\/wp-content\/uploads\/2025\/06\/1750429623_198_Quelque-chose-se-passe-en-tant-quEupen-Portugais-Bruno-Pinheiro.jpg\" width=\"159\" height=\"159\" alt=\"\"><\/figure>\n<figure class=\"column small-6 medium-3 end\"><img loading=\"lazy\" decoding=\"async\" src=\"https:\/\/vieassociative.be\/actualites\/wp-content\/uploads\/2025\/06\/1750429623_922_Quelque-chose-se-passe-en-tant-quEupen-Portugais-Bruno-Pinheiro.jpg\" width=\"159\" height=\"159\" alt=\"\"><\/figure>\n<figure class=\"column small-6 medium-3 end\"><img loading=\"lazy\" decoding=\"async\" src=\"https:\/\/vieassociative.be\/actualites\/wp-content\/uploads\/2025\/06\/1750429623_314_Quelque-chose-se-passe-en-tant-quEupen-Portugais-Bruno-Pinheiro.jpg\" width=\"159\" height=\"159\" alt=\"\"><\/figure>\n<figure class=\"column small-6 medium-3 end\"><img loading=\"lazy\" decoding=\"async\" src=\"https:\/\/vieassociative.be\/actualites\/wp-content\/uploads\/2025\/06\/1750429623_953_Quelque-chose-se-passe-en-tant-quEupen-Portugais-Bruno-Pinheiro.jpg\" width=\"159\" height=\"159\" alt=\"\"><\/figure>\n<figure class=\"column small-6 medium-3 end\"><img loading=\"lazy\" decoding=\"async\" src=\"https:\/\/vieassociative.be\/actualites\/wp-content\/uploads\/2025\/06\/1750429623_491_Quelque-chose-se-passe-en-tant-quEupen-Portugais-Bruno-Pinheiro.jpg\" width=\"159\" height=\"159\" alt=\"\"><\/figure>\n<\/div>\n","protected":false},"excerpt":{"rendered":"<p>Mis \u00e0 jour &#8211; le d\u00e9but de la formation dans l&rsquo;\u00e9quipe de football de la deuxi\u00e8me division, car Eupen sera une session de formation la<\/p>\n","protected":false},"author":1,"featured_media":8289,"comment_status":"","ping_status":"","sticky":false,"template":"","format":"standard","meta":{"footnotes":""},"categories":[298],"tags":[584,7473,1651,7475,915,929,1073,7474,7472,1061,5094,33,1745],"class_list":["post-8288","post","type-post","status-publish","format-standard","has-post-thumbnail","hentry","category-belgique","tag-ans","tag-bruno","tag-chose","tag-entraineurchefexpansion","tag-joueur","tag-nouvel","tag-passe","tag-pinheiro","tag-portugais","tag-quelque","tag-queupen","tag-sur","tag-tant","generate-columns","tablet-grid-50","mobile-grid-100","grid-parent","grid-33"],"yoast_head":"<!-- This site is optimized with the Yoast SEO plugin v24.0 - https:\/\/yoast.com\/wordpress\/plugins\/seo\/ -->\n<title>Quelque chose se passe en tant qu&#039;Eupen: Portugais Bruno Pinheiro nouvel entra\u00eeneur-chef-Expansion sur le joueur de 80 ans | Vie Associative<\/title>\n<meta name=\"robots\" content=\"index, follow, max-snippet:-1, max-image-preview:large, max-video-preview:-1\" \/>\n<link rel=\"canonical\" href=\"https:\/\/vieassociative.be\/actualites\/quelque-chose-se-passe-en-tant-queupen-portugais-bruno-pinheiro-nouvel-entraineur-chef-expansion-sur-le-joueur-de-80-ans\/\" \/>\n<meta property=\"og:locale\" content=\"fr_FR\" \/>\n<meta property=\"og:type\" content=\"article\" \/>\n<meta property=\"og:title\" content=\"Quelque chose se passe en tant qu&#039;Eupen: Portugais Bruno Pinheiro nouvel entra\u00eeneur-chef-Expansion sur le joueur de 80 ans | Vie Associative\" \/>\n<meta property=\"og:description\" content=\"Mis \u00e0 jour &#8211; le d\u00e9but de la formation dans l&rsquo;\u00e9quipe de football de la deuxi\u00e8me division, car Eupen sera une session de formation la\" \/>\n<meta property=\"og:url\" content=\"https:\/\/vieassociative.be\/actualites\/quelque-chose-se-passe-en-tant-queupen-portugais-bruno-pinheiro-nouvel-entraineur-chef-expansion-sur-le-joueur-de-80-ans\/\" \/>\n<meta property=\"og:site_name\" content=\"Vie Associative\" \/>\n<meta property=\"article:published_time\" content=\"2025-06-20T14:27:03+00:00\" \/>\n<meta property=\"og:image\" content=\"https:\/\/vieassociative.be\/actualites\/wp-content\/uploads\/2024\/09\/header_backgroundk-01-e1726694325946.png\" \/>\n\t<meta property=\"og:image:width\" content=\"279\" \/>\n\t<meta property=\"og:image:height\" content=\"92\" \/>\n\t<meta property=\"og:image:type\" content=\"image\/png\" \/>\n<meta name=\"author\" content=\"Julien\" \/>\n<meta name=\"twitter:card\" content=\"summary_large_image\" \/>\n<meta name=\"twitter:label1\" content=\"\u00c9crit par\" \/>\n\t<meta name=\"twitter:data1\" content=\"Julien\" \/>\n\t<meta name=\"twitter:label2\" content=\"Dur\u00e9e de lecture est.\" \/>\n\t<meta name=\"twitter:data2\" content=\"5 minutes\" \/>\n<script type=\"application\/ld+json\" class=\"yoast-schema-graph\">{\"@context\":\"https:\/\/schema.org\",\"@graph\":[{\"@type\":\"Article\",\"@id\":\"https:\/\/vieassociative.be\/actualites\/quelque-chose-se-passe-en-tant-queupen-portugais-bruno-pinheiro-nouvel-entraineur-chef-expansion-sur-le-joueur-de-80-ans\/#article\",\"isPartOf\":{\"@id\":\"https:\/\/vieassociative.be\/actualites\/quelque-chose-se-passe-en-tant-queupen-portugais-bruno-pinheiro-nouvel-entraineur-chef-expansion-sur-le-joueur-de-80-ans\/\"},\"author\":{\"name\":\"Julien\",\"@id\":\"https:\/\/vieassociative.be\/actualites\/#\/schema\/person\/b87ac4f82f9d4e7b7cec7395b679edc4\"},\"headline\":\"Quelque chose se passe en tant qu&rsquo;Eupen: Portugais Bruno Pinheiro nouvel entra\u00eeneur-chef-Expansion sur le joueur de 80 ans\",\"datePublished\":\"2025-06-20T14:27:03+00:00\",\"dateModified\":\"2025-06-20T14:27:03+00:00\",\"mainEntityOfPage\":{\"@id\":\"https:\/\/vieassociative.be\/actualites\/quelque-chose-se-passe-en-tant-queupen-portugais-bruno-pinheiro-nouvel-entraineur-chef-expansion-sur-le-joueur-de-80-ans\/\"},\"wordCount\":974,\"publisher\":{\"@id\":\"https:\/\/vieassociative.be\/actualites\/#organization\"},\"image\":{\"@id\":\"https:\/\/vieassociative.be\/actualites\/quelque-chose-se-passe-en-tant-queupen-portugais-bruno-pinheiro-nouvel-entraineur-chef-expansion-sur-le-joueur-de-80-ans\/#primaryimage\"},\"thumbnailUrl\":\"https:\/\/vieassociative.be\/actualites\/wp-content\/uploads\/2025\/06\/1750429625_Quelque-chose-se-passe-en-tant-quEupen-Portugais-Bruno-Pinheiro.jpg\",\"keywords\":[\"ans\",\"Bruno\",\"chose\",\"entra\u00eeneurchefExpansion\",\"joueur\",\"nouvel\",\"passe\",\"Pinheiro\",\"Portugais\",\"quelque\",\"quEupen\",\"sur\",\"tant\"],\"articleSection\":[\"Belgique\"],\"inLanguage\":\"fr-BE\"},{\"@type\":\"WebPage\",\"@id\":\"https:\/\/vieassociative.be\/actualites\/quelque-chose-se-passe-en-tant-queupen-portugais-bruno-pinheiro-nouvel-entraineur-chef-expansion-sur-le-joueur-de-80-ans\/\",\"url\":\"https:\/\/vieassociative.be\/actualites\/quelque-chose-se-passe-en-tant-queupen-portugais-bruno-pinheiro-nouvel-entraineur-chef-expansion-sur-le-joueur-de-80-ans\/\",\"name\":\"Quelque chose se passe en tant qu'Eupen: Portugais Bruno Pinheiro nouvel entra\u00eeneur-chef-Expansion sur le joueur de 80 ans | Vie Associative\",\"isPartOf\":{\"@id\":\"https:\/\/vieassociative.be\/actualites\/#website\"},\"primaryImageOfPage\":{\"@id\":\"https:\/\/vieassociative.be\/actualites\/quelque-chose-se-passe-en-tant-queupen-portugais-bruno-pinheiro-nouvel-entraineur-chef-expansion-sur-le-joueur-de-80-ans\/#primaryimage\"},\"image\":{\"@id\":\"https:\/\/vieassociative.be\/actualites\/quelque-chose-se-passe-en-tant-queupen-portugais-bruno-pinheiro-nouvel-entraineur-chef-expansion-sur-le-joueur-de-80-ans\/#primaryimage\"},\"thumbnailUrl\":\"https:\/\/vieassociative.be\/actualites\/wp-content\/uploads\/2025\/06\/1750429625_Quelque-chose-se-passe-en-tant-quEupen-Portugais-Bruno-Pinheiro.jpg\",\"datePublished\":\"2025-06-20T14:27:03+00:00\",\"dateModified\":\"2025-06-20T14:27:03+00:00\",\"breadcrumb\":{\"@id\":\"https:\/\/vieassociative.be\/actualites\/quelque-chose-se-passe-en-tant-queupen-portugais-bruno-pinheiro-nouvel-entraineur-chef-expansion-sur-le-joueur-de-80-ans\/#breadcrumb\"},\"inLanguage\":\"fr-BE\",\"potentialAction\":[{\"@type\":\"ReadAction\",\"target\":[\"https:\/\/vieassociative.be\/actualites\/quelque-chose-se-passe-en-tant-queupen-portugais-bruno-pinheiro-nouvel-entraineur-chef-expansion-sur-le-joueur-de-80-ans\/\"]}]},{\"@type\":\"ImageObject\",\"inLanguage\":\"fr-BE\",\"@id\":\"https:\/\/vieassociative.be\/actualites\/quelque-chose-se-passe-en-tant-queupen-portugais-bruno-pinheiro-nouvel-entraineur-chef-expansion-sur-le-joueur-de-80-ans\/#primaryimage\",\"url\":\"https:\/\/vieassociative.be\/actualites\/wp-content\/uploads\/2025\/06\/1750429625_Quelque-chose-se-passe-en-tant-quEupen-Portugais-Bruno-Pinheiro.jpg\",\"contentUrl\":\"https:\/\/vieassociative.be\/actualites\/wp-content\/uploads\/2025\/06\/1750429625_Quelque-chose-se-passe-en-tant-quEupen-Portugais-Bruno-Pinheiro.jpg\",\"width\":1200,\"height\":800,\"caption\":\"Quelque chose se passe en tant qu'Eupen: Portugais Bruno Pinheiro nouvel entra\u00eeneur-chef-Expansion sur le joueur de 80 ans\"},{\"@type\":\"BreadcrumbList\",\"@id\":\"https:\/\/vieassociative.be\/actualites\/quelque-chose-se-passe-en-tant-queupen-portugais-bruno-pinheiro-nouvel-entraineur-chef-expansion-sur-le-joueur-de-80-ans\/#breadcrumb\",\"itemListElement\":[{\"@type\":\"ListItem\",\"position\":1,\"name\":\"Accueil\",\"item\":\"https:\/\/vieassociative.be\/actualites\/\"},{\"@type\":\"ListItem\",\"position\":2,\"name\":\"Quelque chose se passe en tant qu&rsquo;Eupen: Portugais Bruno Pinheiro nouvel entra\u00eeneur-chef-Expansion sur le joueur de 80 ans\"}]},{\"@type\":\"WebSite\",\"@id\":\"https:\/\/vieassociative.be\/actualites\/#website\",\"url\":\"https:\/\/vieassociative.be\/actualites\/\",\"name\":\"Vie Associative\",\"description\":\"\",\"publisher\":{\"@id\":\"https:\/\/vieassociative.be\/actualites\/#organization\"},\"potentialAction\":[{\"@type\":\"SearchAction\",\"target\":{\"@type\":\"EntryPoint\",\"urlTemplate\":\"https:\/\/vieassociative.be\/actualites\/?s={search_term_string}\"},\"query-input\":{\"@type\":\"PropertyValueSpecification\",\"valueRequired\":true,\"valueName\":\"search_term_string\"}}],\"inLanguage\":\"fr-BE\"},{\"@type\":\"Organization\",\"@id\":\"https:\/\/vieassociative.be\/actualites\/#organization\",\"name\":\"Vie Associative\",\"url\":\"https:\/\/vieassociative.be\/actualites\/\",\"logo\":{\"@type\":\"ImageObject\",\"inLanguage\":\"fr-BE\",\"@id\":\"https:\/\/vieassociative.be\/actualites\/#\/schema\/logo\/image\/\",\"url\":\"https:\/\/vieassociative.be\/actualites\/wp-content\/uploads\/2024\/09\/cropped-vieassociative_favicon.ico.png\",\"contentUrl\":\"https:\/\/vieassociative.be\/actualites\/wp-content\/uploads\/2024\/09\/cropped-vieassociative_favicon.ico.png\",\"width\":512,\"height\":512,\"caption\":\"Vie Associative\"},\"image\":{\"@id\":\"https:\/\/vieassociative.be\/actualites\/#\/schema\/logo\/image\/\"}},{\"@type\":\"Person\",\"@id\":\"https:\/\/vieassociative.be\/actualites\/#\/schema\/person\/b87ac4f82f9d4e7b7cec7395b679edc4\",\"name\":\"Julien\",\"image\":{\"@type\":\"ImageObject\",\"inLanguage\":\"fr-BE\",\"@id\":\"https:\/\/vieassociative.be\/actualites\/#\/schema\/person\/image\/\",\"url\":\"https:\/\/vieassociative.be\/actualites\/wp-content\/uploads\/2024\/09\/vie-associative-1-150x150.jpg\",\"contentUrl\":\"https:\/\/vieassociative.be\/actualites\/wp-content\/uploads\/2024\/09\/vie-associative-1-150x150.jpg\",\"caption\":\"Julien\"},\"description\":\"Je suis Julien, r\u00e9dacteur pour Vie Associative. Passionn\u00e9 par le monde associatif depuis plus de 10 ans, j'ai \u00e0 c\u0153ur de partager des histoires inspirantes et de mettre en lumi\u00e8re les initiatives locales. Mon objectif est de sensibiliser et d'encourager l'engagement communautaire \u00e0 travers mes articles.\",\"sameAs\":[\"https:\/\/vieassociative.be\/\"]}]}<\/script>\n<!-- \/ Yoast SEO plugin. -->","yoast_head_json":{"title":"Quelque chose se passe en tant qu'Eupen: Portugais Bruno Pinheiro nouvel entra\u00eeneur-chef-Expansion sur le joueur de 80 ans | Vie Associative","robots":{"index":"index","follow":"follow","max-snippet":"max-snippet:-1","max-image-preview":"max-image-preview:large","max-video-preview":"max-video-preview:-1"},"canonical":"https:\/\/vieassociative.be\/actualites\/quelque-chose-se-passe-en-tant-queupen-portugais-bruno-pinheiro-nouvel-entraineur-chef-expansion-sur-le-joueur-de-80-ans\/","og_locale":"fr_FR","og_type":"article","og_title":"Quelque chose se passe en tant qu'Eupen: Portugais Bruno Pinheiro nouvel entra\u00eeneur-chef-Expansion sur le joueur de 80 ans | Vie Associative","og_description":"Mis \u00e0 jour &#8211; le d\u00e9but de la formation dans l&rsquo;\u00e9quipe de football de la deuxi\u00e8me division, car Eupen sera une session de formation la","og_url":"https:\/\/vieassociative.be\/actualites\/quelque-chose-se-passe-en-tant-queupen-portugais-bruno-pinheiro-nouvel-entraineur-chef-expansion-sur-le-joueur-de-80-ans\/","og_site_name":"Vie Associative","article_published_time":"2025-06-20T14:27:03+00:00","og_image":[{"width":279,"height":92,"url":"https:\/\/vieassociative.be\/actualites\/wp-content\/uploads\/2024\/09\/header_backgroundk-01-e1726694325946.png","type":"image\/png"}],"author":"Julien","twitter_card":"summary_large_image","twitter_misc":{"\u00c9crit par":"Julien","Dur\u00e9e de lecture est.":"5 minutes"},"schema":{"@context":"https:\/\/schema.org","@graph":[{"@type":"Article","@id":"https:\/\/vieassociative.be\/actualites\/quelque-chose-se-passe-en-tant-queupen-portugais-bruno-pinheiro-nouvel-entraineur-chef-expansion-sur-le-joueur-de-80-ans\/#article","isPartOf":{"@id":"https:\/\/vieassociative.be\/actualites\/quelque-chose-se-passe-en-tant-queupen-portugais-bruno-pinheiro-nouvel-entraineur-chef-expansion-sur-le-joueur-de-80-ans\/"},"author":{"name":"Julien","@id":"https:\/\/vieassociative.be\/actualites\/#\/schema\/person\/b87ac4f82f9d4e7b7cec7395b679edc4"},"headline":"Quelque chose se passe en tant qu&rsquo;Eupen: Portugais Bruno Pinheiro nouvel entra\u00eeneur-chef-Expansion sur le joueur de 80 ans","datePublished":"2025-06-20T14:27:03+00:00","dateModified":"2025-06-20T14:27:03+00:00","mainEntityOfPage":{"@id":"https:\/\/vieassociative.be\/actualites\/quelque-chose-se-passe-en-tant-queupen-portugais-bruno-pinheiro-nouvel-entraineur-chef-expansion-sur-le-joueur-de-80-ans\/"},"wordCount":974,"publisher":{"@id":"https:\/\/vieassociative.be\/actualites\/#organization"},"image":{"@id":"https:\/\/vieassociative.be\/actualites\/quelque-chose-se-passe-en-tant-queupen-portugais-bruno-pinheiro-nouvel-entraineur-chef-expansion-sur-le-joueur-de-80-ans\/#primaryimage"},"thumbnailUrl":"https:\/\/vieassociative.be\/actualites\/wp-content\/uploads\/2025\/06\/1750429625_Quelque-chose-se-passe-en-tant-quEupen-Portugais-Bruno-Pinheiro.jpg","keywords":["ans","Bruno","chose","entra\u00eeneurchefExpansion","joueur","nouvel","passe","Pinheiro","Portugais","quelque","quEupen","sur","tant"],"articleSection":["Belgique"],"inLanguage":"fr-BE"},{"@type":"WebPage","@id":"https:\/\/vieassociative.be\/actualites\/quelque-chose-se-passe-en-tant-queupen-portugais-bruno-pinheiro-nouvel-entraineur-chef-expansion-sur-le-joueur-de-80-ans\/","url":"https:\/\/vieassociative.be\/actualites\/quelque-chose-se-passe-en-tant-queupen-portugais-bruno-pinheiro-nouvel-entraineur-chef-expansion-sur-le-joueur-de-80-ans\/","name":"Quelque chose se passe en tant qu'Eupen: Portugais Bruno Pinheiro nouvel entra\u00eeneur-chef-Expansion sur le joueur de 80 ans | Vie Associative","isPartOf":{"@id":"https:\/\/vieassociative.be\/actualites\/#website"},"primaryImageOfPage":{"@id":"https:\/\/vieassociative.be\/actualites\/quelque-chose-se-passe-en-tant-queupen-portugais-bruno-pinheiro-nouvel-entraineur-chef-expansion-sur-le-joueur-de-80-ans\/#primaryimage"},"image":{"@id":"https:\/\/vieassociative.be\/actualites\/quelque-chose-se-passe-en-tant-queupen-portugais-bruno-pinheiro-nouvel-entraineur-chef-expansion-sur-le-joueur-de-80-ans\/#primaryimage"},"thumbnailUrl":"https:\/\/vieassociative.be\/actualites\/wp-content\/uploads\/2025\/06\/1750429625_Quelque-chose-se-passe-en-tant-quEupen-Portugais-Bruno-Pinheiro.jpg","datePublished":"2025-06-20T14:27:03+00:00","dateModified":"2025-06-20T14:27:03+00:00","breadcrumb":{"@id":"https:\/\/vieassociative.be\/actualites\/quelque-chose-se-passe-en-tant-queupen-portugais-bruno-pinheiro-nouvel-entraineur-chef-expansion-sur-le-joueur-de-80-ans\/#breadcrumb"},"inLanguage":"fr-BE","potentialAction":[{"@type":"ReadAction","target":["https:\/\/vieassociative.be\/actualites\/quelque-chose-se-passe-en-tant-queupen-portugais-bruno-pinheiro-nouvel-entraineur-chef-expansion-sur-le-joueur-de-80-ans\/"]}]},{"@type":"ImageObject","inLanguage":"fr-BE","@id":"https:\/\/vieassociative.be\/actualites\/quelque-chose-se-passe-en-tant-queupen-portugais-bruno-pinheiro-nouvel-entraineur-chef-expansion-sur-le-joueur-de-80-ans\/#primaryimage","url":"https:\/\/vieassociative.be\/actualites\/wp-content\/uploads\/2025\/06\/1750429625_Quelque-chose-se-passe-en-tant-quEupen-Portugais-Bruno-Pinheiro.jpg","contentUrl":"https:\/\/vieassociative.be\/actualites\/wp-content\/uploads\/2025\/06\/1750429625_Quelque-chose-se-passe-en-tant-quEupen-Portugais-Bruno-Pinheiro.jpg","width":1200,"height":800,"caption":"Quelque chose se passe en tant qu'Eupen: Portugais Bruno Pinheiro nouvel entra\u00eeneur-chef-Expansion sur le joueur de 80 ans"},{"@type":"BreadcrumbList","@id":"https:\/\/vieassociative.be\/actualites\/quelque-chose-se-passe-en-tant-queupen-portugais-bruno-pinheiro-nouvel-entraineur-chef-expansion-sur-le-joueur-de-80-ans\/#breadcrumb","itemListElement":[{"@type":"ListItem","position":1,"name":"Accueil","item":"https:\/\/vieassociative.be\/actualites\/"},{"@type":"ListItem","position":2,"name":"Quelque chose se passe en tant qu&rsquo;Eupen: Portugais Bruno Pinheiro nouvel entra\u00eeneur-chef-Expansion sur le joueur de 80 ans"}]},{"@type":"WebSite","@id":"https:\/\/vieassociative.be\/actualites\/#website","url":"https:\/\/vieassociative.be\/actualites\/","name":"Vie Associative","description":"","publisher":{"@id":"https:\/\/vieassociative.be\/actualites\/#organization"},"potentialAction":[{"@type":"SearchAction","target":{"@type":"EntryPoint","urlTemplate":"https:\/\/vieassociative.be\/actualites\/?s={search_term_string}"},"query-input":{"@type":"PropertyValueSpecification","valueRequired":true,"valueName":"search_term_string"}}],"inLanguage":"fr-BE"},{"@type":"Organization","@id":"https:\/\/vieassociative.be\/actualites\/#organization","name":"Vie Associative","url":"https:\/\/vieassociative.be\/actualites\/","logo":{"@type":"ImageObject","inLanguage":"fr-BE","@id":"https:\/\/vieassociative.be\/actualites\/#\/schema\/logo\/image\/","url":"https:\/\/vieassociative.be\/actualites\/wp-content\/uploads\/2024\/09\/cropped-vieassociative_favicon.ico.png","contentUrl":"https:\/\/vieassociative.be\/actualites\/wp-content\/uploads\/2024\/09\/cropped-vieassociative_favicon.ico.png","width":512,"height":512,"caption":"Vie Associative"},"image":{"@id":"https:\/\/vieassociative.be\/actualites\/#\/schema\/logo\/image\/"}},{"@type":"Person","@id":"https:\/\/vieassociative.be\/actualites\/#\/schema\/person\/b87ac4f82f9d4e7b7cec7395b679edc4","name":"Julien","image":{"@type":"ImageObject","inLanguage":"fr-BE","@id":"https:\/\/vieassociative.be\/actualites\/#\/schema\/person\/image\/","url":"https:\/\/vieassociative.be\/actualites\/wp-content\/uploads\/2024\/09\/vie-associative-1-150x150.jpg","contentUrl":"https:\/\/vieassociative.be\/actualites\/wp-content\/uploads\/2024\/09\/vie-associative-1-150x150.jpg","caption":"Julien"},"description":"Je suis Julien, r\u00e9dacteur pour Vie Associative. Passionn\u00e9 par le monde associatif depuis plus de 10 ans, j'ai \u00e0 c\u0153ur de partager des histoires inspirantes et de mettre en lumi\u00e8re les initiatives locales. Mon objectif est de sensibiliser et d'encourager l'engagement communautaire \u00e0 travers mes articles.","sameAs":["https:\/\/vieassociative.be\/"]}]}},"_links":{"self":[{"href":"https:\/\/vieassociative.be\/actualites\/wp-json\/wp\/v2\/posts\/8288"}],"collection":[{"href":"https:\/\/vieassociative.be\/actualites\/wp-json\/wp\/v2\/posts"}],"about":[{"href":"https:\/\/vieassociative.be\/actualites\/wp-json\/wp\/v2\/types\/post"}],"author":[{"embeddable":true,"href":"https:\/\/vieassociative.be\/actualites\/wp-json\/wp\/v2\/users\/1"}],"replies":[{"embeddable":true,"href":"https:\/\/vieassociative.be\/actualites\/wp-json\/wp\/v2\/comments?post=8288"}],"version-history":[{"count":0,"href":"https:\/\/vieassociative.be\/actualites\/wp-json\/wp\/v2\/posts\/8288\/revisions"}],"wp:featuredmedia":[{"embeddable":true,"href":"https:\/\/vieassociative.be\/actualites\/wp-json\/wp\/v2\/media\/8289"}],"wp:attachment":[{"href":"https:\/\/vieassociative.be\/actualites\/wp-json\/wp\/v2\/media?parent=8288"}],"wp:term":[{"taxonomy":"category","embeddable":true,"href":"https:\/\/vieassociative.be\/actualites\/wp-json\/wp\/v2\/categories?post=8288"},{"taxonomy":"post_tag","embeddable":true,"href":"https:\/\/vieassociative.be\/actualites\/wp-json\/wp\/v2\/tags?post=8288"}],"curies":[{"name":"wp","href":"https:\/\/api.w.org\/{rel}","templated":true}]}}