{"id":8284,"date":"2025-06-20T09:17:47","date_gmt":"2025-06-20T07:17:47","guid":{"rendered":"https:\/\/vieassociative.be\/actualites\/ce-televiseur-lg-oled-a-petit-ecran-ne-coute-plus-que-699-sur-amazon-le-prix-le-plus-bas-de-tous-les-temps\/"},"modified":"2025-06-20T09:17:47","modified_gmt":"2025-06-20T07:17:47","slug":"ce-televiseur-lg-oled-a-petit-ecran-ne-coute-plus-que-699-sur-amazon-le-prix-le-plus-bas-de-tous-les-temps","status":"publish","type":"post","link":"https:\/\/vieassociative.be\/actualites\/ce-televiseur-lg-oled-a-petit-ecran-ne-coute-plus-que-699-sur-amazon-le-prix-le-plus-bas-de-tous-les-temps\/","title":{"rendered":"Ce t\u00e9l\u00e9viseur LG OLED \u00e0 petit \u00e9cran ne co\u00fbte plus que 699 $ sur Amazon &#8211; le prix le plus bas de tous les temps"},"content":{"rendered":"<div class=\"mt-4 leading-6 md:mb-8\">Param\u00e8tres d&rsquo;image am\u00e9lior\u00e9s en AI et \u00e9cran OLED \u00e9l\u00e9gant dans une empreinte compacte.<\/div>\n<p><\/p>\n<p>Si vous recherchez un t\u00e9l\u00e9viseur OLED, les mod\u00e8les de LG sont largement consid\u00e9r\u00e9s comme certains des ensembles les plus fiables et de haute qualit\u00e9 sur le march\u00e9. Cela signifie qu&rsquo;ils co\u00fbtent un peu plus, mais la qualit\u00e9 justifie le prix, surtout si vous pouvez en ramasser un \u00e0 rabais. \u00c0 l&rsquo;heure actuelle, ce t\u00e9l\u00e9viseur LG C4 LG C4, qui a co\u00fbt\u00e9 environ 1 500 $ lors de sa sortie en 2024, est tomb\u00e9 \u00e0 moins de 700 $ &#8211; c&rsquo;est le prix le plus bas de tous les temps. <\/p>\n<p>Propuls\u00e9 par le processeur AI Alpha 9 Gen-7 de LG et avec un Alexa int\u00e9gr\u00e9, ce t\u00e9l\u00e9viseur intelligent compact a une petite empreinte id\u00e9ale pour les espaces serr\u00e9s (il est particuli\u00e8rement id\u00e9al pour ajouter un deuxi\u00e8me moniteur \u00e0 votre configuration de travail ou de jeu). \u00c0 l&rsquo;aide d&rsquo;outils d&rsquo;IA, il peut optimiser automatiquement l&rsquo;image, la luminosit\u00e9 et les param\u00e8tres sonores, tout en offrant des suggestions de contenu en fonction de vos pr\u00e9f\u00e9rences de visualisation. <\/p>\n<div class=\"pogoClear mb-12 mt-10 rounded-md border-2 border-gray-100 py-7 shadow-xl md:py-6\">\n<div class=\"flex flex-wrap justify-between px-7 text-black no-underline md:flex-nowrap md:px-8\">\n<div class=\"order-1 mx-auto flex flex-col justify-center md:order-2 md:ml-4 md:w-full md:grow\">\n<div class=\"block cursor-pointer text-center font-akshar text-2xl font-medium leading-7 text-brand-green duration-200 ease-in-out hover:text-brand-green-700 md:text-left md:text-xl md:leading-6\">2024 42 \u201dLG C4 OLED TV\n                <\/div>\n<div class=\"mt-4 hidden md:flex md:justify-between\">\n<div class=\"self-end\">\n<div class=\"mb-0 h-11 md:flex md:flex-col md:justify-center\">\n<div class=\" font-sans leading-4 text-black\">\n<div class=\"flex flex-wrap items-center justify-center gap-x-1 md:justify-start\">\n        <span class=\"font-bold\"><\/p>\n<p>            699,99 $<br \/>\n                            <span class=\"font-medium\">\u00e0 Amazon<\/span><br \/>\n                    <\/span>\n            <\/div>\n<div class=\"flex items-center justify-center gap-x-1 font-bold md:justify-start\">\n            <span class=\"text-sm line-through\">866,99 $<\/span><br \/>\n            <span class=\"text-sm text-brand-green\">\u00c9conomisez 167,00 $<\/span>\n        <\/div>\n<\/p><\/div>\n<\/p><\/div>\n<\/p><\/div>\n<div class=\"w-44 self-end\">\n                            <button class=\"flex justify-center items-center w-full bg-brand-green text-white text-base font-sans font-medium rounded-md hover:bg-brand-green-700 hover:cursor-pointer md:text-sm h-11\"><\/p>\n<p>    Conclure un accord<br \/>\n<\/button>\n                        <\/div>\n<\/p><\/div>\n<\/p><\/div>\n<div class=\"order-2 mt-5 h-auto w-full md:order-1 md:mt-0 md:hidden\">\n<div class=\"flex aspect-video items-center justify-center\">\n                                            <img decoding=\"async\" class=\"m-0 max-h-full max-w-full rounded-md\" src=\"https:\/\/vieassociative.be\/actualites\/wp-content\/uploads\/2025\/06\/Ce-televiseur-LG-OLED-a-petit-ecran-ne-coute-plus.jpg\" alt=\"2024 42 \u201dLG C4 OLED TV\" width=\"auto\" height=\"auto\" loading=\"lazy\">\n                                    <\/div>\n<\/p><\/div>\n<div class=\"order-2 ml-2 hidden w-32 shrink-0 items-center md:order-1 md:ml-0 md:flex\">\n<div class=\"flex aspect-video items-center justify-center\">\n                                            <img decoding=\"async\" class=\"m-0 max-h-full max-w-full rounded-md\" src=\"https:\/\/vieassociative.be\/actualites\/wp-content\/uploads\/2025\/06\/Ce-televiseur-LG-OLED-a-petit-ecran-ne-coute-plus.jpg\" alt=\"2024 42 \u201dLG C4 OLED TV\" width=\"auto\" height=\"auto\" loading=\"lazy\">\n                                    <\/div>\n<\/p><\/div>\n<div class=\"order-3 flex grow flex-wrap md:hidden md:grow-0\">\n<div class=\"mt-4 w-full\">\n                        <button class=\"flex justify-center items-center w-full bg-brand-green text-white text-base font-sans font-medium rounded-md hover:bg-brand-green-700 hover:cursor-pointer md:text-sm h-11\"><\/p>\n<p>    Conclure un accord<br \/>\n<\/button>\n                    <\/div>\n<div class=\"mx-2 mt-4 w-full\">\n<div class=\" font-sans leading-4 text-black\">\n<div class=\"flex flex-wrap items-center justify-center gap-x-1 md:justify-start\">\n        <span class=\"font-bold\"><\/p>\n<p>            699,99 $<br \/>\n                            <span class=\"font-medium\">\u00e0 Amazon<\/span><br \/>\n                    <\/span>\n            <\/div>\n<div class=\"flex items-center justify-center gap-x-1 font-bold md:justify-start\">\n            <span class=\"text-sm line-through\">866,99 $<\/span><br \/>\n            <span class=\"text-sm text-brand-green\">\u00c9conomisez 167,00 $<\/span>\n        <\/div>\n<\/p><\/div>\n<\/p><\/div>\n<\/p><\/div>\n<\/p><\/div>\n<\/div>\n<p>Les pixels auto-\u00e9clair\u00e9s OLED offrent de meilleures performances de contraste par rapport aux concurrents QLED et Mini-dirig\u00e9s. Les joueurs b\u00e9n\u00e9ficient d&rsquo;un taux de rafra\u00eechissement de 144 Hz, de Nvidia G-Sync et d&rsquo;AMD Freesync Premium, qui devrait assurer un gameplay plus lisse<\/p>\n<p>En ce qui concerne le design, ce t\u00e9l\u00e9viseur a une silhouette mince par rapport aux ensembles plus maladroits et de taille similaire de concurrents comme Vizio. Bien que de nombreux critiques d&rsquo;Amazon soient impressionn\u00e9s par la clart\u00e9 du syst\u00e8me sonore Dolby Atmos et de plusieurs modes de son, certains recommandent une barre de son suppl\u00e9mentaire si vous voulez un audio de remplissage de chambre.<\/p>\n<div class=\"pogoClear relative my-10 border-b-(1.5px) border-t-(1.5px) border-dashed border-black py-5 sm:my-14 sm:border-0 sm:py-0\" data-ga-click data-ga-template=\"Deals\" data-ga-module=\"openweb_widget\" data-ga-element=\"openweb_scroll\" data-ga-item=\"openweb_scroll_midpage\" x-data=\"{\n         commentsCount: null,\n         hasComments: false,\n         async fetchCommentsCount() {\n             try {\n                 if (window.openweb &amp;&amp; typeof window.openweb.getMessagesCount === 'function') {\n                     this.commentsCount = await window.openweb.getMessagesCount('01JY1P1KDV1PTZZW0B9NK2T2EP');\n                     this.hasComments = this.commentsCount !== null &amp;&amp; this.commentsCount &gt; 0;\n                 }\n             } catch (e) {\n                 console.warn('Failed to fetch comment count:', e);\n             }\n         }\n     }\" x-init=\"fetchCommentsCount()\" x-cloak><\/p>\n<div class=\"absolute top-1\/2 hidden w-full -translate-y-1\/2 border-t-(1.5px) border-dashed border-black sm:block\"><\/div>\n<div class=\"relative flex justify-center\">\n<div class=\"flex max-w-fit items-center gap-x-3 bg-white px-5\">\n<div class=\"relative\">\n                <span class=\"absolute left-1\/2 top-1\/2 -translate-x-1\/2 -translate-y-1\/2 font-akshar text-sm font-medium text-black\" aria-live=\"polite\" x-show=\"hasComments\" x-text=\"commentsCount\"><\/span><\/p>\n<p>                <svg class=\"h-8 w-8 text-black\" role=\"img\" aria-hidden=\"true\">\n                    <use href=\"http:\/\/lifehacker.com\/images\/icons\/spritemap.svg#sprite-chat-bubble\"><\/use>\n                <\/svg>\n            <\/div>\n<p>            <span class=\"text-sm font-medium text-black\"><\/p>\n<p>                Que pensez-vous jusqu&rsquo;\u00e0 pr\u00e9sent?<br \/>\n                <button class=\"ml-1 font-semibold text-brand-green underline hover:text-brand-green-700\" type=\"button\" aria-label=\"Comment section trigger\" onclick=\"window.openweb.scrollToComments('01JY1P1KDV1PTZZW0B9NK2T2EP')\" x-text=\"hasComments ? 'Post a comment.' : 'Be the first to post a comment.'\"><\/button><br \/>\n            <\/span>\n        <\/div>\n<\/p><\/div>\n<\/div>\n<p>Il ex\u00e9cute le syst\u00e8me d&rsquo;exploitation WebOS 24 mis \u00e0 jour, qui offre de nouvelles fonctionnalit\u00e9s (en particulier dans le domaine de l&rsquo;accessibilit\u00e9), des options de personnalisation am\u00e9lior\u00e9es et une conception de l&rsquo;\u00e9cran d&rsquo;accueil actualis\u00e9, mais certains utilisateurs se plaignent que l&rsquo;interface est encombr\u00e9e et parfois lente, avec trop d&rsquo;espace pris par les publicit\u00e9s et les promotions. Certains utilisateurs signalent \u00e9galement des bogues mineurs pendant ou suivant les mises \u00e0 jour du syst\u00e8me. <\/p>\n<p>Pourtant, pour moins de 700 $, la t\u00e9l\u00e9vision LG C4 LG C4 2024 42 \u201dest fortement recommand\u00e9e par les critiques. Dans l&rsquo;ensemble, il offre une combinaison solide de fonctionnalit\u00e9s intelligentes et personnalisables, un design \u00e9l\u00e9gant et une exp\u00e9rience de vision immersive pour un t\u00e9l\u00e9viseur OLED \u00e0 petit \u00e9cran. <\/p>\n","protected":false},"excerpt":{"rendered":"<p>Param\u00e8tres d&rsquo;image am\u00e9lior\u00e9s en AI et \u00e9cran OLED \u00e9l\u00e9gant dans une empreinte compacte. Si vous recherchez un t\u00e9l\u00e9viseur OLED, les mod\u00e8les de LG sont largement<\/p>\n","protected":false},"author":1,"featured_media":8285,"comment_status":"","ping_status":"","sticky":false,"template":"","format":"standard","meta":{"footnotes":""},"categories":[13],"tags":[51,700,1122,2382,14,2558,2490,1399,33,1978,790,546],"class_list":["post-8284","post","type-post","status-publish","format-standard","has-post-thumbnail","hentry","category-technologie","tag-amazon","tag-bas","tag-coute","tag-ecran","tag-les","tag-oled","tag-petit","tag-prix","tag-sur","tag-televiseur","tag-temps","tag-tous","generate-columns","tablet-grid-50","mobile-grid-100","grid-parent","grid-33"],"yoast_head":"<!-- This site is optimized with the Yoast SEO plugin v24.0 - https:\/\/yoast.com\/wordpress\/plugins\/seo\/ -->\n<title>Ce t\u00e9l\u00e9viseur LG OLED \u00e0 petit \u00e9cran ne co\u00fbte plus que 699 $ sur Amazon - le prix le plus bas de tous les temps | Vie Associative<\/title>\n<meta name=\"robots\" content=\"index, follow, max-snippet:-1, max-image-preview:large, max-video-preview:-1\" \/>\n<link rel=\"canonical\" href=\"https:\/\/vieassociative.be\/actualites\/ce-televiseur-lg-oled-a-petit-ecran-ne-coute-plus-que-699-sur-amazon-le-prix-le-plus-bas-de-tous-les-temps\/\" \/>\n<meta property=\"og:locale\" content=\"fr_FR\" \/>\n<meta property=\"og:type\" content=\"article\" \/>\n<meta property=\"og:title\" content=\"Ce t\u00e9l\u00e9viseur LG OLED \u00e0 petit \u00e9cran ne co\u00fbte plus que 699 $ sur Amazon - le prix le plus bas de tous les temps | Vie Associative\" \/>\n<meta property=\"og:description\" content=\"Param\u00e8tres d&rsquo;image am\u00e9lior\u00e9s en AI et \u00e9cran OLED \u00e9l\u00e9gant dans une empreinte compacte. Si vous recherchez un t\u00e9l\u00e9viseur OLED, les mod\u00e8les de LG sont largement\" \/>\n<meta property=\"og:url\" content=\"https:\/\/vieassociative.be\/actualites\/ce-televiseur-lg-oled-a-petit-ecran-ne-coute-plus-que-699-sur-amazon-le-prix-le-plus-bas-de-tous-les-temps\/\" \/>\n<meta property=\"og:site_name\" content=\"Vie Associative\" \/>\n<meta property=\"article:published_time\" content=\"2025-06-20T07:17:47+00:00\" \/>\n<meta property=\"og:image\" content=\"https:\/\/vieassociative.be\/actualites\/wp-content\/uploads\/2025\/06\/Ce-televiseur-LG-OLED-a-petit-ecran-ne-coute-plus.jpg\" \/>\n<meta name=\"author\" content=\"Julien\" \/>\n<meta name=\"twitter:card\" content=\"summary_large_image\" \/>\n<meta name=\"twitter:label1\" content=\"\u00c9crit par\" \/>\n\t<meta name=\"twitter:data1\" content=\"Julien\" \/>\n\t<meta name=\"twitter:label2\" content=\"Dur\u00e9e de lecture est.\" \/>\n\t<meta name=\"twitter:data2\" content=\"2 minutes\" \/>\n<script type=\"application\/ld+json\" class=\"yoast-schema-graph\">{\"@context\":\"https:\/\/schema.org\",\"@graph\":[{\"@type\":\"Article\",\"@id\":\"https:\/\/vieassociative.be\/actualites\/ce-televiseur-lg-oled-a-petit-ecran-ne-coute-plus-que-699-sur-amazon-le-prix-le-plus-bas-de-tous-les-temps\/#article\",\"isPartOf\":{\"@id\":\"https:\/\/vieassociative.be\/actualites\/ce-televiseur-lg-oled-a-petit-ecran-ne-coute-plus-que-699-sur-amazon-le-prix-le-plus-bas-de-tous-les-temps\/\"},\"author\":{\"name\":\"Julien\",\"@id\":\"https:\/\/vieassociative.be\/actualites\/#\/schema\/person\/b87ac4f82f9d4e7b7cec7395b679edc4\"},\"headline\":\"Ce t\u00e9l\u00e9viseur LG OLED \u00e0 petit \u00e9cran ne co\u00fbte plus que 699 $ sur Amazon &#8211; le prix le plus bas de tous les temps\",\"datePublished\":\"2025-06-20T07:17:47+00:00\",\"dateModified\":\"2025-06-20T07:17:47+00:00\",\"mainEntityOfPage\":{\"@id\":\"https:\/\/vieassociative.be\/actualites\/ce-televiseur-lg-oled-a-petit-ecran-ne-coute-plus-que-699-sur-amazon-le-prix-le-plus-bas-de-tous-les-temps\/\"},\"wordCount\":493,\"publisher\":{\"@id\":\"https:\/\/vieassociative.be\/actualites\/#organization\"},\"image\":{\"@id\":\"https:\/\/vieassociative.be\/actualites\/ce-televiseur-lg-oled-a-petit-ecran-ne-coute-plus-que-699-sur-amazon-le-prix-le-plus-bas-de-tous-les-temps\/#primaryimage\"},\"thumbnailUrl\":\"https:\/\/vieassociative.be\/actualites\/wp-content\/uploads\/2025\/06\/Ce-televiseur-LG-OLED-a-petit-ecran-ne-coute-plus.png\",\"keywords\":[\"Amazon\",\"bas\",\"co\u00fbte\",\"\u00e9cran\",\"Les\",\"OLED\",\"petit\",\"prix\",\"sur\",\"t\u00e9l\u00e9viseur\",\"temps\",\"tous\"],\"articleSection\":[\"Technologie\"],\"inLanguage\":\"fr-BE\"},{\"@type\":\"WebPage\",\"@id\":\"https:\/\/vieassociative.be\/actualites\/ce-televiseur-lg-oled-a-petit-ecran-ne-coute-plus-que-699-sur-amazon-le-prix-le-plus-bas-de-tous-les-temps\/\",\"url\":\"https:\/\/vieassociative.be\/actualites\/ce-televiseur-lg-oled-a-petit-ecran-ne-coute-plus-que-699-sur-amazon-le-prix-le-plus-bas-de-tous-les-temps\/\",\"name\":\"Ce t\u00e9l\u00e9viseur LG OLED \u00e0 petit \u00e9cran ne co\u00fbte plus que 699 $ sur Amazon - le prix le plus bas de tous les temps | Vie Associative\",\"isPartOf\":{\"@id\":\"https:\/\/vieassociative.be\/actualites\/#website\"},\"primaryImageOfPage\":{\"@id\":\"https:\/\/vieassociative.be\/actualites\/ce-televiseur-lg-oled-a-petit-ecran-ne-coute-plus-que-699-sur-amazon-le-prix-le-plus-bas-de-tous-les-temps\/#primaryimage\"},\"image\":{\"@id\":\"https:\/\/vieassociative.be\/actualites\/ce-televiseur-lg-oled-a-petit-ecran-ne-coute-plus-que-699-sur-amazon-le-prix-le-plus-bas-de-tous-les-temps\/#primaryimage\"},\"thumbnailUrl\":\"https:\/\/vieassociative.be\/actualites\/wp-content\/uploads\/2025\/06\/Ce-televiseur-LG-OLED-a-petit-ecran-ne-coute-plus.png\",\"datePublished\":\"2025-06-20T07:17:47+00:00\",\"dateModified\":\"2025-06-20T07:17:47+00:00\",\"breadcrumb\":{\"@id\":\"https:\/\/vieassociative.be\/actualites\/ce-televiseur-lg-oled-a-petit-ecran-ne-coute-plus-que-699-sur-amazon-le-prix-le-plus-bas-de-tous-les-temps\/#breadcrumb\"},\"inLanguage\":\"fr-BE\",\"potentialAction\":[{\"@type\":\"ReadAction\",\"target\":[\"https:\/\/vieassociative.be\/actualites\/ce-televiseur-lg-oled-a-petit-ecran-ne-coute-plus-que-699-sur-amazon-le-prix-le-plus-bas-de-tous-les-temps\/\"]}]},{\"@type\":\"ImageObject\",\"inLanguage\":\"fr-BE\",\"@id\":\"https:\/\/vieassociative.be\/actualites\/ce-televiseur-lg-oled-a-petit-ecran-ne-coute-plus-que-699-sur-amazon-le-prix-le-plus-bas-de-tous-les-temps\/#primaryimage\",\"url\":\"https:\/\/vieassociative.be\/actualites\/wp-content\/uploads\/2025\/06\/Ce-televiseur-LG-OLED-a-petit-ecran-ne-coute-plus.png\",\"contentUrl\":\"https:\/\/vieassociative.be\/actualites\/wp-content\/uploads\/2025\/06\/Ce-televiseur-LG-OLED-a-petit-ecran-ne-coute-plus.png\",\"width\":1200,\"height\":675,\"caption\":\"Ce t\u00e9l\u00e9viseur LG OLED \u00e0 petit \u00e9cran ne co\u00fbte plus que 699 $ sur Amazon - le prix le plus bas de tous les temps\"},{\"@type\":\"BreadcrumbList\",\"@id\":\"https:\/\/vieassociative.be\/actualites\/ce-televiseur-lg-oled-a-petit-ecran-ne-coute-plus-que-699-sur-amazon-le-prix-le-plus-bas-de-tous-les-temps\/#breadcrumb\",\"itemListElement\":[{\"@type\":\"ListItem\",\"position\":1,\"name\":\"Accueil\",\"item\":\"https:\/\/vieassociative.be\/actualites\/\"},{\"@type\":\"ListItem\",\"position\":2,\"name\":\"Ce t\u00e9l\u00e9viseur LG OLED \u00e0 petit \u00e9cran ne co\u00fbte plus que 699 $ sur Amazon &#8211; le prix le plus bas de tous les temps\"}]},{\"@type\":\"WebSite\",\"@id\":\"https:\/\/vieassociative.be\/actualites\/#website\",\"url\":\"https:\/\/vieassociative.be\/actualites\/\",\"name\":\"Vie Associative\",\"description\":\"\",\"publisher\":{\"@id\":\"https:\/\/vieassociative.be\/actualites\/#organization\"},\"potentialAction\":[{\"@type\":\"SearchAction\",\"target\":{\"@type\":\"EntryPoint\",\"urlTemplate\":\"https:\/\/vieassociative.be\/actualites\/?s={search_term_string}\"},\"query-input\":{\"@type\":\"PropertyValueSpecification\",\"valueRequired\":true,\"valueName\":\"search_term_string\"}}],\"inLanguage\":\"fr-BE\"},{\"@type\":\"Organization\",\"@id\":\"https:\/\/vieassociative.be\/actualites\/#organization\",\"name\":\"Vie Associative\",\"url\":\"https:\/\/vieassociative.be\/actualites\/\",\"logo\":{\"@type\":\"ImageObject\",\"inLanguage\":\"fr-BE\",\"@id\":\"https:\/\/vieassociative.be\/actualites\/#\/schema\/logo\/image\/\",\"url\":\"https:\/\/vieassociative.be\/actualites\/wp-content\/uploads\/2024\/09\/cropped-vieassociative_favicon.ico.png\",\"contentUrl\":\"https:\/\/vieassociative.be\/actualites\/wp-content\/uploads\/2024\/09\/cropped-vieassociative_favicon.ico.png\",\"width\":512,\"height\":512,\"caption\":\"Vie Associative\"},\"image\":{\"@id\":\"https:\/\/vieassociative.be\/actualites\/#\/schema\/logo\/image\/\"}},{\"@type\":\"Person\",\"@id\":\"https:\/\/vieassociative.be\/actualites\/#\/schema\/person\/b87ac4f82f9d4e7b7cec7395b679edc4\",\"name\":\"Julien\",\"image\":{\"@type\":\"ImageObject\",\"inLanguage\":\"fr-BE\",\"@id\":\"https:\/\/vieassociative.be\/actualites\/#\/schema\/person\/image\/\",\"url\":\"https:\/\/vieassociative.be\/actualites\/wp-content\/uploads\/2024\/09\/vie-associative-1-150x150.jpg\",\"contentUrl\":\"https:\/\/vieassociative.be\/actualites\/wp-content\/uploads\/2024\/09\/vie-associative-1-150x150.jpg\",\"caption\":\"Julien\"},\"description\":\"Je suis Julien, r\u00e9dacteur pour Vie Associative. Passionn\u00e9 par le monde associatif depuis plus de 10 ans, j'ai \u00e0 c\u0153ur de partager des histoires inspirantes et de mettre en lumi\u00e8re les initiatives locales. Mon objectif est de sensibiliser et d'encourager l'engagement communautaire \u00e0 travers mes articles.\",\"sameAs\":[\"https:\/\/vieassociative.be\/\"]}]}<\/script>\n<!-- \/ Yoast SEO plugin. -->","yoast_head_json":{"title":"Ce t\u00e9l\u00e9viseur LG OLED \u00e0 petit \u00e9cran ne co\u00fbte plus que 699 $ sur Amazon - le prix le plus bas de tous les temps | Vie Associative","robots":{"index":"index","follow":"follow","max-snippet":"max-snippet:-1","max-image-preview":"max-image-preview:large","max-video-preview":"max-video-preview:-1"},"canonical":"https:\/\/vieassociative.be\/actualites\/ce-televiseur-lg-oled-a-petit-ecran-ne-coute-plus-que-699-sur-amazon-le-prix-le-plus-bas-de-tous-les-temps\/","og_locale":"fr_FR","og_type":"article","og_title":"Ce t\u00e9l\u00e9viseur LG OLED \u00e0 petit \u00e9cran ne co\u00fbte plus que 699 $ sur Amazon - le prix le plus bas de tous les temps | Vie Associative","og_description":"Param\u00e8tres d&rsquo;image am\u00e9lior\u00e9s en AI et \u00e9cran OLED \u00e9l\u00e9gant dans une empreinte compacte. Si vous recherchez un t\u00e9l\u00e9viseur OLED, les mod\u00e8les de LG sont largement","og_url":"https:\/\/vieassociative.be\/actualites\/ce-televiseur-lg-oled-a-petit-ecran-ne-coute-plus-que-699-sur-amazon-le-prix-le-plus-bas-de-tous-les-temps\/","og_site_name":"Vie Associative","article_published_time":"2025-06-20T07:17:47+00:00","og_image":[{"url":"https:\/\/vieassociative.be\/actualites\/wp-content\/uploads\/2025\/06\/Ce-televiseur-LG-OLED-a-petit-ecran-ne-coute-plus.jpg","type":"","width":"","height":""}],"author":"Julien","twitter_card":"summary_large_image","twitter_misc":{"\u00c9crit par":"Julien","Dur\u00e9e de lecture est.":"2 minutes"},"schema":{"@context":"https:\/\/schema.org","@graph":[{"@type":"Article","@id":"https:\/\/vieassociative.be\/actualites\/ce-televiseur-lg-oled-a-petit-ecran-ne-coute-plus-que-699-sur-amazon-le-prix-le-plus-bas-de-tous-les-temps\/#article","isPartOf":{"@id":"https:\/\/vieassociative.be\/actualites\/ce-televiseur-lg-oled-a-petit-ecran-ne-coute-plus-que-699-sur-amazon-le-prix-le-plus-bas-de-tous-les-temps\/"},"author":{"name":"Julien","@id":"https:\/\/vieassociative.be\/actualites\/#\/schema\/person\/b87ac4f82f9d4e7b7cec7395b679edc4"},"headline":"Ce t\u00e9l\u00e9viseur LG OLED \u00e0 petit \u00e9cran ne co\u00fbte plus que 699 $ sur Amazon &#8211; le prix le plus bas de tous les temps","datePublished":"2025-06-20T07:17:47+00:00","dateModified":"2025-06-20T07:17:47+00:00","mainEntityOfPage":{"@id":"https:\/\/vieassociative.be\/actualites\/ce-televiseur-lg-oled-a-petit-ecran-ne-coute-plus-que-699-sur-amazon-le-prix-le-plus-bas-de-tous-les-temps\/"},"wordCount":493,"publisher":{"@id":"https:\/\/vieassociative.be\/actualites\/#organization"},"image":{"@id":"https:\/\/vieassociative.be\/actualites\/ce-televiseur-lg-oled-a-petit-ecran-ne-coute-plus-que-699-sur-amazon-le-prix-le-plus-bas-de-tous-les-temps\/#primaryimage"},"thumbnailUrl":"https:\/\/vieassociative.be\/actualites\/wp-content\/uploads\/2025\/06\/Ce-televiseur-LG-OLED-a-petit-ecran-ne-coute-plus.png","keywords":["Amazon","bas","co\u00fbte","\u00e9cran","Les","OLED","petit","prix","sur","t\u00e9l\u00e9viseur","temps","tous"],"articleSection":["Technologie"],"inLanguage":"fr-BE"},{"@type":"WebPage","@id":"https:\/\/vieassociative.be\/actualites\/ce-televiseur-lg-oled-a-petit-ecran-ne-coute-plus-que-699-sur-amazon-le-prix-le-plus-bas-de-tous-les-temps\/","url":"https:\/\/vieassociative.be\/actualites\/ce-televiseur-lg-oled-a-petit-ecran-ne-coute-plus-que-699-sur-amazon-le-prix-le-plus-bas-de-tous-les-temps\/","name":"Ce t\u00e9l\u00e9viseur LG OLED \u00e0 petit \u00e9cran ne co\u00fbte plus que 699 $ sur Amazon - le prix le plus bas de tous les temps | Vie Associative","isPartOf":{"@id":"https:\/\/vieassociative.be\/actualites\/#website"},"primaryImageOfPage":{"@id":"https:\/\/vieassociative.be\/actualites\/ce-televiseur-lg-oled-a-petit-ecran-ne-coute-plus-que-699-sur-amazon-le-prix-le-plus-bas-de-tous-les-temps\/#primaryimage"},"image":{"@id":"https:\/\/vieassociative.be\/actualites\/ce-televiseur-lg-oled-a-petit-ecran-ne-coute-plus-que-699-sur-amazon-le-prix-le-plus-bas-de-tous-les-temps\/#primaryimage"},"thumbnailUrl":"https:\/\/vieassociative.be\/actualites\/wp-content\/uploads\/2025\/06\/Ce-televiseur-LG-OLED-a-petit-ecran-ne-coute-plus.png","datePublished":"2025-06-20T07:17:47+00:00","dateModified":"2025-06-20T07:17:47+00:00","breadcrumb":{"@id":"https:\/\/vieassociative.be\/actualites\/ce-televiseur-lg-oled-a-petit-ecran-ne-coute-plus-que-699-sur-amazon-le-prix-le-plus-bas-de-tous-les-temps\/#breadcrumb"},"inLanguage":"fr-BE","potentialAction":[{"@type":"ReadAction","target":["https:\/\/vieassociative.be\/actualites\/ce-televiseur-lg-oled-a-petit-ecran-ne-coute-plus-que-699-sur-amazon-le-prix-le-plus-bas-de-tous-les-temps\/"]}]},{"@type":"ImageObject","inLanguage":"fr-BE","@id":"https:\/\/vieassociative.be\/actualites\/ce-televiseur-lg-oled-a-petit-ecran-ne-coute-plus-que-699-sur-amazon-le-prix-le-plus-bas-de-tous-les-temps\/#primaryimage","url":"https:\/\/vieassociative.be\/actualites\/wp-content\/uploads\/2025\/06\/Ce-televiseur-LG-OLED-a-petit-ecran-ne-coute-plus.png","contentUrl":"https:\/\/vieassociative.be\/actualites\/wp-content\/uploads\/2025\/06\/Ce-televiseur-LG-OLED-a-petit-ecran-ne-coute-plus.png","width":1200,"height":675,"caption":"Ce t\u00e9l\u00e9viseur LG OLED \u00e0 petit \u00e9cran ne co\u00fbte plus que 699 $ sur Amazon - le prix le plus bas de tous les temps"},{"@type":"BreadcrumbList","@id":"https:\/\/vieassociative.be\/actualites\/ce-televiseur-lg-oled-a-petit-ecran-ne-coute-plus-que-699-sur-amazon-le-prix-le-plus-bas-de-tous-les-temps\/#breadcrumb","itemListElement":[{"@type":"ListItem","position":1,"name":"Accueil","item":"https:\/\/vieassociative.be\/actualites\/"},{"@type":"ListItem","position":2,"name":"Ce t\u00e9l\u00e9viseur LG OLED \u00e0 petit \u00e9cran ne co\u00fbte plus que 699 $ sur Amazon &#8211; le prix le plus bas de tous les temps"}]},{"@type":"WebSite","@id":"https:\/\/vieassociative.be\/actualites\/#website","url":"https:\/\/vieassociative.be\/actualites\/","name":"Vie Associative","description":"","publisher":{"@id":"https:\/\/vieassociative.be\/actualites\/#organization"},"potentialAction":[{"@type":"SearchAction","target":{"@type":"EntryPoint","urlTemplate":"https:\/\/vieassociative.be\/actualites\/?s={search_term_string}"},"query-input":{"@type":"PropertyValueSpecification","valueRequired":true,"valueName":"search_term_string"}}],"inLanguage":"fr-BE"},{"@type":"Organization","@id":"https:\/\/vieassociative.be\/actualites\/#organization","name":"Vie Associative","url":"https:\/\/vieassociative.be\/actualites\/","logo":{"@type":"ImageObject","inLanguage":"fr-BE","@id":"https:\/\/vieassociative.be\/actualites\/#\/schema\/logo\/image\/","url":"https:\/\/vieassociative.be\/actualites\/wp-content\/uploads\/2024\/09\/cropped-vieassociative_favicon.ico.png","contentUrl":"https:\/\/vieassociative.be\/actualites\/wp-content\/uploads\/2024\/09\/cropped-vieassociative_favicon.ico.png","width":512,"height":512,"caption":"Vie Associative"},"image":{"@id":"https:\/\/vieassociative.be\/actualites\/#\/schema\/logo\/image\/"}},{"@type":"Person","@id":"https:\/\/vieassociative.be\/actualites\/#\/schema\/person\/b87ac4f82f9d4e7b7cec7395b679edc4","name":"Julien","image":{"@type":"ImageObject","inLanguage":"fr-BE","@id":"https:\/\/vieassociative.be\/actualites\/#\/schema\/person\/image\/","url":"https:\/\/vieassociative.be\/actualites\/wp-content\/uploads\/2024\/09\/vie-associative-1-150x150.jpg","contentUrl":"https:\/\/vieassociative.be\/actualites\/wp-content\/uploads\/2024\/09\/vie-associative-1-150x150.jpg","caption":"Julien"},"description":"Je suis Julien, r\u00e9dacteur pour Vie Associative. Passionn\u00e9 par le monde associatif depuis plus de 10 ans, j'ai \u00e0 c\u0153ur de partager des histoires inspirantes et de mettre en lumi\u00e8re les initiatives locales. Mon objectif est de sensibiliser et d'encourager l'engagement communautaire \u00e0 travers mes articles.","sameAs":["https:\/\/vieassociative.be\/"]}]}},"_links":{"self":[{"href":"https:\/\/vieassociative.be\/actualites\/wp-json\/wp\/v2\/posts\/8284"}],"collection":[{"href":"https:\/\/vieassociative.be\/actualites\/wp-json\/wp\/v2\/posts"}],"about":[{"href":"https:\/\/vieassociative.be\/actualites\/wp-json\/wp\/v2\/types\/post"}],"author":[{"embeddable":true,"href":"https:\/\/vieassociative.be\/actualites\/wp-json\/wp\/v2\/users\/1"}],"replies":[{"embeddable":true,"href":"https:\/\/vieassociative.be\/actualites\/wp-json\/wp\/v2\/comments?post=8284"}],"version-history":[{"count":0,"href":"https:\/\/vieassociative.be\/actualites\/wp-json\/wp\/v2\/posts\/8284\/revisions"}],"wp:featuredmedia":[{"embeddable":true,"href":"https:\/\/vieassociative.be\/actualites\/wp-json\/wp\/v2\/media\/8285"}],"wp:attachment":[{"href":"https:\/\/vieassociative.be\/actualites\/wp-json\/wp\/v2\/media?parent=8284"}],"wp:term":[{"taxonomy":"category","embeddable":true,"href":"https:\/\/vieassociative.be\/actualites\/wp-json\/wp\/v2\/categories?post=8284"},{"taxonomy":"post_tag","embeddable":true,"href":"https:\/\/vieassociative.be\/actualites\/wp-json\/wp\/v2\/tags?post=8284"}],"curies":[{"name":"wp","href":"https:\/\/api.w.org\/{rel}","templated":true}]}}