{"id":8281,"date":"2025-06-20T04:17:28","date_gmt":"2025-06-20T02:17:28","guid":{"rendered":"https:\/\/vieassociative.be\/actualites\/la-coalition-de-larizona-a-convenu-le-senat-devrait-etre-aboli-des-la-prochaine-periode-legislative\/"},"modified":"2025-06-20T04:17:28","modified_gmt":"2025-06-20T02:17:28","slug":"la-coalition-de-larizona-a-convenu-le-senat-devrait-etre-aboli-des-la-prochaine-periode-legislative","status":"publish","type":"post","link":"https:\/\/vieassociative.be\/actualites\/la-coalition-de-larizona-a-convenu-le-senat-devrait-etre-aboli-des-la-prochaine-periode-legislative\/","title":{"rendered":"La coalition de l&rsquo;Arizona a convenu: le S\u00e9nat devrait \u00eatre aboli d\u00e8s la prochaine p\u00e9riode l\u00e9gislative"},"content":{"rendered":"<p><strong>\u00c0 Bruxelles, les parties de l&rsquo;Arizona Coalition (N-VA, MR, Les Engages, Vooruit et CD&#038;V) ont convenu de l&rsquo;abolition du S\u00e9nat. Cela a dit mardi des cercles du gouvernement quelques heures apr\u00e8s une session du Cabinet de base, qui avait trait\u00e9 cette question.<\/strong><\/p>\n<p><span id=\"more-417855\"><\/span>Les responsabilit\u00e9s du S\u00e9nat seraient initialement compl\u00e8tement transf\u00e9r\u00e9es \u00e0 la chambre. Au cours des derni\u00e8res semaines, le Premier ministre Bart De Wever (N-VA) n&rsquo;a pas r\u00e9ussi \u00e0 remporter tous les partenaires de la coalition pour cette proc\u00e9dure.<\/p>\n<p>M\u00eame si vous avez maintenant tous convenu de l&rsquo;abolition du S\u00e9nat, le chemin de plus ne sera pas une promenade, selon le journal quotidien \u00ab\u00a0La Derni\u00e8re Heure\u00a0\u00bb.<\/p>\n<div id=\"attachment_391717\" class=\"wp-caption alignleft\" style=\"max-width: 300px\"><img fetchpriority=\"high\" decoding=\"async\" class=\"wp-image-391717 size-medium\" src=\"https:\/\/vieassociative.be\/actualites\/wp-content\/uploads\/2025\/02\/Le-gouvernement-de-De-Wever-veut-abolir-le-Senat.jpg\" alt=\"\" width=\"300\" height=\"211\"><\/p>\n<p class=\"wp-caption-text\">La s\u00e9natrice Liesa Scholzen (Prodg) dans sa performance serment le 18 juillet 2024 au S\u00e9nat. Photo: Belga<\/p>\n<\/div>\n<p>Bien que l&rsquo;abolition du S\u00e9nat soit soutenue par une grande majorit\u00e9, selon des enqu\u00eates dans la population belge, N-VA, MR, Les Engages, Vooruit et CD&#038;V ont les votes qui font partie de l&rsquo;opposition pour mettre en \u0153uvre le projet. Une majorit\u00e9 de deux tiers est requise.<\/p>\n<p>Si le S\u00e9nat dispara\u00eet, le politicien de Prodg Liesa Scholzen serait le dernier s\u00e9nateur de la DG. Ensuite, les voix sont d\u00e9j\u00e0 des voix qui n\u00e9cessitent une repr\u00e9sentation garantie de personnes germanophones dans la chambre MP.<\/p>\n<p>Depuis la r\u00e9forme de 2014, le S\u00e9nat est devenu une sorte de point de rencontre entre le niveau f\u00e9d\u00e9ral et les sous-\u00e9tats. C&rsquo;est ce type de coordination politique, qui est soulign\u00e9 par plus d&rsquo;un parti pour souligner l&rsquo;importance pr\u00e9sum\u00e9e du S\u00e9nat. En outre, les 43 millions d&rsquo;euros par an que cette deuxi\u00e8me chambre co\u00fbte au contribuable belge, selon Sudinfo, justifie que le S\u00e9nat intervienne si n\u00e9cessaire avec d&rsquo;\u00e9ventuels conflits d&rsquo;int\u00e9r\u00eats entre les r\u00e9unions parlementaires de notre pays. (Cre)<\/p>\n","protected":false},"excerpt":{"rendered":"<p>\u00c0 Bruxelles, les parties de l&rsquo;Arizona Coalition (N-VA, MR, Les Engages, Vooruit et CD&#038;V) ont convenu de l&rsquo;abolition du S\u00e9nat. Cela a dit mardi des<\/p>\n","protected":false},"author":1,"featured_media":4839,"comment_status":"","ping_status":"","sticky":false,"template":"","format":"standard","meta":{"footnotes":""},"categories":[298],"tags":[7469,2315,7468,29,238,23,4253,7470,395,773,5149],"class_list":["post-8281","post","type-post","status-publish","format-standard","has-post-thumbnail","hentry","category-belgique","tag-aboli","tag-coalition","tag-convenu","tag-des","tag-devrait","tag-etre","tag-larizona","tag-legislative","tag-periode","tag-prochaine","tag-senat","generate-columns","tablet-grid-50","mobile-grid-100","grid-parent","grid-33"],"yoast_head":"<!-- This site is optimized with the Yoast SEO plugin v24.0 - https:\/\/yoast.com\/wordpress\/plugins\/seo\/ -->\n<title>La coalition de l&#039;Arizona a convenu: le S\u00e9nat devrait \u00eatre aboli d\u00e8s la prochaine p\u00e9riode l\u00e9gislative | Vie Associative<\/title>\n<meta name=\"robots\" content=\"index, follow, max-snippet:-1, max-image-preview:large, max-video-preview:-1\" \/>\n<link rel=\"canonical\" href=\"https:\/\/vieassociative.be\/actualites\/la-coalition-de-larizona-a-convenu-le-senat-devrait-etre-aboli-des-la-prochaine-periode-legislative\/\" \/>\n<meta property=\"og:locale\" content=\"fr_FR\" \/>\n<meta property=\"og:type\" content=\"article\" \/>\n<meta property=\"og:title\" content=\"La coalition de l&#039;Arizona a convenu: le S\u00e9nat devrait \u00eatre aboli d\u00e8s la prochaine p\u00e9riode l\u00e9gislative | Vie Associative\" \/>\n<meta property=\"og:description\" content=\"\u00c0 Bruxelles, les parties de l&rsquo;Arizona Coalition (N-VA, MR, Les Engages, Vooruit et CD&#038;V) ont convenu de l&rsquo;abolition du S\u00e9nat. Cela a dit mardi des\" \/>\n<meta property=\"og:url\" content=\"https:\/\/vieassociative.be\/actualites\/la-coalition-de-larizona-a-convenu-le-senat-devrait-etre-aboli-des-la-prochaine-periode-legislative\/\" \/>\n<meta property=\"og:site_name\" content=\"Vie Associative\" \/>\n<meta property=\"article:published_time\" content=\"2025-06-20T02:17:28+00:00\" \/>\n<meta property=\"og:image\" content=\"https:\/\/vieassociative.be\/actualites\/wp-content\/uploads\/2024\/09\/header_backgroundk-01-e1726694325946.png\" \/>\n\t<meta property=\"og:image:width\" content=\"279\" \/>\n\t<meta property=\"og:image:height\" content=\"92\" \/>\n\t<meta property=\"og:image:type\" content=\"image\/png\" \/>\n<meta name=\"author\" content=\"Julien\" \/>\n<meta name=\"twitter:card\" content=\"summary_large_image\" \/>\n<meta name=\"twitter:label1\" content=\"\u00c9crit par\" \/>\n\t<meta name=\"twitter:data1\" content=\"Julien\" \/>\n\t<meta name=\"twitter:label2\" content=\"Dur\u00e9e de lecture est.\" \/>\n\t<meta name=\"twitter:data2\" content=\"2 minutes\" \/>\n<script type=\"application\/ld+json\" class=\"yoast-schema-graph\">{\"@context\":\"https:\/\/schema.org\",\"@graph\":[{\"@type\":\"Article\",\"@id\":\"https:\/\/vieassociative.be\/actualites\/la-coalition-de-larizona-a-convenu-le-senat-devrait-etre-aboli-des-la-prochaine-periode-legislative\/#article\",\"isPartOf\":{\"@id\":\"https:\/\/vieassociative.be\/actualites\/la-coalition-de-larizona-a-convenu-le-senat-devrait-etre-aboli-des-la-prochaine-periode-legislative\/\"},\"author\":{\"name\":\"Julien\",\"@id\":\"https:\/\/vieassociative.be\/actualites\/#\/schema\/person\/b87ac4f82f9d4e7b7cec7395b679edc4\"},\"headline\":\"La coalition de l&rsquo;Arizona a convenu: le S\u00e9nat devrait \u00eatre aboli d\u00e8s la prochaine p\u00e9riode l\u00e9gislative\",\"datePublished\":\"2025-06-20T02:17:28+00:00\",\"dateModified\":\"2025-06-20T02:17:28+00:00\",\"mainEntityOfPage\":{\"@id\":\"https:\/\/vieassociative.be\/actualites\/la-coalition-de-larizona-a-convenu-le-senat-devrait-etre-aboli-des-la-prochaine-periode-legislative\/\"},\"wordCount\":349,\"publisher\":{\"@id\":\"https:\/\/vieassociative.be\/actualites\/#organization\"},\"image\":{\"@id\":\"https:\/\/vieassociative.be\/actualites\/la-coalition-de-larizona-a-convenu-le-senat-devrait-etre-aboli-des-la-prochaine-periode-legislative\/#primaryimage\"},\"thumbnailUrl\":\"https:\/\/vieassociative.be\/actualites\/wp-content\/uploads\/2025\/02\/1738678644_Le-gouvernement-de-De-Wever-veut-abolir-le-Senat.jpg\",\"keywords\":[\"aboli\",\"coalition\",\"convenu\",\"Des\",\"devrait\",\"\u00eatre\",\"lArizona\",\"l\u00e9gislative\",\"p\u00e9riode\",\"prochaine\",\"S\u00e9nat\"],\"articleSection\":[\"Belgique\"],\"inLanguage\":\"fr-BE\"},{\"@type\":\"WebPage\",\"@id\":\"https:\/\/vieassociative.be\/actualites\/la-coalition-de-larizona-a-convenu-le-senat-devrait-etre-aboli-des-la-prochaine-periode-legislative\/\",\"url\":\"https:\/\/vieassociative.be\/actualites\/la-coalition-de-larizona-a-convenu-le-senat-devrait-etre-aboli-des-la-prochaine-periode-legislative\/\",\"name\":\"La coalition de l'Arizona a convenu: le S\u00e9nat devrait \u00eatre aboli d\u00e8s la prochaine p\u00e9riode l\u00e9gislative | Vie Associative\",\"isPartOf\":{\"@id\":\"https:\/\/vieassociative.be\/actualites\/#website\"},\"primaryImageOfPage\":{\"@id\":\"https:\/\/vieassociative.be\/actualites\/la-coalition-de-larizona-a-convenu-le-senat-devrait-etre-aboli-des-la-prochaine-periode-legislative\/#primaryimage\"},\"image\":{\"@id\":\"https:\/\/vieassociative.be\/actualites\/la-coalition-de-larizona-a-convenu-le-senat-devrait-etre-aboli-des-la-prochaine-periode-legislative\/#primaryimage\"},\"thumbnailUrl\":\"https:\/\/vieassociative.be\/actualites\/wp-content\/uploads\/2025\/02\/1738678644_Le-gouvernement-de-De-Wever-veut-abolir-le-Senat.jpg\",\"datePublished\":\"2025-06-20T02:17:28+00:00\",\"dateModified\":\"2025-06-20T02:17:28+00:00\",\"breadcrumb\":{\"@id\":\"https:\/\/vieassociative.be\/actualites\/la-coalition-de-larizona-a-convenu-le-senat-devrait-etre-aboli-des-la-prochaine-periode-legislative\/#breadcrumb\"},\"inLanguage\":\"fr-BE\",\"potentialAction\":[{\"@type\":\"ReadAction\",\"target\":[\"https:\/\/vieassociative.be\/actualites\/la-coalition-de-larizona-a-convenu-le-senat-devrait-etre-aboli-des-la-prochaine-periode-legislative\/\"]}]},{\"@type\":\"ImageObject\",\"inLanguage\":\"fr-BE\",\"@id\":\"https:\/\/vieassociative.be\/actualites\/la-coalition-de-larizona-a-convenu-le-senat-devrait-etre-aboli-des-la-prochaine-periode-legislative\/#primaryimage\",\"url\":\"https:\/\/vieassociative.be\/actualites\/wp-content\/uploads\/2025\/02\/1738678644_Le-gouvernement-de-De-Wever-veut-abolir-le-Senat.jpg\",\"contentUrl\":\"https:\/\/vieassociative.be\/actualites\/wp-content\/uploads\/2025\/02\/1738678644_Le-gouvernement-de-De-Wever-veut-abolir-le-Senat.jpg\",\"width\":1200,\"height\":800,\"caption\":\"Le gouvernement de De Wever veut abolir le S\u00e9nat - le 15 novembre dans la DG un jour f\u00e9ri\u00e9 pour tout le monde \u00e0 l'avenir?\"},{\"@type\":\"BreadcrumbList\",\"@id\":\"https:\/\/vieassociative.be\/actualites\/la-coalition-de-larizona-a-convenu-le-senat-devrait-etre-aboli-des-la-prochaine-periode-legislative\/#breadcrumb\",\"itemListElement\":[{\"@type\":\"ListItem\",\"position\":1,\"name\":\"Accueil\",\"item\":\"https:\/\/vieassociative.be\/actualites\/\"},{\"@type\":\"ListItem\",\"position\":2,\"name\":\"La coalition de l&rsquo;Arizona a convenu: le S\u00e9nat devrait \u00eatre aboli d\u00e8s la prochaine p\u00e9riode l\u00e9gislative\"}]},{\"@type\":\"WebSite\",\"@id\":\"https:\/\/vieassociative.be\/actualites\/#website\",\"url\":\"https:\/\/vieassociative.be\/actualites\/\",\"name\":\"Vie Associative\",\"description\":\"\",\"publisher\":{\"@id\":\"https:\/\/vieassociative.be\/actualites\/#organization\"},\"potentialAction\":[{\"@type\":\"SearchAction\",\"target\":{\"@type\":\"EntryPoint\",\"urlTemplate\":\"https:\/\/vieassociative.be\/actualites\/?s={search_term_string}\"},\"query-input\":{\"@type\":\"PropertyValueSpecification\",\"valueRequired\":true,\"valueName\":\"search_term_string\"}}],\"inLanguage\":\"fr-BE\"},{\"@type\":\"Organization\",\"@id\":\"https:\/\/vieassociative.be\/actualites\/#organization\",\"name\":\"Vie Associative\",\"url\":\"https:\/\/vieassociative.be\/actualites\/\",\"logo\":{\"@type\":\"ImageObject\",\"inLanguage\":\"fr-BE\",\"@id\":\"https:\/\/vieassociative.be\/actualites\/#\/schema\/logo\/image\/\",\"url\":\"https:\/\/vieassociative.be\/actualites\/wp-content\/uploads\/2024\/09\/cropped-vieassociative_favicon.ico.png\",\"contentUrl\":\"https:\/\/vieassociative.be\/actualites\/wp-content\/uploads\/2024\/09\/cropped-vieassociative_favicon.ico.png\",\"width\":512,\"height\":512,\"caption\":\"Vie Associative\"},\"image\":{\"@id\":\"https:\/\/vieassociative.be\/actualites\/#\/schema\/logo\/image\/\"}},{\"@type\":\"Person\",\"@id\":\"https:\/\/vieassociative.be\/actualites\/#\/schema\/person\/b87ac4f82f9d4e7b7cec7395b679edc4\",\"name\":\"Julien\",\"image\":{\"@type\":\"ImageObject\",\"inLanguage\":\"fr-BE\",\"@id\":\"https:\/\/vieassociative.be\/actualites\/#\/schema\/person\/image\/\",\"url\":\"https:\/\/vieassociative.be\/actualites\/wp-content\/uploads\/2024\/09\/vie-associative-1-150x150.jpg\",\"contentUrl\":\"https:\/\/vieassociative.be\/actualites\/wp-content\/uploads\/2024\/09\/vie-associative-1-150x150.jpg\",\"caption\":\"Julien\"},\"description\":\"Je suis Julien, r\u00e9dacteur pour Vie Associative. Passionn\u00e9 par le monde associatif depuis plus de 10 ans, j'ai \u00e0 c\u0153ur de partager des histoires inspirantes et de mettre en lumi\u00e8re les initiatives locales. Mon objectif est de sensibiliser et d'encourager l'engagement communautaire \u00e0 travers mes articles.\",\"sameAs\":[\"https:\/\/vieassociative.be\/\"]}]}<\/script>\n<!-- \/ Yoast SEO plugin. -->","yoast_head_json":{"title":"La coalition de l'Arizona a convenu: le S\u00e9nat devrait \u00eatre aboli d\u00e8s la prochaine p\u00e9riode l\u00e9gislative | Vie Associative","robots":{"index":"index","follow":"follow","max-snippet":"max-snippet:-1","max-image-preview":"max-image-preview:large","max-video-preview":"max-video-preview:-1"},"canonical":"https:\/\/vieassociative.be\/actualites\/la-coalition-de-larizona-a-convenu-le-senat-devrait-etre-aboli-des-la-prochaine-periode-legislative\/","og_locale":"fr_FR","og_type":"article","og_title":"La coalition de l'Arizona a convenu: le S\u00e9nat devrait \u00eatre aboli d\u00e8s la prochaine p\u00e9riode l\u00e9gislative | Vie Associative","og_description":"\u00c0 Bruxelles, les parties de l&rsquo;Arizona Coalition (N-VA, MR, Les Engages, Vooruit et CD&#038;V) ont convenu de l&rsquo;abolition du S\u00e9nat. Cela a dit mardi des","og_url":"https:\/\/vieassociative.be\/actualites\/la-coalition-de-larizona-a-convenu-le-senat-devrait-etre-aboli-des-la-prochaine-periode-legislative\/","og_site_name":"Vie Associative","article_published_time":"2025-06-20T02:17:28+00:00","og_image":[{"width":279,"height":92,"url":"https:\/\/vieassociative.be\/actualites\/wp-content\/uploads\/2024\/09\/header_backgroundk-01-e1726694325946.png","type":"image\/png"}],"author":"Julien","twitter_card":"summary_large_image","twitter_misc":{"\u00c9crit par":"Julien","Dur\u00e9e de lecture est.":"2 minutes"},"schema":{"@context":"https:\/\/schema.org","@graph":[{"@type":"Article","@id":"https:\/\/vieassociative.be\/actualites\/la-coalition-de-larizona-a-convenu-le-senat-devrait-etre-aboli-des-la-prochaine-periode-legislative\/#article","isPartOf":{"@id":"https:\/\/vieassociative.be\/actualites\/la-coalition-de-larizona-a-convenu-le-senat-devrait-etre-aboli-des-la-prochaine-periode-legislative\/"},"author":{"name":"Julien","@id":"https:\/\/vieassociative.be\/actualites\/#\/schema\/person\/b87ac4f82f9d4e7b7cec7395b679edc4"},"headline":"La coalition de l&rsquo;Arizona a convenu: le S\u00e9nat devrait \u00eatre aboli d\u00e8s la prochaine p\u00e9riode l\u00e9gislative","datePublished":"2025-06-20T02:17:28+00:00","dateModified":"2025-06-20T02:17:28+00:00","mainEntityOfPage":{"@id":"https:\/\/vieassociative.be\/actualites\/la-coalition-de-larizona-a-convenu-le-senat-devrait-etre-aboli-des-la-prochaine-periode-legislative\/"},"wordCount":349,"publisher":{"@id":"https:\/\/vieassociative.be\/actualites\/#organization"},"image":{"@id":"https:\/\/vieassociative.be\/actualites\/la-coalition-de-larizona-a-convenu-le-senat-devrait-etre-aboli-des-la-prochaine-periode-legislative\/#primaryimage"},"thumbnailUrl":"https:\/\/vieassociative.be\/actualites\/wp-content\/uploads\/2025\/02\/1738678644_Le-gouvernement-de-De-Wever-veut-abolir-le-Senat.jpg","keywords":["aboli","coalition","convenu","Des","devrait","\u00eatre","lArizona","l\u00e9gislative","p\u00e9riode","prochaine","S\u00e9nat"],"articleSection":["Belgique"],"inLanguage":"fr-BE"},{"@type":"WebPage","@id":"https:\/\/vieassociative.be\/actualites\/la-coalition-de-larizona-a-convenu-le-senat-devrait-etre-aboli-des-la-prochaine-periode-legislative\/","url":"https:\/\/vieassociative.be\/actualites\/la-coalition-de-larizona-a-convenu-le-senat-devrait-etre-aboli-des-la-prochaine-periode-legislative\/","name":"La coalition de l'Arizona a convenu: le S\u00e9nat devrait \u00eatre aboli d\u00e8s la prochaine p\u00e9riode l\u00e9gislative | Vie Associative","isPartOf":{"@id":"https:\/\/vieassociative.be\/actualites\/#website"},"primaryImageOfPage":{"@id":"https:\/\/vieassociative.be\/actualites\/la-coalition-de-larizona-a-convenu-le-senat-devrait-etre-aboli-des-la-prochaine-periode-legislative\/#primaryimage"},"image":{"@id":"https:\/\/vieassociative.be\/actualites\/la-coalition-de-larizona-a-convenu-le-senat-devrait-etre-aboli-des-la-prochaine-periode-legislative\/#primaryimage"},"thumbnailUrl":"https:\/\/vieassociative.be\/actualites\/wp-content\/uploads\/2025\/02\/1738678644_Le-gouvernement-de-De-Wever-veut-abolir-le-Senat.jpg","datePublished":"2025-06-20T02:17:28+00:00","dateModified":"2025-06-20T02:17:28+00:00","breadcrumb":{"@id":"https:\/\/vieassociative.be\/actualites\/la-coalition-de-larizona-a-convenu-le-senat-devrait-etre-aboli-des-la-prochaine-periode-legislative\/#breadcrumb"},"inLanguage":"fr-BE","potentialAction":[{"@type":"ReadAction","target":["https:\/\/vieassociative.be\/actualites\/la-coalition-de-larizona-a-convenu-le-senat-devrait-etre-aboli-des-la-prochaine-periode-legislative\/"]}]},{"@type":"ImageObject","inLanguage":"fr-BE","@id":"https:\/\/vieassociative.be\/actualites\/la-coalition-de-larizona-a-convenu-le-senat-devrait-etre-aboli-des-la-prochaine-periode-legislative\/#primaryimage","url":"https:\/\/vieassociative.be\/actualites\/wp-content\/uploads\/2025\/02\/1738678644_Le-gouvernement-de-De-Wever-veut-abolir-le-Senat.jpg","contentUrl":"https:\/\/vieassociative.be\/actualites\/wp-content\/uploads\/2025\/02\/1738678644_Le-gouvernement-de-De-Wever-veut-abolir-le-Senat.jpg","width":1200,"height":800,"caption":"Le gouvernement de De Wever veut abolir le S\u00e9nat - le 15 novembre dans la DG un jour f\u00e9ri\u00e9 pour tout le monde \u00e0 l'avenir?"},{"@type":"BreadcrumbList","@id":"https:\/\/vieassociative.be\/actualites\/la-coalition-de-larizona-a-convenu-le-senat-devrait-etre-aboli-des-la-prochaine-periode-legislative\/#breadcrumb","itemListElement":[{"@type":"ListItem","position":1,"name":"Accueil","item":"https:\/\/vieassociative.be\/actualites\/"},{"@type":"ListItem","position":2,"name":"La coalition de l&rsquo;Arizona a convenu: le S\u00e9nat devrait \u00eatre aboli d\u00e8s la prochaine p\u00e9riode l\u00e9gislative"}]},{"@type":"WebSite","@id":"https:\/\/vieassociative.be\/actualites\/#website","url":"https:\/\/vieassociative.be\/actualites\/","name":"Vie Associative","description":"","publisher":{"@id":"https:\/\/vieassociative.be\/actualites\/#organization"},"potentialAction":[{"@type":"SearchAction","target":{"@type":"EntryPoint","urlTemplate":"https:\/\/vieassociative.be\/actualites\/?s={search_term_string}"},"query-input":{"@type":"PropertyValueSpecification","valueRequired":true,"valueName":"search_term_string"}}],"inLanguage":"fr-BE"},{"@type":"Organization","@id":"https:\/\/vieassociative.be\/actualites\/#organization","name":"Vie Associative","url":"https:\/\/vieassociative.be\/actualites\/","logo":{"@type":"ImageObject","inLanguage":"fr-BE","@id":"https:\/\/vieassociative.be\/actualites\/#\/schema\/logo\/image\/","url":"https:\/\/vieassociative.be\/actualites\/wp-content\/uploads\/2024\/09\/cropped-vieassociative_favicon.ico.png","contentUrl":"https:\/\/vieassociative.be\/actualites\/wp-content\/uploads\/2024\/09\/cropped-vieassociative_favicon.ico.png","width":512,"height":512,"caption":"Vie Associative"},"image":{"@id":"https:\/\/vieassociative.be\/actualites\/#\/schema\/logo\/image\/"}},{"@type":"Person","@id":"https:\/\/vieassociative.be\/actualites\/#\/schema\/person\/b87ac4f82f9d4e7b7cec7395b679edc4","name":"Julien","image":{"@type":"ImageObject","inLanguage":"fr-BE","@id":"https:\/\/vieassociative.be\/actualites\/#\/schema\/person\/image\/","url":"https:\/\/vieassociative.be\/actualites\/wp-content\/uploads\/2024\/09\/vie-associative-1-150x150.jpg","contentUrl":"https:\/\/vieassociative.be\/actualites\/wp-content\/uploads\/2024\/09\/vie-associative-1-150x150.jpg","caption":"Julien"},"description":"Je suis Julien, r\u00e9dacteur pour Vie Associative. Passionn\u00e9 par le monde associatif depuis plus de 10 ans, j'ai \u00e0 c\u0153ur de partager des histoires inspirantes et de mettre en lumi\u00e8re les initiatives locales. Mon objectif est de sensibiliser et d'encourager l'engagement communautaire \u00e0 travers mes articles.","sameAs":["https:\/\/vieassociative.be\/"]}]}},"_links":{"self":[{"href":"https:\/\/vieassociative.be\/actualites\/wp-json\/wp\/v2\/posts\/8281"}],"collection":[{"href":"https:\/\/vieassociative.be\/actualites\/wp-json\/wp\/v2\/posts"}],"about":[{"href":"https:\/\/vieassociative.be\/actualites\/wp-json\/wp\/v2\/types\/post"}],"author":[{"embeddable":true,"href":"https:\/\/vieassociative.be\/actualites\/wp-json\/wp\/v2\/users\/1"}],"replies":[{"embeddable":true,"href":"https:\/\/vieassociative.be\/actualites\/wp-json\/wp\/v2\/comments?post=8281"}],"version-history":[{"count":0,"href":"https:\/\/vieassociative.be\/actualites\/wp-json\/wp\/v2\/posts\/8281\/revisions"}],"wp:featuredmedia":[{"embeddable":true,"href":"https:\/\/vieassociative.be\/actualites\/wp-json\/wp\/v2\/media\/4839"}],"wp:attachment":[{"href":"https:\/\/vieassociative.be\/actualites\/wp-json\/wp\/v2\/media?parent=8281"}],"wp:term":[{"taxonomy":"category","embeddable":true,"href":"https:\/\/vieassociative.be\/actualites\/wp-json\/wp\/v2\/categories?post=8281"},{"taxonomy":"post_tag","embeddable":true,"href":"https:\/\/vieassociative.be\/actualites\/wp-json\/wp\/v2\/tags?post=8281"}],"curies":[{"name":"wp","href":"https:\/\/api.w.org\/{rel}","templated":true}]}}