{"id":8275,"date":"2025-06-19T22:17:59","date_gmt":"2025-06-19T20:17:59","guid":{"rendered":"https:\/\/vieassociative.be\/actualites\/une-salutation-mensuelle-culinaire-le-menu-du-mois-dans-le-restaurant-maison-a-eupen\/"},"modified":"2025-06-19T22:17:59","modified_gmt":"2025-06-19T20:17:59","slug":"une-salutation-mensuelle-culinaire-le-menu-du-mois-dans-le-restaurant-maison-a-eupen","status":"publish","type":"post","link":"https:\/\/vieassociative.be\/actualites\/une-salutation-mensuelle-culinaire-le-menu-du-mois-dans-le-restaurant-maison-a-eupen\/","title":{"rendered":"Une salutation mensuelle culinaire: le \u00ab\u00a0menu du mois\u00a0\u00bb dans le restaurant Maison \u00e0 Eupen"},"content":{"rendered":"<p><strong>Avec le \u00ab\u00a0Menu du mois\u00a0\u00bb, elle invite le restaurant Maison \u00e0 Aixer Sta\u00dfe 152 \u00e0 Eupen-Chains (T\u00e9l. +32 (0) 87 \/ 33.02.20) pour un voyage sp\u00e9cial.<\/strong><\/p>\n<p><span id=\"more-417868\"><\/span>Chaque mois, les chefs de Maison ont mis en place un menu saisonnier \u00e0 trois plats avec beaucoup de cr\u00e9ativit\u00e9 et d&rsquo;attention aux d\u00e9tails, ce qui capture les ar\u00f4mes de la saison en cours d&rsquo;une mani\u00e8re d\u00e9licieuse.<\/p>\n<p>Que vous souhaitiez profiter de l&rsquo;int\u00e9gralit\u00e9 du menu ou pr\u00e9f\u00e9rez choisir des plats individuels \u00e0 la carte &#8211; notre s\u00e9lection mensuelle offre la bonne chose pour chaque go\u00fbt. D\u00e9couvrez ce que ce mois apporte l&rsquo;assiette!<\/p>\n<p style=\"text-align: left;\">Menu mensuel<br \/>\n<em>Menu du Mois<\/em><\/p>\n<p><strong>Escaliers \/ <em>Entrepreneur<\/em><\/strong><\/p>\n<p>Pate de p\u00e2te feuillet\u00e9e maison &#8211; remplie de fromage \u00e0 la cr\u00e8me cr\u00e9meuse, d&rsquo;\u00e9pinards \u00e0 feuilles, de feta et de noix de pin r\u00f4ties &#8211; 7,90 \u20ac<br \/>\n<em>FEUILLETES Maison &#8211; Garris de Fromage Frais, \u00c9pinards, Feta et Pignons de Pin Grilles &#8211; 7,90 \u20ac<\/em><\/p>\n<p>Gyoza v\u00e9g\u00e9tal asiatique 5 morceaux avec sauce sucr\u00e9e et acide &#8211; 7,90 \u20ac<br \/>\n<em>Gyoza Asiatiques aux L\u00e9gumes 5 PCS. AVEC Sauce Aigre-Douce &#8211; 7,90 \u20ac<\/em><\/p>\n<p><strong>Plats principaux \/ <em>PLATS PRINCAUX<\/em><\/strong><\/p>\n<p>Steak de thon \u00e0 l&rsquo;asiatique-noble steak marin\u00e9 du thon, asiatique assaisonn\u00e9 sur une variation de l\u00e9gumes wok 240 \u20ac \u20ac \u20ac<br \/>\n<em>Steak de thon \u00e0 l&rsquo;aliatique &#8211; Thon Marin\u00e9 et Assaisonn\u00e9 aux \u00c9pices Asiatiques, Servi sur et Lit de L\u00e9gumes Saut\u00e9s AU WOK &#8211; 24,90 \u20ac<\/em><\/p>\n<div id=\"attachment_251977\" class=\"wp-caption alignleft\" style=\"max-width: 300px\"><img fetchpriority=\"high\" decoding=\"async\" class=\"wp-image-251977 size-medium\" src=\"https:\/\/vieassociative.be\/actualites\/wp-content\/uploads\/2025\/06\/Une-salutation-mensuelle-culinaire-le-menu-du-mois-dans-le.jpeg\" alt=\"\" width=\"300\" height=\"199\"  ><\/p>\n<p class=\"wp-caption-text\">Vue du restaurant Maison.<\/p>\n<\/div>\n<p>\u00c9traiss de saumon frits avec des pistaches saut\u00e9es et des dates sur la salade de printemps fra\u00eeche, plus du pain &#8211; 24,90 \u20ac<br \/>\n<em>TRANGE DE SAUMON R\u00f4tie AVEC Pistaches saute et dattes sur salade de printEmps Fra\u00eeche, Accompagnee de Patin &#8211; 24,90 \u20ac<\/em><\/p>\n<p>Des rayures de croupe \u00e0 sec avec un gla\u00e7age \u00e0 la moutarde, \u00e9teinte dans du vin rouge &#8211; servi avec<br \/>\nPommes de terre Rosmarin &#8211; 29,90 \u20ac<br \/>\n<em>Lani\u00e8res de Rumsteck napp\u00e9es vieillies \u00e0 sec Gla\u00e7age \u00e0 la Moutarde, D\u00e9glac\u00e9s au vin Rouge- perings sur fran\u00e7ais au romari- 29,90 \u20ac<\/em><\/p>\n<p>Truffel Burger avec de vraies truffes et truffes Mayise + French Fries (6 mm) &#8211; 29,90 \u20ac<br \/>\n<em>Burger \u00e0 la Truffe Avec Vraie Truffe &#038; Mayonnaise \u00e0 la Truffe + Frites Fran\u00e7aises (6 mm) &#8211; 29,90 \u20ac<\/em><\/p>\n<p><strong>Dessert \/ <em>dessert<\/em><\/strong><\/p>\n<p>Cr\u00e8me glac\u00e9e \u00e0 la vanille avec sauce aux fraises &#8211; 8,90 \u20ac<br \/>\n<em>Glace Vanilla Avec Sauce \u00e0 la Fense &#8211; 8,90 \u20ac<\/em><\/p>\n<p><strong>Menu \u00e0 3 plats &#8211; 39 \u20ac<\/strong><\/p>\n<h3 style=\"text-align: center;\"><em><strong>Restaurant Maison<\/strong><\/em><br \/>\n<em><strong>Aachener Str. 152, 4700 Eupen<\/strong><\/em><br \/>\n<em><strong>T\u00e9l. +32 (0) 87 \/ 33.02.20<\/strong><\/em><\/h3>\n","protected":false},"excerpt":{"rendered":"<p>Avec le \u00ab\u00a0Menu du mois\u00a0\u00bb, elle invite le restaurant Maison \u00e0 Aixer Sta\u00dfe 152 \u00e0 Eupen-Chains (T\u00e9l. +32 (0) 87 \/ 33.02.20) pour un voyage<\/p>\n","protected":false},"author":1,"featured_media":8276,"comment_status":"","ping_status":"","sticky":false,"template":"","format":"standard","meta":{"footnotes":""},"categories":[298],"tags":[7465,166,2329,560,7464,6254,232,3620,3634,110],"class_list":["post-8275","post","type-post","status-publish","format-standard","has-post-thumbnail","hentry","category-belgique","tag-culinaire","tag-dans","tag-eupen","tag-maison","tag-mensuelle","tag-menu","tag-mois","tag-restaurant","tag-salutation","tag-une","generate-columns","tablet-grid-50","mobile-grid-100","grid-parent","grid-33"],"yoast_head":"<!-- This site is optimized with the Yoast SEO plugin v24.0 - https:\/\/yoast.com\/wordpress\/plugins\/seo\/ -->\n<title>Une salutation mensuelle culinaire: le &quot;menu du mois&quot; dans le restaurant Maison \u00e0 Eupen | Vie Associative<\/title>\n<meta name=\"robots\" content=\"index, follow, max-snippet:-1, max-image-preview:large, max-video-preview:-1\" \/>\n<link rel=\"canonical\" href=\"https:\/\/vieassociative.be\/actualites\/une-salutation-mensuelle-culinaire-le-menu-du-mois-dans-le-restaurant-maison-a-eupen\/\" \/>\n<meta property=\"og:locale\" content=\"fr_FR\" \/>\n<meta property=\"og:type\" content=\"article\" \/>\n<meta property=\"og:title\" content=\"Une salutation mensuelle culinaire: le &quot;menu du mois&quot; dans le restaurant Maison \u00e0 Eupen | Vie Associative\" \/>\n<meta property=\"og:description\" content=\"Avec le \u00ab\u00a0Menu du mois\u00a0\u00bb, elle invite le restaurant Maison \u00e0 Aixer Sta\u00dfe 152 \u00e0 Eupen-Chains (T\u00e9l. +32 (0) 87 \/ 33.02.20) pour un voyage\" \/>\n<meta property=\"og:url\" content=\"https:\/\/vieassociative.be\/actualites\/une-salutation-mensuelle-culinaire-le-menu-du-mois-dans-le-restaurant-maison-a-eupen\/\" \/>\n<meta property=\"og:site_name\" content=\"Vie Associative\" \/>\n<meta property=\"article:published_time\" content=\"2025-06-19T20:17:59+00:00\" \/>\n<meta property=\"og:image\" content=\"https:\/\/vieassociative.be\/actualites\/wp-content\/uploads\/2024\/09\/header_backgroundk-01-e1726694325946.png\" \/>\n\t<meta property=\"og:image:width\" content=\"279\" \/>\n\t<meta property=\"og:image:height\" content=\"92\" \/>\n\t<meta property=\"og:image:type\" content=\"image\/png\" \/>\n<meta name=\"author\" content=\"Julien\" \/>\n<meta name=\"twitter:card\" content=\"summary_large_image\" \/>\n<meta name=\"twitter:label1\" content=\"\u00c9crit par\" \/>\n\t<meta name=\"twitter:data1\" content=\"Julien\" \/>\n\t<meta name=\"twitter:label2\" content=\"Dur\u00e9e de lecture est.\" \/>\n\t<meta name=\"twitter:data2\" content=\"2 minutes\" \/>\n<script type=\"application\/ld+json\" class=\"yoast-schema-graph\">{\"@context\":\"https:\/\/schema.org\",\"@graph\":[{\"@type\":\"Article\",\"@id\":\"https:\/\/vieassociative.be\/actualites\/une-salutation-mensuelle-culinaire-le-menu-du-mois-dans-le-restaurant-maison-a-eupen\/#article\",\"isPartOf\":{\"@id\":\"https:\/\/vieassociative.be\/actualites\/une-salutation-mensuelle-culinaire-le-menu-du-mois-dans-le-restaurant-maison-a-eupen\/\"},\"author\":{\"name\":\"Julien\",\"@id\":\"https:\/\/vieassociative.be\/actualites\/#\/schema\/person\/b87ac4f82f9d4e7b7cec7395b679edc4\"},\"headline\":\"Une salutation mensuelle culinaire: le \u00ab\u00a0menu du mois\u00a0\u00bb dans le restaurant Maison \u00e0 Eupen\",\"datePublished\":\"2025-06-19T20:17:59+00:00\",\"dateModified\":\"2025-06-19T20:17:59+00:00\",\"mainEntityOfPage\":{\"@id\":\"https:\/\/vieassociative.be\/actualites\/une-salutation-mensuelle-culinaire-le-menu-du-mois-dans-le-restaurant-maison-a-eupen\/\"},\"wordCount\":392,\"publisher\":{\"@id\":\"https:\/\/vieassociative.be\/actualites\/#organization\"},\"image\":{\"@id\":\"https:\/\/vieassociative.be\/actualites\/une-salutation-mensuelle-culinaire-le-menu-du-mois-dans-le-restaurant-maison-a-eupen\/#primaryimage\"},\"thumbnailUrl\":\"https:\/\/vieassociative.be\/actualites\/wp-content\/uploads\/2025\/06\/1750364279_Une-salutation-mensuelle-culinaire-le-menu-du-mois-dans-le.jpeg\",\"keywords\":[\"culinaire\",\"dans\",\"Eupen\",\"maison\",\"mensuelle\",\"menu\",\"mois\",\"restaurant\",\"Salutation\",\"une\"],\"articleSection\":[\"Belgique\"],\"inLanguage\":\"fr-BE\"},{\"@type\":\"WebPage\",\"@id\":\"https:\/\/vieassociative.be\/actualites\/une-salutation-mensuelle-culinaire-le-menu-du-mois-dans-le-restaurant-maison-a-eupen\/\",\"url\":\"https:\/\/vieassociative.be\/actualites\/une-salutation-mensuelle-culinaire-le-menu-du-mois-dans-le-restaurant-maison-a-eupen\/\",\"name\":\"Une salutation mensuelle culinaire: le \\\"menu du mois\\\" dans le restaurant Maison \u00e0 Eupen | Vie Associative\",\"isPartOf\":{\"@id\":\"https:\/\/vieassociative.be\/actualites\/#website\"},\"primaryImageOfPage\":{\"@id\":\"https:\/\/vieassociative.be\/actualites\/une-salutation-mensuelle-culinaire-le-menu-du-mois-dans-le-restaurant-maison-a-eupen\/#primaryimage\"},\"image\":{\"@id\":\"https:\/\/vieassociative.be\/actualites\/une-salutation-mensuelle-culinaire-le-menu-du-mois-dans-le-restaurant-maison-a-eupen\/#primaryimage\"},\"thumbnailUrl\":\"https:\/\/vieassociative.be\/actualites\/wp-content\/uploads\/2025\/06\/1750364279_Une-salutation-mensuelle-culinaire-le-menu-du-mois-dans-le.jpeg\",\"datePublished\":\"2025-06-19T20:17:59+00:00\",\"dateModified\":\"2025-06-19T20:17:59+00:00\",\"breadcrumb\":{\"@id\":\"https:\/\/vieassociative.be\/actualites\/une-salutation-mensuelle-culinaire-le-menu-du-mois-dans-le-restaurant-maison-a-eupen\/#breadcrumb\"},\"inLanguage\":\"fr-BE\",\"potentialAction\":[{\"@type\":\"ReadAction\",\"target\":[\"https:\/\/vieassociative.be\/actualites\/une-salutation-mensuelle-culinaire-le-menu-du-mois-dans-le-restaurant-maison-a-eupen\/\"]}]},{\"@type\":\"ImageObject\",\"inLanguage\":\"fr-BE\",\"@id\":\"https:\/\/vieassociative.be\/actualites\/une-salutation-mensuelle-culinaire-le-menu-du-mois-dans-le-restaurant-maison-a-eupen\/#primaryimage\",\"url\":\"https:\/\/vieassociative.be\/actualites\/wp-content\/uploads\/2025\/06\/1750364279_Une-salutation-mensuelle-culinaire-le-menu-du-mois-dans-le.jpeg\",\"contentUrl\":\"https:\/\/vieassociative.be\/actualites\/wp-content\/uploads\/2025\/06\/1750364279_Une-salutation-mensuelle-culinaire-le-menu-du-mois-dans-le.jpeg\",\"width\":1795,\"height\":1193,\"caption\":\"Une salutation mensuelle culinaire: le \\\"menu du mois\\\" dans le restaurant Maison \u00e0 Eupen\"},{\"@type\":\"BreadcrumbList\",\"@id\":\"https:\/\/vieassociative.be\/actualites\/une-salutation-mensuelle-culinaire-le-menu-du-mois-dans-le-restaurant-maison-a-eupen\/#breadcrumb\",\"itemListElement\":[{\"@type\":\"ListItem\",\"position\":1,\"name\":\"Accueil\",\"item\":\"https:\/\/vieassociative.be\/actualites\/\"},{\"@type\":\"ListItem\",\"position\":2,\"name\":\"Une salutation mensuelle culinaire: le \u00ab\u00a0menu du mois\u00a0\u00bb dans le restaurant Maison \u00e0 Eupen\"}]},{\"@type\":\"WebSite\",\"@id\":\"https:\/\/vieassociative.be\/actualites\/#website\",\"url\":\"https:\/\/vieassociative.be\/actualites\/\",\"name\":\"Vie Associative\",\"description\":\"\",\"publisher\":{\"@id\":\"https:\/\/vieassociative.be\/actualites\/#organization\"},\"potentialAction\":[{\"@type\":\"SearchAction\",\"target\":{\"@type\":\"EntryPoint\",\"urlTemplate\":\"https:\/\/vieassociative.be\/actualites\/?s={search_term_string}\"},\"query-input\":{\"@type\":\"PropertyValueSpecification\",\"valueRequired\":true,\"valueName\":\"search_term_string\"}}],\"inLanguage\":\"fr-BE\"},{\"@type\":\"Organization\",\"@id\":\"https:\/\/vieassociative.be\/actualites\/#organization\",\"name\":\"Vie Associative\",\"url\":\"https:\/\/vieassociative.be\/actualites\/\",\"logo\":{\"@type\":\"ImageObject\",\"inLanguage\":\"fr-BE\",\"@id\":\"https:\/\/vieassociative.be\/actualites\/#\/schema\/logo\/image\/\",\"url\":\"https:\/\/vieassociative.be\/actualites\/wp-content\/uploads\/2024\/09\/cropped-vieassociative_favicon.ico.png\",\"contentUrl\":\"https:\/\/vieassociative.be\/actualites\/wp-content\/uploads\/2024\/09\/cropped-vieassociative_favicon.ico.png\",\"width\":512,\"height\":512,\"caption\":\"Vie Associative\"},\"image\":{\"@id\":\"https:\/\/vieassociative.be\/actualites\/#\/schema\/logo\/image\/\"}},{\"@type\":\"Person\",\"@id\":\"https:\/\/vieassociative.be\/actualites\/#\/schema\/person\/b87ac4f82f9d4e7b7cec7395b679edc4\",\"name\":\"Julien\",\"image\":{\"@type\":\"ImageObject\",\"inLanguage\":\"fr-BE\",\"@id\":\"https:\/\/vieassociative.be\/actualites\/#\/schema\/person\/image\/\",\"url\":\"https:\/\/vieassociative.be\/actualites\/wp-content\/uploads\/2024\/09\/vie-associative-1-150x150.jpg\",\"contentUrl\":\"https:\/\/vieassociative.be\/actualites\/wp-content\/uploads\/2024\/09\/vie-associative-1-150x150.jpg\",\"caption\":\"Julien\"},\"description\":\"Je suis Julien, r\u00e9dacteur pour Vie Associative. Passionn\u00e9 par le monde associatif depuis plus de 10 ans, j'ai \u00e0 c\u0153ur de partager des histoires inspirantes et de mettre en lumi\u00e8re les initiatives locales. Mon objectif est de sensibiliser et d'encourager l'engagement communautaire \u00e0 travers mes articles.\",\"sameAs\":[\"https:\/\/vieassociative.be\/\"]}]}<\/script>\n<!-- \/ Yoast SEO plugin. -->","yoast_head_json":{"title":"Une salutation mensuelle culinaire: le \"menu du mois\" dans le restaurant Maison \u00e0 Eupen | Vie Associative","robots":{"index":"index","follow":"follow","max-snippet":"max-snippet:-1","max-image-preview":"max-image-preview:large","max-video-preview":"max-video-preview:-1"},"canonical":"https:\/\/vieassociative.be\/actualites\/une-salutation-mensuelle-culinaire-le-menu-du-mois-dans-le-restaurant-maison-a-eupen\/","og_locale":"fr_FR","og_type":"article","og_title":"Une salutation mensuelle culinaire: le \"menu du mois\" dans le restaurant Maison \u00e0 Eupen | Vie Associative","og_description":"Avec le \u00ab\u00a0Menu du mois\u00a0\u00bb, elle invite le restaurant Maison \u00e0 Aixer Sta\u00dfe 152 \u00e0 Eupen-Chains (T\u00e9l. +32 (0) 87 \/ 33.02.20) pour un voyage","og_url":"https:\/\/vieassociative.be\/actualites\/une-salutation-mensuelle-culinaire-le-menu-du-mois-dans-le-restaurant-maison-a-eupen\/","og_site_name":"Vie Associative","article_published_time":"2025-06-19T20:17:59+00:00","og_image":[{"width":279,"height":92,"url":"https:\/\/vieassociative.be\/actualites\/wp-content\/uploads\/2024\/09\/header_backgroundk-01-e1726694325946.png","type":"image\/png"}],"author":"Julien","twitter_card":"summary_large_image","twitter_misc":{"\u00c9crit par":"Julien","Dur\u00e9e de lecture est.":"2 minutes"},"schema":{"@context":"https:\/\/schema.org","@graph":[{"@type":"Article","@id":"https:\/\/vieassociative.be\/actualites\/une-salutation-mensuelle-culinaire-le-menu-du-mois-dans-le-restaurant-maison-a-eupen\/#article","isPartOf":{"@id":"https:\/\/vieassociative.be\/actualites\/une-salutation-mensuelle-culinaire-le-menu-du-mois-dans-le-restaurant-maison-a-eupen\/"},"author":{"name":"Julien","@id":"https:\/\/vieassociative.be\/actualites\/#\/schema\/person\/b87ac4f82f9d4e7b7cec7395b679edc4"},"headline":"Une salutation mensuelle culinaire: le \u00ab\u00a0menu du mois\u00a0\u00bb dans le restaurant Maison \u00e0 Eupen","datePublished":"2025-06-19T20:17:59+00:00","dateModified":"2025-06-19T20:17:59+00:00","mainEntityOfPage":{"@id":"https:\/\/vieassociative.be\/actualites\/une-salutation-mensuelle-culinaire-le-menu-du-mois-dans-le-restaurant-maison-a-eupen\/"},"wordCount":392,"publisher":{"@id":"https:\/\/vieassociative.be\/actualites\/#organization"},"image":{"@id":"https:\/\/vieassociative.be\/actualites\/une-salutation-mensuelle-culinaire-le-menu-du-mois-dans-le-restaurant-maison-a-eupen\/#primaryimage"},"thumbnailUrl":"https:\/\/vieassociative.be\/actualites\/wp-content\/uploads\/2025\/06\/1750364279_Une-salutation-mensuelle-culinaire-le-menu-du-mois-dans-le.jpeg","keywords":["culinaire","dans","Eupen","maison","mensuelle","menu","mois","restaurant","Salutation","une"],"articleSection":["Belgique"],"inLanguage":"fr-BE"},{"@type":"WebPage","@id":"https:\/\/vieassociative.be\/actualites\/une-salutation-mensuelle-culinaire-le-menu-du-mois-dans-le-restaurant-maison-a-eupen\/","url":"https:\/\/vieassociative.be\/actualites\/une-salutation-mensuelle-culinaire-le-menu-du-mois-dans-le-restaurant-maison-a-eupen\/","name":"Une salutation mensuelle culinaire: le \"menu du mois\" dans le restaurant Maison \u00e0 Eupen | Vie Associative","isPartOf":{"@id":"https:\/\/vieassociative.be\/actualites\/#website"},"primaryImageOfPage":{"@id":"https:\/\/vieassociative.be\/actualites\/une-salutation-mensuelle-culinaire-le-menu-du-mois-dans-le-restaurant-maison-a-eupen\/#primaryimage"},"image":{"@id":"https:\/\/vieassociative.be\/actualites\/une-salutation-mensuelle-culinaire-le-menu-du-mois-dans-le-restaurant-maison-a-eupen\/#primaryimage"},"thumbnailUrl":"https:\/\/vieassociative.be\/actualites\/wp-content\/uploads\/2025\/06\/1750364279_Une-salutation-mensuelle-culinaire-le-menu-du-mois-dans-le.jpeg","datePublished":"2025-06-19T20:17:59+00:00","dateModified":"2025-06-19T20:17:59+00:00","breadcrumb":{"@id":"https:\/\/vieassociative.be\/actualites\/une-salutation-mensuelle-culinaire-le-menu-du-mois-dans-le-restaurant-maison-a-eupen\/#breadcrumb"},"inLanguage":"fr-BE","potentialAction":[{"@type":"ReadAction","target":["https:\/\/vieassociative.be\/actualites\/une-salutation-mensuelle-culinaire-le-menu-du-mois-dans-le-restaurant-maison-a-eupen\/"]}]},{"@type":"ImageObject","inLanguage":"fr-BE","@id":"https:\/\/vieassociative.be\/actualites\/une-salutation-mensuelle-culinaire-le-menu-du-mois-dans-le-restaurant-maison-a-eupen\/#primaryimage","url":"https:\/\/vieassociative.be\/actualites\/wp-content\/uploads\/2025\/06\/1750364279_Une-salutation-mensuelle-culinaire-le-menu-du-mois-dans-le.jpeg","contentUrl":"https:\/\/vieassociative.be\/actualites\/wp-content\/uploads\/2025\/06\/1750364279_Une-salutation-mensuelle-culinaire-le-menu-du-mois-dans-le.jpeg","width":1795,"height":1193,"caption":"Une salutation mensuelle culinaire: le \"menu du mois\" dans le restaurant Maison \u00e0 Eupen"},{"@type":"BreadcrumbList","@id":"https:\/\/vieassociative.be\/actualites\/une-salutation-mensuelle-culinaire-le-menu-du-mois-dans-le-restaurant-maison-a-eupen\/#breadcrumb","itemListElement":[{"@type":"ListItem","position":1,"name":"Accueil","item":"https:\/\/vieassociative.be\/actualites\/"},{"@type":"ListItem","position":2,"name":"Une salutation mensuelle culinaire: le \u00ab\u00a0menu du mois\u00a0\u00bb dans le restaurant Maison \u00e0 Eupen"}]},{"@type":"WebSite","@id":"https:\/\/vieassociative.be\/actualites\/#website","url":"https:\/\/vieassociative.be\/actualites\/","name":"Vie Associative","description":"","publisher":{"@id":"https:\/\/vieassociative.be\/actualites\/#organization"},"potentialAction":[{"@type":"SearchAction","target":{"@type":"EntryPoint","urlTemplate":"https:\/\/vieassociative.be\/actualites\/?s={search_term_string}"},"query-input":{"@type":"PropertyValueSpecification","valueRequired":true,"valueName":"search_term_string"}}],"inLanguage":"fr-BE"},{"@type":"Organization","@id":"https:\/\/vieassociative.be\/actualites\/#organization","name":"Vie Associative","url":"https:\/\/vieassociative.be\/actualites\/","logo":{"@type":"ImageObject","inLanguage":"fr-BE","@id":"https:\/\/vieassociative.be\/actualites\/#\/schema\/logo\/image\/","url":"https:\/\/vieassociative.be\/actualites\/wp-content\/uploads\/2024\/09\/cropped-vieassociative_favicon.ico.png","contentUrl":"https:\/\/vieassociative.be\/actualites\/wp-content\/uploads\/2024\/09\/cropped-vieassociative_favicon.ico.png","width":512,"height":512,"caption":"Vie Associative"},"image":{"@id":"https:\/\/vieassociative.be\/actualites\/#\/schema\/logo\/image\/"}},{"@type":"Person","@id":"https:\/\/vieassociative.be\/actualites\/#\/schema\/person\/b87ac4f82f9d4e7b7cec7395b679edc4","name":"Julien","image":{"@type":"ImageObject","inLanguage":"fr-BE","@id":"https:\/\/vieassociative.be\/actualites\/#\/schema\/person\/image\/","url":"https:\/\/vieassociative.be\/actualites\/wp-content\/uploads\/2024\/09\/vie-associative-1-150x150.jpg","contentUrl":"https:\/\/vieassociative.be\/actualites\/wp-content\/uploads\/2024\/09\/vie-associative-1-150x150.jpg","caption":"Julien"},"description":"Je suis Julien, r\u00e9dacteur pour Vie Associative. Passionn\u00e9 par le monde associatif depuis plus de 10 ans, j'ai \u00e0 c\u0153ur de partager des histoires inspirantes et de mettre en lumi\u00e8re les initiatives locales. Mon objectif est de sensibiliser et d'encourager l'engagement communautaire \u00e0 travers mes articles.","sameAs":["https:\/\/vieassociative.be\/"]}]}},"_links":{"self":[{"href":"https:\/\/vieassociative.be\/actualites\/wp-json\/wp\/v2\/posts\/8275"}],"collection":[{"href":"https:\/\/vieassociative.be\/actualites\/wp-json\/wp\/v2\/posts"}],"about":[{"href":"https:\/\/vieassociative.be\/actualites\/wp-json\/wp\/v2\/types\/post"}],"author":[{"embeddable":true,"href":"https:\/\/vieassociative.be\/actualites\/wp-json\/wp\/v2\/users\/1"}],"replies":[{"embeddable":true,"href":"https:\/\/vieassociative.be\/actualites\/wp-json\/wp\/v2\/comments?post=8275"}],"version-history":[{"count":0,"href":"https:\/\/vieassociative.be\/actualites\/wp-json\/wp\/v2\/posts\/8275\/revisions"}],"wp:featuredmedia":[{"embeddable":true,"href":"https:\/\/vieassociative.be\/actualites\/wp-json\/wp\/v2\/media\/8276"}],"wp:attachment":[{"href":"https:\/\/vieassociative.be\/actualites\/wp-json\/wp\/v2\/media?parent=8275"}],"wp:term":[{"taxonomy":"category","embeddable":true,"href":"https:\/\/vieassociative.be\/actualites\/wp-json\/wp\/v2\/categories?post=8275"},{"taxonomy":"post_tag","embeddable":true,"href":"https:\/\/vieassociative.be\/actualites\/wp-json\/wp\/v2\/tags?post=8275"}],"curies":[{"name":"wp","href":"https:\/\/api.w.org\/{rel}","templated":true}]}}