{"id":8271,"date":"2025-06-19T16:32:05","date_gmt":"2025-06-19T14:32:05","guid":{"rendered":"https:\/\/vieassociative.be\/actualites\/bientot-plus-de-limitation-de-la-maltraitance-des-enfants-arimont-soutient-les-sanctions-plus-strictes\/"},"modified":"2025-06-19T16:32:05","modified_gmt":"2025-06-19T14:32:05","slug":"bientot-plus-de-limitation-de-la-maltraitance-des-enfants-arimont-soutient-les-sanctions-plus-strictes","status":"publish","type":"post","link":"https:\/\/vieassociative.be\/actualites\/bientot-plus-de-limitation-de-la-maltraitance-des-enfants-arimont-soutient-les-sanctions-plus-strictes\/","title":{"rendered":"Bient\u00f4t, plus de limitation de la maltraitance des enfants? &#8211; Arimont soutient les sanctions plus strictes"},"content":{"rendered":"<p><strong>Le d\u00e9put\u00e9 de l&rsquo;UE Belge de l&rsquo;Est Pascal Arimont (CSP-EVP) a soutenu le poste, qui a \u00e9t\u00e9 assum\u00e9 mardi par le Parlement de l&rsquo;UE \u00e0 Strasbourg, qu&rsquo;apr\u00e8s la maltraitance des enfants \u00e0 l&rsquo;avenir, aucune p\u00e9riode de limitation ne devrait \u00eatre soumise \u00e0 un d\u00e9lai de prescription \u00e0 l&rsquo;avenir.<\/strong><\/p>\n<p><span id=\"more-417955\"><\/span>\u00ab\u00a0Les enfants victimes d&rsquo;abus souffrent des cons\u00e9quences tout au long de leur vie. La possibilit\u00e9 de rechercher la justice devrait prendre autant de temps. C&rsquo;est la situation juridique que nous devons d\u00e9j\u00e0 pratiquer en Belgique et qui devrait \u00e9galement s&rsquo;appliquer \u00e0 l&rsquo;avenir \u00e0 travers l&rsquo;Europe\u00a0\u00bb, a d\u00e9clar\u00e9 Arimont apr\u00e8s le vote. <\/p>\n<\/p>\n<div id=\"attachment_417963\" class=\"wp-caption alignleft\" style=\"max-width: 300px\"><img fetchpriority=\"high\" decoding=\"async\" class=\"wp-image-417963 size-medium\" src=\"https:\/\/vieassociative.be\/actualites\/wp-content\/uploads\/2025\/06\/Bientot-plus-de-limitation-de-la-maltraitance-des-enfants.jpg\" alt=\"\" width=\"300\" height=\"192\"><\/p>\n<p class=\"wp-caption-text\">Un commissaire criminel est assis devant un ordinateur d&rsquo;\u00e9valuation dans les enqu\u00eates sur la pornographie infantile ainsi appel\u00e9e et les abus sexuels. Photo: Arne Dedert \/ DPA<\/p>\n<\/div>\n<p>La position correspondante du Parlement a \u00e9t\u00e9 accept\u00e9e avec une grande majorit\u00e9 (599 Oui, 2-No Votes, 62 Abstentions).<\/p>\n<p>\u00ab\u00a0Notre proposition devrait \u00eatre compl\u00e8tement abolie pour les p\u00e9riodes de limitation pour la pers\u00e9cution du droit p\u00e9nal des agresseurs des enfants. Selon les \u00e9tudes, les victimes de maltraitance des enfants ne montrent que les actes en moyenne \u00e0 l&rsquo;\u00e2ge de 52 ans. Dans la plupart des cas, cela est d\u00fb \u00e0 un traumatisme difficile des victimes &#8211; surtout si l&rsquo;agresseur est un adulte familier.<\/p>\n<div id=\"attachment_417966\" class=\"wp-caption alignleft\" style=\"max-width: 300px\"><img decoding=\"async\" class=\"wp-image-417966 size-medium\" src=\"https:\/\/vieassociative.be\/actualites\/wp-content\/uploads\/2025\/06\/1750343525_351_Bientot-plus-de-limitation-de-la-maltraitance-des-enfants.jpg\" alt=\"\" width=\"300\" height=\"200\"><\/p>\n<p class=\"wp-caption-text\">Le d\u00e9put\u00e9 de l&rsquo;UE Belge oriental Pascal Arimont (CSP \/ EVP). Photo: Parlement europ\u00e9en<\/p>\n<\/div>\n<p>\u00ab\u00a0Nous voulons \u00e9galement adapter les sp\u00e9cifications aux nouvelles conditions d&rsquo;Internet, entre autres en punissant le contenu g\u00e9n\u00e9r\u00e9 par l&rsquo;IA sur l&rsquo;abus sexuel des enfants. Il ne doit pas rester sans punition si, par exemple, l&rsquo;intelligence artificielle est utilis\u00e9e pour produire des images artificielles qui montrent l&rsquo;abus sexuel des enfants.<\/p>\n<p>Avec la coordination de mardi, le Parlement de l&rsquo;UE se positionne par rapport \u00e0 la nouvelle version de la directive sur les abus sexuels et l&rsquo;exploitation sexuelle des enfants. En acceptant le poste du Parlement de l&rsquo;UE, les n\u00e9gociations avec le Conseil (\u00c9tats membres) peuvent commencer la derni\u00e8re forme de droit.<\/p>\n","protected":false},"excerpt":{"rendered":"<p>Le d\u00e9put\u00e9 de l&rsquo;UE Belge de l&rsquo;Est Pascal Arimont (CSP-EVP) a soutenu le poste, qui a \u00e9t\u00e9 assum\u00e9 mardi par le Parlement de l&rsquo;UE \u00e0<\/p>\n","protected":false},"author":1,"featured_media":8272,"comment_status":"","ping_status":"","sticky":false,"template":"","format":"standard","meta":{"footnotes":""},"categories":[298],"tags":[2890,2550,29,324,14,5078,7461,7462,5293,7463],"class_list":["post-8271","post","type-post","status-publish","format-standard","has-post-thumbnail","hentry","category-belgique","tag-arimont","tag-bientot","tag-des","tag-enfants","tag-les","tag-limitation","tag-maltraitance","tag-sanctions","tag-soutient","tag-strictes","generate-columns","tablet-grid-50","mobile-grid-100","grid-parent","grid-33"],"yoast_head":"<!-- This site is optimized with the Yoast SEO plugin v24.0 - https:\/\/yoast.com\/wordpress\/plugins\/seo\/ -->\n<title>Bient\u00f4t, plus de limitation de la maltraitance des enfants? - Arimont soutient les sanctions plus strictes | Vie Associative<\/title>\n<meta name=\"robots\" content=\"index, follow, max-snippet:-1, max-image-preview:large, max-video-preview:-1\" \/>\n<link rel=\"canonical\" href=\"https:\/\/vieassociative.be\/actualites\/bientot-plus-de-limitation-de-la-maltraitance-des-enfants-arimont-soutient-les-sanctions-plus-strictes\/\" \/>\n<meta property=\"og:locale\" content=\"fr_FR\" \/>\n<meta property=\"og:type\" content=\"article\" \/>\n<meta property=\"og:title\" content=\"Bient\u00f4t, plus de limitation de la maltraitance des enfants? - Arimont soutient les sanctions plus strictes | Vie Associative\" \/>\n<meta property=\"og:description\" content=\"Le d\u00e9put\u00e9 de l&rsquo;UE Belge de l&rsquo;Est Pascal Arimont (CSP-EVP) a soutenu le poste, qui a \u00e9t\u00e9 assum\u00e9 mardi par le Parlement de l&rsquo;UE \u00e0\" \/>\n<meta property=\"og:url\" content=\"https:\/\/vieassociative.be\/actualites\/bientot-plus-de-limitation-de-la-maltraitance-des-enfants-arimont-soutient-les-sanctions-plus-strictes\/\" \/>\n<meta property=\"og:site_name\" content=\"Vie Associative\" \/>\n<meta property=\"article:published_time\" content=\"2025-06-19T14:32:05+00:00\" \/>\n<meta property=\"og:image\" content=\"https:\/\/vieassociative.be\/actualites\/wp-content\/uploads\/2024\/09\/header_backgroundk-01-e1726694325946.png\" \/>\n\t<meta property=\"og:image:width\" content=\"279\" \/>\n\t<meta property=\"og:image:height\" content=\"92\" \/>\n\t<meta property=\"og:image:type\" content=\"image\/png\" \/>\n<meta name=\"author\" content=\"Julien\" \/>\n<meta name=\"twitter:card\" content=\"summary_large_image\" \/>\n<meta name=\"twitter:label1\" content=\"\u00c9crit par\" \/>\n\t<meta name=\"twitter:data1\" content=\"Julien\" \/>\n\t<meta name=\"twitter:label2\" content=\"Dur\u00e9e de lecture est.\" \/>\n\t<meta name=\"twitter:data2\" content=\"2 minutes\" \/>\n<script type=\"application\/ld+json\" class=\"yoast-schema-graph\">{\"@context\":\"https:\/\/schema.org\",\"@graph\":[{\"@type\":\"Article\",\"@id\":\"https:\/\/vieassociative.be\/actualites\/bientot-plus-de-limitation-de-la-maltraitance-des-enfants-arimont-soutient-les-sanctions-plus-strictes\/#article\",\"isPartOf\":{\"@id\":\"https:\/\/vieassociative.be\/actualites\/bientot-plus-de-limitation-de-la-maltraitance-des-enfants-arimont-soutient-les-sanctions-plus-strictes\/\"},\"author\":{\"name\":\"Julien\",\"@id\":\"https:\/\/vieassociative.be\/actualites\/#\/schema\/person\/b87ac4f82f9d4e7b7cec7395b679edc4\"},\"headline\":\"Bient\u00f4t, plus de limitation de la maltraitance des enfants? &#8211; Arimont soutient les sanctions plus strictes\",\"datePublished\":\"2025-06-19T14:32:05+00:00\",\"dateModified\":\"2025-06-19T14:32:05+00:00\",\"mainEntityOfPage\":{\"@id\":\"https:\/\/vieassociative.be\/actualites\/bientot-plus-de-limitation-de-la-maltraitance-des-enfants-arimont-soutient-les-sanctions-plus-strictes\/\"},\"wordCount\":371,\"publisher\":{\"@id\":\"https:\/\/vieassociative.be\/actualites\/#organization\"},\"image\":{\"@id\":\"https:\/\/vieassociative.be\/actualites\/bientot-plus-de-limitation-de-la-maltraitance-des-enfants-arimont-soutient-les-sanctions-plus-strictes\/#primaryimage\"},\"thumbnailUrl\":\"https:\/\/vieassociative.be\/actualites\/wp-content\/uploads\/2025\/06\/1750343525_Bientot-plus-de-limitation-de-la-maltraitance-des-enfants.jpg\",\"keywords\":[\"Arimont\",\"bient\u00f4t\",\"Des\",\"enfants\",\"Les\",\"limitation\",\"maltraitance\",\"sanctions\",\"soutient\",\"strictes\"],\"articleSection\":[\"Belgique\"],\"inLanguage\":\"fr-BE\"},{\"@type\":\"WebPage\",\"@id\":\"https:\/\/vieassociative.be\/actualites\/bientot-plus-de-limitation-de-la-maltraitance-des-enfants-arimont-soutient-les-sanctions-plus-strictes\/\",\"url\":\"https:\/\/vieassociative.be\/actualites\/bientot-plus-de-limitation-de-la-maltraitance-des-enfants-arimont-soutient-les-sanctions-plus-strictes\/\",\"name\":\"Bient\u00f4t, plus de limitation de la maltraitance des enfants? - Arimont soutient les sanctions plus strictes | Vie Associative\",\"isPartOf\":{\"@id\":\"https:\/\/vieassociative.be\/actualites\/#website\"},\"primaryImageOfPage\":{\"@id\":\"https:\/\/vieassociative.be\/actualites\/bientot-plus-de-limitation-de-la-maltraitance-des-enfants-arimont-soutient-les-sanctions-plus-strictes\/#primaryimage\"},\"image\":{\"@id\":\"https:\/\/vieassociative.be\/actualites\/bientot-plus-de-limitation-de-la-maltraitance-des-enfants-arimont-soutient-les-sanctions-plus-strictes\/#primaryimage\"},\"thumbnailUrl\":\"https:\/\/vieassociative.be\/actualites\/wp-content\/uploads\/2025\/06\/1750343525_Bientot-plus-de-limitation-de-la-maltraitance-des-enfants.jpg\",\"datePublished\":\"2025-06-19T14:32:05+00:00\",\"dateModified\":\"2025-06-19T14:32:05+00:00\",\"breadcrumb\":{\"@id\":\"https:\/\/vieassociative.be\/actualites\/bientot-plus-de-limitation-de-la-maltraitance-des-enfants-arimont-soutient-les-sanctions-plus-strictes\/#breadcrumb\"},\"inLanguage\":\"fr-BE\",\"potentialAction\":[{\"@type\":\"ReadAction\",\"target\":[\"https:\/\/vieassociative.be\/actualites\/bientot-plus-de-limitation-de-la-maltraitance-des-enfants-arimont-soutient-les-sanctions-plus-strictes\/\"]}]},{\"@type\":\"ImageObject\",\"inLanguage\":\"fr-BE\",\"@id\":\"https:\/\/vieassociative.be\/actualites\/bientot-plus-de-limitation-de-la-maltraitance-des-enfants-arimont-soutient-les-sanctions-plus-strictes\/#primaryimage\",\"url\":\"https:\/\/vieassociative.be\/actualites\/wp-content\/uploads\/2025\/06\/1750343525_Bientot-plus-de-limitation-de-la-maltraitance-des-enfants.jpg\",\"contentUrl\":\"https:\/\/vieassociative.be\/actualites\/wp-content\/uploads\/2025\/06\/1750343525_Bientot-plus-de-limitation-de-la-maltraitance-des-enfants.jpg\",\"width\":1200,\"height\":800,\"caption\":\"Bient\u00f4t, plus de limitation de la maltraitance des enfants? - Arimont soutient les sanctions plus strictes\"},{\"@type\":\"BreadcrumbList\",\"@id\":\"https:\/\/vieassociative.be\/actualites\/bientot-plus-de-limitation-de-la-maltraitance-des-enfants-arimont-soutient-les-sanctions-plus-strictes\/#breadcrumb\",\"itemListElement\":[{\"@type\":\"ListItem\",\"position\":1,\"name\":\"Accueil\",\"item\":\"https:\/\/vieassociative.be\/actualites\/\"},{\"@type\":\"ListItem\",\"position\":2,\"name\":\"Bient\u00f4t, plus de limitation de la maltraitance des enfants? &#8211; Arimont soutient les sanctions plus strictes\"}]},{\"@type\":\"WebSite\",\"@id\":\"https:\/\/vieassociative.be\/actualites\/#website\",\"url\":\"https:\/\/vieassociative.be\/actualites\/\",\"name\":\"Vie Associative\",\"description\":\"\",\"publisher\":{\"@id\":\"https:\/\/vieassociative.be\/actualites\/#organization\"},\"potentialAction\":[{\"@type\":\"SearchAction\",\"target\":{\"@type\":\"EntryPoint\",\"urlTemplate\":\"https:\/\/vieassociative.be\/actualites\/?s={search_term_string}\"},\"query-input\":{\"@type\":\"PropertyValueSpecification\",\"valueRequired\":true,\"valueName\":\"search_term_string\"}}],\"inLanguage\":\"fr-BE\"},{\"@type\":\"Organization\",\"@id\":\"https:\/\/vieassociative.be\/actualites\/#organization\",\"name\":\"Vie Associative\",\"url\":\"https:\/\/vieassociative.be\/actualites\/\",\"logo\":{\"@type\":\"ImageObject\",\"inLanguage\":\"fr-BE\",\"@id\":\"https:\/\/vieassociative.be\/actualites\/#\/schema\/logo\/image\/\",\"url\":\"https:\/\/vieassociative.be\/actualites\/wp-content\/uploads\/2024\/09\/cropped-vieassociative_favicon.ico.png\",\"contentUrl\":\"https:\/\/vieassociative.be\/actualites\/wp-content\/uploads\/2024\/09\/cropped-vieassociative_favicon.ico.png\",\"width\":512,\"height\":512,\"caption\":\"Vie Associative\"},\"image\":{\"@id\":\"https:\/\/vieassociative.be\/actualites\/#\/schema\/logo\/image\/\"}},{\"@type\":\"Person\",\"@id\":\"https:\/\/vieassociative.be\/actualites\/#\/schema\/person\/b87ac4f82f9d4e7b7cec7395b679edc4\",\"name\":\"Julien\",\"image\":{\"@type\":\"ImageObject\",\"inLanguage\":\"fr-BE\",\"@id\":\"https:\/\/vieassociative.be\/actualites\/#\/schema\/person\/image\/\",\"url\":\"https:\/\/vieassociative.be\/actualites\/wp-content\/uploads\/2024\/09\/vie-associative-1-150x150.jpg\",\"contentUrl\":\"https:\/\/vieassociative.be\/actualites\/wp-content\/uploads\/2024\/09\/vie-associative-1-150x150.jpg\",\"caption\":\"Julien\"},\"description\":\"Je suis Julien, r\u00e9dacteur pour Vie Associative. Passionn\u00e9 par le monde associatif depuis plus de 10 ans, j'ai \u00e0 c\u0153ur de partager des histoires inspirantes et de mettre en lumi\u00e8re les initiatives locales. Mon objectif est de sensibiliser et d'encourager l'engagement communautaire \u00e0 travers mes articles.\",\"sameAs\":[\"https:\/\/vieassociative.be\/\"]}]}<\/script>\n<!-- \/ Yoast SEO plugin. -->","yoast_head_json":{"title":"Bient\u00f4t, plus de limitation de la maltraitance des enfants? - Arimont soutient les sanctions plus strictes | Vie Associative","robots":{"index":"index","follow":"follow","max-snippet":"max-snippet:-1","max-image-preview":"max-image-preview:large","max-video-preview":"max-video-preview:-1"},"canonical":"https:\/\/vieassociative.be\/actualites\/bientot-plus-de-limitation-de-la-maltraitance-des-enfants-arimont-soutient-les-sanctions-plus-strictes\/","og_locale":"fr_FR","og_type":"article","og_title":"Bient\u00f4t, plus de limitation de la maltraitance des enfants? - Arimont soutient les sanctions plus strictes | Vie Associative","og_description":"Le d\u00e9put\u00e9 de l&rsquo;UE Belge de l&rsquo;Est Pascal Arimont (CSP-EVP) a soutenu le poste, qui a \u00e9t\u00e9 assum\u00e9 mardi par le Parlement de l&rsquo;UE \u00e0","og_url":"https:\/\/vieassociative.be\/actualites\/bientot-plus-de-limitation-de-la-maltraitance-des-enfants-arimont-soutient-les-sanctions-plus-strictes\/","og_site_name":"Vie Associative","article_published_time":"2025-06-19T14:32:05+00:00","og_image":[{"width":279,"height":92,"url":"https:\/\/vieassociative.be\/actualites\/wp-content\/uploads\/2024\/09\/header_backgroundk-01-e1726694325946.png","type":"image\/png"}],"author":"Julien","twitter_card":"summary_large_image","twitter_misc":{"\u00c9crit par":"Julien","Dur\u00e9e de lecture est.":"2 minutes"},"schema":{"@context":"https:\/\/schema.org","@graph":[{"@type":"Article","@id":"https:\/\/vieassociative.be\/actualites\/bientot-plus-de-limitation-de-la-maltraitance-des-enfants-arimont-soutient-les-sanctions-plus-strictes\/#article","isPartOf":{"@id":"https:\/\/vieassociative.be\/actualites\/bientot-plus-de-limitation-de-la-maltraitance-des-enfants-arimont-soutient-les-sanctions-plus-strictes\/"},"author":{"name":"Julien","@id":"https:\/\/vieassociative.be\/actualites\/#\/schema\/person\/b87ac4f82f9d4e7b7cec7395b679edc4"},"headline":"Bient\u00f4t, plus de limitation de la maltraitance des enfants? &#8211; Arimont soutient les sanctions plus strictes","datePublished":"2025-06-19T14:32:05+00:00","dateModified":"2025-06-19T14:32:05+00:00","mainEntityOfPage":{"@id":"https:\/\/vieassociative.be\/actualites\/bientot-plus-de-limitation-de-la-maltraitance-des-enfants-arimont-soutient-les-sanctions-plus-strictes\/"},"wordCount":371,"publisher":{"@id":"https:\/\/vieassociative.be\/actualites\/#organization"},"image":{"@id":"https:\/\/vieassociative.be\/actualites\/bientot-plus-de-limitation-de-la-maltraitance-des-enfants-arimont-soutient-les-sanctions-plus-strictes\/#primaryimage"},"thumbnailUrl":"https:\/\/vieassociative.be\/actualites\/wp-content\/uploads\/2025\/06\/1750343525_Bientot-plus-de-limitation-de-la-maltraitance-des-enfants.jpg","keywords":["Arimont","bient\u00f4t","Des","enfants","Les","limitation","maltraitance","sanctions","soutient","strictes"],"articleSection":["Belgique"],"inLanguage":"fr-BE"},{"@type":"WebPage","@id":"https:\/\/vieassociative.be\/actualites\/bientot-plus-de-limitation-de-la-maltraitance-des-enfants-arimont-soutient-les-sanctions-plus-strictes\/","url":"https:\/\/vieassociative.be\/actualites\/bientot-plus-de-limitation-de-la-maltraitance-des-enfants-arimont-soutient-les-sanctions-plus-strictes\/","name":"Bient\u00f4t, plus de limitation de la maltraitance des enfants? - Arimont soutient les sanctions plus strictes | Vie Associative","isPartOf":{"@id":"https:\/\/vieassociative.be\/actualites\/#website"},"primaryImageOfPage":{"@id":"https:\/\/vieassociative.be\/actualites\/bientot-plus-de-limitation-de-la-maltraitance-des-enfants-arimont-soutient-les-sanctions-plus-strictes\/#primaryimage"},"image":{"@id":"https:\/\/vieassociative.be\/actualites\/bientot-plus-de-limitation-de-la-maltraitance-des-enfants-arimont-soutient-les-sanctions-plus-strictes\/#primaryimage"},"thumbnailUrl":"https:\/\/vieassociative.be\/actualites\/wp-content\/uploads\/2025\/06\/1750343525_Bientot-plus-de-limitation-de-la-maltraitance-des-enfants.jpg","datePublished":"2025-06-19T14:32:05+00:00","dateModified":"2025-06-19T14:32:05+00:00","breadcrumb":{"@id":"https:\/\/vieassociative.be\/actualites\/bientot-plus-de-limitation-de-la-maltraitance-des-enfants-arimont-soutient-les-sanctions-plus-strictes\/#breadcrumb"},"inLanguage":"fr-BE","potentialAction":[{"@type":"ReadAction","target":["https:\/\/vieassociative.be\/actualites\/bientot-plus-de-limitation-de-la-maltraitance-des-enfants-arimont-soutient-les-sanctions-plus-strictes\/"]}]},{"@type":"ImageObject","inLanguage":"fr-BE","@id":"https:\/\/vieassociative.be\/actualites\/bientot-plus-de-limitation-de-la-maltraitance-des-enfants-arimont-soutient-les-sanctions-plus-strictes\/#primaryimage","url":"https:\/\/vieassociative.be\/actualites\/wp-content\/uploads\/2025\/06\/1750343525_Bientot-plus-de-limitation-de-la-maltraitance-des-enfants.jpg","contentUrl":"https:\/\/vieassociative.be\/actualites\/wp-content\/uploads\/2025\/06\/1750343525_Bientot-plus-de-limitation-de-la-maltraitance-des-enfants.jpg","width":1200,"height":800,"caption":"Bient\u00f4t, plus de limitation de la maltraitance des enfants? - Arimont soutient les sanctions plus strictes"},{"@type":"BreadcrumbList","@id":"https:\/\/vieassociative.be\/actualites\/bientot-plus-de-limitation-de-la-maltraitance-des-enfants-arimont-soutient-les-sanctions-plus-strictes\/#breadcrumb","itemListElement":[{"@type":"ListItem","position":1,"name":"Accueil","item":"https:\/\/vieassociative.be\/actualites\/"},{"@type":"ListItem","position":2,"name":"Bient\u00f4t, plus de limitation de la maltraitance des enfants? &#8211; Arimont soutient les sanctions plus strictes"}]},{"@type":"WebSite","@id":"https:\/\/vieassociative.be\/actualites\/#website","url":"https:\/\/vieassociative.be\/actualites\/","name":"Vie Associative","description":"","publisher":{"@id":"https:\/\/vieassociative.be\/actualites\/#organization"},"potentialAction":[{"@type":"SearchAction","target":{"@type":"EntryPoint","urlTemplate":"https:\/\/vieassociative.be\/actualites\/?s={search_term_string}"},"query-input":{"@type":"PropertyValueSpecification","valueRequired":true,"valueName":"search_term_string"}}],"inLanguage":"fr-BE"},{"@type":"Organization","@id":"https:\/\/vieassociative.be\/actualites\/#organization","name":"Vie Associative","url":"https:\/\/vieassociative.be\/actualites\/","logo":{"@type":"ImageObject","inLanguage":"fr-BE","@id":"https:\/\/vieassociative.be\/actualites\/#\/schema\/logo\/image\/","url":"https:\/\/vieassociative.be\/actualites\/wp-content\/uploads\/2024\/09\/cropped-vieassociative_favicon.ico.png","contentUrl":"https:\/\/vieassociative.be\/actualites\/wp-content\/uploads\/2024\/09\/cropped-vieassociative_favicon.ico.png","width":512,"height":512,"caption":"Vie Associative"},"image":{"@id":"https:\/\/vieassociative.be\/actualites\/#\/schema\/logo\/image\/"}},{"@type":"Person","@id":"https:\/\/vieassociative.be\/actualites\/#\/schema\/person\/b87ac4f82f9d4e7b7cec7395b679edc4","name":"Julien","image":{"@type":"ImageObject","inLanguage":"fr-BE","@id":"https:\/\/vieassociative.be\/actualites\/#\/schema\/person\/image\/","url":"https:\/\/vieassociative.be\/actualites\/wp-content\/uploads\/2024\/09\/vie-associative-1-150x150.jpg","contentUrl":"https:\/\/vieassociative.be\/actualites\/wp-content\/uploads\/2024\/09\/vie-associative-1-150x150.jpg","caption":"Julien"},"description":"Je suis Julien, r\u00e9dacteur pour Vie Associative. Passionn\u00e9 par le monde associatif depuis plus de 10 ans, j'ai \u00e0 c\u0153ur de partager des histoires inspirantes et de mettre en lumi\u00e8re les initiatives locales. Mon objectif est de sensibiliser et d'encourager l'engagement communautaire \u00e0 travers mes articles.","sameAs":["https:\/\/vieassociative.be\/"]}]}},"_links":{"self":[{"href":"https:\/\/vieassociative.be\/actualites\/wp-json\/wp\/v2\/posts\/8271"}],"collection":[{"href":"https:\/\/vieassociative.be\/actualites\/wp-json\/wp\/v2\/posts"}],"about":[{"href":"https:\/\/vieassociative.be\/actualites\/wp-json\/wp\/v2\/types\/post"}],"author":[{"embeddable":true,"href":"https:\/\/vieassociative.be\/actualites\/wp-json\/wp\/v2\/users\/1"}],"replies":[{"embeddable":true,"href":"https:\/\/vieassociative.be\/actualites\/wp-json\/wp\/v2\/comments?post=8271"}],"version-history":[{"count":0,"href":"https:\/\/vieassociative.be\/actualites\/wp-json\/wp\/v2\/posts\/8271\/revisions"}],"wp:featuredmedia":[{"embeddable":true,"href":"https:\/\/vieassociative.be\/actualites\/wp-json\/wp\/v2\/media\/8272"}],"wp:attachment":[{"href":"https:\/\/vieassociative.be\/actualites\/wp-json\/wp\/v2\/media?parent=8271"}],"wp:term":[{"taxonomy":"category","embeddable":true,"href":"https:\/\/vieassociative.be\/actualites\/wp-json\/wp\/v2\/categories?post=8271"},{"taxonomy":"post_tag","embeddable":true,"href":"https:\/\/vieassociative.be\/actualites\/wp-json\/wp\/v2\/tags?post=8271"}],"curies":[{"name":"wp","href":"https:\/\/api.w.org\/{rel}","templated":true}]}}