{"id":8266,"date":"2025-06-19T10:18:13","date_gmt":"2025-06-19T08:18:13","guid":{"rendered":"https:\/\/vieassociative.be\/actualites\/linferno-von-eynatten-il-y-a-30-ans-il-y-a-30-ans-16-personnes-sont-mortes-dans-lexplosion-de-la-station-service\/"},"modified":"2025-06-19T10:18:13","modified_gmt":"2025-06-19T08:18:13","slug":"linferno-von-eynatten-il-y-a-30-ans-il-y-a-30-ans-16-personnes-sont-mortes-dans-lexplosion-de-la-station-service","status":"publish","type":"post","link":"https:\/\/vieassociative.be\/actualites\/linferno-von-eynatten-il-y-a-30-ans-il-y-a-30-ans-16-personnes-sont-mortes-dans-lexplosion-de-la-station-service\/","title":{"rendered":"L&rsquo;Inferno von Eynatten il y a 30 ans il y a 30 ans: 16 personnes sont mortes dans l&rsquo;explosion de la station-service"},"content":{"rendered":"<p><strong>Il y a exactement 30 ans, le 18 juin 1995, la station-service Fina a explos\u00e9 \u00e0 Eynatten. 16 personnes sont mortes dans la catastrophe. C&rsquo;est toujours le pire malheur de l&rsquo;Est de la Belgique depuis la Seconde Guerre mondiale.<\/strong><\/p>\n<p><span id=\"more-417864\"><\/span>Si vous passez r\u00e9guli\u00e8rement devant la station-service \u00e0 Eynatten, vous vous rappellerez toujours la catastrophe de cette \u00e9poque. Vous n&rsquo;oubliez jamais une journ\u00e9e comme ce 18 juin 1995.<\/p>\n<p>C&rsquo;\u00e9tait un dimanche au d\u00e9but de l&rsquo;\u00e9t\u00e9. Rien ne semblait \u00eatre capable de s&rsquo;obstacler \u00e0 ce jour jusqu&rsquo;\u00e0 17h30, alors que la station-service Fina n&rsquo;a explos\u00e9 qu&rsquo;\u00e0 Aachener Strasse \u00e0 Eynatten \u00e0 proximit\u00e9 imm\u00e9diate de l&rsquo;autoroute E40 et a pris feu peu de temps apr\u00e8s.<\/p>\n<div id=\"attachment_75793\" class=\"wp-caption alignleft\" style=\"max-width: 300px\"><img fetchpriority=\"high\" decoding=\"async\" class=\"wp-image-75793 size-medium\" src=\"https:\/\/vieassociative.be\/actualites\/wp-content\/uploads\/2025\/06\/LInferno-von-Eynatten-il-y-a-30-ans-il-y.jpg\" alt=\"Seul l'\u00e9chafaudage de la station-service \u00e9tait toujours reconnu. Le reste \u00e9tait en d\u00e9combres et en cendres. Photo: Belga\" width=\"300\" height=\"188\"  ><\/p>\n<p class=\"wp-caption-text\">Seul l&rsquo;\u00e9chafaudage de la station-service \u00e9tait toujours coinc\u00e9, le reste s&rsquo;\u00e9tait effondr\u00e9 par l&rsquo;\u00e9norme explosion. Photo: Belga<\/p>\n<\/div>\n<p>Le lieu de l&rsquo;accident a \u00e9t\u00e9 scell\u00e9 imm\u00e9diatement apr\u00e8s l&rsquo;explosion. De nombreux spectateurs s&rsquo;\u00e9taient r\u00e9unis t\u00f4t. Des journalistes et des photographes se pr\u00e9cipitaient. RTBF et RTL-TVI ont envoy\u00e9 des \u00e9quipes de cam\u00e9ra \u00e0 Eynatten.<\/p>\n<p>Stupide, tout le monde a regard\u00e9 les d\u00e9combres et les cendres, qui \u00e9tait une station-service et un restaurant jusqu&rsquo;\u00e0 17 h 30. \u00c0 cette \u00e9poque, le feu avait \u00e9t\u00e9 largement supprim\u00e9 par les nombreux pompiers, m\u00eame si des \u00e9tendues de fum\u00e9e montaient dans le ciel d&rsquo;Eynatten.<\/p>\n<p>Au d\u00e9but, personne ne savait rien exactement, sauf qu&rsquo;il y avait eu les morts et les bless\u00e9s.<\/p>\n<p>Le maire de Raeren Bruno Fagnoul est venu apr\u00e8s un certain temps et a rapport\u00e9 qu&rsquo;il y avait \u00ab\u00a0beaucoup de morts\u00a0\u00bb. Combien n&rsquo;est pas encore connu, car la recherche des victimes ne peut commencer que lorsque l&rsquo;incendie est sous contr\u00f4le.<\/p>\n<p>Il n&rsquo;y avait que quelques t\u00e9moins oculaires. Un couple qui se tenait directement en face de la station-service a dit que rien n&rsquo;\u00e9tait vu, mais ils ont entendu un terrible coup. \u00ab\u00a0J&rsquo;ai imm\u00e9diatement pens\u00e9: cela ne peut \u00eatre que la station-service\u00a0\u00bb, a d\u00e9clar\u00e9 la femme.<\/p>\n<div id=\"attachment_75765\" class=\"wp-caption alignnone\" style=\"max-width: 300px\"><img decoding=\"async\" class=\"wp-image-75765 size-medium\" src=\"https:\/\/vieassociative.be\/actualites\/wp-content\/uploads\/2025\/06\/1750321093_396_LInferno-von-Eynatten-il-y-a-30-ans-il-y.jpg\" alt=\"\" width=\"300\" height=\"200\"  ><\/p>\n<p class=\"wp-caption-text\">Aujourd&rsquo;hui, une pierre comm\u00e9morative rappelle le tragique le 18 juin 1995 devant la station-service totale d&rsquo;Eynatten<\/p>\n<\/div>\n<p>\u00c0 cette \u00e9poque, les t\u00e9l\u00e9phones portables \u00e9taient rarement. Seul le r\u00e9dacteur en chef de BRF, Alexander Homann, avait l&rsquo;un des journalistes pr\u00e9sents. Il n&rsquo;y avait pas de cabine t\u00e9l\u00e9phonique \u00e0 proximit\u00e9 imm\u00e9diate. Avec le t\u00e9l\u00e9phone mobile de Homann, chaque journaliste a pu appeler l&rsquo;\u00e9quipe \u00e9ditoriale au moins une fois pour dire que cela pourrait encore prendre un certain temps avant de plus d\u00e9taill\u00e9 sur la catastrophe.<\/p>\n<p>Seul l&rsquo;\u00e9chafaudage de la station-service \u00e9tait toujours coinc\u00e9, le reste s&rsquo;\u00e9tait effondr\u00e9 par l&rsquo;\u00e9norme explosion. Ceci est \u00e9galement montr\u00e9 par les photos prises par les journalistes photo d&rsquo;Eynatten \u00e0 l&rsquo;\u00e9poque.<\/p>\n<p>La plupart des photographes ne sont arriv\u00e9s que lorsque l&rsquo;incendie \u00e9tait d\u00e9j\u00e0 largement sous contr\u00f4le. Tr\u00e8s peu ont photographi\u00e9 la station-service quand il \u00e9tait en feu. L&rsquo;Eupener Michael Bohn \u00e9tait l&rsquo;un d&rsquo;eux. Il avait suivi le camion de pompiers \u00e0 Eynatten. Une de ses photos de la station-service en feu a \u00e9t\u00e9 publi\u00e9e \u00e0 la page 1 de l&rsquo;\u00e9dition Border Echo.<\/p>\n<p>De la part du procureur de l&rsquo;EUPEN, Serge Brammertz \u00e9tait sur place, qui est devenu plus tard connu sous le nom de jonction en chef de la Cour p\u00e9nale internationale pour l&rsquo;ancienne Yougoslavie \u00e0 Den Haag International.<\/p>\n<h3>Le roi Albert est arriv\u00e9 \u00e0 Eynatten la nuit<\/h3>\n<p>Parce que de nombreux d\u00e9c\u00e8s ont \u00e9t\u00e9 si mutil\u00e9s qu&rsquo;ils n&rsquo;ont pas pu \u00eatre identifi\u00e9s imm\u00e9diatement, les enqu\u00eateurs ont tent\u00e9 de d\u00e9couvrir l&rsquo;identit\u00e9 des victimes en utilisant les plaques d&rsquo;immatriculation des v\u00e9hicules gar\u00e9s devant ou derri\u00e8re la station-service.<\/p>\n<div id=\"attachment_314522\" class=\"wp-caption alignleft\" style=\"max-width: 300px\"><img decoding=\"async\" class=\"wp-image-314522 size-medium\" src=\"https:\/\/vieassociative.be\/actualites\/wp-content\/uploads\/2025\/06\/LInferno-von-Eynatten-il-y-a-30-ans-il-y.jpeg\" alt=\"\" width=\"300\" height=\"225\"><\/p>\n<p class=\"wp-caption-text\">La station-service totale \u00e0 Eynatten. Photo: OD<\/p>\n<\/div>\n<p>Au fil du temps, vous pouviez voir comment les pompiers transportaient des cadavres des d\u00e9combres avec une civi\u00e8re. Celles-ci \u00e9taient difficiles \u00e0 supporter. Il y avait ceux parmi les journalistes et les photographes qui avaient d\u00e9j\u00e0 vu de nombreux accidents mortels, mais les photos de l&rsquo;explosion de la station-service \u00e0 Eynatten ont d\u00e9pass\u00e9 tout ce qu&rsquo;ils avaient connu d&rsquo;ici l\u00e0.<\/p>\n<p>Le maire de Raeren, Bruno Fragnoul, a donn\u00e9 une premi\u00e8re conf\u00e9rence de presse dans une tente jaune construite au milieu d&rsquo;Aachener Stra\u00dfe. Deux heures et demie apr\u00e8s la catastrophe, le triste record \u00e9tait: 12 morts et 3 bless\u00e9s. Cependant, Fagnoul a clairement indiqu\u00e9 qu&rsquo;il ne resterait probablement pas avec le num\u00e9ro 12. D&rsquo;autres d\u00e9c\u00e8s \u00e9taient suspect\u00e9s parmi les d\u00e9combres.<\/p>\n<p>Vers 23 heures, une chapelle de la mort a \u00e9t\u00e9 cr\u00e9\u00e9e \u00e0 l&rsquo;\u00e9cole communautaire d&rsquo;Eynatten. Les premiers cercueils y ont \u00e9galement \u00e9t\u00e9 amen\u00e9s.<\/p>\n<p>Vers 0,20 h, le roi Albert II est arriv\u00e9 \u00e0 Eynatten pour avoir une id\u00e9e de la catastrophe et parler aux proches des victimes au nom de toute la nation. La catastrophe d&rsquo;Eynatten a \u00e9t\u00e9 signal\u00e9e sur toutes les cha\u00eenes de t\u00e9l\u00e9vision nationales et \u00e9trang\u00e8res dimanche soir et lundi.<\/p>\n<p>Ce que le maire Fagnoul avait d\u00e9j\u00e0 soup\u00e7onn\u00e9 lors de la conf\u00e9rence de presse dimanche soir devrait plus tard se r\u00e9aliser. Le nombre de d\u00e9c\u00e8s est pass\u00e9 \u00e0 16. Aujourd&rsquo;hui, une pierre comm\u00e9morative rappelle les victimes de l&rsquo;Enfer du 18 juin 1995 devant la station-service. Malheureusement, il est principalement couvert par les voitures gar\u00e9es devant elle. (Cre)<\/p>\n","protected":false},"excerpt":{"rendered":"<p>Il y a exactement 30 ans, le 18 juin 1995, la station-service Fina a explos\u00e9 \u00e0 Eynatten. 16 personnes sont mortes dans la catastrophe. C&rsquo;est<\/p>\n","protected":false},"author":1,"featured_media":8267,"comment_status":"","ping_status":"","sticky":false,"template":"","format":"standard","meta":{"footnotes":""},"categories":[298],"tags":[584,166,2675,7460,7459,1092,714,18,6939,3558],"class_list":["post-8266","post","type-post","status-publish","format-standard","has-post-thumbnail","hentry","category-belgique","tag-ans","tag-dans","tag-eynatten","tag-lexplosion","tag-linferno","tag-mortes","tag-personnes","tag-sont","tag-stationservice","tag-von","generate-columns","tablet-grid-50","mobile-grid-100","grid-parent","grid-33"],"yoast_head":"<!-- This site is optimized with the Yoast SEO plugin v24.0 - https:\/\/yoast.com\/wordpress\/plugins\/seo\/ -->\n<title>L&#039;Inferno von Eynatten il y a 30 ans il y a 30 ans: 16 personnes sont mortes dans l&#039;explosion de la station-service | Vie Associative<\/title>\n<meta name=\"robots\" content=\"index, follow, max-snippet:-1, max-image-preview:large, max-video-preview:-1\" \/>\n<link rel=\"canonical\" href=\"https:\/\/vieassociative.be\/actualites\/linferno-von-eynatten-il-y-a-30-ans-il-y-a-30-ans-16-personnes-sont-mortes-dans-lexplosion-de-la-station-service\/\" \/>\n<meta property=\"og:locale\" content=\"fr_FR\" \/>\n<meta property=\"og:type\" content=\"article\" \/>\n<meta property=\"og:title\" content=\"L&#039;Inferno von Eynatten il y a 30 ans il y a 30 ans: 16 personnes sont mortes dans l&#039;explosion de la station-service | Vie Associative\" \/>\n<meta property=\"og:description\" content=\"Il y a exactement 30 ans, le 18 juin 1995, la station-service Fina a explos\u00e9 \u00e0 Eynatten. 16 personnes sont mortes dans la catastrophe. C&rsquo;est\" \/>\n<meta property=\"og:url\" content=\"https:\/\/vieassociative.be\/actualites\/linferno-von-eynatten-il-y-a-30-ans-il-y-a-30-ans-16-personnes-sont-mortes-dans-lexplosion-de-la-station-service\/\" \/>\n<meta property=\"og:site_name\" content=\"Vie Associative\" \/>\n<meta property=\"article:published_time\" content=\"2025-06-19T08:18:13+00:00\" \/>\n<meta property=\"og:image\" content=\"https:\/\/vieassociative.be\/actualites\/wp-content\/uploads\/2024\/09\/header_backgroundk-01-e1726694325946.png\" \/>\n\t<meta property=\"og:image:width\" content=\"279\" \/>\n\t<meta property=\"og:image:height\" content=\"92\" \/>\n\t<meta property=\"og:image:type\" content=\"image\/png\" \/>\n<meta name=\"author\" content=\"Julien\" \/>\n<meta name=\"twitter:card\" content=\"summary_large_image\" \/>\n<meta name=\"twitter:label1\" content=\"\u00c9crit par\" \/>\n\t<meta name=\"twitter:data1\" content=\"Julien\" \/>\n\t<meta name=\"twitter:label2\" content=\"Dur\u00e9e de lecture est.\" \/>\n\t<meta name=\"twitter:data2\" content=\"4 minutes\" \/>\n<script type=\"application\/ld+json\" class=\"yoast-schema-graph\">{\"@context\":\"https:\/\/schema.org\",\"@graph\":[{\"@type\":\"Article\",\"@id\":\"https:\/\/vieassociative.be\/actualites\/linferno-von-eynatten-il-y-a-30-ans-il-y-a-30-ans-16-personnes-sont-mortes-dans-lexplosion-de-la-station-service\/#article\",\"isPartOf\":{\"@id\":\"https:\/\/vieassociative.be\/actualites\/linferno-von-eynatten-il-y-a-30-ans-il-y-a-30-ans-16-personnes-sont-mortes-dans-lexplosion-de-la-station-service\/\"},\"author\":{\"name\":\"Julien\",\"@id\":\"https:\/\/vieassociative.be\/actualites\/#\/schema\/person\/b87ac4f82f9d4e7b7cec7395b679edc4\"},\"headline\":\"L&rsquo;Inferno von Eynatten il y a 30 ans il y a 30 ans: 16 personnes sont mortes dans l&rsquo;explosion de la station-service\",\"datePublished\":\"2025-06-19T08:18:13+00:00\",\"dateModified\":\"2025-06-19T08:18:13+00:00\",\"mainEntityOfPage\":{\"@id\":\"https:\/\/vieassociative.be\/actualites\/linferno-von-eynatten-il-y-a-30-ans-il-y-a-30-ans-16-personnes-sont-mortes-dans-lexplosion-de-la-station-service\/\"},\"wordCount\":938,\"publisher\":{\"@id\":\"https:\/\/vieassociative.be\/actualites\/#organization\"},\"image\":{\"@id\":\"https:\/\/vieassociative.be\/actualites\/linferno-von-eynatten-il-y-a-30-ans-il-y-a-30-ans-16-personnes-sont-mortes-dans-lexplosion-de-la-station-service\/#primaryimage\"},\"thumbnailUrl\":\"https:\/\/vieassociative.be\/actualites\/wp-content\/uploads\/2025\/06\/1750321093_LInferno-von-Eynatten-il-y-a-30-ans-il-y.jpg\",\"keywords\":[\"ans\",\"dans\",\"Eynatten\",\"lexplosion\",\"LInferno\",\"mortes\",\"personnes\",\"sont\",\"stationservice\",\"von\"],\"articleSection\":[\"Belgique\"],\"inLanguage\":\"fr-BE\"},{\"@type\":\"WebPage\",\"@id\":\"https:\/\/vieassociative.be\/actualites\/linferno-von-eynatten-il-y-a-30-ans-il-y-a-30-ans-16-personnes-sont-mortes-dans-lexplosion-de-la-station-service\/\",\"url\":\"https:\/\/vieassociative.be\/actualites\/linferno-von-eynatten-il-y-a-30-ans-il-y-a-30-ans-16-personnes-sont-mortes-dans-lexplosion-de-la-station-service\/\",\"name\":\"L'Inferno von Eynatten il y a 30 ans il y a 30 ans: 16 personnes sont mortes dans l'explosion de la station-service | Vie Associative\",\"isPartOf\":{\"@id\":\"https:\/\/vieassociative.be\/actualites\/#website\"},\"primaryImageOfPage\":{\"@id\":\"https:\/\/vieassociative.be\/actualites\/linferno-von-eynatten-il-y-a-30-ans-il-y-a-30-ans-16-personnes-sont-mortes-dans-lexplosion-de-la-station-service\/#primaryimage\"},\"image\":{\"@id\":\"https:\/\/vieassociative.be\/actualites\/linferno-von-eynatten-il-y-a-30-ans-il-y-a-30-ans-16-personnes-sont-mortes-dans-lexplosion-de-la-station-service\/#primaryimage\"},\"thumbnailUrl\":\"https:\/\/vieassociative.be\/actualites\/wp-content\/uploads\/2025\/06\/1750321093_LInferno-von-Eynatten-il-y-a-30-ans-il-y.jpg\",\"datePublished\":\"2025-06-19T08:18:13+00:00\",\"dateModified\":\"2025-06-19T08:18:13+00:00\",\"breadcrumb\":{\"@id\":\"https:\/\/vieassociative.be\/actualites\/linferno-von-eynatten-il-y-a-30-ans-il-y-a-30-ans-16-personnes-sont-mortes-dans-lexplosion-de-la-station-service\/#breadcrumb\"},\"inLanguage\":\"fr-BE\",\"potentialAction\":[{\"@type\":\"ReadAction\",\"target\":[\"https:\/\/vieassociative.be\/actualites\/linferno-von-eynatten-il-y-a-30-ans-il-y-a-30-ans-16-personnes-sont-mortes-dans-lexplosion-de-la-station-service\/\"]}]},{\"@type\":\"ImageObject\",\"inLanguage\":\"fr-BE\",\"@id\":\"https:\/\/vieassociative.be\/actualites\/linferno-von-eynatten-il-y-a-30-ans-il-y-a-30-ans-16-personnes-sont-mortes-dans-lexplosion-de-la-station-service\/#primaryimage\",\"url\":\"https:\/\/vieassociative.be\/actualites\/wp-content\/uploads\/2025\/06\/1750321093_LInferno-von-Eynatten-il-y-a-30-ans-il-y.jpg\",\"contentUrl\":\"https:\/\/vieassociative.be\/actualites\/wp-content\/uploads\/2025\/06\/1750321093_LInferno-von-Eynatten-il-y-a-30-ans-il-y.jpg\",\"width\":900,\"height\":599,\"caption\":\"L'Inferno von Eynatten il y a 30 ans il y a 30 ans: 16 personnes sont mortes dans l'explosion de la station-service\"},{\"@type\":\"BreadcrumbList\",\"@id\":\"https:\/\/vieassociative.be\/actualites\/linferno-von-eynatten-il-y-a-30-ans-il-y-a-30-ans-16-personnes-sont-mortes-dans-lexplosion-de-la-station-service\/#breadcrumb\",\"itemListElement\":[{\"@type\":\"ListItem\",\"position\":1,\"name\":\"Accueil\",\"item\":\"https:\/\/vieassociative.be\/actualites\/\"},{\"@type\":\"ListItem\",\"position\":2,\"name\":\"L&rsquo;Inferno von Eynatten il y a 30 ans il y a 30 ans: 16 personnes sont mortes dans l&rsquo;explosion de la station-service\"}]},{\"@type\":\"WebSite\",\"@id\":\"https:\/\/vieassociative.be\/actualites\/#website\",\"url\":\"https:\/\/vieassociative.be\/actualites\/\",\"name\":\"Vie Associative\",\"description\":\"\",\"publisher\":{\"@id\":\"https:\/\/vieassociative.be\/actualites\/#organization\"},\"potentialAction\":[{\"@type\":\"SearchAction\",\"target\":{\"@type\":\"EntryPoint\",\"urlTemplate\":\"https:\/\/vieassociative.be\/actualites\/?s={search_term_string}\"},\"query-input\":{\"@type\":\"PropertyValueSpecification\",\"valueRequired\":true,\"valueName\":\"search_term_string\"}}],\"inLanguage\":\"fr-BE\"},{\"@type\":\"Organization\",\"@id\":\"https:\/\/vieassociative.be\/actualites\/#organization\",\"name\":\"Vie Associative\",\"url\":\"https:\/\/vieassociative.be\/actualites\/\",\"logo\":{\"@type\":\"ImageObject\",\"inLanguage\":\"fr-BE\",\"@id\":\"https:\/\/vieassociative.be\/actualites\/#\/schema\/logo\/image\/\",\"url\":\"https:\/\/vieassociative.be\/actualites\/wp-content\/uploads\/2024\/09\/cropped-vieassociative_favicon.ico.png\",\"contentUrl\":\"https:\/\/vieassociative.be\/actualites\/wp-content\/uploads\/2024\/09\/cropped-vieassociative_favicon.ico.png\",\"width\":512,\"height\":512,\"caption\":\"Vie Associative\"},\"image\":{\"@id\":\"https:\/\/vieassociative.be\/actualites\/#\/schema\/logo\/image\/\"}},{\"@type\":\"Person\",\"@id\":\"https:\/\/vieassociative.be\/actualites\/#\/schema\/person\/b87ac4f82f9d4e7b7cec7395b679edc4\",\"name\":\"Julien\",\"image\":{\"@type\":\"ImageObject\",\"inLanguage\":\"fr-BE\",\"@id\":\"https:\/\/vieassociative.be\/actualites\/#\/schema\/person\/image\/\",\"url\":\"https:\/\/vieassociative.be\/actualites\/wp-content\/uploads\/2024\/09\/vie-associative-1-150x150.jpg\",\"contentUrl\":\"https:\/\/vieassociative.be\/actualites\/wp-content\/uploads\/2024\/09\/vie-associative-1-150x150.jpg\",\"caption\":\"Julien\"},\"description\":\"Je suis Julien, r\u00e9dacteur pour Vie Associative. Passionn\u00e9 par le monde associatif depuis plus de 10 ans, j'ai \u00e0 c\u0153ur de partager des histoires inspirantes et de mettre en lumi\u00e8re les initiatives locales. Mon objectif est de sensibiliser et d'encourager l'engagement communautaire \u00e0 travers mes articles.\",\"sameAs\":[\"https:\/\/vieassociative.be\/\"]}]}<\/script>\n<!-- \/ Yoast SEO plugin. -->","yoast_head_json":{"title":"L'Inferno von Eynatten il y a 30 ans il y a 30 ans: 16 personnes sont mortes dans l'explosion de la station-service | Vie Associative","robots":{"index":"index","follow":"follow","max-snippet":"max-snippet:-1","max-image-preview":"max-image-preview:large","max-video-preview":"max-video-preview:-1"},"canonical":"https:\/\/vieassociative.be\/actualites\/linferno-von-eynatten-il-y-a-30-ans-il-y-a-30-ans-16-personnes-sont-mortes-dans-lexplosion-de-la-station-service\/","og_locale":"fr_FR","og_type":"article","og_title":"L'Inferno von Eynatten il y a 30 ans il y a 30 ans: 16 personnes sont mortes dans l'explosion de la station-service | Vie Associative","og_description":"Il y a exactement 30 ans, le 18 juin 1995, la station-service Fina a explos\u00e9 \u00e0 Eynatten. 16 personnes sont mortes dans la catastrophe. C&rsquo;est","og_url":"https:\/\/vieassociative.be\/actualites\/linferno-von-eynatten-il-y-a-30-ans-il-y-a-30-ans-16-personnes-sont-mortes-dans-lexplosion-de-la-station-service\/","og_site_name":"Vie Associative","article_published_time":"2025-06-19T08:18:13+00:00","og_image":[{"width":279,"height":92,"url":"https:\/\/vieassociative.be\/actualites\/wp-content\/uploads\/2024\/09\/header_backgroundk-01-e1726694325946.png","type":"image\/png"}],"author":"Julien","twitter_card":"summary_large_image","twitter_misc":{"\u00c9crit par":"Julien","Dur\u00e9e de lecture est.":"4 minutes"},"schema":{"@context":"https:\/\/schema.org","@graph":[{"@type":"Article","@id":"https:\/\/vieassociative.be\/actualites\/linferno-von-eynatten-il-y-a-30-ans-il-y-a-30-ans-16-personnes-sont-mortes-dans-lexplosion-de-la-station-service\/#article","isPartOf":{"@id":"https:\/\/vieassociative.be\/actualites\/linferno-von-eynatten-il-y-a-30-ans-il-y-a-30-ans-16-personnes-sont-mortes-dans-lexplosion-de-la-station-service\/"},"author":{"name":"Julien","@id":"https:\/\/vieassociative.be\/actualites\/#\/schema\/person\/b87ac4f82f9d4e7b7cec7395b679edc4"},"headline":"L&rsquo;Inferno von Eynatten il y a 30 ans il y a 30 ans: 16 personnes sont mortes dans l&rsquo;explosion de la station-service","datePublished":"2025-06-19T08:18:13+00:00","dateModified":"2025-06-19T08:18:13+00:00","mainEntityOfPage":{"@id":"https:\/\/vieassociative.be\/actualites\/linferno-von-eynatten-il-y-a-30-ans-il-y-a-30-ans-16-personnes-sont-mortes-dans-lexplosion-de-la-station-service\/"},"wordCount":938,"publisher":{"@id":"https:\/\/vieassociative.be\/actualites\/#organization"},"image":{"@id":"https:\/\/vieassociative.be\/actualites\/linferno-von-eynatten-il-y-a-30-ans-il-y-a-30-ans-16-personnes-sont-mortes-dans-lexplosion-de-la-station-service\/#primaryimage"},"thumbnailUrl":"https:\/\/vieassociative.be\/actualites\/wp-content\/uploads\/2025\/06\/1750321093_LInferno-von-Eynatten-il-y-a-30-ans-il-y.jpg","keywords":["ans","dans","Eynatten","lexplosion","LInferno","mortes","personnes","sont","stationservice","von"],"articleSection":["Belgique"],"inLanguage":"fr-BE"},{"@type":"WebPage","@id":"https:\/\/vieassociative.be\/actualites\/linferno-von-eynatten-il-y-a-30-ans-il-y-a-30-ans-16-personnes-sont-mortes-dans-lexplosion-de-la-station-service\/","url":"https:\/\/vieassociative.be\/actualites\/linferno-von-eynatten-il-y-a-30-ans-il-y-a-30-ans-16-personnes-sont-mortes-dans-lexplosion-de-la-station-service\/","name":"L'Inferno von Eynatten il y a 30 ans il y a 30 ans: 16 personnes sont mortes dans l'explosion de la station-service | Vie Associative","isPartOf":{"@id":"https:\/\/vieassociative.be\/actualites\/#website"},"primaryImageOfPage":{"@id":"https:\/\/vieassociative.be\/actualites\/linferno-von-eynatten-il-y-a-30-ans-il-y-a-30-ans-16-personnes-sont-mortes-dans-lexplosion-de-la-station-service\/#primaryimage"},"image":{"@id":"https:\/\/vieassociative.be\/actualites\/linferno-von-eynatten-il-y-a-30-ans-il-y-a-30-ans-16-personnes-sont-mortes-dans-lexplosion-de-la-station-service\/#primaryimage"},"thumbnailUrl":"https:\/\/vieassociative.be\/actualites\/wp-content\/uploads\/2025\/06\/1750321093_LInferno-von-Eynatten-il-y-a-30-ans-il-y.jpg","datePublished":"2025-06-19T08:18:13+00:00","dateModified":"2025-06-19T08:18:13+00:00","breadcrumb":{"@id":"https:\/\/vieassociative.be\/actualites\/linferno-von-eynatten-il-y-a-30-ans-il-y-a-30-ans-16-personnes-sont-mortes-dans-lexplosion-de-la-station-service\/#breadcrumb"},"inLanguage":"fr-BE","potentialAction":[{"@type":"ReadAction","target":["https:\/\/vieassociative.be\/actualites\/linferno-von-eynatten-il-y-a-30-ans-il-y-a-30-ans-16-personnes-sont-mortes-dans-lexplosion-de-la-station-service\/"]}]},{"@type":"ImageObject","inLanguage":"fr-BE","@id":"https:\/\/vieassociative.be\/actualites\/linferno-von-eynatten-il-y-a-30-ans-il-y-a-30-ans-16-personnes-sont-mortes-dans-lexplosion-de-la-station-service\/#primaryimage","url":"https:\/\/vieassociative.be\/actualites\/wp-content\/uploads\/2025\/06\/1750321093_LInferno-von-Eynatten-il-y-a-30-ans-il-y.jpg","contentUrl":"https:\/\/vieassociative.be\/actualites\/wp-content\/uploads\/2025\/06\/1750321093_LInferno-von-Eynatten-il-y-a-30-ans-il-y.jpg","width":900,"height":599,"caption":"L'Inferno von Eynatten il y a 30 ans il y a 30 ans: 16 personnes sont mortes dans l'explosion de la station-service"},{"@type":"BreadcrumbList","@id":"https:\/\/vieassociative.be\/actualites\/linferno-von-eynatten-il-y-a-30-ans-il-y-a-30-ans-16-personnes-sont-mortes-dans-lexplosion-de-la-station-service\/#breadcrumb","itemListElement":[{"@type":"ListItem","position":1,"name":"Accueil","item":"https:\/\/vieassociative.be\/actualites\/"},{"@type":"ListItem","position":2,"name":"L&rsquo;Inferno von Eynatten il y a 30 ans il y a 30 ans: 16 personnes sont mortes dans l&rsquo;explosion de la station-service"}]},{"@type":"WebSite","@id":"https:\/\/vieassociative.be\/actualites\/#website","url":"https:\/\/vieassociative.be\/actualites\/","name":"Vie Associative","description":"","publisher":{"@id":"https:\/\/vieassociative.be\/actualites\/#organization"},"potentialAction":[{"@type":"SearchAction","target":{"@type":"EntryPoint","urlTemplate":"https:\/\/vieassociative.be\/actualites\/?s={search_term_string}"},"query-input":{"@type":"PropertyValueSpecification","valueRequired":true,"valueName":"search_term_string"}}],"inLanguage":"fr-BE"},{"@type":"Organization","@id":"https:\/\/vieassociative.be\/actualites\/#organization","name":"Vie Associative","url":"https:\/\/vieassociative.be\/actualites\/","logo":{"@type":"ImageObject","inLanguage":"fr-BE","@id":"https:\/\/vieassociative.be\/actualites\/#\/schema\/logo\/image\/","url":"https:\/\/vieassociative.be\/actualites\/wp-content\/uploads\/2024\/09\/cropped-vieassociative_favicon.ico.png","contentUrl":"https:\/\/vieassociative.be\/actualites\/wp-content\/uploads\/2024\/09\/cropped-vieassociative_favicon.ico.png","width":512,"height":512,"caption":"Vie Associative"},"image":{"@id":"https:\/\/vieassociative.be\/actualites\/#\/schema\/logo\/image\/"}},{"@type":"Person","@id":"https:\/\/vieassociative.be\/actualites\/#\/schema\/person\/b87ac4f82f9d4e7b7cec7395b679edc4","name":"Julien","image":{"@type":"ImageObject","inLanguage":"fr-BE","@id":"https:\/\/vieassociative.be\/actualites\/#\/schema\/person\/image\/","url":"https:\/\/vieassociative.be\/actualites\/wp-content\/uploads\/2024\/09\/vie-associative-1-150x150.jpg","contentUrl":"https:\/\/vieassociative.be\/actualites\/wp-content\/uploads\/2024\/09\/vie-associative-1-150x150.jpg","caption":"Julien"},"description":"Je suis Julien, r\u00e9dacteur pour Vie Associative. Passionn\u00e9 par le monde associatif depuis plus de 10 ans, j'ai \u00e0 c\u0153ur de partager des histoires inspirantes et de mettre en lumi\u00e8re les initiatives locales. Mon objectif est de sensibiliser et d'encourager l'engagement communautaire \u00e0 travers mes articles.","sameAs":["https:\/\/vieassociative.be\/"]}]}},"_links":{"self":[{"href":"https:\/\/vieassociative.be\/actualites\/wp-json\/wp\/v2\/posts\/8266"}],"collection":[{"href":"https:\/\/vieassociative.be\/actualites\/wp-json\/wp\/v2\/posts"}],"about":[{"href":"https:\/\/vieassociative.be\/actualites\/wp-json\/wp\/v2\/types\/post"}],"author":[{"embeddable":true,"href":"https:\/\/vieassociative.be\/actualites\/wp-json\/wp\/v2\/users\/1"}],"replies":[{"embeddable":true,"href":"https:\/\/vieassociative.be\/actualites\/wp-json\/wp\/v2\/comments?post=8266"}],"version-history":[{"count":0,"href":"https:\/\/vieassociative.be\/actualites\/wp-json\/wp\/v2\/posts\/8266\/revisions"}],"wp:featuredmedia":[{"embeddable":true,"href":"https:\/\/vieassociative.be\/actualites\/wp-json\/wp\/v2\/media\/8267"}],"wp:attachment":[{"href":"https:\/\/vieassociative.be\/actualites\/wp-json\/wp\/v2\/media?parent=8266"}],"wp:term":[{"taxonomy":"category","embeddable":true,"href":"https:\/\/vieassociative.be\/actualites\/wp-json\/wp\/v2\/categories?post=8266"},{"taxonomy":"post_tag","embeddable":true,"href":"https:\/\/vieassociative.be\/actualites\/wp-json\/wp\/v2\/tags?post=8266"}],"curies":[{"name":"wp","href":"https:\/\/api.w.org\/{rel}","templated":true}]}}