{"id":8264,"date":"2025-06-19T09:20:03","date_gmt":"2025-06-19T07:20:03","guid":{"rendered":"https:\/\/vieassociative.be\/actualites\/amazon-a-maintenant-un-abonnement-a-prix-reduit-pour-les-jeunes-adultes\/"},"modified":"2025-06-19T09:20:03","modified_gmt":"2025-06-19T07:20:03","slug":"amazon-a-maintenant-un-abonnement-a-prix-reduit-pour-les-jeunes-adultes","status":"publish","type":"post","link":"https:\/\/vieassociative.be\/actualites\/amazon-a-maintenant-un-abonnement-a-prix-reduit-pour-les-jeunes-adultes\/","title":{"rendered":"Amazon a maintenant un abonnement \u00e0 prix r\u00e9duit pour les \u00abjeunes adultes\u00bb"},"content":{"rendered":"<div class=\"mt-4 leading-6 md:mb-8\">Prime Member avantage pour la moiti\u00e9 du prix.<\/div>\n<p><\/p>\n<p>Amazon \u00e9largit les avantages r\u00e9duits \u00e0 plus que les \u00e9tudiants. Maintenant, tout \u00abjeune adulte\u00bb de 18 ans jusqu&rsquo;\u00e0 24 ans peut obtenir tous les avantages de Prime pour 50% de r\u00e9duction. L&rsquo;expansion du programme \u00e0 prix r\u00e9duit survient un mois avant la plus grande vente d&rsquo;Amazon de l&rsquo;ann\u00e9e, Prime Day, qui devrait se d\u00e9rouler du 8 au 11 juillet.<\/p>\n<p>Si vous avez la chance d&rsquo;\u00eatre dans les \u00e2ges qu&rsquo;Amazon consid\u00e8re comme un jeune adulte, votre adh\u00e9sion principale co\u00fbtera votre choix <strong>7,49 $<\/strong> par mois ou <strong>69 $<\/strong> par ann\u00e9e. Et oui, cela inclura <em>tous<\/em> des avantages qui viennent avec un abonnement r\u00e9gulier. C&rsquo;est une grande valeur pour tous les avantages que vous obtenez. Si vous ne me croyez pas, voici les math\u00e9matiques.<\/p>\n<p>Pour obtenir l&rsquo;abonnement \u00e0 50%, vous devrez d&rsquo;abord terminer un essai gratuit de six mois (Bummer, je sais). Par la suite, votre adh\u00e9sion se rendra automatiquement pour 7,49 $ par mois. Gardez \u00e0 l&rsquo;esprit que vous pouvez annuler votre abonnement \u00e0 tout moment. Mais avant de le faire, n&rsquo;oubliez pas que la premi\u00e8re journ\u00e9e commence le mois prochain, et \u00eatre membre vous procurera de meilleures offres, la livraison gratuite et l&rsquo;acc\u00e8s aux offres \u00ab\u00a0uniquement\u00a0\u00bb. Cette adh\u00e9sion vous offre \u00e9galement quelques autres avantages \u00e0 dur\u00e9e limit\u00e9e, comme 5% de remise en argent sur des cat\u00e9gories comme la beaut\u00e9, les v\u00eatements, l&rsquo;\u00e9lectronique et les soins personnels (il double \u00e0 10% le premier jour). <\/p>\n<div class=\"pogoClear relative my-10 border-b-(1.5px) border-t-(1.5px) border-dashed border-black py-5 sm:my-14 sm:border-0 sm:py-0\" data-ga-click data-ga-template=\"Deals\" data-ga-module=\"openweb_widget\" data-ga-element=\"openweb_scroll\" data-ga-item=\"openweb_scroll_midpage\" x-data=\"{\n         commentsCount: null,\n         hasComments: false,\n         async fetchCommentsCount() {\n             try {\n                 if (window.openweb &amp;&amp; typeof window.openweb.getMessagesCount === 'function') {\n                     this.commentsCount = await window.openweb.getMessagesCount('01JY2E45GVBM3GJTB2H5GE1QYJ');\n                     this.hasComments = this.commentsCount !== null &amp;&amp; this.commentsCount &gt; 0;\n                 }\n             } catch (e) {\n                 console.warn('Failed to fetch comment count:', e);\n             }\n         }\n     }\" x-init=\"fetchCommentsCount()\" x-cloak><\/p>\n<div class=\"absolute top-1\/2 hidden w-full -translate-y-1\/2 border-t-(1.5px) border-dashed border-black sm:block\"><\/div>\n<div class=\"relative flex justify-center\">\n<div class=\"flex max-w-fit items-center gap-x-3 bg-white px-5\">\n<div class=\"relative\">\n                <span class=\"absolute left-1\/2 top-1\/2 -translate-x-1\/2 -translate-y-1\/2 font-akshar text-sm font-medium text-black\" aria-live=\"polite\" x-show=\"hasComments\" x-text=\"commentsCount\"><\/span><\/p>\n<p>                <svg class=\"h-8 w-8 text-black\" role=\"img\" aria-hidden=\"true\">\n                    <use href=\"http:\/\/lifehacker.com\/images\/icons\/spritemap.svg#sprite-chat-bubble\"><\/use>\n                <\/svg>\n            <\/div>\n<p>            <span class=\"text-sm font-medium text-black\"><\/p>\n<p>                Que pensez-vous jusqu&rsquo;\u00e0 pr\u00e9sent?<br \/>\n                <button class=\"ml-1 font-semibold text-brand-green underline hover:text-brand-green-700\" type=\"button\" aria-label=\"Comment section trigger\" onclick=\"window.openweb.scrollToComments('01JY2E45GVBM3GJTB2H5GE1QYJ')\" x-text=\"hasComments ? 'Post a comment.' : 'Be the first to post a comment.'\"><\/button><br \/>\n            <\/span>\n        <\/div>\n<\/p><\/div>\n<\/div>\n<p>Une fois que vous aurez 25 ans, vous ne serez plus admissible \u00e0 cet abonnement \u00e0 prix r\u00e9duit, sauf si vous \u00eates toujours \u00e9tudiant (Amazon vous consid\u00e9rera comme un \u00e9tudiant pendant un maximum de quatre ans si vous passez son processus de v\u00e9rification des \u00e9tudiants). <\/p>\n","protected":false},"excerpt":{"rendered":"<p>Prime Member avantage pour la moiti\u00e9 du prix. Amazon \u00e9largit les avantages r\u00e9duits \u00e0 plus que les \u00e9tudiants. Maintenant, tout \u00abjeune adulte\u00bb de 18 ans<\/p>\n","protected":false},"author":1,"featured_media":8265,"comment_status":"","ping_status":"","sticky":false,"template":"","format":"standard","meta":{"footnotes":""},"categories":[41],"tags":[228,899,51,5859,14,233,81,1399,6022],"class_list":["post-8264","post","type-post","status-publish","format-standard","has-post-thumbnail","hentry","category-argent","tag-abonnement","tag-adultes","tag-amazon","tag-jeunes","tag-les","tag-maintenant","tag-pour","tag-prix","tag-reduit","generate-columns","tablet-grid-50","mobile-grid-100","grid-parent","grid-33"],"yoast_head":"<!-- This site is optimized with the Yoast SEO plugin v24.0 - https:\/\/yoast.com\/wordpress\/plugins\/seo\/ -->\n<title>Amazon a maintenant un abonnement \u00e0 prix r\u00e9duit pour les \u00abjeunes adultes\u00bb | Vie Associative<\/title>\n<meta name=\"robots\" content=\"index, follow, max-snippet:-1, max-image-preview:large, max-video-preview:-1\" \/>\n<link rel=\"canonical\" href=\"https:\/\/vieassociative.be\/actualites\/amazon-a-maintenant-un-abonnement-a-prix-reduit-pour-les-jeunes-adultes\/\" \/>\n<meta property=\"og:locale\" content=\"fr_FR\" \/>\n<meta property=\"og:type\" content=\"article\" \/>\n<meta property=\"og:title\" content=\"Amazon a maintenant un abonnement \u00e0 prix r\u00e9duit pour les \u00abjeunes adultes\u00bb | Vie Associative\" \/>\n<meta property=\"og:description\" content=\"Prime Member avantage pour la moiti\u00e9 du prix. Amazon \u00e9largit les avantages r\u00e9duits \u00e0 plus que les \u00e9tudiants. Maintenant, tout \u00abjeune adulte\u00bb de 18 ans\" \/>\n<meta property=\"og:url\" content=\"https:\/\/vieassociative.be\/actualites\/amazon-a-maintenant-un-abonnement-a-prix-reduit-pour-les-jeunes-adultes\/\" \/>\n<meta property=\"og:site_name\" content=\"Vie Associative\" \/>\n<meta property=\"article:published_time\" content=\"2025-06-19T07:20:03+00:00\" \/>\n<meta property=\"og:image\" content=\"https:\/\/vieassociative.be\/actualites\/wp-content\/uploads\/2024\/09\/header_backgroundk-01-e1726694325946.png\" \/>\n\t<meta property=\"og:image:width\" content=\"279\" \/>\n\t<meta property=\"og:image:height\" content=\"92\" \/>\n\t<meta property=\"og:image:type\" content=\"image\/png\" \/>\n<meta name=\"author\" content=\"Julien\" \/>\n<meta name=\"twitter:card\" content=\"summary_large_image\" \/>\n<meta name=\"twitter:label1\" content=\"\u00c9crit par\" \/>\n\t<meta name=\"twitter:data1\" content=\"Julien\" \/>\n\t<meta name=\"twitter:label2\" content=\"Dur\u00e9e de lecture est.\" \/>\n\t<meta name=\"twitter:data2\" content=\"1 minute\" \/>\n<script type=\"application\/ld+json\" class=\"yoast-schema-graph\">{\"@context\":\"https:\/\/schema.org\",\"@graph\":[{\"@type\":\"Article\",\"@id\":\"https:\/\/vieassociative.be\/actualites\/amazon-a-maintenant-un-abonnement-a-prix-reduit-pour-les-jeunes-adultes\/#article\",\"isPartOf\":{\"@id\":\"https:\/\/vieassociative.be\/actualites\/amazon-a-maintenant-un-abonnement-a-prix-reduit-pour-les-jeunes-adultes\/\"},\"author\":{\"name\":\"Julien\",\"@id\":\"https:\/\/vieassociative.be\/actualites\/#\/schema\/person\/b87ac4f82f9d4e7b7cec7395b679edc4\"},\"headline\":\"Amazon a maintenant un abonnement \u00e0 prix r\u00e9duit pour les \u00abjeunes adultes\u00bb\",\"datePublished\":\"2025-06-19T07:20:03+00:00\",\"dateModified\":\"2025-06-19T07:20:03+00:00\",\"mainEntityOfPage\":{\"@id\":\"https:\/\/vieassociative.be\/actualites\/amazon-a-maintenant-un-abonnement-a-prix-reduit-pour-les-jeunes-adultes\/\"},\"wordCount\":314,\"publisher\":{\"@id\":\"https:\/\/vieassociative.be\/actualites\/#organization\"},\"image\":{\"@id\":\"https:\/\/vieassociative.be\/actualites\/amazon-a-maintenant-un-abonnement-a-prix-reduit-pour-les-jeunes-adultes\/#primaryimage\"},\"thumbnailUrl\":\"https:\/\/vieassociative.be\/actualites\/wp-content\/uploads\/2025\/06\/Amazon-a-maintenant-un-abonnement-a-prix-reduit-pour-les.png\",\"keywords\":[\"abonnement\",\"adultes\",\"Amazon\",\"jeunes\",\"Les\",\"maintenant\",\"pour\",\"prix\",\"r\u00e9duit\"],\"articleSection\":[\"Argent\"],\"inLanguage\":\"fr-BE\"},{\"@type\":\"WebPage\",\"@id\":\"https:\/\/vieassociative.be\/actualites\/amazon-a-maintenant-un-abonnement-a-prix-reduit-pour-les-jeunes-adultes\/\",\"url\":\"https:\/\/vieassociative.be\/actualites\/amazon-a-maintenant-un-abonnement-a-prix-reduit-pour-les-jeunes-adultes\/\",\"name\":\"Amazon a maintenant un abonnement \u00e0 prix r\u00e9duit pour les \u00abjeunes adultes\u00bb | Vie Associative\",\"isPartOf\":{\"@id\":\"https:\/\/vieassociative.be\/actualites\/#website\"},\"primaryImageOfPage\":{\"@id\":\"https:\/\/vieassociative.be\/actualites\/amazon-a-maintenant-un-abonnement-a-prix-reduit-pour-les-jeunes-adultes\/#primaryimage\"},\"image\":{\"@id\":\"https:\/\/vieassociative.be\/actualites\/amazon-a-maintenant-un-abonnement-a-prix-reduit-pour-les-jeunes-adultes\/#primaryimage\"},\"thumbnailUrl\":\"https:\/\/vieassociative.be\/actualites\/wp-content\/uploads\/2025\/06\/Amazon-a-maintenant-un-abonnement-a-prix-reduit-pour-les.png\",\"datePublished\":\"2025-06-19T07:20:03+00:00\",\"dateModified\":\"2025-06-19T07:20:03+00:00\",\"breadcrumb\":{\"@id\":\"https:\/\/vieassociative.be\/actualites\/amazon-a-maintenant-un-abonnement-a-prix-reduit-pour-les-jeunes-adultes\/#breadcrumb\"},\"inLanguage\":\"fr-BE\",\"potentialAction\":[{\"@type\":\"ReadAction\",\"target\":[\"https:\/\/vieassociative.be\/actualites\/amazon-a-maintenant-un-abonnement-a-prix-reduit-pour-les-jeunes-adultes\/\"]}]},{\"@type\":\"ImageObject\",\"inLanguage\":\"fr-BE\",\"@id\":\"https:\/\/vieassociative.be\/actualites\/amazon-a-maintenant-un-abonnement-a-prix-reduit-pour-les-jeunes-adultes\/#primaryimage\",\"url\":\"https:\/\/vieassociative.be\/actualites\/wp-content\/uploads\/2025\/06\/Amazon-a-maintenant-un-abonnement-a-prix-reduit-pour-les.png\",\"contentUrl\":\"https:\/\/vieassociative.be\/actualites\/wp-content\/uploads\/2025\/06\/Amazon-a-maintenant-un-abonnement-a-prix-reduit-pour-les.png\",\"width\":1200,\"height\":675,\"caption\":\"Amazon a maintenant un abonnement \u00e0 prix r\u00e9duit pour les \u00abjeunes adultes\u00bb\"},{\"@type\":\"BreadcrumbList\",\"@id\":\"https:\/\/vieassociative.be\/actualites\/amazon-a-maintenant-un-abonnement-a-prix-reduit-pour-les-jeunes-adultes\/#breadcrumb\",\"itemListElement\":[{\"@type\":\"ListItem\",\"position\":1,\"name\":\"Accueil\",\"item\":\"https:\/\/vieassociative.be\/actualites\/\"},{\"@type\":\"ListItem\",\"position\":2,\"name\":\"Amazon a maintenant un abonnement \u00e0 prix r\u00e9duit pour les \u00abjeunes adultes\u00bb\"}]},{\"@type\":\"WebSite\",\"@id\":\"https:\/\/vieassociative.be\/actualites\/#website\",\"url\":\"https:\/\/vieassociative.be\/actualites\/\",\"name\":\"Vie Associative\",\"description\":\"\",\"publisher\":{\"@id\":\"https:\/\/vieassociative.be\/actualites\/#organization\"},\"potentialAction\":[{\"@type\":\"SearchAction\",\"target\":{\"@type\":\"EntryPoint\",\"urlTemplate\":\"https:\/\/vieassociative.be\/actualites\/?s={search_term_string}\"},\"query-input\":{\"@type\":\"PropertyValueSpecification\",\"valueRequired\":true,\"valueName\":\"search_term_string\"}}],\"inLanguage\":\"fr-BE\"},{\"@type\":\"Organization\",\"@id\":\"https:\/\/vieassociative.be\/actualites\/#organization\",\"name\":\"Vie Associative\",\"url\":\"https:\/\/vieassociative.be\/actualites\/\",\"logo\":{\"@type\":\"ImageObject\",\"inLanguage\":\"fr-BE\",\"@id\":\"https:\/\/vieassociative.be\/actualites\/#\/schema\/logo\/image\/\",\"url\":\"https:\/\/vieassociative.be\/actualites\/wp-content\/uploads\/2024\/09\/cropped-vieassociative_favicon.ico.png\",\"contentUrl\":\"https:\/\/vieassociative.be\/actualites\/wp-content\/uploads\/2024\/09\/cropped-vieassociative_favicon.ico.png\",\"width\":512,\"height\":512,\"caption\":\"Vie Associative\"},\"image\":{\"@id\":\"https:\/\/vieassociative.be\/actualites\/#\/schema\/logo\/image\/\"}},{\"@type\":\"Person\",\"@id\":\"https:\/\/vieassociative.be\/actualites\/#\/schema\/person\/b87ac4f82f9d4e7b7cec7395b679edc4\",\"name\":\"Julien\",\"image\":{\"@type\":\"ImageObject\",\"inLanguage\":\"fr-BE\",\"@id\":\"https:\/\/vieassociative.be\/actualites\/#\/schema\/person\/image\/\",\"url\":\"https:\/\/vieassociative.be\/actualites\/wp-content\/uploads\/2024\/09\/vie-associative-1-150x150.jpg\",\"contentUrl\":\"https:\/\/vieassociative.be\/actualites\/wp-content\/uploads\/2024\/09\/vie-associative-1-150x150.jpg\",\"caption\":\"Julien\"},\"description\":\"Je suis Julien, r\u00e9dacteur pour Vie Associative. Passionn\u00e9 par le monde associatif depuis plus de 10 ans, j'ai \u00e0 c\u0153ur de partager des histoires inspirantes et de mettre en lumi\u00e8re les initiatives locales. Mon objectif est de sensibiliser et d'encourager l'engagement communautaire \u00e0 travers mes articles.\",\"sameAs\":[\"https:\/\/vieassociative.be\/\"]}]}<\/script>\n<!-- \/ Yoast SEO plugin. -->","yoast_head_json":{"title":"Amazon a maintenant un abonnement \u00e0 prix r\u00e9duit pour les \u00abjeunes adultes\u00bb | Vie Associative","robots":{"index":"index","follow":"follow","max-snippet":"max-snippet:-1","max-image-preview":"max-image-preview:large","max-video-preview":"max-video-preview:-1"},"canonical":"https:\/\/vieassociative.be\/actualites\/amazon-a-maintenant-un-abonnement-a-prix-reduit-pour-les-jeunes-adultes\/","og_locale":"fr_FR","og_type":"article","og_title":"Amazon a maintenant un abonnement \u00e0 prix r\u00e9duit pour les \u00abjeunes adultes\u00bb | Vie Associative","og_description":"Prime Member avantage pour la moiti\u00e9 du prix. Amazon \u00e9largit les avantages r\u00e9duits \u00e0 plus que les \u00e9tudiants. Maintenant, tout \u00abjeune adulte\u00bb de 18 ans","og_url":"https:\/\/vieassociative.be\/actualites\/amazon-a-maintenant-un-abonnement-a-prix-reduit-pour-les-jeunes-adultes\/","og_site_name":"Vie Associative","article_published_time":"2025-06-19T07:20:03+00:00","og_image":[{"width":279,"height":92,"url":"https:\/\/vieassociative.be\/actualites\/wp-content\/uploads\/2024\/09\/header_backgroundk-01-e1726694325946.png","type":"image\/png"}],"author":"Julien","twitter_card":"summary_large_image","twitter_misc":{"\u00c9crit par":"Julien","Dur\u00e9e de lecture est.":"1 minute"},"schema":{"@context":"https:\/\/schema.org","@graph":[{"@type":"Article","@id":"https:\/\/vieassociative.be\/actualites\/amazon-a-maintenant-un-abonnement-a-prix-reduit-pour-les-jeunes-adultes\/#article","isPartOf":{"@id":"https:\/\/vieassociative.be\/actualites\/amazon-a-maintenant-un-abonnement-a-prix-reduit-pour-les-jeunes-adultes\/"},"author":{"name":"Julien","@id":"https:\/\/vieassociative.be\/actualites\/#\/schema\/person\/b87ac4f82f9d4e7b7cec7395b679edc4"},"headline":"Amazon a maintenant un abonnement \u00e0 prix r\u00e9duit pour les \u00abjeunes adultes\u00bb","datePublished":"2025-06-19T07:20:03+00:00","dateModified":"2025-06-19T07:20:03+00:00","mainEntityOfPage":{"@id":"https:\/\/vieassociative.be\/actualites\/amazon-a-maintenant-un-abonnement-a-prix-reduit-pour-les-jeunes-adultes\/"},"wordCount":314,"publisher":{"@id":"https:\/\/vieassociative.be\/actualites\/#organization"},"image":{"@id":"https:\/\/vieassociative.be\/actualites\/amazon-a-maintenant-un-abonnement-a-prix-reduit-pour-les-jeunes-adultes\/#primaryimage"},"thumbnailUrl":"https:\/\/vieassociative.be\/actualites\/wp-content\/uploads\/2025\/06\/Amazon-a-maintenant-un-abonnement-a-prix-reduit-pour-les.png","keywords":["abonnement","adultes","Amazon","jeunes","Les","maintenant","pour","prix","r\u00e9duit"],"articleSection":["Argent"],"inLanguage":"fr-BE"},{"@type":"WebPage","@id":"https:\/\/vieassociative.be\/actualites\/amazon-a-maintenant-un-abonnement-a-prix-reduit-pour-les-jeunes-adultes\/","url":"https:\/\/vieassociative.be\/actualites\/amazon-a-maintenant-un-abonnement-a-prix-reduit-pour-les-jeunes-adultes\/","name":"Amazon a maintenant un abonnement \u00e0 prix r\u00e9duit pour les \u00abjeunes adultes\u00bb | Vie Associative","isPartOf":{"@id":"https:\/\/vieassociative.be\/actualites\/#website"},"primaryImageOfPage":{"@id":"https:\/\/vieassociative.be\/actualites\/amazon-a-maintenant-un-abonnement-a-prix-reduit-pour-les-jeunes-adultes\/#primaryimage"},"image":{"@id":"https:\/\/vieassociative.be\/actualites\/amazon-a-maintenant-un-abonnement-a-prix-reduit-pour-les-jeunes-adultes\/#primaryimage"},"thumbnailUrl":"https:\/\/vieassociative.be\/actualites\/wp-content\/uploads\/2025\/06\/Amazon-a-maintenant-un-abonnement-a-prix-reduit-pour-les.png","datePublished":"2025-06-19T07:20:03+00:00","dateModified":"2025-06-19T07:20:03+00:00","breadcrumb":{"@id":"https:\/\/vieassociative.be\/actualites\/amazon-a-maintenant-un-abonnement-a-prix-reduit-pour-les-jeunes-adultes\/#breadcrumb"},"inLanguage":"fr-BE","potentialAction":[{"@type":"ReadAction","target":["https:\/\/vieassociative.be\/actualites\/amazon-a-maintenant-un-abonnement-a-prix-reduit-pour-les-jeunes-adultes\/"]}]},{"@type":"ImageObject","inLanguage":"fr-BE","@id":"https:\/\/vieassociative.be\/actualites\/amazon-a-maintenant-un-abonnement-a-prix-reduit-pour-les-jeunes-adultes\/#primaryimage","url":"https:\/\/vieassociative.be\/actualites\/wp-content\/uploads\/2025\/06\/Amazon-a-maintenant-un-abonnement-a-prix-reduit-pour-les.png","contentUrl":"https:\/\/vieassociative.be\/actualites\/wp-content\/uploads\/2025\/06\/Amazon-a-maintenant-un-abonnement-a-prix-reduit-pour-les.png","width":1200,"height":675,"caption":"Amazon a maintenant un abonnement \u00e0 prix r\u00e9duit pour les \u00abjeunes adultes\u00bb"},{"@type":"BreadcrumbList","@id":"https:\/\/vieassociative.be\/actualites\/amazon-a-maintenant-un-abonnement-a-prix-reduit-pour-les-jeunes-adultes\/#breadcrumb","itemListElement":[{"@type":"ListItem","position":1,"name":"Accueil","item":"https:\/\/vieassociative.be\/actualites\/"},{"@type":"ListItem","position":2,"name":"Amazon a maintenant un abonnement \u00e0 prix r\u00e9duit pour les \u00abjeunes adultes\u00bb"}]},{"@type":"WebSite","@id":"https:\/\/vieassociative.be\/actualites\/#website","url":"https:\/\/vieassociative.be\/actualites\/","name":"Vie Associative","description":"","publisher":{"@id":"https:\/\/vieassociative.be\/actualites\/#organization"},"potentialAction":[{"@type":"SearchAction","target":{"@type":"EntryPoint","urlTemplate":"https:\/\/vieassociative.be\/actualites\/?s={search_term_string}"},"query-input":{"@type":"PropertyValueSpecification","valueRequired":true,"valueName":"search_term_string"}}],"inLanguage":"fr-BE"},{"@type":"Organization","@id":"https:\/\/vieassociative.be\/actualites\/#organization","name":"Vie Associative","url":"https:\/\/vieassociative.be\/actualites\/","logo":{"@type":"ImageObject","inLanguage":"fr-BE","@id":"https:\/\/vieassociative.be\/actualites\/#\/schema\/logo\/image\/","url":"https:\/\/vieassociative.be\/actualites\/wp-content\/uploads\/2024\/09\/cropped-vieassociative_favicon.ico.png","contentUrl":"https:\/\/vieassociative.be\/actualites\/wp-content\/uploads\/2024\/09\/cropped-vieassociative_favicon.ico.png","width":512,"height":512,"caption":"Vie Associative"},"image":{"@id":"https:\/\/vieassociative.be\/actualites\/#\/schema\/logo\/image\/"}},{"@type":"Person","@id":"https:\/\/vieassociative.be\/actualites\/#\/schema\/person\/b87ac4f82f9d4e7b7cec7395b679edc4","name":"Julien","image":{"@type":"ImageObject","inLanguage":"fr-BE","@id":"https:\/\/vieassociative.be\/actualites\/#\/schema\/person\/image\/","url":"https:\/\/vieassociative.be\/actualites\/wp-content\/uploads\/2024\/09\/vie-associative-1-150x150.jpg","contentUrl":"https:\/\/vieassociative.be\/actualites\/wp-content\/uploads\/2024\/09\/vie-associative-1-150x150.jpg","caption":"Julien"},"description":"Je suis Julien, r\u00e9dacteur pour Vie Associative. Passionn\u00e9 par le monde associatif depuis plus de 10 ans, j'ai \u00e0 c\u0153ur de partager des histoires inspirantes et de mettre en lumi\u00e8re les initiatives locales. Mon objectif est de sensibiliser et d'encourager l'engagement communautaire \u00e0 travers mes articles.","sameAs":["https:\/\/vieassociative.be\/"]}]}},"_links":{"self":[{"href":"https:\/\/vieassociative.be\/actualites\/wp-json\/wp\/v2\/posts\/8264"}],"collection":[{"href":"https:\/\/vieassociative.be\/actualites\/wp-json\/wp\/v2\/posts"}],"about":[{"href":"https:\/\/vieassociative.be\/actualites\/wp-json\/wp\/v2\/types\/post"}],"author":[{"embeddable":true,"href":"https:\/\/vieassociative.be\/actualites\/wp-json\/wp\/v2\/users\/1"}],"replies":[{"embeddable":true,"href":"https:\/\/vieassociative.be\/actualites\/wp-json\/wp\/v2\/comments?post=8264"}],"version-history":[{"count":0,"href":"https:\/\/vieassociative.be\/actualites\/wp-json\/wp\/v2\/posts\/8264\/revisions"}],"wp:featuredmedia":[{"embeddable":true,"href":"https:\/\/vieassociative.be\/actualites\/wp-json\/wp\/v2\/media\/8265"}],"wp:attachment":[{"href":"https:\/\/vieassociative.be\/actualites\/wp-json\/wp\/v2\/media?parent=8264"}],"wp:term":[{"taxonomy":"category","embeddable":true,"href":"https:\/\/vieassociative.be\/actualites\/wp-json\/wp\/v2\/categories?post=8264"},{"taxonomy":"post_tag","embeddable":true,"href":"https:\/\/vieassociative.be\/actualites\/wp-json\/wp\/v2\/tags?post=8264"}],"curies":[{"name":"wp","href":"https:\/\/api.w.org\/{rel}","templated":true}]}}