{"id":8263,"date":"2025-06-19T07:17:45","date_gmt":"2025-06-19T05:17:45","guid":{"rendered":"https:\/\/vieassociative.be\/actualites\/toutes-les-nouvelles-fonctionnalites-de-carplay-dans-ios-26-2\/"},"modified":"2025-06-19T07:17:45","modified_gmt":"2025-06-19T05:17:45","slug":"toutes-les-nouvelles-fonctionnalites-de-carplay-dans-ios-26-2","status":"publish","type":"post","link":"https:\/\/vieassociative.be\/actualites\/toutes-les-nouvelles-fonctionnalites-de-carplay-dans-ios-26-2\/","title":{"rendered":"Toutes les nouvelles fonctionnalit\u00e9s de carplay dans iOS 26"},"content":{"rendered":"<div class=\"mt-4 leading-6 md:mb-8\">C&rsquo;est bien plus que le simple verre liquide.<\/div>\n<p><\/p>\n<p>Apple n&rsquo;a pas fini par construire sa propre voiture, mais cela nous a donn\u00e9 Carplay. Avec iOS 26, Carplay obtient quelques am\u00e9liorations soign\u00e9es, qui comprend une conception am\u00e9lior\u00e9e, une option pour des tailles de police plus grandes et des fonctionnalit\u00e9s d&rsquo;accessibilit\u00e9 utiles. Voici tout ce qui est nouveau \u00e0 Carplay avec la prochaine mise \u00e0 jour d&rsquo;Apple:<\/p>\n<h2 id=\"widgets-and-live-activities\">Widgets et activit\u00e9s en direct<\/h2>\n<div class=\"eloquent-imagery-image\">\n<div class=\"flex justify-center\">\n                    <img decoding=\"async\" class=\"border border-gray-100\" src=\"https:\/\/vieassociative.be\/actualites\/wp-content\/uploads\/2025\/06\/Toutes-les-nouvelles-fonctionnalites-de-carplay-dans-iOS-26.jpg\" alt=\"Une unit\u00e9 de t\u00eate de voiture avec des instructions de navigation \u00e0 gauche et des activit\u00e9s en direct \u00e0 droite.\" width=\"2000\" height=\"1124\" loading=\"lazy\"  >\n            <\/div>\n<\/p><\/div>\n<p>Avec iOS 26, les activit\u00e9s en direct viennent \u00e0 Carplay. Ces fen\u00eatres contextuelles vous permettent de garder un onglet sur des mises \u00e0 jour importantes sans jouer avec votre t\u00e9l\u00e9phone ou l&rsquo;unit\u00e9 principale. Les activit\u00e9s en direct sur votre iPhone sont utiles pour suivre les livraisons, les statuts de vol et bien plus encore, et bien que tous les cas d&rsquo;utilisation iOS ne soient pas pertinents ici, certains d&rsquo;entre eux seront \u00e9galement disponibles dans CarPlay. (Je pense que la fonction de statut de vol sera particuli\u00e8rement utile pour les micros et les d\u00e9parts d&rsquo;a\u00e9roport.) <\/p>\n<p>Vous n&rsquo;avez rien \u00e0 faire pour voir des activit\u00e9s en direct dans Carplay. Tant qu&rsquo;il est visible sur votre iPhone, il appara\u00eetra sur le tableau de bord Carplay, ou appara\u00eetra comme un popover au-dessus d&rsquo;autres applications telles que votre application de navigation. Apple dit que vous pourrez d\u00e9sactiver les activit\u00e9s en direct si vous ne voulez pas les voir, et m\u00eame contr\u00f4ler leur apparence en d\u00e9finissant diff\u00e9rents modes de mise au point.<\/p>\n<p>Carplay ajoute \u00e9galement un support pour les widgets, y compris des choses comme les entr\u00e9es de calendrier, la m\u00e9t\u00e9o et les heures de soleil \/ coucher de soleil. Vous pourrez s\u00e9lectionner les widgets que vous voyez sur le tableau de bord Carplay en allant \u00e0 <strong>Param\u00e8tres> G\u00e9n\u00e9ral> Carplay sur iPhone<\/strong>s\u00e9lectionner votre v\u00e9hicule et choisir les widgets.<\/p>\n<h2 id=\"a-new-compact-view-for-incoming-calls\">Une nouvelle vue compacte pour les appels entrants<\/h2>\n<div class=\"eloquent-imagery-image\">\n<div class=\"flex justify-center\">\n                    <img decoding=\"async\" class=\"border border-gray-100\" src=\"https:\/\/vieassociative.be\/actualites\/wp-content\/uploads\/2025\/06\/Toutes-les-nouvelles-fonctionnalites-de-carplay-dans-iOS-26.png\" alt=\"Une unit\u00e9 de t\u00eate de voiture montrant un appel entrant dans un petit popover pr\u00e8s du bas de l'\u00e9cran, superpos\u00e9 sur un \u00e9cran de navigation.\" width=\"2000\" height=\"1125\" loading=\"lazy\"  >\n            <\/div>\n<\/p><\/div>\n<p>Le carplay redessin\u00e9 avec iOS 26 comprend d\u00e9sormais une vue compacte. Par exemple, lorsque vous recevez un appel t\u00e9l\u00e9phonique, il appara\u00eetra comme une petite fen\u00eatre contextuelle \u00e0 l&rsquo;\u00e9cran, au lieu de prendre plus de place. Cela signifie que d&rsquo;autres informations importantes, telles que les itin\u00e9raires, ne sont pas cach\u00e9es lorsque vous recevez un appel t\u00e9l\u00e9phonique.<\/p>\n<div class=\"pogoClear relative my-10 border-b-(1.5px) border-t-(1.5px) border-dashed border-black py-5 sm:my-14 sm:border-0 sm:py-0\" data-ga-click data-ga-template=\"News\" data-ga-module=\"openweb_widget\" data-ga-element=\"openweb_scroll\" data-ga-item=\"openweb_scroll_midpage\" x-data=\"{\n         commentsCount: null,\n         hasComments: false,\n         async fetchCommentsCount() {\n             try {\n                 if (window.openweb &amp;&amp; typeof window.openweb.getMessagesCount === 'function') {\n                     this.commentsCount = await window.openweb.getMessagesCount('01JY1ZM9Y5D1MEP8CHQGGYWVG2');\n                     this.hasComments = this.commentsCount !== null &amp;&amp; this.commentsCount &gt; 0;\n                 }\n             } catch (e) {\n                 console.warn('Failed to fetch comment count:', e);\n             }\n         }\n     }\" x-init=\"fetchCommentsCount()\" x-cloak><\/p>\n<div class=\"absolute top-1\/2 hidden w-full -translate-y-1\/2 border-t-(1.5px) border-dashed border-black sm:block\"><\/div>\n<div class=\"relative flex justify-center\">\n<div class=\"flex max-w-fit items-center gap-x-3 bg-white px-5\">\n<div class=\"relative\">\n                <span class=\"absolute left-1\/2 top-1\/2 -translate-x-1\/2 -translate-y-1\/2 font-akshar text-sm font-medium text-black\" aria-live=\"polite\" x-show=\"hasComments\" x-text=\"commentsCount\"><\/span><\/p>\n<p>                <svg class=\"h-8 w-8 text-black\" role=\"img\" aria-hidden=\"true\">\n                    <use href=\"http:\/\/lifehacker.com\/images\/icons\/spritemap.svg#sprite-chat-bubble\"><\/use>\n                <\/svg>\n            <\/div>\n<p>            <span class=\"text-sm font-medium text-black\"><\/p>\n<p>                Que pensez-vous jusqu&rsquo;\u00e0 pr\u00e9sent?<br \/>\n                <button class=\"ml-1 font-semibold text-brand-green underline hover:text-brand-green-700\" type=\"button\" aria-label=\"Comment section trigger\" onclick=\"window.openweb.scrollToComments('01JY1ZM9Y5D1MEP8CHQGGYWVG2')\" x-text=\"hasComments ? 'Post a comment.' : 'Be the first to post a comment.'\"><\/button><br \/>\n            <\/span>\n        <\/div>\n<\/p><\/div>\n<\/div>\n<h2 id=\"a-few-messages-upgrades\">Quelques messages mises \u00e0 niveau<\/h2>\n<div class=\"eloquent-imagery-image\">\n<div class=\"flex justify-center\">\n                    <img decoding=\"async\" class=\"border border-gray-100\" src=\"https:\/\/vieassociative.be\/actualites\/wp-content\/uploads\/2025\/06\/1750296253_79_Toutes-les-nouvelles-fonctionnalites-de-carplay-dans-iOS-26.jpg\" alt=\"Une unit\u00e9 de t\u00eate de voiture montrant des tapbacks dans les messages.\" width=\"2000\" height=\"1124\" loading=\"lazy\"  >\n            <\/div>\n<\/p><\/div>\n<p>Avec iOS 26, l&rsquo;application Messages dans CarPlay vous permettra d&rsquo;utiliser des tapbacks &#8211; appliquez le langage pour r\u00e9agir aux messages texte avec des emojis. Cela vous permettra d&rsquo;appuyer rapidement sur un emoji pour r\u00e9pondre \u00e0 quelqu&rsquo;un via l&rsquo;affichage de la voiture. Les messages vous permettra \u00e9galement de visualiser les conversations \u00e9pingl\u00e9es de votre iPhone, ce qui facilite le texte avec lesquels vous \u00eates souvent en contact.<\/p>\n<h2 id=\"brand-new-icons\">Nouvelles ic\u00f4nes<\/h2>\n<div class=\"eloquent-imagery-image\">\n<div class=\"flex justify-center\">\n                    <img decoding=\"async\" class=\"border border-gray-100\" src=\"https:\/\/vieassociative.be\/actualites\/wp-content\/uploads\/2025\/06\/1750296253_113_Toutes-les-nouvelles-fonctionnalites-de-carplay-dans-iOS-26.jpg\" alt=\"Une unit\u00e9 de t\u00eate de voiture montrant les nouvelles ic\u00f4nes en verre liquide en mode sombre.\" width=\"2000\" height=\"1124\" loading=\"lazy\"  >\n            <\/div>\n<\/p><\/div>\n<p>Oui, le verre liquide arrive \u00e9galement \u00e0 votre voiture. Les ic\u00f4nes d&rsquo;iOS 26 se sont dirig\u00e9s vers Carplay. Que vous les aimiez ou les d\u00e9testiez, vous verrez ce nouveau design sur l&rsquo;\u00e9cran de votre voiture.<\/p>\n<h2 id=\"improved-accessibility-features\">Am\u00e9lioration des fonctionnalit\u00e9s d&rsquo;accessibilit\u00e9<\/h2>\n<p>Carplay avec iOS 26 prendra \u00e9galement en charge un grand texte, ce qui augmente les tailles de police et rend le texte plus facile \u00e0 lire sur l&rsquo;\u00e9cran de votre voiture. Apple ajoute \u00e9galement une reconnaissance sonore \u00e0 CarPlay, qui informera les conducteurs et les passagers lorsque iOS d\u00e9tecte certains sons. Les notifications peuvent vous avertir lorsque CarPlay d\u00e9tecte les sir\u00e8nes, un b\u00e9b\u00e9 qui pleure, des cornes ou d&rsquo;autres sons importants.<\/p>\n","protected":false},"excerpt":{"rendered":"<p>C&rsquo;est bien plus que le simple verre liquide. Apple n&rsquo;a pas fini par construire sa propre voiture, mais cela nous a donn\u00e9 Carplay. Avec iOS<\/p>\n","protected":false},"author":1,"featured_media":8260,"comment_status":"","ping_status":"","sticky":false,"template":"","format":"standard","meta":{"footnotes":""},"categories":[13],"tags":[7452,166,1216,21,14,1215,62],"class_list":["post-8263","post","type-post","status-publish","format-standard","has-post-thumbnail","hentry","category-technologie","tag-carplay","tag-dans","tag-fonctionnalites","tag-ios","tag-les","tag-nouvelles","tag-toutes","generate-columns","tablet-grid-50","mobile-grid-100","grid-parent","grid-33"],"yoast_head":"<!-- This site is optimized with the Yoast SEO plugin v24.0 - https:\/\/yoast.com\/wordpress\/plugins\/seo\/ -->\n<title>Toutes les nouvelles fonctionnalit\u00e9s de carplay dans iOS 26 | Vie Associative<\/title>\n<meta name=\"robots\" content=\"index, follow, max-snippet:-1, max-image-preview:large, max-video-preview:-1\" \/>\n<link rel=\"canonical\" href=\"https:\/\/vieassociative.be\/actualites\/toutes-les-nouvelles-fonctionnalites-de-carplay-dans-ios-26-2\/\" \/>\n<meta property=\"og:locale\" content=\"fr_FR\" \/>\n<meta property=\"og:type\" content=\"article\" \/>\n<meta property=\"og:title\" content=\"Toutes les nouvelles fonctionnalit\u00e9s de carplay dans iOS 26 | Vie Associative\" \/>\n<meta property=\"og:description\" content=\"C&rsquo;est bien plus que le simple verre liquide. Apple n&rsquo;a pas fini par construire sa propre voiture, mais cela nous a donn\u00e9 Carplay. Avec iOS\" \/>\n<meta property=\"og:url\" content=\"https:\/\/vieassociative.be\/actualites\/toutes-les-nouvelles-fonctionnalites-de-carplay-dans-ios-26-2\/\" \/>\n<meta property=\"og:site_name\" content=\"Vie Associative\" \/>\n<meta property=\"article:published_time\" content=\"2025-06-19T05:17:45+00:00\" \/>\n<meta property=\"og:image\" content=\"https:\/\/vieassociative.be\/actualites\/wp-content\/uploads\/2025\/06\/Toutes-les-nouvelles-fonctionnalites-de-carplay-dans-iOS-26.jpg\" \/>\n<meta name=\"author\" content=\"Julien\" \/>\n<meta name=\"twitter:card\" content=\"summary_large_image\" \/>\n<meta name=\"twitter:label1\" content=\"\u00c9crit par\" \/>\n\t<meta name=\"twitter:data1\" content=\"Julien\" \/>\n\t<meta name=\"twitter:label2\" content=\"Dur\u00e9e de lecture est.\" \/>\n\t<meta name=\"twitter:data2\" content=\"3 minutes\" \/>\n<script type=\"application\/ld+json\" class=\"yoast-schema-graph\">{\"@context\":\"https:\/\/schema.org\",\"@graph\":[{\"@type\":\"Article\",\"@id\":\"https:\/\/vieassociative.be\/actualites\/toutes-les-nouvelles-fonctionnalites-de-carplay-dans-ios-26-2\/#article\",\"isPartOf\":{\"@id\":\"https:\/\/vieassociative.be\/actualites\/toutes-les-nouvelles-fonctionnalites-de-carplay-dans-ios-26-2\/\"},\"author\":{\"name\":\"Julien\",\"@id\":\"https:\/\/vieassociative.be\/actualites\/#\/schema\/person\/b87ac4f82f9d4e7b7cec7395b679edc4\"},\"headline\":\"Toutes les nouvelles fonctionnalit\u00e9s de carplay dans iOS 26\",\"datePublished\":\"2025-06-19T05:17:45+00:00\",\"dateModified\":\"2025-06-19T05:17:45+00:00\",\"mainEntityOfPage\":{\"@id\":\"https:\/\/vieassociative.be\/actualites\/toutes-les-nouvelles-fonctionnalites-de-carplay-dans-ios-26-2\/\"},\"wordCount\":610,\"publisher\":{\"@id\":\"https:\/\/vieassociative.be\/actualites\/#organization\"},\"image\":{\"@id\":\"https:\/\/vieassociative.be\/actualites\/toutes-les-nouvelles-fonctionnalites-de-carplay-dans-ios-26-2\/#primaryimage\"},\"thumbnailUrl\":\"https:\/\/vieassociative.be\/actualites\/wp-content\/uploads\/2025\/06\/1750296254_Toutes-les-nouvelles-fonctionnalites-de-carplay-dans-iOS-26.jpg\",\"keywords\":[\"carplay\",\"dans\",\"fonctionnalit\u00e9s\",\"iOS\",\"Les\",\"nouvelles\",\"toutes\"],\"articleSection\":[\"Technologie\"],\"inLanguage\":\"fr-BE\"},{\"@type\":\"WebPage\",\"@id\":\"https:\/\/vieassociative.be\/actualites\/toutes-les-nouvelles-fonctionnalites-de-carplay-dans-ios-26-2\/\",\"url\":\"https:\/\/vieassociative.be\/actualites\/toutes-les-nouvelles-fonctionnalites-de-carplay-dans-ios-26-2\/\",\"name\":\"Toutes les nouvelles fonctionnalit\u00e9s de carplay dans iOS 26 | Vie Associative\",\"isPartOf\":{\"@id\":\"https:\/\/vieassociative.be\/actualites\/#website\"},\"primaryImageOfPage\":{\"@id\":\"https:\/\/vieassociative.be\/actualites\/toutes-les-nouvelles-fonctionnalites-de-carplay-dans-ios-26-2\/#primaryimage\"},\"image\":{\"@id\":\"https:\/\/vieassociative.be\/actualites\/toutes-les-nouvelles-fonctionnalites-de-carplay-dans-ios-26-2\/#primaryimage\"},\"thumbnailUrl\":\"https:\/\/vieassociative.be\/actualites\/wp-content\/uploads\/2025\/06\/1750296254_Toutes-les-nouvelles-fonctionnalites-de-carplay-dans-iOS-26.jpg\",\"datePublished\":\"2025-06-19T05:17:45+00:00\",\"dateModified\":\"2025-06-19T05:17:45+00:00\",\"breadcrumb\":{\"@id\":\"https:\/\/vieassociative.be\/actualites\/toutes-les-nouvelles-fonctionnalites-de-carplay-dans-ios-26-2\/#breadcrumb\"},\"inLanguage\":\"fr-BE\",\"potentialAction\":[{\"@type\":\"ReadAction\",\"target\":[\"https:\/\/vieassociative.be\/actualites\/toutes-les-nouvelles-fonctionnalites-de-carplay-dans-ios-26-2\/\"]}]},{\"@type\":\"ImageObject\",\"inLanguage\":\"fr-BE\",\"@id\":\"https:\/\/vieassociative.be\/actualites\/toutes-les-nouvelles-fonctionnalites-de-carplay-dans-ios-26-2\/#primaryimage\",\"url\":\"https:\/\/vieassociative.be\/actualites\/wp-content\/uploads\/2025\/06\/1750296254_Toutes-les-nouvelles-fonctionnalites-de-carplay-dans-iOS-26.jpg\",\"contentUrl\":\"https:\/\/vieassociative.be\/actualites\/wp-content\/uploads\/2025\/06\/1750296254_Toutes-les-nouvelles-fonctionnalites-de-carplay-dans-iOS-26.jpg\",\"width\":1200,\"height\":675,\"caption\":\"Toutes les nouvelles fonctionnalit\u00e9s de carplay dans iOS 26\"},{\"@type\":\"BreadcrumbList\",\"@id\":\"https:\/\/vieassociative.be\/actualites\/toutes-les-nouvelles-fonctionnalites-de-carplay-dans-ios-26-2\/#breadcrumb\",\"itemListElement\":[{\"@type\":\"ListItem\",\"position\":1,\"name\":\"Accueil\",\"item\":\"https:\/\/vieassociative.be\/actualites\/\"},{\"@type\":\"ListItem\",\"position\":2,\"name\":\"Toutes les nouvelles fonctionnalit\u00e9s de carplay dans iOS 26\"}]},{\"@type\":\"WebSite\",\"@id\":\"https:\/\/vieassociative.be\/actualites\/#website\",\"url\":\"https:\/\/vieassociative.be\/actualites\/\",\"name\":\"Vie Associative\",\"description\":\"\",\"publisher\":{\"@id\":\"https:\/\/vieassociative.be\/actualites\/#organization\"},\"potentialAction\":[{\"@type\":\"SearchAction\",\"target\":{\"@type\":\"EntryPoint\",\"urlTemplate\":\"https:\/\/vieassociative.be\/actualites\/?s={search_term_string}\"},\"query-input\":{\"@type\":\"PropertyValueSpecification\",\"valueRequired\":true,\"valueName\":\"search_term_string\"}}],\"inLanguage\":\"fr-BE\"},{\"@type\":\"Organization\",\"@id\":\"https:\/\/vieassociative.be\/actualites\/#organization\",\"name\":\"Vie Associative\",\"url\":\"https:\/\/vieassociative.be\/actualites\/\",\"logo\":{\"@type\":\"ImageObject\",\"inLanguage\":\"fr-BE\",\"@id\":\"https:\/\/vieassociative.be\/actualites\/#\/schema\/logo\/image\/\",\"url\":\"https:\/\/vieassociative.be\/actualites\/wp-content\/uploads\/2024\/09\/cropped-vieassociative_favicon.ico.png\",\"contentUrl\":\"https:\/\/vieassociative.be\/actualites\/wp-content\/uploads\/2024\/09\/cropped-vieassociative_favicon.ico.png\",\"width\":512,\"height\":512,\"caption\":\"Vie Associative\"},\"image\":{\"@id\":\"https:\/\/vieassociative.be\/actualites\/#\/schema\/logo\/image\/\"}},{\"@type\":\"Person\",\"@id\":\"https:\/\/vieassociative.be\/actualites\/#\/schema\/person\/b87ac4f82f9d4e7b7cec7395b679edc4\",\"name\":\"Julien\",\"image\":{\"@type\":\"ImageObject\",\"inLanguage\":\"fr-BE\",\"@id\":\"https:\/\/vieassociative.be\/actualites\/#\/schema\/person\/image\/\",\"url\":\"https:\/\/vieassociative.be\/actualites\/wp-content\/uploads\/2024\/09\/vie-associative-1-150x150.jpg\",\"contentUrl\":\"https:\/\/vieassociative.be\/actualites\/wp-content\/uploads\/2024\/09\/vie-associative-1-150x150.jpg\",\"caption\":\"Julien\"},\"description\":\"Je suis Julien, r\u00e9dacteur pour Vie Associative. Passionn\u00e9 par le monde associatif depuis plus de 10 ans, j'ai \u00e0 c\u0153ur de partager des histoires inspirantes et de mettre en lumi\u00e8re les initiatives locales. Mon objectif est de sensibiliser et d'encourager l'engagement communautaire \u00e0 travers mes articles.\",\"sameAs\":[\"https:\/\/vieassociative.be\/\"]}]}<\/script>\n<!-- \/ Yoast SEO plugin. -->","yoast_head_json":{"title":"Toutes les nouvelles fonctionnalit\u00e9s de carplay dans iOS 26 | Vie Associative","robots":{"index":"index","follow":"follow","max-snippet":"max-snippet:-1","max-image-preview":"max-image-preview:large","max-video-preview":"max-video-preview:-1"},"canonical":"https:\/\/vieassociative.be\/actualites\/toutes-les-nouvelles-fonctionnalites-de-carplay-dans-ios-26-2\/","og_locale":"fr_FR","og_type":"article","og_title":"Toutes les nouvelles fonctionnalit\u00e9s de carplay dans iOS 26 | Vie Associative","og_description":"C&rsquo;est bien plus que le simple verre liquide. Apple n&rsquo;a pas fini par construire sa propre voiture, mais cela nous a donn\u00e9 Carplay. Avec iOS","og_url":"https:\/\/vieassociative.be\/actualites\/toutes-les-nouvelles-fonctionnalites-de-carplay-dans-ios-26-2\/","og_site_name":"Vie Associative","article_published_time":"2025-06-19T05:17:45+00:00","og_image":[{"url":"https:\/\/vieassociative.be\/actualites\/wp-content\/uploads\/2025\/06\/Toutes-les-nouvelles-fonctionnalites-de-carplay-dans-iOS-26.jpg","type":"","width":"","height":""}],"author":"Julien","twitter_card":"summary_large_image","twitter_misc":{"\u00c9crit par":"Julien","Dur\u00e9e de lecture est.":"3 minutes"},"schema":{"@context":"https:\/\/schema.org","@graph":[{"@type":"Article","@id":"https:\/\/vieassociative.be\/actualites\/toutes-les-nouvelles-fonctionnalites-de-carplay-dans-ios-26-2\/#article","isPartOf":{"@id":"https:\/\/vieassociative.be\/actualites\/toutes-les-nouvelles-fonctionnalites-de-carplay-dans-ios-26-2\/"},"author":{"name":"Julien","@id":"https:\/\/vieassociative.be\/actualites\/#\/schema\/person\/b87ac4f82f9d4e7b7cec7395b679edc4"},"headline":"Toutes les nouvelles fonctionnalit\u00e9s de carplay dans iOS 26","datePublished":"2025-06-19T05:17:45+00:00","dateModified":"2025-06-19T05:17:45+00:00","mainEntityOfPage":{"@id":"https:\/\/vieassociative.be\/actualites\/toutes-les-nouvelles-fonctionnalites-de-carplay-dans-ios-26-2\/"},"wordCount":610,"publisher":{"@id":"https:\/\/vieassociative.be\/actualites\/#organization"},"image":{"@id":"https:\/\/vieassociative.be\/actualites\/toutes-les-nouvelles-fonctionnalites-de-carplay-dans-ios-26-2\/#primaryimage"},"thumbnailUrl":"https:\/\/vieassociative.be\/actualites\/wp-content\/uploads\/2025\/06\/1750296254_Toutes-les-nouvelles-fonctionnalites-de-carplay-dans-iOS-26.jpg","keywords":["carplay","dans","fonctionnalit\u00e9s","iOS","Les","nouvelles","toutes"],"articleSection":["Technologie"],"inLanguage":"fr-BE"},{"@type":"WebPage","@id":"https:\/\/vieassociative.be\/actualites\/toutes-les-nouvelles-fonctionnalites-de-carplay-dans-ios-26-2\/","url":"https:\/\/vieassociative.be\/actualites\/toutes-les-nouvelles-fonctionnalites-de-carplay-dans-ios-26-2\/","name":"Toutes les nouvelles fonctionnalit\u00e9s de carplay dans iOS 26 | Vie Associative","isPartOf":{"@id":"https:\/\/vieassociative.be\/actualites\/#website"},"primaryImageOfPage":{"@id":"https:\/\/vieassociative.be\/actualites\/toutes-les-nouvelles-fonctionnalites-de-carplay-dans-ios-26-2\/#primaryimage"},"image":{"@id":"https:\/\/vieassociative.be\/actualites\/toutes-les-nouvelles-fonctionnalites-de-carplay-dans-ios-26-2\/#primaryimage"},"thumbnailUrl":"https:\/\/vieassociative.be\/actualites\/wp-content\/uploads\/2025\/06\/1750296254_Toutes-les-nouvelles-fonctionnalites-de-carplay-dans-iOS-26.jpg","datePublished":"2025-06-19T05:17:45+00:00","dateModified":"2025-06-19T05:17:45+00:00","breadcrumb":{"@id":"https:\/\/vieassociative.be\/actualites\/toutes-les-nouvelles-fonctionnalites-de-carplay-dans-ios-26-2\/#breadcrumb"},"inLanguage":"fr-BE","potentialAction":[{"@type":"ReadAction","target":["https:\/\/vieassociative.be\/actualites\/toutes-les-nouvelles-fonctionnalites-de-carplay-dans-ios-26-2\/"]}]},{"@type":"ImageObject","inLanguage":"fr-BE","@id":"https:\/\/vieassociative.be\/actualites\/toutes-les-nouvelles-fonctionnalites-de-carplay-dans-ios-26-2\/#primaryimage","url":"https:\/\/vieassociative.be\/actualites\/wp-content\/uploads\/2025\/06\/1750296254_Toutes-les-nouvelles-fonctionnalites-de-carplay-dans-iOS-26.jpg","contentUrl":"https:\/\/vieassociative.be\/actualites\/wp-content\/uploads\/2025\/06\/1750296254_Toutes-les-nouvelles-fonctionnalites-de-carplay-dans-iOS-26.jpg","width":1200,"height":675,"caption":"Toutes les nouvelles fonctionnalit\u00e9s de carplay dans iOS 26"},{"@type":"BreadcrumbList","@id":"https:\/\/vieassociative.be\/actualites\/toutes-les-nouvelles-fonctionnalites-de-carplay-dans-ios-26-2\/#breadcrumb","itemListElement":[{"@type":"ListItem","position":1,"name":"Accueil","item":"https:\/\/vieassociative.be\/actualites\/"},{"@type":"ListItem","position":2,"name":"Toutes les nouvelles fonctionnalit\u00e9s de carplay dans iOS 26"}]},{"@type":"WebSite","@id":"https:\/\/vieassociative.be\/actualites\/#website","url":"https:\/\/vieassociative.be\/actualites\/","name":"Vie Associative","description":"","publisher":{"@id":"https:\/\/vieassociative.be\/actualites\/#organization"},"potentialAction":[{"@type":"SearchAction","target":{"@type":"EntryPoint","urlTemplate":"https:\/\/vieassociative.be\/actualites\/?s={search_term_string}"},"query-input":{"@type":"PropertyValueSpecification","valueRequired":true,"valueName":"search_term_string"}}],"inLanguage":"fr-BE"},{"@type":"Organization","@id":"https:\/\/vieassociative.be\/actualites\/#organization","name":"Vie Associative","url":"https:\/\/vieassociative.be\/actualites\/","logo":{"@type":"ImageObject","inLanguage":"fr-BE","@id":"https:\/\/vieassociative.be\/actualites\/#\/schema\/logo\/image\/","url":"https:\/\/vieassociative.be\/actualites\/wp-content\/uploads\/2024\/09\/cropped-vieassociative_favicon.ico.png","contentUrl":"https:\/\/vieassociative.be\/actualites\/wp-content\/uploads\/2024\/09\/cropped-vieassociative_favicon.ico.png","width":512,"height":512,"caption":"Vie Associative"},"image":{"@id":"https:\/\/vieassociative.be\/actualites\/#\/schema\/logo\/image\/"}},{"@type":"Person","@id":"https:\/\/vieassociative.be\/actualites\/#\/schema\/person\/b87ac4f82f9d4e7b7cec7395b679edc4","name":"Julien","image":{"@type":"ImageObject","inLanguage":"fr-BE","@id":"https:\/\/vieassociative.be\/actualites\/#\/schema\/person\/image\/","url":"https:\/\/vieassociative.be\/actualites\/wp-content\/uploads\/2024\/09\/vie-associative-1-150x150.jpg","contentUrl":"https:\/\/vieassociative.be\/actualites\/wp-content\/uploads\/2024\/09\/vie-associative-1-150x150.jpg","caption":"Julien"},"description":"Je suis Julien, r\u00e9dacteur pour Vie Associative. Passionn\u00e9 par le monde associatif depuis plus de 10 ans, j'ai \u00e0 c\u0153ur de partager des histoires inspirantes et de mettre en lumi\u00e8re les initiatives locales. Mon objectif est de sensibiliser et d'encourager l'engagement communautaire \u00e0 travers mes articles.","sameAs":["https:\/\/vieassociative.be\/"]}]}},"_links":{"self":[{"href":"https:\/\/vieassociative.be\/actualites\/wp-json\/wp\/v2\/posts\/8263"}],"collection":[{"href":"https:\/\/vieassociative.be\/actualites\/wp-json\/wp\/v2\/posts"}],"about":[{"href":"https:\/\/vieassociative.be\/actualites\/wp-json\/wp\/v2\/types\/post"}],"author":[{"embeddable":true,"href":"https:\/\/vieassociative.be\/actualites\/wp-json\/wp\/v2\/users\/1"}],"replies":[{"embeddable":true,"href":"https:\/\/vieassociative.be\/actualites\/wp-json\/wp\/v2\/comments?post=8263"}],"version-history":[{"count":0,"href":"https:\/\/vieassociative.be\/actualites\/wp-json\/wp\/v2\/posts\/8263\/revisions"}],"wp:featuredmedia":[{"embeddable":true,"href":"https:\/\/vieassociative.be\/actualites\/wp-json\/wp\/v2\/media\/8260"}],"wp:attachment":[{"href":"https:\/\/vieassociative.be\/actualites\/wp-json\/wp\/v2\/media?parent=8263"}],"wp:term":[{"taxonomy":"category","embeddable":true,"href":"https:\/\/vieassociative.be\/actualites\/wp-json\/wp\/v2\/categories?post=8263"},{"taxonomy":"post_tag","embeddable":true,"href":"https:\/\/vieassociative.be\/actualites\/wp-json\/wp\/v2\/tags?post=8263"}],"curies":[{"name":"wp","href":"https:\/\/api.w.org\/{rel}","templated":true}]}}