{"id":8261,"date":"2025-06-19T04:17:42","date_gmt":"2025-06-19T02:17:42","guid":{"rendered":"https:\/\/vieassociative.be\/actualites\/paasch-admet-les-echecs-dans-la-mise-en-oeuvre-de-lexpansion-de-la-fibre-optique-par-la-goofibre-dans-lest-de-la-belgique\/"},"modified":"2025-06-19T04:17:42","modified_gmt":"2025-06-19T02:17:42","slug":"paasch-admet-les-echecs-dans-la-mise-en-oeuvre-de-lexpansion-de-la-fibre-optique-par-la-goofibre-dans-lest-de-la-belgique","status":"publish","type":"post","link":"https:\/\/vieassociative.be\/actualites\/paasch-admet-les-echecs-dans-la-mise-en-oeuvre-de-lexpansion-de-la-fibre-optique-par-la-goofibre-dans-lest-de-la-belgique\/","title":{"rendered":"Paasch admet les \u00e9checs dans la mise en \u0153uvre de l&rsquo;expansion de la fibre optique par la goofibre dans l&rsquo;est de la Belgique"},"content":{"rendered":"<p><strong>L&rsquo;expansion nationale des fibres de verre en Belgique est le projet de vitrine europ\u00e9enne de num\u00e9risation dans les zones rurales. Selon le gouvernement DG, les activit\u00e9s d&rsquo;expansion dans presque les neuf municipalit\u00e9s de la DG peuvent \u00eatre attendues vers la fin de l&rsquo;ann\u00e9e. N\u00e9anmoins, la mise en \u0153uvre de l&rsquo;expansion de la fibre optique par la soci\u00e9t\u00e9 Gofibre fond\u00e9e par DG, Proximus et Ethias n&rsquo;est pas toujours satisfaisante.<\/strong><\/p>\n<p><span id=\"more-417923\"><\/span>Dans une question orale au Premier ministre Oliver Paasch (ProDG) lundi dans le comit\u00e9 I du PDG, le d\u00e9put\u00e9 Evelyn Jadin (PFF) a soulign\u00e9 un certain nombre de d\u00e9fauts. \u00ab\u00a0Ce que nous vivons actuellement ne r\u00e9pond pas aux attentes que beaucoup ont mis dans le projet\u00a0\u00bb, s&rsquo;est plaint le lib\u00e9ral, qui est \u00e9galement un Sch\u00f6ffin dans la municipalit\u00e9 de Lontzen.<\/p>\n<p>Et en quoi est-il diff\u00e9rent de ce que pr\u00e9vu? \u00ab\u00a0Les sous-traitants ne semblent parfois pas du tout ou clairement, les m\u00e9nages concern\u00e9s sont souvent beaucoup trop tard ou pas du tout, et dans certains cas, la communication se d\u00e9roule exclusivement en allemand, bien que les r\u00e9sidents en fran\u00e7ais soient \u00e9galement affect\u00e9s par le travail\u00a0\u00bb, a d\u00e9clar\u00e9 Jadin, qui a rappel\u00e9 \u00e0 PaaSch que la DG est un actionnaire de Gofibre et, dans ce r\u00f4le, \u00e9galement responsable de l&rsquo;orientation strat\u00e9gique et de la qualit\u00e9 de la mise en \u0153uvre.<\/p>\n<div id=\"attachment_417927\" class=\"wp-caption alignleft\" style=\"max-width: 300px\"><img fetchpriority=\"high\" decoding=\"async\" class=\"wp-image-417927 size-medium\" src=\"https:\/\/vieassociative.be\/actualites\/wp-content\/uploads\/2025\/06\/Paasch-admet-les-echecs-dans-la-mise-en-oeuvre-de.jpg\" alt=\"\" width=\"300\" height=\"201\"  ><\/p>\n<p class=\"wp-caption-text\">PFF MP Evelyn Jadin au Parlement DG. Photo: Patrick von Staufenberg<\/p>\n<\/div>\n<p>Jadin a pos\u00e9 au chef du gouvernement les questions suivantes:<\/p>\n<p>1. Comment \u00e9valuez-vous le cours actuel des travaux d&rsquo;expansion par Gofibre?<\/p>\n<p>2. Quelles mesures consomment-vous pour am\u00e9liorer la coordination et assurer une communication fiable envers les municipalit\u00e9s et les citoyens?<\/p>\n<p>Dans sa r\u00e9ponse, Paasch a rappel\u00e9 que l&rsquo;UE soutenait l&rsquo;expansion de la fibre optique en Belgique orientale avec pr\u00e8s de 20 millions d&rsquo;euros. Les connexions Internet dans les zones rurales laissaient beaucoup \u00e0 d\u00e9sirer dans de nombreux endroits. Cela affecte la qualit\u00e9 de vie, le d\u00e9veloppement \u00e9conomique, les soins de sant\u00e9 et la viabilit\u00e9 future de nombreuses zones rurales partout dans l&rsquo;UE et \u00e9galement dans notre propre pays.<\/p>\n<p>Le Premier ministre a ajout\u00e9: \u00ab\u00a0Nous ne devons pas permettre \u00e0 notre patrie d&rsquo;\u00eatre laiss\u00e9e par la num\u00e9risation progressive. Les cons\u00e9quences pour les personnes qui vivent ici seraient dramatiques. \u00c9tant donn\u00e9 que le risque que nous puissions \u00eatre coup\u00e9s en raison de notre emplacement g\u00e9ographique et de la faible densit\u00e9 de la population du d\u00e9veloppement num\u00e9rique, nous avons d\u00e9cid\u00e9 d&rsquo;\u00e9quiper l&rsquo;ensemble de la DG de l&rsquo;\u00e9tat -Le-THE-THE-TARD FIBER. Mais nous nous tenons pour cette d\u00e9cision.\u00a0\u00bb<\/p>\n<div id=\"attachment_384219\" class=\"wp-caption alignleft\" style=\"max-width: 300px\"><img decoding=\"async\" class=\"wp-image-384219 size-medium\" src=\"https:\/\/vieassociative.be\/actualites\/wp-content\/uploads\/2025\/06\/1750299462_200_Paasch-admet-les-echecs-dans-la-mise-en-oeuvre-de.jpg\" alt=\"\" width=\"300\" height=\"200\"><\/p>\n<p class=\"wp-caption-text\">En Belgique orientale, l&rsquo;expansion de la fibre optique de la soci\u00e9t\u00e9 Gofibre progresse rapidement. Photo: Patrick von Staufenberg<\/p>\n<\/div>\n<p>N\u00e9anmoins, dans sa r\u00e9ponse aux deux questions d&rsquo;Evelyn Jadin, le Premier ministre a admis qu&rsquo;il y avait des critiques de Gofibre. \u00ab\u00a0Un projet d&rsquo;expansion aussi massif avec environ 1 000 km de c\u00e2bles, chacun \u00e9tant pos\u00e9 dans environ la moiti\u00e9 et underground, est bien s\u00fbr un \u00e9norme d\u00e9fi. Et oui, je suis \u00e9galement conscient des plaintes que vous abordez dans votre question. Nous avons confront\u00e9 les personnes responsables de Gofibre \u00e0 plusieurs reprises. Ce qui prendra en vigueur efficacement le mois.\u00a0\u00bb<\/p>\n<p>De plus, selon Paasch, une autre personne pour renforcer les activit\u00e9s de coordination<br \/>\nrecrut\u00e9, qui commencera \u00e9galement le service depuis le mois \u00e0 venir. De plus, des r\u00e9unions r\u00e9guli\u00e8res (c&rsquo;est-\u00e0-dire: hebdomadaire ou deux chaque semaine) doivent \u00eatre enregistr\u00e9es avec les municipalit\u00e9s touch\u00e9es par l&rsquo;expansion. Ces r\u00e9unions sont des moments importants de coordination entre la goofibre et les communaut\u00e9s et sont destin\u00e9s \u00e0 offrir un forum pour discuter de tous les aspects chirurgicaux et importants. \u00ab\u00a0<\/p>\n<p>Conclusion de Paasch: \u00abNous sommes bien conscients du fardeau suppl\u00e9mentaire, qui est d\u00fb au projet d&rsquo;expansion, et les personnes responsables de Gofiber sont<br \/>\nmaintenu pour maintenir cette charge aussi bas que possible. Le renforcement significatif pr\u00e9vu des forces de surveillance et de coordination le souligne \u00e0 nouveau. \u00bb(Cre)<\/p>\n<p><em><strong>Sur le sujet, voir \u00e9galement l&rsquo;article suivant sur OD:<\/strong><\/em><\/p>\n<div class=\"responsive-embed widescreen\">\n<blockquote class=\"wp-embedded-content\" data-secret=\"Tl1rHI2EmM\">\n<p>Oliver Paasch \u00e0 Michael Balter: \u00ab\u00a0Le gouvernement DG resserrera ses efforts d&rsquo;\u00e9pargne\u00a0\u00bb<\/p>\n<\/blockquote>\n<p><iframe loading=\"lazy\" class=\"wp-embedded-content\" sandbox=\"allow-scripts\" security=\"restricted\" style=\"position: absolute; visibility: hidden;\" title=\"\u201eOliver Paasch an Michael Balter: \u201eDG-Regierung wird ihre Sparanstrengungen noch einmal versch\u00e4rfen\u201c\u201c \u2014 Ostbelgien Direkt\" src=\"https:\/\/ostbelgiendirekt.be\/about:blank\" data-secret=\"Tl1rHI2EmM\" width=\"500\" height=\"282\" frameborder=\"0\" marginwidth=\"0\" marginheight=\"0\" scrolling=\"no\" data-rocket-lazyload=\"fitvidscompatible\" data-lazy-src=\"https:\/\/ostbelgiendirekt.be\/die-finanzielle-lage-der-dg-417657\/embed#?secret=PkfjzO1Fyd#?secret=Tl1rHI2EmM\"><\/iframe><noscript><iframe class=\"wp-embedded-content\" sandbox=\"allow-scripts\" security=\"restricted\" style=\"position: absolute; visibility: hidden;\" title=\"\u201eOliver Paasch an Michael Balter: \u201eDG-Regierung wird ihre Sparanstrengungen noch einmal versch\u00e4rfen\u201c\u201c \u2014 Ostbelgien Direkt\" src=\"https:\/\/ostbelgiendirekt.be\/die-finanzielle-lage-der-dg-417657\/embed#?secret=PkfjzO1Fyd#?secret=Tl1rHI2EmM\" data-secret=\"Tl1rHI2EmM\" width=\"500\" height=\"282\" frameborder=\"0\" marginwidth=\"0\" marginheight=\"0\" scrolling=\"no\"><\/iframe><\/noscript><\/p>\n<\/div>\n","protected":false},"excerpt":{"rendered":"<p>L&rsquo;expansion nationale des fibres de verre en Belgique est le projet de vitrine europ\u00e9enne de num\u00e9risation dans les zones rurales. Selon le gouvernement DG, les<\/p>\n","protected":false},"author":1,"featured_media":8262,"comment_status":"","ping_status":"","sticky":false,"template":"","format":"standard","meta":{"footnotes":""},"categories":[298],"tags":[7453,383,166,7454,7456,7458,14,7455,2183,3074,7457,2553,676],"class_list":["post-8261","post","type-post","status-publish","format-standard","has-post-thumbnail","hentry","category-belgique","tag-admet","tag-belgique","tag-dans","tag-echecs","tag-fibre","tag-goofibre","tag-les","tag-lexpansion","tag-mise","tag-oeuvre","tag-optique","tag-paasch","tag-par","generate-columns","tablet-grid-50","mobile-grid-100","grid-parent","grid-33"],"yoast_head":"<!-- This site is optimized with the Yoast SEO plugin v24.0 - https:\/\/yoast.com\/wordpress\/plugins\/seo\/ -->\n<title>Paasch admet les \u00e9checs dans la mise en \u0153uvre de l&#039;expansion de la fibre optique par la goofibre dans l&#039;est de la Belgique | Vie Associative<\/title>\n<meta name=\"robots\" content=\"index, follow, max-snippet:-1, max-image-preview:large, max-video-preview:-1\" \/>\n<link rel=\"canonical\" href=\"https:\/\/vieassociative.be\/actualites\/paasch-admet-les-echecs-dans-la-mise-en-oeuvre-de-lexpansion-de-la-fibre-optique-par-la-goofibre-dans-lest-de-la-belgique\/\" \/>\n<meta property=\"og:locale\" content=\"fr_FR\" \/>\n<meta property=\"og:type\" content=\"article\" \/>\n<meta property=\"og:title\" content=\"Paasch admet les \u00e9checs dans la mise en \u0153uvre de l&#039;expansion de la fibre optique par la goofibre dans l&#039;est de la Belgique | Vie Associative\" \/>\n<meta property=\"og:description\" content=\"L&rsquo;expansion nationale des fibres de verre en Belgique est le projet de vitrine europ\u00e9enne de num\u00e9risation dans les zones rurales. Selon le gouvernement DG, les\" \/>\n<meta property=\"og:url\" content=\"https:\/\/vieassociative.be\/actualites\/paasch-admet-les-echecs-dans-la-mise-en-oeuvre-de-lexpansion-de-la-fibre-optique-par-la-goofibre-dans-lest-de-la-belgique\/\" \/>\n<meta property=\"og:site_name\" content=\"Vie Associative\" \/>\n<meta property=\"article:published_time\" content=\"2025-06-19T02:17:42+00:00\" \/>\n<meta property=\"og:image\" content=\"https:\/\/vieassociative.be\/actualites\/wp-content\/uploads\/2024\/09\/header_backgroundk-01-e1726694325946.png\" \/>\n\t<meta property=\"og:image:width\" content=\"279\" \/>\n\t<meta property=\"og:image:height\" content=\"92\" \/>\n\t<meta property=\"og:image:type\" content=\"image\/png\" \/>\n<meta name=\"author\" content=\"Julien\" \/>\n<meta name=\"twitter:card\" content=\"summary_large_image\" \/>\n<meta name=\"twitter:label1\" content=\"\u00c9crit par\" \/>\n\t<meta name=\"twitter:data1\" content=\"Julien\" \/>\n\t<meta name=\"twitter:label2\" content=\"Dur\u00e9e de lecture est.\" \/>\n\t<meta name=\"twitter:data2\" content=\"4 minutes\" \/>\n<script type=\"application\/ld+json\" class=\"yoast-schema-graph\">{\"@context\":\"https:\/\/schema.org\",\"@graph\":[{\"@type\":\"Article\",\"@id\":\"https:\/\/vieassociative.be\/actualites\/paasch-admet-les-echecs-dans-la-mise-en-oeuvre-de-lexpansion-de-la-fibre-optique-par-la-goofibre-dans-lest-de-la-belgique\/#article\",\"isPartOf\":{\"@id\":\"https:\/\/vieassociative.be\/actualites\/paasch-admet-les-echecs-dans-la-mise-en-oeuvre-de-lexpansion-de-la-fibre-optique-par-la-goofibre-dans-lest-de-la-belgique\/\"},\"author\":{\"name\":\"Julien\",\"@id\":\"https:\/\/vieassociative.be\/actualites\/#\/schema\/person\/b87ac4f82f9d4e7b7cec7395b679edc4\"},\"headline\":\"Paasch admet les \u00e9checs dans la mise en \u0153uvre de l&rsquo;expansion de la fibre optique par la goofibre dans l&rsquo;est de la Belgique\",\"datePublished\":\"2025-06-19T02:17:42+00:00\",\"dateModified\":\"2025-06-19T02:17:42+00:00\",\"mainEntityOfPage\":{\"@id\":\"https:\/\/vieassociative.be\/actualites\/paasch-admet-les-echecs-dans-la-mise-en-oeuvre-de-lexpansion-de-la-fibre-optique-par-la-goofibre-dans-lest-de-la-belgique\/\"},\"wordCount\":747,\"publisher\":{\"@id\":\"https:\/\/vieassociative.be\/actualites\/#organization\"},\"image\":{\"@id\":\"https:\/\/vieassociative.be\/actualites\/paasch-admet-les-echecs-dans-la-mise-en-oeuvre-de-lexpansion-de-la-fibre-optique-par-la-goofibre-dans-lest-de-la-belgique\/#primaryimage\"},\"thumbnailUrl\":\"https:\/\/vieassociative.be\/actualites\/wp-content\/uploads\/2025\/06\/1750299463_Paasch-admet-les-echecs-dans-la-mise-en-oeuvre-de.jpg\",\"keywords\":[\"admet\",\"Belgique\",\"dans\",\"\u00e9checs\",\"fibre\",\"goofibre\",\"Les\",\"lexpansion\",\"mise\",\"\u0153uvre\",\"optique\",\"Paasch\",\"par\"],\"articleSection\":[\"Belgique\"],\"inLanguage\":\"fr-BE\"},{\"@type\":\"WebPage\",\"@id\":\"https:\/\/vieassociative.be\/actualites\/paasch-admet-les-echecs-dans-la-mise-en-oeuvre-de-lexpansion-de-la-fibre-optique-par-la-goofibre-dans-lest-de-la-belgique\/\",\"url\":\"https:\/\/vieassociative.be\/actualites\/paasch-admet-les-echecs-dans-la-mise-en-oeuvre-de-lexpansion-de-la-fibre-optique-par-la-goofibre-dans-lest-de-la-belgique\/\",\"name\":\"Paasch admet les \u00e9checs dans la mise en \u0153uvre de l'expansion de la fibre optique par la goofibre dans l'est de la Belgique | Vie Associative\",\"isPartOf\":{\"@id\":\"https:\/\/vieassociative.be\/actualites\/#website\"},\"primaryImageOfPage\":{\"@id\":\"https:\/\/vieassociative.be\/actualites\/paasch-admet-les-echecs-dans-la-mise-en-oeuvre-de-lexpansion-de-la-fibre-optique-par-la-goofibre-dans-lest-de-la-belgique\/#primaryimage\"},\"image\":{\"@id\":\"https:\/\/vieassociative.be\/actualites\/paasch-admet-les-echecs-dans-la-mise-en-oeuvre-de-lexpansion-de-la-fibre-optique-par-la-goofibre-dans-lest-de-la-belgique\/#primaryimage\"},\"thumbnailUrl\":\"https:\/\/vieassociative.be\/actualites\/wp-content\/uploads\/2025\/06\/1750299463_Paasch-admet-les-echecs-dans-la-mise-en-oeuvre-de.jpg\",\"datePublished\":\"2025-06-19T02:17:42+00:00\",\"dateModified\":\"2025-06-19T02:17:42+00:00\",\"breadcrumb\":{\"@id\":\"https:\/\/vieassociative.be\/actualites\/paasch-admet-les-echecs-dans-la-mise-en-oeuvre-de-lexpansion-de-la-fibre-optique-par-la-goofibre-dans-lest-de-la-belgique\/#breadcrumb\"},\"inLanguage\":\"fr-BE\",\"potentialAction\":[{\"@type\":\"ReadAction\",\"target\":[\"https:\/\/vieassociative.be\/actualites\/paasch-admet-les-echecs-dans-la-mise-en-oeuvre-de-lexpansion-de-la-fibre-optique-par-la-goofibre-dans-lest-de-la-belgique\/\"]}]},{\"@type\":\"ImageObject\",\"inLanguage\":\"fr-BE\",\"@id\":\"https:\/\/vieassociative.be\/actualites\/paasch-admet-les-echecs-dans-la-mise-en-oeuvre-de-lexpansion-de-la-fibre-optique-par-la-goofibre-dans-lest-de-la-belgique\/#primaryimage\",\"url\":\"https:\/\/vieassociative.be\/actualites\/wp-content\/uploads\/2025\/06\/1750299463_Paasch-admet-les-echecs-dans-la-mise-en-oeuvre-de.jpg\",\"contentUrl\":\"https:\/\/vieassociative.be\/actualites\/wp-content\/uploads\/2025\/06\/1750299463_Paasch-admet-les-echecs-dans-la-mise-en-oeuvre-de.jpg\",\"width\":1200,\"height\":800,\"caption\":\"Paasch admet les \u00e9checs dans la mise en \u0153uvre de l'expansion de la fibre optique par la goofibre dans l'est de la Belgique\"},{\"@type\":\"BreadcrumbList\",\"@id\":\"https:\/\/vieassociative.be\/actualites\/paasch-admet-les-echecs-dans-la-mise-en-oeuvre-de-lexpansion-de-la-fibre-optique-par-la-goofibre-dans-lest-de-la-belgique\/#breadcrumb\",\"itemListElement\":[{\"@type\":\"ListItem\",\"position\":1,\"name\":\"Accueil\",\"item\":\"https:\/\/vieassociative.be\/actualites\/\"},{\"@type\":\"ListItem\",\"position\":2,\"name\":\"Paasch admet les \u00e9checs dans la mise en \u0153uvre de l&rsquo;expansion de la fibre optique par la goofibre dans l&rsquo;est de la Belgique\"}]},{\"@type\":\"WebSite\",\"@id\":\"https:\/\/vieassociative.be\/actualites\/#website\",\"url\":\"https:\/\/vieassociative.be\/actualites\/\",\"name\":\"Vie Associative\",\"description\":\"\",\"publisher\":{\"@id\":\"https:\/\/vieassociative.be\/actualites\/#organization\"},\"potentialAction\":[{\"@type\":\"SearchAction\",\"target\":{\"@type\":\"EntryPoint\",\"urlTemplate\":\"https:\/\/vieassociative.be\/actualites\/?s={search_term_string}\"},\"query-input\":{\"@type\":\"PropertyValueSpecification\",\"valueRequired\":true,\"valueName\":\"search_term_string\"}}],\"inLanguage\":\"fr-BE\"},{\"@type\":\"Organization\",\"@id\":\"https:\/\/vieassociative.be\/actualites\/#organization\",\"name\":\"Vie Associative\",\"url\":\"https:\/\/vieassociative.be\/actualites\/\",\"logo\":{\"@type\":\"ImageObject\",\"inLanguage\":\"fr-BE\",\"@id\":\"https:\/\/vieassociative.be\/actualites\/#\/schema\/logo\/image\/\",\"url\":\"https:\/\/vieassociative.be\/actualites\/wp-content\/uploads\/2024\/09\/cropped-vieassociative_favicon.ico.png\",\"contentUrl\":\"https:\/\/vieassociative.be\/actualites\/wp-content\/uploads\/2024\/09\/cropped-vieassociative_favicon.ico.png\",\"width\":512,\"height\":512,\"caption\":\"Vie Associative\"},\"image\":{\"@id\":\"https:\/\/vieassociative.be\/actualites\/#\/schema\/logo\/image\/\"}},{\"@type\":\"Person\",\"@id\":\"https:\/\/vieassociative.be\/actualites\/#\/schema\/person\/b87ac4f82f9d4e7b7cec7395b679edc4\",\"name\":\"Julien\",\"image\":{\"@type\":\"ImageObject\",\"inLanguage\":\"fr-BE\",\"@id\":\"https:\/\/vieassociative.be\/actualites\/#\/schema\/person\/image\/\",\"url\":\"https:\/\/vieassociative.be\/actualites\/wp-content\/uploads\/2024\/09\/vie-associative-1-150x150.jpg\",\"contentUrl\":\"https:\/\/vieassociative.be\/actualites\/wp-content\/uploads\/2024\/09\/vie-associative-1-150x150.jpg\",\"caption\":\"Julien\"},\"description\":\"Je suis Julien, r\u00e9dacteur pour Vie Associative. Passionn\u00e9 par le monde associatif depuis plus de 10 ans, j'ai \u00e0 c\u0153ur de partager des histoires inspirantes et de mettre en lumi\u00e8re les initiatives locales. Mon objectif est de sensibiliser et d'encourager l'engagement communautaire \u00e0 travers mes articles.\",\"sameAs\":[\"https:\/\/vieassociative.be\/\"]}]}<\/script>\n<!-- \/ Yoast SEO plugin. -->","yoast_head_json":{"title":"Paasch admet les \u00e9checs dans la mise en \u0153uvre de l'expansion de la fibre optique par la goofibre dans l'est de la Belgique | Vie Associative","robots":{"index":"index","follow":"follow","max-snippet":"max-snippet:-1","max-image-preview":"max-image-preview:large","max-video-preview":"max-video-preview:-1"},"canonical":"https:\/\/vieassociative.be\/actualites\/paasch-admet-les-echecs-dans-la-mise-en-oeuvre-de-lexpansion-de-la-fibre-optique-par-la-goofibre-dans-lest-de-la-belgique\/","og_locale":"fr_FR","og_type":"article","og_title":"Paasch admet les \u00e9checs dans la mise en \u0153uvre de l'expansion de la fibre optique par la goofibre dans l'est de la Belgique | Vie Associative","og_description":"L&rsquo;expansion nationale des fibres de verre en Belgique est le projet de vitrine europ\u00e9enne de num\u00e9risation dans les zones rurales. Selon le gouvernement DG, les","og_url":"https:\/\/vieassociative.be\/actualites\/paasch-admet-les-echecs-dans-la-mise-en-oeuvre-de-lexpansion-de-la-fibre-optique-par-la-goofibre-dans-lest-de-la-belgique\/","og_site_name":"Vie Associative","article_published_time":"2025-06-19T02:17:42+00:00","og_image":[{"width":279,"height":92,"url":"https:\/\/vieassociative.be\/actualites\/wp-content\/uploads\/2024\/09\/header_backgroundk-01-e1726694325946.png","type":"image\/png"}],"author":"Julien","twitter_card":"summary_large_image","twitter_misc":{"\u00c9crit par":"Julien","Dur\u00e9e de lecture est.":"4 minutes"},"schema":{"@context":"https:\/\/schema.org","@graph":[{"@type":"Article","@id":"https:\/\/vieassociative.be\/actualites\/paasch-admet-les-echecs-dans-la-mise-en-oeuvre-de-lexpansion-de-la-fibre-optique-par-la-goofibre-dans-lest-de-la-belgique\/#article","isPartOf":{"@id":"https:\/\/vieassociative.be\/actualites\/paasch-admet-les-echecs-dans-la-mise-en-oeuvre-de-lexpansion-de-la-fibre-optique-par-la-goofibre-dans-lest-de-la-belgique\/"},"author":{"name":"Julien","@id":"https:\/\/vieassociative.be\/actualites\/#\/schema\/person\/b87ac4f82f9d4e7b7cec7395b679edc4"},"headline":"Paasch admet les \u00e9checs dans la mise en \u0153uvre de l&rsquo;expansion de la fibre optique par la goofibre dans l&rsquo;est de la Belgique","datePublished":"2025-06-19T02:17:42+00:00","dateModified":"2025-06-19T02:17:42+00:00","mainEntityOfPage":{"@id":"https:\/\/vieassociative.be\/actualites\/paasch-admet-les-echecs-dans-la-mise-en-oeuvre-de-lexpansion-de-la-fibre-optique-par-la-goofibre-dans-lest-de-la-belgique\/"},"wordCount":747,"publisher":{"@id":"https:\/\/vieassociative.be\/actualites\/#organization"},"image":{"@id":"https:\/\/vieassociative.be\/actualites\/paasch-admet-les-echecs-dans-la-mise-en-oeuvre-de-lexpansion-de-la-fibre-optique-par-la-goofibre-dans-lest-de-la-belgique\/#primaryimage"},"thumbnailUrl":"https:\/\/vieassociative.be\/actualites\/wp-content\/uploads\/2025\/06\/1750299463_Paasch-admet-les-echecs-dans-la-mise-en-oeuvre-de.jpg","keywords":["admet","Belgique","dans","\u00e9checs","fibre","goofibre","Les","lexpansion","mise","\u0153uvre","optique","Paasch","par"],"articleSection":["Belgique"],"inLanguage":"fr-BE"},{"@type":"WebPage","@id":"https:\/\/vieassociative.be\/actualites\/paasch-admet-les-echecs-dans-la-mise-en-oeuvre-de-lexpansion-de-la-fibre-optique-par-la-goofibre-dans-lest-de-la-belgique\/","url":"https:\/\/vieassociative.be\/actualites\/paasch-admet-les-echecs-dans-la-mise-en-oeuvre-de-lexpansion-de-la-fibre-optique-par-la-goofibre-dans-lest-de-la-belgique\/","name":"Paasch admet les \u00e9checs dans la mise en \u0153uvre de l'expansion de la fibre optique par la goofibre dans l'est de la Belgique | Vie Associative","isPartOf":{"@id":"https:\/\/vieassociative.be\/actualites\/#website"},"primaryImageOfPage":{"@id":"https:\/\/vieassociative.be\/actualites\/paasch-admet-les-echecs-dans-la-mise-en-oeuvre-de-lexpansion-de-la-fibre-optique-par-la-goofibre-dans-lest-de-la-belgique\/#primaryimage"},"image":{"@id":"https:\/\/vieassociative.be\/actualites\/paasch-admet-les-echecs-dans-la-mise-en-oeuvre-de-lexpansion-de-la-fibre-optique-par-la-goofibre-dans-lest-de-la-belgique\/#primaryimage"},"thumbnailUrl":"https:\/\/vieassociative.be\/actualites\/wp-content\/uploads\/2025\/06\/1750299463_Paasch-admet-les-echecs-dans-la-mise-en-oeuvre-de.jpg","datePublished":"2025-06-19T02:17:42+00:00","dateModified":"2025-06-19T02:17:42+00:00","breadcrumb":{"@id":"https:\/\/vieassociative.be\/actualites\/paasch-admet-les-echecs-dans-la-mise-en-oeuvre-de-lexpansion-de-la-fibre-optique-par-la-goofibre-dans-lest-de-la-belgique\/#breadcrumb"},"inLanguage":"fr-BE","potentialAction":[{"@type":"ReadAction","target":["https:\/\/vieassociative.be\/actualites\/paasch-admet-les-echecs-dans-la-mise-en-oeuvre-de-lexpansion-de-la-fibre-optique-par-la-goofibre-dans-lest-de-la-belgique\/"]}]},{"@type":"ImageObject","inLanguage":"fr-BE","@id":"https:\/\/vieassociative.be\/actualites\/paasch-admet-les-echecs-dans-la-mise-en-oeuvre-de-lexpansion-de-la-fibre-optique-par-la-goofibre-dans-lest-de-la-belgique\/#primaryimage","url":"https:\/\/vieassociative.be\/actualites\/wp-content\/uploads\/2025\/06\/1750299463_Paasch-admet-les-echecs-dans-la-mise-en-oeuvre-de.jpg","contentUrl":"https:\/\/vieassociative.be\/actualites\/wp-content\/uploads\/2025\/06\/1750299463_Paasch-admet-les-echecs-dans-la-mise-en-oeuvre-de.jpg","width":1200,"height":800,"caption":"Paasch admet les \u00e9checs dans la mise en \u0153uvre de l'expansion de la fibre optique par la goofibre dans l'est de la Belgique"},{"@type":"BreadcrumbList","@id":"https:\/\/vieassociative.be\/actualites\/paasch-admet-les-echecs-dans-la-mise-en-oeuvre-de-lexpansion-de-la-fibre-optique-par-la-goofibre-dans-lest-de-la-belgique\/#breadcrumb","itemListElement":[{"@type":"ListItem","position":1,"name":"Accueil","item":"https:\/\/vieassociative.be\/actualites\/"},{"@type":"ListItem","position":2,"name":"Paasch admet les \u00e9checs dans la mise en \u0153uvre de l&rsquo;expansion de la fibre optique par la goofibre dans l&rsquo;est de la Belgique"}]},{"@type":"WebSite","@id":"https:\/\/vieassociative.be\/actualites\/#website","url":"https:\/\/vieassociative.be\/actualites\/","name":"Vie Associative","description":"","publisher":{"@id":"https:\/\/vieassociative.be\/actualites\/#organization"},"potentialAction":[{"@type":"SearchAction","target":{"@type":"EntryPoint","urlTemplate":"https:\/\/vieassociative.be\/actualites\/?s={search_term_string}"},"query-input":{"@type":"PropertyValueSpecification","valueRequired":true,"valueName":"search_term_string"}}],"inLanguage":"fr-BE"},{"@type":"Organization","@id":"https:\/\/vieassociative.be\/actualites\/#organization","name":"Vie Associative","url":"https:\/\/vieassociative.be\/actualites\/","logo":{"@type":"ImageObject","inLanguage":"fr-BE","@id":"https:\/\/vieassociative.be\/actualites\/#\/schema\/logo\/image\/","url":"https:\/\/vieassociative.be\/actualites\/wp-content\/uploads\/2024\/09\/cropped-vieassociative_favicon.ico.png","contentUrl":"https:\/\/vieassociative.be\/actualites\/wp-content\/uploads\/2024\/09\/cropped-vieassociative_favicon.ico.png","width":512,"height":512,"caption":"Vie Associative"},"image":{"@id":"https:\/\/vieassociative.be\/actualites\/#\/schema\/logo\/image\/"}},{"@type":"Person","@id":"https:\/\/vieassociative.be\/actualites\/#\/schema\/person\/b87ac4f82f9d4e7b7cec7395b679edc4","name":"Julien","image":{"@type":"ImageObject","inLanguage":"fr-BE","@id":"https:\/\/vieassociative.be\/actualites\/#\/schema\/person\/image\/","url":"https:\/\/vieassociative.be\/actualites\/wp-content\/uploads\/2024\/09\/vie-associative-1-150x150.jpg","contentUrl":"https:\/\/vieassociative.be\/actualites\/wp-content\/uploads\/2024\/09\/vie-associative-1-150x150.jpg","caption":"Julien"},"description":"Je suis Julien, r\u00e9dacteur pour Vie Associative. Passionn\u00e9 par le monde associatif depuis plus de 10 ans, j'ai \u00e0 c\u0153ur de partager des histoires inspirantes et de mettre en lumi\u00e8re les initiatives locales. Mon objectif est de sensibiliser et d'encourager l'engagement communautaire \u00e0 travers mes articles.","sameAs":["https:\/\/vieassociative.be\/"]}]}},"_links":{"self":[{"href":"https:\/\/vieassociative.be\/actualites\/wp-json\/wp\/v2\/posts\/8261"}],"collection":[{"href":"https:\/\/vieassociative.be\/actualites\/wp-json\/wp\/v2\/posts"}],"about":[{"href":"https:\/\/vieassociative.be\/actualites\/wp-json\/wp\/v2\/types\/post"}],"author":[{"embeddable":true,"href":"https:\/\/vieassociative.be\/actualites\/wp-json\/wp\/v2\/users\/1"}],"replies":[{"embeddable":true,"href":"https:\/\/vieassociative.be\/actualites\/wp-json\/wp\/v2\/comments?post=8261"}],"version-history":[{"count":0,"href":"https:\/\/vieassociative.be\/actualites\/wp-json\/wp\/v2\/posts\/8261\/revisions"}],"wp:featuredmedia":[{"embeddable":true,"href":"https:\/\/vieassociative.be\/actualites\/wp-json\/wp\/v2\/media\/8262"}],"wp:attachment":[{"href":"https:\/\/vieassociative.be\/actualites\/wp-json\/wp\/v2\/media?parent=8261"}],"wp:term":[{"taxonomy":"category","embeddable":true,"href":"https:\/\/vieassociative.be\/actualites\/wp-json\/wp\/v2\/categories?post=8261"},{"taxonomy":"post_tag","embeddable":true,"href":"https:\/\/vieassociative.be\/actualites\/wp-json\/wp\/v2\/tags?post=8261"}],"curies":[{"name":"wp","href":"https:\/\/api.w.org\/{rel}","templated":true}]}}