{"id":8257,"date":"2025-06-18T22:18:55","date_gmt":"2025-06-18T20:18:55","guid":{"rendered":"https:\/\/vieassociative.be\/actualites\/un-autre-enfant-decede-en-cas-daccident-avec-une-voiture-de-police\/"},"modified":"2025-06-18T22:18:55","modified_gmt":"2025-06-18T20:18:55","slug":"un-autre-enfant-decede-en-cas-daccident-avec-une-voiture-de-police","status":"publish","type":"post","link":"https:\/\/vieassociative.be\/actualites\/un-autre-enfant-decede-en-cas-daccident-avec-une-voiture-de-police\/","title":{"rendered":"Un autre enfant d\u00e9c\u00e8de en cas d&rsquo;accident avec une voiture de police"},"content":{"rendered":"<p><strong>Encore une fois, un enfant en Belgique est tu\u00e9 dans une collision avec la police. Les fonctionnaires auraient \u00e9t\u00e9 sur le chemin du pari avec des lumi\u00e8res clignotantes.<\/strong><\/p>\n<p><span id=\"more-417938\"><\/span>Un enfant de neuf ans a \u00e9t\u00e9 frapp\u00e9 et est d\u00e9c\u00e9d\u00e9 par une voiture de police \u00e0 Anvers. Selon les premi\u00e8res conclusions, le gar\u00e7on aurait travers\u00e9 la rue le matin lorsque la voiture est pass\u00e9e sur le chemin d&rsquo;une mission, comme l&rsquo;a d\u00e9clar\u00e9 le procureur responsable.<\/p>\n<p>Selon le procureur, l&rsquo;accident sur un passage pour pi\u00e9tons s&rsquo;est produit juste derri\u00e8re une intersection. Le conducteur de 25 ans de la voiture d&rsquo;urgence aurait \u00e9t\u00e9 sur la route avec des lumi\u00e8res clignotantes et Martinshorn. Apr\u00e8s la collision, le gar\u00e7on est tomb\u00e9 et s&rsquo;est \u00e9cras\u00e9 dans une autre voiture de police qui se trouvait de l&rsquo;autre c\u00f4t\u00e9 de la rue.<\/p>\n<div id=\"attachment_417943\" class=\"wp-caption alignleft\" style=\"max-width: 300px\"><img fetchpriority=\"high\" decoding=\"async\" class=\"wp-image-417943 size-medium\" src=\"https:\/\/vieassociative.be\/actualites\/wp-content\/uploads\/2025\/06\/Un-autre-enfant-decede-en-cas-daccident-avec-une-voiture.jpg\" alt=\"\" width=\"300\" height=\"200\"><\/p>\n<p class=\"wp-caption-text\">18.06.2025, Belgique, Anvers: Les forces de police de la police sont sur les lieux de l&rsquo;accident apr\u00e8s un accident de la circulation, dans lequel un enfant a \u00e9t\u00e9 couvert et est d\u00e9c\u00e9d\u00e9 par une voiture de police. Photo: Jonas Roosens \/ Belga \/ DPA<\/p>\n<\/div>\n<p>Les responsables avaient tent\u00e9 de fournir les premiers soins en attendant les secouristes. Le gar\u00e7on est mort sur les lieux de l&rsquo;accident. L&rsquo;enqu\u00eate sur le cours de l&rsquo;accident est en cours.<\/p>\n<p><strong>&#8211; Accident grave il y a seulement quelques semaines:<\/strong> Il y a quelques semaines \u00e0 peine, un gar\u00e7on est d\u00e9c\u00e9d\u00e9 dans la capitale belge de Bruxelles sur un e-scooter apr\u00e8s une poursuite avec la police. Le conducteur de la voiture de police est en r\u00e9sidence surveill\u00e9e avec un bracelet de cheville \u00e9lectronique.<\/p>\n<p>Selon le procureur de Bruxelles, le policier est accus\u00e9 de \u00abhandicap maligne de la circulation\u00bb. Une peine de 20 \u00e0 30 ans de prison est pr\u00e9vue pour cette loi.<\/p>\n<p>Comme l&rsquo;a annonc\u00e9 le procureur, un homme fait actuellement l&rsquo;objet d&rsquo;une enqu\u00eate qui aurait transmis des informations sur l&rsquo;accident \u00e0 la presse. Il avait d\u00e9j\u00e0 \u00e9t\u00e9 interrog\u00e9. La mort du gar\u00e7on n\u00e9 en 2013 concerne le pays, la sympathie est grande. (DPA \/ CRE)<\/p>\n<p><em><strong>Sur le sujet, voir \u00e9galement l&rsquo;article suivant sur OD:<\/strong><\/em><\/p>\n<div class=\"responsive-embed widescreen\">\n<blockquote class=\"wp-embedded-content\" data-secret=\"CJpKhijGPq\">\n<p>Fabian, 11 ans, tu\u00e9 par une voiture de police dans un parc \u00e0 Ganshoren: arr\u00eat du mandat contre des policiers<\/p>\n<\/blockquote>\n<p><iframe loading=\"lazy\" class=\"wp-embedded-content\" sandbox=\"allow-scripts\" security=\"restricted\" style=\"position: absolute; visibility: hidden;\" title=\"\u201e11-j\u00e4hriger Fabian in einem Park in Ganshoren durch ein Polizeiauto get\u00f6tet:  Haftbefehl gegen Polizisten\u201c \u2014 Ostbelgien Direkt\" src=\"https:\/\/ostbelgiendirekt.be\/about:blank\" data-secret=\"CJpKhijGPq\" width=\"500\" height=\"282\" frameborder=\"0\" marginwidth=\"0\" marginheight=\"0\" scrolling=\"no\" data-rocket-lazyload=\"fitvidscompatible\" data-lazy-src=\"https:\/\/ostbelgiendirekt.be\/fabian-von-polizeiauto-erfasst-416997\/embed#?secret=TABVyM98lZ#?secret=CJpKhijGPq\"><\/iframe><noscript><iframe class=\"wp-embedded-content\" sandbox=\"allow-scripts\" security=\"restricted\" style=\"position: absolute; visibility: hidden;\" title=\"\u201e11-j\u00e4hriger Fabian in einem Park in Ganshoren durch ein Polizeiauto get\u00f6tet:  Haftbefehl gegen Polizisten\u201c \u2014 Ostbelgien Direkt\" src=\"https:\/\/ostbelgiendirekt.be\/fabian-von-polizeiauto-erfasst-416997\/embed#?secret=TABVyM98lZ#?secret=CJpKhijGPq\" data-secret=\"CJpKhijGPq\" width=\"500\" height=\"282\" frameborder=\"0\" marginwidth=\"0\" marginheight=\"0\" scrolling=\"no\"><\/iframe><\/noscript><\/p>\n<\/div>\n","protected":false},"excerpt":{"rendered":"<p>Encore une fois, un enfant en Belgique est tu\u00e9 dans une collision avec la police. Les fonctionnaires auraient \u00e9t\u00e9 sur le chemin du pari avec<\/p>\n","protected":false},"author":1,"featured_media":8258,"comment_status":"","ping_status":"","sticky":false,"template":"","format":"standard","meta":{"footnotes":""},"categories":[298],"tags":[3090,61,2691,7451,1223,295,2741,110,1229],"class_list":["post-8257","post","type-post","status-publish","format-standard","has-post-thumbnail","hentry","category-belgique","tag-autre","tag-avec","tag-cas","tag-daccident","tag-decede","tag-enfant","tag-police","tag-une","tag-voiture","generate-columns","tablet-grid-50","mobile-grid-100","grid-parent","grid-33"],"yoast_head":"<!-- This site is optimized with the Yoast SEO plugin v24.0 - https:\/\/yoast.com\/wordpress\/plugins\/seo\/ -->\n<title>Un autre enfant d\u00e9c\u00e8de en cas d&#039;accident avec une voiture de police | Vie Associative<\/title>\n<meta name=\"robots\" content=\"index, follow, max-snippet:-1, max-image-preview:large, max-video-preview:-1\" \/>\n<link rel=\"canonical\" href=\"https:\/\/vieassociative.be\/actualites\/un-autre-enfant-decede-en-cas-daccident-avec-une-voiture-de-police\/\" \/>\n<meta property=\"og:locale\" content=\"fr_FR\" \/>\n<meta property=\"og:type\" content=\"article\" \/>\n<meta property=\"og:title\" content=\"Un autre enfant d\u00e9c\u00e8de en cas d&#039;accident avec une voiture de police | Vie Associative\" \/>\n<meta property=\"og:description\" content=\"Encore une fois, un enfant en Belgique est tu\u00e9 dans une collision avec la police. Les fonctionnaires auraient \u00e9t\u00e9 sur le chemin du pari avec\" \/>\n<meta property=\"og:url\" content=\"https:\/\/vieassociative.be\/actualites\/un-autre-enfant-decede-en-cas-daccident-avec-une-voiture-de-police\/\" \/>\n<meta property=\"og:site_name\" content=\"Vie Associative\" \/>\n<meta property=\"article:published_time\" content=\"2025-06-18T20:18:55+00:00\" \/>\n<meta property=\"og:image\" content=\"https:\/\/vieassociative.be\/actualites\/wp-content\/uploads\/2024\/09\/header_backgroundk-01-e1726694325946.png\" \/>\n\t<meta property=\"og:image:width\" content=\"279\" \/>\n\t<meta property=\"og:image:height\" content=\"92\" \/>\n\t<meta property=\"og:image:type\" content=\"image\/png\" \/>\n<meta name=\"author\" content=\"Julien\" \/>\n<meta name=\"twitter:card\" content=\"summary_large_image\" \/>\n<meta name=\"twitter:label1\" content=\"\u00c9crit par\" \/>\n\t<meta name=\"twitter:data1\" content=\"Julien\" \/>\n\t<meta name=\"twitter:label2\" content=\"Dur\u00e9e de lecture est.\" \/>\n\t<meta name=\"twitter:data2\" content=\"2 minutes\" \/>\n<script type=\"application\/ld+json\" class=\"yoast-schema-graph\">{\"@context\":\"https:\/\/schema.org\",\"@graph\":[{\"@type\":\"Article\",\"@id\":\"https:\/\/vieassociative.be\/actualites\/un-autre-enfant-decede-en-cas-daccident-avec-une-voiture-de-police\/#article\",\"isPartOf\":{\"@id\":\"https:\/\/vieassociative.be\/actualites\/un-autre-enfant-decede-en-cas-daccident-avec-une-voiture-de-police\/\"},\"author\":{\"name\":\"Julien\",\"@id\":\"https:\/\/vieassociative.be\/actualites\/#\/schema\/person\/b87ac4f82f9d4e7b7cec7395b679edc4\"},\"headline\":\"Un autre enfant d\u00e9c\u00e8de en cas d&rsquo;accident avec une voiture de police\",\"datePublished\":\"2025-06-18T20:18:55+00:00\",\"dateModified\":\"2025-06-18T20:18:55+00:00\",\"mainEntityOfPage\":{\"@id\":\"https:\/\/vieassociative.be\/actualites\/un-autre-enfant-decede-en-cas-daccident-avec-une-voiture-de-police\/\"},\"wordCount\":409,\"publisher\":{\"@id\":\"https:\/\/vieassociative.be\/actualites\/#organization\"},\"image\":{\"@id\":\"https:\/\/vieassociative.be\/actualites\/un-autre-enfant-decede-en-cas-daccident-avec-une-voiture-de-police\/#primaryimage\"},\"thumbnailUrl\":\"https:\/\/vieassociative.be\/actualites\/wp-content\/uploads\/2025\/06\/1750277935_Un-autre-enfant-decede-en-cas-daccident-avec-une-voiture.jpg\",\"keywords\":[\"autre\",\"avec\",\"cas\",\"daccident\",\"d\u00e9c\u00e9d\u00e9\",\"enfant\",\"police\",\"une\",\"voiture\"],\"articleSection\":[\"Belgique\"],\"inLanguage\":\"fr-BE\"},{\"@type\":\"WebPage\",\"@id\":\"https:\/\/vieassociative.be\/actualites\/un-autre-enfant-decede-en-cas-daccident-avec-une-voiture-de-police\/\",\"url\":\"https:\/\/vieassociative.be\/actualites\/un-autre-enfant-decede-en-cas-daccident-avec-une-voiture-de-police\/\",\"name\":\"Un autre enfant d\u00e9c\u00e8de en cas d'accident avec une voiture de police | Vie Associative\",\"isPartOf\":{\"@id\":\"https:\/\/vieassociative.be\/actualites\/#website\"},\"primaryImageOfPage\":{\"@id\":\"https:\/\/vieassociative.be\/actualites\/un-autre-enfant-decede-en-cas-daccident-avec-une-voiture-de-police\/#primaryimage\"},\"image\":{\"@id\":\"https:\/\/vieassociative.be\/actualites\/un-autre-enfant-decede-en-cas-daccident-avec-une-voiture-de-police\/#primaryimage\"},\"thumbnailUrl\":\"https:\/\/vieassociative.be\/actualites\/wp-content\/uploads\/2025\/06\/1750277935_Un-autre-enfant-decede-en-cas-daccident-avec-une-voiture.jpg\",\"datePublished\":\"2025-06-18T20:18:55+00:00\",\"dateModified\":\"2025-06-18T20:18:55+00:00\",\"breadcrumb\":{\"@id\":\"https:\/\/vieassociative.be\/actualites\/un-autre-enfant-decede-en-cas-daccident-avec-une-voiture-de-police\/#breadcrumb\"},\"inLanguage\":\"fr-BE\",\"potentialAction\":[{\"@type\":\"ReadAction\",\"target\":[\"https:\/\/vieassociative.be\/actualites\/un-autre-enfant-decede-en-cas-daccident-avec-une-voiture-de-police\/\"]}]},{\"@type\":\"ImageObject\",\"inLanguage\":\"fr-BE\",\"@id\":\"https:\/\/vieassociative.be\/actualites\/un-autre-enfant-decede-en-cas-daccident-avec-une-voiture-de-police\/#primaryimage\",\"url\":\"https:\/\/vieassociative.be\/actualites\/wp-content\/uploads\/2025\/06\/1750277935_Un-autre-enfant-decede-en-cas-daccident-avec-une-voiture.jpg\",\"contentUrl\":\"https:\/\/vieassociative.be\/actualites\/wp-content\/uploads\/2025\/06\/1750277935_Un-autre-enfant-decede-en-cas-daccident-avec-une-voiture.jpg\",\"width\":1200,\"height\":799,\"caption\":\"Un autre enfant d\u00e9c\u00e8de en cas d'accident avec une voiture de police\"},{\"@type\":\"BreadcrumbList\",\"@id\":\"https:\/\/vieassociative.be\/actualites\/un-autre-enfant-decede-en-cas-daccident-avec-une-voiture-de-police\/#breadcrumb\",\"itemListElement\":[{\"@type\":\"ListItem\",\"position\":1,\"name\":\"Accueil\",\"item\":\"https:\/\/vieassociative.be\/actualites\/\"},{\"@type\":\"ListItem\",\"position\":2,\"name\":\"Un autre enfant d\u00e9c\u00e8de en cas d&rsquo;accident avec une voiture de police\"}]},{\"@type\":\"WebSite\",\"@id\":\"https:\/\/vieassociative.be\/actualites\/#website\",\"url\":\"https:\/\/vieassociative.be\/actualites\/\",\"name\":\"Vie Associative\",\"description\":\"\",\"publisher\":{\"@id\":\"https:\/\/vieassociative.be\/actualites\/#organization\"},\"potentialAction\":[{\"@type\":\"SearchAction\",\"target\":{\"@type\":\"EntryPoint\",\"urlTemplate\":\"https:\/\/vieassociative.be\/actualites\/?s={search_term_string}\"},\"query-input\":{\"@type\":\"PropertyValueSpecification\",\"valueRequired\":true,\"valueName\":\"search_term_string\"}}],\"inLanguage\":\"fr-BE\"},{\"@type\":\"Organization\",\"@id\":\"https:\/\/vieassociative.be\/actualites\/#organization\",\"name\":\"Vie Associative\",\"url\":\"https:\/\/vieassociative.be\/actualites\/\",\"logo\":{\"@type\":\"ImageObject\",\"inLanguage\":\"fr-BE\",\"@id\":\"https:\/\/vieassociative.be\/actualites\/#\/schema\/logo\/image\/\",\"url\":\"https:\/\/vieassociative.be\/actualites\/wp-content\/uploads\/2024\/09\/cropped-vieassociative_favicon.ico.png\",\"contentUrl\":\"https:\/\/vieassociative.be\/actualites\/wp-content\/uploads\/2024\/09\/cropped-vieassociative_favicon.ico.png\",\"width\":512,\"height\":512,\"caption\":\"Vie Associative\"},\"image\":{\"@id\":\"https:\/\/vieassociative.be\/actualites\/#\/schema\/logo\/image\/\"}},{\"@type\":\"Person\",\"@id\":\"https:\/\/vieassociative.be\/actualites\/#\/schema\/person\/b87ac4f82f9d4e7b7cec7395b679edc4\",\"name\":\"Julien\",\"image\":{\"@type\":\"ImageObject\",\"inLanguage\":\"fr-BE\",\"@id\":\"https:\/\/vieassociative.be\/actualites\/#\/schema\/person\/image\/\",\"url\":\"https:\/\/vieassociative.be\/actualites\/wp-content\/uploads\/2024\/09\/vie-associative-1-150x150.jpg\",\"contentUrl\":\"https:\/\/vieassociative.be\/actualites\/wp-content\/uploads\/2024\/09\/vie-associative-1-150x150.jpg\",\"caption\":\"Julien\"},\"description\":\"Je suis Julien, r\u00e9dacteur pour Vie Associative. Passionn\u00e9 par le monde associatif depuis plus de 10 ans, j'ai \u00e0 c\u0153ur de partager des histoires inspirantes et de mettre en lumi\u00e8re les initiatives locales. Mon objectif est de sensibiliser et d'encourager l'engagement communautaire \u00e0 travers mes articles.\",\"sameAs\":[\"https:\/\/vieassociative.be\/\"]}]}<\/script>\n<!-- \/ Yoast SEO plugin. -->","yoast_head_json":{"title":"Un autre enfant d\u00e9c\u00e8de en cas d'accident avec une voiture de police | Vie Associative","robots":{"index":"index","follow":"follow","max-snippet":"max-snippet:-1","max-image-preview":"max-image-preview:large","max-video-preview":"max-video-preview:-1"},"canonical":"https:\/\/vieassociative.be\/actualites\/un-autre-enfant-decede-en-cas-daccident-avec-une-voiture-de-police\/","og_locale":"fr_FR","og_type":"article","og_title":"Un autre enfant d\u00e9c\u00e8de en cas d'accident avec une voiture de police | Vie Associative","og_description":"Encore une fois, un enfant en Belgique est tu\u00e9 dans une collision avec la police. Les fonctionnaires auraient \u00e9t\u00e9 sur le chemin du pari avec","og_url":"https:\/\/vieassociative.be\/actualites\/un-autre-enfant-decede-en-cas-daccident-avec-une-voiture-de-police\/","og_site_name":"Vie Associative","article_published_time":"2025-06-18T20:18:55+00:00","og_image":[{"width":279,"height":92,"url":"https:\/\/vieassociative.be\/actualites\/wp-content\/uploads\/2024\/09\/header_backgroundk-01-e1726694325946.png","type":"image\/png"}],"author":"Julien","twitter_card":"summary_large_image","twitter_misc":{"\u00c9crit par":"Julien","Dur\u00e9e de lecture est.":"2 minutes"},"schema":{"@context":"https:\/\/schema.org","@graph":[{"@type":"Article","@id":"https:\/\/vieassociative.be\/actualites\/un-autre-enfant-decede-en-cas-daccident-avec-une-voiture-de-police\/#article","isPartOf":{"@id":"https:\/\/vieassociative.be\/actualites\/un-autre-enfant-decede-en-cas-daccident-avec-une-voiture-de-police\/"},"author":{"name":"Julien","@id":"https:\/\/vieassociative.be\/actualites\/#\/schema\/person\/b87ac4f82f9d4e7b7cec7395b679edc4"},"headline":"Un autre enfant d\u00e9c\u00e8de en cas d&rsquo;accident avec une voiture de police","datePublished":"2025-06-18T20:18:55+00:00","dateModified":"2025-06-18T20:18:55+00:00","mainEntityOfPage":{"@id":"https:\/\/vieassociative.be\/actualites\/un-autre-enfant-decede-en-cas-daccident-avec-une-voiture-de-police\/"},"wordCount":409,"publisher":{"@id":"https:\/\/vieassociative.be\/actualites\/#organization"},"image":{"@id":"https:\/\/vieassociative.be\/actualites\/un-autre-enfant-decede-en-cas-daccident-avec-une-voiture-de-police\/#primaryimage"},"thumbnailUrl":"https:\/\/vieassociative.be\/actualites\/wp-content\/uploads\/2025\/06\/1750277935_Un-autre-enfant-decede-en-cas-daccident-avec-une-voiture.jpg","keywords":["autre","avec","cas","daccident","d\u00e9c\u00e9d\u00e9","enfant","police","une","voiture"],"articleSection":["Belgique"],"inLanguage":"fr-BE"},{"@type":"WebPage","@id":"https:\/\/vieassociative.be\/actualites\/un-autre-enfant-decede-en-cas-daccident-avec-une-voiture-de-police\/","url":"https:\/\/vieassociative.be\/actualites\/un-autre-enfant-decede-en-cas-daccident-avec-une-voiture-de-police\/","name":"Un autre enfant d\u00e9c\u00e8de en cas d'accident avec une voiture de police | Vie Associative","isPartOf":{"@id":"https:\/\/vieassociative.be\/actualites\/#website"},"primaryImageOfPage":{"@id":"https:\/\/vieassociative.be\/actualites\/un-autre-enfant-decede-en-cas-daccident-avec-une-voiture-de-police\/#primaryimage"},"image":{"@id":"https:\/\/vieassociative.be\/actualites\/un-autre-enfant-decede-en-cas-daccident-avec-une-voiture-de-police\/#primaryimage"},"thumbnailUrl":"https:\/\/vieassociative.be\/actualites\/wp-content\/uploads\/2025\/06\/1750277935_Un-autre-enfant-decede-en-cas-daccident-avec-une-voiture.jpg","datePublished":"2025-06-18T20:18:55+00:00","dateModified":"2025-06-18T20:18:55+00:00","breadcrumb":{"@id":"https:\/\/vieassociative.be\/actualites\/un-autre-enfant-decede-en-cas-daccident-avec-une-voiture-de-police\/#breadcrumb"},"inLanguage":"fr-BE","potentialAction":[{"@type":"ReadAction","target":["https:\/\/vieassociative.be\/actualites\/un-autre-enfant-decede-en-cas-daccident-avec-une-voiture-de-police\/"]}]},{"@type":"ImageObject","inLanguage":"fr-BE","@id":"https:\/\/vieassociative.be\/actualites\/un-autre-enfant-decede-en-cas-daccident-avec-une-voiture-de-police\/#primaryimage","url":"https:\/\/vieassociative.be\/actualites\/wp-content\/uploads\/2025\/06\/1750277935_Un-autre-enfant-decede-en-cas-daccident-avec-une-voiture.jpg","contentUrl":"https:\/\/vieassociative.be\/actualites\/wp-content\/uploads\/2025\/06\/1750277935_Un-autre-enfant-decede-en-cas-daccident-avec-une-voiture.jpg","width":1200,"height":799,"caption":"Un autre enfant d\u00e9c\u00e8de en cas d'accident avec une voiture de police"},{"@type":"BreadcrumbList","@id":"https:\/\/vieassociative.be\/actualites\/un-autre-enfant-decede-en-cas-daccident-avec-une-voiture-de-police\/#breadcrumb","itemListElement":[{"@type":"ListItem","position":1,"name":"Accueil","item":"https:\/\/vieassociative.be\/actualites\/"},{"@type":"ListItem","position":2,"name":"Un autre enfant d\u00e9c\u00e8de en cas d&rsquo;accident avec une voiture de police"}]},{"@type":"WebSite","@id":"https:\/\/vieassociative.be\/actualites\/#website","url":"https:\/\/vieassociative.be\/actualites\/","name":"Vie Associative","description":"","publisher":{"@id":"https:\/\/vieassociative.be\/actualites\/#organization"},"potentialAction":[{"@type":"SearchAction","target":{"@type":"EntryPoint","urlTemplate":"https:\/\/vieassociative.be\/actualites\/?s={search_term_string}"},"query-input":{"@type":"PropertyValueSpecification","valueRequired":true,"valueName":"search_term_string"}}],"inLanguage":"fr-BE"},{"@type":"Organization","@id":"https:\/\/vieassociative.be\/actualites\/#organization","name":"Vie Associative","url":"https:\/\/vieassociative.be\/actualites\/","logo":{"@type":"ImageObject","inLanguage":"fr-BE","@id":"https:\/\/vieassociative.be\/actualites\/#\/schema\/logo\/image\/","url":"https:\/\/vieassociative.be\/actualites\/wp-content\/uploads\/2024\/09\/cropped-vieassociative_favicon.ico.png","contentUrl":"https:\/\/vieassociative.be\/actualites\/wp-content\/uploads\/2024\/09\/cropped-vieassociative_favicon.ico.png","width":512,"height":512,"caption":"Vie Associative"},"image":{"@id":"https:\/\/vieassociative.be\/actualites\/#\/schema\/logo\/image\/"}},{"@type":"Person","@id":"https:\/\/vieassociative.be\/actualites\/#\/schema\/person\/b87ac4f82f9d4e7b7cec7395b679edc4","name":"Julien","image":{"@type":"ImageObject","inLanguage":"fr-BE","@id":"https:\/\/vieassociative.be\/actualites\/#\/schema\/person\/image\/","url":"https:\/\/vieassociative.be\/actualites\/wp-content\/uploads\/2024\/09\/vie-associative-1-150x150.jpg","contentUrl":"https:\/\/vieassociative.be\/actualites\/wp-content\/uploads\/2024\/09\/vie-associative-1-150x150.jpg","caption":"Julien"},"description":"Je suis Julien, r\u00e9dacteur pour Vie Associative. Passionn\u00e9 par le monde associatif depuis plus de 10 ans, j'ai \u00e0 c\u0153ur de partager des histoires inspirantes et de mettre en lumi\u00e8re les initiatives locales. Mon objectif est de sensibiliser et d'encourager l'engagement communautaire \u00e0 travers mes articles.","sameAs":["https:\/\/vieassociative.be\/"]}]}},"_links":{"self":[{"href":"https:\/\/vieassociative.be\/actualites\/wp-json\/wp\/v2\/posts\/8257"}],"collection":[{"href":"https:\/\/vieassociative.be\/actualites\/wp-json\/wp\/v2\/posts"}],"about":[{"href":"https:\/\/vieassociative.be\/actualites\/wp-json\/wp\/v2\/types\/post"}],"author":[{"embeddable":true,"href":"https:\/\/vieassociative.be\/actualites\/wp-json\/wp\/v2\/users\/1"}],"replies":[{"embeddable":true,"href":"https:\/\/vieassociative.be\/actualites\/wp-json\/wp\/v2\/comments?post=8257"}],"version-history":[{"count":0,"href":"https:\/\/vieassociative.be\/actualites\/wp-json\/wp\/v2\/posts\/8257\/revisions"}],"wp:featuredmedia":[{"embeddable":true,"href":"https:\/\/vieassociative.be\/actualites\/wp-json\/wp\/v2\/media\/8258"}],"wp:attachment":[{"href":"https:\/\/vieassociative.be\/actualites\/wp-json\/wp\/v2\/media?parent=8257"}],"wp:term":[{"taxonomy":"category","embeddable":true,"href":"https:\/\/vieassociative.be\/actualites\/wp-json\/wp\/v2\/categories?post=8257"},{"taxonomy":"post_tag","embeddable":true,"href":"https:\/\/vieassociative.be\/actualites\/wp-json\/wp\/v2\/tags?post=8257"}],"curies":[{"name":"wp","href":"https:\/\/api.w.org\/{rel}","templated":true}]}}