{"id":8255,"date":"2025-06-18T21:18:30","date_gmt":"2025-06-18T19:18:30","guid":{"rendered":"https:\/\/vieassociative.be\/actualites\/six-facons-de-vous-proteger-contre-un-terrible-proprietaire\/"},"modified":"2025-06-18T21:18:30","modified_gmt":"2025-06-18T19:18:30","slug":"six-facons-de-vous-proteger-contre-un-terrible-proprietaire","status":"publish","type":"post","link":"https:\/\/vieassociative.be\/actualites\/six-facons-de-vous-proteger-contre-un-terrible-proprietaire\/","title":{"rendered":"Six fa\u00e7ons de vous prot\u00e9ger contre un terrible propri\u00e9taire"},"content":{"rendered":"<div class=\"mt-4 leading-6 md:mb-8\">Voici ce qu&rsquo;il faut faire si votre propri\u00e9taire est impoli, agressif ou autrement horrible.<\/div>\n<p><\/p>\n<p>Les propri\u00e9taires sont avec nous depuis tr\u00e8s longtemps &#8211; les gens louent des maisons \u00e0 d&rsquo;autres depuis des milliers d&rsquo;ann\u00e9es. Il y a environ 10 millions de propri\u00e9taires individuels aux \u00c9tats-Unis, et si vous \u00eates un locataire, vous savez que l&rsquo;exp\u00e9rience peut varier consid\u00e9rablement. Il y a de formidables propri\u00e9taires qui sautent rapidement en r\u00e9paration, essaient de garder les loyers raisonnables et comprennent que leurs locataires sont des \u00eatres humains. Mais il y a aussi de terribles propri\u00e9taires qui traitent terriblement leurs locataires, ce qui peut rendre la vie quotidienne stressante et d\u00e9sagr\u00e9able.<\/p>\n<p>Si vous vous concentriez sur la propri\u00e9t\u00e9 au lieu de la personne et que vous avez manqu\u00e9 les signes d&rsquo;un mauvais propri\u00e9taire, vous pourriez vous sentir impuissant. Apr\u00e8s tout, ils peuvent \u00e9lever votre loyer, vous expulser, permettre \u00e0 l&rsquo;unit\u00e9 de devenir inconfortable (ou invivable), ou simplement \u00eatre impolie et d\u00e9sagr\u00e9able dans chaque interaction. Mais vous pouvez vous riposter et vous prot\u00e9ger en prenant les mesures n\u00e9cessaires.<\/p>\n<h2 id=\"know-your-rights\">Connaissez vos droits<\/h2>\n<p>La plupart des \u00c9tats ont une certaine forme de \u00abD\u00e9claration des droits du locataire\u00bb qui d\u00e9crit vos droits en tant que locataire. Votre premi\u00e8re \u00e9tape lorsque vous traitez avec un mauvais propri\u00e9taire est de savoir quels sont ces droits et qui est responsable de leur appliquer. De nombreux \u00c9tats ont une autorit\u00e9 de logement explicite qui g\u00e8re les litiges et les plaintes des propri\u00e9taires, mais dans certains cas, vous devrez passer par le bureau du procureur g\u00e9n\u00e9ral de l&rsquo;\u00c9tat ou une autre entit\u00e9.<\/p>\n<p>En fait, il est bon de conna\u00eetre ces informations avant de signer le bail en premier lieu. Savoir quels sont vos droits et la proc\u00e9dure de d\u00e9p\u00f4t d&rsquo;une plainte \u00e0 l&rsquo;avance vous donnera un sentiment d&rsquo;autonomisation et gagnez du temps si vous d\u00e9couvrez que votre propri\u00e9taire est une mauvaise personne quand il est trop tard pour reculer.<\/p>\n<h2 id=\"set-boundaries\">Fixer des limites<\/h2>\n<p>Le harc\u00e8lement du propri\u00e9taire comprend souvent l&rsquo;acc\u00e8s \u00e0 votre maison \u00e0 votre insu ou \u00e0 votre autorisation. De nombreux propri\u00e9taires croient \u00e0 tort que, comme ils poss\u00e8dent l&rsquo;endroit, ils sont autoris\u00e9s \u00e0 entrer quand ils le souhaitent &#8211; ou ils savent mieux et s&rsquo;en moquent. Dans les deux cas, vous avez une attente d&rsquo;intimit\u00e9 et du droit de profiter de votre maison. L&rsquo;acc\u00e8s du propri\u00e9taire est g\u00e9n\u00e9ralement d\u00e9fini par la loi de l&rsquo;\u00c9tat et l&rsquo;accord de location que vous avez sign\u00e9, donc l&rsquo;examen des deux vous donnera les d\u00e9tails. Mais, en g\u00e9n\u00e9ral, les propri\u00e9taires doivent vous donner un avis lorsqu&rsquo;ils vont entrer dans la propri\u00e9t\u00e9 \u00e0 moins qu&rsquo;il ne s&rsquo;agisse d&rsquo;une situation d&rsquo;urgence.<\/p>\n<p>Si votre propri\u00e9taire continue d&rsquo;entrer dans votre espace priv\u00e9 ou vous harc\u00e8le r\u00e9guli\u00e8rement dans les zones communes de la propri\u00e9t\u00e9, commencez par fixer des limites claires. Un avis \u00e9crit d\u00e9crivant la politique d&rsquo;acc\u00e8s et de pr\u00e9avis et de demander au propri\u00e9taire de communiquer avec vous uniquement par e-mail ou par \u00e9crit est un bon point de d\u00e9part. Citez le langage sp\u00e9cifique du bail ou des lois de l&rsquo;\u00c9tat applicables pour faire bonne mesure.<\/p>\n<h2 id=\"keep-records\">Tenir les registres<\/h2>\n<p>Bien s\u00fbr, simplement dire \u00e0 votre propri\u00e9taire que vous vous attendez \u00e0 ce qu&rsquo;ils respectent vos pr\u00e9f\u00e9rences de confidentialit\u00e9 et de communication n&rsquo;est pas une garantie qu&rsquo;ils respecteront ces souhaits. La prochaine chose importante \u00e0 faire lorsqu&rsquo;il s&rsquo;agit d&rsquo;un mauvais propri\u00e9taire est de commencer \u00e0 garder des dossiers: garder des copies de toutes les communications \u00e9crites et commencer \u00e0 noter la date et l&rsquo;heure de toutes les interactions, quel que soit leur ton ou leur r\u00e9sultat. Si le moment vient o\u00f9 vous devez prendre des mesures plus formelles, ce genre de d\u00e9tails et de faits sera tr\u00e8s pratique. Par exemple, si vous avez besoin de prouver que le propri\u00e9taire viole la loi de l&rsquo;\u00c9tat concernant l&rsquo;acc\u00e8s \u00e0 l&rsquo;unit\u00e9, avoir un calendrier document\u00e9 de leurs entr\u00e9es inappropri\u00e9es renforcera votre dossier.<\/p>\n<p>\u00c9tant donn\u00e9 que la lutte contre un mauvais propri\u00e9taire implique quelqu&rsquo;un qui peut couper votre acc\u00e8s \u00e0 votre maison, c&rsquo;est une bonne id\u00e9e de conserver ces dossiers (ainsi que des documents importants, comme votre accord de location) dans un endroit s\u00e9par\u00e9 &#8211; ou au moins des copies d&rsquo;entre eux. Si vous \u00eates verrouill\u00e9 de mani\u00e8re inappropri\u00e9e de votre appartement (lors d&rsquo;une tentative d&rsquo;expulsion ill\u00e9gale, par exemple), vous pourrez toujours acc\u00e9der \u00e0 tout ce dont vous avez besoin pour riposter.<\/p>\n<div class=\"pogoClear relative my-10 border-b-(1.5px) border-t-(1.5px) border-dashed border-black py-5 sm:my-14 sm:border-0 sm:py-0\" data-ga-click data-ga-template=\"How-To\" data-ga-module=\"openweb_widget\" data-ga-element=\"openweb_scroll\" data-ga-item=\"openweb_scroll_midpage\" x-data=\"{\n         commentsCount: null,\n         hasComments: false,\n         async fetchCommentsCount() {\n             try {\n                 if (window.openweb &amp;&amp; typeof window.openweb.getMessagesCount === 'function') {\n                     this.commentsCount = await window.openweb.getMessagesCount('01JY20SK38K29XZ1CM00RXWWBK');\n                     this.hasComments = this.commentsCount !== null &amp;&amp; this.commentsCount &gt; 0;\n                 }\n             } catch (e) {\n                 console.warn('Failed to fetch comment count:', e);\n             }\n         }\n     }\" x-init=\"fetchCommentsCount()\" x-cloak><\/p>\n<div class=\"absolute top-1\/2 hidden w-full -translate-y-1\/2 border-t-(1.5px) border-dashed border-black sm:block\"><\/div>\n<div class=\"relative flex justify-center\">\n<div class=\"flex max-w-fit items-center gap-x-3 bg-white px-5\">\n<div class=\"relative\">\n                <span class=\"absolute left-1\/2 top-1\/2 -translate-x-1\/2 -translate-y-1\/2 font-akshar text-sm font-medium text-black\" aria-live=\"polite\" x-show=\"hasComments\" x-text=\"commentsCount\"><\/span><\/p>\n<p>                <svg class=\"h-8 w-8 text-black\" role=\"img\" aria-hidden=\"true\">\n                    <use href=\"http:\/\/lifehacker.com\/images\/icons\/spritemap.svg#sprite-chat-bubble\"><\/use>\n                <\/svg>\n            <\/div>\n<p>            <span class=\"text-sm font-medium text-black\"><\/p>\n<p>                Que pensez-vous jusqu&rsquo;\u00e0 pr\u00e9sent?<br \/>\n                <button class=\"ml-1 font-semibold text-brand-green underline hover:text-brand-green-700\" type=\"button\" aria-label=\"Comment section trigger\" onclick=\"window.openweb.scrollToComments('01JY20SK38K29XZ1CM00RXWWBK')\" x-text=\"hasComments ? 'Post a comment.' : 'Be the first to post a comment.'\"><\/button><br \/>\n            <\/span>\n        <\/div>\n<\/p><\/div>\n<\/div>\n<h2 id=\"set-up-security\">Configurer la s\u00e9curit\u00e9<\/h2>\n<p>Si vous soup\u00e7onnez que votre propri\u00e9taire viole votre espace personnel mais qu&rsquo;il le nie, la mise en place de cam\u00e9ras de s\u00e9curit\u00e9 \u00e0 domicile est un excellent moyen de compiler la preuve documentaire de leur mauvais comportement. Une cam\u00e9ra de sonnette avec audio capturera non seulement des incidents lorsque votre propri\u00e9taire entre dans votre maison sans pr\u00e9avis ni autorisation, aidant votre tenue de dossiers, mais peut \u00e9galement capturer des interactions o\u00f9 votre propri\u00e9taire est abusif ou agressif avec vous. Les cam\u00e9ras install\u00e9es \u00e0 l&rsquo;int\u00e9rieur de l&rsquo;appartement peuvent \u00e9galement documenter un acc\u00e8s d\u00e9raisonnable et capturer tous les autres mauvais comportements qu&rsquo;ils pourraient adopter dans votre maison.<\/p>\n<p>Une chose \u00e0 garder \u00e0 l&rsquo;esprit est les lois de votre \u00c9tat concernant l&rsquo;enregistrement des personnes \u00e0 leur insu. Certains \u00c9tats sont des \u00c9tats \u00abune partie\u00bb qui le permettent, certains exigent que les deux parties soient conscientes qu&rsquo;elles sont enregistr\u00e9es. Bien que l&rsquo;enregistrement de quelque chose \u00e0 l&rsquo;int\u00e9rieur de votre maison soit presque certainement l\u00e9gal, l&rsquo;enregistrement de l&rsquo;audio sur des cam\u00e9ras \u00e0 sonnette peut devenir un peu d\u00e9licat, alors assurez-vous de faire un peu de recherche avant de l&rsquo;installer.<\/p>\n<h2 id=\"talk-to-your-neighbors\">Parlez \u00e0 vos voisins<\/h2>\n<p>Si votre propri\u00e9taire est impoli, agressif ou envahissant avec vous, les chances sont tr\u00e8s bonnes, elles se comportent de la m\u00eame mani\u00e8re que les autres locataires de votre immeuble. Parler \u00e0 vos voisins de votre exp\u00e9rience peut offrir une multitude de donn\u00e9es corroborantes autour du comportement du propri\u00e9taire qui peuvent augmenter vos propres dossiers ou soutenir une plainte. L&rsquo;approche de votre propri\u00e9taire en tant que groupe peut \u00e9galement \u00eatre beaucoup plus efficace que de les affronter individuellement.<\/p>\n<p>Si votre propri\u00e9taire n&rsquo;est pas impressionn\u00e9 lorsque chacun de ses locataires se plaint, vous pourriez m\u00eame envisager de former une association de locataire. Cela permettrait une action en groupe coordonn\u00e9e contre un propri\u00e9taire d\u00e9raisonnable, y compris la possibilit\u00e9 de frappes de loyer (parfaitement l\u00e9gales) et d&rsquo;autres actions collectives con\u00e7ues pour forcer votre propri\u00e9taire \u00e0 suivre la loi et \u00e0 se comporter.<\/p>\n<h2 id=\"file-a-complaint\">D\u00e9poser une plainte<\/h2>\n<p>Si rien d&rsquo;autre ne fonctionne, votre recours final est une forme judiciaire:<\/p>\n<ul>\n<li>\n<p><strong>D\u00e9poser une plainte.<\/strong> Si vous avez soulev\u00e9 vos pr\u00e9occupations avec le propri\u00e9taire et que rien n&rsquo;a chang\u00e9, pensez \u00e0 d\u00e9poser une plainte officielle aupr\u00e8s de l&rsquo;autorit\u00e9 de logement de votre \u00c9tat ou du procureur g\u00e9n\u00e9ral. Il est g\u00e9n\u00e9ralement pr\u00e9f\u00e9rable d&rsquo;\u00e9crire directement votre propri\u00e9taire et de copier l&rsquo;autorit\u00e9 du logement sur la lettre &#8211; cela donne \u00e0 votre propri\u00e9taire une chance de r\u00e9pondre formellement tout en leur faisant savoir que vous \u00eates conscient de vos droits, et vous savez qui contacter \u00e0 leur sujet.<\/p>\n<p>La lettre doit \u00eatre simple &#8211; d\u00e9visez clairement le probl\u00e8me, incluez des exemples sp\u00e9cifiques avec les dates et les heures et expliquez le r\u00e9sultat que vous souhaitez. Disposez un calendrier pour une r\u00e9ponse &#8211; EG: \u00abSi je ne vous entends pas dans les 14 jours, je prends d&rsquo;autres mesures.\u00bb Vous pouvez trouver de nombreux exemples de ces types de lettres gr\u00e2ce \u00e0 une recherche sur le Web si vous avez besoin d&rsquo;un peu de conseils.<\/p>\n<\/li>\n<li>\n<p><strong>D\u00e9poser une action en justice.<\/strong> Si votre propri\u00e9taire ne r\u00e9pond pas ou ne r\u00e9pond pas avec un comportement encore pire, vous devrez peut-\u00eatre envisager un proc\u00e8s. \u00c9tant donn\u00e9 que vous ne poursuivez probablement pas les dommages mon\u00e9taires, quelque chose comme la cour des petites affirmations ne fonctionnera probablement pas pour vous. Vous serez mieux servi en contactant un avocat sp\u00e9cialis\u00e9 dans les cas de propri\u00e9taire-locataire (vous pouvez en trouver un ici). Ils peuvent vous conseiller de savoir si le comportement de votre propri\u00e9taire peut \u00eatre exploitable dans le syst\u00e8me judiciaire et vous aider \u00e0 naviguer dans le processus.<\/p>\n<\/li>\n<\/ul>\n","protected":false},"excerpt":{"rendered":"<p>Voici ce qu&rsquo;il faut faire si votre propri\u00e9taire est impoli, agressif ou autrement horrible. Les propri\u00e9taires sont avec nous depuis tr\u00e8s longtemps &#8211; les gens<\/p>\n","protected":false},"author":1,"featured_media":8256,"comment_status":"","ping_status":"","sticky":false,"template":"","format":"standard","meta":{"footnotes":""},"categories":[40],"tags":[796,119,2057,275,880,4],"class_list":["post-8255","post","type-post","status-publish","format-standard","has-post-thumbnail","hentry","category-maison","tag-contre","tag-facons","tag-proprietaire","tag-proteger","tag-terrible","tag-vous","generate-columns","tablet-grid-50","mobile-grid-100","grid-parent","grid-33"],"yoast_head":"<!-- This site is optimized with the Yoast SEO plugin v24.0 - https:\/\/yoast.com\/wordpress\/plugins\/seo\/ -->\n<title>Six fa\u00e7ons de vous prot\u00e9ger contre un terrible propri\u00e9taire | Vie Associative<\/title>\n<meta name=\"robots\" content=\"index, follow, max-snippet:-1, max-image-preview:large, max-video-preview:-1\" \/>\n<link rel=\"canonical\" href=\"https:\/\/vieassociative.be\/actualites\/six-facons-de-vous-proteger-contre-un-terrible-proprietaire\/\" \/>\n<meta property=\"og:locale\" content=\"fr_FR\" \/>\n<meta property=\"og:type\" content=\"article\" \/>\n<meta property=\"og:title\" content=\"Six fa\u00e7ons de vous prot\u00e9ger contre un terrible propri\u00e9taire | Vie Associative\" \/>\n<meta property=\"og:description\" content=\"Voici ce qu&rsquo;il faut faire si votre propri\u00e9taire est impoli, agressif ou autrement horrible. Les propri\u00e9taires sont avec nous depuis tr\u00e8s longtemps &#8211; les gens\" \/>\n<meta property=\"og:url\" content=\"https:\/\/vieassociative.be\/actualites\/six-facons-de-vous-proteger-contre-un-terrible-proprietaire\/\" \/>\n<meta property=\"og:site_name\" content=\"Vie Associative\" \/>\n<meta property=\"article:published_time\" content=\"2025-06-18T19:18:30+00:00\" \/>\n<meta property=\"og:image\" content=\"https:\/\/vieassociative.be\/actualites\/wp-content\/uploads\/2024\/09\/header_backgroundk-01-e1726694325946.png\" \/>\n\t<meta property=\"og:image:width\" content=\"279\" \/>\n\t<meta property=\"og:image:height\" content=\"92\" \/>\n\t<meta property=\"og:image:type\" content=\"image\/png\" \/>\n<meta name=\"author\" content=\"Julien\" \/>\n<meta name=\"twitter:card\" content=\"summary_large_image\" \/>\n<meta name=\"twitter:label1\" content=\"\u00c9crit par\" \/>\n\t<meta name=\"twitter:data1\" content=\"Julien\" \/>\n\t<meta name=\"twitter:label2\" content=\"Dur\u00e9e de lecture est.\" \/>\n\t<meta name=\"twitter:data2\" content=\"7 minutes\" \/>\n<script type=\"application\/ld+json\" class=\"yoast-schema-graph\">{\"@context\":\"https:\/\/schema.org\",\"@graph\":[{\"@type\":\"Article\",\"@id\":\"https:\/\/vieassociative.be\/actualites\/six-facons-de-vous-proteger-contre-un-terrible-proprietaire\/#article\",\"isPartOf\":{\"@id\":\"https:\/\/vieassociative.be\/actualites\/six-facons-de-vous-proteger-contre-un-terrible-proprietaire\/\"},\"author\":{\"name\":\"Julien\",\"@id\":\"https:\/\/vieassociative.be\/actualites\/#\/schema\/person\/b87ac4f82f9d4e7b7cec7395b679edc4\"},\"headline\":\"Six fa\u00e7ons de vous prot\u00e9ger contre un terrible propri\u00e9taire\",\"datePublished\":\"2025-06-18T19:18:30+00:00\",\"dateModified\":\"2025-06-18T19:18:30+00:00\",\"mainEntityOfPage\":{\"@id\":\"https:\/\/vieassociative.be\/actualites\/six-facons-de-vous-proteger-contre-un-terrible-proprietaire\/\"},\"wordCount\":1508,\"publisher\":{\"@id\":\"https:\/\/vieassociative.be\/actualites\/#organization\"},\"image\":{\"@id\":\"https:\/\/vieassociative.be\/actualites\/six-facons-de-vous-proteger-contre-un-terrible-proprietaire\/#primaryimage\"},\"thumbnailUrl\":\"https:\/\/vieassociative.be\/actualites\/wp-content\/uploads\/2025\/06\/Six-facons-de-vous-proteger-contre-un-terrible-proprietaire.png\",\"keywords\":[\"contre\",\"fa\u00e7ons\",\"propri\u00e9taire\",\"prot\u00e9ger\",\"terrible\",\"Vous\"],\"articleSection\":[\"Maison\"],\"inLanguage\":\"fr-BE\"},{\"@type\":\"WebPage\",\"@id\":\"https:\/\/vieassociative.be\/actualites\/six-facons-de-vous-proteger-contre-un-terrible-proprietaire\/\",\"url\":\"https:\/\/vieassociative.be\/actualites\/six-facons-de-vous-proteger-contre-un-terrible-proprietaire\/\",\"name\":\"Six fa\u00e7ons de vous prot\u00e9ger contre un terrible propri\u00e9taire | Vie Associative\",\"isPartOf\":{\"@id\":\"https:\/\/vieassociative.be\/actualites\/#website\"},\"primaryImageOfPage\":{\"@id\":\"https:\/\/vieassociative.be\/actualites\/six-facons-de-vous-proteger-contre-un-terrible-proprietaire\/#primaryimage\"},\"image\":{\"@id\":\"https:\/\/vieassociative.be\/actualites\/six-facons-de-vous-proteger-contre-un-terrible-proprietaire\/#primaryimage\"},\"thumbnailUrl\":\"https:\/\/vieassociative.be\/actualites\/wp-content\/uploads\/2025\/06\/Six-facons-de-vous-proteger-contre-un-terrible-proprietaire.png\",\"datePublished\":\"2025-06-18T19:18:30+00:00\",\"dateModified\":\"2025-06-18T19:18:30+00:00\",\"breadcrumb\":{\"@id\":\"https:\/\/vieassociative.be\/actualites\/six-facons-de-vous-proteger-contre-un-terrible-proprietaire\/#breadcrumb\"},\"inLanguage\":\"fr-BE\",\"potentialAction\":[{\"@type\":\"ReadAction\",\"target\":[\"https:\/\/vieassociative.be\/actualites\/six-facons-de-vous-proteger-contre-un-terrible-proprietaire\/\"]}]},{\"@type\":\"ImageObject\",\"inLanguage\":\"fr-BE\",\"@id\":\"https:\/\/vieassociative.be\/actualites\/six-facons-de-vous-proteger-contre-un-terrible-proprietaire\/#primaryimage\",\"url\":\"https:\/\/vieassociative.be\/actualites\/wp-content\/uploads\/2025\/06\/Six-facons-de-vous-proteger-contre-un-terrible-proprietaire.png\",\"contentUrl\":\"https:\/\/vieassociative.be\/actualites\/wp-content\/uploads\/2025\/06\/Six-facons-de-vous-proteger-contre-un-terrible-proprietaire.png\",\"width\":1200,\"height\":675,\"caption\":\"Six fa\u00e7ons de vous prot\u00e9ger contre un terrible propri\u00e9taire\"},{\"@type\":\"BreadcrumbList\",\"@id\":\"https:\/\/vieassociative.be\/actualites\/six-facons-de-vous-proteger-contre-un-terrible-proprietaire\/#breadcrumb\",\"itemListElement\":[{\"@type\":\"ListItem\",\"position\":1,\"name\":\"Accueil\",\"item\":\"https:\/\/vieassociative.be\/actualites\/\"},{\"@type\":\"ListItem\",\"position\":2,\"name\":\"Six fa\u00e7ons de vous prot\u00e9ger contre un terrible propri\u00e9taire\"}]},{\"@type\":\"WebSite\",\"@id\":\"https:\/\/vieassociative.be\/actualites\/#website\",\"url\":\"https:\/\/vieassociative.be\/actualites\/\",\"name\":\"Vie Associative\",\"description\":\"\",\"publisher\":{\"@id\":\"https:\/\/vieassociative.be\/actualites\/#organization\"},\"potentialAction\":[{\"@type\":\"SearchAction\",\"target\":{\"@type\":\"EntryPoint\",\"urlTemplate\":\"https:\/\/vieassociative.be\/actualites\/?s={search_term_string}\"},\"query-input\":{\"@type\":\"PropertyValueSpecification\",\"valueRequired\":true,\"valueName\":\"search_term_string\"}}],\"inLanguage\":\"fr-BE\"},{\"@type\":\"Organization\",\"@id\":\"https:\/\/vieassociative.be\/actualites\/#organization\",\"name\":\"Vie Associative\",\"url\":\"https:\/\/vieassociative.be\/actualites\/\",\"logo\":{\"@type\":\"ImageObject\",\"inLanguage\":\"fr-BE\",\"@id\":\"https:\/\/vieassociative.be\/actualites\/#\/schema\/logo\/image\/\",\"url\":\"https:\/\/vieassociative.be\/actualites\/wp-content\/uploads\/2024\/09\/cropped-vieassociative_favicon.ico.png\",\"contentUrl\":\"https:\/\/vieassociative.be\/actualites\/wp-content\/uploads\/2024\/09\/cropped-vieassociative_favicon.ico.png\",\"width\":512,\"height\":512,\"caption\":\"Vie Associative\"},\"image\":{\"@id\":\"https:\/\/vieassociative.be\/actualites\/#\/schema\/logo\/image\/\"}},{\"@type\":\"Person\",\"@id\":\"https:\/\/vieassociative.be\/actualites\/#\/schema\/person\/b87ac4f82f9d4e7b7cec7395b679edc4\",\"name\":\"Julien\",\"image\":{\"@type\":\"ImageObject\",\"inLanguage\":\"fr-BE\",\"@id\":\"https:\/\/vieassociative.be\/actualites\/#\/schema\/person\/image\/\",\"url\":\"https:\/\/vieassociative.be\/actualites\/wp-content\/uploads\/2024\/09\/vie-associative-1-150x150.jpg\",\"contentUrl\":\"https:\/\/vieassociative.be\/actualites\/wp-content\/uploads\/2024\/09\/vie-associative-1-150x150.jpg\",\"caption\":\"Julien\"},\"description\":\"Je suis Julien, r\u00e9dacteur pour Vie Associative. Passionn\u00e9 par le monde associatif depuis plus de 10 ans, j'ai \u00e0 c\u0153ur de partager des histoires inspirantes et de mettre en lumi\u00e8re les initiatives locales. Mon objectif est de sensibiliser et d'encourager l'engagement communautaire \u00e0 travers mes articles.\",\"sameAs\":[\"https:\/\/vieassociative.be\/\"]}]}<\/script>\n<!-- \/ Yoast SEO plugin. -->","yoast_head_json":{"title":"Six fa\u00e7ons de vous prot\u00e9ger contre un terrible propri\u00e9taire | Vie Associative","robots":{"index":"index","follow":"follow","max-snippet":"max-snippet:-1","max-image-preview":"max-image-preview:large","max-video-preview":"max-video-preview:-1"},"canonical":"https:\/\/vieassociative.be\/actualites\/six-facons-de-vous-proteger-contre-un-terrible-proprietaire\/","og_locale":"fr_FR","og_type":"article","og_title":"Six fa\u00e7ons de vous prot\u00e9ger contre un terrible propri\u00e9taire | Vie Associative","og_description":"Voici ce qu&rsquo;il faut faire si votre propri\u00e9taire est impoli, agressif ou autrement horrible. Les propri\u00e9taires sont avec nous depuis tr\u00e8s longtemps &#8211; les gens","og_url":"https:\/\/vieassociative.be\/actualites\/six-facons-de-vous-proteger-contre-un-terrible-proprietaire\/","og_site_name":"Vie Associative","article_published_time":"2025-06-18T19:18:30+00:00","og_image":[{"width":279,"height":92,"url":"https:\/\/vieassociative.be\/actualites\/wp-content\/uploads\/2024\/09\/header_backgroundk-01-e1726694325946.png","type":"image\/png"}],"author":"Julien","twitter_card":"summary_large_image","twitter_misc":{"\u00c9crit par":"Julien","Dur\u00e9e de lecture est.":"7 minutes"},"schema":{"@context":"https:\/\/schema.org","@graph":[{"@type":"Article","@id":"https:\/\/vieassociative.be\/actualites\/six-facons-de-vous-proteger-contre-un-terrible-proprietaire\/#article","isPartOf":{"@id":"https:\/\/vieassociative.be\/actualites\/six-facons-de-vous-proteger-contre-un-terrible-proprietaire\/"},"author":{"name":"Julien","@id":"https:\/\/vieassociative.be\/actualites\/#\/schema\/person\/b87ac4f82f9d4e7b7cec7395b679edc4"},"headline":"Six fa\u00e7ons de vous prot\u00e9ger contre un terrible propri\u00e9taire","datePublished":"2025-06-18T19:18:30+00:00","dateModified":"2025-06-18T19:18:30+00:00","mainEntityOfPage":{"@id":"https:\/\/vieassociative.be\/actualites\/six-facons-de-vous-proteger-contre-un-terrible-proprietaire\/"},"wordCount":1508,"publisher":{"@id":"https:\/\/vieassociative.be\/actualites\/#organization"},"image":{"@id":"https:\/\/vieassociative.be\/actualites\/six-facons-de-vous-proteger-contre-un-terrible-proprietaire\/#primaryimage"},"thumbnailUrl":"https:\/\/vieassociative.be\/actualites\/wp-content\/uploads\/2025\/06\/Six-facons-de-vous-proteger-contre-un-terrible-proprietaire.png","keywords":["contre","fa\u00e7ons","propri\u00e9taire","prot\u00e9ger","terrible","Vous"],"articleSection":["Maison"],"inLanguage":"fr-BE"},{"@type":"WebPage","@id":"https:\/\/vieassociative.be\/actualites\/six-facons-de-vous-proteger-contre-un-terrible-proprietaire\/","url":"https:\/\/vieassociative.be\/actualites\/six-facons-de-vous-proteger-contre-un-terrible-proprietaire\/","name":"Six fa\u00e7ons de vous prot\u00e9ger contre un terrible propri\u00e9taire | Vie Associative","isPartOf":{"@id":"https:\/\/vieassociative.be\/actualites\/#website"},"primaryImageOfPage":{"@id":"https:\/\/vieassociative.be\/actualites\/six-facons-de-vous-proteger-contre-un-terrible-proprietaire\/#primaryimage"},"image":{"@id":"https:\/\/vieassociative.be\/actualites\/six-facons-de-vous-proteger-contre-un-terrible-proprietaire\/#primaryimage"},"thumbnailUrl":"https:\/\/vieassociative.be\/actualites\/wp-content\/uploads\/2025\/06\/Six-facons-de-vous-proteger-contre-un-terrible-proprietaire.png","datePublished":"2025-06-18T19:18:30+00:00","dateModified":"2025-06-18T19:18:30+00:00","breadcrumb":{"@id":"https:\/\/vieassociative.be\/actualites\/six-facons-de-vous-proteger-contre-un-terrible-proprietaire\/#breadcrumb"},"inLanguage":"fr-BE","potentialAction":[{"@type":"ReadAction","target":["https:\/\/vieassociative.be\/actualites\/six-facons-de-vous-proteger-contre-un-terrible-proprietaire\/"]}]},{"@type":"ImageObject","inLanguage":"fr-BE","@id":"https:\/\/vieassociative.be\/actualites\/six-facons-de-vous-proteger-contre-un-terrible-proprietaire\/#primaryimage","url":"https:\/\/vieassociative.be\/actualites\/wp-content\/uploads\/2025\/06\/Six-facons-de-vous-proteger-contre-un-terrible-proprietaire.png","contentUrl":"https:\/\/vieassociative.be\/actualites\/wp-content\/uploads\/2025\/06\/Six-facons-de-vous-proteger-contre-un-terrible-proprietaire.png","width":1200,"height":675,"caption":"Six fa\u00e7ons de vous prot\u00e9ger contre un terrible propri\u00e9taire"},{"@type":"BreadcrumbList","@id":"https:\/\/vieassociative.be\/actualites\/six-facons-de-vous-proteger-contre-un-terrible-proprietaire\/#breadcrumb","itemListElement":[{"@type":"ListItem","position":1,"name":"Accueil","item":"https:\/\/vieassociative.be\/actualites\/"},{"@type":"ListItem","position":2,"name":"Six fa\u00e7ons de vous prot\u00e9ger contre un terrible propri\u00e9taire"}]},{"@type":"WebSite","@id":"https:\/\/vieassociative.be\/actualites\/#website","url":"https:\/\/vieassociative.be\/actualites\/","name":"Vie Associative","description":"","publisher":{"@id":"https:\/\/vieassociative.be\/actualites\/#organization"},"potentialAction":[{"@type":"SearchAction","target":{"@type":"EntryPoint","urlTemplate":"https:\/\/vieassociative.be\/actualites\/?s={search_term_string}"},"query-input":{"@type":"PropertyValueSpecification","valueRequired":true,"valueName":"search_term_string"}}],"inLanguage":"fr-BE"},{"@type":"Organization","@id":"https:\/\/vieassociative.be\/actualites\/#organization","name":"Vie Associative","url":"https:\/\/vieassociative.be\/actualites\/","logo":{"@type":"ImageObject","inLanguage":"fr-BE","@id":"https:\/\/vieassociative.be\/actualites\/#\/schema\/logo\/image\/","url":"https:\/\/vieassociative.be\/actualites\/wp-content\/uploads\/2024\/09\/cropped-vieassociative_favicon.ico.png","contentUrl":"https:\/\/vieassociative.be\/actualites\/wp-content\/uploads\/2024\/09\/cropped-vieassociative_favicon.ico.png","width":512,"height":512,"caption":"Vie Associative"},"image":{"@id":"https:\/\/vieassociative.be\/actualites\/#\/schema\/logo\/image\/"}},{"@type":"Person","@id":"https:\/\/vieassociative.be\/actualites\/#\/schema\/person\/b87ac4f82f9d4e7b7cec7395b679edc4","name":"Julien","image":{"@type":"ImageObject","inLanguage":"fr-BE","@id":"https:\/\/vieassociative.be\/actualites\/#\/schema\/person\/image\/","url":"https:\/\/vieassociative.be\/actualites\/wp-content\/uploads\/2024\/09\/vie-associative-1-150x150.jpg","contentUrl":"https:\/\/vieassociative.be\/actualites\/wp-content\/uploads\/2024\/09\/vie-associative-1-150x150.jpg","caption":"Julien"},"description":"Je suis Julien, r\u00e9dacteur pour Vie Associative. Passionn\u00e9 par le monde associatif depuis plus de 10 ans, j'ai \u00e0 c\u0153ur de partager des histoires inspirantes et de mettre en lumi\u00e8re les initiatives locales. Mon objectif est de sensibiliser et d'encourager l'engagement communautaire \u00e0 travers mes articles.","sameAs":["https:\/\/vieassociative.be\/"]}]}},"_links":{"self":[{"href":"https:\/\/vieassociative.be\/actualites\/wp-json\/wp\/v2\/posts\/8255"}],"collection":[{"href":"https:\/\/vieassociative.be\/actualites\/wp-json\/wp\/v2\/posts"}],"about":[{"href":"https:\/\/vieassociative.be\/actualites\/wp-json\/wp\/v2\/types\/post"}],"author":[{"embeddable":true,"href":"https:\/\/vieassociative.be\/actualites\/wp-json\/wp\/v2\/users\/1"}],"replies":[{"embeddable":true,"href":"https:\/\/vieassociative.be\/actualites\/wp-json\/wp\/v2\/comments?post=8255"}],"version-history":[{"count":0,"href":"https:\/\/vieassociative.be\/actualites\/wp-json\/wp\/v2\/posts\/8255\/revisions"}],"wp:featuredmedia":[{"embeddable":true,"href":"https:\/\/vieassociative.be\/actualites\/wp-json\/wp\/v2\/media\/8256"}],"wp:attachment":[{"href":"https:\/\/vieassociative.be\/actualites\/wp-json\/wp\/v2\/media?parent=8255"}],"wp:term":[{"taxonomy":"category","embeddable":true,"href":"https:\/\/vieassociative.be\/actualites\/wp-json\/wp\/v2\/categories?post=8255"},{"taxonomy":"post_tag","embeddable":true,"href":"https:\/\/vieassociative.be\/actualites\/wp-json\/wp\/v2\/tags?post=8255"}],"curies":[{"name":"wp","href":"https:\/\/api.w.org\/{rel}","templated":true}]}}