{"id":8251,"date":"2025-06-18T15:18:00","date_gmt":"2025-06-18T13:18:00","guid":{"rendered":"https:\/\/vieassociative.be\/actualites\/je-suis-un-utilisateur-de-longue-date-de-philips-hue-et-ce-sont-mes-six-fonctionnalites-preferees\/"},"modified":"2025-06-18T15:18:00","modified_gmt":"2025-06-18T13:18:00","slug":"je-suis-un-utilisateur-de-longue-date-de-philips-hue-et-ce-sont-mes-six-fonctionnalites-preferees","status":"publish","type":"post","link":"https:\/\/vieassociative.be\/actualites\/je-suis-un-utilisateur-de-longue-date-de-philips-hue-et-ce-sont-mes-six-fonctionnalites-preferees\/","title":{"rendered":"Je suis un utilisateur de longue date de Philips Hue, et ce sont mes six fonctionnalit\u00e9s pr\u00e9f\u00e9r\u00e9es"},"content":{"rendered":"<div class=\"mt-4 leading-6 md:mb-8\">Il existe plusieurs fonctionnalit\u00e9s qui sont beaucoup plus utiles que les autres.<\/div>\n<p><\/p>\n<p>Parmi les lumi\u00e8res intelligentes, peu ont le logiciel robuste (ou le prix pour l&rsquo;accompagner) de Philips Hue. La soci\u00e9t\u00e9 s&rsquo;est fait un nom en tant que porte-norme pour ce que les lumi\u00e8res intelligentes peuvent \u00eatre. Apr\u00e8s des ann\u00e9es \u00e0 ajouter de nouvelles fonctionnalit\u00e9s, cependant, il y en a pas mal qui ne sont pas aussi utiles que les autres. Ce sont ceux que, en tant que propri\u00e9taire de Hue de longue date, j&rsquo;utilise r\u00e9guli\u00e8rement.<\/p>\n<p>Une partie de cela va \u00eatre un peu votre millerin-mai-Vary. Pour mon argent, la fonctionnalit\u00e9 qui vous permet de cr\u00e9er une sc\u00e8ne color\u00e9e bas\u00e9e sur une photo est soign\u00e9e comme une astuce de f\u00eate (si votre f\u00eate est ennuyeuse), mais ce n&rsquo;est pas si utile quand il y a d\u00e9j\u00e0 une \u00e9norme biblioth\u00e8que de sc\u00e8nes disponibles. Peut-\u00eatre que vous n&rsquo;\u00eates pas d&rsquo;accord! Mais j&rsquo;utilise des lumi\u00e8res de teinte depuis presque aussi longtemps qu&rsquo;ils ont exist\u00e9, et ce sont mes fonctionnalit\u00e9s pr\u00e9f\u00e9r\u00e9es.<\/p>\n<h2 id=\"schedule-your-lights-to-slowly-wake-you-up\">Planifiez vos lumi\u00e8res pour vous r\u00e9veiller lentement &#8230;<\/h2>\n<p>Se faire exploser avec de la lumi\u00e8re le matin est une fa\u00e7on terrible de se r\u00e9veiller, du moins pour moi. Et si vous \u00eates dans le m\u00eame bateau, la minuterie de la d\u00e9coloration dans l&rsquo;application Hue est une solution pratique. Dans l&rsquo;onglet Automations, cliquez sur l&rsquo;ic\u00f4ne + et appuyez sur \u00ab\u00a0R\u00e9veillez-vous avec la lumi\u00e8re\u00a0\u00bb. Choisissez une pi\u00e8ce et vous pouvez d\u00e9finir une heure et une date sp\u00e9cifiques pour vos lumi\u00e8res dans cette pi\u00e8ce pour s&rsquo;allumer.<\/p>\n<p>Plus utilement, vous pouvez appuyer sur le r\u00e9glage de la dur\u00e9e de la fonte pour allumer lentement la lumi\u00e8re. Vous pouvez modifier cela pour \u00eatre de 10 \u00e0 60 minutes. Personnellement, je trouve tr\u00e8s bien ces maillages avec ma terrible habitude de fixer plusieurs alarmes, car je dors dans les premiers. Il est facile de perdre la trace de la quantit\u00e9 de temps qui a travers\u00e9 plusieurs snoozes, mais les lumi\u00e8res rendent l&rsquo;arriv\u00e9e imminente d&rsquo;un nouveau jour impossible \u00e0 ignorer.<\/p>\n<h2 id=\"or-sync-your-lights-to-the-rising-and-setting-of-the-sun\">\u2026 Ou synchroniser vos lumi\u00e8res avec la mont\u00e9e et le coucher du soleil<\/h2>\n<p>Bien que je pr\u00e9f\u00e8re allumer mes lumi\u00e8res le matin \u00e0 un moment pr\u00e9cis &#8211; et cela est plus logique pour quiconque doit s&rsquo;en tenir \u00e0 un horaire &#8211; la nuit est un peu une autre histoire. Comme de nombreuses lumi\u00e8res intelligentes, l&rsquo;application Hue propose des automatisations qui vous permettent de lier vos lumi\u00e8res \u00e0 votre coucher de soleil local. Il fonde cela hors de l&#8217;emplacement de votre pont Hue, que vous pouvez ajuster dans les param\u00e8tres de l&rsquo;application.<\/p>\n<p>Pour configurer cela, dirigez-vous vers l&rsquo;onglet Automations dans l&rsquo;application Hue et choisissez une automatisation personnalis\u00e9e. Au lieu de choisir une p\u00e9riode sp\u00e9cifique, vous pouvez choisir le lever du soleil ou le coucher du soleil. Pour \u00e9viter une transition brusque, j&rsquo;aime r\u00e9gler la minuterie pour commencer 15 minutes avant le coucher du soleil, et r\u00e9gler la dur\u00e9e de la fondu \u00e0 30 minutes, donc certaines de mes lumi\u00e8res s&rsquo;allument \u00e0 peu pr\u00e8s au coucher du soleil.<\/p>\n<p>J&rsquo;aime aussi d\u00e9finir une deuxi\u00e8me automatisation pour donner un coup de pied dans une heure ou deux apr\u00e8s le coucher du soleil <em>faible<\/em> les lumi\u00e8res \u00e0 nouveau. Surtout en \u00e9t\u00e9, le coucher du soleil se produit assez tard o\u00f9 je vis, il peut donc \u00eatre facile de perdre la trace du temps. Avoir un rappel aussi visible aide \u00e0 garder mon sens du temps ancr\u00e9.<\/p>\n<h2 id=\"give-date-night-some-ambience-with-candle-effects\">Donnez une ambiance \u00e0 rendez-vous avec des effets de bougie<\/h2>\n<p>Les effets anim\u00e9s sont un peu enterr\u00e9s dans l&rsquo;application Philips Hue, qui est un peu d\u00e9cevante car ils sont l&rsquo;une des meilleures fonctionnalit\u00e9s de la plate-forme. Ces effets permettent \u00e0 vos lumi\u00e8res &#8211; en particulier si vous avez des ampoules RVB de couleur compl\u00e8te &#8211; simul\u00e9 le scintillement d&rsquo;une bougie, la surface scintillante de l&rsquo;eau ou les prismes color\u00e9s abstraits.<\/p>\n<p>L&rsquo;animation de bougie en particulier est parfaite pour les nuits de rendez-vous. Rien ne met l&rsquo;humeur comme la danse sombre et douce de la lueur du feu &#8211; sans la configuration et les risques du feu r\u00e9el. Pour trouver ces effets, ouvrez la lumi\u00e8re \u00e0 laquelle vous souhaitez l&rsquo;appliquer. Vous pouvez appuyer sur chaque lumi\u00e8re et s\u00e9lectionner l&rsquo;ic\u00f4ne d&rsquo;effets \u00e0 trois \u00e9toiles pour trouver une biblioth\u00e8que d&rsquo;effets.<\/p>\n<p>Pour les chambres \u00e0 plusieurs lumi\u00e8res, il est souvent plus facile de cr\u00e9er une sc\u00e8ne personnalis\u00e9e pour l&rsquo;appliquer \u00e0 toutes les lumi\u00e8res d&rsquo;une pi\u00e8ce. Il faut un peu plus de configuration, mais cr\u00e9ez une nouvelle sc\u00e8ne pour la pi\u00e8ce et choisissez l&rsquo;effet pour chaque ampoule de cette pi\u00e8ce. Une fois la sc\u00e8ne configur\u00e9e, vous pouvez facilement l&rsquo;activer \u00e0 partir de l&rsquo;application ou l&rsquo;une des m\u00e9thodes les plus pratiques. Y compris &#8230; <\/p>\n<div class=\"pogoClear relative my-10 border-b-(1.5px) border-t-(1.5px) border-dashed border-black py-5 sm:my-14 sm:border-0 sm:py-0\" data-ga-click data-ga-template=\"Explainers\" data-ga-module=\"openweb_widget\" data-ga-element=\"openweb_scroll\" data-ga-item=\"openweb_scroll_midpage\" x-data=\"{\n         commentsCount: null,\n         hasComments: false,\n         async fetchCommentsCount() {\n             try {\n                 if (window.openweb &amp;&amp; typeof window.openweb.getMessagesCount === 'function') {\n                     this.commentsCount = await window.openweb.getMessagesCount('01JXZWWSKT4ZQY9HP4SD0YMA3M');\n                     this.hasComments = this.commentsCount !== null &amp;&amp; this.commentsCount &gt; 0;\n                 }\n             } catch (e) {\n                 console.warn('Failed to fetch comment count:', e);\n             }\n         }\n     }\" x-init=\"fetchCommentsCount()\" x-cloak><\/p>\n<div class=\"absolute top-1\/2 hidden w-full -translate-y-1\/2 border-t-(1.5px) border-dashed border-black sm:block\"><\/div>\n<div class=\"relative flex justify-center\">\n<div class=\"flex max-w-fit items-center gap-x-3 bg-white px-5\">\n<div class=\"relative\">\n                <span class=\"absolute left-1\/2 top-1\/2 -translate-x-1\/2 -translate-y-1\/2 font-akshar text-sm font-medium text-black\" aria-live=\"polite\" x-show=\"hasComments\" x-text=\"commentsCount\"><\/span><\/p>\n<p>                <svg class=\"h-8 w-8 text-black\" role=\"img\" aria-hidden=\"true\">\n                    <use href=\"http:\/\/lifehacker.com\/images\/icons\/spritemap.svg#sprite-chat-bubble\"><\/use>\n                <\/svg>\n            <\/div>\n<p>            <span class=\"text-sm font-medium text-black\"><\/p>\n<p>                Que pensez-vous jusqu&rsquo;\u00e0 pr\u00e9sent?<br \/>\n                <button class=\"ml-1 font-semibold text-brand-green underline hover:text-brand-green-700\" type=\"button\" aria-label=\"Comment section trigger\" onclick=\"window.openweb.scrollToComments('01JXZWWSKT4ZQY9HP4SD0YMA3M')\" x-text=\"hasComments ? 'Post a comment.' : 'Be the first to post a comment.'\"><\/button><br \/>\n            <\/span>\n        <\/div>\n<\/p><\/div>\n<\/div>\n<h2 id=\"use-home-screen-widgets-for-quick-scene-changes\">Utilisez des widgets d&rsquo;\u00e9cran d&rsquo;accueil pour des changements de sc\u00e8ne rapides<\/h2>\n<p>Les widgets &#8211; dans les widgets \u00e0 l&rsquo;\u00e9cran d&rsquo;accueil d&rsquo;Android en particulier &#8211; ont eu une histoire rocheuse, gaufrant entre des d\u00e9corations principalement inutiles et un petit gizmos un peu utile. Mais les contr\u00f4les Philips Hue sont l&rsquo;un des rares widgets que j&rsquo;utilise vraiment tous les jours et je ne veux pas vivre sans. J&rsquo;ai une page sur l&rsquo;\u00e9cran d&rsquo;accueil de mon t\u00e9l\u00e9phone avec des bascules l\u00e9g\u00e8res et quelques sc\u00e8nes communes que je peux glisser facilement.<\/p>\n<p>Si vous avez l&rsquo;application Hue sur votre t\u00e9l\u00e9phone, vous pouvez ajouter ces widgets \u00e0 votre \u00e9cran d&rsquo;accueil sur Android et iOS. Appuyez longtemps sur un espace vide sur votre \u00e9cran d&rsquo;accueil et trouvez le widget Hue. L&rsquo;application prendra le relais et vous guidera \u00e0 travers le choix de la pi\u00e8ce, de la sc\u00e8ne et de la bascule auxquelles vous aimeriez que chaque widget s&rsquo;applique. Vous devrez cr\u00e9er un widget pour chaque sc\u00e8ne, mais apr\u00e8s quelques minutes, vous aurez un joli petit panneau de commande \u00e0 port\u00e9e de main.<\/p>\n<h2 id=\"dont-forget-your-voice-controls\">N&rsquo;oubliez pas vos commandes vocales<\/h2>\n<p>Il y a de fortes chances que la moiti\u00e9 de la raison pour laquelle vous avez des lumi\u00e8res intelligentes en premier lieu est de les contr\u00f4ler avec un haut-parleur intelligent. Une fois que vous avez \u00e9teint les lumi\u00e8res de la chambre tout en \u00e9tant parfaitement sous les couvertures, vous ne voulez jamais revenir en arri\u00e8re. Ce que vous ne savez peut-\u00eatre pas, c&rsquo;est que m\u00eame si vous n&rsquo;avez pas de haut-parleur intelligent, vous pouvez utiliser cette astuce.<\/p>\n<p>La plupart des haut-parleurs intelligents comme Google Home, Amazon&rsquo;s Echo et m\u00eame HomePod d&rsquo;Apple peuvent contr\u00f4ler les lumi\u00e8res de Hue Philips avec des commandes vocales simples. Cependant, vous pouvez configurer vos assistants vocaux comme Siri ou Gemini pour contr\u00f4ler directement les lumi\u00e8res. Le processus variera en fonction de l&rsquo;appareil avec lequel vous vous associez, alors v\u00e9rifiez vos t\u00e9l\u00e9phones et haut-parleurs pour voir comment les connecter \u00e0 vos lumi\u00e8res.<\/p>\n<h2 id=\"turn-on-vacation-mode-when-youre-away-to-make-it-seem-like-youre-home\">Allumez le mode de vacances lorsque vous \u00eates absent pour donner l&rsquo;impression que vous \u00eates \u00e0 la maison<\/h2>\n<p>L&rsquo;une des automations sp\u00e9cialis\u00e9es les plus utiles de l&rsquo;application Philips Hue est l&rsquo;outil de pr\u00e9sence Mimic. Dans l&rsquo;onglet Automations, vous pouvez trouver cette fonctionnalit\u00e9 qui allumera ou \u00e9teindra automatiquement vos lumi\u00e8res \u00e0 des horaires irr\u00e9guliers m\u00eame lorsque vous n&rsquo;\u00eates pas \u00e0 la maison. Cela peut donner l&rsquo;impression que vous (ou quelqu&rsquo;un) \u00eates \u00e0 la maison pour les spectateurs \u00e0 proximit\u00e9.<\/p>\n<p>Il s&rsquo;agit d&rsquo;une tactique courante pour dissuader d&rsquo;\u00e9ventuels cambrioleurs, et il peut \u00eatre \u00e9tonnamment efficace. La plupart des cambriolages \u00e0 domicile sont des crimes d&rsquo;opportunit\u00e9, et m\u00eame des m\u00e9thodes simples \u00e0 dissuader peuvent faire de votre maison une cible moins attrayante. Chaque fois que je pr\u00e9vois de quitter ma maison pendant un certain temps, je vais r\u00e9gler cette automatisation. Ensuite, j&rsquo;oublie g\u00e9n\u00e9ralement que je l&rsquo;ai fait jusqu&rsquo;\u00e0 la premi\u00e8re fois que mes lumi\u00e8res s&rsquo;\u00e9teignent au hasard apr\u00e8s mon retour \u00e0 la maison.<\/p>\n","protected":false},"excerpt":{"rendered":"<p>Il existe plusieurs fonctionnalit\u00e9s qui sont beaucoup plus utiles que les autres. Parmi les lumi\u00e8res intelligentes, peu ont le logiciel robuste (ou le prix pour<\/p>\n","protected":false},"author":1,"featured_media":8252,"comment_status":"","ping_status":"","sticky":false,"template":"","format":"standard","meta":{"footnotes":""},"categories":[13],"tags":[1336,1216,7450,1868,87,7449,116,18,2985,7448],"class_list":["post-8251","post","type-post","status-publish","format-standard","has-post-thumbnail","hentry","category-technologie","tag-date","tag-fonctionnalites","tag-hue","tag-longue","tag-mes","tag-philips","tag-preferees","tag-sont","tag-suis","tag-utilisateur","generate-columns","tablet-grid-50","mobile-grid-100","grid-parent","grid-33"],"yoast_head":"<!-- This site is optimized with the Yoast SEO plugin v24.0 - https:\/\/yoast.com\/wordpress\/plugins\/seo\/ -->\n<title>Je suis un utilisateur de longue date de Philips Hue, et ce sont mes six fonctionnalit\u00e9s pr\u00e9f\u00e9r\u00e9es | Vie Associative<\/title>\n<meta name=\"robots\" content=\"index, follow, max-snippet:-1, max-image-preview:large, max-video-preview:-1\" \/>\n<link rel=\"canonical\" href=\"https:\/\/vieassociative.be\/actualites\/je-suis-un-utilisateur-de-longue-date-de-philips-hue-et-ce-sont-mes-six-fonctionnalites-preferees\/\" \/>\n<meta property=\"og:locale\" content=\"fr_FR\" \/>\n<meta property=\"og:type\" content=\"article\" \/>\n<meta property=\"og:title\" content=\"Je suis un utilisateur de longue date de Philips Hue, et ce sont mes six fonctionnalit\u00e9s pr\u00e9f\u00e9r\u00e9es | Vie Associative\" \/>\n<meta property=\"og:description\" content=\"Il existe plusieurs fonctionnalit\u00e9s qui sont beaucoup plus utiles que les autres. Parmi les lumi\u00e8res intelligentes, peu ont le logiciel robuste (ou le prix pour\" \/>\n<meta property=\"og:url\" content=\"https:\/\/vieassociative.be\/actualites\/je-suis-un-utilisateur-de-longue-date-de-philips-hue-et-ce-sont-mes-six-fonctionnalites-preferees\/\" \/>\n<meta property=\"og:site_name\" content=\"Vie Associative\" \/>\n<meta property=\"article:published_time\" content=\"2025-06-18T13:18:00+00:00\" \/>\n<meta property=\"og:image\" content=\"https:\/\/vieassociative.be\/actualites\/wp-content\/uploads\/2024\/09\/header_backgroundk-01-e1726694325946.png\" \/>\n\t<meta property=\"og:image:width\" content=\"279\" \/>\n\t<meta property=\"og:image:height\" content=\"92\" \/>\n\t<meta property=\"og:image:type\" content=\"image\/png\" \/>\n<meta name=\"author\" content=\"Julien\" \/>\n<meta name=\"twitter:card\" content=\"summary_large_image\" \/>\n<meta name=\"twitter:label1\" content=\"\u00c9crit par\" \/>\n\t<meta name=\"twitter:data1\" content=\"Julien\" \/>\n\t<meta name=\"twitter:label2\" content=\"Dur\u00e9e de lecture est.\" \/>\n\t<meta name=\"twitter:data2\" content=\"7 minutes\" \/>\n<script type=\"application\/ld+json\" class=\"yoast-schema-graph\">{\"@context\":\"https:\/\/schema.org\",\"@graph\":[{\"@type\":\"Article\",\"@id\":\"https:\/\/vieassociative.be\/actualites\/je-suis-un-utilisateur-de-longue-date-de-philips-hue-et-ce-sont-mes-six-fonctionnalites-preferees\/#article\",\"isPartOf\":{\"@id\":\"https:\/\/vieassociative.be\/actualites\/je-suis-un-utilisateur-de-longue-date-de-philips-hue-et-ce-sont-mes-six-fonctionnalites-preferees\/\"},\"author\":{\"name\":\"Julien\",\"@id\":\"https:\/\/vieassociative.be\/actualites\/#\/schema\/person\/b87ac4f82f9d4e7b7cec7395b679edc4\"},\"headline\":\"Je suis un utilisateur de longue date de Philips Hue, et ce sont mes six fonctionnalit\u00e9s pr\u00e9f\u00e9r\u00e9es\",\"datePublished\":\"2025-06-18T13:18:00+00:00\",\"dateModified\":\"2025-06-18T13:18:00+00:00\",\"mainEntityOfPage\":{\"@id\":\"https:\/\/vieassociative.be\/actualites\/je-suis-un-utilisateur-de-longue-date-de-philips-hue-et-ce-sont-mes-six-fonctionnalites-preferees\/\"},\"wordCount\":1457,\"publisher\":{\"@id\":\"https:\/\/vieassociative.be\/actualites\/#organization\"},\"image\":{\"@id\":\"https:\/\/vieassociative.be\/actualites\/je-suis-un-utilisateur-de-longue-date-de-philips-hue-et-ce-sont-mes-six-fonctionnalites-preferees\/#primaryimage\"},\"thumbnailUrl\":\"https:\/\/vieassociative.be\/actualites\/wp-content\/uploads\/2025\/06\/Je-suis-un-utilisateur-de-longue-date-de-Philips-Hue.jpg\",\"keywords\":[\"date\",\"fonctionnalit\u00e9s\",\"Hue\",\"longue\",\"Mes\",\"Philips\",\"pr\u00e9f\u00e9r\u00e9es\",\"sont\",\"suis\",\"utilisateur\"],\"articleSection\":[\"Technologie\"],\"inLanguage\":\"fr-BE\"},{\"@type\":\"WebPage\",\"@id\":\"https:\/\/vieassociative.be\/actualites\/je-suis-un-utilisateur-de-longue-date-de-philips-hue-et-ce-sont-mes-six-fonctionnalites-preferees\/\",\"url\":\"https:\/\/vieassociative.be\/actualites\/je-suis-un-utilisateur-de-longue-date-de-philips-hue-et-ce-sont-mes-six-fonctionnalites-preferees\/\",\"name\":\"Je suis un utilisateur de longue date de Philips Hue, et ce sont mes six fonctionnalit\u00e9s pr\u00e9f\u00e9r\u00e9es | Vie Associative\",\"isPartOf\":{\"@id\":\"https:\/\/vieassociative.be\/actualites\/#website\"},\"primaryImageOfPage\":{\"@id\":\"https:\/\/vieassociative.be\/actualites\/je-suis-un-utilisateur-de-longue-date-de-philips-hue-et-ce-sont-mes-six-fonctionnalites-preferees\/#primaryimage\"},\"image\":{\"@id\":\"https:\/\/vieassociative.be\/actualites\/je-suis-un-utilisateur-de-longue-date-de-philips-hue-et-ce-sont-mes-six-fonctionnalites-preferees\/#primaryimage\"},\"thumbnailUrl\":\"https:\/\/vieassociative.be\/actualites\/wp-content\/uploads\/2025\/06\/Je-suis-un-utilisateur-de-longue-date-de-Philips-Hue.jpg\",\"datePublished\":\"2025-06-18T13:18:00+00:00\",\"dateModified\":\"2025-06-18T13:18:00+00:00\",\"breadcrumb\":{\"@id\":\"https:\/\/vieassociative.be\/actualites\/je-suis-un-utilisateur-de-longue-date-de-philips-hue-et-ce-sont-mes-six-fonctionnalites-preferees\/#breadcrumb\"},\"inLanguage\":\"fr-BE\",\"potentialAction\":[{\"@type\":\"ReadAction\",\"target\":[\"https:\/\/vieassociative.be\/actualites\/je-suis-un-utilisateur-de-longue-date-de-philips-hue-et-ce-sont-mes-six-fonctionnalites-preferees\/\"]}]},{\"@type\":\"ImageObject\",\"inLanguage\":\"fr-BE\",\"@id\":\"https:\/\/vieassociative.be\/actualites\/je-suis-un-utilisateur-de-longue-date-de-philips-hue-et-ce-sont-mes-six-fonctionnalites-preferees\/#primaryimage\",\"url\":\"https:\/\/vieassociative.be\/actualites\/wp-content\/uploads\/2025\/06\/Je-suis-un-utilisateur-de-longue-date-de-Philips-Hue.jpg\",\"contentUrl\":\"https:\/\/vieassociative.be\/actualites\/wp-content\/uploads\/2025\/06\/Je-suis-un-utilisateur-de-longue-date-de-Philips-Hue.jpg\",\"width\":1200,\"height\":675,\"caption\":\"Je suis un utilisateur de longue date de Philips Hue, et ce sont mes six fonctionnalit\u00e9s pr\u00e9f\u00e9r\u00e9es\"},{\"@type\":\"BreadcrumbList\",\"@id\":\"https:\/\/vieassociative.be\/actualites\/je-suis-un-utilisateur-de-longue-date-de-philips-hue-et-ce-sont-mes-six-fonctionnalites-preferees\/#breadcrumb\",\"itemListElement\":[{\"@type\":\"ListItem\",\"position\":1,\"name\":\"Accueil\",\"item\":\"https:\/\/vieassociative.be\/actualites\/\"},{\"@type\":\"ListItem\",\"position\":2,\"name\":\"Je suis un utilisateur de longue date de Philips Hue, et ce sont mes six fonctionnalit\u00e9s pr\u00e9f\u00e9r\u00e9es\"}]},{\"@type\":\"WebSite\",\"@id\":\"https:\/\/vieassociative.be\/actualites\/#website\",\"url\":\"https:\/\/vieassociative.be\/actualites\/\",\"name\":\"Vie Associative\",\"description\":\"\",\"publisher\":{\"@id\":\"https:\/\/vieassociative.be\/actualites\/#organization\"},\"potentialAction\":[{\"@type\":\"SearchAction\",\"target\":{\"@type\":\"EntryPoint\",\"urlTemplate\":\"https:\/\/vieassociative.be\/actualites\/?s={search_term_string}\"},\"query-input\":{\"@type\":\"PropertyValueSpecification\",\"valueRequired\":true,\"valueName\":\"search_term_string\"}}],\"inLanguage\":\"fr-BE\"},{\"@type\":\"Organization\",\"@id\":\"https:\/\/vieassociative.be\/actualites\/#organization\",\"name\":\"Vie Associative\",\"url\":\"https:\/\/vieassociative.be\/actualites\/\",\"logo\":{\"@type\":\"ImageObject\",\"inLanguage\":\"fr-BE\",\"@id\":\"https:\/\/vieassociative.be\/actualites\/#\/schema\/logo\/image\/\",\"url\":\"https:\/\/vieassociative.be\/actualites\/wp-content\/uploads\/2024\/09\/cropped-vieassociative_favicon.ico.png\",\"contentUrl\":\"https:\/\/vieassociative.be\/actualites\/wp-content\/uploads\/2024\/09\/cropped-vieassociative_favicon.ico.png\",\"width\":512,\"height\":512,\"caption\":\"Vie Associative\"},\"image\":{\"@id\":\"https:\/\/vieassociative.be\/actualites\/#\/schema\/logo\/image\/\"}},{\"@type\":\"Person\",\"@id\":\"https:\/\/vieassociative.be\/actualites\/#\/schema\/person\/b87ac4f82f9d4e7b7cec7395b679edc4\",\"name\":\"Julien\",\"image\":{\"@type\":\"ImageObject\",\"inLanguage\":\"fr-BE\",\"@id\":\"https:\/\/vieassociative.be\/actualites\/#\/schema\/person\/image\/\",\"url\":\"https:\/\/vieassociative.be\/actualites\/wp-content\/uploads\/2024\/09\/vie-associative-1-150x150.jpg\",\"contentUrl\":\"https:\/\/vieassociative.be\/actualites\/wp-content\/uploads\/2024\/09\/vie-associative-1-150x150.jpg\",\"caption\":\"Julien\"},\"description\":\"Je suis Julien, r\u00e9dacteur pour Vie Associative. Passionn\u00e9 par le monde associatif depuis plus de 10 ans, j'ai \u00e0 c\u0153ur de partager des histoires inspirantes et de mettre en lumi\u00e8re les initiatives locales. Mon objectif est de sensibiliser et d'encourager l'engagement communautaire \u00e0 travers mes articles.\",\"sameAs\":[\"https:\/\/vieassociative.be\/\"]}]}<\/script>\n<!-- \/ Yoast SEO plugin. -->","yoast_head_json":{"title":"Je suis un utilisateur de longue date de Philips Hue, et ce sont mes six fonctionnalit\u00e9s pr\u00e9f\u00e9r\u00e9es | Vie Associative","robots":{"index":"index","follow":"follow","max-snippet":"max-snippet:-1","max-image-preview":"max-image-preview:large","max-video-preview":"max-video-preview:-1"},"canonical":"https:\/\/vieassociative.be\/actualites\/je-suis-un-utilisateur-de-longue-date-de-philips-hue-et-ce-sont-mes-six-fonctionnalites-preferees\/","og_locale":"fr_FR","og_type":"article","og_title":"Je suis un utilisateur de longue date de Philips Hue, et ce sont mes six fonctionnalit\u00e9s pr\u00e9f\u00e9r\u00e9es | Vie Associative","og_description":"Il existe plusieurs fonctionnalit\u00e9s qui sont beaucoup plus utiles que les autres. Parmi les lumi\u00e8res intelligentes, peu ont le logiciel robuste (ou le prix pour","og_url":"https:\/\/vieassociative.be\/actualites\/je-suis-un-utilisateur-de-longue-date-de-philips-hue-et-ce-sont-mes-six-fonctionnalites-preferees\/","og_site_name":"Vie Associative","article_published_time":"2025-06-18T13:18:00+00:00","og_image":[{"width":279,"height":92,"url":"https:\/\/vieassociative.be\/actualites\/wp-content\/uploads\/2024\/09\/header_backgroundk-01-e1726694325946.png","type":"image\/png"}],"author":"Julien","twitter_card":"summary_large_image","twitter_misc":{"\u00c9crit par":"Julien","Dur\u00e9e de lecture est.":"7 minutes"},"schema":{"@context":"https:\/\/schema.org","@graph":[{"@type":"Article","@id":"https:\/\/vieassociative.be\/actualites\/je-suis-un-utilisateur-de-longue-date-de-philips-hue-et-ce-sont-mes-six-fonctionnalites-preferees\/#article","isPartOf":{"@id":"https:\/\/vieassociative.be\/actualites\/je-suis-un-utilisateur-de-longue-date-de-philips-hue-et-ce-sont-mes-six-fonctionnalites-preferees\/"},"author":{"name":"Julien","@id":"https:\/\/vieassociative.be\/actualites\/#\/schema\/person\/b87ac4f82f9d4e7b7cec7395b679edc4"},"headline":"Je suis un utilisateur de longue date de Philips Hue, et ce sont mes six fonctionnalit\u00e9s pr\u00e9f\u00e9r\u00e9es","datePublished":"2025-06-18T13:18:00+00:00","dateModified":"2025-06-18T13:18:00+00:00","mainEntityOfPage":{"@id":"https:\/\/vieassociative.be\/actualites\/je-suis-un-utilisateur-de-longue-date-de-philips-hue-et-ce-sont-mes-six-fonctionnalites-preferees\/"},"wordCount":1457,"publisher":{"@id":"https:\/\/vieassociative.be\/actualites\/#organization"},"image":{"@id":"https:\/\/vieassociative.be\/actualites\/je-suis-un-utilisateur-de-longue-date-de-philips-hue-et-ce-sont-mes-six-fonctionnalites-preferees\/#primaryimage"},"thumbnailUrl":"https:\/\/vieassociative.be\/actualites\/wp-content\/uploads\/2025\/06\/Je-suis-un-utilisateur-de-longue-date-de-Philips-Hue.jpg","keywords":["date","fonctionnalit\u00e9s","Hue","longue","Mes","Philips","pr\u00e9f\u00e9r\u00e9es","sont","suis","utilisateur"],"articleSection":["Technologie"],"inLanguage":"fr-BE"},{"@type":"WebPage","@id":"https:\/\/vieassociative.be\/actualites\/je-suis-un-utilisateur-de-longue-date-de-philips-hue-et-ce-sont-mes-six-fonctionnalites-preferees\/","url":"https:\/\/vieassociative.be\/actualites\/je-suis-un-utilisateur-de-longue-date-de-philips-hue-et-ce-sont-mes-six-fonctionnalites-preferees\/","name":"Je suis un utilisateur de longue date de Philips Hue, et ce sont mes six fonctionnalit\u00e9s pr\u00e9f\u00e9r\u00e9es | Vie Associative","isPartOf":{"@id":"https:\/\/vieassociative.be\/actualites\/#website"},"primaryImageOfPage":{"@id":"https:\/\/vieassociative.be\/actualites\/je-suis-un-utilisateur-de-longue-date-de-philips-hue-et-ce-sont-mes-six-fonctionnalites-preferees\/#primaryimage"},"image":{"@id":"https:\/\/vieassociative.be\/actualites\/je-suis-un-utilisateur-de-longue-date-de-philips-hue-et-ce-sont-mes-six-fonctionnalites-preferees\/#primaryimage"},"thumbnailUrl":"https:\/\/vieassociative.be\/actualites\/wp-content\/uploads\/2025\/06\/Je-suis-un-utilisateur-de-longue-date-de-Philips-Hue.jpg","datePublished":"2025-06-18T13:18:00+00:00","dateModified":"2025-06-18T13:18:00+00:00","breadcrumb":{"@id":"https:\/\/vieassociative.be\/actualites\/je-suis-un-utilisateur-de-longue-date-de-philips-hue-et-ce-sont-mes-six-fonctionnalites-preferees\/#breadcrumb"},"inLanguage":"fr-BE","potentialAction":[{"@type":"ReadAction","target":["https:\/\/vieassociative.be\/actualites\/je-suis-un-utilisateur-de-longue-date-de-philips-hue-et-ce-sont-mes-six-fonctionnalites-preferees\/"]}]},{"@type":"ImageObject","inLanguage":"fr-BE","@id":"https:\/\/vieassociative.be\/actualites\/je-suis-un-utilisateur-de-longue-date-de-philips-hue-et-ce-sont-mes-six-fonctionnalites-preferees\/#primaryimage","url":"https:\/\/vieassociative.be\/actualites\/wp-content\/uploads\/2025\/06\/Je-suis-un-utilisateur-de-longue-date-de-Philips-Hue.jpg","contentUrl":"https:\/\/vieassociative.be\/actualites\/wp-content\/uploads\/2025\/06\/Je-suis-un-utilisateur-de-longue-date-de-Philips-Hue.jpg","width":1200,"height":675,"caption":"Je suis un utilisateur de longue date de Philips Hue, et ce sont mes six fonctionnalit\u00e9s pr\u00e9f\u00e9r\u00e9es"},{"@type":"BreadcrumbList","@id":"https:\/\/vieassociative.be\/actualites\/je-suis-un-utilisateur-de-longue-date-de-philips-hue-et-ce-sont-mes-six-fonctionnalites-preferees\/#breadcrumb","itemListElement":[{"@type":"ListItem","position":1,"name":"Accueil","item":"https:\/\/vieassociative.be\/actualites\/"},{"@type":"ListItem","position":2,"name":"Je suis un utilisateur de longue date de Philips Hue, et ce sont mes six fonctionnalit\u00e9s pr\u00e9f\u00e9r\u00e9es"}]},{"@type":"WebSite","@id":"https:\/\/vieassociative.be\/actualites\/#website","url":"https:\/\/vieassociative.be\/actualites\/","name":"Vie Associative","description":"","publisher":{"@id":"https:\/\/vieassociative.be\/actualites\/#organization"},"potentialAction":[{"@type":"SearchAction","target":{"@type":"EntryPoint","urlTemplate":"https:\/\/vieassociative.be\/actualites\/?s={search_term_string}"},"query-input":{"@type":"PropertyValueSpecification","valueRequired":true,"valueName":"search_term_string"}}],"inLanguage":"fr-BE"},{"@type":"Organization","@id":"https:\/\/vieassociative.be\/actualites\/#organization","name":"Vie Associative","url":"https:\/\/vieassociative.be\/actualites\/","logo":{"@type":"ImageObject","inLanguage":"fr-BE","@id":"https:\/\/vieassociative.be\/actualites\/#\/schema\/logo\/image\/","url":"https:\/\/vieassociative.be\/actualites\/wp-content\/uploads\/2024\/09\/cropped-vieassociative_favicon.ico.png","contentUrl":"https:\/\/vieassociative.be\/actualites\/wp-content\/uploads\/2024\/09\/cropped-vieassociative_favicon.ico.png","width":512,"height":512,"caption":"Vie Associative"},"image":{"@id":"https:\/\/vieassociative.be\/actualites\/#\/schema\/logo\/image\/"}},{"@type":"Person","@id":"https:\/\/vieassociative.be\/actualites\/#\/schema\/person\/b87ac4f82f9d4e7b7cec7395b679edc4","name":"Julien","image":{"@type":"ImageObject","inLanguage":"fr-BE","@id":"https:\/\/vieassociative.be\/actualites\/#\/schema\/person\/image\/","url":"https:\/\/vieassociative.be\/actualites\/wp-content\/uploads\/2024\/09\/vie-associative-1-150x150.jpg","contentUrl":"https:\/\/vieassociative.be\/actualites\/wp-content\/uploads\/2024\/09\/vie-associative-1-150x150.jpg","caption":"Julien"},"description":"Je suis Julien, r\u00e9dacteur pour Vie Associative. Passionn\u00e9 par le monde associatif depuis plus de 10 ans, j'ai \u00e0 c\u0153ur de partager des histoires inspirantes et de mettre en lumi\u00e8re les initiatives locales. Mon objectif est de sensibiliser et d'encourager l'engagement communautaire \u00e0 travers mes articles.","sameAs":["https:\/\/vieassociative.be\/"]}]}},"_links":{"self":[{"href":"https:\/\/vieassociative.be\/actualites\/wp-json\/wp\/v2\/posts\/8251"}],"collection":[{"href":"https:\/\/vieassociative.be\/actualites\/wp-json\/wp\/v2\/posts"}],"about":[{"href":"https:\/\/vieassociative.be\/actualites\/wp-json\/wp\/v2\/types\/post"}],"author":[{"embeddable":true,"href":"https:\/\/vieassociative.be\/actualites\/wp-json\/wp\/v2\/users\/1"}],"replies":[{"embeddable":true,"href":"https:\/\/vieassociative.be\/actualites\/wp-json\/wp\/v2\/comments?post=8251"}],"version-history":[{"count":0,"href":"https:\/\/vieassociative.be\/actualites\/wp-json\/wp\/v2\/posts\/8251\/revisions"}],"wp:featuredmedia":[{"embeddable":true,"href":"https:\/\/vieassociative.be\/actualites\/wp-json\/wp\/v2\/media\/8252"}],"wp:attachment":[{"href":"https:\/\/vieassociative.be\/actualites\/wp-json\/wp\/v2\/media?parent=8251"}],"wp:term":[{"taxonomy":"category","embeddable":true,"href":"https:\/\/vieassociative.be\/actualites\/wp-json\/wp\/v2\/categories?post=8251"},{"taxonomy":"post_tag","embeddable":true,"href":"https:\/\/vieassociative.be\/actualites\/wp-json\/wp\/v2\/tags?post=8251"}],"curies":[{"name":"wp","href":"https:\/\/api.w.org\/{rel}","templated":true}]}}