{"id":8238,"date":"2025-06-17T19:20:29","date_gmt":"2025-06-17T17:20:29","guid":{"rendered":"https:\/\/vieassociative.be\/actualites\/amazon-est-une-journee-de-grandeur-super-dimensitive-pour-2025-2\/"},"modified":"2025-06-17T19:20:29","modified_gmt":"2025-06-17T17:20:29","slug":"amazon-est-une-journee-de-grandeur-super-dimensitive-pour-2025-2","status":"publish","type":"post","link":"https:\/\/vieassociative.be\/actualites\/amazon-est-une-journee-de-grandeur-super-dimensitive-pour-2025-2\/","title":{"rendered":"Amazon est une journ\u00e9e de grandeur super-dimensitive pour 2025"},"content":{"rendered":"<div class=\"mt-4 leading-6 md:mb-8\">Prime Day 2025 sera deux fois plus long que d&rsquo;habitude.<\/div>\n<p><\/p>\n<p>Bien qu&rsquo;il ne soit pas question que nous obtenions un autre jour de grande entier en 2025, malgr\u00e9 l&rsquo;incertitude des tarifs sur les achats en ligne, c&rsquo;est maintenant officiel: dans un communiqu\u00e9 de presse, Amazon a confirm\u00e9 le retour de ce qui est s\u00fbr d&rsquo;\u00eatre le plus grand \u00e9v\u00e9nement de vente en ligne de l&rsquo;ann\u00e9e. Et maintenant, nous avons les dates officielles, qui sont surprise. Voici tout ce que nous savons jusqu&rsquo;\u00e0 pr\u00e9sent sur la vente de cette ann\u00e9e.<\/p>\n<h2 id=\"what-is-prime-day\">Qu&rsquo;est-ce que le premier jour?<\/h2>\n<p>Alors qu&rsquo;Amazon d\u00e9tient plusieurs ventes tout au long de l&rsquo;ann\u00e9e (y compris sa r\u00e9cente vente de printemps et les jours d&rsquo;octobre Big Big Days de l&rsquo;ann\u00e9e derni\u00e8re), la vente d&rsquo;\u00e9t\u00e9 est g\u00e9n\u00e9ralement le plus grand \u00e9v\u00e9nement annuel d&rsquo;Amazon le plus m\u00e9diatis\u00e9. Il s&rsquo;agit g\u00e9n\u00e9ralement d&rsquo;une affaire de deux jours (jusqu&rsquo;\u00e0 cette ann\u00e9e), avec des offres dans pratiquement toutes les cat\u00e9gories de produits auxquelles vous pouvez penser. Prime Day est g\u00e9n\u00e9ralement lorsque vous pouvez vous attendre \u00e0 voir certains produits baisser pour enregistrer les prix bas, bien que toutes les offres ne soient pas aussi excellentes qu&rsquo;elles le semblent (je v\u00e9rifie toujours les accords avec les outils de suivi des prix pour s&rsquo;assurer qu&rsquo;ils sont l\u00e9gitimes).<\/p>\n<h2 id=\"when-is-prime-day-2025\">Quand est le Prime Day 2025?<\/h2>\n<p>Amazon a annonc\u00e9 que l&rsquo;\u00e9v\u00e9nement aura lieu entre le 8 juillet et le 11 juillet. C&rsquo;est la premi\u00e8re fois qu&rsquo;Amazon a chang\u00e9 la dur\u00e9e de la vente, doubler sa dur\u00e9e habituelle. Nous serons dans un territoire inexplor\u00e9, probablement avec des offres plus et plus longues pendant la vente, mais nous serons l\u00e0 pour couper le bruit et vous apporter les meilleures offres qu&rsquo;Amazon offrira.<\/p>\n<h2 id=\"do-you-need-to-be-a-prime-member-to-shop-during-prime-day\">Avez-vous besoin d&rsquo;\u00eatre un membre privil\u00e9gi\u00e9 pour faire du shopping pendant la premi\u00e8re journ\u00e9e?<\/h2>\n<p>Vous devrez \u00eatre un membre privil\u00e9gi\u00e9 pour acheter toutes les offres de premi\u00e8re journ\u00e9e d&rsquo;Amazon et obtenir la livraison gratuite. L&rsquo;adh\u00e9sion principale commence \u00e0 <strong>14,99 $<\/strong> par mois (<strong>139 $<\/strong> par ann\u00e9e). Il est facile de d\u00e9terminer si l&rsquo;adh\u00e9sion annuelle en vaut la peine pour vous, mais n&rsquo;oubliez pas que vous pouvez toujours annuler votre abonnement Prime une fois la vente termin\u00e9e &#8211; Amazon propose des essais gratuits de 30 jours, afin que vous puissiez acheter les deux jours de l&rsquo;\u00e9v\u00e9nement et avoir encore le temps d&rsquo;annuler avant d&rsquo;\u00eatre factur\u00e9. (Voici comment s&rsquo;inscrire \u00e0 un compte principal.)<\/p>\n<h2 id=\"what-sales-can-you-expect-during-prime-day\">Quelles ventes pouvez-vous attendre pendant la premi\u00e8re journ\u00e9e?<\/h2>\n<p>\u00c9tant donn\u00e9 que la premi\u00e8re journ\u00e9e se produit en \u00e9t\u00e9, vous pouvez trouver des offres sur des trucs en plein air, comme l&rsquo;\u00e9quipement de jardinage, mais les meilleures r\u00e9ductions sont g\u00e9n\u00e9ralement sur les appareils technologiques et Amazon. Amazon a d\u00e9j\u00e0 annonc\u00e9 certaines cat\u00e9gories qui seront en vente, notamment l&rsquo;\u00e9lectronique, la cuisine, la beaut\u00e9 et les v\u00eatements. Vous pourrez trouver des offres sur les meilleures marques comme Apple, Dyson, Bose, Beats, Sony et bien d&rsquo;autres.<\/p>\n<div class=\"pogoClear relative my-10 border-b-(1.5px) border-t-(1.5px) border-dashed border-black py-5 sm:my-14 sm:border-0 sm:py-0\" data-ga-click data-ga-template=\"News\" data-ga-module=\"openweb_widget\" data-ga-element=\"openweb_scroll\" data-ga-item=\"openweb_scroll_midpage\" x-data=\"{\n         commentsCount: null,\n         hasComments: false,\n         async fetchCommentsCount() {\n             try {\n                 if (window.openweb &amp;&amp; typeof window.openweb.getMessagesCount === 'function') {\n                     this.commentsCount = await window.openweb.getMessagesCount('01JT1DJ8RNG25CG5FQHZPTSWXA');\n                     this.hasComments = this.commentsCount !== null &amp;&amp; this.commentsCount &gt; 0;\n                 }\n             } catch (e) {\n                 console.warn('Failed to fetch comment count:', e);\n             }\n         }\n     }\" x-init=\"fetchCommentsCount()\" x-cloak><\/p>\n<div class=\"absolute top-1\/2 hidden w-full -translate-y-1\/2 border-t-(1.5px) border-dashed border-black sm:block\"><\/div>\n<div class=\"relative flex justify-center\">\n<div class=\"flex max-w-fit items-center gap-x-3 bg-white px-5\">\n<div class=\"relative\">\n                <span class=\"absolute left-1\/2 top-1\/2 -translate-x-1\/2 -translate-y-1\/2 font-akshar text-sm font-medium text-black\" aria-live=\"polite\" x-show=\"hasComments\" x-text=\"commentsCount\"><\/span><\/p>\n<p>                <svg class=\"h-8 w-8 text-black\" role=\"img\" aria-hidden=\"true\">\n                    <use href=\"http:\/\/lifehacker.com\/images\/icons\/spritemap.svg#sprite-chat-bubble\"><\/use>\n                <\/svg>\n            <\/div>\n<p>            <span class=\"text-sm font-medium text-black\"><\/p>\n<p>                Que pensez-vous jusqu&rsquo;\u00e0 pr\u00e9sent?<br \/>\n                <button class=\"ml-1 font-semibold text-brand-green underline hover:text-brand-green-700\" type=\"button\" aria-label=\"Comment section trigger\" onclick=\"window.openweb.scrollToComments('01JT1DJ8RNG25CG5FQHZPTSWXA')\" x-text=\"hasComments ? 'Post a comment.' : 'Be the first to post a comment.'\"><\/button><br \/>\n            <\/span>\n        <\/div>\n<\/p><\/div>\n<\/div>\n<h2 id=\"prime-day-is-a-good-time-to-shop-other-retailers-sales-too\">Prime Day est \u00e9galement un bon moment pour acheter les ventes d&rsquo;autres d\u00e9taillants<\/h2>\n<p>Vous pouvez toujours vous attendre \u00e0 ce que les grands d\u00e9taillants aient leurs propres ventes comp\u00e9titives, les grandes \u00e9tant les meilleurs achats, cibles et Walmart. Comme dans la vente de printemps, les dates de ces ventes pourraient commencer plus t\u00f4t, se chevaucher et fonctionner plus longtemps que la premi\u00e8re journ\u00e9e. Il y a g\u00e9n\u00e9ralement quelques offres qui sont meilleures que la premi\u00e8re journ\u00e9e d&rsquo;Amazon de chacun des d\u00e9taillants, mais la majorit\u00e9 des bonnes affaires seront le premier jour. Je mettrai \u00e0 jour ce post avec des d\u00e9tails sur ces offres d\u00e8s qu&rsquo;ils ont \u00e9t\u00e9 annonc\u00e9s.<\/p>\n<h2 id=\"no-amazon-wont-have-a-tariff-pricing-feature\">Non, Amazon n&rsquo;aura pas de fonctionnalit\u00e9 de tarif<\/h2>\n<p>Vous avez peut-\u00eatre entendu dire qu&rsquo;Amazon allait montrer aux clients les augmentations de prix li\u00e9es au tarif. Cependant, Amazon a finalement invers\u00e9 sa d\u00e9cision apr\u00e8s que la Maison Blanche a accus\u00e9 la compagnie d&rsquo;une \u00ab\u00a0loi hostile\u00a0\u00bb \u00e0 motivation politique contre l&rsquo;administration.<\/p>\n<h2 id=\"some-tips-for-shopping-during-prime-day\">Quelques conseils pour faire du shopping pendant la premi\u00e8re journ\u00e9e<\/h2>\n<p>Si ce sera votre premier jour de premier ordre, vous devez conna\u00eetre certaines bases:<\/p>\n<ul>\n<li>\n<p>Vous pouvez partager votre adh\u00e9sion principale avec les membres de la famille m\u00eame s&rsquo;ils ne vivent pas avec vous.<\/p>\n<\/li>\n<li>\n<p>Vous pouvez d\u00e9finir des alertes de prix pour les produits que vous souhaitez, et vos appareils Alexa peuvent vous informer lorsqu&rsquo;ils seront mis en vente.<\/p>\n<\/li>\n<li>\n<p>Il y a g\u00e9n\u00e9ralement des offres \u00ab\u00a0uniquement\u00a0\u00bb pour lesquelles vous pouvez vous inscrire; Il existe des outils que vous pouvez utiliser pour voir si l&rsquo;accord que vous regardez est bon ou non.<\/p>\n<\/li>\n<\/ul>\n","protected":false},"excerpt":{"rendered":"<p>Prime Day 2025 sera deux fois plus long que d&rsquo;habitude. Bien qu&rsquo;il ne soit pas question que nous obtenions un autre jour de grande entier<\/p>\n","protected":false},"author":1,"featured_media":8235,"comment_status":"","ping_status":"","sticky":false,"template":"","format":"standard","meta":{"footnotes":""},"categories":[41],"tags":[51,76,7440,2877,81,7441,110],"class_list":["post-8238","post","type-post","status-publish","format-standard","has-post-thumbnail","hentry","category-argent","tag-amazon","tag-est","tag-grandeur","tag-journee","tag-pour","tag-superdimensitive","tag-une","generate-columns","tablet-grid-50","mobile-grid-100","grid-parent","grid-33"],"yoast_head":"<!-- This site is optimized with the Yoast SEO plugin v24.0 - https:\/\/yoast.com\/wordpress\/plugins\/seo\/ -->\n<title>Amazon est une journ\u00e9e de grandeur super-dimensitive pour 2025 | Vie Associative<\/title>\n<meta name=\"robots\" content=\"index, follow, max-snippet:-1, max-image-preview:large, max-video-preview:-1\" \/>\n<link rel=\"canonical\" href=\"https:\/\/vieassociative.be\/actualites\/amazon-est-une-journee-de-grandeur-super-dimensitive-pour-2025-2\/\" \/>\n<meta property=\"og:locale\" content=\"fr_FR\" \/>\n<meta property=\"og:type\" content=\"article\" \/>\n<meta property=\"og:title\" content=\"Amazon est une journ\u00e9e de grandeur super-dimensitive pour 2025 | Vie Associative\" \/>\n<meta property=\"og:description\" content=\"Prime Day 2025 sera deux fois plus long que d&rsquo;habitude. Bien qu&rsquo;il ne soit pas question que nous obtenions un autre jour de grande entier\" \/>\n<meta property=\"og:url\" content=\"https:\/\/vieassociative.be\/actualites\/amazon-est-une-journee-de-grandeur-super-dimensitive-pour-2025-2\/\" \/>\n<meta property=\"og:site_name\" content=\"Vie Associative\" \/>\n<meta property=\"article:published_time\" content=\"2025-06-17T17:20:29+00:00\" \/>\n<meta property=\"og:image\" content=\"https:\/\/vieassociative.be\/actualites\/wp-content\/uploads\/2024\/09\/header_backgroundk-01-e1726694325946.png\" \/>\n\t<meta property=\"og:image:width\" content=\"279\" \/>\n\t<meta property=\"og:image:height\" content=\"92\" \/>\n\t<meta property=\"og:image:type\" content=\"image\/png\" \/>\n<meta name=\"author\" content=\"Julien\" \/>\n<meta name=\"twitter:card\" content=\"summary_large_image\" \/>\n<meta name=\"twitter:label1\" content=\"\u00c9crit par\" \/>\n\t<meta name=\"twitter:data1\" content=\"Julien\" \/>\n\t<meta name=\"twitter:label2\" content=\"Dur\u00e9e de lecture est.\" \/>\n\t<meta name=\"twitter:data2\" content=\"4 minutes\" \/>\n<script type=\"application\/ld+json\" class=\"yoast-schema-graph\">{\"@context\":\"https:\/\/schema.org\",\"@graph\":[{\"@type\":\"Article\",\"@id\":\"https:\/\/vieassociative.be\/actualites\/amazon-est-une-journee-de-grandeur-super-dimensitive-pour-2025-2\/#article\",\"isPartOf\":{\"@id\":\"https:\/\/vieassociative.be\/actualites\/amazon-est-une-journee-de-grandeur-super-dimensitive-pour-2025-2\/\"},\"author\":{\"name\":\"Julien\",\"@id\":\"https:\/\/vieassociative.be\/actualites\/#\/schema\/person\/b87ac4f82f9d4e7b7cec7395b679edc4\"},\"headline\":\"Amazon est une journ\u00e9e de grandeur super-dimensitive pour 2025\",\"datePublished\":\"2025-06-17T17:20:29+00:00\",\"dateModified\":\"2025-06-17T17:20:29+00:00\",\"mainEntityOfPage\":{\"@id\":\"https:\/\/vieassociative.be\/actualites\/amazon-est-une-journee-de-grandeur-super-dimensitive-pour-2025-2\/\"},\"wordCount\":845,\"publisher\":{\"@id\":\"https:\/\/vieassociative.be\/actualites\/#organization\"},\"image\":{\"@id\":\"https:\/\/vieassociative.be\/actualites\/amazon-est-une-journee-de-grandeur-super-dimensitive-pour-2025-2\/#primaryimage\"},\"thumbnailUrl\":\"https:\/\/vieassociative.be\/actualites\/wp-content\/uploads\/2025\/06\/Amazon-est-une-journee-de-grandeur-super-dimensitive-pour-2025.jpg\",\"keywords\":[\"Amazon\",\"est\",\"grandeur\",\"journ\u00e9e\",\"pour\",\"superdimensitive\",\"une\"],\"articleSection\":[\"Argent\"],\"inLanguage\":\"fr-BE\"},{\"@type\":\"WebPage\",\"@id\":\"https:\/\/vieassociative.be\/actualites\/amazon-est-une-journee-de-grandeur-super-dimensitive-pour-2025-2\/\",\"url\":\"https:\/\/vieassociative.be\/actualites\/amazon-est-une-journee-de-grandeur-super-dimensitive-pour-2025-2\/\",\"name\":\"Amazon est une journ\u00e9e de grandeur super-dimensitive pour 2025 | Vie Associative\",\"isPartOf\":{\"@id\":\"https:\/\/vieassociative.be\/actualites\/#website\"},\"primaryImageOfPage\":{\"@id\":\"https:\/\/vieassociative.be\/actualites\/amazon-est-une-journee-de-grandeur-super-dimensitive-pour-2025-2\/#primaryimage\"},\"image\":{\"@id\":\"https:\/\/vieassociative.be\/actualites\/amazon-est-une-journee-de-grandeur-super-dimensitive-pour-2025-2\/#primaryimage\"},\"thumbnailUrl\":\"https:\/\/vieassociative.be\/actualites\/wp-content\/uploads\/2025\/06\/Amazon-est-une-journee-de-grandeur-super-dimensitive-pour-2025.jpg\",\"datePublished\":\"2025-06-17T17:20:29+00:00\",\"dateModified\":\"2025-06-17T17:20:29+00:00\",\"breadcrumb\":{\"@id\":\"https:\/\/vieassociative.be\/actualites\/amazon-est-une-journee-de-grandeur-super-dimensitive-pour-2025-2\/#breadcrumb\"},\"inLanguage\":\"fr-BE\",\"potentialAction\":[{\"@type\":\"ReadAction\",\"target\":[\"https:\/\/vieassociative.be\/actualites\/amazon-est-une-journee-de-grandeur-super-dimensitive-pour-2025-2\/\"]}]},{\"@type\":\"ImageObject\",\"inLanguage\":\"fr-BE\",\"@id\":\"https:\/\/vieassociative.be\/actualites\/amazon-est-une-journee-de-grandeur-super-dimensitive-pour-2025-2\/#primaryimage\",\"url\":\"https:\/\/vieassociative.be\/actualites\/wp-content\/uploads\/2025\/06\/Amazon-est-une-journee-de-grandeur-super-dimensitive-pour-2025.jpg\",\"contentUrl\":\"https:\/\/vieassociative.be\/actualites\/wp-content\/uploads\/2025\/06\/Amazon-est-une-journee-de-grandeur-super-dimensitive-pour-2025.jpg\",\"width\":1200,\"height\":675,\"caption\":\"Amazon est une journ\u00e9e de grandeur super-dimensitive pour 2025\"},{\"@type\":\"BreadcrumbList\",\"@id\":\"https:\/\/vieassociative.be\/actualites\/amazon-est-une-journee-de-grandeur-super-dimensitive-pour-2025-2\/#breadcrumb\",\"itemListElement\":[{\"@type\":\"ListItem\",\"position\":1,\"name\":\"Accueil\",\"item\":\"https:\/\/vieassociative.be\/actualites\/\"},{\"@type\":\"ListItem\",\"position\":2,\"name\":\"Amazon est une journ\u00e9e de grandeur super-dimensitive pour 2025\"}]},{\"@type\":\"WebSite\",\"@id\":\"https:\/\/vieassociative.be\/actualites\/#website\",\"url\":\"https:\/\/vieassociative.be\/actualites\/\",\"name\":\"Vie Associative\",\"description\":\"\",\"publisher\":{\"@id\":\"https:\/\/vieassociative.be\/actualites\/#organization\"},\"potentialAction\":[{\"@type\":\"SearchAction\",\"target\":{\"@type\":\"EntryPoint\",\"urlTemplate\":\"https:\/\/vieassociative.be\/actualites\/?s={search_term_string}\"},\"query-input\":{\"@type\":\"PropertyValueSpecification\",\"valueRequired\":true,\"valueName\":\"search_term_string\"}}],\"inLanguage\":\"fr-BE\"},{\"@type\":\"Organization\",\"@id\":\"https:\/\/vieassociative.be\/actualites\/#organization\",\"name\":\"Vie Associative\",\"url\":\"https:\/\/vieassociative.be\/actualites\/\",\"logo\":{\"@type\":\"ImageObject\",\"inLanguage\":\"fr-BE\",\"@id\":\"https:\/\/vieassociative.be\/actualites\/#\/schema\/logo\/image\/\",\"url\":\"https:\/\/vieassociative.be\/actualites\/wp-content\/uploads\/2024\/09\/cropped-vieassociative_favicon.ico.png\",\"contentUrl\":\"https:\/\/vieassociative.be\/actualites\/wp-content\/uploads\/2024\/09\/cropped-vieassociative_favicon.ico.png\",\"width\":512,\"height\":512,\"caption\":\"Vie Associative\"},\"image\":{\"@id\":\"https:\/\/vieassociative.be\/actualites\/#\/schema\/logo\/image\/\"}},{\"@type\":\"Person\",\"@id\":\"https:\/\/vieassociative.be\/actualites\/#\/schema\/person\/b87ac4f82f9d4e7b7cec7395b679edc4\",\"name\":\"Julien\",\"image\":{\"@type\":\"ImageObject\",\"inLanguage\":\"fr-BE\",\"@id\":\"https:\/\/vieassociative.be\/actualites\/#\/schema\/person\/image\/\",\"url\":\"https:\/\/vieassociative.be\/actualites\/wp-content\/uploads\/2024\/09\/vie-associative-1-150x150.jpg\",\"contentUrl\":\"https:\/\/vieassociative.be\/actualites\/wp-content\/uploads\/2024\/09\/vie-associative-1-150x150.jpg\",\"caption\":\"Julien\"},\"description\":\"Je suis Julien, r\u00e9dacteur pour Vie Associative. Passionn\u00e9 par le monde associatif depuis plus de 10 ans, j'ai \u00e0 c\u0153ur de partager des histoires inspirantes et de mettre en lumi\u00e8re les initiatives locales. Mon objectif est de sensibiliser et d'encourager l'engagement communautaire \u00e0 travers mes articles.\",\"sameAs\":[\"https:\/\/vieassociative.be\/\"]}]}<\/script>\n<!-- \/ Yoast SEO plugin. -->","yoast_head_json":{"title":"Amazon est une journ\u00e9e de grandeur super-dimensitive pour 2025 | Vie Associative","robots":{"index":"index","follow":"follow","max-snippet":"max-snippet:-1","max-image-preview":"max-image-preview:large","max-video-preview":"max-video-preview:-1"},"canonical":"https:\/\/vieassociative.be\/actualites\/amazon-est-une-journee-de-grandeur-super-dimensitive-pour-2025-2\/","og_locale":"fr_FR","og_type":"article","og_title":"Amazon est une journ\u00e9e de grandeur super-dimensitive pour 2025 | Vie Associative","og_description":"Prime Day 2025 sera deux fois plus long que d&rsquo;habitude. Bien qu&rsquo;il ne soit pas question que nous obtenions un autre jour de grande entier","og_url":"https:\/\/vieassociative.be\/actualites\/amazon-est-une-journee-de-grandeur-super-dimensitive-pour-2025-2\/","og_site_name":"Vie Associative","article_published_time":"2025-06-17T17:20:29+00:00","og_image":[{"width":279,"height":92,"url":"https:\/\/vieassociative.be\/actualites\/wp-content\/uploads\/2024\/09\/header_backgroundk-01-e1726694325946.png","type":"image\/png"}],"author":"Julien","twitter_card":"summary_large_image","twitter_misc":{"\u00c9crit par":"Julien","Dur\u00e9e de lecture est.":"4 minutes"},"schema":{"@context":"https:\/\/schema.org","@graph":[{"@type":"Article","@id":"https:\/\/vieassociative.be\/actualites\/amazon-est-une-journee-de-grandeur-super-dimensitive-pour-2025-2\/#article","isPartOf":{"@id":"https:\/\/vieassociative.be\/actualites\/amazon-est-une-journee-de-grandeur-super-dimensitive-pour-2025-2\/"},"author":{"name":"Julien","@id":"https:\/\/vieassociative.be\/actualites\/#\/schema\/person\/b87ac4f82f9d4e7b7cec7395b679edc4"},"headline":"Amazon est une journ\u00e9e de grandeur super-dimensitive pour 2025","datePublished":"2025-06-17T17:20:29+00:00","dateModified":"2025-06-17T17:20:29+00:00","mainEntityOfPage":{"@id":"https:\/\/vieassociative.be\/actualites\/amazon-est-une-journee-de-grandeur-super-dimensitive-pour-2025-2\/"},"wordCount":845,"publisher":{"@id":"https:\/\/vieassociative.be\/actualites\/#organization"},"image":{"@id":"https:\/\/vieassociative.be\/actualites\/amazon-est-une-journee-de-grandeur-super-dimensitive-pour-2025-2\/#primaryimage"},"thumbnailUrl":"https:\/\/vieassociative.be\/actualites\/wp-content\/uploads\/2025\/06\/Amazon-est-une-journee-de-grandeur-super-dimensitive-pour-2025.jpg","keywords":["Amazon","est","grandeur","journ\u00e9e","pour","superdimensitive","une"],"articleSection":["Argent"],"inLanguage":"fr-BE"},{"@type":"WebPage","@id":"https:\/\/vieassociative.be\/actualites\/amazon-est-une-journee-de-grandeur-super-dimensitive-pour-2025-2\/","url":"https:\/\/vieassociative.be\/actualites\/amazon-est-une-journee-de-grandeur-super-dimensitive-pour-2025-2\/","name":"Amazon est une journ\u00e9e de grandeur super-dimensitive pour 2025 | Vie Associative","isPartOf":{"@id":"https:\/\/vieassociative.be\/actualites\/#website"},"primaryImageOfPage":{"@id":"https:\/\/vieassociative.be\/actualites\/amazon-est-une-journee-de-grandeur-super-dimensitive-pour-2025-2\/#primaryimage"},"image":{"@id":"https:\/\/vieassociative.be\/actualites\/amazon-est-une-journee-de-grandeur-super-dimensitive-pour-2025-2\/#primaryimage"},"thumbnailUrl":"https:\/\/vieassociative.be\/actualites\/wp-content\/uploads\/2025\/06\/Amazon-est-une-journee-de-grandeur-super-dimensitive-pour-2025.jpg","datePublished":"2025-06-17T17:20:29+00:00","dateModified":"2025-06-17T17:20:29+00:00","breadcrumb":{"@id":"https:\/\/vieassociative.be\/actualites\/amazon-est-une-journee-de-grandeur-super-dimensitive-pour-2025-2\/#breadcrumb"},"inLanguage":"fr-BE","potentialAction":[{"@type":"ReadAction","target":["https:\/\/vieassociative.be\/actualites\/amazon-est-une-journee-de-grandeur-super-dimensitive-pour-2025-2\/"]}]},{"@type":"ImageObject","inLanguage":"fr-BE","@id":"https:\/\/vieassociative.be\/actualites\/amazon-est-une-journee-de-grandeur-super-dimensitive-pour-2025-2\/#primaryimage","url":"https:\/\/vieassociative.be\/actualites\/wp-content\/uploads\/2025\/06\/Amazon-est-une-journee-de-grandeur-super-dimensitive-pour-2025.jpg","contentUrl":"https:\/\/vieassociative.be\/actualites\/wp-content\/uploads\/2025\/06\/Amazon-est-une-journee-de-grandeur-super-dimensitive-pour-2025.jpg","width":1200,"height":675,"caption":"Amazon est une journ\u00e9e de grandeur super-dimensitive pour 2025"},{"@type":"BreadcrumbList","@id":"https:\/\/vieassociative.be\/actualites\/amazon-est-une-journee-de-grandeur-super-dimensitive-pour-2025-2\/#breadcrumb","itemListElement":[{"@type":"ListItem","position":1,"name":"Accueil","item":"https:\/\/vieassociative.be\/actualites\/"},{"@type":"ListItem","position":2,"name":"Amazon est une journ\u00e9e de grandeur super-dimensitive pour 2025"}]},{"@type":"WebSite","@id":"https:\/\/vieassociative.be\/actualites\/#website","url":"https:\/\/vieassociative.be\/actualites\/","name":"Vie Associative","description":"","publisher":{"@id":"https:\/\/vieassociative.be\/actualites\/#organization"},"potentialAction":[{"@type":"SearchAction","target":{"@type":"EntryPoint","urlTemplate":"https:\/\/vieassociative.be\/actualites\/?s={search_term_string}"},"query-input":{"@type":"PropertyValueSpecification","valueRequired":true,"valueName":"search_term_string"}}],"inLanguage":"fr-BE"},{"@type":"Organization","@id":"https:\/\/vieassociative.be\/actualites\/#organization","name":"Vie Associative","url":"https:\/\/vieassociative.be\/actualites\/","logo":{"@type":"ImageObject","inLanguage":"fr-BE","@id":"https:\/\/vieassociative.be\/actualites\/#\/schema\/logo\/image\/","url":"https:\/\/vieassociative.be\/actualites\/wp-content\/uploads\/2024\/09\/cropped-vieassociative_favicon.ico.png","contentUrl":"https:\/\/vieassociative.be\/actualites\/wp-content\/uploads\/2024\/09\/cropped-vieassociative_favicon.ico.png","width":512,"height":512,"caption":"Vie Associative"},"image":{"@id":"https:\/\/vieassociative.be\/actualites\/#\/schema\/logo\/image\/"}},{"@type":"Person","@id":"https:\/\/vieassociative.be\/actualites\/#\/schema\/person\/b87ac4f82f9d4e7b7cec7395b679edc4","name":"Julien","image":{"@type":"ImageObject","inLanguage":"fr-BE","@id":"https:\/\/vieassociative.be\/actualites\/#\/schema\/person\/image\/","url":"https:\/\/vieassociative.be\/actualites\/wp-content\/uploads\/2024\/09\/vie-associative-1-150x150.jpg","contentUrl":"https:\/\/vieassociative.be\/actualites\/wp-content\/uploads\/2024\/09\/vie-associative-1-150x150.jpg","caption":"Julien"},"description":"Je suis Julien, r\u00e9dacteur pour Vie Associative. Passionn\u00e9 par le monde associatif depuis plus de 10 ans, j'ai \u00e0 c\u0153ur de partager des histoires inspirantes et de mettre en lumi\u00e8re les initiatives locales. Mon objectif est de sensibiliser et d'encourager l'engagement communautaire \u00e0 travers mes articles.","sameAs":["https:\/\/vieassociative.be\/"]}]}},"_links":{"self":[{"href":"https:\/\/vieassociative.be\/actualites\/wp-json\/wp\/v2\/posts\/8238"}],"collection":[{"href":"https:\/\/vieassociative.be\/actualites\/wp-json\/wp\/v2\/posts"}],"about":[{"href":"https:\/\/vieassociative.be\/actualites\/wp-json\/wp\/v2\/types\/post"}],"author":[{"embeddable":true,"href":"https:\/\/vieassociative.be\/actualites\/wp-json\/wp\/v2\/users\/1"}],"replies":[{"embeddable":true,"href":"https:\/\/vieassociative.be\/actualites\/wp-json\/wp\/v2\/comments?post=8238"}],"version-history":[{"count":0,"href":"https:\/\/vieassociative.be\/actualites\/wp-json\/wp\/v2\/posts\/8238\/revisions"}],"wp:featuredmedia":[{"embeddable":true,"href":"https:\/\/vieassociative.be\/actualites\/wp-json\/wp\/v2\/media\/8235"}],"wp:attachment":[{"href":"https:\/\/vieassociative.be\/actualites\/wp-json\/wp\/v2\/media?parent=8238"}],"wp:term":[{"taxonomy":"category","embeddable":true,"href":"https:\/\/vieassociative.be\/actualites\/wp-json\/wp\/v2\/categories?post=8238"},{"taxonomy":"post_tag","embeddable":true,"href":"https:\/\/vieassociative.be\/actualites\/wp-json\/wp\/v2\/tags?post=8238"}],"curies":[{"name":"wp","href":"https:\/\/api.w.org\/{rel}","templated":true}]}}