{"id":8226,"date":"2025-06-16T21:17:27","date_gmt":"2025-06-16T19:17:27","guid":{"rendered":"https:\/\/vieassociative.be\/actualites\/ces-ecouteurs-sans-fil-sennheiser-sont-en-vente-pour-75-en-ce-moment\/"},"modified":"2025-06-16T21:17:27","modified_gmt":"2025-06-16T19:17:27","slug":"ces-ecouteurs-sans-fil-sennheiser-sont-en-vente-pour-75-en-ce-moment","status":"publish","type":"post","link":"https:\/\/vieassociative.be\/actualites\/ces-ecouteurs-sans-fil-sennheiser-sont-en-vente-pour-75-en-ce-moment\/","title":{"rendered":"Ces \u00e9couteurs sans fil Sennheiser sont en vente pour 75 $ en ce moment"},"content":{"rendered":"<div class=\"mt-4 leading-6 md:mb-8\">L&rsquo;ajustement est personnalisable, avec plusieurs pointes d&rsquo;oreille et ailettes incluses.<\/div>\n<p><\/p>\n<p>Les v\u00e9ritables \u00e9couteurs sans fil du sport de Sennheiser sont tomb\u00e9s \u00e0 74,99 $ sur Woot pendant deux jours ou jusqu&rsquo;\u00e0 ce qu&rsquo;ils se vendent, avec la livraison gratuite pour les membres Prime (ou 6 $ autrement). C&rsquo;est une baisse d\u00e9cente de leur prix d&rsquo;origine de 149,99 $, et un peu moins cher que ce qu&rsquo;ils recherchent actuellement sur Amazon (149,95 $). L&rsquo;accord comprend une garantie limit\u00e9e Woot de 90 jours, mais il convient de noter que l&rsquo;exp\u00e9dition est limit\u00e9e aux \u00c9tats-Unis continentaux<\/p>\n<p>Les \u00e9couteurs eux-m\u00eames sont quelque peu touch\u00e9s ou manquants. D&rsquo;une part, ils offrent un son solide avec des basses profondes et des hauts clairs, et vous obtenez un support pour les codecs APTX et AAC. L&rsquo;ajustement est personnalisable, avec plusieurs pointes d&rsquo;oreille et ailettes incluses. La dur\u00e9e de vie de la batterie se l\u00e8ve \u00e0 neuf heures raisonnables, plus 18 autres du bo\u00eetier de charge. Mais la marque \u00abSport\u00bb est un \u00e9tirement, note cette revue PCMAG. La cote de r\u00e9sistance \u00e0 l&rsquo;eau IP54 peut g\u00e9rer la transpiration et les pluies l\u00e9g\u00e8res, mais ce n&rsquo;est pas id\u00e9al pour quelque chose de plus intense. Et au lieu d&rsquo;un mode sonore ambiant, les \u00e9couteurs s&rsquo;appuient sur des \u00e9changes d&rsquo;oreilles physiques &#8211; un type pour plus de conscience, un pour moins &#8211; ce qui semble maladroit en 2025.<\/p>\n<div class=\"pogoClear relative my-10 border-b-(1.5px) border-t-(1.5px) border-dashed border-black py-5 sm:my-14 sm:border-0 sm:py-0\" data-ga-click data-ga-template=\"Deals\" data-ga-module=\"openweb_widget\" data-ga-element=\"openweb_scroll\" data-ga-item=\"openweb_scroll_midpage\" x-data=\"{\n         commentsCount: null,\n         hasComments: false,\n         async fetchCommentsCount() {\n             try {\n                 if (window.openweb &amp;&amp; typeof window.openweb.getMessagesCount === 'function') {\n                     this.commentsCount = await window.openweb.getMessagesCount('01JXWX5HTY11WERG8MVQ53726M');\n                     this.hasComments = this.commentsCount !== null &amp;&amp; this.commentsCount &gt; 0;\n                 }\n             } catch (e) {\n                 console.warn('Failed to fetch comment count:', e);\n             }\n         }\n     }\" x-init=\"fetchCommentsCount()\" x-cloak><\/p>\n<div class=\"absolute top-1\/2 hidden w-full -translate-y-1\/2 border-t-(1.5px) border-dashed border-black sm:block\"><\/div>\n<div class=\"relative flex justify-center\">\n<div class=\"flex max-w-fit items-center gap-x-3 bg-white px-5\">\n<div class=\"relative\">\n                <span class=\"absolute left-1\/2 top-1\/2 -translate-x-1\/2 -translate-y-1\/2 font-akshar text-sm font-medium text-black\" aria-live=\"polite\" x-show=\"hasComments\" x-text=\"commentsCount\"><\/span><\/p>\n<p>                <svg class=\"h-8 w-8 text-black\" role=\"img\" aria-hidden=\"true\">\n                    <use href=\"http:\/\/lifehacker.com\/images\/icons\/spritemap.svg#sprite-chat-bubble\"><\/use>\n                <\/svg>\n            <\/div>\n<p>            <span class=\"text-sm font-medium text-black\"><\/p>\n<p>                Que pensez-vous jusqu&rsquo;\u00e0 pr\u00e9sent?<br \/>\n                <button class=\"ml-1 font-semibold text-brand-green underline hover:text-brand-green-700\" type=\"button\" aria-label=\"Comment section trigger\" onclick=\"window.openweb.scrollToComments('01JXWX5HTY11WERG8MVQ53726M')\" x-text=\"hasComments ? 'Post a comment.' : 'Be the first to post a comment.'\"><\/button><br \/>\n            <\/span>\n        <\/div>\n<\/p><\/div>\n<\/div>\n<p>L&rsquo;exp\u00e9rience de l&rsquo;application n&rsquo;aide pas beaucoup. Vous en avez besoin pour ajuster les profils sonores en fonction des conseils d&rsquo;oreille que vous utilisez, mais l&rsquo;EQ est limit\u00e9 et la mise en page semble un peu dat\u00e9e. Il n&rsquo;y a pas non plus de pochette de transport pour les conseils suppl\u00e9mentaires, ce qui facilite les \u00e9gratigner ou les mal g\u00e9rer. Ces \u00e9couteurs sonnent bien et offrent un r\u00e9confort d\u00e9cent, mais ils viennent avec suffisamment de petites frustrations que ce ne sont pas pour tout le monde. Si vous voulez juste un son sans fil solide pour moins de 80 $ et que vous ne vous souciez pas beaucoup des extras, cet accord pourrait encore avoir du sens, mais si vous envisagez des alternatives, le Tribit Flybuds 3, au prix de 39,99 $, pourrait valoir la peine.<\/p>\n<div class=\"pogoClear mb-12 mt-10 rounded-md border-2 border-gray-100 py-7 shadow-xl md:py-6\">\n<div class=\"flex flex-wrap justify-between px-7 text-black no-underline md:flex-nowrap md:px-8\">\n<div class=\"order-1 mx-auto flex flex-col justify-center md:order-2 md:ml-4 md:w-full md:grow\">\n<div class=\"block cursor-pointer text-center font-akshar text-2xl font-medium leading-7 text-brand-green duration-200 ease-in-out hover:text-brand-green-700 md:text-left md:text-xl md:leading-6\">Tribit Flybuds 3 \u00c9couteurs sans fil\n                <\/div>\n<div class=\"mt-4 hidden md:flex md:justify-between\">\n<div class=\"self-end\">\n<div class=\"mb-0 h-11 md:flex md:flex-col md:justify-center\">\n<div class=\" font-sans leading-4 text-black\">\n<div class=\"flex flex-wrap items-center justify-center gap-x-1 md:justify-start\">\n        <span class=\"font-bold\"><\/p>\n<p>            39,99 $<br \/>\n                            <span class=\"font-medium\">\u00e0 Amazon<\/span><br \/>\n                    <\/span><br \/>\n                    <img decoding=\"async\" class=\"mt-0 h-(15px)\" src=\"https:\/\/vieassociative.be\/actualites\/wp-content\/uploads\/2025\/06\/Ces-ecouteurs-sans-fil-Sennheiser-sont-en-vente-pour-75.svg.svg+xml\" title=\"Amazon Prime\" alt=\"Amazon Prime\">\n            <\/div>\n<\/p><\/div>\n<\/p><\/div>\n<\/p><\/div>\n<div class=\"w-44 self-end\">\n                            <button class=\"flex justify-center items-center w-full bg-brand-green text-white text-base font-sans font-medium rounded-md hover:bg-brand-green-700 hover:cursor-pointer md:text-sm h-11\"><\/p>\n<p>    Faire un magasin maintenant<br \/>\n<\/button>\n                        <\/div>\n<\/p><\/div>\n<\/p><\/div>\n<div class=\"order-2 mt-5 h-auto w-full md:order-1 md:mt-0 md:hidden\">\n<div class=\"flex aspect-video items-center justify-center\">\n                                            <img decoding=\"async\" class=\"m-0 max-h-full max-w-full rounded-md\" src=\"https:\/\/vieassociative.be\/actualites\/wp-content\/uploads\/2025\/06\/Ces-ecouteurs-sans-fil-Sennheiser-sont-en-vente-pour-75.jpg\" alt=\"Tribit Flybuds 3 \u00c9couteurs sans fil\" width=\"auto\" height=\"auto\" loading=\"lazy\">\n                                    <\/div>\n<\/p><\/div>\n<div class=\"order-2 ml-2 hidden w-32 shrink-0 items-center md:order-1 md:ml-0 md:flex\">\n<div class=\"flex aspect-video items-center justify-center\">\n                                            <img decoding=\"async\" class=\"m-0 max-h-full max-w-full rounded-md\" src=\"https:\/\/vieassociative.be\/actualites\/wp-content\/uploads\/2025\/06\/Ces-ecouteurs-sans-fil-Sennheiser-sont-en-vente-pour-75.jpg\" alt=\"Tribit Flybuds 3 \u00c9couteurs sans fil\" width=\"auto\" height=\"auto\" loading=\"lazy\">\n                                    <\/div>\n<\/p><\/div>\n<div class=\"order-3 flex grow flex-wrap md:hidden md:grow-0\">\n<div class=\"mt-4 w-full\">\n                        <button class=\"flex justify-center items-center w-full bg-brand-green text-white text-base font-sans font-medium rounded-md hover:bg-brand-green-700 hover:cursor-pointer md:text-sm h-11\"><\/p>\n<p>    Faire un magasin maintenant<br \/>\n<\/button>\n                    <\/div>\n<div class=\"mx-2 mt-4 w-full\">\n<div class=\" font-sans leading-4 text-black\">\n<div class=\"flex flex-wrap items-center justify-center gap-x-1 md:justify-start\">\n        <span class=\"font-bold\"><\/p>\n<p>            39,99 $<br \/>\n                            <span class=\"font-medium\">\u00e0 Amazon<\/span><br \/>\n                    <\/span><br \/>\n                    <img decoding=\"async\" class=\"mt-0 h-(15px)\" src=\"https:\/\/vieassociative.be\/actualites\/wp-content\/uploads\/2025\/06\/Ces-ecouteurs-sans-fil-Sennheiser-sont-en-vente-pour-75.svg.svg+xml\" title=\"Amazon Prime\" alt=\"Amazon Prime\">\n            <\/div>\n<\/p><\/div>\n<\/p><\/div>\n<\/p><\/div>\n<\/p><\/div>\n<\/div>\n","protected":false},"excerpt":{"rendered":"<p>L&rsquo;ajustement est personnalisable, avec plusieurs pointes d&rsquo;oreille et ailettes incluses. Les v\u00e9ritables \u00e9couteurs sans fil du sport de Sennheiser sont tomb\u00e9s \u00e0 74,99 $ sur<\/p>\n","protected":false},"author":1,"featured_media":8227,"comment_status":"","ping_status":"","sticky":false,"template":"","format":"standard","meta":{"footnotes":""},"categories":[13],"tags":[248,1537,1488,1429,81,130,5075,18,223],"class_list":["post-8226","post","type-post","status-publish","format-standard","has-post-thumbnail","hentry","category-technologie","tag-ces","tag-ecouteurs","tag-fil","tag-moment","tag-pour","tag-sans","tag-sennheiser","tag-sont","tag-vente","generate-columns","tablet-grid-50","mobile-grid-100","grid-parent","grid-33"],"yoast_head":"<!-- This site is optimized with the Yoast SEO plugin v24.0 - https:\/\/yoast.com\/wordpress\/plugins\/seo\/ -->\n<title>Ces \u00e9couteurs sans fil Sennheiser sont en vente pour 75 $ en ce moment | Vie Associative<\/title>\n<meta name=\"robots\" content=\"index, follow, max-snippet:-1, max-image-preview:large, max-video-preview:-1\" \/>\n<link rel=\"canonical\" href=\"https:\/\/vieassociative.be\/actualites\/ces-ecouteurs-sans-fil-sennheiser-sont-en-vente-pour-75-en-ce-moment\/\" \/>\n<meta property=\"og:locale\" content=\"fr_FR\" \/>\n<meta property=\"og:type\" content=\"article\" \/>\n<meta property=\"og:title\" content=\"Ces \u00e9couteurs sans fil Sennheiser sont en vente pour 75 $ en ce moment | Vie Associative\" \/>\n<meta property=\"og:description\" content=\"L&rsquo;ajustement est personnalisable, avec plusieurs pointes d&rsquo;oreille et ailettes incluses. Les v\u00e9ritables \u00e9couteurs sans fil du sport de Sennheiser sont tomb\u00e9s \u00e0 74,99 $ sur\" \/>\n<meta property=\"og:url\" content=\"https:\/\/vieassociative.be\/actualites\/ces-ecouteurs-sans-fil-sennheiser-sont-en-vente-pour-75-en-ce-moment\/\" \/>\n<meta property=\"og:site_name\" content=\"Vie Associative\" \/>\n<meta property=\"article:published_time\" content=\"2025-06-16T19:17:27+00:00\" \/>\n<meta property=\"og:image\" content=\"https:\/\/vieassociative.be\/actualites\/wp-content\/uploads\/2025\/06\/Ces-ecouteurs-sans-fil-Sennheiser-sont-en-vente-pour-75.svg.svg+xml\" \/>\n<meta name=\"author\" content=\"Julien\" \/>\n<meta name=\"twitter:card\" content=\"summary_large_image\" \/>\n<meta name=\"twitter:label1\" content=\"\u00c9crit par\" \/>\n\t<meta name=\"twitter:data1\" content=\"Julien\" \/>\n\t<meta name=\"twitter:label2\" content=\"Dur\u00e9e de lecture est.\" \/>\n\t<meta name=\"twitter:data2\" content=\"2 minutes\" \/>\n<script type=\"application\/ld+json\" class=\"yoast-schema-graph\">{\"@context\":\"https:\/\/schema.org\",\"@graph\":[{\"@type\":\"Article\",\"@id\":\"https:\/\/vieassociative.be\/actualites\/ces-ecouteurs-sans-fil-sennheiser-sont-en-vente-pour-75-en-ce-moment\/#article\",\"isPartOf\":{\"@id\":\"https:\/\/vieassociative.be\/actualites\/ces-ecouteurs-sans-fil-sennheiser-sont-en-vente-pour-75-en-ce-moment\/\"},\"author\":{\"name\":\"Julien\",\"@id\":\"https:\/\/vieassociative.be\/actualites\/#\/schema\/person\/b87ac4f82f9d4e7b7cec7395b679edc4\"},\"headline\":\"Ces \u00e9couteurs sans fil Sennheiser sont en vente pour 75 $ en ce moment\",\"datePublished\":\"2025-06-16T19:17:27+00:00\",\"dateModified\":\"2025-06-16T19:17:27+00:00\",\"mainEntityOfPage\":{\"@id\":\"https:\/\/vieassociative.be\/actualites\/ces-ecouteurs-sans-fil-sennheiser-sont-en-vente-pour-75-en-ce-moment\/\"},\"wordCount\":419,\"publisher\":{\"@id\":\"https:\/\/vieassociative.be\/actualites\/#organization\"},\"image\":{\"@id\":\"https:\/\/vieassociative.be\/actualites\/ces-ecouteurs-sans-fil-sennheiser-sont-en-vente-pour-75-en-ce-moment\/#primaryimage\"},\"thumbnailUrl\":\"https:\/\/vieassociative.be\/actualites\/wp-content\/uploads\/2025\/06\/Ces-ecouteurs-sans-fil-Sennheiser-sont-en-vente-pour-75.png\",\"keywords\":[\"ces\",\"\u00e9couteurs\",\"fil\",\"moment\",\"pour\",\"sans\",\"Sennheiser\",\"sont\",\"vente\"],\"articleSection\":[\"Technologie\"],\"inLanguage\":\"fr-BE\"},{\"@type\":\"WebPage\",\"@id\":\"https:\/\/vieassociative.be\/actualites\/ces-ecouteurs-sans-fil-sennheiser-sont-en-vente-pour-75-en-ce-moment\/\",\"url\":\"https:\/\/vieassociative.be\/actualites\/ces-ecouteurs-sans-fil-sennheiser-sont-en-vente-pour-75-en-ce-moment\/\",\"name\":\"Ces \u00e9couteurs sans fil Sennheiser sont en vente pour 75 $ en ce moment | Vie Associative\",\"isPartOf\":{\"@id\":\"https:\/\/vieassociative.be\/actualites\/#website\"},\"primaryImageOfPage\":{\"@id\":\"https:\/\/vieassociative.be\/actualites\/ces-ecouteurs-sans-fil-sennheiser-sont-en-vente-pour-75-en-ce-moment\/#primaryimage\"},\"image\":{\"@id\":\"https:\/\/vieassociative.be\/actualites\/ces-ecouteurs-sans-fil-sennheiser-sont-en-vente-pour-75-en-ce-moment\/#primaryimage\"},\"thumbnailUrl\":\"https:\/\/vieassociative.be\/actualites\/wp-content\/uploads\/2025\/06\/Ces-ecouteurs-sans-fil-Sennheiser-sont-en-vente-pour-75.png\",\"datePublished\":\"2025-06-16T19:17:27+00:00\",\"dateModified\":\"2025-06-16T19:17:27+00:00\",\"breadcrumb\":{\"@id\":\"https:\/\/vieassociative.be\/actualites\/ces-ecouteurs-sans-fil-sennheiser-sont-en-vente-pour-75-en-ce-moment\/#breadcrumb\"},\"inLanguage\":\"fr-BE\",\"potentialAction\":[{\"@type\":\"ReadAction\",\"target\":[\"https:\/\/vieassociative.be\/actualites\/ces-ecouteurs-sans-fil-sennheiser-sont-en-vente-pour-75-en-ce-moment\/\"]}]},{\"@type\":\"ImageObject\",\"inLanguage\":\"fr-BE\",\"@id\":\"https:\/\/vieassociative.be\/actualites\/ces-ecouteurs-sans-fil-sennheiser-sont-en-vente-pour-75-en-ce-moment\/#primaryimage\",\"url\":\"https:\/\/vieassociative.be\/actualites\/wp-content\/uploads\/2025\/06\/Ces-ecouteurs-sans-fil-Sennheiser-sont-en-vente-pour-75.png\",\"contentUrl\":\"https:\/\/vieassociative.be\/actualites\/wp-content\/uploads\/2025\/06\/Ces-ecouteurs-sans-fil-Sennheiser-sont-en-vente-pour-75.png\",\"width\":1200,\"height\":675,\"caption\":\"Ces \u00e9couteurs sans fil Sennheiser sont en vente pour 75 $ en ce moment\"},{\"@type\":\"BreadcrumbList\",\"@id\":\"https:\/\/vieassociative.be\/actualites\/ces-ecouteurs-sans-fil-sennheiser-sont-en-vente-pour-75-en-ce-moment\/#breadcrumb\",\"itemListElement\":[{\"@type\":\"ListItem\",\"position\":1,\"name\":\"Accueil\",\"item\":\"https:\/\/vieassociative.be\/actualites\/\"},{\"@type\":\"ListItem\",\"position\":2,\"name\":\"Ces \u00e9couteurs sans fil Sennheiser sont en vente pour 75 $ en ce moment\"}]},{\"@type\":\"WebSite\",\"@id\":\"https:\/\/vieassociative.be\/actualites\/#website\",\"url\":\"https:\/\/vieassociative.be\/actualites\/\",\"name\":\"Vie Associative\",\"description\":\"\",\"publisher\":{\"@id\":\"https:\/\/vieassociative.be\/actualites\/#organization\"},\"potentialAction\":[{\"@type\":\"SearchAction\",\"target\":{\"@type\":\"EntryPoint\",\"urlTemplate\":\"https:\/\/vieassociative.be\/actualites\/?s={search_term_string}\"},\"query-input\":{\"@type\":\"PropertyValueSpecification\",\"valueRequired\":true,\"valueName\":\"search_term_string\"}}],\"inLanguage\":\"fr-BE\"},{\"@type\":\"Organization\",\"@id\":\"https:\/\/vieassociative.be\/actualites\/#organization\",\"name\":\"Vie Associative\",\"url\":\"https:\/\/vieassociative.be\/actualites\/\",\"logo\":{\"@type\":\"ImageObject\",\"inLanguage\":\"fr-BE\",\"@id\":\"https:\/\/vieassociative.be\/actualites\/#\/schema\/logo\/image\/\",\"url\":\"https:\/\/vieassociative.be\/actualites\/wp-content\/uploads\/2024\/09\/cropped-vieassociative_favicon.ico.png\",\"contentUrl\":\"https:\/\/vieassociative.be\/actualites\/wp-content\/uploads\/2024\/09\/cropped-vieassociative_favicon.ico.png\",\"width\":512,\"height\":512,\"caption\":\"Vie Associative\"},\"image\":{\"@id\":\"https:\/\/vieassociative.be\/actualites\/#\/schema\/logo\/image\/\"}},{\"@type\":\"Person\",\"@id\":\"https:\/\/vieassociative.be\/actualites\/#\/schema\/person\/b87ac4f82f9d4e7b7cec7395b679edc4\",\"name\":\"Julien\",\"image\":{\"@type\":\"ImageObject\",\"inLanguage\":\"fr-BE\",\"@id\":\"https:\/\/vieassociative.be\/actualites\/#\/schema\/person\/image\/\",\"url\":\"https:\/\/vieassociative.be\/actualites\/wp-content\/uploads\/2024\/09\/vie-associative-1-150x150.jpg\",\"contentUrl\":\"https:\/\/vieassociative.be\/actualites\/wp-content\/uploads\/2024\/09\/vie-associative-1-150x150.jpg\",\"caption\":\"Julien\"},\"description\":\"Je suis Julien, r\u00e9dacteur pour Vie Associative. Passionn\u00e9 par le monde associatif depuis plus de 10 ans, j'ai \u00e0 c\u0153ur de partager des histoires inspirantes et de mettre en lumi\u00e8re les initiatives locales. Mon objectif est de sensibiliser et d'encourager l'engagement communautaire \u00e0 travers mes articles.\",\"sameAs\":[\"https:\/\/vieassociative.be\/\"]}]}<\/script>\n<!-- \/ Yoast SEO plugin. -->","yoast_head_json":{"title":"Ces \u00e9couteurs sans fil Sennheiser sont en vente pour 75 $ en ce moment | Vie Associative","robots":{"index":"index","follow":"follow","max-snippet":"max-snippet:-1","max-image-preview":"max-image-preview:large","max-video-preview":"max-video-preview:-1"},"canonical":"https:\/\/vieassociative.be\/actualites\/ces-ecouteurs-sans-fil-sennheiser-sont-en-vente-pour-75-en-ce-moment\/","og_locale":"fr_FR","og_type":"article","og_title":"Ces \u00e9couteurs sans fil Sennheiser sont en vente pour 75 $ en ce moment | Vie Associative","og_description":"L&rsquo;ajustement est personnalisable, avec plusieurs pointes d&rsquo;oreille et ailettes incluses. Les v\u00e9ritables \u00e9couteurs sans fil du sport de Sennheiser sont tomb\u00e9s \u00e0 74,99 $ sur","og_url":"https:\/\/vieassociative.be\/actualites\/ces-ecouteurs-sans-fil-sennheiser-sont-en-vente-pour-75-en-ce-moment\/","og_site_name":"Vie Associative","article_published_time":"2025-06-16T19:17:27+00:00","og_image":[{"url":"https:\/\/vieassociative.be\/actualites\/wp-content\/uploads\/2025\/06\/Ces-ecouteurs-sans-fil-Sennheiser-sont-en-vente-pour-75.svg.svg+xml","type":"","width":"","height":""}],"author":"Julien","twitter_card":"summary_large_image","twitter_misc":{"\u00c9crit par":"Julien","Dur\u00e9e de lecture est.":"2 minutes"},"schema":{"@context":"https:\/\/schema.org","@graph":[{"@type":"Article","@id":"https:\/\/vieassociative.be\/actualites\/ces-ecouteurs-sans-fil-sennheiser-sont-en-vente-pour-75-en-ce-moment\/#article","isPartOf":{"@id":"https:\/\/vieassociative.be\/actualites\/ces-ecouteurs-sans-fil-sennheiser-sont-en-vente-pour-75-en-ce-moment\/"},"author":{"name":"Julien","@id":"https:\/\/vieassociative.be\/actualites\/#\/schema\/person\/b87ac4f82f9d4e7b7cec7395b679edc4"},"headline":"Ces \u00e9couteurs sans fil Sennheiser sont en vente pour 75 $ en ce moment","datePublished":"2025-06-16T19:17:27+00:00","dateModified":"2025-06-16T19:17:27+00:00","mainEntityOfPage":{"@id":"https:\/\/vieassociative.be\/actualites\/ces-ecouteurs-sans-fil-sennheiser-sont-en-vente-pour-75-en-ce-moment\/"},"wordCount":419,"publisher":{"@id":"https:\/\/vieassociative.be\/actualites\/#organization"},"image":{"@id":"https:\/\/vieassociative.be\/actualites\/ces-ecouteurs-sans-fil-sennheiser-sont-en-vente-pour-75-en-ce-moment\/#primaryimage"},"thumbnailUrl":"https:\/\/vieassociative.be\/actualites\/wp-content\/uploads\/2025\/06\/Ces-ecouteurs-sans-fil-Sennheiser-sont-en-vente-pour-75.png","keywords":["ces","\u00e9couteurs","fil","moment","pour","sans","Sennheiser","sont","vente"],"articleSection":["Technologie"],"inLanguage":"fr-BE"},{"@type":"WebPage","@id":"https:\/\/vieassociative.be\/actualites\/ces-ecouteurs-sans-fil-sennheiser-sont-en-vente-pour-75-en-ce-moment\/","url":"https:\/\/vieassociative.be\/actualites\/ces-ecouteurs-sans-fil-sennheiser-sont-en-vente-pour-75-en-ce-moment\/","name":"Ces \u00e9couteurs sans fil Sennheiser sont en vente pour 75 $ en ce moment | Vie Associative","isPartOf":{"@id":"https:\/\/vieassociative.be\/actualites\/#website"},"primaryImageOfPage":{"@id":"https:\/\/vieassociative.be\/actualites\/ces-ecouteurs-sans-fil-sennheiser-sont-en-vente-pour-75-en-ce-moment\/#primaryimage"},"image":{"@id":"https:\/\/vieassociative.be\/actualites\/ces-ecouteurs-sans-fil-sennheiser-sont-en-vente-pour-75-en-ce-moment\/#primaryimage"},"thumbnailUrl":"https:\/\/vieassociative.be\/actualites\/wp-content\/uploads\/2025\/06\/Ces-ecouteurs-sans-fil-Sennheiser-sont-en-vente-pour-75.png","datePublished":"2025-06-16T19:17:27+00:00","dateModified":"2025-06-16T19:17:27+00:00","breadcrumb":{"@id":"https:\/\/vieassociative.be\/actualites\/ces-ecouteurs-sans-fil-sennheiser-sont-en-vente-pour-75-en-ce-moment\/#breadcrumb"},"inLanguage":"fr-BE","potentialAction":[{"@type":"ReadAction","target":["https:\/\/vieassociative.be\/actualites\/ces-ecouteurs-sans-fil-sennheiser-sont-en-vente-pour-75-en-ce-moment\/"]}]},{"@type":"ImageObject","inLanguage":"fr-BE","@id":"https:\/\/vieassociative.be\/actualites\/ces-ecouteurs-sans-fil-sennheiser-sont-en-vente-pour-75-en-ce-moment\/#primaryimage","url":"https:\/\/vieassociative.be\/actualites\/wp-content\/uploads\/2025\/06\/Ces-ecouteurs-sans-fil-Sennheiser-sont-en-vente-pour-75.png","contentUrl":"https:\/\/vieassociative.be\/actualites\/wp-content\/uploads\/2025\/06\/Ces-ecouteurs-sans-fil-Sennheiser-sont-en-vente-pour-75.png","width":1200,"height":675,"caption":"Ces \u00e9couteurs sans fil Sennheiser sont en vente pour 75 $ en ce moment"},{"@type":"BreadcrumbList","@id":"https:\/\/vieassociative.be\/actualites\/ces-ecouteurs-sans-fil-sennheiser-sont-en-vente-pour-75-en-ce-moment\/#breadcrumb","itemListElement":[{"@type":"ListItem","position":1,"name":"Accueil","item":"https:\/\/vieassociative.be\/actualites\/"},{"@type":"ListItem","position":2,"name":"Ces \u00e9couteurs sans fil Sennheiser sont en vente pour 75 $ en ce moment"}]},{"@type":"WebSite","@id":"https:\/\/vieassociative.be\/actualites\/#website","url":"https:\/\/vieassociative.be\/actualites\/","name":"Vie Associative","description":"","publisher":{"@id":"https:\/\/vieassociative.be\/actualites\/#organization"},"potentialAction":[{"@type":"SearchAction","target":{"@type":"EntryPoint","urlTemplate":"https:\/\/vieassociative.be\/actualites\/?s={search_term_string}"},"query-input":{"@type":"PropertyValueSpecification","valueRequired":true,"valueName":"search_term_string"}}],"inLanguage":"fr-BE"},{"@type":"Organization","@id":"https:\/\/vieassociative.be\/actualites\/#organization","name":"Vie Associative","url":"https:\/\/vieassociative.be\/actualites\/","logo":{"@type":"ImageObject","inLanguage":"fr-BE","@id":"https:\/\/vieassociative.be\/actualites\/#\/schema\/logo\/image\/","url":"https:\/\/vieassociative.be\/actualites\/wp-content\/uploads\/2024\/09\/cropped-vieassociative_favicon.ico.png","contentUrl":"https:\/\/vieassociative.be\/actualites\/wp-content\/uploads\/2024\/09\/cropped-vieassociative_favicon.ico.png","width":512,"height":512,"caption":"Vie Associative"},"image":{"@id":"https:\/\/vieassociative.be\/actualites\/#\/schema\/logo\/image\/"}},{"@type":"Person","@id":"https:\/\/vieassociative.be\/actualites\/#\/schema\/person\/b87ac4f82f9d4e7b7cec7395b679edc4","name":"Julien","image":{"@type":"ImageObject","inLanguage":"fr-BE","@id":"https:\/\/vieassociative.be\/actualites\/#\/schema\/person\/image\/","url":"https:\/\/vieassociative.be\/actualites\/wp-content\/uploads\/2024\/09\/vie-associative-1-150x150.jpg","contentUrl":"https:\/\/vieassociative.be\/actualites\/wp-content\/uploads\/2024\/09\/vie-associative-1-150x150.jpg","caption":"Julien"},"description":"Je suis Julien, r\u00e9dacteur pour Vie Associative. Passionn\u00e9 par le monde associatif depuis plus de 10 ans, j'ai \u00e0 c\u0153ur de partager des histoires inspirantes et de mettre en lumi\u00e8re les initiatives locales. Mon objectif est de sensibiliser et d'encourager l'engagement communautaire \u00e0 travers mes articles.","sameAs":["https:\/\/vieassociative.be\/"]}]}},"_links":{"self":[{"href":"https:\/\/vieassociative.be\/actualites\/wp-json\/wp\/v2\/posts\/8226"}],"collection":[{"href":"https:\/\/vieassociative.be\/actualites\/wp-json\/wp\/v2\/posts"}],"about":[{"href":"https:\/\/vieassociative.be\/actualites\/wp-json\/wp\/v2\/types\/post"}],"author":[{"embeddable":true,"href":"https:\/\/vieassociative.be\/actualites\/wp-json\/wp\/v2\/users\/1"}],"replies":[{"embeddable":true,"href":"https:\/\/vieassociative.be\/actualites\/wp-json\/wp\/v2\/comments?post=8226"}],"version-history":[{"count":0,"href":"https:\/\/vieassociative.be\/actualites\/wp-json\/wp\/v2\/posts\/8226\/revisions"}],"wp:featuredmedia":[{"embeddable":true,"href":"https:\/\/vieassociative.be\/actualites\/wp-json\/wp\/v2\/media\/8227"}],"wp:attachment":[{"href":"https:\/\/vieassociative.be\/actualites\/wp-json\/wp\/v2\/media?parent=8226"}],"wp:term":[{"taxonomy":"category","embeddable":true,"href":"https:\/\/vieassociative.be\/actualites\/wp-json\/wp\/v2\/categories?post=8226"},{"taxonomy":"post_tag","embeddable":true,"href":"https:\/\/vieassociative.be\/actualites\/wp-json\/wp\/v2\/tags?post=8226"}],"curies":[{"name":"wp","href":"https:\/\/api.w.org\/{rel}","templated":true}]}}