{"id":8220,"date":"2025-06-16T16:18:41","date_gmt":"2025-06-16T14:18:41","guid":{"rendered":"https:\/\/vieassociative.be\/actualites\/il-a-fait-de-la-belgique-un-peuple-de-merckxists-licone-cycliste-eddy-merckx-aura-80-ans\/"},"modified":"2025-06-16T16:18:41","modified_gmt":"2025-06-16T14:18:41","slug":"il-a-fait-de-la-belgique-un-peuple-de-merckxists-licone-cycliste-eddy-merckx-aura-80-ans","status":"publish","type":"post","link":"https:\/\/vieassociative.be\/actualites\/il-a-fait-de-la-belgique-un-peuple-de-merckxists-licone-cycliste-eddy-merckx-aura-80-ans\/","title":{"rendered":"Il a fait de la Belgique un peuple de \u00ab\u00a0Merckxists\u00a0\u00bb: l&rsquo;ic\u00f4ne cycliste Eddy Merckx aura 80 ans"},"content":{"rendered":"<p><strong>Mardi, le cycliste de l&rsquo;histoire le plus r\u00e9ussi a 80 ans. Dans son pays, Eddy Merckx est un h\u00e9ros populaire. Il a fait de la Belgique un peuple de \u00ab\u00a0merckxistes\u00a0\u00bb.<\/strong><\/p>\n<p><span id=\"more-417833\"><\/span>Ses fans se souviennent encore de ses plus grands succ\u00e8s comme s&rsquo;ils avaient eu lieu hier. Le 80e anniversaire de la Belgique mardi est d\u00fbment c\u00e9l\u00e9br\u00e9 en Belgique ces jours-ci.<\/p>\n<p>\u00ab\u00a0Je suis vraiment fier que pr\u00e8s de 50 ans apr\u00e8s ma derni\u00e8re course, tant de gens veulent toujours c\u00e9l\u00e9brer mon anniversaire\u00a0\u00bb, a d\u00e9clar\u00e9 Merckx dans le Sporza Show \u00ab\u00a0Vive Le V\u00e9lo\u00a0\u00bb dimanche soir.<\/p>\n<div id=\"attachment_252844\" class=\"wp-caption alignleft\" style=\"max-width: 300px\"><img fetchpriority=\"high\" decoding=\"async\" class=\"wp-image-252844 size-medium\" src=\"https:\/\/vieassociative.be\/actualites\/wp-content\/uploads\/2025\/06\/Il-a-fait-de-la-Belgique-un-peuple-de-Merckxists.jpeg\" alt=\"\" width=\"300\" height=\"200\"><\/p>\n<p class=\"wp-caption-text\">07\/06\/2019, Belgique, Bruxelles: Eddy Merckx (L), ancien cycliste de Belgique, Waves au d\u00e9but de la tourn\u00e9e. Photo: Kristof Van Acccom \/ Belga \/ DPA<\/p>\n<\/div>\n<p>D\u00e9j\u00e0 jeudi de la semaine derni\u00e8re, le cycliste le plus r\u00e9ussi de l&rsquo;histoire du roi Philippe a \u00e9t\u00e9 re\u00e7u dans le ch\u00e2teau de Laeken. Merckx a re\u00e7u un cadre photo avec trois photos qui lui montrent les rois belges: avec le roi Baudouin apr\u00e8s la victoire au Tour de France en 1971, avec le roi Albert II, qui lui a d\u00e9cern\u00e9 le titre de baron en 1996, et avec le roi Philippe, \u00e0 qui il avait donn\u00e9 un maillot jaune.<\/p>\n<p><strong>&#8211; 525 victoires entre 1965 et 1977:<\/strong> Merckx a remport\u00e9 sa carri\u00e8re entre 1965 et 1977, 525 victoires incroyables, a remport\u00e9 le Tour de France et Giro d&rsquo;Italia \u00e0 cinq reprises, est devenu un champion du monde professionnel \u00e0 trois reprises, a r\u00e9colt\u00e9 des victoires classiques en rang\u00e9es et \u00e9tabli un record du monde horaire. Au Tour de France 1969, Merckx a remport\u00e9 six \u00e9tapes, le Jersey jaune, le maillot vert, la note de montagne, la note combin\u00e9e, le prix du conducteur le plus combatif et la classification de l&rsquo;\u00e9quipe.<\/p>\n<\/p>\n<div id=\"attachment_217732\" class=\"wp-caption alignleft\" style=\"max-width: 300px\"><img decoding=\"async\" class=\"wp-image-217732 size-medium\" src=\"https:\/\/vieassociative.be\/actualites\/wp-content\/uploads\/2025\/06\/1750083521_368_Il-a-fait-de-la-Belgique-un-peuple-de-Merckxists.jpeg\" alt=\"\" width=\"300\" height=\"222\"  ><\/p>\n<p class=\"wp-caption-text\">22\/07\/2000, France, Paris: le vainqueur cinq fois Tour de France Eddy Merckx de Belgique (LR), Bernard Hinault de France et Miguel Indurain d&rsquo;Espagne. Photo: Gero Breloer \/ DPA<\/p>\n<\/div>\n<p><strong>&#8211; le cannibale \u00bb:<\/strong><br \/>\n Avec la g\u00e9n\u00e9ration d&rsquo;aujourd&rsquo;hui, le \u00ab\u00a0cannibale\u00a0\u00bb, selon son surnom \u00e0 cause de sa grande faim, ne veut plus \u00e9changer: \u00ab\u00a0Je suis heureux qu&rsquo;il n&rsquo;y ait pas de m\u00e9dias sociaux dans mon temps. De nos jours, les pilotes sont encore plus de pression que moi \u00e0 l&rsquo;\u00e9poque.\u00a0\u00bb<\/p>\n<p><strong>&#8211; \u00ab\u00a0J&rsquo;ai d\u00fb conduire partout et n&rsquo;importe o\u00f9\u00a0\u00bb:<\/strong> Merckx a du mal \u00e0 se reconna\u00eetre dans le cyclisme d&rsquo;aujourd&rsquo;hui. \u00ab\u00a0Tout est calcul\u00e9, num\u00e9ris\u00e9, contr\u00f4l\u00e9. J&rsquo;ai remport\u00e9 mon premier titre de championnat du monde sur un v\u00e9lo standard, sans ajustements fabriqu\u00e9s au tailleur. Je ne rejette pas les progr\u00e8s, au contraire, et je suis pour la modernisation\u00a0\u00bb, a \u00e9crit Merckx dans une suite dans le livre r\u00e9cemment publi\u00e9 \u00ab\u00a0Merckx &#8211; le conducteur d\u00e9nomm\u00e9\u00a0\u00bb et a ajout\u00e9 des mois.<\/p>\n<p>Ce n&rsquo;est qu&rsquo;avec le champion du monde slov\u00e8ne et d&rsquo;aujourd&rsquo;hui, Tadej Pogacar est un dans le champ du conducteur qui a aussi faim de victoires qu&rsquo;Eddy Merckx une fois. Il conduit \u00e9galement r\u00e9guli\u00e8rement la comp\u00e9tition sur le terrain.<\/p>\n<\/p>\n<div id=\"attachment_126571\" class=\"wp-caption alignleft\" style=\"max-width: 300px\"><img decoding=\"async\" class=\"wp-image-126571 size-medium\" src=\"https:\/\/vieassociative.be\/actualites\/wp-content\/uploads\/2025\/06\/Il-a-fait-de-la-Belgique-un-peuple-de-Merckxists.jpg\" alt=\"\" width=\"300\" height=\"175\"  ><\/p>\n<p class=\"wp-caption-text\">Pr\u00e9sentation d&rsquo;un livre illustr\u00e9 sur Eddy Merckx. Eddy Merckx (au centre) avec Roger Pingeon (\u00e0 gauche) et Raymond Poulidor (\u00e0 droite). Photo: Belga<\/p>\n<\/div>\n<p>Merckx a toujours augment\u00e9 sur son v\u00e9lo de course pour des rondes d&rsquo;entra\u00eenement m\u00eame dans la vieillesse. Une chirurgie de la hanche \u00e0 la fin de l&rsquo;ann\u00e9e derni\u00e8re &#8211; Merckx avait subi un cou de cuisse cass\u00e9 lors d&rsquo;une prise d&rsquo;entra\u00eenement &#8211; \u00e9tait toujours un probl\u00e8me pour lui. \u00ab\u00a0C&rsquo;est mieux, mais pas encore comme il se doit\u00a0\u00bb, a d\u00e9clar\u00e9 Merckx.<\/p>\n<p><strong>&#8211; Athl\u00e8te de la Belgique du si\u00e8cle:<\/strong> Merckx \u00e9tait un athl\u00e8te mondial de l&rsquo;ann\u00e9e (1969, 1971, 1974), un athl\u00e8te de l&rsquo;ann\u00e9e \u00e0 deux reprises (1969, 1970) et a \u00e9t\u00e9 \u00e9lu athl\u00e8te du si\u00e8cle en Belgique. Enfin, la World Cycling Association UCI l&rsquo;a choisi au meilleur pilote de course de v\u00e9lo du 20e si\u00e8cle. \u00c0 Bruxelles, une station de m\u00e9tro a m\u00eame \u00e9t\u00e9 nomm\u00e9e d&rsquo;apr\u00e8s Eddy Merckx.<\/p>\n<p>Au cours de sa carri\u00e8re, Eddy Merckx a \u00e9galement subi des d\u00e9faites am\u00e8res dans sa carri\u00e8re. En 1969, il a \u00e9t\u00e9 exclu du Giro dans des circonstances douteuses pour le dopage. En 1973, au Championnat du monde RAD \u00e0 Barcelone, il a totalement \u00e9chou\u00e9 dans le sprint final, bien que le jeune Freddy Maertens de l&rsquo;\u00e9poque ait bien pr\u00e9par\u00e9 le sprint pour lui. L&rsquo;Italien Felice Gimondi est devenu champion du monde. Au Tour de France en 1975, il a subi une faiblesse sur une sc\u00e8ne de montagne qui lui a co\u00fbt\u00e9 la victoire finale. Le Fran\u00e7ais Bernard Thevenet a gagn\u00e9. (DPA \/ CRE)<\/p>\n<h3>Les plus grands succ\u00e8s d&rsquo;Eddy Merckx<\/h3>\n<p>5 x Tour de France<br \/>\n5 x Giro d&rsquo;Italia<br \/>\n1 x Vuelta a Espagna<br \/>\n7 x Milan-sanremo<br \/>\n5 x li\u00e8ge-bastogne-li\u00e8ge<br \/>\n3 x Paris-Roubaix<br \/>\n2 x Tour de Flandre<br \/>\n2 X Lombardie Tour<br \/>\n3 x Championnat du monde de v\u00e9lo de route<\/p>\n","protected":false},"excerpt":{"rendered":"<p>Mardi, le cycliste de l&rsquo;histoire le plus r\u00e9ussi a 80 ans. Dans son pays, Eddy Merckx est un h\u00e9ros populaire. Il a fait de la<\/p>\n","protected":false},"author":1,"featured_media":8221,"comment_status":"","ping_status":"","sticky":false,"template":"","format":"standard","meta":{"footnotes":""},"categories":[298],"tags":[584,7431,383,6884,4097,635,7430,4098,7429,6900],"class_list":["post-8220","post","type-post","status-publish","format-standard","has-post-thumbnail","hentry","category-belgique","tag-ans","tag-aura","tag-belgique","tag-cycliste","tag-eddy","tag-fait","tag-licone","tag-merckx","tag-merckxists","tag-peuple","generate-columns","tablet-grid-50","mobile-grid-100","grid-parent","grid-33"],"yoast_head":"<!-- This site is optimized with the Yoast SEO plugin v24.0 - https:\/\/yoast.com\/wordpress\/plugins\/seo\/ -->\n<title>Il a fait de la Belgique un peuple de &quot;Merckxists&quot;: l&#039;ic\u00f4ne cycliste Eddy Merckx aura 80 ans | Vie Associative<\/title>\n<meta name=\"robots\" content=\"index, follow, max-snippet:-1, max-image-preview:large, max-video-preview:-1\" \/>\n<link rel=\"canonical\" href=\"https:\/\/vieassociative.be\/actualites\/il-a-fait-de-la-belgique-un-peuple-de-merckxists-licone-cycliste-eddy-merckx-aura-80-ans\/\" \/>\n<meta property=\"og:locale\" content=\"fr_FR\" \/>\n<meta property=\"og:type\" content=\"article\" \/>\n<meta property=\"og:title\" content=\"Il a fait de la Belgique un peuple de &quot;Merckxists&quot;: l&#039;ic\u00f4ne cycliste Eddy Merckx aura 80 ans | Vie Associative\" \/>\n<meta property=\"og:description\" content=\"Mardi, le cycliste de l&rsquo;histoire le plus r\u00e9ussi a 80 ans. Dans son pays, Eddy Merckx est un h\u00e9ros populaire. Il a fait de la\" \/>\n<meta property=\"og:url\" content=\"https:\/\/vieassociative.be\/actualites\/il-a-fait-de-la-belgique-un-peuple-de-merckxists-licone-cycliste-eddy-merckx-aura-80-ans\/\" \/>\n<meta property=\"og:site_name\" content=\"Vie Associative\" \/>\n<meta property=\"article:published_time\" content=\"2025-06-16T14:18:41+00:00\" \/>\n<meta property=\"og:image\" content=\"https:\/\/vieassociative.be\/actualites\/wp-content\/uploads\/2024\/09\/header_backgroundk-01-e1726694325946.png\" \/>\n\t<meta property=\"og:image:width\" content=\"279\" \/>\n\t<meta property=\"og:image:height\" content=\"92\" \/>\n\t<meta property=\"og:image:type\" content=\"image\/png\" \/>\n<meta name=\"author\" content=\"Julien\" \/>\n<meta name=\"twitter:card\" content=\"summary_large_image\" \/>\n<meta name=\"twitter:label1\" content=\"\u00c9crit par\" \/>\n\t<meta name=\"twitter:data1\" content=\"Julien\" \/>\n\t<meta name=\"twitter:label2\" content=\"Dur\u00e9e de lecture est.\" \/>\n\t<meta name=\"twitter:data2\" content=\"4 minutes\" \/>\n<script type=\"application\/ld+json\" class=\"yoast-schema-graph\">{\"@context\":\"https:\/\/schema.org\",\"@graph\":[{\"@type\":\"Article\",\"@id\":\"https:\/\/vieassociative.be\/actualites\/il-a-fait-de-la-belgique-un-peuple-de-merckxists-licone-cycliste-eddy-merckx-aura-80-ans\/#article\",\"isPartOf\":{\"@id\":\"https:\/\/vieassociative.be\/actualites\/il-a-fait-de-la-belgique-un-peuple-de-merckxists-licone-cycliste-eddy-merckx-aura-80-ans\/\"},\"author\":{\"name\":\"Julien\",\"@id\":\"https:\/\/vieassociative.be\/actualites\/#\/schema\/person\/b87ac4f82f9d4e7b7cec7395b679edc4\"},\"headline\":\"Il a fait de la Belgique un peuple de \u00ab\u00a0Merckxists\u00a0\u00bb: l&rsquo;ic\u00f4ne cycliste Eddy Merckx aura 80 ans\",\"datePublished\":\"2025-06-16T14:18:41+00:00\",\"dateModified\":\"2025-06-16T14:18:41+00:00\",\"mainEntityOfPage\":{\"@id\":\"https:\/\/vieassociative.be\/actualites\/il-a-fait-de-la-belgique-un-peuple-de-merckxists-licone-cycliste-eddy-merckx-aura-80-ans\/\"},\"wordCount\":862,\"publisher\":{\"@id\":\"https:\/\/vieassociative.be\/actualites\/#organization\"},\"image\":{\"@id\":\"https:\/\/vieassociative.be\/actualites\/il-a-fait-de-la-belgique-un-peuple-de-merckxists-licone-cycliste-eddy-merckx-aura-80-ans\/#primaryimage\"},\"thumbnailUrl\":\"https:\/\/vieassociative.be\/actualites\/wp-content\/uploads\/2025\/06\/1750083522_Il-a-fait-de-la-Belgique-un-peuple-de-Merckxists.jpg\",\"keywords\":[\"ans\",\"aura\",\"Belgique\",\"cycliste\",\"Eddy\",\"fait\",\"lic\u00f4ne\",\"Merckx\",\"Merckxists\",\"peuple\"],\"articleSection\":[\"Belgique\"],\"inLanguage\":\"fr-BE\"},{\"@type\":\"WebPage\",\"@id\":\"https:\/\/vieassociative.be\/actualites\/il-a-fait-de-la-belgique-un-peuple-de-merckxists-licone-cycliste-eddy-merckx-aura-80-ans\/\",\"url\":\"https:\/\/vieassociative.be\/actualites\/il-a-fait-de-la-belgique-un-peuple-de-merckxists-licone-cycliste-eddy-merckx-aura-80-ans\/\",\"name\":\"Il a fait de la Belgique un peuple de \\\"Merckxists\\\": l'ic\u00f4ne cycliste Eddy Merckx aura 80 ans | Vie Associative\",\"isPartOf\":{\"@id\":\"https:\/\/vieassociative.be\/actualites\/#website\"},\"primaryImageOfPage\":{\"@id\":\"https:\/\/vieassociative.be\/actualites\/il-a-fait-de-la-belgique-un-peuple-de-merckxists-licone-cycliste-eddy-merckx-aura-80-ans\/#primaryimage\"},\"image\":{\"@id\":\"https:\/\/vieassociative.be\/actualites\/il-a-fait-de-la-belgique-un-peuple-de-merckxists-licone-cycliste-eddy-merckx-aura-80-ans\/#primaryimage\"},\"thumbnailUrl\":\"https:\/\/vieassociative.be\/actualites\/wp-content\/uploads\/2025\/06\/1750083522_Il-a-fait-de-la-Belgique-un-peuple-de-Merckxists.jpg\",\"datePublished\":\"2025-06-16T14:18:41+00:00\",\"dateModified\":\"2025-06-16T14:18:41+00:00\",\"breadcrumb\":{\"@id\":\"https:\/\/vieassociative.be\/actualites\/il-a-fait-de-la-belgique-un-peuple-de-merckxists-licone-cycliste-eddy-merckx-aura-80-ans\/#breadcrumb\"},\"inLanguage\":\"fr-BE\",\"potentialAction\":[{\"@type\":\"ReadAction\",\"target\":[\"https:\/\/vieassociative.be\/actualites\/il-a-fait-de-la-belgique-un-peuple-de-merckxists-licone-cycliste-eddy-merckx-aura-80-ans\/\"]}]},{\"@type\":\"ImageObject\",\"inLanguage\":\"fr-BE\",\"@id\":\"https:\/\/vieassociative.be\/actualites\/il-a-fait-de-la-belgique-un-peuple-de-merckxists-licone-cycliste-eddy-merckx-aura-80-ans\/#primaryimage\",\"url\":\"https:\/\/vieassociative.be\/actualites\/wp-content\/uploads\/2025\/06\/1750083522_Il-a-fait-de-la-Belgique-un-peuple-de-Merckxists.jpg\",\"contentUrl\":\"https:\/\/vieassociative.be\/actualites\/wp-content\/uploads\/2025\/06\/1750083522_Il-a-fait-de-la-Belgique-un-peuple-de-Merckxists.jpg\",\"width\":900,\"height\":630,\"caption\":\"Il a fait de la Belgique un peuple de \\\"Merckxists\\\": l'ic\u00f4ne cycliste Eddy Merckx aura 80 ans\"},{\"@type\":\"BreadcrumbList\",\"@id\":\"https:\/\/vieassociative.be\/actualites\/il-a-fait-de-la-belgique-un-peuple-de-merckxists-licone-cycliste-eddy-merckx-aura-80-ans\/#breadcrumb\",\"itemListElement\":[{\"@type\":\"ListItem\",\"position\":1,\"name\":\"Accueil\",\"item\":\"https:\/\/vieassociative.be\/actualites\/\"},{\"@type\":\"ListItem\",\"position\":2,\"name\":\"Il a fait de la Belgique un peuple de \u00ab\u00a0Merckxists\u00a0\u00bb: l&rsquo;ic\u00f4ne cycliste Eddy Merckx aura 80 ans\"}]},{\"@type\":\"WebSite\",\"@id\":\"https:\/\/vieassociative.be\/actualites\/#website\",\"url\":\"https:\/\/vieassociative.be\/actualites\/\",\"name\":\"Vie Associative\",\"description\":\"\",\"publisher\":{\"@id\":\"https:\/\/vieassociative.be\/actualites\/#organization\"},\"potentialAction\":[{\"@type\":\"SearchAction\",\"target\":{\"@type\":\"EntryPoint\",\"urlTemplate\":\"https:\/\/vieassociative.be\/actualites\/?s={search_term_string}\"},\"query-input\":{\"@type\":\"PropertyValueSpecification\",\"valueRequired\":true,\"valueName\":\"search_term_string\"}}],\"inLanguage\":\"fr-BE\"},{\"@type\":\"Organization\",\"@id\":\"https:\/\/vieassociative.be\/actualites\/#organization\",\"name\":\"Vie Associative\",\"url\":\"https:\/\/vieassociative.be\/actualites\/\",\"logo\":{\"@type\":\"ImageObject\",\"inLanguage\":\"fr-BE\",\"@id\":\"https:\/\/vieassociative.be\/actualites\/#\/schema\/logo\/image\/\",\"url\":\"https:\/\/vieassociative.be\/actualites\/wp-content\/uploads\/2024\/09\/cropped-vieassociative_favicon.ico.png\",\"contentUrl\":\"https:\/\/vieassociative.be\/actualites\/wp-content\/uploads\/2024\/09\/cropped-vieassociative_favicon.ico.png\",\"width\":512,\"height\":512,\"caption\":\"Vie Associative\"},\"image\":{\"@id\":\"https:\/\/vieassociative.be\/actualites\/#\/schema\/logo\/image\/\"}},{\"@type\":\"Person\",\"@id\":\"https:\/\/vieassociative.be\/actualites\/#\/schema\/person\/b87ac4f82f9d4e7b7cec7395b679edc4\",\"name\":\"Julien\",\"image\":{\"@type\":\"ImageObject\",\"inLanguage\":\"fr-BE\",\"@id\":\"https:\/\/vieassociative.be\/actualites\/#\/schema\/person\/image\/\",\"url\":\"https:\/\/vieassociative.be\/actualites\/wp-content\/uploads\/2024\/09\/vie-associative-1-150x150.jpg\",\"contentUrl\":\"https:\/\/vieassociative.be\/actualites\/wp-content\/uploads\/2024\/09\/vie-associative-1-150x150.jpg\",\"caption\":\"Julien\"},\"description\":\"Je suis Julien, r\u00e9dacteur pour Vie Associative. Passionn\u00e9 par le monde associatif depuis plus de 10 ans, j'ai \u00e0 c\u0153ur de partager des histoires inspirantes et de mettre en lumi\u00e8re les initiatives locales. Mon objectif est de sensibiliser et d'encourager l'engagement communautaire \u00e0 travers mes articles.\",\"sameAs\":[\"https:\/\/vieassociative.be\/\"]}]}<\/script>\n<!-- \/ Yoast SEO plugin. -->","yoast_head_json":{"title":"Il a fait de la Belgique un peuple de \"Merckxists\": l'ic\u00f4ne cycliste Eddy Merckx aura 80 ans | Vie Associative","robots":{"index":"index","follow":"follow","max-snippet":"max-snippet:-1","max-image-preview":"max-image-preview:large","max-video-preview":"max-video-preview:-1"},"canonical":"https:\/\/vieassociative.be\/actualites\/il-a-fait-de-la-belgique-un-peuple-de-merckxists-licone-cycliste-eddy-merckx-aura-80-ans\/","og_locale":"fr_FR","og_type":"article","og_title":"Il a fait de la Belgique un peuple de \"Merckxists\": l'ic\u00f4ne cycliste Eddy Merckx aura 80 ans | Vie Associative","og_description":"Mardi, le cycliste de l&rsquo;histoire le plus r\u00e9ussi a 80 ans. Dans son pays, Eddy Merckx est un h\u00e9ros populaire. Il a fait de la","og_url":"https:\/\/vieassociative.be\/actualites\/il-a-fait-de-la-belgique-un-peuple-de-merckxists-licone-cycliste-eddy-merckx-aura-80-ans\/","og_site_name":"Vie Associative","article_published_time":"2025-06-16T14:18:41+00:00","og_image":[{"width":279,"height":92,"url":"https:\/\/vieassociative.be\/actualites\/wp-content\/uploads\/2024\/09\/header_backgroundk-01-e1726694325946.png","type":"image\/png"}],"author":"Julien","twitter_card":"summary_large_image","twitter_misc":{"\u00c9crit par":"Julien","Dur\u00e9e de lecture est.":"4 minutes"},"schema":{"@context":"https:\/\/schema.org","@graph":[{"@type":"Article","@id":"https:\/\/vieassociative.be\/actualites\/il-a-fait-de-la-belgique-un-peuple-de-merckxists-licone-cycliste-eddy-merckx-aura-80-ans\/#article","isPartOf":{"@id":"https:\/\/vieassociative.be\/actualites\/il-a-fait-de-la-belgique-un-peuple-de-merckxists-licone-cycliste-eddy-merckx-aura-80-ans\/"},"author":{"name":"Julien","@id":"https:\/\/vieassociative.be\/actualites\/#\/schema\/person\/b87ac4f82f9d4e7b7cec7395b679edc4"},"headline":"Il a fait de la Belgique un peuple de \u00ab\u00a0Merckxists\u00a0\u00bb: l&rsquo;ic\u00f4ne cycliste Eddy Merckx aura 80 ans","datePublished":"2025-06-16T14:18:41+00:00","dateModified":"2025-06-16T14:18:41+00:00","mainEntityOfPage":{"@id":"https:\/\/vieassociative.be\/actualites\/il-a-fait-de-la-belgique-un-peuple-de-merckxists-licone-cycliste-eddy-merckx-aura-80-ans\/"},"wordCount":862,"publisher":{"@id":"https:\/\/vieassociative.be\/actualites\/#organization"},"image":{"@id":"https:\/\/vieassociative.be\/actualites\/il-a-fait-de-la-belgique-un-peuple-de-merckxists-licone-cycliste-eddy-merckx-aura-80-ans\/#primaryimage"},"thumbnailUrl":"https:\/\/vieassociative.be\/actualites\/wp-content\/uploads\/2025\/06\/1750083522_Il-a-fait-de-la-Belgique-un-peuple-de-Merckxists.jpg","keywords":["ans","aura","Belgique","cycliste","Eddy","fait","lic\u00f4ne","Merckx","Merckxists","peuple"],"articleSection":["Belgique"],"inLanguage":"fr-BE"},{"@type":"WebPage","@id":"https:\/\/vieassociative.be\/actualites\/il-a-fait-de-la-belgique-un-peuple-de-merckxists-licone-cycliste-eddy-merckx-aura-80-ans\/","url":"https:\/\/vieassociative.be\/actualites\/il-a-fait-de-la-belgique-un-peuple-de-merckxists-licone-cycliste-eddy-merckx-aura-80-ans\/","name":"Il a fait de la Belgique un peuple de \"Merckxists\": l'ic\u00f4ne cycliste Eddy Merckx aura 80 ans | Vie Associative","isPartOf":{"@id":"https:\/\/vieassociative.be\/actualites\/#website"},"primaryImageOfPage":{"@id":"https:\/\/vieassociative.be\/actualites\/il-a-fait-de-la-belgique-un-peuple-de-merckxists-licone-cycliste-eddy-merckx-aura-80-ans\/#primaryimage"},"image":{"@id":"https:\/\/vieassociative.be\/actualites\/il-a-fait-de-la-belgique-un-peuple-de-merckxists-licone-cycliste-eddy-merckx-aura-80-ans\/#primaryimage"},"thumbnailUrl":"https:\/\/vieassociative.be\/actualites\/wp-content\/uploads\/2025\/06\/1750083522_Il-a-fait-de-la-Belgique-un-peuple-de-Merckxists.jpg","datePublished":"2025-06-16T14:18:41+00:00","dateModified":"2025-06-16T14:18:41+00:00","breadcrumb":{"@id":"https:\/\/vieassociative.be\/actualites\/il-a-fait-de-la-belgique-un-peuple-de-merckxists-licone-cycliste-eddy-merckx-aura-80-ans\/#breadcrumb"},"inLanguage":"fr-BE","potentialAction":[{"@type":"ReadAction","target":["https:\/\/vieassociative.be\/actualites\/il-a-fait-de-la-belgique-un-peuple-de-merckxists-licone-cycliste-eddy-merckx-aura-80-ans\/"]}]},{"@type":"ImageObject","inLanguage":"fr-BE","@id":"https:\/\/vieassociative.be\/actualites\/il-a-fait-de-la-belgique-un-peuple-de-merckxists-licone-cycliste-eddy-merckx-aura-80-ans\/#primaryimage","url":"https:\/\/vieassociative.be\/actualites\/wp-content\/uploads\/2025\/06\/1750083522_Il-a-fait-de-la-Belgique-un-peuple-de-Merckxists.jpg","contentUrl":"https:\/\/vieassociative.be\/actualites\/wp-content\/uploads\/2025\/06\/1750083522_Il-a-fait-de-la-Belgique-un-peuple-de-Merckxists.jpg","width":900,"height":630,"caption":"Il a fait de la Belgique un peuple de \"Merckxists\": l'ic\u00f4ne cycliste Eddy Merckx aura 80 ans"},{"@type":"BreadcrumbList","@id":"https:\/\/vieassociative.be\/actualites\/il-a-fait-de-la-belgique-un-peuple-de-merckxists-licone-cycliste-eddy-merckx-aura-80-ans\/#breadcrumb","itemListElement":[{"@type":"ListItem","position":1,"name":"Accueil","item":"https:\/\/vieassociative.be\/actualites\/"},{"@type":"ListItem","position":2,"name":"Il a fait de la Belgique un peuple de \u00ab\u00a0Merckxists\u00a0\u00bb: l&rsquo;ic\u00f4ne cycliste Eddy Merckx aura 80 ans"}]},{"@type":"WebSite","@id":"https:\/\/vieassociative.be\/actualites\/#website","url":"https:\/\/vieassociative.be\/actualites\/","name":"Vie Associative","description":"","publisher":{"@id":"https:\/\/vieassociative.be\/actualites\/#organization"},"potentialAction":[{"@type":"SearchAction","target":{"@type":"EntryPoint","urlTemplate":"https:\/\/vieassociative.be\/actualites\/?s={search_term_string}"},"query-input":{"@type":"PropertyValueSpecification","valueRequired":true,"valueName":"search_term_string"}}],"inLanguage":"fr-BE"},{"@type":"Organization","@id":"https:\/\/vieassociative.be\/actualites\/#organization","name":"Vie Associative","url":"https:\/\/vieassociative.be\/actualites\/","logo":{"@type":"ImageObject","inLanguage":"fr-BE","@id":"https:\/\/vieassociative.be\/actualites\/#\/schema\/logo\/image\/","url":"https:\/\/vieassociative.be\/actualites\/wp-content\/uploads\/2024\/09\/cropped-vieassociative_favicon.ico.png","contentUrl":"https:\/\/vieassociative.be\/actualites\/wp-content\/uploads\/2024\/09\/cropped-vieassociative_favicon.ico.png","width":512,"height":512,"caption":"Vie Associative"},"image":{"@id":"https:\/\/vieassociative.be\/actualites\/#\/schema\/logo\/image\/"}},{"@type":"Person","@id":"https:\/\/vieassociative.be\/actualites\/#\/schema\/person\/b87ac4f82f9d4e7b7cec7395b679edc4","name":"Julien","image":{"@type":"ImageObject","inLanguage":"fr-BE","@id":"https:\/\/vieassociative.be\/actualites\/#\/schema\/person\/image\/","url":"https:\/\/vieassociative.be\/actualites\/wp-content\/uploads\/2024\/09\/vie-associative-1-150x150.jpg","contentUrl":"https:\/\/vieassociative.be\/actualites\/wp-content\/uploads\/2024\/09\/vie-associative-1-150x150.jpg","caption":"Julien"},"description":"Je suis Julien, r\u00e9dacteur pour Vie Associative. Passionn\u00e9 par le monde associatif depuis plus de 10 ans, j'ai \u00e0 c\u0153ur de partager des histoires inspirantes et de mettre en lumi\u00e8re les initiatives locales. Mon objectif est de sensibiliser et d'encourager l'engagement communautaire \u00e0 travers mes articles.","sameAs":["https:\/\/vieassociative.be\/"]}]}},"_links":{"self":[{"href":"https:\/\/vieassociative.be\/actualites\/wp-json\/wp\/v2\/posts\/8220"}],"collection":[{"href":"https:\/\/vieassociative.be\/actualites\/wp-json\/wp\/v2\/posts"}],"about":[{"href":"https:\/\/vieassociative.be\/actualites\/wp-json\/wp\/v2\/types\/post"}],"author":[{"embeddable":true,"href":"https:\/\/vieassociative.be\/actualites\/wp-json\/wp\/v2\/users\/1"}],"replies":[{"embeddable":true,"href":"https:\/\/vieassociative.be\/actualites\/wp-json\/wp\/v2\/comments?post=8220"}],"version-history":[{"count":0,"href":"https:\/\/vieassociative.be\/actualites\/wp-json\/wp\/v2\/posts\/8220\/revisions"}],"wp:featuredmedia":[{"embeddable":true,"href":"https:\/\/vieassociative.be\/actualites\/wp-json\/wp\/v2\/media\/8221"}],"wp:attachment":[{"href":"https:\/\/vieassociative.be\/actualites\/wp-json\/wp\/v2\/media?parent=8220"}],"wp:term":[{"taxonomy":"category","embeddable":true,"href":"https:\/\/vieassociative.be\/actualites\/wp-json\/wp\/v2\/categories?post=8220"},{"taxonomy":"post_tag","embeddable":true,"href":"https:\/\/vieassociative.be\/actualites\/wp-json\/wp\/v2\/tags?post=8220"}],"curies":[{"name":"wp","href":"https:\/\/api.w.org\/{rel}","templated":true}]}}