{"id":8215,"date":"2025-06-16T10:21:01","date_gmt":"2025-06-16T08:21:01","guid":{"rendered":"https:\/\/vieassociative.be\/actualites\/le-conflit-du-moyen-orient-sest-intensifie-des-coups-lourds-contre-lappareil-de-pouvoir-de-liran-rockets-sur-israel\/"},"modified":"2025-06-16T10:21:01","modified_gmt":"2025-06-16T08:21:01","slug":"le-conflit-du-moyen-orient-sest-intensifie-des-coups-lourds-contre-lappareil-de-pouvoir-de-liran-rockets-sur-israel","status":"publish","type":"post","link":"https:\/\/vieassociative.be\/actualites\/le-conflit-du-moyen-orient-sest-intensifie-des-coups-lourds-contre-lappareil-de-pouvoir-de-liran-rockets-sur-israel\/","title":{"rendered":"Le conflit du Moyen-Orient s&rsquo;est intensifi\u00e9: des coups lourds contre l&rsquo;appareil de pouvoir de l&rsquo;Iran &#8211; Rockets sur Isra\u00ebl"},"content":{"rendered":"<p><strong>Les attaques mutuelles entre Isra\u00ebl et l&rsquo;Iran continuent. Le nombre de victimes augmente. L&rsquo;appareil d&rsquo;\u00c9tat de l&rsquo;Iran est difficile. Mais Isra\u00ebl n&rsquo;a pas encore atteint son objectif principal.<\/strong><\/p>\n<p><span id=\"more-417814\"><\/span>Alors qu&rsquo;Isra\u00ebl frappe une fois de plus la R\u00e9publique islamique dans la guerre avec l&rsquo;Iran, l&rsquo;end\u00e9n\u00e9me d&rsquo;Isra\u00ebl tire d&rsquo;autres roquettes vers l&rsquo;\u00c9tat juif. Bien que les syst\u00e8mes de d\u00e9fense aient \u00e9t\u00e9 activ\u00e9s en Isra\u00ebl, selon les services d&rsquo;urgence, il y a eu plusieurs impacts dans le centre du pays. Comme l&rsquo;a rapport\u00e9 les \u00abtemps d&rsquo;Isra\u00ebl\u00bb, citant les services d&rsquo;urgence, trois personnes ont \u00e9t\u00e9 tu\u00e9es et des dizaines d&rsquo;autres ont \u00e9t\u00e9 bless\u00e9es.<\/p>\n<p>Les attaques iraniennes avaient d\u00e9j\u00e0 tu\u00e9 plus d&rsquo;une douzaine de personnes en Isra\u00ebl et des centaines ont \u00e9t\u00e9 bless\u00e9es. Selon les informations officielles, au moins 224 personnes ont \u00e9t\u00e9 tu\u00e9es en Iran depuis le d\u00e9but de l&rsquo;offensive isra\u00e9lienne majeure vendredi soir. Pr\u00e8s de 1300 personnes ont \u00e9t\u00e9 bless\u00e9es, un repr\u00e9sentant du minist\u00e8re iranien de la Sant\u00e9 a d\u00e9clar\u00e9 \u00e0 X.<\/p>\n<div id=\"attachment_417818\" class=\"wp-caption alignleft\" style=\"max-width: 300px\"><img fetchpriority=\"high\" decoding=\"async\" class=\"wp-image-417818 size-medium\" src=\"https:\/\/vieassociative.be\/actualites\/wp-content\/uploads\/2025\/06\/Le-conflit-du-Moyen-Orient-sest-intensifie-des-coups-lourds-contre.jpg\" alt=\"\" width=\"300\" height=\"200\"><\/p>\n<p class=\"wp-caption-text\">16.06.2025, Isra\u00ebl, Ha\u00effa: Les v\u00e9hicules d\u00e9truits peuvent \u00eatre vus dans la ville portuaire isra\u00e9lienne apr\u00e8s la fus\u00e9e iranienne. Photo: Ariel Schalit \/ AP \/ DPA<\/p>\n<\/div>\n<p><strong>&#8211; Conseiller du Guide de la r\u00e9volution tu\u00e9:<\/strong> La population d&rsquo;Isra\u00ebl peut d\u00e9sormais quitter les abris, a d\u00e9clar\u00e9 l&rsquo;arm\u00e9e sur Telegram. Selon l&rsquo;arm\u00e9e, les travailleurs de la recherche et du secours ont \u00e9t\u00e9 utilis\u00e9s \u00e0 plusieurs endroits \u00e0 travers le pays.<\/p>\n<p>Auparavant, l&rsquo;arm\u00e9e de l&rsquo;air isra\u00e9lienne avait de nouveau attaqu\u00e9 des rampes de lancement pour les missiles au sol au sol \u00e0 l&rsquo;int\u00e9rieur de l&rsquo;Iran apparemment dans le but de faire une attaque renouvel\u00e9e de l&rsquo;ennemi de l&rsquo;arc.<\/p>\n<p>L&rsquo;agence de presse iranienne Tasnim a confirm\u00e9 la mort du patron des services secrets des puissants gardes de la r\u00e9volution &#8211; le combattant de l&rsquo;\u00e9lite iranien &#8211; et son adjoint. Mohammed Kasem et Hassan Mohaghegh ont \u00e9t\u00e9 tu\u00e9s lors des attaques contre la capitale T\u00e9h\u00e9ran. Avant cela, les principaux scientifiques militaires et nucl\u00e9aires avaient d\u00e9j\u00e0 \u00e9t\u00e9 sp\u00e9cifiquement tu\u00e9s par Isra\u00ebl.<\/p>\n<p>Selon les m\u00e9dias, le minist\u00e8re du p\u00e9trole, le service de police et d&rsquo;autres institutions d&rsquo;\u00c9tat ont \u00e9galement \u00e9t\u00e9 attaqu\u00e9s \u00e0 T\u00e9h\u00e9ran. Auparavant, des attaques contre le minist\u00e8re de la D\u00e9fense, une organisation de recherche nucl\u00e9aire de l&rsquo;\u00c9tat et un camp p\u00e9trolier dans la m\u00e9tropole de millions ont d\u00e9j\u00e0 \u00e9t\u00e9 signal\u00e9s. Des attaques isra\u00e9liennes contre des zones r\u00e9sidentielles ont \u00e9galement \u00e9t\u00e9 signal\u00e9es \u00e0 l&rsquo;Iran.<\/p>\n<p><strong>&#8211; Isra\u00ebl veut-il la direction iranienne?<\/strong> Lorsqu&rsquo;on lui a demand\u00e9 si la direction iranienne devrait finalement \u00eatre renvers\u00e9e, le Premier ministre isra\u00e9lien Benjamin Netanyahu a r\u00e9pondu dans une interview avec le diffuseur am\u00e9ricain Fox News: \u00ab\u00a0Cela pourrait certainement \u00eatre le r\u00e9sultat. Le r\u00e9gime iranien est tr\u00e8s faible.\u00a0\u00bb Une majorit\u00e9 des Iraniens aimeraient se d\u00e9barrasser du gouvernement islamiste, a-t-il d\u00e9clar\u00e9.<\/p>\n<p>Netanyahu ne voulait pas commenter un rapport de l&rsquo;agence de presse Reuters, selon laquelle le pr\u00e9sident am\u00e9ricain Donald Trump aurait d\u00e9pos\u00e9 une objection aux plans isra\u00e9liens pour le meurtre du chef iranien de l&rsquo;\u00c9tat Ajatollah Ali Chameni. Il y a \u00ab\u00a0de nombreux faux rapports sur les discussions qui n&rsquo;ont jamais eu lieu\u00a0\u00bb, a-t-il d\u00e9clar\u00e9.<\/p>\n<div id=\"attachment_417820\" class=\"wp-caption alignleft\" style=\"max-width: 300px\"><img decoding=\"async\" class=\"wp-image-417820 size-medium\" src=\"https:\/\/vieassociative.be\/actualites\/wp-content\/uploads\/2025\/06\/1750062061_800_Le-conflit-du-Moyen-Orient-sest-intensifie-des-coups-lourds-contre.jpg\" alt=\"\" width=\"300\" height=\"200\"><\/p>\n<p class=\"wp-caption-text\">15\/06\/2025, Isra\u00ebl, Tel Aviv: Le syst\u00e8me isra\u00e9lien de d\u00e9fense a\u00e9rienne Iron Dome tire pour intercepter les missiles lors d&rsquo;une attaque iranienne. Photo: Leo Correa \/ AP \/ DPA<\/p>\n<\/div>\n<p>Pendant ce temps, l&rsquo;agence de presse Tasnim, qui est consid\u00e9r\u00e9e comme le porte-parole du jardin r\u00e9volutionnaire iranien, a r\u00e9pandu des photos de maisons en ruines. Dans les rues qui ont conduit \u00e0 T\u00e9h\u00e9ran, des embouteillages se sont form\u00e9s. Beaucoup de gens quittent la ville de peur des attaques isra\u00e9liennes.<\/p>\n<p>Selon les attaques, Isra\u00ebl veut emp\u00eacher l&rsquo;Iran de construire une bombe atomique. La direction \u00e0 T\u00e9h\u00e9ran, en revanche, souligne que le programme nucl\u00e9aire sert des objectifs civils.<\/p>\n<p>Selon les informations isra\u00e9liennes, le syst\u00e8me d&rsquo;enrichissement d&rsquo;uranium Natan a \u00e9t\u00e9 rencontr\u00e9 dans les attaques. Un responsable isra\u00e9lien a d\u00e9clar\u00e9 \u00e0 Wall Street Journal qu&rsquo;il y avait des signes que la partie souterraine de la situation nucl\u00e9aire aurait pu \u00ab\u00a0imploser\u00a0\u00bb. Cependant, il a soulign\u00e9 que des enqu\u00eates suppl\u00e9mentaires \u00e9taient n\u00e9cessaires.<\/p>\n<p>Isra\u00ebl a \u00e9galement attaqu\u00e9 des parties importantes de la cha\u00eene d&rsquo;approvisionnement pour la production d&rsquo;une bombe atomique, a rapport\u00e9 le journal citant des fonctionnaires en Isra\u00ebl et l&rsquo;autorit\u00e9 de l&rsquo;Antenue des Atomenergy. Quatre b\u00e2timents ont \u00e9t\u00e9 d\u00e9truits dans la disposition nucl\u00e9aire de la ville d&rsquo;Isfahan, dont deux sont indispensables pour la production d&rsquo;une arme nucl\u00e9aire. Selon l&rsquo;expert isra\u00e9lien de l&rsquo;Iran Sima Shine, qui a autrefois travaill\u00e9 pour les services secrets du Mossad, le programme nucl\u00e9aire iranien n&rsquo;a jusqu&rsquo;\u00e0 pr\u00e9sent pas \u00e9t\u00e9 ajout\u00e9 au programme nucl\u00e9aire iranien.<\/p>\n<p>Le plus grand d\u00e9fi pour Isra\u00ebl reste la destruction de l&rsquo;installation nucl\u00e9aire iranienne \u00e0 Fordo, o\u00f9 l&rsquo;uranium a \u00e9t\u00e9 enrichi, a \u00e9crit le \u00ab\u00a0Wall Street Journal\u00a0\u00bb. De nombreux experts pensaient que le syst\u00e8me nucl\u00e9aire de Fordo ne pouvait \u00eatre d\u00e9truit qu&rsquo;avec une soi-disant bombe de brise-bunker. Contrairement aux \u00c9tats-Unis alli\u00e9s, Isra\u00ebl, selon les m\u00e9dias, n&rsquo;a pas ces lourdes bombes ni les grands avions militaires n\u00e9cessaires pour tomber.<\/p>\n<div id=\"attachment_417822\" class=\"wp-caption alignleft\" style=\"max-width: 300px\"><img decoding=\"async\" class=\"wp-image-417822 size-medium\" src=\"https:\/\/vieassociative.be\/actualites\/wp-content\/uploads\/2025\/06\/1750062061_16_Le-conflit-du-Moyen-Orient-sest-intensifie-des-coups-lourds-contre.jpg\" alt=\"\" width=\"300\" height=\"198\"><\/p>\n<p class=\"wp-caption-text\">16\/06\/2025, Isra\u00ebl, Bnei Berak: Un homme isra\u00e9lien et deux enfants regardent une biblioth\u00e8que endommag\u00e9e apr\u00e8s le coup d&rsquo;une fus\u00e9e iranienne \u00e0 Bnei Berak. Photo: Ilia Yefimovich \/ DPA<\/p>\n<\/div>\n<p>Le cours suppl\u00e9mentaire de la guerre d\u00e9cidera si Isra\u00ebl atteindra le but de d\u00e9truire le programme nucl\u00e9aire iranien ou de rejeter pendant des ann\u00e9es, a \u00e9crit le journal am\u00e9ricain. L&rsquo;Iran pourrait ne pas acc\u00e9l\u00e9rer ses efforts pour construire une bombe atomique &#8211; contest\u00e9e \u00e0 plusieurs reprises par T\u00e9h\u00e9ran.<\/p>\n<p><strong>&#8211; Programme de fus\u00e9es iranien \u00e9galement:<\/strong> Pour autre raison des attaques en Iran, le chef d&rsquo;Isra\u00ebl du gouvernement Netanyahu a nomm\u00e9 le programme de fus\u00e9e de la R\u00e9publique islamique. Selon ses propres informations, l&rsquo;arm\u00e9e de l&rsquo;air isra\u00e9lienne a commenc\u00e9 une s\u00e9rie d&rsquo;attaques contre des dizaines de destinations \u00e0 l&rsquo;ouest de l&rsquo;Iran, o\u00f9 les roquettes au sol au sol seraient stationn\u00e9es.<\/p>\n<p>Selon les m\u00e9dias isra\u00e9liens, l&rsquo;Iran compte encore environ 2 000 roquettes de ce type. Entre-temps, selon un porte-parole, l&rsquo;arm\u00e9e isra\u00e9lienne a acquis la sup\u00e9riorit\u00e9 a\u00e9rienne de l&rsquo;ouest de l&rsquo;Iran \u00e0 T\u00e9h\u00e9ran. Cela pourrait rendre de plus en plus difficile pour l&rsquo;Iran d&rsquo;attaquer Isra\u00ebl.<\/p>\n<p>Pendant ce temps, le pr\u00e9sident am\u00e9ricain Trump a \u00e9t\u00e9 ouvert \u00e0 l&rsquo;id\u00e9e que le chef du Kremlin Vladimir Poutine pourrait agir comme interm\u00e9diaire dans la guerre. \u00ab\u00a0J&rsquo;y serais ouvert\u00a0\u00bb, a d\u00e9clar\u00e9 Trump \u00e0 la cha\u00eene de t\u00e9l\u00e9vision d&rsquo;ABC. Poutine l&rsquo;a appel\u00e9 \u00e0 cause de cela. Le pr\u00e9sident de la Russie, qui avait ordonn\u00e9 l&rsquo;attaque contre l&rsquo;Ukraine il y a trois ans et demi, s&rsquo;est propos\u00e9 samedi en tant qu&rsquo;interm\u00e9diaire dans le conflit entre Isra\u00ebl et l&rsquo;Iran. La Russie a \u00e9tabli des relations \u00e9troites avec l&rsquo;Iran et de l\u00e0, entre autres, des drones de drones pour sa guerre d&rsquo;agression contre l&rsquo;Ukraine. (DPA)<\/p>\n","protected":false},"excerpt":{"rendered":"<p>Les attaques mutuelles entre Isra\u00ebl et l&rsquo;Iran continuent. Le nombre de victimes augmente. L&rsquo;appareil d&rsquo;\u00c9tat de l&rsquo;Iran est difficile. Mais Isra\u00ebl n&rsquo;a pas encore atteint<\/p>\n","protected":false},"author":1,"featured_media":8216,"comment_status":"","ping_status":"","sticky":false,"template":"","format":"standard","meta":{"footnotes":""},"categories":[298],"tags":[7397,796,5179,29,7425,3004,2012,7426,7202,5178,3860,7427,3119,33],"class_list":["post-8215","post","type-post","status-publish","format-standard","has-post-thumbnail","hentry","category-belgique","tag-conflit","tag-contre","tag-coups","tag-des","tag-intensifie","tag-israel","tag-lappareil","tag-liran","tag-lourds","tag-moyenorient","tag-pouvoir","tag-rockets","tag-sest","tag-sur","generate-columns","tablet-grid-50","mobile-grid-100","grid-parent","grid-33"],"yoast_head":"<!-- This site is optimized with the Yoast SEO plugin v24.0 - https:\/\/yoast.com\/wordpress\/plugins\/seo\/ -->\n<title>Le conflit du Moyen-Orient s&#039;est intensifi\u00e9: des coups lourds contre l&#039;appareil de pouvoir de l&#039;Iran - Rockets sur Isra\u00ebl | Vie Associative<\/title>\n<meta name=\"robots\" content=\"index, follow, max-snippet:-1, max-image-preview:large, max-video-preview:-1\" \/>\n<link rel=\"canonical\" href=\"https:\/\/vieassociative.be\/actualites\/le-conflit-du-moyen-orient-sest-intensifie-des-coups-lourds-contre-lappareil-de-pouvoir-de-liran-rockets-sur-israel\/\" \/>\n<meta property=\"og:locale\" content=\"fr_FR\" \/>\n<meta property=\"og:type\" content=\"article\" \/>\n<meta property=\"og:title\" content=\"Le conflit du Moyen-Orient s&#039;est intensifi\u00e9: des coups lourds contre l&#039;appareil de pouvoir de l&#039;Iran - Rockets sur Isra\u00ebl | Vie Associative\" \/>\n<meta property=\"og:description\" content=\"Les attaques mutuelles entre Isra\u00ebl et l&rsquo;Iran continuent. Le nombre de victimes augmente. L&rsquo;appareil d&rsquo;\u00c9tat de l&rsquo;Iran est difficile. Mais Isra\u00ebl n&rsquo;a pas encore atteint\" \/>\n<meta property=\"og:url\" content=\"https:\/\/vieassociative.be\/actualites\/le-conflit-du-moyen-orient-sest-intensifie-des-coups-lourds-contre-lappareil-de-pouvoir-de-liran-rockets-sur-israel\/\" \/>\n<meta property=\"og:site_name\" content=\"Vie Associative\" \/>\n<meta property=\"article:published_time\" content=\"2025-06-16T08:21:01+00:00\" \/>\n<meta property=\"og:image\" content=\"https:\/\/vieassociative.be\/actualites\/wp-content\/uploads\/2024\/09\/header_backgroundk-01-e1726694325946.png\" \/>\n\t<meta property=\"og:image:width\" content=\"279\" \/>\n\t<meta property=\"og:image:height\" content=\"92\" \/>\n\t<meta property=\"og:image:type\" content=\"image\/png\" \/>\n<meta name=\"author\" content=\"Julien\" \/>\n<meta name=\"twitter:card\" content=\"summary_large_image\" \/>\n<meta name=\"twitter:label1\" content=\"\u00c9crit par\" \/>\n\t<meta name=\"twitter:data1\" content=\"Julien\" \/>\n\t<meta name=\"twitter:label2\" content=\"Dur\u00e9e de lecture est.\" \/>\n\t<meta name=\"twitter:data2\" content=\"6 minutes\" \/>\n<script type=\"application\/ld+json\" class=\"yoast-schema-graph\">{\"@context\":\"https:\/\/schema.org\",\"@graph\":[{\"@type\":\"Article\",\"@id\":\"https:\/\/vieassociative.be\/actualites\/le-conflit-du-moyen-orient-sest-intensifie-des-coups-lourds-contre-lappareil-de-pouvoir-de-liran-rockets-sur-israel\/#article\",\"isPartOf\":{\"@id\":\"https:\/\/vieassociative.be\/actualites\/le-conflit-du-moyen-orient-sest-intensifie-des-coups-lourds-contre-lappareil-de-pouvoir-de-liran-rockets-sur-israel\/\"},\"author\":{\"name\":\"Julien\",\"@id\":\"https:\/\/vieassociative.be\/actualites\/#\/schema\/person\/b87ac4f82f9d4e7b7cec7395b679edc4\"},\"headline\":\"Le conflit du Moyen-Orient s&rsquo;est intensifi\u00e9: des coups lourds contre l&rsquo;appareil de pouvoir de l&rsquo;Iran &#8211; Rockets sur Isra\u00ebl\",\"datePublished\":\"2025-06-16T08:21:01+00:00\",\"dateModified\":\"2025-06-16T08:21:01+00:00\",\"mainEntityOfPage\":{\"@id\":\"https:\/\/vieassociative.be\/actualites\/le-conflit-du-moyen-orient-sest-intensifie-des-coups-lourds-contre-lappareil-de-pouvoir-de-liran-rockets-sur-israel\/\"},\"wordCount\":1337,\"publisher\":{\"@id\":\"https:\/\/vieassociative.be\/actualites\/#organization\"},\"image\":{\"@id\":\"https:\/\/vieassociative.be\/actualites\/le-conflit-du-moyen-orient-sest-intensifie-des-coups-lourds-contre-lappareil-de-pouvoir-de-liran-rockets-sur-israel\/#primaryimage\"},\"thumbnailUrl\":\"https:\/\/vieassociative.be\/actualites\/wp-content\/uploads\/2025\/06\/1750062062_Le-conflit-du-Moyen-Orient-sest-intensifie-des-coups-lourds-contre.jpg\",\"keywords\":[\"conflit\",\"contre\",\"coups\",\"Des\",\"intensifi\u00e9\",\"Isra\u00ebl\",\"lappareil\",\"lIran\",\"lourds\",\"MoyenOrient\",\"pouvoir\",\"Rockets\",\"sest\",\"sur\"],\"articleSection\":[\"Belgique\"],\"inLanguage\":\"fr-BE\"},{\"@type\":\"WebPage\",\"@id\":\"https:\/\/vieassociative.be\/actualites\/le-conflit-du-moyen-orient-sest-intensifie-des-coups-lourds-contre-lappareil-de-pouvoir-de-liran-rockets-sur-israel\/\",\"url\":\"https:\/\/vieassociative.be\/actualites\/le-conflit-du-moyen-orient-sest-intensifie-des-coups-lourds-contre-lappareil-de-pouvoir-de-liran-rockets-sur-israel\/\",\"name\":\"Le conflit du Moyen-Orient s'est intensifi\u00e9: des coups lourds contre l'appareil de pouvoir de l'Iran - Rockets sur Isra\u00ebl | Vie Associative\",\"isPartOf\":{\"@id\":\"https:\/\/vieassociative.be\/actualites\/#website\"},\"primaryImageOfPage\":{\"@id\":\"https:\/\/vieassociative.be\/actualites\/le-conflit-du-moyen-orient-sest-intensifie-des-coups-lourds-contre-lappareil-de-pouvoir-de-liran-rockets-sur-israel\/#primaryimage\"},\"image\":{\"@id\":\"https:\/\/vieassociative.be\/actualites\/le-conflit-du-moyen-orient-sest-intensifie-des-coups-lourds-contre-lappareil-de-pouvoir-de-liran-rockets-sur-israel\/#primaryimage\"},\"thumbnailUrl\":\"https:\/\/vieassociative.be\/actualites\/wp-content\/uploads\/2025\/06\/1750062062_Le-conflit-du-Moyen-Orient-sest-intensifie-des-coups-lourds-contre.jpg\",\"datePublished\":\"2025-06-16T08:21:01+00:00\",\"dateModified\":\"2025-06-16T08:21:01+00:00\",\"breadcrumb\":{\"@id\":\"https:\/\/vieassociative.be\/actualites\/le-conflit-du-moyen-orient-sest-intensifie-des-coups-lourds-contre-lappareil-de-pouvoir-de-liran-rockets-sur-israel\/#breadcrumb\"},\"inLanguage\":\"fr-BE\",\"potentialAction\":[{\"@type\":\"ReadAction\",\"target\":[\"https:\/\/vieassociative.be\/actualites\/le-conflit-du-moyen-orient-sest-intensifie-des-coups-lourds-contre-lappareil-de-pouvoir-de-liran-rockets-sur-israel\/\"]}]},{\"@type\":\"ImageObject\",\"inLanguage\":\"fr-BE\",\"@id\":\"https:\/\/vieassociative.be\/actualites\/le-conflit-du-moyen-orient-sest-intensifie-des-coups-lourds-contre-lappareil-de-pouvoir-de-liran-rockets-sur-israel\/#primaryimage\",\"url\":\"https:\/\/vieassociative.be\/actualites\/wp-content\/uploads\/2025\/06\/1750062062_Le-conflit-du-Moyen-Orient-sest-intensifie-des-coups-lourds-contre.jpg\",\"contentUrl\":\"https:\/\/vieassociative.be\/actualites\/wp-content\/uploads\/2025\/06\/1750062062_Le-conflit-du-Moyen-Orient-sest-intensifie-des-coups-lourds-contre.jpg\",\"width\":1200,\"height\":794,\"caption\":\"Le conflit du Moyen-Orient s'est intensifi\u00e9: des coups lourds contre l'appareil de pouvoir de l'Iran - Rockets sur Isra\u00ebl\"},{\"@type\":\"BreadcrumbList\",\"@id\":\"https:\/\/vieassociative.be\/actualites\/le-conflit-du-moyen-orient-sest-intensifie-des-coups-lourds-contre-lappareil-de-pouvoir-de-liran-rockets-sur-israel\/#breadcrumb\",\"itemListElement\":[{\"@type\":\"ListItem\",\"position\":1,\"name\":\"Accueil\",\"item\":\"https:\/\/vieassociative.be\/actualites\/\"},{\"@type\":\"ListItem\",\"position\":2,\"name\":\"Le conflit du Moyen-Orient s&rsquo;est intensifi\u00e9: des coups lourds contre l&rsquo;appareil de pouvoir de l&rsquo;Iran &#8211; Rockets sur Isra\u00ebl\"}]},{\"@type\":\"WebSite\",\"@id\":\"https:\/\/vieassociative.be\/actualites\/#website\",\"url\":\"https:\/\/vieassociative.be\/actualites\/\",\"name\":\"Vie Associative\",\"description\":\"\",\"publisher\":{\"@id\":\"https:\/\/vieassociative.be\/actualites\/#organization\"},\"potentialAction\":[{\"@type\":\"SearchAction\",\"target\":{\"@type\":\"EntryPoint\",\"urlTemplate\":\"https:\/\/vieassociative.be\/actualites\/?s={search_term_string}\"},\"query-input\":{\"@type\":\"PropertyValueSpecification\",\"valueRequired\":true,\"valueName\":\"search_term_string\"}}],\"inLanguage\":\"fr-BE\"},{\"@type\":\"Organization\",\"@id\":\"https:\/\/vieassociative.be\/actualites\/#organization\",\"name\":\"Vie Associative\",\"url\":\"https:\/\/vieassociative.be\/actualites\/\",\"logo\":{\"@type\":\"ImageObject\",\"inLanguage\":\"fr-BE\",\"@id\":\"https:\/\/vieassociative.be\/actualites\/#\/schema\/logo\/image\/\",\"url\":\"https:\/\/vieassociative.be\/actualites\/wp-content\/uploads\/2024\/09\/cropped-vieassociative_favicon.ico.png\",\"contentUrl\":\"https:\/\/vieassociative.be\/actualites\/wp-content\/uploads\/2024\/09\/cropped-vieassociative_favicon.ico.png\",\"width\":512,\"height\":512,\"caption\":\"Vie Associative\"},\"image\":{\"@id\":\"https:\/\/vieassociative.be\/actualites\/#\/schema\/logo\/image\/\"}},{\"@type\":\"Person\",\"@id\":\"https:\/\/vieassociative.be\/actualites\/#\/schema\/person\/b87ac4f82f9d4e7b7cec7395b679edc4\",\"name\":\"Julien\",\"image\":{\"@type\":\"ImageObject\",\"inLanguage\":\"fr-BE\",\"@id\":\"https:\/\/vieassociative.be\/actualites\/#\/schema\/person\/image\/\",\"url\":\"https:\/\/vieassociative.be\/actualites\/wp-content\/uploads\/2024\/09\/vie-associative-1-150x150.jpg\",\"contentUrl\":\"https:\/\/vieassociative.be\/actualites\/wp-content\/uploads\/2024\/09\/vie-associative-1-150x150.jpg\",\"caption\":\"Julien\"},\"description\":\"Je suis Julien, r\u00e9dacteur pour Vie Associative. Passionn\u00e9 par le monde associatif depuis plus de 10 ans, j'ai \u00e0 c\u0153ur de partager des histoires inspirantes et de mettre en lumi\u00e8re les initiatives locales. Mon objectif est de sensibiliser et d'encourager l'engagement communautaire \u00e0 travers mes articles.\",\"sameAs\":[\"https:\/\/vieassociative.be\/\"]}]}<\/script>\n<!-- \/ Yoast SEO plugin. -->","yoast_head_json":{"title":"Le conflit du Moyen-Orient s'est intensifi\u00e9: des coups lourds contre l'appareil de pouvoir de l'Iran - Rockets sur Isra\u00ebl | Vie Associative","robots":{"index":"index","follow":"follow","max-snippet":"max-snippet:-1","max-image-preview":"max-image-preview:large","max-video-preview":"max-video-preview:-1"},"canonical":"https:\/\/vieassociative.be\/actualites\/le-conflit-du-moyen-orient-sest-intensifie-des-coups-lourds-contre-lappareil-de-pouvoir-de-liran-rockets-sur-israel\/","og_locale":"fr_FR","og_type":"article","og_title":"Le conflit du Moyen-Orient s'est intensifi\u00e9: des coups lourds contre l'appareil de pouvoir de l'Iran - Rockets sur Isra\u00ebl | Vie Associative","og_description":"Les attaques mutuelles entre Isra\u00ebl et l&rsquo;Iran continuent. Le nombre de victimes augmente. L&rsquo;appareil d&rsquo;\u00c9tat de l&rsquo;Iran est difficile. Mais Isra\u00ebl n&rsquo;a pas encore atteint","og_url":"https:\/\/vieassociative.be\/actualites\/le-conflit-du-moyen-orient-sest-intensifie-des-coups-lourds-contre-lappareil-de-pouvoir-de-liran-rockets-sur-israel\/","og_site_name":"Vie Associative","article_published_time":"2025-06-16T08:21:01+00:00","og_image":[{"width":279,"height":92,"url":"https:\/\/vieassociative.be\/actualites\/wp-content\/uploads\/2024\/09\/header_backgroundk-01-e1726694325946.png","type":"image\/png"}],"author":"Julien","twitter_card":"summary_large_image","twitter_misc":{"\u00c9crit par":"Julien","Dur\u00e9e de lecture est.":"6 minutes"},"schema":{"@context":"https:\/\/schema.org","@graph":[{"@type":"Article","@id":"https:\/\/vieassociative.be\/actualites\/le-conflit-du-moyen-orient-sest-intensifie-des-coups-lourds-contre-lappareil-de-pouvoir-de-liran-rockets-sur-israel\/#article","isPartOf":{"@id":"https:\/\/vieassociative.be\/actualites\/le-conflit-du-moyen-orient-sest-intensifie-des-coups-lourds-contre-lappareil-de-pouvoir-de-liran-rockets-sur-israel\/"},"author":{"name":"Julien","@id":"https:\/\/vieassociative.be\/actualites\/#\/schema\/person\/b87ac4f82f9d4e7b7cec7395b679edc4"},"headline":"Le conflit du Moyen-Orient s&rsquo;est intensifi\u00e9: des coups lourds contre l&rsquo;appareil de pouvoir de l&rsquo;Iran &#8211; Rockets sur Isra\u00ebl","datePublished":"2025-06-16T08:21:01+00:00","dateModified":"2025-06-16T08:21:01+00:00","mainEntityOfPage":{"@id":"https:\/\/vieassociative.be\/actualites\/le-conflit-du-moyen-orient-sest-intensifie-des-coups-lourds-contre-lappareil-de-pouvoir-de-liran-rockets-sur-israel\/"},"wordCount":1337,"publisher":{"@id":"https:\/\/vieassociative.be\/actualites\/#organization"},"image":{"@id":"https:\/\/vieassociative.be\/actualites\/le-conflit-du-moyen-orient-sest-intensifie-des-coups-lourds-contre-lappareil-de-pouvoir-de-liran-rockets-sur-israel\/#primaryimage"},"thumbnailUrl":"https:\/\/vieassociative.be\/actualites\/wp-content\/uploads\/2025\/06\/1750062062_Le-conflit-du-Moyen-Orient-sest-intensifie-des-coups-lourds-contre.jpg","keywords":["conflit","contre","coups","Des","intensifi\u00e9","Isra\u00ebl","lappareil","lIran","lourds","MoyenOrient","pouvoir","Rockets","sest","sur"],"articleSection":["Belgique"],"inLanguage":"fr-BE"},{"@type":"WebPage","@id":"https:\/\/vieassociative.be\/actualites\/le-conflit-du-moyen-orient-sest-intensifie-des-coups-lourds-contre-lappareil-de-pouvoir-de-liran-rockets-sur-israel\/","url":"https:\/\/vieassociative.be\/actualites\/le-conflit-du-moyen-orient-sest-intensifie-des-coups-lourds-contre-lappareil-de-pouvoir-de-liran-rockets-sur-israel\/","name":"Le conflit du Moyen-Orient s'est intensifi\u00e9: des coups lourds contre l'appareil de pouvoir de l'Iran - Rockets sur Isra\u00ebl | Vie Associative","isPartOf":{"@id":"https:\/\/vieassociative.be\/actualites\/#website"},"primaryImageOfPage":{"@id":"https:\/\/vieassociative.be\/actualites\/le-conflit-du-moyen-orient-sest-intensifie-des-coups-lourds-contre-lappareil-de-pouvoir-de-liran-rockets-sur-israel\/#primaryimage"},"image":{"@id":"https:\/\/vieassociative.be\/actualites\/le-conflit-du-moyen-orient-sest-intensifie-des-coups-lourds-contre-lappareil-de-pouvoir-de-liran-rockets-sur-israel\/#primaryimage"},"thumbnailUrl":"https:\/\/vieassociative.be\/actualites\/wp-content\/uploads\/2025\/06\/1750062062_Le-conflit-du-Moyen-Orient-sest-intensifie-des-coups-lourds-contre.jpg","datePublished":"2025-06-16T08:21:01+00:00","dateModified":"2025-06-16T08:21:01+00:00","breadcrumb":{"@id":"https:\/\/vieassociative.be\/actualites\/le-conflit-du-moyen-orient-sest-intensifie-des-coups-lourds-contre-lappareil-de-pouvoir-de-liran-rockets-sur-israel\/#breadcrumb"},"inLanguage":"fr-BE","potentialAction":[{"@type":"ReadAction","target":["https:\/\/vieassociative.be\/actualites\/le-conflit-du-moyen-orient-sest-intensifie-des-coups-lourds-contre-lappareil-de-pouvoir-de-liran-rockets-sur-israel\/"]}]},{"@type":"ImageObject","inLanguage":"fr-BE","@id":"https:\/\/vieassociative.be\/actualites\/le-conflit-du-moyen-orient-sest-intensifie-des-coups-lourds-contre-lappareil-de-pouvoir-de-liran-rockets-sur-israel\/#primaryimage","url":"https:\/\/vieassociative.be\/actualites\/wp-content\/uploads\/2025\/06\/1750062062_Le-conflit-du-Moyen-Orient-sest-intensifie-des-coups-lourds-contre.jpg","contentUrl":"https:\/\/vieassociative.be\/actualites\/wp-content\/uploads\/2025\/06\/1750062062_Le-conflit-du-Moyen-Orient-sest-intensifie-des-coups-lourds-contre.jpg","width":1200,"height":794,"caption":"Le conflit du Moyen-Orient s'est intensifi\u00e9: des coups lourds contre l'appareil de pouvoir de l'Iran - Rockets sur Isra\u00ebl"},{"@type":"BreadcrumbList","@id":"https:\/\/vieassociative.be\/actualites\/le-conflit-du-moyen-orient-sest-intensifie-des-coups-lourds-contre-lappareil-de-pouvoir-de-liran-rockets-sur-israel\/#breadcrumb","itemListElement":[{"@type":"ListItem","position":1,"name":"Accueil","item":"https:\/\/vieassociative.be\/actualites\/"},{"@type":"ListItem","position":2,"name":"Le conflit du Moyen-Orient s&rsquo;est intensifi\u00e9: des coups lourds contre l&rsquo;appareil de pouvoir de l&rsquo;Iran &#8211; Rockets sur Isra\u00ebl"}]},{"@type":"WebSite","@id":"https:\/\/vieassociative.be\/actualites\/#website","url":"https:\/\/vieassociative.be\/actualites\/","name":"Vie Associative","description":"","publisher":{"@id":"https:\/\/vieassociative.be\/actualites\/#organization"},"potentialAction":[{"@type":"SearchAction","target":{"@type":"EntryPoint","urlTemplate":"https:\/\/vieassociative.be\/actualites\/?s={search_term_string}"},"query-input":{"@type":"PropertyValueSpecification","valueRequired":true,"valueName":"search_term_string"}}],"inLanguage":"fr-BE"},{"@type":"Organization","@id":"https:\/\/vieassociative.be\/actualites\/#organization","name":"Vie Associative","url":"https:\/\/vieassociative.be\/actualites\/","logo":{"@type":"ImageObject","inLanguage":"fr-BE","@id":"https:\/\/vieassociative.be\/actualites\/#\/schema\/logo\/image\/","url":"https:\/\/vieassociative.be\/actualites\/wp-content\/uploads\/2024\/09\/cropped-vieassociative_favicon.ico.png","contentUrl":"https:\/\/vieassociative.be\/actualites\/wp-content\/uploads\/2024\/09\/cropped-vieassociative_favicon.ico.png","width":512,"height":512,"caption":"Vie Associative"},"image":{"@id":"https:\/\/vieassociative.be\/actualites\/#\/schema\/logo\/image\/"}},{"@type":"Person","@id":"https:\/\/vieassociative.be\/actualites\/#\/schema\/person\/b87ac4f82f9d4e7b7cec7395b679edc4","name":"Julien","image":{"@type":"ImageObject","inLanguage":"fr-BE","@id":"https:\/\/vieassociative.be\/actualites\/#\/schema\/person\/image\/","url":"https:\/\/vieassociative.be\/actualites\/wp-content\/uploads\/2024\/09\/vie-associative-1-150x150.jpg","contentUrl":"https:\/\/vieassociative.be\/actualites\/wp-content\/uploads\/2024\/09\/vie-associative-1-150x150.jpg","caption":"Julien"},"description":"Je suis Julien, r\u00e9dacteur pour Vie Associative. Passionn\u00e9 par le monde associatif depuis plus de 10 ans, j'ai \u00e0 c\u0153ur de partager des histoires inspirantes et de mettre en lumi\u00e8re les initiatives locales. Mon objectif est de sensibiliser et d'encourager l'engagement communautaire \u00e0 travers mes articles.","sameAs":["https:\/\/vieassociative.be\/"]}]}},"_links":{"self":[{"href":"https:\/\/vieassociative.be\/actualites\/wp-json\/wp\/v2\/posts\/8215"}],"collection":[{"href":"https:\/\/vieassociative.be\/actualites\/wp-json\/wp\/v2\/posts"}],"about":[{"href":"https:\/\/vieassociative.be\/actualites\/wp-json\/wp\/v2\/types\/post"}],"author":[{"embeddable":true,"href":"https:\/\/vieassociative.be\/actualites\/wp-json\/wp\/v2\/users\/1"}],"replies":[{"embeddable":true,"href":"https:\/\/vieassociative.be\/actualites\/wp-json\/wp\/v2\/comments?post=8215"}],"version-history":[{"count":0,"href":"https:\/\/vieassociative.be\/actualites\/wp-json\/wp\/v2\/posts\/8215\/revisions"}],"wp:featuredmedia":[{"embeddable":true,"href":"https:\/\/vieassociative.be\/actualites\/wp-json\/wp\/v2\/media\/8216"}],"wp:attachment":[{"href":"https:\/\/vieassociative.be\/actualites\/wp-json\/wp\/v2\/media?parent=8215"}],"wp:term":[{"taxonomy":"category","embeddable":true,"href":"https:\/\/vieassociative.be\/actualites\/wp-json\/wp\/v2\/categories?post=8215"},{"taxonomy":"post_tag","embeddable":true,"href":"https:\/\/vieassociative.be\/actualites\/wp-json\/wp\/v2\/tags?post=8215"}],"curies":[{"name":"wp","href":"https:\/\/api.w.org\/{rel}","templated":true}]}}