{"id":8213,"date":"2025-06-16T09:18:19","date_gmt":"2025-06-16T07:18:19","guid":{"rendered":"https:\/\/vieassociative.be\/actualites\/ce-nest-pas-seulement-vous-beaucoup-de-sites-et-de-services-sont-en-panne\/"},"modified":"2025-06-16T09:18:19","modified_gmt":"2025-06-16T07:18:19","slug":"ce-nest-pas-seulement-vous-beaucoup-de-sites-et-de-services-sont-en-panne","status":"publish","type":"post","link":"https:\/\/vieassociative.be\/actualites\/ce-nest-pas-seulement-vous-beaucoup-de-sites-et-de-services-sont-en-panne\/","title":{"rendered":"Ce n&rsquo;est pas seulement vous, beaucoup de sites et de services sont en panne"},"content":{"rendered":"<div class=\"mt-4 leading-6 md:mb-8\">Des services comme Google souffrent de pannes.<\/div>\n<p><\/p>\n<p>Si vous trouvez certains sites Web lents ou totalement insensibles, vous n&rsquo;\u00eates pas seul. Une grande partie d&rsquo;Internet est actuellement affect\u00e9e par des pannes. <\/p>\n<p>Downdector, un site qui suit les rapports des utilisateurs de pannes de site, rapporte des dizaines de sites et services qui sont touch\u00e9s d&rsquo;une mani\u00e8re ou d&rsquo;une autre. Ces plateformes ex\u00e9cutent certainement la gamme: il y a des jeux, y compris <em>Ligue de fus\u00e9e<\/em>, <em>Pok\u00e9mon Go<\/em>et <em>Dragon ballon<\/em>; Services de streaming dont Paramount +; r\u00e9seaux cellulaires comme Verizon et T-Mobile; et un certain nombre de plates-formes Google, y compris Gmail et Google Maps.<\/p>\n<p>Bien que Downdector ait \u00e9num\u00e9r\u00e9 CloudFlare et Amazon Web Services dans le cadre de la panne, il n&rsquo;est pas clair que ces services eux-m\u00eames ont \u00e9t\u00e9 affect\u00e9s. Selon un porte-parole, les seuls services CloudFlare concern\u00e9s \u00e9taient ceux qui utilisaient les services d&rsquo;h\u00e9bergement de Google. Pendant ce temps, un porte-parole d&rsquo;Amazon me dit qu&rsquo;aucun de ses services n&rsquo;a \u00e9t\u00e9 affect\u00e9 et que vous pouvez v\u00e9rifier sa sant\u00e9 de service ici. Une version pr\u00e9c\u00e9dente de cet article a rapport\u00e9 que ces deux services ont \u00e9t\u00e9 affect\u00e9s.   <\/p>\n<p>Vous pouvez voir ces sites sur la premi\u00e8re page de Downdector. Bien que la liste change fr\u00e9quemment, voici o\u00f9 se trouvent actuellement les choses: <\/p>\n<div class=\"pogoClear relative my-10 border-b-(1.5px) border-t-(1.5px) border-dashed border-black py-5 sm:my-14 sm:border-0 sm:py-0\" data-ga-click data-ga-template=\"News\" data-ga-module=\"openweb_widget\" data-ga-element=\"openweb_scroll\" data-ga-item=\"openweb_scroll_midpage\" x-data=\"{\n         commentsCount: null,\n         hasComments: false,\n         async fetchCommentsCount() {\n             try {\n                 if (window.openweb &amp;&amp; typeof window.openweb.getMessagesCount === 'function') {\n                     this.commentsCount = await window.openweb.getMessagesCount('01JXJSQSX646C7ZTSEXXAZYPQX');\n                     this.hasComments = this.commentsCount !== null &amp;&amp; this.commentsCount &gt; 0;\n                 }\n             } catch (e) {\n                 console.warn('Failed to fetch comment count:', e);\n             }\n         }\n     }\" x-init=\"fetchCommentsCount()\" x-cloak><\/p>\n<div class=\"absolute top-1\/2 hidden w-full -translate-y-1\/2 border-t-(1.5px) border-dashed border-black sm:block\"><\/div>\n<div class=\"relative flex justify-center\">\n<div class=\"flex max-w-fit items-center gap-x-3 bg-white px-5\">\n<div class=\"relative\">\n                <span class=\"absolute left-1\/2 top-1\/2 -translate-x-1\/2 -translate-y-1\/2 font-akshar text-sm font-medium text-black\" aria-live=\"polite\" x-show=\"hasComments\" x-text=\"commentsCount\"><\/span><\/p>\n<p>                <svg class=\"h-8 w-8 text-black\" role=\"img\" aria-hidden=\"true\">\n                    <use href=\"http:\/\/lifehacker.com\/images\/icons\/spritemap.svg#sprite-chat-bubble\"><\/use>\n                <\/svg>\n            <\/div>\n<p>            <span class=\"text-sm font-medium text-black\"><\/p>\n<p>                Que pensez-vous jusqu&rsquo;\u00e0 pr\u00e9sent?<br \/>\n                <button class=\"ml-1 font-semibold text-brand-green underline hover:text-brand-green-700\" type=\"button\" aria-label=\"Comment section trigger\" onclick=\"window.openweb.scrollToComments('01JXJSQSX646C7ZTSEXXAZYPQX')\" x-text=\"hasComments ? 'Post a comment.' : 'Be the first to post a comment.'\"><\/button><br \/>\n            <\/span>\n        <\/div>\n<\/p><\/div>\n<\/div>\n<ul>\n<li>\n<p>Spotify<\/p>\n<\/li>\n<li>\n<p>Google Cloud<\/p>\n<\/li>\n<li>\n<p>Discorde<\/p>\n<\/li>\n<li>\n<p>Google<\/p>\n<\/li>\n<li>\n<p>Google Rencontre<\/p>\n<\/li>\n<li>\n<p>Amazon Web Services (Amazon conteste ceci)<\/p>\n<\/li>\n<li>\n<p>Snapchat<\/p>\n<\/li>\n<li>\n<p>Caract\u00e8re<\/p>\n<\/li>\n<li>\n<p><em>Jeu de cartes \u00e0 \u00e9changer Pok\u00e9mon <\/em><\/p>\n<\/li>\n<li>\n<p>Cloudflare<\/p>\n<\/li>\n<li>\n<p>Fubotv<\/p>\n<\/li>\n<li>\n<p><em>Ligue de fus\u00e9e<\/em><\/p>\n<\/li>\n<li>\n<p>Vimeo<\/p>\n<\/li>\n<li>\n<p>Etsy<\/p>\n<\/li>\n<li>\n<p>Hauts<\/p>\n<\/li>\n<li>\n<p>Bo\u00eete<\/p>\n<\/li>\n<li>\n<p>Google Nest<\/p>\n<\/li>\n<li>\n<p>Haut niveau<\/p>\n<\/li>\n<li>\n<p>Mailchimp<\/p>\n<\/li>\n<li>\n<p>Microsoft Azure<\/p>\n<\/li>\n<li>\n<p>Faire du shoprif<\/p>\n<\/li>\n<li>\n<p>Verizon<\/p>\n<\/li>\n<li>\n<p>Pav\u00e9<\/p>\n<\/li>\n<li>\n<p>NPM<\/p>\n<\/li>\n<li>\n<p>T-mobile<\/p>\n<\/li>\n<li>\n<p>Curseur<\/p>\n<\/li>\n<li>\n<p><em>Pok\u00e9mon Go<\/em><\/p>\n<\/li>\n<li>\n<p>Youtube<\/p>\n<\/li>\n<li>\n<p>AT&#038;T<\/p>\n<\/li>\n<li>\n<p>Openai<\/p>\n<\/li>\n<li>\n<p>Ecobee<\/p>\n<\/li>\n<li>\n<p>Gmail<\/p>\n<\/li>\n<li>\n<p><em>Phasmophobie<\/em><\/p>\n<\/li>\n<li>\n<p><em>Dragon ballon<\/em><\/p>\n<\/li>\n<li>\n<p>Microsoft 365<\/p>\n<\/li>\n<li>\n<p>Doordash<\/p>\n<\/li>\n<li>\n<p>Zoom <\/p>\n<\/li>\n<li>\n<p>MLB TV<\/p>\n<\/li>\n<\/ul>\n<p>Ces sites et services r\u00e9pertori\u00e9s ici sont bas\u00e9s sur des rapports d&rsquo;utilisateurs se plaignant de pannes ou de connexions lentes. En tant que tels, ils peuvent changer avec le temps. Si vous remarquez des probl\u00e8mes avec un site non r\u00e9pertori\u00e9 ici, vous pouvez le saisir dans Downdector pour afficher ses rapports d&rsquo;atterrissage des 24 derni\u00e8res heures, ainsi que pour vous rapporter votre propre rapport. (Remarque: Ziff Davis, la soci\u00e9t\u00e9 m\u00e8re de Vie Associative, poss\u00e8de \u00e9galement Downdector.)    <\/p>\n","protected":false},"excerpt":{"rendered":"<p>Des services comme Google souffrent de pannes. Si vous trouvez certains sites Web lents ou totalement insensibles, vous n&rsquo;\u00eates pas seul. Une grande partie d&rsquo;Internet<\/p>\n","protected":false},"author":1,"featured_media":8214,"comment_status":"","ping_status":"","sticky":false,"template":"","format":"standard","meta":{"footnotes":""},"categories":[13],"tags":[1118,1082,1137,126,1427,2583,1418,18,4],"class_list":["post-8213","post","type-post","status-publish","format-standard","has-post-thumbnail","hentry","category-technologie","tag-beaucoup","tag-nest","tag-panne","tag-pas","tag-services","tag-seulement","tag-sites","tag-sont","tag-vous","generate-columns","tablet-grid-50","mobile-grid-100","grid-parent","grid-33"],"yoast_head":"<!-- This site is optimized with the Yoast SEO plugin v24.0 - https:\/\/yoast.com\/wordpress\/plugins\/seo\/ -->\n<title>Ce n&#039;est pas seulement vous, beaucoup de sites et de services sont en panne | Vie Associative<\/title>\n<meta name=\"robots\" content=\"index, follow, max-snippet:-1, max-image-preview:large, max-video-preview:-1\" \/>\n<link rel=\"canonical\" href=\"https:\/\/vieassociative.be\/actualites\/ce-nest-pas-seulement-vous-beaucoup-de-sites-et-de-services-sont-en-panne\/\" \/>\n<meta property=\"og:locale\" content=\"fr_FR\" \/>\n<meta property=\"og:type\" content=\"article\" \/>\n<meta property=\"og:title\" content=\"Ce n&#039;est pas seulement vous, beaucoup de sites et de services sont en panne | Vie Associative\" \/>\n<meta property=\"og:description\" content=\"Des services comme Google souffrent de pannes. Si vous trouvez certains sites Web lents ou totalement insensibles, vous n&rsquo;\u00eates pas seul. Une grande partie d&rsquo;Internet\" \/>\n<meta property=\"og:url\" content=\"https:\/\/vieassociative.be\/actualites\/ce-nest-pas-seulement-vous-beaucoup-de-sites-et-de-services-sont-en-panne\/\" \/>\n<meta property=\"og:site_name\" content=\"Vie Associative\" \/>\n<meta property=\"article:published_time\" content=\"2025-06-16T07:18:19+00:00\" \/>\n<meta property=\"og:image\" content=\"https:\/\/vieassociative.be\/actualites\/wp-content\/uploads\/2024\/09\/header_backgroundk-01-e1726694325946.png\" \/>\n\t<meta property=\"og:image:width\" content=\"279\" \/>\n\t<meta property=\"og:image:height\" content=\"92\" \/>\n\t<meta property=\"og:image:type\" content=\"image\/png\" \/>\n<meta name=\"author\" content=\"Julien\" \/>\n<meta name=\"twitter:card\" content=\"summary_large_image\" \/>\n<meta name=\"twitter:label1\" content=\"\u00c9crit par\" \/>\n\t<meta name=\"twitter:data1\" content=\"Julien\" \/>\n\t<meta name=\"twitter:label2\" content=\"Dur\u00e9e de lecture est.\" \/>\n\t<meta name=\"twitter:data2\" content=\"2 minutes\" \/>\n<script type=\"application\/ld+json\" class=\"yoast-schema-graph\">{\"@context\":\"https:\/\/schema.org\",\"@graph\":[{\"@type\":\"Article\",\"@id\":\"https:\/\/vieassociative.be\/actualites\/ce-nest-pas-seulement-vous-beaucoup-de-sites-et-de-services-sont-en-panne\/#article\",\"isPartOf\":{\"@id\":\"https:\/\/vieassociative.be\/actualites\/ce-nest-pas-seulement-vous-beaucoup-de-sites-et-de-services-sont-en-panne\/\"},\"author\":{\"name\":\"Julien\",\"@id\":\"https:\/\/vieassociative.be\/actualites\/#\/schema\/person\/b87ac4f82f9d4e7b7cec7395b679edc4\"},\"headline\":\"Ce n&rsquo;est pas seulement vous, beaucoup de sites et de services sont en panne\",\"datePublished\":\"2025-06-16T07:18:19+00:00\",\"dateModified\":\"2025-06-16T07:18:19+00:00\",\"mainEntityOfPage\":{\"@id\":\"https:\/\/vieassociative.be\/actualites\/ce-nest-pas-seulement-vous-beaucoup-de-sites-et-de-services-sont-en-panne\/\"},\"wordCount\":409,\"publisher\":{\"@id\":\"https:\/\/vieassociative.be\/actualites\/#organization\"},\"image\":{\"@id\":\"https:\/\/vieassociative.be\/actualites\/ce-nest-pas-seulement-vous-beaucoup-de-sites-et-de-services-sont-en-panne\/#primaryimage\"},\"thumbnailUrl\":\"https:\/\/vieassociative.be\/actualites\/wp-content\/uploads\/2025\/06\/Ce-nest-pas-seulement-vous-beaucoup-de-sites-et-de.jpg\",\"keywords\":[\"beaucoup\",\"nest\",\"panne\",\"pas\",\"services\",\"seulement\",\"sites\",\"sont\",\"Vous\"],\"articleSection\":[\"Technologie\"],\"inLanguage\":\"fr-BE\"},{\"@type\":\"WebPage\",\"@id\":\"https:\/\/vieassociative.be\/actualites\/ce-nest-pas-seulement-vous-beaucoup-de-sites-et-de-services-sont-en-panne\/\",\"url\":\"https:\/\/vieassociative.be\/actualites\/ce-nest-pas-seulement-vous-beaucoup-de-sites-et-de-services-sont-en-panne\/\",\"name\":\"Ce n'est pas seulement vous, beaucoup de sites et de services sont en panne | Vie Associative\",\"isPartOf\":{\"@id\":\"https:\/\/vieassociative.be\/actualites\/#website\"},\"primaryImageOfPage\":{\"@id\":\"https:\/\/vieassociative.be\/actualites\/ce-nest-pas-seulement-vous-beaucoup-de-sites-et-de-services-sont-en-panne\/#primaryimage\"},\"image\":{\"@id\":\"https:\/\/vieassociative.be\/actualites\/ce-nest-pas-seulement-vous-beaucoup-de-sites-et-de-services-sont-en-panne\/#primaryimage\"},\"thumbnailUrl\":\"https:\/\/vieassociative.be\/actualites\/wp-content\/uploads\/2025\/06\/Ce-nest-pas-seulement-vous-beaucoup-de-sites-et-de.jpg\",\"datePublished\":\"2025-06-16T07:18:19+00:00\",\"dateModified\":\"2025-06-16T07:18:19+00:00\",\"breadcrumb\":{\"@id\":\"https:\/\/vieassociative.be\/actualites\/ce-nest-pas-seulement-vous-beaucoup-de-sites-et-de-services-sont-en-panne\/#breadcrumb\"},\"inLanguage\":\"fr-BE\",\"potentialAction\":[{\"@type\":\"ReadAction\",\"target\":[\"https:\/\/vieassociative.be\/actualites\/ce-nest-pas-seulement-vous-beaucoup-de-sites-et-de-services-sont-en-panne\/\"]}]},{\"@type\":\"ImageObject\",\"inLanguage\":\"fr-BE\",\"@id\":\"https:\/\/vieassociative.be\/actualites\/ce-nest-pas-seulement-vous-beaucoup-de-sites-et-de-services-sont-en-panne\/#primaryimage\",\"url\":\"https:\/\/vieassociative.be\/actualites\/wp-content\/uploads\/2025\/06\/Ce-nest-pas-seulement-vous-beaucoup-de-sites-et-de.jpg\",\"contentUrl\":\"https:\/\/vieassociative.be\/actualites\/wp-content\/uploads\/2025\/06\/Ce-nest-pas-seulement-vous-beaucoup-de-sites-et-de.jpg\",\"width\":1200,\"height\":675,\"caption\":\"Ce n'est pas seulement vous, beaucoup de sites et de services sont en panne\"},{\"@type\":\"BreadcrumbList\",\"@id\":\"https:\/\/vieassociative.be\/actualites\/ce-nest-pas-seulement-vous-beaucoup-de-sites-et-de-services-sont-en-panne\/#breadcrumb\",\"itemListElement\":[{\"@type\":\"ListItem\",\"position\":1,\"name\":\"Accueil\",\"item\":\"https:\/\/vieassociative.be\/actualites\/\"},{\"@type\":\"ListItem\",\"position\":2,\"name\":\"Ce n&rsquo;est pas seulement vous, beaucoup de sites et de services sont en panne\"}]},{\"@type\":\"WebSite\",\"@id\":\"https:\/\/vieassociative.be\/actualites\/#website\",\"url\":\"https:\/\/vieassociative.be\/actualites\/\",\"name\":\"Vie Associative\",\"description\":\"\",\"publisher\":{\"@id\":\"https:\/\/vieassociative.be\/actualites\/#organization\"},\"potentialAction\":[{\"@type\":\"SearchAction\",\"target\":{\"@type\":\"EntryPoint\",\"urlTemplate\":\"https:\/\/vieassociative.be\/actualites\/?s={search_term_string}\"},\"query-input\":{\"@type\":\"PropertyValueSpecification\",\"valueRequired\":true,\"valueName\":\"search_term_string\"}}],\"inLanguage\":\"fr-BE\"},{\"@type\":\"Organization\",\"@id\":\"https:\/\/vieassociative.be\/actualites\/#organization\",\"name\":\"Vie Associative\",\"url\":\"https:\/\/vieassociative.be\/actualites\/\",\"logo\":{\"@type\":\"ImageObject\",\"inLanguage\":\"fr-BE\",\"@id\":\"https:\/\/vieassociative.be\/actualites\/#\/schema\/logo\/image\/\",\"url\":\"https:\/\/vieassociative.be\/actualites\/wp-content\/uploads\/2024\/09\/cropped-vieassociative_favicon.ico.png\",\"contentUrl\":\"https:\/\/vieassociative.be\/actualites\/wp-content\/uploads\/2024\/09\/cropped-vieassociative_favicon.ico.png\",\"width\":512,\"height\":512,\"caption\":\"Vie Associative\"},\"image\":{\"@id\":\"https:\/\/vieassociative.be\/actualites\/#\/schema\/logo\/image\/\"}},{\"@type\":\"Person\",\"@id\":\"https:\/\/vieassociative.be\/actualites\/#\/schema\/person\/b87ac4f82f9d4e7b7cec7395b679edc4\",\"name\":\"Julien\",\"image\":{\"@type\":\"ImageObject\",\"inLanguage\":\"fr-BE\",\"@id\":\"https:\/\/vieassociative.be\/actualites\/#\/schema\/person\/image\/\",\"url\":\"https:\/\/vieassociative.be\/actualites\/wp-content\/uploads\/2024\/09\/vie-associative-1-150x150.jpg\",\"contentUrl\":\"https:\/\/vieassociative.be\/actualites\/wp-content\/uploads\/2024\/09\/vie-associative-1-150x150.jpg\",\"caption\":\"Julien\"},\"description\":\"Je suis Julien, r\u00e9dacteur pour Vie Associative. Passionn\u00e9 par le monde associatif depuis plus de 10 ans, j'ai \u00e0 c\u0153ur de partager des histoires inspirantes et de mettre en lumi\u00e8re les initiatives locales. Mon objectif est de sensibiliser et d'encourager l'engagement communautaire \u00e0 travers mes articles.\",\"sameAs\":[\"https:\/\/vieassociative.be\/\"]}]}<\/script>\n<!-- \/ Yoast SEO plugin. -->","yoast_head_json":{"title":"Ce n'est pas seulement vous, beaucoup de sites et de services sont en panne | Vie Associative","robots":{"index":"index","follow":"follow","max-snippet":"max-snippet:-1","max-image-preview":"max-image-preview:large","max-video-preview":"max-video-preview:-1"},"canonical":"https:\/\/vieassociative.be\/actualites\/ce-nest-pas-seulement-vous-beaucoup-de-sites-et-de-services-sont-en-panne\/","og_locale":"fr_FR","og_type":"article","og_title":"Ce n'est pas seulement vous, beaucoup de sites et de services sont en panne | Vie Associative","og_description":"Des services comme Google souffrent de pannes. Si vous trouvez certains sites Web lents ou totalement insensibles, vous n&rsquo;\u00eates pas seul. Une grande partie d&rsquo;Internet","og_url":"https:\/\/vieassociative.be\/actualites\/ce-nest-pas-seulement-vous-beaucoup-de-sites-et-de-services-sont-en-panne\/","og_site_name":"Vie Associative","article_published_time":"2025-06-16T07:18:19+00:00","og_image":[{"width":279,"height":92,"url":"https:\/\/vieassociative.be\/actualites\/wp-content\/uploads\/2024\/09\/header_backgroundk-01-e1726694325946.png","type":"image\/png"}],"author":"Julien","twitter_card":"summary_large_image","twitter_misc":{"\u00c9crit par":"Julien","Dur\u00e9e de lecture est.":"2 minutes"},"schema":{"@context":"https:\/\/schema.org","@graph":[{"@type":"Article","@id":"https:\/\/vieassociative.be\/actualites\/ce-nest-pas-seulement-vous-beaucoup-de-sites-et-de-services-sont-en-panne\/#article","isPartOf":{"@id":"https:\/\/vieassociative.be\/actualites\/ce-nest-pas-seulement-vous-beaucoup-de-sites-et-de-services-sont-en-panne\/"},"author":{"name":"Julien","@id":"https:\/\/vieassociative.be\/actualites\/#\/schema\/person\/b87ac4f82f9d4e7b7cec7395b679edc4"},"headline":"Ce n&rsquo;est pas seulement vous, beaucoup de sites et de services sont en panne","datePublished":"2025-06-16T07:18:19+00:00","dateModified":"2025-06-16T07:18:19+00:00","mainEntityOfPage":{"@id":"https:\/\/vieassociative.be\/actualites\/ce-nest-pas-seulement-vous-beaucoup-de-sites-et-de-services-sont-en-panne\/"},"wordCount":409,"publisher":{"@id":"https:\/\/vieassociative.be\/actualites\/#organization"},"image":{"@id":"https:\/\/vieassociative.be\/actualites\/ce-nest-pas-seulement-vous-beaucoup-de-sites-et-de-services-sont-en-panne\/#primaryimage"},"thumbnailUrl":"https:\/\/vieassociative.be\/actualites\/wp-content\/uploads\/2025\/06\/Ce-nest-pas-seulement-vous-beaucoup-de-sites-et-de.jpg","keywords":["beaucoup","nest","panne","pas","services","seulement","sites","sont","Vous"],"articleSection":["Technologie"],"inLanguage":"fr-BE"},{"@type":"WebPage","@id":"https:\/\/vieassociative.be\/actualites\/ce-nest-pas-seulement-vous-beaucoup-de-sites-et-de-services-sont-en-panne\/","url":"https:\/\/vieassociative.be\/actualites\/ce-nest-pas-seulement-vous-beaucoup-de-sites-et-de-services-sont-en-panne\/","name":"Ce n'est pas seulement vous, beaucoup de sites et de services sont en panne | Vie Associative","isPartOf":{"@id":"https:\/\/vieassociative.be\/actualites\/#website"},"primaryImageOfPage":{"@id":"https:\/\/vieassociative.be\/actualites\/ce-nest-pas-seulement-vous-beaucoup-de-sites-et-de-services-sont-en-panne\/#primaryimage"},"image":{"@id":"https:\/\/vieassociative.be\/actualites\/ce-nest-pas-seulement-vous-beaucoup-de-sites-et-de-services-sont-en-panne\/#primaryimage"},"thumbnailUrl":"https:\/\/vieassociative.be\/actualites\/wp-content\/uploads\/2025\/06\/Ce-nest-pas-seulement-vous-beaucoup-de-sites-et-de.jpg","datePublished":"2025-06-16T07:18:19+00:00","dateModified":"2025-06-16T07:18:19+00:00","breadcrumb":{"@id":"https:\/\/vieassociative.be\/actualites\/ce-nest-pas-seulement-vous-beaucoup-de-sites-et-de-services-sont-en-panne\/#breadcrumb"},"inLanguage":"fr-BE","potentialAction":[{"@type":"ReadAction","target":["https:\/\/vieassociative.be\/actualites\/ce-nest-pas-seulement-vous-beaucoup-de-sites-et-de-services-sont-en-panne\/"]}]},{"@type":"ImageObject","inLanguage":"fr-BE","@id":"https:\/\/vieassociative.be\/actualites\/ce-nest-pas-seulement-vous-beaucoup-de-sites-et-de-services-sont-en-panne\/#primaryimage","url":"https:\/\/vieassociative.be\/actualites\/wp-content\/uploads\/2025\/06\/Ce-nest-pas-seulement-vous-beaucoup-de-sites-et-de.jpg","contentUrl":"https:\/\/vieassociative.be\/actualites\/wp-content\/uploads\/2025\/06\/Ce-nest-pas-seulement-vous-beaucoup-de-sites-et-de.jpg","width":1200,"height":675,"caption":"Ce n'est pas seulement vous, beaucoup de sites et de services sont en panne"},{"@type":"BreadcrumbList","@id":"https:\/\/vieassociative.be\/actualites\/ce-nest-pas-seulement-vous-beaucoup-de-sites-et-de-services-sont-en-panne\/#breadcrumb","itemListElement":[{"@type":"ListItem","position":1,"name":"Accueil","item":"https:\/\/vieassociative.be\/actualites\/"},{"@type":"ListItem","position":2,"name":"Ce n&rsquo;est pas seulement vous, beaucoup de sites et de services sont en panne"}]},{"@type":"WebSite","@id":"https:\/\/vieassociative.be\/actualites\/#website","url":"https:\/\/vieassociative.be\/actualites\/","name":"Vie Associative","description":"","publisher":{"@id":"https:\/\/vieassociative.be\/actualites\/#organization"},"potentialAction":[{"@type":"SearchAction","target":{"@type":"EntryPoint","urlTemplate":"https:\/\/vieassociative.be\/actualites\/?s={search_term_string}"},"query-input":{"@type":"PropertyValueSpecification","valueRequired":true,"valueName":"search_term_string"}}],"inLanguage":"fr-BE"},{"@type":"Organization","@id":"https:\/\/vieassociative.be\/actualites\/#organization","name":"Vie Associative","url":"https:\/\/vieassociative.be\/actualites\/","logo":{"@type":"ImageObject","inLanguage":"fr-BE","@id":"https:\/\/vieassociative.be\/actualites\/#\/schema\/logo\/image\/","url":"https:\/\/vieassociative.be\/actualites\/wp-content\/uploads\/2024\/09\/cropped-vieassociative_favicon.ico.png","contentUrl":"https:\/\/vieassociative.be\/actualites\/wp-content\/uploads\/2024\/09\/cropped-vieassociative_favicon.ico.png","width":512,"height":512,"caption":"Vie Associative"},"image":{"@id":"https:\/\/vieassociative.be\/actualites\/#\/schema\/logo\/image\/"}},{"@type":"Person","@id":"https:\/\/vieassociative.be\/actualites\/#\/schema\/person\/b87ac4f82f9d4e7b7cec7395b679edc4","name":"Julien","image":{"@type":"ImageObject","inLanguage":"fr-BE","@id":"https:\/\/vieassociative.be\/actualites\/#\/schema\/person\/image\/","url":"https:\/\/vieassociative.be\/actualites\/wp-content\/uploads\/2024\/09\/vie-associative-1-150x150.jpg","contentUrl":"https:\/\/vieassociative.be\/actualites\/wp-content\/uploads\/2024\/09\/vie-associative-1-150x150.jpg","caption":"Julien"},"description":"Je suis Julien, r\u00e9dacteur pour Vie Associative. Passionn\u00e9 par le monde associatif depuis plus de 10 ans, j'ai \u00e0 c\u0153ur de partager des histoires inspirantes et de mettre en lumi\u00e8re les initiatives locales. Mon objectif est de sensibiliser et d'encourager l'engagement communautaire \u00e0 travers mes articles.","sameAs":["https:\/\/vieassociative.be\/"]}]}},"_links":{"self":[{"href":"https:\/\/vieassociative.be\/actualites\/wp-json\/wp\/v2\/posts\/8213"}],"collection":[{"href":"https:\/\/vieassociative.be\/actualites\/wp-json\/wp\/v2\/posts"}],"about":[{"href":"https:\/\/vieassociative.be\/actualites\/wp-json\/wp\/v2\/types\/post"}],"author":[{"embeddable":true,"href":"https:\/\/vieassociative.be\/actualites\/wp-json\/wp\/v2\/users\/1"}],"replies":[{"embeddable":true,"href":"https:\/\/vieassociative.be\/actualites\/wp-json\/wp\/v2\/comments?post=8213"}],"version-history":[{"count":0,"href":"https:\/\/vieassociative.be\/actualites\/wp-json\/wp\/v2\/posts\/8213\/revisions"}],"wp:featuredmedia":[{"embeddable":true,"href":"https:\/\/vieassociative.be\/actualites\/wp-json\/wp\/v2\/media\/8214"}],"wp:attachment":[{"href":"https:\/\/vieassociative.be\/actualites\/wp-json\/wp\/v2\/media?parent=8213"}],"wp:term":[{"taxonomy":"category","embeddable":true,"href":"https:\/\/vieassociative.be\/actualites\/wp-json\/wp\/v2\/categories?post=8213"},{"taxonomy":"post_tag","embeddable":true,"href":"https:\/\/vieassociative.be\/actualites\/wp-json\/wp\/v2\/tags?post=8213"}],"curies":[{"name":"wp","href":"https:\/\/api.w.org\/{rel}","templated":true}]}}