{"id":8210,"date":"2025-06-16T03:17:44","date_gmt":"2025-06-16T01:17:44","guid":{"rendered":"https:\/\/vieassociative.be\/actualites\/comment-creer-un-jardin-parfaitement-amenage\/"},"modified":"2025-06-16T03:17:44","modified_gmt":"2025-06-16T01:17:44","slug":"comment-creer-un-jardin-parfaitement-amenage","status":"publish","type":"post","link":"https:\/\/vieassociative.be\/actualites\/comment-creer-un-jardin-parfaitement-amenage\/","title":{"rendered":"Comment cr\u00e9er un jardin parfaitement am\u00e9nag\u00e9"},"content":{"rendered":"<div class=\"mt-4 leading-6 md:mb-8\">Un jardin ordonn\u00e9 de plantes uniform\u00e9ment espac\u00e9s en blocs et rang\u00e9es est r\u00e9alisable.<\/div>\n<p><\/p>\n<p>Il n&rsquo;y a pas un moyen id\u00e9al pour disposer de votre jardin. Les jardiniers peuvent opter pour un jardin du chaos, o\u00f9 tout pousse sauvagement ensemble, ou un jardin plac\u00e9 par des compagnies, o\u00f9 de nombreux types de l\u00e9gumes et de fleurs sont entrecoup\u00e9s. Certaines personnes, cependant, veulent un jardin sym\u00e9trique parfaitement am\u00e9nag\u00e9, avec des lignes droites de l\u00e9gumes parfaitement espac\u00e9s en rang\u00e9es. Pour ces personnes, voici deux fa\u00e7ons d&rsquo;y parvenir.  <\/p>\n<h2 id=\"seeding-using-a-seed-square\">Se dans l&rsquo;utilisation d&rsquo;un carr\u00e9 de graines<\/h2>\n<div class=\"pogoClear mb-12 mt-10 rounded-md border-2 border-gray-100 py-7 shadow-xl md:py-6\">\n<div class=\"flex flex-wrap justify-between px-7 text-black no-underline md:flex-nowrap md:px-8\">\n<div class=\"order-1 mx-auto flex flex-col justify-center md:order-2 md:ml-4 md:w-full md:grow\">\n<div class=\"block cursor-pointer text-center font-akshar text-2xl font-medium leading-7 text-brand-green duration-200 ease-in-out hover:text-brand-green-700 md:text-left md:text-xl md:leading-6\">Carr\u00e9 de semis\n                <\/div>\n<div class=\"mt-4 hidden md:flex md:justify-between\">\n<div class=\"self-end\">\n<div class=\"mb-0 h-11 md:flex md:flex-col md:justify-center\">\n<div class=\" font-sans leading-4 text-black\">\n<div class=\"flex flex-wrap items-center justify-center gap-x-1 md:justify-start\">\n        <span class=\"font-bold\"><\/p>\n<p>            29,95 $<br \/>\n                            <span class=\"font-medium\">\u00e0 Amazon<\/span><br \/>\n                    <\/span><br \/>\n                    <img decoding=\"async\" class=\"mt-0 h-(15px)\" src=\"https:\/\/vieassociative.be\/actualites\/wp-content\/uploads\/2025\/06\/Comment-creer-un-jardin-parfaitement-amenage.svg.svg+xml\" title=\"Amazon Prime\" alt=\"Amazon Prime\">\n            <\/div>\n<\/p><\/div>\n<\/p><\/div>\n<\/p><\/div>\n<div class=\"w-44 self-end\">\n                            <button class=\"flex justify-center items-center w-full bg-brand-green text-white text-base font-sans font-medium rounded-md hover:bg-brand-green-700 hover:cursor-pointer md:text-sm h-11\"><\/p>\n<p>    Faire un magasin maintenant<br \/>\n<\/button>\n                        <\/div>\n<\/p><\/div>\n<\/p><\/div>\n<div class=\"order-2 mt-5 h-auto w-full md:order-1 md:mt-0 md:hidden\">\n<div class=\"flex aspect-video items-center justify-center\">\n                                            <img decoding=\"async\" class=\"m-0 max-h-full max-w-full rounded-md\" src=\"https:\/\/vieassociative.be\/actualites\/wp-content\/uploads\/2025\/06\/Comment-creer-un-jardin-parfaitement-amenage.jpg\" alt=\"Square carr\u00e9 - outil d'espaceur de graines pour la r\u00e9colte maximale, les plantes organis\u00e9es et moins les mauvaises herbes - le jardin du pied carr\u00e9 comprend des mod\u00e8les cod\u00e9s en couleur, un dibber magn\u00e9tique, une r\u00e8gle, une cuill\u00e8re et un guide de plantation\" width=\"auto\" height=\"auto\" loading=\"lazy\">\n                                    <\/div>\n<\/p><\/div>\n<div class=\"order-2 ml-2 hidden w-32 shrink-0 items-center md:order-1 md:ml-0 md:flex\">\n<div class=\"flex aspect-video items-center justify-center\">\n                                            <img decoding=\"async\" class=\"m-0 max-h-full max-w-full rounded-md\" src=\"https:\/\/vieassociative.be\/actualites\/wp-content\/uploads\/2025\/06\/Comment-creer-un-jardin-parfaitement-amenage.jpg\" alt=\"Square carr\u00e9 - outil d'espaceur de graines pour la r\u00e9colte maximale, les plantes organis\u00e9es et moins les mauvaises herbes - le jardin du pied carr\u00e9 comprend des mod\u00e8les cod\u00e9s en couleur, un dibber magn\u00e9tique, une r\u00e8gle, une cuill\u00e8re et un guide de plantation\" width=\"auto\" height=\"auto\" loading=\"lazy\">\n                                    <\/div>\n<\/p><\/div>\n<div class=\"order-3 flex grow flex-wrap md:hidden md:grow-0\">\n<div class=\"mt-4 w-full\">\n                        <button class=\"flex justify-center items-center w-full bg-brand-green text-white text-base font-sans font-medium rounded-md hover:bg-brand-green-700 hover:cursor-pointer md:text-sm h-11\"><\/p>\n<p>    Faire un magasin maintenant<br \/>\n<\/button>\n                    <\/div>\n<div class=\"mx-2 mt-4 w-full\">\n<div class=\" font-sans leading-4 text-black\">\n<div class=\"flex flex-wrap items-center justify-center gap-x-1 md:justify-start\">\n        <span class=\"font-bold\"><\/p>\n<p>            29,95 $<br \/>\n                            <span class=\"font-medium\">\u00e0 Amazon<\/span><br \/>\n                    <\/span><br \/>\n                    <img decoding=\"async\" class=\"mt-0 h-(15px)\" src=\"https:\/\/vieassociative.be\/actualites\/wp-content\/uploads\/2025\/06\/Comment-creer-un-jardin-parfaitement-amenage.svg.svg+xml\" title=\"Amazon Prime\" alt=\"Amazon Prime\">\n            <\/div>\n<\/p><\/div>\n<\/p><\/div>\n<\/p><\/div>\n<\/p><\/div>\n<\/div>\n<p>La plantation de graines est le moyen le plus efficace de cultiver de nombreux l\u00e9gumes, comme les radis, les betteraves, le kohlrabi et les navets, mais les graines sont parfaitement \u00e0 l&rsquo;espace. Entrez dans un carr\u00e9 de graines. Une grille en plastique avec des trous parfaitement espac\u00e9s dans une vari\u00e9t\u00e9 de motifs, le carr\u00e9 est plac\u00e9 dans votre lit de jardin et vous poussez les graines dans les trous du motif que vous souhaitez r\u00e9aliser. Ceux-ci doivent correspondre \u00e0 l&rsquo;espacement recommand\u00e9 sur le paquet de graines, mais la plupart des l\u00e9gumes que je viens de nommer ont le m\u00eame espacement recommand\u00e9: deux \u00e0 trois pouces entre les graines. Assurez-vous de placer deux \u00e0 trois graines dans chaque trou, dans l&rsquo;espoir qu&rsquo;au moins un germe. Vous pouvez toujours r\u00e9duire les semis plus tard. <\/p>\n<div class=\"eloquent-imagery-image\">\n<div class=\"flex justify-center\">\n                    <img decoding=\"async\" class=\"border border-gray-100\" src=\"https:\/\/vieassociative.be\/actualites\/wp-content\/uploads\/2025\/06\/1750036663_586_Comment-creer-un-jardin-parfaitement-amenage.jpg\" alt=\"Carr\u00e9 de semis\" width=\"2000\" height=\"1500\" loading=\"lazy\"  >\n            <\/div>\n<\/p><\/div>\n<p>Les carr\u00e9s de graines ne sont pas chers, mais vous pouvez faire le v\u00f4tre en utilisant un morceau de carton. Dessinez une grille sur un morceau de carton d&rsquo;un pied par un pied. Utilisez un punch de trou ou AWL pour faire des trous en motifs sym\u00e9triques sur le carton. Vous pouvez peindre le carr\u00e9 pour vous aider \u00e0 noter facilement les motifs pendant la plantation du jardin. <\/p>\n<p>Si vous jardiz au pied, vous pouvez utiliser le carr\u00e9 de graines pour planter plusieurs l\u00e9gumes diff\u00e9rents dans chaque pied carr\u00e9 d&rsquo;espace dans votre jardin. En les pr\u00e9sentant avec le carr\u00e9 de graines, m\u00eame diff\u00e9rents l\u00e9gumes se d\u00e9veloppent selon un motif structur\u00e9. <\/p>\n<p>Vous n&rsquo;avez pas non plus \u00e0 r\u00e9p\u00e9ter le m\u00eame motif dans un lit de jardin. Vous pouvez consacrer une partie de l&rsquo;ensemble du lit \u00e0 semis de motif, ou m\u00e9langer le motif du pied carr\u00e9 au pied carr\u00e9. <\/p>\n<div class=\"pogoClear relative my-10 border-b-(1.5px) border-t-(1.5px) border-dashed border-black py-5 sm:my-14 sm:border-0 sm:py-0\" data-ga-click data-ga-template=\"Explainers\" data-ga-module=\"openweb_widget\" data-ga-element=\"openweb_scroll\" data-ga-item=\"openweb_scroll_midpage\" x-data=\"{\n         commentsCount: null,\n         hasComments: false,\n         async fetchCommentsCount() {\n             try {\n                 if (window.openweb &amp;&amp; typeof window.openweb.getMessagesCount === 'function') {\n                     this.commentsCount = await window.openweb.getMessagesCount('01JXHTQCBTGMQA4G0WX4WBNT7W');\n                     this.hasComments = this.commentsCount !== null &amp;&amp; this.commentsCount &gt; 0;\n                 }\n             } catch (e) {\n                 console.warn('Failed to fetch comment count:', e);\n             }\n         }\n     }\" x-init=\"fetchCommentsCount()\" x-cloak><\/p>\n<div class=\"absolute top-1\/2 hidden w-full -translate-y-1\/2 border-t-(1.5px) border-dashed border-black sm:block\"><\/div>\n<div class=\"relative flex justify-center\">\n<div class=\"flex max-w-fit items-center gap-x-3 bg-white px-5\">\n<div class=\"relative\">\n                <span class=\"absolute left-1\/2 top-1\/2 -translate-x-1\/2 -translate-y-1\/2 font-akshar text-sm font-medium text-black\" aria-live=\"polite\" x-show=\"hasComments\" x-text=\"commentsCount\"><\/span><\/p>\n<p>                <svg class=\"h-8 w-8 text-black\" role=\"img\" aria-hidden=\"true\">\n                    <use href=\"http:\/\/lifehacker.com\/images\/icons\/spritemap.svg#sprite-chat-bubble\"><\/use>\n                <\/svg>\n            <\/div>\n<p>            <span class=\"text-sm font-medium text-black\"><\/p>\n<p>                Que pensez-vous jusqu&rsquo;\u00e0 pr\u00e9sent?<br \/>\n                <button class=\"ml-1 font-semibold text-brand-green underline hover:text-brand-green-700\" type=\"button\" aria-label=\"Comment section trigger\" onclick=\"window.openweb.scrollToComments('01JXHTQCBTGMQA4G0WX4WBNT7W')\" x-text=\"hasComments ? 'Post a comment.' : 'Be the first to post a comment.'\"><\/button><br \/>\n            <\/span>\n        <\/div>\n<\/p><\/div>\n<\/div>\n<h2 id=\"planting-in-a-grid-using-seedlings\">Planter dans une grille en utilisant des semis<\/h2>\n<div class=\"eloquent-imagery-image\">\n<div class=\"flex justify-center\">\n                    <img decoding=\"async\" class=\"border border-gray-100\" src=\"https:\/\/vieassociative.be\/actualites\/wp-content\/uploads\/2025\/06\/1750036664_963_Comment-creer-un-jardin-parfaitement-amenage.jpg\" alt=\"Ma\u00efs plant\u00e9 sur une grille\" width=\"2000\" height=\"1698\" loading=\"lazy\"  >\n            <\/div>\n<\/p><\/div>\n<p>Si vous achetez des d\u00e9parts ou de la culture, il est plus facile de garder vos plantes dans une grille serr\u00e9e. Tout ce que vous avez \u00e0 faire est de plonger les d\u00e9parts dans le sol o\u00f9 vous les voulez &#8211; vous pouvez voir le motif lorsque vous plantez. Avec les semis, un carr\u00e9 de graines n&rsquo;aidera pas &#8211; les trous ne sont pas assez grands &#8211; il est donc pr\u00e9f\u00e9rable d&rsquo;utiliser un outil comme un morceau de PVC ou un crit\u00e8re pour disposer o\u00f9 ira les plantes. Utilisez le PVC ou le crit\u00e8re pour tracer des lignes dans la terre v\u00e9g\u00e9tale pour diviser le lit de jardin en grille. <\/p>\n<div class=\"eloquent-imagery-image\">\n<div class=\"flex justify-center\">\n                    <img decoding=\"async\" class=\"border border-gray-100\" src=\"https:\/\/vieassociative.be\/actualites\/wp-content\/uploads\/2025\/06\/1750036664_823_Comment-creer-un-jardin-parfaitement-amenage.jpg\" alt=\"Croquis de mise en page pour l'espacement des jardins\" width=\"2000\" height=\"1125\" loading=\"lazy\"  >\n            <\/div>\n<\/p><\/div>\n<p>Comme pour le carr\u00e9 de graines, vous pouvez esquisser la disposition \u00e0 l&rsquo;avance, mais g\u00e9n\u00e9ralement, vous voulez garder des blocs de lignes &#8211; un bloc pour chaque l\u00e9gume. Les blocs n&rsquo;ont pas \u00e0 tous avoir le m\u00eame espacement, ni m\u00eame aller dans la m\u00eame direction. En maintenant la grille, votre jardin sera toujours propre et professionnel lorsque tout se d\u00e9veloppera.  <\/p>\n","protected":false},"excerpt":{"rendered":"<p>Un jardin ordonn\u00e9 de plantes uniform\u00e9ment espac\u00e9s en blocs et rang\u00e9es est r\u00e9alisable. Il n&rsquo;y a pas un moyen id\u00e9al pour disposer de votre jardin.<\/p>\n","protected":false},"author":1,"featured_media":8211,"comment_status":"","ping_status":"","sticky":false,"template":"","format":"standard","meta":{"footnotes":""},"categories":[40],"tags":[7424,44,711,321,5347],"class_list":["post-8210","post","type-post","status-publish","format-standard","has-post-thumbnail","hentry","category-maison","tag-amenage","tag-comment","tag-creer","tag-jardin","tag-parfaitement","generate-columns","tablet-grid-50","mobile-grid-100","grid-parent","grid-33"],"yoast_head":"<!-- This site is optimized with the Yoast SEO plugin v24.0 - https:\/\/yoast.com\/wordpress\/plugins\/seo\/ -->\n<title>Comment cr\u00e9er un jardin parfaitement am\u00e9nag\u00e9 | Vie Associative<\/title>\n<meta name=\"robots\" content=\"index, follow, max-snippet:-1, max-image-preview:large, max-video-preview:-1\" \/>\n<link rel=\"canonical\" href=\"https:\/\/vieassociative.be\/actualites\/comment-creer-un-jardin-parfaitement-amenage\/\" \/>\n<meta property=\"og:locale\" content=\"fr_FR\" \/>\n<meta property=\"og:type\" content=\"article\" \/>\n<meta property=\"og:title\" content=\"Comment cr\u00e9er un jardin parfaitement am\u00e9nag\u00e9 | Vie Associative\" \/>\n<meta property=\"og:description\" content=\"Un jardin ordonn\u00e9 de plantes uniform\u00e9ment espac\u00e9s en blocs et rang\u00e9es est r\u00e9alisable. Il n&rsquo;y a pas un moyen id\u00e9al pour disposer de votre jardin.\" \/>\n<meta property=\"og:url\" content=\"https:\/\/vieassociative.be\/actualites\/comment-creer-un-jardin-parfaitement-amenage\/\" \/>\n<meta property=\"og:site_name\" content=\"Vie Associative\" \/>\n<meta property=\"article:published_time\" content=\"2025-06-16T01:17:44+00:00\" \/>\n<meta property=\"og:image\" content=\"https:\/\/vieassociative.be\/actualites\/wp-content\/uploads\/2025\/06\/Comment-creer-un-jardin-parfaitement-amenage.svg.svg+xml\" \/>\n<meta name=\"author\" content=\"Julien\" \/>\n<meta name=\"twitter:card\" content=\"summary_large_image\" \/>\n<meta name=\"twitter:label1\" content=\"\u00c9crit par\" \/>\n\t<meta name=\"twitter:data1\" content=\"Julien\" \/>\n\t<meta name=\"twitter:label2\" content=\"Dur\u00e9e de lecture est.\" \/>\n\t<meta name=\"twitter:data2\" content=\"3 minutes\" \/>\n<script type=\"application\/ld+json\" class=\"yoast-schema-graph\">{\"@context\":\"https:\/\/schema.org\",\"@graph\":[{\"@type\":\"Article\",\"@id\":\"https:\/\/vieassociative.be\/actualites\/comment-creer-un-jardin-parfaitement-amenage\/#article\",\"isPartOf\":{\"@id\":\"https:\/\/vieassociative.be\/actualites\/comment-creer-un-jardin-parfaitement-amenage\/\"},\"author\":{\"name\":\"Julien\",\"@id\":\"https:\/\/vieassociative.be\/actualites\/#\/schema\/person\/b87ac4f82f9d4e7b7cec7395b679edc4\"},\"headline\":\"Comment cr\u00e9er un jardin parfaitement am\u00e9nag\u00e9\",\"datePublished\":\"2025-06-16T01:17:44+00:00\",\"dateModified\":\"2025-06-16T01:17:44+00:00\",\"mainEntityOfPage\":{\"@id\":\"https:\/\/vieassociative.be\/actualites\/comment-creer-un-jardin-parfaitement-amenage\/\"},\"wordCount\":631,\"publisher\":{\"@id\":\"https:\/\/vieassociative.be\/actualites\/#organization\"},\"image\":{\"@id\":\"https:\/\/vieassociative.be\/actualites\/comment-creer-un-jardin-parfaitement-amenage\/#primaryimage\"},\"thumbnailUrl\":\"https:\/\/vieassociative.be\/actualites\/wp-content\/uploads\/2025\/06\/1750036665_Comment-creer-un-jardin-parfaitement-amenage.jpg\",\"keywords\":[\"am\u00e9nag\u00e9\",\"Comment\",\"cr\u00e9er\",\"jardin\",\"parfaitement\"],\"articleSection\":[\"Maison\"],\"inLanguage\":\"fr-BE\"},{\"@type\":\"WebPage\",\"@id\":\"https:\/\/vieassociative.be\/actualites\/comment-creer-un-jardin-parfaitement-amenage\/\",\"url\":\"https:\/\/vieassociative.be\/actualites\/comment-creer-un-jardin-parfaitement-amenage\/\",\"name\":\"Comment cr\u00e9er un jardin parfaitement am\u00e9nag\u00e9 | Vie Associative\",\"isPartOf\":{\"@id\":\"https:\/\/vieassociative.be\/actualites\/#website\"},\"primaryImageOfPage\":{\"@id\":\"https:\/\/vieassociative.be\/actualites\/comment-creer-un-jardin-parfaitement-amenage\/#primaryimage\"},\"image\":{\"@id\":\"https:\/\/vieassociative.be\/actualites\/comment-creer-un-jardin-parfaitement-amenage\/#primaryimage\"},\"thumbnailUrl\":\"https:\/\/vieassociative.be\/actualites\/wp-content\/uploads\/2025\/06\/1750036665_Comment-creer-un-jardin-parfaitement-amenage.jpg\",\"datePublished\":\"2025-06-16T01:17:44+00:00\",\"dateModified\":\"2025-06-16T01:17:44+00:00\",\"breadcrumb\":{\"@id\":\"https:\/\/vieassociative.be\/actualites\/comment-creer-un-jardin-parfaitement-amenage\/#breadcrumb\"},\"inLanguage\":\"fr-BE\",\"potentialAction\":[{\"@type\":\"ReadAction\",\"target\":[\"https:\/\/vieassociative.be\/actualites\/comment-creer-un-jardin-parfaitement-amenage\/\"]}]},{\"@type\":\"ImageObject\",\"inLanguage\":\"fr-BE\",\"@id\":\"https:\/\/vieassociative.be\/actualites\/comment-creer-un-jardin-parfaitement-amenage\/#primaryimage\",\"url\":\"https:\/\/vieassociative.be\/actualites\/wp-content\/uploads\/2025\/06\/1750036665_Comment-creer-un-jardin-parfaitement-amenage.jpg\",\"contentUrl\":\"https:\/\/vieassociative.be\/actualites\/wp-content\/uploads\/2025\/06\/1750036665_Comment-creer-un-jardin-parfaitement-amenage.jpg\",\"width\":1200,\"height\":675,\"caption\":\"Comment cr\u00e9er un jardin parfaitement am\u00e9nag\u00e9\"},{\"@type\":\"BreadcrumbList\",\"@id\":\"https:\/\/vieassociative.be\/actualites\/comment-creer-un-jardin-parfaitement-amenage\/#breadcrumb\",\"itemListElement\":[{\"@type\":\"ListItem\",\"position\":1,\"name\":\"Accueil\",\"item\":\"https:\/\/vieassociative.be\/actualites\/\"},{\"@type\":\"ListItem\",\"position\":2,\"name\":\"Comment cr\u00e9er un jardin parfaitement am\u00e9nag\u00e9\"}]},{\"@type\":\"WebSite\",\"@id\":\"https:\/\/vieassociative.be\/actualites\/#website\",\"url\":\"https:\/\/vieassociative.be\/actualites\/\",\"name\":\"Vie Associative\",\"description\":\"\",\"publisher\":{\"@id\":\"https:\/\/vieassociative.be\/actualites\/#organization\"},\"potentialAction\":[{\"@type\":\"SearchAction\",\"target\":{\"@type\":\"EntryPoint\",\"urlTemplate\":\"https:\/\/vieassociative.be\/actualites\/?s={search_term_string}\"},\"query-input\":{\"@type\":\"PropertyValueSpecification\",\"valueRequired\":true,\"valueName\":\"search_term_string\"}}],\"inLanguage\":\"fr-BE\"},{\"@type\":\"Organization\",\"@id\":\"https:\/\/vieassociative.be\/actualites\/#organization\",\"name\":\"Vie Associative\",\"url\":\"https:\/\/vieassociative.be\/actualites\/\",\"logo\":{\"@type\":\"ImageObject\",\"inLanguage\":\"fr-BE\",\"@id\":\"https:\/\/vieassociative.be\/actualites\/#\/schema\/logo\/image\/\",\"url\":\"https:\/\/vieassociative.be\/actualites\/wp-content\/uploads\/2024\/09\/cropped-vieassociative_favicon.ico.png\",\"contentUrl\":\"https:\/\/vieassociative.be\/actualites\/wp-content\/uploads\/2024\/09\/cropped-vieassociative_favicon.ico.png\",\"width\":512,\"height\":512,\"caption\":\"Vie Associative\"},\"image\":{\"@id\":\"https:\/\/vieassociative.be\/actualites\/#\/schema\/logo\/image\/\"}},{\"@type\":\"Person\",\"@id\":\"https:\/\/vieassociative.be\/actualites\/#\/schema\/person\/b87ac4f82f9d4e7b7cec7395b679edc4\",\"name\":\"Julien\",\"image\":{\"@type\":\"ImageObject\",\"inLanguage\":\"fr-BE\",\"@id\":\"https:\/\/vieassociative.be\/actualites\/#\/schema\/person\/image\/\",\"url\":\"https:\/\/vieassociative.be\/actualites\/wp-content\/uploads\/2024\/09\/vie-associative-1-150x150.jpg\",\"contentUrl\":\"https:\/\/vieassociative.be\/actualites\/wp-content\/uploads\/2024\/09\/vie-associative-1-150x150.jpg\",\"caption\":\"Julien\"},\"description\":\"Je suis Julien, r\u00e9dacteur pour Vie Associative. Passionn\u00e9 par le monde associatif depuis plus de 10 ans, j'ai \u00e0 c\u0153ur de partager des histoires inspirantes et de mettre en lumi\u00e8re les initiatives locales. Mon objectif est de sensibiliser et d'encourager l'engagement communautaire \u00e0 travers mes articles.\",\"sameAs\":[\"https:\/\/vieassociative.be\/\"]}]}<\/script>\n<!-- \/ Yoast SEO plugin. -->","yoast_head_json":{"title":"Comment cr\u00e9er un jardin parfaitement am\u00e9nag\u00e9 | Vie Associative","robots":{"index":"index","follow":"follow","max-snippet":"max-snippet:-1","max-image-preview":"max-image-preview:large","max-video-preview":"max-video-preview:-1"},"canonical":"https:\/\/vieassociative.be\/actualites\/comment-creer-un-jardin-parfaitement-amenage\/","og_locale":"fr_FR","og_type":"article","og_title":"Comment cr\u00e9er un jardin parfaitement am\u00e9nag\u00e9 | Vie Associative","og_description":"Un jardin ordonn\u00e9 de plantes uniform\u00e9ment espac\u00e9s en blocs et rang\u00e9es est r\u00e9alisable. Il n&rsquo;y a pas un moyen id\u00e9al pour disposer de votre jardin.","og_url":"https:\/\/vieassociative.be\/actualites\/comment-creer-un-jardin-parfaitement-amenage\/","og_site_name":"Vie Associative","article_published_time":"2025-06-16T01:17:44+00:00","og_image":[{"url":"https:\/\/vieassociative.be\/actualites\/wp-content\/uploads\/2025\/06\/Comment-creer-un-jardin-parfaitement-amenage.svg.svg+xml","type":"","width":"","height":""}],"author":"Julien","twitter_card":"summary_large_image","twitter_misc":{"\u00c9crit par":"Julien","Dur\u00e9e de lecture est.":"3 minutes"},"schema":{"@context":"https:\/\/schema.org","@graph":[{"@type":"Article","@id":"https:\/\/vieassociative.be\/actualites\/comment-creer-un-jardin-parfaitement-amenage\/#article","isPartOf":{"@id":"https:\/\/vieassociative.be\/actualites\/comment-creer-un-jardin-parfaitement-amenage\/"},"author":{"name":"Julien","@id":"https:\/\/vieassociative.be\/actualites\/#\/schema\/person\/b87ac4f82f9d4e7b7cec7395b679edc4"},"headline":"Comment cr\u00e9er un jardin parfaitement am\u00e9nag\u00e9","datePublished":"2025-06-16T01:17:44+00:00","dateModified":"2025-06-16T01:17:44+00:00","mainEntityOfPage":{"@id":"https:\/\/vieassociative.be\/actualites\/comment-creer-un-jardin-parfaitement-amenage\/"},"wordCount":631,"publisher":{"@id":"https:\/\/vieassociative.be\/actualites\/#organization"},"image":{"@id":"https:\/\/vieassociative.be\/actualites\/comment-creer-un-jardin-parfaitement-amenage\/#primaryimage"},"thumbnailUrl":"https:\/\/vieassociative.be\/actualites\/wp-content\/uploads\/2025\/06\/1750036665_Comment-creer-un-jardin-parfaitement-amenage.jpg","keywords":["am\u00e9nag\u00e9","Comment","cr\u00e9er","jardin","parfaitement"],"articleSection":["Maison"],"inLanguage":"fr-BE"},{"@type":"WebPage","@id":"https:\/\/vieassociative.be\/actualites\/comment-creer-un-jardin-parfaitement-amenage\/","url":"https:\/\/vieassociative.be\/actualites\/comment-creer-un-jardin-parfaitement-amenage\/","name":"Comment cr\u00e9er un jardin parfaitement am\u00e9nag\u00e9 | Vie Associative","isPartOf":{"@id":"https:\/\/vieassociative.be\/actualites\/#website"},"primaryImageOfPage":{"@id":"https:\/\/vieassociative.be\/actualites\/comment-creer-un-jardin-parfaitement-amenage\/#primaryimage"},"image":{"@id":"https:\/\/vieassociative.be\/actualites\/comment-creer-un-jardin-parfaitement-amenage\/#primaryimage"},"thumbnailUrl":"https:\/\/vieassociative.be\/actualites\/wp-content\/uploads\/2025\/06\/1750036665_Comment-creer-un-jardin-parfaitement-amenage.jpg","datePublished":"2025-06-16T01:17:44+00:00","dateModified":"2025-06-16T01:17:44+00:00","breadcrumb":{"@id":"https:\/\/vieassociative.be\/actualites\/comment-creer-un-jardin-parfaitement-amenage\/#breadcrumb"},"inLanguage":"fr-BE","potentialAction":[{"@type":"ReadAction","target":["https:\/\/vieassociative.be\/actualites\/comment-creer-un-jardin-parfaitement-amenage\/"]}]},{"@type":"ImageObject","inLanguage":"fr-BE","@id":"https:\/\/vieassociative.be\/actualites\/comment-creer-un-jardin-parfaitement-amenage\/#primaryimage","url":"https:\/\/vieassociative.be\/actualites\/wp-content\/uploads\/2025\/06\/1750036665_Comment-creer-un-jardin-parfaitement-amenage.jpg","contentUrl":"https:\/\/vieassociative.be\/actualites\/wp-content\/uploads\/2025\/06\/1750036665_Comment-creer-un-jardin-parfaitement-amenage.jpg","width":1200,"height":675,"caption":"Comment cr\u00e9er un jardin parfaitement am\u00e9nag\u00e9"},{"@type":"BreadcrumbList","@id":"https:\/\/vieassociative.be\/actualites\/comment-creer-un-jardin-parfaitement-amenage\/#breadcrumb","itemListElement":[{"@type":"ListItem","position":1,"name":"Accueil","item":"https:\/\/vieassociative.be\/actualites\/"},{"@type":"ListItem","position":2,"name":"Comment cr\u00e9er un jardin parfaitement am\u00e9nag\u00e9"}]},{"@type":"WebSite","@id":"https:\/\/vieassociative.be\/actualites\/#website","url":"https:\/\/vieassociative.be\/actualites\/","name":"Vie Associative","description":"","publisher":{"@id":"https:\/\/vieassociative.be\/actualites\/#organization"},"potentialAction":[{"@type":"SearchAction","target":{"@type":"EntryPoint","urlTemplate":"https:\/\/vieassociative.be\/actualites\/?s={search_term_string}"},"query-input":{"@type":"PropertyValueSpecification","valueRequired":true,"valueName":"search_term_string"}}],"inLanguage":"fr-BE"},{"@type":"Organization","@id":"https:\/\/vieassociative.be\/actualites\/#organization","name":"Vie Associative","url":"https:\/\/vieassociative.be\/actualites\/","logo":{"@type":"ImageObject","inLanguage":"fr-BE","@id":"https:\/\/vieassociative.be\/actualites\/#\/schema\/logo\/image\/","url":"https:\/\/vieassociative.be\/actualites\/wp-content\/uploads\/2024\/09\/cropped-vieassociative_favicon.ico.png","contentUrl":"https:\/\/vieassociative.be\/actualites\/wp-content\/uploads\/2024\/09\/cropped-vieassociative_favicon.ico.png","width":512,"height":512,"caption":"Vie Associative"},"image":{"@id":"https:\/\/vieassociative.be\/actualites\/#\/schema\/logo\/image\/"}},{"@type":"Person","@id":"https:\/\/vieassociative.be\/actualites\/#\/schema\/person\/b87ac4f82f9d4e7b7cec7395b679edc4","name":"Julien","image":{"@type":"ImageObject","inLanguage":"fr-BE","@id":"https:\/\/vieassociative.be\/actualites\/#\/schema\/person\/image\/","url":"https:\/\/vieassociative.be\/actualites\/wp-content\/uploads\/2024\/09\/vie-associative-1-150x150.jpg","contentUrl":"https:\/\/vieassociative.be\/actualites\/wp-content\/uploads\/2024\/09\/vie-associative-1-150x150.jpg","caption":"Julien"},"description":"Je suis Julien, r\u00e9dacteur pour Vie Associative. Passionn\u00e9 par le monde associatif depuis plus de 10 ans, j'ai \u00e0 c\u0153ur de partager des histoires inspirantes et de mettre en lumi\u00e8re les initiatives locales. Mon objectif est de sensibiliser et d'encourager l'engagement communautaire \u00e0 travers mes articles.","sameAs":["https:\/\/vieassociative.be\/"]}]}},"_links":{"self":[{"href":"https:\/\/vieassociative.be\/actualites\/wp-json\/wp\/v2\/posts\/8210"}],"collection":[{"href":"https:\/\/vieassociative.be\/actualites\/wp-json\/wp\/v2\/posts"}],"about":[{"href":"https:\/\/vieassociative.be\/actualites\/wp-json\/wp\/v2\/types\/post"}],"author":[{"embeddable":true,"href":"https:\/\/vieassociative.be\/actualites\/wp-json\/wp\/v2\/users\/1"}],"replies":[{"embeddable":true,"href":"https:\/\/vieassociative.be\/actualites\/wp-json\/wp\/v2\/comments?post=8210"}],"version-history":[{"count":0,"href":"https:\/\/vieassociative.be\/actualites\/wp-json\/wp\/v2\/posts\/8210\/revisions"}],"wp:featuredmedia":[{"embeddable":true,"href":"https:\/\/vieassociative.be\/actualites\/wp-json\/wp\/v2\/media\/8211"}],"wp:attachment":[{"href":"https:\/\/vieassociative.be\/actualites\/wp-json\/wp\/v2\/media?parent=8210"}],"wp:term":[{"taxonomy":"category","embeddable":true,"href":"https:\/\/vieassociative.be\/actualites\/wp-json\/wp\/v2\/categories?post=8210"},{"taxonomy":"post_tag","embeddable":true,"href":"https:\/\/vieassociative.be\/actualites\/wp-json\/wp\/v2\/tags?post=8210"}],"curies":[{"name":"wp","href":"https:\/\/api.w.org\/{rel}","templated":true}]}}