{"id":8208,"date":"2025-06-15T22:17:21","date_gmt":"2025-06-15T20:17:21","guid":{"rendered":"https:\/\/vieassociative.be\/actualites\/10-0-bayern-munich-commence-par-le-tourbe-de-tourbe-en-coup-de-club\/"},"modified":"2025-06-15T22:17:21","modified_gmt":"2025-06-15T20:17:21","slug":"10-0-bayern-munich-commence-par-le-tourbe-de-tourbe-en-coup-de-club","status":"publish","type":"post","link":"https:\/\/vieassociative.be\/actualites\/10-0-bayern-munich-commence-par-le-tourbe-de-tourbe-en-coup-de-club\/","title":{"rendered":"10: 0-Bayern Munich commence par le tourbe de tourbe en Coup de club"},"content":{"rendered":"<p><strong>Apr\u00e8s la victoire de 10: 0 du Bayern du FC dans la chaleur de midi de Cincinnati, Jamal Musiala &#038; Co. a applaudi les botteaux de passe-temps d\u00e9sesp\u00e9r\u00e9ment d\u00e9pass\u00e9s d&rsquo;Auckland City. Les N\u00e9o-Z\u00e9landais attendaient avec impatience les maillots des professionnels du football tr\u00e8s r\u00e9mun\u00e9r\u00e9s de Munich apr\u00e8s le coup de sifflet final d&rsquo;un match qui a r\u00e9v\u00e9l\u00e9 au moins une diff\u00e9rence de cinq classes entre les deux \u00e9quipes.<\/strong><\/p>\n<p><span id=\"more-417802\"><\/span>Musiala, qui a brill\u00e9 avec trois buts de Joker au Torveestival, a pos\u00e9 plus tard avec le ballon pour des photos, puis est all\u00e9 dans la cabine avec l&rsquo;\u00e9quipement de jeu.<\/p>\n<p>\u00ab\u00a0Nous n&rsquo;avons pas besoin de louanges, juste du travail fait, de se produire s\u00e9rieusement\u00a0\u00bb, a d\u00e9clar\u00e9 l&rsquo;entra\u00eeneur Vincent Kompany apr\u00e8s le Zehnerpack. \u00ab\u00a0Lorsqu&rsquo;une \u00e9quipe est profonde, ce n&rsquo;est pas bien s\u00fbr que vous marquiez dix buts contre eux.\u00a0\u00bb Cela pourrait encore devenir important pour la diff\u00e9rence d&rsquo;objectifs dans le groupe.<\/p>\n<div id=\"attachment_417804\" class=\"wp-caption alignleft\" style=\"max-width: 300px\"><img fetchpriority=\"high\" decoding=\"async\" class=\"wp-image-417804 size-medium\" src=\"https:\/\/vieassociative.be\/actualites\/wp-content\/uploads\/2025\/06\/10-0-Bayern-Munich-commence-par-le-tourbe-de-tourbe-en.jpg\" alt=\"\" width=\"300\" height=\"197\"><\/p>\n<p class=\"wp-caption-text\">15.06.2025, \u00c9tats-Unis, Cincinnati: Adam Aznou et Aucklands Myyer Bevan de Bavaria. Photo: Sven Hoppe \/ DPA<\/p>\n<\/div>\n<p>Ce n&rsquo;\u00e9tait rien de plus qu&rsquo;un \u00e9chauffement l\u00e2che pour le champion allemand de record de football qui veut jouer pour le titre \u00e0 la First Club World Cup dans le nouveau format XXL avec 32 \u00e9quipes. Il est d\u00e9j\u00e0 clair qu&rsquo;en plus de la Bavi\u00e8re, seuls les Boca Juniors d&rsquo;Argentine et les champions record du Portugal Benfica Lisbonne sont \u00e9ligibles pour les deux premi\u00e8res places du groupe C.<\/p>\n<p>Les professionnels de Munich de la petite sc\u00e8ne TQL transpiraient le plus devant 21 152 spectateurs lors des nombreuses c\u00e9l\u00e9brations de but. D\u00e9j\u00e0 \u00e0 la pause, la moiti\u00e9 de la douzaine apr\u00e8s les buts de Kingsley Coman (6e \/ 21e minute), Sacha Boey (18e), Michael Olise (20.\/45.+3) et la l\u00e9gende du Bayern Thomas M\u00fcller (44.) c\u00e9l\u00e9br\u00e9 par le public \u00e9taient pleins.<\/p>\n<p><strong>&#8211; Hatt Trick of Musiala lors du retour:<\/strong> Apr\u00e8s la pause, l&rsquo;\u00e9quipe de Munich a pris le pied de la p\u00e9dale d&rsquo;acc\u00e9l\u00e9rateur un peu. L&rsquo;entreprise a chang\u00e9 plusieurs fois. Jamal Musiala est \u00e9galement venu. Et le magicien a imm\u00e9diatement frapp\u00e9 son retour apr\u00e8s une blessure musculaire avec un Schlenzer (68e), du point de p\u00e9nalit\u00e9 (73.) puis dans la surface de p\u00e9nalit\u00e9 pour un truc de chapeau (84e). M\u00fcller l&rsquo;a ensuite fait double-num\u00e9rique (89e). (DPA)<\/p>\n<p><em><strong>Sur le sujet, voir \u00e9galement l&rsquo;article suivant sur OD:<\/strong><\/em><\/p>\n<div class=\"responsive-embed widescreen\">\n<blockquote class=\"wp-embedded-content\" data-secret=\"vyWv4TCYOQ\">\n<p>63 Jeux et 1 milliard de dollars: la chose la plus importante \u00e0 propos de la Coupe du monde Club Now Beginning aux \u00c9tats-Unis (questions et r\u00e9ponses)<\/p>\n<\/blockquote>\n<p><iframe loading=\"lazy\" class=\"wp-embedded-content\" sandbox=\"allow-scripts\" security=\"restricted\" style=\"position: absolute; visibility: hidden;\" title=\"\u201e63 Spiele und 1 Milliarde US-Dollar: Das Wichtigste zur jetzt beginnenden Club-WM in den USA (Fragen &amp; Antworten)\u201c \u2014 Ostbelgien Direkt\" src=\"https:\/\/ostbelgiendirekt.be\/about:blank\" data-secret=\"vyWv4TCYOQ\" width=\"500\" height=\"282\" frameborder=\"0\" marginwidth=\"0\" marginheight=\"0\" scrolling=\"no\" data-rocket-lazyload=\"fitvidscompatible\" data-lazy-src=\"https:\/\/ostbelgiendirekt.be\/das-wichtigste-zur-club-wm-2025-417725\/embed#?secret=2nfsplPQkL#?secret=vyWv4TCYOQ\"><\/iframe><noscript><iframe class=\"wp-embedded-content\" sandbox=\"allow-scripts\" security=\"restricted\" style=\"position: absolute; visibility: hidden;\" title=\"\u201e63 Spiele und 1 Milliarde US-Dollar: Das Wichtigste zur jetzt beginnenden Club-WM in den USA (Fragen &amp; Antworten)\u201c \u2014 Ostbelgien Direkt\" src=\"https:\/\/ostbelgiendirekt.be\/das-wichtigste-zur-club-wm-2025-417725\/embed#?secret=2nfsplPQkL#?secret=vyWv4TCYOQ\" data-secret=\"vyWv4TCYOQ\" width=\"500\" height=\"282\" frameborder=\"0\" marginwidth=\"0\" marginheight=\"0\" scrolling=\"no\"><\/iframe><\/noscript><\/p>\n<\/div>\n","protected":false},"excerpt":{"rendered":"<p>Apr\u00e8s la victoire de 10: 0 du Bayern du FC dans la chaleur de midi de Cincinnati, Jamal Musiala &#038; Co. a applaudi les botteaux<\/p>\n","protected":false},"author":1,"featured_media":8209,"comment_status":"","ping_status":"","sticky":false,"template":"","format":"standard","meta":{"footnotes":""},"categories":[298],"tags":[7422,269,1051,418,3449,676,7423],"class_list":["post-8208","post","type-post","status-publish","format-standard","has-post-thumbnail","hentry","category-belgique","tag-0bayern","tag-club","tag-commence","tag-coup","tag-munich","tag-par","tag-tourbe","generate-columns","tablet-grid-50","mobile-grid-100","grid-parent","grid-33"],"yoast_head":"<!-- This site is optimized with the Yoast SEO plugin v24.0 - https:\/\/yoast.com\/wordpress\/plugins\/seo\/ -->\n<title>10: 0-Bayern Munich commence par le tourbe de tourbe en Coup de club | Vie Associative<\/title>\n<meta name=\"robots\" content=\"index, follow, max-snippet:-1, max-image-preview:large, max-video-preview:-1\" \/>\n<link rel=\"canonical\" href=\"https:\/\/vieassociative.be\/actualites\/10-0-bayern-munich-commence-par-le-tourbe-de-tourbe-en-coup-de-club\/\" \/>\n<meta property=\"og:locale\" content=\"fr_FR\" \/>\n<meta property=\"og:type\" content=\"article\" \/>\n<meta property=\"og:title\" content=\"10: 0-Bayern Munich commence par le tourbe de tourbe en Coup de club | Vie Associative\" \/>\n<meta property=\"og:description\" content=\"Apr\u00e8s la victoire de 10: 0 du Bayern du FC dans la chaleur de midi de Cincinnati, Jamal Musiala &#038; Co. a applaudi les botteaux\" \/>\n<meta property=\"og:url\" content=\"https:\/\/vieassociative.be\/actualites\/10-0-bayern-munich-commence-par-le-tourbe-de-tourbe-en-coup-de-club\/\" \/>\n<meta property=\"og:site_name\" content=\"Vie Associative\" \/>\n<meta property=\"article:published_time\" content=\"2025-06-15T20:17:21+00:00\" \/>\n<meta property=\"og:image\" content=\"https:\/\/vieassociative.be\/actualites\/wp-content\/uploads\/2024\/09\/header_backgroundk-01-e1726694325946.png\" \/>\n\t<meta property=\"og:image:width\" content=\"279\" \/>\n\t<meta property=\"og:image:height\" content=\"92\" \/>\n\t<meta property=\"og:image:type\" content=\"image\/png\" \/>\n<meta name=\"author\" content=\"Julien\" \/>\n<meta name=\"twitter:card\" content=\"summary_large_image\" \/>\n<meta name=\"twitter:label1\" content=\"\u00c9crit par\" \/>\n\t<meta name=\"twitter:data1\" content=\"Julien\" \/>\n\t<meta name=\"twitter:label2\" content=\"Dur\u00e9e de lecture est.\" \/>\n\t<meta name=\"twitter:data2\" content=\"2 minutes\" \/>\n<script type=\"application\/ld+json\" class=\"yoast-schema-graph\">{\"@context\":\"https:\/\/schema.org\",\"@graph\":[{\"@type\":\"Article\",\"@id\":\"https:\/\/vieassociative.be\/actualites\/10-0-bayern-munich-commence-par-le-tourbe-de-tourbe-en-coup-de-club\/#article\",\"isPartOf\":{\"@id\":\"https:\/\/vieassociative.be\/actualites\/10-0-bayern-munich-commence-par-le-tourbe-de-tourbe-en-coup-de-club\/\"},\"author\":{\"name\":\"Julien\",\"@id\":\"https:\/\/vieassociative.be\/actualites\/#\/schema\/person\/b87ac4f82f9d4e7b7cec7395b679edc4\"},\"headline\":\"10: 0-Bayern Munich commence par le tourbe de tourbe en Coup de club\",\"datePublished\":\"2025-06-15T20:17:21+00:00\",\"dateModified\":\"2025-06-15T20:17:21+00:00\",\"mainEntityOfPage\":{\"@id\":\"https:\/\/vieassociative.be\/actualites\/10-0-bayern-munich-commence-par-le-tourbe-de-tourbe-en-coup-de-club\/\"},\"wordCount\":462,\"publisher\":{\"@id\":\"https:\/\/vieassociative.be\/actualites\/#organization\"},\"image\":{\"@id\":\"https:\/\/vieassociative.be\/actualites\/10-0-bayern-munich-commence-par-le-tourbe-de-tourbe-en-coup-de-club\/#primaryimage\"},\"thumbnailUrl\":\"https:\/\/vieassociative.be\/actualites\/wp-content\/uploads\/2025\/06\/1750018641_10-0-Bayern-Munich-commence-par-le-tourbe-de-tourbe-en.jpg\",\"keywords\":[\"0Bayern\",\"Club\",\"commenc\u00e9\",\"coup\",\"Munich\",\"par\",\"tourbe\"],\"articleSection\":[\"Belgique\"],\"inLanguage\":\"fr-BE\"},{\"@type\":\"WebPage\",\"@id\":\"https:\/\/vieassociative.be\/actualites\/10-0-bayern-munich-commence-par-le-tourbe-de-tourbe-en-coup-de-club\/\",\"url\":\"https:\/\/vieassociative.be\/actualites\/10-0-bayern-munich-commence-par-le-tourbe-de-tourbe-en-coup-de-club\/\",\"name\":\"10: 0-Bayern Munich commence par le tourbe de tourbe en Coup de club | Vie Associative\",\"isPartOf\":{\"@id\":\"https:\/\/vieassociative.be\/actualites\/#website\"},\"primaryImageOfPage\":{\"@id\":\"https:\/\/vieassociative.be\/actualites\/10-0-bayern-munich-commence-par-le-tourbe-de-tourbe-en-coup-de-club\/#primaryimage\"},\"image\":{\"@id\":\"https:\/\/vieassociative.be\/actualites\/10-0-bayern-munich-commence-par-le-tourbe-de-tourbe-en-coup-de-club\/#primaryimage\"},\"thumbnailUrl\":\"https:\/\/vieassociative.be\/actualites\/wp-content\/uploads\/2025\/06\/1750018641_10-0-Bayern-Munich-commence-par-le-tourbe-de-tourbe-en.jpg\",\"datePublished\":\"2025-06-15T20:17:21+00:00\",\"dateModified\":\"2025-06-15T20:17:21+00:00\",\"breadcrumb\":{\"@id\":\"https:\/\/vieassociative.be\/actualites\/10-0-bayern-munich-commence-par-le-tourbe-de-tourbe-en-coup-de-club\/#breadcrumb\"},\"inLanguage\":\"fr-BE\",\"potentialAction\":[{\"@type\":\"ReadAction\",\"target\":[\"https:\/\/vieassociative.be\/actualites\/10-0-bayern-munich-commence-par-le-tourbe-de-tourbe-en-coup-de-club\/\"]}]},{\"@type\":\"ImageObject\",\"inLanguage\":\"fr-BE\",\"@id\":\"https:\/\/vieassociative.be\/actualites\/10-0-bayern-munich-commence-par-le-tourbe-de-tourbe-en-coup-de-club\/#primaryimage\",\"url\":\"https:\/\/vieassociative.be\/actualites\/wp-content\/uploads\/2025\/06\/1750018641_10-0-Bayern-Munich-commence-par-le-tourbe-de-tourbe-en.jpg\",\"contentUrl\":\"https:\/\/vieassociative.be\/actualites\/wp-content\/uploads\/2025\/06\/1750018641_10-0-Bayern-Munich-commence-par-le-tourbe-de-tourbe-en.jpg\",\"width\":1200,\"height\":697,\"caption\":\"10: 0-Bayern Munich commence par le tourbe de tourbe en Coup de club\"},{\"@type\":\"BreadcrumbList\",\"@id\":\"https:\/\/vieassociative.be\/actualites\/10-0-bayern-munich-commence-par-le-tourbe-de-tourbe-en-coup-de-club\/#breadcrumb\",\"itemListElement\":[{\"@type\":\"ListItem\",\"position\":1,\"name\":\"Accueil\",\"item\":\"https:\/\/vieassociative.be\/actualites\/\"},{\"@type\":\"ListItem\",\"position\":2,\"name\":\"10: 0-Bayern Munich commence par le tourbe de tourbe en Coup de club\"}]},{\"@type\":\"WebSite\",\"@id\":\"https:\/\/vieassociative.be\/actualites\/#website\",\"url\":\"https:\/\/vieassociative.be\/actualites\/\",\"name\":\"Vie Associative\",\"description\":\"\",\"publisher\":{\"@id\":\"https:\/\/vieassociative.be\/actualites\/#organization\"},\"potentialAction\":[{\"@type\":\"SearchAction\",\"target\":{\"@type\":\"EntryPoint\",\"urlTemplate\":\"https:\/\/vieassociative.be\/actualites\/?s={search_term_string}\"},\"query-input\":{\"@type\":\"PropertyValueSpecification\",\"valueRequired\":true,\"valueName\":\"search_term_string\"}}],\"inLanguage\":\"fr-BE\"},{\"@type\":\"Organization\",\"@id\":\"https:\/\/vieassociative.be\/actualites\/#organization\",\"name\":\"Vie Associative\",\"url\":\"https:\/\/vieassociative.be\/actualites\/\",\"logo\":{\"@type\":\"ImageObject\",\"inLanguage\":\"fr-BE\",\"@id\":\"https:\/\/vieassociative.be\/actualites\/#\/schema\/logo\/image\/\",\"url\":\"https:\/\/vieassociative.be\/actualites\/wp-content\/uploads\/2024\/09\/cropped-vieassociative_favicon.ico.png\",\"contentUrl\":\"https:\/\/vieassociative.be\/actualites\/wp-content\/uploads\/2024\/09\/cropped-vieassociative_favicon.ico.png\",\"width\":512,\"height\":512,\"caption\":\"Vie Associative\"},\"image\":{\"@id\":\"https:\/\/vieassociative.be\/actualites\/#\/schema\/logo\/image\/\"}},{\"@type\":\"Person\",\"@id\":\"https:\/\/vieassociative.be\/actualites\/#\/schema\/person\/b87ac4f82f9d4e7b7cec7395b679edc4\",\"name\":\"Julien\",\"image\":{\"@type\":\"ImageObject\",\"inLanguage\":\"fr-BE\",\"@id\":\"https:\/\/vieassociative.be\/actualites\/#\/schema\/person\/image\/\",\"url\":\"https:\/\/vieassociative.be\/actualites\/wp-content\/uploads\/2024\/09\/vie-associative-1-150x150.jpg\",\"contentUrl\":\"https:\/\/vieassociative.be\/actualites\/wp-content\/uploads\/2024\/09\/vie-associative-1-150x150.jpg\",\"caption\":\"Julien\"},\"description\":\"Je suis Julien, r\u00e9dacteur pour Vie Associative. Passionn\u00e9 par le monde associatif depuis plus de 10 ans, j'ai \u00e0 c\u0153ur de partager des histoires inspirantes et de mettre en lumi\u00e8re les initiatives locales. Mon objectif est de sensibiliser et d'encourager l'engagement communautaire \u00e0 travers mes articles.\",\"sameAs\":[\"https:\/\/vieassociative.be\/\"]}]}<\/script>\n<!-- \/ Yoast SEO plugin. -->","yoast_head_json":{"title":"10: 0-Bayern Munich commence par le tourbe de tourbe en Coup de club | Vie Associative","robots":{"index":"index","follow":"follow","max-snippet":"max-snippet:-1","max-image-preview":"max-image-preview:large","max-video-preview":"max-video-preview:-1"},"canonical":"https:\/\/vieassociative.be\/actualites\/10-0-bayern-munich-commence-par-le-tourbe-de-tourbe-en-coup-de-club\/","og_locale":"fr_FR","og_type":"article","og_title":"10: 0-Bayern Munich commence par le tourbe de tourbe en Coup de club | Vie Associative","og_description":"Apr\u00e8s la victoire de 10: 0 du Bayern du FC dans la chaleur de midi de Cincinnati, Jamal Musiala &#038; Co. a applaudi les botteaux","og_url":"https:\/\/vieassociative.be\/actualites\/10-0-bayern-munich-commence-par-le-tourbe-de-tourbe-en-coup-de-club\/","og_site_name":"Vie Associative","article_published_time":"2025-06-15T20:17:21+00:00","og_image":[{"width":279,"height":92,"url":"https:\/\/vieassociative.be\/actualites\/wp-content\/uploads\/2024\/09\/header_backgroundk-01-e1726694325946.png","type":"image\/png"}],"author":"Julien","twitter_card":"summary_large_image","twitter_misc":{"\u00c9crit par":"Julien","Dur\u00e9e de lecture est.":"2 minutes"},"schema":{"@context":"https:\/\/schema.org","@graph":[{"@type":"Article","@id":"https:\/\/vieassociative.be\/actualites\/10-0-bayern-munich-commence-par-le-tourbe-de-tourbe-en-coup-de-club\/#article","isPartOf":{"@id":"https:\/\/vieassociative.be\/actualites\/10-0-bayern-munich-commence-par-le-tourbe-de-tourbe-en-coup-de-club\/"},"author":{"name":"Julien","@id":"https:\/\/vieassociative.be\/actualites\/#\/schema\/person\/b87ac4f82f9d4e7b7cec7395b679edc4"},"headline":"10: 0-Bayern Munich commence par le tourbe de tourbe en Coup de club","datePublished":"2025-06-15T20:17:21+00:00","dateModified":"2025-06-15T20:17:21+00:00","mainEntityOfPage":{"@id":"https:\/\/vieassociative.be\/actualites\/10-0-bayern-munich-commence-par-le-tourbe-de-tourbe-en-coup-de-club\/"},"wordCount":462,"publisher":{"@id":"https:\/\/vieassociative.be\/actualites\/#organization"},"image":{"@id":"https:\/\/vieassociative.be\/actualites\/10-0-bayern-munich-commence-par-le-tourbe-de-tourbe-en-coup-de-club\/#primaryimage"},"thumbnailUrl":"https:\/\/vieassociative.be\/actualites\/wp-content\/uploads\/2025\/06\/1750018641_10-0-Bayern-Munich-commence-par-le-tourbe-de-tourbe-en.jpg","keywords":["0Bayern","Club","commenc\u00e9","coup","Munich","par","tourbe"],"articleSection":["Belgique"],"inLanguage":"fr-BE"},{"@type":"WebPage","@id":"https:\/\/vieassociative.be\/actualites\/10-0-bayern-munich-commence-par-le-tourbe-de-tourbe-en-coup-de-club\/","url":"https:\/\/vieassociative.be\/actualites\/10-0-bayern-munich-commence-par-le-tourbe-de-tourbe-en-coup-de-club\/","name":"10: 0-Bayern Munich commence par le tourbe de tourbe en Coup de club | Vie Associative","isPartOf":{"@id":"https:\/\/vieassociative.be\/actualites\/#website"},"primaryImageOfPage":{"@id":"https:\/\/vieassociative.be\/actualites\/10-0-bayern-munich-commence-par-le-tourbe-de-tourbe-en-coup-de-club\/#primaryimage"},"image":{"@id":"https:\/\/vieassociative.be\/actualites\/10-0-bayern-munich-commence-par-le-tourbe-de-tourbe-en-coup-de-club\/#primaryimage"},"thumbnailUrl":"https:\/\/vieassociative.be\/actualites\/wp-content\/uploads\/2025\/06\/1750018641_10-0-Bayern-Munich-commence-par-le-tourbe-de-tourbe-en.jpg","datePublished":"2025-06-15T20:17:21+00:00","dateModified":"2025-06-15T20:17:21+00:00","breadcrumb":{"@id":"https:\/\/vieassociative.be\/actualites\/10-0-bayern-munich-commence-par-le-tourbe-de-tourbe-en-coup-de-club\/#breadcrumb"},"inLanguage":"fr-BE","potentialAction":[{"@type":"ReadAction","target":["https:\/\/vieassociative.be\/actualites\/10-0-bayern-munich-commence-par-le-tourbe-de-tourbe-en-coup-de-club\/"]}]},{"@type":"ImageObject","inLanguage":"fr-BE","@id":"https:\/\/vieassociative.be\/actualites\/10-0-bayern-munich-commence-par-le-tourbe-de-tourbe-en-coup-de-club\/#primaryimage","url":"https:\/\/vieassociative.be\/actualites\/wp-content\/uploads\/2025\/06\/1750018641_10-0-Bayern-Munich-commence-par-le-tourbe-de-tourbe-en.jpg","contentUrl":"https:\/\/vieassociative.be\/actualites\/wp-content\/uploads\/2025\/06\/1750018641_10-0-Bayern-Munich-commence-par-le-tourbe-de-tourbe-en.jpg","width":1200,"height":697,"caption":"10: 0-Bayern Munich commence par le tourbe de tourbe en Coup de club"},{"@type":"BreadcrumbList","@id":"https:\/\/vieassociative.be\/actualites\/10-0-bayern-munich-commence-par-le-tourbe-de-tourbe-en-coup-de-club\/#breadcrumb","itemListElement":[{"@type":"ListItem","position":1,"name":"Accueil","item":"https:\/\/vieassociative.be\/actualites\/"},{"@type":"ListItem","position":2,"name":"10: 0-Bayern Munich commence par le tourbe de tourbe en Coup de club"}]},{"@type":"WebSite","@id":"https:\/\/vieassociative.be\/actualites\/#website","url":"https:\/\/vieassociative.be\/actualites\/","name":"Vie Associative","description":"","publisher":{"@id":"https:\/\/vieassociative.be\/actualites\/#organization"},"potentialAction":[{"@type":"SearchAction","target":{"@type":"EntryPoint","urlTemplate":"https:\/\/vieassociative.be\/actualites\/?s={search_term_string}"},"query-input":{"@type":"PropertyValueSpecification","valueRequired":true,"valueName":"search_term_string"}}],"inLanguage":"fr-BE"},{"@type":"Organization","@id":"https:\/\/vieassociative.be\/actualites\/#organization","name":"Vie Associative","url":"https:\/\/vieassociative.be\/actualites\/","logo":{"@type":"ImageObject","inLanguage":"fr-BE","@id":"https:\/\/vieassociative.be\/actualites\/#\/schema\/logo\/image\/","url":"https:\/\/vieassociative.be\/actualites\/wp-content\/uploads\/2024\/09\/cropped-vieassociative_favicon.ico.png","contentUrl":"https:\/\/vieassociative.be\/actualites\/wp-content\/uploads\/2024\/09\/cropped-vieassociative_favicon.ico.png","width":512,"height":512,"caption":"Vie Associative"},"image":{"@id":"https:\/\/vieassociative.be\/actualites\/#\/schema\/logo\/image\/"}},{"@type":"Person","@id":"https:\/\/vieassociative.be\/actualites\/#\/schema\/person\/b87ac4f82f9d4e7b7cec7395b679edc4","name":"Julien","image":{"@type":"ImageObject","inLanguage":"fr-BE","@id":"https:\/\/vieassociative.be\/actualites\/#\/schema\/person\/image\/","url":"https:\/\/vieassociative.be\/actualites\/wp-content\/uploads\/2024\/09\/vie-associative-1-150x150.jpg","contentUrl":"https:\/\/vieassociative.be\/actualites\/wp-content\/uploads\/2024\/09\/vie-associative-1-150x150.jpg","caption":"Julien"},"description":"Je suis Julien, r\u00e9dacteur pour Vie Associative. Passionn\u00e9 par le monde associatif depuis plus de 10 ans, j'ai \u00e0 c\u0153ur de partager des histoires inspirantes et de mettre en lumi\u00e8re les initiatives locales. Mon objectif est de sensibiliser et d'encourager l'engagement communautaire \u00e0 travers mes articles.","sameAs":["https:\/\/vieassociative.be\/"]}]}},"_links":{"self":[{"href":"https:\/\/vieassociative.be\/actualites\/wp-json\/wp\/v2\/posts\/8208"}],"collection":[{"href":"https:\/\/vieassociative.be\/actualites\/wp-json\/wp\/v2\/posts"}],"about":[{"href":"https:\/\/vieassociative.be\/actualites\/wp-json\/wp\/v2\/types\/post"}],"author":[{"embeddable":true,"href":"https:\/\/vieassociative.be\/actualites\/wp-json\/wp\/v2\/users\/1"}],"replies":[{"embeddable":true,"href":"https:\/\/vieassociative.be\/actualites\/wp-json\/wp\/v2\/comments?post=8208"}],"version-history":[{"count":0,"href":"https:\/\/vieassociative.be\/actualites\/wp-json\/wp\/v2\/posts\/8208\/revisions"}],"wp:featuredmedia":[{"embeddable":true,"href":"https:\/\/vieassociative.be\/actualites\/wp-json\/wp\/v2\/media\/8209"}],"wp:attachment":[{"href":"https:\/\/vieassociative.be\/actualites\/wp-json\/wp\/v2\/media?parent=8208"}],"wp:term":[{"taxonomy":"category","embeddable":true,"href":"https:\/\/vieassociative.be\/actualites\/wp-json\/wp\/v2\/categories?post=8208"},{"taxonomy":"post_tag","embeddable":true,"href":"https:\/\/vieassociative.be\/actualites\/wp-json\/wp\/v2\/tags?post=8208"}],"curies":[{"name":"wp","href":"https:\/\/api.w.org\/{rel}","templated":true}]}}