{"id":8204,"date":"2025-06-15T16:18:26","date_gmt":"2025-06-15T14:18:26","guid":{"rendered":"https:\/\/vieassociative.be\/actualites\/les-manifestations-nationales-contre-donald-trump-aux-etats-unis-no-kings-non-au-fascisme-mon-pays-me-manque\/"},"modified":"2025-06-15T16:18:26","modified_gmt":"2025-06-15T14:18:26","slug":"les-manifestations-nationales-contre-donald-trump-aux-etats-unis-no-kings-non-au-fascisme-mon-pays-me-manque","status":"publish","type":"post","link":"https:\/\/vieassociative.be\/actualites\/les-manifestations-nationales-contre-donald-trump-aux-etats-unis-no-kings-non-au-fascisme-mon-pays-me-manque\/","title":{"rendered":"Les manifestations nationales contre Donald Trump aux \u00c9tats-Unis: \u00ab\u00a0No Kings\u00a0\u00bb, \u00ab\u00a0Non au fascisme\u00a0\u00bb, \u00ab\u00a0mon pays me manque\u00a0\u00bb"},"content":{"rendered":"<p><strong>Alors que le pr\u00e9sident Trump organise un d\u00e9fil\u00e9 militaire \u00e0 Washington pour son anniversaire, les \u00c9tats-Unis connaissent les plus grandes manifestations \u00e0 ce jour contre sa politique. Les coups de feu tombent \u00e0 Salt Lake City.<\/strong><\/p>\n<p><span id=\"more-417778\"><\/span>Jusqu&rsquo;\u00e0 pr\u00e9sent, dans la plus grande vague de protestation contre la politique du pr\u00e9sident Donald Trump, les gens se sont rendus dans les rues aux \u00c9tats-Unis. Les organisateurs ont parl\u00e9 de plus de cinq millions de participants dans plus de 2 100 villes le jour du d\u00e9fil\u00e9 militaire de Trump \u00e0 Washington.<\/p>\n<p>Les manifestations se sont d\u00e9roul\u00e9es samedi sous la devise \u00ab\u00a0No Kings\u00a0\u00bb (pas de rois). Les participants ont accus\u00e9 l&rsquo;apparence autoritaire de Trump et ont critiqu\u00e9 sa politique de migration avec les campagnes d&rsquo;expulsion \u00e0 grande \u00e9chelle.<\/p>\n<div id=\"attachment_417782\" class=\"wp-caption alignleft\" style=\"max-width: 300px\"><img fetchpriority=\"high\" decoding=\"async\" class=\"wp-image-417782 size-medium\" src=\"https:\/\/vieassociative.be\/actualites\/wp-content\/uploads\/2025\/06\/Les-manifestations-nationales-contre-Donald-Trump-aux-Etats-Unis-No-Kings.jpg\" alt=\"\" width=\"300\" height=\"200\"><\/p>\n<p class=\"wp-caption-text\">14.06.2025, \u00c9tats-Unis, Washington: Des manifestants avec des affiches participent \u00e0 une manifestation \u00ab\u00a0No King\u00a0\u00bb devant le d\u00e9fil\u00e9 militaire pour le 250e anniversaire de l&rsquo;arm\u00e9e, qui co\u00efncide avec le 79e anniversaire de Trump. Photo: Alex Brandon \/ AP \/ DPA<\/p>\n<\/div>\n<p><strong>&#8211; gaz lacrymog\u00e8ne \u00e0 Los Angeles:<\/strong> Les manifestations sont rest\u00e9es pour la plupart pacifiques. Dans le centre-ville de Los Angeles, cependant, la situation s&rsquo;est r\u00e9chauff\u00e9e dans l&rsquo;apr\u00e8s-midi. Le gaz lacrymog\u00e8ne a \u00e9t\u00e9 utilis\u00e9 sur un b\u00e2timent d&rsquo;autorit\u00e9 pour repousser les manifestants.<\/p>\n<p>Selon la police, des pierres et des bouteilles ont \u00e9t\u00e9 jet\u00e9s hors de la foule. Plusieurs manifestants ont \u00e9t\u00e9 arr\u00eat\u00e9s \u00e0 New York, comme l&rsquo;a rapport\u00e9 le diffuseur CNN. Dans l&rsquo;\u00c9tat du Minnesota, la manifestation apr\u00e8s les attaques contre deux politiciens du Parti d\u00e9mocrate a \u00e9t\u00e9 annul\u00e9e.<\/p>\n<p>\u00c0 Salt Lake City dans l&rsquo;\u00c9tat de l&rsquo;Utah, o\u00f9 une manifestation a eu lieu, la police examine actuellement un incident d&rsquo;armes \u00e0 feu. Selon les autorit\u00e9s, une personne a \u00e9t\u00e9 gri\u00e8vement bless\u00e9e. La victime est trait\u00e9e \u00e0 l&rsquo;h\u00f4pital. Les circonstances \u00e9taient initialement claires. Des coups de feu peuvent \u00eatre entendus sur des vid\u00e9os circulant sur Internet, et d\u00e9montrant des courses puis paniqu\u00e9es.<\/p>\n<p>Pendant ce temps, Trump a eu un d\u00e9fil\u00e9 militaire organis\u00e9 \u00e0 Washington samedi. L&rsquo;occasion est le 250e jour de la fondation de l&rsquo;arm\u00e9e am\u00e9ricaine. Mais c&rsquo;est aussi le 79e anniversaire du pr\u00e9sident am\u00e9ricain. Selon les enqu\u00eates, une grande partie de la population am\u00e9ricaine est contre le d\u00e9fil\u00e9. Dans le parti r\u00e9publicain de Trump, en revanche, elle trouve l&rsquo;approbation.<\/p>\n<div id=\"attachment_417784\" class=\"wp-caption alignleft\" style=\"max-width: 300px\"><img decoding=\"async\" class=\"wp-image-417784 size-medium\" src=\"https:\/\/vieassociative.be\/actualites\/wp-content\/uploads\/2025\/06\/1749997106_952_Les-manifestations-nationales-contre-Donald-Trump-aux-Etats-Unis-No-Kings.jpg\" alt=\"\" width=\"300\" height=\"200\"><\/p>\n<p class=\"wp-caption-text\">13.06.2025, \u00c9tats-Unis, Los Angeles: Une photo publi\u00e9e le 15 juin 2025 montre comment les sh\u00e9rifs de l&rsquo;incendie du comt\u00e9 de Los Angeles lors d&rsquo;une marche \u00e0 No Kings Day contre le d\u00e9fil\u00e9 militaire de Trump et les raids de la glace de l&rsquo;autorit\u00e9 d&rsquo;immigration au centre-ville de Los Angeles Gas and Glare Grenades. Photo: Zin Chiang \/ DPA<\/p>\n<\/div>\n<p><strong>&#8211; \u00ab\u00a0C&rsquo;est \u00e0 quoi ressemble la d\u00e9mocratie\u00a0\u00bb:<\/strong> Dans les manifestations anti-Trump, des milliers de manifestants ont d\u00e9fi\u00e9 la pluie \u00e0 New York. Selon les premi\u00e8res estimations des organisateurs, 200 000 personnes sont all\u00e9es dans la rue. Ils ont chant\u00e9 encore et encore: \u00ab\u00a0C&rsquo;est \u00e0 quoi ressemble la d\u00e9mocratie\u00a0\u00bb et a exig\u00e9 que Trump soit supprim\u00e9, comme l&rsquo;a rapport\u00e9 un journaliste de la DPA. Le travail de la police d&rsquo;immigration sur glace a \u00e9t\u00e9 critiqu\u00e9 sur de nombreux signes, certains portaient des inscriptions comme: \u00ab\u00a0Si je veux un dictateur, je demande mon chat.\u00a0\u00bb<\/p>\n<p>Il y avait aussi de grandes foules sur des photos de t\u00e9l\u00e9vision dans des villes comme Atlanta, Philadelphie et Los Angeles. Dans la ville c\u00f4ti\u00e8re de Santa Monica, qui borde directement Los Angeles, un journaliste de la DPA a observ\u00e9 plusieurs milliers de manifestants. L&rsquo;ambiance \u00e9tait bonne, la musique \u00e9tait jou\u00e9e sur des haut-parleurs. \u00c0 maintes reprises, la r\u00e9putation \u00ab\u00a0Hey Hey, Ho Ho, Donald Trump a d\u00fb y aller\u00a0\u00bb pourrait \u00eatre entendu (comme: Donald Trump doit y aller). Des slogans tels que \u00ab\u00a0Fuck Ice\u00a0\u00bb \u00e9taient moins courants. L&rsquo;Autorit\u00e9 ICE avait \u00e9t\u00e9 critiqu\u00e9e pour ses raids et arrestations.<\/p>\n<p><strong>&#8211; \u00ab\u00a0Nous n&rsquo;autorisons pas les dictateurs\u00a0\u00bb:<\/strong> Dans la m\u00e9tropole de la c\u00f4te ouest de San Francisco et dans la ville voisine d&rsquo;Oakland, des milliers de personnes ont descendu dans les rues dans des trains de protestation sous un ciel bleu. Sur Ocean Beach, une plage urbaine de San Francisco, des centaines de manifestants s&rsquo;\u00e9taient positionn\u00e9s pour qu&rsquo;ils aient des lettres majuscules surdimensionn\u00e9es \u00ab\u00a0pas de roi!\u00a0\u00bb form\u00e9 dans le sable.<\/p>\n<p>Se promet \u00e9galement. L&rsquo;acteur Mark Ruffalo, connu sous le nom d&rsquo;acteur de Hulk dans \u00ab\u00a0Marvel\u00a0\u00bb Films, \u00e9tait l\u00e0 \u00e0 New York. Les actrices Glenn Close, Anna Kendrick et Tessa Thompson ont publi\u00e9 des vid\u00e9os des manifestations sur leurs comptes Instagram. Le pr\u00e9sentateur de t\u00e9l\u00e9vision, Jimmy Kimmel, a d\u00e9montr\u00e9 avec ses parents \u00e0 San Francisco dans un t-shirt avec l&rsquo;appel \u00ab\u00a0Make America Good Again\u00a0\u00bb (rend l&rsquo;Am\u00e9rique bien \u00e0 nouveau) sur le slogan Maga des partisans de Trump.<\/p>\n<div id=\"attachment_417785\" class=\"wp-caption alignleft\" style=\"max-width: 300px\"><img decoding=\"async\" class=\"wp-image-417785 size-medium\" src=\"https:\/\/vieassociative.be\/actualites\/wp-content\/uploads\/2025\/06\/1749997106_884_Les-manifestations-nationales-contre-Donald-Trump-aux-Etats-Unis-No-Kings.jpg\" alt=\"\" width=\"300\" height=\"200\"><\/p>\n<p class=\"wp-caption-text\">14.06.2025, \u00c9tats-Unis, Washington: le pr\u00e9sident am\u00e9ricain Donald Trump (Front R) arrive \u00e0 un d\u00e9fil\u00e9 militaire \u00e0 l&rsquo;occasion du 250e anniversaire de l&rsquo;arm\u00e9e am\u00e9ricaine, qui co\u00efncide avec le 79e anniversaire du pr\u00e9sident am\u00e9ricain Trump. \u00c0 c\u00f4t\u00e9 de lui se trouvent le secr\u00e9taire de l&rsquo;arm\u00e9e Daniel Driscoll (L) et le ministre am\u00e9ricain de la D\u00e9fense Pete Hegseth (M). Photo: Julia Demaree Nikinson \/ AP \/ DPA<\/p>\n<\/div>\n<p>Le maire d&rsquo;Oakland, Barbara Lee, a d\u00e9clar\u00e9 lors d&rsquo;un rassemblement: \u00ab\u00a0Nous sommes ici pour rappeler \u00e0 notre pays qu&rsquo;il s&rsquo;agit d&rsquo;une d\u00e9mocratie. Aucun rois autoris\u00e9\u00a0\u00bb, a canalis\u00e9 le politicien. \u00ab\u00a0Nous n&rsquo;autorisons pas les dictateurs dans une d\u00e9mocratie.\u00a0\u00bb Le maire de San Francisco, Daniel Lurie, avait pr\u00e9c\u00e9demment appel\u00e9 \u00e0 des manifestations pacifiques. Aucune violence et une approche destructrice ne seront tol\u00e9r\u00e9es, a averti Lurie.<\/p>\n<p><strong>&#8211; \u00ab\u00a0refuser le fascisme\u00a0\u00bb:<\/strong> En Floride, des manifestants ont \u00e9t\u00e9 arr\u00eat\u00e9s par la police sur le chemin de la r\u00e9sidence de Trump Mar-a-Lago. Aucun \u00e9v\u00e9nement \u00absans roi\u00bb n&rsquo;a \u00e9t\u00e9 pr\u00e9vu dans la capitale de Washington, mais la coalition \u00abREFUSE FASCISM\u00bb (rejette le fascisme) a organis\u00e9 une d\u00e9monstration plus petite. \u00c0 Miami, il y avait une contre-d\u00e9mo dans laquelle les participants ont f\u00e9licit\u00e9 Trump pour son anniversaire, comme l&rsquo;a rapport\u00e9 le diffuseur NBC.<\/p>\n<p>Les proches de la Garde nationale utilis\u00e9s par Trump ont soulign\u00e9 \u00e0 Los Angeles: \u00ab\u00a0Nous sommes ici pour prot\u00e9ger les b\u00e2timents et les fonctionnaires &#8211; et la droite apr\u00e8s le premier additif constitutionnel.\u00a0\u00bb Ils ont montr\u00e9 que les r\u00e9sidents de la ville sont boulevers\u00e9s par leur pr\u00e9sence. (DPA)<\/p>\n<p><em><strong>Sur le sujet, voir \u00e9galement l&rsquo;article suivant sur OD:<\/strong><\/em><\/p>\n<div class=\"responsive-embed widescreen\">\n<blockquote class=\"wp-embedded-content\" data-secret=\"sxHOUnzKFi\">\n<p>Pour le gouverneur de la Californie, Trump est un dictateur<\/p>\n<\/blockquote>\n<p><iframe loading=\"lazy\" class=\"wp-embedded-content\" sandbox=\"allow-scripts\" security=\"restricted\" style=\"position: absolute; visibility: hidden;\" title=\"\u201eF\u00fcr Kaliforniens Gouverneur ist Trump ein Diktator\u201c \u2014 Ostbelgien Direkt\" src=\"https:\/\/ostbelgiendirekt.be\/about:blank\" data-secret=\"sxHOUnzKFi\" width=\"500\" height=\"282\" frameborder=\"0\" marginwidth=\"0\" marginheight=\"0\" scrolling=\"no\" data-rocket-lazyload=\"fitvidscompatible\" data-lazy-src=\"https:\/\/ostbelgiendirekt.be\/proteste-in-kalifornien-417277\/embed#?secret=Nvu0kEfg4B#?secret=sxHOUnzKFi\"><\/iframe><noscript><iframe class=\"wp-embedded-content\" sandbox=\"allow-scripts\" security=\"restricted\" style=\"position: absolute; visibility: hidden;\" title=\"\u201eF\u00fcr Kaliforniens Gouverneur ist Trump ein Diktator\u201c \u2014 Ostbelgien Direkt\" src=\"https:\/\/ostbelgiendirekt.be\/proteste-in-kalifornien-417277\/embed#?secret=Nvu0kEfg4B#?secret=sxHOUnzKFi\" data-secret=\"sxHOUnzKFi\" width=\"500\" height=\"282\" frameborder=\"0\" marginwidth=\"0\" marginheight=\"0\" scrolling=\"no\"><\/iframe><\/noscript><\/p>\n<\/div>\n","protected":false},"excerpt":{"rendered":"<p>Alors que le pr\u00e9sident Trump organise un d\u00e9fil\u00e9 militaire \u00e0 Washington pour son anniversaire, les \u00c9tats-Unis connaissent les plus grandes manifestations \u00e0 ce jour contre<\/p>\n","protected":false},"author":1,"featured_media":8205,"comment_status":"","ping_status":"","sticky":false,"template":"","format":"standard","meta":{"footnotes":""},"categories":[298],"tags":[289,796,2424,290,7401,7421,14,3436,2574,49,7420,3513,2425],"class_list":["post-8204","post","type-post","status-publish","format-standard","has-post-thumbnail","hentry","category-belgique","tag-aux","tag-contre","tag-donald","tag-etatsunis","tag-fascisme","tag-kings","tag-les","tag-manifestations","tag-manque","tag-mon","tag-nationales","tag-pays","tag-trump","generate-columns","tablet-grid-50","mobile-grid-100","grid-parent","grid-33"],"yoast_head":"<!-- This site is optimized with the Yoast SEO plugin v24.0 - https:\/\/yoast.com\/wordpress\/plugins\/seo\/ -->\n<title>Les manifestations nationales contre Donald Trump aux \u00c9tats-Unis: &quot;No Kings&quot;, &quot;Non au fascisme&quot;, &quot;mon pays me manque&quot; | Vie Associative<\/title>\n<meta name=\"robots\" content=\"index, follow, max-snippet:-1, max-image-preview:large, max-video-preview:-1\" \/>\n<link rel=\"canonical\" href=\"https:\/\/vieassociative.be\/actualites\/les-manifestations-nationales-contre-donald-trump-aux-etats-unis-no-kings-non-au-fascisme-mon-pays-me-manque\/\" \/>\n<meta property=\"og:locale\" content=\"fr_FR\" \/>\n<meta property=\"og:type\" content=\"article\" \/>\n<meta property=\"og:title\" content=\"Les manifestations nationales contre Donald Trump aux \u00c9tats-Unis: &quot;No Kings&quot;, &quot;Non au fascisme&quot;, &quot;mon pays me manque&quot; | Vie Associative\" \/>\n<meta property=\"og:description\" content=\"Alors que le pr\u00e9sident Trump organise un d\u00e9fil\u00e9 militaire \u00e0 Washington pour son anniversaire, les \u00c9tats-Unis connaissent les plus grandes manifestations \u00e0 ce jour contre\" \/>\n<meta property=\"og:url\" content=\"https:\/\/vieassociative.be\/actualites\/les-manifestations-nationales-contre-donald-trump-aux-etats-unis-no-kings-non-au-fascisme-mon-pays-me-manque\/\" \/>\n<meta property=\"og:site_name\" content=\"Vie Associative\" \/>\n<meta property=\"article:published_time\" content=\"2025-06-15T14:18:26+00:00\" \/>\n<meta property=\"og:image\" content=\"https:\/\/vieassociative.be\/actualites\/wp-content\/uploads\/2024\/09\/header_backgroundk-01-e1726694325946.png\" \/>\n\t<meta property=\"og:image:width\" content=\"279\" \/>\n\t<meta property=\"og:image:height\" content=\"92\" \/>\n\t<meta property=\"og:image:type\" content=\"image\/png\" \/>\n<meta name=\"author\" content=\"Julien\" \/>\n<meta name=\"twitter:card\" content=\"summary_large_image\" \/>\n<meta name=\"twitter:label1\" content=\"\u00c9crit par\" \/>\n\t<meta name=\"twitter:data1\" content=\"Julien\" \/>\n\t<meta name=\"twitter:label2\" content=\"Dur\u00e9e de lecture est.\" \/>\n\t<meta name=\"twitter:data2\" content=\"5 minutes\" \/>\n<script type=\"application\/ld+json\" class=\"yoast-schema-graph\">{\"@context\":\"https:\/\/schema.org\",\"@graph\":[{\"@type\":\"Article\",\"@id\":\"https:\/\/vieassociative.be\/actualites\/les-manifestations-nationales-contre-donald-trump-aux-etats-unis-no-kings-non-au-fascisme-mon-pays-me-manque\/#article\",\"isPartOf\":{\"@id\":\"https:\/\/vieassociative.be\/actualites\/les-manifestations-nationales-contre-donald-trump-aux-etats-unis-no-kings-non-au-fascisme-mon-pays-me-manque\/\"},\"author\":{\"name\":\"Julien\",\"@id\":\"https:\/\/vieassociative.be\/actualites\/#\/schema\/person\/b87ac4f82f9d4e7b7cec7395b679edc4\"},\"headline\":\"Les manifestations nationales contre Donald Trump aux \u00c9tats-Unis: \u00ab\u00a0No Kings\u00a0\u00bb, \u00ab\u00a0Non au fascisme\u00a0\u00bb, \u00ab\u00a0mon pays me manque\u00a0\u00bb\",\"datePublished\":\"2025-06-15T14:18:26+00:00\",\"dateModified\":\"2025-06-15T14:18:26+00:00\",\"mainEntityOfPage\":{\"@id\":\"https:\/\/vieassociative.be\/actualites\/les-manifestations-nationales-contre-donald-trump-aux-etats-unis-no-kings-non-au-fascisme-mon-pays-me-manque\/\"},\"wordCount\":1151,\"publisher\":{\"@id\":\"https:\/\/vieassociative.be\/actualites\/#organization\"},\"image\":{\"@id\":\"https:\/\/vieassociative.be\/actualites\/les-manifestations-nationales-contre-donald-trump-aux-etats-unis-no-kings-non-au-fascisme-mon-pays-me-manque\/#primaryimage\"},\"thumbnailUrl\":\"https:\/\/vieassociative.be\/actualites\/wp-content\/uploads\/2025\/06\/1749997106_Les-manifestations-nationales-contre-Donald-Trump-aux-Etats-Unis-No-Kings.jpg\",\"keywords\":[\"aux\",\"contre\",\"Donald\",\"\u00c9tatsUnis\",\"fascisme\",\"Kings\",\"Les\",\"Manifestations\",\"manque\",\"Mon\",\"nationales\",\"pays\",\"Trump\"],\"articleSection\":[\"Belgique\"],\"inLanguage\":\"fr-BE\"},{\"@type\":\"WebPage\",\"@id\":\"https:\/\/vieassociative.be\/actualites\/les-manifestations-nationales-contre-donald-trump-aux-etats-unis-no-kings-non-au-fascisme-mon-pays-me-manque\/\",\"url\":\"https:\/\/vieassociative.be\/actualites\/les-manifestations-nationales-contre-donald-trump-aux-etats-unis-no-kings-non-au-fascisme-mon-pays-me-manque\/\",\"name\":\"Les manifestations nationales contre Donald Trump aux \u00c9tats-Unis: \\\"No Kings\\\", \\\"Non au fascisme\\\", \\\"mon pays me manque\\\" | Vie Associative\",\"isPartOf\":{\"@id\":\"https:\/\/vieassociative.be\/actualites\/#website\"},\"primaryImageOfPage\":{\"@id\":\"https:\/\/vieassociative.be\/actualites\/les-manifestations-nationales-contre-donald-trump-aux-etats-unis-no-kings-non-au-fascisme-mon-pays-me-manque\/#primaryimage\"},\"image\":{\"@id\":\"https:\/\/vieassociative.be\/actualites\/les-manifestations-nationales-contre-donald-trump-aux-etats-unis-no-kings-non-au-fascisme-mon-pays-me-manque\/#primaryimage\"},\"thumbnailUrl\":\"https:\/\/vieassociative.be\/actualites\/wp-content\/uploads\/2025\/06\/1749997106_Les-manifestations-nationales-contre-Donald-Trump-aux-Etats-Unis-No-Kings.jpg\",\"datePublished\":\"2025-06-15T14:18:26+00:00\",\"dateModified\":\"2025-06-15T14:18:26+00:00\",\"breadcrumb\":{\"@id\":\"https:\/\/vieassociative.be\/actualites\/les-manifestations-nationales-contre-donald-trump-aux-etats-unis-no-kings-non-au-fascisme-mon-pays-me-manque\/#breadcrumb\"},\"inLanguage\":\"fr-BE\",\"potentialAction\":[{\"@type\":\"ReadAction\",\"target\":[\"https:\/\/vieassociative.be\/actualites\/les-manifestations-nationales-contre-donald-trump-aux-etats-unis-no-kings-non-au-fascisme-mon-pays-me-manque\/\"]}]},{\"@type\":\"ImageObject\",\"inLanguage\":\"fr-BE\",\"@id\":\"https:\/\/vieassociative.be\/actualites\/les-manifestations-nationales-contre-donald-trump-aux-etats-unis-no-kings-non-au-fascisme-mon-pays-me-manque\/#primaryimage\",\"url\":\"https:\/\/vieassociative.be\/actualites\/wp-content\/uploads\/2025\/06\/1749997106_Les-manifestations-nationales-contre-Donald-Trump-aux-Etats-Unis-No-Kings.jpg\",\"contentUrl\":\"https:\/\/vieassociative.be\/actualites\/wp-content\/uploads\/2025\/06\/1749997106_Les-manifestations-nationales-contre-Donald-Trump-aux-Etats-Unis-No-Kings.jpg\",\"width\":1200,\"height\":800,\"caption\":\"Les manifestations nationales contre Donald Trump aux \u00c9tats-Unis: \\\"No Kings\\\", \\\"Non au fascisme\\\", \\\"mon pays me manque\\\"\"},{\"@type\":\"BreadcrumbList\",\"@id\":\"https:\/\/vieassociative.be\/actualites\/les-manifestations-nationales-contre-donald-trump-aux-etats-unis-no-kings-non-au-fascisme-mon-pays-me-manque\/#breadcrumb\",\"itemListElement\":[{\"@type\":\"ListItem\",\"position\":1,\"name\":\"Accueil\",\"item\":\"https:\/\/vieassociative.be\/actualites\/\"},{\"@type\":\"ListItem\",\"position\":2,\"name\":\"Les manifestations nationales contre Donald Trump aux \u00c9tats-Unis: \u00ab\u00a0No Kings\u00a0\u00bb, \u00ab\u00a0Non au fascisme\u00a0\u00bb, \u00ab\u00a0mon pays me manque\u00a0\u00bb\"}]},{\"@type\":\"WebSite\",\"@id\":\"https:\/\/vieassociative.be\/actualites\/#website\",\"url\":\"https:\/\/vieassociative.be\/actualites\/\",\"name\":\"Vie Associative\",\"description\":\"\",\"publisher\":{\"@id\":\"https:\/\/vieassociative.be\/actualites\/#organization\"},\"potentialAction\":[{\"@type\":\"SearchAction\",\"target\":{\"@type\":\"EntryPoint\",\"urlTemplate\":\"https:\/\/vieassociative.be\/actualites\/?s={search_term_string}\"},\"query-input\":{\"@type\":\"PropertyValueSpecification\",\"valueRequired\":true,\"valueName\":\"search_term_string\"}}],\"inLanguage\":\"fr-BE\"},{\"@type\":\"Organization\",\"@id\":\"https:\/\/vieassociative.be\/actualites\/#organization\",\"name\":\"Vie Associative\",\"url\":\"https:\/\/vieassociative.be\/actualites\/\",\"logo\":{\"@type\":\"ImageObject\",\"inLanguage\":\"fr-BE\",\"@id\":\"https:\/\/vieassociative.be\/actualites\/#\/schema\/logo\/image\/\",\"url\":\"https:\/\/vieassociative.be\/actualites\/wp-content\/uploads\/2024\/09\/cropped-vieassociative_favicon.ico.png\",\"contentUrl\":\"https:\/\/vieassociative.be\/actualites\/wp-content\/uploads\/2024\/09\/cropped-vieassociative_favicon.ico.png\",\"width\":512,\"height\":512,\"caption\":\"Vie Associative\"},\"image\":{\"@id\":\"https:\/\/vieassociative.be\/actualites\/#\/schema\/logo\/image\/\"}},{\"@type\":\"Person\",\"@id\":\"https:\/\/vieassociative.be\/actualites\/#\/schema\/person\/b87ac4f82f9d4e7b7cec7395b679edc4\",\"name\":\"Julien\",\"image\":{\"@type\":\"ImageObject\",\"inLanguage\":\"fr-BE\",\"@id\":\"https:\/\/vieassociative.be\/actualites\/#\/schema\/person\/image\/\",\"url\":\"https:\/\/vieassociative.be\/actualites\/wp-content\/uploads\/2024\/09\/vie-associative-1-150x150.jpg\",\"contentUrl\":\"https:\/\/vieassociative.be\/actualites\/wp-content\/uploads\/2024\/09\/vie-associative-1-150x150.jpg\",\"caption\":\"Julien\"},\"description\":\"Je suis Julien, r\u00e9dacteur pour Vie Associative. Passionn\u00e9 par le monde associatif depuis plus de 10 ans, j'ai \u00e0 c\u0153ur de partager des histoires inspirantes et de mettre en lumi\u00e8re les initiatives locales. Mon objectif est de sensibiliser et d'encourager l'engagement communautaire \u00e0 travers mes articles.\",\"sameAs\":[\"https:\/\/vieassociative.be\/\"]}]}<\/script>\n<!-- \/ Yoast SEO plugin. -->","yoast_head_json":{"title":"Les manifestations nationales contre Donald Trump aux \u00c9tats-Unis: \"No Kings\", \"Non au fascisme\", \"mon pays me manque\" | Vie Associative","robots":{"index":"index","follow":"follow","max-snippet":"max-snippet:-1","max-image-preview":"max-image-preview:large","max-video-preview":"max-video-preview:-1"},"canonical":"https:\/\/vieassociative.be\/actualites\/les-manifestations-nationales-contre-donald-trump-aux-etats-unis-no-kings-non-au-fascisme-mon-pays-me-manque\/","og_locale":"fr_FR","og_type":"article","og_title":"Les manifestations nationales contre Donald Trump aux \u00c9tats-Unis: \"No Kings\", \"Non au fascisme\", \"mon pays me manque\" | Vie Associative","og_description":"Alors que le pr\u00e9sident Trump organise un d\u00e9fil\u00e9 militaire \u00e0 Washington pour son anniversaire, les \u00c9tats-Unis connaissent les plus grandes manifestations \u00e0 ce jour contre","og_url":"https:\/\/vieassociative.be\/actualites\/les-manifestations-nationales-contre-donald-trump-aux-etats-unis-no-kings-non-au-fascisme-mon-pays-me-manque\/","og_site_name":"Vie Associative","article_published_time":"2025-06-15T14:18:26+00:00","og_image":[{"width":279,"height":92,"url":"https:\/\/vieassociative.be\/actualites\/wp-content\/uploads\/2024\/09\/header_backgroundk-01-e1726694325946.png","type":"image\/png"}],"author":"Julien","twitter_card":"summary_large_image","twitter_misc":{"\u00c9crit par":"Julien","Dur\u00e9e de lecture est.":"5 minutes"},"schema":{"@context":"https:\/\/schema.org","@graph":[{"@type":"Article","@id":"https:\/\/vieassociative.be\/actualites\/les-manifestations-nationales-contre-donald-trump-aux-etats-unis-no-kings-non-au-fascisme-mon-pays-me-manque\/#article","isPartOf":{"@id":"https:\/\/vieassociative.be\/actualites\/les-manifestations-nationales-contre-donald-trump-aux-etats-unis-no-kings-non-au-fascisme-mon-pays-me-manque\/"},"author":{"name":"Julien","@id":"https:\/\/vieassociative.be\/actualites\/#\/schema\/person\/b87ac4f82f9d4e7b7cec7395b679edc4"},"headline":"Les manifestations nationales contre Donald Trump aux \u00c9tats-Unis: \u00ab\u00a0No Kings\u00a0\u00bb, \u00ab\u00a0Non au fascisme\u00a0\u00bb, \u00ab\u00a0mon pays me manque\u00a0\u00bb","datePublished":"2025-06-15T14:18:26+00:00","dateModified":"2025-06-15T14:18:26+00:00","mainEntityOfPage":{"@id":"https:\/\/vieassociative.be\/actualites\/les-manifestations-nationales-contre-donald-trump-aux-etats-unis-no-kings-non-au-fascisme-mon-pays-me-manque\/"},"wordCount":1151,"publisher":{"@id":"https:\/\/vieassociative.be\/actualites\/#organization"},"image":{"@id":"https:\/\/vieassociative.be\/actualites\/les-manifestations-nationales-contre-donald-trump-aux-etats-unis-no-kings-non-au-fascisme-mon-pays-me-manque\/#primaryimage"},"thumbnailUrl":"https:\/\/vieassociative.be\/actualites\/wp-content\/uploads\/2025\/06\/1749997106_Les-manifestations-nationales-contre-Donald-Trump-aux-Etats-Unis-No-Kings.jpg","keywords":["aux","contre","Donald","\u00c9tatsUnis","fascisme","Kings","Les","Manifestations","manque","Mon","nationales","pays","Trump"],"articleSection":["Belgique"],"inLanguage":"fr-BE"},{"@type":"WebPage","@id":"https:\/\/vieassociative.be\/actualites\/les-manifestations-nationales-contre-donald-trump-aux-etats-unis-no-kings-non-au-fascisme-mon-pays-me-manque\/","url":"https:\/\/vieassociative.be\/actualites\/les-manifestations-nationales-contre-donald-trump-aux-etats-unis-no-kings-non-au-fascisme-mon-pays-me-manque\/","name":"Les manifestations nationales contre Donald Trump aux \u00c9tats-Unis: \"No Kings\", \"Non au fascisme\", \"mon pays me manque\" | Vie Associative","isPartOf":{"@id":"https:\/\/vieassociative.be\/actualites\/#website"},"primaryImageOfPage":{"@id":"https:\/\/vieassociative.be\/actualites\/les-manifestations-nationales-contre-donald-trump-aux-etats-unis-no-kings-non-au-fascisme-mon-pays-me-manque\/#primaryimage"},"image":{"@id":"https:\/\/vieassociative.be\/actualites\/les-manifestations-nationales-contre-donald-trump-aux-etats-unis-no-kings-non-au-fascisme-mon-pays-me-manque\/#primaryimage"},"thumbnailUrl":"https:\/\/vieassociative.be\/actualites\/wp-content\/uploads\/2025\/06\/1749997106_Les-manifestations-nationales-contre-Donald-Trump-aux-Etats-Unis-No-Kings.jpg","datePublished":"2025-06-15T14:18:26+00:00","dateModified":"2025-06-15T14:18:26+00:00","breadcrumb":{"@id":"https:\/\/vieassociative.be\/actualites\/les-manifestations-nationales-contre-donald-trump-aux-etats-unis-no-kings-non-au-fascisme-mon-pays-me-manque\/#breadcrumb"},"inLanguage":"fr-BE","potentialAction":[{"@type":"ReadAction","target":["https:\/\/vieassociative.be\/actualites\/les-manifestations-nationales-contre-donald-trump-aux-etats-unis-no-kings-non-au-fascisme-mon-pays-me-manque\/"]}]},{"@type":"ImageObject","inLanguage":"fr-BE","@id":"https:\/\/vieassociative.be\/actualites\/les-manifestations-nationales-contre-donald-trump-aux-etats-unis-no-kings-non-au-fascisme-mon-pays-me-manque\/#primaryimage","url":"https:\/\/vieassociative.be\/actualites\/wp-content\/uploads\/2025\/06\/1749997106_Les-manifestations-nationales-contre-Donald-Trump-aux-Etats-Unis-No-Kings.jpg","contentUrl":"https:\/\/vieassociative.be\/actualites\/wp-content\/uploads\/2025\/06\/1749997106_Les-manifestations-nationales-contre-Donald-Trump-aux-Etats-Unis-No-Kings.jpg","width":1200,"height":800,"caption":"Les manifestations nationales contre Donald Trump aux \u00c9tats-Unis: \"No Kings\", \"Non au fascisme\", \"mon pays me manque\""},{"@type":"BreadcrumbList","@id":"https:\/\/vieassociative.be\/actualites\/les-manifestations-nationales-contre-donald-trump-aux-etats-unis-no-kings-non-au-fascisme-mon-pays-me-manque\/#breadcrumb","itemListElement":[{"@type":"ListItem","position":1,"name":"Accueil","item":"https:\/\/vieassociative.be\/actualites\/"},{"@type":"ListItem","position":2,"name":"Les manifestations nationales contre Donald Trump aux \u00c9tats-Unis: \u00ab\u00a0No Kings\u00a0\u00bb, \u00ab\u00a0Non au fascisme\u00a0\u00bb, \u00ab\u00a0mon pays me manque\u00a0\u00bb"}]},{"@type":"WebSite","@id":"https:\/\/vieassociative.be\/actualites\/#website","url":"https:\/\/vieassociative.be\/actualites\/","name":"Vie Associative","description":"","publisher":{"@id":"https:\/\/vieassociative.be\/actualites\/#organization"},"potentialAction":[{"@type":"SearchAction","target":{"@type":"EntryPoint","urlTemplate":"https:\/\/vieassociative.be\/actualites\/?s={search_term_string}"},"query-input":{"@type":"PropertyValueSpecification","valueRequired":true,"valueName":"search_term_string"}}],"inLanguage":"fr-BE"},{"@type":"Organization","@id":"https:\/\/vieassociative.be\/actualites\/#organization","name":"Vie Associative","url":"https:\/\/vieassociative.be\/actualites\/","logo":{"@type":"ImageObject","inLanguage":"fr-BE","@id":"https:\/\/vieassociative.be\/actualites\/#\/schema\/logo\/image\/","url":"https:\/\/vieassociative.be\/actualites\/wp-content\/uploads\/2024\/09\/cropped-vieassociative_favicon.ico.png","contentUrl":"https:\/\/vieassociative.be\/actualites\/wp-content\/uploads\/2024\/09\/cropped-vieassociative_favicon.ico.png","width":512,"height":512,"caption":"Vie Associative"},"image":{"@id":"https:\/\/vieassociative.be\/actualites\/#\/schema\/logo\/image\/"}},{"@type":"Person","@id":"https:\/\/vieassociative.be\/actualites\/#\/schema\/person\/b87ac4f82f9d4e7b7cec7395b679edc4","name":"Julien","image":{"@type":"ImageObject","inLanguage":"fr-BE","@id":"https:\/\/vieassociative.be\/actualites\/#\/schema\/person\/image\/","url":"https:\/\/vieassociative.be\/actualites\/wp-content\/uploads\/2024\/09\/vie-associative-1-150x150.jpg","contentUrl":"https:\/\/vieassociative.be\/actualites\/wp-content\/uploads\/2024\/09\/vie-associative-1-150x150.jpg","caption":"Julien"},"description":"Je suis Julien, r\u00e9dacteur pour Vie Associative. Passionn\u00e9 par le monde associatif depuis plus de 10 ans, j'ai \u00e0 c\u0153ur de partager des histoires inspirantes et de mettre en lumi\u00e8re les initiatives locales. Mon objectif est de sensibiliser et d'encourager l'engagement communautaire \u00e0 travers mes articles.","sameAs":["https:\/\/vieassociative.be\/"]}]}},"_links":{"self":[{"href":"https:\/\/vieassociative.be\/actualites\/wp-json\/wp\/v2\/posts\/8204"}],"collection":[{"href":"https:\/\/vieassociative.be\/actualites\/wp-json\/wp\/v2\/posts"}],"about":[{"href":"https:\/\/vieassociative.be\/actualites\/wp-json\/wp\/v2\/types\/post"}],"author":[{"embeddable":true,"href":"https:\/\/vieassociative.be\/actualites\/wp-json\/wp\/v2\/users\/1"}],"replies":[{"embeddable":true,"href":"https:\/\/vieassociative.be\/actualites\/wp-json\/wp\/v2\/comments?post=8204"}],"version-history":[{"count":0,"href":"https:\/\/vieassociative.be\/actualites\/wp-json\/wp\/v2\/posts\/8204\/revisions"}],"wp:featuredmedia":[{"embeddable":true,"href":"https:\/\/vieassociative.be\/actualites\/wp-json\/wp\/v2\/media\/8205"}],"wp:attachment":[{"href":"https:\/\/vieassociative.be\/actualites\/wp-json\/wp\/v2\/media?parent=8204"}],"wp:term":[{"taxonomy":"category","embeddable":true,"href":"https:\/\/vieassociative.be\/actualites\/wp-json\/wp\/v2\/categories?post=8204"},{"taxonomy":"post_tag","embeddable":true,"href":"https:\/\/vieassociative.be\/actualites\/wp-json\/wp\/v2\/tags?post=8204"}],"curies":[{"name":"wp","href":"https:\/\/api.w.org\/{rel}","templated":true}]}}